{"id":17646,"date":"2024-07-16T11:03:49","date_gmt":"2024-07-16T17:03:49","guid":{"rendered":"https:\/\/www.sensorialsunsets.com\/demande-de-lespagne-a-la-cij-sur-gaza-israel\/"},"modified":"2024-07-16T11:10:12","modified_gmt":"2024-07-16T17:10:12","slug":"demande-de-lespagne-a-la-cij-sur-gaza-israel","status":"publish","type":"post","link":"https:\/\/www.sensorialsunsets.com\/fr\/demande-de-lespagne-a-la-cij-sur-gaza-israel\/","title":{"rendered":"Demande de l&rsquo;Espagne \u00e0 la CIJ sur Gaza\/Isra\u00ebl"},"content":{"rendered":"\n<p><em>Titre original : \u00ab Gaza \/ Isra\u00ebl : quelques notes sur la demande d&rsquo;intervention pr\u00e9sent\u00e9e par l&rsquo;Espagne devant la Cour internationale de justice (CIJ) \u00bb. Texte r\u00e9dig\u00e9 par le professeur Nicol\u00e1s Boeglin, Facult\u00e9 de droit, Universit\u00e9 du Costa Rica.<\/em><\/p>\n\n<hr class=\"wp-block-separator has-text-color has-alpha-channel-opacity has-background is-style-dots\" style=\"background-color:#004f5e;color:#004f5e\"\/>\n\n<div style=\"height:100px\" aria-hidden=\"true\" class=\"wp-block-spacer\"><\/div>\n\n<p>Le 28 juin 2024, l&rsquo;Espagne a d\u00e9pos\u00e9 une demande formelle d&rsquo;intervention aupr\u00e8s de la Cour internationale de justice (CIJ). Il s&rsquo;agit d&rsquo;une demande d&rsquo;intervention en tant qu&rsquo;\u00c9tat tiers dans le diff\u00e9rend entre l&rsquo;Afrique du Sud et Isra\u00ebl : le texte du communiqu\u00e9 officiel de la CIJ est disponible en <strong><a href=\"https:\/\/www.icj-cij.org\/sites\/default\/files\/case-related\/192\/192-20240628-pre-01-00-fr.pdf\">fran\u00e7ais<\/a><\/strong> et <strong><a href=\"https:\/\/www.icj-cij.org\/sites\/default\/files\/case-related\/192\/192-20240628-pre-01-00-en.pdf\">anglais<\/a><\/strong>.<\/p>\n\n<p>La demande formelle d&rsquo;intervention de l&rsquo;Espagne, fond\u00e9e sur l&rsquo;article 63 du statut de la CIJ, est d\u00e9sormais disponible \u00e0 l&rsquo;adresse suivante <strong><a href=\"https:\/\/www.icj-cij.org\/sites\/default\/files\/case-related\/192\/192-20240628-int-01-00-en.pdf\">link<\/a><\/strong>.<\/p>\n\n<figure class=\"wp-block-image size-full\"><img loading=\"lazy\" decoding=\"async\" width=\"840\" height=\"450\" src=\"https:\/\/www.sensorialsunsets.com\/wp-content\/uploads\/2024\/07\/Espana-Gaza-Israel-Sensorial-Sunsets-2.png\" alt=\"Analyse par Nicol&#xE1;s Boeglin de la demande d'intervention de l'Espagne devant la CIJ dans le conflit Gaza\/Isra&#xEB;l.\" class=\"wp-image-17623\" srcset=\"https:\/\/www.sensorialsunsets.com\/wp-content\/uploads\/2024\/07\/Espana-Gaza-Israel-Sensorial-Sunsets-2.png 840w, https:\/\/www.sensorialsunsets.com\/wp-content\/uploads\/2024\/07\/Espana-Gaza-Israel-Sensorial-Sunsets-2-300x161.png 300w, https:\/\/www.sensorialsunsets.com\/wp-content\/uploads\/2024\/07\/Espana-Gaza-Israel-Sensorial-Sunsets-2-768x411.png 768w\" sizes=\"auto, (max-width: 840px) 100vw, 840px\" \/><figcaption class=\"wp-element-caption\"><em>Photo extraite de <strong><a href=\"https:\/\/www.972mag.com\/israeli-soldiers-gaza-firing-regulations\/\">article de presse<\/a><\/strong> publi\u00e9 en Isra\u00ebl le 8 juillet 2024, et intitul\u00e9 \u00a0\u00bb <strong>\u00ab I\u2019m bored, so I shoot \u00bb : the Israeli army\u2019s approval of free-for-all violence<\/strong> \u00bb, Magazine+972 (Isra\u00ebl), lecture conseill\u00e9e. En France, ce texte a \u00e9t\u00e9 traduit en fran\u00e7ais par l&rsquo;ONG AURDIP sous le titre \u00ab Je m&rsquo;ennuie, alors je tire \u00bb : l&rsquo;arm\u00e9e isra\u00e9lienne approuve la violence gratuite \u00e0 Gaza<\/em> \u00bb,<em>et a \u00e9t\u00e9 publi\u00e9 le 14 juillet dans ce <strong><a href=\"https:\/\/aurdip.org\/je-mennuie-alors-je-tire-larmee-israelienne-approuve-la-violence-gratuite-a-gaza\/\">lien<\/a><\/strong>.<\/em>.<\/figcaption><\/figure>\n\n<div style=\"height:100px\" aria-hidden=\"true\" class=\"wp-block-spacer\"><\/div>\n\n<p>Dans les jours du 7 au 10 juillet, plusieurs Etats ont \u00e0 nouveau condamn\u00e9 les bombardements r\u00e9p\u00e9t\u00e9s d&rsquo;Isra\u00ebl sur les \u00e9coles et les camps de r\u00e9fugi\u00e9s \u00e0 Gaza depuis le 6 juillet (voir <strong><a href=\"https:\/\/www.france24.com\/es\/video\/20240710-informe-desde-jerusal%C3%A9n-unrwa-condena-cuatro-ataques-israel%C3%ADes-a-escuelas-en-cuatro-d%C3%ADas-en-gaza\">note<\/a><\/strong> de France24 en anglais). Si certains ont express\u00e9ment fait r\u00e9f\u00e9rence \u00e0 Isra\u00ebl dans le texte de leur communiqu\u00e9 (voir par exemple le <strong><a href=\"https:\/\/www.mfa.gov.tr\/no_-131_-israil-in--han-yunus-kentindeki-bir-okula-yaptigi-saldiri-hk.en.mfa\">communiqu\u00e9<\/a><\/strong> de la Turquie ou celui de <strong><a href=\"https:\/\/x.com\/Kemlu_RI\/status\/1810122874386284940 ? ref_src=twsrc%5Egoogle%7Ctwcamp%5Eserp%7Ctwgr%5Etweet%7Ctwtr%5Etrue\">Indon\u00e9sie<\/a><\/strong>), d&rsquo;autres comme le Costa Rica (voir <strong><a href=\"https:\/\/rree.go. cr\/?sec=services&amp;cat=press&amp;cont=593&amp;id=7872\">communiqu\u00e9 officiel<\/a><\/strong>), ont omis toute r\u00e9f\u00e9rence expresse \u00e0 Isra\u00ebl (<strong>Note 1<\/strong>).<\/p>\n\n<h6 class=\"wp-block-heading has-white-color has-text-color has-link-color wp-elements-f86415c8d6319b88c38f8742da170cfe\">Espagne Gaza Isra\u00ebl<\/h6>\n\n<p>En ce qui concerne le Costa Rica, une \u00ab <em>omission<\/em> \u00bb similaire pourrait \u00eatre observ\u00e9e en comparant, en mai 2024, le texte costaricien (voir <strong><a href=\"https:\/\/www.rree.go.cr\/?sec=servicios&amp;cat=prensa&amp;cont=593&amp;id=7776\">communiqu\u00e9 officiel<\/a><\/strong> du 27 mai &#8211;<strong>Note 2<\/strong>) avec ceux du Br\u00e9sil (voir <strong><a href=\"https:\/\/www. gov.br\/mre\/pt-br\/canais_atendimento\/imprensa\/notas-a-imprensa\/ataque-israelense-a-camp-de-refugiados-nas-proximidades-de-rafah\">communiqu\u00e9<\/a><\/strong>), du Chili (voir <strong><a href=\"https:\/\/www.minrel.gob. cl\/noticias-anteriores\/comunicado-de-prensa-pour-ataque-a-campamento-de-refugiados-en-rafah\">texte<\/a><\/strong>), la Colombie (voir <strong><a href=\"https:\/\/www.cancilleria.gov.co\/newsroom\/publiques\/comunicado-prensa-colombia-condena-ataques-aereos-israelies-campamento\">texte<\/a><\/strong>) ou le Mexique (voir <strong><a href=\"https:\/\/www.gob.mx\/sre\/prensa\/mexico-condena-el-ataque-de-israel-a-la-ciudad-de-rafah-y-hace-un-llamado-al-cese-al-fuego-inmediato\">texte<\/a><\/strong>) concernant le bombardement par Isra\u00ebl d&rsquo;un camp de r\u00e9fugi\u00e9s et de personnes d\u00e9plac\u00e9es \u00e0 Rafah dans la bande de Gaza.<\/p>\n\n<p>Toujours \u00e0 propos de la CIJ et de la Palestine (et &#8230; du Costa Rica), il convient de noter que le 19 juillet, la CIJ publiera son avis consultatif sur l&rsquo;occupation ill\u00e9gale du territoire palestinien par Isra\u00ebl (voir <strong><a href=\"https:\/\/www.icj-cij.org\/sites\/default\/files\/case-related\/186\/186-20240712-pre-01-00-en. pdf\">communiqu\u00e9 officiel<\/a><\/strong> de la CIJ le 12 juillet) : nos estim\u00e9s lecteurs se souviendront peut-\u00eatre d&rsquo;un de nos articles publi\u00e9 en f\u00e9vrier 2023, dans lequel nous soulignions \u00e0 quel point le vote du Costa Rica enregistr\u00e9 en d\u00e9cembre 2022 \u00e0 l&rsquo;Assembl\u00e9e g\u00e9n\u00e9rale des Nations Unies \u00e9tait inhabituel, intitul\u00e9 \u00ab <em>L&rsquo;Am\u00e9rique latine devant la demande d&rsquo;avis consultatif \u00e0 la justice internationale sur la situation en Palestine, br\u00e8ves notes sur le vote inhabituel du Costa Rica contre<\/em> \u00bb (voir <strong><a href=\"https:\/\/www. larevista.cr\/nicolas-boeglin-solicitud-de-opinion-consultiva-a-justicia-internacional-sobre-la-situacion-en-palestina-breves-apuntes-sobrees-apuntes-sobre sobre-los-votos-en-america-latina\/\">texte<\/a><\/strong>, m\u00e9dia num\u00e9rique <em>LaRevistacr<\/em>, \u00e9dition du 4 f\u00e9vrier 2023).<\/p>\n\n<h3 class=\"wp-block-heading\">La demande de l&rsquo;Espagne en quelques mots<\/h3>\n\n<p>En las 15 p\u00e1ginas del texto de su solicitud del pasado 28 de junio, Espa\u00f1a refiere a la interpretaci\u00f3n de varias disposiciones de la Convenci\u00f3n contra el Genocidio de 1948 que, como Estado Parte de la misma, pretende que sea tomada en cuenta por los jueces de la CIJ a la hora de considerar el fondo de la demanda interpuesta por Sud\u00e1frica contra Israel.\u00a0<\/p>\n\n<p>A la page 6, on peut lire que, pour l&rsquo;Espagne, l&rsquo;intentionnalit\u00e9 du g\u00e9nocide, sur laquelle certains Etats (proches d&rsquo;Isra\u00ebl) veulent que la CIJ concentre son analyse, devrait \u00eatre compl\u00e9t\u00e9e par d&rsquo;autres crit\u00e8res :<\/p>\n\n<blockquote class=\"wp-block-quote is-layout-flow wp-block-quote-is-layout-flow\">\n<p><em><strong>24<\/strong>. In Spain&rsquo;s opinion, precisely because direct evidence of genocidal intent is rare, it is crucial to interpret the do\/us specialis requirement with a balanced approach that recognizes the singular gravity ofthe crime of genocide, without rendering the threshold for inferring genocidal intent so difficult to meet so as to make findings of genocide nearimpossible.\u00a0<\/em><\/p>\n<\/blockquote>\n\n<blockquote class=\"wp-block-quote is-layout-flow wp-block-quote-is-layout-flow\">\n<p><em><strong>25<\/strong>. In this regard, Spain considers that the standard adopted by the Court in Croatia v. Serbia provides the basis for such a balanced approach. The Court highlights the central importance of reasonableness by observing that \u00ab\u00a0[t]he notion of &lsquo;reasonableness&rsquo; must necessarily be regarded as implicit in the reasoning of the Court,\u00a0\u00bb not least to avoid an approach that would make it \u00ab\u00a0impossible to reach conclusions by way of inference.\u00a0\u00bb Thus, when determining whether specific intent can be inferred from conduct or not, one must weigh the evidence, and filter out inferences that are not reasonable. Put differently, the \u00ab\u00a0only reasonable inference\u00a0\u00bb test applies only between alternative explanations that have been found to be reasonably supported by the evidence<\/em>.<\/p>\n<\/blockquote>\n\n<p>En tant qu&rsquo;Etat partie \u00e0 la Convention sur le g\u00e9nocide de 1948, l&rsquo;Espagne souhaite faire prendre conscience aux juges de la CIJ qu&rsquo;ils doivent \u00e9galement se laisser guider par les interpr\u00e9tations qui r\u00e9pondent le mieux \u00e0 l&rsquo;esprit de la Convention. Elle cherche donc \u00e0 intervenir sur la base de l&rsquo;article 63 du statut de la CIJ, qui se lit comme suit :<\/p>\n\n<blockquote class=\"wp-block-quote is-layout-flow wp-block-quote-is-layout-flow\">\n<p><em><strong>Art\u00edculo 63<\/strong>:\u00a0\u00a01. Cuando se trate de la interpretaci\u00f3n de una convenci\u00f3n en la cual sean partes otros Estados adem\u00e1s de las partes en litigio, el secretario notificar\u00e1 inmediatamente a todos los Estados interesados.<\/em><\/p>\n<\/blockquote>\n\n<blockquote class=\"wp-block-quote is-layout-flow wp-block-quote-is-layout-flow\">\n<p><em>2. Todo Estado as\u00ed notificado tendr\u00e1 derecho a intervenir en el proceso; pero si ejerce ese derecho, la interpretaci\u00f3n contenida en el fallo ser\u00e1 igualmente obligatoria para \u00e9l<\/em>.<\/p>\n<\/blockquote>\n\n<p>Dans un autre paragraphe de sa requ\u00eate au juge international de La Haye, il est indiqu\u00e9 que, pour l&rsquo;Espagne, les rapports de l&rsquo;ONU devraient \u00eatre pris en compte par le juge international (malgr\u00e9 les disqualifications furieuses qu&rsquo;Isra\u00ebl exprime \u00e0 chaque nouveau rapport produit par l&rsquo;ONU sur la situation \u00e0 Gaza) :<\/p>\n\n<blockquote class=\"wp-block-quote is-layout-flow wp-block-quote-is-layout-flow\">\n<p><em><strong>30.\u00a0<\/strong>Spain considers that, when assessing whether the acts described in Article II of the Convention have been committed, the International Court of Justice, as the primary judicial body of the United Nations, should take into account the data, facts and reports produced by the United Nations, its agencies and bodies, and by other reliable sources with authoritative knowledge of the situation in Gaza. In Spain&rsquo;s view, examining the results of independent investigations under the auspices of the United Nations before qualifying a situation as genocide is a good practice that should be applied to the present case<\/em>.<\/p>\n<\/blockquote>\n\n<p>Nous recommandons \u00e0 nos chers lecteurs d&rsquo;examiner la demande d&rsquo;intervention de l&rsquo;Espagne dans son int\u00e9gralit\u00e9, car le texte contient de nombreux autres points sur lesquels l&rsquo;Espagne a l&rsquo;intention d&rsquo;amener les juges de la CIJ \u00e0 r\u00e9fl\u00e9chir lors de l&rsquo;analyse des actions militaires d&rsquo;Isra\u00ebl \u00e0 Gaza depuis l&rsquo;apr\u00e8s-midi\/la soir\u00e9e du 7 octobre 2023. <\/p>\n\n<p>Il convient de rappeler que la \u00ab <em>Convention pour la pr\u00e9vention et la r\u00e9pression du crime de g\u00e9nocide<\/em> \u00bb (voir <strong><a href=\"https:\/\/www.ohchr.org\/es\/instruments-mechanisms\/instruments\/convention-prevention-and-punishment-crime-genocide\">texte<\/a> <\/strong>int\u00e9gral) date de 1948 et que certaines de ses dispositions m\u00e9ritent une interpr\u00e9tation \u00e9volutive.<\/p>\n\n<h3 class=\"wp-block-heading\">Une action pr\u00e9c\u00e9d\u00e9e par d&rsquo;autres efforts similaires<\/h3>\n\n<p>La demande d&rsquo;intervention de l&rsquo;Espagne s&rsquo;ajoute \u00e0 d&rsquo;autres demandes de ce type que nous avons eu l&rsquo;occasion d&rsquo;analyser pr\u00e9c\u00e9demment, \u00e0 savoir les demandes pr\u00e9sent\u00e9es par les \u00c9tats suivants :  <\/p>\n\n<ul class=\"wp-block-list\">\n<li><strong>Palestine<\/strong>, qui l&rsquo;a formellement soumise le 3 juin, sur la base \u00e0 la fois de l&rsquo;article 63 et de l&rsquo;article 62 : voir notre <strong><a href=\"https:\/\/derechointernacionalcr.blogspot.com\/2024\/06\/gaza-israel-palestina-declara-reconocer.html\">note<\/a><\/strong> intitul\u00e9e \u00ab <em>Gaza \/ Isra\u00ebl : la Palestine d\u00e9clare reconna\u00eetre la juridiction de la CIJ et demande \u00e0 intervenir<\/em> \u00bb.<\/li>\n\n\n\n<li><strong>Mexique<\/strong> (article 63), qui l&rsquo;a pr\u00e9sent\u00e9e le 24 mai 2024 (voir <strong><a href=\"https:\/\/www.icj-cij.org\/sites\/default\/files\/case-related\/192\/192-20240524-int-01-00-en.pdf\">texte<\/a><\/strong>) : nous renvoyons nos chers lecteurs \u00e0 la <strong><a href=\"https:\/\/derechointernacionalcr. blogspot.com\/2024\/05\/gaza-israel-mexico-solicita-intervenir.html\">note<\/a><\/strong> que nous avions r\u00e9dig\u00e9e \u00e0 l&rsquo;\u00e9poque sur cette demande du Mexique, intitul\u00e9e : \u00ab <em>Gaza \/ Isra\u00ebl : concernant la demande du Mexique d&rsquo;intervenir dans le proc\u00e8s intent\u00e9 par l&rsquo;Afrique du Sud contre Isra\u00ebl devant la Cour internationale de justice (CIJ)<\/em> \u00bb.<\/li>\n\n\n\n<li><strong>Libye<\/strong> (voir <strong><a href=\"https:\/\/www.icj-cij.org\/sites\/default\/files\/case-related\/192\/192-20240510-int-01-00-en.pdf\">candidature<\/a><\/strong> d\u00e9pos\u00e9e le 10 mai 2024).<\/li>\n\n\n\n<li><strong>Colombie<\/strong> (voir <strong><a href=\"https:\/\/www.icj-cij.org\/sites\/default\/files\/case-related\/192\/192-20240405-int-01-00-en.pdf\">candidature<\/a><\/strong> du 5 avril 2024) et ; <\/li>\n\n\n\n<li><strong>Le Nicaragua<\/strong>, qui a opt\u00e9 pour une voie beaucoup plus difficile, en fondant sa demande d&rsquo;intervention sur le seul article 62 (voir la requ\u00eate de janvier 2024 en <strong><a href=\"https:\/\/www.icj-cij.org\/sites\/default\/files\/case-related\/192\/192-20240123-int-01-00-fr.pdf\">fran\u00e7ais<\/a><\/strong> et en <strong><a href=\"https:\/\/www.icj-cij.org\/sites\/default\/files\/case-related\/192\/192-20240123-int-01-00-en. pdf\">anglais<\/a><\/strong>) : \u00e0 cet \u00e9gard, nous renvoyons nos estim\u00e9s lecteurs \u00e0 notre <strong><a href=\"https:\/\/derechointernacionalcr.blogspot.com\/2024\/02\/gaza-israel-nicaragua-solicita.html\">note<\/a><\/strong> intitul\u00e9e \u00ab <em>Gaza \/ Isra\u00ebl : sur la r\u00e9cente demande d&rsquo;intervention du Nicaragua devant la Cour internationale de justice (CIJ) dans le proc\u00e8s de l&rsquo;Afrique du Sud contre Isra\u00ebl<\/em> \u00bb.<\/li>\n<\/ul>\n\n<h3 class=\"wp-block-heading\">La sp\u00e9cificit\u00e9 de la gestion de l&rsquo;Espagne<\/h3>\n\n<p>Il est \u00e0 noter que si l&rsquo;Am\u00e9rique latine a t\u00e9moign\u00e9 pr\u00e9cocement avec le Nicaragua depuis janvier 2024 de son soutien \u00e0 l&rsquo;Afrique du Sud devant le juge international de La Haye, il n&rsquo;en est pas de m\u00eame pour les autres r\u00e9gions du monde. <\/p>\n\n<p>En ce qui concerne l&rsquo;Europe, l&rsquo;Espagne est devenue le premier \u00c9tat europ\u00e9en \u00e0 rejoindre l&rsquo;Afrique du Sud dans sa bataille juridique contre Isra\u00ebl, qui a d\u00e9but\u00e9 le 30 d\u00e9cembre 2023, en recourant \u00e0 un instrument tel que la Convention sur le g\u00e9nocide de 1948 : il s&rsquo;agit d&rsquo;un instrument multilat\u00e9ral auquel 153 \u00c9tats sont parties (voir <strong><a href=\"https:\/\/treaties.un.org\/pages\/ViewDetails.aspx?src=TREATY&amp;mtdsg_no=IV-1&amp;chapter=4\">statut officiel<\/a><\/strong> des signatures et des ratifications). <\/p>\n\n<p>Il est extr\u00eamement surprenant que l&rsquo;Espagne et seulement 4 autres \u00c9tats &#8211; en plus de la Palestine &#8211; jugent opportun de demander \u00e0 intervenir dans cette proc\u00e9dure, compte tenu des images du drame indicible qui se d\u00e9roule \u00e0 Gaza depuis la soir\u00e9e\/nuit du 7 octobre 2023.<\/p>\n\n<h6 class=\"wp-block-heading has-white-color has-text-color has-link-color wp-elements-f86415c8d6319b88c38f8742da170cfe\">Espagne Gaza Isra\u00ebl<\/h6>\n\n<p>Il convient de rappeler que devant une autre juridiction internationale, la Cour p\u00e9nale internationale (CPI), ce sont les \u00c9tats latino-am\u00e9ricains qui ont fait des d\u00e9marches urgentes aupr\u00e8s du bureau du procureur de la CPI, afin qu&rsquo;il agisse beaucoup plus rapidement :<\/p>\n\n<ul class=\"wp-block-list\">\n<li>le 17 novembre 2023, face aux actions disproportionn\u00e9es et indiscrimin\u00e9es contre la population civile de Gaza par les forces militaires isra\u00e9liennes, <strong>la Bolivie<\/strong> s&rsquo;est mise d&rsquo;accord avec l&rsquo;Afrique du Sud avec trois autres \u00c9tats, en envoyant un renvoi urgent (\u00ab\u00a0<em>referral<\/em>\u00ab\u00a0) \u00e0 la CPI (voir<strong><a href=\"https:\/\/www.icc-cpi.int\/sites\/default\/files\/2023-11\/ICC-Referral-Palestine-Final-17-November-2023.pdf\"> texte<\/a> <\/strong>qui comprend la liste des signataires dans laquelle aucun \u00c9tat de l&rsquo;Europe n&rsquo;appara\u00eet) ;<\/li>\n\n\n\n<li>Le 18 janvier 2024, le <strong>Chile<\/strong> et le <strong>Mexique<\/strong> ont soumis conjointement un document tr\u00e8s similaire \u00e0 la CPI (voir <strong><a href=\"https:\/\/www.icc-cpi.int\/sites\/default\/files\/2024-01\/2024-01-18-Referral_Chile__Mexico.pdf\">texte<\/a><\/strong>).<\/li>\n<\/ul>\n\n<figure class=\"wp-block-image size-full\"><img loading=\"lazy\" decoding=\"async\" width=\"840\" height=\"450\" src=\"https:\/\/www.sensorialsunsets.com\/wp-content\/uploads\/2024\/07\/Espana-Gaza-Israel-Sensorial-Sunsets-2-1.png\" alt=\"Analyse par Nicol&#xE1;s Boeglin de la demande d'intervention de l'Espagne devant la CIJ dans le conflit Gaza\/Isra&#xEB;l.\" class=\"wp-image-17627\" srcset=\"https:\/\/www.sensorialsunsets.com\/wp-content\/uploads\/2024\/07\/Espana-Gaza-Israel-Sensorial-Sunsets-2-1.png 840w, https:\/\/www.sensorialsunsets.com\/wp-content\/uploads\/2024\/07\/Espana-Gaza-Israel-Sensorial-Sunsets-2-1-300x161.png 300w, https:\/\/www.sensorialsunsets.com\/wp-content\/uploads\/2024\/07\/Espana-Gaza-Israel-Sensorial-Sunsets-2-1-768x411.png 768w\" sizes=\"auto, (max-width: 840px) 100vw, 840px\" \/><figcaption class=\"wp-element-caption\"><em>Image extraite de l&rsquo;article (Isra\u00ebl) intitul\u00e9 \u00ab <strong> \u00ab Lavender \u00bb : The AI machine directing Israel&rsquo;s bombing spree in Gaza<\/strong> \u00bb, Magazine+972 (Isra\u00ebl), \u00e9dition du 3 avril 2024, disponible <a href=\"https:\/\/www.972mag.com\/lavender-ai-israeli-army-gaza\/\">ici<\/a>, lecture conseill\u00e9e.<\/em><\/figcaption><\/figure>\n\n<div style=\"height:100px\" aria-hidden=\"true\" class=\"wp-block-spacer\"><\/div>\n\n<h6 class=\"wp-block-heading has-white-color has-text-color has-link-color wp-elements-f86415c8d6319b88c38f8742da170cfe\">Espagne Gaza Isra\u00ebl<\/h6>\n\n<p>Il est int\u00e9ressant de noter que le r\u00e9sultat des \u00e9lections britanniques du 4 juillet pourrait conduire les nouvelles autorit\u00e9s britanniques \u00e0 abandonner une d\u00e9marche des pr\u00e9c\u00e9dentes autorit\u00e9s britanniques visant \u00e0 retarder la d\u00e9cision de la CPI sur la demande d&rsquo;arrestation de trois dirigeants du Hamas et de deux dirigeants isra\u00e9liens formul\u00e9e par le procureur de la CPI le 20 mai (voir <strong><a href=\"https:\/\/www.theguardian.com\/law\/article\/2024\/jul\/08\/labour-expected-to-drop-challenge-to-icc-over-netanyahu-arrest-warrant\">note<\/a><\/strong> dans <em>The Guardian<\/em> du 8 juillet 2024). Nous nous y r\u00e9f\u00e9rons :<\/p>\n\n<ul class=\"wp-block-list\">\n<li>au <strong><a href=\"https:\/\/www.icc-cpi.int\/news\/statement-icc-prosecutor-karim-aa-khan-kc-applications-arrest-warrants-situation-state\">texte<\/a><\/strong> de la d\u00e9claration du Procureur de la CPI du 20 mai ; <\/li>\n\n\n\n<li>au <strong><a href=\"https:\/\/www.icc-cpi.int\/sites\/default\/files\/RelatedRecords\/0902ebd180892e1f.pdf\">texte<\/a><\/strong> de la demande du Royaume-Uni \u00e0 la CPI du 10 juin et au <strong><a href=\"https:\/\/www.hrw.org\/news\/2024\/07\/03\/letter-uk-foreign-secretary-uk-response-applications-arrest-warrants-and-threats\">texte<\/a><\/strong> de la lettre publique de l&rsquo;ONG <em>Human Rights Watch<\/em> \u00e9galement du 10 juin 2024 demandant instamment aux autorit\u00e9s britanniques d&rsquo;expliquer la raison de cette action, et ; <\/li>\n\n\n\n<li>au <strong><a href=\"https:\/\/www.icc-cpi.int\/sites\/default\/files\/CourtRecords\/0902ebd1808bb469.pdf\">texte<\/a><\/strong> de la d\u00e9cision d&rsquo;une chambre de la CPI r\u00e9pondant au Royaume-Uni, en date du 27 juin 2024.<\/li>\n<\/ul>\n\n<h3 class=\"wp-block-heading\">Reconnaissance de la Palestine en tant qu&rsquo;\u00c9tat<\/h3>\n\n<p>Dans le cas de l&rsquo;Espagne, il convient de noter qu&rsquo;elle a r\u00e9cemment rejoint un groupe d&rsquo;\u00c9tats europ\u00e9ens qui ont d\u00e9cid\u00e9 de reconna\u00eetre unilat\u00e9ralement la Palestine en tant qu&rsquo;\u00c9tat (voir <strong><a href=\"https:\/\/www.lamoncloa.gob.es\/consejodeministros\/resumenes\/Paginas\/2024\/280524-rueda-de-prensa-ministros.aspx\">communiqu\u00e9 officiel<\/a><\/strong> du 28 mai 2024).<\/p>\n\n<p>Ce geste diplomatique a \u00e9t\u00e9 rejoint par l&rsquo;Irlande (voir <strong><a href=\"https:\/\/www.gov.ie\/en\/press-release\/71936-ireland-recognises-the-state-of-palestine\/#:~:text=At%20a%20meeting%20of%20government,relations%20between%20Dublin%20and%20Ramallah.\">communiqu\u00e9 officiel<\/a><\/strong> de la m\u00eame date), la Norv\u00e8ge (voir <strong><a href=\"https:\/\/www.regjeringen. no\/en\/aktuelt\/norway-recognises-palestine-today\/id3040890\/\">communiqu\u00e9 officiel<\/a><\/strong>) et la <strong>Slov\u00e9nie<\/strong> (voir <strong><a href=\"https:\/\/x.com\/MZEZ_RS\/status\/1798081688343548163\/photo\/1\">communiqu\u00e9<\/a><\/strong> du 4 juin) : avec l&rsquo;Espagne, ces trois Etats europ\u00e9ens mettent de c\u00f4t\u00e9 la politique de l&rsquo;Union europ\u00e9enne (UE), qui persiste \u00e0 consid\u00e9rer qu&rsquo;il n&rsquo;est pas encore temps de reconna\u00eetre l&rsquo;Etat palestinien.<\/p>\n\n<p>Le 21 juin 2024, l&rsquo;<strong>Arm\u00e9nie<\/strong>, qui ne fait pas partie de l&rsquo;UE, a choisi de prendre une d\u00e9cision similaire pour reconna\u00eetre la Palestine comme un \u00c9tat (voir <strong><a href=\"https:\/\/www.mfa.am\/en\/interviews-articles-and-comments\/2024\/06\/21\/mfa_statement\/12706\">d\u00e9claration officielle<\/a><\/strong>).<\/p>\n\n<p>En ce qui concerne l&rsquo;Espagne, nous avons eu l&rsquo;occasion d&rsquo;analyser en novembre 2014 un vote massif du Congr\u00e8s espagnol demandant la reconnaissance de la Palestine : voir \u00e0 cet \u00e9gard notre <strong><a href=\"http:\/\/www.derechoaldia.com\/index.php\/248-todos\/internacional\/internacional-doctrina\/618-congreso-de-espana-insta-a-reconocimiento-de-palestina-como-estado\">note<\/a><\/strong> intitul\u00e9e \u00ab <em>Le Congr\u00e8s espagnol \u00ab exhorte \u00bb la reconnaissance de la Palestine comme \u00c9tat<\/em> \u00bb, publi\u00e9e sur le site <em>DerechoalDia<\/em>, dans son \u00e9dition du 21 novembre 2014. <\/p>\n\n<h6 class=\"wp-block-heading has-white-color has-text-color has-link-color wp-elements-f86415c8d6319b88c38f8742da170cfe\">Espagne Gaza Isra\u00ebl<\/h6>\n\n<p>Il est opportun de rappeler que, lorsque le Conseil de s\u00e9curit\u00e9 du 18 avril 2024 a observ\u00e9 un seul vote contre (veto) des \u00c9tats-Unis sur une r\u00e9solution demandant l&rsquo;admission de la Palestine en tant qu&rsquo;\u00c9tat, ce sont les \u00c9tats anglophones des Cara\u00efbes qui ont d\u00e9cid\u00e9 de d\u00e9fier ouvertement les \u00c9tats-Unis : <strong>la Barbade<\/strong> a annonc\u00e9 24 heures apr\u00e8s ce veto am\u00e9ricain injustifiable qu&rsquo;elle reconnaissait la Palestine en tant qu&rsquo;\u00c9tat (voir <strong><a href=\"https:\/\/thecaribbeannewsnow. com\/barbados-officially-recognises-palestine-as-a-state\/\">note<\/a><\/strong> de Caribbean News), la <strong>Jama\u00efque<\/strong> l&rsquo;a annonc\u00e9 le 22 avril (voir <strong><a href=\"https:\/\/twitter.com\/majedbamya\/status\/1782888236416692706\/photo\/1\">d\u00e9claration officielle<\/a><\/strong>), <strong>Trinit\u00e9 et Tobago<\/strong> le 2 mai (voir <strong><a href=\"https:\/\/foreign. gov.tt\/documents\/1454\/Recognition_by_Trinidad_and_Tobago_of_the_State_of_Palestine.pdf\">communiqu\u00e9 de presse officiel<\/a><\/strong>) et les <strong>Bahamas<\/strong> le 7 mai (voir <strong><a href=\"https:\/\/mofa.gov.bs\/the-commonwealth-of-the-bahamas-formally-recognizes-palestine-as-a-state\/\">communiqu\u00e9<\/a><\/strong>).<\/p>\n\n<p>Le d\u00e9fi lanc\u00e9 au leadership am\u00e9ricain par ces quatre \u00c9tats anglophones des Cara\u00efbes \u00e9tait un appel puissant qui pourrait bien avoir inspir\u00e9 d&rsquo;autres \u00c9tats qui persistaient \u00e0 ne pas reconna\u00eetre la Palestine en tant qu&rsquo;\u00c9tat, en particulier ceux du continent europ\u00e9en. <\/p>\n\n<p>Il est probable qu&rsquo;avec ces nouvelles reconnaissances, cette fois-ci de la part d&rsquo;\u00c9tats europ\u00e9ens, nous verrons plusieurs autres reconnaissances de la Palestine en tant qu&rsquo;\u00c9tat. <\/p>\n\n<p>\u00c0 noter que, dans l&rsquo;h\u00e9misph\u00e8re am\u00e9ricain, avec le Canada et les \u00c9tats-Unis, le seul \u00c9tat qui ne reconna\u00eet pas la Palestine comme \u00c9tat est le Panama : depuis ao\u00fbt 2014, ses autorit\u00e9s \u00ab <em>\u00e9valuent<\/em> \u00bb la possibilit\u00e9 de reconna\u00eetre la Palestine comme \u00c9tat (voir <strong><a href=\"https:\/\/www.laestrella.com.pa\/panama\/politica\/panama-considera-reconocer-palestino-BOLE255062\">note<\/a><\/strong> dans l&rsquo;\u00e9dition d&rsquo;ao\u00fbt 2014 de l&rsquo;\u00c9toile du Panama).<\/p>\n\n<h6 class=\"wp-block-heading has-white-color has-text-color has-link-color wp-elements-f86415c8d6319b88c38f8742da170cfe\">Espagne Gaza Isra\u00ebl<\/h6>\n\n<p>\u00c0 ce jour, la Palestine est reconnue par 145 \u00c9tats dans le monde. Entre la reconnaissance de la Barbade (19 avril 2024) et celle de l&rsquo;Arm\u00e9nie (21 juin 2024), neuf reconnaissances au total ont eu lieu. Pour avoir une id\u00e9e de la dynamique initi\u00e9e par la Barbade le 19 avril 2024, les neuf pr\u00e9c\u00e9dentes reconnaissances de la Palestine en tant qu&rsquo;\u00c9tat se situent entre septembre 2011 (Grenade) et juillet 2019 (Saint-Kitts-et-Nevis).<\/p>\n\n<p>En ce qui concerne le veto am\u00e9ricain enregistr\u00e9 au Conseil de s\u00e9curit\u00e9 le 18 avril, qui a en quelque sorte d\u00e9clench\u00e9 cette s\u00e9rie de reconnaissances r\u00e9centes, nous renvoyons nos estim\u00e9s lecteurs \u00e0 notre note sur la question, intitul\u00e9e \u00ab <em>Le veto am\u00e9ricain sur l&rsquo;admission de la Palestine en tant qu&rsquo;\u00c9tat membre des Nations unies : quelques r\u00e9flexions<\/em> \u00bb, disponible <strong><a href=\"https:\/\/derechointernacionalcr.blogspot.com\/2024\/04\/consejo-de-seguridad-estados-unidos.html\">here<\/a><\/strong>.<\/p>\n\n<h3 class=\"wp-block-heading\">L&rsquo;absurdit\u00e9 des actions isra\u00e9liennes face \u00e0 la justice internationale<\/h3>\n\n<p>Dans le dernier rapport de situation produit par les Nations unies (au 1er juillet 2024, voir <strong><a href=\"https:\/\/www.ochaopt.org\/content\/humanitarian-situation-update-185-gaza-strip\">link<\/a><\/strong>), il est indiqu\u00e9 que :<\/p>\n\n<blockquote class=\"wp-block-quote is-layout-flow wp-block-quote-is-layout-flow\">\n<p><em>Between the afternoons of 27 June and 1 July, according to the Ministry of Health (MoH) in Gaza, 135 Palestinians were killed and 631 were injured. Between 7 October 2023 and 1 July* 2024, at least 37,900 Palestinians were killed and 87,060 were injured in Gaza, according to MoH in Gaza.<\/em> \/\/ <em>Between the afternoons of 28 June and 1 July, three Israeli soldiers were killed in Gaza, according to the Israeli military. Between 7 October and 1 July, according to the Israeli military and official Israeli sources cited in the media, over 1,517 Israelis were killed, the majority on 7 October. These include 317 soldiers killed in Gaza or along the border in Israel since the beginning of the ground operation. In addition, 2,018 soldiers were reported injured since the beginning of the ground operation. As of 1 July, it is estimated that 120 Israelis and foreign nationals remain captive in Gaza, including fatalities whose bodies are withheld<\/em>.<\/p>\n<\/blockquote>\n\n<p>Il convient de noter que, dans un article r\u00e9cent dat\u00e9 du 27 juin, un \u00e9minent expert militaire fran\u00e7ais des bombardements a\u00e9riens avertit que les chiffres concernant les morts et les bless\u00e9s \u00e0 Gaza sont bien en de\u00e7\u00e0 de la r\u00e9alit\u00e9 sur le terrain : <\/p>\n\n<blockquote class=\"wp-block-quote is-layout-flow wp-block-quote-is-layout-flow\">\n<p><em>Avec le trend actuel de 300 bombardements par jour, soit 9,000 morts par mois (le calcul de projection se base sur le\u00a0bomb damage assesment\u00a0expliqu\u00e9 dans l\u2019article ci-dessous), le bilan de l\u2019offensive Netanyahou se situe d\u00e9sormais entre 70 et 80 mille morts que l\u2019\u00e9tat-civil de Gaza est incapable de suivre puisqu\u2019il ne peut compter que les morts qu\u2019il a enregistr\u00e9s alors qu\u2019il est totalement d\u00e9structur\u00e9<\/em>.<\/p>\n<cite>v\u00e9ase&nbsp;<strong><a href=\"https:\/\/nepassubir.fr\/2024\/06\/22\/gaza-pourquoi-netanyahou-fait-tout-pour-empecher-un-cessez-le-feu\/\">art\u00edculo<\/a><\/strong>&nbsp;titulado \u00ab\u00a0<em>Gaza&nbsp;: pourquoi Netanyahou fait tout pour emp\u00eacher un cessez-le-feu&nbsp;?<\/em>\u00ab\u00a0<\/cite><\/blockquote>\n\n<h6 class=\"wp-block-heading has-white-color has-text-color has-link-color wp-elements-f86415c8d6319b88c38f8742da170cfe\">Espagne Gaza Isra\u00ebl<\/h6>\n\n<p>Toujours en ce qui concerne le nombre de morts \u00e0 Gaza, on peut lire dans ce r\u00e9cent <strong><a href=\"https:\/\/www.thelancet.com\/journals\/lancet\/article\/PIIS0140-6736(24)01169-3\/fulltext\">article<\/a><\/strong> publi\u00e9 le 5 juillet 2024 dans la revue scientifique <em>The Lancet<\/em> intitul\u00e9 \u00ab <em>Counting the dead in Gaza : difficult but essential<\/em> \u00bb, que c&rsquo;est un chiffre proche de 186 000 personnes d\u00e9c\u00e9d\u00e9es qu&rsquo;il faut estimer \u00e0 Gaza :<\/p>\n\n<blockquote class=\"wp-block-quote is-layout-flow wp-block-quote-is-layout-flow\">\n<p>In recent conflicts, such indirect deaths range from three to 15 times the number of direct deaths. Applying a conservative estimate of four indirect deaths per one direct death<a href=\"https:\/\/www.thelancet.com\/journals\/lancet\/article\/PIIS0140-6736(24)01169-3\/fulltext#bib9\">9<\/a>\u00a0<em>to the 37\u2009396 deaths reported, it is not implausible to estimate that up to 186\u2009000 or even more deaths could be attributable to the current conflict in Gaza. Using the 2022 Gaza Strip population estimate of 2\u2009375\u2009259, this would translate to 7\u00b79% of the total population in the Gaza Strip<\/em>.<\/p>\n<\/blockquote>\n\n<p>Ces estimations du drame indicible de Gaza sont \u00e9tay\u00e9es, de l&rsquo;int\u00e9rieur m\u00eame d&rsquo;Isra\u00ebl, par diverses d\u00e9clarations de hauts responsables confirmant la commission de crimes de guerre ainsi que d&rsquo;actes de torture \u00e0 l&rsquo;encontre de prisonniers palestiniens (voir, parmi beaucoup d&rsquo;autres, ce <strong><a href=\"https:\/\/x.com\/YehudaShaul\/status\/1808689586396340266\/photo\/1\">document interne<\/a><\/strong> du 26 juin d&rsquo;un haut commandant militaire au Premier ministre circulant sur les r\u00e9seaux sociaux ainsi que cet <strong><a href=\"https:\/\/www.972 mag.com\/sde-teiman-prisoners-lawyer-mahajneh\/\">article<\/a><\/strong> publi\u00e9 en Isra\u00ebl par le m\u00e9dia num\u00e9rique <em>Magazine+972<\/em> sur des t\u00e9moignages de d\u00e9tenus palestiniens de la base militaire situ\u00e9e dans le d\u00e9sert du N\u00e9guev, Sde Teiman, sorti le 27 juin et intitul\u00e9 <em> \u00ab More horrific than Abu Ghraib \u00bb : Lawyer recounts visit to Israeli detention center. At Sde Teiman, Khaled Mahajneh found a detained journalist unrecognizable as he described the facility\u2019s violent and inhumane conditions \u00bb).<\/em><\/p>\n\n<h6 class=\"wp-block-heading has-white-color has-text-color has-link-color wp-elements-f86415c8d6319b88c38f8742da170cfe\">Espagne Gaza Isra\u00ebl<\/h6>\n\n<p>R\u00e9cemment (3 juillet), des experts de l&rsquo;ONU ont d\u00e9nonc\u00e9 la d\u00e9tention dans les prisons isra\u00e9liennes de Palestiniens de Cisjordanie sans inculpation depuis des d\u00e9cennies (voir <strong><a href=\"https:\/\/www.ohchr.org\/en\/press-releases\/2024\/07\/israel-un-experts-condemn-decades-unfair-trials-palestinians-occupied-west\">communiqu\u00e9 officiel de l&rsquo;ONU<\/a><\/strong>), tandis que la France (voir <strong><a href=\"https:\/\/www.diplomatie.gouv. fr\/fr\/dossiers-pays\/israel-territoires-palestiniens\/actualites-et-evenements\/2024\/article\/israel-territoires-palestiniens-annonces-israeliennes-en-matiere-de\">communiqu\u00e9<\/a><\/strong>) et la Norv\u00e8ge condamnaient avec v\u00e9h\u00e9mence les nouvelles colonies isra\u00e9liennes en Cisjordanie (voir <strong><a href=\"https:\/\/www.regjeringen. no\/no\/aktuelt\/statement-by-minister-of-foreign-affairs-espen-barth-eide-on-israeli-settlements\/id3048081\/\">official communiqu\u00e9<\/a><\/strong> of 4 July Norway) ainsi que le Mexique (voir <strong><a href=\"https:\/\/x.com\/SRE_mx\/status\/1808893795712237742\">communiqu\u00e9<\/a><\/strong>), parmi de nombreuses autres r\u00e9actions officielles.<\/p>\n\n<p>Le rapport sur la situation dramatique de nombreuses familles palestiniennes en Cisjordanie \u00e9tabli par les Nations Unies au 3 juillet (voir <strong><a href=\"https:\/\/www.ochaopt.org\/content\/humanitarian-situation-update-186-west-bank\">rapport<\/a><\/strong>) d\u00e9taille la mani\u00e8re dont les forces de s\u00e9curit\u00e9 isra\u00e9liennes ont consid\u00e9rablement accru la r\u00e9pression contre la population civile palestinienne pour soutenir les exactions des colons isra\u00e9liens en Cisjordanie. Ce rapport (dont le texte int\u00e9gral est recommand\u00e9) se lit comme suit :<\/p>\n\n<blockquote class=\"wp-block-quote is-layout-flow wp-block-quote-is-layout-flow\">\n<p><em>Between 7 October and 1 July, 539 Palestinians, including 131 children, have been killed in the West Bank, including East Jerusalem; these include 522 killed by Israeli forces, ten by Israeli settlers, and seven where it remains unknown whether the perpetrators were Israeli soldiers or settlers. In addition, over 5,420 Palestinians have been injured in the same period, including about 830 children. More than a third of the total injuries were caused by live ammunition. During the same period, 14 Israelis, including nine members of Israeli forces and five settlers, were killed by Palestinians and at least 105 Israelis, including about 90 members of Israeli forces, were injured in the West Bank, including East Jerusalem. In addition, during the same period, attacks by Palestinians from the West Bank resulted in the killing of eight Israelis and four Palestinian perpetrators in Israel<\/em>.<\/p>\n<\/blockquote>\n\n<h6 class=\"wp-block-heading has-white-color has-text-color has-link-color wp-elements-f86415c8d6319b88c38f8742da170cfe\">Espagne Gaza Isra\u00ebl<\/h6>\n\n<p>Le 9 juillet 2024, dans un communiqu\u00e9 officiel de l&rsquo;ONU (voir <strong><a href=\"https:\/\/www.ohchr.org\/en\/press-releases\/2024\/07\/un-experts-declare-famine-has-spread-throughout-gaza-strip\">texte<\/a><\/strong> dans son int\u00e9gralit\u00e9), un groupe d&rsquo;experts en droits de l&rsquo;homme a d\u00e9clar\u00e9 :<\/p>\n\n<blockquote class=\"wp-block-quote is-layout-flow wp-block-quote-is-layout-flow\">\n<p><em>We declare that Israel\u2019s intentional and targeted starvation campaign against the Palestinian people is a form of genocidal violence and has resulted in famine across all of Gaza. We call upon the international community to prioritise the delivery of humanitarian aid by land by any means necessary, end Israel\u2019s siege, and establish a ceasefire<\/em>.<\/p>\n<\/blockquote>\n\n<p>Au Costa Rica, lors d&rsquo;un r\u00e9cent forum organis\u00e9 \u00e0 l&rsquo;Universit\u00e9 du Costa Rica (UCR) le 4 juillet, intitul\u00e9 \u00ab <em>Gaza\/Isra\u00ebl : du si\u00e8ge de l&rsquo;information au si\u00e8ge de la justice internationale<\/em> \u00bb (voir <strong><a href=\"https:\/\/www.youtube.com\/watch ? v=uL7fJ5jIxJ8\">vid\u00e9o<\/a><\/strong>), nous avons eu l&rsquo;occasion d&rsquo;\u00e9couter un jeune \u00e9tudiant, membre de la communaut\u00e9 juive costaricienne, d\u00e9noncer les diff\u00e9rents crimes d&rsquo;Isra\u00ebl \u00e0 Gaza, une attitude courageuse, qui contraste avec le reste des membres de la communaut\u00e9 juive costaricienne depuis le 7 octobre 2023.<\/p>\n\n<p>Pendant ce temps, en France, un sp\u00e9cialiste renomm\u00e9 des relations internationales a r\u00e9cemment (4 juillet) expliqu\u00e9 comment le drame de Gaza et son traitement tr\u00e8s discutable par la presse fran\u00e7aise a conditionn\u00e9 les alliances au sein de la gauche fran\u00e7aise, \u00e0 l&rsquo;approche du second tour des \u00e9lections du 7 juillet (voir <strong><a href=\"https:\/\/www.youtube.com\/watch?v=KBwPP4WgwAg\">vid\u00e9o<\/a><\/strong> de l&rsquo;\u00e9mission intitul\u00e9e \u00ab <em>Guerre de Gaza et \u00e9lections l\u00e9gislatives<\/em> \u00bb). Dans son analyse, l&rsquo;expert souligne comment le simple fait de critiquer les crimes de guerre d&rsquo;Isra\u00ebl \u00e0 Gaza a \u00e9t\u00e9 interpr\u00e9t\u00e9 &#8211; \u00e0 tort &#8211; par de nombreux secteurs politiques comme de l&rsquo;antis\u00e9mitisme. <\/p>\n\n<h3 class=\"wp-block-heading\">En guise de conclusion<\/h3>\n\n<p>Au-del\u00e0 des cercles proches d&rsquo;Isra\u00ebl et de leur influence sur certains m\u00e9dias en France (comme sous bien d&rsquo;autres latitudes), il ne fait aucun doute que de nombreux autres Etats membres de l&rsquo;ONU devraient \u00eatre appel\u00e9s \u00e0 activer les diff\u00e9rents m\u00e9canismes juridictionnels existants afin de freiner l&rsquo;\u00e9lan destructeur d&rsquo;Isra\u00ebl \u00e0 Gaza : en Europe, mais aussi en Afrique, en Am\u00e9rique latine, en Asie ou encore dans la p\u00e9ninsule arabique et au Proche-Orient. <\/p>\n\n<p>Compte tenu du soutien historique ind\u00e9fectible de l&rsquo;Europe \u00e0 la consolidation de la justice p\u00e9nale internationale, l&rsquo;absence totale de l&rsquo;Europe dans les actions de la CPI est frappante : tout \u00c9tat europ\u00e9en aurait pu choisir de prendre des mesures similaires \u00e0 titre individuel dans le cadre de ses efforts en mati\u00e8re de justice p\u00e9nale internationale. Aucun ne l&rsquo;a fait \u00e0 l&rsquo;heure o\u00f9 nous \u00e9crivons ces lignes (6 juillet 2024).<\/p>\n\n<h6 class=\"wp-block-heading has-white-color has-text-color has-link-color wp-elements-f86415c8d6319b88c38f8742da170cfe\">Espagne Gaza Isra\u00ebl<\/h6>\n\n<p>Comme si le drame indicible observ\u00e9 \u00e0 Gaza par tous les \u00c9tats du monde depuis l&rsquo;apr\u00e8s-midi\/soir\u00e9e du 7 octobre ne pouvait pas interpeller de la m\u00eame mani\u00e8re chacun des \u00c9tats parties au Statut de Rome, qui sont \u00e0 ce jour 124 \u00c9tats, selon le <strong><a href=\"https:\/\/treaties.un. org\/Pages\/ViewDetails.aspx?src=TREATY&amp;mtdsg_no=XVIII-10&amp;chapter=18&amp;clang=_en\">statut officiel<\/a><\/strong> des signatures et ratifications ; ou comme si les images gla\u00e7antes en provenance de Gaza ne pouvaient \u00eatre consid\u00e9r\u00e9es comme fiables puisqu&rsquo;elles ne provenaient pas de m\u00e9dias occidentaux.<\/p>\n\n<p>A noter que le 7 juillet, la <em>Foreign Press Association<\/em> a publi\u00e9 un communiqu\u00e9 demandant \u00e0 Isra\u00ebl de permettre \u00e0 la presse de travailler \u00e0 Gaza et de mener des enqu\u00eates <em>in situ<\/em> afin d&rsquo;informer le monde de ce qui s&rsquo;y passe r\u00e9ellement (voir <strong><a href=\"https:\/\/x. com\/tombateman\/status\/1809966049158169084\/photo\/1\">communiqu\u00e9<\/a><\/strong>) : selon le <em>Commission pour la protection des journalistes<\/em>, au 7 juillet, 108 journalistes et communicateurs ont \u00e9t\u00e9 d\u00e9lib\u00e9r\u00e9ment tu\u00e9s par Isra\u00ebl dans la bande de Gaza depuis le 7 octobre 2023 (voir <strong><a href=\"https:\/\/cpj.org\/2024\/07\/journalist-casualties-in-the-israel-gaza-conflict\/\">rapport<\/a><\/strong>).<\/p>\n\n<p><strong>Texte partag\u00e9 par Nicol\u00e1s Boeglin, Professeur de droit international public, Facult\u00e9 de droit, Universit\u00e9 du Costa Rica (UCR). Contact : nboeglin@gmail.com<\/strong><\/p>\n\n<hr class=\"wp-block-separator has-text-color has-alpha-channel-opacity has-background\" style=\"background-color:#004f5e;color:#004f5e\"\/>\n\n<div style=\"height:100px\" aria-hidden=\"true\" class=\"wp-block-spacer\"><\/div>\n\n<h5 class=\"wp-block-heading\">Notes<\/h5>\n\n<p class=\"has-small-font-size\"><strong>Note 1<\/strong> : Le communiqu\u00e9 officiel du Costa Rica du 10 juillet se lit comme suit :<\/p>\n\n<p class=\"has-small-font-size\"><em>JULIO 10, 2024 10:25 AM<\/em><\/p>\n\n<p class=\"has-small-font-size\"><em>Costa Rica condena ataque a centro de refugiados en gaza<\/em><\/p>\n\n<blockquote class=\"wp-block-quote has-small-font-size is-layout-flow wp-block-quote-is-layout-flow\">\n<p class=\"has-small-font-size\"><em>San Jos\u00e9, 10 de julio de 2024.\u00a0 Ante ataque a centro de refugiados en Gaza, Costa Rica reitera llamado a cese al fuego y protecci\u00f3n de civiles.<\/em> \/\/ <em>Costa Rica censura el ataque a una escuela que fung\u00eda como refugio para civiles desplazados en Khan Yunis, Gaza, el cual result\u00f3 en varias decenas de muertes, incluyendo ni\u00f1os, as\u00ed como m\u00faltiples heridos.<\/em> \/\/ <em>Se recuerda que, seg\u00fan el derecho internacional humanitario, las escuelas y campos de refugiados gozan de protecci\u00f3n especial y los civiles, en particular los ni\u00f1os y ni\u00f1as, deben ser protegidos en todo momento.<\/em> \/\/ <em>Luego de nueve meses de conflicto reiteramos el llamado a un alto al fuego inmediato, a la liberaci\u00f3n de todos los rehenes, al acceso irrestricto a la ayuda humanitaria y al cumplimiento sin dilaci\u00f3n de las resoluciones del Consejo de Seguridad de las Naciones Unidas y de las medidas provisionales vinculantes emanadas de la Corte Internacional de Justicia.<\/em><\/p>\n<cite><em>Comunicaci\u00f3n Institucional 282-2024, Costa Rica condena ataque a centro de refugiados en Gaza<\/em>, <br\/><em>Mi\u00e9rcoles 10 de julio de 2024<\/em>\u00ab\u00a0<\/cite><\/blockquote>\n\n<p class=\"has-small-font-size\"><strong>Note 2 :<\/strong>Le communiqu\u00e9 officiel du Costa Rica du 27 mai 2024 se lit comme suit :<\/p>\n\n<p class=\"has-small-font-size\"><em>Ante ataque a campo de refugiados en Rafah, Costa Rica hace llamado a aun alto al fuego inmediato, al cumplimiento de las medidas provisionales de la Corte Internacional de Justicia y a la investigaci\u00f3n del incidente<\/em><\/p>\n\n<blockquote class=\"wp-block-quote has-small-font-size is-layout-flow wp-block-quote-is-layout-flow\">\n<p class=\"has-small-font-size\"><em>San Jos\u00e9, 27 de mayo de 2024.\u00a0Costa Rica ha recibido con consternaci\u00f3n la noticia del bombardeo sobre un campo de refugiados en Rafah, que ha causado la muerte de civiles inocentes, incluidos mujeres y ni\u00f1os, adem\u00e1s de m\u00faltiples heridos.<\/em> \/\/ <em>Esto suma mayor sufrimiento a una poblaci\u00f3n varias veces desplazada, carente de las condiciones b\u00e1sicas de sobrevivencia por meses, que se encontraba en el \u00faltimo lugar donde se les hab\u00eda prometido refugio seguro.<\/em> \/\/ <em>Este ataque a civiles se ha dado dos d\u00edas despu\u00e9s de que la Corte Internacional de Justicia, \u00f3rgano judicial supremo de las Naciones Unidas, emiti\u00f3 medidas cautelares de obligatorio cumplimiento en que ordenaba un alto inmediato a las operaciones terrestres y cualesquiera otras acciones en Rafah que pudieran llevar a la destrucci\u00f3n total o parcial de la poblaci\u00f3n palestina en Gaza.\u00a0<\/em>\/\/ <em>Costa Rica espera una investigaci\u00f3n profunda y objetiva de este hecho con la correspondiente rendici\u00f3n de cuentas.<\/em> \/\/ <em>Reiteramos una vez m\u00e1s el llamado a un alto al fuego inmediato, a la liberaci\u00f3n incondicional e inmediata de los rehenes, y al respeto y acatamiento de las normas y principios del Derecho Internacional, especialmente el Derecho Internacional Humanitario, as\u00ed como a las resoluciones relevantes del Consejo de Seguridad y a todas las medidas precautorias dictadas por la Corte Internacional de Justicia.<\/em><\/p>\n<cite><em>Comunicaci\u00f3n Institucional<\/em>,<em>195-2024 CR hace llamado a un alto al fuego inmediato, al cumplimiento de las medidas provisionales de la Corte Internacional de Justicia y a la investigaci\u00f3n del incidente<\/em>, <em>Lunes 27 de mayo de 2024<\/em><\/cite><\/blockquote>\n","protected":false},"excerpt":{"rendered":"<p>Titre original : \u00ab Gaza \/ Isra\u00ebl : quelques notes sur la demande d&rsquo;intervention pr\u00e9sent\u00e9e par l&rsquo;Espagne devant la Cour internationale de justice (CIJ) \u00bb. Texte r\u00e9dig\u00e9 par le professeur Nicol\u00e1s Boeglin, Facult\u00e9 de droit, Universit\u00e9 du Costa Rica. Le 28 juin 2024, l&rsquo;Espagne a d\u00e9pos\u00e9 une demande formelle d&rsquo;intervention aupr\u00e8s de la Cour internationale [&hellip;]<\/p>\n","protected":false},"author":4,"featured_media":17643,"comment_status":"closed","ping_status":"closed","sticky":false,"template":"","format":"standard","meta":{"_acf_changed":false,"inline_featured_image":false,"_monsterinsights_skip_tracking":false,"_monsterinsights_sitenote_active":false,"_monsterinsights_sitenote_note":"","_monsterinsights_sitenote_category":0,"footnotes":""},"categories":[107],"tags":[],"class_list":["post-17646","post","type-post","status-publish","format-standard","has-post-thumbnail","hentry","category-politique-fr"],"acf":[],"yoast_head":"<!-- This site is optimized with the Yoast SEO plugin v27.4 - https:\/\/yoast.com\/product\/yoast-seo-wordpress\/ -->\n<title>Demande de l&#039;Espagne \u00e0 la CIJ sur Gaza\/Isra\u00ebl - SensorialSunsets<\/title>\n<meta name=\"description\" content=\"Analyse par Nicol\u00e1s Boeglin de la demande d&#039;intervention de l&#039;Espagne devant la CIJ dans le conflit Gaza\/Isra\u00ebl.\" \/>\n<meta name=\"robots\" content=\"index, follow, max-snippet:-1, max-image-preview:large, max-video-preview:-1\" \/>\n<link rel=\"canonical\" href=\"https:\/\/www.sensorialsunsets.com\/fr\/demande-de-lespagne-a-la-cij-sur-gaza-israel\/\" \/>\n<meta property=\"og:locale\" content=\"fr_FR\" \/>\n<meta property=\"og:type\" content=\"article\" \/>\n<meta property=\"og:title\" content=\"Demande de l&#039;Espagne \u00e0 la CIJ sur Gaza\/Isra\u00ebl - SensorialSunsets\" \/>\n<meta property=\"og:description\" content=\"Analyse par Nicol\u00e1s Boeglin de la demande d&#039;intervention de l&#039;Espagne devant la CIJ dans le conflit Gaza\/Isra\u00ebl.\" \/>\n<meta property=\"og:url\" content=\"https:\/\/www.sensorialsunsets.com\/fr\/demande-de-lespagne-a-la-cij-sur-gaza-israel\/\" \/>\n<meta property=\"og:site_name\" content=\"SensorialSunsets\" \/>\n<meta property=\"article:publisher\" content=\"https:\/\/www.facebook.com\/Sensorial-Sunsets-109180614715562\" \/>\n<meta property=\"article:published_time\" content=\"2024-07-16T17:03:49+00:00\" \/>\n<meta property=\"article:modified_time\" content=\"2024-07-16T17:10:12+00:00\" \/>\n<meta property=\"og:image\" content=\"https:\/\/www.sensorialsunsets.com\/wp-content\/uploads\/2024\/07\/Espana-Gaza-Israel-Sensorial-Sunsets-1.png\" \/>\n\t<meta property=\"og:image:width\" content=\"840\" \/>\n\t<meta property=\"og:image:height\" content=\"350\" \/>\n\t<meta property=\"og:image:type\" content=\"image\/png\" \/>\n<meta name=\"author\" content=\"Sensorial Sunsets\" \/>\n<meta name=\"twitter:card\" content=\"summary_large_image\" \/>\n<meta name=\"twitter:label1\" content=\"\u00c9crit par\" \/>\n\t<meta name=\"twitter:data1\" content=\"Sensorial Sunsets\" \/>\n\t<meta name=\"twitter:label2\" content=\"Dur\u00e9e de lecture estim\u00e9e\" \/>\n\t<meta name=\"twitter:data2\" content=\"22 minutes\" \/>\n<script type=\"application\/ld+json\" class=\"yoast-schema-graph\">{\"@context\":\"https:\\\/\\\/schema.org\",\"@graph\":[{\"@type\":\"Article\",\"@id\":\"https:\\\/\\\/www.sensorialsunsets.com\\\/fr\\\/demande-de-lespagne-a-la-cij-sur-gaza-israel\\\/#article\",\"isPartOf\":{\"@id\":\"https:\\\/\\\/www.sensorialsunsets.com\\\/fr\\\/demande-de-lespagne-a-la-cij-sur-gaza-israel\\\/\"},\"author\":{\"name\":\"Sensorial Sunsets\",\"@id\":\"https:\\\/\\\/www.sensorialsunsets.com\\\/fr\\\/#\\\/schema\\\/person\\\/77e2fa594135aa94024c47e281d8a94d\"},\"headline\":\"Demande de l&rsquo;Espagne \u00e0 la CIJ sur Gaza\\\/Isra\u00ebl\",\"datePublished\":\"2024-07-16T17:03:49+00:00\",\"dateModified\":\"2024-07-16T17:10:12+00:00\",\"mainEntityOfPage\":{\"@id\":\"https:\\\/\\\/www.sensorialsunsets.com\\\/fr\\\/demande-de-lespagne-a-la-cij-sur-gaza-israel\\\/\"},\"wordCount\":4500,\"publisher\":{\"@id\":\"https:\\\/\\\/www.sensorialsunsets.com\\\/fr\\\/#organization\"},\"image\":{\"@id\":\"https:\\\/\\\/www.sensorialsunsets.com\\\/fr\\\/demande-de-lespagne-a-la-cij-sur-gaza-israel\\\/#primaryimage\"},\"thumbnailUrl\":\"https:\\\/\\\/www.sensorialsunsets.com\\\/wp-content\\\/uploads\\\/2024\\\/07\\\/Espana-Gaza-Israel-Sensorial-Sunsets-1.png\",\"articleSection\":[\"Politique\"],\"inLanguage\":\"fr-FR\"},{\"@type\":\"WebPage\",\"@id\":\"https:\\\/\\\/www.sensorialsunsets.com\\\/fr\\\/demande-de-lespagne-a-la-cij-sur-gaza-israel\\\/\",\"url\":\"https:\\\/\\\/www.sensorialsunsets.com\\\/fr\\\/demande-de-lespagne-a-la-cij-sur-gaza-israel\\\/\",\"name\":\"Demande de l'Espagne \u00e0 la CIJ sur Gaza\\\/Isra\u00ebl - SensorialSunsets\",\"isPartOf\":{\"@id\":\"https:\\\/\\\/www.sensorialsunsets.com\\\/fr\\\/#website\"},\"primaryImageOfPage\":{\"@id\":\"https:\\\/\\\/www.sensorialsunsets.com\\\/fr\\\/demande-de-lespagne-a-la-cij-sur-gaza-israel\\\/#primaryimage\"},\"image\":{\"@id\":\"https:\\\/\\\/www.sensorialsunsets.com\\\/fr\\\/demande-de-lespagne-a-la-cij-sur-gaza-israel\\\/#primaryimage\"},\"thumbnailUrl\":\"https:\\\/\\\/www.sensorialsunsets.com\\\/wp-content\\\/uploads\\\/2024\\\/07\\\/Espana-Gaza-Israel-Sensorial-Sunsets-1.png\",\"datePublished\":\"2024-07-16T17:03:49+00:00\",\"dateModified\":\"2024-07-16T17:10:12+00:00\",\"description\":\"Analyse par Nicol\u00e1s Boeglin de la demande d'intervention de l'Espagne devant la CIJ dans le conflit Gaza\\\/Isra\u00ebl.\",\"inLanguage\":\"fr-FR\",\"potentialAction\":[{\"@type\":\"ReadAction\",\"target\":[\"https:\\\/\\\/www.sensorialsunsets.com\\\/fr\\\/demande-de-lespagne-a-la-cij-sur-gaza-israel\\\/\"]}]},{\"@type\":\"ImageObject\",\"inLanguage\":\"fr-FR\",\"@id\":\"https:\\\/\\\/www.sensorialsunsets.com\\\/fr\\\/demande-de-lespagne-a-la-cij-sur-gaza-israel\\\/#primaryimage\",\"url\":\"https:\\\/\\\/www.sensorialsunsets.com\\\/wp-content\\\/uploads\\\/2024\\\/07\\\/Espana-Gaza-Israel-Sensorial-Sunsets-1.png\",\"contentUrl\":\"https:\\\/\\\/www.sensorialsunsets.com\\\/wp-content\\\/uploads\\\/2024\\\/07\\\/Espana-Gaza-Israel-Sensorial-Sunsets-1.png\",\"width\":840,\"height\":350,\"caption\":\"An\u00e1lisis de Nicol\u00e1s Boeglin sobre la solicitud de intervenci\u00f3n de Espa\u00f1a ante la CIJ en el conflicto Gaza\\\/Israel.\"},{\"@type\":\"WebSite\",\"@id\":\"https:\\\/\\\/www.sensorialsunsets.com\\\/fr\\\/#website\",\"url\":\"https:\\\/\\\/www.sensorialsunsets.com\\\/fr\\\/\",\"name\":\"SensorialSunsets.com\",\"description\":\"D\u00e9couvrez la culture et la soci\u00e9t\u00e9 du Costa Rica sur notre blog. Explorez des articles captivants et partagez le contenu.\",\"publisher\":{\"@id\":\"https:\\\/\\\/www.sensorialsunsets.com\\\/fr\\\/#organization\"},\"alternateName\":\"Costa Rica Live Blog\",\"potentialAction\":[{\"@type\":\"SearchAction\",\"target\":{\"@type\":\"EntryPoint\",\"urlTemplate\":\"https:\\\/\\\/www.sensorialsunsets.com\\\/fr\\\/?s={search_term_string}\"},\"query-input\":{\"@type\":\"PropertyValueSpecification\",\"valueRequired\":true,\"valueName\":\"search_term_string\"}}],\"inLanguage\":\"fr-FR\"},{\"@type\":\"Organization\",\"@id\":\"https:\\\/\\\/www.sensorialsunsets.com\\\/fr\\\/#organization\",\"name\":\"SensorialSunsets\",\"url\":\"https:\\\/\\\/www.sensorialsunsets.com\\\/fr\\\/\",\"logo\":{\"@type\":\"ImageObject\",\"inLanguage\":\"fr-FR\",\"@id\":\"https:\\\/\\\/www.sensorialsunsets.com\\\/fr\\\/#\\\/schema\\\/logo\\\/image\\\/\",\"url\":\"https:\\\/\\\/www.sensorialsunsets.com\\\/wp-content\\\/uploads\\\/2023\\\/04\\\/Logo_base_line_fond_clair.svg\",\"contentUrl\":\"https:\\\/\\\/www.sensorialsunsets.com\\\/wp-content\\\/uploads\\\/2023\\\/04\\\/Logo_base_line_fond_clair.svg\",\"width\":\"1024\",\"height\":\"1024\",\"caption\":\"SensorialSunsets\"},\"image\":{\"@id\":\"https:\\\/\\\/www.sensorialsunsets.com\\\/fr\\\/#\\\/schema\\\/logo\\\/image\\\/\"},\"sameAs\":[\"https:\\\/\\\/www.facebook.com\\\/Sensorial-Sunsets-109180614715562\",\"https:\\\/\\\/www.instagram.com\\\/sensorialsunsets\\\/\"]},{\"@type\":\"Person\",\"@id\":\"https:\\\/\\\/www.sensorialsunsets.com\\\/fr\\\/#\\\/schema\\\/person\\\/77e2fa594135aa94024c47e281d8a94d\",\"name\":\"Sensorial Sunsets\",\"image\":{\"@type\":\"ImageObject\",\"inLanguage\":\"fr-FR\",\"@id\":\"https:\\\/\\\/secure.gravatar.com\\\/avatar\\\/5f2d62681b1dad94c28f1500d4fc75582acdfd32b55fd1acce0a36a3c487eabe?s=96&d=mm&r=g\",\"url\":\"https:\\\/\\\/secure.gravatar.com\\\/avatar\\\/5f2d62681b1dad94c28f1500d4fc75582acdfd32b55fd1acce0a36a3c487eabe?s=96&d=mm&r=g\",\"contentUrl\":\"https:\\\/\\\/secure.gravatar.com\\\/avatar\\\/5f2d62681b1dad94c28f1500d4fc75582acdfd32b55fd1acce0a36a3c487eabe?s=96&d=mm&r=g\",\"caption\":\"Sensorial Sunsets\"},\"url\":\"https:\\\/\\\/www.sensorialsunsets.com\\\/fr\\\/author\\\/asistentes-sensorial-sunsets\\\/\"}]}<\/script>\n<!-- \/ Yoast SEO plugin. -->","yoast_head_json":{"title":"Demande de l'Espagne \u00e0 la CIJ sur Gaza\/Isra\u00ebl - SensorialSunsets","description":"Analyse par Nicol\u00e1s Boeglin de la demande d'intervention de l'Espagne devant la CIJ dans le conflit Gaza\/Isra\u00ebl.","robots":{"index":"index","follow":"follow","max-snippet":"max-snippet:-1","max-image-preview":"max-image-preview:large","max-video-preview":"max-video-preview:-1"},"canonical":"https:\/\/www.sensorialsunsets.com\/fr\/demande-de-lespagne-a-la-cij-sur-gaza-israel\/","og_locale":"fr_FR","og_type":"article","og_title":"Demande de l'Espagne \u00e0 la CIJ sur Gaza\/Isra\u00ebl - SensorialSunsets","og_description":"Analyse par Nicol\u00e1s Boeglin de la demande d'intervention de l'Espagne devant la CIJ dans le conflit Gaza\/Isra\u00ebl.","og_url":"https:\/\/www.sensorialsunsets.com\/fr\/demande-de-lespagne-a-la-cij-sur-gaza-israel\/","og_site_name":"SensorialSunsets","article_publisher":"https:\/\/www.facebook.com\/Sensorial-Sunsets-109180614715562","article_published_time":"2024-07-16T17:03:49+00:00","article_modified_time":"2024-07-16T17:10:12+00:00","og_image":[{"width":840,"height":350,"url":"https:\/\/www.sensorialsunsets.com\/wp-content\/uploads\/2024\/07\/Espana-Gaza-Israel-Sensorial-Sunsets-1.png","type":"image\/png"}],"author":"Sensorial Sunsets","twitter_card":"summary_large_image","twitter_misc":{"\u00c9crit par":"Sensorial Sunsets","Dur\u00e9e de lecture estim\u00e9e":"22 minutes"},"schema":{"@context":"https:\/\/schema.org","@graph":[{"@type":"Article","@id":"https:\/\/www.sensorialsunsets.com\/fr\/demande-de-lespagne-a-la-cij-sur-gaza-israel\/#article","isPartOf":{"@id":"https:\/\/www.sensorialsunsets.com\/fr\/demande-de-lespagne-a-la-cij-sur-gaza-israel\/"},"author":{"name":"Sensorial Sunsets","@id":"https:\/\/www.sensorialsunsets.com\/fr\/#\/schema\/person\/77e2fa594135aa94024c47e281d8a94d"},"headline":"Demande de l&rsquo;Espagne \u00e0 la CIJ sur Gaza\/Isra\u00ebl","datePublished":"2024-07-16T17:03:49+00:00","dateModified":"2024-07-16T17:10:12+00:00","mainEntityOfPage":{"@id":"https:\/\/www.sensorialsunsets.com\/fr\/demande-de-lespagne-a-la-cij-sur-gaza-israel\/"},"wordCount":4500,"publisher":{"@id":"https:\/\/www.sensorialsunsets.com\/fr\/#organization"},"image":{"@id":"https:\/\/www.sensorialsunsets.com\/fr\/demande-de-lespagne-a-la-cij-sur-gaza-israel\/#primaryimage"},"thumbnailUrl":"https:\/\/www.sensorialsunsets.com\/wp-content\/uploads\/2024\/07\/Espana-Gaza-Israel-Sensorial-Sunsets-1.png","articleSection":["Politique"],"inLanguage":"fr-FR"},{"@type":"WebPage","@id":"https:\/\/www.sensorialsunsets.com\/fr\/demande-de-lespagne-a-la-cij-sur-gaza-israel\/","url":"https:\/\/www.sensorialsunsets.com\/fr\/demande-de-lespagne-a-la-cij-sur-gaza-israel\/","name":"Demande de l'Espagne \u00e0 la CIJ sur Gaza\/Isra\u00ebl - SensorialSunsets","isPartOf":{"@id":"https:\/\/www.sensorialsunsets.com\/fr\/#website"},"primaryImageOfPage":{"@id":"https:\/\/www.sensorialsunsets.com\/fr\/demande-de-lespagne-a-la-cij-sur-gaza-israel\/#primaryimage"},"image":{"@id":"https:\/\/www.sensorialsunsets.com\/fr\/demande-de-lespagne-a-la-cij-sur-gaza-israel\/#primaryimage"},"thumbnailUrl":"https:\/\/www.sensorialsunsets.com\/wp-content\/uploads\/2024\/07\/Espana-Gaza-Israel-Sensorial-Sunsets-1.png","datePublished":"2024-07-16T17:03:49+00:00","dateModified":"2024-07-16T17:10:12+00:00","description":"Analyse par Nicol\u00e1s Boeglin de la demande d'intervention de l'Espagne devant la CIJ dans le conflit Gaza\/Isra\u00ebl.","inLanguage":"fr-FR","potentialAction":[{"@type":"ReadAction","target":["https:\/\/www.sensorialsunsets.com\/fr\/demande-de-lespagne-a-la-cij-sur-gaza-israel\/"]}]},{"@type":"ImageObject","inLanguage":"fr-FR","@id":"https:\/\/www.sensorialsunsets.com\/fr\/demande-de-lespagne-a-la-cij-sur-gaza-israel\/#primaryimage","url":"https:\/\/www.sensorialsunsets.com\/wp-content\/uploads\/2024\/07\/Espana-Gaza-Israel-Sensorial-Sunsets-1.png","contentUrl":"https:\/\/www.sensorialsunsets.com\/wp-content\/uploads\/2024\/07\/Espana-Gaza-Israel-Sensorial-Sunsets-1.png","width":840,"height":350,"caption":"An\u00e1lisis de Nicol\u00e1s Boeglin sobre la solicitud de intervenci\u00f3n de Espa\u00f1a ante la CIJ en el conflicto Gaza\/Israel."},{"@type":"WebSite","@id":"https:\/\/www.sensorialsunsets.com\/fr\/#website","url":"https:\/\/www.sensorialsunsets.com\/fr\/","name":"SensorialSunsets.com","description":"D\u00e9couvrez la culture et la soci\u00e9t\u00e9 du Costa Rica sur notre blog. Explorez des articles captivants et partagez le contenu.","publisher":{"@id":"https:\/\/www.sensorialsunsets.com\/fr\/#organization"},"alternateName":"Costa Rica Live Blog","potentialAction":[{"@type":"SearchAction","target":{"@type":"EntryPoint","urlTemplate":"https:\/\/www.sensorialsunsets.com\/fr\/?s={search_term_string}"},"query-input":{"@type":"PropertyValueSpecification","valueRequired":true,"valueName":"search_term_string"}}],"inLanguage":"fr-FR"},{"@type":"Organization","@id":"https:\/\/www.sensorialsunsets.com\/fr\/#organization","name":"SensorialSunsets","url":"https:\/\/www.sensorialsunsets.com\/fr\/","logo":{"@type":"ImageObject","inLanguage":"fr-FR","@id":"https:\/\/www.sensorialsunsets.com\/fr\/#\/schema\/logo\/image\/","url":"https:\/\/www.sensorialsunsets.com\/wp-content\/uploads\/2023\/04\/Logo_base_line_fond_clair.svg","contentUrl":"https:\/\/www.sensorialsunsets.com\/wp-content\/uploads\/2023\/04\/Logo_base_line_fond_clair.svg","width":"1024","height":"1024","caption":"SensorialSunsets"},"image":{"@id":"https:\/\/www.sensorialsunsets.com\/fr\/#\/schema\/logo\/image\/"},"sameAs":["https:\/\/www.facebook.com\/Sensorial-Sunsets-109180614715562","https:\/\/www.instagram.com\/sensorialsunsets\/"]},{"@type":"Person","@id":"https:\/\/www.sensorialsunsets.com\/fr\/#\/schema\/person\/77e2fa594135aa94024c47e281d8a94d","name":"Sensorial Sunsets","image":{"@type":"ImageObject","inLanguage":"fr-FR","@id":"https:\/\/secure.gravatar.com\/avatar\/5f2d62681b1dad94c28f1500d4fc75582acdfd32b55fd1acce0a36a3c487eabe?s=96&d=mm&r=g","url":"https:\/\/secure.gravatar.com\/avatar\/5f2d62681b1dad94c28f1500d4fc75582acdfd32b55fd1acce0a36a3c487eabe?s=96&d=mm&r=g","contentUrl":"https:\/\/secure.gravatar.com\/avatar\/5f2d62681b1dad94c28f1500d4fc75582acdfd32b55fd1acce0a36a3c487eabe?s=96&d=mm&r=g","caption":"Sensorial Sunsets"},"url":"https:\/\/www.sensorialsunsets.com\/fr\/author\/asistentes-sensorial-sunsets\/"}]}},"_links":{"self":[{"href":"https:\/\/www.sensorialsunsets.com\/fr\/wp-json\/wp\/v2\/posts\/17646","targetHints":{"allow":["GET"]}}],"collection":[{"href":"https:\/\/www.sensorialsunsets.com\/fr\/wp-json\/wp\/v2\/posts"}],"about":[{"href":"https:\/\/www.sensorialsunsets.com\/fr\/wp-json\/wp\/v2\/types\/post"}],"author":[{"embeddable":true,"href":"https:\/\/www.sensorialsunsets.com\/fr\/wp-json\/wp\/v2\/users\/4"}],"replies":[{"embeddable":true,"href":"https:\/\/www.sensorialsunsets.com\/fr\/wp-json\/wp\/v2\/comments?post=17646"}],"version-history":[{"count":0,"href":"https:\/\/www.sensorialsunsets.com\/fr\/wp-json\/wp\/v2\/posts\/17646\/revisions"}],"wp:featuredmedia":[{"embeddable":true,"href":"https:\/\/www.sensorialsunsets.com\/fr\/wp-json\/wp\/v2\/media\/17643"}],"wp:attachment":[{"href":"https:\/\/www.sensorialsunsets.com\/fr\/wp-json\/wp\/v2\/media?parent=17646"}],"wp:term":[{"taxonomy":"category","embeddable":true,"href":"https:\/\/www.sensorialsunsets.com\/fr\/wp-json\/wp\/v2\/categories?post=17646"},{"taxonomy":"post_tag","embeddable":true,"href":"https:\/\/www.sensorialsunsets.com\/fr\/wp-json\/wp\/v2\/tags?post=17646"}],"curies":[{"name":"wp","href":"https:\/\/api.w.org\/{rel}","templated":true}]}}