{"id":1769,"date":"2022-05-10T16:35:55","date_gmt":"2022-05-10T16:35:55","guid":{"rendered":"https:\/\/www.sensorialsunsets.com\/?p=1769"},"modified":"2022-05-30T21:05:18","modified_gmt":"2022-05-30T21:05:18","slug":"laquaculture-traditionnelle-et-le-developpement-des-zones-rurales-au-costa-rica","status":"publish","type":"post","link":"https:\/\/www.sensorialsunsets.com\/fr\/laquaculture-traditionnelle-et-le-developpement-des-zones-rurales-au-costa-rica\/","title":{"rendered":"L&rsquo;aquaculture traditionnelle et le d\u00e9veloppement des zones rurales au Costa Rica"},"content":{"rendered":"\n<p>2022 est l\u2019ann\u00e9e internationale de la p\u00eache artisanale et de l\u2019aquaculture. Bien que l\u2019humanit\u00e9 pratique l\u2019\u00e9levage du poisson depuis des mill\u00e9naires , son importance a \u00e9t\u00e9 oubli\u00e9e. La p\u00eache est d\u2019une grande valeur pour les syst\u00e8mes alimentaires, les moyens de subsistance, la culture et l\u2019environnement.<\/p>\n\n<p>Les Nations Unies proposent le slogan \u00ab small scale, big value \u00bb (\u201cpetite \u00e9chelle, grande valeur\u201d) pour souligner la valeur de la p\u00eache et de l\u2019aquaculture artisanales en mati\u00e8re d\u2019environnement et de d\u00e9veloppement social.<\/p>\n\n<figure class=\"wp-block-image\"><img decoding=\"async\" src=\"https:\/\/lh3.googleusercontent.com\/NQ0Wef1KWSq9imMfWRhqqt7ngyjDzl_6d9Bt5T3zTPX0Q1Juuf3lQi8NB28Ln0yF-c05__u_PbNG-cedTHtD_kMtX1bHUvJeSDoahrnvlq9Ub3u1NCnlXv-EY40ztif_-I8ehz5F1pEaLgbwmA\" alt=\"\"\/><\/figure>\n<h2 class=\"wp-block-heading\"><strong>2022 Ann\u00e9e internationale de la p\u00eache et de l\u2019aquaculture \u00e0 petite \u00e9chelle<\/strong><\/h2>\n\n<p>Les ann\u00e9es internationales sont cr\u00e9\u00e9es dans le but de renforcer la valorisation sociale des p\u00eacheurs afin que les familles qui d\u00e9pendent de la p\u00eache obtiennent la reconnaissance qu\u2019elles m\u00e9ritent.<\/p>\n\n<p><a href=\"https:\/\/www.sensorialsunsets.com\/fr\/los-pescadores-de-malpais-puntarenas\/\" target=\"_blank\" rel=\"noreferrer noopener\">La p\u00eache\u00a0<\/a>et l\u2019aquaculture artisanales ont un effet positif \u00e9norme en termes de nourriture et en termes \u00e9conomiques. Ces pratiques transforment les lacs ou les lagunes en zones d\u2019exploitation des ressources marines naturelles. En m\u00eame temps,\u00a0 elles contribuent \u00e0 la croissance et \u00e0 la stabilit\u00e9 du syst\u00e8me alimentaire, en pr\u00e9servant les esp\u00e8ces aquatiques et en diminuant les impacts environnementaux, contrairement au mod\u00e8le industriel qui utilise des techniques telles que la p\u00eache au chalutage, qui permet de r\u00e9colter des prises massives mais qui capture des esp\u00e8ces non cibl\u00e9es.<\/p>\n\n<h2 class=\"wp-block-heading\"><strong>Au Costa Rica<\/strong><\/h2>\n\n<figure class=\"wp-block-image\"><img decoding=\"async\" src=\"https:\/\/lh4.googleusercontent.com\/jr9zfVPZ4jhmgSi_bKiR2w9toqSh68jnM0HBPvYebJJPVg1gPNDzODo_8kQfCpi4uOa-mROdl2bsXurnEoxTaKiKEZXXDYCJr48XjsTtv0WCZvwR3w53QhnSJRXxzYVmy5ZH8msiAcaSyXP4OQ\" alt=\"\"\/><\/figure>\n<p>L\u2019aquaculture a d\u00e9but\u00e9 dans les ann\u00e9es 1960 pour promouvoir le d\u00e9veloppement socio-\u00e9conomique des zones rurales. D\u00e8s le d\u00e9but des ann\u00e9es 1970, le pays a commenc\u00e9 \u00e0 assister \u00e0 la cr\u00e9ation de coop\u00e9ratives de p\u00eache et a ainsi connu une croissance importante au d\u00e9but des ann\u00e9es 1980. Cependant, au fil des ann\u00e9es, les probl\u00e8mes n\u2019ont pas cess\u00e9 et le Costa Rica n\u2019a pas r\u00e9ussi \u00e0 \u00e9viter les effets de la crise de 2008, qui a provoqu\u00e9 une contraction importante de son activit\u00e9 \u00e9conomique et a eu des cons\u00e9quences sur le tourisme et le commerce, g\u00e9n\u00e9rant ch\u00f4mage, migration et pauvret\u00e9.<\/p>\n\n<p>Dans ce cadre, de nouvelles initiatives \u00e9mergent des communaut\u00e9s de p\u00eacheurs elles-m\u00eames. L\u2019objectif de ces initiatives est de placer leurs activit\u00e9s \u00e9conomiques sur le march\u00e9 national et international, mais aussi de faire face aux politiques et aux d\u00e9placements entre les sph\u00e8res \u00e9conomique et politique. En d\u2019autres termes, ils d\u00e9veloppent des activit\u00e9s qui sont en \u00e9quilibre avec l\u2019environnement et avec les ressources marines dont ils tirent leur subsistance.<\/p>\n\n<p>Selon l\u2019INCOPESCA, le Costa Rica est presque enti\u00e8rement domin\u00e9 par l\u2019aquaculture d\u2019eau douce continentale, o\u00f9 la pisciculture concerne sp\u00e9cifiquement le tilapia et la truite. L\u2019un est destin\u00e9 aux march\u00e9s internationaux, tandis que l\u2019autre, tr\u00e8s modeste, est enti\u00e8rement destin\u00e9 au march\u00e9 interne<\/p>\n\n<h2 class=\"wp-block-heading\"><h2><strong>Esp\u00e8ces que l&rsquo;on trouve dans le pays<\/strong><\/h2><\/h2>\n\n<p>L\u2019INCOPESCA dispose d\u2019un d\u00e9partement d\u2019aquaculture et de deux centres de production de juv\u00e9niles. La station aquacole Los Diamantes est situ\u00e9e \u00e0 Gu\u00e1piles, dans la province de Lim\u00f3n, dans la r\u00e9gion des Cara\u00efbes, et est sp\u00e9cialis\u00e9e dans la production d\u2019alevins de tilapia. L\u2019\u00e9levage de truites Ojo de Agua est situ\u00e9 \u00e0 Dota, dans la province de San Jos\u00e9, dans la cha\u00eene de montagnes volcaniques centrales, et est consacr\u00e9 \u00e0 la production d\u2019alevins de truites arc-en-ciel.<\/p>\n\n<figure class=\"wp-block-image\"><img decoding=\"async\" src=\"https:\/\/lh5.googleusercontent.com\/gRxrO7dNQDAth3Wv2YBdAVzvvDsx_s4MxfgJ2HjlczCcuhVjJxN9Opz2oZWtpQA2n4JGM2S9YU0s6d1wN4kMm_bRDaGUc7jjopIc4csF30uaXMaPaYPtl628S1hPKnI2-GyUudRE8pB5jNXhAA\" alt=\"\"\/><\/figure>\n<h2 class=\"wp-block-heading\"><h2><strong>Le tilapia bleu et le tilapia du Nil<\/strong><\/h2><\/h2>\n\n<p>Bien qu\u2019elles ne soient pas originaires du Costa Rica, ces deux esp\u00e8ces aquacoles sont tr\u00e8s importantes et largement utilis\u00e9es dans le pays.  Elles poss\u00e8dent des qualit\u00e9s uniques, telles qu\u2019une croissance acc\u00e9l\u00e9r\u00e9e, une adaptation \u00e0 la captivit\u00e9 et une r\u00e9sistance aux maladies, qui produisent une viande blanche de qualit\u00e9 largement accept\u00e9e en aquaculture et sur le march\u00e9 mondial.<\/p>\n\n<h2 class=\"wp-block-heading\"><h2><strong>La truite arc-en-ciel<\/strong><\/h2><\/h2>\n\n<p>Sa production est bas\u00e9e sur des \u0153ufs import\u00e9s et se pr\u00e9sente sous diff\u00e9rentes formes. Elles sont destin\u00e9es \u00e0  la consommation interne ainsi qu\u2019aux exportations. L\u2019\u00e9levage de la truite est un processus int\u00e9gral qui va de pair avec les \u00e9tapes du d\u00e9veloppement, de la fertilisation \u00e0 l\u2019engraissement. Il est \u00e9galement largement utilis\u00e9 pour la p\u00eache sportive, l\u2019esp\u00e8ce ayant \u00e9t\u00e9 introduite dans de nombreuses rivi\u00e8res \u00e0 cette fin.<\/p>\n\n<h2 class=\"wp-block-heading\"><h2><strong>La crevette blanche<\/strong><\/h2><\/h2>\n\n<p>G\u00e9n\u00e9ralement produite pour la consommation locale, elle est en cours de d\u00e9veloppement pour la production et la vente comme app\u00e2t dans les zones de p\u00eache responsable. D\u2019autre part, sa croissance a \u00e9t\u00e9 limit\u00e9e par la cr\u00e9ation de zones de mangrove en tant que zones humides prot\u00e9g\u00e9es.<\/p>\n\n<p>Ce sont les principales esp\u00e8ces qui sont produites dans le pays avec un int\u00e9r\u00eat commercial et d\u2019une mani\u00e8re contr\u00f4l\u00e9e et stable, car certaines peuvent devenir des esp\u00e8ces envahissantes. L\u2019objectif est \u00e9galement de mettre en \u0153uvre la production d\u2019autres sp\u00e9cimens tels que les hu\u00eetres et les poissons-chats afin que la production aquacole ne diminue pas.<\/p>\n\n<p>La n\u00e9cessit\u00e9 de d\u00e9velopper des alternatives pour r\u00e9duire les niveaux de ch\u00f4mage et de pauvret\u00e9 dans les zones rurales est \u00e9vidente. La p\u00eache artisanale s\u2019est affaiblie ces derni\u00e8res ann\u00e9es, c\u2019est pourquoi des politiques nationales sont n\u00e9cessaires pour soutenir le d\u00e9veloppement de ce secteur et favoriser la g\u00e9n\u00e9ration de nouveaux projets.<\/p>\n\n<h2 class=\"wp-block-heading\"><strong>En bref<\/strong><\/h2>\n\n<ul class=\"wp-block-list\"><li>La p\u00eache artisanale et l\u2019aquaculture ont un effet positif \u00e9norme en termes de nourriture et de b\u00e9n\u00e9fices \u00e9conomiques.<\/li><li>Ces pratiques d\u2019eau douce ont d\u00e9but\u00e9 dans les ann\u00e9es 1960 dans le but de promouvoir le d\u00e9veloppement socio-\u00e9conomique des zones rurales.<\/li><li>La production aquacole nationale se compose principalement de trois esp\u00e8ces: le tilapia, la truite et les crevettes.<\/li><\/ul>\n<p><strong>Bibliographie<\/strong><\/p>\n\n<p>FAO. 2016. An\u00e1lisis de la situaci\u00f3n actual del sector acu\u00edcola en Costa Rica. San Jos\u00e9, Costa Rica: FAO, 139 p.<\/p>\n\n<p><a href=\"https:\/\/www.derechoalimentacion.org\/noticias\/2022-o-internacional-de-la-pesca-artesanal\">https:\/\/www.derechoalimentacion.org\/noticias\/2022-o-internacional-de-la-pesca-artesanal<\/a><\/p>\n\n<p><a href=\"https:\/\/www.biologia.una.ac.cr\/index.php\/capacitacion-formacion-academica\">https:\/\/www.biologia.una.ac.cr\/index.php\/capacitacion-formacion-academica<\/a><\/p>\n\n<p><a href=\"https:\/\/parquemarino.org\/wp-content\/uploads\/2020\/01\/AcuiculturaenCostaRica.pdf\">https:\/\/parquemarino.org\/wp-content\/uploads\/2020\/01\/AcuiculturaenCostaRica.pdf<\/a><\/p>\n\n<p><a href=\"https:\/\/dialnet.unirioja.es\">https:\/\/dialnet.unirioja.es<\/a><\/p>\n\n<p><a href=\"https:\/\/www.incopesca.go.cr\/acuicultura\/index.aspx\">https:\/\/www.incopesca.go.cr\/acuicultura\/index.aspx<\/a><\/p>\n\n<p><strong>Autora<\/strong><\/p>\n\n<p>Zelda Walters<\/p>\n","protected":false},"excerpt":{"rendered":"<p>2022 est l\u2019ann\u00e9e internationale de la p\u00eache artisanale et de l\u2019aquaculture. Bien que l\u2019humanit\u00e9 pratique l\u2019\u00e9levage du poisson depuis des mill\u00e9naires , son importance a \u00e9t\u00e9 oubli\u00e9e. La p\u00eache est d\u2019une grande valeur pour les syst\u00e8mes alimentaires, les moyens de subsistance, la culture et l\u2019environnement. Les Nations Unies proposent le slogan \u00ab small scale, big [&hellip;]<\/p>\n","protected":false},"author":5,"featured_media":1766,"comment_status":"closed","ping_status":"closed","sticky":false,"template":"","format":"standard","meta":{"_acf_changed":false,"inline_featured_image":false,"_monsterinsights_skip_tracking":false,"_monsterinsights_sitenote_active":false,"_monsterinsights_sitenote_note":"","_monsterinsights_sitenote_category":0,"footnotes":""},"categories":[100,109],"tags":[],"class_list":["post-1769","post","type-post","status-publish","format-standard","has-post-thumbnail","hentry","category-costa-rica-fr","category-economie-fr"],"acf":[],"yoast_head":"<!-- This site is optimized with the Yoast SEO plugin v27.4 - https:\/\/yoast.com\/product\/yoast-seo-wordpress\/ -->\n<title>L&#039;aquaculture traditionnelle et le d\u00e9veloppement des zones rurales au Costa Rica - SensorialSunsets<\/title>\n<meta name=\"description\" content=\"La p\u00eache et l&#039;aquaculture artisanales au Costa Rica sont des activit\u00e9s \u00e0 petite \u00e9chelle, \u00e9cologiquement durables et qui favorisent le d\u00e9veloppement social.\" \/>\n<meta name=\"robots\" content=\"index, follow, max-snippet:-1, max-image-preview:large, max-video-preview:-1\" \/>\n<link rel=\"canonical\" href=\"https:\/\/www.sensorialsunsets.com\/fr\/laquaculture-traditionnelle-et-le-developpement-des-zones-rurales-au-costa-rica\/\" \/>\n<meta property=\"og:locale\" content=\"fr_FR\" \/>\n<meta property=\"og:type\" content=\"article\" \/>\n<meta property=\"og:title\" content=\"L&#039;aquaculture traditionnelle et le d\u00e9veloppement des zones rurales au Costa Rica - SensorialSunsets\" \/>\n<meta property=\"og:description\" content=\"La p\u00eache et l&#039;aquaculture artisanales au Costa Rica sont des activit\u00e9s \u00e0 petite \u00e9chelle, \u00e9cologiquement durables et qui favorisent le d\u00e9veloppement social.\" \/>\n<meta property=\"og:url\" content=\"https:\/\/www.sensorialsunsets.com\/fr\/laquaculture-traditionnelle-et-le-developpement-des-zones-rurales-au-costa-rica\/\" \/>\n<meta property=\"og:site_name\" content=\"SensorialSunsets\" \/>\n<meta property=\"article:publisher\" content=\"https:\/\/www.facebook.com\/Sensorial-Sunsets-109180614715562\" \/>\n<meta property=\"article:published_time\" content=\"2022-05-10T16:35:55+00:00\" \/>\n<meta property=\"article:modified_time\" content=\"2022-05-30T21:05:18+00:00\" \/>\n<meta property=\"og:image\" content=\"https:\/\/www.sensorialsunsets.com\/wp-content\/uploads\/2022\/05\/richard-bell-RySd8U4BsUo-unsplash.jpg\" \/>\n\t<meta property=\"og:image:width\" content=\"640\" \/>\n\t<meta property=\"og:image:height\" content=\"427\" \/>\n\t<meta property=\"og:image:type\" content=\"image\/jpeg\" \/>\n<meta name=\"author\" content=\"Marian Barrantes\" \/>\n<meta name=\"twitter:card\" content=\"summary_large_image\" \/>\n<meta name=\"twitter:label1\" content=\"\u00c9crit par\" \/>\n\t<meta name=\"twitter:data1\" content=\"Marian Barrantes\" \/>\n\t<meta name=\"twitter:label2\" content=\"Dur\u00e9e de lecture estim\u00e9e\" \/>\n\t<meta name=\"twitter:data2\" content=\"5 minutes\" \/>\n<script type=\"application\/ld+json\" class=\"yoast-schema-graph\">{\"@context\":\"https:\\\/\\\/schema.org\",\"@graph\":[{\"@type\":\"Article\",\"@id\":\"https:\\\/\\\/www.sensorialsunsets.com\\\/fr\\\/laquaculture-traditionnelle-et-le-developpement-des-zones-rurales-au-costa-rica\\\/#article\",\"isPartOf\":{\"@id\":\"https:\\\/\\\/www.sensorialsunsets.com\\\/fr\\\/laquaculture-traditionnelle-et-le-developpement-des-zones-rurales-au-costa-rica\\\/\"},\"author\":{\"name\":\"Marian Barrantes\",\"@id\":\"https:\\\/\\\/www.sensorialsunsets.com\\\/fr\\\/#\\\/schema\\\/person\\\/a8336a4dbeee633f087a194db2ca482f\"},\"headline\":\"L&rsquo;aquaculture traditionnelle et le d\u00e9veloppement des zones rurales au Costa Rica\",\"datePublished\":\"2022-05-10T16:35:55+00:00\",\"dateModified\":\"2022-05-30T21:05:18+00:00\",\"mainEntityOfPage\":{\"@id\":\"https:\\\/\\\/www.sensorialsunsets.com\\\/fr\\\/laquaculture-traditionnelle-et-le-developpement-des-zones-rurales-au-costa-rica\\\/\"},\"wordCount\":1062,\"publisher\":{\"@id\":\"https:\\\/\\\/www.sensorialsunsets.com\\\/fr\\\/#organization\"},\"image\":{\"@id\":\"https:\\\/\\\/www.sensorialsunsets.com\\\/fr\\\/laquaculture-traditionnelle-et-le-developpement-des-zones-rurales-au-costa-rica\\\/#primaryimage\"},\"thumbnailUrl\":\"https:\\\/\\\/www.sensorialsunsets.com\\\/wp-content\\\/uploads\\\/2022\\\/05\\\/richard-bell-RySd8U4BsUo-unsplash.jpg\",\"articleSection\":[\"Costa Rica\",\"Economie\"],\"inLanguage\":\"fr-FR\"},{\"@type\":\"WebPage\",\"@id\":\"https:\\\/\\\/www.sensorialsunsets.com\\\/fr\\\/laquaculture-traditionnelle-et-le-developpement-des-zones-rurales-au-costa-rica\\\/\",\"url\":\"https:\\\/\\\/www.sensorialsunsets.com\\\/fr\\\/laquaculture-traditionnelle-et-le-developpement-des-zones-rurales-au-costa-rica\\\/\",\"name\":\"L'aquaculture traditionnelle et le d\u00e9veloppement des zones rurales au Costa Rica - SensorialSunsets\",\"isPartOf\":{\"@id\":\"https:\\\/\\\/www.sensorialsunsets.com\\\/fr\\\/#website\"},\"primaryImageOfPage\":{\"@id\":\"https:\\\/\\\/www.sensorialsunsets.com\\\/fr\\\/laquaculture-traditionnelle-et-le-developpement-des-zones-rurales-au-costa-rica\\\/#primaryimage\"},\"image\":{\"@id\":\"https:\\\/\\\/www.sensorialsunsets.com\\\/fr\\\/laquaculture-traditionnelle-et-le-developpement-des-zones-rurales-au-costa-rica\\\/#primaryimage\"},\"thumbnailUrl\":\"https:\\\/\\\/www.sensorialsunsets.com\\\/wp-content\\\/uploads\\\/2022\\\/05\\\/richard-bell-RySd8U4BsUo-unsplash.jpg\",\"datePublished\":\"2022-05-10T16:35:55+00:00\",\"dateModified\":\"2022-05-30T21:05:18+00:00\",\"description\":\"La p\u00eache et l'aquaculture artisanales au Costa Rica sont des activit\u00e9s \u00e0 petite \u00e9chelle, \u00e9cologiquement durables et qui favorisent le d\u00e9veloppement social.\",\"inLanguage\":\"fr-FR\",\"potentialAction\":[{\"@type\":\"ReadAction\",\"target\":[\"https:\\\/\\\/www.sensorialsunsets.com\\\/fr\\\/laquaculture-traditionnelle-et-le-developpement-des-zones-rurales-au-costa-rica\\\/\"]}]},{\"@type\":\"ImageObject\",\"inLanguage\":\"fr-FR\",\"@id\":\"https:\\\/\\\/www.sensorialsunsets.com\\\/fr\\\/laquaculture-traditionnelle-et-le-developpement-des-zones-rurales-au-costa-rica\\\/#primaryimage\",\"url\":\"https:\\\/\\\/www.sensorialsunsets.com\\\/wp-content\\\/uploads\\\/2022\\\/05\\\/richard-bell-RySd8U4BsUo-unsplash.jpg\",\"contentUrl\":\"https:\\\/\\\/www.sensorialsunsets.com\\\/wp-content\\\/uploads\\\/2022\\\/05\\\/richard-bell-RySd8U4BsUo-unsplash.jpg\",\"width\":640,\"height\":427},{\"@type\":\"WebSite\",\"@id\":\"https:\\\/\\\/www.sensorialsunsets.com\\\/fr\\\/#website\",\"url\":\"https:\\\/\\\/www.sensorialsunsets.com\\\/fr\\\/\",\"name\":\"SensorialSunsets.com\",\"description\":\"D\u00e9couvrez la culture et la soci\u00e9t\u00e9 du Costa Rica sur notre blog. Explorez des articles captivants et partagez le contenu.\",\"publisher\":{\"@id\":\"https:\\\/\\\/www.sensorialsunsets.com\\\/fr\\\/#organization\"},\"alternateName\":\"Costa Rica Live Blog\",\"potentialAction\":[{\"@type\":\"SearchAction\",\"target\":{\"@type\":\"EntryPoint\",\"urlTemplate\":\"https:\\\/\\\/www.sensorialsunsets.com\\\/fr\\\/?s={search_term_string}\"},\"query-input\":{\"@type\":\"PropertyValueSpecification\",\"valueRequired\":true,\"valueName\":\"search_term_string\"}}],\"inLanguage\":\"fr-FR\"},{\"@type\":\"Organization\",\"@id\":\"https:\\\/\\\/www.sensorialsunsets.com\\\/fr\\\/#organization\",\"name\":\"SensorialSunsets\",\"url\":\"https:\\\/\\\/www.sensorialsunsets.com\\\/fr\\\/\",\"logo\":{\"@type\":\"ImageObject\",\"inLanguage\":\"fr-FR\",\"@id\":\"https:\\\/\\\/www.sensorialsunsets.com\\\/fr\\\/#\\\/schema\\\/logo\\\/image\\\/\",\"url\":\"https:\\\/\\\/www.sensorialsunsets.com\\\/wp-content\\\/uploads\\\/2023\\\/04\\\/Logo_base_line_fond_clair.svg\",\"contentUrl\":\"https:\\\/\\\/www.sensorialsunsets.com\\\/wp-content\\\/uploads\\\/2023\\\/04\\\/Logo_base_line_fond_clair.svg\",\"width\":\"1024\",\"height\":\"1024\",\"caption\":\"SensorialSunsets\"},\"image\":{\"@id\":\"https:\\\/\\\/www.sensorialsunsets.com\\\/fr\\\/#\\\/schema\\\/logo\\\/image\\\/\"},\"sameAs\":[\"https:\\\/\\\/www.facebook.com\\\/Sensorial-Sunsets-109180614715562\",\"https:\\\/\\\/www.instagram.com\\\/sensorialsunsets\\\/\"]},{\"@type\":\"Person\",\"@id\":\"https:\\\/\\\/www.sensorialsunsets.com\\\/fr\\\/#\\\/schema\\\/person\\\/a8336a4dbeee633f087a194db2ca482f\",\"name\":\"Marian Barrantes\",\"image\":{\"@type\":\"ImageObject\",\"inLanguage\":\"fr-FR\",\"@id\":\"https:\\\/\\\/secure.gravatar.com\\\/avatar\\\/fafbfab67eb28029818d03f44e3037bd798e04434d8d5c0cfc2eea8ec2882a22?s=96&d=mm&r=g\",\"url\":\"https:\\\/\\\/secure.gravatar.com\\\/avatar\\\/fafbfab67eb28029818d03f44e3037bd798e04434d8d5c0cfc2eea8ec2882a22?s=96&d=mm&r=g\",\"contentUrl\":\"https:\\\/\\\/secure.gravatar.com\\\/avatar\\\/fafbfab67eb28029818d03f44e3037bd798e04434d8d5c0cfc2eea8ec2882a22?s=96&d=mm&r=g\",\"caption\":\"Marian Barrantes\"},\"sameAs\":[\"https:\\\/\\\/www.sensorialsunsets.com\"],\"url\":\"https:\\\/\\\/www.sensorialsunsets.com\\\/fr\\\/author\\\/mbarrantes\\\/\"}]}<\/script>\n<!-- \/ Yoast SEO plugin. -->","yoast_head_json":{"title":"L'aquaculture traditionnelle et le d\u00e9veloppement des zones rurales au Costa Rica - SensorialSunsets","description":"La p\u00eache et l'aquaculture artisanales au Costa Rica sont des activit\u00e9s \u00e0 petite \u00e9chelle, \u00e9cologiquement durables et qui favorisent le d\u00e9veloppement social.","robots":{"index":"index","follow":"follow","max-snippet":"max-snippet:-1","max-image-preview":"max-image-preview:large","max-video-preview":"max-video-preview:-1"},"canonical":"https:\/\/www.sensorialsunsets.com\/fr\/laquaculture-traditionnelle-et-le-developpement-des-zones-rurales-au-costa-rica\/","og_locale":"fr_FR","og_type":"article","og_title":"L'aquaculture traditionnelle et le d\u00e9veloppement des zones rurales au Costa Rica - SensorialSunsets","og_description":"La p\u00eache et l'aquaculture artisanales au Costa Rica sont des activit\u00e9s \u00e0 petite \u00e9chelle, \u00e9cologiquement durables et qui favorisent le d\u00e9veloppement social.","og_url":"https:\/\/www.sensorialsunsets.com\/fr\/laquaculture-traditionnelle-et-le-developpement-des-zones-rurales-au-costa-rica\/","og_site_name":"SensorialSunsets","article_publisher":"https:\/\/www.facebook.com\/Sensorial-Sunsets-109180614715562","article_published_time":"2022-05-10T16:35:55+00:00","article_modified_time":"2022-05-30T21:05:18+00:00","og_image":[{"width":640,"height":427,"url":"https:\/\/www.sensorialsunsets.com\/wp-content\/uploads\/2022\/05\/richard-bell-RySd8U4BsUo-unsplash.jpg","type":"image\/jpeg"}],"author":"Marian Barrantes","twitter_card":"summary_large_image","twitter_misc":{"\u00c9crit par":"Marian Barrantes","Dur\u00e9e de lecture estim\u00e9e":"5 minutes"},"schema":{"@context":"https:\/\/schema.org","@graph":[{"@type":"Article","@id":"https:\/\/www.sensorialsunsets.com\/fr\/laquaculture-traditionnelle-et-le-developpement-des-zones-rurales-au-costa-rica\/#article","isPartOf":{"@id":"https:\/\/www.sensorialsunsets.com\/fr\/laquaculture-traditionnelle-et-le-developpement-des-zones-rurales-au-costa-rica\/"},"author":{"name":"Marian Barrantes","@id":"https:\/\/www.sensorialsunsets.com\/fr\/#\/schema\/person\/a8336a4dbeee633f087a194db2ca482f"},"headline":"L&rsquo;aquaculture traditionnelle et le d\u00e9veloppement des zones rurales au Costa Rica","datePublished":"2022-05-10T16:35:55+00:00","dateModified":"2022-05-30T21:05:18+00:00","mainEntityOfPage":{"@id":"https:\/\/www.sensorialsunsets.com\/fr\/laquaculture-traditionnelle-et-le-developpement-des-zones-rurales-au-costa-rica\/"},"wordCount":1062,"publisher":{"@id":"https:\/\/www.sensorialsunsets.com\/fr\/#organization"},"image":{"@id":"https:\/\/www.sensorialsunsets.com\/fr\/laquaculture-traditionnelle-et-le-developpement-des-zones-rurales-au-costa-rica\/#primaryimage"},"thumbnailUrl":"https:\/\/www.sensorialsunsets.com\/wp-content\/uploads\/2022\/05\/richard-bell-RySd8U4BsUo-unsplash.jpg","articleSection":["Costa Rica","Economie"],"inLanguage":"fr-FR"},{"@type":"WebPage","@id":"https:\/\/www.sensorialsunsets.com\/fr\/laquaculture-traditionnelle-et-le-developpement-des-zones-rurales-au-costa-rica\/","url":"https:\/\/www.sensorialsunsets.com\/fr\/laquaculture-traditionnelle-et-le-developpement-des-zones-rurales-au-costa-rica\/","name":"L'aquaculture traditionnelle et le d\u00e9veloppement des zones rurales au Costa Rica - SensorialSunsets","isPartOf":{"@id":"https:\/\/www.sensorialsunsets.com\/fr\/#website"},"primaryImageOfPage":{"@id":"https:\/\/www.sensorialsunsets.com\/fr\/laquaculture-traditionnelle-et-le-developpement-des-zones-rurales-au-costa-rica\/#primaryimage"},"image":{"@id":"https:\/\/www.sensorialsunsets.com\/fr\/laquaculture-traditionnelle-et-le-developpement-des-zones-rurales-au-costa-rica\/#primaryimage"},"thumbnailUrl":"https:\/\/www.sensorialsunsets.com\/wp-content\/uploads\/2022\/05\/richard-bell-RySd8U4BsUo-unsplash.jpg","datePublished":"2022-05-10T16:35:55+00:00","dateModified":"2022-05-30T21:05:18+00:00","description":"La p\u00eache et l'aquaculture artisanales au Costa Rica sont des activit\u00e9s \u00e0 petite \u00e9chelle, \u00e9cologiquement durables et qui favorisent le d\u00e9veloppement social.","inLanguage":"fr-FR","potentialAction":[{"@type":"ReadAction","target":["https:\/\/www.sensorialsunsets.com\/fr\/laquaculture-traditionnelle-et-le-developpement-des-zones-rurales-au-costa-rica\/"]}]},{"@type":"ImageObject","inLanguage":"fr-FR","@id":"https:\/\/www.sensorialsunsets.com\/fr\/laquaculture-traditionnelle-et-le-developpement-des-zones-rurales-au-costa-rica\/#primaryimage","url":"https:\/\/www.sensorialsunsets.com\/wp-content\/uploads\/2022\/05\/richard-bell-RySd8U4BsUo-unsplash.jpg","contentUrl":"https:\/\/www.sensorialsunsets.com\/wp-content\/uploads\/2022\/05\/richard-bell-RySd8U4BsUo-unsplash.jpg","width":640,"height":427},{"@type":"WebSite","@id":"https:\/\/www.sensorialsunsets.com\/fr\/#website","url":"https:\/\/www.sensorialsunsets.com\/fr\/","name":"SensorialSunsets.com","description":"D\u00e9couvrez la culture et la soci\u00e9t\u00e9 du Costa Rica sur notre blog. Explorez des articles captivants et partagez le contenu.","publisher":{"@id":"https:\/\/www.sensorialsunsets.com\/fr\/#organization"},"alternateName":"Costa Rica Live Blog","potentialAction":[{"@type":"SearchAction","target":{"@type":"EntryPoint","urlTemplate":"https:\/\/www.sensorialsunsets.com\/fr\/?s={search_term_string}"},"query-input":{"@type":"PropertyValueSpecification","valueRequired":true,"valueName":"search_term_string"}}],"inLanguage":"fr-FR"},{"@type":"Organization","@id":"https:\/\/www.sensorialsunsets.com\/fr\/#organization","name":"SensorialSunsets","url":"https:\/\/www.sensorialsunsets.com\/fr\/","logo":{"@type":"ImageObject","inLanguage":"fr-FR","@id":"https:\/\/www.sensorialsunsets.com\/fr\/#\/schema\/logo\/image\/","url":"https:\/\/www.sensorialsunsets.com\/wp-content\/uploads\/2023\/04\/Logo_base_line_fond_clair.svg","contentUrl":"https:\/\/www.sensorialsunsets.com\/wp-content\/uploads\/2023\/04\/Logo_base_line_fond_clair.svg","width":"1024","height":"1024","caption":"SensorialSunsets"},"image":{"@id":"https:\/\/www.sensorialsunsets.com\/fr\/#\/schema\/logo\/image\/"},"sameAs":["https:\/\/www.facebook.com\/Sensorial-Sunsets-109180614715562","https:\/\/www.instagram.com\/sensorialsunsets\/"]},{"@type":"Person","@id":"https:\/\/www.sensorialsunsets.com\/fr\/#\/schema\/person\/a8336a4dbeee633f087a194db2ca482f","name":"Marian Barrantes","image":{"@type":"ImageObject","inLanguage":"fr-FR","@id":"https:\/\/secure.gravatar.com\/avatar\/fafbfab67eb28029818d03f44e3037bd798e04434d8d5c0cfc2eea8ec2882a22?s=96&d=mm&r=g","url":"https:\/\/secure.gravatar.com\/avatar\/fafbfab67eb28029818d03f44e3037bd798e04434d8d5c0cfc2eea8ec2882a22?s=96&d=mm&r=g","contentUrl":"https:\/\/secure.gravatar.com\/avatar\/fafbfab67eb28029818d03f44e3037bd798e04434d8d5c0cfc2eea8ec2882a22?s=96&d=mm&r=g","caption":"Marian Barrantes"},"sameAs":["https:\/\/www.sensorialsunsets.com"],"url":"https:\/\/www.sensorialsunsets.com\/fr\/author\/mbarrantes\/"}]}},"_links":{"self":[{"href":"https:\/\/www.sensorialsunsets.com\/fr\/wp-json\/wp\/v2\/posts\/1769","targetHints":{"allow":["GET"]}}],"collection":[{"href":"https:\/\/www.sensorialsunsets.com\/fr\/wp-json\/wp\/v2\/posts"}],"about":[{"href":"https:\/\/www.sensorialsunsets.com\/fr\/wp-json\/wp\/v2\/types\/post"}],"author":[{"embeddable":true,"href":"https:\/\/www.sensorialsunsets.com\/fr\/wp-json\/wp\/v2\/users\/5"}],"replies":[{"embeddable":true,"href":"https:\/\/www.sensorialsunsets.com\/fr\/wp-json\/wp\/v2\/comments?post=1769"}],"version-history":[{"count":0,"href":"https:\/\/www.sensorialsunsets.com\/fr\/wp-json\/wp\/v2\/posts\/1769\/revisions"}],"wp:featuredmedia":[{"embeddable":true,"href":"https:\/\/www.sensorialsunsets.com\/fr\/wp-json\/wp\/v2\/media\/1766"}],"wp:attachment":[{"href":"https:\/\/www.sensorialsunsets.com\/fr\/wp-json\/wp\/v2\/media?parent=1769"}],"wp:term":[{"taxonomy":"category","embeddable":true,"href":"https:\/\/www.sensorialsunsets.com\/fr\/wp-json\/wp\/v2\/categories?post=1769"},{"taxonomy":"post_tag","embeddable":true,"href":"https:\/\/www.sensorialsunsets.com\/fr\/wp-json\/wp\/v2\/tags?post=1769"}],"curies":[{"name":"wp","href":"https:\/\/api.w.org\/{rel}","templated":true}]}}