{"id":17808,"date":"2024-07-23T16:27:52","date_gmt":"2024-07-23T22:27:52","guid":{"rendered":"https:\/\/www.sensorialsunsets.com\/?p=17808"},"modified":"2024-07-23T16:27:53","modified_gmt":"2024-07-23T22:27:53","slug":"annexion-du-parti-de-nicoya-au-costa-rica","status":"publish","type":"post","link":"https:\/\/www.sensorialsunsets.com\/fr\/annexion-du-parti-de-nicoya-au-costa-rica\/","title":{"rendered":"Annexion du Parti de Nicoya au Costa Rica"},"content":{"rendered":"\n<p><em>L&rsquo;annexion du Parti de Nicoya au Costa Rica, un \u00e9v\u00e9nement historique c\u00e9l\u00e9br\u00e9 chaque ann\u00e9e par des manifestations civiques et culturelles.<\/em> <em>Survenu le 25 juillet 1824, il s&rsquo;agit d&rsquo;un \u00e9v\u00e9nement historique fondamental qui a marqu\u00e9 l&rsquo;incorporation de ce territoire \u00e0 l&rsquo;\u00c9tat costaricien.<\/em> <em>Cet article, r\u00e9dig\u00e9 en collaboration avec l&rsquo;historien de renom Jos\u00e9 Gerardo Su\u00e1rez, donne un aper\u00e7u d\u00e9taill\u00e9 de ce processus et de son impact sur l&rsquo;identit\u00e9 nationale du Costa Rica.<\/em><\/p>\n\n\n\n<hr class=\"wp-block-separator has-text-color has-alpha-channel-opacity has-background is-style-dots\" style=\"background-color:#004f5e;color:#004f5e\"\/>\n\n\n\n<p><\/p>\n\n\n\n<p>L&rsquo;annexion du Parti de Nicoya au Costa Rica est un grand \u00e9v\u00e9nement historique qui fait r\u00e9f\u00e9rence \u00e0 l&rsquo;incorporation du territoire du Parti de Nicoya \u00e0 l&rsquo;\u00c9tat du Costa Rica, qui a eu lieu le 25 juillet 1824.<\/p>\n\n\n\n<h3 class=\"wp-block-heading\">Le pl\u00e9biscite \u00e0 Nicoya<\/h3>\n\n\n\n<p>L&rsquo;annexion s&rsquo;est faite par le biais d&rsquo;un pl\u00e9biscite organis\u00e9 dans la ville de Nicoya, au cours duquel les habitants des municipalit\u00e9s de Nicoya et de Santa Cruz ont vot\u00e9 en faveur de l&rsquo;adh\u00e9sion au Costa Rica ; tandis que la ville de Guanacaste, aujourd&rsquo;hui la ville de Liberia, a refus\u00e9 l&rsquo;annexion. Cependant, le 18 mars 1825, la ville a \u00e9t\u00e9 rattach\u00e9e au Costa Rica par une loi \u00e9mise par le Congr\u00e8s de la R\u00e9publique f\u00e9d\u00e9rale d&rsquo;Am\u00e9rique centrale.<\/p>\n\n\n\n<figure class=\"wp-block-image size-large\"><img loading=\"lazy\" decoding=\"async\" width=\"1024\" height=\"774\" src=\"https:\/\/www.sensorialsunsets.com\/wp-content\/uploads\/2024\/07\/Iglesia-Colonial-de-San-Blas-Sensorial-Sunsets-1024x774.png\" alt=\"L'annexion du Parti de Nicoya au Costa Rica, un \u00e9v\u00e9nement historique c\u00e9l\u00e9br\u00e9 chaque ann\u00e9e par des manifestations civiques et culturelles.\" class=\"wp-image-17793\" srcset=\"https:\/\/www.sensorialsunsets.com\/wp-content\/uploads\/2024\/07\/Iglesia-Colonial-de-San-Blas-Sensorial-Sunsets-1024x774.png 1024w, https:\/\/www.sensorialsunsets.com\/wp-content\/uploads\/2024\/07\/Iglesia-Colonial-de-San-Blas-Sensorial-Sunsets-300x227.png 300w, https:\/\/www.sensorialsunsets.com\/wp-content\/uploads\/2024\/07\/Iglesia-Colonial-de-San-Blas-Sensorial-Sunsets-768x580.png 768w, https:\/\/www.sensorialsunsets.com\/wp-content\/uploads\/2024\/07\/Iglesia-Colonial-de-San-Blas-Sensorial-Sunsets-1320x998.png 1320w, https:\/\/www.sensorialsunsets.com\/wp-content\/uploads\/2024\/07\/Iglesia-Colonial-de-San-Blas-Sensorial-Sunsets.png 1351w\" sizes=\"auto, (max-width: 1024px) 100vw, 1024px\" \/><figcaption class=\"wp-element-caption\">Le 25 juillet 1824, la municipalit\u00e9 de Nicoya et Santa Cruz, r\u00e9unie en conseil municipal ouvert, proclame l&rsquo;incorporation du Parti de Nicoya \u00e0 l&rsquo;\u00c9tat costaricien.<\/figcaption><\/figure>\n\n\n\n<div style=\"height:38px\" aria-hidden=\"true\" class=\"wp-block-spacer\"><\/div>\n\n\n\n<p>Il convient de noter que le terme <em>annexion de Guanacaste<\/em> utilis\u00e9 pour d\u00e9signer cet \u00e9v\u00e9nement est consid\u00e9r\u00e9 comme historiquement incorrect.<\/p>\n\n\n\n<p>Le processus de consolidation d&rsquo;une telle union s&rsquo;est toutefois d\u00e9roul\u00e9 progressivement au cours de la d\u00e9cennie suivante. L&rsquo;annexion n&rsquo;a pas \u00e9t\u00e9 un acte unique, mais plut\u00f4t un processus d&rsquo;exp\u00e9riences vari\u00e9es, au cours duquel les voisins de l&rsquo;ancien Parti de Nicoya ont agi de diverses mani\u00e8res sur une p\u00e9riode d&rsquo;environ dix ans. Ce qui se justifie en partie par le fait qu&rsquo;apr\u00e8s l&rsquo;ind\u00e9pendance de l&rsquo;Am\u00e9rique centrale, les loyaut\u00e9s nationales n&rsquo;existaient pas encore en Am\u00e9rique centrale et que les identit\u00e9s n&rsquo;avaient pas \u00e9t\u00e9 consolid\u00e9es dans les \u00c9tats naissants.<\/p>\n\n\n\n<p>Il a fallu des ann\u00e9es pour qu&rsquo;un consensus g\u00e9n\u00e9ral se d\u00e9gage parmi les populations du Parti de Nicoya sur l&rsquo;opportunit\u00e9 d&rsquo;appartenir au Costa Rica. Ce n&rsquo;est qu&rsquo;en 1838 que les municipalit\u00e9s des trois villes les plus importantes du parti de Nicoya ont ratifi\u00e9 leur annexion au pays. Et ce n&rsquo;est qu&rsquo;en 1858 que le Costa Rica a obtenu la s\u00e9curit\u00e9 juridique sur le Guanacaste avec la signature du trait\u00e9 de Ca\u00f1as-Jerez.<\/p>\n\n\n\n<h3 class=\"wp-block-heading\">Le territoire du Parti de Nicoya<\/h3>\n\n\n<div class=\"wp-block-image\">\n<figure class=\"alignright size-large is-resized\"><img loading=\"lazy\" decoding=\"async\" width=\"1024\" height=\"819\" src=\"https:\/\/www.sensorialsunsets.com\/wp-content\/uploads\/2024\/07\/Nicoya-Sensorial-Sunsets-2-1024x819.png\" alt=\"L'annexion du Parti de Nicoya au Costa Rica, un \u00e9v\u00e9nement historique c\u00e9l\u00e9br\u00e9 chaque ann\u00e9e par des manifestations civiques et culturelles.\" class=\"wp-image-17789\" style=\"width:343px;height:auto\" srcset=\"https:\/\/www.sensorialsunsets.com\/wp-content\/uploads\/2024\/07\/Nicoya-Sensorial-Sunsets-2-1024x819.png 1024w, https:\/\/www.sensorialsunsets.com\/wp-content\/uploads\/2024\/07\/Nicoya-Sensorial-Sunsets-2-300x240.png 300w, https:\/\/www.sensorialsunsets.com\/wp-content\/uploads\/2024\/07\/Nicoya-Sensorial-Sunsets-2-768x614.png 768w, https:\/\/www.sensorialsunsets.com\/wp-content\/uploads\/2024\/07\/Nicoya-Sensorial-Sunsets-2-1320x1055.png 1320w, https:\/\/www.sensorialsunsets.com\/wp-content\/uploads\/2024\/07\/Nicoya-Sensorial-Sunsets-2.png 1351w\" sizes=\"auto, (max-width: 1024px) 100vw, 1024px\" \/><figcaption class=\"wp-element-caption\">Fuente: NASA<\/figcaption><\/figure>\n<\/div>\n\n\n<p>Le Parti de Nicoya comprenait les terres situ\u00e9es entre le R\u00edo de la Flor et le lac Nicaragua au nord-ouest et au sud du Costa Rica : la p\u00e9ninsule de Nicoya, le golfe de Nicoya, le R\u00edo Tempisque, le R\u00edo Salto et une ligne reliant ce dernier au d\u00e9but du Desaguadero ou R\u00edo San Juan \u00e0 l&rsquo;est.<\/p>\n\n\n\n<p>Aujourd&rsquo;hui, une grande partie de ce qui \u00e9tait autrefois le Parti de Nicoya est devenu la province de Guanacaste.<br>Nos anc\u00eatres parcouraient ces terres il y a 12 000 ans. La soci\u00e9t\u00e9 nicoyenne a atteint une organisation sociale complexe et un haut degr\u00e9 de d\u00e9veloppement culturel, dont la tradition culturelle \u00e9tait clairement \u00e9tablie en tant qu&rsquo;entit\u00e9 distincte.<br>Aujourd&rsquo;hui, l&rsquo;annexion de la partie de Nicoya est un \u00e9v\u00e9nement costaricien important, c\u00e9l\u00e9br\u00e9 chaque 25 juillet par des manifestations civiques et culturelles dans les \u00e9coles, les coll\u00e8ges, les universit\u00e9s et les communaut\u00e9s de tout le pays.<\/p>\n\n\n\n<p><strong>Jos\u00e9 Gerardo Su\u00e1rez en collaboration avec Sensorial Sunsets<\/strong><\/p>\n","protected":false},"excerpt":{"rendered":"<p>L&rsquo;annexion du Parti de Nicoya au Costa Rica, un \u00e9v\u00e9nement historique c\u00e9l\u00e9br\u00e9 chaque ann\u00e9e par des manifestations civiques et culturelles. Survenu le 25 juillet 1824, il s&rsquo;agit d&rsquo;un \u00e9v\u00e9nement historique fondamental qui a marqu\u00e9 l&rsquo;incorporation de ce territoire \u00e0 l&rsquo;\u00c9tat costaricien. Cet article, r\u00e9dig\u00e9 en collaboration avec l&rsquo;historien de renom Jos\u00e9 Gerardo Su\u00e1rez, donne un [&hellip;]<\/p>\n","protected":false},"author":4,"featured_media":17776,"comment_status":"closed","ping_status":"closed","sticky":false,"template":"","format":"standard","meta":{"_acf_changed":false,"inline_featured_image":false,"_monsterinsights_skip_tracking":false,"_monsterinsights_sitenote_active":false,"_monsterinsights_sitenote_note":"","_monsterinsights_sitenote_category":0,"footnotes":""},"categories":[120],"tags":[],"class_list":["post-17808","post","type-post","status-publish","format-standard","has-post-thumbnail","hentry","category-histoire"],"acf":[],"yoast_head":"<!-- This site is optimized with the Yoast SEO plugin v27.4 - https:\/\/yoast.com\/product\/yoast-seo-wordpress\/ -->\n<title>Annexion du Parti de Nicoya au Costa Rica - SensorialSunsets<\/title>\n<meta name=\"description\" content=\"L&#039;annexion du Parti de Nicoya au Costa Rica, un \u00e9v\u00e9nement historique c\u00e9l\u00e9br\u00e9 chaque ann\u00e9e par des manifestations civiques et culturelles.\" \/>\n<meta name=\"robots\" content=\"index, follow, max-snippet:-1, max-image-preview:large, max-video-preview:-1\" \/>\n<link rel=\"canonical\" href=\"https:\/\/www.sensorialsunsets.com\/fr\/annexion-du-parti-de-nicoya-au-costa-rica\/\" \/>\n<meta property=\"og:locale\" content=\"fr_FR\" \/>\n<meta property=\"og:type\" content=\"article\" \/>\n<meta property=\"og:title\" content=\"Annexion du Parti de Nicoya au Costa Rica - SensorialSunsets\" \/>\n<meta property=\"og:description\" content=\"L&#039;annexion du Parti de Nicoya au Costa Rica, un \u00e9v\u00e9nement historique c\u00e9l\u00e9br\u00e9 chaque ann\u00e9e par des manifestations civiques et culturelles.\" \/>\n<meta property=\"og:url\" content=\"https:\/\/www.sensorialsunsets.com\/fr\/annexion-du-parti-de-nicoya-au-costa-rica\/\" \/>\n<meta property=\"og:site_name\" content=\"SensorialSunsets\" \/>\n<meta property=\"article:publisher\" content=\"https:\/\/www.facebook.com\/Sensorial-Sunsets-109180614715562\" \/>\n<meta property=\"article:published_time\" content=\"2024-07-23T22:27:52+00:00\" \/>\n<meta property=\"article:modified_time\" content=\"2024-07-23T22:27:53+00:00\" \/>\n<meta property=\"og:image\" content=\"https:\/\/www.sensorialsunsets.com\/wp-content\/uploads\/2024\/07\/Anexion-Partido-Nicoya-Sensorial-Sunsets.png\" \/>\n\t<meta property=\"og:image:width\" content=\"840\" \/>\n\t<meta property=\"og:image:height\" content=\"350\" \/>\n\t<meta property=\"og:image:type\" content=\"image\/png\" \/>\n<meta name=\"author\" content=\"Sensorial Sunsets\" \/>\n<meta name=\"twitter:card\" content=\"summary_large_image\" \/>\n<meta name=\"twitter:label1\" content=\"\u00c9crit par\" \/>\n\t<meta name=\"twitter:data1\" content=\"Sensorial Sunsets\" \/>\n\t<meta name=\"twitter:label2\" content=\"Dur\u00e9e de lecture estim\u00e9e\" \/>\n\t<meta name=\"twitter:data2\" content=\"3 minutes\" \/>\n<script type=\"application\/ld+json\" class=\"yoast-schema-graph\">{\"@context\":\"https:\\\/\\\/schema.org\",\"@graph\":[{\"@type\":\"Article\",\"@id\":\"https:\\\/\\\/www.sensorialsunsets.com\\\/fr\\\/annexion-du-parti-de-nicoya-au-costa-rica\\\/#article\",\"isPartOf\":{\"@id\":\"https:\\\/\\\/www.sensorialsunsets.com\\\/fr\\\/annexion-du-parti-de-nicoya-au-costa-rica\\\/\"},\"author\":{\"name\":\"Sensorial Sunsets\",\"@id\":\"https:\\\/\\\/www.sensorialsunsets.com\\\/fr\\\/#\\\/schema\\\/person\\\/77e2fa594135aa94024c47e281d8a94d\"},\"headline\":\"Annexion du Parti de Nicoya au Costa Rica\",\"datePublished\":\"2024-07-23T22:27:52+00:00\",\"dateModified\":\"2024-07-23T22:27:53+00:00\",\"mainEntityOfPage\":{\"@id\":\"https:\\\/\\\/www.sensorialsunsets.com\\\/fr\\\/annexion-du-parti-de-nicoya-au-costa-rica\\\/\"},\"wordCount\":650,\"publisher\":{\"@id\":\"https:\\\/\\\/www.sensorialsunsets.com\\\/fr\\\/#organization\"},\"image\":{\"@id\":\"https:\\\/\\\/www.sensorialsunsets.com\\\/fr\\\/annexion-du-parti-de-nicoya-au-costa-rica\\\/#primaryimage\"},\"thumbnailUrl\":\"https:\\\/\\\/www.sensorialsunsets.com\\\/wp-content\\\/uploads\\\/2024\\\/07\\\/Anexion-Partido-Nicoya-Sensorial-Sunsets.png\",\"articleSection\":[\"Histoire\"],\"inLanguage\":\"fr-FR\"},{\"@type\":\"WebPage\",\"@id\":\"https:\\\/\\\/www.sensorialsunsets.com\\\/fr\\\/annexion-du-parti-de-nicoya-au-costa-rica\\\/\",\"url\":\"https:\\\/\\\/www.sensorialsunsets.com\\\/fr\\\/annexion-du-parti-de-nicoya-au-costa-rica\\\/\",\"name\":\"Annexion du Parti de Nicoya au Costa Rica - SensorialSunsets\",\"isPartOf\":{\"@id\":\"https:\\\/\\\/www.sensorialsunsets.com\\\/fr\\\/#website\"},\"primaryImageOfPage\":{\"@id\":\"https:\\\/\\\/www.sensorialsunsets.com\\\/fr\\\/annexion-du-parti-de-nicoya-au-costa-rica\\\/#primaryimage\"},\"image\":{\"@id\":\"https:\\\/\\\/www.sensorialsunsets.com\\\/fr\\\/annexion-du-parti-de-nicoya-au-costa-rica\\\/#primaryimage\"},\"thumbnailUrl\":\"https:\\\/\\\/www.sensorialsunsets.com\\\/wp-content\\\/uploads\\\/2024\\\/07\\\/Anexion-Partido-Nicoya-Sensorial-Sunsets.png\",\"datePublished\":\"2024-07-23T22:27:52+00:00\",\"dateModified\":\"2024-07-23T22:27:53+00:00\",\"description\":\"L'annexion du Parti de Nicoya au Costa Rica, un \u00e9v\u00e9nement historique c\u00e9l\u00e9br\u00e9 chaque ann\u00e9e par des manifestations civiques et culturelles.\",\"inLanguage\":\"fr-FR\",\"potentialAction\":[{\"@type\":\"ReadAction\",\"target\":[\"https:\\\/\\\/www.sensorialsunsets.com\\\/fr\\\/annexion-du-parti-de-nicoya-au-costa-rica\\\/\"]}]},{\"@type\":\"ImageObject\",\"inLanguage\":\"fr-FR\",\"@id\":\"https:\\\/\\\/www.sensorialsunsets.com\\\/fr\\\/annexion-du-parti-de-nicoya-au-costa-rica\\\/#primaryimage\",\"url\":\"https:\\\/\\\/www.sensorialsunsets.com\\\/wp-content\\\/uploads\\\/2024\\\/07\\\/Anexion-Partido-Nicoya-Sensorial-Sunsets.png\",\"contentUrl\":\"https:\\\/\\\/www.sensorialsunsets.com\\\/wp-content\\\/uploads\\\/2024\\\/07\\\/Anexion-Partido-Nicoya-Sensorial-Sunsets.png\",\"width\":840,\"height\":350},{\"@type\":\"WebSite\",\"@id\":\"https:\\\/\\\/www.sensorialsunsets.com\\\/fr\\\/#website\",\"url\":\"https:\\\/\\\/www.sensorialsunsets.com\\\/fr\\\/\",\"name\":\"SensorialSunsets.com\",\"description\":\"D\u00e9couvrez la culture et la soci\u00e9t\u00e9 du Costa Rica sur notre blog. Explorez des articles captivants et partagez le contenu.\",\"publisher\":{\"@id\":\"https:\\\/\\\/www.sensorialsunsets.com\\\/fr\\\/#organization\"},\"alternateName\":\"Costa Rica Live Blog\",\"potentialAction\":[{\"@type\":\"SearchAction\",\"target\":{\"@type\":\"EntryPoint\",\"urlTemplate\":\"https:\\\/\\\/www.sensorialsunsets.com\\\/fr\\\/?s={search_term_string}\"},\"query-input\":{\"@type\":\"PropertyValueSpecification\",\"valueRequired\":true,\"valueName\":\"search_term_string\"}}],\"inLanguage\":\"fr-FR\"},{\"@type\":\"Organization\",\"@id\":\"https:\\\/\\\/www.sensorialsunsets.com\\\/fr\\\/#organization\",\"name\":\"SensorialSunsets\",\"url\":\"https:\\\/\\\/www.sensorialsunsets.com\\\/fr\\\/\",\"logo\":{\"@type\":\"ImageObject\",\"inLanguage\":\"fr-FR\",\"@id\":\"https:\\\/\\\/www.sensorialsunsets.com\\\/fr\\\/#\\\/schema\\\/logo\\\/image\\\/\",\"url\":\"https:\\\/\\\/www.sensorialsunsets.com\\\/wp-content\\\/uploads\\\/2023\\\/04\\\/Logo_base_line_fond_clair.svg\",\"contentUrl\":\"https:\\\/\\\/www.sensorialsunsets.com\\\/wp-content\\\/uploads\\\/2023\\\/04\\\/Logo_base_line_fond_clair.svg\",\"width\":\"1024\",\"height\":\"1024\",\"caption\":\"SensorialSunsets\"},\"image\":{\"@id\":\"https:\\\/\\\/www.sensorialsunsets.com\\\/fr\\\/#\\\/schema\\\/logo\\\/image\\\/\"},\"sameAs\":[\"https:\\\/\\\/www.facebook.com\\\/Sensorial-Sunsets-109180614715562\",\"https:\\\/\\\/www.instagram.com\\\/sensorialsunsets\\\/\"]},{\"@type\":\"Person\",\"@id\":\"https:\\\/\\\/www.sensorialsunsets.com\\\/fr\\\/#\\\/schema\\\/person\\\/77e2fa594135aa94024c47e281d8a94d\",\"name\":\"Sensorial Sunsets\",\"image\":{\"@type\":\"ImageObject\",\"inLanguage\":\"fr-FR\",\"@id\":\"https:\\\/\\\/secure.gravatar.com\\\/avatar\\\/5f2d62681b1dad94c28f1500d4fc75582acdfd32b55fd1acce0a36a3c487eabe?s=96&d=mm&r=g\",\"url\":\"https:\\\/\\\/secure.gravatar.com\\\/avatar\\\/5f2d62681b1dad94c28f1500d4fc75582acdfd32b55fd1acce0a36a3c487eabe?s=96&d=mm&r=g\",\"contentUrl\":\"https:\\\/\\\/secure.gravatar.com\\\/avatar\\\/5f2d62681b1dad94c28f1500d4fc75582acdfd32b55fd1acce0a36a3c487eabe?s=96&d=mm&r=g\",\"caption\":\"Sensorial Sunsets\"},\"url\":\"https:\\\/\\\/www.sensorialsunsets.com\\\/fr\\\/author\\\/asistentes-sensorial-sunsets\\\/\"}]}<\/script>\n<!-- \/ Yoast SEO plugin. -->","yoast_head_json":{"title":"Annexion du Parti de Nicoya au Costa Rica - SensorialSunsets","description":"L'annexion du Parti de Nicoya au Costa Rica, un \u00e9v\u00e9nement historique c\u00e9l\u00e9br\u00e9 chaque ann\u00e9e par des manifestations civiques et culturelles.","robots":{"index":"index","follow":"follow","max-snippet":"max-snippet:-1","max-image-preview":"max-image-preview:large","max-video-preview":"max-video-preview:-1"},"canonical":"https:\/\/www.sensorialsunsets.com\/fr\/annexion-du-parti-de-nicoya-au-costa-rica\/","og_locale":"fr_FR","og_type":"article","og_title":"Annexion du Parti de Nicoya au Costa Rica - SensorialSunsets","og_description":"L'annexion du Parti de Nicoya au Costa Rica, un \u00e9v\u00e9nement historique c\u00e9l\u00e9br\u00e9 chaque ann\u00e9e par des manifestations civiques et culturelles.","og_url":"https:\/\/www.sensorialsunsets.com\/fr\/annexion-du-parti-de-nicoya-au-costa-rica\/","og_site_name":"SensorialSunsets","article_publisher":"https:\/\/www.facebook.com\/Sensorial-Sunsets-109180614715562","article_published_time":"2024-07-23T22:27:52+00:00","article_modified_time":"2024-07-23T22:27:53+00:00","og_image":[{"width":840,"height":350,"url":"https:\/\/www.sensorialsunsets.com\/wp-content\/uploads\/2024\/07\/Anexion-Partido-Nicoya-Sensorial-Sunsets.png","type":"image\/png"}],"author":"Sensorial Sunsets","twitter_card":"summary_large_image","twitter_misc":{"\u00c9crit par":"Sensorial Sunsets","Dur\u00e9e de lecture estim\u00e9e":"3 minutes"},"schema":{"@context":"https:\/\/schema.org","@graph":[{"@type":"Article","@id":"https:\/\/www.sensorialsunsets.com\/fr\/annexion-du-parti-de-nicoya-au-costa-rica\/#article","isPartOf":{"@id":"https:\/\/www.sensorialsunsets.com\/fr\/annexion-du-parti-de-nicoya-au-costa-rica\/"},"author":{"name":"Sensorial Sunsets","@id":"https:\/\/www.sensorialsunsets.com\/fr\/#\/schema\/person\/77e2fa594135aa94024c47e281d8a94d"},"headline":"Annexion du Parti de Nicoya au Costa Rica","datePublished":"2024-07-23T22:27:52+00:00","dateModified":"2024-07-23T22:27:53+00:00","mainEntityOfPage":{"@id":"https:\/\/www.sensorialsunsets.com\/fr\/annexion-du-parti-de-nicoya-au-costa-rica\/"},"wordCount":650,"publisher":{"@id":"https:\/\/www.sensorialsunsets.com\/fr\/#organization"},"image":{"@id":"https:\/\/www.sensorialsunsets.com\/fr\/annexion-du-parti-de-nicoya-au-costa-rica\/#primaryimage"},"thumbnailUrl":"https:\/\/www.sensorialsunsets.com\/wp-content\/uploads\/2024\/07\/Anexion-Partido-Nicoya-Sensorial-Sunsets.png","articleSection":["Histoire"],"inLanguage":"fr-FR"},{"@type":"WebPage","@id":"https:\/\/www.sensorialsunsets.com\/fr\/annexion-du-parti-de-nicoya-au-costa-rica\/","url":"https:\/\/www.sensorialsunsets.com\/fr\/annexion-du-parti-de-nicoya-au-costa-rica\/","name":"Annexion du Parti de Nicoya au Costa Rica - SensorialSunsets","isPartOf":{"@id":"https:\/\/www.sensorialsunsets.com\/fr\/#website"},"primaryImageOfPage":{"@id":"https:\/\/www.sensorialsunsets.com\/fr\/annexion-du-parti-de-nicoya-au-costa-rica\/#primaryimage"},"image":{"@id":"https:\/\/www.sensorialsunsets.com\/fr\/annexion-du-parti-de-nicoya-au-costa-rica\/#primaryimage"},"thumbnailUrl":"https:\/\/www.sensorialsunsets.com\/wp-content\/uploads\/2024\/07\/Anexion-Partido-Nicoya-Sensorial-Sunsets.png","datePublished":"2024-07-23T22:27:52+00:00","dateModified":"2024-07-23T22:27:53+00:00","description":"L'annexion du Parti de Nicoya au Costa Rica, un \u00e9v\u00e9nement historique c\u00e9l\u00e9br\u00e9 chaque ann\u00e9e par des manifestations civiques et culturelles.","inLanguage":"fr-FR","potentialAction":[{"@type":"ReadAction","target":["https:\/\/www.sensorialsunsets.com\/fr\/annexion-du-parti-de-nicoya-au-costa-rica\/"]}]},{"@type":"ImageObject","inLanguage":"fr-FR","@id":"https:\/\/www.sensorialsunsets.com\/fr\/annexion-du-parti-de-nicoya-au-costa-rica\/#primaryimage","url":"https:\/\/www.sensorialsunsets.com\/wp-content\/uploads\/2024\/07\/Anexion-Partido-Nicoya-Sensorial-Sunsets.png","contentUrl":"https:\/\/www.sensorialsunsets.com\/wp-content\/uploads\/2024\/07\/Anexion-Partido-Nicoya-Sensorial-Sunsets.png","width":840,"height":350},{"@type":"WebSite","@id":"https:\/\/www.sensorialsunsets.com\/fr\/#website","url":"https:\/\/www.sensorialsunsets.com\/fr\/","name":"SensorialSunsets.com","description":"D\u00e9couvrez la culture et la soci\u00e9t\u00e9 du Costa Rica sur notre blog. Explorez des articles captivants et partagez le contenu.","publisher":{"@id":"https:\/\/www.sensorialsunsets.com\/fr\/#organization"},"alternateName":"Costa Rica Live Blog","potentialAction":[{"@type":"SearchAction","target":{"@type":"EntryPoint","urlTemplate":"https:\/\/www.sensorialsunsets.com\/fr\/?s={search_term_string}"},"query-input":{"@type":"PropertyValueSpecification","valueRequired":true,"valueName":"search_term_string"}}],"inLanguage":"fr-FR"},{"@type":"Organization","@id":"https:\/\/www.sensorialsunsets.com\/fr\/#organization","name":"SensorialSunsets","url":"https:\/\/www.sensorialsunsets.com\/fr\/","logo":{"@type":"ImageObject","inLanguage":"fr-FR","@id":"https:\/\/www.sensorialsunsets.com\/fr\/#\/schema\/logo\/image\/","url":"https:\/\/www.sensorialsunsets.com\/wp-content\/uploads\/2023\/04\/Logo_base_line_fond_clair.svg","contentUrl":"https:\/\/www.sensorialsunsets.com\/wp-content\/uploads\/2023\/04\/Logo_base_line_fond_clair.svg","width":"1024","height":"1024","caption":"SensorialSunsets"},"image":{"@id":"https:\/\/www.sensorialsunsets.com\/fr\/#\/schema\/logo\/image\/"},"sameAs":["https:\/\/www.facebook.com\/Sensorial-Sunsets-109180614715562","https:\/\/www.instagram.com\/sensorialsunsets\/"]},{"@type":"Person","@id":"https:\/\/www.sensorialsunsets.com\/fr\/#\/schema\/person\/77e2fa594135aa94024c47e281d8a94d","name":"Sensorial Sunsets","image":{"@type":"ImageObject","inLanguage":"fr-FR","@id":"https:\/\/secure.gravatar.com\/avatar\/5f2d62681b1dad94c28f1500d4fc75582acdfd32b55fd1acce0a36a3c487eabe?s=96&d=mm&r=g","url":"https:\/\/secure.gravatar.com\/avatar\/5f2d62681b1dad94c28f1500d4fc75582acdfd32b55fd1acce0a36a3c487eabe?s=96&d=mm&r=g","contentUrl":"https:\/\/secure.gravatar.com\/avatar\/5f2d62681b1dad94c28f1500d4fc75582acdfd32b55fd1acce0a36a3c487eabe?s=96&d=mm&r=g","caption":"Sensorial Sunsets"},"url":"https:\/\/www.sensorialsunsets.com\/fr\/author\/asistentes-sensorial-sunsets\/"}]}},"_links":{"self":[{"href":"https:\/\/www.sensorialsunsets.com\/fr\/wp-json\/wp\/v2\/posts\/17808","targetHints":{"allow":["GET"]}}],"collection":[{"href":"https:\/\/www.sensorialsunsets.com\/fr\/wp-json\/wp\/v2\/posts"}],"about":[{"href":"https:\/\/www.sensorialsunsets.com\/fr\/wp-json\/wp\/v2\/types\/post"}],"author":[{"embeddable":true,"href":"https:\/\/www.sensorialsunsets.com\/fr\/wp-json\/wp\/v2\/users\/4"}],"replies":[{"embeddable":true,"href":"https:\/\/www.sensorialsunsets.com\/fr\/wp-json\/wp\/v2\/comments?post=17808"}],"version-history":[{"count":0,"href":"https:\/\/www.sensorialsunsets.com\/fr\/wp-json\/wp\/v2\/posts\/17808\/revisions"}],"wp:featuredmedia":[{"embeddable":true,"href":"https:\/\/www.sensorialsunsets.com\/fr\/wp-json\/wp\/v2\/media\/17776"}],"wp:attachment":[{"href":"https:\/\/www.sensorialsunsets.com\/fr\/wp-json\/wp\/v2\/media?parent=17808"}],"wp:term":[{"taxonomy":"category","embeddable":true,"href":"https:\/\/www.sensorialsunsets.com\/fr\/wp-json\/wp\/v2\/categories?post=17808"},{"taxonomy":"post_tag","embeddable":true,"href":"https:\/\/www.sensorialsunsets.com\/fr\/wp-json\/wp\/v2\/tags?post=17808"}],"curies":[{"name":"wp","href":"https:\/\/api.w.org\/{rel}","templated":true}]}}