{"id":17859,"date":"2024-07-24T14:25:21","date_gmt":"2024-07-24T20:25:21","guid":{"rendered":"https:\/\/www.sensorialsunsets.com\/?p=17859"},"modified":"2024-07-24T14:25:36","modified_gmt":"2024-07-24T20:25:36","slug":"mais-au-guanacaste-un-tresor-culturel-et-nutritionnel","status":"publish","type":"post","link":"https:\/\/www.sensorialsunsets.com\/fr\/mais-au-guanacaste-un-tresor-culturel-et-nutritionnel\/","title":{"rendered":"Ma\u00efs au Guanacaste : un tr\u00e9sor culturel et nutritionnel"},"content":{"rendered":"\n<p>Le ma\u00efs est un pilier fondamental de l&rsquo;histoire et de la culture du Guanacaste, au Costa Rica. Selon le d\u00e9cret n\u00b0 38538 de 2014, le ma\u00efs dans ses vari\u00e9t\u00e9s natives et cr\u00e9oles est consid\u00e9r\u00e9 comme un patrimoine culturel du Costa Rica. Des vestiges arch\u00e9ologiques indiquent que la pr\u00e9sence et l&rsquo;utilisation du ma\u00efs dans cette r\u00e9gion remontent \u00e0 3 000 ans avant notre \u00e8re. Le mot \u00ab ma\u00efs \u00bb vient des Tainos, un groupe indig\u00e8ne des Cara\u00efbes, et signifie \u00ab ce qui soutient la vie \u00bb. Cette c\u00e9r\u00e9ale est essentielle au r\u00e9gime alimentaire et \u00e0 la vision du monde des populations m\u00e9soam\u00e9ricaines depuis l&rsquo;\u00e9poque pr\u00e9hispanique.<\/p>\n\n\n\n<h3 class=\"wp-block-heading\">Vari\u00e9t\u00e9s et traditions<\/h3>\n\n\n\n<p>\u00c0 Guanacaste, le ma\u00efs Pujagua et le ma\u00efs Congo sont les vari\u00e9t\u00e9s autochtones les plus courantes. La culture du ma\u00efs se refl\u00e8te dans de multiples traditions, telles que l&rsquo;\u00e9laboration d&rsquo;aliments typiques : punch au ma\u00efs, pinolillo, tortilla sucr\u00e9e, rosquillas, perrerreque, yoltamal, tanelas, bollo asado, riz au ma\u00efs, bizcochos et mazamorra. Ces pr\u00e9parations sont non seulement d\u00e9licieuses, mais elles font \u00e9galement partie de l&rsquo;identit\u00e9 culturelle et sociale de la r\u00e9gion.<\/p>\n\n\n\n<h5 class=\"wp-block-heading\">Sauvetage et promotion du ma\u00efs autochtone<\/h5>\n\n\n\n<p>Afin de pr\u00e9server les traditions ancestrales et de promouvoir une alimentation saine, le Centre national des sciences et technologies alimentaires (CITA) et Canal UCR ont produit un documentaire sur le ma\u00efs pujagua, \u00e9galement connu sous le nom de ma\u00efs violet. Ce ma\u00efs autochtone, cultiv\u00e9 dans le Guanacaste, a connu un d\u00e9clin alarmant de sa culture et de sa consommation au cours des derni\u00e8res d\u00e9cennies en raison de la d\u00e9pendance \u00e0 l&rsquo;\u00e9gard du ma\u00efs jaune import\u00e9. Le documentaire cherche \u00e0 sensibiliser \u00e0 la richesse nutritionnelle du ma\u00efs pujagua et \u00e0 son lien avec les festivit\u00e9s et les traditions locales.<\/p>\n\n\n\n<figure class=\"wp-block-gallery has-nested-images columns-default is-cropped wp-block-gallery-1 is-layout-flex wp-block-gallery-is-layout-flex\">\n<figure class=\"wp-block-image size-large\"><img loading=\"lazy\" decoding=\"async\" width=\"1024\" height=\"685\" data-id=\"17827\" src=\"https:\/\/www.sensorialsunsets.com\/wp-content\/uploads\/2024\/07\/Maiz-Sensorial-Sunsets-1024x685.jpg\" alt=\"\" class=\"wp-image-17827\" srcset=\"https:\/\/www.sensorialsunsets.com\/wp-content\/uploads\/2024\/07\/Maiz-Sensorial-Sunsets-1024x685.jpg 1024w, https:\/\/www.sensorialsunsets.com\/wp-content\/uploads\/2024\/07\/Maiz-Sensorial-Sunsets-300x201.jpg 300w, https:\/\/www.sensorialsunsets.com\/wp-content\/uploads\/2024\/07\/Maiz-Sensorial-Sunsets-768x514.jpg 768w, https:\/\/www.sensorialsunsets.com\/wp-content\/uploads\/2024\/07\/Maiz-Sensorial-Sunsets-1536x1028.jpg 1536w, https:\/\/www.sensorialsunsets.com\/wp-content\/uploads\/2024\/07\/Maiz-Sensorial-Sunsets-2048x1371.jpg 2048w, https:\/\/www.sensorialsunsets.com\/wp-content\/uploads\/2024\/07\/Maiz-Sensorial-Sunsets-334x222.jpg 334w, https:\/\/www.sensorialsunsets.com\/wp-content\/uploads\/2024\/07\/Maiz-Sensorial-Sunsets-1320x884.jpg 1320w\" sizes=\"auto, (max-width: 1024px) 100vw, 1024px\" \/><figcaption class=\"wp-element-caption\">Ma\u00efs jaune<\/figcaption><\/figure>\n\n\n\n<figure class=\"wp-block-image size-large\"><img loading=\"lazy\" decoding=\"async\" width=\"1024\" height=\"1024\" data-id=\"17831\" src=\"https:\/\/www.sensorialsunsets.com\/wp-content\/uploads\/2024\/07\/Variedad-maiz-pujagua-Sensorial-Sunsets-1024x1024.png\" alt=\"\" class=\"wp-image-17831\" srcset=\"https:\/\/www.sensorialsunsets.com\/wp-content\/uploads\/2024\/07\/Variedad-maiz-pujagua-Sensorial-Sunsets-1024x1024.png 1024w, https:\/\/www.sensorialsunsets.com\/wp-content\/uploads\/2024\/07\/Variedad-maiz-pujagua-Sensorial-Sunsets-300x300.png 300w, https:\/\/www.sensorialsunsets.com\/wp-content\/uploads\/2024\/07\/Variedad-maiz-pujagua-Sensorial-Sunsets-150x150.png 150w, https:\/\/www.sensorialsunsets.com\/wp-content\/uploads\/2024\/07\/Variedad-maiz-pujagua-Sensorial-Sunsets-768x768.png 768w, https:\/\/www.sensorialsunsets.com\/wp-content\/uploads\/2024\/07\/Variedad-maiz-pujagua-Sensorial-Sunsets-50x50.png 50w, https:\/\/www.sensorialsunsets.com\/wp-content\/uploads\/2024\/07\/Variedad-maiz-pujagua-Sensorial-Sunsets-117x117.png 117w, https:\/\/www.sensorialsunsets.com\/wp-content\/uploads\/2024\/07\/Variedad-maiz-pujagua-Sensorial-Sunsets-1320x1320.png 1320w, https:\/\/www.sensorialsunsets.com\/wp-content\/uploads\/2024\/07\/Variedad-maiz-pujagua-Sensorial-Sunsets.png 1440w\" sizes=\"auto, (max-width: 1024px) 100vw, 1024px\" \/><figcaption class=\"wp-element-caption\">Pujagua rose<\/figcaption><\/figure>\n\n\n\n<figure class=\"wp-block-image size-large\"><img loading=\"lazy\" decoding=\"async\" width=\"512\" height=\"382\" data-id=\"17835\" src=\"https:\/\/www.sensorialsunsets.com\/wp-content\/uploads\/2024\/07\/Yujagua-congo-maiz-Sensorial-Sunsets.jpg\" alt=\"Ma\u00efs au Guanacaste : histoire, traditions culinaires et bienfaits nutritionnels de cette c\u00e9r\u00e9ale essentielle dans la culture costaricienne.\" class=\"wp-image-17835\" srcset=\"https:\/\/www.sensorialsunsets.com\/wp-content\/uploads\/2024\/07\/Yujagua-congo-maiz-Sensorial-Sunsets.jpg 512w, https:\/\/www.sensorialsunsets.com\/wp-content\/uploads\/2024\/07\/Yujagua-congo-maiz-Sensorial-Sunsets-300x224.jpg 300w\" sizes=\"auto, (max-width: 512px) 100vw, 512px\" \/><figcaption class=\"wp-element-caption\">Yugajua congo<\/figcaption><\/figure>\n<\/figure>\n\n\n\n<div style=\"height:60px\" aria-hidden=\"true\" class=\"wp-block-spacer\"><\/div>\n\n\n\n<h3 class=\"wp-block-heading\">Nutrition et usages industriels<\/h3>\n\n\n\n<p>Une \u00e9tude r\u00e9alis\u00e9e par Marcela \u00c1lvarez, universitaire et nutritionniste \u00e0 l&rsquo;Universit\u00e9 nationale (UNA), souligne l&rsquo;importance du ma\u00efs pour la s\u00e9curit\u00e9 alimentaire. Cette c\u00e9r\u00e9ale est une excellente source d&rsquo;\u00e9nergie gr\u00e2ce \u00e0 sa teneur \u00e9lev\u00e9e en amidon r\u00e9sistant, qui est dig\u00e9r\u00e9 lentement et fournit une \u00e9nergie prolong\u00e9e. En outre, le ma\u00efs est riche en fibres insolubles, qui favorisent la sant\u00e9 intestinale, et en carot\u00e9no\u00efdes tels que la lut\u00e9ine et la z\u00e9axanthine, qui sont b\u00e9n\u00e9fiques pour la sant\u00e9 des yeux.<\/p>\n\n\n\n<p>Le ma\u00efs joue \u00e9galement un r\u00f4le crucial dans l&rsquo;industrie alimentaire et industrielle. Lorsqu&rsquo;il est industrialis\u00e9, on le retrouve dans les aliments et les boissons, ainsi que dans des produits tels que le papier, les bioplastiques, les d\u00e9tergents et les bijoux. Cette polyvalence fait du ma\u00efs une ressource pr\u00e9cieuse pour toute une s\u00e9rie d&rsquo;applications.<\/p>\n\n\n\n<h5 class=\"wp-block-heading\">Avantages pour la sant\u00e9<\/h5>\n\n\n\n<div style=\"height:60px\" aria-hidden=\"true\" class=\"wp-block-spacer\"><\/div>\n\n\n\n<figure class=\"wp-block-image size-full\"><img loading=\"lazy\" decoding=\"async\" width=\"840\" height=\"450\" src=\"https:\/\/www.sensorialsunsets.com\/wp-content\/uploads\/2024\/07\/Propiedades-del-maiz-Sensorial-Sunsets.png\" alt=\"Le ma\u00efs au Guanacaste : histoire, traditions culinaires et bienfaits nutritionnels de cette c\u00e9r\u00e9ale essentielle dans la culture costaricienne.\" class=\"wp-image-17839\" srcset=\"https:\/\/www.sensorialsunsets.com\/wp-content\/uploads\/2024\/07\/Propiedades-del-maiz-Sensorial-Sunsets.png 840w, https:\/\/www.sensorialsunsets.com\/wp-content\/uploads\/2024\/07\/Propiedades-del-maiz-Sensorial-Sunsets-300x161.png 300w, https:\/\/www.sensorialsunsets.com\/wp-content\/uploads\/2024\/07\/Propiedades-del-maiz-Sensorial-Sunsets-768x411.png 768w\" sizes=\"auto, (max-width: 840px) 100vw, 840px\" \/><\/figure>\n\n\n\n<p>Le ma\u00efs est un l\u00e9gume riche en amidon qui pr\u00e9sente de nombreux avantages pour la sant\u00e9. Il constitue une excellente source de vitamines, de min\u00e9raux et d&rsquo;acides amin\u00e9s essentiels, tels que le phosphore, le magn\u00e9sium, le potassium, la vitamine C et les vitamines B. Le ma\u00efs contient \u00e9galement des antioxydants et des acides amin\u00e9s essentiels \u00e0 la croissance des cellules. La consommation r\u00e9guli\u00e8re de ma\u00efs peut contribuer \u00e0 prot\u00e9ger contre les maladies oculaires telles que la cataracte et la d\u00e9g\u00e9n\u00e9rescence maculaire, gr\u00e2ce \u00e0 sa teneur \u00e9lev\u00e9e en carot\u00e9no\u00efdes.<\/p>\n\n\n\n<p>En r\u00e9sum\u00e9, le ma\u00efs de Guanacaste n&rsquo;est pas seulement un aliment traditionnel, mais aussi un tr\u00e9sor culturel et nutritionnel. Son importance historique, culturelle et nutritionnelle est toujours d&rsquo;actualit\u00e9, et son sauvetage et sa promotion sont essentiels pour maintenir ce riche patrimoine en vie.<\/p>\n\n\n\n<p><strong>Sensorial Sunsets<\/strong><\/p>\n","protected":false},"excerpt":{"rendered":"<p>Le ma\u00efs est un pilier fondamental de l&rsquo;histoire et de la culture du Guanacaste, au Costa Rica. Selon le d\u00e9cret n\u00b0 38538 de 2014, le ma\u00efs dans ses vari\u00e9t\u00e9s natives et cr\u00e9oles est consid\u00e9r\u00e9 comme un patrimoine culturel du Costa Rica. Des vestiges arch\u00e9ologiques indiquent que la pr\u00e9sence et l&rsquo;utilisation du ma\u00efs dans cette r\u00e9gion [&hellip;]<\/p>\n","protected":false},"author":4,"featured_media":17823,"comment_status":"closed","ping_status":"closed","sticky":false,"template":"","format":"standard","meta":{"_acf_changed":false,"inline_featured_image":false,"_monsterinsights_skip_tracking":false,"_monsterinsights_sitenote_active":false,"_monsterinsights_sitenote_note":"","_monsterinsights_sitenote_category":0,"footnotes":""},"categories":[116,124,168],"tags":[],"class_list":["post-17859","post","type-post","status-publish","format-standard","has-post-thumbnail","hentry","category-gastronomie-fr","category-sante","category-actualites"],"acf":[],"yoast_head":"<!-- This site is optimized with the Yoast SEO plugin v27.4 - https:\/\/yoast.com\/product\/yoast-seo-wordpress\/ -->\n<title>Ma\u00efs au Guanacaste : un tr\u00e9sor culturel et nutritionnel - SensorialSunsets<\/title>\n<meta name=\"description\" content=\"Ma\u00efs au Guanacaste : histoire, traditions culinaires et bienfaits nutritionnels de cette c\u00e9r\u00e9ale essentielle dans la culture costaricienne.\" \/>\n<meta name=\"robots\" content=\"index, follow, max-snippet:-1, max-image-preview:large, max-video-preview:-1\" \/>\n<link rel=\"canonical\" href=\"https:\/\/www.sensorialsunsets.com\/fr\/mais-au-guanacaste-un-tresor-culturel-et-nutritionnel\/\" \/>\n<meta property=\"og:locale\" content=\"fr_FR\" \/>\n<meta property=\"og:type\" content=\"article\" \/>\n<meta property=\"og:title\" content=\"Ma\u00efs au Guanacaste : un tr\u00e9sor culturel et nutritionnel - SensorialSunsets\" \/>\n<meta property=\"og:description\" content=\"Ma\u00efs au Guanacaste : histoire, traditions culinaires et bienfaits nutritionnels de cette c\u00e9r\u00e9ale essentielle dans la culture costaricienne.\" \/>\n<meta property=\"og:url\" content=\"https:\/\/www.sensorialsunsets.com\/fr\/mais-au-guanacaste-un-tresor-culturel-et-nutritionnel\/\" \/>\n<meta property=\"og:site_name\" content=\"SensorialSunsets\" \/>\n<meta property=\"article:publisher\" content=\"https:\/\/www.facebook.com\/Sensorial-Sunsets-109180614715562\" \/>\n<meta property=\"article:published_time\" content=\"2024-07-24T20:25:21+00:00\" \/>\n<meta property=\"article:modified_time\" content=\"2024-07-24T20:25:36+00:00\" \/>\n<meta property=\"og:image\" content=\"https:\/\/www.sensorialsunsets.com\/wp-content\/uploads\/2024\/07\/Maiz-en-Guanacaste.png\" \/>\n\t<meta property=\"og:image:width\" content=\"840\" \/>\n\t<meta property=\"og:image:height\" content=\"350\" \/>\n\t<meta property=\"og:image:type\" content=\"image\/png\" \/>\n<meta name=\"author\" content=\"Sensorial Sunsets\" \/>\n<meta name=\"twitter:card\" content=\"summary_large_image\" \/>\n<meta name=\"twitter:label1\" content=\"\u00c9crit par\" \/>\n\t<meta name=\"twitter:data1\" content=\"Sensorial Sunsets\" \/>\n\t<meta name=\"twitter:label2\" content=\"Dur\u00e9e de lecture estim\u00e9e\" \/>\n\t<meta name=\"twitter:data2\" content=\"3 minutes\" \/>\n<script type=\"application\/ld+json\" class=\"yoast-schema-graph\">{\"@context\":\"https:\\\/\\\/schema.org\",\"@graph\":[{\"@type\":\"Article\",\"@id\":\"https:\\\/\\\/www.sensorialsunsets.com\\\/fr\\\/mais-au-guanacaste-un-tresor-culturel-et-nutritionnel\\\/#article\",\"isPartOf\":{\"@id\":\"https:\\\/\\\/www.sensorialsunsets.com\\\/fr\\\/mais-au-guanacaste-un-tresor-culturel-et-nutritionnel\\\/\"},\"author\":{\"name\":\"Sensorial Sunsets\",\"@id\":\"https:\\\/\\\/www.sensorialsunsets.com\\\/fr\\\/#\\\/schema\\\/person\\\/77e2fa594135aa94024c47e281d8a94d\"},\"headline\":\"Ma\u00efs au Guanacaste : un tr\u00e9sor culturel et nutritionnel\",\"datePublished\":\"2024-07-24T20:25:21+00:00\",\"dateModified\":\"2024-07-24T20:25:36+00:00\",\"mainEntityOfPage\":{\"@id\":\"https:\\\/\\\/www.sensorialsunsets.com\\\/fr\\\/mais-au-guanacaste-un-tresor-culturel-et-nutritionnel\\\/\"},\"wordCount\":655,\"publisher\":{\"@id\":\"https:\\\/\\\/www.sensorialsunsets.com\\\/fr\\\/#organization\"},\"image\":{\"@id\":\"https:\\\/\\\/www.sensorialsunsets.com\\\/fr\\\/mais-au-guanacaste-un-tresor-culturel-et-nutritionnel\\\/#primaryimage\"},\"thumbnailUrl\":\"https:\\\/\\\/www.sensorialsunsets.com\\\/wp-content\\\/uploads\\\/2024\\\/07\\\/Maiz-en-Guanacaste.png\",\"articleSection\":[\"Gastronomie\",\"Sant\u00e9\",\"Vivez le Costa Rica\"],\"inLanguage\":\"fr-FR\"},{\"@type\":\"WebPage\",\"@id\":\"https:\\\/\\\/www.sensorialsunsets.com\\\/fr\\\/mais-au-guanacaste-un-tresor-culturel-et-nutritionnel\\\/\",\"url\":\"https:\\\/\\\/www.sensorialsunsets.com\\\/fr\\\/mais-au-guanacaste-un-tresor-culturel-et-nutritionnel\\\/\",\"name\":\"Ma\u00efs au Guanacaste : un tr\u00e9sor culturel et nutritionnel - SensorialSunsets\",\"isPartOf\":{\"@id\":\"https:\\\/\\\/www.sensorialsunsets.com\\\/fr\\\/#website\"},\"primaryImageOfPage\":{\"@id\":\"https:\\\/\\\/www.sensorialsunsets.com\\\/fr\\\/mais-au-guanacaste-un-tresor-culturel-et-nutritionnel\\\/#primaryimage\"},\"image\":{\"@id\":\"https:\\\/\\\/www.sensorialsunsets.com\\\/fr\\\/mais-au-guanacaste-un-tresor-culturel-et-nutritionnel\\\/#primaryimage\"},\"thumbnailUrl\":\"https:\\\/\\\/www.sensorialsunsets.com\\\/wp-content\\\/uploads\\\/2024\\\/07\\\/Maiz-en-Guanacaste.png\",\"datePublished\":\"2024-07-24T20:25:21+00:00\",\"dateModified\":\"2024-07-24T20:25:36+00:00\",\"description\":\"Ma\u00efs au Guanacaste : histoire, traditions culinaires et bienfaits nutritionnels de cette c\u00e9r\u00e9ale essentielle dans la culture costaricienne.\",\"inLanguage\":\"fr-FR\",\"potentialAction\":[{\"@type\":\"ReadAction\",\"target\":[\"https:\\\/\\\/www.sensorialsunsets.com\\\/fr\\\/mais-au-guanacaste-un-tresor-culturel-et-nutritionnel\\\/\"]}]},{\"@type\":\"ImageObject\",\"inLanguage\":\"fr-FR\",\"@id\":\"https:\\\/\\\/www.sensorialsunsets.com\\\/fr\\\/mais-au-guanacaste-un-tresor-culturel-et-nutritionnel\\\/#primaryimage\",\"url\":\"https:\\\/\\\/www.sensorialsunsets.com\\\/wp-content\\\/uploads\\\/2024\\\/07\\\/Maiz-en-Guanacaste.png\",\"contentUrl\":\"https:\\\/\\\/www.sensorialsunsets.com\\\/wp-content\\\/uploads\\\/2024\\\/07\\\/Maiz-en-Guanacaste.png\",\"width\":840,\"height\":350,\"caption\":\"El ma\u00edz en Guanacaste: historia, tradiciones culinarias, y beneficios nutricionales de este grano esencial en la cultura costarricense.\"},{\"@type\":\"WebSite\",\"@id\":\"https:\\\/\\\/www.sensorialsunsets.com\\\/fr\\\/#website\",\"url\":\"https:\\\/\\\/www.sensorialsunsets.com\\\/fr\\\/\",\"name\":\"SensorialSunsets.com\",\"description\":\"D\u00e9couvrez la culture et la soci\u00e9t\u00e9 du Costa Rica sur notre blog. Explorez des articles captivants et partagez le contenu.\",\"publisher\":{\"@id\":\"https:\\\/\\\/www.sensorialsunsets.com\\\/fr\\\/#organization\"},\"alternateName\":\"Costa Rica Live Blog\",\"potentialAction\":[{\"@type\":\"SearchAction\",\"target\":{\"@type\":\"EntryPoint\",\"urlTemplate\":\"https:\\\/\\\/www.sensorialsunsets.com\\\/fr\\\/?s={search_term_string}\"},\"query-input\":{\"@type\":\"PropertyValueSpecification\",\"valueRequired\":true,\"valueName\":\"search_term_string\"}}],\"inLanguage\":\"fr-FR\"},{\"@type\":\"Organization\",\"@id\":\"https:\\\/\\\/www.sensorialsunsets.com\\\/fr\\\/#organization\",\"name\":\"SensorialSunsets\",\"url\":\"https:\\\/\\\/www.sensorialsunsets.com\\\/fr\\\/\",\"logo\":{\"@type\":\"ImageObject\",\"inLanguage\":\"fr-FR\",\"@id\":\"https:\\\/\\\/www.sensorialsunsets.com\\\/fr\\\/#\\\/schema\\\/logo\\\/image\\\/\",\"url\":\"https:\\\/\\\/www.sensorialsunsets.com\\\/wp-content\\\/uploads\\\/2023\\\/04\\\/Logo_base_line_fond_clair.svg\",\"contentUrl\":\"https:\\\/\\\/www.sensorialsunsets.com\\\/wp-content\\\/uploads\\\/2023\\\/04\\\/Logo_base_line_fond_clair.svg\",\"width\":\"1024\",\"height\":\"1024\",\"caption\":\"SensorialSunsets\"},\"image\":{\"@id\":\"https:\\\/\\\/www.sensorialsunsets.com\\\/fr\\\/#\\\/schema\\\/logo\\\/image\\\/\"},\"sameAs\":[\"https:\\\/\\\/www.facebook.com\\\/Sensorial-Sunsets-109180614715562\",\"https:\\\/\\\/www.instagram.com\\\/sensorialsunsets\\\/\"]},{\"@type\":\"Person\",\"@id\":\"https:\\\/\\\/www.sensorialsunsets.com\\\/fr\\\/#\\\/schema\\\/person\\\/77e2fa594135aa94024c47e281d8a94d\",\"name\":\"Sensorial Sunsets\",\"image\":{\"@type\":\"ImageObject\",\"inLanguage\":\"fr-FR\",\"@id\":\"https:\\\/\\\/secure.gravatar.com\\\/avatar\\\/5f2d62681b1dad94c28f1500d4fc75582acdfd32b55fd1acce0a36a3c487eabe?s=96&d=mm&r=g\",\"url\":\"https:\\\/\\\/secure.gravatar.com\\\/avatar\\\/5f2d62681b1dad94c28f1500d4fc75582acdfd32b55fd1acce0a36a3c487eabe?s=96&d=mm&r=g\",\"contentUrl\":\"https:\\\/\\\/secure.gravatar.com\\\/avatar\\\/5f2d62681b1dad94c28f1500d4fc75582acdfd32b55fd1acce0a36a3c487eabe?s=96&d=mm&r=g\",\"caption\":\"Sensorial Sunsets\"},\"url\":\"https:\\\/\\\/www.sensorialsunsets.com\\\/fr\\\/author\\\/asistentes-sensorial-sunsets\\\/\"}]}<\/script>\n<!-- \/ Yoast SEO plugin. -->","yoast_head_json":{"title":"Ma\u00efs au Guanacaste : un tr\u00e9sor culturel et nutritionnel - SensorialSunsets","description":"Ma\u00efs au Guanacaste : histoire, traditions culinaires et bienfaits nutritionnels de cette c\u00e9r\u00e9ale essentielle dans la culture costaricienne.","robots":{"index":"index","follow":"follow","max-snippet":"max-snippet:-1","max-image-preview":"max-image-preview:large","max-video-preview":"max-video-preview:-1"},"canonical":"https:\/\/www.sensorialsunsets.com\/fr\/mais-au-guanacaste-un-tresor-culturel-et-nutritionnel\/","og_locale":"fr_FR","og_type":"article","og_title":"Ma\u00efs au Guanacaste : un tr\u00e9sor culturel et nutritionnel - SensorialSunsets","og_description":"Ma\u00efs au Guanacaste : histoire, traditions culinaires et bienfaits nutritionnels de cette c\u00e9r\u00e9ale essentielle dans la culture costaricienne.","og_url":"https:\/\/www.sensorialsunsets.com\/fr\/mais-au-guanacaste-un-tresor-culturel-et-nutritionnel\/","og_site_name":"SensorialSunsets","article_publisher":"https:\/\/www.facebook.com\/Sensorial-Sunsets-109180614715562","article_published_time":"2024-07-24T20:25:21+00:00","article_modified_time":"2024-07-24T20:25:36+00:00","og_image":[{"width":840,"height":350,"url":"https:\/\/www.sensorialsunsets.com\/wp-content\/uploads\/2024\/07\/Maiz-en-Guanacaste.png","type":"image\/png"}],"author":"Sensorial Sunsets","twitter_card":"summary_large_image","twitter_misc":{"\u00c9crit par":"Sensorial Sunsets","Dur\u00e9e de lecture estim\u00e9e":"3 minutes"},"schema":{"@context":"https:\/\/schema.org","@graph":[{"@type":"Article","@id":"https:\/\/www.sensorialsunsets.com\/fr\/mais-au-guanacaste-un-tresor-culturel-et-nutritionnel\/#article","isPartOf":{"@id":"https:\/\/www.sensorialsunsets.com\/fr\/mais-au-guanacaste-un-tresor-culturel-et-nutritionnel\/"},"author":{"name":"Sensorial Sunsets","@id":"https:\/\/www.sensorialsunsets.com\/fr\/#\/schema\/person\/77e2fa594135aa94024c47e281d8a94d"},"headline":"Ma\u00efs au Guanacaste : un tr\u00e9sor culturel et nutritionnel","datePublished":"2024-07-24T20:25:21+00:00","dateModified":"2024-07-24T20:25:36+00:00","mainEntityOfPage":{"@id":"https:\/\/www.sensorialsunsets.com\/fr\/mais-au-guanacaste-un-tresor-culturel-et-nutritionnel\/"},"wordCount":655,"publisher":{"@id":"https:\/\/www.sensorialsunsets.com\/fr\/#organization"},"image":{"@id":"https:\/\/www.sensorialsunsets.com\/fr\/mais-au-guanacaste-un-tresor-culturel-et-nutritionnel\/#primaryimage"},"thumbnailUrl":"https:\/\/www.sensorialsunsets.com\/wp-content\/uploads\/2024\/07\/Maiz-en-Guanacaste.png","articleSection":["Gastronomie","Sant\u00e9","Vivez le Costa Rica"],"inLanguage":"fr-FR"},{"@type":"WebPage","@id":"https:\/\/www.sensorialsunsets.com\/fr\/mais-au-guanacaste-un-tresor-culturel-et-nutritionnel\/","url":"https:\/\/www.sensorialsunsets.com\/fr\/mais-au-guanacaste-un-tresor-culturel-et-nutritionnel\/","name":"Ma\u00efs au Guanacaste : un tr\u00e9sor culturel et nutritionnel - SensorialSunsets","isPartOf":{"@id":"https:\/\/www.sensorialsunsets.com\/fr\/#website"},"primaryImageOfPage":{"@id":"https:\/\/www.sensorialsunsets.com\/fr\/mais-au-guanacaste-un-tresor-culturel-et-nutritionnel\/#primaryimage"},"image":{"@id":"https:\/\/www.sensorialsunsets.com\/fr\/mais-au-guanacaste-un-tresor-culturel-et-nutritionnel\/#primaryimage"},"thumbnailUrl":"https:\/\/www.sensorialsunsets.com\/wp-content\/uploads\/2024\/07\/Maiz-en-Guanacaste.png","datePublished":"2024-07-24T20:25:21+00:00","dateModified":"2024-07-24T20:25:36+00:00","description":"Ma\u00efs au Guanacaste : histoire, traditions culinaires et bienfaits nutritionnels de cette c\u00e9r\u00e9ale essentielle dans la culture costaricienne.","inLanguage":"fr-FR","potentialAction":[{"@type":"ReadAction","target":["https:\/\/www.sensorialsunsets.com\/fr\/mais-au-guanacaste-un-tresor-culturel-et-nutritionnel\/"]}]},{"@type":"ImageObject","inLanguage":"fr-FR","@id":"https:\/\/www.sensorialsunsets.com\/fr\/mais-au-guanacaste-un-tresor-culturel-et-nutritionnel\/#primaryimage","url":"https:\/\/www.sensorialsunsets.com\/wp-content\/uploads\/2024\/07\/Maiz-en-Guanacaste.png","contentUrl":"https:\/\/www.sensorialsunsets.com\/wp-content\/uploads\/2024\/07\/Maiz-en-Guanacaste.png","width":840,"height":350,"caption":"El ma\u00edz en Guanacaste: historia, tradiciones culinarias, y beneficios nutricionales de este grano esencial en la cultura costarricense."},{"@type":"WebSite","@id":"https:\/\/www.sensorialsunsets.com\/fr\/#website","url":"https:\/\/www.sensorialsunsets.com\/fr\/","name":"SensorialSunsets.com","description":"D\u00e9couvrez la culture et la soci\u00e9t\u00e9 du Costa Rica sur notre blog. Explorez des articles captivants et partagez le contenu.","publisher":{"@id":"https:\/\/www.sensorialsunsets.com\/fr\/#organization"},"alternateName":"Costa Rica Live Blog","potentialAction":[{"@type":"SearchAction","target":{"@type":"EntryPoint","urlTemplate":"https:\/\/www.sensorialsunsets.com\/fr\/?s={search_term_string}"},"query-input":{"@type":"PropertyValueSpecification","valueRequired":true,"valueName":"search_term_string"}}],"inLanguage":"fr-FR"},{"@type":"Organization","@id":"https:\/\/www.sensorialsunsets.com\/fr\/#organization","name":"SensorialSunsets","url":"https:\/\/www.sensorialsunsets.com\/fr\/","logo":{"@type":"ImageObject","inLanguage":"fr-FR","@id":"https:\/\/www.sensorialsunsets.com\/fr\/#\/schema\/logo\/image\/","url":"https:\/\/www.sensorialsunsets.com\/wp-content\/uploads\/2023\/04\/Logo_base_line_fond_clair.svg","contentUrl":"https:\/\/www.sensorialsunsets.com\/wp-content\/uploads\/2023\/04\/Logo_base_line_fond_clair.svg","width":"1024","height":"1024","caption":"SensorialSunsets"},"image":{"@id":"https:\/\/www.sensorialsunsets.com\/fr\/#\/schema\/logo\/image\/"},"sameAs":["https:\/\/www.facebook.com\/Sensorial-Sunsets-109180614715562","https:\/\/www.instagram.com\/sensorialsunsets\/"]},{"@type":"Person","@id":"https:\/\/www.sensorialsunsets.com\/fr\/#\/schema\/person\/77e2fa594135aa94024c47e281d8a94d","name":"Sensorial Sunsets","image":{"@type":"ImageObject","inLanguage":"fr-FR","@id":"https:\/\/secure.gravatar.com\/avatar\/5f2d62681b1dad94c28f1500d4fc75582acdfd32b55fd1acce0a36a3c487eabe?s=96&d=mm&r=g","url":"https:\/\/secure.gravatar.com\/avatar\/5f2d62681b1dad94c28f1500d4fc75582acdfd32b55fd1acce0a36a3c487eabe?s=96&d=mm&r=g","contentUrl":"https:\/\/secure.gravatar.com\/avatar\/5f2d62681b1dad94c28f1500d4fc75582acdfd32b55fd1acce0a36a3c487eabe?s=96&d=mm&r=g","caption":"Sensorial Sunsets"},"url":"https:\/\/www.sensorialsunsets.com\/fr\/author\/asistentes-sensorial-sunsets\/"}]}},"_links":{"self":[{"href":"https:\/\/www.sensorialsunsets.com\/fr\/wp-json\/wp\/v2\/posts\/17859","targetHints":{"allow":["GET"]}}],"collection":[{"href":"https:\/\/www.sensorialsunsets.com\/fr\/wp-json\/wp\/v2\/posts"}],"about":[{"href":"https:\/\/www.sensorialsunsets.com\/fr\/wp-json\/wp\/v2\/types\/post"}],"author":[{"embeddable":true,"href":"https:\/\/www.sensorialsunsets.com\/fr\/wp-json\/wp\/v2\/users\/4"}],"replies":[{"embeddable":true,"href":"https:\/\/www.sensorialsunsets.com\/fr\/wp-json\/wp\/v2\/comments?post=17859"}],"version-history":[{"count":0,"href":"https:\/\/www.sensorialsunsets.com\/fr\/wp-json\/wp\/v2\/posts\/17859\/revisions"}],"wp:featuredmedia":[{"embeddable":true,"href":"https:\/\/www.sensorialsunsets.com\/fr\/wp-json\/wp\/v2\/media\/17823"}],"wp:attachment":[{"href":"https:\/\/www.sensorialsunsets.com\/fr\/wp-json\/wp\/v2\/media?parent=17859"}],"wp:term":[{"taxonomy":"category","embeddable":true,"href":"https:\/\/www.sensorialsunsets.com\/fr\/wp-json\/wp\/v2\/categories?post=17859"},{"taxonomy":"post_tag","embeddable":true,"href":"https:\/\/www.sensorialsunsets.com\/fr\/wp-json\/wp\/v2\/tags?post=17859"}],"curies":[{"name":"wp","href":"https:\/\/api.w.org\/{rel}","templated":true}]}}