{"id":18241,"date":"2024-08-12T15:51:36","date_gmt":"2024-08-12T21:51:36","guid":{"rendered":"https:\/\/www.sensorialsunsets.com\/?p=18241"},"modified":"2024-08-12T15:51:36","modified_gmt":"2024-08-12T21:51:36","slug":"journee-du-pharmacien-au-costa-rica-reflexion-sur-le-plan-pilote-ccss-et-ses-implications","status":"publish","type":"post","link":"https:\/\/www.sensorialsunsets.com\/fr\/journee-du-pharmacien-au-costa-rica-reflexion-sur-le-plan-pilote-ccss-et-ses-implications\/","title":{"rendered":"Journ\u00e9e du pharmacien au Costa Rica : r\u00e9flexion sur le plan pilote CCSS et ses implications"},"content":{"rendered":"\n<p>On August 12th, Costa Rica celebrates National Pharmacist Day, a date that commemorates the founding of the College of Pharmacists in 1902. This day is an opportunity to recognize the vital role pharmacists play in the country&rsquo;s public health. However, this year, the celebration is overshadowed by a growing concern: the recent pilot plan by the Costa Rican Social Security Fund (CCSS) to sell medications to the private sector, which has raised serious doubts within the pharmaceutical community.<\/p>\n\n\n\n<h3 class=\"wp-block-heading\">Journ\u00e9e du pharmacien au Costa Rica<\/h3>\n\n\n\n<h4 class=\"wp-block-heading\">Inqui\u00e9tudes sur les ruptures de stock<\/h4>\n\n\n\n<p>Le<a href=\"https:\/\/semanariouniversidad.com\/pais\/colegio-de-farmaceuticos-considera-que-plan-piloto-de-la-ccss-para-vender-medicamentos-al-sector-privado-podria-causar-desabasto-en-la-institucion\/\"> Coll\u00e8ge des Pharmaciens du Costa Rica<\/a>, par l&rsquo;interm\u00e9diaire de son pr\u00e9sident Jos\u00e9 Gatgens, a exprim\u00e9 son inqui\u00e9tude face au risque de p\u00e9nurie que pourrait engendrer cette initiative. La principale pr\u00e9occupation r\u00e9side dans le fait que la vente de m\u00e9dicaments au secteur priv\u00e9 pourrait compromettre l&rsquo;approvisionnement interne de la CCSS, affectant ainsi les patients qui d\u00e9pendent de la S\u00e9curit\u00e9 sociale pour recevoir leurs traitements sans frais suppl\u00e9mentaires. Cette p\u00e9nurie pourrait avoir de graves cons\u00e9quences, en particulier pour ceux qui n\u00e9cessitent une m\u00e9dication quotidienne pour des conditions chroniques.<\/p>\n\n\n\n<figure class=\"wp-block-gallery has-nested-images columns-default is-cropped wp-block-gallery-1 is-layout-flex wp-block-gallery-is-layout-flex\">\n<figure class=\"wp-block-image size-large\"><img loading=\"lazy\" decoding=\"async\" width=\"1024\" height=\"768\" data-id=\"18233\" src=\"https:\/\/www.sensorialsunsets.com\/wp-content\/uploads\/2024\/08\/244779636_ea65ea5d18_o-1024x768.jpg\" alt=\"Journ\u00e9e du pharmacien au Costa Rica\" class=\"wp-image-18233\" srcset=\"https:\/\/www.sensorialsunsets.com\/wp-content\/uploads\/2024\/08\/244779636_ea65ea5d18_o-1024x768.jpg 1024w, https:\/\/www.sensorialsunsets.com\/wp-content\/uploads\/2024\/08\/244779636_ea65ea5d18_o-300x225.jpg 300w, https:\/\/www.sensorialsunsets.com\/wp-content\/uploads\/2024\/08\/244779636_ea65ea5d18_o-768x576.jpg 768w, https:\/\/www.sensorialsunsets.com\/wp-content\/uploads\/2024\/08\/244779636_ea65ea5d18_o-1536x1152.jpg 1536w, https:\/\/www.sensorialsunsets.com\/wp-content\/uploads\/2024\/08\/244779636_ea65ea5d18_o-1320x990.jpg 1320w, https:\/\/www.sensorialsunsets.com\/wp-content\/uploads\/2024\/08\/244779636_ea65ea5d18_o.jpg 1600w\" sizes=\"auto, (max-width: 1024px) 100vw, 1024px\" \/><figcaption class=\"wp-element-caption\">The National Pharmacist Day in Costa Rica commemorates the founding of the College of Pharmacists in 1902. This event marked the regulation and professionalization of the practice of pharmacy in the country.<\/figcaption><\/figure>\n\n\n\n<figure class=\"wp-block-image size-large\"><img loading=\"lazy\" decoding=\"async\" width=\"1024\" height=\"960\" data-id=\"18230\" src=\"https:\/\/www.sensorialsunsets.com\/wp-content\/uploads\/2024\/08\/8496434840_56b6792665_o-1024x960.jpg\" alt=\"Journ\u00e9e du pharmacien au Costa Rica\" class=\"wp-image-18230\" srcset=\"https:\/\/www.sensorialsunsets.com\/wp-content\/uploads\/2024\/08\/8496434840_56b6792665_o-1024x960.jpg 1024w, https:\/\/www.sensorialsunsets.com\/wp-content\/uploads\/2024\/08\/8496434840_56b6792665_o-300x281.jpg 300w, https:\/\/www.sensorialsunsets.com\/wp-content\/uploads\/2024\/08\/8496434840_56b6792665_o-768x720.jpg 768w, https:\/\/www.sensorialsunsets.com\/wp-content\/uploads\/2024\/08\/8496434840_56b6792665_o.jpg 1091w\" sizes=\"auto, (max-width: 1024px) 100vw, 1024px\" \/><figcaption class=\"wp-element-caption\">The need for qualified pharmacists to ensure public health led to the creation of the College. Before this, the practice of pharmacy was not properly regulated, which raised concerns about the quality and safety of medications.<\/figcaption><\/figure>\n<\/figure>\n\n\n\n<h5 class=\"wp-block-heading\">Risque de contrebande et de contrefa\u00e7on<\/h5>\n\n\n\n<p>Le Coll\u00e8ge des pharmaciens s&rsquo;inqui\u00e8te \u00e9galement de l&rsquo;augmentation potentielle de la contrebande et de la contrefa\u00e7on de m\u00e9dicaments. Tout mouvement mettant en p\u00e9ril la s\u00e9curit\u00e9 et la qualit\u00e9 des m\u00e9dicaments est une question cruciale et doit \u00eatre soigneusement \u00e9valu\u00e9.<\/p>\n\n\n\n<h4 class=\"wp-block-heading\">Les priorit\u00e9s en mati\u00e8re de soins de sant\u00e9<\/h4>\n\n\n\n<p>Du point de vue du Coll\u00e8ge, la CCSS devrait se concentrer sur la r\u00e9solution des probl\u00e8mes internes avant de s&rsquo;aventurer sur le march\u00e9 priv\u00e9. Parmi les priorit\u00e9s mentionn\u00e9es figurent la r\u00e9duction des temps d&rsquo;attente pour les patients et l&rsquo;am\u00e9lioration de l&rsquo;efficacit\u00e9 de la distribution des m\u00e9dicaments. Ce sont des questions qui affectent directement la qualit\u00e9 des soins re\u00e7us par les assur\u00e9s.<\/p>\n\n\n\n<h5 class=\"wp-block-heading\">Les implications pour le syst\u00e8me de sant\u00e9<\/h5>\n\n\n\n<p>Enfin, l&rsquo;Ordre des pharmaciens s&rsquo;interroge sur le mod\u00e8le de commercialisation propos\u00e9 par la CCSS et son impact sur le syst\u00e8me de sant\u00e9 costaricien. Avec 1 360 pharmacies communautaires priv\u00e9es d\u00e9j\u00e0 \u00e9tablies, l&rsquo;arriv\u00e9e de la CCSS en tant que nouvel acteur sur le march\u00e9 pourrait g\u00e9n\u00e9rer des tensions et des d\u00e9s\u00e9quilibres. En outre, on craint que ce projet pilote ne d\u00e9courage les citoyens de rester assur\u00e9s, car ils pensent pouvoir obtenir les m\u00e9dicaments n\u00e9cessaires dans le secteur priv\u00e9. L&rsquo;un des piliers essentiels de la s\u00e9curit\u00e9 sociale pourrait ainsi \u00eatre affaibli.<\/p>\n\n\n\n<p>La Journ\u00e9e des pharmaciens du Costa Rica n&rsquo;est pas seulement l&rsquo;occasion de c\u00e9l\u00e9brer et de reconna\u00eetre le travail de ces professionnels, mais aussi de r\u00e9fl\u00e9chir aux d\u00e9fis auxquels est confront\u00e9 le syst\u00e8me de sant\u00e9 du pays. La proposition de la CCSS de vendre des m\u00e9dicaments au secteur priv\u00e9 doit \u00eatre analys\u00e9e avec soin, en tenant compte de ses implications possibles sur les p\u00e9nuries, la s\u00e9curit\u00e9 des m\u00e9dicaments et l&rsquo;\u00e9quilibre du syst\u00e8me de sant\u00e9 en g\u00e9n\u00e9ral. Comme le souligne M. Gatgens, il est essentiel que toute d\u00e9cision prise ait toujours pour objectif d&rsquo;am\u00e9liorer les soins aux patients et de renforcer le syst\u00e8me de sant\u00e9 costaricien.<\/p>\n\n\n\n<p><strong>Sensorial Sunsets<\/strong><\/p>\n","protected":false},"excerpt":{"rendered":"<p>On August 12th, Costa Rica celebrates National Pharmacist Day, a date that commemorates the founding of the College of Pharmacists in 1902. This day is an opportunity to recognize the vital role pharmacists play in the country&rsquo;s public health. However, this year, the celebration is overshadowed by a growing concern: the recent pilot plan by [&hellip;]<\/p>\n","protected":false},"author":4,"featured_media":18229,"comment_status":"closed","ping_status":"closed","sticky":false,"template":"","format":"standard","meta":{"_acf_changed":false,"inline_featured_image":false,"_monsterinsights_skip_tracking":false,"_monsterinsights_sitenote_active":false,"_monsterinsights_sitenote_note":"","_monsterinsights_sitenote_category":0,"footnotes":""},"categories":[1],"tags":[],"class_list":["post-18241","post","type-post","status-publish","format-standard","has-post-thumbnail","hentry","category-non-classifiee"],"acf":[],"yoast_head":"<!-- This site is optimized with the Yoast SEO plugin v27.4 - https:\/\/yoast.com\/product\/yoast-seo-wordpress\/ -->\n<title>Journ\u00e9e du pharmacien au Costa Rica et plan pilote CCSS<\/title>\n<meta name=\"description\" content=\"Journ\u00e9e du pharmacien au Costa Rica et impact du plan pilote de la CCSS pour la vente de m\u00e9dicaments au secteur priv\u00e9.\" \/>\n<meta name=\"robots\" content=\"index, follow, max-snippet:-1, max-image-preview:large, max-video-preview:-1\" \/>\n<link rel=\"canonical\" href=\"https:\/\/www.sensorialsunsets.com\/fr\/journee-du-pharmacien-au-costa-rica-reflexion-sur-le-plan-pilote-ccss-et-ses-implications\/\" \/>\n<meta property=\"og:locale\" content=\"fr_FR\" \/>\n<meta property=\"og:type\" content=\"article\" \/>\n<meta property=\"og:title\" content=\"Journ\u00e9e du pharmacien au Costa Rica et plan pilote CCSS\" \/>\n<meta property=\"og:description\" content=\"Journ\u00e9e du pharmacien au Costa Rica et impact du plan pilote de la CCSS pour la vente de m\u00e9dicaments au secteur priv\u00e9.\" \/>\n<meta property=\"og:url\" content=\"https:\/\/www.sensorialsunsets.com\/fr\/journee-du-pharmacien-au-costa-rica-reflexion-sur-le-plan-pilote-ccss-et-ses-implications\/\" \/>\n<meta property=\"og:site_name\" content=\"SensorialSunsets\" \/>\n<meta property=\"article:publisher\" content=\"https:\/\/www.facebook.com\/Sensorial-Sunsets-109180614715562\" \/>\n<meta property=\"article:published_time\" content=\"2024-08-12T21:51:36+00:00\" \/>\n<meta property=\"og:image\" content=\"https:\/\/www.sensorialsunsets.com\/wp-content\/uploads\/2024\/08\/farmaciacostarica.jpg\" \/>\n\t<meta property=\"og:image:width\" content=\"1944\" \/>\n\t<meta property=\"og:image:height\" content=\"1458\" \/>\n\t<meta property=\"og:image:type\" content=\"image\/jpeg\" \/>\n<meta name=\"author\" content=\"Sensorial Sunsets\" \/>\n<meta name=\"twitter:card\" content=\"summary_large_image\" \/>\n<meta name=\"twitter:label1\" content=\"\u00c9crit par\" \/>\n\t<meta name=\"twitter:data1\" content=\"Sensorial Sunsets\" \/>\n\t<meta name=\"twitter:label2\" content=\"Dur\u00e9e de lecture estim\u00e9e\" \/>\n\t<meta name=\"twitter:data2\" content=\"3 minutes\" \/>\n<script type=\"application\/ld+json\" class=\"yoast-schema-graph\">{\"@context\":\"https:\\\/\\\/schema.org\",\"@graph\":[{\"@type\":\"Article\",\"@id\":\"https:\\\/\\\/www.sensorialsunsets.com\\\/fr\\\/journee-du-pharmacien-au-costa-rica-reflexion-sur-le-plan-pilote-ccss-et-ses-implications\\\/#article\",\"isPartOf\":{\"@id\":\"https:\\\/\\\/www.sensorialsunsets.com\\\/fr\\\/journee-du-pharmacien-au-costa-rica-reflexion-sur-le-plan-pilote-ccss-et-ses-implications\\\/\"},\"author\":{\"name\":\"Sensorial Sunsets\",\"@id\":\"https:\\\/\\\/www.sensorialsunsets.com\\\/fr\\\/#\\\/schema\\\/person\\\/77e2fa594135aa94024c47e281d8a94d\"},\"headline\":\"Journ\u00e9e du pharmacien au Costa Rica : r\u00e9flexion sur le plan pilote CCSS et ses implications\",\"datePublished\":\"2024-08-12T21:51:36+00:00\",\"mainEntityOfPage\":{\"@id\":\"https:\\\/\\\/www.sensorialsunsets.com\\\/fr\\\/journee-du-pharmacien-au-costa-rica-reflexion-sur-le-plan-pilote-ccss-et-ses-implications\\\/\"},\"wordCount\":662,\"publisher\":{\"@id\":\"https:\\\/\\\/www.sensorialsunsets.com\\\/fr\\\/#organization\"},\"image\":{\"@id\":\"https:\\\/\\\/www.sensorialsunsets.com\\\/fr\\\/journee-du-pharmacien-au-costa-rica-reflexion-sur-le-plan-pilote-ccss-et-ses-implications\\\/#primaryimage\"},\"thumbnailUrl\":\"https:\\\/\\\/www.sensorialsunsets.com\\\/wp-content\\\/uploads\\\/2024\\\/08\\\/farmaciacostarica.jpg\",\"articleSection\":[\"Non classifi\u00e9(e)\"],\"inLanguage\":\"fr-FR\"},{\"@type\":\"WebPage\",\"@id\":\"https:\\\/\\\/www.sensorialsunsets.com\\\/fr\\\/journee-du-pharmacien-au-costa-rica-reflexion-sur-le-plan-pilote-ccss-et-ses-implications\\\/\",\"url\":\"https:\\\/\\\/www.sensorialsunsets.com\\\/fr\\\/journee-du-pharmacien-au-costa-rica-reflexion-sur-le-plan-pilote-ccss-et-ses-implications\\\/\",\"name\":\"Journ\u00e9e du pharmacien au Costa Rica et plan pilote CCSS\",\"isPartOf\":{\"@id\":\"https:\\\/\\\/www.sensorialsunsets.com\\\/fr\\\/#website\"},\"primaryImageOfPage\":{\"@id\":\"https:\\\/\\\/www.sensorialsunsets.com\\\/fr\\\/journee-du-pharmacien-au-costa-rica-reflexion-sur-le-plan-pilote-ccss-et-ses-implications\\\/#primaryimage\"},\"image\":{\"@id\":\"https:\\\/\\\/www.sensorialsunsets.com\\\/fr\\\/journee-du-pharmacien-au-costa-rica-reflexion-sur-le-plan-pilote-ccss-et-ses-implications\\\/#primaryimage\"},\"thumbnailUrl\":\"https:\\\/\\\/www.sensorialsunsets.com\\\/wp-content\\\/uploads\\\/2024\\\/08\\\/farmaciacostarica.jpg\",\"datePublished\":\"2024-08-12T21:51:36+00:00\",\"description\":\"Journ\u00e9e du pharmacien au Costa Rica et impact du plan pilote de la CCSS pour la vente de m\u00e9dicaments au secteur priv\u00e9.\",\"inLanguage\":\"fr-FR\",\"potentialAction\":[{\"@type\":\"ReadAction\",\"target\":[\"https:\\\/\\\/www.sensorialsunsets.com\\\/fr\\\/journee-du-pharmacien-au-costa-rica-reflexion-sur-le-plan-pilote-ccss-et-ses-implications\\\/\"]}]},{\"@type\":\"ImageObject\",\"inLanguage\":\"fr-FR\",\"@id\":\"https:\\\/\\\/www.sensorialsunsets.com\\\/fr\\\/journee-du-pharmacien-au-costa-rica-reflexion-sur-le-plan-pilote-ccss-et-ses-implications\\\/#primaryimage\",\"url\":\"https:\\\/\\\/www.sensorialsunsets.com\\\/wp-content\\\/uploads\\\/2024\\\/08\\\/farmaciacostarica.jpg\",\"contentUrl\":\"https:\\\/\\\/www.sensorialsunsets.com\\\/wp-content\\\/uploads\\\/2024\\\/08\\\/farmaciacostarica.jpg\",\"width\":1944,\"height\":1458},{\"@type\":\"WebSite\",\"@id\":\"https:\\\/\\\/www.sensorialsunsets.com\\\/fr\\\/#website\",\"url\":\"https:\\\/\\\/www.sensorialsunsets.com\\\/fr\\\/\",\"name\":\"SensorialSunsets.com\",\"description\":\"D\u00e9couvrez la culture et la soci\u00e9t\u00e9 du Costa Rica sur notre blog. Explorez des articles captivants et partagez le contenu.\",\"publisher\":{\"@id\":\"https:\\\/\\\/www.sensorialsunsets.com\\\/fr\\\/#organization\"},\"alternateName\":\"Costa Rica Live Blog\",\"potentialAction\":[{\"@type\":\"SearchAction\",\"target\":{\"@type\":\"EntryPoint\",\"urlTemplate\":\"https:\\\/\\\/www.sensorialsunsets.com\\\/fr\\\/?s={search_term_string}\"},\"query-input\":{\"@type\":\"PropertyValueSpecification\",\"valueRequired\":true,\"valueName\":\"search_term_string\"}}],\"inLanguage\":\"fr-FR\"},{\"@type\":\"Organization\",\"@id\":\"https:\\\/\\\/www.sensorialsunsets.com\\\/fr\\\/#organization\",\"name\":\"SensorialSunsets\",\"url\":\"https:\\\/\\\/www.sensorialsunsets.com\\\/fr\\\/\",\"logo\":{\"@type\":\"ImageObject\",\"inLanguage\":\"fr-FR\",\"@id\":\"https:\\\/\\\/www.sensorialsunsets.com\\\/fr\\\/#\\\/schema\\\/logo\\\/image\\\/\",\"url\":\"https:\\\/\\\/www.sensorialsunsets.com\\\/wp-content\\\/uploads\\\/2023\\\/04\\\/Logo_base_line_fond_clair.svg\",\"contentUrl\":\"https:\\\/\\\/www.sensorialsunsets.com\\\/wp-content\\\/uploads\\\/2023\\\/04\\\/Logo_base_line_fond_clair.svg\",\"width\":\"1024\",\"height\":\"1024\",\"caption\":\"SensorialSunsets\"},\"image\":{\"@id\":\"https:\\\/\\\/www.sensorialsunsets.com\\\/fr\\\/#\\\/schema\\\/logo\\\/image\\\/\"},\"sameAs\":[\"https:\\\/\\\/www.facebook.com\\\/Sensorial-Sunsets-109180614715562\",\"https:\\\/\\\/www.instagram.com\\\/sensorialsunsets\\\/\"]},{\"@type\":\"Person\",\"@id\":\"https:\\\/\\\/www.sensorialsunsets.com\\\/fr\\\/#\\\/schema\\\/person\\\/77e2fa594135aa94024c47e281d8a94d\",\"name\":\"Sensorial Sunsets\",\"image\":{\"@type\":\"ImageObject\",\"inLanguage\":\"fr-FR\",\"@id\":\"https:\\\/\\\/secure.gravatar.com\\\/avatar\\\/5f2d62681b1dad94c28f1500d4fc75582acdfd32b55fd1acce0a36a3c487eabe?s=96&d=mm&r=g\",\"url\":\"https:\\\/\\\/secure.gravatar.com\\\/avatar\\\/5f2d62681b1dad94c28f1500d4fc75582acdfd32b55fd1acce0a36a3c487eabe?s=96&d=mm&r=g\",\"contentUrl\":\"https:\\\/\\\/secure.gravatar.com\\\/avatar\\\/5f2d62681b1dad94c28f1500d4fc75582acdfd32b55fd1acce0a36a3c487eabe?s=96&d=mm&r=g\",\"caption\":\"Sensorial Sunsets\"},\"url\":\"https:\\\/\\\/www.sensorialsunsets.com\\\/fr\\\/author\\\/asistentes-sensorial-sunsets\\\/\"}]}<\/script>\n<!-- \/ Yoast SEO plugin. -->","yoast_head_json":{"title":"Journ\u00e9e du pharmacien au Costa Rica et plan pilote CCSS","description":"Journ\u00e9e du pharmacien au Costa Rica et impact du plan pilote de la CCSS pour la vente de m\u00e9dicaments au secteur priv\u00e9.","robots":{"index":"index","follow":"follow","max-snippet":"max-snippet:-1","max-image-preview":"max-image-preview:large","max-video-preview":"max-video-preview:-1"},"canonical":"https:\/\/www.sensorialsunsets.com\/fr\/journee-du-pharmacien-au-costa-rica-reflexion-sur-le-plan-pilote-ccss-et-ses-implications\/","og_locale":"fr_FR","og_type":"article","og_title":"Journ\u00e9e du pharmacien au Costa Rica et plan pilote CCSS","og_description":"Journ\u00e9e du pharmacien au Costa Rica et impact du plan pilote de la CCSS pour la vente de m\u00e9dicaments au secteur priv\u00e9.","og_url":"https:\/\/www.sensorialsunsets.com\/fr\/journee-du-pharmacien-au-costa-rica-reflexion-sur-le-plan-pilote-ccss-et-ses-implications\/","og_site_name":"SensorialSunsets","article_publisher":"https:\/\/www.facebook.com\/Sensorial-Sunsets-109180614715562","article_published_time":"2024-08-12T21:51:36+00:00","og_image":[{"width":1944,"height":1458,"url":"https:\/\/www.sensorialsunsets.com\/wp-content\/uploads\/2024\/08\/farmaciacostarica.jpg","type":"image\/jpeg"}],"author":"Sensorial Sunsets","twitter_card":"summary_large_image","twitter_misc":{"\u00c9crit par":"Sensorial Sunsets","Dur\u00e9e de lecture estim\u00e9e":"3 minutes"},"schema":{"@context":"https:\/\/schema.org","@graph":[{"@type":"Article","@id":"https:\/\/www.sensorialsunsets.com\/fr\/journee-du-pharmacien-au-costa-rica-reflexion-sur-le-plan-pilote-ccss-et-ses-implications\/#article","isPartOf":{"@id":"https:\/\/www.sensorialsunsets.com\/fr\/journee-du-pharmacien-au-costa-rica-reflexion-sur-le-plan-pilote-ccss-et-ses-implications\/"},"author":{"name":"Sensorial Sunsets","@id":"https:\/\/www.sensorialsunsets.com\/fr\/#\/schema\/person\/77e2fa594135aa94024c47e281d8a94d"},"headline":"Journ\u00e9e du pharmacien au Costa Rica : r\u00e9flexion sur le plan pilote CCSS et ses implications","datePublished":"2024-08-12T21:51:36+00:00","mainEntityOfPage":{"@id":"https:\/\/www.sensorialsunsets.com\/fr\/journee-du-pharmacien-au-costa-rica-reflexion-sur-le-plan-pilote-ccss-et-ses-implications\/"},"wordCount":662,"publisher":{"@id":"https:\/\/www.sensorialsunsets.com\/fr\/#organization"},"image":{"@id":"https:\/\/www.sensorialsunsets.com\/fr\/journee-du-pharmacien-au-costa-rica-reflexion-sur-le-plan-pilote-ccss-et-ses-implications\/#primaryimage"},"thumbnailUrl":"https:\/\/www.sensorialsunsets.com\/wp-content\/uploads\/2024\/08\/farmaciacostarica.jpg","articleSection":["Non classifi\u00e9(e)"],"inLanguage":"fr-FR"},{"@type":"WebPage","@id":"https:\/\/www.sensorialsunsets.com\/fr\/journee-du-pharmacien-au-costa-rica-reflexion-sur-le-plan-pilote-ccss-et-ses-implications\/","url":"https:\/\/www.sensorialsunsets.com\/fr\/journee-du-pharmacien-au-costa-rica-reflexion-sur-le-plan-pilote-ccss-et-ses-implications\/","name":"Journ\u00e9e du pharmacien au Costa Rica et plan pilote CCSS","isPartOf":{"@id":"https:\/\/www.sensorialsunsets.com\/fr\/#website"},"primaryImageOfPage":{"@id":"https:\/\/www.sensorialsunsets.com\/fr\/journee-du-pharmacien-au-costa-rica-reflexion-sur-le-plan-pilote-ccss-et-ses-implications\/#primaryimage"},"image":{"@id":"https:\/\/www.sensorialsunsets.com\/fr\/journee-du-pharmacien-au-costa-rica-reflexion-sur-le-plan-pilote-ccss-et-ses-implications\/#primaryimage"},"thumbnailUrl":"https:\/\/www.sensorialsunsets.com\/wp-content\/uploads\/2024\/08\/farmaciacostarica.jpg","datePublished":"2024-08-12T21:51:36+00:00","description":"Journ\u00e9e du pharmacien au Costa Rica et impact du plan pilote de la CCSS pour la vente de m\u00e9dicaments au secteur priv\u00e9.","inLanguage":"fr-FR","potentialAction":[{"@type":"ReadAction","target":["https:\/\/www.sensorialsunsets.com\/fr\/journee-du-pharmacien-au-costa-rica-reflexion-sur-le-plan-pilote-ccss-et-ses-implications\/"]}]},{"@type":"ImageObject","inLanguage":"fr-FR","@id":"https:\/\/www.sensorialsunsets.com\/fr\/journee-du-pharmacien-au-costa-rica-reflexion-sur-le-plan-pilote-ccss-et-ses-implications\/#primaryimage","url":"https:\/\/www.sensorialsunsets.com\/wp-content\/uploads\/2024\/08\/farmaciacostarica.jpg","contentUrl":"https:\/\/www.sensorialsunsets.com\/wp-content\/uploads\/2024\/08\/farmaciacostarica.jpg","width":1944,"height":1458},{"@type":"WebSite","@id":"https:\/\/www.sensorialsunsets.com\/fr\/#website","url":"https:\/\/www.sensorialsunsets.com\/fr\/","name":"SensorialSunsets.com","description":"D\u00e9couvrez la culture et la soci\u00e9t\u00e9 du Costa Rica sur notre blog. Explorez des articles captivants et partagez le contenu.","publisher":{"@id":"https:\/\/www.sensorialsunsets.com\/fr\/#organization"},"alternateName":"Costa Rica Live Blog","potentialAction":[{"@type":"SearchAction","target":{"@type":"EntryPoint","urlTemplate":"https:\/\/www.sensorialsunsets.com\/fr\/?s={search_term_string}"},"query-input":{"@type":"PropertyValueSpecification","valueRequired":true,"valueName":"search_term_string"}}],"inLanguage":"fr-FR"},{"@type":"Organization","@id":"https:\/\/www.sensorialsunsets.com\/fr\/#organization","name":"SensorialSunsets","url":"https:\/\/www.sensorialsunsets.com\/fr\/","logo":{"@type":"ImageObject","inLanguage":"fr-FR","@id":"https:\/\/www.sensorialsunsets.com\/fr\/#\/schema\/logo\/image\/","url":"https:\/\/www.sensorialsunsets.com\/wp-content\/uploads\/2023\/04\/Logo_base_line_fond_clair.svg","contentUrl":"https:\/\/www.sensorialsunsets.com\/wp-content\/uploads\/2023\/04\/Logo_base_line_fond_clair.svg","width":"1024","height":"1024","caption":"SensorialSunsets"},"image":{"@id":"https:\/\/www.sensorialsunsets.com\/fr\/#\/schema\/logo\/image\/"},"sameAs":["https:\/\/www.facebook.com\/Sensorial-Sunsets-109180614715562","https:\/\/www.instagram.com\/sensorialsunsets\/"]},{"@type":"Person","@id":"https:\/\/www.sensorialsunsets.com\/fr\/#\/schema\/person\/77e2fa594135aa94024c47e281d8a94d","name":"Sensorial Sunsets","image":{"@type":"ImageObject","inLanguage":"fr-FR","@id":"https:\/\/secure.gravatar.com\/avatar\/5f2d62681b1dad94c28f1500d4fc75582acdfd32b55fd1acce0a36a3c487eabe?s=96&d=mm&r=g","url":"https:\/\/secure.gravatar.com\/avatar\/5f2d62681b1dad94c28f1500d4fc75582acdfd32b55fd1acce0a36a3c487eabe?s=96&d=mm&r=g","contentUrl":"https:\/\/secure.gravatar.com\/avatar\/5f2d62681b1dad94c28f1500d4fc75582acdfd32b55fd1acce0a36a3c487eabe?s=96&d=mm&r=g","caption":"Sensorial Sunsets"},"url":"https:\/\/www.sensorialsunsets.com\/fr\/author\/asistentes-sensorial-sunsets\/"}]}},"_links":{"self":[{"href":"https:\/\/www.sensorialsunsets.com\/fr\/wp-json\/wp\/v2\/posts\/18241","targetHints":{"allow":["GET"]}}],"collection":[{"href":"https:\/\/www.sensorialsunsets.com\/fr\/wp-json\/wp\/v2\/posts"}],"about":[{"href":"https:\/\/www.sensorialsunsets.com\/fr\/wp-json\/wp\/v2\/types\/post"}],"author":[{"embeddable":true,"href":"https:\/\/www.sensorialsunsets.com\/fr\/wp-json\/wp\/v2\/users\/4"}],"replies":[{"embeddable":true,"href":"https:\/\/www.sensorialsunsets.com\/fr\/wp-json\/wp\/v2\/comments?post=18241"}],"version-history":[{"count":0,"href":"https:\/\/www.sensorialsunsets.com\/fr\/wp-json\/wp\/v2\/posts\/18241\/revisions"}],"wp:featuredmedia":[{"embeddable":true,"href":"https:\/\/www.sensorialsunsets.com\/fr\/wp-json\/wp\/v2\/media\/18229"}],"wp:attachment":[{"href":"https:\/\/www.sensorialsunsets.com\/fr\/wp-json\/wp\/v2\/media?parent=18241"}],"wp:term":[{"taxonomy":"category","embeddable":true,"href":"https:\/\/www.sensorialsunsets.com\/fr\/wp-json\/wp\/v2\/categories?post=18241"},{"taxonomy":"post_tag","embeddable":true,"href":"https:\/\/www.sensorialsunsets.com\/fr\/wp-json\/wp\/v2\/tags?post=18241"}],"curies":[{"name":"wp","href":"https:\/\/api.w.org\/{rel}","templated":true}]}}