{"id":18281,"date":"2024-08-16T11:57:56","date_gmt":"2024-08-16T17:57:56","guid":{"rendered":"https:\/\/www.sensorialsunsets.com\/?p=18281"},"modified":"2024-08-16T11:57:56","modified_gmt":"2024-08-16T17:57:56","slug":"bombazar-et-son-marche-dans-la-capitale","status":"publish","type":"post","link":"https:\/\/www.sensorialsunsets.com\/fr\/bombazar-et-son-marche-dans-la-capitale\/","title":{"rendered":"Bombazar et son march\u00e9 dans la capitale"},"content":{"rendered":"\n<p><strong>Bombazar<\/strong> est de retour avec son embl\u00e9matique <strong>Street Market<\/strong> au c\u0153ur de San Jos\u00e9. Apr\u00e8s quelques mois d&rsquo;absence de l&rsquo;incroyable communaut\u00e9, ils sont pr\u00eats \u00e0 revenir avec plus d&rsquo;\u00e9nergie et des propositions uniques.<\/p>\n\n\n\n<h3 class=\"wp-block-heading\">Un march\u00e9 avec style et conscience<\/h3>\n\n\n\n<p>Pour ce retour, ils ont s\u00e9lectionn\u00e9 les meilleurs <strong>d\u00e9taillants<\/strong> afin que vous puissiez trouver des produits essentiels, id\u00e9aux pour donner un nouvel air \u00e0 votre routine et d\u00e9finir votre meilleur <strong>style<\/strong> de mani\u00e8re responsable. Nous vous proposons ici une s\u00e9lection unique de :<\/p>\n\n\n\n<ul class=\"wp-block-list\">\n<li><strong>Vintage<\/strong><\/li>\n\n\n\n<li><strong>Thrifted<\/strong><\/li>\n\n\n\n<li><strong>Upcycling<\/strong><\/li>\n\n\n\n<li><strong>Slow Fashion<\/strong><\/li>\n\n\n\n<li><strong>Articles de collection<\/strong><\/li>\n\n\n\n<li><strong>Eco<\/strong><\/li>\n\n\n\n<li><strong>Chaussures<\/strong><\/li>\n\n\n\n<li><strong>Accessoires<\/strong><\/li>\n\n\n\n<li><strong>Prints<\/strong><\/li>\n<\/ul>\n\n\n\n<p>Tous ces \u00e9l\u00e9ments seront accompagn\u00e9s de la meilleure musique par <strong>Oscar Acetatos<\/strong> et <strong><a href=\"https:\/\/www.instagram.com\/ritmosmulatos\/\">Ritmos Mulatos<\/a><\/strong> avec leurs collections de vinyles et leurs rythmes vibrants.<\/p>\n\n\n\n<figure class=\"wp-block-gallery has-nested-images columns-default is-cropped wp-block-gallery-1 is-layout-flex wp-block-gallery-is-layout-flex\">\n<figure class=\"wp-block-image size-large\"><img loading=\"lazy\" decoding=\"async\" width=\"819\" height=\"1024\" data-id=\"18262\" src=\"https:\/\/www.sensorialsunsets.com\/wp-content\/uploads\/2024\/08\/SaveInsta.App_450534230_1244052980242352_6869025710652140671_n-819x1024.jpg\" alt=\"Bombazar\" class=\"wp-image-18262\" srcset=\"https:\/\/www.sensorialsunsets.com\/wp-content\/uploads\/2024\/08\/SaveInsta.App_450534230_1244052980242352_6869025710652140671_n-819x1024.jpg 819w, https:\/\/www.sensorialsunsets.com\/wp-content\/uploads\/2024\/08\/SaveInsta.App_450534230_1244052980242352_6869025710652140671_n-240x300.jpg 240w, https:\/\/www.sensorialsunsets.com\/wp-content\/uploads\/2024\/08\/SaveInsta.App_450534230_1244052980242352_6869025710652140671_n-768x960.jpg 768w, https:\/\/www.sensorialsunsets.com\/wp-content\/uploads\/2024\/08\/SaveInsta.App_450534230_1244052980242352_6869025710652140671_n.jpg 1080w\" sizes=\"auto, (max-width: 819px) 100vw, 819px\" \/><\/figure>\n\n\n\n<figure class=\"wp-block-image size-large\"><img loading=\"lazy\" decoding=\"async\" width=\"819\" height=\"1024\" data-id=\"18258\" src=\"https:\/\/www.sensorialsunsets.com\/wp-content\/uploads\/2024\/08\/SaveInsta.App_450543990_1244053043575679_183854769648323255_n-819x1024.jpg\" alt=\"\" class=\"wp-image-18258\" srcset=\"https:\/\/www.sensorialsunsets.com\/wp-content\/uploads\/2024\/08\/SaveInsta.App_450543990_1244053043575679_183854769648323255_n-819x1024.jpg 819w, https:\/\/www.sensorialsunsets.com\/wp-content\/uploads\/2024\/08\/SaveInsta.App_450543990_1244053043575679_183854769648323255_n-240x300.jpg 240w, https:\/\/www.sensorialsunsets.com\/wp-content\/uploads\/2024\/08\/SaveInsta.App_450543990_1244053043575679_183854769648323255_n-768x960.jpg 768w, https:\/\/www.sensorialsunsets.com\/wp-content\/uploads\/2024\/08\/SaveInsta.App_450543990_1244053043575679_183854769648323255_n.jpg 1080w\" sizes=\"auto, (max-width: 819px) 100vw, 819px\" \/><figcaption class=\"wp-element-caption\">Situ\u00e9 \u00e0 \ud83d\udccd <strong>Avenida 1, Calle 11<\/strong>, 150 m\u00e8tres \u00e0 l&rsquo;ouest du <strong>Parque Nacional<\/strong>, dans l&rsquo;ancien AMPM. <\/figcaption><\/figure>\n\n\n\n<figure class=\"wp-block-image size-large\"><img loading=\"lazy\" decoding=\"async\" width=\"819\" height=\"1024\" data-id=\"18261\" src=\"https:\/\/www.sensorialsunsets.com\/wp-content\/uploads\/2024\/08\/SaveInsta.App_450598658_1244053016909015_3229606468360127833_n-819x1024.jpg\" alt=\"Bombazar\" class=\"wp-image-18261\" srcset=\"https:\/\/www.sensorialsunsets.com\/wp-content\/uploads\/2024\/08\/SaveInsta.App_450598658_1244053016909015_3229606468360127833_n-819x1024.jpg 819w, https:\/\/www.sensorialsunsets.com\/wp-content\/uploads\/2024\/08\/SaveInsta.App_450598658_1244053016909015_3229606468360127833_n-240x300.jpg 240w, https:\/\/www.sensorialsunsets.com\/wp-content\/uploads\/2024\/08\/SaveInsta.App_450598658_1244053016909015_3229606468360127833_n-768x960.jpg 768w, https:\/\/www.sensorialsunsets.com\/wp-content\/uploads\/2024\/08\/SaveInsta.App_450598658_1244053016909015_3229606468360127833_n.jpg 1080w\" sizes=\"auto, (max-width: 819px) 100vw, 819px\" \/><\/figure>\n<\/figure>\n\n\n\n<h5 class=\"wp-block-heading\">La Barter Zone est de retour<\/h5>\n\n\n\n<p>L&rsquo;un des grands succ\u00e8s de notre dernier \u00e9v\u00e9nement a \u00e9t\u00e9 la <strong>Zone de Trocs<\/strong>. Cette dynamique encourage non seulement la consommation responsable, mais aussi la r\u00e9utilisation et l&rsquo;\u00e9change conscient d&rsquo;objets que nous n&rsquo;utilisons plus. <\/p>\n\n\n\n<h3 class=\"wp-block-heading\">Bombazar : un espace de libert\u00e9 pour tous<\/h3>\n\n\n\n<p>Au <strong>Bombazar<\/strong>, l&rsquo;objectif est de cr\u00e9er un impact positif sur la communaut\u00e9. C&rsquo;est pourquoi vous pouvez amener vos amis, votre famille et vos proches pour profiter d&rsquo;une journ\u00e9e pleine de style, de musique et de sensibilisation dans le <strong>safe place<\/strong> de San Jos\u00e9.<\/p>\n\n\n\n<figure class=\"wp-block-gallery has-nested-images columns-default is-cropped wp-block-gallery-2 is-layout-flex wp-block-gallery-is-layout-flex\">\n<figure class=\"wp-block-image size-large\"><img loading=\"lazy\" decoding=\"async\" width=\"819\" height=\"1024\" data-id=\"18265\" src=\"https:\/\/www.sensorialsunsets.com\/wp-content\/uploads\/2024\/08\/SaveInsta.App_448002793_1222318322415818_7250347179694155833_n-819x1024.jpg\" alt=\"Bombazar\" class=\"wp-image-18265\" srcset=\"https:\/\/www.sensorialsunsets.com\/wp-content\/uploads\/2024\/08\/SaveInsta.App_448002793_1222318322415818_7250347179694155833_n-819x1024.jpg 819w, https:\/\/www.sensorialsunsets.com\/wp-content\/uploads\/2024\/08\/SaveInsta.App_448002793_1222318322415818_7250347179694155833_n-240x300.jpg 240w, https:\/\/www.sensorialsunsets.com\/wp-content\/uploads\/2024\/08\/SaveInsta.App_448002793_1222318322415818_7250347179694155833_n-768x960.jpg 768w, https:\/\/www.sensorialsunsets.com\/wp-content\/uploads\/2024\/08\/SaveInsta.App_448002793_1222318322415818_7250347179694155833_n.jpg 1080w\" sizes=\"auto, (max-width: 819px) 100vw, 819px\" \/><\/figure>\n\n\n\n<figure class=\"wp-block-image size-large\"><img loading=\"lazy\" decoding=\"async\" width=\"819\" height=\"1024\" data-id=\"18268\" src=\"https:\/\/www.sensorialsunsets.com\/wp-content\/uploads\/2024\/08\/SaveInsta.App_448004124_1222318362415814_3336067639751862469_n-819x1024.jpg\" alt=\"\" class=\"wp-image-18268\" srcset=\"https:\/\/www.sensorialsunsets.com\/wp-content\/uploads\/2024\/08\/SaveInsta.App_448004124_1222318362415814_3336067639751862469_n-819x1024.jpg 819w, https:\/\/www.sensorialsunsets.com\/wp-content\/uploads\/2024\/08\/SaveInsta.App_448004124_1222318362415814_3336067639751862469_n-240x300.jpg 240w, https:\/\/www.sensorialsunsets.com\/wp-content\/uploads\/2024\/08\/SaveInsta.App_448004124_1222318362415814_3336067639751862469_n-768x960.jpg 768w, https:\/\/www.sensorialsunsets.com\/wp-content\/uploads\/2024\/08\/SaveInsta.App_448004124_1222318362415814_3336067639751862469_n.jpg 1080w\" sizes=\"auto, (max-width: 819px) 100vw, 819px\" \/><figcaption class=\"wp-element-caption\">Les heures d&rsquo;ouverture sont de 10h00 \u00e0 17h00, alors n&rsquo;oubliez pas de noter la date dans votre agenda et rejoignez-nous pour une journ\u00e9e inoubliable. <\/figcaption><\/figure>\n\n\n\n<figure class=\"wp-block-image size-large\"><img loading=\"lazy\" decoding=\"async\" width=\"819\" height=\"1024\" data-id=\"18270\" src=\"https:\/\/www.sensorialsunsets.com\/wp-content\/uploads\/2024\/08\/SaveInsta.App_448004247_1222318102415840_3427410771686738555_n-819x1024.jpg\" alt=\"Bombazar\" class=\"wp-image-18270\" srcset=\"https:\/\/www.sensorialsunsets.com\/wp-content\/uploads\/2024\/08\/SaveInsta.App_448004247_1222318102415840_3427410771686738555_n-819x1024.jpg 819w, https:\/\/www.sensorialsunsets.com\/wp-content\/uploads\/2024\/08\/SaveInsta.App_448004247_1222318102415840_3427410771686738555_n-240x300.jpg 240w, https:\/\/www.sensorialsunsets.com\/wp-content\/uploads\/2024\/08\/SaveInsta.App_448004247_1222318102415840_3427410771686738555_n-768x960.jpg 768w, https:\/\/www.sensorialsunsets.com\/wp-content\/uploads\/2024\/08\/SaveInsta.App_448004247_1222318102415840_3427410771686738555_n.jpg 1080w\" sizes=\"auto, (max-width: 819px) 100vw, 819px\" \/><\/figure>\n<\/figure>\n\n\n\n<p>Pour devenir un revendeur <a href=\"\u00ab\" https:=\"\">Bombazar<\/a>, vous pouvez suivre les \u00e9tapes suivantes :<\/p>\n\n\n\n<ul class=\"wp-block-list\">\n<li><visitez le=\"\" site=\"\" web=\"\"> <\/visitez>R<visitez le=\"\" site=\"\" web=\"\">endez-vous sur le site web officiel de Bombazar, o\u00f9 vous trouverez des informations sp\u00e9cifiques sur la mani\u00e8re de devenir concessionnaire et sur les conditions \u00e0 remplir.<\/visitez><\/li>\n\n\n\n<li><strong>S\u00e9lectionner un plan<\/strong> : Bombazar propose diff\u00e9rents plans pour les revendeurs, vous devez donc choisir celui qui correspond le mieux \u00e0 vos besoins et au type de produits que vous souhaitez vendre, tels que les antiquit\u00e9s, la mode vintage, les produits biologiques, entre autres<a href=\"\u00ab\" https:=\"\" target=\"\u00ab\" _blank=\"\" rel=\"\u00ab noopener\" noreferrer=\"\" noopener=\"\"><\/a><a href=\"\u00ab\" https:=\"\" target=\"\u00ab\" _blank=\"\" rel=\"\u00ab noopener\" noreferrer=\"\" noopener=\"\"><\/a>.<\/li>\n\n\n\n<li><strong>Co\u00fbts et conditions<\/strong> : renseignez-vous sur le co\u00fbt du droit de vendre et sur les conditions sp\u00e9cifiques pour participer aux foires et \u00e0 la boutique en ligne. Ces informations sont disponibles dans la section FAQ du site web<a href=\"\u00ab\" https:=\"\" target=\"\u00ab\" _blank=\"\" rel=\"\u00ab noopener\" noreferrer=\"\" noopener=\"\"><\/a><a href=\"\u00ab\" https:=\"\" target=\"\u00ab\" _blank=\"\" rel=\"\u00ab noopener\" noreferrer=\"\" noopener=\"\"><\/a>.<\/li>\n\n\n\n<li><strong>Enregistrement et contact<\/strong> : compl\u00e9tez le processus d&rsquo;enregistrement des distributeurs, qui peut consister \u00e0 remplir un formulaire et \u00e9ventuellement \u00e0 contacter directement Bombazar pour obtenir plus de d\u00e9tails sur la participation \u00e0 ses \u00e9v\u00e9nements et la vente de produits<a href=\"\u00ab\" https:=\"\" target=\"\u00ab\" _blank=\"\" rel=\"\u00ab noopener\" noreferrer=\"\" noopener=\"\"><\/a>.<\/li>\n\n\n\n<li><strong>Participation aux salons<\/strong> : Une fois inscrit, vous pourrez participer aux salons organis\u00e9s par Bombazar, o\u00f9 vous pourrez exposer et vendre vos produits \u00e0 un public int\u00e9ress\u00e9 par la mode vintage et durable<a href=\"\u00ab\" https:=\"\" target=\"\u00ab\" _blank=\"\" rel=\"\u00ab noopener\" noreferrer=\"\" noopener=\"\"><\/a>.<\/li>\n<\/ul>\n\n\n\n<p><strong>Sensorial Sunsets<\/strong><\/p>\n","protected":false},"excerpt":{"rendered":"<p>Bombazar est de retour avec son embl\u00e9matique Street Market au c\u0153ur de San Jos\u00e9. Apr\u00e8s quelques mois d&rsquo;absence de l&rsquo;incroyable communaut\u00e9, ils sont pr\u00eats \u00e0 revenir avec plus d&rsquo;\u00e9nergie et des propositions uniques. Un march\u00e9 avec style et conscience Pour ce retour, ils ont s\u00e9lectionn\u00e9 les meilleurs d\u00e9taillants afin que vous puissiez trouver des produits [&hellip;]<\/p>\n","protected":false},"author":4,"featured_media":18277,"comment_status":"closed","ping_status":"closed","sticky":false,"template":"","format":"standard","meta":{"_acf_changed":false,"inline_featured_image":false,"_monsterinsights_skip_tracking":false,"_monsterinsights_sitenote_active":false,"_monsterinsights_sitenote_note":"","_monsterinsights_sitenote_category":0,"footnotes":""},"categories":[100,104,1],"tags":[],"class_list":["post-18281","post","type-post","status-publish","format-standard","has-post-thumbnail","hentry","category-costa-rica-fr","category-culture-fr","category-non-classifiee"],"acf":[],"yoast_head":"<!-- This site is optimized with the Yoast SEO plugin v27.4 - https:\/\/yoast.com\/product\/yoast-seo-wordpress\/ -->\n<title>Bombazar et son march\u00e9 dans la capitale - SensorialSunsets<\/title>\n<meta name=\"description\" content=\"Bombazar est de retour avec son embl\u00e9matique Street Market au c\u0153ur de San Jose. Apr\u00e8s quelques mois d&#039;absence de l&#039;incroyable communaut\u00e9.\" \/>\n<meta name=\"robots\" content=\"index, follow, max-snippet:-1, max-image-preview:large, max-video-preview:-1\" \/>\n<link rel=\"canonical\" href=\"https:\/\/www.sensorialsunsets.com\/fr\/bombazar-et-son-marche-dans-la-capitale\/\" \/>\n<meta property=\"og:locale\" content=\"fr_FR\" \/>\n<meta property=\"og:type\" content=\"article\" \/>\n<meta property=\"og:title\" content=\"Bombazar et son march\u00e9 dans la capitale - SensorialSunsets\" \/>\n<meta property=\"og:description\" content=\"Bombazar est de retour avec son embl\u00e9matique Street Market au c\u0153ur de San Jose. Apr\u00e8s quelques mois d&#039;absence de l&#039;incroyable communaut\u00e9.\" \/>\n<meta property=\"og:url\" content=\"https:\/\/www.sensorialsunsets.com\/fr\/bombazar-et-son-marche-dans-la-capitale\/\" \/>\n<meta property=\"og:site_name\" content=\"SensorialSunsets\" \/>\n<meta property=\"article:publisher\" content=\"https:\/\/www.facebook.com\/Sensorial-Sunsets-109180614715562\" \/>\n<meta property=\"article:published_time\" content=\"2024-08-16T17:57:56+00:00\" \/>\n<meta property=\"og:image\" content=\"https:\/\/www.sensorialsunsets.com\/wp-content\/uploads\/2024\/08\/bombazar.jpg\" \/>\n\t<meta property=\"og:image:width\" content=\"1508\" \/>\n\t<meta property=\"og:image:height\" content=\"790\" \/>\n\t<meta property=\"og:image:type\" content=\"image\/jpeg\" \/>\n<meta name=\"author\" content=\"Sensorial Sunsets\" \/>\n<meta name=\"twitter:card\" content=\"summary_large_image\" \/>\n<meta name=\"twitter:label1\" content=\"\u00c9crit par\" \/>\n\t<meta name=\"twitter:data1\" content=\"Sensorial Sunsets\" \/>\n\t<meta name=\"twitter:label2\" content=\"Dur\u00e9e de lecture estim\u00e9e\" \/>\n\t<meta name=\"twitter:data2\" content=\"2 minutes\" \/>\n<script type=\"application\/ld+json\" class=\"yoast-schema-graph\">{\"@context\":\"https:\\\/\\\/schema.org\",\"@graph\":[{\"@type\":\"Article\",\"@id\":\"https:\\\/\\\/www.sensorialsunsets.com\\\/fr\\\/bombazar-et-son-marche-dans-la-capitale\\\/#article\",\"isPartOf\":{\"@id\":\"https:\\\/\\\/www.sensorialsunsets.com\\\/fr\\\/bombazar-et-son-marche-dans-la-capitale\\\/\"},\"author\":{\"name\":\"Sensorial Sunsets\",\"@id\":\"https:\\\/\\\/www.sensorialsunsets.com\\\/fr\\\/#\\\/schema\\\/person\\\/77e2fa594135aa94024c47e281d8a94d\"},\"headline\":\"Bombazar et son march\u00e9 dans la capitale\",\"datePublished\":\"2024-08-16T17:57:56+00:00\",\"mainEntityOfPage\":{\"@id\":\"https:\\\/\\\/www.sensorialsunsets.com\\\/fr\\\/bombazar-et-son-marche-dans-la-capitale\\\/\"},\"wordCount\":475,\"publisher\":{\"@id\":\"https:\\\/\\\/www.sensorialsunsets.com\\\/fr\\\/#organization\"},\"image\":{\"@id\":\"https:\\\/\\\/www.sensorialsunsets.com\\\/fr\\\/bombazar-et-son-marche-dans-la-capitale\\\/#primaryimage\"},\"thumbnailUrl\":\"https:\\\/\\\/www.sensorialsunsets.com\\\/wp-content\\\/uploads\\\/2024\\\/08\\\/bombazar.jpg\",\"articleSection\":[\"Costa Rica\",\"Culture\",\"Non classifi\u00e9(e)\"],\"inLanguage\":\"fr-FR\"},{\"@type\":\"WebPage\",\"@id\":\"https:\\\/\\\/www.sensorialsunsets.com\\\/fr\\\/bombazar-et-son-marche-dans-la-capitale\\\/\",\"url\":\"https:\\\/\\\/www.sensorialsunsets.com\\\/fr\\\/bombazar-et-son-marche-dans-la-capitale\\\/\",\"name\":\"Bombazar et son march\u00e9 dans la capitale - SensorialSunsets\",\"isPartOf\":{\"@id\":\"https:\\\/\\\/www.sensorialsunsets.com\\\/fr\\\/#website\"},\"primaryImageOfPage\":{\"@id\":\"https:\\\/\\\/www.sensorialsunsets.com\\\/fr\\\/bombazar-et-son-marche-dans-la-capitale\\\/#primaryimage\"},\"image\":{\"@id\":\"https:\\\/\\\/www.sensorialsunsets.com\\\/fr\\\/bombazar-et-son-marche-dans-la-capitale\\\/#primaryimage\"},\"thumbnailUrl\":\"https:\\\/\\\/www.sensorialsunsets.com\\\/wp-content\\\/uploads\\\/2024\\\/08\\\/bombazar.jpg\",\"datePublished\":\"2024-08-16T17:57:56+00:00\",\"description\":\"Bombazar est de retour avec son embl\u00e9matique Street Market au c\u0153ur de San Jose. Apr\u00e8s quelques mois d'absence de l'incroyable communaut\u00e9.\",\"inLanguage\":\"fr-FR\",\"potentialAction\":[{\"@type\":\"ReadAction\",\"target\":[\"https:\\\/\\\/www.sensorialsunsets.com\\\/fr\\\/bombazar-et-son-marche-dans-la-capitale\\\/\"]}]},{\"@type\":\"ImageObject\",\"inLanguage\":\"fr-FR\",\"@id\":\"https:\\\/\\\/www.sensorialsunsets.com\\\/fr\\\/bombazar-et-son-marche-dans-la-capitale\\\/#primaryimage\",\"url\":\"https:\\\/\\\/www.sensorialsunsets.com\\\/wp-content\\\/uploads\\\/2024\\\/08\\\/bombazar.jpg\",\"contentUrl\":\"https:\\\/\\\/www.sensorialsunsets.com\\\/wp-content\\\/uploads\\\/2024\\\/08\\\/bombazar.jpg\",\"width\":1508,\"height\":790},{\"@type\":\"WebSite\",\"@id\":\"https:\\\/\\\/www.sensorialsunsets.com\\\/fr\\\/#website\",\"url\":\"https:\\\/\\\/www.sensorialsunsets.com\\\/fr\\\/\",\"name\":\"SensorialSunsets.com\",\"description\":\"D\u00e9couvrez la culture et la soci\u00e9t\u00e9 du Costa Rica sur notre blog. Explorez des articles captivants et partagez le contenu.\",\"publisher\":{\"@id\":\"https:\\\/\\\/www.sensorialsunsets.com\\\/fr\\\/#organization\"},\"alternateName\":\"Costa Rica Live Blog\",\"potentialAction\":[{\"@type\":\"SearchAction\",\"target\":{\"@type\":\"EntryPoint\",\"urlTemplate\":\"https:\\\/\\\/www.sensorialsunsets.com\\\/fr\\\/?s={search_term_string}\"},\"query-input\":{\"@type\":\"PropertyValueSpecification\",\"valueRequired\":true,\"valueName\":\"search_term_string\"}}],\"inLanguage\":\"fr-FR\"},{\"@type\":\"Organization\",\"@id\":\"https:\\\/\\\/www.sensorialsunsets.com\\\/fr\\\/#organization\",\"name\":\"SensorialSunsets\",\"url\":\"https:\\\/\\\/www.sensorialsunsets.com\\\/fr\\\/\",\"logo\":{\"@type\":\"ImageObject\",\"inLanguage\":\"fr-FR\",\"@id\":\"https:\\\/\\\/www.sensorialsunsets.com\\\/fr\\\/#\\\/schema\\\/logo\\\/image\\\/\",\"url\":\"https:\\\/\\\/www.sensorialsunsets.com\\\/wp-content\\\/uploads\\\/2023\\\/04\\\/Logo_base_line_fond_clair.svg\",\"contentUrl\":\"https:\\\/\\\/www.sensorialsunsets.com\\\/wp-content\\\/uploads\\\/2023\\\/04\\\/Logo_base_line_fond_clair.svg\",\"width\":\"1024\",\"height\":\"1024\",\"caption\":\"SensorialSunsets\"},\"image\":{\"@id\":\"https:\\\/\\\/www.sensorialsunsets.com\\\/fr\\\/#\\\/schema\\\/logo\\\/image\\\/\"},\"sameAs\":[\"https:\\\/\\\/www.facebook.com\\\/Sensorial-Sunsets-109180614715562\",\"https:\\\/\\\/www.instagram.com\\\/sensorialsunsets\\\/\"]},{\"@type\":\"Person\",\"@id\":\"https:\\\/\\\/www.sensorialsunsets.com\\\/fr\\\/#\\\/schema\\\/person\\\/77e2fa594135aa94024c47e281d8a94d\",\"name\":\"Sensorial Sunsets\",\"image\":{\"@type\":\"ImageObject\",\"inLanguage\":\"fr-FR\",\"@id\":\"https:\\\/\\\/secure.gravatar.com\\\/avatar\\\/5f2d62681b1dad94c28f1500d4fc75582acdfd32b55fd1acce0a36a3c487eabe?s=96&d=mm&r=g\",\"url\":\"https:\\\/\\\/secure.gravatar.com\\\/avatar\\\/5f2d62681b1dad94c28f1500d4fc75582acdfd32b55fd1acce0a36a3c487eabe?s=96&d=mm&r=g\",\"contentUrl\":\"https:\\\/\\\/secure.gravatar.com\\\/avatar\\\/5f2d62681b1dad94c28f1500d4fc75582acdfd32b55fd1acce0a36a3c487eabe?s=96&d=mm&r=g\",\"caption\":\"Sensorial Sunsets\"},\"url\":\"https:\\\/\\\/www.sensorialsunsets.com\\\/fr\\\/author\\\/asistentes-sensorial-sunsets\\\/\"}]}<\/script>\n<!-- \/ Yoast SEO plugin. -->","yoast_head_json":{"title":"Bombazar et son march\u00e9 dans la capitale - SensorialSunsets","description":"Bombazar est de retour avec son embl\u00e9matique Street Market au c\u0153ur de San Jose. Apr\u00e8s quelques mois d'absence de l'incroyable communaut\u00e9.","robots":{"index":"index","follow":"follow","max-snippet":"max-snippet:-1","max-image-preview":"max-image-preview:large","max-video-preview":"max-video-preview:-1"},"canonical":"https:\/\/www.sensorialsunsets.com\/fr\/bombazar-et-son-marche-dans-la-capitale\/","og_locale":"fr_FR","og_type":"article","og_title":"Bombazar et son march\u00e9 dans la capitale - SensorialSunsets","og_description":"Bombazar est de retour avec son embl\u00e9matique Street Market au c\u0153ur de San Jose. Apr\u00e8s quelques mois d'absence de l'incroyable communaut\u00e9.","og_url":"https:\/\/www.sensorialsunsets.com\/fr\/bombazar-et-son-marche-dans-la-capitale\/","og_site_name":"SensorialSunsets","article_publisher":"https:\/\/www.facebook.com\/Sensorial-Sunsets-109180614715562","article_published_time":"2024-08-16T17:57:56+00:00","og_image":[{"width":1508,"height":790,"url":"https:\/\/www.sensorialsunsets.com\/wp-content\/uploads\/2024\/08\/bombazar.jpg","type":"image\/jpeg"}],"author":"Sensorial Sunsets","twitter_card":"summary_large_image","twitter_misc":{"\u00c9crit par":"Sensorial Sunsets","Dur\u00e9e de lecture estim\u00e9e":"2 minutes"},"schema":{"@context":"https:\/\/schema.org","@graph":[{"@type":"Article","@id":"https:\/\/www.sensorialsunsets.com\/fr\/bombazar-et-son-marche-dans-la-capitale\/#article","isPartOf":{"@id":"https:\/\/www.sensorialsunsets.com\/fr\/bombazar-et-son-marche-dans-la-capitale\/"},"author":{"name":"Sensorial Sunsets","@id":"https:\/\/www.sensorialsunsets.com\/fr\/#\/schema\/person\/77e2fa594135aa94024c47e281d8a94d"},"headline":"Bombazar et son march\u00e9 dans la capitale","datePublished":"2024-08-16T17:57:56+00:00","mainEntityOfPage":{"@id":"https:\/\/www.sensorialsunsets.com\/fr\/bombazar-et-son-marche-dans-la-capitale\/"},"wordCount":475,"publisher":{"@id":"https:\/\/www.sensorialsunsets.com\/fr\/#organization"},"image":{"@id":"https:\/\/www.sensorialsunsets.com\/fr\/bombazar-et-son-marche-dans-la-capitale\/#primaryimage"},"thumbnailUrl":"https:\/\/www.sensorialsunsets.com\/wp-content\/uploads\/2024\/08\/bombazar.jpg","articleSection":["Costa Rica","Culture","Non classifi\u00e9(e)"],"inLanguage":"fr-FR"},{"@type":"WebPage","@id":"https:\/\/www.sensorialsunsets.com\/fr\/bombazar-et-son-marche-dans-la-capitale\/","url":"https:\/\/www.sensorialsunsets.com\/fr\/bombazar-et-son-marche-dans-la-capitale\/","name":"Bombazar et son march\u00e9 dans la capitale - SensorialSunsets","isPartOf":{"@id":"https:\/\/www.sensorialsunsets.com\/fr\/#website"},"primaryImageOfPage":{"@id":"https:\/\/www.sensorialsunsets.com\/fr\/bombazar-et-son-marche-dans-la-capitale\/#primaryimage"},"image":{"@id":"https:\/\/www.sensorialsunsets.com\/fr\/bombazar-et-son-marche-dans-la-capitale\/#primaryimage"},"thumbnailUrl":"https:\/\/www.sensorialsunsets.com\/wp-content\/uploads\/2024\/08\/bombazar.jpg","datePublished":"2024-08-16T17:57:56+00:00","description":"Bombazar est de retour avec son embl\u00e9matique Street Market au c\u0153ur de San Jose. Apr\u00e8s quelques mois d'absence de l'incroyable communaut\u00e9.","inLanguage":"fr-FR","potentialAction":[{"@type":"ReadAction","target":["https:\/\/www.sensorialsunsets.com\/fr\/bombazar-et-son-marche-dans-la-capitale\/"]}]},{"@type":"ImageObject","inLanguage":"fr-FR","@id":"https:\/\/www.sensorialsunsets.com\/fr\/bombazar-et-son-marche-dans-la-capitale\/#primaryimage","url":"https:\/\/www.sensorialsunsets.com\/wp-content\/uploads\/2024\/08\/bombazar.jpg","contentUrl":"https:\/\/www.sensorialsunsets.com\/wp-content\/uploads\/2024\/08\/bombazar.jpg","width":1508,"height":790},{"@type":"WebSite","@id":"https:\/\/www.sensorialsunsets.com\/fr\/#website","url":"https:\/\/www.sensorialsunsets.com\/fr\/","name":"SensorialSunsets.com","description":"D\u00e9couvrez la culture et la soci\u00e9t\u00e9 du Costa Rica sur notre blog. Explorez des articles captivants et partagez le contenu.","publisher":{"@id":"https:\/\/www.sensorialsunsets.com\/fr\/#organization"},"alternateName":"Costa Rica Live Blog","potentialAction":[{"@type":"SearchAction","target":{"@type":"EntryPoint","urlTemplate":"https:\/\/www.sensorialsunsets.com\/fr\/?s={search_term_string}"},"query-input":{"@type":"PropertyValueSpecification","valueRequired":true,"valueName":"search_term_string"}}],"inLanguage":"fr-FR"},{"@type":"Organization","@id":"https:\/\/www.sensorialsunsets.com\/fr\/#organization","name":"SensorialSunsets","url":"https:\/\/www.sensorialsunsets.com\/fr\/","logo":{"@type":"ImageObject","inLanguage":"fr-FR","@id":"https:\/\/www.sensorialsunsets.com\/fr\/#\/schema\/logo\/image\/","url":"https:\/\/www.sensorialsunsets.com\/wp-content\/uploads\/2023\/04\/Logo_base_line_fond_clair.svg","contentUrl":"https:\/\/www.sensorialsunsets.com\/wp-content\/uploads\/2023\/04\/Logo_base_line_fond_clair.svg","width":"1024","height":"1024","caption":"SensorialSunsets"},"image":{"@id":"https:\/\/www.sensorialsunsets.com\/fr\/#\/schema\/logo\/image\/"},"sameAs":["https:\/\/www.facebook.com\/Sensorial-Sunsets-109180614715562","https:\/\/www.instagram.com\/sensorialsunsets\/"]},{"@type":"Person","@id":"https:\/\/www.sensorialsunsets.com\/fr\/#\/schema\/person\/77e2fa594135aa94024c47e281d8a94d","name":"Sensorial Sunsets","image":{"@type":"ImageObject","inLanguage":"fr-FR","@id":"https:\/\/secure.gravatar.com\/avatar\/5f2d62681b1dad94c28f1500d4fc75582acdfd32b55fd1acce0a36a3c487eabe?s=96&d=mm&r=g","url":"https:\/\/secure.gravatar.com\/avatar\/5f2d62681b1dad94c28f1500d4fc75582acdfd32b55fd1acce0a36a3c487eabe?s=96&d=mm&r=g","contentUrl":"https:\/\/secure.gravatar.com\/avatar\/5f2d62681b1dad94c28f1500d4fc75582acdfd32b55fd1acce0a36a3c487eabe?s=96&d=mm&r=g","caption":"Sensorial Sunsets"},"url":"https:\/\/www.sensorialsunsets.com\/fr\/author\/asistentes-sensorial-sunsets\/"}]}},"_links":{"self":[{"href":"https:\/\/www.sensorialsunsets.com\/fr\/wp-json\/wp\/v2\/posts\/18281","targetHints":{"allow":["GET"]}}],"collection":[{"href":"https:\/\/www.sensorialsunsets.com\/fr\/wp-json\/wp\/v2\/posts"}],"about":[{"href":"https:\/\/www.sensorialsunsets.com\/fr\/wp-json\/wp\/v2\/types\/post"}],"author":[{"embeddable":true,"href":"https:\/\/www.sensorialsunsets.com\/fr\/wp-json\/wp\/v2\/users\/4"}],"replies":[{"embeddable":true,"href":"https:\/\/www.sensorialsunsets.com\/fr\/wp-json\/wp\/v2\/comments?post=18281"}],"version-history":[{"count":0,"href":"https:\/\/www.sensorialsunsets.com\/fr\/wp-json\/wp\/v2\/posts\/18281\/revisions"}],"wp:featuredmedia":[{"embeddable":true,"href":"https:\/\/www.sensorialsunsets.com\/fr\/wp-json\/wp\/v2\/media\/18277"}],"wp:attachment":[{"href":"https:\/\/www.sensorialsunsets.com\/fr\/wp-json\/wp\/v2\/media?parent=18281"}],"wp:term":[{"taxonomy":"category","embeddable":true,"href":"https:\/\/www.sensorialsunsets.com\/fr\/wp-json\/wp\/v2\/categories?post=18281"},{"taxonomy":"post_tag","embeddable":true,"href":"https:\/\/www.sensorialsunsets.com\/fr\/wp-json\/wp\/v2\/tags?post=18281"}],"curies":[{"name":"wp","href":"https:\/\/api.w.org\/{rel}","templated":true}]}}