{"id":18354,"date":"2024-08-21T14:32:07","date_gmt":"2024-08-21T20:32:07","guid":{"rendered":"https:\/\/www.sensorialsunsets.com\/?p=18354"},"modified":"2024-08-21T14:32:07","modified_gmt":"2024-08-21T20:32:07","slug":"le-centre-culturel-despagne-strategies-curatoriales-dans-les-propositions-dexposition-et-la-production-artistique","status":"publish","type":"post","link":"https:\/\/www.sensorialsunsets.com\/fr\/le-centre-culturel-despagne-strategies-curatoriales-dans-les-propositions-dexposition-et-la-production-artistique\/","title":{"rendered":"Le centre culturel d&rsquo;Espagne : strat\u00e9gies curatoriales dans les propositions d&rsquo;exposition et la production artistique"},"content":{"rendered":"\n<p>Le Centre culturel d&rsquo;Espagne \u00e0 Barrio Escalante, San Jos\u00e9, accueillera un atelier unique destin\u00e9 aux professionnels de la conservation et de la gestion culturelle dans le domaine des arts visuels, ainsi qu&rsquo;aux artistes, aux m\u00e9diateurs et aux activistes. Cet \u00e9v\u00e9nement, qui aura lieu le jeudi 22 ao\u00fbt de 18h \u00e0 21h, est ouvert au public sans inscription pr\u00e9alable.<\/p>\n\n\n\n<p>Organis\u00e9 par le programme LAB CCE dans le cadre du projet <em>Profesi\u00f3n Cultura<\/em>, l&rsquo;atelier vise \u00e0 promouvoir les \u00e9changes entre les agents culturels d&rsquo;Am\u00e9rique centrale. Le but principal est de stimuler les processus cr\u00e9atifs par l&rsquo;exp\u00e9rimentation et la recherche, en mettant l&rsquo;accent sur la conservation et l&rsquo;art contemporain.<\/p>\n\n\n\n<figure class=\"wp-block-gallery has-nested-images columns-default is-cropped wp-block-gallery-1 is-layout-flex wp-block-gallery-is-layout-flex\">\n<figure class=\"wp-block-image size-large\"><img loading=\"lazy\" decoding=\"async\" width=\"684\" height=\"1024\" data-id=\"18298\" src=\"https:\/\/www.sensorialsunsets.com\/wp-content\/uploads\/2024\/08\/pexels-cottonbro-3777933-684x1024.jpg\" alt=\"Le centre culturel d'Espagne\" class=\"wp-image-18298\" srcset=\"https:\/\/www.sensorialsunsets.com\/wp-content\/uploads\/2024\/08\/pexels-cottonbro-3777933-684x1024.jpg 684w, https:\/\/www.sensorialsunsets.com\/wp-content\/uploads\/2024\/08\/pexels-cottonbro-3777933-200x300.jpg 200w, https:\/\/www.sensorialsunsets.com\/wp-content\/uploads\/2024\/08\/pexels-cottonbro-3777933-768x1150.jpg 768w, https:\/\/www.sensorialsunsets.com\/wp-content\/uploads\/2024\/08\/pexels-cottonbro-3777933-1025x1536.jpg 1025w, https:\/\/www.sensorialsunsets.com\/wp-content\/uploads\/2024\/08\/pexels-cottonbro-3777933-1367x2048.jpg 1367w, https:\/\/www.sensorialsunsets.com\/wp-content\/uploads\/2024\/08\/pexels-cottonbro-3777933-1320x1977.jpg 1320w, https:\/\/www.sensorialsunsets.com\/wp-content\/uploads\/2024\/08\/pexels-cottonbro-3777933-scaled.jpg 1709w\" sizes=\"auto, (max-width: 684px) 100vw, 684px\" \/><\/figure>\n\n\n\n<figure class=\"wp-block-image size-large\"><img loading=\"lazy\" decoding=\"async\" width=\"683\" height=\"1024\" data-id=\"18295\" src=\"https:\/\/www.sensorialsunsets.com\/wp-content\/uploads\/2024\/08\/pexels-cottonbro-3778076-683x1024.jpg\" alt=\"\" class=\"wp-image-18295\" srcset=\"https:\/\/www.sensorialsunsets.com\/wp-content\/uploads\/2024\/08\/pexels-cottonbro-3778076-683x1024.jpg 683w, https:\/\/www.sensorialsunsets.com\/wp-content\/uploads\/2024\/08\/pexels-cottonbro-3778076-200x300.jpg 200w, https:\/\/www.sensorialsunsets.com\/wp-content\/uploads\/2024\/08\/pexels-cottonbro-3778076-768x1152.jpg 768w, https:\/\/www.sensorialsunsets.com\/wp-content\/uploads\/2024\/08\/pexels-cottonbro-3778076-1024x1536.jpg 1024w, https:\/\/www.sensorialsunsets.com\/wp-content\/uploads\/2024\/08\/pexels-cottonbro-3778076-1365x2048.jpg 1365w, https:\/\/www.sensorialsunsets.com\/wp-content\/uploads\/2024\/08\/pexels-cottonbro-3778076-1320x1980.jpg 1320w, https:\/\/www.sensorialsunsets.com\/wp-content\/uploads\/2024\/08\/pexels-cottonbro-3778076-scaled.jpg 1707w\" sizes=\"auto, (max-width: 683px) 100vw, 683px\" \/><\/figure>\n\n\n\n<figure class=\"wp-block-image size-large\"><img loading=\"lazy\" decoding=\"async\" width=\"683\" height=\"1024\" data-id=\"18292\" src=\"https:\/\/www.sensorialsunsets.com\/wp-content\/uploads\/2024\/08\/pexels-cottonbro-3778078-683x1024.jpg\" alt=\"Le centre culturel d'Espagne\" class=\"wp-image-18292\" srcset=\"https:\/\/www.sensorialsunsets.com\/wp-content\/uploads\/2024\/08\/pexels-cottonbro-3778078-683x1024.jpg 683w, https:\/\/www.sensorialsunsets.com\/wp-content\/uploads\/2024\/08\/pexels-cottonbro-3778078-200x300.jpg 200w, https:\/\/www.sensorialsunsets.com\/wp-content\/uploads\/2024\/08\/pexels-cottonbro-3778078-768x1152.jpg 768w, https:\/\/www.sensorialsunsets.com\/wp-content\/uploads\/2024\/08\/pexels-cottonbro-3778078-1024x1536.jpg 1024w, https:\/\/www.sensorialsunsets.com\/wp-content\/uploads\/2024\/08\/pexels-cottonbro-3778078-1365x2048.jpg 1365w, https:\/\/www.sensorialsunsets.com\/wp-content\/uploads\/2024\/08\/pexels-cottonbro-3778078-1320x1980.jpg 1320w, https:\/\/www.sensorialsunsets.com\/wp-content\/uploads\/2024\/08\/pexels-cottonbro-3778078-scaled.jpg 1706w\" sizes=\"auto, (max-width: 683px) 100vw, 683px\" \/><\/figure>\n<\/figure>\n\n\n\n<h3 class=\"wp-block-heading\"><strong>Caract\u00e9ristiques de l&rsquo;atelier<\/strong><\/h3>\n\n\n\n<p>Cette conf\u00e9rence-atelier offre une vue d&rsquo;ensemble du r\u00f4le du conservateur, couvrant ses fonctions et les multiples possibilit\u00e9s offertes par la pratique curatoriale. En combinant th\u00e9orie et pratique, l&rsquo;objectif est de montrer comment la conservation ne se limite pas \u00e0 l&rsquo;organisation d&rsquo;expositions, mais relie des dialogues constantes. L&rsquo;animatrice Nerea Ubieto abordera des cas r\u00e9els d&rsquo;artistes et d&rsquo;expositions. Elle fournira ainsi des exemples inspirants qui permettront aux participants de r\u00e9fl\u00e9chir \u00e0 leurs propres pratiques et trajectoires.<\/p>\n\n\n\n<p>L&rsquo;atelier comprendra des strat\u00e9gies visant \u00e0 orienter le discours artistique, \u00e0 pr\u00e9senter les \u0153uvres de mani\u00e8re efficace et \u00e0 gagner en visibilit\u00e9 dans les galeries. Par ailleurs, il discutera des m\u00e9thodes de diffusion des \u0153uvres sur les plateformes num\u00e9riques telles que les sites web et les r\u00e9seaux sociaux.<\/p>\n\n\n\n<h3 class=\"wp-block-heading\">Le Centre Culturel d&rsquo;Espagne avec la <strong>Facilitatrice : Nerea Ubieto<\/strong>.<\/h3>\n\n\n\n<p>Nerea Ubieto, conservatrice et critique d&rsquo;art ind\u00e9pendante de renom, est titulaire d&rsquo;un dipl\u00f4me en histoire de l&rsquo;art de l&rsquo;universit\u00e9 de Saragosse et d&rsquo;un master en march\u00e9 de l&rsquo;art et en \u00e9valuation. <path fill=\"\u00ab\" currentcolor=\"\" fill-rule=\"\u00ab\" evenodd=\"\" d=\"M11 4.91a.5.5 0 0 0 0 0-.838-.369L6.676 7.737A1 1 0 0 0 1 6 8H4a1 1 0 0 0 0 0-1 1v6a1 1 0 0 0 0 0 1 1h2a1 1 0 0 0 1 .676.263l3.486 3.196A.5 .5 0 0 0 0 0 11 19.09zM8.81 3.067C10.415 1.597 13 2.735 13 4.91v14.18c0 2.175-2.586 3.313-4.19 1.843L5. 612 18H4a3 3 0 0 0 1-3-3V9a3 3 0 0 0 1 3-3h1.611zm11.507 3.29a1 1 0 0 0 1.355.401A10.96 10.96 0 0 0 1 23 12c0 1.85-.458 3.597-1.268 5. 13a1 1 0 1 1-1.768-.934A8.96 8.96 0 0 0 0 0 21 12a8.96 8.96 0 0 0 0 0 0 0-1.085-4.287 1 1 0 0 0 1 .402-1.356M15.799 7.9a1 1 0 0 0 1 1. 4.2 6.48 6.48 0 0 0 0 1 1.3 3.9c0 1.313-.39 2.537-1.06 3.56a1 1 0 0 0 1-1.673-1.096A4.47 4.47 0 0 0 0 0 16.5 12a4.47 4. 47 0 0 0-.9-2.7 1 1 0 0 1 .2-1. 4\u00ab  clip-rule= \u00bbevenodd\u00ab ><\/path<path fill= \u00bbcurrentColor\u00ab  fill-rule= \u00bbevenodd\u00ab  d= \u00bbM7 5a3 3 0 0 0 1 3-3h9a3 3 0 0 0 1 3 3v9a3 3 0 0 0 1-3 3h-2v2a3 3 0 0 0 1-3 3H5a3 3 0 0 0 1-3-3v-9a3 3 0 0 0 1 3- 3h2zm2 2h5a3 3 0 0 0 1 3 3v5h2a1 1 0 0 0 0 1-1V5a1 1 0 0 0 0-1-1h-9a1 1 0 0 0 0 0-1 1zM5 9a1 1 0 0 0 0-1 1v9a1 1 0 0 0 0 1 1h9a1 1 0 0 0 1-1v-9a1 1 0 0 0 0-1-1z\u00ab  clip-rule= \u00bbevenodd\u00ab ><\/path><path fill= \u00bbcurrentColor\u00ab  d= \u00bbM3. 07 10.876C3.623 6.436 7.41 3 12 3a9.15 9. 15 0 0 0 1 6.012 2.254V4a1 1 0 1 1 1 2 0v4a1 1 0 0 0 1-1 1H15a1 1 0 1 1 0-2h1.957A7.15 7.15 0 0 0 0 0 12 5a7 7 0 0 0 0 0-6. 946 6.124 1 1 0 1 0 1 1-1.984-.248m16.992 1.132a1 1 0 0 0 1 .868 1.116C20.377 17.564 16.59 21 12 21a9.15 9.15 0 0 0 1-6-2. 244V20a1 1 0 1 1-2 0v-4a1 1 0 0 0 1 1-1h4a1 1 0 1 1 0 2H7.043A7.15 7.15 0 0 0 0 0 12 19a7 7 0 0 0 0 0 6.946-6.124 1 1 0 0 0 1.116-. 868\u00ab ><\/path><path fill= \u00bbcurrentColor\u00ab  fill-rule= \u00bbevenodd\u00ab  d= \u00bbM11.873 21.496a1 1 0 0 0 1-.992.496l-.454-.056A4 4 0 0 0 1 7. 1 16.79L7.65 15h-.718c-2.637 0-4.553-2.508-3.859-5.052l1.364-5A4 4 0 0 0 1 8.296 2h9.709a3 3 0 0 0 1 3 3v7a3 3 0 0 0 1-3 3h-2c-. 26 0-.5.14-.628.364zM14.005 4h-5.71a2 2 0 0 0 0 0-1.929 1.474l-1.363 5A2 2 0 0 0 0 0 6.933 13h2.072a1 1 0 0 0 1 .955 1. 294l-.949 3.084a2 2 0 0 0 0 0 1.462 2.537l3.167-5.543a2.72 2.72 0 0 0 1.364-1.182V5a1 1 0 0 0 0-1-1-1m3 9V5c0-.35-.06-.687-. 171-1h1.17a1 1 0 0 0 1 1 1v7a1 1 0 0 0 1-1 1z\u00ab  clip-rule= \u00bbevenodd\u00ab ><\/path><path fill= \u00bbcurrentColor\u00ab  d= \u00bbM19.898.855a.4 .4 0 0 0 0-.795 0c-.123 1.064-.44 1.802-.943 2.305-.503.503-1.241.82-2.306.943a.4.4 0 0 0 0 0 .001.794c1.047.119 1.801.436 2.317.942.512.504.836 1.241.93 2.296a.4.4.4 0 0 0 0 0 .796 0c.09-1 .038.413-1.792.93-2.308.515-.516 1.269-.839 2.306-.928a.4 .4 0 0 0 0 .001-.797c-1.055-.094-1.792-.418-2.296-.93-.506-.516-.823-1.27-.941-2.317Z\u00ab ><\/path><path fill= \u00bbcurrentColor\u00ab  d= \u00bbM12.001 1.5a1 1 0 0 0 1 .993.887c.313 2,77 1,153 4,775 2,5 6,146 1,34 1,366 3,3 2,223 6,095 2,47a1 1 0 0 0 1-.003 1,993c-2,747.238-4,75 1,094-6. 123 2.467-1.373 1.374-2.229 3.376-2.467 6.123a1 1 0 0 0 1-1.992.003c-.248-2.795-1.105-4.754-2.47-6.095-1.372-1. 347-3.376-2.187-6.147-2.5a1 1 0 0 0 1-.002-1.987c2.818-.325 4.779-1.165 6.118-2.504 1.339-1.34 2.179-3.3 2.504-6. 118A1 1 0 0 0 1 12 1.5ZM6.725 11.998c1.234.503 2.309 1.184 3.21 2.069.877.861 1.56 1.888 2.063 3.076.5-1.187 1. 18-2.223 2.051-3.094.871-.87 1.907-1.55 3.094-2.05-1.188-.503-2.215-1.187-3.076-2.064-.885-.901-1.566-1.976-2.069-3.21-.505 1.235-1.19 2.3-2.081 3.192-.891.89-1.957 1.576-3.192 2. 082Z\u00ab ><\/path><span class= \u00bboverflow-hidden text-clip whitespace-nowrap text-sm\">R\u00e9sidant \u00e0 Madrid, elle a travaill\u00e9 dans les sph\u00e8res priv\u00e9es et institutionnelles, se distinguant par la cr\u00e9ation de relations productives avec divers agents artistiques.<\/path><\/p>\n\n\n\n<figure class=\"wp-block-gallery has-nested-images columns-default is-cropped wp-block-gallery-2 is-layout-flex wp-block-gallery-is-layout-flex\">\n<figure class=\"wp-block-image size-large\"><img loading=\"lazy\" decoding=\"async\" width=\"1024\" height=\"573\" data-id=\"18286\" src=\"https:\/\/www.sensorialsunsets.com\/wp-content\/uploads\/2024\/08\/image-7-1024x573.png\" alt=\"Le centre culturel d'Espagne\" class=\"wp-image-18286\" srcset=\"https:\/\/www.sensorialsunsets.com\/wp-content\/uploads\/2024\/08\/image-7-1024x573.png 1024w, https:\/\/www.sensorialsunsets.com\/wp-content\/uploads\/2024\/08\/image-7-300x168.png 300w, https:\/\/www.sensorialsunsets.com\/wp-content\/uploads\/2024\/08\/image-7-768x430.png 768w, https:\/\/www.sensorialsunsets.com\/wp-content\/uploads\/2024\/08\/image-7.png 1248w\" sizes=\"auto, (max-width: 1024px) 100vw, 1024px\" \/><\/figure>\n\n\n\n<figure class=\"wp-block-image size-large\"><img loading=\"lazy\" decoding=\"async\" width=\"1024\" height=\"683\" data-id=\"18289\" src=\"https:\/\/www.sensorialsunsets.com\/wp-content\/uploads\/2024\/08\/image-8-1024x683.png\" alt=\"\" class=\"wp-image-18289\" srcset=\"https:\/\/www.sensorialsunsets.com\/wp-content\/uploads\/2024\/08\/image-8-1024x683.png 1024w, https:\/\/www.sensorialsunsets.com\/wp-content\/uploads\/2024\/08\/image-8-300x200.png 300w, https:\/\/www.sensorialsunsets.com\/wp-content\/uploads\/2024\/08\/image-8-768x512.png 768w, https:\/\/www.sensorialsunsets.com\/wp-content\/uploads\/2024\/08\/image-8-1536x1024.png 1536w, https:\/\/www.sensorialsunsets.com\/wp-content\/uploads\/2024\/08\/image-8-334x222.png 334w, https:\/\/www.sensorialsunsets.com\/wp-content\/uploads\/2024\/08\/image-8-1320x880.png 1320w, https:\/\/www.sensorialsunsets.com\/wp-content\/uploads\/2024\/08\/image-8.png 1600w\" sizes=\"auto, (max-width: 1024px) 100vw, 1024px\" \/><\/figure>\n<\/figure>\n\n\n\n<p>Elle a organis\u00e9 de nombreuses expositions en Espagne et \u00e0 l&rsquo;\u00e9tranger, et a dirig\u00e9 des s\u00e9ries de conf\u00e9rences et des ateliers.<\/p>\n\n\n\n<blockquote class=\"wp-block-quote is-layout-flow wp-block-quote-is-layout-flow\">\n<p>Parmi ses r\u00e9centes expositions, on peut citer &lsquo;L&rsquo;\u0153il d\u00e9sarm\u00e9&rsquo; au Casal Solleric (Palma de Majorque), &lsquo;Chrysalide&rsquo; au Mus\u00e9e de Genalguacil, et &lsquo;Tensions scopiques&rsquo; \u00e0 Etop\u00eda Centre d&rsquo;Art et de Technologie de Saragosse, entre beaucoup d&rsquo;autres.<\/p>\n<\/blockquote>\n\n\n\n<p>Avec une carri\u00e8re \u00e9tendue allant de la critique dans des m\u00e9dias tels que ABC Cultural \u00e0 la conservation d&rsquo;expositions majeures, Ubieto partagera son exp\u00e9rience et ses connaissances avec les participants \u00e0 l&rsquo;atelier, en fournissant des outils utiles et des approches innovantes dans le domaine de la conservation et de la gestion culturelle.<\/p>\n\n\n\n<p>Cet atelier repr\u00e9sente une opportunit\u00e9 inestimable pour les professionnels et les artistes visuels d\u00e9sireux de perfectionner leurs comp\u00e9tences de conservation de l&rsquo;art contemporain.<\/p>\n\n\n\n<h4 class=\"wp-block-heading\">Sensorial Sunsets<\/h4>\n","protected":false},"excerpt":{"rendered":"<p>Le Centre culturel d&rsquo;Espagne \u00e0 Barrio Escalante, San Jos\u00e9, accueillera un atelier unique destin\u00e9 aux professionnels de la conservation et de la gestion culturelle dans le domaine des arts visuels, ainsi qu&rsquo;aux artistes, aux m\u00e9diateurs et aux activistes. Cet \u00e9v\u00e9nement, qui aura lieu le jeudi 22 ao\u00fbt de 18h \u00e0 21h, est ouvert au public [&hellip;]<\/p>\n","protected":false},"author":4,"featured_media":18306,"comment_status":"closed","ping_status":"closed","sticky":false,"template":"","format":"standard","meta":{"_acf_changed":false,"inline_featured_image":false,"_monsterinsights_skip_tracking":false,"_monsterinsights_sitenote_active":false,"_monsterinsights_sitenote_note":"","_monsterinsights_sitenote_category":0,"footnotes":""},"categories":[1],"tags":[],"class_list":["post-18354","post","type-post","status-publish","format-standard","has-post-thumbnail","hentry","category-non-classifiee"],"acf":[],"yoast_head":"<!-- This site is optimized with the Yoast SEO plugin v27.4 - https:\/\/yoast.com\/product\/yoast-seo-wordpress\/ -->\n<title>Le centre culturel d&#039;Espagne<\/title>\n<meta name=\"description\" content=\"Le 22 ao\u00fbt, le Centre culturel d&#039;Espagne au Costa Rica proposera un atelier sur les strat\u00e9gies curatoriales pour les propositions d&#039;exposition.\" \/>\n<meta name=\"robots\" content=\"index, follow, max-snippet:-1, max-image-preview:large, max-video-preview:-1\" \/>\n<link rel=\"canonical\" href=\"https:\/\/www.sensorialsunsets.com\/fr\/le-centre-culturel-despagne-strategies-curatoriales-dans-les-propositions-dexposition-et-la-production-artistique\/\" \/>\n<meta property=\"og:locale\" content=\"fr_FR\" \/>\n<meta property=\"og:type\" content=\"article\" \/>\n<meta property=\"og:title\" content=\"Le centre culturel d&#039;Espagne\" \/>\n<meta property=\"og:description\" content=\"Le 22 ao\u00fbt, le Centre culturel d&#039;Espagne au Costa Rica proposera un atelier sur les strat\u00e9gies curatoriales pour les propositions d&#039;exposition.\" \/>\n<meta property=\"og:url\" content=\"https:\/\/www.sensorialsunsets.com\/fr\/le-centre-culturel-despagne-strategies-curatoriales-dans-les-propositions-dexposition-et-la-production-artistique\/\" \/>\n<meta property=\"og:site_name\" content=\"SensorialSunsets\" \/>\n<meta property=\"article:publisher\" content=\"https:\/\/www.facebook.com\/Sensorial-Sunsets-109180614715562\" \/>\n<meta property=\"article:published_time\" content=\"2024-08-21T20:32:07+00:00\" \/>\n<meta property=\"og:image\" content=\"https:\/\/www.sensorialsunsets.com\/wp-content\/uploads\/2024\/08\/pexels-edwardeyer-2883057-1-scaled.jpg\" \/>\n\t<meta property=\"og:image:width\" content=\"2560\" \/>\n\t<meta property=\"og:image:height\" content=\"1707\" \/>\n\t<meta property=\"og:image:type\" content=\"image\/jpeg\" \/>\n<meta name=\"author\" content=\"Sensorial Sunsets\" \/>\n<meta name=\"twitter:card\" content=\"summary_large_image\" \/>\n<meta name=\"twitter:label1\" content=\"\u00c9crit par\" \/>\n\t<meta name=\"twitter:data1\" content=\"Sensorial Sunsets\" \/>\n\t<meta name=\"twitter:label2\" content=\"Dur\u00e9e de lecture estim\u00e9e\" \/>\n\t<meta name=\"twitter:data2\" content=\"2 minutes\" \/>\n<script type=\"application\/ld+json\" class=\"yoast-schema-graph\">{\"@context\":\"https:\\\/\\\/schema.org\",\"@graph\":[{\"@type\":\"Article\",\"@id\":\"https:\\\/\\\/www.sensorialsunsets.com\\\/fr\\\/le-centre-culturel-despagne-strategies-curatoriales-dans-les-propositions-dexposition-et-la-production-artistique\\\/#article\",\"isPartOf\":{\"@id\":\"https:\\\/\\\/www.sensorialsunsets.com\\\/fr\\\/le-centre-culturel-despagne-strategies-curatoriales-dans-les-propositions-dexposition-et-la-production-artistique\\\/\"},\"author\":{\"name\":\"Sensorial Sunsets\",\"@id\":\"https:\\\/\\\/www.sensorialsunsets.com\\\/fr\\\/#\\\/schema\\\/person\\\/77e2fa594135aa94024c47e281d8a94d\"},\"headline\":\"Le centre culturel d&rsquo;Espagne : strat\u00e9gies curatoriales dans les propositions d&rsquo;exposition et la production artistique\",\"datePublished\":\"2024-08-21T20:32:07+00:00\",\"mainEntityOfPage\":{\"@id\":\"https:\\\/\\\/www.sensorialsunsets.com\\\/fr\\\/le-centre-culturel-despagne-strategies-curatoriales-dans-les-propositions-dexposition-et-la-production-artistique\\\/\"},\"wordCount\":501,\"publisher\":{\"@id\":\"https:\\\/\\\/www.sensorialsunsets.com\\\/fr\\\/#organization\"},\"image\":{\"@id\":\"https:\\\/\\\/www.sensorialsunsets.com\\\/fr\\\/le-centre-culturel-despagne-strategies-curatoriales-dans-les-propositions-dexposition-et-la-production-artistique\\\/#primaryimage\"},\"thumbnailUrl\":\"https:\\\/\\\/www.sensorialsunsets.com\\\/wp-content\\\/uploads\\\/2024\\\/08\\\/pexels-edwardeyer-2883057-1-scaled.jpg\",\"articleSection\":[\"Non classifi\u00e9(e)\"],\"inLanguage\":\"fr-FR\"},{\"@type\":\"WebPage\",\"@id\":\"https:\\\/\\\/www.sensorialsunsets.com\\\/fr\\\/le-centre-culturel-despagne-strategies-curatoriales-dans-les-propositions-dexposition-et-la-production-artistique\\\/\",\"url\":\"https:\\\/\\\/www.sensorialsunsets.com\\\/fr\\\/le-centre-culturel-despagne-strategies-curatoriales-dans-les-propositions-dexposition-et-la-production-artistique\\\/\",\"name\":\"Le centre culturel d'Espagne\",\"isPartOf\":{\"@id\":\"https:\\\/\\\/www.sensorialsunsets.com\\\/fr\\\/#website\"},\"primaryImageOfPage\":{\"@id\":\"https:\\\/\\\/www.sensorialsunsets.com\\\/fr\\\/le-centre-culturel-despagne-strategies-curatoriales-dans-les-propositions-dexposition-et-la-production-artistique\\\/#primaryimage\"},\"image\":{\"@id\":\"https:\\\/\\\/www.sensorialsunsets.com\\\/fr\\\/le-centre-culturel-despagne-strategies-curatoriales-dans-les-propositions-dexposition-et-la-production-artistique\\\/#primaryimage\"},\"thumbnailUrl\":\"https:\\\/\\\/www.sensorialsunsets.com\\\/wp-content\\\/uploads\\\/2024\\\/08\\\/pexels-edwardeyer-2883057-1-scaled.jpg\",\"datePublished\":\"2024-08-21T20:32:07+00:00\",\"description\":\"Le 22 ao\u00fbt, le Centre culturel d'Espagne au Costa Rica proposera un atelier sur les strat\u00e9gies curatoriales pour les propositions d'exposition.\",\"inLanguage\":\"fr-FR\",\"potentialAction\":[{\"@type\":\"ReadAction\",\"target\":[\"https:\\\/\\\/www.sensorialsunsets.com\\\/fr\\\/le-centre-culturel-despagne-strategies-curatoriales-dans-les-propositions-dexposition-et-la-production-artistique\\\/\"]}]},{\"@type\":\"ImageObject\",\"inLanguage\":\"fr-FR\",\"@id\":\"https:\\\/\\\/www.sensorialsunsets.com\\\/fr\\\/le-centre-culturel-despagne-strategies-curatoriales-dans-les-propositions-dexposition-et-la-production-artistique\\\/#primaryimage\",\"url\":\"https:\\\/\\\/www.sensorialsunsets.com\\\/wp-content\\\/uploads\\\/2024\\\/08\\\/pexels-edwardeyer-2883057-1-scaled.jpg\",\"contentUrl\":\"https:\\\/\\\/www.sensorialsunsets.com\\\/wp-content\\\/uploads\\\/2024\\\/08\\\/pexels-edwardeyer-2883057-1-scaled.jpg\",\"width\":2560,\"height\":1707},{\"@type\":\"WebSite\",\"@id\":\"https:\\\/\\\/www.sensorialsunsets.com\\\/fr\\\/#website\",\"url\":\"https:\\\/\\\/www.sensorialsunsets.com\\\/fr\\\/\",\"name\":\"SensorialSunsets.com\",\"description\":\"D\u00e9couvrez la culture et la soci\u00e9t\u00e9 du Costa Rica sur notre blog. Explorez des articles captivants et partagez le contenu.\",\"publisher\":{\"@id\":\"https:\\\/\\\/www.sensorialsunsets.com\\\/fr\\\/#organization\"},\"alternateName\":\"Costa Rica Live Blog\",\"potentialAction\":[{\"@type\":\"SearchAction\",\"target\":{\"@type\":\"EntryPoint\",\"urlTemplate\":\"https:\\\/\\\/www.sensorialsunsets.com\\\/fr\\\/?s={search_term_string}\"},\"query-input\":{\"@type\":\"PropertyValueSpecification\",\"valueRequired\":true,\"valueName\":\"search_term_string\"}}],\"inLanguage\":\"fr-FR\"},{\"@type\":\"Organization\",\"@id\":\"https:\\\/\\\/www.sensorialsunsets.com\\\/fr\\\/#organization\",\"name\":\"SensorialSunsets\",\"url\":\"https:\\\/\\\/www.sensorialsunsets.com\\\/fr\\\/\",\"logo\":{\"@type\":\"ImageObject\",\"inLanguage\":\"fr-FR\",\"@id\":\"https:\\\/\\\/www.sensorialsunsets.com\\\/fr\\\/#\\\/schema\\\/logo\\\/image\\\/\",\"url\":\"https:\\\/\\\/www.sensorialsunsets.com\\\/wp-content\\\/uploads\\\/2023\\\/04\\\/Logo_base_line_fond_clair.svg\",\"contentUrl\":\"https:\\\/\\\/www.sensorialsunsets.com\\\/wp-content\\\/uploads\\\/2023\\\/04\\\/Logo_base_line_fond_clair.svg\",\"width\":\"1024\",\"height\":\"1024\",\"caption\":\"SensorialSunsets\"},\"image\":{\"@id\":\"https:\\\/\\\/www.sensorialsunsets.com\\\/fr\\\/#\\\/schema\\\/logo\\\/image\\\/\"},\"sameAs\":[\"https:\\\/\\\/www.facebook.com\\\/Sensorial-Sunsets-109180614715562\",\"https:\\\/\\\/www.instagram.com\\\/sensorialsunsets\\\/\"]},{\"@type\":\"Person\",\"@id\":\"https:\\\/\\\/www.sensorialsunsets.com\\\/fr\\\/#\\\/schema\\\/person\\\/77e2fa594135aa94024c47e281d8a94d\",\"name\":\"Sensorial Sunsets\",\"image\":{\"@type\":\"ImageObject\",\"inLanguage\":\"fr-FR\",\"@id\":\"https:\\\/\\\/secure.gravatar.com\\\/avatar\\\/5f2d62681b1dad94c28f1500d4fc75582acdfd32b55fd1acce0a36a3c487eabe?s=96&d=mm&r=g\",\"url\":\"https:\\\/\\\/secure.gravatar.com\\\/avatar\\\/5f2d62681b1dad94c28f1500d4fc75582acdfd32b55fd1acce0a36a3c487eabe?s=96&d=mm&r=g\",\"contentUrl\":\"https:\\\/\\\/secure.gravatar.com\\\/avatar\\\/5f2d62681b1dad94c28f1500d4fc75582acdfd32b55fd1acce0a36a3c487eabe?s=96&d=mm&r=g\",\"caption\":\"Sensorial Sunsets\"},\"url\":\"https:\\\/\\\/www.sensorialsunsets.com\\\/fr\\\/author\\\/asistentes-sensorial-sunsets\\\/\"}]}<\/script>\n<!-- \/ Yoast SEO plugin. -->","yoast_head_json":{"title":"Le centre culturel d'Espagne","description":"Le 22 ao\u00fbt, le Centre culturel d'Espagne au Costa Rica proposera un atelier sur les strat\u00e9gies curatoriales pour les propositions d'exposition.","robots":{"index":"index","follow":"follow","max-snippet":"max-snippet:-1","max-image-preview":"max-image-preview:large","max-video-preview":"max-video-preview:-1"},"canonical":"https:\/\/www.sensorialsunsets.com\/fr\/le-centre-culturel-despagne-strategies-curatoriales-dans-les-propositions-dexposition-et-la-production-artistique\/","og_locale":"fr_FR","og_type":"article","og_title":"Le centre culturel d'Espagne","og_description":"Le 22 ao\u00fbt, le Centre culturel d'Espagne au Costa Rica proposera un atelier sur les strat\u00e9gies curatoriales pour les propositions d'exposition.","og_url":"https:\/\/www.sensorialsunsets.com\/fr\/le-centre-culturel-despagne-strategies-curatoriales-dans-les-propositions-dexposition-et-la-production-artistique\/","og_site_name":"SensorialSunsets","article_publisher":"https:\/\/www.facebook.com\/Sensorial-Sunsets-109180614715562","article_published_time":"2024-08-21T20:32:07+00:00","og_image":[{"width":2560,"height":1707,"url":"https:\/\/www.sensorialsunsets.com\/wp-content\/uploads\/2024\/08\/pexels-edwardeyer-2883057-1-scaled.jpg","type":"image\/jpeg"}],"author":"Sensorial Sunsets","twitter_card":"summary_large_image","twitter_misc":{"\u00c9crit par":"Sensorial Sunsets","Dur\u00e9e de lecture estim\u00e9e":"2 minutes"},"schema":{"@context":"https:\/\/schema.org","@graph":[{"@type":"Article","@id":"https:\/\/www.sensorialsunsets.com\/fr\/le-centre-culturel-despagne-strategies-curatoriales-dans-les-propositions-dexposition-et-la-production-artistique\/#article","isPartOf":{"@id":"https:\/\/www.sensorialsunsets.com\/fr\/le-centre-culturel-despagne-strategies-curatoriales-dans-les-propositions-dexposition-et-la-production-artistique\/"},"author":{"name":"Sensorial Sunsets","@id":"https:\/\/www.sensorialsunsets.com\/fr\/#\/schema\/person\/77e2fa594135aa94024c47e281d8a94d"},"headline":"Le centre culturel d&rsquo;Espagne : strat\u00e9gies curatoriales dans les propositions d&rsquo;exposition et la production artistique","datePublished":"2024-08-21T20:32:07+00:00","mainEntityOfPage":{"@id":"https:\/\/www.sensorialsunsets.com\/fr\/le-centre-culturel-despagne-strategies-curatoriales-dans-les-propositions-dexposition-et-la-production-artistique\/"},"wordCount":501,"publisher":{"@id":"https:\/\/www.sensorialsunsets.com\/fr\/#organization"},"image":{"@id":"https:\/\/www.sensorialsunsets.com\/fr\/le-centre-culturel-despagne-strategies-curatoriales-dans-les-propositions-dexposition-et-la-production-artistique\/#primaryimage"},"thumbnailUrl":"https:\/\/www.sensorialsunsets.com\/wp-content\/uploads\/2024\/08\/pexels-edwardeyer-2883057-1-scaled.jpg","articleSection":["Non classifi\u00e9(e)"],"inLanguage":"fr-FR"},{"@type":"WebPage","@id":"https:\/\/www.sensorialsunsets.com\/fr\/le-centre-culturel-despagne-strategies-curatoriales-dans-les-propositions-dexposition-et-la-production-artistique\/","url":"https:\/\/www.sensorialsunsets.com\/fr\/le-centre-culturel-despagne-strategies-curatoriales-dans-les-propositions-dexposition-et-la-production-artistique\/","name":"Le centre culturel d'Espagne","isPartOf":{"@id":"https:\/\/www.sensorialsunsets.com\/fr\/#website"},"primaryImageOfPage":{"@id":"https:\/\/www.sensorialsunsets.com\/fr\/le-centre-culturel-despagne-strategies-curatoriales-dans-les-propositions-dexposition-et-la-production-artistique\/#primaryimage"},"image":{"@id":"https:\/\/www.sensorialsunsets.com\/fr\/le-centre-culturel-despagne-strategies-curatoriales-dans-les-propositions-dexposition-et-la-production-artistique\/#primaryimage"},"thumbnailUrl":"https:\/\/www.sensorialsunsets.com\/wp-content\/uploads\/2024\/08\/pexels-edwardeyer-2883057-1-scaled.jpg","datePublished":"2024-08-21T20:32:07+00:00","description":"Le 22 ao\u00fbt, le Centre culturel d'Espagne au Costa Rica proposera un atelier sur les strat\u00e9gies curatoriales pour les propositions d'exposition.","inLanguage":"fr-FR","potentialAction":[{"@type":"ReadAction","target":["https:\/\/www.sensorialsunsets.com\/fr\/le-centre-culturel-despagne-strategies-curatoriales-dans-les-propositions-dexposition-et-la-production-artistique\/"]}]},{"@type":"ImageObject","inLanguage":"fr-FR","@id":"https:\/\/www.sensorialsunsets.com\/fr\/le-centre-culturel-despagne-strategies-curatoriales-dans-les-propositions-dexposition-et-la-production-artistique\/#primaryimage","url":"https:\/\/www.sensorialsunsets.com\/wp-content\/uploads\/2024\/08\/pexels-edwardeyer-2883057-1-scaled.jpg","contentUrl":"https:\/\/www.sensorialsunsets.com\/wp-content\/uploads\/2024\/08\/pexels-edwardeyer-2883057-1-scaled.jpg","width":2560,"height":1707},{"@type":"WebSite","@id":"https:\/\/www.sensorialsunsets.com\/fr\/#website","url":"https:\/\/www.sensorialsunsets.com\/fr\/","name":"SensorialSunsets.com","description":"D\u00e9couvrez la culture et la soci\u00e9t\u00e9 du Costa Rica sur notre blog. Explorez des articles captivants et partagez le contenu.","publisher":{"@id":"https:\/\/www.sensorialsunsets.com\/fr\/#organization"},"alternateName":"Costa Rica Live Blog","potentialAction":[{"@type":"SearchAction","target":{"@type":"EntryPoint","urlTemplate":"https:\/\/www.sensorialsunsets.com\/fr\/?s={search_term_string}"},"query-input":{"@type":"PropertyValueSpecification","valueRequired":true,"valueName":"search_term_string"}}],"inLanguage":"fr-FR"},{"@type":"Organization","@id":"https:\/\/www.sensorialsunsets.com\/fr\/#organization","name":"SensorialSunsets","url":"https:\/\/www.sensorialsunsets.com\/fr\/","logo":{"@type":"ImageObject","inLanguage":"fr-FR","@id":"https:\/\/www.sensorialsunsets.com\/fr\/#\/schema\/logo\/image\/","url":"https:\/\/www.sensorialsunsets.com\/wp-content\/uploads\/2023\/04\/Logo_base_line_fond_clair.svg","contentUrl":"https:\/\/www.sensorialsunsets.com\/wp-content\/uploads\/2023\/04\/Logo_base_line_fond_clair.svg","width":"1024","height":"1024","caption":"SensorialSunsets"},"image":{"@id":"https:\/\/www.sensorialsunsets.com\/fr\/#\/schema\/logo\/image\/"},"sameAs":["https:\/\/www.facebook.com\/Sensorial-Sunsets-109180614715562","https:\/\/www.instagram.com\/sensorialsunsets\/"]},{"@type":"Person","@id":"https:\/\/www.sensorialsunsets.com\/fr\/#\/schema\/person\/77e2fa594135aa94024c47e281d8a94d","name":"Sensorial Sunsets","image":{"@type":"ImageObject","inLanguage":"fr-FR","@id":"https:\/\/secure.gravatar.com\/avatar\/5f2d62681b1dad94c28f1500d4fc75582acdfd32b55fd1acce0a36a3c487eabe?s=96&d=mm&r=g","url":"https:\/\/secure.gravatar.com\/avatar\/5f2d62681b1dad94c28f1500d4fc75582acdfd32b55fd1acce0a36a3c487eabe?s=96&d=mm&r=g","contentUrl":"https:\/\/secure.gravatar.com\/avatar\/5f2d62681b1dad94c28f1500d4fc75582acdfd32b55fd1acce0a36a3c487eabe?s=96&d=mm&r=g","caption":"Sensorial Sunsets"},"url":"https:\/\/www.sensorialsunsets.com\/fr\/author\/asistentes-sensorial-sunsets\/"}]}},"_links":{"self":[{"href":"https:\/\/www.sensorialsunsets.com\/fr\/wp-json\/wp\/v2\/posts\/18354","targetHints":{"allow":["GET"]}}],"collection":[{"href":"https:\/\/www.sensorialsunsets.com\/fr\/wp-json\/wp\/v2\/posts"}],"about":[{"href":"https:\/\/www.sensorialsunsets.com\/fr\/wp-json\/wp\/v2\/types\/post"}],"author":[{"embeddable":true,"href":"https:\/\/www.sensorialsunsets.com\/fr\/wp-json\/wp\/v2\/users\/4"}],"replies":[{"embeddable":true,"href":"https:\/\/www.sensorialsunsets.com\/fr\/wp-json\/wp\/v2\/comments?post=18354"}],"version-history":[{"count":0,"href":"https:\/\/www.sensorialsunsets.com\/fr\/wp-json\/wp\/v2\/posts\/18354\/revisions"}],"wp:featuredmedia":[{"embeddable":true,"href":"https:\/\/www.sensorialsunsets.com\/fr\/wp-json\/wp\/v2\/media\/18306"}],"wp:attachment":[{"href":"https:\/\/www.sensorialsunsets.com\/fr\/wp-json\/wp\/v2\/media?parent=18354"}],"wp:term":[{"taxonomy":"category","embeddable":true,"href":"https:\/\/www.sensorialsunsets.com\/fr\/wp-json\/wp\/v2\/categories?post=18354"},{"taxonomy":"post_tag","embeddable":true,"href":"https:\/\/www.sensorialsunsets.com\/fr\/wp-json\/wp\/v2\/tags?post=18354"}],"curies":[{"name":"wp","href":"https:\/\/api.w.org\/{rel}","templated":true}]}}