{"id":18426,"date":"2024-08-23T16:19:47","date_gmt":"2024-08-23T22:19:47","guid":{"rendered":"https:\/\/www.sensorialsunsets.com\/?p=18426"},"modified":"2024-08-23T16:19:47","modified_gmt":"2024-08-23T22:19:47","slug":"le-matapalo-larbre-emblematique-du-costa-rica-et-son-fascinant-ecosysteme","status":"publish","type":"post","link":"https:\/\/www.sensorialsunsets.com\/fr\/le-matapalo-larbre-emblematique-du-costa-rica-et-son-fascinant-ecosysteme\/","title":{"rendered":"Le Matapalo : l&rsquo;arbre embl\u00e9matique du Costa Rica et son fascinant \u00e9cosyst\u00e8me"},"content":{"rendered":"\n<p>Le matapalo, \u00e9galement appel\u00e9 higuer\u00f3n, est l&rsquo;un des arbres les plus embl\u00e9matiques du Costa Rica. Pr\u00e9sent dans la plupart des paysages du pays, cet arbre n&rsquo;a pas seulement une histoire, il est aussi une source de nourriture et un foyer pour la faune. La structure enchev\u00eatr\u00e9e de l&rsquo;arbre invite \u00e0 l&rsquo;escalade, ce qui fait du matapalo un symbole de la nature et de l&rsquo;aventure.<\/p>\n\n\n\n<h3 class=\"wp-block-heading\">Un genre, plusieurs esp\u00e8ces<\/h3>\n\n\n\n<p>Le terme \u00ab matapalo \u00bb ne fait pas r\u00e9f\u00e9rence \u00e0 une seule esp\u00e8ce d&rsquo;arbre, mais \u00e0 un nom commun appliqu\u00e9 \u00e0 diff\u00e9rentes esp\u00e8ces apparent\u00e9es. Ce terme se retrouve dans le genre <em>Ficus<\/em> et la famille <em>Moraceae<\/em>. Au Costa Rica, on estime qu&rsquo;une cinquantaine d&rsquo;esp\u00e8ces de matapalo ont \u00e9lu domicile dans le pays, bien que ce chiffre puisse varier. En espagnol, les diff\u00e9rentes esp\u00e8ces de matapalo sont connues sous les noms de matapalo et higuer\u00f3n, noms qui refl\u00e8tent leur caract\u00e8re et leur pr\u00e9sence dans l&rsquo;environnement.<\/p>\n\n\n\n<p>Les matapalos se trouvent naturellement dans la plupart des habitats, y compris dans les zones de basse et haute altitude et dans les r\u00e9gions humides et s\u00e8ches. Par ailleurs, ils sont couramment plant\u00e9s par l&rsquo;homme comme plantes ornementales, poteaux de cl\u00f4ture vivants et arbres d&rsquo;ombrage pour le b\u00e9tail. Certains villages du Costa Rica portent m\u00eame le nom de Matapalo, en l&rsquo;honneur de ces arbres.<\/p>\n\n\n\n<figure class=\"wp-block-gallery has-nested-images columns-default is-cropped wp-block-gallery-1 is-layout-flex wp-block-gallery-is-layout-flex\">\n<figure class=\"wp-block-image size-large\"><img loading=\"lazy\" decoding=\"async\" width=\"451\" height=\"601\" data-id=\"18411\" src=\"https:\/\/www.sensorialsunsets.com\/wp-content\/uploads\/2024\/08\/image-9.png\" alt=\"Le Matapalo\" class=\"wp-image-18411\" srcset=\"https:\/\/www.sensorialsunsets.com\/wp-content\/uploads\/2024\/08\/image-9.png 451w, https:\/\/www.sensorialsunsets.com\/wp-content\/uploads\/2024\/08\/image-9-225x300.png 225w\" sizes=\"auto, (max-width: 451px) 100vw, 451px\" \/><\/figure>\n\n\n\n<figure class=\"wp-block-image size-large\"><img loading=\"lazy\" decoding=\"async\" width=\"1024\" height=\"551\" data-id=\"18408\" src=\"https:\/\/www.sensorialsunsets.com\/wp-content\/uploads\/2024\/08\/matapalo-1024x551.jpg\" alt=\"Le Matapalo : l'arbre embl\u00e9matique du Costa Rica et son fascinant \u00e9cosyst\u00e8me\" class=\"wp-image-18408\" srcset=\"https:\/\/www.sensorialsunsets.com\/wp-content\/uploads\/2024\/08\/matapalo-1024x551.jpg 1024w, https:\/\/www.sensorialsunsets.com\/wp-content\/uploads\/2024\/08\/matapalo-300x161.jpg 300w, https:\/\/www.sensorialsunsets.com\/wp-content\/uploads\/2024\/08\/matapalo-768x413.jpg 768w, https:\/\/www.sensorialsunsets.com\/wp-content\/uploads\/2024\/08\/matapalo-278x151.jpg 278w, https:\/\/www.sensorialsunsets.com\/wp-content\/uploads\/2024\/08\/matapalo-1320x710.jpg 1320w, https:\/\/www.sensorialsunsets.com\/wp-content\/uploads\/2024\/08\/matapalo.jpg 1536w\" sizes=\"auto, (max-width: 1024px) 100vw, 1024px\" \/><\/figure>\n\n\n\n<figure class=\"wp-block-image size-large\"><img loading=\"lazy\" decoding=\"async\" width=\"450\" height=\"600\" data-id=\"18405\" src=\"https:\/\/www.sensorialsunsets.com\/wp-content\/uploads\/2024\/08\/matapaloo.webp\" alt=\"Le Matapalo\" class=\"wp-image-18405\" srcset=\"https:\/\/www.sensorialsunsets.com\/wp-content\/uploads\/2024\/08\/matapaloo.webp 450w, https:\/\/www.sensorialsunsets.com\/wp-content\/uploads\/2024\/08\/matapaloo-225x300.webp 225w\" sizes=\"auto, (max-width: 450px) 100vw, 450px\" \/><\/figure>\n<\/figure>\n\n\n\n<h3 class=\"wp-block-heading\">Un cycle de vie intrigant<\/h3>\n\n\n\n<p>Le cycle de vie du matapalo est une histoire de survie et d&rsquo;adaptation. Tout commence lorsqu&rsquo;un animal qui s&rsquo;est r\u00e9gal\u00e9 de figues d\u00e9pose une graine entre les branches d&rsquo;un arbre h\u00f4te, et qu&rsquo;elle germe. \u00c0 ce stade pr\u00e9coce, le matapalo est un \u00e9piphyte, c&rsquo;est-\u00e0-dire une plante qui pousse sur une autre plante sans lui causer de dommages directs.<\/p>\n\n\n\n<p>\u00c0 mesure que le jeune arbre m\u00fbrit, il commence \u00e0 d\u00e9velopper de longues racines qui descendent le long du tronc de l&rsquo;arbre h\u00f4te, jusqu&rsquo;\u00e0 ce qu&rsquo;elles atteignent le sol. Une fois que les racines ont atteint le sol, le matapalo continue \u00e0 envoyer d&rsquo;autres racines, qui finissent par s&rsquo;entrelacer et fusionner, formant une structure robuste et complexe.<\/p>\n\n\n\n<p>A terme, le matapalo engloutit compl\u00e8tement l&rsquo;arbre h\u00f4te. Son feuillage dense commence \u00e0 bloquer la lumi\u00e8re du soleil re\u00e7ue par l&rsquo;arbre h\u00f4te, tandis que ses racines \u00e9tranglent le tronc et rivalisent pour les nutriments dans le sol. Finalement, l&rsquo;arbre h\u00f4te meurt, laissant derri\u00e8re lui un clubmoss \u00e0 l&rsquo;int\u00e9rieur creux.<\/p>\n\n\n\n<h3 class=\"wp-block-heading\">Le Matapalo : un \u00e9cosyst\u00e8me en miniature<\/h3>\n\n\n\n<p>Bien que le matapalo puisse sembler \u00eatre un \u00ab tueur d&rsquo;arbres \u00bb, son r\u00f4le dans l&rsquo;\u00e9cosyst\u00e8me est bien plus complexe et b\u00e9n\u00e9fique. Tout d&rsquo;abord, ses fruits constituent une source vitale de nourriture pour une incroyable vari\u00e9t\u00e9 d&rsquo;animaux sauvages, des oiseaux, des reptiles, des mammif\u00e8res et des chauves-souris. En outre, la structure racinaire entrelac\u00e9e et l&rsquo;espace creux laiss\u00e9 par l&rsquo;arbre h\u00f4te apr\u00e8s sa disparition offrent un abri \u00e0 une multitude d&rsquo;esp\u00e8ces. Chaque bouleau est comme un petit \u00e9cosyst\u00e8me, offrant d&rsquo;innombrables endroits pour nicher, se cacher des pr\u00e9dateurs et chercher des proies.<\/p>\n\n\n\n<p><strong>Sensorial Sunsets<\/strong><\/p>\n","protected":false},"excerpt":{"rendered":"<p>Le matapalo, \u00e9galement appel\u00e9 higuer\u00f3n, est l&rsquo;un des arbres les plus embl\u00e9matiques du Costa Rica. Pr\u00e9sent dans la plupart des paysages du pays, cet arbre n&rsquo;a pas seulement une histoire, il est aussi une source de nourriture et un foyer pour la faune. La structure enchev\u00eatr\u00e9e de l&rsquo;arbre invite \u00e0 l&rsquo;escalade, ce qui fait du [&hellip;]<\/p>\n","protected":false},"author":4,"featured_media":18420,"comment_status":"closed","ping_status":"closed","sticky":false,"template":"","format":"standard","meta":{"_acf_changed":false,"inline_featured_image":false,"_monsterinsights_skip_tracking":false,"_monsterinsights_sitenote_active":false,"_monsterinsights_sitenote_note":"","_monsterinsights_sitenote_category":0,"footnotes":""},"categories":[1],"tags":[],"class_list":["post-18426","post","type-post","status-publish","format-standard","has-post-thumbnail","hentry","category-non-classifiee"],"acf":[],"yoast_head":"<!-- This site is optimized with the Yoast SEO plugin v27.4 - https:\/\/yoast.com\/product\/yoast-seo-wordpress\/ -->\n<title>Le Matapalo : l&#039;arbre embl\u00e9matique du Costa Rica<\/title>\n<meta name=\"description\" content=\"L&#039;histoire du matapalo, l&#039;arbre embl\u00e9matique du Costa Rica, son cycle de vie unique et son r\u00f4le vital en tant que refuge pour la faune.\" \/>\n<meta name=\"robots\" content=\"index, follow, max-snippet:-1, max-image-preview:large, max-video-preview:-1\" \/>\n<link rel=\"canonical\" href=\"https:\/\/www.sensorialsunsets.com\/fr\/le-matapalo-larbre-emblematique-du-costa-rica-et-son-fascinant-ecosysteme\/\" \/>\n<meta property=\"og:locale\" content=\"fr_FR\" \/>\n<meta property=\"og:type\" content=\"article\" \/>\n<meta property=\"og:title\" content=\"Le Matapalo : l&#039;arbre embl\u00e9matique du Costa Rica\" \/>\n<meta property=\"og:description\" content=\"L&#039;histoire du matapalo, l&#039;arbre embl\u00e9matique du Costa Rica, son cycle de vie unique et son r\u00f4le vital en tant que refuge pour la faune.\" \/>\n<meta property=\"og:url\" content=\"https:\/\/www.sensorialsunsets.com\/fr\/le-matapalo-larbre-emblematique-du-costa-rica-et-son-fascinant-ecosysteme\/\" \/>\n<meta property=\"og:site_name\" content=\"SensorialSunsets\" \/>\n<meta property=\"article:publisher\" content=\"https:\/\/www.facebook.com\/Sensorial-Sunsets-109180614715562\" \/>\n<meta property=\"article:published_time\" content=\"2024-08-23T22:19:47+00:00\" \/>\n<meta property=\"og:image\" content=\"https:\/\/www.sensorialsunsets.com\/wp-content\/uploads\/2024\/08\/523345818_5c9cbd6a80_o.jpg\" \/>\n\t<meta property=\"og:image:width\" content=\"1200\" \/>\n\t<meta property=\"og:image:height\" content=\"800\" \/>\n\t<meta property=\"og:image:type\" content=\"image\/jpeg\" \/>\n<meta name=\"author\" content=\"Sensorial Sunsets\" \/>\n<meta name=\"twitter:card\" content=\"summary_large_image\" \/>\n<meta name=\"twitter:label1\" content=\"\u00c9crit par\" \/>\n\t<meta name=\"twitter:data1\" content=\"Sensorial Sunsets\" \/>\n\t<meta name=\"twitter:label2\" content=\"Dur\u00e9e de lecture estim\u00e9e\" \/>\n\t<meta name=\"twitter:data2\" content=\"3 minutes\" \/>\n<script type=\"application\/ld+json\" class=\"yoast-schema-graph\">{\"@context\":\"https:\\\/\\\/schema.org\",\"@graph\":[{\"@type\":\"Article\",\"@id\":\"https:\\\/\\\/www.sensorialsunsets.com\\\/fr\\\/le-matapalo-larbre-emblematique-du-costa-rica-et-son-fascinant-ecosysteme\\\/#article\",\"isPartOf\":{\"@id\":\"https:\\\/\\\/www.sensorialsunsets.com\\\/fr\\\/le-matapalo-larbre-emblematique-du-costa-rica-et-son-fascinant-ecosysteme\\\/\"},\"author\":{\"name\":\"Sensorial Sunsets\",\"@id\":\"https:\\\/\\\/www.sensorialsunsets.com\\\/fr\\\/#\\\/schema\\\/person\\\/77e2fa594135aa94024c47e281d8a94d\"},\"headline\":\"Le Matapalo : l&rsquo;arbre embl\u00e9matique du Costa Rica et son fascinant \u00e9cosyst\u00e8me\",\"datePublished\":\"2024-08-23T22:19:47+00:00\",\"mainEntityOfPage\":{\"@id\":\"https:\\\/\\\/www.sensorialsunsets.com\\\/fr\\\/le-matapalo-larbre-emblematique-du-costa-rica-et-son-fascinant-ecosysteme\\\/\"},\"wordCount\":570,\"publisher\":{\"@id\":\"https:\\\/\\\/www.sensorialsunsets.com\\\/fr\\\/#organization\"},\"image\":{\"@id\":\"https:\\\/\\\/www.sensorialsunsets.com\\\/fr\\\/le-matapalo-larbre-emblematique-du-costa-rica-et-son-fascinant-ecosysteme\\\/#primaryimage\"},\"thumbnailUrl\":\"https:\\\/\\\/www.sensorialsunsets.com\\\/wp-content\\\/uploads\\\/2024\\\/08\\\/523345818_5c9cbd6a80_o.jpg\",\"articleSection\":[\"Non classifi\u00e9(e)\"],\"inLanguage\":\"fr-FR\"},{\"@type\":\"WebPage\",\"@id\":\"https:\\\/\\\/www.sensorialsunsets.com\\\/fr\\\/le-matapalo-larbre-emblematique-du-costa-rica-et-son-fascinant-ecosysteme\\\/\",\"url\":\"https:\\\/\\\/www.sensorialsunsets.com\\\/fr\\\/le-matapalo-larbre-emblematique-du-costa-rica-et-son-fascinant-ecosysteme\\\/\",\"name\":\"Le Matapalo : l'arbre embl\u00e9matique du Costa Rica\",\"isPartOf\":{\"@id\":\"https:\\\/\\\/www.sensorialsunsets.com\\\/fr\\\/#website\"},\"primaryImageOfPage\":{\"@id\":\"https:\\\/\\\/www.sensorialsunsets.com\\\/fr\\\/le-matapalo-larbre-emblematique-du-costa-rica-et-son-fascinant-ecosysteme\\\/#primaryimage\"},\"image\":{\"@id\":\"https:\\\/\\\/www.sensorialsunsets.com\\\/fr\\\/le-matapalo-larbre-emblematique-du-costa-rica-et-son-fascinant-ecosysteme\\\/#primaryimage\"},\"thumbnailUrl\":\"https:\\\/\\\/www.sensorialsunsets.com\\\/wp-content\\\/uploads\\\/2024\\\/08\\\/523345818_5c9cbd6a80_o.jpg\",\"datePublished\":\"2024-08-23T22:19:47+00:00\",\"description\":\"L'histoire du matapalo, l'arbre embl\u00e9matique du Costa Rica, son cycle de vie unique et son r\u00f4le vital en tant que refuge pour la faune.\",\"inLanguage\":\"fr-FR\",\"potentialAction\":[{\"@type\":\"ReadAction\",\"target\":[\"https:\\\/\\\/www.sensorialsunsets.com\\\/fr\\\/le-matapalo-larbre-emblematique-du-costa-rica-et-son-fascinant-ecosysteme\\\/\"]}]},{\"@type\":\"ImageObject\",\"inLanguage\":\"fr-FR\",\"@id\":\"https:\\\/\\\/www.sensorialsunsets.com\\\/fr\\\/le-matapalo-larbre-emblematique-du-costa-rica-et-son-fascinant-ecosysteme\\\/#primaryimage\",\"url\":\"https:\\\/\\\/www.sensorialsunsets.com\\\/wp-content\\\/uploads\\\/2024\\\/08\\\/523345818_5c9cbd6a80_o.jpg\",\"contentUrl\":\"https:\\\/\\\/www.sensorialsunsets.com\\\/wp-content\\\/uploads\\\/2024\\\/08\\\/523345818_5c9cbd6a80_o.jpg\",\"width\":1200,\"height\":800},{\"@type\":\"WebSite\",\"@id\":\"https:\\\/\\\/www.sensorialsunsets.com\\\/fr\\\/#website\",\"url\":\"https:\\\/\\\/www.sensorialsunsets.com\\\/fr\\\/\",\"name\":\"SensorialSunsets.com\",\"description\":\"D\u00e9couvrez la culture et la soci\u00e9t\u00e9 du Costa Rica sur notre blog. Explorez des articles captivants et partagez le contenu.\",\"publisher\":{\"@id\":\"https:\\\/\\\/www.sensorialsunsets.com\\\/fr\\\/#organization\"},\"alternateName\":\"Costa Rica Live Blog\",\"potentialAction\":[{\"@type\":\"SearchAction\",\"target\":{\"@type\":\"EntryPoint\",\"urlTemplate\":\"https:\\\/\\\/www.sensorialsunsets.com\\\/fr\\\/?s={search_term_string}\"},\"query-input\":{\"@type\":\"PropertyValueSpecification\",\"valueRequired\":true,\"valueName\":\"search_term_string\"}}],\"inLanguage\":\"fr-FR\"},{\"@type\":\"Organization\",\"@id\":\"https:\\\/\\\/www.sensorialsunsets.com\\\/fr\\\/#organization\",\"name\":\"SensorialSunsets\",\"url\":\"https:\\\/\\\/www.sensorialsunsets.com\\\/fr\\\/\",\"logo\":{\"@type\":\"ImageObject\",\"inLanguage\":\"fr-FR\",\"@id\":\"https:\\\/\\\/www.sensorialsunsets.com\\\/fr\\\/#\\\/schema\\\/logo\\\/image\\\/\",\"url\":\"https:\\\/\\\/www.sensorialsunsets.com\\\/wp-content\\\/uploads\\\/2023\\\/04\\\/Logo_base_line_fond_clair.svg\",\"contentUrl\":\"https:\\\/\\\/www.sensorialsunsets.com\\\/wp-content\\\/uploads\\\/2023\\\/04\\\/Logo_base_line_fond_clair.svg\",\"width\":\"1024\",\"height\":\"1024\",\"caption\":\"SensorialSunsets\"},\"image\":{\"@id\":\"https:\\\/\\\/www.sensorialsunsets.com\\\/fr\\\/#\\\/schema\\\/logo\\\/image\\\/\"},\"sameAs\":[\"https:\\\/\\\/www.facebook.com\\\/Sensorial-Sunsets-109180614715562\",\"https:\\\/\\\/www.instagram.com\\\/sensorialsunsets\\\/\"]},{\"@type\":\"Person\",\"@id\":\"https:\\\/\\\/www.sensorialsunsets.com\\\/fr\\\/#\\\/schema\\\/person\\\/77e2fa594135aa94024c47e281d8a94d\",\"name\":\"Sensorial Sunsets\",\"image\":{\"@type\":\"ImageObject\",\"inLanguage\":\"fr-FR\",\"@id\":\"https:\\\/\\\/secure.gravatar.com\\\/avatar\\\/5f2d62681b1dad94c28f1500d4fc75582acdfd32b55fd1acce0a36a3c487eabe?s=96&d=mm&r=g\",\"url\":\"https:\\\/\\\/secure.gravatar.com\\\/avatar\\\/5f2d62681b1dad94c28f1500d4fc75582acdfd32b55fd1acce0a36a3c487eabe?s=96&d=mm&r=g\",\"contentUrl\":\"https:\\\/\\\/secure.gravatar.com\\\/avatar\\\/5f2d62681b1dad94c28f1500d4fc75582acdfd32b55fd1acce0a36a3c487eabe?s=96&d=mm&r=g\",\"caption\":\"Sensorial Sunsets\"},\"url\":\"https:\\\/\\\/www.sensorialsunsets.com\\\/fr\\\/author\\\/asistentes-sensorial-sunsets\\\/\"}]}<\/script>\n<!-- \/ Yoast SEO plugin. -->","yoast_head_json":{"title":"Le Matapalo : l'arbre embl\u00e9matique du Costa Rica","description":"L'histoire du matapalo, l'arbre embl\u00e9matique du Costa Rica, son cycle de vie unique et son r\u00f4le vital en tant que refuge pour la faune.","robots":{"index":"index","follow":"follow","max-snippet":"max-snippet:-1","max-image-preview":"max-image-preview:large","max-video-preview":"max-video-preview:-1"},"canonical":"https:\/\/www.sensorialsunsets.com\/fr\/le-matapalo-larbre-emblematique-du-costa-rica-et-son-fascinant-ecosysteme\/","og_locale":"fr_FR","og_type":"article","og_title":"Le Matapalo : l'arbre embl\u00e9matique du Costa Rica","og_description":"L'histoire du matapalo, l'arbre embl\u00e9matique du Costa Rica, son cycle de vie unique et son r\u00f4le vital en tant que refuge pour la faune.","og_url":"https:\/\/www.sensorialsunsets.com\/fr\/le-matapalo-larbre-emblematique-du-costa-rica-et-son-fascinant-ecosysteme\/","og_site_name":"SensorialSunsets","article_publisher":"https:\/\/www.facebook.com\/Sensorial-Sunsets-109180614715562","article_published_time":"2024-08-23T22:19:47+00:00","og_image":[{"width":1200,"height":800,"url":"https:\/\/www.sensorialsunsets.com\/wp-content\/uploads\/2024\/08\/523345818_5c9cbd6a80_o.jpg","type":"image\/jpeg"}],"author":"Sensorial Sunsets","twitter_card":"summary_large_image","twitter_misc":{"\u00c9crit par":"Sensorial Sunsets","Dur\u00e9e de lecture estim\u00e9e":"3 minutes"},"schema":{"@context":"https:\/\/schema.org","@graph":[{"@type":"Article","@id":"https:\/\/www.sensorialsunsets.com\/fr\/le-matapalo-larbre-emblematique-du-costa-rica-et-son-fascinant-ecosysteme\/#article","isPartOf":{"@id":"https:\/\/www.sensorialsunsets.com\/fr\/le-matapalo-larbre-emblematique-du-costa-rica-et-son-fascinant-ecosysteme\/"},"author":{"name":"Sensorial Sunsets","@id":"https:\/\/www.sensorialsunsets.com\/fr\/#\/schema\/person\/77e2fa594135aa94024c47e281d8a94d"},"headline":"Le Matapalo : l&rsquo;arbre embl\u00e9matique du Costa Rica et son fascinant \u00e9cosyst\u00e8me","datePublished":"2024-08-23T22:19:47+00:00","mainEntityOfPage":{"@id":"https:\/\/www.sensorialsunsets.com\/fr\/le-matapalo-larbre-emblematique-du-costa-rica-et-son-fascinant-ecosysteme\/"},"wordCount":570,"publisher":{"@id":"https:\/\/www.sensorialsunsets.com\/fr\/#organization"},"image":{"@id":"https:\/\/www.sensorialsunsets.com\/fr\/le-matapalo-larbre-emblematique-du-costa-rica-et-son-fascinant-ecosysteme\/#primaryimage"},"thumbnailUrl":"https:\/\/www.sensorialsunsets.com\/wp-content\/uploads\/2024\/08\/523345818_5c9cbd6a80_o.jpg","articleSection":["Non classifi\u00e9(e)"],"inLanguage":"fr-FR"},{"@type":"WebPage","@id":"https:\/\/www.sensorialsunsets.com\/fr\/le-matapalo-larbre-emblematique-du-costa-rica-et-son-fascinant-ecosysteme\/","url":"https:\/\/www.sensorialsunsets.com\/fr\/le-matapalo-larbre-emblematique-du-costa-rica-et-son-fascinant-ecosysteme\/","name":"Le Matapalo : l'arbre embl\u00e9matique du Costa Rica","isPartOf":{"@id":"https:\/\/www.sensorialsunsets.com\/fr\/#website"},"primaryImageOfPage":{"@id":"https:\/\/www.sensorialsunsets.com\/fr\/le-matapalo-larbre-emblematique-du-costa-rica-et-son-fascinant-ecosysteme\/#primaryimage"},"image":{"@id":"https:\/\/www.sensorialsunsets.com\/fr\/le-matapalo-larbre-emblematique-du-costa-rica-et-son-fascinant-ecosysteme\/#primaryimage"},"thumbnailUrl":"https:\/\/www.sensorialsunsets.com\/wp-content\/uploads\/2024\/08\/523345818_5c9cbd6a80_o.jpg","datePublished":"2024-08-23T22:19:47+00:00","description":"L'histoire du matapalo, l'arbre embl\u00e9matique du Costa Rica, son cycle de vie unique et son r\u00f4le vital en tant que refuge pour la faune.","inLanguage":"fr-FR","potentialAction":[{"@type":"ReadAction","target":["https:\/\/www.sensorialsunsets.com\/fr\/le-matapalo-larbre-emblematique-du-costa-rica-et-son-fascinant-ecosysteme\/"]}]},{"@type":"ImageObject","inLanguage":"fr-FR","@id":"https:\/\/www.sensorialsunsets.com\/fr\/le-matapalo-larbre-emblematique-du-costa-rica-et-son-fascinant-ecosysteme\/#primaryimage","url":"https:\/\/www.sensorialsunsets.com\/wp-content\/uploads\/2024\/08\/523345818_5c9cbd6a80_o.jpg","contentUrl":"https:\/\/www.sensorialsunsets.com\/wp-content\/uploads\/2024\/08\/523345818_5c9cbd6a80_o.jpg","width":1200,"height":800},{"@type":"WebSite","@id":"https:\/\/www.sensorialsunsets.com\/fr\/#website","url":"https:\/\/www.sensorialsunsets.com\/fr\/","name":"SensorialSunsets.com","description":"D\u00e9couvrez la culture et la soci\u00e9t\u00e9 du Costa Rica sur notre blog. Explorez des articles captivants et partagez le contenu.","publisher":{"@id":"https:\/\/www.sensorialsunsets.com\/fr\/#organization"},"alternateName":"Costa Rica Live Blog","potentialAction":[{"@type":"SearchAction","target":{"@type":"EntryPoint","urlTemplate":"https:\/\/www.sensorialsunsets.com\/fr\/?s={search_term_string}"},"query-input":{"@type":"PropertyValueSpecification","valueRequired":true,"valueName":"search_term_string"}}],"inLanguage":"fr-FR"},{"@type":"Organization","@id":"https:\/\/www.sensorialsunsets.com\/fr\/#organization","name":"SensorialSunsets","url":"https:\/\/www.sensorialsunsets.com\/fr\/","logo":{"@type":"ImageObject","inLanguage":"fr-FR","@id":"https:\/\/www.sensorialsunsets.com\/fr\/#\/schema\/logo\/image\/","url":"https:\/\/www.sensorialsunsets.com\/wp-content\/uploads\/2023\/04\/Logo_base_line_fond_clair.svg","contentUrl":"https:\/\/www.sensorialsunsets.com\/wp-content\/uploads\/2023\/04\/Logo_base_line_fond_clair.svg","width":"1024","height":"1024","caption":"SensorialSunsets"},"image":{"@id":"https:\/\/www.sensorialsunsets.com\/fr\/#\/schema\/logo\/image\/"},"sameAs":["https:\/\/www.facebook.com\/Sensorial-Sunsets-109180614715562","https:\/\/www.instagram.com\/sensorialsunsets\/"]},{"@type":"Person","@id":"https:\/\/www.sensorialsunsets.com\/fr\/#\/schema\/person\/77e2fa594135aa94024c47e281d8a94d","name":"Sensorial Sunsets","image":{"@type":"ImageObject","inLanguage":"fr-FR","@id":"https:\/\/secure.gravatar.com\/avatar\/5f2d62681b1dad94c28f1500d4fc75582acdfd32b55fd1acce0a36a3c487eabe?s=96&d=mm&r=g","url":"https:\/\/secure.gravatar.com\/avatar\/5f2d62681b1dad94c28f1500d4fc75582acdfd32b55fd1acce0a36a3c487eabe?s=96&d=mm&r=g","contentUrl":"https:\/\/secure.gravatar.com\/avatar\/5f2d62681b1dad94c28f1500d4fc75582acdfd32b55fd1acce0a36a3c487eabe?s=96&d=mm&r=g","caption":"Sensorial Sunsets"},"url":"https:\/\/www.sensorialsunsets.com\/fr\/author\/asistentes-sensorial-sunsets\/"}]}},"_links":{"self":[{"href":"https:\/\/www.sensorialsunsets.com\/fr\/wp-json\/wp\/v2\/posts\/18426","targetHints":{"allow":["GET"]}}],"collection":[{"href":"https:\/\/www.sensorialsunsets.com\/fr\/wp-json\/wp\/v2\/posts"}],"about":[{"href":"https:\/\/www.sensorialsunsets.com\/fr\/wp-json\/wp\/v2\/types\/post"}],"author":[{"embeddable":true,"href":"https:\/\/www.sensorialsunsets.com\/fr\/wp-json\/wp\/v2\/users\/4"}],"replies":[{"embeddable":true,"href":"https:\/\/www.sensorialsunsets.com\/fr\/wp-json\/wp\/v2\/comments?post=18426"}],"version-history":[{"count":0,"href":"https:\/\/www.sensorialsunsets.com\/fr\/wp-json\/wp\/v2\/posts\/18426\/revisions"}],"wp:featuredmedia":[{"embeddable":true,"href":"https:\/\/www.sensorialsunsets.com\/fr\/wp-json\/wp\/v2\/media\/18420"}],"wp:attachment":[{"href":"https:\/\/www.sensorialsunsets.com\/fr\/wp-json\/wp\/v2\/media?parent=18426"}],"wp:term":[{"taxonomy":"category","embeddable":true,"href":"https:\/\/www.sensorialsunsets.com\/fr\/wp-json\/wp\/v2\/categories?post=18426"},{"taxonomy":"post_tag","embeddable":true,"href":"https:\/\/www.sensorialsunsets.com\/fr\/wp-json\/wp\/v2\/tags?post=18426"}],"curies":[{"name":"wp","href":"https:\/\/api.w.org\/{rel}","templated":true}]}}