{"id":18589,"date":"2024-08-28T15:24:27","date_gmt":"2024-08-28T21:24:27","guid":{"rendered":"https:\/\/www.sensorialsunsets.com\/?p=18589"},"modified":"2024-09-09T16:03:04","modified_gmt":"2024-09-09T22:03:04","slug":"la-preservation-de-lhistoire","status":"publish","type":"post","link":"https:\/\/www.sensorialsunsets.com\/fr\/la-preservation-de-lhistoire\/","title":{"rendered":"LA PR\u00c9SERVATION DE L&rsquo;HISTOIRE"},"content":{"rendered":"\n<p class=\"has-white-color has-text-color has-link-color has-small-font-size wp-elements-53f0765fb80c00722b5dbde6dd581c3d\">CONSERVANDO LA HISTORIA<\/p>\n\n<p>L&rsquo;une des principales raisons pour lesquelles les gens visitent d&rsquo;autres pays est de d\u00e9couvrir leur histoire \u00e0 travers leurs b\u00e2timents, leurs monuments, leur art, leurs espaces, leurs artefacts, leurs rues et m\u00eame leurs ar\u00f4mes.<\/p>\n\n<p>Quand j&rsquo;ai eu l&rsquo;occasion de me rendre \u00e0 Londres en 2010, j&rsquo;ai pu appr\u00e9cier le pass\u00e9 \u00e0 travers tous ces lieux que le gouvernement britannique a r\u00e9ussi \u00e0 pr\u00e9server presque intacts au fil des si\u00e8cles, avec quelques restaurations pour s&rsquo;assurer que nous continuons tous \u00e0 appr\u00e9cier la beaut\u00e9 inn\u00e9e qui a fascin\u00e9 la soci\u00e9t\u00e9 pendant tant d&rsquo;ann\u00e9es.<\/p>\n\n<p>J&rsquo;ai beaucoup appr\u00e9ci\u00e9 la visite \u00e0 pied de Jack l&rsquo;\u00c9ventreur. Parmi tous les endroits que nous avons visit\u00e9s, il y avait le pub historique Ten Bells. Il est c\u00e9l\u00e8bre dans le monde entier pour avoir plus de 250 ans et avoir \u00e9t\u00e9 fr\u00e9quent\u00e9 par Annie Chapman et Mary Jane Kelly, et m\u00eame par Jack l&rsquo;\u00c9ventreur lui-m\u00eame.<\/p>\n\n<figure class=\"wp-block-gallery has-nested-images columns-default is-cropped wp-block-gallery-1 is-layout-flex wp-block-gallery-is-layout-flex\">\n<figure class=\"wp-block-image size-large\"><img loading=\"lazy\" decoding=\"async\" width=\"1024\" height=\"576\" data-id=\"18569\" src=\"https:\/\/www.sensorialsunsets.com\/wp-content\/uploads\/2024\/08\/P1050637-1024x576.jpg\" alt=\"\" class=\"wp-image-18569\" srcset=\"https:\/\/www.sensorialsunsets.com\/wp-content\/uploads\/2024\/08\/P1050637-1024x576.jpg 1024w, https:\/\/www.sensorialsunsets.com\/wp-content\/uploads\/2024\/08\/P1050637-300x169.jpg 300w, https:\/\/www.sensorialsunsets.com\/wp-content\/uploads\/2024\/08\/P1050637-768x432.jpg 768w, https:\/\/www.sensorialsunsets.com\/wp-content\/uploads\/2024\/08\/P1050637-1536x864.jpg 1536w, https:\/\/www.sensorialsunsets.com\/wp-content\/uploads\/2024\/08\/P1050637-1320x743.jpg 1320w, https:\/\/www.sensorialsunsets.com\/wp-content\/uploads\/2024\/08\/P1050637.jpg 1920w\" sizes=\"auto, (max-width: 1024px) 100vw, 1024px\" \/><\/figure>\n\n\n\n<figure class=\"wp-block-image size-large\"><img loading=\"lazy\" decoding=\"async\" width=\"1024\" height=\"576\" data-id=\"18571\" src=\"https:\/\/www.sensorialsunsets.com\/wp-content\/uploads\/2024\/08\/P1050633-1024x576.jpg\" alt=\"\" class=\"wp-image-18571\" srcset=\"https:\/\/www.sensorialsunsets.com\/wp-content\/uploads\/2024\/08\/P1050633-1024x576.jpg 1024w, https:\/\/www.sensorialsunsets.com\/wp-content\/uploads\/2024\/08\/P1050633-300x169.jpg 300w, https:\/\/www.sensorialsunsets.com\/wp-content\/uploads\/2024\/08\/P1050633-768x432.jpg 768w, https:\/\/www.sensorialsunsets.com\/wp-content\/uploads\/2024\/08\/P1050633-1536x864.jpg 1536w, https:\/\/www.sensorialsunsets.com\/wp-content\/uploads\/2024\/08\/P1050633-1320x743.jpg 1320w, https:\/\/www.sensorialsunsets.com\/wp-content\/uploads\/2024\/08\/P1050633.jpg 1920w\" sizes=\"auto, (max-width: 1024px) 100vw, 1024px\" \/><\/figure>\n\n\n\n<figure class=\"wp-block-image size-large\"><img loading=\"lazy\" decoding=\"async\" width=\"1024\" height=\"576\" data-id=\"18575\" src=\"https:\/\/www.sensorialsunsets.com\/wp-content\/uploads\/2024\/08\/P1050638-1024x576.jpg\" alt=\"\" class=\"wp-image-18575\" srcset=\"https:\/\/www.sensorialsunsets.com\/wp-content\/uploads\/2024\/08\/P1050638-1024x576.jpg 1024w, https:\/\/www.sensorialsunsets.com\/wp-content\/uploads\/2024\/08\/P1050638-300x169.jpg 300w, https:\/\/www.sensorialsunsets.com\/wp-content\/uploads\/2024\/08\/P1050638-768x432.jpg 768w, https:\/\/www.sensorialsunsets.com\/wp-content\/uploads\/2024\/08\/P1050638-1536x864.jpg 1536w, https:\/\/www.sensorialsunsets.com\/wp-content\/uploads\/2024\/08\/P1050638-1320x743.jpg 1320w, https:\/\/www.sensorialsunsets.com\/wp-content\/uploads\/2024\/08\/P1050638.jpg 1920w\" sizes=\"auto, (max-width: 1024px) 100vw, 1024px\" \/><\/figure>\n<\/figure>\n\n<h6 class=\"wp-block-heading has-white-color has-text-color has-link-color wp-elements-5b50d595ae8b16386e18396448e1f60a\">LA PR\u00c9SERVATION DE L&rsquo;HISTOIRE<\/h6>\n\n<p>L&rsquo;endroit a \u00e9t\u00e9 conserv\u00e9 presque intact pendant des si\u00e8cles (surtout \u00e0 l&rsquo;int\u00e9rieur) et son aspect ext\u00e9rieur conserve \u00e9galement l&rsquo;air ancien qui le rend unique. C&rsquo;est pr\u00e9cis\u00e9ment ce qui fait la beaut\u00e9 et la valeur d&rsquo;un joyau architectural : qu&rsquo;il soit pr\u00e9serv\u00e9 le plus originellement possible.<\/p>\n\n<p>L&rsquo;un des principaux attraits de ce pub est son enseigne et son logo, qui ont \u00e9t\u00e9 pr\u00e9serv\u00e9s pendant de tr\u00e8s nombreuses ann\u00e9es et qui identifient le Ten Bells comme un diamant historique. Le mot \u00ab logo \u00bb est d\u00e9fini comme des images, du texte, des formes ou une combinaison des trois qui repr\u00e9sentent le nom et l&rsquo;objectif d&rsquo;une entreprise. Toutefois, un logo peut et doit \u00eatre plus qu&rsquo;un symbole d&rsquo;identification. S&rsquo;il est bien con\u00e7u, il raconte \u00e9galement l&rsquo;histoire d&rsquo;une entreprise. En fait, il contribue \u00e0 transmettre le message de la marque d&rsquo;une mani\u00e8re qui aide \u00e0 \u00e9tablir un lien \u00e9motionnel avec votre public cible.<\/p>\n\n<p>Le Th\u00e9\u00e2tre national du Costa Rica a \u00e9t\u00e9 d\u00e9clar\u00e9 monument national en 1965 et a re\u00e7u la d\u00e9claration de \u00ab Symbole national du patrimoine historique architectural et de la libert\u00e9 culturelle \u00bb le 5 f\u00e9vrier 2018.  Parmi ses politiques institutionnelles, on peut citer<\/p>\n\n<h5 class=\"wp-block-heading\">Renforcer la conservation du b\u00e2timent principal du th\u00e9\u00e2tre national du Costa Rica, qui constitue le patrimoine historique national et l&rsquo;une des \u0153uvres architecturales les plus importantes du pays.<\/h5>\n\n<p>L&rsquo;un de ses objectifs institutionnels est :<\/p>\n\n<h3 class=\"wp-block-heading\">Pr\u00e9server l&rsquo;histoire en pr\u00e9servant pleinement l&rsquo;infrastructure et en garantissant les meilleures conditions du Th\u00e9\u00e2tre national du Costa Rica pour le plus grand plaisir du public national et international.<\/h3>\n\n<figure class=\"wp-block-gallery has-nested-images columns-default is-cropped wp-block-gallery-2 is-layout-flex wp-block-gallery-is-layout-flex\">\n<figure class=\"wp-block-image size-large\"><img loading=\"lazy\" decoding=\"async\" width=\"1024\" height=\"576\" data-id=\"18554\" src=\"https:\/\/www.sensorialsunsets.com\/wp-content\/uploads\/2024\/08\/image-13-1024x576.png\" alt=\"LA PR&#xC9;SERVATION DE L'HISTOIRE\" class=\"wp-image-18554\" srcset=\"https:\/\/www.sensorialsunsets.com\/wp-content\/uploads\/2024\/08\/image-13-1024x576.png 1024w, https:\/\/www.sensorialsunsets.com\/wp-content\/uploads\/2024\/08\/image-13-300x169.png 300w, https:\/\/www.sensorialsunsets.com\/wp-content\/uploads\/2024\/08\/image-13-768x432.png 768w, https:\/\/www.sensorialsunsets.com\/wp-content\/uploads\/2024\/08\/image-13.png 1280w\" sizes=\"auto, (max-width: 1024px) 100vw, 1024px\" \/><\/figure>\n\n\n\n<figure class=\"wp-block-image size-large\"><img loading=\"lazy\" decoding=\"async\" width=\"1024\" height=\"768\" data-id=\"18633\" src=\"https:\/\/www.sensorialsunsets.com\/wp-content\/uploads\/2024\/08\/456146727_10224590342575148_7806030085985886343_n-2-1024x768.jpg\" alt=\"\" class=\"wp-image-18633\" srcset=\"https:\/\/www.sensorialsunsets.com\/wp-content\/uploads\/2024\/08\/456146727_10224590342575148_7806030085985886343_n-2-1024x768.jpg 1024w, https:\/\/www.sensorialsunsets.com\/wp-content\/uploads\/2024\/08\/456146727_10224590342575148_7806030085985886343_n-2-300x225.jpg 300w, https:\/\/www.sensorialsunsets.com\/wp-content\/uploads\/2024\/08\/456146727_10224590342575148_7806030085985886343_n-2-768x576.jpg 768w, https:\/\/www.sensorialsunsets.com\/wp-content\/uploads\/2024\/08\/456146727_10224590342575148_7806030085985886343_n-2-1536x1152.jpg 1536w, https:\/\/www.sensorialsunsets.com\/wp-content\/uploads\/2024\/08\/456146727_10224590342575148_7806030085985886343_n-2-1320x990.jpg 1320w, https:\/\/www.sensorialsunsets.com\/wp-content\/uploads\/2024\/08\/456146727_10224590342575148_7806030085985886343_n-2.jpg 2048w\" sizes=\"auto, (max-width: 1024px) 100vw, 1024px\" \/><\/figure>\n\n\n\n<figure class=\"wp-block-image size-large\"><img loading=\"lazy\" decoding=\"async\" width=\"1024\" height=\"683\" data-id=\"18551\" src=\"https:\/\/www.sensorialsunsets.com\/wp-content\/uploads\/2024\/08\/image-12-1024x683.png\" alt=\"LA PR&#xC9;SERVATION DE L'HISTOIRE\" class=\"wp-image-18551\" srcset=\"https:\/\/www.sensorialsunsets.com\/wp-content\/uploads\/2024\/08\/image-12-1024x683.png 1024w, https:\/\/www.sensorialsunsets.com\/wp-content\/uploads\/2024\/08\/image-12-300x200.png 300w, https:\/\/www.sensorialsunsets.com\/wp-content\/uploads\/2024\/08\/image-12-768x512.png 768w, https:\/\/www.sensorialsunsets.com\/wp-content\/uploads\/2024\/08\/image-12-1536x1024.png 1536w, https:\/\/www.sensorialsunsets.com\/wp-content\/uploads\/2024\/08\/image-12-334x222.png 334w, https:\/\/www.sensorialsunsets.com\/wp-content\/uploads\/2024\/08\/image-12-1320x880.png 1320w, https:\/\/www.sensorialsunsets.com\/wp-content\/uploads\/2024\/08\/image-12.png 2048w\" sizes=\"auto, (max-width: 1024px) 100vw, 1024px\" \/><\/figure>\n<\/figure>\n\n<p>Vous conviendrez avec moi qu&rsquo;un \u00e9l\u00e9ment fondamental d&rsquo;une entreprise, d&rsquo;un local, d&rsquo;un b\u00e2timent ou d&rsquo;une institution est le nom et le logo avec lesquels ils sont identifi\u00e9s depuis leur cr\u00e9ation et qui r\u00e9sument l&rsquo;essence de leur objectif principal et des valeurs pour lesquelles ils ont \u00e9t\u00e9 cr\u00e9\u00e9s.<\/p>\n\n<p>Le logo du Th\u00e9\u00e2tre national du Costa Rica a \u00e9t\u00e9 cr\u00e9\u00e9 il y a 127 ans et est l&rsquo;un des rares \u00e0 repr\u00e9senter l&rsquo;art, l&rsquo;\u00e9l\u00e9gance, la classe et la beaut\u00e9. Il \u00e9tait bas\u00e9 sur le monogramme que l&rsquo;on trouve sur le sol en marbre du foyer du th\u00e9\u00e2tre. Cependant, le gouvernement de la R\u00e9publique a d\u00e9cid\u00e9 qu&rsquo;il fallait d\u00e9sormais utiliser le m\u00eame logo pour toutes les institutions sur leurs m\u00e9dias sociaux :<\/p>\n\n<h5 class=\"wp-block-heading\">Les communications graphiques sur les r\u00e9seaux sociaux des institutions publiques suivent les lignes directrices de chaque administration, selon le communiqu\u00e9 officiel.<\/h5>\n\n<p>Mais, comme l&rsquo;a dit notre pr\u00e9sident, il y a des choses qui doivent rester en l&rsquo;\u00e9tat et qu&rsquo;il n&rsquo;y a pas lieu de changer. Ce qui n&rsquo;est pas cass\u00e9, pourquoi le remettre en place ? Il y a des choses dans cette vie qu&rsquo;il ne faut pas toucher. Voil\u00e0, c&rsquo;est aussi simple que cela.<\/p>\n\n<p>Je comprends parfaitement l&rsquo;agacement de nombreux Costaricains, et je me joins donc \u00e0 eux. Et il y a une autre chose importante que le gouvernement de la R\u00e9publique lui-m\u00eame n&rsquo;a peut-\u00eatre pas analys\u00e9e avec ce changement dans les r\u00e9seaux sociaux des institutions de l&rsquo;\u00c9tat, et en particulier dans ce cas particulier du Th\u00e9\u00e2tre national : ce ne sont pas seulement ceux d&rsquo;entre nous qui vivent au Costa Rica qui voient les r\u00e9seaux sociaux, mais aussi beaucoup d&rsquo;autres citoyens du monde. Et je vous le dis honn\u00eatement : si j&rsquo;\u00e9tais un \u00e9tranger, que je visitais la page Facebook du Th\u00e9\u00e2tre national du Costa Rica pour voir \u00e0 quel point il serait int\u00e9ressant de le conna\u00eetre en personne et que je voyais ce logo si insipide et sans vie, je resterais avec un mauvais go\u00fbt dans la bouche ou je chercherais tout simplement un autre endroit qui attire davantage mon attention.<\/p>\n\n<p>Ce n&rsquo;est pas un mythe : tout est dans les yeux ! C&rsquo;est pourquoi des pays comme l&rsquo;Angleterre accueillent des millions de touristes chaque ann\u00e9e ; leur gouvernement et leurs citoyens valorisent, appr\u00e9cient, pr\u00e9servent et aiment leur histoire&#8230; et le monde peut participer \u00e0 l&rsquo;appr\u00e9ciation de ce qu&rsquo;ils ont gard\u00e9 inchang\u00e9.<\/p>\n","protected":false},"excerpt":{"rendered":"<p>CONSERVANDO LA HISTORIA L&rsquo;une des principales raisons pour lesquelles les gens visitent d&rsquo;autres pays est de d\u00e9couvrir leur histoire \u00e0 travers leurs b\u00e2timents, leurs monuments, leur art, leurs espaces, leurs artefacts, leurs rues et m\u00eame leurs ar\u00f4mes. Quand j&rsquo;ai eu l&rsquo;occasion de me rendre \u00e0 Londres en 2010, j&rsquo;ai pu appr\u00e9cier le pass\u00e9 \u00e0 travers [&hellip;]<\/p>\n","protected":false},"author":4,"featured_media":18574,"comment_status":"closed","ping_status":"closed","sticky":false,"template":"","format":"standard","meta":{"_acf_changed":false,"inline_featured_image":false,"_monsterinsights_skip_tracking":false,"_monsterinsights_sitenote_active":false,"_monsterinsights_sitenote_note":"","_monsterinsights_sitenote_category":0,"footnotes":""},"categories":[1],"tags":[],"class_list":["post-18589","post","type-post","status-publish","format-standard","has-post-thumbnail","hentry","category-non-classifiee"],"acf":[],"yoast_head":"<!-- This site is optimized with the Yoast SEO plugin v27.4 - https:\/\/yoast.com\/product\/yoast-seo-wordpress\/ -->\n<title>LA PR\u00c9SERVATION DE L&#039;HISTOIRE - SensorialSunsets<\/title>\n<meta name=\"description\" content=\"La pr\u00e9servation de l&#039;histoire, les monuments historiques et la modification de leur identit\u00e9 visuelle en vue d&#039;influencer la perception culturelle.\" \/>\n<meta name=\"robots\" content=\"index, follow, max-snippet:-1, max-image-preview:large, max-video-preview:-1\" \/>\n<link rel=\"canonical\" href=\"https:\/\/www.sensorialsunsets.com\/fr\/la-preservation-de-lhistoire\/\" \/>\n<meta property=\"og:locale\" content=\"fr_FR\" \/>\n<meta property=\"og:type\" content=\"article\" \/>\n<meta property=\"og:title\" content=\"LA PR\u00c9SERVATION DE L&#039;HISTOIRE - SensorialSunsets\" \/>\n<meta property=\"og:description\" content=\"La pr\u00e9servation de l&#039;histoire, les monuments historiques et la modification de leur identit\u00e9 visuelle en vue d&#039;influencer la perception culturelle.\" \/>\n<meta property=\"og:url\" content=\"https:\/\/www.sensorialsunsets.com\/fr\/la-preservation-de-lhistoire\/\" \/>\n<meta property=\"og:site_name\" content=\"SensorialSunsets\" \/>\n<meta property=\"article:publisher\" content=\"https:\/\/www.facebook.com\/Sensorial-Sunsets-109180614715562\" \/>\n<meta property=\"article:published_time\" content=\"2024-08-28T21:24:27+00:00\" \/>\n<meta property=\"article:modified_time\" content=\"2024-09-09T22:03:04+00:00\" \/>\n<meta property=\"og:image\" content=\"https:\/\/www.sensorialsunsets.com\/wp-content\/uploads\/2024\/08\/P1050633.jpg\" \/>\n\t<meta property=\"og:image:width\" content=\"1920\" \/>\n\t<meta property=\"og:image:height\" content=\"1080\" \/>\n\t<meta property=\"og:image:type\" content=\"image\/jpeg\" \/>\n<meta name=\"author\" content=\"Sensorial Sunsets\" \/>\n<meta name=\"twitter:card\" content=\"summary_large_image\" \/>\n<meta name=\"twitter:label1\" content=\"\u00c9crit par\" \/>\n\t<meta name=\"twitter:data1\" content=\"Sensorial Sunsets\" \/>\n\t<meta name=\"twitter:label2\" content=\"Dur\u00e9e de lecture estim\u00e9e\" \/>\n\t<meta name=\"twitter:data2\" content=\"4 minutes\" \/>\n<script type=\"application\/ld+json\" class=\"yoast-schema-graph\">{\"@context\":\"https:\\\/\\\/schema.org\",\"@graph\":[{\"@type\":\"Article\",\"@id\":\"https:\\\/\\\/www.sensorialsunsets.com\\\/fr\\\/la-preservation-de-lhistoire\\\/#article\",\"isPartOf\":{\"@id\":\"https:\\\/\\\/www.sensorialsunsets.com\\\/fr\\\/la-preservation-de-lhistoire\\\/\"},\"author\":{\"name\":\"Sensorial Sunsets\",\"@id\":\"https:\\\/\\\/www.sensorialsunsets.com\\\/fr\\\/#\\\/schema\\\/person\\\/77e2fa594135aa94024c47e281d8a94d\"},\"headline\":\"LA PR\u00c9SERVATION DE L&rsquo;HISTOIRE\",\"datePublished\":\"2024-08-28T21:24:27+00:00\",\"dateModified\":\"2024-09-09T22:03:04+00:00\",\"mainEntityOfPage\":{\"@id\":\"https:\\\/\\\/www.sensorialsunsets.com\\\/fr\\\/la-preservation-de-lhistoire\\\/\"},\"wordCount\":913,\"publisher\":{\"@id\":\"https:\\\/\\\/www.sensorialsunsets.com\\\/fr\\\/#organization\"},\"image\":{\"@id\":\"https:\\\/\\\/www.sensorialsunsets.com\\\/fr\\\/la-preservation-de-lhistoire\\\/#primaryimage\"},\"thumbnailUrl\":\"https:\\\/\\\/www.sensorialsunsets.com\\\/wp-content\\\/uploads\\\/2024\\\/08\\\/P1050633.jpg\",\"articleSection\":[\"Non classifi\u00e9(e)\"],\"inLanguage\":\"fr-FR\"},{\"@type\":\"WebPage\",\"@id\":\"https:\\\/\\\/www.sensorialsunsets.com\\\/fr\\\/la-preservation-de-lhistoire\\\/\",\"url\":\"https:\\\/\\\/www.sensorialsunsets.com\\\/fr\\\/la-preservation-de-lhistoire\\\/\",\"name\":\"LA PR\u00c9SERVATION DE L'HISTOIRE - SensorialSunsets\",\"isPartOf\":{\"@id\":\"https:\\\/\\\/www.sensorialsunsets.com\\\/fr\\\/#website\"},\"primaryImageOfPage\":{\"@id\":\"https:\\\/\\\/www.sensorialsunsets.com\\\/fr\\\/la-preservation-de-lhistoire\\\/#primaryimage\"},\"image\":{\"@id\":\"https:\\\/\\\/www.sensorialsunsets.com\\\/fr\\\/la-preservation-de-lhistoire\\\/#primaryimage\"},\"thumbnailUrl\":\"https:\\\/\\\/www.sensorialsunsets.com\\\/wp-content\\\/uploads\\\/2024\\\/08\\\/P1050633.jpg\",\"datePublished\":\"2024-08-28T21:24:27+00:00\",\"dateModified\":\"2024-09-09T22:03:04+00:00\",\"description\":\"La pr\u00e9servation de l'histoire, les monuments historiques et la modification de leur identit\u00e9 visuelle en vue d'influencer la perception culturelle.\",\"inLanguage\":\"fr-FR\",\"potentialAction\":[{\"@type\":\"ReadAction\",\"target\":[\"https:\\\/\\\/www.sensorialsunsets.com\\\/fr\\\/la-preservation-de-lhistoire\\\/\"]}]},{\"@type\":\"ImageObject\",\"inLanguage\":\"fr-FR\",\"@id\":\"https:\\\/\\\/www.sensorialsunsets.com\\\/fr\\\/la-preservation-de-lhistoire\\\/#primaryimage\",\"url\":\"https:\\\/\\\/www.sensorialsunsets.com\\\/wp-content\\\/uploads\\\/2024\\\/08\\\/P1050633.jpg\",\"contentUrl\":\"https:\\\/\\\/www.sensorialsunsets.com\\\/wp-content\\\/uploads\\\/2024\\\/08\\\/P1050633.jpg\",\"width\":1920,\"height\":1080},{\"@type\":\"WebSite\",\"@id\":\"https:\\\/\\\/www.sensorialsunsets.com\\\/fr\\\/#website\",\"url\":\"https:\\\/\\\/www.sensorialsunsets.com\\\/fr\\\/\",\"name\":\"SensorialSunsets.com\",\"description\":\"D\u00e9couvrez la culture et la soci\u00e9t\u00e9 du Costa Rica sur notre blog. Explorez des articles captivants et partagez le contenu.\",\"publisher\":{\"@id\":\"https:\\\/\\\/www.sensorialsunsets.com\\\/fr\\\/#organization\"},\"alternateName\":\"Costa Rica Live Blog\",\"potentialAction\":[{\"@type\":\"SearchAction\",\"target\":{\"@type\":\"EntryPoint\",\"urlTemplate\":\"https:\\\/\\\/www.sensorialsunsets.com\\\/fr\\\/?s={search_term_string}\"},\"query-input\":{\"@type\":\"PropertyValueSpecification\",\"valueRequired\":true,\"valueName\":\"search_term_string\"}}],\"inLanguage\":\"fr-FR\"},{\"@type\":\"Organization\",\"@id\":\"https:\\\/\\\/www.sensorialsunsets.com\\\/fr\\\/#organization\",\"name\":\"SensorialSunsets\",\"url\":\"https:\\\/\\\/www.sensorialsunsets.com\\\/fr\\\/\",\"logo\":{\"@type\":\"ImageObject\",\"inLanguage\":\"fr-FR\",\"@id\":\"https:\\\/\\\/www.sensorialsunsets.com\\\/fr\\\/#\\\/schema\\\/logo\\\/image\\\/\",\"url\":\"https:\\\/\\\/www.sensorialsunsets.com\\\/wp-content\\\/uploads\\\/2023\\\/04\\\/Logo_base_line_fond_clair.svg\",\"contentUrl\":\"https:\\\/\\\/www.sensorialsunsets.com\\\/wp-content\\\/uploads\\\/2023\\\/04\\\/Logo_base_line_fond_clair.svg\",\"width\":\"1024\",\"height\":\"1024\",\"caption\":\"SensorialSunsets\"},\"image\":{\"@id\":\"https:\\\/\\\/www.sensorialsunsets.com\\\/fr\\\/#\\\/schema\\\/logo\\\/image\\\/\"},\"sameAs\":[\"https:\\\/\\\/www.facebook.com\\\/Sensorial-Sunsets-109180614715562\",\"https:\\\/\\\/www.instagram.com\\\/sensorialsunsets\\\/\"]},{\"@type\":\"Person\",\"@id\":\"https:\\\/\\\/www.sensorialsunsets.com\\\/fr\\\/#\\\/schema\\\/person\\\/77e2fa594135aa94024c47e281d8a94d\",\"name\":\"Sensorial Sunsets\",\"image\":{\"@type\":\"ImageObject\",\"inLanguage\":\"fr-FR\",\"@id\":\"https:\\\/\\\/secure.gravatar.com\\\/avatar\\\/5f2d62681b1dad94c28f1500d4fc75582acdfd32b55fd1acce0a36a3c487eabe?s=96&d=mm&r=g\",\"url\":\"https:\\\/\\\/secure.gravatar.com\\\/avatar\\\/5f2d62681b1dad94c28f1500d4fc75582acdfd32b55fd1acce0a36a3c487eabe?s=96&d=mm&r=g\",\"contentUrl\":\"https:\\\/\\\/secure.gravatar.com\\\/avatar\\\/5f2d62681b1dad94c28f1500d4fc75582acdfd32b55fd1acce0a36a3c487eabe?s=96&d=mm&r=g\",\"caption\":\"Sensorial Sunsets\"},\"url\":\"https:\\\/\\\/www.sensorialsunsets.com\\\/fr\\\/author\\\/asistentes-sensorial-sunsets\\\/\"}]}<\/script>\n<!-- \/ Yoast SEO plugin. -->","yoast_head_json":{"title":"LA PR\u00c9SERVATION DE L'HISTOIRE - SensorialSunsets","description":"La pr\u00e9servation de l'histoire, les monuments historiques et la modification de leur identit\u00e9 visuelle en vue d'influencer la perception culturelle.","robots":{"index":"index","follow":"follow","max-snippet":"max-snippet:-1","max-image-preview":"max-image-preview:large","max-video-preview":"max-video-preview:-1"},"canonical":"https:\/\/www.sensorialsunsets.com\/fr\/la-preservation-de-lhistoire\/","og_locale":"fr_FR","og_type":"article","og_title":"LA PR\u00c9SERVATION DE L'HISTOIRE - SensorialSunsets","og_description":"La pr\u00e9servation de l'histoire, les monuments historiques et la modification de leur identit\u00e9 visuelle en vue d'influencer la perception culturelle.","og_url":"https:\/\/www.sensorialsunsets.com\/fr\/la-preservation-de-lhistoire\/","og_site_name":"SensorialSunsets","article_publisher":"https:\/\/www.facebook.com\/Sensorial-Sunsets-109180614715562","article_published_time":"2024-08-28T21:24:27+00:00","article_modified_time":"2024-09-09T22:03:04+00:00","og_image":[{"width":1920,"height":1080,"url":"https:\/\/www.sensorialsunsets.com\/wp-content\/uploads\/2024\/08\/P1050633.jpg","type":"image\/jpeg"}],"author":"Sensorial Sunsets","twitter_card":"summary_large_image","twitter_misc":{"\u00c9crit par":"Sensorial Sunsets","Dur\u00e9e de lecture estim\u00e9e":"4 minutes"},"schema":{"@context":"https:\/\/schema.org","@graph":[{"@type":"Article","@id":"https:\/\/www.sensorialsunsets.com\/fr\/la-preservation-de-lhistoire\/#article","isPartOf":{"@id":"https:\/\/www.sensorialsunsets.com\/fr\/la-preservation-de-lhistoire\/"},"author":{"name":"Sensorial Sunsets","@id":"https:\/\/www.sensorialsunsets.com\/fr\/#\/schema\/person\/77e2fa594135aa94024c47e281d8a94d"},"headline":"LA PR\u00c9SERVATION DE L&rsquo;HISTOIRE","datePublished":"2024-08-28T21:24:27+00:00","dateModified":"2024-09-09T22:03:04+00:00","mainEntityOfPage":{"@id":"https:\/\/www.sensorialsunsets.com\/fr\/la-preservation-de-lhistoire\/"},"wordCount":913,"publisher":{"@id":"https:\/\/www.sensorialsunsets.com\/fr\/#organization"},"image":{"@id":"https:\/\/www.sensorialsunsets.com\/fr\/la-preservation-de-lhistoire\/#primaryimage"},"thumbnailUrl":"https:\/\/www.sensorialsunsets.com\/wp-content\/uploads\/2024\/08\/P1050633.jpg","articleSection":["Non classifi\u00e9(e)"],"inLanguage":"fr-FR"},{"@type":"WebPage","@id":"https:\/\/www.sensorialsunsets.com\/fr\/la-preservation-de-lhistoire\/","url":"https:\/\/www.sensorialsunsets.com\/fr\/la-preservation-de-lhistoire\/","name":"LA PR\u00c9SERVATION DE L'HISTOIRE - SensorialSunsets","isPartOf":{"@id":"https:\/\/www.sensorialsunsets.com\/fr\/#website"},"primaryImageOfPage":{"@id":"https:\/\/www.sensorialsunsets.com\/fr\/la-preservation-de-lhistoire\/#primaryimage"},"image":{"@id":"https:\/\/www.sensorialsunsets.com\/fr\/la-preservation-de-lhistoire\/#primaryimage"},"thumbnailUrl":"https:\/\/www.sensorialsunsets.com\/wp-content\/uploads\/2024\/08\/P1050633.jpg","datePublished":"2024-08-28T21:24:27+00:00","dateModified":"2024-09-09T22:03:04+00:00","description":"La pr\u00e9servation de l'histoire, les monuments historiques et la modification de leur identit\u00e9 visuelle en vue d'influencer la perception culturelle.","inLanguage":"fr-FR","potentialAction":[{"@type":"ReadAction","target":["https:\/\/www.sensorialsunsets.com\/fr\/la-preservation-de-lhistoire\/"]}]},{"@type":"ImageObject","inLanguage":"fr-FR","@id":"https:\/\/www.sensorialsunsets.com\/fr\/la-preservation-de-lhistoire\/#primaryimage","url":"https:\/\/www.sensorialsunsets.com\/wp-content\/uploads\/2024\/08\/P1050633.jpg","contentUrl":"https:\/\/www.sensorialsunsets.com\/wp-content\/uploads\/2024\/08\/P1050633.jpg","width":1920,"height":1080},{"@type":"WebSite","@id":"https:\/\/www.sensorialsunsets.com\/fr\/#website","url":"https:\/\/www.sensorialsunsets.com\/fr\/","name":"SensorialSunsets.com","description":"D\u00e9couvrez la culture et la soci\u00e9t\u00e9 du Costa Rica sur notre blog. Explorez des articles captivants et partagez le contenu.","publisher":{"@id":"https:\/\/www.sensorialsunsets.com\/fr\/#organization"},"alternateName":"Costa Rica Live Blog","potentialAction":[{"@type":"SearchAction","target":{"@type":"EntryPoint","urlTemplate":"https:\/\/www.sensorialsunsets.com\/fr\/?s={search_term_string}"},"query-input":{"@type":"PropertyValueSpecification","valueRequired":true,"valueName":"search_term_string"}}],"inLanguage":"fr-FR"},{"@type":"Organization","@id":"https:\/\/www.sensorialsunsets.com\/fr\/#organization","name":"SensorialSunsets","url":"https:\/\/www.sensorialsunsets.com\/fr\/","logo":{"@type":"ImageObject","inLanguage":"fr-FR","@id":"https:\/\/www.sensorialsunsets.com\/fr\/#\/schema\/logo\/image\/","url":"https:\/\/www.sensorialsunsets.com\/wp-content\/uploads\/2023\/04\/Logo_base_line_fond_clair.svg","contentUrl":"https:\/\/www.sensorialsunsets.com\/wp-content\/uploads\/2023\/04\/Logo_base_line_fond_clair.svg","width":"1024","height":"1024","caption":"SensorialSunsets"},"image":{"@id":"https:\/\/www.sensorialsunsets.com\/fr\/#\/schema\/logo\/image\/"},"sameAs":["https:\/\/www.facebook.com\/Sensorial-Sunsets-109180614715562","https:\/\/www.instagram.com\/sensorialsunsets\/"]},{"@type":"Person","@id":"https:\/\/www.sensorialsunsets.com\/fr\/#\/schema\/person\/77e2fa594135aa94024c47e281d8a94d","name":"Sensorial Sunsets","image":{"@type":"ImageObject","inLanguage":"fr-FR","@id":"https:\/\/secure.gravatar.com\/avatar\/5f2d62681b1dad94c28f1500d4fc75582acdfd32b55fd1acce0a36a3c487eabe?s=96&d=mm&r=g","url":"https:\/\/secure.gravatar.com\/avatar\/5f2d62681b1dad94c28f1500d4fc75582acdfd32b55fd1acce0a36a3c487eabe?s=96&d=mm&r=g","contentUrl":"https:\/\/secure.gravatar.com\/avatar\/5f2d62681b1dad94c28f1500d4fc75582acdfd32b55fd1acce0a36a3c487eabe?s=96&d=mm&r=g","caption":"Sensorial Sunsets"},"url":"https:\/\/www.sensorialsunsets.com\/fr\/author\/asistentes-sensorial-sunsets\/"}]}},"_links":{"self":[{"href":"https:\/\/www.sensorialsunsets.com\/fr\/wp-json\/wp\/v2\/posts\/18589","targetHints":{"allow":["GET"]}}],"collection":[{"href":"https:\/\/www.sensorialsunsets.com\/fr\/wp-json\/wp\/v2\/posts"}],"about":[{"href":"https:\/\/www.sensorialsunsets.com\/fr\/wp-json\/wp\/v2\/types\/post"}],"author":[{"embeddable":true,"href":"https:\/\/www.sensorialsunsets.com\/fr\/wp-json\/wp\/v2\/users\/4"}],"replies":[{"embeddable":true,"href":"https:\/\/www.sensorialsunsets.com\/fr\/wp-json\/wp\/v2\/comments?post=18589"}],"version-history":[{"count":0,"href":"https:\/\/www.sensorialsunsets.com\/fr\/wp-json\/wp\/v2\/posts\/18589\/revisions"}],"wp:featuredmedia":[{"embeddable":true,"href":"https:\/\/www.sensorialsunsets.com\/fr\/wp-json\/wp\/v2\/media\/18574"}],"wp:attachment":[{"href":"https:\/\/www.sensorialsunsets.com\/fr\/wp-json\/wp\/v2\/media?parent=18589"}],"wp:term":[{"taxonomy":"category","embeddable":true,"href":"https:\/\/www.sensorialsunsets.com\/fr\/wp-json\/wp\/v2\/categories?post=18589"},{"taxonomy":"post_tag","embeddable":true,"href":"https:\/\/www.sensorialsunsets.com\/fr\/wp-json\/wp\/v2\/tags?post=18589"}],"curies":[{"name":"wp","href":"https:\/\/api.w.org\/{rel}","templated":true}]}}