{"id":18625,"date":"2024-08-28T16:52:17","date_gmt":"2024-08-28T22:52:17","guid":{"rendered":"https:\/\/www.sensorialsunsets.com\/marche-culturel-du-disque-vinyle-un-evenement-incontournable-pour-les-amateurs-de-vinyle\/"},"modified":"2024-08-28T16:54:19","modified_gmt":"2024-08-28T22:54:19","slug":"marche-culturel-du-disque-vinyle-un-evenement-incontournable-pour-les-amateurs-de-vinyle","status":"publish","type":"post","link":"https:\/\/www.sensorialsunsets.com\/fr\/marche-culturel-du-disque-vinyle-un-evenement-incontournable-pour-les-amateurs-de-vinyle\/","title":{"rendered":"March\u00e9 culturel du disque vinyle : un \u00e9v\u00e9nement incontournable pour les amateurs de vinyle"},"content":{"rendered":"\n<h3 class=\"wp-block-heading\">La date est le 1er septembre<\/h3>\n\n<p>Les amateurs et collectionneurs de disques vinyles ont un rendez-vous incontournable \u00e0 San Jos\u00e9, au Costa Rica. La c\u00e9l\u00e8bre <a href=\"&#xAB;\" https:=\"\">March\u00e9 culturel du disque vinyle<\/a> f\u00eatera son 19e anniversaire dimanche prochain, le 1er septembre, dans l&#8217;embl\u00e9matique b\u00e2timent Steinvorth, situ\u00e9 au c\u0153ur de la ville. L&rsquo;\u00e9v\u00e9nement se d\u00e9roulera de 10 heures \u00e0 17 heures et promet d&rsquo;\u00eatre une journ\u00e9e pleine de musique, de culture et de divertissement.<\/p>\n\n<h3 class=\"wp-block-heading\">Nouveaut\u00e9s et classiques<\/h3>\n\n<p>Le salon r\u00e9unira un large \u00e9ventail de vendeurs qui proposeront tout, des nouveaut\u00e9s aux joyaux authentiques d&rsquo;\u00e9poques r\u00e9volues. Les visiteurs pourront d\u00e9couvrir une grande vari\u00e9t\u00e9 de formats, notamment des microsillons, des 45 tours, des disques de 10 pouces, des mixes, des CD et des cassettes. Avec une telle diversit\u00e9, il y en a pour tous les go\u00fbts, des collectionneurs chevronn\u00e9s \u00e0 ceux qui commencent tout juste \u00e0 explorer le monde du vinyle.<\/p>\n\n<h3 class=\"wp-block-heading\">Ambiance familiale et festive<\/h3>\n\n<p>Outre l&rsquo;achat et la vente de disques, l&rsquo;\u00e9v\u00e9nement sera anim\u00e9 par des DJ et des collectionneurs qui feront tourner des disques tout au long de la journ\u00e9e. L&rsquo;ambiance sera compl\u00e9t\u00e9e par la nourriture et les boissons propos\u00e9es, ce qui en fait une activit\u00e9 id\u00e9ale pour toute la famille. Et surtout, l&rsquo;entr\u00e9e est enti\u00e8rement gratuite.<\/p>\n\n<figure class=\"wp-block-gallery has-nested-images columns-default is-cropped wp-block-gallery-1 is-layout-flex wp-block-gallery-is-layout-flex\">\n<figure class=\"wp-block-image size-large\"><img loading=\"lazy\" decoding=\"async\" width=\"819\" height=\"1024\" data-id=\"18615\" src=\"https:\/\/www.sensorialsunsets.com\/wp-content\/uploads\/2024\/08\/358169439_998195424703968_6425911977010804469_n-2-819x1024.jpg\" alt=\"Profitez du march&#xE9; culturel du disque vinyle &#xE0; San Jos&#xE9; : musique, culture et collection le 1er septembre, entr&#xE9;e gratuite !\" class=\"wp-image-18615\" srcset=\"https:\/\/www.sensorialsunsets.com\/wp-content\/uploads\/2024\/08\/358169439_998195424703968_6425911977010804469_n-2-819x1024.jpg 819w, https:\/\/www.sensorialsunsets.com\/wp-content\/uploads\/2024\/08\/358169439_998195424703968_6425911977010804469_n-2-240x300.jpg 240w, https:\/\/www.sensorialsunsets.com\/wp-content\/uploads\/2024\/08\/358169439_998195424703968_6425911977010804469_n-2-768x960.jpg 768w, https:\/\/www.sensorialsunsets.com\/wp-content\/uploads\/2024\/08\/358169439_998195424703968_6425911977010804469_n-2.jpg 1080w\" sizes=\"auto, (max-width: 819px) 100vw, 819px\" \/><figcaption class=\"wp-element-caption\">Instagram<\/figcaption><\/figure>\n\n\n\n<figure class=\"wp-block-image size-large\"><img loading=\"lazy\" decoding=\"async\" width=\"1024\" height=\"1024\" data-id=\"18602\" src=\"https:\/\/www.sensorialsunsets.com\/wp-content\/uploads\/2024\/08\/456210533_491217083542450_3182498396842585840_n-1024x1024.jpg\" alt=\"Profitez du march&#xE9; culturel du disque vinyle &#xE0; San Jos&#xE9; : musique, culture et collection le 1er septembre, entr&#xE9;e gratuite !\" class=\"wp-image-18602\" srcset=\"https:\/\/www.sensorialsunsets.com\/wp-content\/uploads\/2024\/08\/456210533_491217083542450_3182498396842585840_n-1024x1024.jpg 1024w, https:\/\/www.sensorialsunsets.com\/wp-content\/uploads\/2024\/08\/456210533_491217083542450_3182498396842585840_n-300x300.jpg 300w, https:\/\/www.sensorialsunsets.com\/wp-content\/uploads\/2024\/08\/456210533_491217083542450_3182498396842585840_n-150x150.jpg 150w, https:\/\/www.sensorialsunsets.com\/wp-content\/uploads\/2024\/08\/456210533_491217083542450_3182498396842585840_n-768x768.jpg 768w, https:\/\/www.sensorialsunsets.com\/wp-content\/uploads\/2024\/08\/456210533_491217083542450_3182498396842585840_n-50x50.jpg 50w, https:\/\/www.sensorialsunsets.com\/wp-content\/uploads\/2024\/08\/456210533_491217083542450_3182498396842585840_n-117x117.jpg 117w, https:\/\/www.sensorialsunsets.com\/wp-content\/uploads\/2024\/08\/456210533_491217083542450_3182498396842585840_n.jpg 1080w\" sizes=\"auto, (max-width: 1024px) 100vw, 1024px\" \/><figcaption class=\"wp-element-caption\">Source : Instagram<\/figcaption><\/figure>\n\n\n\n<figure class=\"wp-block-image size-large\"><img loading=\"lazy\" decoding=\"async\" width=\"1024\" height=\"1024\" data-id=\"18608\" src=\"https:\/\/www.sensorialsunsets.com\/wp-content\/uploads\/2024\/08\/445339764_1504553590416581_2547544850253989404_n-1024x1024.jpg\" alt=\"Profitez du march&#xE9; culturel du disque vinyle &#xE0; San Jos&#xE9; : musique, culture et collection le 1er septembre, entr&#xE9;e gratuite !\" class=\"wp-image-18608\" srcset=\"https:\/\/www.sensorialsunsets.com\/wp-content\/uploads\/2024\/08\/445339764_1504553590416581_2547544850253989404_n-1024x1024.jpg 1024w, https:\/\/www.sensorialsunsets.com\/wp-content\/uploads\/2024\/08\/445339764_1504553590416581_2547544850253989404_n-300x300.jpg 300w, https:\/\/www.sensorialsunsets.com\/wp-content\/uploads\/2024\/08\/445339764_1504553590416581_2547544850253989404_n-150x150.jpg 150w, https:\/\/www.sensorialsunsets.com\/wp-content\/uploads\/2024\/08\/445339764_1504553590416581_2547544850253989404_n-768x768.jpg 768w, https:\/\/www.sensorialsunsets.com\/wp-content\/uploads\/2024\/08\/445339764_1504553590416581_2547544850253989404_n-50x50.jpg 50w, https:\/\/www.sensorialsunsets.com\/wp-content\/uploads\/2024\/08\/445339764_1504553590416581_2547544850253989404_n-117x117.jpg 117w, https:\/\/www.sensorialsunsets.com\/wp-content\/uploads\/2024\/08\/445339764_1504553590416581_2547544850253989404_n.jpg 1080w\" sizes=\"auto, (max-width: 1024px) 100vw, 1024px\" \/><figcaption class=\"wp-element-caption\">Instagram<\/figcaption><\/figure>\n<\/figure>\n\n<h3 class=\"wp-block-heading\">Un \u00e9v\u00e9nement historique<\/h3>\n\n<p>Le march\u00e9 culturel du disque vinyle n&rsquo;est pas seulement un \u00e9v\u00e9nement, mais une tradition. Depuis sa premi\u00e8re \u00e9dition, il a gagn\u00e9 en popularit\u00e9, devenant un point de rencontre pour les amateurs de musique sur support physique. L&rsquo;\u00e9v\u00e9nement est n\u00e9 d&rsquo;une volont\u00e9 de relancer l&rsquo;int\u00e9r\u00eat pour le vinyle \u00e0 une \u00e9poque o\u00f9 ce format \u00e9tait en d\u00e9clin. Au fil du temps, la foire a \u00e9volu\u00e9, int\u00e9grant non seulement le vinyle, mais aussi d&rsquo;autres formats de musique analogique, et attirant un public diversifi\u00e9 compos\u00e9 \u00e0 la fois de nostalgiques et de nouvelles g\u00e9n\u00e9rations.<\/p>\n\n<p><strong>Sensorial Sunsets<\/strong><\/p>\n","protected":false},"excerpt":{"rendered":"<p>La date est le 1er septembre Les amateurs et collectionneurs de disques vinyles ont un rendez-vous incontournable \u00e0 San Jos\u00e9, au Costa Rica. La c\u00e9l\u00e8bre March\u00e9 culturel du disque vinyle f\u00eatera son 19e anniversaire dimanche prochain, le 1er septembre, dans l&#8217;embl\u00e9matique b\u00e2timent Steinvorth, situ\u00e9 au c\u0153ur de la ville. L&rsquo;\u00e9v\u00e9nement se d\u00e9roulera de 10 heures [&hellip;]<\/p>\n","protected":false},"author":4,"featured_media":18594,"comment_status":"closed","ping_status":"closed","sticky":false,"template":"","format":"standard","meta":{"_acf_changed":false,"inline_featured_image":false,"_monsterinsights_skip_tracking":false,"_monsterinsights_sitenote_active":false,"_monsterinsights_sitenote_note":"","_monsterinsights_sitenote_category":0,"footnotes":""},"categories":[104],"tags":[],"class_list":["post-18625","post","type-post","status-publish","format-standard","has-post-thumbnail","hentry","category-culture-fr"],"acf":[],"yoast_head":"<!-- This site is optimized with the Yoast SEO plugin v27.4 - https:\/\/yoast.com\/product\/yoast-seo-wordpress\/ -->\n<title>March\u00e9 culturel du disque vinyle : un \u00e9v\u00e9nement incontournable pour les amateurs de vinyle - SensorialSunsets<\/title>\n<meta name=\"description\" content=\"Profitez du march\u00e9 culturel du disque vinyle \u00e0 San Jos\u00e9 : musique, culture et collection le 1er septembre, entr\u00e9e gratuite !\" \/>\n<meta name=\"robots\" content=\"index, follow, max-snippet:-1, max-image-preview:large, max-video-preview:-1\" \/>\n<link rel=\"canonical\" href=\"https:\/\/www.sensorialsunsets.com\/fr\/marche-culturel-du-disque-vinyle-un-evenement-incontournable-pour-les-amateurs-de-vinyle\/\" \/>\n<meta property=\"og:locale\" content=\"fr_FR\" \/>\n<meta property=\"og:type\" content=\"article\" \/>\n<meta property=\"og:title\" content=\"March\u00e9 culturel du disque vinyle : un \u00e9v\u00e9nement incontournable pour les amateurs de vinyle - SensorialSunsets\" \/>\n<meta property=\"og:description\" content=\"Profitez du march\u00e9 culturel du disque vinyle \u00e0 San Jos\u00e9 : musique, culture et collection le 1er septembre, entr\u00e9e gratuite !\" \/>\n<meta property=\"og:url\" content=\"https:\/\/www.sensorialsunsets.com\/fr\/marche-culturel-du-disque-vinyle-un-evenement-incontournable-pour-les-amateurs-de-vinyle\/\" \/>\n<meta property=\"og:site_name\" content=\"SensorialSunsets\" \/>\n<meta property=\"article:publisher\" content=\"https:\/\/www.facebook.com\/Sensorial-Sunsets-109180614715562\" \/>\n<meta property=\"article:published_time\" content=\"2024-08-28T22:52:17+00:00\" \/>\n<meta property=\"article:modified_time\" content=\"2024-08-28T22:54:19+00:00\" \/>\n<meta property=\"og:image\" content=\"https:\/\/www.sensorialsunsets.com\/wp-content\/uploads\/2024\/08\/Feria-Cultural-del-Disco-de-Vinilo-Sensorial-Sunsets.png\" \/>\n\t<meta property=\"og:image:width\" content=\"840\" \/>\n\t<meta property=\"og:image:height\" content=\"350\" \/>\n\t<meta property=\"og:image:type\" content=\"image\/png\" \/>\n<meta name=\"author\" content=\"Sensorial Sunsets\" \/>\n<meta name=\"twitter:card\" content=\"summary_large_image\" \/>\n<meta name=\"twitter:label1\" content=\"\u00c9crit par\" \/>\n\t<meta name=\"twitter:data1\" content=\"Sensorial Sunsets\" \/>\n\t<meta name=\"twitter:label2\" content=\"Dur\u00e9e de lecture estim\u00e9e\" \/>\n\t<meta name=\"twitter:data2\" content=\"2 minutes\" \/>\n<script type=\"application\/ld+json\" class=\"yoast-schema-graph\">{\"@context\":\"https:\\\/\\\/schema.org\",\"@graph\":[{\"@type\":\"Article\",\"@id\":\"https:\\\/\\\/www.sensorialsunsets.com\\\/fr\\\/marche-culturel-du-disque-vinyle-un-evenement-incontournable-pour-les-amateurs-de-vinyle\\\/#article\",\"isPartOf\":{\"@id\":\"https:\\\/\\\/www.sensorialsunsets.com\\\/fr\\\/marche-culturel-du-disque-vinyle-un-evenement-incontournable-pour-les-amateurs-de-vinyle\\\/\"},\"author\":{\"name\":\"Sensorial Sunsets\",\"@id\":\"https:\\\/\\\/www.sensorialsunsets.com\\\/fr\\\/#\\\/schema\\\/person\\\/77e2fa594135aa94024c47e281d8a94d\"},\"headline\":\"March\u00e9 culturel du disque vinyle : un \u00e9v\u00e9nement incontournable pour les amateurs de vinyle\",\"datePublished\":\"2024-08-28T22:52:17+00:00\",\"dateModified\":\"2024-08-28T22:54:19+00:00\",\"mainEntityOfPage\":{\"@id\":\"https:\\\/\\\/www.sensorialsunsets.com\\\/fr\\\/marche-culturel-du-disque-vinyle-un-evenement-incontournable-pour-les-amateurs-de-vinyle\\\/\"},\"wordCount\":356,\"publisher\":{\"@id\":\"https:\\\/\\\/www.sensorialsunsets.com\\\/fr\\\/#organization\"},\"image\":{\"@id\":\"https:\\\/\\\/www.sensorialsunsets.com\\\/fr\\\/marche-culturel-du-disque-vinyle-un-evenement-incontournable-pour-les-amateurs-de-vinyle\\\/#primaryimage\"},\"thumbnailUrl\":\"https:\\\/\\\/www.sensorialsunsets.com\\\/wp-content\\\/uploads\\\/2024\\\/08\\\/Feria-Cultural-del-Disco-de-Vinilo-Sensorial-Sunsets.png\",\"articleSection\":[\"Culture\"],\"inLanguage\":\"fr-FR\"},{\"@type\":\"WebPage\",\"@id\":\"https:\\\/\\\/www.sensorialsunsets.com\\\/fr\\\/marche-culturel-du-disque-vinyle-un-evenement-incontournable-pour-les-amateurs-de-vinyle\\\/\",\"url\":\"https:\\\/\\\/www.sensorialsunsets.com\\\/fr\\\/marche-culturel-du-disque-vinyle-un-evenement-incontournable-pour-les-amateurs-de-vinyle\\\/\",\"name\":\"March\u00e9 culturel du disque vinyle : un \u00e9v\u00e9nement incontournable pour les amateurs de vinyle - SensorialSunsets\",\"isPartOf\":{\"@id\":\"https:\\\/\\\/www.sensorialsunsets.com\\\/fr\\\/#website\"},\"primaryImageOfPage\":{\"@id\":\"https:\\\/\\\/www.sensorialsunsets.com\\\/fr\\\/marche-culturel-du-disque-vinyle-un-evenement-incontournable-pour-les-amateurs-de-vinyle\\\/#primaryimage\"},\"image\":{\"@id\":\"https:\\\/\\\/www.sensorialsunsets.com\\\/fr\\\/marche-culturel-du-disque-vinyle-un-evenement-incontournable-pour-les-amateurs-de-vinyle\\\/#primaryimage\"},\"thumbnailUrl\":\"https:\\\/\\\/www.sensorialsunsets.com\\\/wp-content\\\/uploads\\\/2024\\\/08\\\/Feria-Cultural-del-Disco-de-Vinilo-Sensorial-Sunsets.png\",\"datePublished\":\"2024-08-28T22:52:17+00:00\",\"dateModified\":\"2024-08-28T22:54:19+00:00\",\"description\":\"Profitez du march\u00e9 culturel du disque vinyle \u00e0 San Jos\u00e9 : musique, culture et collection le 1er septembre, entr\u00e9e gratuite !\",\"inLanguage\":\"fr-FR\",\"potentialAction\":[{\"@type\":\"ReadAction\",\"target\":[\"https:\\\/\\\/www.sensorialsunsets.com\\\/fr\\\/marche-culturel-du-disque-vinyle-un-evenement-incontournable-pour-les-amateurs-de-vinyle\\\/\"]}]},{\"@type\":\"ImageObject\",\"inLanguage\":\"fr-FR\",\"@id\":\"https:\\\/\\\/www.sensorialsunsets.com\\\/fr\\\/marche-culturel-du-disque-vinyle-un-evenement-incontournable-pour-les-amateurs-de-vinyle\\\/#primaryimage\",\"url\":\"https:\\\/\\\/www.sensorialsunsets.com\\\/wp-content\\\/uploads\\\/2024\\\/08\\\/Feria-Cultural-del-Disco-de-Vinilo-Sensorial-Sunsets.png\",\"contentUrl\":\"https:\\\/\\\/www.sensorialsunsets.com\\\/wp-content\\\/uploads\\\/2024\\\/08\\\/Feria-Cultural-del-Disco-de-Vinilo-Sensorial-Sunsets.png\",\"width\":840,\"height\":350,\"caption\":\"Disfruta la Feria Cultural del Disco de Vinilo en San Jos\u00e9: m\u00fasica, cultura, y coleccionismo el 1 de septiembre. \u00a1Entrada gratis!\"},{\"@type\":\"WebSite\",\"@id\":\"https:\\\/\\\/www.sensorialsunsets.com\\\/fr\\\/#website\",\"url\":\"https:\\\/\\\/www.sensorialsunsets.com\\\/fr\\\/\",\"name\":\"SensorialSunsets.com\",\"description\":\"D\u00e9couvrez la culture et la soci\u00e9t\u00e9 du Costa Rica sur notre blog. Explorez des articles captivants et partagez le contenu.\",\"publisher\":{\"@id\":\"https:\\\/\\\/www.sensorialsunsets.com\\\/fr\\\/#organization\"},\"alternateName\":\"Costa Rica Live Blog\",\"potentialAction\":[{\"@type\":\"SearchAction\",\"target\":{\"@type\":\"EntryPoint\",\"urlTemplate\":\"https:\\\/\\\/www.sensorialsunsets.com\\\/fr\\\/?s={search_term_string}\"},\"query-input\":{\"@type\":\"PropertyValueSpecification\",\"valueRequired\":true,\"valueName\":\"search_term_string\"}}],\"inLanguage\":\"fr-FR\"},{\"@type\":\"Organization\",\"@id\":\"https:\\\/\\\/www.sensorialsunsets.com\\\/fr\\\/#organization\",\"name\":\"SensorialSunsets\",\"url\":\"https:\\\/\\\/www.sensorialsunsets.com\\\/fr\\\/\",\"logo\":{\"@type\":\"ImageObject\",\"inLanguage\":\"fr-FR\",\"@id\":\"https:\\\/\\\/www.sensorialsunsets.com\\\/fr\\\/#\\\/schema\\\/logo\\\/image\\\/\",\"url\":\"https:\\\/\\\/www.sensorialsunsets.com\\\/wp-content\\\/uploads\\\/2023\\\/04\\\/Logo_base_line_fond_clair.svg\",\"contentUrl\":\"https:\\\/\\\/www.sensorialsunsets.com\\\/wp-content\\\/uploads\\\/2023\\\/04\\\/Logo_base_line_fond_clair.svg\",\"width\":\"1024\",\"height\":\"1024\",\"caption\":\"SensorialSunsets\"},\"image\":{\"@id\":\"https:\\\/\\\/www.sensorialsunsets.com\\\/fr\\\/#\\\/schema\\\/logo\\\/image\\\/\"},\"sameAs\":[\"https:\\\/\\\/www.facebook.com\\\/Sensorial-Sunsets-109180614715562\",\"https:\\\/\\\/www.instagram.com\\\/sensorialsunsets\\\/\"]},{\"@type\":\"Person\",\"@id\":\"https:\\\/\\\/www.sensorialsunsets.com\\\/fr\\\/#\\\/schema\\\/person\\\/77e2fa594135aa94024c47e281d8a94d\",\"name\":\"Sensorial Sunsets\",\"image\":{\"@type\":\"ImageObject\",\"inLanguage\":\"fr-FR\",\"@id\":\"https:\\\/\\\/secure.gravatar.com\\\/avatar\\\/5f2d62681b1dad94c28f1500d4fc75582acdfd32b55fd1acce0a36a3c487eabe?s=96&d=mm&r=g\",\"url\":\"https:\\\/\\\/secure.gravatar.com\\\/avatar\\\/5f2d62681b1dad94c28f1500d4fc75582acdfd32b55fd1acce0a36a3c487eabe?s=96&d=mm&r=g\",\"contentUrl\":\"https:\\\/\\\/secure.gravatar.com\\\/avatar\\\/5f2d62681b1dad94c28f1500d4fc75582acdfd32b55fd1acce0a36a3c487eabe?s=96&d=mm&r=g\",\"caption\":\"Sensorial Sunsets\"},\"url\":\"https:\\\/\\\/www.sensorialsunsets.com\\\/fr\\\/author\\\/asistentes-sensorial-sunsets\\\/\"}]}<\/script>\n<!-- \/ Yoast SEO plugin. -->","yoast_head_json":{"title":"March\u00e9 culturel du disque vinyle : un \u00e9v\u00e9nement incontournable pour les amateurs de vinyle - SensorialSunsets","description":"Profitez du march\u00e9 culturel du disque vinyle \u00e0 San Jos\u00e9 : musique, culture et collection le 1er septembre, entr\u00e9e gratuite !","robots":{"index":"index","follow":"follow","max-snippet":"max-snippet:-1","max-image-preview":"max-image-preview:large","max-video-preview":"max-video-preview:-1"},"canonical":"https:\/\/www.sensorialsunsets.com\/fr\/marche-culturel-du-disque-vinyle-un-evenement-incontournable-pour-les-amateurs-de-vinyle\/","og_locale":"fr_FR","og_type":"article","og_title":"March\u00e9 culturel du disque vinyle : un \u00e9v\u00e9nement incontournable pour les amateurs de vinyle - SensorialSunsets","og_description":"Profitez du march\u00e9 culturel du disque vinyle \u00e0 San Jos\u00e9 : musique, culture et collection le 1er septembre, entr\u00e9e gratuite !","og_url":"https:\/\/www.sensorialsunsets.com\/fr\/marche-culturel-du-disque-vinyle-un-evenement-incontournable-pour-les-amateurs-de-vinyle\/","og_site_name":"SensorialSunsets","article_publisher":"https:\/\/www.facebook.com\/Sensorial-Sunsets-109180614715562","article_published_time":"2024-08-28T22:52:17+00:00","article_modified_time":"2024-08-28T22:54:19+00:00","og_image":[{"width":840,"height":350,"url":"https:\/\/www.sensorialsunsets.com\/wp-content\/uploads\/2024\/08\/Feria-Cultural-del-Disco-de-Vinilo-Sensorial-Sunsets.png","type":"image\/png"}],"author":"Sensorial Sunsets","twitter_card":"summary_large_image","twitter_misc":{"\u00c9crit par":"Sensorial Sunsets","Dur\u00e9e de lecture estim\u00e9e":"2 minutes"},"schema":{"@context":"https:\/\/schema.org","@graph":[{"@type":"Article","@id":"https:\/\/www.sensorialsunsets.com\/fr\/marche-culturel-du-disque-vinyle-un-evenement-incontournable-pour-les-amateurs-de-vinyle\/#article","isPartOf":{"@id":"https:\/\/www.sensorialsunsets.com\/fr\/marche-culturel-du-disque-vinyle-un-evenement-incontournable-pour-les-amateurs-de-vinyle\/"},"author":{"name":"Sensorial Sunsets","@id":"https:\/\/www.sensorialsunsets.com\/fr\/#\/schema\/person\/77e2fa594135aa94024c47e281d8a94d"},"headline":"March\u00e9 culturel du disque vinyle : un \u00e9v\u00e9nement incontournable pour les amateurs de vinyle","datePublished":"2024-08-28T22:52:17+00:00","dateModified":"2024-08-28T22:54:19+00:00","mainEntityOfPage":{"@id":"https:\/\/www.sensorialsunsets.com\/fr\/marche-culturel-du-disque-vinyle-un-evenement-incontournable-pour-les-amateurs-de-vinyle\/"},"wordCount":356,"publisher":{"@id":"https:\/\/www.sensorialsunsets.com\/fr\/#organization"},"image":{"@id":"https:\/\/www.sensorialsunsets.com\/fr\/marche-culturel-du-disque-vinyle-un-evenement-incontournable-pour-les-amateurs-de-vinyle\/#primaryimage"},"thumbnailUrl":"https:\/\/www.sensorialsunsets.com\/wp-content\/uploads\/2024\/08\/Feria-Cultural-del-Disco-de-Vinilo-Sensorial-Sunsets.png","articleSection":["Culture"],"inLanguage":"fr-FR"},{"@type":"WebPage","@id":"https:\/\/www.sensorialsunsets.com\/fr\/marche-culturel-du-disque-vinyle-un-evenement-incontournable-pour-les-amateurs-de-vinyle\/","url":"https:\/\/www.sensorialsunsets.com\/fr\/marche-culturel-du-disque-vinyle-un-evenement-incontournable-pour-les-amateurs-de-vinyle\/","name":"March\u00e9 culturel du disque vinyle : un \u00e9v\u00e9nement incontournable pour les amateurs de vinyle - SensorialSunsets","isPartOf":{"@id":"https:\/\/www.sensorialsunsets.com\/fr\/#website"},"primaryImageOfPage":{"@id":"https:\/\/www.sensorialsunsets.com\/fr\/marche-culturel-du-disque-vinyle-un-evenement-incontournable-pour-les-amateurs-de-vinyle\/#primaryimage"},"image":{"@id":"https:\/\/www.sensorialsunsets.com\/fr\/marche-culturel-du-disque-vinyle-un-evenement-incontournable-pour-les-amateurs-de-vinyle\/#primaryimage"},"thumbnailUrl":"https:\/\/www.sensorialsunsets.com\/wp-content\/uploads\/2024\/08\/Feria-Cultural-del-Disco-de-Vinilo-Sensorial-Sunsets.png","datePublished":"2024-08-28T22:52:17+00:00","dateModified":"2024-08-28T22:54:19+00:00","description":"Profitez du march\u00e9 culturel du disque vinyle \u00e0 San Jos\u00e9 : musique, culture et collection le 1er septembre, entr\u00e9e gratuite !","inLanguage":"fr-FR","potentialAction":[{"@type":"ReadAction","target":["https:\/\/www.sensorialsunsets.com\/fr\/marche-culturel-du-disque-vinyle-un-evenement-incontournable-pour-les-amateurs-de-vinyle\/"]}]},{"@type":"ImageObject","inLanguage":"fr-FR","@id":"https:\/\/www.sensorialsunsets.com\/fr\/marche-culturel-du-disque-vinyle-un-evenement-incontournable-pour-les-amateurs-de-vinyle\/#primaryimage","url":"https:\/\/www.sensorialsunsets.com\/wp-content\/uploads\/2024\/08\/Feria-Cultural-del-Disco-de-Vinilo-Sensorial-Sunsets.png","contentUrl":"https:\/\/www.sensorialsunsets.com\/wp-content\/uploads\/2024\/08\/Feria-Cultural-del-Disco-de-Vinilo-Sensorial-Sunsets.png","width":840,"height":350,"caption":"Disfruta la Feria Cultural del Disco de Vinilo en San Jos\u00e9: m\u00fasica, cultura, y coleccionismo el 1 de septiembre. \u00a1Entrada gratis!"},{"@type":"WebSite","@id":"https:\/\/www.sensorialsunsets.com\/fr\/#website","url":"https:\/\/www.sensorialsunsets.com\/fr\/","name":"SensorialSunsets.com","description":"D\u00e9couvrez la culture et la soci\u00e9t\u00e9 du Costa Rica sur notre blog. Explorez des articles captivants et partagez le contenu.","publisher":{"@id":"https:\/\/www.sensorialsunsets.com\/fr\/#organization"},"alternateName":"Costa Rica Live Blog","potentialAction":[{"@type":"SearchAction","target":{"@type":"EntryPoint","urlTemplate":"https:\/\/www.sensorialsunsets.com\/fr\/?s={search_term_string}"},"query-input":{"@type":"PropertyValueSpecification","valueRequired":true,"valueName":"search_term_string"}}],"inLanguage":"fr-FR"},{"@type":"Organization","@id":"https:\/\/www.sensorialsunsets.com\/fr\/#organization","name":"SensorialSunsets","url":"https:\/\/www.sensorialsunsets.com\/fr\/","logo":{"@type":"ImageObject","inLanguage":"fr-FR","@id":"https:\/\/www.sensorialsunsets.com\/fr\/#\/schema\/logo\/image\/","url":"https:\/\/www.sensorialsunsets.com\/wp-content\/uploads\/2023\/04\/Logo_base_line_fond_clair.svg","contentUrl":"https:\/\/www.sensorialsunsets.com\/wp-content\/uploads\/2023\/04\/Logo_base_line_fond_clair.svg","width":"1024","height":"1024","caption":"SensorialSunsets"},"image":{"@id":"https:\/\/www.sensorialsunsets.com\/fr\/#\/schema\/logo\/image\/"},"sameAs":["https:\/\/www.facebook.com\/Sensorial-Sunsets-109180614715562","https:\/\/www.instagram.com\/sensorialsunsets\/"]},{"@type":"Person","@id":"https:\/\/www.sensorialsunsets.com\/fr\/#\/schema\/person\/77e2fa594135aa94024c47e281d8a94d","name":"Sensorial Sunsets","image":{"@type":"ImageObject","inLanguage":"fr-FR","@id":"https:\/\/secure.gravatar.com\/avatar\/5f2d62681b1dad94c28f1500d4fc75582acdfd32b55fd1acce0a36a3c487eabe?s=96&d=mm&r=g","url":"https:\/\/secure.gravatar.com\/avatar\/5f2d62681b1dad94c28f1500d4fc75582acdfd32b55fd1acce0a36a3c487eabe?s=96&d=mm&r=g","contentUrl":"https:\/\/secure.gravatar.com\/avatar\/5f2d62681b1dad94c28f1500d4fc75582acdfd32b55fd1acce0a36a3c487eabe?s=96&d=mm&r=g","caption":"Sensorial Sunsets"},"url":"https:\/\/www.sensorialsunsets.com\/fr\/author\/asistentes-sensorial-sunsets\/"}]}},"_links":{"self":[{"href":"https:\/\/www.sensorialsunsets.com\/fr\/wp-json\/wp\/v2\/posts\/18625","targetHints":{"allow":["GET"]}}],"collection":[{"href":"https:\/\/www.sensorialsunsets.com\/fr\/wp-json\/wp\/v2\/posts"}],"about":[{"href":"https:\/\/www.sensorialsunsets.com\/fr\/wp-json\/wp\/v2\/types\/post"}],"author":[{"embeddable":true,"href":"https:\/\/www.sensorialsunsets.com\/fr\/wp-json\/wp\/v2\/users\/4"}],"replies":[{"embeddable":true,"href":"https:\/\/www.sensorialsunsets.com\/fr\/wp-json\/wp\/v2\/comments?post=18625"}],"version-history":[{"count":0,"href":"https:\/\/www.sensorialsunsets.com\/fr\/wp-json\/wp\/v2\/posts\/18625\/revisions"}],"wp:featuredmedia":[{"embeddable":true,"href":"https:\/\/www.sensorialsunsets.com\/fr\/wp-json\/wp\/v2\/media\/18594"}],"wp:attachment":[{"href":"https:\/\/www.sensorialsunsets.com\/fr\/wp-json\/wp\/v2\/media?parent=18625"}],"wp:term":[{"taxonomy":"category","embeddable":true,"href":"https:\/\/www.sensorialsunsets.com\/fr\/wp-json\/wp\/v2\/categories?post=18625"},{"taxonomy":"post_tag","embeddable":true,"href":"https:\/\/www.sensorialsunsets.com\/fr\/wp-json\/wp\/v2\/tags?post=18625"}],"curies":[{"name":"wp","href":"https:\/\/api.w.org\/{rel}","templated":true}]}}