{"id":18713,"date":"2024-09-06T15:27:12","date_gmt":"2024-09-06T21:27:12","guid":{"rendered":"https:\/\/www.sensorialsunsets.com\/?p=18713"},"modified":"2024-09-06T15:27:12","modified_gmt":"2024-09-06T21:27:12","slug":"musee-de-lor-precolombien-un-voyage-interactif-dans-le-passe-et-le-present-des-cultures-indigenes","status":"publish","type":"post","link":"https:\/\/www.sensorialsunsets.com\/fr\/musee-de-lor-precolombien-un-voyage-interactif-dans-le-passe-et-le-present-des-cultures-indigenes\/","title":{"rendered":"Mus\u00e9e de l&rsquo;or pr\u00e9colombien : un voyage interactif dans le pass\u00e9 et le pr\u00e9sent des cultures indig\u00e8nes"},"content":{"rendered":"\n<p>Le mus\u00e9e de l&rsquo;or pr\u00e9colombien a entam\u00e9 un processus de r\u00e9novation en profondeur, en int\u00e9grant les recherches arch\u00e9ologiques les plus r\u00e9centes et en utilisant des ressources didactiques interactives. La proposition vise \u00e0 cr\u00e9er un lien entre<a href=\"\u00ab\" https:=\"\"> le pass\u00e9 et le pr\u00e9sent<\/a>, en soulignant la dimension humaine des expositions.<\/p>\n\n\n\n<h3 class=\"wp-block-heading\">Approche humaine et culturelle<\/h3>\n\n\n\n<p>L&rsquo;objectif principal de la nouvelle proposition de mus\u00e9e est de souligner le lien entre les civilisations anciennes et le pr\u00e9sent. Il s&rsquo;agit de r\u00e9fl\u00e9chir \u00e0 la mani\u00e8re dont les premiers colons sont arriv\u00e9s sur le territoire qui est aujourd&rsquo;hui le n\u00f4tre et \u00e0 la r\u00e9alit\u00e9 v\u00e9cue par les descendants des peuples. Ce voyage permet de mieux comprendre les objets et leur signification historique.<\/p>\n\n\n\n<figure class=\"wp-block-gallery has-nested-images columns-default is-cropped wp-block-gallery-1 is-layout-flex wp-block-gallery-is-layout-flex\">\n<figure class=\"wp-block-image size-large\"><img loading=\"lazy\" decoding=\"async\" width=\"1024\" height=\"423\" data-id=\"18704\" src=\"https:\/\/www.sensorialsunsets.com\/wp-content\/uploads\/2024\/09\/slider-principal_9-min-1024x423.png\" alt=\"Le mus\u00e9e de l'or pr\u00e9colombien\" class=\"wp-image-18704\" srcset=\"https:\/\/www.sensorialsunsets.com\/wp-content\/uploads\/2024\/09\/slider-principal_9-min-1024x423.png 1024w, https:\/\/www.sensorialsunsets.com\/wp-content\/uploads\/2024\/09\/slider-principal_9-min-300x124.png 300w, https:\/\/www.sensorialsunsets.com\/wp-content\/uploads\/2024\/09\/slider-principal_9-min-768x318.png 768w, https:\/\/www.sensorialsunsets.com\/wp-content\/uploads\/2024\/09\/slider-principal_9-min-1536x635.png 1536w, https:\/\/www.sensorialsunsets.com\/wp-content\/uploads\/2024\/09\/slider-principal_9-min-1320x546.png 1320w, https:\/\/www.sensorialsunsets.com\/wp-content\/uploads\/2024\/09\/slider-principal_9-min.png 1930w\" sizes=\"auto, (max-width: 1024px) 100vw, 1024px\" \/><\/figure>\n\n\n\n<figure class=\"wp-block-image size-large\"><img loading=\"lazy\" decoding=\"async\" width=\"1024\" height=\"423\" data-id=\"18703\" src=\"https:\/\/www.sensorialsunsets.com\/wp-content\/uploads\/2024\/09\/slider-principal_10-min-1024x423.png\" alt=\"Le mus\u00e9e de l'or pr\u00e9colombien\" class=\"wp-image-18703\" srcset=\"https:\/\/www.sensorialsunsets.com\/wp-content\/uploads\/2024\/09\/slider-principal_10-min-1024x423.png 1024w, https:\/\/www.sensorialsunsets.com\/wp-content\/uploads\/2024\/09\/slider-principal_10-min-300x124.png 300w, https:\/\/www.sensorialsunsets.com\/wp-content\/uploads\/2024\/09\/slider-principal_10-min-768x318.png 768w, https:\/\/www.sensorialsunsets.com\/wp-content\/uploads\/2024\/09\/slider-principal_10-min-1536x635.png 1536w, https:\/\/www.sensorialsunsets.com\/wp-content\/uploads\/2024\/09\/slider-principal_10-min-1320x546.png 1320w, https:\/\/www.sensorialsunsets.com\/wp-content\/uploads\/2024\/09\/slider-principal_10-min.png 1930w\" sizes=\"auto, (max-width: 1024px) 100vw, 1024px\" \/><\/figure>\n<\/figure>\n\n\n\n<p>L&rsquo;exposition s&rsquo;articule autour de neuf unit\u00e9s th\u00e9matiques, allant de la migration et de l&rsquo;exploitation mini\u00e8re \u00e0 la cosmovision indig\u00e8ne. Dans chaque section, des aspects tels que la vision du genre dans les cultures ancestrales, la production m\u00e9tallurgique et l&rsquo;impact de la colonisation sont explor\u00e9s. Cette structure th\u00e9matique vise non seulement \u00e0 informer, mais aussi \u00e0 inviter les visiteurs \u00e0 r\u00e9fl\u00e9chir \u00e0 l&rsquo;intersection entre les cultures pr\u00e9colombiennes et le pr\u00e9sent.<\/p>\n\n\n\n<h3 class=\"wp-block-heading\">Le mus\u00e9e de l&rsquo;or pr\u00e9colombien : la technologie au service de l&rsquo;apprentissage interactif<\/h3>\n\n\n\n<p>Un \u00e9l\u00e9ment essentiel de la r\u00e9novation est l&rsquo;incorporation de ressources interactives qui permettent un apprentissage multisensoriel. Gr\u00e2ce \u00e0 des technologies avanc\u00e9es, les visiteurs pourront explorer les th\u00e8mes de mani\u00e8re dynamique afin de mieux comprendre les sujets expos\u00e9s.<\/p>\n\n\n\n<p>L&rsquo;\u00e9l\u00e9ment le plus innovant de la r\u00e9novation est l&rsquo;exp\u00e9rience immersive \u00e0 l&rsquo;int\u00e9rieur de la maison cosmique de Talamanca. Cet espace permet aux visiteurs d&rsquo;entrer dans la cosmovision des peuples Bribri et Cab\u00e9car gr\u00e2ce \u00e0 des animations qui repr\u00e9sentent les diff\u00e9rentes couches du cosmos, accompagn\u00e9es de la narration d&rsquo;un Bribri Aw\u00e1.<\/p>\n\n\n\n<p><strong>Sensorial Sunsets<\/strong><\/p>\n","protected":false},"excerpt":{"rendered":"<p>Le mus\u00e9e de l&rsquo;or pr\u00e9colombien a entam\u00e9 un processus de r\u00e9novation en profondeur, en int\u00e9grant les recherches arch\u00e9ologiques les plus r\u00e9centes et en utilisant des ressources didactiques interactives. La proposition vise \u00e0 cr\u00e9er un lien entre le pass\u00e9 et le pr\u00e9sent, en soulignant la dimension humaine des expositions. Approche humaine et culturelle L&rsquo;objectif principal de [&hellip;]<\/p>\n","protected":false},"author":4,"featured_media":18702,"comment_status":"closed","ping_status":"closed","sticky":false,"template":"","format":"standard","meta":{"_acf_changed":false,"inline_featured_image":false,"_monsterinsights_skip_tracking":false,"_monsterinsights_sitenote_active":false,"_monsterinsights_sitenote_note":"","_monsterinsights_sitenote_category":0,"footnotes":""},"categories":[1],"tags":[],"class_list":["post-18713","post","type-post","status-publish","format-standard","has-post-thumbnail","hentry","category-non-classifiee"],"acf":[],"yoast_head":"<!-- This site is optimized with the Yoast SEO plugin v27.4 - https:\/\/yoast.com\/product\/yoast-seo-wordpress\/ -->\n<title>Le mus\u00e9e de l&#039;or pr\u00e9colombien : cultures indig\u00e8nes<\/title>\n<meta name=\"description\" content=\"Le mus\u00e9e de l&#039;or pr\u00e9colombien, de l&#039;arch\u00e9ologie, de la technologie et de l&#039;approche humaniste offre une vision plus riche des cultures indig\u00e8nes.\" \/>\n<meta name=\"robots\" content=\"index, follow, max-snippet:-1, max-image-preview:large, max-video-preview:-1\" \/>\n<link rel=\"canonical\" href=\"https:\/\/www.sensorialsunsets.com\/fr\/musee-de-lor-precolombien-un-voyage-interactif-dans-le-passe-et-le-present-des-cultures-indigenes\/\" \/>\n<meta property=\"og:locale\" content=\"fr_FR\" \/>\n<meta property=\"og:type\" content=\"article\" \/>\n<meta property=\"og:title\" content=\"Le mus\u00e9e de l&#039;or pr\u00e9colombien : cultures indig\u00e8nes\" \/>\n<meta property=\"og:description\" content=\"Le mus\u00e9e de l&#039;or pr\u00e9colombien, de l&#039;arch\u00e9ologie, de la technologie et de l&#039;approche humaniste offre une vision plus riche des cultures indig\u00e8nes.\" \/>\n<meta property=\"og:url\" content=\"https:\/\/www.sensorialsunsets.com\/fr\/musee-de-lor-precolombien-un-voyage-interactif-dans-le-passe-et-le-present-des-cultures-indigenes\/\" \/>\n<meta property=\"og:site_name\" content=\"SensorialSunsets\" \/>\n<meta property=\"article:publisher\" content=\"https:\/\/www.facebook.com\/Sensorial-Sunsets-109180614715562\" \/>\n<meta property=\"article:published_time\" content=\"2024-09-06T21:27:12+00:00\" \/>\n<meta property=\"og:image\" content=\"https:\/\/www.sensorialsunsets.com\/wp-content\/uploads\/2024\/09\/Museo-del-Oro-Precolombino.png\" \/>\n\t<meta property=\"og:image:width\" content=\"1930\" \/>\n\t<meta property=\"og:image:height\" content=\"798\" \/>\n\t<meta property=\"og:image:type\" content=\"image\/png\" \/>\n<meta name=\"author\" content=\"Sensorial Sunsets\" \/>\n<meta name=\"twitter:card\" content=\"summary_large_image\" \/>\n<meta name=\"twitter:label1\" content=\"\u00c9crit par\" \/>\n\t<meta name=\"twitter:data1\" content=\"Sensorial Sunsets\" \/>\n\t<meta name=\"twitter:label2\" content=\"Dur\u00e9e de lecture estim\u00e9e\" \/>\n\t<meta name=\"twitter:data2\" content=\"2 minutes\" \/>\n<script type=\"application\/ld+json\" class=\"yoast-schema-graph\">{\"@context\":\"https:\\\/\\\/schema.org\",\"@graph\":[{\"@type\":\"Article\",\"@id\":\"https:\\\/\\\/www.sensorialsunsets.com\\\/fr\\\/musee-de-lor-precolombien-un-voyage-interactif-dans-le-passe-et-le-present-des-cultures-indigenes\\\/#article\",\"isPartOf\":{\"@id\":\"https:\\\/\\\/www.sensorialsunsets.com\\\/fr\\\/musee-de-lor-precolombien-un-voyage-interactif-dans-le-passe-et-le-present-des-cultures-indigenes\\\/\"},\"author\":{\"name\":\"Sensorial Sunsets\",\"@id\":\"https:\\\/\\\/www.sensorialsunsets.com\\\/fr\\\/#\\\/schema\\\/person\\\/77e2fa594135aa94024c47e281d8a94d\"},\"headline\":\"Mus\u00e9e de l&rsquo;or pr\u00e9colombien : un voyage interactif dans le pass\u00e9 et le pr\u00e9sent des cultures indig\u00e8nes\",\"datePublished\":\"2024-09-06T21:27:12+00:00\",\"mainEntityOfPage\":{\"@id\":\"https:\\\/\\\/www.sensorialsunsets.com\\\/fr\\\/musee-de-lor-precolombien-un-voyage-interactif-dans-le-passe-et-le-present-des-cultures-indigenes\\\/\"},\"wordCount\":358,\"publisher\":{\"@id\":\"https:\\\/\\\/www.sensorialsunsets.com\\\/fr\\\/#organization\"},\"image\":{\"@id\":\"https:\\\/\\\/www.sensorialsunsets.com\\\/fr\\\/musee-de-lor-precolombien-un-voyage-interactif-dans-le-passe-et-le-present-des-cultures-indigenes\\\/#primaryimage\"},\"thumbnailUrl\":\"https:\\\/\\\/www.sensorialsunsets.com\\\/wp-content\\\/uploads\\\/2024\\\/09\\\/Museo-del-Oro-Precolombino.png\",\"articleSection\":[\"Non classifi\u00e9(e)\"],\"inLanguage\":\"fr-FR\"},{\"@type\":\"WebPage\",\"@id\":\"https:\\\/\\\/www.sensorialsunsets.com\\\/fr\\\/musee-de-lor-precolombien-un-voyage-interactif-dans-le-passe-et-le-present-des-cultures-indigenes\\\/\",\"url\":\"https:\\\/\\\/www.sensorialsunsets.com\\\/fr\\\/musee-de-lor-precolombien-un-voyage-interactif-dans-le-passe-et-le-present-des-cultures-indigenes\\\/\",\"name\":\"Le mus\u00e9e de l'or pr\u00e9colombien : cultures indig\u00e8nes\",\"isPartOf\":{\"@id\":\"https:\\\/\\\/www.sensorialsunsets.com\\\/fr\\\/#website\"},\"primaryImageOfPage\":{\"@id\":\"https:\\\/\\\/www.sensorialsunsets.com\\\/fr\\\/musee-de-lor-precolombien-un-voyage-interactif-dans-le-passe-et-le-present-des-cultures-indigenes\\\/#primaryimage\"},\"image\":{\"@id\":\"https:\\\/\\\/www.sensorialsunsets.com\\\/fr\\\/musee-de-lor-precolombien-un-voyage-interactif-dans-le-passe-et-le-present-des-cultures-indigenes\\\/#primaryimage\"},\"thumbnailUrl\":\"https:\\\/\\\/www.sensorialsunsets.com\\\/wp-content\\\/uploads\\\/2024\\\/09\\\/Museo-del-Oro-Precolombino.png\",\"datePublished\":\"2024-09-06T21:27:12+00:00\",\"description\":\"Le mus\u00e9e de l'or pr\u00e9colombien, de l'arch\u00e9ologie, de la technologie et de l'approche humaniste offre une vision plus riche des cultures indig\u00e8nes.\",\"inLanguage\":\"fr-FR\",\"potentialAction\":[{\"@type\":\"ReadAction\",\"target\":[\"https:\\\/\\\/www.sensorialsunsets.com\\\/fr\\\/musee-de-lor-precolombien-un-voyage-interactif-dans-le-passe-et-le-present-des-cultures-indigenes\\\/\"]}]},{\"@type\":\"ImageObject\",\"inLanguage\":\"fr-FR\",\"@id\":\"https:\\\/\\\/www.sensorialsunsets.com\\\/fr\\\/musee-de-lor-precolombien-un-voyage-interactif-dans-le-passe-et-le-present-des-cultures-indigenes\\\/#primaryimage\",\"url\":\"https:\\\/\\\/www.sensorialsunsets.com\\\/wp-content\\\/uploads\\\/2024\\\/09\\\/Museo-del-Oro-Precolombino.png\",\"contentUrl\":\"https:\\\/\\\/www.sensorialsunsets.com\\\/wp-content\\\/uploads\\\/2024\\\/09\\\/Museo-del-Oro-Precolombino.png\",\"width\":1930,\"height\":798},{\"@type\":\"WebSite\",\"@id\":\"https:\\\/\\\/www.sensorialsunsets.com\\\/fr\\\/#website\",\"url\":\"https:\\\/\\\/www.sensorialsunsets.com\\\/fr\\\/\",\"name\":\"SensorialSunsets.com\",\"description\":\"D\u00e9couvrez la culture et la soci\u00e9t\u00e9 du Costa Rica sur notre blog. Explorez des articles captivants et partagez le contenu.\",\"publisher\":{\"@id\":\"https:\\\/\\\/www.sensorialsunsets.com\\\/fr\\\/#organization\"},\"alternateName\":\"Costa Rica Live Blog\",\"potentialAction\":[{\"@type\":\"SearchAction\",\"target\":{\"@type\":\"EntryPoint\",\"urlTemplate\":\"https:\\\/\\\/www.sensorialsunsets.com\\\/fr\\\/?s={search_term_string}\"},\"query-input\":{\"@type\":\"PropertyValueSpecification\",\"valueRequired\":true,\"valueName\":\"search_term_string\"}}],\"inLanguage\":\"fr-FR\"},{\"@type\":\"Organization\",\"@id\":\"https:\\\/\\\/www.sensorialsunsets.com\\\/fr\\\/#organization\",\"name\":\"SensorialSunsets\",\"url\":\"https:\\\/\\\/www.sensorialsunsets.com\\\/fr\\\/\",\"logo\":{\"@type\":\"ImageObject\",\"inLanguage\":\"fr-FR\",\"@id\":\"https:\\\/\\\/www.sensorialsunsets.com\\\/fr\\\/#\\\/schema\\\/logo\\\/image\\\/\",\"url\":\"https:\\\/\\\/www.sensorialsunsets.com\\\/wp-content\\\/uploads\\\/2023\\\/04\\\/Logo_base_line_fond_clair.svg\",\"contentUrl\":\"https:\\\/\\\/www.sensorialsunsets.com\\\/wp-content\\\/uploads\\\/2023\\\/04\\\/Logo_base_line_fond_clair.svg\",\"width\":\"1024\",\"height\":\"1024\",\"caption\":\"SensorialSunsets\"},\"image\":{\"@id\":\"https:\\\/\\\/www.sensorialsunsets.com\\\/fr\\\/#\\\/schema\\\/logo\\\/image\\\/\"},\"sameAs\":[\"https:\\\/\\\/www.facebook.com\\\/Sensorial-Sunsets-109180614715562\",\"https:\\\/\\\/www.instagram.com\\\/sensorialsunsets\\\/\"]},{\"@type\":\"Person\",\"@id\":\"https:\\\/\\\/www.sensorialsunsets.com\\\/fr\\\/#\\\/schema\\\/person\\\/77e2fa594135aa94024c47e281d8a94d\",\"name\":\"Sensorial Sunsets\",\"image\":{\"@type\":\"ImageObject\",\"inLanguage\":\"fr-FR\",\"@id\":\"https:\\\/\\\/secure.gravatar.com\\\/avatar\\\/5f2d62681b1dad94c28f1500d4fc75582acdfd32b55fd1acce0a36a3c487eabe?s=96&d=mm&r=g\",\"url\":\"https:\\\/\\\/secure.gravatar.com\\\/avatar\\\/5f2d62681b1dad94c28f1500d4fc75582acdfd32b55fd1acce0a36a3c487eabe?s=96&d=mm&r=g\",\"contentUrl\":\"https:\\\/\\\/secure.gravatar.com\\\/avatar\\\/5f2d62681b1dad94c28f1500d4fc75582acdfd32b55fd1acce0a36a3c487eabe?s=96&d=mm&r=g\",\"caption\":\"Sensorial Sunsets\"},\"url\":\"https:\\\/\\\/www.sensorialsunsets.com\\\/fr\\\/author\\\/asistentes-sensorial-sunsets\\\/\"}]}<\/script>\n<!-- \/ Yoast SEO plugin. -->","yoast_head_json":{"title":"Le mus\u00e9e de l'or pr\u00e9colombien : cultures indig\u00e8nes","description":"Le mus\u00e9e de l'or pr\u00e9colombien, de l'arch\u00e9ologie, de la technologie et de l'approche humaniste offre une vision plus riche des cultures indig\u00e8nes.","robots":{"index":"index","follow":"follow","max-snippet":"max-snippet:-1","max-image-preview":"max-image-preview:large","max-video-preview":"max-video-preview:-1"},"canonical":"https:\/\/www.sensorialsunsets.com\/fr\/musee-de-lor-precolombien-un-voyage-interactif-dans-le-passe-et-le-present-des-cultures-indigenes\/","og_locale":"fr_FR","og_type":"article","og_title":"Le mus\u00e9e de l'or pr\u00e9colombien : cultures indig\u00e8nes","og_description":"Le mus\u00e9e de l'or pr\u00e9colombien, de l'arch\u00e9ologie, de la technologie et de l'approche humaniste offre une vision plus riche des cultures indig\u00e8nes.","og_url":"https:\/\/www.sensorialsunsets.com\/fr\/musee-de-lor-precolombien-un-voyage-interactif-dans-le-passe-et-le-present-des-cultures-indigenes\/","og_site_name":"SensorialSunsets","article_publisher":"https:\/\/www.facebook.com\/Sensorial-Sunsets-109180614715562","article_published_time":"2024-09-06T21:27:12+00:00","og_image":[{"width":1930,"height":798,"url":"https:\/\/www.sensorialsunsets.com\/wp-content\/uploads\/2024\/09\/Museo-del-Oro-Precolombino.png","type":"image\/png"}],"author":"Sensorial Sunsets","twitter_card":"summary_large_image","twitter_misc":{"\u00c9crit par":"Sensorial Sunsets","Dur\u00e9e de lecture estim\u00e9e":"2 minutes"},"schema":{"@context":"https:\/\/schema.org","@graph":[{"@type":"Article","@id":"https:\/\/www.sensorialsunsets.com\/fr\/musee-de-lor-precolombien-un-voyage-interactif-dans-le-passe-et-le-present-des-cultures-indigenes\/#article","isPartOf":{"@id":"https:\/\/www.sensorialsunsets.com\/fr\/musee-de-lor-precolombien-un-voyage-interactif-dans-le-passe-et-le-present-des-cultures-indigenes\/"},"author":{"name":"Sensorial Sunsets","@id":"https:\/\/www.sensorialsunsets.com\/fr\/#\/schema\/person\/77e2fa594135aa94024c47e281d8a94d"},"headline":"Mus\u00e9e de l&rsquo;or pr\u00e9colombien : un voyage interactif dans le pass\u00e9 et le pr\u00e9sent des cultures indig\u00e8nes","datePublished":"2024-09-06T21:27:12+00:00","mainEntityOfPage":{"@id":"https:\/\/www.sensorialsunsets.com\/fr\/musee-de-lor-precolombien-un-voyage-interactif-dans-le-passe-et-le-present-des-cultures-indigenes\/"},"wordCount":358,"publisher":{"@id":"https:\/\/www.sensorialsunsets.com\/fr\/#organization"},"image":{"@id":"https:\/\/www.sensorialsunsets.com\/fr\/musee-de-lor-precolombien-un-voyage-interactif-dans-le-passe-et-le-present-des-cultures-indigenes\/#primaryimage"},"thumbnailUrl":"https:\/\/www.sensorialsunsets.com\/wp-content\/uploads\/2024\/09\/Museo-del-Oro-Precolombino.png","articleSection":["Non classifi\u00e9(e)"],"inLanguage":"fr-FR"},{"@type":"WebPage","@id":"https:\/\/www.sensorialsunsets.com\/fr\/musee-de-lor-precolombien-un-voyage-interactif-dans-le-passe-et-le-present-des-cultures-indigenes\/","url":"https:\/\/www.sensorialsunsets.com\/fr\/musee-de-lor-precolombien-un-voyage-interactif-dans-le-passe-et-le-present-des-cultures-indigenes\/","name":"Le mus\u00e9e de l'or pr\u00e9colombien : cultures indig\u00e8nes","isPartOf":{"@id":"https:\/\/www.sensorialsunsets.com\/fr\/#website"},"primaryImageOfPage":{"@id":"https:\/\/www.sensorialsunsets.com\/fr\/musee-de-lor-precolombien-un-voyage-interactif-dans-le-passe-et-le-present-des-cultures-indigenes\/#primaryimage"},"image":{"@id":"https:\/\/www.sensorialsunsets.com\/fr\/musee-de-lor-precolombien-un-voyage-interactif-dans-le-passe-et-le-present-des-cultures-indigenes\/#primaryimage"},"thumbnailUrl":"https:\/\/www.sensorialsunsets.com\/wp-content\/uploads\/2024\/09\/Museo-del-Oro-Precolombino.png","datePublished":"2024-09-06T21:27:12+00:00","description":"Le mus\u00e9e de l'or pr\u00e9colombien, de l'arch\u00e9ologie, de la technologie et de l'approche humaniste offre une vision plus riche des cultures indig\u00e8nes.","inLanguage":"fr-FR","potentialAction":[{"@type":"ReadAction","target":["https:\/\/www.sensorialsunsets.com\/fr\/musee-de-lor-precolombien-un-voyage-interactif-dans-le-passe-et-le-present-des-cultures-indigenes\/"]}]},{"@type":"ImageObject","inLanguage":"fr-FR","@id":"https:\/\/www.sensorialsunsets.com\/fr\/musee-de-lor-precolombien-un-voyage-interactif-dans-le-passe-et-le-present-des-cultures-indigenes\/#primaryimage","url":"https:\/\/www.sensorialsunsets.com\/wp-content\/uploads\/2024\/09\/Museo-del-Oro-Precolombino.png","contentUrl":"https:\/\/www.sensorialsunsets.com\/wp-content\/uploads\/2024\/09\/Museo-del-Oro-Precolombino.png","width":1930,"height":798},{"@type":"WebSite","@id":"https:\/\/www.sensorialsunsets.com\/fr\/#website","url":"https:\/\/www.sensorialsunsets.com\/fr\/","name":"SensorialSunsets.com","description":"D\u00e9couvrez la culture et la soci\u00e9t\u00e9 du Costa Rica sur notre blog. Explorez des articles captivants et partagez le contenu.","publisher":{"@id":"https:\/\/www.sensorialsunsets.com\/fr\/#organization"},"alternateName":"Costa Rica Live Blog","potentialAction":[{"@type":"SearchAction","target":{"@type":"EntryPoint","urlTemplate":"https:\/\/www.sensorialsunsets.com\/fr\/?s={search_term_string}"},"query-input":{"@type":"PropertyValueSpecification","valueRequired":true,"valueName":"search_term_string"}}],"inLanguage":"fr-FR"},{"@type":"Organization","@id":"https:\/\/www.sensorialsunsets.com\/fr\/#organization","name":"SensorialSunsets","url":"https:\/\/www.sensorialsunsets.com\/fr\/","logo":{"@type":"ImageObject","inLanguage":"fr-FR","@id":"https:\/\/www.sensorialsunsets.com\/fr\/#\/schema\/logo\/image\/","url":"https:\/\/www.sensorialsunsets.com\/wp-content\/uploads\/2023\/04\/Logo_base_line_fond_clair.svg","contentUrl":"https:\/\/www.sensorialsunsets.com\/wp-content\/uploads\/2023\/04\/Logo_base_line_fond_clair.svg","width":"1024","height":"1024","caption":"SensorialSunsets"},"image":{"@id":"https:\/\/www.sensorialsunsets.com\/fr\/#\/schema\/logo\/image\/"},"sameAs":["https:\/\/www.facebook.com\/Sensorial-Sunsets-109180614715562","https:\/\/www.instagram.com\/sensorialsunsets\/"]},{"@type":"Person","@id":"https:\/\/www.sensorialsunsets.com\/fr\/#\/schema\/person\/77e2fa594135aa94024c47e281d8a94d","name":"Sensorial Sunsets","image":{"@type":"ImageObject","inLanguage":"fr-FR","@id":"https:\/\/secure.gravatar.com\/avatar\/5f2d62681b1dad94c28f1500d4fc75582acdfd32b55fd1acce0a36a3c487eabe?s=96&d=mm&r=g","url":"https:\/\/secure.gravatar.com\/avatar\/5f2d62681b1dad94c28f1500d4fc75582acdfd32b55fd1acce0a36a3c487eabe?s=96&d=mm&r=g","contentUrl":"https:\/\/secure.gravatar.com\/avatar\/5f2d62681b1dad94c28f1500d4fc75582acdfd32b55fd1acce0a36a3c487eabe?s=96&d=mm&r=g","caption":"Sensorial Sunsets"},"url":"https:\/\/www.sensorialsunsets.com\/fr\/author\/asistentes-sensorial-sunsets\/"}]}},"_links":{"self":[{"href":"https:\/\/www.sensorialsunsets.com\/fr\/wp-json\/wp\/v2\/posts\/18713","targetHints":{"allow":["GET"]}}],"collection":[{"href":"https:\/\/www.sensorialsunsets.com\/fr\/wp-json\/wp\/v2\/posts"}],"about":[{"href":"https:\/\/www.sensorialsunsets.com\/fr\/wp-json\/wp\/v2\/types\/post"}],"author":[{"embeddable":true,"href":"https:\/\/www.sensorialsunsets.com\/fr\/wp-json\/wp\/v2\/users\/4"}],"replies":[{"embeddable":true,"href":"https:\/\/www.sensorialsunsets.com\/fr\/wp-json\/wp\/v2\/comments?post=18713"}],"version-history":[{"count":0,"href":"https:\/\/www.sensorialsunsets.com\/fr\/wp-json\/wp\/v2\/posts\/18713\/revisions"}],"wp:featuredmedia":[{"embeddable":true,"href":"https:\/\/www.sensorialsunsets.com\/fr\/wp-json\/wp\/v2\/media\/18702"}],"wp:attachment":[{"href":"https:\/\/www.sensorialsunsets.com\/fr\/wp-json\/wp\/v2\/media?parent=18713"}],"wp:term":[{"taxonomy":"category","embeddable":true,"href":"https:\/\/www.sensorialsunsets.com\/fr\/wp-json\/wp\/v2\/categories?post=18713"},{"taxonomy":"post_tag","embeddable":true,"href":"https:\/\/www.sensorialsunsets.com\/fr\/wp-json\/wp\/v2\/tags?post=18713"}],"curies":[{"name":"wp","href":"https:\/\/api.w.org\/{rel}","templated":true}]}}