{"id":18764,"date":"2024-09-13T15:25:15","date_gmt":"2024-09-13T21:25:15","guid":{"rendered":"https:\/\/www.sensorialsunsets.com\/?p=18764"},"modified":"2024-09-13T15:25:15","modified_gmt":"2024-09-13T21:25:15","slug":"de-la-colonie-a-la-liberte-la-fin-du-colonialisme","status":"publish","type":"post","link":"https:\/\/www.sensorialsunsets.com\/fr\/de-la-colonie-a-la-liberte-la-fin-du-colonialisme\/","title":{"rendered":"De la colonie \u00e0 la libert\u00e9 : la fin du colonialisme"},"content":{"rendered":"\n<p>La fin du colonialisme.<\/p>\n\n\n\n<p>Dans d&rsquo;autres pays, comme le Mexique et le P\u00e9rou, les Espagnols vivaient dans l&rsquo;oisivet\u00e9 gr\u00e2ce aux richesses locales et au travail des indig\u00e8nes. Au Costa Rica, en raison de l&rsquo;absence de mines, de routes, de commerce et d&rsquo;une population clairsem\u00e9e, ils \u00e9taient r\u00e9duits \u00e0 une grande pauvret\u00e9 et devaient cultiver la terre de leurs propres mains pour ne pas mourir de faim. La pauvret\u00e9 \u00e9tait telle qu&rsquo;au d\u00e9but du XVIIIe si\u00e8cle, le cacao \u00e9tait utilis\u00e9 comme monnaie d&rsquo;\u00e9change en raison de la raret\u00e9 de l&rsquo;argent.<\/p>\n\n\n\n<h3 class=\"wp-block-heading\">L&rsquo;\u00e9conomie de subsistance<\/h3>\n\n\n\n<p>En 1723, Cartago, capitale de la province, avait environ 70 maisons d\u2019adobe et de tuiles, une \u00e9glise principale, trois chapelles, sans m\u00e9decin, pharmacie ni \u00e9picerie. Cependant, il ne faut pas confondre cette pauvret\u00e9 avec la mis\u00e8re, car dans la colonie il n&rsquo;y avait pas de mis\u00e8re, et l&rsquo;on peut dire que les armoires des Costariciens n&rsquo;ont jamais \u00e9t\u00e9 aussi pleines qu&rsquo;\u00e0 cette \u00e9poque. Si \u00e0 Cartago, la capitale de la province, il n&rsquo;y avait pas d&rsquo;\u00e9picerie \u00e0 vendre, c&rsquo;est pr\u00e9cis\u00e9ment parce qu&rsquo;on n&rsquo;en avait pas besoin.<\/p>\n\n\n\n<div style=\"height:100px\" aria-hidden=\"true\" class=\"wp-block-spacer\"><\/div>\n\n\n\n<figure class=\"wp-block-gallery has-nested-images columns-default is-cropped wp-block-gallery-1 is-layout-flex wp-block-gallery-is-layout-flex\">\n<figure class=\"wp-block-image size-large\"><img loading=\"lazy\" decoding=\"async\" width=\"960\" height=\"656\" data-id=\"18749\" src=\"https:\/\/www.sensorialsunsets.com\/wp-content\/uploads\/2024\/09\/Snapinsta.app_292179498_100338166067301_7483289309033343659_n_1080.jpg\" alt=\"La fin du colonialisme.\" class=\"wp-image-18749\" srcset=\"https:\/\/www.sensorialsunsets.com\/wp-content\/uploads\/2024\/09\/Snapinsta.app_292179498_100338166067301_7483289309033343659_n_1080.jpg 960w, https:\/\/www.sensorialsunsets.com\/wp-content\/uploads\/2024\/09\/Snapinsta.app_292179498_100338166067301_7483289309033343659_n_1080-300x205.jpg 300w, https:\/\/www.sensorialsunsets.com\/wp-content\/uploads\/2024\/09\/Snapinsta.app_292179498_100338166067301_7483289309033343659_n_1080-768x525.jpg 768w\" sizes=\"auto, (max-width: 960px) 100vw, 960px\" \/><\/figure>\n\n\n\n<figure class=\"wp-block-image size-large\"><img loading=\"lazy\" decoding=\"async\" width=\"720\" height=\"488\" data-id=\"18746\" src=\"https:\/\/www.sensorialsunsets.com\/wp-content\/uploads\/2024\/09\/cartagoantiguo.jpg\" alt=\"La fin du colonialisme.\" class=\"wp-image-18746\" srcset=\"https:\/\/www.sensorialsunsets.com\/wp-content\/uploads\/2024\/09\/cartagoantiguo.jpg 720w, https:\/\/www.sensorialsunsets.com\/wp-content\/uploads\/2024\/09\/cartagoantiguo-300x203.jpg 300w\" sizes=\"auto, (max-width: 720px) 100vw, 720px\" \/><\/figure>\n<\/figure>\n\n\n\n<div style=\"height:100px\" aria-hidden=\"true\" class=\"wp-block-spacer\"><\/div>\n\n\n\n<p>Le simple fermier, produit humain de la colonie, vivait en paix et se consacrait \u00e0 la culture de son lopin de terre, qui lui fournissait du ma\u00efs, des haricots, du yucca, du bl\u00e9, du tabac, de la canne \u00e0 sucre et bien d&rsquo;autres produits n\u00e9cessaires \u00e0 sa subsistance. En outre, il poss\u00e9dait quelques t\u00eates de b\u00e9tail, des porcs et des chevaux qui lui fournissaient de la viande, du lait et des moyens de transport. Une \u00e9conomie typiquement familiale.<\/p>\n\n\n\n<p>Lorsqu&rsquo;un autre document mentionne qu&rsquo;\u00e0 Cubujuqu\u00ed, un village d&rsquo;\u00e0 peine 200 familles, il y avait plus d&rsquo;une centaine de moulins \u00e0 sucre, cela montre que chaque famille avait sa propre plantation de canne \u00e0 sucre et sa propre production de sucreries. Quant au fait qu&rsquo;\u00e0 Cartago, les maisons \u00e9taient faites d&rsquo;adobe et de tuiles, c&rsquo;\u00e9tait simplement la mode de l&rsquo;\u00e9poque. La pauvret\u00e9 dans la colonie consistait principalement en un manque de luxe, d&rsquo;argent et de progr\u00e8s. Il n&rsquo;y avait pas de routes, le commerce \u00e9tait peu important et l&rsquo;industrie presque inexistante.<\/p>\n\n\n\n<h3 class=\"wp-block-heading\"><strong>L&rsquo;impact du caf\u00e9 sur la transformation \u00e9conomique<\/strong><\/h3>\n\n\n\n<p>Au moment de l&rsquo;introduction du caf\u00e9, \u00e0 la fin <a href=\"https:\/\/www.sensorialsunsets.com\/fr\/de-la-colonie-a-la-liberte-le-costa-rica-203-ans-de-vie-independante\/\">de la colonie et au d\u00e9but de l&rsquo;ind\u00e9pendance<\/a>, le panorama du pays a chang\u00e9 du tout au tout. Avec la vente du caf\u00e9 \u00e0 l&rsquo;\u00e9tranger, l&rsquo;argent circule, et apparaissent le luxe, les soieries, les cachemires, les bijoux et les articles m\u00e9nagers. Le progr\u00e8s s&rsquo;amorce, mais en m\u00eame temps la mis\u00e8re s&rsquo;installe. Le paysan vend sa terre \u00e0 des personnes plus entreprenantes qui cr\u00e9ent de grandes plantations de caf\u00e9, devenant ouvrier ou salari\u00e9, et conna\u00eet la mis\u00e8re.<\/p>\n\n\n\n<div style=\"height:100px\" aria-hidden=\"true\" class=\"wp-block-spacer\"><\/div>\n\n\n\n<figure class=\"wp-block-gallery has-nested-images columns-default is-cropped wp-block-gallery-2 is-layout-flex wp-block-gallery-is-layout-flex\">\n<figure class=\"wp-block-image size-large\"><img loading=\"lazy\" decoding=\"async\" width=\"1000\" height=\"419\" data-id=\"18755\" src=\"https:\/\/www.sensorialsunsets.com\/wp-content\/uploads\/2024\/09\/historia01.jpg\" alt=\"La fin du colonialisme.\" class=\"wp-image-18755\" srcset=\"https:\/\/www.sensorialsunsets.com\/wp-content\/uploads\/2024\/09\/historia01.jpg 1000w, https:\/\/www.sensorialsunsets.com\/wp-content\/uploads\/2024\/09\/historia01-300x126.jpg 300w, https:\/\/www.sensorialsunsets.com\/wp-content\/uploads\/2024\/09\/historia01-768x322.jpg 768w\" sizes=\"auto, (max-width: 1000px) 100vw, 1000px\" \/><\/figure>\n\n\n\n<figure class=\"wp-block-image size-large\"><img loading=\"lazy\" decoding=\"async\" width=\"1000\" height=\"419\" data-id=\"18752\" src=\"https:\/\/www.sensorialsunsets.com\/wp-content\/uploads\/2024\/09\/exportacion.jpg\" alt=\"La fin du colonialisme.\" class=\"wp-image-18752\" srcset=\"https:\/\/www.sensorialsunsets.com\/wp-content\/uploads\/2024\/09\/exportacion.jpg 1000w, https:\/\/www.sensorialsunsets.com\/wp-content\/uploads\/2024\/09\/exportacion-300x126.jpg 300w, https:\/\/www.sensorialsunsets.com\/wp-content\/uploads\/2024\/09\/exportacion-768x322.jpg 768w\" sizes=\"auto, (max-width: 1000px) 100vw, 1000px\" \/><\/figure>\n<\/figure>\n\n\n\n<div style=\"height:100px\" aria-hidden=\"true\" class=\"wp-block-spacer\"><\/div>\n\n\n\n<p>Il est important de noter qu&rsquo;aucun mouvement de r\u00e9bellion contre le pouvoir espagnol n&rsquo;a eu lieu au Costa Rica pendant la p\u00e9riode coloniale.hy La vie \u00e9conomique faible et limit\u00e9e ne permettait pas la formation de classes puissantes pour d\u00e9fendre leurs int\u00e9r\u00eats contre les Espagnols. La propri\u00e9t\u00e9, comme nous l&rsquo;avons vu plus haut, \u00e9tait divis\u00e9e et chaque famille disposait de sa propre terre pour cultiver ce dont elle avait besoin. Cette \u00e9conomie ne permettait pas la cr\u00e9ation de grands centres urbains. Les \u00e9tablissements comme Cartago, Heredia, San Jos\u00e9 et Alajuela \u00e9taient de petits villages \u00e0 la vie simple et lente. Ces raisons expliquent pourquoi il n&rsquo;y avait pas d&rsquo;environnement propice aux pr\u00e9occupations politiques.<\/p>\n\n\n\n<h3 class=\"wp-block-heading\">La fin du colonialisme: la transition vers l&rsquo;ind\u00e9pendance<\/h3>\n\n\n\n<p>Le Costa Rica ne subit pas l&rsquo;oppression arbitraire des autorit\u00e9s espagnoles qui, ailleurs, \u00e9tait cruelle et intol\u00e9rable. Les Espagnols, malgr\u00e9 quelques pr\u00e9tentions, rest\u00e8rent discrets dans la vie coloniale, et les Cr\u00e9oles jouirent de libert\u00e9 et de tranquillit\u00e9, sans s&rsquo;int\u00e9resser au progr\u00e8s.<div class=\"mt-1 flex gap-3 empty:hidden -ml-2\"><div class=\"items-center justify-start rounded-xl p-1 flex\"><div class=\"flex items-center\"><span data-state=\"closed\" class=\"\"><\/span><\/div><\/div><\/div><\/p>\n\n\n\n<p>Nos autorit\u00e9s coloniales, surtout ces derni\u00e8res ann\u00e9es, \u00e9taient des hommes de bien, des patriarches bienveillants. Don Tom\u00e1s de Acosta a gouvern\u00e9 de 1797 \u00e0 1810. Pendant le mandat de Don Juan de Dios de Ayala, de 1810 \u00e0 1819, les habitants de San Jos\u00e9 d\u00e9cid\u00e8rent de cr\u00e9er en 1814 un centre d&rsquo;enseignement par souscription publique, connu sous le nom de Casa de Ense\u00f1anza de Santo Tom\u00e1s. Don Rafael Francisco de Osejo, originaire du Nicaragua, fut charg\u00e9 de la diriger. On y enseignait la philosophie, la grammaire, la th\u00e9ologie, la morale, la lecture et l&rsquo;\u00e9criture. Avant ce centre d&rsquo;enseignement sup\u00e9rieur, la culture rurale ne disposait que des \u00e9coles primaires avec de modestes outils d&rsquo;apprentissage : La Cartilla et El Cat\u00f3n.<\/p>\n\n\n\n<p>Voil\u00e0, d&rsquo;une mani\u00e8re g\u00e9n\u00e9rale, l&rsquo;image du pays peu avant l&rsquo;ind\u00e9pendance. Cependant, il est important de noter que les principes lib\u00e9raux de l&rsquo;\u00e9poque avaient d\u00e9j\u00e0 \u00e9t\u00e9 adopt\u00e9s par un groupe consid\u00e9rable de Costaricains qui, sans penser \u00e0 l&rsquo;ind\u00e9pendance, aspiraient au progr\u00e8s et \u00e0 la libert\u00e9.<\/p>\n","protected":false},"excerpt":{"rendered":"<p>La fin du colonialisme. Dans d&rsquo;autres pays, comme le Mexique et le P\u00e9rou, les Espagnols vivaient dans l&rsquo;oisivet\u00e9 gr\u00e2ce aux richesses locales et au travail des indig\u00e8nes. Au Costa Rica, en raison de l&rsquo;absence de mines, de routes, de commerce et d&rsquo;une population clairsem\u00e9e, ils \u00e9taient r\u00e9duits \u00e0 une grande pauvret\u00e9 et devaient cultiver la [&hellip;]<\/p>\n","protected":false},"author":4,"featured_media":18745,"comment_status":"closed","ping_status":"closed","sticky":false,"template":"","format":"standard","meta":{"_acf_changed":false,"inline_featured_image":false,"_monsterinsights_skip_tracking":false,"_monsterinsights_sitenote_active":false,"_monsterinsights_sitenote_note":"","_monsterinsights_sitenote_category":0,"footnotes":""},"categories":[100,104],"tags":[],"class_list":["post-18764","post","type-post","status-publish","format-standard","has-post-thumbnail","hentry","category-costa-rica-fr","category-culture-fr"],"acf":[],"yoast_head":"<!-- This site is optimized with the Yoast SEO plugin v27.4 - https:\/\/yoast.com\/product\/yoast-seo-wordpress\/ -->\n<title>De la colonie \u00e0 la libert\u00e9 : la fin du colonialisme - SensorialSunsets<\/title>\n<meta name=\"description\" content=\"La fin du colonialisme au Costa Rica : analyse de l&#039;\u00e9conomie de subsistance et du caf\u00e9 dans la transformation sociale avant l&#039;ind\u00e9pendance.\" \/>\n<meta name=\"robots\" content=\"index, follow, max-snippet:-1, max-image-preview:large, max-video-preview:-1\" \/>\n<link rel=\"canonical\" href=\"https:\/\/www.sensorialsunsets.com\/fr\/de-la-colonie-a-la-liberte-la-fin-du-colonialisme\/\" \/>\n<meta property=\"og:locale\" content=\"fr_FR\" \/>\n<meta property=\"og:type\" content=\"article\" \/>\n<meta property=\"og:title\" content=\"De la colonie \u00e0 la libert\u00e9 : la fin du colonialisme - SensorialSunsets\" \/>\n<meta property=\"og:description\" content=\"La fin du colonialisme au Costa Rica : analyse de l&#039;\u00e9conomie de subsistance et du caf\u00e9 dans la transformation sociale avant l&#039;ind\u00e9pendance.\" \/>\n<meta property=\"og:url\" content=\"https:\/\/www.sensorialsunsets.com\/fr\/de-la-colonie-a-la-liberte-la-fin-du-colonialisme\/\" \/>\n<meta property=\"og:site_name\" content=\"SensorialSunsets\" \/>\n<meta property=\"article:publisher\" content=\"https:\/\/www.facebook.com\/Sensorial-Sunsets-109180614715562\" \/>\n<meta property=\"article:published_time\" content=\"2024-09-13T21:25:15+00:00\" \/>\n<meta property=\"og:image\" content=\"https:\/\/www.sensorialsunsets.com\/wp-content\/uploads\/2024\/09\/ced4b67a8d33f12d9a38024a1bc91786.jpg\" \/>\n\t<meta property=\"og:image:width\" content=\"720\" \/>\n\t<meta property=\"og:image:height\" content=\"542\" \/>\n\t<meta property=\"og:image:type\" content=\"image\/jpeg\" \/>\n<meta name=\"author\" content=\"Sensorial Sunsets\" \/>\n<meta name=\"twitter:card\" content=\"summary_large_image\" \/>\n<meta name=\"twitter:label1\" content=\"\u00c9crit par\" \/>\n\t<meta name=\"twitter:data1\" content=\"Sensorial Sunsets\" \/>\n\t<meta name=\"twitter:label2\" content=\"Dur\u00e9e de lecture estim\u00e9e\" \/>\n\t<meta name=\"twitter:data2\" content=\"4 minutes\" \/>\n<script type=\"application\/ld+json\" class=\"yoast-schema-graph\">{\"@context\":\"https:\\\/\\\/schema.org\",\"@graph\":[{\"@type\":\"Article\",\"@id\":\"https:\\\/\\\/www.sensorialsunsets.com\\\/fr\\\/de-la-colonie-a-la-liberte-la-fin-du-colonialisme\\\/#article\",\"isPartOf\":{\"@id\":\"https:\\\/\\\/www.sensorialsunsets.com\\\/fr\\\/de-la-colonie-a-la-liberte-la-fin-du-colonialisme\\\/\"},\"author\":{\"name\":\"Sensorial Sunsets\",\"@id\":\"https:\\\/\\\/www.sensorialsunsets.com\\\/fr\\\/#\\\/schema\\\/person\\\/77e2fa594135aa94024c47e281d8a94d\"},\"headline\":\"De la colonie \u00e0 la libert\u00e9 : la fin du colonialisme\",\"datePublished\":\"2024-09-13T21:25:15+00:00\",\"mainEntityOfPage\":{\"@id\":\"https:\\\/\\\/www.sensorialsunsets.com\\\/fr\\\/de-la-colonie-a-la-liberte-la-fin-du-colonialisme\\\/\"},\"wordCount\":865,\"publisher\":{\"@id\":\"https:\\\/\\\/www.sensorialsunsets.com\\\/fr\\\/#organization\"},\"image\":{\"@id\":\"https:\\\/\\\/www.sensorialsunsets.com\\\/fr\\\/de-la-colonie-a-la-liberte-la-fin-du-colonialisme\\\/#primaryimage\"},\"thumbnailUrl\":\"https:\\\/\\\/www.sensorialsunsets.com\\\/wp-content\\\/uploads\\\/2024\\\/09\\\/ced4b67a8d33f12d9a38024a1bc91786.jpg\",\"articleSection\":[\"Costa Rica\",\"Culture\"],\"inLanguage\":\"fr-FR\"},{\"@type\":\"WebPage\",\"@id\":\"https:\\\/\\\/www.sensorialsunsets.com\\\/fr\\\/de-la-colonie-a-la-liberte-la-fin-du-colonialisme\\\/\",\"url\":\"https:\\\/\\\/www.sensorialsunsets.com\\\/fr\\\/de-la-colonie-a-la-liberte-la-fin-du-colonialisme\\\/\",\"name\":\"De la colonie \u00e0 la libert\u00e9 : la fin du colonialisme - SensorialSunsets\",\"isPartOf\":{\"@id\":\"https:\\\/\\\/www.sensorialsunsets.com\\\/fr\\\/#website\"},\"primaryImageOfPage\":{\"@id\":\"https:\\\/\\\/www.sensorialsunsets.com\\\/fr\\\/de-la-colonie-a-la-liberte-la-fin-du-colonialisme\\\/#primaryimage\"},\"image\":{\"@id\":\"https:\\\/\\\/www.sensorialsunsets.com\\\/fr\\\/de-la-colonie-a-la-liberte-la-fin-du-colonialisme\\\/#primaryimage\"},\"thumbnailUrl\":\"https:\\\/\\\/www.sensorialsunsets.com\\\/wp-content\\\/uploads\\\/2024\\\/09\\\/ced4b67a8d33f12d9a38024a1bc91786.jpg\",\"datePublished\":\"2024-09-13T21:25:15+00:00\",\"description\":\"La fin du colonialisme au Costa Rica : analyse de l'\u00e9conomie de subsistance et du caf\u00e9 dans la transformation sociale avant l'ind\u00e9pendance.\",\"inLanguage\":\"fr-FR\",\"potentialAction\":[{\"@type\":\"ReadAction\",\"target\":[\"https:\\\/\\\/www.sensorialsunsets.com\\\/fr\\\/de-la-colonie-a-la-liberte-la-fin-du-colonialisme\\\/\"]}]},{\"@type\":\"ImageObject\",\"inLanguage\":\"fr-FR\",\"@id\":\"https:\\\/\\\/www.sensorialsunsets.com\\\/fr\\\/de-la-colonie-a-la-liberte-la-fin-du-colonialisme\\\/#primaryimage\",\"url\":\"https:\\\/\\\/www.sensorialsunsets.com\\\/wp-content\\\/uploads\\\/2024\\\/09\\\/ced4b67a8d33f12d9a38024a1bc91786.jpg\",\"contentUrl\":\"https:\\\/\\\/www.sensorialsunsets.com\\\/wp-content\\\/uploads\\\/2024\\\/09\\\/ced4b67a8d33f12d9a38024a1bc91786.jpg\",\"width\":720,\"height\":542},{\"@type\":\"WebSite\",\"@id\":\"https:\\\/\\\/www.sensorialsunsets.com\\\/fr\\\/#website\",\"url\":\"https:\\\/\\\/www.sensorialsunsets.com\\\/fr\\\/\",\"name\":\"SensorialSunsets.com\",\"description\":\"D\u00e9couvrez la culture et la soci\u00e9t\u00e9 du Costa Rica sur notre blog. Explorez des articles captivants et partagez le contenu.\",\"publisher\":{\"@id\":\"https:\\\/\\\/www.sensorialsunsets.com\\\/fr\\\/#organization\"},\"alternateName\":\"Costa Rica Live Blog\",\"potentialAction\":[{\"@type\":\"SearchAction\",\"target\":{\"@type\":\"EntryPoint\",\"urlTemplate\":\"https:\\\/\\\/www.sensorialsunsets.com\\\/fr\\\/?s={search_term_string}\"},\"query-input\":{\"@type\":\"PropertyValueSpecification\",\"valueRequired\":true,\"valueName\":\"search_term_string\"}}],\"inLanguage\":\"fr-FR\"},{\"@type\":\"Organization\",\"@id\":\"https:\\\/\\\/www.sensorialsunsets.com\\\/fr\\\/#organization\",\"name\":\"SensorialSunsets\",\"url\":\"https:\\\/\\\/www.sensorialsunsets.com\\\/fr\\\/\",\"logo\":{\"@type\":\"ImageObject\",\"inLanguage\":\"fr-FR\",\"@id\":\"https:\\\/\\\/www.sensorialsunsets.com\\\/fr\\\/#\\\/schema\\\/logo\\\/image\\\/\",\"url\":\"https:\\\/\\\/www.sensorialsunsets.com\\\/wp-content\\\/uploads\\\/2023\\\/04\\\/Logo_base_line_fond_clair.svg\",\"contentUrl\":\"https:\\\/\\\/www.sensorialsunsets.com\\\/wp-content\\\/uploads\\\/2023\\\/04\\\/Logo_base_line_fond_clair.svg\",\"width\":\"1024\",\"height\":\"1024\",\"caption\":\"SensorialSunsets\"},\"image\":{\"@id\":\"https:\\\/\\\/www.sensorialsunsets.com\\\/fr\\\/#\\\/schema\\\/logo\\\/image\\\/\"},\"sameAs\":[\"https:\\\/\\\/www.facebook.com\\\/Sensorial-Sunsets-109180614715562\",\"https:\\\/\\\/www.instagram.com\\\/sensorialsunsets\\\/\"]},{\"@type\":\"Person\",\"@id\":\"https:\\\/\\\/www.sensorialsunsets.com\\\/fr\\\/#\\\/schema\\\/person\\\/77e2fa594135aa94024c47e281d8a94d\",\"name\":\"Sensorial Sunsets\",\"image\":{\"@type\":\"ImageObject\",\"inLanguage\":\"fr-FR\",\"@id\":\"https:\\\/\\\/secure.gravatar.com\\\/avatar\\\/5f2d62681b1dad94c28f1500d4fc75582acdfd32b55fd1acce0a36a3c487eabe?s=96&d=mm&r=g\",\"url\":\"https:\\\/\\\/secure.gravatar.com\\\/avatar\\\/5f2d62681b1dad94c28f1500d4fc75582acdfd32b55fd1acce0a36a3c487eabe?s=96&d=mm&r=g\",\"contentUrl\":\"https:\\\/\\\/secure.gravatar.com\\\/avatar\\\/5f2d62681b1dad94c28f1500d4fc75582acdfd32b55fd1acce0a36a3c487eabe?s=96&d=mm&r=g\",\"caption\":\"Sensorial Sunsets\"},\"url\":\"https:\\\/\\\/www.sensorialsunsets.com\\\/fr\\\/author\\\/asistentes-sensorial-sunsets\\\/\"}]}<\/script>\n<!-- \/ Yoast SEO plugin. -->","yoast_head_json":{"title":"De la colonie \u00e0 la libert\u00e9 : la fin du colonialisme - SensorialSunsets","description":"La fin du colonialisme au Costa Rica : analyse de l'\u00e9conomie de subsistance et du caf\u00e9 dans la transformation sociale avant l'ind\u00e9pendance.","robots":{"index":"index","follow":"follow","max-snippet":"max-snippet:-1","max-image-preview":"max-image-preview:large","max-video-preview":"max-video-preview:-1"},"canonical":"https:\/\/www.sensorialsunsets.com\/fr\/de-la-colonie-a-la-liberte-la-fin-du-colonialisme\/","og_locale":"fr_FR","og_type":"article","og_title":"De la colonie \u00e0 la libert\u00e9 : la fin du colonialisme - SensorialSunsets","og_description":"La fin du colonialisme au Costa Rica : analyse de l'\u00e9conomie de subsistance et du caf\u00e9 dans la transformation sociale avant l'ind\u00e9pendance.","og_url":"https:\/\/www.sensorialsunsets.com\/fr\/de-la-colonie-a-la-liberte-la-fin-du-colonialisme\/","og_site_name":"SensorialSunsets","article_publisher":"https:\/\/www.facebook.com\/Sensorial-Sunsets-109180614715562","article_published_time":"2024-09-13T21:25:15+00:00","og_image":[{"width":720,"height":542,"url":"https:\/\/www.sensorialsunsets.com\/wp-content\/uploads\/2024\/09\/ced4b67a8d33f12d9a38024a1bc91786.jpg","type":"image\/jpeg"}],"author":"Sensorial Sunsets","twitter_card":"summary_large_image","twitter_misc":{"\u00c9crit par":"Sensorial Sunsets","Dur\u00e9e de lecture estim\u00e9e":"4 minutes"},"schema":{"@context":"https:\/\/schema.org","@graph":[{"@type":"Article","@id":"https:\/\/www.sensorialsunsets.com\/fr\/de-la-colonie-a-la-liberte-la-fin-du-colonialisme\/#article","isPartOf":{"@id":"https:\/\/www.sensorialsunsets.com\/fr\/de-la-colonie-a-la-liberte-la-fin-du-colonialisme\/"},"author":{"name":"Sensorial Sunsets","@id":"https:\/\/www.sensorialsunsets.com\/fr\/#\/schema\/person\/77e2fa594135aa94024c47e281d8a94d"},"headline":"De la colonie \u00e0 la libert\u00e9 : la fin du colonialisme","datePublished":"2024-09-13T21:25:15+00:00","mainEntityOfPage":{"@id":"https:\/\/www.sensorialsunsets.com\/fr\/de-la-colonie-a-la-liberte-la-fin-du-colonialisme\/"},"wordCount":865,"publisher":{"@id":"https:\/\/www.sensorialsunsets.com\/fr\/#organization"},"image":{"@id":"https:\/\/www.sensorialsunsets.com\/fr\/de-la-colonie-a-la-liberte-la-fin-du-colonialisme\/#primaryimage"},"thumbnailUrl":"https:\/\/www.sensorialsunsets.com\/wp-content\/uploads\/2024\/09\/ced4b67a8d33f12d9a38024a1bc91786.jpg","articleSection":["Costa Rica","Culture"],"inLanguage":"fr-FR"},{"@type":"WebPage","@id":"https:\/\/www.sensorialsunsets.com\/fr\/de-la-colonie-a-la-liberte-la-fin-du-colonialisme\/","url":"https:\/\/www.sensorialsunsets.com\/fr\/de-la-colonie-a-la-liberte-la-fin-du-colonialisme\/","name":"De la colonie \u00e0 la libert\u00e9 : la fin du colonialisme - SensorialSunsets","isPartOf":{"@id":"https:\/\/www.sensorialsunsets.com\/fr\/#website"},"primaryImageOfPage":{"@id":"https:\/\/www.sensorialsunsets.com\/fr\/de-la-colonie-a-la-liberte-la-fin-du-colonialisme\/#primaryimage"},"image":{"@id":"https:\/\/www.sensorialsunsets.com\/fr\/de-la-colonie-a-la-liberte-la-fin-du-colonialisme\/#primaryimage"},"thumbnailUrl":"https:\/\/www.sensorialsunsets.com\/wp-content\/uploads\/2024\/09\/ced4b67a8d33f12d9a38024a1bc91786.jpg","datePublished":"2024-09-13T21:25:15+00:00","description":"La fin du colonialisme au Costa Rica : analyse de l'\u00e9conomie de subsistance et du caf\u00e9 dans la transformation sociale avant l'ind\u00e9pendance.","inLanguage":"fr-FR","potentialAction":[{"@type":"ReadAction","target":["https:\/\/www.sensorialsunsets.com\/fr\/de-la-colonie-a-la-liberte-la-fin-du-colonialisme\/"]}]},{"@type":"ImageObject","inLanguage":"fr-FR","@id":"https:\/\/www.sensorialsunsets.com\/fr\/de-la-colonie-a-la-liberte-la-fin-du-colonialisme\/#primaryimage","url":"https:\/\/www.sensorialsunsets.com\/wp-content\/uploads\/2024\/09\/ced4b67a8d33f12d9a38024a1bc91786.jpg","contentUrl":"https:\/\/www.sensorialsunsets.com\/wp-content\/uploads\/2024\/09\/ced4b67a8d33f12d9a38024a1bc91786.jpg","width":720,"height":542},{"@type":"WebSite","@id":"https:\/\/www.sensorialsunsets.com\/fr\/#website","url":"https:\/\/www.sensorialsunsets.com\/fr\/","name":"SensorialSunsets.com","description":"D\u00e9couvrez la culture et la soci\u00e9t\u00e9 du Costa Rica sur notre blog. Explorez des articles captivants et partagez le contenu.","publisher":{"@id":"https:\/\/www.sensorialsunsets.com\/fr\/#organization"},"alternateName":"Costa Rica Live Blog","potentialAction":[{"@type":"SearchAction","target":{"@type":"EntryPoint","urlTemplate":"https:\/\/www.sensorialsunsets.com\/fr\/?s={search_term_string}"},"query-input":{"@type":"PropertyValueSpecification","valueRequired":true,"valueName":"search_term_string"}}],"inLanguage":"fr-FR"},{"@type":"Organization","@id":"https:\/\/www.sensorialsunsets.com\/fr\/#organization","name":"SensorialSunsets","url":"https:\/\/www.sensorialsunsets.com\/fr\/","logo":{"@type":"ImageObject","inLanguage":"fr-FR","@id":"https:\/\/www.sensorialsunsets.com\/fr\/#\/schema\/logo\/image\/","url":"https:\/\/www.sensorialsunsets.com\/wp-content\/uploads\/2023\/04\/Logo_base_line_fond_clair.svg","contentUrl":"https:\/\/www.sensorialsunsets.com\/wp-content\/uploads\/2023\/04\/Logo_base_line_fond_clair.svg","width":"1024","height":"1024","caption":"SensorialSunsets"},"image":{"@id":"https:\/\/www.sensorialsunsets.com\/fr\/#\/schema\/logo\/image\/"},"sameAs":["https:\/\/www.facebook.com\/Sensorial-Sunsets-109180614715562","https:\/\/www.instagram.com\/sensorialsunsets\/"]},{"@type":"Person","@id":"https:\/\/www.sensorialsunsets.com\/fr\/#\/schema\/person\/77e2fa594135aa94024c47e281d8a94d","name":"Sensorial Sunsets","image":{"@type":"ImageObject","inLanguage":"fr-FR","@id":"https:\/\/secure.gravatar.com\/avatar\/5f2d62681b1dad94c28f1500d4fc75582acdfd32b55fd1acce0a36a3c487eabe?s=96&d=mm&r=g","url":"https:\/\/secure.gravatar.com\/avatar\/5f2d62681b1dad94c28f1500d4fc75582acdfd32b55fd1acce0a36a3c487eabe?s=96&d=mm&r=g","contentUrl":"https:\/\/secure.gravatar.com\/avatar\/5f2d62681b1dad94c28f1500d4fc75582acdfd32b55fd1acce0a36a3c487eabe?s=96&d=mm&r=g","caption":"Sensorial Sunsets"},"url":"https:\/\/www.sensorialsunsets.com\/fr\/author\/asistentes-sensorial-sunsets\/"}]}},"_links":{"self":[{"href":"https:\/\/www.sensorialsunsets.com\/fr\/wp-json\/wp\/v2\/posts\/18764","targetHints":{"allow":["GET"]}}],"collection":[{"href":"https:\/\/www.sensorialsunsets.com\/fr\/wp-json\/wp\/v2\/posts"}],"about":[{"href":"https:\/\/www.sensorialsunsets.com\/fr\/wp-json\/wp\/v2\/types\/post"}],"author":[{"embeddable":true,"href":"https:\/\/www.sensorialsunsets.com\/fr\/wp-json\/wp\/v2\/users\/4"}],"replies":[{"embeddable":true,"href":"https:\/\/www.sensorialsunsets.com\/fr\/wp-json\/wp\/v2\/comments?post=18764"}],"version-history":[{"count":0,"href":"https:\/\/www.sensorialsunsets.com\/fr\/wp-json\/wp\/v2\/posts\/18764\/revisions"}],"wp:featuredmedia":[{"embeddable":true,"href":"https:\/\/www.sensorialsunsets.com\/fr\/wp-json\/wp\/v2\/media\/18745"}],"wp:attachment":[{"href":"https:\/\/www.sensorialsunsets.com\/fr\/wp-json\/wp\/v2\/media?parent=18764"}],"wp:term":[{"taxonomy":"category","embeddable":true,"href":"https:\/\/www.sensorialsunsets.com\/fr\/wp-json\/wp\/v2\/categories?post=18764"},{"taxonomy":"post_tag","embeddable":true,"href":"https:\/\/www.sensorialsunsets.com\/fr\/wp-json\/wp\/v2\/tags?post=18764"}],"curies":[{"name":"wp","href":"https:\/\/api.w.org\/{rel}","templated":true}]}}