{"id":18794,"date":"2024-09-16T12:03:19","date_gmt":"2024-09-16T18:03:19","guid":{"rendered":"https:\/\/www.sensorialsunsets.com\/?p=18794"},"modified":"2024-09-16T12:03:19","modified_gmt":"2024-09-16T18:03:19","slug":"de-la-colonie-a-la-liberte-lindependance-en-amerique-centrale","status":"publish","type":"post","link":"https:\/\/www.sensorialsunsets.com\/fr\/de-la-colonie-a-la-liberte-lindependance-en-amerique-centrale\/","title":{"rendered":"De la colonie \u00e0 la libert\u00e9 : l&rsquo;ind\u00e9pendance en Am\u00e9rique centrale"},"content":{"rendered":"\n<p class=\"has-small-font-size\">l&rsquo;ind\u00e9pendance en Am\u00e9rique centrale<\/p>\n\n\n\n<p>En 1818, l&rsquo;impitoyable capitaine g\u00e9n\u00e9ral Jos\u00e9 de Bustamante Guerra quitte le pouvoir car la Couronne espagnole a besoin de lui dans les rangs des arm\u00e9es royales, et il est remplac\u00e9 par Carlos Urrutia, un homme de faible caract\u00e8re, dans le gouvernement duquel les ind\u00e9pendantistes gagnent du terrain. Au cours de l&rsquo;ann\u00e9e 1820, le roi d&rsquo;Espagne, Ferdinand VII, est contraint de r\u00e9tablir la Constitution de Cadix de 1812 \u00e0 la suite du coup d&rsquo;\u00c9tat lib\u00e9ral men\u00e9 par Rafael del Riego. En cons\u00e9quence, la libert\u00e9 de la presse a \u00e9t\u00e9 instaur\u00e9e en Am\u00e9rique centrale. La r\u00e9volution del Riego en Espagne r\u00e9tablit la Constitution de Cadix. Le capitaine g\u00e9n\u00e9ral du Guatemala, Carlos Urrutia, a pr\u00eat\u00e9 serment sur la Constitution en juillet de la m\u00eame ann\u00e9e et, peu apr\u00e8s, des \u00e9lections ont \u00e9t\u00e9 organis\u00e9es pour \u00e9lire les conseils municipaux et les conseils provinciaux.<\/p>\n\n\n\n<h3 class=\"wp-block-heading\">1821 : l&rsquo;ann\u00e9e d\u00e9cisive pour l&rsquo;ind\u00e9pendance de l&rsquo;Am\u00e9rique centrale<\/h3>\n\n\n\n<p>La m\u00eame ann\u00e9e, le docteur Pedro Molina Mazariegos, chef de file des cr\u00e9oles lib\u00e9raux, commence \u00e0 publier \u00ab El Editor Constitucional \u00bb, un journal dans lequel il critique le gouvernement colonial, d\u00e9fend les droits des Centram\u00e9ricains et <a href=\"https:\/\/www.sensorialsunsets.com\/fr\/de-la-colonie-a-la-liberte-la-fin-du-colonialisme\/\">promeut l&rsquo;ind\u00e9pendance<\/a>. Au Mexique, la r\u00e9volution qui avait commenc\u00e9 en 1810 avait \u00e9t\u00e9 r\u00e9prim\u00e9e par les autorit\u00e9s espagnoles, mais avec la nouvelle rupture de l&rsquo;ordre constitutionnel en Espagne, les forces cr\u00e9oles se sont \u00e0 nouveau soulev\u00e9es, cette fois sous la conduite du comte Agust\u00edn de Iturbide, qui, avec d&rsquo;autres rebelles, a d\u00e9clar\u00e9 l&rsquo;ind\u00e9pendance de l&rsquo;Espagne par le plan d&rsquo;Iguala le 24 f\u00e9vrier 1821 et a m\u00eame offert le tr\u00f4ne de la Nouvelle-Espagne au roi Ferdinand VII, compte tenu de sa position de faiblesse au sein du gouvernement espagnol de l&rsquo;\u00e9poque.<\/p>\n\n\n\n<figure class=\"wp-block-gallery has-nested-images columns-default is-cropped wp-block-gallery-1 is-layout-flex wp-block-gallery-is-layout-flex\">\n<figure class=\"wp-block-image size-large\"><img loading=\"lazy\" decoding=\"async\" width=\"1024\" height=\"1024\" data-id=\"18786\" src=\"https:\/\/www.sensorialsunsets.com\/wp-content\/uploads\/2024\/09\/rancho-p-1024x1024.png\" alt=\"l'ind\u00e9pendance en Am\u00e9rique centrale\" class=\"wp-image-18786\" srcset=\"https:\/\/www.sensorialsunsets.com\/wp-content\/uploads\/2024\/09\/rancho-p-1024x1024.png 1024w, https:\/\/www.sensorialsunsets.com\/wp-content\/uploads\/2024\/09\/rancho-p-300x300.png 300w, https:\/\/www.sensorialsunsets.com\/wp-content\/uploads\/2024\/09\/rancho-p-150x150.png 150w, https:\/\/www.sensorialsunsets.com\/wp-content\/uploads\/2024\/09\/rancho-p-768x768.png 768w, https:\/\/www.sensorialsunsets.com\/wp-content\/uploads\/2024\/09\/rancho-p-50x50.png 50w, https:\/\/www.sensorialsunsets.com\/wp-content\/uploads\/2024\/09\/rancho-p-117x117.png 117w, https:\/\/www.sensorialsunsets.com\/wp-content\/uploads\/2024\/09\/rancho-p.png 1200w\" sizes=\"auto, (max-width: 1024px) 100vw, 1024px\" \/><\/figure>\n\n\n\n<figure class=\"wp-block-image size-large\"><img loading=\"lazy\" decoding=\"async\" width=\"1024\" height=\"1024\" data-id=\"18783\" src=\"https:\/\/www.sensorialsunsets.com\/wp-content\/uploads\/2024\/09\/boda-p-1024x1024.png\" alt=\"l'ind\u00e9pendance en Am\u00e9rique centrale\" class=\"wp-image-18783\" srcset=\"https:\/\/www.sensorialsunsets.com\/wp-content\/uploads\/2024\/09\/boda-p-1024x1024.png 1024w, https:\/\/www.sensorialsunsets.com\/wp-content\/uploads\/2024\/09\/boda-p-300x300.png 300w, https:\/\/www.sensorialsunsets.com\/wp-content\/uploads\/2024\/09\/boda-p-150x150.png 150w, https:\/\/www.sensorialsunsets.com\/wp-content\/uploads\/2024\/09\/boda-p-768x768.png 768w, https:\/\/www.sensorialsunsets.com\/wp-content\/uploads\/2024\/09\/boda-p-50x50.png 50w, https:\/\/www.sensorialsunsets.com\/wp-content\/uploads\/2024\/09\/boda-p-117x117.png 117w, https:\/\/www.sensorialsunsets.com\/wp-content\/uploads\/2024\/09\/boda-p.png 1200w\" sizes=\"auto, (max-width: 1024px) 100vw, 1024px\" \/><\/figure>\n<\/figure>\n\n\n\n<p>Cette nouvelle d\u00e9concerte les autorit\u00e9s guat\u00e9malt\u00e8ques et, en m\u00eame temps, stimule la cause ind\u00e9pendantiste. Le 9 mars, les lib\u00e9raux ind\u00e9pendantistes font pression sur le capitaine g\u00e9n\u00e9ral Carlos de Urrutia pour qu&rsquo;il quitte son poste, qui est alors occup\u00e9 par le sous-inspecteur de l&rsquo;arm\u00e9e Gabino Ga\u00ednza, r\u00e9cemment arriv\u00e9 au Guatemala. Bien qu&rsquo;il ait d&rsquo;abord fait savoir publiquement qu&rsquo;il ne tol\u00e9rerait pas les mouvements ind\u00e9pendantistes, l&rsquo;Am\u00e9rique centrale a connu sous son commandement des troubles sociaux d&rsquo;une ampleur intol\u00e9rable qui ont contraint la d\u00e9putation provinciale et les criollos aristocratiques \u00e0 demander \u00e0 Ga\u00ednza une r\u00e9union pour discuter de l&rsquo;\u00e9pineuse question de l&rsquo;ind\u00e9pendance.<\/p>\n\n\n\n<h3 class=\"wp-block-heading\">L&rsquo;ind\u00e9pendance en Am\u00e9rique centrale: De 1821 \u00e0 2021<\/h3>\n\n\n\n<p>Deux cents ans se sont \u00e9coul\u00e9s depuis que l&rsquo;Am\u00e9rique centrale a bris\u00e9 les cha\u00eenes qui la liaient \u00e0 l&rsquo;Espagne. Notre pays, tout comme le Guatemala, le Honduras, le Salvador et le Nicaragua, a particip\u00e9 \u00e0 cet \u00e9v\u00e9nement qui lui a permis d&rsquo;entamer une \u00e8re pleine d&rsquo;espoir. Apr\u00e8s que la famille Aycinena a n\u00e9goci\u00e9 l&rsquo;ind\u00e9pendance de l&rsquo;Am\u00e9rique centrale avec le capitaine g\u00e9n\u00e9ral Gabino Ga\u00ednza le 15 septembre 1821, une crise profonde a \u00e9clat\u00e9 \u00e0 Le\u00f3n de Nicaragua.<\/p>\n\n\n\n<p>Alors que dans la ville de Grenade, une assembl\u00e9e municipale se tient en pr\u00e9sence des autorit\u00e9s espagnoles et du conseil municipal cr\u00e9ole, d\u00e9clarant leur accord avec l&rsquo;ind\u00e9pendance vis-\u00e0-vis de l&rsquo;Espagne, dans la province de Le\u00f3n, ils reconnaissent l&rsquo;ind\u00e9pendance, mais sous une s\u00e9rie de conditions. Cette d\u00e9claration de Le\u00f3n est connue sous le nom de \u00ab Acta de los Nublados \u00bb (Acte des nuages). La s\u00e9paration s&rsquo;est faite sans effusion de sang. L&rsquo;Espagne, \u00e9puis\u00e9e par la guerre contre les Fran\u00e7ais et celle qu&rsquo;elle menait encore en Am\u00e9rique du Sud, ne pouvait plus intervenir au Mexique ni en Am\u00e9rique centrale. Par ailleurs, la r\u00e9volution lib\u00e9rale de Riego contribue \u00e0 retenir sur le continent espagnol les troupes pr\u00eates \u00e0 s&#8217;embarquer pour les colonies am\u00e9ricaines.<\/p>\n\n\n\n<h3 class=\"wp-block-heading\">Le Costa Rica en attente : \u00ab Jusqu&rsquo;\u00e0 ce que les nuages du jour se dissipent \u00bb<\/h3>\n\n\n\n<p>En m\u00eame temps que les autres provinces de l&rsquo;ancienne capitainerie g\u00e9n\u00e9rale du Guatemala, le Costa Rica a obtenu son ind\u00e9pendance de l&#8217;empire espagnol le 15 septembre 1821. L&rsquo;ind\u00e9pendance, d\u00e9cid\u00e9e au Guatemala, \u00e9tait pass\u00e9e inaper\u00e7ue pour les Costaricains, qui l&rsquo;apprirent par surprise lorsque la nouvelle arriva \u00e0 Cartago le 13 octobre 1821, alors que le capitaine Juan Manuel de Ca\u00f1as \u00e9tait gouverneur.<\/p>\n\n\n\n<p>La nouvelle de l&rsquo;ind\u00e9pendance est accompagn\u00e9e d&rsquo;un document dat\u00e9 du 16 septembre 1821, r\u00e9dig\u00e9 par le Licenciado Jos\u00e9 Cecilio del Valle et sign\u00e9 par le capitaine g\u00e9n\u00e9ral Gabino Ga\u00ednza. Un autre document connu sous le nom de \u00ab Acta de los Nublados \u00bb (Acte des nuages), r\u00e9dig\u00e9 \u00e0 Le\u00f3n, au Nicaragua, le 28 septembre 1821, est \u00e9galement arriv\u00e9.<\/p>\n\n\n\n<figure class=\"wp-block-gallery has-nested-images columns-default is-cropped wp-block-gallery-2 is-layout-flex wp-block-gallery-is-layout-flex\">\n<figure class=\"wp-block-image size-large\"><img loading=\"lazy\" decoding=\"async\" width=\"1024\" height=\"682\" data-id=\"18774\" src=\"https:\/\/www.sensorialsunsets.com\/wp-content\/uploads\/2024\/09\/image-1-1024x682.png\" alt=\"l'ind\u00e9pendance en Am\u00e9rique centrale\" class=\"wp-image-18774\" srcset=\"https:\/\/www.sensorialsunsets.com\/wp-content\/uploads\/2024\/09\/image-1-1024x682.png 1024w, https:\/\/www.sensorialsunsets.com\/wp-content\/uploads\/2024\/09\/image-1-300x200.png 300w, https:\/\/www.sensorialsunsets.com\/wp-content\/uploads\/2024\/09\/image-1-768x511.png 768w, https:\/\/www.sensorialsunsets.com\/wp-content\/uploads\/2024\/09\/image-1-334x222.png 334w, https:\/\/www.sensorialsunsets.com\/wp-content\/uploads\/2024\/09\/image-1-1320x879.png 1320w, https:\/\/www.sensorialsunsets.com\/wp-content\/uploads\/2024\/09\/image-1.png 1440w\" sizes=\"auto, (max-width: 1024px) 100vw, 1024px\" \/><\/figure>\n\n\n\n<figure class=\"wp-block-image size-large\"><img loading=\"lazy\" decoding=\"async\" width=\"1024\" height=\"1024\" data-id=\"18777\" src=\"https:\/\/www.sensorialsunsets.com\/wp-content\/uploads\/2024\/09\/iinc-1-1024x1024.png\" alt=\"l'ind\u00e9pendance en Am\u00e9rique centrale\" class=\"wp-image-18777\" srcset=\"https:\/\/www.sensorialsunsets.com\/wp-content\/uploads\/2024\/09\/iinc-1-1024x1024.png 1024w, https:\/\/www.sensorialsunsets.com\/wp-content\/uploads\/2024\/09\/iinc-1-300x300.png 300w, https:\/\/www.sensorialsunsets.com\/wp-content\/uploads\/2024\/09\/iinc-1-150x150.png 150w, https:\/\/www.sensorialsunsets.com\/wp-content\/uploads\/2024\/09\/iinc-1-768x768.png 768w, https:\/\/www.sensorialsunsets.com\/wp-content\/uploads\/2024\/09\/iinc-1-50x50.png 50w, https:\/\/www.sensorialsunsets.com\/wp-content\/uploads\/2024\/09\/iinc-1-117x117.png 117w, https:\/\/www.sensorialsunsets.com\/wp-content\/uploads\/2024\/09\/iinc-1.png 1080w\" sizes=\"auto, (max-width: 1024px) 100vw, 1024px\" \/><\/figure>\n<\/figure>\n\n\n\n<blockquote class=\"wp-block-quote is-layout-flow wp-block-quote-is-layout-flow\">\n<p>L&rsquo;<em>Acte des nuages<\/em> d\u00e9clare l&rsquo;ind\u00e9pendance vis-\u00e0-vis des autorit\u00e9s guat\u00e9malt\u00e8ques de mani\u00e8re unilat\u00e9rale, sans consulter les habitants de la province. De plus, il exprime le d\u00e9sir d&rsquo;autonomie qui avait d\u00e9j\u00e0 \u00e9t\u00e9 exprim\u00e9 en 1812, lorsque Le\u00f3n aspirait \u00e0 devenir capitaine g\u00e9n\u00e9ral. Cependant, l&rsquo;article par lequel la loi est connue semble \u00e9tablir une \u00ab p\u00e9riode d&rsquo;attente \u00bb, au cas o\u00f9 le roi Ferdinand VII d\u00e9ciderait d&rsquo;envoyer des renforts pour r\u00e9primer les mouvements ind\u00e9pendantistes.<\/p>\n<\/blockquote>\n\n\n\n<p>L&rsquo;\u00ab Acte des nuages \u00bb exprime le d\u00e9saccord de l&rsquo;Intendencia de Le\u00f3n (\u00e0 laquelle appartenait le Costa Rica) avec l&rsquo;accord des autorit\u00e9s guat\u00e9malt\u00e8ques, demandant aux Costariciens d&rsquo;attendre \u00ab que les nuages du jour s&rsquo;\u00e9claircissent \u00bb. Cela refl\u00e9tait l&rsquo;incertitude quant \u00e0 la possibilit\u00e9 pour les Espagnols de revenir sur l&rsquo;ind\u00e9pendance.<\/p>\n","protected":false},"excerpt":{"rendered":"<p>l&rsquo;ind\u00e9pendance en Am\u00e9rique centrale En 1818, l&rsquo;impitoyable capitaine g\u00e9n\u00e9ral Jos\u00e9 de Bustamante Guerra quitte le pouvoir car la Couronne espagnole a besoin de lui dans les rangs des arm\u00e9es royales, et il est remplac\u00e9 par Carlos Urrutia, un homme de faible caract\u00e8re, dans le gouvernement duquel les ind\u00e9pendantistes gagnent du terrain. Au cours de l&rsquo;ann\u00e9e [&hellip;]<\/p>\n","protected":false},"author":4,"featured_media":18782,"comment_status":"closed","ping_status":"closed","sticky":false,"template":"","format":"standard","meta":{"_acf_changed":false,"inline_featured_image":false,"_monsterinsights_skip_tracking":false,"_monsterinsights_sitenote_active":false,"_monsterinsights_sitenote_note":"","_monsterinsights_sitenote_category":0,"footnotes":""},"categories":[100,104],"tags":[],"class_list":["post-18794","post","type-post","status-publish","format-standard","has-post-thumbnail","hentry","category-costa-rica-fr","category-culture-fr"],"acf":[],"yoast_head":"<!-- This site is optimized with the Yoast SEO plugin v27.4 - https:\/\/yoast.com\/product\/yoast-seo-wordpress\/ -->\n<title>De la colonie \u00e0 la libert\u00e9 : l&#039;ind\u00e9pendance en Am\u00e9rique centrale - SensorialSunsets<\/title>\n<meta name=\"description\" content=\"L&#039;Ind\u00e9pendance en Am\u00e9rique centrale : la rupture avec l&#039;Espagne en 1821 ouvre une nouvelle \u00e8re \u00e0 des pays comme le Costa Rica.\" \/>\n<meta name=\"robots\" content=\"index, follow, max-snippet:-1, max-image-preview:large, max-video-preview:-1\" \/>\n<link rel=\"canonical\" href=\"https:\/\/www.sensorialsunsets.com\/fr\/de-la-colonie-a-la-liberte-lindependance-en-amerique-centrale\/\" \/>\n<meta property=\"og:locale\" content=\"fr_FR\" \/>\n<meta property=\"og:type\" content=\"article\" \/>\n<meta property=\"og:title\" content=\"De la colonie \u00e0 la libert\u00e9 : l&#039;ind\u00e9pendance en Am\u00e9rique centrale - SensorialSunsets\" \/>\n<meta property=\"og:description\" content=\"L&#039;Ind\u00e9pendance en Am\u00e9rique centrale : la rupture avec l&#039;Espagne en 1821 ouvre une nouvelle \u00e8re \u00e0 des pays comme le Costa Rica.\" \/>\n<meta property=\"og:url\" content=\"https:\/\/www.sensorialsunsets.com\/fr\/de-la-colonie-a-la-liberte-lindependance-en-amerique-centrale\/\" \/>\n<meta property=\"og:site_name\" content=\"SensorialSunsets\" \/>\n<meta property=\"article:publisher\" content=\"https:\/\/www.facebook.com\/Sensorial-Sunsets-109180614715562\" \/>\n<meta property=\"article:published_time\" content=\"2024-09-16T18:03:19+00:00\" \/>\n<meta property=\"og:image\" content=\"https:\/\/www.sensorialsunsets.com\/wp-content\/uploads\/2024\/09\/leon.png\" \/>\n\t<meta property=\"og:image:width\" content=\"1639\" \/>\n\t<meta property=\"og:image:height\" content=\"1021\" \/>\n\t<meta property=\"og:image:type\" content=\"image\/png\" \/>\n<meta name=\"author\" content=\"Sensorial Sunsets\" \/>\n<meta name=\"twitter:card\" content=\"summary_large_image\" \/>\n<meta name=\"twitter:label1\" content=\"\u00c9crit par\" \/>\n\t<meta name=\"twitter:data1\" content=\"Sensorial Sunsets\" \/>\n\t<meta name=\"twitter:label2\" content=\"Dur\u00e9e de lecture estim\u00e9e\" \/>\n\t<meta name=\"twitter:data2\" content=\"5 minutes\" \/>\n<script type=\"application\/ld+json\" class=\"yoast-schema-graph\">{\"@context\":\"https:\\\/\\\/schema.org\",\"@graph\":[{\"@type\":\"Article\",\"@id\":\"https:\\\/\\\/www.sensorialsunsets.com\\\/fr\\\/de-la-colonie-a-la-liberte-lindependance-en-amerique-centrale\\\/#article\",\"isPartOf\":{\"@id\":\"https:\\\/\\\/www.sensorialsunsets.com\\\/fr\\\/de-la-colonie-a-la-liberte-lindependance-en-amerique-centrale\\\/\"},\"author\":{\"name\":\"Sensorial Sunsets\",\"@id\":\"https:\\\/\\\/www.sensorialsunsets.com\\\/fr\\\/#\\\/schema\\\/person\\\/77e2fa594135aa94024c47e281d8a94d\"},\"headline\":\"De la colonie \u00e0 la libert\u00e9 : l&rsquo;ind\u00e9pendance en Am\u00e9rique centrale\",\"datePublished\":\"2024-09-16T18:03:19+00:00\",\"mainEntityOfPage\":{\"@id\":\"https:\\\/\\\/www.sensorialsunsets.com\\\/fr\\\/de-la-colonie-a-la-liberte-lindependance-en-amerique-centrale\\\/\"},\"wordCount\":998,\"publisher\":{\"@id\":\"https:\\\/\\\/www.sensorialsunsets.com\\\/fr\\\/#organization\"},\"image\":{\"@id\":\"https:\\\/\\\/www.sensorialsunsets.com\\\/fr\\\/de-la-colonie-a-la-liberte-lindependance-en-amerique-centrale\\\/#primaryimage\"},\"thumbnailUrl\":\"https:\\\/\\\/www.sensorialsunsets.com\\\/wp-content\\\/uploads\\\/2024\\\/09\\\/leon.png\",\"articleSection\":[\"Costa Rica\",\"Culture\"],\"inLanguage\":\"fr-FR\"},{\"@type\":\"WebPage\",\"@id\":\"https:\\\/\\\/www.sensorialsunsets.com\\\/fr\\\/de-la-colonie-a-la-liberte-lindependance-en-amerique-centrale\\\/\",\"url\":\"https:\\\/\\\/www.sensorialsunsets.com\\\/fr\\\/de-la-colonie-a-la-liberte-lindependance-en-amerique-centrale\\\/\",\"name\":\"De la colonie \u00e0 la libert\u00e9 : l'ind\u00e9pendance en Am\u00e9rique centrale - SensorialSunsets\",\"isPartOf\":{\"@id\":\"https:\\\/\\\/www.sensorialsunsets.com\\\/fr\\\/#website\"},\"primaryImageOfPage\":{\"@id\":\"https:\\\/\\\/www.sensorialsunsets.com\\\/fr\\\/de-la-colonie-a-la-liberte-lindependance-en-amerique-centrale\\\/#primaryimage\"},\"image\":{\"@id\":\"https:\\\/\\\/www.sensorialsunsets.com\\\/fr\\\/de-la-colonie-a-la-liberte-lindependance-en-amerique-centrale\\\/#primaryimage\"},\"thumbnailUrl\":\"https:\\\/\\\/www.sensorialsunsets.com\\\/wp-content\\\/uploads\\\/2024\\\/09\\\/leon.png\",\"datePublished\":\"2024-09-16T18:03:19+00:00\",\"description\":\"L'Ind\u00e9pendance en Am\u00e9rique centrale : la rupture avec l'Espagne en 1821 ouvre une nouvelle \u00e8re \u00e0 des pays comme le Costa Rica.\",\"inLanguage\":\"fr-FR\",\"potentialAction\":[{\"@type\":\"ReadAction\",\"target\":[\"https:\\\/\\\/www.sensorialsunsets.com\\\/fr\\\/de-la-colonie-a-la-liberte-lindependance-en-amerique-centrale\\\/\"]}]},{\"@type\":\"ImageObject\",\"inLanguage\":\"fr-FR\",\"@id\":\"https:\\\/\\\/www.sensorialsunsets.com\\\/fr\\\/de-la-colonie-a-la-liberte-lindependance-en-amerique-centrale\\\/#primaryimage\",\"url\":\"https:\\\/\\\/www.sensorialsunsets.com\\\/wp-content\\\/uploads\\\/2024\\\/09\\\/leon.png\",\"contentUrl\":\"https:\\\/\\\/www.sensorialsunsets.com\\\/wp-content\\\/uploads\\\/2024\\\/09\\\/leon.png\",\"width\":1639,\"height\":1021},{\"@type\":\"WebSite\",\"@id\":\"https:\\\/\\\/www.sensorialsunsets.com\\\/fr\\\/#website\",\"url\":\"https:\\\/\\\/www.sensorialsunsets.com\\\/fr\\\/\",\"name\":\"SensorialSunsets.com\",\"description\":\"D\u00e9couvrez la culture et la soci\u00e9t\u00e9 du Costa Rica sur notre blog. Explorez des articles captivants et partagez le contenu.\",\"publisher\":{\"@id\":\"https:\\\/\\\/www.sensorialsunsets.com\\\/fr\\\/#organization\"},\"alternateName\":\"Costa Rica Live Blog\",\"potentialAction\":[{\"@type\":\"SearchAction\",\"target\":{\"@type\":\"EntryPoint\",\"urlTemplate\":\"https:\\\/\\\/www.sensorialsunsets.com\\\/fr\\\/?s={search_term_string}\"},\"query-input\":{\"@type\":\"PropertyValueSpecification\",\"valueRequired\":true,\"valueName\":\"search_term_string\"}}],\"inLanguage\":\"fr-FR\"},{\"@type\":\"Organization\",\"@id\":\"https:\\\/\\\/www.sensorialsunsets.com\\\/fr\\\/#organization\",\"name\":\"SensorialSunsets\",\"url\":\"https:\\\/\\\/www.sensorialsunsets.com\\\/fr\\\/\",\"logo\":{\"@type\":\"ImageObject\",\"inLanguage\":\"fr-FR\",\"@id\":\"https:\\\/\\\/www.sensorialsunsets.com\\\/fr\\\/#\\\/schema\\\/logo\\\/image\\\/\",\"url\":\"https:\\\/\\\/www.sensorialsunsets.com\\\/wp-content\\\/uploads\\\/2023\\\/04\\\/Logo_base_line_fond_clair.svg\",\"contentUrl\":\"https:\\\/\\\/www.sensorialsunsets.com\\\/wp-content\\\/uploads\\\/2023\\\/04\\\/Logo_base_line_fond_clair.svg\",\"width\":\"1024\",\"height\":\"1024\",\"caption\":\"SensorialSunsets\"},\"image\":{\"@id\":\"https:\\\/\\\/www.sensorialsunsets.com\\\/fr\\\/#\\\/schema\\\/logo\\\/image\\\/\"},\"sameAs\":[\"https:\\\/\\\/www.facebook.com\\\/Sensorial-Sunsets-109180614715562\",\"https:\\\/\\\/www.instagram.com\\\/sensorialsunsets\\\/\"]},{\"@type\":\"Person\",\"@id\":\"https:\\\/\\\/www.sensorialsunsets.com\\\/fr\\\/#\\\/schema\\\/person\\\/77e2fa594135aa94024c47e281d8a94d\",\"name\":\"Sensorial Sunsets\",\"image\":{\"@type\":\"ImageObject\",\"inLanguage\":\"fr-FR\",\"@id\":\"https:\\\/\\\/secure.gravatar.com\\\/avatar\\\/5f2d62681b1dad94c28f1500d4fc75582acdfd32b55fd1acce0a36a3c487eabe?s=96&d=mm&r=g\",\"url\":\"https:\\\/\\\/secure.gravatar.com\\\/avatar\\\/5f2d62681b1dad94c28f1500d4fc75582acdfd32b55fd1acce0a36a3c487eabe?s=96&d=mm&r=g\",\"contentUrl\":\"https:\\\/\\\/secure.gravatar.com\\\/avatar\\\/5f2d62681b1dad94c28f1500d4fc75582acdfd32b55fd1acce0a36a3c487eabe?s=96&d=mm&r=g\",\"caption\":\"Sensorial Sunsets\"},\"url\":\"https:\\\/\\\/www.sensorialsunsets.com\\\/fr\\\/author\\\/asistentes-sensorial-sunsets\\\/\"}]}<\/script>\n<!-- \/ Yoast SEO plugin. -->","yoast_head_json":{"title":"De la colonie \u00e0 la libert\u00e9 : l'ind\u00e9pendance en Am\u00e9rique centrale - SensorialSunsets","description":"L'Ind\u00e9pendance en Am\u00e9rique centrale : la rupture avec l'Espagne en 1821 ouvre une nouvelle \u00e8re \u00e0 des pays comme le Costa Rica.","robots":{"index":"index","follow":"follow","max-snippet":"max-snippet:-1","max-image-preview":"max-image-preview:large","max-video-preview":"max-video-preview:-1"},"canonical":"https:\/\/www.sensorialsunsets.com\/fr\/de-la-colonie-a-la-liberte-lindependance-en-amerique-centrale\/","og_locale":"fr_FR","og_type":"article","og_title":"De la colonie \u00e0 la libert\u00e9 : l'ind\u00e9pendance en Am\u00e9rique centrale - SensorialSunsets","og_description":"L'Ind\u00e9pendance en Am\u00e9rique centrale : la rupture avec l'Espagne en 1821 ouvre une nouvelle \u00e8re \u00e0 des pays comme le Costa Rica.","og_url":"https:\/\/www.sensorialsunsets.com\/fr\/de-la-colonie-a-la-liberte-lindependance-en-amerique-centrale\/","og_site_name":"SensorialSunsets","article_publisher":"https:\/\/www.facebook.com\/Sensorial-Sunsets-109180614715562","article_published_time":"2024-09-16T18:03:19+00:00","og_image":[{"width":1639,"height":1021,"url":"https:\/\/www.sensorialsunsets.com\/wp-content\/uploads\/2024\/09\/leon.png","type":"image\/png"}],"author":"Sensorial Sunsets","twitter_card":"summary_large_image","twitter_misc":{"\u00c9crit par":"Sensorial Sunsets","Dur\u00e9e de lecture estim\u00e9e":"5 minutes"},"schema":{"@context":"https:\/\/schema.org","@graph":[{"@type":"Article","@id":"https:\/\/www.sensorialsunsets.com\/fr\/de-la-colonie-a-la-liberte-lindependance-en-amerique-centrale\/#article","isPartOf":{"@id":"https:\/\/www.sensorialsunsets.com\/fr\/de-la-colonie-a-la-liberte-lindependance-en-amerique-centrale\/"},"author":{"name":"Sensorial Sunsets","@id":"https:\/\/www.sensorialsunsets.com\/fr\/#\/schema\/person\/77e2fa594135aa94024c47e281d8a94d"},"headline":"De la colonie \u00e0 la libert\u00e9 : l&rsquo;ind\u00e9pendance en Am\u00e9rique centrale","datePublished":"2024-09-16T18:03:19+00:00","mainEntityOfPage":{"@id":"https:\/\/www.sensorialsunsets.com\/fr\/de-la-colonie-a-la-liberte-lindependance-en-amerique-centrale\/"},"wordCount":998,"publisher":{"@id":"https:\/\/www.sensorialsunsets.com\/fr\/#organization"},"image":{"@id":"https:\/\/www.sensorialsunsets.com\/fr\/de-la-colonie-a-la-liberte-lindependance-en-amerique-centrale\/#primaryimage"},"thumbnailUrl":"https:\/\/www.sensorialsunsets.com\/wp-content\/uploads\/2024\/09\/leon.png","articleSection":["Costa Rica","Culture"],"inLanguage":"fr-FR"},{"@type":"WebPage","@id":"https:\/\/www.sensorialsunsets.com\/fr\/de-la-colonie-a-la-liberte-lindependance-en-amerique-centrale\/","url":"https:\/\/www.sensorialsunsets.com\/fr\/de-la-colonie-a-la-liberte-lindependance-en-amerique-centrale\/","name":"De la colonie \u00e0 la libert\u00e9 : l'ind\u00e9pendance en Am\u00e9rique centrale - SensorialSunsets","isPartOf":{"@id":"https:\/\/www.sensorialsunsets.com\/fr\/#website"},"primaryImageOfPage":{"@id":"https:\/\/www.sensorialsunsets.com\/fr\/de-la-colonie-a-la-liberte-lindependance-en-amerique-centrale\/#primaryimage"},"image":{"@id":"https:\/\/www.sensorialsunsets.com\/fr\/de-la-colonie-a-la-liberte-lindependance-en-amerique-centrale\/#primaryimage"},"thumbnailUrl":"https:\/\/www.sensorialsunsets.com\/wp-content\/uploads\/2024\/09\/leon.png","datePublished":"2024-09-16T18:03:19+00:00","description":"L'Ind\u00e9pendance en Am\u00e9rique centrale : la rupture avec l'Espagne en 1821 ouvre une nouvelle \u00e8re \u00e0 des pays comme le Costa Rica.","inLanguage":"fr-FR","potentialAction":[{"@type":"ReadAction","target":["https:\/\/www.sensorialsunsets.com\/fr\/de-la-colonie-a-la-liberte-lindependance-en-amerique-centrale\/"]}]},{"@type":"ImageObject","inLanguage":"fr-FR","@id":"https:\/\/www.sensorialsunsets.com\/fr\/de-la-colonie-a-la-liberte-lindependance-en-amerique-centrale\/#primaryimage","url":"https:\/\/www.sensorialsunsets.com\/wp-content\/uploads\/2024\/09\/leon.png","contentUrl":"https:\/\/www.sensorialsunsets.com\/wp-content\/uploads\/2024\/09\/leon.png","width":1639,"height":1021},{"@type":"WebSite","@id":"https:\/\/www.sensorialsunsets.com\/fr\/#website","url":"https:\/\/www.sensorialsunsets.com\/fr\/","name":"SensorialSunsets.com","description":"D\u00e9couvrez la culture et la soci\u00e9t\u00e9 du Costa Rica sur notre blog. Explorez des articles captivants et partagez le contenu.","publisher":{"@id":"https:\/\/www.sensorialsunsets.com\/fr\/#organization"},"alternateName":"Costa Rica Live Blog","potentialAction":[{"@type":"SearchAction","target":{"@type":"EntryPoint","urlTemplate":"https:\/\/www.sensorialsunsets.com\/fr\/?s={search_term_string}"},"query-input":{"@type":"PropertyValueSpecification","valueRequired":true,"valueName":"search_term_string"}}],"inLanguage":"fr-FR"},{"@type":"Organization","@id":"https:\/\/www.sensorialsunsets.com\/fr\/#organization","name":"SensorialSunsets","url":"https:\/\/www.sensorialsunsets.com\/fr\/","logo":{"@type":"ImageObject","inLanguage":"fr-FR","@id":"https:\/\/www.sensorialsunsets.com\/fr\/#\/schema\/logo\/image\/","url":"https:\/\/www.sensorialsunsets.com\/wp-content\/uploads\/2023\/04\/Logo_base_line_fond_clair.svg","contentUrl":"https:\/\/www.sensorialsunsets.com\/wp-content\/uploads\/2023\/04\/Logo_base_line_fond_clair.svg","width":"1024","height":"1024","caption":"SensorialSunsets"},"image":{"@id":"https:\/\/www.sensorialsunsets.com\/fr\/#\/schema\/logo\/image\/"},"sameAs":["https:\/\/www.facebook.com\/Sensorial-Sunsets-109180614715562","https:\/\/www.instagram.com\/sensorialsunsets\/"]},{"@type":"Person","@id":"https:\/\/www.sensorialsunsets.com\/fr\/#\/schema\/person\/77e2fa594135aa94024c47e281d8a94d","name":"Sensorial Sunsets","image":{"@type":"ImageObject","inLanguage":"fr-FR","@id":"https:\/\/secure.gravatar.com\/avatar\/5f2d62681b1dad94c28f1500d4fc75582acdfd32b55fd1acce0a36a3c487eabe?s=96&d=mm&r=g","url":"https:\/\/secure.gravatar.com\/avatar\/5f2d62681b1dad94c28f1500d4fc75582acdfd32b55fd1acce0a36a3c487eabe?s=96&d=mm&r=g","contentUrl":"https:\/\/secure.gravatar.com\/avatar\/5f2d62681b1dad94c28f1500d4fc75582acdfd32b55fd1acce0a36a3c487eabe?s=96&d=mm&r=g","caption":"Sensorial Sunsets"},"url":"https:\/\/www.sensorialsunsets.com\/fr\/author\/asistentes-sensorial-sunsets\/"}]}},"_links":{"self":[{"href":"https:\/\/www.sensorialsunsets.com\/fr\/wp-json\/wp\/v2\/posts\/18794","targetHints":{"allow":["GET"]}}],"collection":[{"href":"https:\/\/www.sensorialsunsets.com\/fr\/wp-json\/wp\/v2\/posts"}],"about":[{"href":"https:\/\/www.sensorialsunsets.com\/fr\/wp-json\/wp\/v2\/types\/post"}],"author":[{"embeddable":true,"href":"https:\/\/www.sensorialsunsets.com\/fr\/wp-json\/wp\/v2\/users\/4"}],"replies":[{"embeddable":true,"href":"https:\/\/www.sensorialsunsets.com\/fr\/wp-json\/wp\/v2\/comments?post=18794"}],"version-history":[{"count":0,"href":"https:\/\/www.sensorialsunsets.com\/fr\/wp-json\/wp\/v2\/posts\/18794\/revisions"}],"wp:featuredmedia":[{"embeddable":true,"href":"https:\/\/www.sensorialsunsets.com\/fr\/wp-json\/wp\/v2\/media\/18782"}],"wp:attachment":[{"href":"https:\/\/www.sensorialsunsets.com\/fr\/wp-json\/wp\/v2\/media?parent=18794"}],"wp:term":[{"taxonomy":"category","embeddable":true,"href":"https:\/\/www.sensorialsunsets.com\/fr\/wp-json\/wp\/v2\/categories?post=18794"},{"taxonomy":"post_tag","embeddable":true,"href":"https:\/\/www.sensorialsunsets.com\/fr\/wp-json\/wp\/v2\/tags?post=18794"}],"curies":[{"name":"wp","href":"https:\/\/api.w.org\/{rel}","templated":true}]}}