{"id":18834,"date":"2024-09-18T17:14:59","date_gmt":"2024-09-18T23:14:59","guid":{"rendered":"https:\/\/www.sensorialsunsets.com\/?p=18834"},"modified":"2024-09-18T17:17:55","modified_gmt":"2024-09-18T23:17:55","slug":"gandoca-manzanillo-les-obligations-legales-du-costa-rica-dans-le-cadre-de-la-convention-de-ramsar","status":"publish","type":"post","link":"https:\/\/www.sensorialsunsets.com\/fr\/gandoca-manzanillo-les-obligations-legales-du-costa-rica-dans-le-cadre-de-la-convention-de-ramsar\/","title":{"rendered":"Gandoca \/ Manzanillo : Les obligations l\u00e9gales du Costa Rica dans le cadre de la Convention de Ramsar"},"content":{"rendered":"\n<p><strong>Gandoca \/ Manzanillo:<\/strong><strong>les obligations l\u00e9gales que la Convention de Ramsar implique pour le Costa Rica<\/strong><\/p>\n\n<p>Alors que l&rsquo;abattage d&rsquo;arbres dans la r\u00e9gion de Gandoca Manzanillo, au sud des Cara\u00efbes du Costa Rica, fait l&rsquo;objet d&rsquo;une controverse soutenue, caus\u00e9e en grande partie par l&rsquo;attitude bizarre des autorit\u00e9s charg\u00e9es de la protection de l&rsquo;environnement, un rapport r\u00e9cent indique que ces m\u00eames autorit\u00e9s costariciennes ont propos\u00e9 de revoir \u00e0 la baisse l&rsquo;\u00e9tendue de la r\u00e9serve naturelle de Gandoca Manzanillo, inscrite sur la liste des sites Ramsar (voir <strong><a href=\"https:\/\/delfino. cr\/2024\/09\/ministro-ordeno-actualizar-internacionalmente-area-del-humedal-gandoca-manzanillo-con-mapa-que-no- cuenta-188-hectareas-del-refugio\">nota de prensa<\/a><\/strong> publi\u00e9 dans le m\u00e9dia num\u00e9rique <em>Delfino.cr<\/em> le 10 septembre 2024).<\/p>\n\n<p>Pour cette autre note du <em>Semanario Universidad<\/em>, publi\u00e9e \u00e0 la m\u00eame date, il est not\u00e9 qu&rsquo;un fonctionnaire avait pr\u00e9venu depuis le mois d&rsquo;ao\u00fbt de la tentative de modification des limites de ce site Ramsar (voir <strong><a href=\"https:\/\/semanariouniversidad.com\/pais\/encargada-de-humedales-reubicada-advirtio-que-mapa-de-humedales-de-proteccion-ramsar-fue-modificado-y-excluyo-fincas-de-pacheco-dent\/\">note<\/a><\/strong>), avant d&rsquo;\u00eatre&#8230;. \u00ab <em>relocated<\/em> \u00bb. D\u00e9plac\u00e9 \u00bb ? comment cela ? Comme on peut le lire.<\/p>\n\n<p>La <strong><a href=\"&#xAB;\" https:=\"\">note<\/a><\/strong> susmentionn\u00e9e reproduit un ensemble pr\u00e9cieux de cartes montrant le changement identifi\u00e9 et la r\u00e9duction cons\u00e9quente par rapport \u00e0 la carte affich\u00e9e par le Secr\u00e9tariat de la Convention de Ramsar.<\/p>\n\n<p>Les premi\u00e8res images d&rsquo;arbres abattus dans la r\u00e9gion publi\u00e9es dans la presse costaricienne remontent au 15 mai 2024 (voir <strong><a href=\"https:\/\/www.crhoy.com\/ambiente\/estan-talando-arboles-en-refugio-gandoca-manzanillo-esto-dijo-sinac\/\">note<\/a><\/strong> dans <em>CRHoy<\/em>).<\/p>\n\n<h3 class=\"wp-block-heading\">Bref historique<\/h3>\n\n<p>Fin 2023, la Cour constitutionnelle a condamn\u00e9 l&rsquo;\u00c9tat costaricien pour non-respect des obligations internationales du Costa Rica dans les Cara\u00efbes m\u00e9ridionales du Costa Rica, \u00e0 cette occasion en mati\u00e8re de consultation des populations indig\u00e8nes (voir <strong><a href=\"&#xAB;\" https:=\"\">note<\/a><\/strong> du <em>Semanario Universidad<\/em>). En effet, en annulant l&rsquo;audience organis\u00e9e en ao\u00fbt 2023 par la municipalit\u00e9 de Talamanca pour l&rsquo;approbation du Plan de r\u00e9gulation c\u00f4ti\u00e8re, la Chambre constitutionnelle a jug\u00e9 (voir <strong><a href=\"&#xAB;\" https:=\"\">vote<\/a><\/strong><strong><a href=\"&#xAB;\" https:=\"\">31756 &#8211; 2023<\/a><\/strong> du 7 d\u00e9cembre 2023) que :<\/p>\n\n<blockquote class=\"wp-block-quote is-layout-flow wp-block-quote-is-layout-flow\">\n<p><em><sub>l&rsquo;exclusion de la consultation de l&rsquo;association demanderesse est injustifiable dans le cadre des obligations internationales acquises par notre pays<\/sub><\/em><sub><em>s dans cette affaire<\/em><\/sub>.<\/p>\n<\/blockquote>\n\n<p>Une lecture compl\u00e8te du jugement montre que l&rsquo;organe municipal n&rsquo;a pas \u00e9t\u00e9 le seul \u00e0 promouvoir un traitement \u00ab express \u00bb du Plan de r\u00e9gulation c\u00f4ti\u00e8re du canton de Talamanca. Comme il est devenu habituel avec SETENA (<em>Secretar\u00eda T\u00e9cnica Nacional del Ambiente<\/em>) dans le cas de projets controvers\u00e9s, le choix de la deuxi\u00e8me moiti\u00e9 de d\u00e9cembre\/d\u00e9but janvier pour traiter son approbation est \u00e0 nouveau v\u00e9rifi\u00e9 (<strong>Note 1<\/strong>), car nous lisons dans ce m\u00eame jugement que :<\/p>\n\n<blockquote class=\"wp-block-quote is-layout-flow wp-block-quote-is-layout-flow\">\n<p><em><sub>Le 19 d\u00e9cembre 2022, le formulaire d&rsquo;examen technique FR-DT-EAE0055-2022 a \u00e9t\u00e9 \u00e9mis, o\u00f9 il a \u00e9t\u00e9 conclu d&rsquo;\u00e9mettre l&rsquo;avis technique INF-TEC-DT-EAE-0013- 2022 de la m\u00eame date (19 d\u00e9cembre 2022), recommandant \u00e0 la Commission pl\u00e9ni\u00e8re de SETENA, l&rsquo;octroi de la faisabilit\u00e9 environnementale pour le plan r\u00e9glementaire propos\u00e9 pour la zone maritime-terrestre du district de Cahuita dans le canton de Talamanca, province de Lim\u00f3n. 4) <strong>Attribution de la viabilit\u00e9 environnementale<\/strong> : Le 11 janvier 2023, par la r\u00e9solution n\u00ba 025-2023-SETENA a accord\u00e9 la viabilit\u00e9 environnementale (licence) pour l&rsquo;incorporation de la variable environnementale au projet de plan de r\u00e9glementation de la zone maritime-terrestre du district de Cahuita dans le canton de Talamanca, province de Lim\u00f3n<\/sub><\/em>.<\/p>\n<\/blockquote>\n\n<figure class=\"wp-block-gallery has-nested-images columns-default is-cropped wp-block-gallery-1 is-layout-flex wp-block-gallery-is-layout-flex\">\n<figure class=\"wp-block-image size-large\"><img loading=\"lazy\" decoding=\"async\" width=\"1024\" height=\"680\" data-id=\"18806\" src=\"https:\/\/www.sensorialsunsets.com\/wp-content\/uploads\/2024\/09\/image-4-1024x680.png\" alt=\"Gandoca \/ Manzanillo : Les obligations l&#xE9;gales du Costa Rica dans le cadre de la Convention de Ramsar\" class=\"wp-image-18806\" srcset=\"https:\/\/www.sensorialsunsets.com\/wp-content\/uploads\/2024\/09\/image-4-1024x680.png 1024w, https:\/\/www.sensorialsunsets.com\/wp-content\/uploads\/2024\/09\/image-4-300x199.png 300w, https:\/\/www.sensorialsunsets.com\/wp-content\/uploads\/2024\/09\/image-4-768x510.png 768w, https:\/\/www.sensorialsunsets.com\/wp-content\/uploads\/2024\/09\/image-4-334x222.png 334w, https:\/\/www.sensorialsunsets.com\/wp-content\/uploads\/2024\/09\/image-4-1320x877.png 1320w, https:\/\/www.sensorialsunsets.com\/wp-content\/uploads\/2024\/09\/image-4.png 1505w\" sizes=\"auto, (max-width: 1024px) 100vw, 1024px\" \/><\/figure>\n\n\n\n<figure class=\"wp-block-image size-large\"><img loading=\"lazy\" decoding=\"async\" width=\"1024\" height=\"768\" data-id=\"18803\" src=\"https:\/\/www.sensorialsunsets.com\/wp-content\/uploads\/2024\/09\/image-3-1024x768.png\" alt=\"\" class=\"wp-image-18803\" srcset=\"https:\/\/www.sensorialsunsets.com\/wp-content\/uploads\/2024\/09\/image-3-1024x768.png 1024w, https:\/\/www.sensorialsunsets.com\/wp-content\/uploads\/2024\/09\/image-3-300x225.png 300w, https:\/\/www.sensorialsunsets.com\/wp-content\/uploads\/2024\/09\/image-3-768x576.png 768w, https:\/\/www.sensorialsunsets.com\/wp-content\/uploads\/2024\/09\/image-3-1320x990.png 1320w, https:\/\/www.sensorialsunsets.com\/wp-content\/uploads\/2024\/09\/image-3.png 1333w\" sizes=\"auto, (max-width: 1024px) 100vw, 1024px\" \/><\/figure>\n\n\n\n<figure class=\"wp-block-image size-large\"><img loading=\"lazy\" decoding=\"async\" width=\"1024\" height=\"686\" data-id=\"18800\" src=\"https:\/\/www.sensorialsunsets.com\/wp-content\/uploads\/2024\/09\/image-2-1024x686.png\" alt=\"Gandoca \/ Manzanillo : Les obligations l&#xE9;gales du Costa Rica dans le cadre de la Convention de Ramsar\" class=\"wp-image-18800\" srcset=\"https:\/\/www.sensorialsunsets.com\/wp-content\/uploads\/2024\/09\/image-2-1024x686.png 1024w, https:\/\/www.sensorialsunsets.com\/wp-content\/uploads\/2024\/09\/image-2-300x201.png 300w, https:\/\/www.sensorialsunsets.com\/wp-content\/uploads\/2024\/09\/image-2-768x514.png 768w, https:\/\/www.sensorialsunsets.com\/wp-content\/uploads\/2024\/09\/image-2-1320x884.png 1320w, https:\/\/www.sensorialsunsets.com\/wp-content\/uploads\/2024\/09\/image-2.png 1493w\" sizes=\"auto, (max-width: 1024px) 100vw, 1024px\" \/><\/figure>\n<\/figure>\n\n<p>En janvier 2024, des organisations sociales ont d\u00e9nonc\u00e9 publiquement le non-respect de la d\u00e9cision du juge constitutionnel par l&rsquo;organe municipal de d\u00e9cembre 2023 (voir <strong><a href=\"&#xAB;\" https:=\"\">note<\/a><\/strong> de <em>ElMundo.cr<\/em> du 16 janvier 2024).<\/p>\n\n<p>Seulement un mois plus tard, en f\u00e9vrier 2024, la Chambre constitutionnelle ordonne aux autorit\u00e9s de respecter la r\u00e9glementation qui prot\u00e8ge les zones humides du canton de Talamanca, et de proc\u00e9der \u00e0 la mise \u00e0 jour de leur caract\u00e9risation avant d&rsquo;approuver tout projet de r\u00e9gulation territoriale tel qu&rsquo;un Plan de r\u00e9gulation du littoral (voir le vote <strong><a href=\"https:\/\/nexuspj.poder-judicial.go.cr\/document\/sen-1-0007-1213517\">03959 -2024<\/a><\/strong> du 16 f\u00e9vrier 2024). En ce qui concerne les \u00e9tudes techniques de 2021 et 2017, le juge constitutionnel souligne que :<\/p>\n\n<blockquote class=\"wp-block-quote is-layout-flow wp-block-quote-is-layout-flow\">\n<p><em><sub>C&rsquo;est-\u00e0-dire qu&rsquo;il n&rsquo;indique pas \u00e0 la Chambre quel est l&rsquo;\u00e9tat actuel des zones humides dans le canton de Talamanca, ni n&rsquo;offre aucune raison pour laquelle les \u00e9tudes qui ont justifi\u00e9 la d\u00e9cision de 2017 sont techniquement sup\u00e9rieures au mat\u00e9riel de 2021. Ou, \u00e0 l&rsquo;inverse, elle n&rsquo;explique pas pourquoi l&rsquo;\u00e9tude de 2021 ne correspond pas \u00e0 la r\u00e9alit\u00e9 ou aux crit\u00e8res techniques de protection du patrimoine naturel de l&rsquo;\u00c9tat. Compte tenu de ce qui pr\u00e9c\u00e8de, le Tribunal consid\u00e8re qu&rsquo;en application du principe de pr\u00e9caution, \u00e9tant donn\u00e9 que le pr\u00e9sent recours concerne des biens importants pour l&rsquo;environnement, qui constituent le patrimoine naturel de l&rsquo;\u00c9tat, en particulier les zones humides de la zone maritime-terrestre du littoral du canton de Talamanca, le recours doit \u00eatre d\u00e9clar\u00e9 recevable, avec les cons\u00e9quences \u00e9nonc\u00e9es dans le dispositif du pr\u00e9sent arr\u00eat.<\/sub><\/em><\/p>\n<\/blockquote>\n\n<h5 class=\"wp-block-heading\">A noter qu&rsquo;en mars 2017, une Politique nationale pour les zones humides a \u00e9t\u00e9 officialis\u00e9e au Costa Rica : voir <strong><a href=\"http:\/\/www.pgrweb.go.cr\/scij\/Busqueda\/Normativa\/Normas\/nrm_texto_completo.aspx ? param1=NRTC&amp;nValue1=1&amp;nValue2=83815&amp;nValue3=107922&amp;strTipM=TC\">D\u00e9cret ex\u00e9cutif 40244<\/a><\/strong> du 6 mars 2017 dont les consid\u00e9rants r\u00e9affirment l&rsquo;importance des zones humides au Costa Rica et leur n\u00e9cessaire protection, en affirmant, parmi de nombreux autres aspects, que :<\/h5>\n\n<blockquote class=\"wp-block-quote is-layout-flow wp-block-quote-is-layout-flow\">\n<p><les conflits=\"\" socio-environnementaux=\"\" actuels=\"\" qui=\"\" d=\"\" de=\"\" l=\"\" gouvernance=\"\" ad=\"\" et=\"\" sont=\"\" pr=\"\" dus=\"\" au=\"\" fait=\"\" que=\"\" les=\"\" communaut=\"\" partagent=\"\" quotidiennement=\"\" leur=\"\" territoire=\"\" avec=\"\" ce=\"\" type=\"\" ne=\"\" disposent=\"\" pas=\"\" des=\"\" normes=\"\" instruments=\"\" permettant=\"\" une=\"\" protection=\"\" appropri=\"\" patrimoine=\"\" naturel=\"\" par=\"\"><\/les><\/p>\n<\/blockquote>\n\n<p><la pr=\"\" politique=\"\" nationale=\"\" pour=\"\" les=\"\" zones=\"\" humides=\"\" met=\"\" donc=\"\" en=\"\" perspective=\"\" la=\"\" situation=\"\" actuelle=\"\" des=\"\" sur=\"\" le=\"\" territoire=\"\" national=\"\" dans=\"\" but=\"\" de=\"\" fournir=\"\" outils=\"\" et=\"\" plans=\"\" d=\"\" qui=\"\" att=\"\" probl=\"\" auxquels=\"\" elles=\"\" sont=\"\" confront=\"\" maximisent=\"\" leurs=\"\" avantages=\"\" potentiels.=\"\" fait=\"\" ci-dessous=\"\" pose=\"\" comme=\"\" fondamental=\"\" nos=\"\" affect=\"\" par=\"\" l=\"\" diff=\"\" activit=\"\" anthropiques=\"\" planification=\"\" leur=\"\" gestion=\"\" techniques=\"\" inad=\"\" politiques=\"\" sectorielles=\"\" disjointes=\"\" effets=\"\" du=\"\" changement=\"\" climatique=\"\" nous=\"\" placent=\"\" n=\"\" premi=\"\" mettre=\"\" place=\"\" actions=\"\" fortes=\"\" r=\"\"><\/la><\/p>\n\n<p>Cette publication de l&rsquo;Universit\u00e9 nationale de 2018, intitul\u00e9e \u00ab <em>Wetlands of Costa Rica : fragile ecosystems under threat<\/em> \u00bb (Revista <strong><a href=\"&#xAB;\" https:=\"\">Ambientico<\/a><\/strong>) rassemble plusieurs \u00e9tudes de grand int\u00e9r\u00eat qui restent d&rsquo;une actualit\u00e9 pressante et pr\u00e9occupante en 2024.<\/p>\n\n<p>La pression extr\u00eame exerc\u00e9e sur les autorit\u00e9s municipales et nationales pour qu&rsquo;elles approuvent un plan de r\u00e9glementation c\u00f4ti\u00e8re, sans tenir compte des consultations et des \u00e9tudes techniques requises par la loi, semble ne pas \u00eatre totalement \u00e9trang\u00e8re \u00e0 ce qui se passe actuellement \u00e0 Gandoca Manzanillo.<\/p>\n\n<h3 class=\"wp-block-heading\">La Convention de Ramsar en quelques mots<\/h3>\n\n<p>Comme chacun sait, le Costa Rica est un \u00c9tat partie depuis 1992 \u00e0 la \u00ab <em>Convention<\/em><em> sur les zones humides d&rsquo;importance internationale particuli\u00e8rement comme habitats des oiseaux d&rsquo;eau \u00bb, plus connue sous le nom de Convention de Ramsar : le nom de Ramsar vient d&rsquo;une ville d&rsquo;Iran &#8211; orthographi\u00e9e \u0631\u0627\u0645\u0633\u0631 en persan &#8211; o\u00f9 la convention a \u00e9t\u00e9 adopt\u00e9e en 1971. Nous renvoyons nos chers lecteurs au <strong><a href=\"&#xAB;\" https:=\"\">texte<\/a><\/strong> de cette convention et au <strong><a href=\"&#xAB;\" https:=\"\">statut officiel<\/a><\/strong> des signatures et ratifications (avec 168 \u00c9tats parties au moment de la r\u00e9daction du pr\u00e9sent document). En 1999, la septi\u00e8me conf\u00e9rence des \u00c9tats parties (mieux connue sous l&rsquo;acronyme \u00ab <em>COP<\/em>) s&rsquo;est tenue au Costa Rica (voir <strong><a href=\"&#xBB;https:\/\/www.ramsar.org\/sites\/default\/files\/documents\/library\/cop7_conf_rpt_s_final.pdf&quot;\">actes<\/a><\/strong> de cette r\u00e9union).<\/em><\/p>\n\n<figure class=\"wp-block-pullquote has-text-align-left\"><blockquote><p><chaque partie=\"\" contractante=\"\" d=\"\" les=\"\" zones=\"\" humides=\"\" appropri=\"\" situ=\"\" sur=\"\" son=\"\" territoire=\"\" en=\"\" vue=\"\" de=\"\" leur=\"\" inscription=\"\" la=\"\" liste=\"\" des=\"\" internationale=\"\" ci-apr=\"\" tenue=\"\" par=\"\" le=\"\" bureau=\"\" cr=\"\" vertu=\"\" l=\"\" limites=\"\" chaque=\"\" zone=\"\" humide=\"\" sont=\"\" avec=\"\" pr=\"\" et=\"\" une=\"\" carte=\"\" elles=\"\" peuvent=\"\" comprendre=\"\" riveraines=\"\" ou=\"\" c=\"\" adjacentes=\"\" ainsi=\"\" que=\"\" marine=\"\" profondeur=\"\" sup=\"\" six=\"\" m=\"\" mar=\"\" basse=\"\" lorsqu=\"\" se=\"\" trouvent=\"\" particulier=\"\" importantes=\"\" tant=\"\" qu=\"\" oiseaux=\"\"> <em>Les limites de chaque zone humide sont d\u00e9crites avec pr\u00e9cision et \u00e9galement d\u00e9limit\u00e9es sur une carte ; elles peuvent comprendre les zones riveraines ou c\u00f4ti\u00e8res adjacentes, ainsi que les \u00eeles ou les \u00e9tendues d&rsquo;eau marine d&rsquo;une profondeur sup\u00e9rieure \u00e0 six m\u00e8tres \u00e0 mar\u00e9e basse, lorsqu&rsquo;elles se trouvent \u00e0 l&rsquo;int\u00e9rieur de la zone humide, et en particulier lorsqu&rsquo;elles sont importantes en tant qu&rsquo;habitat des oiseaux d&rsquo;eau.<\/em><\/chaque><\/p><cite>article 2 du pr\u00e9sent instrument international<\/cite><\/blockquote><\/figure>\n\n<p><em>2. Le choix des zones humides \u00e0 inscrire sur la Liste devrait \u00eatre fond\u00e9 sur leur importance internationale du point de vue \u00e9cologique, botanique, zoologique, limnologique ou hydrologique. Les zones humides qui ont une importance internationale pour les oiseaux d&rsquo;eau \u00e0 n&rsquo;importe quelle saison devraient \u00eatre incluses en premier lieu.<\/em><\/p>\n\n<p>Selon les informations officielles du Secr\u00e9tariat Ramsar, le Gandoca Manzanillo Wildlife Refuge a \u00e9t\u00e9 enregistr\u00e9 par le Costa Rica comme site Ramsar en 1995 (voir <strong><a href=\"&#xAB;\" https:=\"\">link<\/a><\/strong>).<\/p>\n\n<h3 class=\"wp-block-heading\">La possibilit\u00e9 de modifier les limites d&rsquo;un site Ramsar<\/h3>\n\n<p>Une fois qu&rsquo;une zone humide a \u00e9t\u00e9 inscrite sur la liste des sites Ramsar par un \u00c9tat, celui-ci peut-il modifier les limites de cette zone humide afin d&rsquo;en r\u00e9duire l&rsquo;\u00e9tendue ? L&rsquo;article 4 de la Convention de Ramsar stipule clairement que :<\/p>\n\n<blockquote class=\"wp-block-quote is-layout-flow wp-block-quote-is-layout-flow\">\n<p><lorsqu partie=\"\" contractante=\"\" dans=\"\" un=\"\" int=\"\" national=\"\" urgent=\"\" supprime=\"\" ou=\"\" restreint=\"\" les=\"\" limites=\"\" d=\"\" zone=\"\" humide=\"\" inscrite=\"\" sur=\"\" la=\"\" liste=\"\" elle=\"\" devrait=\"\" mesure=\"\" du=\"\" possible=\"\" compenser=\"\" perte=\"\" de=\"\" ressources=\"\" en=\"\" zones=\"\" humides=\"\" et=\"\" particulier=\"\" cr=\"\" nouvelles=\"\" r=\"\" naturelles=\"\" pour=\"\" oiseaux=\"\" protection=\"\" portion=\"\" ad=\"\" leur=\"\" habitat=\"\" m=\"\" ailleurs=\"\">.<\/lorsqu><\/p>\n<\/blockquote>\n\n<p>Sauf erreur de notre part, il n&rsquo;existe pas aujourd&rsquo;hui au Costa Rica de raison d&rsquo;urgence ou de force majeure qui justifierait la r\u00e9duction des limites d&rsquo;une zone humide inscrite sur la liste des sites Ramsar depuis 1995, comme le site de Gandoca Manzanillo.<\/p>\n\n<p>L&rsquo;article 4 pr\u00e9voit \u00e9galement, comme c&rsquo;est le cas dans plusieurs conventions sur les aires prot\u00e9g\u00e9es, une compensation pour la r\u00e9duction des limites d&rsquo;une zone humide Ramsar. Les autorit\u00e9s n&rsquo;ont pas non plus mentionn\u00e9 de mesures de compensation de quelque nature que ce soit dans la r\u00e9gion de Gandoca Manzanillo.<\/p>\n\n<figure class=\"wp-block-gallery has-nested-images columns-default is-cropped wp-block-gallery-2 is-layout-flex wp-block-gallery-is-layout-flex\">\n<figure class=\"wp-block-image size-large\"><img loading=\"lazy\" decoding=\"async\" width=\"1024\" height=\"680\" data-id=\"18812\" src=\"https:\/\/www.sensorialsunsets.com\/wp-content\/uploads\/2024\/09\/image-6-1024x680.png\" alt=\"Gandoca \/ Manzanillo : Les obligations l&#xE9;gales du Costa Rica dans le cadre de la Convention de Ramsar\" class=\"wp-image-18812\" srcset=\"https:\/\/www.sensorialsunsets.com\/wp-content\/uploads\/2024\/09\/image-6-1024x680.png 1024w, https:\/\/www.sensorialsunsets.com\/wp-content\/uploads\/2024\/09\/image-6-300x199.png 300w, https:\/\/www.sensorialsunsets.com\/wp-content\/uploads\/2024\/09\/image-6-768x510.png 768w, https:\/\/www.sensorialsunsets.com\/wp-content\/uploads\/2024\/09\/image-6-1536x1020.png 1536w, https:\/\/www.sensorialsunsets.com\/wp-content\/uploads\/2024\/09\/image-6-334x222.png 334w, https:\/\/www.sensorialsunsets.com\/wp-content\/uploads\/2024\/09\/image-6-1320x877.png 1320w, https:\/\/www.sensorialsunsets.com\/wp-content\/uploads\/2024\/09\/image-6.png 2048w\" sizes=\"auto, (max-width: 1024px) 100vw, 1024px\" \/><\/figure>\n\n\n\n<figure class=\"wp-block-image size-large\"><img loading=\"lazy\" decoding=\"async\" width=\"1008\" height=\"667\" data-id=\"18815\" src=\"https:\/\/www.sensorialsunsets.com\/wp-content\/uploads\/2024\/09\/image-5-edited.png\" alt=\"Gandoca \/ Manzanillo : Les obligations l&#xE9;gales du Costa Rica dans le cadre de la Convention de Ramsar\" class=\"wp-image-18815\" srcset=\"https:\/\/www.sensorialsunsets.com\/wp-content\/uploads\/2024\/09\/image-5-edited.png 1008w, https:\/\/www.sensorialsunsets.com\/wp-content\/uploads\/2024\/09\/image-5-edited-300x199.png 300w, https:\/\/www.sensorialsunsets.com\/wp-content\/uploads\/2024\/09\/image-5-edited-768x508.png 768w, https:\/\/www.sensorialsunsets.com\/wp-content\/uploads\/2024\/09\/image-5-edited-334x222.png 334w\" sizes=\"auto, (max-width: 1008px) 100vw, 1008px\" \/><\/figure>\n<\/figure>\n\n<h5 class=\"wp-block-heading\">Une enqu\u00eate a \u00e9t\u00e9 men\u00e9e sur certains sites sp\u00e9cialis\u00e9s pour savoir s&rsquo;il existait un pr\u00e9c\u00e9dent de demande de r\u00e9duction de la superficie d&rsquo;un site Ramsar par un \u00c9tat, mais aucune r\u00e9ponse n&rsquo;a \u00e9t\u00e9 obtenue jusqu&rsquo;\u00e0 pr\u00e9sent. Au niveau international, il y a quelques mois, une controverse a eu lieu en Inde avec une tentative, cette fois, de retirer la zone humide de Bhoj, inscrite sur la liste Ramsar depuis 2002 (voir <strong><a href=\"&#xAB;\" https:=\"\">fiche technique<\/a><\/strong>). La demande imm\u00e9diatement formul\u00e9e par le Secr\u00e9tariat de la Convention de Ramsar de v\u00e9rifier les raisons exactes invoqu\u00e9es et les mesures de compensation envisag\u00e9es (voir <strong><a href=\"&#xAB;\" https:=\"\">note<\/a><\/strong> de juillet 2024 du <em>Times of India<\/em>) a conduit, quelques jours plus tard, les autorit\u00e9s \u00e0 nier toute intention de retirer cette zone humide de la liste Ramsar (voir <strong><a href=\"&#xAB;\" https:=\"\">note<\/a><\/strong> du <em>The New Indian Express<\/em> du 5 ao\u00fbt).<\/h5>\n\n<p>En 2002, la 8e Conf\u00e9rence des \u00c9tats parties \u00e0 la Convention de Ramsar, en Espagne, a adopt\u00e9 une r\u00e9solution visant \u00e0 fournir des orientations aux \u00c9tats qui souhaitent soit retirer une zone humide de la Liste de Ramsar, soit en modifier les limites, et \u00e0 pr\u00e9voir une proc\u00e9dure \u00e0 cet \u00e9gard (voir <strong><a href=\"&#xAB;\" https:=\"\">text<\/a><\/strong> de la R\u00e9solution VIII.20 L&rsquo;Espagne a adopt\u00e9 une r\u00e9solution intitul\u00e9e \u00ab <em>Orientations g\u00e9n\u00e9rales pour l&rsquo;interpr\u00e9tation de l&rsquo;expression \u201cint\u00e9r\u00eats nationaux urgents\u201d dans l&rsquo;Article 2.5 de la Convention et pour l&rsquo;examen de la compensation au titre de l&rsquo;Article 4.2<\/em> \u00bb).<\/p>\n\n<p>Si les juridictions nationales costariciennes ont somm\u00e9 les autorit\u00e9s environnementales de se conformer \u00e0 ce qui leur a \u00e9t\u00e9 ordonn\u00e9 depuis 2019 \u00e0 Gandoca Manzanillo (voir <strong><a href=\"https:\/\/elmundo.cr\/costa-rica\/sala-iv-declara-incumplimiento-de-sentencia-que-ordena-delimitacion-de-188-hectareas-de-bosque-en-gandoca-manzanillo\/\">communiqu\u00e9 de presse<\/a><\/strong> d&rsquo;<em>Elmundo.cr<\/em> sur l&rsquo;arr\u00eat de la Chambre constitutionnelle pour d\u00e9sob\u00e9issance), cela ne peut en aucun cas s&rsquo;apparenter \u00e0 une situation d&rsquo;exception quelle qu&rsquo;elle soit.<\/p>\n\n<p>La tentative de r\u00e9duire les limites de la zone humide de Gandoca Manzanillo semble r\u00e9pondre \u00e0 une initiative pleine d&rsquo;esprit des autorit\u00e9s actuelles, l&rsquo;une des nombreuses dans la controverse g\u00e9n\u00e9r\u00e9e par leurs actions \u00e9tranges depuis l&rsquo;abattage des arbres dans cette partie du sud des Cara\u00efbes du Costa Rica : le \u00ab <em>affaire<\/em> \u00bb Gandoca Manzanillo promet de faire les gros titres de la presse costaricienne pendant longtemps en 2024.<\/p>\n\n<h3 class=\"wp-block-heading\">Dommages caus\u00e9s \u00e0 un site Ramsar au Costa Rica : un pr\u00e9c\u00e9dent pas si lointain<\/h3>\n\n<p>La volont\u00e9 des autorit\u00e9s costariciennes actuelles de limiter la port\u00e9e de leurs obligations au titre de la convention de Ramsar est plus que surprenante.<\/p>\n\n<p>D&rsquo;autant plus si l&rsquo;on se souvient que le Costa Rica a notoirement insist\u00e9 sur l&rsquo;extr\u00eame fragilit\u00e9 des sites Ramsar devant la Cour internationale de justice (CIJ) \u00e0 l&rsquo;occasion de l&rsquo;incursion ill\u00e9gale du Nicaragua en 2010 sur l&rsquo;\u00eele de Portillos, situ\u00e9e dans le Refuge des Cara\u00efbes du Nord-Est (\u00e9galement un site Ramsar inscrit en tant que tel par le Costa Rica, voir <strong><a href=\"&#xAB;\" https:=\"\">link<\/a><\/strong> et la carte du site).<\/p>\n\n<p>A cet \u00e9gard, une r\u00e9vision des plaidoiries du Costa Rica devant la justice internationale sur l&rsquo;importance des sites Ramsar pour le Costa Rica m\u00e9riterait une lecture (et si n\u00e9cessaire, &#8230; une relecture) urgente de la part des autorit\u00e9s costariciennes actuelles. En janvier 2011, une mission de la Convention de Ramsar est venue d\u00e9tailler les diff\u00e9rentes caract\u00e9ristiques du Northeast Caribbean Wildlife Refuge (voir<strong><a href=\"&#xAB;\" https:=\"\">mission report<\/a><\/strong> du 3 janvier 2011).<\/p>\n\n<h5 class=\"wp-block-heading\">Gandoca \/ Manzanillo : les obligations l\u00e9gales d\u00e9coulant de la Convention de Ramsar<\/h5>\n\n<p>Rappelons que le Costa Rica, en raison de ses caract\u00e9ristiques propres et de la valeur de la possession d&rsquo;un site Ramsar, a quantifi\u00e9 en 2010 devant les juges de la CIJ le montant des dommages environnementaux caus\u00e9s par le Nicaragua dans cette partie extr\u00eame du territoire costaricien \u00e0 6,7 millions de dollars : ce montant a \u00e9t\u00e9 obtenu \u00e0 partir d&rsquo;une m\u00e9thodologie parfaitement applicable aux autres sites Ramsar du Costa Rica. La d\u00e9cision de la CIJ sur le montant de l&rsquo;indemnisation des dommages environnementaux entre le Costa Rica et le Nicaragua en f\u00e9vrier 2018 (voir <strong><a href=\"&#xAB;\" https:=\"\">texte<\/a><\/strong>) pr\u00e9cise que :<\/p>\n\n<blockquote class=\"wp-block-quote is-layout-flow wp-block-quote-is-layout-flow\">\n<p><strong>45.<\/strong>\u00a0In the present case, the methodology that Costa Rica considers most appropriate, which it terms the \u201cecosystem services approach\u201d (or \u201cenvironmental services framework\u201d), follows the recommendations of an expert report commissioned from Fundaci\u00f3n Neotr\u00f3pica, a Costa Rican non-governmental organization. Costa Rica claims that the valuation of environmental damage pursuant to an ecosystem services approach is well recognized internationally, up-to-date, and is also appropriate for the wetland protected under the Ramsar Convention that Nicaragua has harmed.\u00a0 .. \/..\u00a0 \u00a0<strong>45.<\/strong>\u00a0Le Costa Rica estime que la m\u00e9thode la plus appropri\u00e9e en la pr\u00e9sente affaire est celle qu\u2019il appelle la \u00abm\u00e9thode des services \u00e9cosyst\u00e9miques\u00bb (ou \u00abcadre d\u2019\u00e9valuation des services environnementaux\u00bb), qui suit les recommandations d\u2019un rapport d\u2019experts \u00e9tabli \u00e0 la demande du Costa Rica par la Fundaci\u00f3n Neotr\u00f3pica, une organisation non gouvernementale costa-ricienne. Il soutient que cette m\u00e9thode d\u2019\u00e9valuation des dommages environnementaux est largement reconnue sur le plan international, qu\u2019elle est moderne et aussi adapt\u00e9e \u00e0 la zone humide dont la convention de Ramsar impose la protection et \u00e0 laquelle le Nicaragua a port\u00e9 atteinte.<\/p>\n<\/blockquote>\n\n<p>La m\u00e9thodologie des services \u00e9cosyst\u00e9miques utilis\u00e9e par le Costa Rica n&rsquo;a pas \u00e9t\u00e9 valid\u00e9e par la CIJ, qui a condamn\u00e9 le Nicaragua \u00e0 ne payer que 378 000 USD au lieu des 6,7 millions USD demand\u00e9s par le Costa Rica (voir le paragraphe 157 de la <strong><a href=\"&#xAB;\" https:=\"\">d\u00e9cision<\/a><\/strong> de la CIJ) : il s&rsquo;agit d&rsquo;une grave lacune de l&rsquo;\u00e9quipe juridique en charge de la d\u00e9fense du Costa Rica devant les juges de La Haye par rapport \u00e0 celle du Nicaragua, qui a \u00e9t\u00e9 tr\u00e8s peu analys\u00e9e.<\/p>\n\n<h3 class=\"wp-block-heading\">Une m\u00e9thodologie pour quantifier les dommages environnementaux dans les sites Ramsar et au-del\u00e0<\/h3>\n\n<p>Cependant, cette m\u00e9thodologie officialis\u00e9e par le Costa Rica devant la CIJ comme \u00e9tant valide et internationalement reconnue, devrait \u00eatre applicable \u00e0 d&rsquo;autres cas dans lesquels une \u00e9valuation des dommages environnementaux doit \u00eatre effectu\u00e9e sur le territoire costaricien.<\/p>\n\n<p>Et plus encore, lorsqu&rsquo;il s&rsquo;agit d&rsquo;une zone humide d&rsquo;importance mondiale inscrite comme site Ramsar : c&rsquo;est pr\u00e9cis\u00e9ment ce que l&rsquo;on peut v\u00e9rifier dans cette publication officielle costaricienne r\u00e9alis\u00e9e par le m\u00eame SINAC (Syst\u00e8me national des aires de conservation) en 2017 et intitul\u00e9e \u00ab <em>\u00c9valuation des services \u00e9cosyst\u00e9miques fournis par sept des zones humides prot\u00e9g\u00e9es d&rsquo;importance internationale au Costa Rica : Palo Verde, Caribe Noreste, Ca\u00f1o Negro, Gandoca Manzanillo, Maquenque, T\u00e9rraba Sierpe et Las Baulas<\/em>\u00ab (voir <strong><a href=\"&#xBB;https:\/\/www.\" sinac.go.cr=\"\">texte<\/a><\/strong>).<\/p>\n\n<p>En 2019, un rapport technique sur l&rsquo;extension de certains sites Ramsar a \u00e9t\u00e9 publi\u00e9, sous l&rsquo;\u00e9gide de deux agences des Nations Unies (PNUD et FEM), sous le titre \u00ab\u00a0<em>Supporting Technical Report on the extension of the boundaries of Ramsar sites : Ca\u00f1o Negro National Wildlife Refuge, Northeast Caribbean Wetland and T\u00e9rraba Sierpe Wetland<\/em>\u00a0\u00bb (voir <strong><a href=\"https:\/\/enbcr.go.cr\/sites\/default\/files\/informe_ampliaciones_humedales_2019.pdf\">text<\/a><\/strong>).<\/p>\n\n<p>Dans une note que nous avons eu l&rsquo;occasion de r\u00e9diger lors de l&rsquo;annonce de la d\u00e9cision de la CIJ entre le Costa Rica et le Nicaragua (<strong>Note 2<\/strong>), nous avons sugg\u00e9r\u00e9 que la d\u00e9cision de la CIJ soit prise en compte :<\/p>\n\n<blockquote class=\"wp-block-quote is-layout-flow wp-block-quote-is-layout-flow\">\n<p><em>Le Costa Rica ayant officialis\u00e9 cette m\u00e9thodologie pour quantifier tr\u00e8s pr\u00e9cis\u00e9ment (et exhaustivement) les dommages environnementaux caus\u00e9s par le Nicaragua sur l&rsquo;\u00eele de Portillos devant les juges de la CIJ, la question se pose de savoir si cette m\u00eame m\u00e9thodologie ne devrait pas d\u00e9sormais \u00eatre appliqu\u00e9e de la m\u00eame mani\u00e8re \u00e0 la destruction de zones humides d&rsquo;importance internationale, d&rsquo;\u00e9cosyst\u00e8mes et de for\u00eats qui a lieu au Costa Rica dans la plus grande impunit\u00e9 depuis de nombreuses ann\u00e9es. De nombreuses plaintes finissent par \u00eatre class\u00e9es par le Tribunal administratif de l&rsquo;environnement (TAA) en l&rsquo;absence d&rsquo;une \u00e9valuation des dommages environnementaux par l&rsquo;\u00c9tat costaricien : l&rsquo;un des arguments avanc\u00e9s est l&rsquo;absence d&rsquo;une m\u00e9thodologie valid\u00e9e par l&rsquo;\u00c9tat pour l&rsquo;\u00e9valuation des dommages environnementaux.<\/em><\/p>\n<\/blockquote>\n\n<h3 class=\"wp-block-heading\">Gandoca Manzanillo : Intimidation et menaces \u00e0 l&rsquo;encontre des \u00e9cologistes dans les Cara\u00efbes du Sud<\/h3>\n\n<p>Rappelons qu&rsquo;il y a plus de deux ans, en ao\u00fbt 2022, l&rsquo;utilisation du terme \u00ab <em>terroriste<\/em> \u00bb par un d\u00e9put\u00e9 &#8211; avec seulement quelques mois sur son CV &#8211; pour d\u00e9signer des groupes \u00e9cologistes du Sud Cara\u00efbe du Costa Rica avait donn\u00e9 lieu \u00e0 une demande d&rsquo;\u00e9claircissement : voir <strong><a href=\"&#xAB;\" https:=\"\">note<\/a><\/strong> par SurcosDigital. En m\u00eame temps, on attendait (et on attend toujours&#8230; \u00e0 ce jour) une r\u00e9primande ou une sanction, ou une expression de regret de la part du Bureau de l&rsquo;Assembl\u00e9e l\u00e9gislative pour l&rsquo;utilisation d&rsquo;un tel adjectif venant d&rsquo;un l\u00e9gislateur costaricien : en effet, inciter \u00e0 la haine, stigmatiser un petit groupe, disqualifier leurs actions avec des adjectifs de cette nature ne devrait pas \u00eatre acceptable lorsqu&rsquo;il s&rsquo;agit d&rsquo;un membre de l&rsquo;Assembl\u00e9e L\u00e9gislative.<\/p>\n\n<p>L&rsquo;incitation \u00e0 la haine contre ceux qui d\u00e9fendent l&rsquo;environnement \u00e0 Gandoca Manzanillo est un sujet extr\u00eamement grave, et les glissements s\u00e9mantiques, quels qu&rsquo;ils soient, ne doivent pas \u00eatre autoris\u00e9s.<\/p>\n\n<p>Dans cette interview publi\u00e9e sur le site de l&rsquo;Universit\u00e9 du Costa Rica (UCR) en 2021 (voir <strong><a href=\"&#xAB;\" https:=\"\">interview compl\u00e8te<\/a><\/strong>), on peut lire de la part de la c\u00e9l\u00e8bre auteure Ana Cristina Rossi, que :<\/p>\n\n<blockquote class=\"wp-block-quote is-layout-flow wp-block-quote-is-layout-flow\">\n<p>J&rsquo;\u00e9tais aux Pays-Bas de 1995 \u00e0 2000 et je suis parti parce que je savais qu&rsquo;ils allaient me tuer. Fin 1994, ils avaient tu\u00e9 Mar\u00eda del Mar Cordero, \u00d3scar Fallas Bald\u00ed, Jaime Bustamante et David Maradiaga, les quatre membres de l&rsquo;AECO (Asociaci\u00f3n Ecologista Costarricense) qui avaient gagn\u00e9 la lutte contre l&rsquo;usine de copeaux de bois \u00e0 Golfo Dulce. Mar\u00eda del Mar, qui \u00e9tait mon amie, m&rsquo;a appel\u00e9e et m&rsquo;a dit : \u00ab Ana, tu devrais voir qu&rsquo;ils m&rsquo;appellent aussi et me menacent \u00bb, j&rsquo;avais d\u00e9j\u00e0 \u00e9crit La loca de Gandoca. J&rsquo;avais d\u00e9j\u00e0 \u00e9crit La loca de Gandoca. Cela m&rsquo;a sauv\u00e9 des premi\u00e8res menaces parce qu&rsquo;il y avait des noms d\u00e9guis\u00e9s comme Tigre Fr\u00edo, l&rsquo;un de ceux qui me mena\u00e7aient le plus. En inscrivant ces noms, j&rsquo;ai stopp\u00e9 la premi\u00e8re vague de menaces. Lorsque Mar\u00eda del Mar m&rsquo;a appel\u00e9, je lui ai dit : \u00ab Je suis sceptique, \u00e9cris un article, qu&rsquo;il soit publi\u00e9, qu&rsquo;il soit enregistr\u00e9.<\/p>\n<\/blockquote>\n\n<p>Pr\u00e8s de trois ans apr\u00e8s cette interview, le 14 ao\u00fbt 2024, un forum a \u00e9t\u00e9 organis\u00e9 par l&rsquo;\u00c9cole des sciences sociales du Tecnol\u00f3gico de Costa Rica (TEC) \u00e0 Cartago, en pr\u00e9sence de ce prestigieux auteur (voir <strong><a href=\"&#xAB;\" https:=\"\">vid\u00e9o<\/a> <\/strong>du forum), sur l&rsquo;histoire et la situation actuelle des Cara\u00efbes du Sud dans la r\u00e9gion de Gandoca.<\/p>\n\n<h5 class=\"wp-block-heading\">Les dommages caus\u00e9s aux sites Ramsar pourraient s&rsquo;appliquer dans des cas similaires \u00e0 l&rsquo;int\u00e9rieur du pays.<\/h5>\n\n<p>Dans ce forum, il a \u00e9t\u00e9 pr\u00e9cis\u00e9 que face aux d\u00e9nonciations et aux avertissements formul\u00e9s il y a plus de 30 ans, aux intimidations et aux menaces de mort qui l&rsquo;ont pouss\u00e9e \u00e0 \u00e9crire le c\u00e9l\u00e8bre roman \u00ab La loca de Gandoca \u00bb et \u00e0 quitter le pays, il semble qu&rsquo;aujourd&rsquo;hui, le Costa Rica dispose d&rsquo;autorit\u00e9s pr\u00eates \u00e0 les ignorer, sur la base d&rsquo;un discours officiel qui d\u00e9forme la r\u00e9alit\u00e9, interpr\u00e8te les r\u00e9glementations applicables de mani\u00e8re fantaisiste et stigmatise les \u00e9cologistes en cherchant \u00e0 attiser les esprits. Le tout accompagn\u00e9 d&rsquo;une strat\u00e9gie de communication extr\u00eamement intense d\u00e9ploy\u00e9e sur les r\u00e9seaux sociaux.<\/p>\n\n<p>On notera que cette m\u00eame d\u00e9formation des faits et des \u00e9pisodes a \u00e9galement \u00e9t\u00e9 observ\u00e9e dans un communiqu\u00e9 officiel du Costa Rica concernant Crucitas diffus\u00e9 le 15 juillet 2024 (<strong>Note 3<\/strong>) : un r\u00e9cent rapport d&rsquo;un groupe de journalistes d&rsquo;investigation (voir <strong><a href=\"https:\/\/vozdeguanacaste. com\/paises-minados-abangares-lavadora-oro-ilegal-crucitas\/\">article<\/a><\/strong> de <em>La Voz de Guanacaste<\/em>) confirme que l&rsquo;affirmation selon laquelle \u201c<em>les coligalleros volent l&rsquo;or pour l&#8217;emmener au Nicaragua<\/em>\u201d n&rsquo;est qu&rsquo;une l\u00e9gende de plus, parmi tant d&rsquo;autres promues par les autorit\u00e9s costariciennes actuelles et certains de leurs relais locaux (les partisans, mais aussi les associations professionnelles et commerciales et leurs \u00ab <em>experts<\/em> \u00bb). Concernant les pr\u00e9tendues ressources que l&rsquo;exploitation de l&rsquo;or g\u00e9n\u00e9rerait pour l&rsquo;\u00c9tat costaricien, une autre l\u00e9gende tr\u00e8s persistante a \u00e9t\u00e9 d\u00e9couverte cette fois par deux talentueux journalistes du Semanario Universidad en 2020 : voir l&rsquo;<strong><a href=\"&#xAB;\" https:=\"\">article<\/a><\/strong> intitul\u00e9 \u00ab <em>Costa Rica exporte des millions de dollars en or qui ne paient pas d&rsquo;imp\u00f4ts<\/em> \u00bb.<\/p>\n\n<p>Laissant de c\u00f4t\u00e9 les l\u00e9gendes qui circulent au Costa Rica autour de l&rsquo;or, et revenant \u00e0 Gandoca Mazanillo, il est \u00e9vident que de nombreuses organisations environnementales et des membres de petites communaut\u00e9s qui d\u00e9noncent les violations de la l\u00e9gislation environnementale dans le sud des Cara\u00efbes se trouvent sans d\u00e9fense.<\/p>\n\n<h5 class=\"wp-block-heading\">M\u00e9thodologie de quantification des dommages environnementaux<\/h5>\n\n<p>De ce point de vue, il convient de noter l&rsquo;absence persistante du Costa Rica en tant qu&rsquo;\u00c9tat partie \u00e0 l&rsquo;accord d&rsquo;Escaz\u00fa, adopt\u00e9 en mars 2018 \u00e0 &#8230; Costa Rica (<strong>Note 4<\/strong>). Le 28 ao\u00fbt, la Cour constitutionnelle a rendu publique sa d\u00e9cision favorable concernant l&rsquo;accord d&rsquo;Escaz\u00fa (voir <strong><a href=\"https:\/\/www.minambiente.gov. co\/historico-escazu-is-a-reality-in-colombia-la-corte-avala-su-constitucionalidad\/&#xAB; &gt;communiqu&#xE9; officiel&lt;\/a&gt; &lt;\/strong&gt;des autorit&#xE9;s environnementales colombiennes), de sorte que le d&#xE9;p&#xF4;t de l'instrument de ratification &#xE0; l'ONU par la Colombie est imminent, qui rejoindrait les 16 &#xC9;tats qui l'ont d&#xE9;j&#xE0; ratifi&#xE9; (voir &lt;strong&gt;&lt;a href= &#xBB;https:\/\/treaties. un.org\/Pages\/ViewDetails.aspx?src=IND&amp;mtdsg_no=XXVII-18&amp;chapter=27&amp;clang=_en\">statut officiel<\/a><\/strong> des signatures et ratifications).<\/p>\n\n<p>La Cour constitutionnelle colombienne n&rsquo;a trouv\u00e9 aucun des \u00e9tranges \u00ab\u00a0<em>findings<\/em>\u00a0\u00bb du syst\u00e8me judiciaire costaricain pour entraver son traitement, auxquels nous avons fait r\u00e9f\u00e9rence dans notre article susmentionn\u00e9 et dans un article pr\u00e9c\u00e9dent sur les v\u00e9ritables \u00ab\u00a0<em>mythes<\/em>\u00a0\u00bb cr\u00e9\u00e9s par certains secteurs contre l&rsquo;accord d&rsquo;Escaz\u00fa (<strong>Note 5<\/strong>).<\/p>\n\n<h6 class=\"wp-block-heading has-white-color has-text-color has-link-color wp-elements-81b1cafda3ba4c0029aac20ce3ebd0de\">Gandoca \/ Manzanillo<\/h6>\n\n<figure class=\"wp-block-gallery has-nested-images columns-default is-cropped wp-block-gallery-3 is-layout-flex wp-block-gallery-is-layout-flex\">\n<figure class=\"wp-block-image size-large\"><img loading=\"lazy\" decoding=\"async\" width=\"675\" height=\"380\" data-id=\"18821\" src=\"https:\/\/www.sensorialsunsets.com\/wp-content\/uploads\/2024\/09\/image-8.png\" alt=\"\" class=\"wp-image-18821\" srcset=\"https:\/\/www.sensorialsunsets.com\/wp-content\/uploads\/2024\/09\/image-8.png 675w, https:\/\/www.sensorialsunsets.com\/wp-content\/uploads\/2024\/09\/image-8-300x169.png 300w\" sizes=\"auto, (max-width: 675px) 100vw, 675px\" \/><\/figure>\n\n\n\n<figure class=\"wp-block-image size-large\"><img loading=\"lazy\" decoding=\"async\" width=\"1024\" height=\"448\" data-id=\"18824\" src=\"https:\/\/www.sensorialsunsets.com\/wp-content\/uploads\/2024\/09\/image-9-1024x448.png\" alt=\"Gandoca \/ Manzanillo : Les obligations l&#xE9;gales du Costa Rica dans le cadre de la Convention de Ramsar\" class=\"wp-image-18824\" srcset=\"https:\/\/www.sensorialsunsets.com\/wp-content\/uploads\/2024\/09\/image-9-1024x448.png 1024w, https:\/\/www.sensorialsunsets.com\/wp-content\/uploads\/2024\/09\/image-9-300x131.png 300w, https:\/\/www.sensorialsunsets.com\/wp-content\/uploads\/2024\/09\/image-9-768x336.png 768w, https:\/\/www.sensorialsunsets.com\/wp-content\/uploads\/2024\/09\/image-9.png 1200w\" sizes=\"auto, (max-width: 1024px) 100vw, 1024px\" \/><\/figure>\n\n\n\n<figure class=\"wp-block-image size-large\"><img loading=\"lazy\" decoding=\"async\" width=\"800\" height=\"565\" data-id=\"18827\" src=\"https:\/\/www.sensorialsunsets.com\/wp-content\/uploads\/2024\/09\/image-10.png\" alt=\"\" class=\"wp-image-18827\" srcset=\"https:\/\/www.sensorialsunsets.com\/wp-content\/uploads\/2024\/09\/image-10.png 800w, https:\/\/www.sensorialsunsets.com\/wp-content\/uploads\/2024\/09\/image-10-300x212.png 300w, https:\/\/www.sensorialsunsets.com\/wp-content\/uploads\/2024\/09\/image-10-768x542.png 768w\" sizes=\"auto, (max-width: 800px) 100vw, 800px\" \/><\/figure>\n<\/figure>\n\n<p>En ce qui concerne le pouvoir ex\u00e9cutif et les intimidations de toutes sortes subies par ceux qui d\u00e9fendent l&rsquo;environnement \u00e0 Gandoca Manzanillo, la r\u00e9cente comparution de la plus haute autorit\u00e9 en mati\u00e8re d&rsquo;environnement devant une commission de l&rsquo;Assembl\u00e9e l\u00e9gislative le 6 ao\u00fbt (voir <strong><a href=\"&#xAB;\" https:=\"\">vid\u00e9o<\/a><\/strong>) a d\u00e9not\u00e9 une m\u00e9connaissance assez inqui\u00e9tante : voir le \u00ab <em>Je ne sais pas<\/em> \u00bb que l&rsquo;on entend de sa bouche \u00e0 la minute 1:52:01 et qu&rsquo;il r\u00e9p\u00e8te \u00e0 trois reprises.<\/p>\n\n<p>A noter que quelques jours avant la comparution du ministre costaricien de l&rsquo;environnement, la presse avait fait \u00e9tat de menaces (voir <strong><a href=\"&#xAB;\" https:=\"\">article<\/a><\/strong> du 2 ao\u00fbt dans le <em>Semanario Universidad<\/em> et <strong><a href=\"&#xAB;\" https:=\"\">note<\/a><\/strong> du 29 juillet 2024). Un mois plus t\u00f4t (fin juin), un autre environnementaliste des Cara\u00efbes du Sud avait \u00e9galement rendu publiques les menaces re\u00e7ues \u00e0 son encontre (voir <strong><a href=\"&#xAB;\" https:=\"\">note<\/a><\/strong> de <em>Elpais.cr<\/em> du 26 juin 2024).<\/p>\n\n<h5 class=\"wp-block-heading\"><em><strong>En guise de conclusion<\/strong><\/em><\/h5>\n\n<p>Au-del\u00e0 de la s\u00e9lection limit\u00e9e des m\u00e9dias \u00e0 laquelle le cabinet actuel du ministre de l&rsquo;environnement et ses conseillers semblent avoir acc\u00e8s, il convient de noter d&#8217;embl\u00e9e que la r\u00e9vision \u00e0 la baisse des limites des sites Ramsar offre un spectacle rarement vu au sein de la communaut\u00e9 internationale.<\/p>\n\n<p>En ce qui concerne le Costa Rica et les r\u00e9glementations environnementales en vigueur, cette gestion inhabituelle semble se heurter \u00e0 une r\u00e9sistance interne au sein m\u00eame de l&rsquo;appareil d&rsquo;\u00c9tat de la part de fonctionnaires courageux attach\u00e9s \u00e0 l&rsquo;importance d&rsquo;un site inscrit sur la liste de Ramsar.<\/p>\n\n<p>D&rsquo;autre part, l&rsquo;action en d\u00e9sob\u00e9issance devant les tribunaux constitutionnels confirme le refus des autorit\u00e9s actuelles (et des pr\u00e9c\u00e9dentes&#8230;) de se conformer pleinement aux ordonnances de la Chambre constitutionnelle depuis 2019 \u00e0 Gandoca Manzanillo.<\/p>\n\n<h6 class=\"wp-block-heading has-white-color has-text-color has-link-color wp-elements-81b1cafda3ba4c0029aac20ce3ebd0de\">Gandoca \/ Manzanillo<\/h6>\n\n<p>Si la m\u00e9thodologie de quantification des dommages environnementaux reste une v\u00e9ritable lacune de l&rsquo;\u00c9tat costaricien (qui n&rsquo;a pas voulu se doter de ce pr\u00e9cieux outil juridique), du point de vue du syst\u00e8me juridique international, on peut affirmer que le droit international ne permet en aucune fa\u00e7on de r\u00e9duire les limites d&rsquo;une zone humide inscrite sur la liste des sites Ramsar : en effet, l&rsquo;article 4 susmentionn\u00e9 stipule clairement qu&rsquo;une d\u00e9cision de cette nature ne peut \u00eatre prise que \u00ab\u00a0<em>pour des raisons urgentes d&rsquo;int\u00e9r\u00eat national\u00a0\u00bb<\/em>.<\/p>\n\n<p>En l&rsquo;absence d&rsquo;une situation \u00ab d&rsquo;urgence \u00bb particuli\u00e8rement pressante en septembre 2024, les autorit\u00e9s nationales devraient proc\u00e9der \u00e0 l&rsquo;accomplissement du mandat que le Costa Rica a assum\u00e9 devant la communaut\u00e9 internationale, en inscrivant Gandoca Manzanillo comme site Ramsar : consolider les r\u00e8gles de protection existantes pour ce site, \u00e9tendre et renforcer leur port\u00e9e si n\u00e9cessaire, plut\u00f4t que d&rsquo;essayer de les r\u00e9viser \u00e0 la baisse.<\/p>\n\n<p>Par ailleurs, obliger les autorit\u00e9s environnementales costariciennes actuelles \u00e0 respecter sans plus tarder les obligations nationales d\u00e9coulant du cadre juridique existant \u00e0 Gandoca Manzanillo et des d\u00e9cisions ant\u00e9rieures de la justice costaricienne, en sanctionnant les responsables des coupes de bois observ\u00e9es en 2024, est clairement une t\u00e2che qui attend de toute urgence le secteur environnemental costaricien et le reste de la soci\u00e9t\u00e9 costaricienne dans son ensemble.<\/p>\n\n<h3 class=\"wp-block-heading\">Notes<\/h3>\n\n<p><strong>Note 1 : <\/strong>Nous renvoyons nos estim\u00e9s lecteurs \u00e0 une courte liste (non exhaustive) de projets ayant donn\u00e9 lieu \u00e0 des scandales environnementaux au Costa Rica, approuv\u00e9e par la SETENA au cours de la deuxi\u00e8me semaine de d\u00e9cembre : voir <strong>BOEGLIN N.<\/strong>, \u00ab <em>Participaci\u00f3n ciudadana en materia ambiental : breves apuntes relativos a una reciente sentencia \u00bb,<\/em> 11 juillet 2023. Texte disponible <a href=\"&#xAB;\" https:=\"\"><strong>ici<\/strong><\/a>.<\/p>\n\n<p><strong>Note 2<\/strong> : Voir <strong>BOEGLIN N.<\/strong>, \u00ab <em>Costa Rica-Nicaragua : notes sur la compensation pour les dommages environnementaux \u00e0 Isla Portillos fix\u00e9e par la CIJ<\/em> \u00bb, 2 f\u00e9vrier 2018. Texte disponible<strong> <a href=\"&#xAB;\" https:=\"\">ici<\/a><\/strong>.<\/p>\n\n<p><strong>Note 3<\/strong> : Voir \u00e0 cet \u00e9gard <strong>BOEGLIN N.<\/strong>, <em>\u00ab <\/em><em>Infinito Gold c. Costa Rica devant le CIRDI : plus d&rsquo;un mois apr\u00e8s une d\u00e9claration officielle du Costa Rica omettant des informations officielles du CIRDI &#8230;<\/em> \u00bb, 19 ao\u00fbt 2024. Texte disponible <a href=\"&#xAB;\" https:=\"\"><strong>ici<\/strong><\/a>.<\/p>\n\n<p><strong>Note 4<\/strong> : Nous renvoyons nos estim\u00e9s lecteurs \u00e0 <strong>BOEGLIN N.<\/strong>, \u00ab <em>Costa Rica y el Acuerdo de Escaz\u00fa : historia de una persistente ausencia<\/em> \u00bb, Revista de Ciencias Ambientales (UNA, Heredia), Vol. 58 (2024), pp.1-11. Texte int\u00e9gral de l&rsquo;article disponible <strong><a href=\"&#xAB;\" https:=\"\">ici<\/a><\/strong>.<\/p>\n\n<p>Note 5 : Voir BOEGLIN N., \u00ab Les mythes sont arriv\u00e9s ! \u00c0 propos des r\u00e9cents communiqu\u00e9s contre l&rsquo;Accord d&rsquo;Escaz\u00fa \u00bb, section \u00ab\u00a0Voz Experta\u00a0\u00bb, portail de l&rsquo;Universit\u00e9 du Costa Rica (UCR), 16 d\u00e9cembre 2020. Texte disponible ici. Concernant le caract\u00e8re insolite de la d\u00e9couverte faite par le Pouvoir judiciaire, qui apparemment n&rsquo;a pas suscit\u00e9 de grandes critiques au Costa Rica, nous renvoyons au sous-titre \u00ab La profonde solitude du Pouvoir judiciaire costaricien en Am\u00e9rique latine \u00bb dans notre article publi\u00e9 sur le site juridique sp\u00e9cialis\u00e9 de DerechoalDia, dans son \u00e9dition du 17 novembre 2022.<\/p>\n","protected":false},"excerpt":{"rendered":"<p>Gandoca \/ Manzanillo:les obligations l\u00e9gales que la Convention de Ramsar implique pour le Costa Rica Alors que l&rsquo;abattage d&rsquo;arbres dans la r\u00e9gion de Gandoca Manzanillo, au sud des Cara\u00efbes du Costa Rica, fait l&rsquo;objet d&rsquo;une controverse soutenue, caus\u00e9e en grande partie par l&rsquo;attitude bizarre des autorit\u00e9s charg\u00e9es de la protection de l&rsquo;environnement, un rapport r\u00e9cent [&hellip;]<\/p>\n","protected":false},"author":4,"featured_media":18808,"comment_status":"closed","ping_status":"closed","sticky":false,"template":"","format":"standard","meta":{"_acf_changed":false,"inline_featured_image":false,"_monsterinsights_skip_tracking":false,"_monsterinsights_sitenote_active":false,"_monsterinsights_sitenote_note":"","_monsterinsights_sitenote_category":0,"footnotes":""},"categories":[1],"tags":[],"class_list":["post-18834","post","type-post","status-publish","format-standard","has-post-thumbnail","hentry","category-non-classifiee"],"acf":[],"yoast_head":"<!-- This site is optimized with the Yoast SEO plugin v27.4 - https:\/\/yoast.com\/product\/yoast-seo-wordpress\/ -->\n<title>Gandoca Manzanillo : la Convention de Ramsar pour le Costa Rica<\/title>\n<meta name=\"description\" content=\"Gandoca \/ Manzanillo : obligations l\u00e9gales impliqu\u00e9es par la Convention de Ramsar dans les exploitations foresti\u00e8res de la r\u00e9gion.\" \/>\n<meta name=\"robots\" content=\"index, follow, max-snippet:-1, max-image-preview:large, max-video-preview:-1\" \/>\n<link rel=\"canonical\" href=\"https:\/\/www.sensorialsunsets.com\/fr\/gandoca-manzanillo-les-obligations-legales-du-costa-rica-dans-le-cadre-de-la-convention-de-ramsar\/\" \/>\n<meta property=\"og:locale\" content=\"fr_FR\" \/>\n<meta property=\"og:type\" content=\"article\" \/>\n<meta property=\"og:title\" content=\"Gandoca Manzanillo : la Convention de Ramsar pour le Costa Rica\" \/>\n<meta property=\"og:description\" content=\"Gandoca \/ Manzanillo : obligations l\u00e9gales impliqu\u00e9es par la Convention de Ramsar dans les exploitations foresti\u00e8res de la r\u00e9gion.\" \/>\n<meta property=\"og:url\" content=\"https:\/\/www.sensorialsunsets.com\/fr\/gandoca-manzanillo-les-obligations-legales-du-costa-rica-dans-le-cadre-de-la-convention-de-ramsar\/\" \/>\n<meta property=\"og:site_name\" content=\"SensorialSunsets\" \/>\n<meta property=\"article:publisher\" content=\"https:\/\/www.facebook.com\/Sensorial-Sunsets-109180614715562\" \/>\n<meta property=\"article:published_time\" content=\"2024-09-18T23:14:59+00:00\" \/>\n<meta property=\"article:modified_time\" content=\"2024-09-18T23:17:55+00:00\" \/>\n<meta property=\"og:image\" content=\"https:\/\/www.sensorialsunsets.com\/wp-content\/uploads\/2024\/09\/image-4-1024x680.png\" \/>\n\t<meta property=\"og:image:width\" content=\"1024\" \/>\n\t<meta property=\"og:image:height\" content=\"680\" \/>\n\t<meta property=\"og:image:type\" content=\"image\/png\" \/>\n<meta name=\"author\" content=\"Sensorial Sunsets\" \/>\n<meta name=\"twitter:card\" content=\"summary_large_image\" \/>\n<meta name=\"twitter:label1\" content=\"\u00c9crit par\" \/>\n\t<meta name=\"twitter:data1\" content=\"Sensorial Sunsets\" \/>\n\t<meta name=\"twitter:label2\" content=\"Dur\u00e9e de lecture estim\u00e9e\" \/>\n\t<meta name=\"twitter:data2\" content=\"21 minutes\" \/>\n<script type=\"application\/ld+json\" class=\"yoast-schema-graph\">{\"@context\":\"https:\\\/\\\/schema.org\",\"@graph\":[{\"@type\":\"Article\",\"@id\":\"https:\\\/\\\/www.sensorialsunsets.com\\\/fr\\\/gandoca-manzanillo-les-obligations-legales-du-costa-rica-dans-le-cadre-de-la-convention-de-ramsar\\\/#article\",\"isPartOf\":{\"@id\":\"https:\\\/\\\/www.sensorialsunsets.com\\\/fr\\\/gandoca-manzanillo-les-obligations-legales-du-costa-rica-dans-le-cadre-de-la-convention-de-ramsar\\\/\"},\"author\":{\"name\":\"Sensorial Sunsets\",\"@id\":\"https:\\\/\\\/www.sensorialsunsets.com\\\/fr\\\/#\\\/schema\\\/person\\\/77e2fa594135aa94024c47e281d8a94d\"},\"headline\":\"Gandoca \\\/ Manzanillo : Les obligations l\u00e9gales du Costa Rica dans le cadre de la Convention de Ramsar\",\"datePublished\":\"2024-09-18T23:14:59+00:00\",\"dateModified\":\"2024-09-18T23:17:55+00:00\",\"mainEntityOfPage\":{\"@id\":\"https:\\\/\\\/www.sensorialsunsets.com\\\/fr\\\/gandoca-manzanillo-les-obligations-legales-du-costa-rica-dans-le-cadre-de-la-convention-de-ramsar\\\/\"},\"wordCount\":4495,\"publisher\":{\"@id\":\"https:\\\/\\\/www.sensorialsunsets.com\\\/fr\\\/#organization\"},\"image\":{\"@id\":\"https:\\\/\\\/www.sensorialsunsets.com\\\/fr\\\/gandoca-manzanillo-les-obligations-legales-du-costa-rica-dans-le-cadre-de-la-convention-de-ramsar\\\/#primaryimage\"},\"thumbnailUrl\":\"https:\\\/\\\/www.sensorialsunsets.com\\\/wp-content\\\/uploads\\\/2024\\\/09\\\/image-4.png\",\"articleSection\":[\"Non classifi\u00e9(e)\"],\"inLanguage\":\"fr-FR\"},{\"@type\":\"WebPage\",\"@id\":\"https:\\\/\\\/www.sensorialsunsets.com\\\/fr\\\/gandoca-manzanillo-les-obligations-legales-du-costa-rica-dans-le-cadre-de-la-convention-de-ramsar\\\/\",\"url\":\"https:\\\/\\\/www.sensorialsunsets.com\\\/fr\\\/gandoca-manzanillo-les-obligations-legales-du-costa-rica-dans-le-cadre-de-la-convention-de-ramsar\\\/\",\"name\":\"Gandoca Manzanillo : la Convention de Ramsar pour le Costa Rica\",\"isPartOf\":{\"@id\":\"https:\\\/\\\/www.sensorialsunsets.com\\\/fr\\\/#website\"},\"primaryImageOfPage\":{\"@id\":\"https:\\\/\\\/www.sensorialsunsets.com\\\/fr\\\/gandoca-manzanillo-les-obligations-legales-du-costa-rica-dans-le-cadre-de-la-convention-de-ramsar\\\/#primaryimage\"},\"image\":{\"@id\":\"https:\\\/\\\/www.sensorialsunsets.com\\\/fr\\\/gandoca-manzanillo-les-obligations-legales-du-costa-rica-dans-le-cadre-de-la-convention-de-ramsar\\\/#primaryimage\"},\"thumbnailUrl\":\"https:\\\/\\\/www.sensorialsunsets.com\\\/wp-content\\\/uploads\\\/2024\\\/09\\\/image-4.png\",\"datePublished\":\"2024-09-18T23:14:59+00:00\",\"dateModified\":\"2024-09-18T23:17:55+00:00\",\"description\":\"Gandoca \\\/ Manzanillo : obligations l\u00e9gales impliqu\u00e9es par la Convention de Ramsar dans les exploitations foresti\u00e8res de la r\u00e9gion.\",\"inLanguage\":\"fr-FR\",\"potentialAction\":[{\"@type\":\"ReadAction\",\"target\":[\"https:\\\/\\\/www.sensorialsunsets.com\\\/fr\\\/gandoca-manzanillo-les-obligations-legales-du-costa-rica-dans-le-cadre-de-la-convention-de-ramsar\\\/\"]}]},{\"@type\":\"ImageObject\",\"inLanguage\":\"fr-FR\",\"@id\":\"https:\\\/\\\/www.sensorialsunsets.com\\\/fr\\\/gandoca-manzanillo-les-obligations-legales-du-costa-rica-dans-le-cadre-de-la-convention-de-ramsar\\\/#primaryimage\",\"url\":\"https:\\\/\\\/www.sensorialsunsets.com\\\/wp-content\\\/uploads\\\/2024\\\/09\\\/image-4.png\",\"contentUrl\":\"https:\\\/\\\/www.sensorialsunsets.com\\\/wp-content\\\/uploads\\\/2024\\\/09\\\/image-4.png\",\"width\":1505,\"height\":1000},{\"@type\":\"WebSite\",\"@id\":\"https:\\\/\\\/www.sensorialsunsets.com\\\/fr\\\/#website\",\"url\":\"https:\\\/\\\/www.sensorialsunsets.com\\\/fr\\\/\",\"name\":\"SensorialSunsets.com\",\"description\":\"D\u00e9couvrez la culture et la soci\u00e9t\u00e9 du Costa Rica sur notre blog. Explorez des articles captivants et partagez le contenu.\",\"publisher\":{\"@id\":\"https:\\\/\\\/www.sensorialsunsets.com\\\/fr\\\/#organization\"},\"alternateName\":\"Costa Rica Live Blog\",\"potentialAction\":[{\"@type\":\"SearchAction\",\"target\":{\"@type\":\"EntryPoint\",\"urlTemplate\":\"https:\\\/\\\/www.sensorialsunsets.com\\\/fr\\\/?s={search_term_string}\"},\"query-input\":{\"@type\":\"PropertyValueSpecification\",\"valueRequired\":true,\"valueName\":\"search_term_string\"}}],\"inLanguage\":\"fr-FR\"},{\"@type\":\"Organization\",\"@id\":\"https:\\\/\\\/www.sensorialsunsets.com\\\/fr\\\/#organization\",\"name\":\"SensorialSunsets\",\"url\":\"https:\\\/\\\/www.sensorialsunsets.com\\\/fr\\\/\",\"logo\":{\"@type\":\"ImageObject\",\"inLanguage\":\"fr-FR\",\"@id\":\"https:\\\/\\\/www.sensorialsunsets.com\\\/fr\\\/#\\\/schema\\\/logo\\\/image\\\/\",\"url\":\"https:\\\/\\\/www.sensorialsunsets.com\\\/wp-content\\\/uploads\\\/2023\\\/04\\\/Logo_base_line_fond_clair.svg\",\"contentUrl\":\"https:\\\/\\\/www.sensorialsunsets.com\\\/wp-content\\\/uploads\\\/2023\\\/04\\\/Logo_base_line_fond_clair.svg\",\"width\":\"1024\",\"height\":\"1024\",\"caption\":\"SensorialSunsets\"},\"image\":{\"@id\":\"https:\\\/\\\/www.sensorialsunsets.com\\\/fr\\\/#\\\/schema\\\/logo\\\/image\\\/\"},\"sameAs\":[\"https:\\\/\\\/www.facebook.com\\\/Sensorial-Sunsets-109180614715562\",\"https:\\\/\\\/www.instagram.com\\\/sensorialsunsets\\\/\"]},{\"@type\":\"Person\",\"@id\":\"https:\\\/\\\/www.sensorialsunsets.com\\\/fr\\\/#\\\/schema\\\/person\\\/77e2fa594135aa94024c47e281d8a94d\",\"name\":\"Sensorial Sunsets\",\"image\":{\"@type\":\"ImageObject\",\"inLanguage\":\"fr-FR\",\"@id\":\"https:\\\/\\\/secure.gravatar.com\\\/avatar\\\/5f2d62681b1dad94c28f1500d4fc75582acdfd32b55fd1acce0a36a3c487eabe?s=96&d=mm&r=g\",\"url\":\"https:\\\/\\\/secure.gravatar.com\\\/avatar\\\/5f2d62681b1dad94c28f1500d4fc75582acdfd32b55fd1acce0a36a3c487eabe?s=96&d=mm&r=g\",\"contentUrl\":\"https:\\\/\\\/secure.gravatar.com\\\/avatar\\\/5f2d62681b1dad94c28f1500d4fc75582acdfd32b55fd1acce0a36a3c487eabe?s=96&d=mm&r=g\",\"caption\":\"Sensorial Sunsets\"},\"url\":\"https:\\\/\\\/www.sensorialsunsets.com\\\/fr\\\/author\\\/asistentes-sensorial-sunsets\\\/\"}]}<\/script>\n<!-- \/ Yoast SEO plugin. -->","yoast_head_json":{"title":"Gandoca Manzanillo : la Convention de Ramsar pour le Costa Rica","description":"Gandoca \/ Manzanillo : obligations l\u00e9gales impliqu\u00e9es par la Convention de Ramsar dans les exploitations foresti\u00e8res de la r\u00e9gion.","robots":{"index":"index","follow":"follow","max-snippet":"max-snippet:-1","max-image-preview":"max-image-preview:large","max-video-preview":"max-video-preview:-1"},"canonical":"https:\/\/www.sensorialsunsets.com\/fr\/gandoca-manzanillo-les-obligations-legales-du-costa-rica-dans-le-cadre-de-la-convention-de-ramsar\/","og_locale":"fr_FR","og_type":"article","og_title":"Gandoca Manzanillo : la Convention de Ramsar pour le Costa Rica","og_description":"Gandoca \/ Manzanillo : obligations l\u00e9gales impliqu\u00e9es par la Convention de Ramsar dans les exploitations foresti\u00e8res de la r\u00e9gion.","og_url":"https:\/\/www.sensorialsunsets.com\/fr\/gandoca-manzanillo-les-obligations-legales-du-costa-rica-dans-le-cadre-de-la-convention-de-ramsar\/","og_site_name":"SensorialSunsets","article_publisher":"https:\/\/www.facebook.com\/Sensorial-Sunsets-109180614715562","article_published_time":"2024-09-18T23:14:59+00:00","article_modified_time":"2024-09-18T23:17:55+00:00","og_image":[{"width":1024,"height":680,"url":"https:\/\/www.sensorialsunsets.com\/wp-content\/uploads\/2024\/09\/image-4-1024x680.png","type":"image\/png"}],"author":"Sensorial Sunsets","twitter_card":"summary_large_image","twitter_misc":{"\u00c9crit par":"Sensorial Sunsets","Dur\u00e9e de lecture estim\u00e9e":"21 minutes"},"schema":{"@context":"https:\/\/schema.org","@graph":[{"@type":"Article","@id":"https:\/\/www.sensorialsunsets.com\/fr\/gandoca-manzanillo-les-obligations-legales-du-costa-rica-dans-le-cadre-de-la-convention-de-ramsar\/#article","isPartOf":{"@id":"https:\/\/www.sensorialsunsets.com\/fr\/gandoca-manzanillo-les-obligations-legales-du-costa-rica-dans-le-cadre-de-la-convention-de-ramsar\/"},"author":{"name":"Sensorial Sunsets","@id":"https:\/\/www.sensorialsunsets.com\/fr\/#\/schema\/person\/77e2fa594135aa94024c47e281d8a94d"},"headline":"Gandoca \/ Manzanillo : Les obligations l\u00e9gales du Costa Rica dans le cadre de la Convention de Ramsar","datePublished":"2024-09-18T23:14:59+00:00","dateModified":"2024-09-18T23:17:55+00:00","mainEntityOfPage":{"@id":"https:\/\/www.sensorialsunsets.com\/fr\/gandoca-manzanillo-les-obligations-legales-du-costa-rica-dans-le-cadre-de-la-convention-de-ramsar\/"},"wordCount":4495,"publisher":{"@id":"https:\/\/www.sensorialsunsets.com\/fr\/#organization"},"image":{"@id":"https:\/\/www.sensorialsunsets.com\/fr\/gandoca-manzanillo-les-obligations-legales-du-costa-rica-dans-le-cadre-de-la-convention-de-ramsar\/#primaryimage"},"thumbnailUrl":"https:\/\/www.sensorialsunsets.com\/wp-content\/uploads\/2024\/09\/image-4.png","articleSection":["Non classifi\u00e9(e)"],"inLanguage":"fr-FR"},{"@type":"WebPage","@id":"https:\/\/www.sensorialsunsets.com\/fr\/gandoca-manzanillo-les-obligations-legales-du-costa-rica-dans-le-cadre-de-la-convention-de-ramsar\/","url":"https:\/\/www.sensorialsunsets.com\/fr\/gandoca-manzanillo-les-obligations-legales-du-costa-rica-dans-le-cadre-de-la-convention-de-ramsar\/","name":"Gandoca Manzanillo : la Convention de Ramsar pour le Costa Rica","isPartOf":{"@id":"https:\/\/www.sensorialsunsets.com\/fr\/#website"},"primaryImageOfPage":{"@id":"https:\/\/www.sensorialsunsets.com\/fr\/gandoca-manzanillo-les-obligations-legales-du-costa-rica-dans-le-cadre-de-la-convention-de-ramsar\/#primaryimage"},"image":{"@id":"https:\/\/www.sensorialsunsets.com\/fr\/gandoca-manzanillo-les-obligations-legales-du-costa-rica-dans-le-cadre-de-la-convention-de-ramsar\/#primaryimage"},"thumbnailUrl":"https:\/\/www.sensorialsunsets.com\/wp-content\/uploads\/2024\/09\/image-4.png","datePublished":"2024-09-18T23:14:59+00:00","dateModified":"2024-09-18T23:17:55+00:00","description":"Gandoca \/ Manzanillo : obligations l\u00e9gales impliqu\u00e9es par la Convention de Ramsar dans les exploitations foresti\u00e8res de la r\u00e9gion.","inLanguage":"fr-FR","potentialAction":[{"@type":"ReadAction","target":["https:\/\/www.sensorialsunsets.com\/fr\/gandoca-manzanillo-les-obligations-legales-du-costa-rica-dans-le-cadre-de-la-convention-de-ramsar\/"]}]},{"@type":"ImageObject","inLanguage":"fr-FR","@id":"https:\/\/www.sensorialsunsets.com\/fr\/gandoca-manzanillo-les-obligations-legales-du-costa-rica-dans-le-cadre-de-la-convention-de-ramsar\/#primaryimage","url":"https:\/\/www.sensorialsunsets.com\/wp-content\/uploads\/2024\/09\/image-4.png","contentUrl":"https:\/\/www.sensorialsunsets.com\/wp-content\/uploads\/2024\/09\/image-4.png","width":1505,"height":1000},{"@type":"WebSite","@id":"https:\/\/www.sensorialsunsets.com\/fr\/#website","url":"https:\/\/www.sensorialsunsets.com\/fr\/","name":"SensorialSunsets.com","description":"D\u00e9couvrez la culture et la soci\u00e9t\u00e9 du Costa Rica sur notre blog. Explorez des articles captivants et partagez le contenu.","publisher":{"@id":"https:\/\/www.sensorialsunsets.com\/fr\/#organization"},"alternateName":"Costa Rica Live Blog","potentialAction":[{"@type":"SearchAction","target":{"@type":"EntryPoint","urlTemplate":"https:\/\/www.sensorialsunsets.com\/fr\/?s={search_term_string}"},"query-input":{"@type":"PropertyValueSpecification","valueRequired":true,"valueName":"search_term_string"}}],"inLanguage":"fr-FR"},{"@type":"Organization","@id":"https:\/\/www.sensorialsunsets.com\/fr\/#organization","name":"SensorialSunsets","url":"https:\/\/www.sensorialsunsets.com\/fr\/","logo":{"@type":"ImageObject","inLanguage":"fr-FR","@id":"https:\/\/www.sensorialsunsets.com\/fr\/#\/schema\/logo\/image\/","url":"https:\/\/www.sensorialsunsets.com\/wp-content\/uploads\/2023\/04\/Logo_base_line_fond_clair.svg","contentUrl":"https:\/\/www.sensorialsunsets.com\/wp-content\/uploads\/2023\/04\/Logo_base_line_fond_clair.svg","width":"1024","height":"1024","caption":"SensorialSunsets"},"image":{"@id":"https:\/\/www.sensorialsunsets.com\/fr\/#\/schema\/logo\/image\/"},"sameAs":["https:\/\/www.facebook.com\/Sensorial-Sunsets-109180614715562","https:\/\/www.instagram.com\/sensorialsunsets\/"]},{"@type":"Person","@id":"https:\/\/www.sensorialsunsets.com\/fr\/#\/schema\/person\/77e2fa594135aa94024c47e281d8a94d","name":"Sensorial Sunsets","image":{"@type":"ImageObject","inLanguage":"fr-FR","@id":"https:\/\/secure.gravatar.com\/avatar\/5f2d62681b1dad94c28f1500d4fc75582acdfd32b55fd1acce0a36a3c487eabe?s=96&d=mm&r=g","url":"https:\/\/secure.gravatar.com\/avatar\/5f2d62681b1dad94c28f1500d4fc75582acdfd32b55fd1acce0a36a3c487eabe?s=96&d=mm&r=g","contentUrl":"https:\/\/secure.gravatar.com\/avatar\/5f2d62681b1dad94c28f1500d4fc75582acdfd32b55fd1acce0a36a3c487eabe?s=96&d=mm&r=g","caption":"Sensorial Sunsets"},"url":"https:\/\/www.sensorialsunsets.com\/fr\/author\/asistentes-sensorial-sunsets\/"}]}},"_links":{"self":[{"href":"https:\/\/www.sensorialsunsets.com\/fr\/wp-json\/wp\/v2\/posts\/18834","targetHints":{"allow":["GET"]}}],"collection":[{"href":"https:\/\/www.sensorialsunsets.com\/fr\/wp-json\/wp\/v2\/posts"}],"about":[{"href":"https:\/\/www.sensorialsunsets.com\/fr\/wp-json\/wp\/v2\/types\/post"}],"author":[{"embeddable":true,"href":"https:\/\/www.sensorialsunsets.com\/fr\/wp-json\/wp\/v2\/users\/4"}],"replies":[{"embeddable":true,"href":"https:\/\/www.sensorialsunsets.com\/fr\/wp-json\/wp\/v2\/comments?post=18834"}],"version-history":[{"count":0,"href":"https:\/\/www.sensorialsunsets.com\/fr\/wp-json\/wp\/v2\/posts\/18834\/revisions"}],"wp:featuredmedia":[{"embeddable":true,"href":"https:\/\/www.sensorialsunsets.com\/fr\/wp-json\/wp\/v2\/media\/18808"}],"wp:attachment":[{"href":"https:\/\/www.sensorialsunsets.com\/fr\/wp-json\/wp\/v2\/media?parent=18834"}],"wp:term":[{"taxonomy":"category","embeddable":true,"href":"https:\/\/www.sensorialsunsets.com\/fr\/wp-json\/wp\/v2\/categories?post=18834"},{"taxonomy":"post_tag","embeddable":true,"href":"https:\/\/www.sensorialsunsets.com\/fr\/wp-json\/wp\/v2\/tags?post=18834"}],"curies":[{"name":"wp","href":"https:\/\/api.w.org\/{rel}","templated":true}]}}