{"id":18840,"date":"2024-09-23T14:41:55","date_gmt":"2024-09-23T20:41:55","guid":{"rendered":"https:\/\/www.sensorialsunsets.com\/?p=18840"},"modified":"2024-09-23T14:41:55","modified_gmt":"2024-09-23T20:41:55","slug":"gaza-israel-la-cpi-rappelle-lurgence-des-mandats-darret","status":"publish","type":"post","link":"https:\/\/www.sensorialsunsets.com\/fr\/gaza-israel-la-cpi-rappelle-lurgence-des-mandats-darret\/","title":{"rendered":"Gaza\/Isra\u00ebl : la CPI rappelle l&rsquo;urgence des mandats d&rsquo;arr\u00eat"},"content":{"rendered":"\n<p><la cpi=\"\" r=\"\" l=\"\" de=\"\" d=\"\" des=\"\" mandats=\"\" dans=\"\" le=\"\" conflit=\"\" gaza=\"\" pour=\"\" crimes=\"\" guerre=\"\" la=\"\" titre=\"\" original=\"\" :=\"\" isra=\"\" procureur=\"\" texte=\"\" par=\"\" professeur=\"\" href=\"&#xAB;\" https:=\"\">Nicol\u00e1s Boeglin, de la Facult\u00e9 de droit de l&rsquo;Universit\u00e9 du Costa Rica..<\/la><\/p>\n\n<hr class=\"wp-block-separator has-text-color has-alpha-channel-opacity has-background is-style-dots\" style=\"background-color:#004f5e;color:#004f5e\"\/>\n\n<p>Dans un document transmis le 23 ao\u00fbt \u00e0 la Chambre pr\u00e9liminaire de la Cour p\u00e9nale internationale (CPI), le procureur de la CPI a r\u00e9it\u00e9r\u00e9 sa demande de mandats d&rsquo;arr\u00eat \u00e0 l&rsquo;encontre de dirigeants isra\u00e9liens (son Premier ministre et son ministre de la D\u00e9fense) et de trois dirigeants du Hamas.<\/p>\n\n<p>Le pr\u00e9sent avis juridique permet \u00e9galement au procureur de la CPI de r\u00e9pondre \u00e0 certaines des demandes adress\u00e9es \u00e0 la CPI par des \u00c9tats, des organisations internationales, des ONG et des universitaires, dont certains (tr\u00e8s peu dans le cas des \u00c9tats) ont remis en question ses actions d&rsquo;un point de vue juridique, en se fondant sur des interpr\u00e9tations juridiques fantaisistes.<\/p>\n\n<p>La CPI a \u00e9t\u00e9 cr\u00e9\u00e9e en 1998 par l&rsquo;adoption du Statut de Rome, un instrument international qui enregistre 124 \u00c9tats parties (voir <strong><a href=\"https:\/\/treaties.un.org\/pages\/ViewDetails.aspx?src=TREATY&amp;mtdsg_no=XVIII-10&amp;chapter=18&amp;clang=_en\">statut officiel<\/a><\/strong> des signatures et des ratifications). En Am\u00e9rique latine, le dernier \u00c9tat \u00e0 l&rsquo;avoir ratifi\u00e9 est le Guatemala en 2012, tandis que Cuba et le Nicaragua persistent \u00e0 ne pas avoir sign\u00e9 cet instrument.<\/p>\n\n<p>Comme le montre une br\u00e8ve recherche sur le web, le contenu du document du procureur de la CPI a \u00e9t\u00e9 tr\u00e8s peu couvert par les principaux m\u00e9dias internationaux depuis le 23 ao\u00fbt.<\/p>\n\n<h3 class=\"wp-block-heading\">L&rsquo;indicible drame de Gaza<\/h3>\n\n<p>Il est conseill\u00e9 de lire le dernier rapport sur la situation \u00e0 Gaza, pr\u00e9par\u00e9 par les Nations Unies au 30 ao\u00fbt 2024 (voir <strong><a href=\"https:\/\/www.ochaopt.org\/content\/humanitarian-situation-update-211-gaza-strip\">link<\/a><\/strong>).<\/p>\n\n<p>L&rsquo;avant-dernier rapport (au 26 ao\u00fbt 2024, voir <strong><a href=\"&#xAB;\" https:=\"\">link<\/a><\/strong>) indique que les bombardements incessants d&rsquo;Isra\u00ebl sur la population civile de Gaza se sont poursuivis sans rel\u00e2che, et que de nouveaux drames se sont d\u00e9roul\u00e9s \u00e0 Gaza ces derniers jours de mani\u00e8re continue :<\/p>\n\n<figure class=\"wp-block-pullquote has-text-align-left\"><blockquote><p><em>Between the afternoons of 23 and 26 August, according to the Ministry of Health (MoH) in Gaza, 170 Palestinians were killed and 390 were injured. Between 7 October 2023 and 26 August 2024, at least 40,435 Palestinians were killed and 93,534 were injured, according to MoH in Gaza.<\/em><br\/><br\/><em>The following are some of the deadly incidents reported between 22 and 25 August:<\/em><br\/><br\/><em>On 22 August, five Palestinians were reportedly killed and others injured when a house was hit in the vicinity of Bani Suheila square, east of Khan Younis.<\/em><br\/><br\/><em>On 23 August, five Palestinians were reportedly killed when a vehicle was hit southeast of Khan Younis.<\/em><br\/><br\/><em>On 23 August, four Palestinians were reportedly killed and others injured when a house was hit in northwestern An Nuseirat Refugee Camp, Deir al Balah.<\/em><br\/><br\/><em>On 24 August, four Palestinians were reportedly killed and others injured when a house was hit in Maan area, east of Khan Younis.<\/em><br\/><br\/><em>On 24 August, 11 Palestinians, including women and children, were reportedly killed and 30 others injured when a house was hit in Al Amal neighborhood, west of Khan Younis.<\/em><br\/><br\/><em>On 24 August, at about 12:10, eight Palestinian men were reportedly killed when a vehicle (tuk-tuk) was hit in northwestern Rafah.<\/em><br\/><br\/><em>On 25 August, eight Palestinians were reportedly killed and others injured when a house was hit south of Deir al Balah<\/em>.<\/p><\/blockquote><\/figure>\n\n<p>Pour certains sp\u00e9cialistes, le bilan de plus de 40 000 morts \u00e0 Gaza est bien en de\u00e7\u00e0 de la r\u00e9alit\u00e9. En effet, dans un r\u00e9cent <strong><a href=\"&#xAB;\" https:=\"\">article<\/a><\/strong> publi\u00e9 par un sp\u00e9cialiste militaire de renom invit\u00e9 par plusieurs m\u00e9dias fran\u00e7ais, intitul\u00e9 \u00ab <em>Les guerres en Ukraine et en Isra\u00ebl, (enfin) en perspective ? \u00bb<\/em>, le chiffre r\u00e9el pourrait \u00eatre d&rsquo;environ 100 000 personnes tu\u00e9es \u00e0 Gaza depuis le 7 octobre 2023 :<\/p>\n\n<blockquote class=\"wp-block-quote is-layout-flow wp-block-quote-is-layout-flow\">\n<p><em>les \u00e9valuations des d\u00e9g\u00e2ts des bombardements montrent \u2013 m\u00eame en hypoth\u00e8se basse \u2013 que le bilan projet\u00e9 se situe plut\u00f4t autour de 100,000 morts et donc de 350,000 bless\u00e9s (le ratio de 3,5 est la \u00ab\u00a0norme\u00a0\u00bb), soit\u00a0<strong>20% de la population palestinienne de Gaza\u00a0\u00ab\u00a0au bas mot\u00a0\u00bb<\/strong>\u00a0(450,000 \/ population initiale de 2,3 millions),\u00a0<strong>bless\u00e9e ou tu\u00e9e par cette guerre d\u00e9mesur\u00e9e<\/strong><\/em>. <\/p>\n<\/blockquote>\n\n<p>L&rsquo;absence de donn\u00e9es v\u00e9rifiables est largement due \u00e0 l&rsquo;absence de personnel humanitaire d\u00e9ploy\u00e9 dans la bande de Gaza et \u00e0 l&rsquo;absence de m\u00e9dias capables de documenter et d&rsquo;informer l&rsquo;opinion publique internationale sur la r\u00e9alit\u00e9 de Gaza et sur l&rsquo;ampleur exacte des bombardements a\u00e9riens d&rsquo;Isra\u00ebl sur la population civile de Gaza. A cet \u00e9gard, l&rsquo;assassinat d\u00e9lib\u00e9r\u00e9 par Isra\u00ebl de journalistes, de cameramen et d&rsquo;assistants de presse a conduit une soixantaine d&rsquo;organisations de protection des journalistes \u00e0 hausser le ton et \u00e0 demander \u00e0 l&rsquo;Union europ\u00e9enne (UE) d&rsquo;agir (voir <strong><a href=\"&#xAB;\" https:=\"\">lettre collective<\/a><\/strong> dat\u00e9e du 22 ao\u00fbt 2024). La lettre indique que :<\/p>\n\n<blockquote class=\"wp-block-quote is-layout-flow wp-block-quote-is-layout-flow\">\n<p><em>Journalists play an indispensable role in documenting and reporting on war crimes and other human rights violations. The cumulative effect of these abuses is to create the conditions for an information void, as well as for propaganda and mis- and disinformation. While Israel contends that its actions are to keep its people safe, history shows that censorship and denial of the right to information is a flawed path to peace or security. We, therefore, write to you today to call for the suspension of the Israel \/ EU Association Agreement on the basis that it has violated international human rights and criminal law and for the adoption of targeted sanctions against IDF officials and others responsable<\/em>.<\/p>\n<\/blockquote>\n\n<p>Au 23 ao\u00fbt 2024, selon le <em>Committee to Protect Journalists<\/em> (CPJ), le nombre de journalistes tu\u00e9s \u00e0 Gaza par les forces militaires isra\u00e9liennes depuis le 7 octobre 2023 s&rsquo;\u00e9l\u00e8ve \u00e0 116 professionnels des m\u00e9dias (voir <strong><a href=\"&#xAB;\" https:=\"\">rapport<\/a><\/strong>).<\/p>\n\n<p>En ce qui concerne le personnel humanitaire de l&rsquo;ONU \u00e0 Gaza, la mort de 280 membres du personnel de l&rsquo;ONU \u00e0 Gaza depuis le 7 octobre 2023 a \u00e9t\u00e9 comm\u00e9mor\u00e9e le 19 ao\u00fbt lors de la Journ\u00e9e internationale de l&rsquo;action humanitaire (voir <strong><a href=\"&#xAB;\" https:=\"\">communiqu\u00e9<\/a><\/strong>) &#8211; un chiffre jamais atteint auparavant sur un th\u00e9\u00e2tre d&rsquo;op\u00e9rations o\u00f9 le personnel de l&rsquo;ONU \u00e9tait pr\u00e9sent.<\/p>\n\n<p>Dans un autre domaine li\u00e9 aux exactions commises \u00e0 Gaza, l&rsquo;ONG <em>Human Rights Watch<\/em> a publi\u00e9 le 26 ao\u00fbt un rapport d\u00e9taill\u00e9 sur les tortures subies par les personnes travaillant dans les h\u00f4pitaux de Gaza, captur\u00e9es par Isra\u00ebl (voir<strong><a href=\"&#xAB;\" https:=\"\">rapport<\/a><\/strong>).<\/p>\n\n<h3 class=\"wp-block-heading\">La strat\u00e9gie militaire erratique d&rsquo;Isra\u00ebl \u00e0 Gaza d&rsquo;un point de vue militaire<\/h3>\n\n<p>Derni\u00e8rement, au cours d&rsquo;une \u00e9mission du programme <em>Desayunos<\/em> de Radio UCR (voir <strong><a href=\"https:\/\/www.facebook.com\/DesayunosUCR\/videos\/525408036714921\/?locale=es_LA\">link<\/a><\/strong> \u00e0 l&rsquo;\u00e9mission du 21 ao\u00fbt 2024, intitul\u00e9e \u00ab\u00a0<em>Qu&rsquo;est-ce qui se passe \u00e0 Gaza?<\/em>\u00ab\u00a0), nous avons eu l&rsquo;occasion de d\u00e9tailler ces aspects et d&rsquo;autres du drame indicible de Gaza, ainsi que d&rsquo;analyser la strat\u00e9gie militaire qui a \u00e9chou\u00e9 \u00e0 Gaza.<\/p>\n<div class=\"wp-block-image\">\n<figure class=\"aligncenter size-full is-resized\"><img loading=\"lazy\" decoding=\"async\" width=\"400\" height=\"189\" src=\"https:\/\/www.sensorialsunsets.com\/wp-content\/uploads\/2024\/09\/Israel-Gaza-Sensorial-Sunsets.png\" alt=\"La CPI r&#xE9;affirme qu'il est urgent d'&#xE9;mettre des mandats d'arr&#xEA;t dans le conflit entre Gaza et Isra&#xEB;l pour d'&#xE9;ventuels crimes de guerre dans la r&#xE9;gion.\" class=\"wp-image-18664\" style=\"width:540px;height:auto\" srcset=\"https:\/\/www.sensorialsunsets.com\/wp-content\/uploads\/2024\/09\/Israel-Gaza-Sensorial-Sunsets.png 400w, https:\/\/www.sensorialsunsets.com\/wp-content\/uploads\/2024\/09\/Israel-Gaza-Sensorial-Sunsets-300x142.png 300w\" sizes=\"auto, (max-width: 400px) 100vw, 400px\" \/><figcaption class=\"wp-element-caption\"><em>Veill\u00e9e en m\u00e9moire des victimes palestiniennes de Gaza, organis\u00e9e devant le minist\u00e8re des Affaires \u00e9trang\u00e8res et du Culte du Costa Rica \u00e0 San Jos\u00e9, Costa Rica, le 2 novembre 2023. Avec l&rsquo;aimable autorisation du <a href=\"&#xAB;\" https:=\"\">Palestine Solidarity Network<\/a> \/ Costa Rica.<\/em><\/figcaption><\/figure>\n<\/div>\n<p>Pendant que l&rsquo;attention se focalise sur la situation \u00e0 Gaza, le dernier rapport de l&rsquo;ONU sur la situation en Cisjordanie (voir <strong><a href=\"https:\/\/www.ochaopt.org\/content\/humanitarian-situation-update-210-west-bank\">report<\/a><\/strong> au 28 ao\u00fbt 2024) r\u00e9v\u00e8le un climat d&rsquo;impunit\u00e9 pour toutes sortes d&rsquo;exactions commises par les colons contre les familles palestiniennes et leurs biens, face \u00e0 la passivit\u00e9 des forces de s\u00e9curit\u00e9 isra\u00e9liennes, avec 622 personnes tu\u00e9es depuis le 7 octobre 2023 en Cisjordanie et \u00e0 J\u00e9rusalem-Est.<\/p>\n\n<p>Notons que ce 1er septembre 2024, un appel \u00e0 la gr\u00e8ve g\u00e9n\u00e9rale en Isra\u00ebl aurait \u00e9t\u00e9 lanc\u00e9 par divers milieux face \u00e0 l&rsquo;\u00e9chec total et complet de la strat\u00e9gie de son Premier ministre \u00e0 Gaza pour r\u00e9cup\u00e9rer les otages captur\u00e9s par le Hamas le 7 octobre 2023 (voir <strong><a href=\"&#xAB;\" https:=\"\">note<\/a><\/strong> du <em>Times of Israel<\/em> et <strong><a href=\"https:\/\/www.agenzianova. com\/en\/news\/El-l%C3%ADder-of-opposition-Israel-convenes-a-general-strike-and-convenes-a-special-session-of-the-Knesset\/\">note<\/a><\/strong> de <em>AgenciaNova<\/em> du 1er septembre 2024) : Il s&rsquo;agit d&rsquo;une initiative largement motiv\u00e9e par l&rsquo;indignation des familles d&rsquo;otages (ainsi que de l&rsquo;opposition politique) qui constatent les \u00e9checs r\u00e9p\u00e9t\u00e9s de l&rsquo;appareil militaire isra\u00e9lien \u00e0 r\u00e9cup\u00e9rer leurs proches et le torpillage des n\u00e9gociations avec le Hamas par le Premier ministre isra\u00e9lien.<\/p>\n\n<p>Rappelons qu&rsquo;au d\u00e9but du mois de juillet 2024, des sondages en Isra\u00ebl indiquaient que plus de la moiti\u00e9 de la population \u00e9tait convaincue que l&rsquo;op\u00e9ration militaire meurtri\u00e8re \u00e0 Gaza \u00e9tait un pur calcul politique de la part de leur premier ministre (voir <strong><a href=\"https:\/\/www.timesofisrael.com\/liveblog_entry\/54-of-public-thinks-war-dragging-on-due-to-netanyahus-political-considerations-poll\/\">note<\/a><\/strong> dans <em>The Times of Israel<\/em> du 4 juillet). Quelques semaines plus tard, la m\u00e9fiance \u00e0 l&rsquo;\u00e9gard du Premier ministre continuait de cro\u00eetre, une majorit\u00e9 souhaitant le voir d\u00e9mis de ses fonctions (voir <strong><a href=\"&#xAB;\" https:=\"\">note<\/a><\/strong> dans le <em>Times of Israel<\/em> du 12 juillet).<\/p>\n\n<p>Au sein m\u00eame du cabinet de guerre isra\u00e9lien, la position du premier ministre est de plus en plus remise en cause par ses confr\u00e8res en raison de l&rsquo;\u00e9chec de sa strat\u00e9gie de r\u00e9cup\u00e9ration des otages d\u00e9tenus par le Hamas quelque part \u00e0 Gaza (voir <strong><a href=\"&#xAB;\" https:=\"\">note<\/a><\/strong> dans le <em>TimesofIsrael<\/em> du 1er septembre 2024).<\/p>\n\n<h3 class=\"wp-block-heading\">Justice p\u00e9nale internationale : le d\u00e9fi pour Isra\u00ebl et ses alli\u00e9s<\/h3>\n\n<p>Au-del\u00e0 de la singuli\u00e8re strat\u00e9gie de survie politique du Premier ministre isra\u00e9lien au lendemain du 7 octobre (dont la responsabilit\u00e9 est ind\u00e9niable, ayant mis en veilleuse les pr\u00e9c\u00e9dents avertissements re\u00e7us sur les intentions du Hamas), il n&rsquo;est pas inutile de rappeler que certains infid\u00e8les diplomatiques ont par le pass\u00e9 soulign\u00e9 le grand d\u00e9fi pos\u00e9 \u00e0 Isra\u00ebl par l&rsquo;existence de la CPI \u00e0 La Haye.<\/p>\n\n<p>Ainsi, en novembre 2012, lorsque l&rsquo;Assembl\u00e9e g\u00e9n\u00e9rale des Nations unies a accord\u00e9 le \u00ab <em>Statut d&rsquo;\u00c9tat observateur non membre<\/em> \u00bb \u00e0 la Palestine (seuls 9 \u00c9tats ayant vot\u00e9 contre, \u00e0 savoir le Canada, les \u00c9tats-Unis, les \u00celes Marshall, Isra\u00ebl, Nauru, Palau, Panama et la R\u00e9publique tch\u00e8que), le Royaume-Uni a choisi de s&rsquo;abstenir : Canada, \u00c9tats-Unis, Isra\u00ebl, \u00celes Marshall, Nauru, Palau, Panama et R\u00e9publique tch\u00e8que), le Royaume-Uni a choisi de s&rsquo;abstenir.<\/p>\n\n<p>Toutefois, le Royaume-Uni avait annonc\u00e9 qu&rsquo;il voterait en faveur de la proposition, mais seulement si la Palestine lui donnait l&rsquo;assurance qu&rsquo;elle n&rsquo;irait pas devant la CPI :<\/p>\n\n<blockquote class=\"wp-block-quote is-layout-flow wp-block-quote-is-layout-flow\">\n<p><em>The U.K. suggested that it might vote \u201cyes\u201d if the Palestinian Authority offered assurances that it wouldn\u2019t pursue charges in the International Criminal Court, but apparently came away unsatisfied<\/em>.<\/p>\n<cite>v\u00e9ase&nbsp;<a href=\"http:\/\/www.washingtonpost.com\/blogs\/worldviews\/wp\/2012\/11\/29\/map-how-europe-voted-on-palestine-at-the-u-n-in-2011-and-now\/\" target=\"_blank\" rel=\"noreferrer noopener\"><strong>nota<\/strong><\/a>&nbsp;de prensa de noviembre del 2012 de <em>The Washington Post<\/em>, un medio cuyos corresponsales son usualmente bien informados. <\/cite><\/blockquote>\n\n<p>La profonde inqui\u00e9tude que suscite la justice p\u00e9nale internationale n&rsquo;est pas sans rappeler une autre infid\u00e9lit\u00e9 diplomatique ant\u00e9rieure \u00e0 2012, et cette fois-ci mise en lumi\u00e8re par le portail Wikileaks : \u00e0 propos de l&rsquo;offensive militaire isra\u00e9lienne meurtri\u00e8re \u00e0 Gaza en 2009 (<strong>Note 1<\/strong>), on a pu lire que, lors d&rsquo;une conversation avec des diplomates am\u00e9ricains (cf. <a href=\"https:\/\/wikileaks. org\/plusd\/cables\/10TELAVIV417_a.html&#xAB;  target= &#xBB;_blank&#xAB;  rel= &#xBB;noreferrer noopener\"><strong>c\u00e2ble dat\u00e9 du 23 f\u00e9vrier 2010<\/strong><\/a> de l&rsquo;ambassade am\u00e9ricaine \u00e0 Tel Aviv), la confidence suivante a \u00e9t\u00e9 faite par le colonel Liron Libman en 2010 :<\/p>\n\n<blockquote class=\"wp-block-quote is-layout-flow wp-block-quote-is-layout-flow\">\n<p><em>Libman noted that the ICC was the most dangerous issue for Israel and wondered whether the U.S. could simply state publicly its position that the ICC has no jurisdiction over Israel regarding the Gaza operation<\/em>.<\/p>\n<\/blockquote>\n\n<p>Le colonel Liron Libman, haut fonctionnaire isra\u00e9lien, \u00e9tait (et est probablement encore en septembre 2024) un grand connaisseur des r\u00e8gles du droit international : il a \u00e9t\u00e9 pendant de nombreuses ann\u00e9es \u00e0 la t\u00eate du d\u00e9partement de droit international des forces de d\u00e9fense isra\u00e9liennes (FDI).<\/p>\n\n<h3 class=\"wp-block-heading\">Conclusions du procureur \u00e0 venir<\/h3>\n\n<p>Dans un long document de 49 pages (voir <strong><a href=\"&#xAB;\" https:=\"\">full text<\/a><\/strong>), le Procureur de la CPI rejette un certain nombre de points de vue pr\u00e9sent\u00e9s par certains \u00c9tats et entit\u00e9s \u00e0 la CPI sur certaines limitations suppos\u00e9es qui r\u00e9sulteraient pour la CPI des accords d&rsquo;Oslo, et conclut que :<\/p>\n\n<figure class=\"wp-block-pullquote has-text-align-left\"><blockquote><p><strong><em>113<\/em><\/strong><em>. In addition to being manifestly out of time, Israel\u2019s letter neither mentions article 18 nor satisfies the legal requirements of a deferral request under article 18. Merely asserting the capacity of the Israeli justice system and that some investigations are ongoing is not sufficient. The requesting State bears the burden of proof and must demonstrate that its proceedings sufficiently mirror the scope of the Prosecution\u2019s intended investigation.\u00a0It must provide information of a sufficient degree of specificity and probative value to demonstrate an advancing process of relevant domestic investigations or prosecutions, including patterns of criminality and high-ranking officials. Israel did not provide any such material that would meet this burden. Nor, as outlined above, does any such information appear to exist.<\/em><br\/><br\/><em><strong>IV.<\/strong> RELIEF REQUESTED<\/em><br\/><br\/><strong><em>114<\/em><\/strong><em>. The Prosecution respectfully requests the Pre-Trial Chamber to:<\/em><br\/><em>&#8211; dismiss in limine the observations unrelated to the Oslo Accords; and<\/em><br\/><em>&#8211; urgently render its decisions under article 58, on the basis of the Prosecution\u2019s Applications, these submissions, and the Article 19(3) Decision<\/em>.<\/p><\/blockquote><\/figure>\n\n<p>Dans la premi\u00e8re partie de son avis, le Procureur de la CPI d\u00e9clare que les arguments selon lesquels Isra\u00ebl a proc\u00e9d\u00e9 \u00e0 une enqu\u00eate sur les actions de ses forces militaires \u00e0 Gaza sont inacceptables pour le Procureur de la CPI :<\/p>\n\n<blockquote class=\"wp-block-quote is-layout-flow wp-block-quote-is-layout-flow\">\n<p><strong><em>8.\u00a0<\/em><\/strong><em>(&#8230;)\u00a0As the Prosecution has concluded, and as is evident from the public record, there are no domestic proceedings at present which deal with substantially the same conduct and the same persons as the cases presented to the Chamber pursuant to article 58 of the Statute. There is no information indicating that Benjamin NETANYAHU or Yoav GALLANT, Israel\u2019s Prime Minister and Minister of Defence, respectively, are being criminally investigated or prosecuted, and indeed the core allegations against them have simply been rejected by Israeli authorities<\/em>.<\/p>\n<\/blockquote>\n\n<p>Dans un autre passage de son m\u00e9moire, il est indiqu\u00e9 que pour le Procureur de la CPI :<\/p>\n\n<blockquote class=\"wp-block-quote is-layout-flow wp-block-quote-is-layout-flow\">\n<p><em><strong>93<\/strong>. In any case, and additionally, the available information does not show that Israel is investigating substantially the same conduct as the ICC. For instance, the information available does not suggest that the above inquiries relate to the conduct underlying the war crime of starvation and\/or related crimes. Likewise, the available information does not suggest any inquiry into patterns of criminality, or the potential responsibility of high-ranking officials, which may among other considerations signify the investigation of contextual elements of crimes against humanity. Indeed, significantly, on 28 May 2024 the MAG categorically rejected the commission of these crimes without any indication or implication that such conclusions resulted from a full and rigorous investigation, or indeed any investigation at all<\/em>.<\/p>\n<\/blockquote>\n\n<h3 class=\"wp-block-heading\">Bref contexte proc\u00e9dural<\/h3>\n\n<p>Ainsi, le d\u00e9lai accord\u00e9 par la Chambre pr\u00e9liminaire de la CPI pour la r\u00e9ception des avis juridiques est arriv\u00e9 \u00e0 son terme, et la Chambre pr\u00e9liminaire doit maintenant prendre une d\u00e9cision finale sur la demande d&rsquo;arrestation qu&rsquo;elle a re\u00e7ue le 20 mai 2024 du Procureur de la CPI lui-m\u00eame.<\/p>\n\n<p>La prolongation de ce d\u00e9lai est due \u00e0 une premi\u00e8re tactique de retardement du Royaume-Uni en juin 2024, qui a ouvert une p\u00e9riode d&rsquo;attente pour que les juges de la CPI re\u00e7oivent divers avis juridiques de la part d&rsquo;\u00c9tats, d&rsquo;organisations internationales, d&rsquo;ONG et d&rsquo;universitaires.  En raison du r\u00e9sultat des \u00e9lections britanniques du 4 juillet 2024, les nouvelles autorit\u00e9s britanniques ont estim\u00e9 qu&rsquo;il n&rsquo;\u00e9tait pas n\u00e9cessaire d&rsquo;aller plus loin et n&rsquo;ont pas soumis d&rsquo;avis juridiques \u00e0 la CPI au nom du Royaume-Uni.<\/p>\n\n<p>En ce qui concerne l&rsquo;Am\u00e9rique latine, nous avons eu l&rsquo;occasion d&rsquo;\u00e9voquer les avis juridiques adress\u00e9s par les \u00c9tats latino-am\u00e9ricains \u00e0 la CPI dans une pr\u00e9c\u00e9dente <strong><a href=\"&#xAB;\" https:=\"\">note<\/a><\/strong> publi\u00e9e le 6 ao\u00fbt 2024, intitul\u00e9e \u00ab <em>L&rsquo;Am\u00e9rique latine face au drame de Gaza : sur les observations adress\u00e9es par la Bolivie, le Br\u00e9sil, le Chili, la Colombie et le Mexique \u00e0 la Cour p\u00e9nale internationale (CPI)<\/em> \u00bb.<\/p>\n\n<p>Si certains de nos chers lecteurs ne trouvent pas leur pays d&rsquo;origine dans la liste, la question de savoir pourquoi une telle omission et une telle inaction de la part de leurs autorit\u00e9s nationales peuvent en \u00eatre la cause est tout \u00e0 fait justifi\u00e9e. Nous laissons de c\u00f4t\u00e9 le cas particulier de nos lecteurs argentins, comme nous l&rsquo;expliquons ci-dessous.<\/p>\n\n<p>Dans le cas sp\u00e9cifique de l&rsquo;Equateur, l&rsquo;accord r\u00e9cent avec Isra\u00ebl (avril 2024) d\u00e9note un rapprochement &#8211; tout \u00e0 fait inhabituel &#8211; entre un Etat latino-am\u00e9ricain et les autorit\u00e9s isra\u00e9liennes actuelles (voir <strong><a href=\"&#xAB;\" https:=\"\">communiqu\u00e9 officiel<\/a><\/strong> de l&rsquo;Equateur et <strong><a href=\"&#xAB;\" https:=\"\">nouvelles<\/a><\/strong> communiqu\u00e9 de presse d&rsquo;<em>El Tel\u00e9grafo<\/em>, avril 2024).<\/p>\n\n<p>Pour ce qui est du Paraguay, une r\u00e9cente annonce officielle sur l&rsquo;id\u00e9e de d\u00e9placer son ambassade de Tel Aviv \u00e0 J\u00e9rusalem t\u00e9moigne des relations \u00e9troites de ses autorit\u00e9s actuelles avec celles d&rsquo;Isra\u00ebl (voir <strong><a href=\"https:\/\/en.mercopress.com\/2024\/07\/18\/pena-confirms-paraguay-would-relocate-embassy-in-israel-to-jerusalem\">note<\/a><\/strong> de <em>MercoPress<\/em> juillet 2024). En mai 2024, les exportations de viande paraguayenne vers Isra\u00ebl ont consid\u00e9rablement augment\u00e9 (voir <strong><a href=\"&#xAB;\" https:=\"\">note<\/a><\/strong> de <em>ValorAgro<\/em>). Rappelons qu&rsquo;en mai 2018, le Paraguay a annonc\u00e9 le transfert de son ambassade \u00e0 J\u00e9rusalem (voir <strong><a href=\"&#xAB;\" https:=\"\">communiqu\u00e9 officiel<\/a><\/strong> du 9 mai 2018), d\u00e9cision annul\u00e9e quelques mois plus tard par les autorit\u00e9s guaranies nouvellement \u00e9lues (<strong>Note 2<\/strong>).<\/p>\n\n<p>La communication pr\u00e9sent\u00e9e par la Colombie \u00e0 la CPI \u00e9tait accompagn\u00e9e de celles de l&rsquo;Espagne (voir <strong><a href=\"https:\/\/www.icc-cpi.int\/sites\/default\/files\/CourtRecords\/0902ebd180923d48.pdf\">document<\/a><\/strong>), de l&rsquo;Irlande (voir <strong><a href=\"https:\/\/www.icc-cpi.int\/sites\/default\/files\/CourtRecords\/0902ebd18092376d.pdf\">document<\/a><\/strong>), de la Norv\u00e8ge (voir <strong><a href=\"https:\/\/www.icc-cpi.int\/sites\/default\/files\/CourtRecords\/0902ebd18091a09c.pdf\">document complet<\/a><\/strong>) et d&rsquo;un avis juridique conjoint pr\u00e9sent\u00e9 par le Chili et le Mexique (voir <strong><a href=\"https:\/\/www.icc-cpi.int\/sites\/default\/files\/CourtRecords\/0902ebd1809233ac.pdf\">texte<\/a><\/strong>). Ces documents vont dans le m\u00eame sens que celui soumis par la Palestine (voir <strong><a href=\"&#xAB;\" https:=\"\">document<\/a><\/strong>) : la justice p\u00e9nale internationale est l\u00e9galement pleinement habilit\u00e9e \u00e0 s&rsquo;appliquer dans le territoire palestinien occup\u00e9, sans limitation d&rsquo;aucune sorte, et il est temps qu&rsquo;elle se mat\u00e9rialise par l&rsquo;\u00e9mission des mandats d&rsquo;arr\u00eat demand\u00e9s.<\/p>\n\n<p>De mani\u00e8re int\u00e9ressante, les quelques articles de presse et commentaires d&rsquo;analystes, d&rsquo;\u00e9ditorialistes et de sp\u00e9cialistes n&rsquo;ont pas tenu compte du fait qu&rsquo;Isra\u00ebl a choisi de ne pas soumettre d&rsquo;avis \u00e9crit \u00e0 la CPI.<\/p>\n\n<p>Par ailleurs, il convient de mentionner l&rsquo;avis juridique soumis \u00e0 la CPI par les 30 experts des droits de l&rsquo;homme de l&rsquo;ONU qui ont envoy\u00e9 un avis commun aux juges de la CPI (voir <strong><a href=\"https:\/\/www.icc-cpi.int\/sites\/default\/files\/CourtRecords\/0902ebd1809264ea.pdf\">document<\/a><\/strong>, dont la lecture int\u00e9grale et la relecture sont recommand\u00e9es), et qui concluent en affirmant cat\u00e9goriquement ce qui suit :<\/p>\n\n<figure class=\"wp-block-pullquote has-text-align-left\"><blockquote><p><strong><em>23.\u00a0<\/em><\/strong><em>The Mandate Holders recognize the Court\u2019s role in ensuring international justice as a critical component of preserving international order through the protection of the interests of victims of international crimes. People around the world, especially youth, advocating for the application of international law, are watching closely, hoping the promises of international peace are not devoid of meaning.<\/em><br\/><br\/><strong><em>24.<\/em><\/strong><em>\u00a0In light of the expert opinions shared in this document, the Mandate Holders urge the Court not to further delay the delivery of justice in the occupied Palestinian territory, through the prosecution of alleged criminals. The significant effects of this failure would be felt far beyond the tormented land of Palestine<\/em>.<\/p><\/blockquote><\/figure>\n\n<p>Malgr\u00e9 l&rsquo;absence de suivi de l&rsquo;action initi\u00e9e par les autorit\u00e9s britanniques en juin 2024, le caract\u00e8re dilatoire de la man\u0153uvre britannique explique que, depuis la demande de mandats d&rsquo;arr\u00eat du Procureur en date du 20 mai, la CPI soit toujours en train d&rsquo;examiner cette demande.<\/p>\n\n<p>Ce calendrier peut \u00eatre compar\u00e9 au mandat d&rsquo;arr\u00eat d\u00e9livr\u00e9 par une chambre pr\u00e9liminaire de la CPI \u00e0 l&rsquo;encontre de deux hauts fonctionnaires russes (dont son pr\u00e9sident) le 17 mars 2023 (voir <strong><a href=\"&#xAB;\" https:=\"\">communiqu\u00e9 officiel<\/a><\/strong> de la CPI), pr\u00e9c\u00e9d\u00e9 d&rsquo;une requ\u00eate du Procureur dat\u00e9e du 22 f\u00e9vrier 2023.<\/p>\n\n<h3 class=\"wp-block-heading\">Le cas particulier des \u00c9tats-Unis<\/h3>\n\n<p>En all\u00e9guant une pr\u00e9tendue limitation de la comp\u00e9tence de la CPI, Isra\u00ebl a pu s&rsquo;appuyer sur un document officiel soumis par les Etats-Unis (voir <strong><a href=\"https:\/\/www.icc-cpi.int\/sites\/default\/files\/CourtRecords\/0902ebd1809236df.pdf\">document<\/a><\/strong>). La particularit\u00e9 est que ce document \u00e9mane d&rsquo;un Etat qui n&rsquo;est pas partie au Statut de Rome de 1998 instituant la CPI.<\/p>\n\n<p>Un document visant \u00e0 restreindre la comp\u00e9tence p\u00e9nale internationale de la CPI \u00e0 Gaza a \u00e9galement \u00e9t\u00e9 soumis par les \u00c9tats europ\u00e9ens suivants, qui sont des \u00c9tats parties au Statut de Rome : l&rsquo;Allemagne (voir <strong><a href=\"&#xAB;\" https:=\"\">document<\/a><\/strong>), la Hongrie (voir <strong><a href=\"&#xAB;\" https:=\"\">document<\/a><a href=\"&#xAB;\" https:=\"\">document<\/a><\/strong>) ainsi que la R\u00e9publique tch\u00e8que (voir <strong><a href=\"&#xAB;\" https:=\"\">document<\/a><\/strong>).<\/p>\n\n<p>Aucun avis favorable \u00e0 Isra\u00ebl n&rsquo;a cette fois \u00e9t\u00e9 soumis aux juges de la CPI par des \u00c9tats habituellement tr\u00e8s sollicit\u00e9s par Isra\u00ebl et la justice p\u00e9nale internationale : l&rsquo;Australie, l&rsquo;Autriche, le Canada, le Guatemala, l&rsquo;Ouganda et le Royaume-Uni, ainsi que certaines \u00eeles du Pacifique (\u00celes Marshall, Micron\u00e9sie, Nauru, Palau et Papouasie-Nouvelle-Guin\u00e9e). Il s&rsquo;agit d&rsquo;un petit groupe d&rsquo;\u00c9tats qui semble g\u00e9n\u00e9ralement voter avec Isra\u00ebl et les \u00c9tats-Unis aux Nations unies et qui n&rsquo;est pas apparu non plus en d\u00e9cembre 2023 lorsqu&rsquo;une r\u00e9solution sur le droit \u00e0 l&rsquo;autod\u00e9termination du peuple palestinien a \u00e9t\u00e9 vot\u00e9e \u00e0 l&rsquo;Assembl\u00e9e g\u00e9n\u00e9rale des Nations unies : voir la r\u00e9solution <strong><a href=\"https:\/\/www. undocs.org\/Home\/Mobile?FinalSymbol=A%2FRES%2F78%2F192&amp;Language=E&amp;DeviceType=Desktop&amp;LangRequested=False\">A\/Res\/78\/192<\/a><\/strong>), qui a enregistr\u00e9 172 voix pour, 10 abstentions et seulement 4 voix contre (\u00c9tats-Unis, Isra\u00ebl, Micron\u00e9sie et Nauru).<\/p>\n<div class=\"wp-block-image\">\n<figure class=\"aligncenter size-full is-resized\"><img loading=\"lazy\" decoding=\"async\" width=\"400\" height=\"224\" src=\"https:\/\/www.sensorialsunsets.com\/wp-content\/uploads\/2024\/09\/Gaza-Israel-Sensorial-Sunsets.png\" alt=\"La CPI r&#xE9;affirme qu'il est urgent d'&#xE9;mettre des mandats d'arr&#xEA;t dans le conflit entre Gaza et Isra&#xEB;l pour d'&#xE9;ventuels crimes de guerre dans la r&#xE9;gion.\" class=\"wp-image-18669\" style=\"width:400px;height:auto\" srcset=\"https:\/\/www.sensorialsunsets.com\/wp-content\/uploads\/2024\/09\/Gaza-Israel-Sensorial-Sunsets.png 400w, https:\/\/www.sensorialsunsets.com\/wp-content\/uploads\/2024\/09\/Gaza-Israel-Sensorial-Sunsets-300x168.png 300w\" sizes=\"auto, (max-width: 400px) 100vw, 400px\" \/><\/figure>\n<\/div>\n<div style=\"height:40px\" aria-hidden=\"true\" class=\"wp-block-spacer\"><\/div>\n\n<p>Les paragraphes 16 \u00e0 26 du m\u00e9moire soumis par les \u00c9tats-Unis (voir <strong><a href=\"&#xAB;\" https:=\"\">document<\/a><\/strong>) constituent une tentative &#8211; plut\u00f4t grossi\u00e8re &#8211; de discr\u00e9diter la requ\u00eate du Procureur de la CPI sur la base d&rsquo;une interpr\u00e9tation des dispositions du Statut de Rome auquel les \u00c9tats-Unis&#8230; ne sont pas un \u00c9tat partie.<\/p>\n\n<p>Un \u00c9tat non partie \u00e0 un instrument international de r\u00e9f\u00e9rence tel que le Statut de Rome&#8230; expliquant comment ses dispositions doivent \u00eatre interpr\u00e9t\u00e9es par les juges de la CPI ? Comment cela se fait-il ? Le texte est le suivant.<\/p>\n\n<h3 class=\"wp-block-heading\">La profonde solitude de l&rsquo;Argentine<\/h3>\n\n<p>Du c\u00f4t\u00e9 latino-am\u00e9ricain, comme geste notoire de soutien \u00e0 la th\u00e8se juridique pro-isra\u00e9lienne d&rsquo;une pr\u00e9tendue limitation de la comp\u00e9tence de la CPI d\u00e9riv\u00e9e des Accords d&rsquo;Oslo de 1993, nous trouvons le seul m\u00e9moire soumis par l&rsquo;Argentine (voir <strong><a href=\"https:\/\/www.legal-tools. org\/doc\/yt4qc24h\/pdf\">document<\/a><\/strong>) : D\u00e9tail int\u00e9ressant, le document est sign\u00e9 par le chef de la diplomatie argentine, contrairement aux autres m\u00e9moires soumis par les \u00c9tats \u00e0 la CPI, qui sont sign\u00e9s soit par un fonctionnaire diplomatique subalterne d&rsquo;importance relative (Allemagne, \u00c9tats-Unis, Hongrie, Irlande, Norv\u00e8ge, R\u00e9publique tch\u00e8que), soit par le <em>Charg\u00e9 d&rsquo;Affaires<\/em> en poste \u00e0 la l\u00e9gation diplomatique \u00e0 La Haye (Colombie, Br\u00e9sil), soit par le repr\u00e9sentant diplomatique \u00e0 La Haye : c&rsquo;est le cas de la Bolivie, de l&rsquo;Espagne, ainsi que du document sign\u00e9 conjointement par le Chili et le Mexique (voir <strong><a href=\"https:\/\/www. icc-cpi.int\/sites\/default\/files\/CourtRecords\/0902ebd1809233ac.pdf\">texte<\/a><\/strong>).<\/p>\n\n<p>Dans le cas de la R\u00e9publique du Congo, le texte est \u00e9galement sign\u00e9 par un ministre : le ministre de la justice.<\/p>\n\n<p>Les diplomaties argentine et congolaise ont choisi d&rsquo;envoyer un document de cette nature sign\u00e9 de la main d&rsquo;un fonctionnaire de rang minist\u00e9riel, il serait int\u00e9ressant de conna\u00eetre les raisons exactes de ce choix.<\/p>\n\n<p>S&rsquo;agissant du \u00ab <em>support<\/em> \u00bb de l&rsquo;Argentine en faveur des th\u00e8ses juridiques favorables \u00e0 Isra\u00ebl ce mois d&rsquo;ao\u00fbt 2024 (voir <strong><a href=\"&#xAB;\" https:=\"\">document<\/a><\/strong>), il faut noter que, dans le cadre d&rsquo;un exercice similaire, c&rsquo;est le Br\u00e9sil en 2020 qui a expliqu\u00e9 que la CPI ne pouvait pas exercer sa comp\u00e9tence en ce qui concerne les exactions commises par Isra\u00ebl dans le Territoire palestinien occup\u00e9 (voir <strong><a href=\"https:\/\/legal-tools. org\/doc\/doc\/u96u9u\/pdf\/\">document<\/a><\/strong> sign\u00e9 par un fonctionnaire subalterne) : une \u201c<em>co\u00efncidence<\/em>\u201d entre le Br\u00e9sil de Bolsonaro et l&rsquo;Argentine actuelle de Milei qui m\u00e9rite d&rsquo;\u00eatre soulign\u00e9e.<\/p>\n\n<p>Pour rappel, r\u00e9cemment au Br\u00e9sil, l&rsquo;existence d&rsquo;un \u00ab\u00a0<em>cloud<\/em>\u00a0\u00bb \u00e9lectronique h\u00e9berg\u00e9 en Isra\u00ebl et contenant les donn\u00e9es personnelles de plus de 30 000 Br\u00e9siliens a \u00e9t\u00e9 d\u00e9couverte (voir <strong><a href=\"https:\/\/www.pagina12.com. ar\/701546-el-gobierno-de-jair-bolsonaro-espio-a-30-000-opositores\">nota<\/a><\/strong> communiqu\u00e9 de presse de <em>P\u00e1gina12<\/em>Janvier 2024) : <em>Pegasus<\/em> et d&rsquo;autres logiciels qu&rsquo;Isra\u00ebl a apparemment offerts aux \u00c9tats arabes qui ont accept\u00e9 de normaliser leurs relations dans le cadre des \u00ab <em>Accords d&rsquo;Abraham<\/em> \u00bb de 2020 (et qui permettent d&rsquo;espionner et de surveiller les conversations des opposants politiques) &#8211; voir <strong><a href=\"https:\/\/www. nytimes.com\/2022\/01\/28\/magazine\/nso-group-israel-spyware.html&#xAB; &gt;article&lt;\/a&gt;&lt;\/strong&gt; du New York Times de 2022 et voir &lt;strong&gt;&lt;a href= &#xBB;https:\/\/merip.org\/2023\/09\/the-abraham-accords-cybersecurity\/\">note<\/a><\/strong> du MERP de 2023 &#8211; a \u00e9galement \u00e9t\u00e9 offert au Br\u00e9sil du pr\u00e9sident Jair Bolsonaro. Du point de vue des droits de l&rsquo;homme, ce <strong><a href=\"&#xAB;\" https:=\"\">rapport<\/a><\/strong> de l&rsquo;ONG <em>Amnesty International<\/em> analyse le risque que repr\u00e9sente le programme Pegasus pour les opposants politiques, les syndicalistes, les journalistes critiques et les activistes en g\u00e9n\u00e9ral ou les organisations sociales. En 2022, la m\u00eame ONG am\u00e9ricaine <em>Human Rights Watch<\/em> a rapport\u00e9 que son personnel \u00e9tait soumis \u00e0 une surveillance \u00e0 l&rsquo;aide de ce logiciel isra\u00e9lien (voir <strong><a href=\"&#xAB;\" https:=\"\">note<\/a><\/strong>).<\/p>\n\n<p>Pour en revenir \u00e0 la CPI, \u00e0 cette occasion (2020), l&rsquo;argument juridique du Br\u00e9sil, ainsi que celui de l&rsquo;Allemagne, de l&rsquo;Autriche, de la Hongrie, de la R\u00e9publique tch\u00e8que et de l&rsquo;Ouganda, a \u00e9t\u00e9 rejet\u00e9 par la Chambre pr\u00e9liminaire dans une d\u00e9cision historique du 5 f\u00e9vrier 2021, que nous avons eu l&rsquo;occasion d&rsquo;analyser \u00e0 l&rsquo;\u00e9poque (<strong>Note 3<\/strong>).<\/p>\n\n<p>En ao\u00fbt 2024, l&rsquo;Argentine est le seul \u00c9tat latino-am\u00e9ricain \u00e0 avoir soumis un m\u00e9moire \u00e0 la CPI pour tenter de favoriser Isra\u00ebl devant les juges de la CPI.<\/p>\n\n<p>Mentionnons que lorsque l&rsquo;Assembl\u00e9e g\u00e9n\u00e9rale des Nations unies a vot\u00e9, en mai 2024, une r\u00e9solution sur les droits de la Palestine en tant que futur \u00c9tat membre des Nations unies, l&rsquo;Argentine s&rsquo;est une fois de plus \u00a0\u00bb d\u00e9marqu\u00e9e \u00a0\u00bb en Am\u00e9rique latine en \u00e9tant le seul \u00c9tat de la r\u00e9gion \u00e0 voter contre, avec huit autres \u00c9tats : les \u00c9tats-Unis, la Hongrie, Isra\u00ebl, la Micron\u00e9sie, Nauru, Palau, la Papouasie-Nouvelle-Guin\u00e9e et la R\u00e9publique tch\u00e8que (voir notre <a href=\"https:\/\/derechointernacionalcr. blogspot.com\/2024\/05\/palestine-assemblee-generale-des-nations.html\"><strong>note<\/strong><\/a> intitul\u00e9e \u201c<em>Palestine : sur la r\u00e9cente r\u00e9solution sur les droits des Palestiniens en tant que futur \u00c9tat membre des Nations unies<\/em>\u201d publi\u00e9e le 10 mai 2024).<\/p>\n\n<p>En juin 2024, le chef de la diplomatie argentine a indiqu\u00e9 que des \u00ab <em>progr\u00e8s<\/em> \u00bb \u00e9taient en cours pour d\u00e9placer l&rsquo;ambassade d&rsquo;Argentine en Isra\u00ebl de Tel Aviv \u00e0 J\u00e9rusalem (voir <strong><a href=\"&#xAB;\" https:=\"\">note<\/a><\/strong> du 24 juin 2024 par <em>LaPol\u00edticaOnLine<\/em>).<\/p>\n\n<h3 class=\"wp-block-heading\">CPI et Isra\u00ebl : vigilance extr\u00eame<\/h3>\n\n<p>Notons qu&rsquo;en mai 2024, un groupe de journalistes en Isra\u00ebl a d\u00e9voil\u00e9 un programme sp\u00e9cifique d&rsquo;\u00e9coute et d&rsquo;interception des renseignements isra\u00e9liens d\u00e9di\u00e9 uniquement au personnel de la CPI et au contenu de leurs ordinateurs : l&rsquo;<strong><a href=\"https:\/\/www.972 mag.com\/icc-israel-surveillance-investigation\/\">article<\/a><\/strong> intitul\u00e9 \u201c<em>Surveillance et interf\u00e9rence : la guerre secr\u00e8te d&rsquo;Isra\u00ebl contre la CPI expos\u00e9e<\/em>\u201d publi\u00e9 par <em>Magazine+972<\/em> le 28 mai 2024 est une lecture hautement recommand\u00e9e, dans laquelle on peut apprendre comment, depuis pr\u00e8s de 10 ans, Isra\u00ebl surveille constamment la CPI et son personnel.<\/p>\n\n<p>Parmi d&rsquo;autres d\u00e9tails, on peut lire que :<\/p>\n\n<blockquote class=\"wp-block-quote is-layout-flow wp-block-quote-is-layout-flow\">\n<p><em>The former prosecutor was far from the only target. Dozens of other international officials related to the probe were similarly surveilled. One of the sources said there was a large whiteboard with the names of around 60 people who were under surveillance \u2014 half of them Palestinians and half from other countries, including UN officials and ICC personnel in The Hague<\/em>. <\/p>\n<\/blockquote>\n\n<p>De plus, il est indiqu\u00e9 que pour chaque cas port\u00e9 \u00e0 l&rsquo;attention de la CPI \u00ab\u00a0<em>intercept\u00e9<\/em>\u00ab\u00a0, Isra\u00ebl a pr\u00e9par\u00e9 des informations d\u00e9taill\u00e9es afin de faire valoir ses propres enqu\u00eates internes, tout cela dans le but de pouvoir invoquer le principe de compl\u00e9mentarit\u00e9 devant le Procureur et les juges de la CPI :<\/p>\n\n<blockquote class=\"wp-block-quote is-layout-flow wp-block-quote-is-layout-flow\">\n<p><em>If materials were transferred to the ICC, it had to be understood exactly what they were, to ensure that the IDF investigated them independently and sufficiently so that they could claim complementarity,\u201d one of the sources explained. \u201cThe claim of complementarity was very, very significant<\/em>\u00ab\u00a0.<\/p>\n<\/blockquote>\n\n<p>Face \u00e0 la r\u00e9probation g\u00e9n\u00e9rale et au manque de transparence des autorit\u00e9s n\u00e9erlandaises elles-m\u00eames (voir <strong><a href=\"&#xAB;\" https:=\"\">note<\/a><\/strong> du <em>The Guardian<\/em> du 31 mai 2024 faisant \u00e9tat d&rsquo;une initiative d&rsquo;un l\u00e9gislateur), celles-ci ont finalement convoqu\u00e9 les repr\u00e9sentants d&rsquo;Isra\u00ebl dans la capitale n\u00e9erlandaise pour leur demander des \u00e9claircissements et exprimer leur profonde indignation face \u00e0 une telle action (voir <strong><a href=\"https:\/\/www. theguardian.com\/law\/article\/2024\/jun\/26\/dutch-foreign-ministry-israeli-ambassador-icc-spying-claims\">note<\/a><\/strong> du <em>The Guardian<\/em>, 24 juin 2024) : ce programme isra\u00e9lien d&rsquo;\u00e9coutes et d&rsquo;interceptions viole les r\u00e8gles les plus \u00e9l\u00e9mentaires prot\u00e9geant les organisations internationales et leurs fonctionnaires dans l&rsquo;ordre juridique international.<\/p>\n\n<h3 class=\"wp-block-heading\">En guise de conclusion<\/h3>\n\n<p>Malgr\u00e9 la gravit\u00e9 des r\u00e9v\u00e9lations faites depuis Isra\u00ebl par des journalistes isra\u00e9liens extr\u00eamement bien inform\u00e9s qui ont \u00e9galement r\u00e9v\u00e9l\u00e9 l&rsquo;existence du programme d&rsquo;intelligence artificielle \u00ab <em>Lavender<\/em> \u00bb utilis\u00e9 \u00e0 Gaza depuis le 7 octobre (<strong>Note 4<\/strong>), le temps mis par les autorit\u00e9s n\u00e9erlandaises pour proc\u00e9der \u00e0 la convocation des diplomates isra\u00e9liens t\u00e9moigne d&rsquo;une certaine r\u00e9sistance au sein de leur appareil d&rsquo;Etat.<\/p>\n\n<p>Maintenant que le d\u00e9lai pour les avis juridiques est pass\u00e9, les trois juges de la Chambre pr\u00e9liminaire de la CPI devraient annoncer dans les prochaines semaines leur d\u00e9cision finale sur la requ\u00eate du procureur de la CPI du 20 mai concernant deux hauts responsables isra\u00e9liens (son Premier ministre et son ministre de la d\u00e9fense) et trois dirigeants du Hamas (dont l&rsquo;un a \u00e9t\u00e9 assassin\u00e9 \u00e0 T\u00e9h\u00e9ran par Isra\u00ebl le 31 juillet).<\/p>\n\n<p>A noter que le 31 ao\u00fbt, le Premier ministre du S\u00e9n\u00e9gal n&rsquo;a pas h\u00e9sit\u00e9 \u00e0 le d\u00e9clarer publiquement :<\/p>\n\n<blockquote class=\"wp-block-quote is-layout-flow wp-block-quote-is-layout-flow\">\n<p><em>Nous avons un Premier ministre (isra\u00e9lien) dont le pouvoir d\u00e9pend de cette guerre, (dont) la survie politique d\u00e9pend de cette guerre, et qui est pr\u00eat \u00e0 marcher sur des milliers de cadavres pour rester Premier ministre et pour ne pas faire face \u00e0 la justice de son pays<\/em>. <\/p>\n<cite>voir <strong><a href=\u00ab https:\/\/www.20min.ch\/fr\/story\/guerre-a-gaza-le-premier-ministre-senegalais-appelle-a-isoler-israel-291029092817 \u00bb>note<\/a><\/strong> du m\u00e9dia fran\u00e7ais <em>20minutes<\/em> du 31 ao\u00fbt.<\/cite><\/blockquote>\n\n<p><strong>Texte partag\u00e9 par Nicol\u00e1s Boeglin, Professeur de droit international public, Facult\u00e9 de droit, Universit\u00e9 du Costa Rica (UCR). Contact : nboeglin@gmail.com<\/strong><\/p>\n\n<hr class=\"wp-block-separator has-text-color has-alpha-channel-opacity has-background\" style=\"background-color:#004f5e;color:#004f5e\"\/>\n\n<h5 class=\"wp-block-heading\">Notes <\/h5>\n\n<p class=\"has-small-font-size\"><strong>Note 1<\/strong> : L&rsquo;offensive militaire isra\u00e9lienne \u00e0 Gaza entre le 28 d\u00e9cembre 2008 et le 17 janvier 2009 (voir <a href=\"https:\/\/www.ohchr. org\/en\/hr-bodies\/hrc\/special-sessions\/session9&lt;\/strong&gt;&lt;\/a&gt; au rapport de l'ONU) s'est sold&#xE9;e par le bilan suivant : 13 personnes d'origine isra&#xE9;lienne tu&#xE9;es contre plus de 1400 Palestiniens de Gaza tu&#xE9;s : voir la section &#xAB; casualties &#xBB; aux paragraphes 352-364 du &lt;a href=&#xAB; https:\/\/www2.ohchr.org\/english\/bodies\/hrcouncil\/docs\/12session\/a-hrc-12-48.pdf &#xBB;&gt;&lt;strong&gt;rapport&lt;\/strong&gt;&lt;\/a&gt; d&#xE9;taill&#xE9; &lt;a href=&#xAB; https:\/\/www2.ohchr.org\/english\/bodies\/hrcouncil\/docs\/12session\/a-hrc-12-48.pdf &#xBB;&gt;&lt;strong&gt;rapport&lt;\/strong&gt;&lt;\/a&gt;.&lt;\/div&gt;\"><\/a><\/p>\n\n<p class=\"has-small-font-size\"><strong>Note 2<\/strong> : Sur la d\u00e9cision de d\u00e9placer l&rsquo;ambassade de Tel Aviv \u00e0 J\u00e9rusalem par le pr\u00e9sident Cartes au Paraguay en mai 2018, puis la d\u00e9cision du nouveau pr\u00e9sident Mario Abdo Benitez de la ramener \u00e0 Tel Aviv quelques mois plus tard, voir notre <strong><a href=\"https:\/\/derechointernacionalcr. blogspot.com\/2018\/09\/paraguay-optes-&#xE0;-retourner-transfert-its.html\">note<\/a><\/strong> : <strong>BOEGLIN N.<\/strong>, \u201c<em>D\u00e9cision courageuse du Paraguay de r\u00e9int\u00e9grer son ambassade \u00e0 Tel-Aviv : une br\u00e8ve mise en perspective<\/em>\u201d, \u00e9dit\u00e9 le 11 septembre 2018.<\/p>\n\n<p class=\"has-small-font-size\"><strong>Note 3<\/strong> : Voir notre <strong><a href=\"&#xAB;\" https:=\"\">note<\/a><\/strong> <strong>BOEGLIN N.<\/strong>, \u00ab <em>Cour p\u00e9nale internationale (CPI)\/Palestine : la fin de l&rsquo;impunit\u00e9 pour les auteurs de crimes de guerre commis en Palestine&#8230;<\/em> \u00bb, \u00e9dit\u00e9 le 5 f\u00e9vrier 2021.<\/p>\n\n<p class=\"has-small-font-size\"><strong>Note 4<\/strong> : le m\u00eame groupe de journalistes d&rsquo;investigation isra\u00e9liens a port\u00e9 \u00e0 la connaissance du monde l&rsquo;existence du programme d&rsquo;intelligence artificielle \u00ab\u00a0<em>Lavender<\/em>\u00a0\u00bb au moyen duquel Isra\u00ebl proc\u00e8de au choix des personnes qu&rsquo;il \u00e9limine \u00e0 Gaza : voir <strong><a href=\"https:\/\/www.972 mag.com\/lavender-ai-israeli-army-gaza\/&#xAB; &gt;article&lt;\/a&gt;&lt;\/strong&gt; publi&#xE9; le 3 avril 2024 dans le m&#xE9;dia num&#xE9;rique &lt;em&gt;Magazine +972, intitul&#xE9; &#x201C;&#x201D;Lavender' : The AI machine directing Israel's bombing spree in Gaza&lt;\/em&gt; &#xBB;, dont nous vous recommandons l'int&#xE9;gralit&#xE9;. En France, l'ONG &lt;em&gt;AURDIP&lt;\/em&gt; a eu la g&#xE9;n&#xE9;reuse id&#xE9;e de traduire cet article en fran&#xE7;ais, dont le texte est disponible sur ce &lt;strong&gt;&lt;a href=&#xAB; https:\/\/aurdip.org\/lavender-lintelligence-artificielle-qui-dirige-les-bombardements-israeliens-a-gaza\/ &#xBB;&gt;&lt;\/a&gt;&lt;\/strong&gt;.&lt;\/div&gt;\"><\/a><\/strong><\/p>\n","protected":false},"excerpt":{"rendered":"<p>Nicol\u00e1s Boeglin, de la Facult\u00e9 de droit de l&rsquo;Universit\u00e9 du Costa Rica.. Dans un document transmis le 23 ao\u00fbt \u00e0 la Chambre pr\u00e9liminaire de la Cour p\u00e9nale internationale (CPI), le procureur de la CPI a r\u00e9it\u00e9r\u00e9 sa demande de mandats d&rsquo;arr\u00eat \u00e0 l&rsquo;encontre de dirigeants isra\u00e9liens (son Premier ministre et son ministre de la D\u00e9fense) [&hellip;]<\/p>\n","protected":false},"author":4,"featured_media":18844,"comment_status":"closed","ping_status":"closed","sticky":false,"template":"","format":"standard","meta":{"_acf_changed":false,"inline_featured_image":false,"_monsterinsights_skip_tracking":false,"_monsterinsights_sitenote_active":false,"_monsterinsights_sitenote_note":"","_monsterinsights_sitenote_category":0,"footnotes":""},"categories":[107],"tags":[],"class_list":["post-18840","post","type-post","status-publish","format-standard","has-post-thumbnail","hentry","category-politique-fr"],"acf":[],"yoast_head":"<!-- This site is optimized with the Yoast SEO plugin v27.4 - https:\/\/yoast.com\/product\/yoast-seo-wordpress\/ -->\n<title>Gaza\/Isra\u00ebl : la CPI rappelle l&#039;urgence des mandats d&#039;arr\u00eat - SensorialSunsets<\/title>\n<meta name=\"description\" content=\"La CPI r\u00e9affirme qu&#039;il est urgent d&#039;\u00e9mettre des mandats d&#039;arr\u00eat dans le conflit entre Gaza et Isra\u00ebl pour d&#039;\u00e9ventuels crimes de guerre dans la r\u00e9gion.\" \/>\n<meta name=\"robots\" content=\"index, follow, max-snippet:-1, max-image-preview:large, max-video-preview:-1\" \/>\n<link rel=\"canonical\" href=\"https:\/\/www.sensorialsunsets.com\/fr\/gaza-israel-la-cpi-rappelle-lurgence-des-mandats-darret\/\" \/>\n<meta property=\"og:locale\" content=\"fr_FR\" \/>\n<meta property=\"og:type\" content=\"article\" \/>\n<meta property=\"og:title\" content=\"Gaza\/Isra\u00ebl : la CPI rappelle l&#039;urgence des mandats d&#039;arr\u00eat - SensorialSunsets\" \/>\n<meta property=\"og:description\" content=\"La CPI r\u00e9affirme qu&#039;il est urgent d&#039;\u00e9mettre des mandats d&#039;arr\u00eat dans le conflit entre Gaza et Isra\u00ebl pour d&#039;\u00e9ventuels crimes de guerre dans la r\u00e9gion.\" \/>\n<meta property=\"og:url\" content=\"https:\/\/www.sensorialsunsets.com\/fr\/gaza-israel-la-cpi-rappelle-lurgence-des-mandats-darret\/\" \/>\n<meta property=\"og:site_name\" content=\"SensorialSunsets\" \/>\n<meta property=\"article:publisher\" content=\"https:\/\/www.facebook.com\/Sensorial-Sunsets-109180614715562\" \/>\n<meta property=\"article:published_time\" content=\"2024-09-23T20:41:55+00:00\" \/>\n<meta property=\"og:image\" content=\"https:\/\/www.sensorialsunsets.com\/wp-content\/uploads\/2024\/09\/Israel-Gaza-Sensorial-Sunsets.png\" \/>\n<meta name=\"author\" content=\"Sensorial Sunsets\" \/>\n<meta name=\"twitter:card\" content=\"summary_large_image\" \/>\n<meta name=\"twitter:label1\" content=\"\u00c9crit par\" \/>\n\t<meta name=\"twitter:data1\" content=\"Sensorial Sunsets\" \/>\n\t<meta name=\"twitter:label2\" content=\"Dur\u00e9e de lecture estim\u00e9e\" \/>\n\t<meta name=\"twitter:data2\" content=\"24 minutes\" \/>\n<script type=\"application\/ld+json\" class=\"yoast-schema-graph\">{\"@context\":\"https:\\\/\\\/schema.org\",\"@graph\":[{\"@type\":\"Article\",\"@id\":\"https:\\\/\\\/www.sensorialsunsets.com\\\/fr\\\/gaza-israel-la-cpi-rappelle-lurgence-des-mandats-darret\\\/#article\",\"isPartOf\":{\"@id\":\"https:\\\/\\\/www.sensorialsunsets.com\\\/fr\\\/gaza-israel-la-cpi-rappelle-lurgence-des-mandats-darret\\\/\"},\"author\":{\"name\":\"Sensorial Sunsets\",\"@id\":\"https:\\\/\\\/www.sensorialsunsets.com\\\/fr\\\/#\\\/schema\\\/person\\\/77e2fa594135aa94024c47e281d8a94d\"},\"headline\":\"Gaza\\\/Isra\u00ebl : la CPI rappelle l&rsquo;urgence des mandats d&rsquo;arr\u00eat\",\"datePublished\":\"2024-09-23T20:41:55+00:00\",\"mainEntityOfPage\":{\"@id\":\"https:\\\/\\\/www.sensorialsunsets.com\\\/fr\\\/gaza-israel-la-cpi-rappelle-lurgence-des-mandats-darret\\\/\"},\"wordCount\":5096,\"publisher\":{\"@id\":\"https:\\\/\\\/www.sensorialsunsets.com\\\/fr\\\/#organization\"},\"image\":{\"@id\":\"https:\\\/\\\/www.sensorialsunsets.com\\\/fr\\\/gaza-israel-la-cpi-rappelle-lurgence-des-mandats-darret\\\/#primaryimage\"},\"thumbnailUrl\":\"https:\\\/\\\/www.sensorialsunsets.com\\\/wp-content\\\/uploads\\\/2024\\\/09\\\/thumbs_b_c_a46ee21f3c3629790f013be6c72f7d16.jpg\",\"articleSection\":[\"Politique\"],\"inLanguage\":\"fr-FR\"},{\"@type\":\"WebPage\",\"@id\":\"https:\\\/\\\/www.sensorialsunsets.com\\\/fr\\\/gaza-israel-la-cpi-rappelle-lurgence-des-mandats-darret\\\/\",\"url\":\"https:\\\/\\\/www.sensorialsunsets.com\\\/fr\\\/gaza-israel-la-cpi-rappelle-lurgence-des-mandats-darret\\\/\",\"name\":\"Gaza\\\/Isra\u00ebl : la CPI rappelle l'urgence des mandats d'arr\u00eat - SensorialSunsets\",\"isPartOf\":{\"@id\":\"https:\\\/\\\/www.sensorialsunsets.com\\\/fr\\\/#website\"},\"primaryImageOfPage\":{\"@id\":\"https:\\\/\\\/www.sensorialsunsets.com\\\/fr\\\/gaza-israel-la-cpi-rappelle-lurgence-des-mandats-darret\\\/#primaryimage\"},\"image\":{\"@id\":\"https:\\\/\\\/www.sensorialsunsets.com\\\/fr\\\/gaza-israel-la-cpi-rappelle-lurgence-des-mandats-darret\\\/#primaryimage\"},\"thumbnailUrl\":\"https:\\\/\\\/www.sensorialsunsets.com\\\/wp-content\\\/uploads\\\/2024\\\/09\\\/thumbs_b_c_a46ee21f3c3629790f013be6c72f7d16.jpg\",\"datePublished\":\"2024-09-23T20:41:55+00:00\",\"description\":\"La CPI r\u00e9affirme qu'il est urgent d'\u00e9mettre des mandats d'arr\u00eat dans le conflit entre Gaza et Isra\u00ebl pour d'\u00e9ventuels crimes de guerre dans la r\u00e9gion.\",\"inLanguage\":\"fr-FR\",\"potentialAction\":[{\"@type\":\"ReadAction\",\"target\":[\"https:\\\/\\\/www.sensorialsunsets.com\\\/fr\\\/gaza-israel-la-cpi-rappelle-lurgence-des-mandats-darret\\\/\"]}]},{\"@type\":\"ImageObject\",\"inLanguage\":\"fr-FR\",\"@id\":\"https:\\\/\\\/www.sensorialsunsets.com\\\/fr\\\/gaza-israel-la-cpi-rappelle-lurgence-des-mandats-darret\\\/#primaryimage\",\"url\":\"https:\\\/\\\/www.sensorialsunsets.com\\\/wp-content\\\/uploads\\\/2024\\\/09\\\/thumbs_b_c_a46ee21f3c3629790f013be6c72f7d16.jpg\",\"contentUrl\":\"https:\\\/\\\/www.sensorialsunsets.com\\\/wp-content\\\/uploads\\\/2024\\\/09\\\/thumbs_b_c_a46ee21f3c3629790f013be6c72f7d16.jpg\",\"width\":864,\"height\":536},{\"@type\":\"WebSite\",\"@id\":\"https:\\\/\\\/www.sensorialsunsets.com\\\/fr\\\/#website\",\"url\":\"https:\\\/\\\/www.sensorialsunsets.com\\\/fr\\\/\",\"name\":\"SensorialSunsets.com\",\"description\":\"D\u00e9couvrez la culture et la soci\u00e9t\u00e9 du Costa Rica sur notre blog. Explorez des articles captivants et partagez le contenu.\",\"publisher\":{\"@id\":\"https:\\\/\\\/www.sensorialsunsets.com\\\/fr\\\/#organization\"},\"alternateName\":\"Costa Rica Live Blog\",\"potentialAction\":[{\"@type\":\"SearchAction\",\"target\":{\"@type\":\"EntryPoint\",\"urlTemplate\":\"https:\\\/\\\/www.sensorialsunsets.com\\\/fr\\\/?s={search_term_string}\"},\"query-input\":{\"@type\":\"PropertyValueSpecification\",\"valueRequired\":true,\"valueName\":\"search_term_string\"}}],\"inLanguage\":\"fr-FR\"},{\"@type\":\"Organization\",\"@id\":\"https:\\\/\\\/www.sensorialsunsets.com\\\/fr\\\/#organization\",\"name\":\"SensorialSunsets\",\"url\":\"https:\\\/\\\/www.sensorialsunsets.com\\\/fr\\\/\",\"logo\":{\"@type\":\"ImageObject\",\"inLanguage\":\"fr-FR\",\"@id\":\"https:\\\/\\\/www.sensorialsunsets.com\\\/fr\\\/#\\\/schema\\\/logo\\\/image\\\/\",\"url\":\"https:\\\/\\\/www.sensorialsunsets.com\\\/wp-content\\\/uploads\\\/2023\\\/04\\\/Logo_base_line_fond_clair.svg\",\"contentUrl\":\"https:\\\/\\\/www.sensorialsunsets.com\\\/wp-content\\\/uploads\\\/2023\\\/04\\\/Logo_base_line_fond_clair.svg\",\"width\":\"1024\",\"height\":\"1024\",\"caption\":\"SensorialSunsets\"},\"image\":{\"@id\":\"https:\\\/\\\/www.sensorialsunsets.com\\\/fr\\\/#\\\/schema\\\/logo\\\/image\\\/\"},\"sameAs\":[\"https:\\\/\\\/www.facebook.com\\\/Sensorial-Sunsets-109180614715562\",\"https:\\\/\\\/www.instagram.com\\\/sensorialsunsets\\\/\"]},{\"@type\":\"Person\",\"@id\":\"https:\\\/\\\/www.sensorialsunsets.com\\\/fr\\\/#\\\/schema\\\/person\\\/77e2fa594135aa94024c47e281d8a94d\",\"name\":\"Sensorial Sunsets\",\"image\":{\"@type\":\"ImageObject\",\"inLanguage\":\"fr-FR\",\"@id\":\"https:\\\/\\\/secure.gravatar.com\\\/avatar\\\/5f2d62681b1dad94c28f1500d4fc75582acdfd32b55fd1acce0a36a3c487eabe?s=96&d=mm&r=g\",\"url\":\"https:\\\/\\\/secure.gravatar.com\\\/avatar\\\/5f2d62681b1dad94c28f1500d4fc75582acdfd32b55fd1acce0a36a3c487eabe?s=96&d=mm&r=g\",\"contentUrl\":\"https:\\\/\\\/secure.gravatar.com\\\/avatar\\\/5f2d62681b1dad94c28f1500d4fc75582acdfd32b55fd1acce0a36a3c487eabe?s=96&d=mm&r=g\",\"caption\":\"Sensorial Sunsets\"},\"url\":\"https:\\\/\\\/www.sensorialsunsets.com\\\/fr\\\/author\\\/asistentes-sensorial-sunsets\\\/\"}]}<\/script>\n<!-- \/ Yoast SEO plugin. -->","yoast_head_json":{"title":"Gaza\/Isra\u00ebl : la CPI rappelle l'urgence des mandats d'arr\u00eat - SensorialSunsets","description":"La CPI r\u00e9affirme qu'il est urgent d'\u00e9mettre des mandats d'arr\u00eat dans le conflit entre Gaza et Isra\u00ebl pour d'\u00e9ventuels crimes de guerre dans la r\u00e9gion.","robots":{"index":"index","follow":"follow","max-snippet":"max-snippet:-1","max-image-preview":"max-image-preview:large","max-video-preview":"max-video-preview:-1"},"canonical":"https:\/\/www.sensorialsunsets.com\/fr\/gaza-israel-la-cpi-rappelle-lurgence-des-mandats-darret\/","og_locale":"fr_FR","og_type":"article","og_title":"Gaza\/Isra\u00ebl : la CPI rappelle l'urgence des mandats d'arr\u00eat - SensorialSunsets","og_description":"La CPI r\u00e9affirme qu'il est urgent d'\u00e9mettre des mandats d'arr\u00eat dans le conflit entre Gaza et Isra\u00ebl pour d'\u00e9ventuels crimes de guerre dans la r\u00e9gion.","og_url":"https:\/\/www.sensorialsunsets.com\/fr\/gaza-israel-la-cpi-rappelle-lurgence-des-mandats-darret\/","og_site_name":"SensorialSunsets","article_publisher":"https:\/\/www.facebook.com\/Sensorial-Sunsets-109180614715562","article_published_time":"2024-09-23T20:41:55+00:00","og_image":[{"url":"https:\/\/www.sensorialsunsets.com\/wp-content\/uploads\/2024\/09\/Israel-Gaza-Sensorial-Sunsets.png","type":"","width":"","height":""}],"author":"Sensorial Sunsets","twitter_card":"summary_large_image","twitter_misc":{"\u00c9crit par":"Sensorial Sunsets","Dur\u00e9e de lecture estim\u00e9e":"24 minutes"},"schema":{"@context":"https:\/\/schema.org","@graph":[{"@type":"Article","@id":"https:\/\/www.sensorialsunsets.com\/fr\/gaza-israel-la-cpi-rappelle-lurgence-des-mandats-darret\/#article","isPartOf":{"@id":"https:\/\/www.sensorialsunsets.com\/fr\/gaza-israel-la-cpi-rappelle-lurgence-des-mandats-darret\/"},"author":{"name":"Sensorial Sunsets","@id":"https:\/\/www.sensorialsunsets.com\/fr\/#\/schema\/person\/77e2fa594135aa94024c47e281d8a94d"},"headline":"Gaza\/Isra\u00ebl : la CPI rappelle l&rsquo;urgence des mandats d&rsquo;arr\u00eat","datePublished":"2024-09-23T20:41:55+00:00","mainEntityOfPage":{"@id":"https:\/\/www.sensorialsunsets.com\/fr\/gaza-israel-la-cpi-rappelle-lurgence-des-mandats-darret\/"},"wordCount":5096,"publisher":{"@id":"https:\/\/www.sensorialsunsets.com\/fr\/#organization"},"image":{"@id":"https:\/\/www.sensorialsunsets.com\/fr\/gaza-israel-la-cpi-rappelle-lurgence-des-mandats-darret\/#primaryimage"},"thumbnailUrl":"https:\/\/www.sensorialsunsets.com\/wp-content\/uploads\/2024\/09\/thumbs_b_c_a46ee21f3c3629790f013be6c72f7d16.jpg","articleSection":["Politique"],"inLanguage":"fr-FR"},{"@type":"WebPage","@id":"https:\/\/www.sensorialsunsets.com\/fr\/gaza-israel-la-cpi-rappelle-lurgence-des-mandats-darret\/","url":"https:\/\/www.sensorialsunsets.com\/fr\/gaza-israel-la-cpi-rappelle-lurgence-des-mandats-darret\/","name":"Gaza\/Isra\u00ebl : la CPI rappelle l'urgence des mandats d'arr\u00eat - SensorialSunsets","isPartOf":{"@id":"https:\/\/www.sensorialsunsets.com\/fr\/#website"},"primaryImageOfPage":{"@id":"https:\/\/www.sensorialsunsets.com\/fr\/gaza-israel-la-cpi-rappelle-lurgence-des-mandats-darret\/#primaryimage"},"image":{"@id":"https:\/\/www.sensorialsunsets.com\/fr\/gaza-israel-la-cpi-rappelle-lurgence-des-mandats-darret\/#primaryimage"},"thumbnailUrl":"https:\/\/www.sensorialsunsets.com\/wp-content\/uploads\/2024\/09\/thumbs_b_c_a46ee21f3c3629790f013be6c72f7d16.jpg","datePublished":"2024-09-23T20:41:55+00:00","description":"La CPI r\u00e9affirme qu'il est urgent d'\u00e9mettre des mandats d'arr\u00eat dans le conflit entre Gaza et Isra\u00ebl pour d'\u00e9ventuels crimes de guerre dans la r\u00e9gion.","inLanguage":"fr-FR","potentialAction":[{"@type":"ReadAction","target":["https:\/\/www.sensorialsunsets.com\/fr\/gaza-israel-la-cpi-rappelle-lurgence-des-mandats-darret\/"]}]},{"@type":"ImageObject","inLanguage":"fr-FR","@id":"https:\/\/www.sensorialsunsets.com\/fr\/gaza-israel-la-cpi-rappelle-lurgence-des-mandats-darret\/#primaryimage","url":"https:\/\/www.sensorialsunsets.com\/wp-content\/uploads\/2024\/09\/thumbs_b_c_a46ee21f3c3629790f013be6c72f7d16.jpg","contentUrl":"https:\/\/www.sensorialsunsets.com\/wp-content\/uploads\/2024\/09\/thumbs_b_c_a46ee21f3c3629790f013be6c72f7d16.jpg","width":864,"height":536},{"@type":"WebSite","@id":"https:\/\/www.sensorialsunsets.com\/fr\/#website","url":"https:\/\/www.sensorialsunsets.com\/fr\/","name":"SensorialSunsets.com","description":"D\u00e9couvrez la culture et la soci\u00e9t\u00e9 du Costa Rica sur notre blog. Explorez des articles captivants et partagez le contenu.","publisher":{"@id":"https:\/\/www.sensorialsunsets.com\/fr\/#organization"},"alternateName":"Costa Rica Live Blog","potentialAction":[{"@type":"SearchAction","target":{"@type":"EntryPoint","urlTemplate":"https:\/\/www.sensorialsunsets.com\/fr\/?s={search_term_string}"},"query-input":{"@type":"PropertyValueSpecification","valueRequired":true,"valueName":"search_term_string"}}],"inLanguage":"fr-FR"},{"@type":"Organization","@id":"https:\/\/www.sensorialsunsets.com\/fr\/#organization","name":"SensorialSunsets","url":"https:\/\/www.sensorialsunsets.com\/fr\/","logo":{"@type":"ImageObject","inLanguage":"fr-FR","@id":"https:\/\/www.sensorialsunsets.com\/fr\/#\/schema\/logo\/image\/","url":"https:\/\/www.sensorialsunsets.com\/wp-content\/uploads\/2023\/04\/Logo_base_line_fond_clair.svg","contentUrl":"https:\/\/www.sensorialsunsets.com\/wp-content\/uploads\/2023\/04\/Logo_base_line_fond_clair.svg","width":"1024","height":"1024","caption":"SensorialSunsets"},"image":{"@id":"https:\/\/www.sensorialsunsets.com\/fr\/#\/schema\/logo\/image\/"},"sameAs":["https:\/\/www.facebook.com\/Sensorial-Sunsets-109180614715562","https:\/\/www.instagram.com\/sensorialsunsets\/"]},{"@type":"Person","@id":"https:\/\/www.sensorialsunsets.com\/fr\/#\/schema\/person\/77e2fa594135aa94024c47e281d8a94d","name":"Sensorial Sunsets","image":{"@type":"ImageObject","inLanguage":"fr-FR","@id":"https:\/\/secure.gravatar.com\/avatar\/5f2d62681b1dad94c28f1500d4fc75582acdfd32b55fd1acce0a36a3c487eabe?s=96&d=mm&r=g","url":"https:\/\/secure.gravatar.com\/avatar\/5f2d62681b1dad94c28f1500d4fc75582acdfd32b55fd1acce0a36a3c487eabe?s=96&d=mm&r=g","contentUrl":"https:\/\/secure.gravatar.com\/avatar\/5f2d62681b1dad94c28f1500d4fc75582acdfd32b55fd1acce0a36a3c487eabe?s=96&d=mm&r=g","caption":"Sensorial Sunsets"},"url":"https:\/\/www.sensorialsunsets.com\/fr\/author\/asistentes-sensorial-sunsets\/"}]}},"_links":{"self":[{"href":"https:\/\/www.sensorialsunsets.com\/fr\/wp-json\/wp\/v2\/posts\/18840","targetHints":{"allow":["GET"]}}],"collection":[{"href":"https:\/\/www.sensorialsunsets.com\/fr\/wp-json\/wp\/v2\/posts"}],"about":[{"href":"https:\/\/www.sensorialsunsets.com\/fr\/wp-json\/wp\/v2\/types\/post"}],"author":[{"embeddable":true,"href":"https:\/\/www.sensorialsunsets.com\/fr\/wp-json\/wp\/v2\/users\/4"}],"replies":[{"embeddable":true,"href":"https:\/\/www.sensorialsunsets.com\/fr\/wp-json\/wp\/v2\/comments?post=18840"}],"version-history":[{"count":0,"href":"https:\/\/www.sensorialsunsets.com\/fr\/wp-json\/wp\/v2\/posts\/18840\/revisions"}],"wp:featuredmedia":[{"embeddable":true,"href":"https:\/\/www.sensorialsunsets.com\/fr\/wp-json\/wp\/v2\/media\/18844"}],"wp:attachment":[{"href":"https:\/\/www.sensorialsunsets.com\/fr\/wp-json\/wp\/v2\/media?parent=18840"}],"wp:term":[{"taxonomy":"category","embeddable":true,"href":"https:\/\/www.sensorialsunsets.com\/fr\/wp-json\/wp\/v2\/categories?post=18840"},{"taxonomy":"post_tag","embeddable":true,"href":"https:\/\/www.sensorialsunsets.com\/fr\/wp-json\/wp\/v2\/tags?post=18840"}],"curies":[{"name":"wp","href":"https:\/\/api.w.org\/{rel}","templated":true}]}}