{"id":19031,"date":"2024-10-09T17:04:19","date_gmt":"2024-10-09T23:04:19","guid":{"rendered":"https:\/\/www.sensorialsunsets.com\/?p=19031"},"modified":"2024-10-09T17:04:19","modified_gmt":"2024-10-09T23:04:19","slug":"le-changement-climatique-et-son-impact-sur-la-couverture-vegetale-de-lantarctique","status":"publish","type":"post","link":"https:\/\/www.sensorialsunsets.com\/fr\/le-changement-climatique-et-son-impact-sur-la-couverture-vegetale-de-lantarctique\/","title":{"rendered":"Le changement climatique et son impact sur la couverture v\u00e9g\u00e9tale de l&rsquo;Antarctique"},"content":{"rendered":"\n<p>Le changement climatique est un ph\u00e9nom\u00e8ne mondial qui transforme la plan\u00e8te \u00e0 un rythme alarmant, avec des effets \u00e9vidents sur les \u00e9cosyst\u00e8mes, le climat et les esp\u00e8ces dans le monde entier. Parmi les exemples les plus frappants de ces changements, on peut citer l&rsquo;apparition d&rsquo;une \u00ab\u00a0couverture verte\u00a0\u00bb en Antarctique, un endroit qui \u00e9tait auparavant presque enti\u00e8rement recouvert de glace.<\/p>\n\n<h3 class=\"wp-block-heading\">Situation actuelle du changement climatique<\/h3>\n\n<p>L&rsquo;augmentation de la temp\u00e9rature mondiale est l&rsquo;un des indicateurs les plus clairs du changement climatique. Depuis l&rsquo;\u00e8re pr\u00e9industrielle, la temp\u00e9rature moyenne de la plan\u00e8te a augment\u00e9 d&rsquo;environ 1,1 \u00b0C, et cette augmentation devrait se poursuivre en raison de la combustion de combustibles fossiles, de la d\u00e9forestation et d&rsquo;autres activit\u00e9s humaines qui \u00e9mettent des gaz \u00e0 effet de serre. Ces gaz retiennent la chaleur dans l&rsquo;atmosph\u00e8re, exacerbant les ph\u00e9nom\u00e8nes m\u00e9t\u00e9orologiques extr\u00eames et perturbant les \u00e9cosyst\u00e8mes \u00e0 grande \u00e9chelle.<\/p>\n\n<p>Au rang des effets les plus visibles du changement climatique figurent la fonte des glaciers, l&rsquo;\u00e9l\u00e9vation du niveau de la mer, les ph\u00e9nom\u00e8nes m\u00e9t\u00e9orologiques extr\u00eames tels que les s\u00e9cheresses et les inondations, ainsi que la perte de biodiversit\u00e9. Ces changements conduisent de nombreuses esp\u00e8ces au bord de l&rsquo;extinction et transforment les habitats naturels dans le monde entier.<\/p>\n\n<h3 class=\"wp-block-heading\">Couverture verte dans l&rsquo;Antarctique<\/h3>\n\n<figure class=\"wp-block-gallery has-nested-images columns-default is-cropped wp-block-gallery-1 is-layout-flex wp-block-gallery-is-layout-flex\">\n<figure class=\"wp-block-image size-large\"><img loading=\"lazy\" decoding=\"async\" width=\"1024\" height=\"683\" data-id=\"19019\" src=\"https:\/\/www.sensorialsunsets.com\/wp-content\/uploads\/2024\/10\/NIY44HF22FC2LNWERBCM5F5OFA-1024x683.avif\" alt=\"\" class=\"wp-image-19019\" srcset=\"https:\/\/www.sensorialsunsets.com\/wp-content\/uploads\/2024\/10\/NIY44HF22FC2LNWERBCM5F5OFA-1024x683.avif 1024w, https:\/\/www.sensorialsunsets.com\/wp-content\/uploads\/2024\/10\/NIY44HF22FC2LNWERBCM5F5OFA-300x200.avif 300w, https:\/\/www.sensorialsunsets.com\/wp-content\/uploads\/2024\/10\/NIY44HF22FC2LNWERBCM5F5OFA-768x512.avif 768w, https:\/\/www.sensorialsunsets.com\/wp-content\/uploads\/2024\/10\/NIY44HF22FC2LNWERBCM5F5OFA-1536x1024.avif 1536w, https:\/\/www.sensorialsunsets.com\/wp-content\/uploads\/2024\/10\/NIY44HF22FC2LNWERBCM5F5OFA-334x222.avif 334w, https:\/\/www.sensorialsunsets.com\/wp-content\/uploads\/2024\/10\/NIY44HF22FC2LNWERBCM5F5OFA.avif 1960w\" sizes=\"auto, (max-width: 1024px) 100vw, 1024px\" \/><\/figure>\n\n\n\n<figure class=\"wp-block-image size-large\"><img loading=\"lazy\" decoding=\"async\" width=\"1024\" height=\"615\" data-id=\"19016\" src=\"https:\/\/www.sensorialsunsets.com\/wp-content\/uploads\/2024\/10\/YNT4SVZ26ZBMTIUHYRR2IQUNEA-1024x615.avif\" alt=\"\" class=\"wp-image-19016\" srcset=\"https:\/\/www.sensorialsunsets.com\/wp-content\/uploads\/2024\/10\/YNT4SVZ26ZBMTIUHYRR2IQUNEA-1024x615.avif 1024w, https:\/\/www.sensorialsunsets.com\/wp-content\/uploads\/2024\/10\/YNT4SVZ26ZBMTIUHYRR2IQUNEA-300x180.avif 300w, https:\/\/www.sensorialsunsets.com\/wp-content\/uploads\/2024\/10\/YNT4SVZ26ZBMTIUHYRR2IQUNEA-768x461.avif 768w, https:\/\/www.sensorialsunsets.com\/wp-content\/uploads\/2024\/10\/YNT4SVZ26ZBMTIUHYRR2IQUNEA.avif 1200w\" sizes=\"auto, (max-width: 1024px) 100vw, 1024px\" \/><\/figure>\n<\/figure>\n\n<p>Au cours des derni\u00e8res d\u00e9cennies, le r\u00e9chauffement climatique a permis l&rsquo;apparition d&rsquo;un ph\u00e9nom\u00e8ne inhabituel en Antarctique : la croissance de mousses et d&rsquo;algues dans des zones auparavant recouvertes de glace. Ce ph\u00e9nom\u00e8ne, connu sous le nom de \u00ab couverture verte \u00bb, est une cons\u00e9quence directe de l&rsquo;augmentation des temp\u00e9ratures et de la fonte des glaces dans la r\u00e9gion.<\/p>\n\n<p>Avec l&rsquo;augmentation des temp\u00e9ratures et le retrait des glaces, de nouvelles zones de terre expos\u00e9es offrent des conditions plus chaudes et plus humides, propices \u00e0 la v\u00e9g\u00e9tation. Bien que ces changements puissent sembler mineurs par rapport aux autres effets du changement climatique, ils ont des cons\u00e9quences importantes. La croissance de la v\u00e9g\u00e9tation modifie les cycles du carbone, car les plantes s\u00e9questrent le dioxyde de carbone, et peut avoir un impact sur le climat mondial en modifiant les sch\u00e9mas \u00e9cologiques locaux.<\/p>\n\n<h3 class=\"wp-block-heading\">Impact sur la biodiversit\u00e9<\/h3>\n\n<p>La croissance des plantes en Antarctique affecte \u00e9galement la biodiversit\u00e9 de la r\u00e9gion. Bien qu&rsquo;il n&rsquo;y ait que deux esp\u00e8ces de plantes indig\u00e8nes, <em>Deschampsia antarctica<\/em> et <em>Colobanthus quitensis<\/em>, ces deux esp\u00e8ces ont connu une croissance acc\u00e9l\u00e9r\u00e9e au cours des derni\u00e8res d\u00e9cennies. Cette croissance pourrait alt\u00e9rer l&rsquo;\u00e9quilibre \u00e9cologique de la r\u00e9gion et avoir des cons\u00e9quences non seulement pour ces plantes, mais aussi pour les esp\u00e8ces qui d\u00e9pendent de certains habitats, comme les manchots et les phoques.<\/p>\n\n<p><strong>Esp\u00e8ces antarctiques en danger<\/strong><\/p>\n\n<ol class=\"wp-block-list\">\n<li><strong>Manchot d&rsquo;Ad\u00e9la\u00efde<\/strong> : cette esp\u00e8ce a connu un d\u00e9clin allant jusqu&rsquo;\u00e0 80 % dans certaines zones en raison de la r\u00e9duction de la glace de mer, qui limite sa capacit\u00e9 \u00e0 trouver de la nourriture.<\/li>\n\n\n\n<li><strong>Krill antarctique<\/strong> : ce crustac\u00e9 est un \u00e9l\u00e9ment cl\u00e9 de la cha\u00eene alimentaire de l&rsquo;Antarctique. La r\u00e9duction de la glace de mer a eu un impact n\u00e9gatif sur sa population, ce qui a affect\u00e9 les baleines, les pingouins et les phoques qui d\u00e9pendent du krill comme source de nourriture.<\/li>\n\n\n\n<li><strong>Baleines<\/strong> : les baleines, telles que les baleines bleues, sont menac\u00e9es par le d\u00e9clin du krill, qui compromet leur alimentation et leur survie.<\/li>\n<\/ol>\n\n<h3 class=\"wp-block-heading\">Changements dans l&rsquo;\u00e9cosyst\u00e8me de l&rsquo;Antarctique<\/h3>\n\n<figure class=\"wp-block-gallery has-nested-images columns-default is-cropped wp-block-gallery-2 is-layout-flex wp-block-gallery-is-layout-flex\">\n<figure class=\"wp-block-image size-large\"><img loading=\"lazy\" decoding=\"async\" width=\"1024\" height=\"683\" data-id=\"19022\" src=\"https:\/\/www.sensorialsunsets.com\/wp-content\/uploads\/2024\/10\/EIGWRP6NOVB4JL6UGIWYF4TXBI-1024x683.avif\" alt=\"\" class=\"wp-image-19022\" srcset=\"https:\/\/www.sensorialsunsets.com\/wp-content\/uploads\/2024\/10\/EIGWRP6NOVB4JL6UGIWYF4TXBI-1024x683.avif 1024w, https:\/\/www.sensorialsunsets.com\/wp-content\/uploads\/2024\/10\/EIGWRP6NOVB4JL6UGIWYF4TXBI-300x200.avif 300w, https:\/\/www.sensorialsunsets.com\/wp-content\/uploads\/2024\/10\/EIGWRP6NOVB4JL6UGIWYF4TXBI-768x512.avif 768w, https:\/\/www.sensorialsunsets.com\/wp-content\/uploads\/2024\/10\/EIGWRP6NOVB4JL6UGIWYF4TXBI-1536x1024.avif 1536w, https:\/\/www.sensorialsunsets.com\/wp-content\/uploads\/2024\/10\/EIGWRP6NOVB4JL6UGIWYF4TXBI-334x222.avif 334w, https:\/\/www.sensorialsunsets.com\/wp-content\/uploads\/2024\/10\/EIGWRP6NOVB4JL6UGIWYF4TXBI.avif 1960w\" sizes=\"auto, (max-width: 1024px) 100vw, 1024px\" \/><\/figure>\n\n\n\n<figure class=\"wp-block-image size-large\"><img loading=\"lazy\" decoding=\"async\" width=\"1024\" height=\"505\" data-id=\"19025\" src=\"https:\/\/www.sensorialsunsets.com\/wp-content\/uploads\/2024\/10\/image-1024x505.png\" alt=\"\" class=\"wp-image-19025\" srcset=\"https:\/\/www.sensorialsunsets.com\/wp-content\/uploads\/2024\/10\/image-1024x505.png 1024w, https:\/\/www.sensorialsunsets.com\/wp-content\/uploads\/2024\/10\/image-300x148.png 300w, https:\/\/www.sensorialsunsets.com\/wp-content\/uploads\/2024\/10\/image-768x379.png 768w, https:\/\/www.sensorialsunsets.com\/wp-content\/uploads\/2024\/10\/image.png 1256w\" sizes=\"auto, (max-width: 1024px) 100vw, 1024px\" \/><\/figure>\n<\/figure>\n\n<p>La croissance acc\u00e9l\u00e9r\u00e9e des plantes en Antarctique peut \u00e9galement modifier la dynamique des sols et faciliter l&rsquo;arriv\u00e9e d&rsquo;esp\u00e8ces envahissantes. Cela pourrait avoir un impact d\u00e9vastateur sur les esp\u00e8ces indig\u00e8nes, qui sont adapt\u00e9es \u00e0 des conditions d&rsquo;habitat sp\u00e9cifiques. En outre, l&rsquo;augmentation de la v\u00e9g\u00e9tation peut intensifier la concurrence pour les ressources, affectant ainsi la faune locale.<\/p>\n\n<p>Les scientifiques avertissent que ce ph\u00e9nom\u00e8ne pourrait marquer un point de basculement \u00e9cologique pour la r\u00e9gion. Si ces changements continuent de s&rsquo;\u00e9tendre \u00e0 d&rsquo;autres parties de l&rsquo;Antarctique, nous pourrions assister \u00e0 des transformations rapides et durables de son paysage et de sa biodiversit\u00e9.<\/p>\n\n<h3 class=\"wp-block-heading\">Les cons\u00e9quences \u00e0 long terme<\/h3>\n\n<p>Le changement climatique a fait de l&rsquo;Antarctique un laboratoire naturel o\u00f9 l&rsquo;on \u00e9tudie la fa\u00e7on dont les \u00e9cosyst\u00e8mes fragiles r\u00e9agissent au r\u00e9chauffement de la plan\u00e8te. L&rsquo;expansion de la v\u00e9g\u00e9tation dans la r\u00e9gion est un indicateur clair de ces changements, mais c&rsquo;est aussi un avertissement des implications profondes qu&rsquo;ils pourraient avoir pour le reste de la plan\u00e8te. \u00c0 mesure que le r\u00e9chauffement climatique se poursuit, il est probable que nous assistions \u00e0 d&rsquo;autres transformations dans ce paysage unique et dans d&rsquo;autres endroits tout aussi vuln\u00e9rables.<\/p>\n\n<p>Pour att\u00e9nuer les effets du changement climatique et prot\u00e9ger la biodiversit\u00e9 et les \u00e9cosyst\u00e8mes de l&rsquo;Antarctique et du monde entier, il est essentiel de poursuivre la surveillance et la recherche.<\/p>\n\n<p><strong>Sensorial Sunsets<\/strong><\/p>\n","protected":false},"excerpt":{"rendered":"<p>Le changement climatique est un ph\u00e9nom\u00e8ne mondial qui transforme la plan\u00e8te \u00e0 un rythme alarmant, avec des effets \u00e9vidents sur les \u00e9cosyst\u00e8mes, le climat et les esp\u00e8ces dans le monde entier. Parmi les exemples les plus frappants de ces changements, on peut citer l&rsquo;apparition d&rsquo;une \u00ab\u00a0couverture verte\u00a0\u00bb en Antarctique, un endroit qui \u00e9tait auparavant presque [&hellip;]<\/p>\n","protected":false},"author":4,"featured_media":19027,"comment_status":"closed","ping_status":"closed","sticky":false,"template":"","format":"standard","meta":{"_acf_changed":false,"inline_featured_image":false,"_monsterinsights_skip_tracking":false,"_monsterinsights_sitenote_active":false,"_monsterinsights_sitenote_note":"","_monsterinsights_sitenote_category":0,"footnotes":""},"categories":[100],"tags":[],"class_list":["post-19031","post","type-post","status-publish","format-standard","has-post-thumbnail","hentry","category-costa-rica-fr"],"acf":[],"yoast_head":"<!-- This site is optimized with the Yoast SEO plugin v27.4 - https:\/\/yoast.com\/product\/yoast-seo-wordpress\/ -->\n<title>Le changement climatique et son impact sur la couverture v\u00e9g\u00e9tale de l&#039;Antarctique - SensorialSunsets<\/title>\n<meta name=\"robots\" content=\"index, follow, max-snippet:-1, max-image-preview:large, max-video-preview:-1\" \/>\n<link rel=\"canonical\" href=\"https:\/\/www.sensorialsunsets.com\/fr\/le-changement-climatique-et-son-impact-sur-la-couverture-vegetale-de-lantarctique\/\" \/>\n<meta property=\"og:locale\" content=\"fr_FR\" \/>\n<meta property=\"og:type\" content=\"article\" \/>\n<meta property=\"og:title\" content=\"Le changement climatique et son impact sur la couverture v\u00e9g\u00e9tale de l&#039;Antarctique - SensorialSunsets\" \/>\n<meta property=\"og:description\" content=\"Le changement climatique est un ph\u00e9nom\u00e8ne mondial qui transforme la plan\u00e8te \u00e0 un rythme alarmant, avec des effets \u00e9vidents sur les \u00e9cosyst\u00e8mes, le climat et les esp\u00e8ces dans le monde entier. Parmi les exemples les plus frappants de ces changements, on peut citer l&rsquo;apparition d&rsquo;une \u00ab\u00a0couverture verte\u00a0\u00bb en Antarctique, un endroit qui \u00e9tait auparavant presque [&hellip;]\" \/>\n<meta property=\"og:url\" content=\"https:\/\/www.sensorialsunsets.com\/fr\/le-changement-climatique-et-son-impact-sur-la-couverture-vegetale-de-lantarctique\/\" \/>\n<meta property=\"og:site_name\" content=\"SensorialSunsets\" \/>\n<meta property=\"article:publisher\" content=\"https:\/\/www.facebook.com\/Sensorial-Sunsets-109180614715562\" \/>\n<meta property=\"article:published_time\" content=\"2024-10-09T23:04:19+00:00\" \/>\n<meta property=\"og:image\" content=\"https:\/\/www.sensorialsunsets.com\/wp-content\/uploads\/2024\/10\/image.png\" \/>\n\t<meta property=\"og:image:width\" content=\"1256\" \/>\n\t<meta property=\"og:image:height\" content=\"620\" \/>\n\t<meta property=\"og:image:type\" content=\"image\/png\" \/>\n<meta name=\"author\" content=\"Sensorial Sunsets\" \/>\n<meta name=\"twitter:card\" content=\"summary_large_image\" \/>\n<meta name=\"twitter:label1\" content=\"\u00c9crit par\" \/>\n\t<meta name=\"twitter:data1\" content=\"Sensorial Sunsets\" \/>\n\t<meta name=\"twitter:label2\" content=\"Dur\u00e9e de lecture estim\u00e9e\" \/>\n\t<meta name=\"twitter:data2\" content=\"4 minutes\" \/>\n<script type=\"application\/ld+json\" class=\"yoast-schema-graph\">{\"@context\":\"https:\\\/\\\/schema.org\",\"@graph\":[{\"@type\":\"Article\",\"@id\":\"https:\\\/\\\/www.sensorialsunsets.com\\\/fr\\\/le-changement-climatique-et-son-impact-sur-la-couverture-vegetale-de-lantarctique\\\/#article\",\"isPartOf\":{\"@id\":\"https:\\\/\\\/www.sensorialsunsets.com\\\/fr\\\/le-changement-climatique-et-son-impact-sur-la-couverture-vegetale-de-lantarctique\\\/\"},\"author\":{\"name\":\"Sensorial Sunsets\",\"@id\":\"https:\\\/\\\/www.sensorialsunsets.com\\\/fr\\\/#\\\/schema\\\/person\\\/77e2fa594135aa94024c47e281d8a94d\"},\"headline\":\"Le changement climatique et son impact sur la couverture v\u00e9g\u00e9tale de l&rsquo;Antarctique\",\"datePublished\":\"2024-10-09T23:04:19+00:00\",\"mainEntityOfPage\":{\"@id\":\"https:\\\/\\\/www.sensorialsunsets.com\\\/fr\\\/le-changement-climatique-et-son-impact-sur-la-couverture-vegetale-de-lantarctique\\\/\"},\"wordCount\":891,\"publisher\":{\"@id\":\"https:\\\/\\\/www.sensorialsunsets.com\\\/fr\\\/#organization\"},\"image\":{\"@id\":\"https:\\\/\\\/www.sensorialsunsets.com\\\/fr\\\/le-changement-climatique-et-son-impact-sur-la-couverture-vegetale-de-lantarctique\\\/#primaryimage\"},\"thumbnailUrl\":\"https:\\\/\\\/www.sensorialsunsets.com\\\/wp-content\\\/uploads\\\/2024\\\/10\\\/image.png\",\"articleSection\":[\"Costa Rica\"],\"inLanguage\":\"fr-FR\"},{\"@type\":\"WebPage\",\"@id\":\"https:\\\/\\\/www.sensorialsunsets.com\\\/fr\\\/le-changement-climatique-et-son-impact-sur-la-couverture-vegetale-de-lantarctique\\\/\",\"url\":\"https:\\\/\\\/www.sensorialsunsets.com\\\/fr\\\/le-changement-climatique-et-son-impact-sur-la-couverture-vegetale-de-lantarctique\\\/\",\"name\":\"Le changement climatique et son impact sur la couverture v\u00e9g\u00e9tale de l'Antarctique - SensorialSunsets\",\"isPartOf\":{\"@id\":\"https:\\\/\\\/www.sensorialsunsets.com\\\/fr\\\/#website\"},\"primaryImageOfPage\":{\"@id\":\"https:\\\/\\\/www.sensorialsunsets.com\\\/fr\\\/le-changement-climatique-et-son-impact-sur-la-couverture-vegetale-de-lantarctique\\\/#primaryimage\"},\"image\":{\"@id\":\"https:\\\/\\\/www.sensorialsunsets.com\\\/fr\\\/le-changement-climatique-et-son-impact-sur-la-couverture-vegetale-de-lantarctique\\\/#primaryimage\"},\"thumbnailUrl\":\"https:\\\/\\\/www.sensorialsunsets.com\\\/wp-content\\\/uploads\\\/2024\\\/10\\\/image.png\",\"datePublished\":\"2024-10-09T23:04:19+00:00\",\"inLanguage\":\"fr-FR\",\"potentialAction\":[{\"@type\":\"ReadAction\",\"target\":[\"https:\\\/\\\/www.sensorialsunsets.com\\\/fr\\\/le-changement-climatique-et-son-impact-sur-la-couverture-vegetale-de-lantarctique\\\/\"]}]},{\"@type\":\"ImageObject\",\"inLanguage\":\"fr-FR\",\"@id\":\"https:\\\/\\\/www.sensorialsunsets.com\\\/fr\\\/le-changement-climatique-et-son-impact-sur-la-couverture-vegetale-de-lantarctique\\\/#primaryimage\",\"url\":\"https:\\\/\\\/www.sensorialsunsets.com\\\/wp-content\\\/uploads\\\/2024\\\/10\\\/image.png\",\"contentUrl\":\"https:\\\/\\\/www.sensorialsunsets.com\\\/wp-content\\\/uploads\\\/2024\\\/10\\\/image.png\",\"width\":1256,\"height\":620},{\"@type\":\"WebSite\",\"@id\":\"https:\\\/\\\/www.sensorialsunsets.com\\\/fr\\\/#website\",\"url\":\"https:\\\/\\\/www.sensorialsunsets.com\\\/fr\\\/\",\"name\":\"SensorialSunsets.com\",\"description\":\"D\u00e9couvrez la culture et la soci\u00e9t\u00e9 du Costa Rica sur notre blog. Explorez des articles captivants et partagez le contenu.\",\"publisher\":{\"@id\":\"https:\\\/\\\/www.sensorialsunsets.com\\\/fr\\\/#organization\"},\"alternateName\":\"Costa Rica Live Blog\",\"potentialAction\":[{\"@type\":\"SearchAction\",\"target\":{\"@type\":\"EntryPoint\",\"urlTemplate\":\"https:\\\/\\\/www.sensorialsunsets.com\\\/fr\\\/?s={search_term_string}\"},\"query-input\":{\"@type\":\"PropertyValueSpecification\",\"valueRequired\":true,\"valueName\":\"search_term_string\"}}],\"inLanguage\":\"fr-FR\"},{\"@type\":\"Organization\",\"@id\":\"https:\\\/\\\/www.sensorialsunsets.com\\\/fr\\\/#organization\",\"name\":\"SensorialSunsets\",\"url\":\"https:\\\/\\\/www.sensorialsunsets.com\\\/fr\\\/\",\"logo\":{\"@type\":\"ImageObject\",\"inLanguage\":\"fr-FR\",\"@id\":\"https:\\\/\\\/www.sensorialsunsets.com\\\/fr\\\/#\\\/schema\\\/logo\\\/image\\\/\",\"url\":\"https:\\\/\\\/www.sensorialsunsets.com\\\/wp-content\\\/uploads\\\/2023\\\/04\\\/Logo_base_line_fond_clair.svg\",\"contentUrl\":\"https:\\\/\\\/www.sensorialsunsets.com\\\/wp-content\\\/uploads\\\/2023\\\/04\\\/Logo_base_line_fond_clair.svg\",\"width\":\"1024\",\"height\":\"1024\",\"caption\":\"SensorialSunsets\"},\"image\":{\"@id\":\"https:\\\/\\\/www.sensorialsunsets.com\\\/fr\\\/#\\\/schema\\\/logo\\\/image\\\/\"},\"sameAs\":[\"https:\\\/\\\/www.facebook.com\\\/Sensorial-Sunsets-109180614715562\",\"https:\\\/\\\/www.instagram.com\\\/sensorialsunsets\\\/\"]},{\"@type\":\"Person\",\"@id\":\"https:\\\/\\\/www.sensorialsunsets.com\\\/fr\\\/#\\\/schema\\\/person\\\/77e2fa594135aa94024c47e281d8a94d\",\"name\":\"Sensorial Sunsets\",\"image\":{\"@type\":\"ImageObject\",\"inLanguage\":\"fr-FR\",\"@id\":\"https:\\\/\\\/secure.gravatar.com\\\/avatar\\\/5f2d62681b1dad94c28f1500d4fc75582acdfd32b55fd1acce0a36a3c487eabe?s=96&d=mm&r=g\",\"url\":\"https:\\\/\\\/secure.gravatar.com\\\/avatar\\\/5f2d62681b1dad94c28f1500d4fc75582acdfd32b55fd1acce0a36a3c487eabe?s=96&d=mm&r=g\",\"contentUrl\":\"https:\\\/\\\/secure.gravatar.com\\\/avatar\\\/5f2d62681b1dad94c28f1500d4fc75582acdfd32b55fd1acce0a36a3c487eabe?s=96&d=mm&r=g\",\"caption\":\"Sensorial Sunsets\"},\"url\":\"https:\\\/\\\/www.sensorialsunsets.com\\\/fr\\\/author\\\/asistentes-sensorial-sunsets\\\/\"}]}<\/script>\n<!-- \/ Yoast SEO plugin. -->","yoast_head_json":{"title":"Le changement climatique et son impact sur la couverture v\u00e9g\u00e9tale de l'Antarctique - SensorialSunsets","robots":{"index":"index","follow":"follow","max-snippet":"max-snippet:-1","max-image-preview":"max-image-preview:large","max-video-preview":"max-video-preview:-1"},"canonical":"https:\/\/www.sensorialsunsets.com\/fr\/le-changement-climatique-et-son-impact-sur-la-couverture-vegetale-de-lantarctique\/","og_locale":"fr_FR","og_type":"article","og_title":"Le changement climatique et son impact sur la couverture v\u00e9g\u00e9tale de l'Antarctique - SensorialSunsets","og_description":"Le changement climatique est un ph\u00e9nom\u00e8ne mondial qui transforme la plan\u00e8te \u00e0 un rythme alarmant, avec des effets \u00e9vidents sur les \u00e9cosyst\u00e8mes, le climat et les esp\u00e8ces dans le monde entier. Parmi les exemples les plus frappants de ces changements, on peut citer l&rsquo;apparition d&rsquo;une \u00ab\u00a0couverture verte\u00a0\u00bb en Antarctique, un endroit qui \u00e9tait auparavant presque [&hellip;]","og_url":"https:\/\/www.sensorialsunsets.com\/fr\/le-changement-climatique-et-son-impact-sur-la-couverture-vegetale-de-lantarctique\/","og_site_name":"SensorialSunsets","article_publisher":"https:\/\/www.facebook.com\/Sensorial-Sunsets-109180614715562","article_published_time":"2024-10-09T23:04:19+00:00","og_image":[{"width":1256,"height":620,"url":"https:\/\/www.sensorialsunsets.com\/wp-content\/uploads\/2024\/10\/image.png","type":"image\/png"}],"author":"Sensorial Sunsets","twitter_card":"summary_large_image","twitter_misc":{"\u00c9crit par":"Sensorial Sunsets","Dur\u00e9e de lecture estim\u00e9e":"4 minutes"},"schema":{"@context":"https:\/\/schema.org","@graph":[{"@type":"Article","@id":"https:\/\/www.sensorialsunsets.com\/fr\/le-changement-climatique-et-son-impact-sur-la-couverture-vegetale-de-lantarctique\/#article","isPartOf":{"@id":"https:\/\/www.sensorialsunsets.com\/fr\/le-changement-climatique-et-son-impact-sur-la-couverture-vegetale-de-lantarctique\/"},"author":{"name":"Sensorial Sunsets","@id":"https:\/\/www.sensorialsunsets.com\/fr\/#\/schema\/person\/77e2fa594135aa94024c47e281d8a94d"},"headline":"Le changement climatique et son impact sur la couverture v\u00e9g\u00e9tale de l&rsquo;Antarctique","datePublished":"2024-10-09T23:04:19+00:00","mainEntityOfPage":{"@id":"https:\/\/www.sensorialsunsets.com\/fr\/le-changement-climatique-et-son-impact-sur-la-couverture-vegetale-de-lantarctique\/"},"wordCount":891,"publisher":{"@id":"https:\/\/www.sensorialsunsets.com\/fr\/#organization"},"image":{"@id":"https:\/\/www.sensorialsunsets.com\/fr\/le-changement-climatique-et-son-impact-sur-la-couverture-vegetale-de-lantarctique\/#primaryimage"},"thumbnailUrl":"https:\/\/www.sensorialsunsets.com\/wp-content\/uploads\/2024\/10\/image.png","articleSection":["Costa Rica"],"inLanguage":"fr-FR"},{"@type":"WebPage","@id":"https:\/\/www.sensorialsunsets.com\/fr\/le-changement-climatique-et-son-impact-sur-la-couverture-vegetale-de-lantarctique\/","url":"https:\/\/www.sensorialsunsets.com\/fr\/le-changement-climatique-et-son-impact-sur-la-couverture-vegetale-de-lantarctique\/","name":"Le changement climatique et son impact sur la couverture v\u00e9g\u00e9tale de l'Antarctique - SensorialSunsets","isPartOf":{"@id":"https:\/\/www.sensorialsunsets.com\/fr\/#website"},"primaryImageOfPage":{"@id":"https:\/\/www.sensorialsunsets.com\/fr\/le-changement-climatique-et-son-impact-sur-la-couverture-vegetale-de-lantarctique\/#primaryimage"},"image":{"@id":"https:\/\/www.sensorialsunsets.com\/fr\/le-changement-climatique-et-son-impact-sur-la-couverture-vegetale-de-lantarctique\/#primaryimage"},"thumbnailUrl":"https:\/\/www.sensorialsunsets.com\/wp-content\/uploads\/2024\/10\/image.png","datePublished":"2024-10-09T23:04:19+00:00","inLanguage":"fr-FR","potentialAction":[{"@type":"ReadAction","target":["https:\/\/www.sensorialsunsets.com\/fr\/le-changement-climatique-et-son-impact-sur-la-couverture-vegetale-de-lantarctique\/"]}]},{"@type":"ImageObject","inLanguage":"fr-FR","@id":"https:\/\/www.sensorialsunsets.com\/fr\/le-changement-climatique-et-son-impact-sur-la-couverture-vegetale-de-lantarctique\/#primaryimage","url":"https:\/\/www.sensorialsunsets.com\/wp-content\/uploads\/2024\/10\/image.png","contentUrl":"https:\/\/www.sensorialsunsets.com\/wp-content\/uploads\/2024\/10\/image.png","width":1256,"height":620},{"@type":"WebSite","@id":"https:\/\/www.sensorialsunsets.com\/fr\/#website","url":"https:\/\/www.sensorialsunsets.com\/fr\/","name":"SensorialSunsets.com","description":"D\u00e9couvrez la culture et la soci\u00e9t\u00e9 du Costa Rica sur notre blog. Explorez des articles captivants et partagez le contenu.","publisher":{"@id":"https:\/\/www.sensorialsunsets.com\/fr\/#organization"},"alternateName":"Costa Rica Live Blog","potentialAction":[{"@type":"SearchAction","target":{"@type":"EntryPoint","urlTemplate":"https:\/\/www.sensorialsunsets.com\/fr\/?s={search_term_string}"},"query-input":{"@type":"PropertyValueSpecification","valueRequired":true,"valueName":"search_term_string"}}],"inLanguage":"fr-FR"},{"@type":"Organization","@id":"https:\/\/www.sensorialsunsets.com\/fr\/#organization","name":"SensorialSunsets","url":"https:\/\/www.sensorialsunsets.com\/fr\/","logo":{"@type":"ImageObject","inLanguage":"fr-FR","@id":"https:\/\/www.sensorialsunsets.com\/fr\/#\/schema\/logo\/image\/","url":"https:\/\/www.sensorialsunsets.com\/wp-content\/uploads\/2023\/04\/Logo_base_line_fond_clair.svg","contentUrl":"https:\/\/www.sensorialsunsets.com\/wp-content\/uploads\/2023\/04\/Logo_base_line_fond_clair.svg","width":"1024","height":"1024","caption":"SensorialSunsets"},"image":{"@id":"https:\/\/www.sensorialsunsets.com\/fr\/#\/schema\/logo\/image\/"},"sameAs":["https:\/\/www.facebook.com\/Sensorial-Sunsets-109180614715562","https:\/\/www.instagram.com\/sensorialsunsets\/"]},{"@type":"Person","@id":"https:\/\/www.sensorialsunsets.com\/fr\/#\/schema\/person\/77e2fa594135aa94024c47e281d8a94d","name":"Sensorial Sunsets","image":{"@type":"ImageObject","inLanguage":"fr-FR","@id":"https:\/\/secure.gravatar.com\/avatar\/5f2d62681b1dad94c28f1500d4fc75582acdfd32b55fd1acce0a36a3c487eabe?s=96&d=mm&r=g","url":"https:\/\/secure.gravatar.com\/avatar\/5f2d62681b1dad94c28f1500d4fc75582acdfd32b55fd1acce0a36a3c487eabe?s=96&d=mm&r=g","contentUrl":"https:\/\/secure.gravatar.com\/avatar\/5f2d62681b1dad94c28f1500d4fc75582acdfd32b55fd1acce0a36a3c487eabe?s=96&d=mm&r=g","caption":"Sensorial Sunsets"},"url":"https:\/\/www.sensorialsunsets.com\/fr\/author\/asistentes-sensorial-sunsets\/"}]}},"_links":{"self":[{"href":"https:\/\/www.sensorialsunsets.com\/fr\/wp-json\/wp\/v2\/posts\/19031","targetHints":{"allow":["GET"]}}],"collection":[{"href":"https:\/\/www.sensorialsunsets.com\/fr\/wp-json\/wp\/v2\/posts"}],"about":[{"href":"https:\/\/www.sensorialsunsets.com\/fr\/wp-json\/wp\/v2\/types\/post"}],"author":[{"embeddable":true,"href":"https:\/\/www.sensorialsunsets.com\/fr\/wp-json\/wp\/v2\/users\/4"}],"replies":[{"embeddable":true,"href":"https:\/\/www.sensorialsunsets.com\/fr\/wp-json\/wp\/v2\/comments?post=19031"}],"version-history":[{"count":0,"href":"https:\/\/www.sensorialsunsets.com\/fr\/wp-json\/wp\/v2\/posts\/19031\/revisions"}],"wp:featuredmedia":[{"embeddable":true,"href":"https:\/\/www.sensorialsunsets.com\/fr\/wp-json\/wp\/v2\/media\/19027"}],"wp:attachment":[{"href":"https:\/\/www.sensorialsunsets.com\/fr\/wp-json\/wp\/v2\/media?parent=19031"}],"wp:term":[{"taxonomy":"category","embeddable":true,"href":"https:\/\/www.sensorialsunsets.com\/fr\/wp-json\/wp\/v2\/categories?post=19031"},{"taxonomy":"post_tag","embeddable":true,"href":"https:\/\/www.sensorialsunsets.com\/fr\/wp-json\/wp\/v2\/tags?post=19031"}],"curies":[{"name":"wp","href":"https:\/\/api.w.org\/{rel}","templated":true}]}}