{"id":19320,"date":"2024-10-30T16:23:21","date_gmt":"2024-10-30T22:23:21","guid":{"rendered":"https:\/\/www.sensorialsunsets.com\/?p=19320"},"modified":"2024-10-30T16:23:21","modified_gmt":"2024-10-30T22:23:21","slug":"cine-variedades-entame-sa-renovation-apres-une-decennie-dattente","status":"publish","type":"post","link":"https:\/\/www.sensorialsunsets.com\/fr\/cine-variedades-entame-sa-renovation-apres-une-decennie-dattente\/","title":{"rendered":"Cine Variedades entame sa r\u00e9novation apr\u00e8s une d\u00e9cennie d&rsquo;attente"},"content":{"rendered":"\n<p>L&rsquo;historique Cine Variedades, d\u00e9clar\u00e9 patrimoine architectural et l&rsquo;un des b\u00e2timents les plus embl\u00e9matiques de San Jos\u00e9, entame enfin son processus de restauration. Cela fait dix ans qu&rsquo;il est en attente. Ce mardi 29 octobre 2024, la direction du patrimoine culturel du minist\u00e8re de la culture et de la jeunesse a entam\u00e9 la premi\u00e8re \u00e9tape d&rsquo;un projet. Alors, le projet repr\u00e9sente un effort remarquable pour r\u00e9habiliter cet espace de grande valeur culturelle dans la capitale costaricienne.<\/p>\n\n\n\n<p>Lynder S\u00e1nchez Fallas, directeur du Patrimoine Culturel, et Raciel del Toro Hern\u00e1ndez, directeur du Centre Costaricien de Production Cin\u00e9matographique, ont assist\u00e9 au lancement de la restauration. Ils \u00e9taient accompagn\u00e9s d&rsquo;une \u00e9quipe de l&rsquo;entreprise Red Sistemas, charg\u00e9e des premiers travaux. Lors de l&rsquo;inspection, l&rsquo;\u00e9quipe a \u00e9valu\u00e9 les installations et coordonn\u00e9 les protocoles n\u00e9cessaires au d\u00e9marrage de la restauration.<\/p>\n\n\n\n<h3 class=\"wp-block-heading\">Premi\u00e8re \u00e9tape de la restauration et son importance culturelle<\/h3>\n\n\n\n<figure class=\"wp-block-gallery has-nested-images columns-default is-cropped wp-block-gallery-1 is-layout-flex wp-block-gallery-is-layout-flex\">\n<figure class=\"wp-block-image size-large\"><img loading=\"lazy\" decoding=\"async\" width=\"1024\" height=\"768\" data-id=\"19302\" src=\"https:\/\/www.sensorialsunsets.com\/wp-content\/uploads\/2024\/10\/FOTO01-1024x768-1.jpeg\" alt=\"Cine Variedades \" class=\"wp-image-19302\" srcset=\"https:\/\/www.sensorialsunsets.com\/wp-content\/uploads\/2024\/10\/FOTO01-1024x768-1.jpeg 1024w, https:\/\/www.sensorialsunsets.com\/wp-content\/uploads\/2024\/10\/FOTO01-1024x768-1-300x225.jpeg 300w, https:\/\/www.sensorialsunsets.com\/wp-content\/uploads\/2024\/10\/FOTO01-1024x768-1-768x576.jpeg 768w\" sizes=\"auto, (max-width: 1024px) 100vw, 1024px\" \/><\/figure>\n\n\n\n<figure class=\"wp-block-image size-large\"><img loading=\"lazy\" decoding=\"async\" width=\"720\" height=\"669\" data-id=\"19311\" src=\"https:\/\/www.sensorialsunsets.com\/wp-content\/uploads\/2024\/10\/5a27260eb25e3a5f404fb9ce13c47e86.webp\" alt=\"Cine Variedades \" class=\"wp-image-19311\" srcset=\"https:\/\/www.sensorialsunsets.com\/wp-content\/uploads\/2024\/10\/5a27260eb25e3a5f404fb9ce13c47e86.webp 720w, https:\/\/www.sensorialsunsets.com\/wp-content\/uploads\/2024\/10\/5a27260eb25e3a5f404fb9ce13c47e86-300x279.webp 300w\" sizes=\"auto, (max-width: 720px) 100vw, 720px\" \/><\/figure>\n\n\n\n<figure class=\"wp-block-image size-large\"><img loading=\"lazy\" decoding=\"async\" width=\"797\" height=\"885\" data-id=\"19308\" src=\"https:\/\/www.sensorialsunsets.com\/wp-content\/uploads\/2024\/10\/C86-Variedades-1.jpg\" alt=\"Cine Variedades \" class=\"wp-image-19308\" srcset=\"https:\/\/www.sensorialsunsets.com\/wp-content\/uploads\/2024\/10\/C86-Variedades-1.jpg 797w, https:\/\/www.sensorialsunsets.com\/wp-content\/uploads\/2024\/10\/C86-Variedades-1-270x300.jpg 270w, https:\/\/www.sensorialsunsets.com\/wp-content\/uploads\/2024\/10\/C86-Variedades-1-768x853.jpg 768w\" sizes=\"auto, (max-width: 797px) 100vw, 797px\" \/><\/figure>\n<\/figure>\n\n\n\n<figure class=\"wp-block-pullquote has-text-align-left\"><blockquote><p>La premi\u00e8re \u00e9tape de l&rsquo;intervention sur ce b\u00e2timent, d\u00e9clar\u00e9 patrimoine architectural, commence aujourd&rsquo;hui, ce qui marque une \u00e9tape tr\u00e8s importante pour le Cine Variedades. Dans le cadre de cette premi\u00e8re \u00e9tape, nous avons pass\u00e9 un contrat avec l&rsquo;entreprise Red Sistemas, pour un montant de 89 millions de colones et un d\u00e9lai de livraison de deux mois.<\/p><cite>Lynder S\u00e1nchez Fallas, directrice du patrimoine culturel<\/cite><\/blockquote><\/figure>\n\n\n\n<p>Le projet de restauration comprend trois \u00e9tapes et devrait s&rsquo;achever en 2026. Lors de la premi\u00e8re \u00e9tape, en novembre et d\u00e9cembre 2024, plusieurs r\u00e9parations seront effectu\u00e9es. Cela inclut le remplacement des couvertures de toit, l&rsquo;am\u00e9lioration de la structure et l&rsquo;installation d&rsquo;un syst\u00e8me thermo-acoustique. En outre, un rev\u00eatement intumescent sera appliqu\u00e9 sur le bois pour le rendre r\u00e9sistant au feu. Ces interventions visent \u00e0 pr\u00e9server la valeur historique du b\u00e2timent tout en adaptant les installations aux normes de s\u00e9curit\u00e9 actuelles.<\/p>\n\n\n\n<h3 class=\"wp-block-heading\">Un espace de renouveau pour le cin\u00e9ma costaricien<\/h3>\n\n\n\n<p>Selon Raciel del Toro, directeur du Centro Costarricense de Producci\u00f3n Cinematogr\u00e1fica, la restauration du Cine Variedades repr\u00e9sente une \u00e9tape importante non seulement pour le minist\u00e8re de la culture et de la jeunesse, mais aussi pour le secteur cin\u00e9matographique costaricien.<\/p>\n\n\n\n<figure class=\"wp-block-pullquote has-text-align-left\"><blockquote><p>La r\u00e9cup\u00e9ration de cet espace, o\u00f9 de nombreux Costaricains ont appris \u00e0 aimer le cin\u00e9ma, lui permettra d&rsquo;\u00eatre un lieu de premi\u00e8re du cin\u00e9ma national dans un avenir proche et un espace de formation de nouveaux publics avec un programme diversifi\u00e9 et attrayant.<\/p><\/blockquote><\/figure>\n\n\n\n<h3 class=\"wp-block-heading\">Cine Variedades: deuxi\u00e8me et troisi\u00e8me phases du projet<\/h3>\n\n\n\n<p>Pour 2025, la deuxi\u00e8me phase de la restauration comprendra la conservation de la fa\u00e7ade int\u00e9rieure et ext\u00e9rieure, le remplacement des structures en bois en mauvais \u00e9tat, l&rsquo;enl\u00e8vement des \u00e9l\u00e9ments non originaux qui se d\u00e9t\u00e9riorent et la mise en \u0153uvre de mesures de s\u00e9curit\u00e9 contre les incendies, telles que l&rsquo;installation d&rsquo;un bardage ignifuge. Dans l&rsquo;ensemble, ces travaux visent \u00e0 restaurer l&rsquo;int\u00e9grit\u00e9 historique du Cine Variedades et \u00e0 assurer sa pr\u00e9servation pour les g\u00e9n\u00e9rations futures.<\/p>\n\n\n\n<p><strong>Sensorial Sunsets<\/strong><\/p>\n","protected":false},"excerpt":{"rendered":"<p>L&rsquo;historique Cine Variedades, d\u00e9clar\u00e9 patrimoine architectural et l&rsquo;un des b\u00e2timents les plus embl\u00e9matiques de San Jos\u00e9, entame enfin son processus de restauration. Cela fait dix ans qu&rsquo;il est en attente. Ce mardi 29 octobre 2024, la direction du patrimoine culturel du minist\u00e8re de la culture et de la jeunesse a entam\u00e9 la premi\u00e8re \u00e9tape d&rsquo;un [&hellip;]<\/p>\n","protected":false},"author":4,"featured_media":19301,"comment_status":"closed","ping_status":"closed","sticky":false,"template":"","format":"standard","meta":{"_acf_changed":false,"inline_featured_image":false,"_monsterinsights_skip_tracking":false,"_monsterinsights_sitenote_active":false,"_monsterinsights_sitenote_note":"","_monsterinsights_sitenote_category":0,"footnotes":""},"categories":[1],"tags":[],"class_list":["post-19320","post","type-post","status-publish","format-standard","has-post-thumbnail","hentry","category-non-classifiee"],"acf":[],"yoast_head":"<!-- This site is optimized with the Yoast SEO plugin v27.4 - https:\/\/yoast.com\/product\/yoast-seo-wordpress\/ -->\n<title>Cine Variedades apr\u00e8s une d\u00e9cennie d&#039;attente<\/title>\n<meta name=\"description\" content=\"Le Cine Variedades, l&#039;un des b\u00e2timents les plus embl\u00e9matiques de San Jos\u00e9, entame son processus de restauration apr\u00e8s dix ans d&#039;attente.\" \/>\n<meta name=\"robots\" content=\"index, follow, max-snippet:-1, max-image-preview:large, max-video-preview:-1\" \/>\n<link rel=\"canonical\" href=\"https:\/\/www.sensorialsunsets.com\/fr\/cine-variedades-entame-sa-renovation-apres-une-decennie-dattente\/\" \/>\n<meta property=\"og:locale\" content=\"fr_FR\" \/>\n<meta property=\"og:type\" content=\"article\" \/>\n<meta property=\"og:title\" content=\"Cine Variedades apr\u00e8s une d\u00e9cennie d&#039;attente\" \/>\n<meta property=\"og:description\" content=\"Le Cine Variedades, l&#039;un des b\u00e2timents les plus embl\u00e9matiques de San Jos\u00e9, entame son processus de restauration apr\u00e8s dix ans d&#039;attente.\" \/>\n<meta property=\"og:url\" content=\"https:\/\/www.sensorialsunsets.com\/fr\/cine-variedades-entame-sa-renovation-apres-une-decennie-dattente\/\" \/>\n<meta property=\"og:site_name\" content=\"SensorialSunsets\" \/>\n<meta property=\"article:publisher\" content=\"https:\/\/www.facebook.com\/Sensorial-Sunsets-109180614715562\" \/>\n<meta property=\"article:published_time\" content=\"2024-10-30T22:23:21+00:00\" \/>\n<meta property=\"og:image\" content=\"https:\/\/www.sensorialsunsets.com\/wp-content\/uploads\/2024\/10\/teatro-variedades-costa-rica.jpg\" \/>\n\t<meta property=\"og:image:width\" content=\"950\" \/>\n\t<meta property=\"og:image:height\" content=\"604\" \/>\n\t<meta property=\"og:image:type\" content=\"image\/jpeg\" \/>\n<meta name=\"author\" content=\"Sensorial Sunsets\" \/>\n<meta name=\"twitter:card\" content=\"summary_large_image\" \/>\n<meta name=\"twitter:label1\" content=\"\u00c9crit par\" \/>\n\t<meta name=\"twitter:data1\" content=\"Sensorial Sunsets\" \/>\n\t<meta name=\"twitter:label2\" content=\"Dur\u00e9e de lecture estim\u00e9e\" \/>\n\t<meta name=\"twitter:data2\" content=\"3 minutes\" \/>\n<script type=\"application\/ld+json\" class=\"yoast-schema-graph\">{\"@context\":\"https:\\\/\\\/schema.org\",\"@graph\":[{\"@type\":\"Article\",\"@id\":\"https:\\\/\\\/www.sensorialsunsets.com\\\/fr\\\/cine-variedades-entame-sa-renovation-apres-une-decennie-dattente\\\/#article\",\"isPartOf\":{\"@id\":\"https:\\\/\\\/www.sensorialsunsets.com\\\/fr\\\/cine-variedades-entame-sa-renovation-apres-une-decennie-dattente\\\/\"},\"author\":{\"name\":\"Sensorial Sunsets\",\"@id\":\"https:\\\/\\\/www.sensorialsunsets.com\\\/fr\\\/#\\\/schema\\\/person\\\/77e2fa594135aa94024c47e281d8a94d\"},\"headline\":\"Cine Variedades entame sa r\u00e9novation apr\u00e8s une d\u00e9cennie d&rsquo;attente\",\"datePublished\":\"2024-10-30T22:23:21+00:00\",\"mainEntityOfPage\":{\"@id\":\"https:\\\/\\\/www.sensorialsunsets.com\\\/fr\\\/cine-variedades-entame-sa-renovation-apres-une-decennie-dattente\\\/\"},\"wordCount\":539,\"publisher\":{\"@id\":\"https:\\\/\\\/www.sensorialsunsets.com\\\/fr\\\/#organization\"},\"image\":{\"@id\":\"https:\\\/\\\/www.sensorialsunsets.com\\\/fr\\\/cine-variedades-entame-sa-renovation-apres-une-decennie-dattente\\\/#primaryimage\"},\"thumbnailUrl\":\"https:\\\/\\\/www.sensorialsunsets.com\\\/wp-content\\\/uploads\\\/2024\\\/10\\\/teatro-variedades-costa-rica.jpg\",\"articleSection\":[\"Non classifi\u00e9(e)\"],\"inLanguage\":\"fr-FR\"},{\"@type\":\"WebPage\",\"@id\":\"https:\\\/\\\/www.sensorialsunsets.com\\\/fr\\\/cine-variedades-entame-sa-renovation-apres-une-decennie-dattente\\\/\",\"url\":\"https:\\\/\\\/www.sensorialsunsets.com\\\/fr\\\/cine-variedades-entame-sa-renovation-apres-une-decennie-dattente\\\/\",\"name\":\"Cine Variedades apr\u00e8s une d\u00e9cennie d'attente\",\"isPartOf\":{\"@id\":\"https:\\\/\\\/www.sensorialsunsets.com\\\/fr\\\/#website\"},\"primaryImageOfPage\":{\"@id\":\"https:\\\/\\\/www.sensorialsunsets.com\\\/fr\\\/cine-variedades-entame-sa-renovation-apres-une-decennie-dattente\\\/#primaryimage\"},\"image\":{\"@id\":\"https:\\\/\\\/www.sensorialsunsets.com\\\/fr\\\/cine-variedades-entame-sa-renovation-apres-une-decennie-dattente\\\/#primaryimage\"},\"thumbnailUrl\":\"https:\\\/\\\/www.sensorialsunsets.com\\\/wp-content\\\/uploads\\\/2024\\\/10\\\/teatro-variedades-costa-rica.jpg\",\"datePublished\":\"2024-10-30T22:23:21+00:00\",\"description\":\"Le Cine Variedades, l'un des b\u00e2timents les plus embl\u00e9matiques de San Jos\u00e9, entame son processus de restauration apr\u00e8s dix ans d'attente.\",\"inLanguage\":\"fr-FR\",\"potentialAction\":[{\"@type\":\"ReadAction\",\"target\":[\"https:\\\/\\\/www.sensorialsunsets.com\\\/fr\\\/cine-variedades-entame-sa-renovation-apres-une-decennie-dattente\\\/\"]}]},{\"@type\":\"ImageObject\",\"inLanguage\":\"fr-FR\",\"@id\":\"https:\\\/\\\/www.sensorialsunsets.com\\\/fr\\\/cine-variedades-entame-sa-renovation-apres-une-decennie-dattente\\\/#primaryimage\",\"url\":\"https:\\\/\\\/www.sensorialsunsets.com\\\/wp-content\\\/uploads\\\/2024\\\/10\\\/teatro-variedades-costa-rica.jpg\",\"contentUrl\":\"https:\\\/\\\/www.sensorialsunsets.com\\\/wp-content\\\/uploads\\\/2024\\\/10\\\/teatro-variedades-costa-rica.jpg\",\"width\":950,\"height\":604},{\"@type\":\"WebSite\",\"@id\":\"https:\\\/\\\/www.sensorialsunsets.com\\\/fr\\\/#website\",\"url\":\"https:\\\/\\\/www.sensorialsunsets.com\\\/fr\\\/\",\"name\":\"SensorialSunsets.com\",\"description\":\"D\u00e9couvrez la culture et la soci\u00e9t\u00e9 du Costa Rica sur notre blog. Explorez des articles captivants et partagez le contenu.\",\"publisher\":{\"@id\":\"https:\\\/\\\/www.sensorialsunsets.com\\\/fr\\\/#organization\"},\"alternateName\":\"Costa Rica Live Blog\",\"potentialAction\":[{\"@type\":\"SearchAction\",\"target\":{\"@type\":\"EntryPoint\",\"urlTemplate\":\"https:\\\/\\\/www.sensorialsunsets.com\\\/fr\\\/?s={search_term_string}\"},\"query-input\":{\"@type\":\"PropertyValueSpecification\",\"valueRequired\":true,\"valueName\":\"search_term_string\"}}],\"inLanguage\":\"fr-FR\"},{\"@type\":\"Organization\",\"@id\":\"https:\\\/\\\/www.sensorialsunsets.com\\\/fr\\\/#organization\",\"name\":\"SensorialSunsets\",\"url\":\"https:\\\/\\\/www.sensorialsunsets.com\\\/fr\\\/\",\"logo\":{\"@type\":\"ImageObject\",\"inLanguage\":\"fr-FR\",\"@id\":\"https:\\\/\\\/www.sensorialsunsets.com\\\/fr\\\/#\\\/schema\\\/logo\\\/image\\\/\",\"url\":\"https:\\\/\\\/www.sensorialsunsets.com\\\/wp-content\\\/uploads\\\/2023\\\/04\\\/Logo_base_line_fond_clair.svg\",\"contentUrl\":\"https:\\\/\\\/www.sensorialsunsets.com\\\/wp-content\\\/uploads\\\/2023\\\/04\\\/Logo_base_line_fond_clair.svg\",\"width\":\"1024\",\"height\":\"1024\",\"caption\":\"SensorialSunsets\"},\"image\":{\"@id\":\"https:\\\/\\\/www.sensorialsunsets.com\\\/fr\\\/#\\\/schema\\\/logo\\\/image\\\/\"},\"sameAs\":[\"https:\\\/\\\/www.facebook.com\\\/Sensorial-Sunsets-109180614715562\",\"https:\\\/\\\/www.instagram.com\\\/sensorialsunsets\\\/\"]},{\"@type\":\"Person\",\"@id\":\"https:\\\/\\\/www.sensorialsunsets.com\\\/fr\\\/#\\\/schema\\\/person\\\/77e2fa594135aa94024c47e281d8a94d\",\"name\":\"Sensorial Sunsets\",\"image\":{\"@type\":\"ImageObject\",\"inLanguage\":\"fr-FR\",\"@id\":\"https:\\\/\\\/secure.gravatar.com\\\/avatar\\\/5f2d62681b1dad94c28f1500d4fc75582acdfd32b55fd1acce0a36a3c487eabe?s=96&d=mm&r=g\",\"url\":\"https:\\\/\\\/secure.gravatar.com\\\/avatar\\\/5f2d62681b1dad94c28f1500d4fc75582acdfd32b55fd1acce0a36a3c487eabe?s=96&d=mm&r=g\",\"contentUrl\":\"https:\\\/\\\/secure.gravatar.com\\\/avatar\\\/5f2d62681b1dad94c28f1500d4fc75582acdfd32b55fd1acce0a36a3c487eabe?s=96&d=mm&r=g\",\"caption\":\"Sensorial Sunsets\"},\"url\":\"https:\\\/\\\/www.sensorialsunsets.com\\\/fr\\\/author\\\/asistentes-sensorial-sunsets\\\/\"}]}<\/script>\n<!-- \/ Yoast SEO plugin. -->","yoast_head_json":{"title":"Cine Variedades apr\u00e8s une d\u00e9cennie d'attente","description":"Le Cine Variedades, l'un des b\u00e2timents les plus embl\u00e9matiques de San Jos\u00e9, entame son processus de restauration apr\u00e8s dix ans d'attente.","robots":{"index":"index","follow":"follow","max-snippet":"max-snippet:-1","max-image-preview":"max-image-preview:large","max-video-preview":"max-video-preview:-1"},"canonical":"https:\/\/www.sensorialsunsets.com\/fr\/cine-variedades-entame-sa-renovation-apres-une-decennie-dattente\/","og_locale":"fr_FR","og_type":"article","og_title":"Cine Variedades apr\u00e8s une d\u00e9cennie d'attente","og_description":"Le Cine Variedades, l'un des b\u00e2timents les plus embl\u00e9matiques de San Jos\u00e9, entame son processus de restauration apr\u00e8s dix ans d'attente.","og_url":"https:\/\/www.sensorialsunsets.com\/fr\/cine-variedades-entame-sa-renovation-apres-une-decennie-dattente\/","og_site_name":"SensorialSunsets","article_publisher":"https:\/\/www.facebook.com\/Sensorial-Sunsets-109180614715562","article_published_time":"2024-10-30T22:23:21+00:00","og_image":[{"width":950,"height":604,"url":"https:\/\/www.sensorialsunsets.com\/wp-content\/uploads\/2024\/10\/teatro-variedades-costa-rica.jpg","type":"image\/jpeg"}],"author":"Sensorial Sunsets","twitter_card":"summary_large_image","twitter_misc":{"\u00c9crit par":"Sensorial Sunsets","Dur\u00e9e de lecture estim\u00e9e":"3 minutes"},"schema":{"@context":"https:\/\/schema.org","@graph":[{"@type":"Article","@id":"https:\/\/www.sensorialsunsets.com\/fr\/cine-variedades-entame-sa-renovation-apres-une-decennie-dattente\/#article","isPartOf":{"@id":"https:\/\/www.sensorialsunsets.com\/fr\/cine-variedades-entame-sa-renovation-apres-une-decennie-dattente\/"},"author":{"name":"Sensorial Sunsets","@id":"https:\/\/www.sensorialsunsets.com\/fr\/#\/schema\/person\/77e2fa594135aa94024c47e281d8a94d"},"headline":"Cine Variedades entame sa r\u00e9novation apr\u00e8s une d\u00e9cennie d&rsquo;attente","datePublished":"2024-10-30T22:23:21+00:00","mainEntityOfPage":{"@id":"https:\/\/www.sensorialsunsets.com\/fr\/cine-variedades-entame-sa-renovation-apres-une-decennie-dattente\/"},"wordCount":539,"publisher":{"@id":"https:\/\/www.sensorialsunsets.com\/fr\/#organization"},"image":{"@id":"https:\/\/www.sensorialsunsets.com\/fr\/cine-variedades-entame-sa-renovation-apres-une-decennie-dattente\/#primaryimage"},"thumbnailUrl":"https:\/\/www.sensorialsunsets.com\/wp-content\/uploads\/2024\/10\/teatro-variedades-costa-rica.jpg","articleSection":["Non classifi\u00e9(e)"],"inLanguage":"fr-FR"},{"@type":"WebPage","@id":"https:\/\/www.sensorialsunsets.com\/fr\/cine-variedades-entame-sa-renovation-apres-une-decennie-dattente\/","url":"https:\/\/www.sensorialsunsets.com\/fr\/cine-variedades-entame-sa-renovation-apres-une-decennie-dattente\/","name":"Cine Variedades apr\u00e8s une d\u00e9cennie d'attente","isPartOf":{"@id":"https:\/\/www.sensorialsunsets.com\/fr\/#website"},"primaryImageOfPage":{"@id":"https:\/\/www.sensorialsunsets.com\/fr\/cine-variedades-entame-sa-renovation-apres-une-decennie-dattente\/#primaryimage"},"image":{"@id":"https:\/\/www.sensorialsunsets.com\/fr\/cine-variedades-entame-sa-renovation-apres-une-decennie-dattente\/#primaryimage"},"thumbnailUrl":"https:\/\/www.sensorialsunsets.com\/wp-content\/uploads\/2024\/10\/teatro-variedades-costa-rica.jpg","datePublished":"2024-10-30T22:23:21+00:00","description":"Le Cine Variedades, l'un des b\u00e2timents les plus embl\u00e9matiques de San Jos\u00e9, entame son processus de restauration apr\u00e8s dix ans d'attente.","inLanguage":"fr-FR","potentialAction":[{"@type":"ReadAction","target":["https:\/\/www.sensorialsunsets.com\/fr\/cine-variedades-entame-sa-renovation-apres-une-decennie-dattente\/"]}]},{"@type":"ImageObject","inLanguage":"fr-FR","@id":"https:\/\/www.sensorialsunsets.com\/fr\/cine-variedades-entame-sa-renovation-apres-une-decennie-dattente\/#primaryimage","url":"https:\/\/www.sensorialsunsets.com\/wp-content\/uploads\/2024\/10\/teatro-variedades-costa-rica.jpg","contentUrl":"https:\/\/www.sensorialsunsets.com\/wp-content\/uploads\/2024\/10\/teatro-variedades-costa-rica.jpg","width":950,"height":604},{"@type":"WebSite","@id":"https:\/\/www.sensorialsunsets.com\/fr\/#website","url":"https:\/\/www.sensorialsunsets.com\/fr\/","name":"SensorialSunsets.com","description":"D\u00e9couvrez la culture et la soci\u00e9t\u00e9 du Costa Rica sur notre blog. Explorez des articles captivants et partagez le contenu.","publisher":{"@id":"https:\/\/www.sensorialsunsets.com\/fr\/#organization"},"alternateName":"Costa Rica Live Blog","potentialAction":[{"@type":"SearchAction","target":{"@type":"EntryPoint","urlTemplate":"https:\/\/www.sensorialsunsets.com\/fr\/?s={search_term_string}"},"query-input":{"@type":"PropertyValueSpecification","valueRequired":true,"valueName":"search_term_string"}}],"inLanguage":"fr-FR"},{"@type":"Organization","@id":"https:\/\/www.sensorialsunsets.com\/fr\/#organization","name":"SensorialSunsets","url":"https:\/\/www.sensorialsunsets.com\/fr\/","logo":{"@type":"ImageObject","inLanguage":"fr-FR","@id":"https:\/\/www.sensorialsunsets.com\/fr\/#\/schema\/logo\/image\/","url":"https:\/\/www.sensorialsunsets.com\/wp-content\/uploads\/2023\/04\/Logo_base_line_fond_clair.svg","contentUrl":"https:\/\/www.sensorialsunsets.com\/wp-content\/uploads\/2023\/04\/Logo_base_line_fond_clair.svg","width":"1024","height":"1024","caption":"SensorialSunsets"},"image":{"@id":"https:\/\/www.sensorialsunsets.com\/fr\/#\/schema\/logo\/image\/"},"sameAs":["https:\/\/www.facebook.com\/Sensorial-Sunsets-109180614715562","https:\/\/www.instagram.com\/sensorialsunsets\/"]},{"@type":"Person","@id":"https:\/\/www.sensorialsunsets.com\/fr\/#\/schema\/person\/77e2fa594135aa94024c47e281d8a94d","name":"Sensorial Sunsets","image":{"@type":"ImageObject","inLanguage":"fr-FR","@id":"https:\/\/secure.gravatar.com\/avatar\/5f2d62681b1dad94c28f1500d4fc75582acdfd32b55fd1acce0a36a3c487eabe?s=96&d=mm&r=g","url":"https:\/\/secure.gravatar.com\/avatar\/5f2d62681b1dad94c28f1500d4fc75582acdfd32b55fd1acce0a36a3c487eabe?s=96&d=mm&r=g","contentUrl":"https:\/\/secure.gravatar.com\/avatar\/5f2d62681b1dad94c28f1500d4fc75582acdfd32b55fd1acce0a36a3c487eabe?s=96&d=mm&r=g","caption":"Sensorial Sunsets"},"url":"https:\/\/www.sensorialsunsets.com\/fr\/author\/asistentes-sensorial-sunsets\/"}]}},"_links":{"self":[{"href":"https:\/\/www.sensorialsunsets.com\/fr\/wp-json\/wp\/v2\/posts\/19320","targetHints":{"allow":["GET"]}}],"collection":[{"href":"https:\/\/www.sensorialsunsets.com\/fr\/wp-json\/wp\/v2\/posts"}],"about":[{"href":"https:\/\/www.sensorialsunsets.com\/fr\/wp-json\/wp\/v2\/types\/post"}],"author":[{"embeddable":true,"href":"https:\/\/www.sensorialsunsets.com\/fr\/wp-json\/wp\/v2\/users\/4"}],"replies":[{"embeddable":true,"href":"https:\/\/www.sensorialsunsets.com\/fr\/wp-json\/wp\/v2\/comments?post=19320"}],"version-history":[{"count":2,"href":"https:\/\/www.sensorialsunsets.com\/fr\/wp-json\/wp\/v2\/posts\/19320\/revisions"}],"predecessor-version":[{"id":19322,"href":"https:\/\/www.sensorialsunsets.com\/fr\/wp-json\/wp\/v2\/posts\/19320\/revisions\/19322"}],"wp:featuredmedia":[{"embeddable":true,"href":"https:\/\/www.sensorialsunsets.com\/fr\/wp-json\/wp\/v2\/media\/19301"}],"wp:attachment":[{"href":"https:\/\/www.sensorialsunsets.com\/fr\/wp-json\/wp\/v2\/media?parent=19320"}],"wp:term":[{"taxonomy":"category","embeddable":true,"href":"https:\/\/www.sensorialsunsets.com\/fr\/wp-json\/wp\/v2\/categories?post=19320"},{"taxonomy":"post_tag","embeddable":true,"href":"https:\/\/www.sensorialsunsets.com\/fr\/wp-json\/wp\/v2\/tags?post=19320"}],"curies":[{"name":"wp","href":"https:\/\/api.w.org\/{rel}","templated":true}]}}