{"id":19624,"date":"2024-11-20T15:44:56","date_gmt":"2024-11-20T21:44:56","guid":{"rendered":"https:\/\/www.sensorialsunsets.com\/?p=19624"},"modified":"2024-11-20T15:44:56","modified_gmt":"2024-11-20T21:44:56","slug":"sara-une-tempete-tropicale-qui-marque-lamerique-centrale","status":"publish","type":"post","link":"https:\/\/www.sensorialsunsets.com\/fr\/sara-une-tempete-tropicale-qui-marque-lamerique-centrale\/","title":{"rendered":"Sara : une temp\u00eate tropicale qui marque l&rsquo;Am\u00e9rique centrale"},"content":{"rendered":"\n<p>Sara laisse une tra\u00een\u00e9e de destruction en Am\u00e9rique centrale. Plus de 110 000 personnes sont touch\u00e9es au Honduras, avec des inondations, des glissements de terrain et des d\u00e9g\u00e2ts importants au Costa Rica, au Guatemala, au Panama et au Belize.<br><br>La temp\u00eate tropicale Sara a laiss\u00e9 une tra\u00een\u00e9e de destruction sur son passage en Am\u00e9rique centrale. Elle a gravement affect\u00e9 des pays comme le Honduras, le Costa Rica, le Guatemala, le Belize et le Panama. Bien que Sara ait \u00e9t\u00e9 r\u00e9trograd\u00e9e en d\u00e9pression tropicale au cours des derni\u00e8res heures, les d\u00e9g\u00e2ts mat\u00e9riels et humains restent incalculables.<le honduras=\"\" le=\"\" pays=\"\" plus=\"\" touch=\"\"><\/le><\/p>\n\n\n\n<p>Au Honduras, les chiffres officiels sont alarmants : plus de 110 000 personnes touch\u00e9es, 10 326 familles affect\u00e9es, 2 534 maisons d\u00e9truites et 209 communaut\u00e9s isol\u00e9es. Les pluies torrentielles ont fait d\u00e9border des rivi\u00e8res importantes, comme la Choluteca. Son d\u00e9bit a augment\u00e9 de quatre m\u00e8tres, inondant des quartiers de Tegucigalpa et fermant des ponts importants dans la capitale.<\/p>\n\n\n\n<p>Choluteca et Valle, deux d\u00e9partements m\u00e9ridionaux, ont \u00e9t\u00e9 d\u00e9clar\u00e9s en alerte rouge. Les rivi\u00e8res Goascor\u00e1n et Naca\u00f3me sont sorties de leur lit, mettant en danger des centaines de communaut\u00e9s. En outre, les d\u00e9g\u00e2ts caus\u00e9s aux infrastructures essentielles sont consid\u00e9rables : 20 aqueducs et 233 rues ont \u00e9t\u00e9 d\u00e9truits. De plus, les infrastructures essentielles ont subi d&rsquo;importants d\u00e9g\u00e2ts : 20 aqueducs et 233 rues ont \u00e9t\u00e9 d\u00e9truits. Les \u00e9quipes d&rsquo;urgence travaillent 24 heures sur 24 pour acheminer l&rsquo;aide vers les zones les plus touch\u00e9es, en utilisant des drones et des bateaux pour surmonter les obstacles.<\/p>\n\n\n\n<h3 class=\"wp-block-heading\"><strong>L&rsquo;impact r\u00e9gional<\/strong><\/h3>\n\n\n\n<p>L&rsquo;impact de Sara a d\u00e9pass\u00e9 les fronti\u00e8res du Honduras.<\/p>\n\n\n\n<ul class=\"wp-block-list\">\n<li><strong>Costa Rica<\/strong> : Le pays fait \u00e9tat de quatre morts, quatre disparus et plus de 3 000 personnes \u00e9vacu\u00e9es. Les pluies ont provoqu\u00e9 des glissements de terrain et des inondations qui ont d\u00e9truit des routes et des maisons, laissant les communaut\u00e9s isol\u00e9es. Un \u00e9tat d&rsquo;urgence a \u00e9t\u00e9 d\u00e9cr\u00e9t\u00e9 par le gouvernement.<\/li>\n\n\n\n<li><strong>Guatemala<\/strong> : Les provinces de Pet\u00e9n, Izabal et Alta Verapaz ont \u00e9t\u00e9 les plus touch\u00e9es, avec plus de 11 000 personnes affect\u00e9es. La d\u00e9t\u00e9rioration des ponts, des routes et des maisons complique les efforts de redressement.<\/li>\n\n\n\n<li><strong>Belize<\/strong> : Bien qu&rsquo;aucune victime n&rsquo;ait \u00e9t\u00e9 confirm\u00e9e, de fortes pluies ont provoqu\u00e9 d&rsquo;importantes inondations, la fermeture de deux ponts et la suspension des op\u00e9rations \u00e0 l&rsquo;a\u00e9roport international Philip Goldson jusqu&rsquo;\u00e0 nouvel ordre.<\/li>\n\n\n\n<li><strong>Panama<\/strong> : La crue des rivi\u00e8res dans l&rsquo;ouest du pays a fait au moins 11 morts, tandis que plusieurs communaut\u00e9s sont confront\u00e9es \u00e0 des difficult\u00e9s dues \u00e0 des glissements de terrain.<\/li>\n<\/ul>\n\n\n\n<figure class=\"wp-block-gallery has-nested-images columns-default is-cropped wp-block-gallery-1 is-layout-flex wp-block-gallery-is-layout-flex\">\n<figure class=\"wp-block-image size-large\"><img loading=\"lazy\" decoding=\"async\" width=\"1024\" height=\"683\" data-id=\"19611\" src=\"https:\/\/www.sensorialsunsets.com\/wp-content\/uploads\/2024\/11\/image-33-1024x683.png\" alt=\"Sara : une temp\u00eate tropicale qui marque l'Am\u00e9rique centrale\" class=\"wp-image-19611\" srcset=\"https:\/\/www.sensorialsunsets.com\/wp-content\/uploads\/2024\/11\/image-33-1024x683.png 1024w, https:\/\/www.sensorialsunsets.com\/wp-content\/uploads\/2024\/11\/image-33-300x200.png 300w, https:\/\/www.sensorialsunsets.com\/wp-content\/uploads\/2024\/11\/image-33-768x512.png 768w, https:\/\/www.sensorialsunsets.com\/wp-content\/uploads\/2024\/11\/image-33-334x222.png 334w, https:\/\/www.sensorialsunsets.com\/wp-content\/uploads\/2024\/11\/image-33-1320x880.png 1320w, https:\/\/www.sensorialsunsets.com\/wp-content\/uploads\/2024\/11\/image-33.png 1440w\" sizes=\"auto, (max-width: 1024px) 100vw, 1024px\" \/><\/figure>\n\n\n\n<figure class=\"wp-block-image size-large\"><img loading=\"lazy\" decoding=\"async\" width=\"1024\" height=\"576\" data-id=\"19614\" src=\"https:\/\/www.sensorialsunsets.com\/wp-content\/uploads\/2024\/11\/image-34-1024x576.png\" alt=\"Sara : une temp\u00eate tropicale qui marque l'Am\u00e9rique centrale\" class=\"wp-image-19614\" srcset=\"https:\/\/www.sensorialsunsets.com\/wp-content\/uploads\/2024\/11\/image-34-1024x576.png 1024w, https:\/\/www.sensorialsunsets.com\/wp-content\/uploads\/2024\/11\/image-34-300x169.png 300w, https:\/\/www.sensorialsunsets.com\/wp-content\/uploads\/2024\/11\/image-34-768x432.png 768w, https:\/\/www.sensorialsunsets.com\/wp-content\/uploads\/2024\/11\/image-34.png 1160w\" sizes=\"auto, (max-width: 1024px) 100vw, 1024px\" \/><\/figure>\n<\/figure>\n\n\n\n<h3 class=\"wp-block-heading\">Sara: <strong>Perspectives et mesures futures<\/strong><\/h3>\n\n\n\n<p>La temp\u00eate Sara, dix-huiti\u00e8me cyclone de la saison atlantique 2024, a laiss\u00e9 d&rsquo;importantes le\u00e7ons pour la r\u00e9gion. Bien que les conditions m\u00e9t\u00e9orologiques commencent \u00e0 s&rsquo;am\u00e9liorer, les autorit\u00e9s pr\u00e9viennent que des risques subsistent, notamment en raison de la mont\u00e9e du niveau des rivi\u00e8res et de la saturation des sols.<\/p>\n\n\n\n<p>Le Centre national des ouragans (NHC) des \u00c9tats-Unis a invit\u00e9 les gouvernements de la r\u00e9gion \u00e0 maintenir les alertes, car les pluies associ\u00e9es \u00e0 Sara pourraient continuer \u00e0 provoquer des inondations catastrophiques et potentiellement mortelles.<\/p>\n\n\n\n<p>Alors que les pays touch\u00e9s \u00e9valuent les d\u00e9g\u00e2ts et s&rsquo;efforcent de se relever, la temp\u00eate Sara constitue un douloureux avertissement sur la n\u00e9cessit\u00e9 de renforcer la pr\u00e9paration aux \u00e9v\u00e9nements naturels extr\u00eames dans un contexte de changement climatique dont l&rsquo;intensit\u00e9 et la fr\u00e9quence ne cessent d&rsquo;augmenter.<\/p>\n\n\n\n<p><strong>Sensorial Sunsets<\/strong><\/p>\n","protected":false},"excerpt":{"rendered":"<p>Sara laisse une tra\u00een\u00e9e de destruction en Am\u00e9rique centrale. Plus de 110 000 personnes sont touch\u00e9es au Honduras, avec des inondations, des glissements de terrain et des d\u00e9g\u00e2ts importants au Costa Rica, au Guatemala, au Panama et au Belize. La temp\u00eate tropicale Sara a laiss\u00e9 une tra\u00een\u00e9e de destruction sur son passage en Am\u00e9rique centrale. [&hellip;]<\/p>\n","protected":false},"author":4,"featured_media":19619,"comment_status":"closed","ping_status":"closed","sticky":false,"template":"","format":"standard","meta":{"_acf_changed":false,"inline_featured_image":false,"_monsterinsights_skip_tracking":false,"_monsterinsights_sitenote_active":false,"_monsterinsights_sitenote_note":"","_monsterinsights_sitenote_category":0,"footnotes":""},"categories":[1],"tags":[],"class_list":["post-19624","post","type-post","status-publish","format-standard","has-post-thumbnail","hentry","category-non-classifiee"],"acf":[],"yoast_head":"<!-- This site is optimized with the Yoast SEO plugin v27.4 - https:\/\/yoast.com\/product\/yoast-seo-wordpress\/ -->\n<title>Sara : une temp\u00eate tropicale qui marque l&#039;Am\u00e9rique centrale - SensorialSunsets<\/title>\n<meta name=\"description\" content=\"Sara laisse plus de 110 000 personnes sinistr\u00e9es en Am\u00e9rique centrale, avec des inondations et des d\u00e9g\u00e2ts importants dans plusieurs pays.\" \/>\n<meta name=\"robots\" content=\"index, follow, max-snippet:-1, max-image-preview:large, max-video-preview:-1\" \/>\n<link rel=\"canonical\" href=\"https:\/\/www.sensorialsunsets.com\/fr\/sara-une-tempete-tropicale-qui-marque-lamerique-centrale\/\" \/>\n<meta property=\"og:locale\" content=\"fr_FR\" \/>\n<meta property=\"og:type\" content=\"article\" \/>\n<meta property=\"og:title\" content=\"Sara : une temp\u00eate tropicale qui marque l&#039;Am\u00e9rique centrale - SensorialSunsets\" \/>\n<meta property=\"og:description\" content=\"Sara laisse plus de 110 000 personnes sinistr\u00e9es en Am\u00e9rique centrale, avec des inondations et des d\u00e9g\u00e2ts importants dans plusieurs pays.\" \/>\n<meta property=\"og:url\" content=\"https:\/\/www.sensorialsunsets.com\/fr\/sara-une-tempete-tropicale-qui-marque-lamerique-centrale\/\" \/>\n<meta property=\"og:site_name\" content=\"SensorialSunsets\" \/>\n<meta property=\"article:publisher\" content=\"https:\/\/www.facebook.com\/Sensorial-Sunsets-109180614715562\" \/>\n<meta property=\"article:published_time\" content=\"2024-11-20T21:44:56+00:00\" \/>\n<meta property=\"og:image\" content=\"https:\/\/www.sensorialsunsets.com\/wp-content\/uploads\/2024\/11\/honduras-sara-tormenta-afectados.jpeg\" \/>\n\t<meta property=\"og:image:width\" content=\"1280\" \/>\n\t<meta property=\"og:image:height\" content=\"960\" \/>\n\t<meta property=\"og:image:type\" content=\"image\/jpeg\" \/>\n<meta name=\"author\" content=\"Sensorial Sunsets\" \/>\n<meta name=\"twitter:card\" content=\"summary_large_image\" \/>\n<meta name=\"twitter:label1\" content=\"\u00c9crit par\" \/>\n\t<meta name=\"twitter:data1\" content=\"Sensorial Sunsets\" \/>\n\t<meta name=\"twitter:label2\" content=\"Dur\u00e9e de lecture estim\u00e9e\" \/>\n\t<meta name=\"twitter:data2\" content=\"3 minutes\" \/>\n<script type=\"application\/ld+json\" class=\"yoast-schema-graph\">{\"@context\":\"https:\\\/\\\/schema.org\",\"@graph\":[{\"@type\":\"Article\",\"@id\":\"https:\\\/\\\/www.sensorialsunsets.com\\\/fr\\\/sara-une-tempete-tropicale-qui-marque-lamerique-centrale\\\/#article\",\"isPartOf\":{\"@id\":\"https:\\\/\\\/www.sensorialsunsets.com\\\/fr\\\/sara-une-tempete-tropicale-qui-marque-lamerique-centrale\\\/\"},\"author\":{\"name\":\"Sensorial Sunsets\",\"@id\":\"https:\\\/\\\/www.sensorialsunsets.com\\\/fr\\\/#\\\/schema\\\/person\\\/77e2fa594135aa94024c47e281d8a94d\"},\"headline\":\"Sara : une temp\u00eate tropicale qui marque l&rsquo;Am\u00e9rique centrale\",\"datePublished\":\"2024-11-20T21:44:56+00:00\",\"mainEntityOfPage\":{\"@id\":\"https:\\\/\\\/www.sensorialsunsets.com\\\/fr\\\/sara-une-tempete-tropicale-qui-marque-lamerique-centrale\\\/\"},\"wordCount\":622,\"publisher\":{\"@id\":\"https:\\\/\\\/www.sensorialsunsets.com\\\/fr\\\/#organization\"},\"image\":{\"@id\":\"https:\\\/\\\/www.sensorialsunsets.com\\\/fr\\\/sara-une-tempete-tropicale-qui-marque-lamerique-centrale\\\/#primaryimage\"},\"thumbnailUrl\":\"https:\\\/\\\/www.sensorialsunsets.com\\\/wp-content\\\/uploads\\\/2024\\\/11\\\/honduras-sara-tormenta-afectados.jpeg\",\"articleSection\":[\"Non classifi\u00e9(e)\"],\"inLanguage\":\"fr-FR\"},{\"@type\":\"WebPage\",\"@id\":\"https:\\\/\\\/www.sensorialsunsets.com\\\/fr\\\/sara-une-tempete-tropicale-qui-marque-lamerique-centrale\\\/\",\"url\":\"https:\\\/\\\/www.sensorialsunsets.com\\\/fr\\\/sara-une-tempete-tropicale-qui-marque-lamerique-centrale\\\/\",\"name\":\"Sara : une temp\u00eate tropicale qui marque l'Am\u00e9rique centrale - SensorialSunsets\",\"isPartOf\":{\"@id\":\"https:\\\/\\\/www.sensorialsunsets.com\\\/fr\\\/#website\"},\"primaryImageOfPage\":{\"@id\":\"https:\\\/\\\/www.sensorialsunsets.com\\\/fr\\\/sara-une-tempete-tropicale-qui-marque-lamerique-centrale\\\/#primaryimage\"},\"image\":{\"@id\":\"https:\\\/\\\/www.sensorialsunsets.com\\\/fr\\\/sara-une-tempete-tropicale-qui-marque-lamerique-centrale\\\/#primaryimage\"},\"thumbnailUrl\":\"https:\\\/\\\/www.sensorialsunsets.com\\\/wp-content\\\/uploads\\\/2024\\\/11\\\/honduras-sara-tormenta-afectados.jpeg\",\"datePublished\":\"2024-11-20T21:44:56+00:00\",\"description\":\"Sara laisse plus de 110 000 personnes sinistr\u00e9es en Am\u00e9rique centrale, avec des inondations et des d\u00e9g\u00e2ts importants dans plusieurs pays.\",\"inLanguage\":\"fr-FR\",\"potentialAction\":[{\"@type\":\"ReadAction\",\"target\":[\"https:\\\/\\\/www.sensorialsunsets.com\\\/fr\\\/sara-une-tempete-tropicale-qui-marque-lamerique-centrale\\\/\"]}]},{\"@type\":\"ImageObject\",\"inLanguage\":\"fr-FR\",\"@id\":\"https:\\\/\\\/www.sensorialsunsets.com\\\/fr\\\/sara-une-tempete-tropicale-qui-marque-lamerique-centrale\\\/#primaryimage\",\"url\":\"https:\\\/\\\/www.sensorialsunsets.com\\\/wp-content\\\/uploads\\\/2024\\\/11\\\/honduras-sara-tormenta-afectados.jpeg\",\"contentUrl\":\"https:\\\/\\\/www.sensorialsunsets.com\\\/wp-content\\\/uploads\\\/2024\\\/11\\\/honduras-sara-tormenta-afectados.jpeg\",\"width\":1280,\"height\":960},{\"@type\":\"WebSite\",\"@id\":\"https:\\\/\\\/www.sensorialsunsets.com\\\/fr\\\/#website\",\"url\":\"https:\\\/\\\/www.sensorialsunsets.com\\\/fr\\\/\",\"name\":\"SensorialSunsets.com\",\"description\":\"D\u00e9couvrez la culture et la soci\u00e9t\u00e9 du Costa Rica sur notre blog. Explorez des articles captivants et partagez le contenu.\",\"publisher\":{\"@id\":\"https:\\\/\\\/www.sensorialsunsets.com\\\/fr\\\/#organization\"},\"alternateName\":\"Costa Rica Live Blog\",\"potentialAction\":[{\"@type\":\"SearchAction\",\"target\":{\"@type\":\"EntryPoint\",\"urlTemplate\":\"https:\\\/\\\/www.sensorialsunsets.com\\\/fr\\\/?s={search_term_string}\"},\"query-input\":{\"@type\":\"PropertyValueSpecification\",\"valueRequired\":true,\"valueName\":\"search_term_string\"}}],\"inLanguage\":\"fr-FR\"},{\"@type\":\"Organization\",\"@id\":\"https:\\\/\\\/www.sensorialsunsets.com\\\/fr\\\/#organization\",\"name\":\"SensorialSunsets\",\"url\":\"https:\\\/\\\/www.sensorialsunsets.com\\\/fr\\\/\",\"logo\":{\"@type\":\"ImageObject\",\"inLanguage\":\"fr-FR\",\"@id\":\"https:\\\/\\\/www.sensorialsunsets.com\\\/fr\\\/#\\\/schema\\\/logo\\\/image\\\/\",\"url\":\"https:\\\/\\\/www.sensorialsunsets.com\\\/wp-content\\\/uploads\\\/2023\\\/04\\\/Logo_base_line_fond_clair.svg\",\"contentUrl\":\"https:\\\/\\\/www.sensorialsunsets.com\\\/wp-content\\\/uploads\\\/2023\\\/04\\\/Logo_base_line_fond_clair.svg\",\"width\":\"1024\",\"height\":\"1024\",\"caption\":\"SensorialSunsets\"},\"image\":{\"@id\":\"https:\\\/\\\/www.sensorialsunsets.com\\\/fr\\\/#\\\/schema\\\/logo\\\/image\\\/\"},\"sameAs\":[\"https:\\\/\\\/www.facebook.com\\\/Sensorial-Sunsets-109180614715562\",\"https:\\\/\\\/www.instagram.com\\\/sensorialsunsets\\\/\"]},{\"@type\":\"Person\",\"@id\":\"https:\\\/\\\/www.sensorialsunsets.com\\\/fr\\\/#\\\/schema\\\/person\\\/77e2fa594135aa94024c47e281d8a94d\",\"name\":\"Sensorial Sunsets\",\"image\":{\"@type\":\"ImageObject\",\"inLanguage\":\"fr-FR\",\"@id\":\"https:\\\/\\\/secure.gravatar.com\\\/avatar\\\/5f2d62681b1dad94c28f1500d4fc75582acdfd32b55fd1acce0a36a3c487eabe?s=96&d=mm&r=g\",\"url\":\"https:\\\/\\\/secure.gravatar.com\\\/avatar\\\/5f2d62681b1dad94c28f1500d4fc75582acdfd32b55fd1acce0a36a3c487eabe?s=96&d=mm&r=g\",\"contentUrl\":\"https:\\\/\\\/secure.gravatar.com\\\/avatar\\\/5f2d62681b1dad94c28f1500d4fc75582acdfd32b55fd1acce0a36a3c487eabe?s=96&d=mm&r=g\",\"caption\":\"Sensorial Sunsets\"},\"url\":\"https:\\\/\\\/www.sensorialsunsets.com\\\/fr\\\/author\\\/asistentes-sensorial-sunsets\\\/\"}]}<\/script>\n<!-- \/ Yoast SEO plugin. -->","yoast_head_json":{"title":"Sara : une temp\u00eate tropicale qui marque l'Am\u00e9rique centrale - SensorialSunsets","description":"Sara laisse plus de 110 000 personnes sinistr\u00e9es en Am\u00e9rique centrale, avec des inondations et des d\u00e9g\u00e2ts importants dans plusieurs pays.","robots":{"index":"index","follow":"follow","max-snippet":"max-snippet:-1","max-image-preview":"max-image-preview:large","max-video-preview":"max-video-preview:-1"},"canonical":"https:\/\/www.sensorialsunsets.com\/fr\/sara-une-tempete-tropicale-qui-marque-lamerique-centrale\/","og_locale":"fr_FR","og_type":"article","og_title":"Sara : une temp\u00eate tropicale qui marque l'Am\u00e9rique centrale - SensorialSunsets","og_description":"Sara laisse plus de 110 000 personnes sinistr\u00e9es en Am\u00e9rique centrale, avec des inondations et des d\u00e9g\u00e2ts importants dans plusieurs pays.","og_url":"https:\/\/www.sensorialsunsets.com\/fr\/sara-une-tempete-tropicale-qui-marque-lamerique-centrale\/","og_site_name":"SensorialSunsets","article_publisher":"https:\/\/www.facebook.com\/Sensorial-Sunsets-109180614715562","article_published_time":"2024-11-20T21:44:56+00:00","og_image":[{"width":1280,"height":960,"url":"https:\/\/www.sensorialsunsets.com\/wp-content\/uploads\/2024\/11\/honduras-sara-tormenta-afectados.jpeg","type":"image\/jpeg"}],"author":"Sensorial Sunsets","twitter_card":"summary_large_image","twitter_misc":{"\u00c9crit par":"Sensorial Sunsets","Dur\u00e9e de lecture estim\u00e9e":"3 minutes"},"schema":{"@context":"https:\/\/schema.org","@graph":[{"@type":"Article","@id":"https:\/\/www.sensorialsunsets.com\/fr\/sara-une-tempete-tropicale-qui-marque-lamerique-centrale\/#article","isPartOf":{"@id":"https:\/\/www.sensorialsunsets.com\/fr\/sara-une-tempete-tropicale-qui-marque-lamerique-centrale\/"},"author":{"name":"Sensorial Sunsets","@id":"https:\/\/www.sensorialsunsets.com\/fr\/#\/schema\/person\/77e2fa594135aa94024c47e281d8a94d"},"headline":"Sara : une temp\u00eate tropicale qui marque l&rsquo;Am\u00e9rique centrale","datePublished":"2024-11-20T21:44:56+00:00","mainEntityOfPage":{"@id":"https:\/\/www.sensorialsunsets.com\/fr\/sara-une-tempete-tropicale-qui-marque-lamerique-centrale\/"},"wordCount":622,"publisher":{"@id":"https:\/\/www.sensorialsunsets.com\/fr\/#organization"},"image":{"@id":"https:\/\/www.sensorialsunsets.com\/fr\/sara-une-tempete-tropicale-qui-marque-lamerique-centrale\/#primaryimage"},"thumbnailUrl":"https:\/\/www.sensorialsunsets.com\/wp-content\/uploads\/2024\/11\/honduras-sara-tormenta-afectados.jpeg","articleSection":["Non classifi\u00e9(e)"],"inLanguage":"fr-FR"},{"@type":"WebPage","@id":"https:\/\/www.sensorialsunsets.com\/fr\/sara-une-tempete-tropicale-qui-marque-lamerique-centrale\/","url":"https:\/\/www.sensorialsunsets.com\/fr\/sara-une-tempete-tropicale-qui-marque-lamerique-centrale\/","name":"Sara : une temp\u00eate tropicale qui marque l'Am\u00e9rique centrale - SensorialSunsets","isPartOf":{"@id":"https:\/\/www.sensorialsunsets.com\/fr\/#website"},"primaryImageOfPage":{"@id":"https:\/\/www.sensorialsunsets.com\/fr\/sara-une-tempete-tropicale-qui-marque-lamerique-centrale\/#primaryimage"},"image":{"@id":"https:\/\/www.sensorialsunsets.com\/fr\/sara-une-tempete-tropicale-qui-marque-lamerique-centrale\/#primaryimage"},"thumbnailUrl":"https:\/\/www.sensorialsunsets.com\/wp-content\/uploads\/2024\/11\/honduras-sara-tormenta-afectados.jpeg","datePublished":"2024-11-20T21:44:56+00:00","description":"Sara laisse plus de 110 000 personnes sinistr\u00e9es en Am\u00e9rique centrale, avec des inondations et des d\u00e9g\u00e2ts importants dans plusieurs pays.","inLanguage":"fr-FR","potentialAction":[{"@type":"ReadAction","target":["https:\/\/www.sensorialsunsets.com\/fr\/sara-une-tempete-tropicale-qui-marque-lamerique-centrale\/"]}]},{"@type":"ImageObject","inLanguage":"fr-FR","@id":"https:\/\/www.sensorialsunsets.com\/fr\/sara-une-tempete-tropicale-qui-marque-lamerique-centrale\/#primaryimage","url":"https:\/\/www.sensorialsunsets.com\/wp-content\/uploads\/2024\/11\/honduras-sara-tormenta-afectados.jpeg","contentUrl":"https:\/\/www.sensorialsunsets.com\/wp-content\/uploads\/2024\/11\/honduras-sara-tormenta-afectados.jpeg","width":1280,"height":960},{"@type":"WebSite","@id":"https:\/\/www.sensorialsunsets.com\/fr\/#website","url":"https:\/\/www.sensorialsunsets.com\/fr\/","name":"SensorialSunsets.com","description":"D\u00e9couvrez la culture et la soci\u00e9t\u00e9 du Costa Rica sur notre blog. Explorez des articles captivants et partagez le contenu.","publisher":{"@id":"https:\/\/www.sensorialsunsets.com\/fr\/#organization"},"alternateName":"Costa Rica Live Blog","potentialAction":[{"@type":"SearchAction","target":{"@type":"EntryPoint","urlTemplate":"https:\/\/www.sensorialsunsets.com\/fr\/?s={search_term_string}"},"query-input":{"@type":"PropertyValueSpecification","valueRequired":true,"valueName":"search_term_string"}}],"inLanguage":"fr-FR"},{"@type":"Organization","@id":"https:\/\/www.sensorialsunsets.com\/fr\/#organization","name":"SensorialSunsets","url":"https:\/\/www.sensorialsunsets.com\/fr\/","logo":{"@type":"ImageObject","inLanguage":"fr-FR","@id":"https:\/\/www.sensorialsunsets.com\/fr\/#\/schema\/logo\/image\/","url":"https:\/\/www.sensorialsunsets.com\/wp-content\/uploads\/2023\/04\/Logo_base_line_fond_clair.svg","contentUrl":"https:\/\/www.sensorialsunsets.com\/wp-content\/uploads\/2023\/04\/Logo_base_line_fond_clair.svg","width":"1024","height":"1024","caption":"SensorialSunsets"},"image":{"@id":"https:\/\/www.sensorialsunsets.com\/fr\/#\/schema\/logo\/image\/"},"sameAs":["https:\/\/www.facebook.com\/Sensorial-Sunsets-109180614715562","https:\/\/www.instagram.com\/sensorialsunsets\/"]},{"@type":"Person","@id":"https:\/\/www.sensorialsunsets.com\/fr\/#\/schema\/person\/77e2fa594135aa94024c47e281d8a94d","name":"Sensorial Sunsets","image":{"@type":"ImageObject","inLanguage":"fr-FR","@id":"https:\/\/secure.gravatar.com\/avatar\/5f2d62681b1dad94c28f1500d4fc75582acdfd32b55fd1acce0a36a3c487eabe?s=96&d=mm&r=g","url":"https:\/\/secure.gravatar.com\/avatar\/5f2d62681b1dad94c28f1500d4fc75582acdfd32b55fd1acce0a36a3c487eabe?s=96&d=mm&r=g","contentUrl":"https:\/\/secure.gravatar.com\/avatar\/5f2d62681b1dad94c28f1500d4fc75582acdfd32b55fd1acce0a36a3c487eabe?s=96&d=mm&r=g","caption":"Sensorial Sunsets"},"url":"https:\/\/www.sensorialsunsets.com\/fr\/author\/asistentes-sensorial-sunsets\/"}]}},"_links":{"self":[{"href":"https:\/\/www.sensorialsunsets.com\/fr\/wp-json\/wp\/v2\/posts\/19624","targetHints":{"allow":["GET"]}}],"collection":[{"href":"https:\/\/www.sensorialsunsets.com\/fr\/wp-json\/wp\/v2\/posts"}],"about":[{"href":"https:\/\/www.sensorialsunsets.com\/fr\/wp-json\/wp\/v2\/types\/post"}],"author":[{"embeddable":true,"href":"https:\/\/www.sensorialsunsets.com\/fr\/wp-json\/wp\/v2\/users\/4"}],"replies":[{"embeddable":true,"href":"https:\/\/www.sensorialsunsets.com\/fr\/wp-json\/wp\/v2\/comments?post=19624"}],"version-history":[{"count":2,"href":"https:\/\/www.sensorialsunsets.com\/fr\/wp-json\/wp\/v2\/posts\/19624\/revisions"}],"predecessor-version":[{"id":19626,"href":"https:\/\/www.sensorialsunsets.com\/fr\/wp-json\/wp\/v2\/posts\/19624\/revisions\/19626"}],"wp:featuredmedia":[{"embeddable":true,"href":"https:\/\/www.sensorialsunsets.com\/fr\/wp-json\/wp\/v2\/media\/19619"}],"wp:attachment":[{"href":"https:\/\/www.sensorialsunsets.com\/fr\/wp-json\/wp\/v2\/media?parent=19624"}],"wp:term":[{"taxonomy":"category","embeddable":true,"href":"https:\/\/www.sensorialsunsets.com\/fr\/wp-json\/wp\/v2\/categories?post=19624"},{"taxonomy":"post_tag","embeddable":true,"href":"https:\/\/www.sensorialsunsets.com\/fr\/wp-json\/wp\/v2\/tags?post=19624"}],"curies":[{"name":"wp","href":"https:\/\/api.w.org\/{rel}","templated":true}]}}