{"id":19943,"date":"2024-12-13T14:34:29","date_gmt":"2024-12-13T20:34:29","guid":{"rendered":"https:\/\/www.sensorialsunsets.com\/?p=19943"},"modified":"2024-12-13T14:34:29","modified_gmt":"2024-12-13T20:34:29","slug":"le-toucan-blanc-ambassadeur-de-la-biodiversite-costaricienne","status":"publish","type":"post","link":"https:\/\/www.sensorialsunsets.com\/fr\/le-toucan-blanc-ambassadeur-de-la-biodiversite-costaricienne\/","title":{"rendered":"Le Toucan blanc : ambassadeur de la biodiversit\u00e9 costaricienne"},"content":{"rendered":"\n<p>Le Toucan blanc<\/p>\n\n<p>Le Costa Rica, connu dans le monde entier pour son incroyable biodiversit\u00e9, a une fois de plus surpris le monde avec une observation extraordinaire. Dans la r\u00e9gion de Gu\u00e1piles, Lim\u00f3n, la pr\u00e9sence d&rsquo;un majestueux toucan blanc, symbole de la richesse de la faune du pays, a \u00e9t\u00e9 enregistr\u00e9e. Selon les experts, l&rsquo;oiseau est \u00e2g\u00e9 d&rsquo;environ cinq ans.<\/p>\n\n<h3 class=\"wp-block-heading\">Le Toucan blanc : une condition fascinante qui met en \u00e9vidence la diversit\u00e9 de la faune costaricienne<\/h3>\n\n<p>L&rsquo;observation a \u00e9t\u00e9 faite par Alexander Montero, un passionn\u00e9 de nature, qui a r\u00e9ussi \u00e0 enregistrer et \u00e0 photographier l&rsquo;impressionnant toucan blanc. Les images ont \u00e9t\u00e9 rapidement partag\u00e9es sur les r\u00e9seaux sociaux, o\u00f9 elles sont devenues virales, captivant des milliers de personnes par l&rsquo;apparence \u00e9th\u00e9r\u00e9e de l&rsquo;oiseau.<\/p>\n\n<p> <\/p>\n\n<figure class=\"wp-block-gallery has-nested-images columns-default is-cropped wp-block-gallery-1 is-layout-flex wp-block-gallery-is-layout-flex\">\n<figure class=\"wp-block-image size-large\"><img loading=\"lazy\" decoding=\"async\" width=\"822\" height=\"1024\" data-id=\"19927\" src=\"https:\/\/www.sensorialsunsets.com\/wp-content\/uploads\/2024\/12\/El-Tucan-Blanco-Embajador-de-la-Biodiversidad-Costarricense-1-822x1024.jpg\" alt=\"El Tuc&#xE1;n Blanco\" class=\"wp-image-19927\" srcset=\"https:\/\/www.sensorialsunsets.com\/wp-content\/uploads\/2024\/12\/El-Tucan-Blanco-Embajador-de-la-Biodiversidad-Costarricense-1-822x1024.jpg 822w, https:\/\/www.sensorialsunsets.com\/wp-content\/uploads\/2024\/12\/El-Tucan-Blanco-Embajador-de-la-Biodiversidad-Costarricense-1-241x300.jpg 241w, https:\/\/www.sensorialsunsets.com\/wp-content\/uploads\/2024\/12\/El-Tucan-Blanco-Embajador-de-la-Biodiversidad-Costarricense-1-768x957.jpg 768w, https:\/\/www.sensorialsunsets.com\/wp-content\/uploads\/2024\/12\/El-Tucan-Blanco-Embajador-de-la-Biodiversidad-Costarricense-1.jpg 1080w\" sizes=\"auto, (max-width: 822px) 100vw, 822px\" \/><figcaption class=\"wp-element-caption\">Toucan de Swainson (Ramphastos ambiguus)  atteint d&rsquo;une condition g\u00e9n\u00e9tique appel\u00e9e leucisme qui lui donne son \u00e9trange coloration.<\/figcaption><\/figure>\n\n\n\n<figure class=\"wp-block-image size-large\"><img loading=\"lazy\" decoding=\"async\" width=\"822\" height=\"1024\" data-id=\"19923\" src=\"https:\/\/www.sensorialsunsets.com\/wp-content\/uploads\/2024\/12\/El-Tucan-Blanco-Embajador-de-la-Biodiversidad-Costarricense-822x1024.jpg\" alt=\"El Tuc&#xE1;n Blanco\" class=\"wp-image-19923\" srcset=\"https:\/\/www.sensorialsunsets.com\/wp-content\/uploads\/2024\/12\/El-Tucan-Blanco-Embajador-de-la-Biodiversidad-Costarricense-822x1024.jpg 822w, https:\/\/www.sensorialsunsets.com\/wp-content\/uploads\/2024\/12\/El-Tucan-Blanco-Embajador-de-la-Biodiversidad-Costarricense-241x300.jpg 241w, https:\/\/www.sensorialsunsets.com\/wp-content\/uploads\/2024\/12\/El-Tucan-Blanco-Embajador-de-la-Biodiversidad-Costarricense-768x957.jpg 768w, https:\/\/www.sensorialsunsets.com\/wp-content\/uploads\/2024\/12\/El-Tucan-Blanco-Embajador-de-la-Biodiversidad-Costarricense.jpg 1080w\" sizes=\"auto, (max-width: 822px) 100vw, 822px\" \/><\/figure>\n\n\n\n<figure class=\"wp-block-image size-large\"><img loading=\"lazy\" decoding=\"async\" width=\"822\" height=\"1024\" data-id=\"19926\" src=\"https:\/\/www.sensorialsunsets.com\/wp-content\/uploads\/2024\/12\/El-Tucan-Blanco-Embajador-de-la-Biodiversidad-Costarricense3-822x1024.jpg\" alt=\"\" class=\"wp-image-19926\" srcset=\"https:\/\/www.sensorialsunsets.com\/wp-content\/uploads\/2024\/12\/El-Tucan-Blanco-Embajador-de-la-Biodiversidad-Costarricense3-822x1024.jpg 822w, https:\/\/www.sensorialsunsets.com\/wp-content\/uploads\/2024\/12\/El-Tucan-Blanco-Embajador-de-la-Biodiversidad-Costarricense3-241x300.jpg 241w, https:\/\/www.sensorialsunsets.com\/wp-content\/uploads\/2024\/12\/El-Tucan-Blanco-Embajador-de-la-Biodiversidad-Costarricense3-768x957.jpg 768w, https:\/\/www.sensorialsunsets.com\/wp-content\/uploads\/2024\/12\/El-Tucan-Blanco-Embajador-de-la-Biodiversidad-Costarricense3.jpg 1080w\" sizes=\"auto, (max-width: 822px) 100vw, 822px\" \/><figcaption class=\"wp-element-caption\"><a href=\"https:\/\/www.instagram.com\/tothewonderblog\/p\/C20343ArHQB\/?img_index=1\">tothewonderblog<\/a><\/figcaption><\/figure>\n<\/figure>\n\n<p>Le toucan, affectueusement baptis\u00e9 <strong>Panchito<\/strong>, a suscit\u00e9 l&rsquo;int\u00e9r\u00eat du monde entier, car il s&rsquo;agit d&rsquo;un exemple rare de leucisme chez les animaux sauvages. Les experts ont pr\u00e9cis\u00e9 que Panchito n&rsquo;est pas atteint d&rsquo;albinisme, mais de leucisme, une affection qui affecte la pigmentation des plumes et du bec, leur donnant un aspect p\u00e2le, presque translucide. Heureusement, cette condition n&rsquo;affecte pas la sant\u00e9 de l&rsquo;oiseau ni sa capacit\u00e9 \u00e0 fonctionner dans son habitat naturel.<\/p>\n\n<p>Bien que Panchito ait d\u00e9j\u00e0 \u00e9t\u00e9 photographi\u00e9, les observations de ce toucan sont extr\u00eamement rares. Luis Solano Pochet, qui a r\u00e9ussi \u00e0 l&rsquo;observer en 2019, a racont\u00e9 les difficult\u00e9s rencontr\u00e9es pour trouver cet habitant \u00e9nigmatique de la jungle.<\/p>\n\n<blockquote class=\"wp-block-quote is-layout-flow wp-block-quote-is-layout-flow\">\n<p>Nous avons attendu des heures sans succ\u00e8s. Les rapports et le guide local indiquaient qu&rsquo;il \u00e9tait apparu dans cette zone quelques jours auparavant.<\/p>\n<\/blockquote>\n\n<h3 class=\"wp-block-heading\">Rencontre avec la nature : un oiseau unique, qui captive les amateurs comme les experts<\/h3>\n\n<p>Un autre passionn\u00e9 de photographie, Carlos Bola\u00f1os, a \u00e9galement partag\u00e9 son exp\u00e9rience de l&rsquo;observation de Panchito en 2019.<\/p>\n\n<blockquote class=\"wp-block-quote is-layout-flow wp-block-quote-is-layout-flow\">\n<p>Pendant quatre jours, je l&rsquo;ai cherch\u00e9 \u00e0 plein temps, en me promenant dans les environs, mais rien. Le quatri\u00e8me jour, pour \u00eatre honn\u00eate, j&rsquo;ai abandonn\u00e9 tout espoir. J&rsquo;ai d\u00e9cid\u00e9 de rentrer et d&rsquo;oublier le toucan blanc pendant quelques jours. Cependant, le garde de la ferme m&rsquo;a encourag\u00e9 \u00e0 rester quelques heures de plus, et soudain, il est apparu.<\/p>\n<\/blockquote>\n\n<figure class=\"wp-block-gallery has-nested-images columns-default is-cropped wp-block-gallery-2 is-layout-flex wp-block-gallery-is-layout-flex\">\n<figure class=\"wp-block-image size-large\"><img loading=\"lazy\" decoding=\"async\" width=\"1024\" height=\"576\" data-id=\"19932\" src=\"https:\/\/www.sensorialsunsets.com\/wp-content\/uploads\/2024\/12\/El-Tucan-Blanco-1024x576.jpg\" alt=\"\" class=\"wp-image-19932\" srcset=\"https:\/\/www.sensorialsunsets.com\/wp-content\/uploads\/2024\/12\/El-Tucan-Blanco-1024x576.jpg 1024w, https:\/\/www.sensorialsunsets.com\/wp-content\/uploads\/2024\/12\/El-Tucan-Blanco-300x169.jpg 300w, https:\/\/www.sensorialsunsets.com\/wp-content\/uploads\/2024\/12\/El-Tucan-Blanco-768x432.jpg 768w, https:\/\/www.sensorialsunsets.com\/wp-content\/uploads\/2024\/12\/El-Tucan-Blanco-1536x864.jpg 1536w, https:\/\/www.sensorialsunsets.com\/wp-content\/uploads\/2024\/12\/El-Tucan-Blanco-1320x743.jpg 1320w, https:\/\/www.sensorialsunsets.com\/wp-content\/uploads\/2024\/12\/El-Tucan-Blanco.jpg 1642w\" sizes=\"auto, (max-width: 1024px) 100vw, 1024px\" \/><\/figure>\n\n\n\n<figure class=\"wp-block-image size-large\"><img loading=\"lazy\" decoding=\"async\" width=\"1024\" height=\"883\" data-id=\"19920\" src=\"https:\/\/www.sensorialsunsets.com\/wp-content\/uploads\/2024\/12\/image-20-1024x883.png\" alt=\"El Tuc&#xE1;n Blanco\" class=\"wp-image-19920\" srcset=\"https:\/\/www.sensorialsunsets.com\/wp-content\/uploads\/2024\/12\/image-20-1024x883.png 1024w, https:\/\/www.sensorialsunsets.com\/wp-content\/uploads\/2024\/12\/image-20-300x259.png 300w, https:\/\/www.sensorialsunsets.com\/wp-content\/uploads\/2024\/12\/image-20-768x662.png 768w, https:\/\/www.sensorialsunsets.com\/wp-content\/uploads\/2024\/12\/image-20-1536x1325.png 1536w, https:\/\/www.sensorialsunsets.com\/wp-content\/uploads\/2024\/12\/image-20-1320x1138.png 1320w, https:\/\/www.sensorialsunsets.com\/wp-content\/uploads\/2024\/12\/image-20.png 2048w\" sizes=\"auto, (max-width: 1024px) 100vw, 1024px\" \/><\/figure>\n<\/figure>\n\n<p>Cette observation souligne une fois de plus le caract\u00e8re unique de la biodiversit\u00e9 du Costa Rica et l&rsquo;importance de pr\u00e9server ses tr\u00e9sors naturels. Le Costa Rica continue d&rsquo;\u00e9tonner le monde avec sa faune unique et de rappeler \u00e0 la plan\u00e8te la valeur incalculable de la protection de l&rsquo;environnement.<\/p>\n\n<p><strong>Sensorial Sunsets<\/strong><\/p>\n","protected":false},"excerpt":{"rendered":"<p>Le Toucan blanc Le Costa Rica, connu dans le monde entier pour son incroyable biodiversit\u00e9, a une fois de plus surpris le monde avec une observation extraordinaire. Dans la r\u00e9gion de Gu\u00e1piles, Lim\u00f3n, la pr\u00e9sence d&rsquo;un majestueux toucan blanc, symbole de la richesse de la faune du pays, a \u00e9t\u00e9 enregistr\u00e9e. Selon les experts, l&rsquo;oiseau [&hellip;]<\/p>\n","protected":false},"author":4,"featured_media":19937,"comment_status":"closed","ping_status":"closed","sticky":false,"template":"","format":"standard","meta":{"_acf_changed":false,"inline_featured_image":false,"_monsterinsights_skip_tracking":false,"_monsterinsights_sitenote_active":false,"_monsterinsights_sitenote_note":"","_monsterinsights_sitenote_category":0,"footnotes":""},"categories":[1],"tags":[],"class_list":["post-19943","post","type-post","status-publish","format-standard","has-post-thumbnail","hentry","category-non-classifiee"],"acf":[],"yoast_head":"<!-- This site is optimized with the Yoast SEO plugin v27.4 - https:\/\/yoast.com\/product\/yoast-seo-wordpress\/ -->\n<title>Le Toucan blanc : ambassadeur de la biodiversit\u00e9 costaricienne - SensorialSunsets<\/title>\n<meta name=\"description\" content=\"Le Toucan blanc, un joyau rare de la nature au Costa Rica, qui souligne l&#039;importance de la pr\u00e9servation de la biodiversit\u00e9 du pays.\" \/>\n<meta name=\"robots\" content=\"index, follow, max-snippet:-1, max-image-preview:large, max-video-preview:-1\" \/>\n<link rel=\"canonical\" href=\"https:\/\/www.sensorialsunsets.com\/fr\/le-toucan-blanc-ambassadeur-de-la-biodiversite-costaricienne\/\" \/>\n<meta property=\"og:locale\" content=\"fr_FR\" \/>\n<meta property=\"og:type\" content=\"article\" \/>\n<meta property=\"og:title\" content=\"Le Toucan blanc : ambassadeur de la biodiversit\u00e9 costaricienne - SensorialSunsets\" \/>\n<meta property=\"og:description\" content=\"Le Toucan blanc, un joyau rare de la nature au Costa Rica, qui souligne l&#039;importance de la pr\u00e9servation de la biodiversit\u00e9 du pays.\" \/>\n<meta property=\"og:url\" content=\"https:\/\/www.sensorialsunsets.com\/fr\/le-toucan-blanc-ambassadeur-de-la-biodiversite-costaricienne\/\" \/>\n<meta property=\"og:site_name\" content=\"SensorialSunsets\" \/>\n<meta property=\"article:publisher\" content=\"https:\/\/www.facebook.com\/Sensorial-Sunsets-109180614715562\" \/>\n<meta property=\"article:published_time\" content=\"2024-12-13T20:34:29+00:00\" \/>\n<meta property=\"og:image\" content=\"https:\/\/www.sensorialsunsets.com\/wp-content\/uploads\/2024\/12\/Design-sans-titre.png\" \/>\n\t<meta property=\"og:image:width\" content=\"840\" \/>\n\t<meta property=\"og:image:height\" content=\"450\" \/>\n\t<meta property=\"og:image:type\" content=\"image\/png\" \/>\n<meta name=\"author\" content=\"Sensorial Sunsets\" \/>\n<meta name=\"twitter:card\" content=\"summary_large_image\" \/>\n<meta name=\"twitter:label1\" content=\"\u00c9crit par\" \/>\n\t<meta name=\"twitter:data1\" content=\"Sensorial Sunsets\" \/>\n\t<meta name=\"twitter:label2\" content=\"Dur\u00e9e de lecture estim\u00e9e\" \/>\n\t<meta name=\"twitter:data2\" content=\"2 minutes\" \/>\n<script type=\"application\/ld+json\" class=\"yoast-schema-graph\">{\"@context\":\"https:\\\/\\\/schema.org\",\"@graph\":[{\"@type\":\"Article\",\"@id\":\"https:\\\/\\\/www.sensorialsunsets.com\\\/fr\\\/le-toucan-blanc-ambassadeur-de-la-biodiversite-costaricienne\\\/#article\",\"isPartOf\":{\"@id\":\"https:\\\/\\\/www.sensorialsunsets.com\\\/fr\\\/le-toucan-blanc-ambassadeur-de-la-biodiversite-costaricienne\\\/\"},\"author\":{\"name\":\"Sensorial Sunsets\",\"@id\":\"https:\\\/\\\/www.sensorialsunsets.com\\\/fr\\\/#\\\/schema\\\/person\\\/77e2fa594135aa94024c47e281d8a94d\"},\"headline\":\"Le Toucan blanc : ambassadeur de la biodiversit\u00e9 costaricienne\",\"datePublished\":\"2024-12-13T20:34:29+00:00\",\"mainEntityOfPage\":{\"@id\":\"https:\\\/\\\/www.sensorialsunsets.com\\\/fr\\\/le-toucan-blanc-ambassadeur-de-la-biodiversite-costaricienne\\\/\"},\"wordCount\":471,\"publisher\":{\"@id\":\"https:\\\/\\\/www.sensorialsunsets.com\\\/fr\\\/#organization\"},\"image\":{\"@id\":\"https:\\\/\\\/www.sensorialsunsets.com\\\/fr\\\/le-toucan-blanc-ambassadeur-de-la-biodiversite-costaricienne\\\/#primaryimage\"},\"thumbnailUrl\":\"https:\\\/\\\/www.sensorialsunsets.com\\\/wp-content\\\/uploads\\\/2024\\\/12\\\/Design-sans-titre.png\",\"articleSection\":[\"Non classifi\u00e9(e)\"],\"inLanguage\":\"fr-FR\"},{\"@type\":\"WebPage\",\"@id\":\"https:\\\/\\\/www.sensorialsunsets.com\\\/fr\\\/le-toucan-blanc-ambassadeur-de-la-biodiversite-costaricienne\\\/\",\"url\":\"https:\\\/\\\/www.sensorialsunsets.com\\\/fr\\\/le-toucan-blanc-ambassadeur-de-la-biodiversite-costaricienne\\\/\",\"name\":\"Le Toucan blanc : ambassadeur de la biodiversit\u00e9 costaricienne - SensorialSunsets\",\"isPartOf\":{\"@id\":\"https:\\\/\\\/www.sensorialsunsets.com\\\/fr\\\/#website\"},\"primaryImageOfPage\":{\"@id\":\"https:\\\/\\\/www.sensorialsunsets.com\\\/fr\\\/le-toucan-blanc-ambassadeur-de-la-biodiversite-costaricienne\\\/#primaryimage\"},\"image\":{\"@id\":\"https:\\\/\\\/www.sensorialsunsets.com\\\/fr\\\/le-toucan-blanc-ambassadeur-de-la-biodiversite-costaricienne\\\/#primaryimage\"},\"thumbnailUrl\":\"https:\\\/\\\/www.sensorialsunsets.com\\\/wp-content\\\/uploads\\\/2024\\\/12\\\/Design-sans-titre.png\",\"datePublished\":\"2024-12-13T20:34:29+00:00\",\"description\":\"Le Toucan blanc, un joyau rare de la nature au Costa Rica, qui souligne l'importance de la pr\u00e9servation de la biodiversit\u00e9 du pays.\",\"inLanguage\":\"fr-FR\",\"potentialAction\":[{\"@type\":\"ReadAction\",\"target\":[\"https:\\\/\\\/www.sensorialsunsets.com\\\/fr\\\/le-toucan-blanc-ambassadeur-de-la-biodiversite-costaricienne\\\/\"]}]},{\"@type\":\"ImageObject\",\"inLanguage\":\"fr-FR\",\"@id\":\"https:\\\/\\\/www.sensorialsunsets.com\\\/fr\\\/le-toucan-blanc-ambassadeur-de-la-biodiversite-costaricienne\\\/#primaryimage\",\"url\":\"https:\\\/\\\/www.sensorialsunsets.com\\\/wp-content\\\/uploads\\\/2024\\\/12\\\/Design-sans-titre.png\",\"contentUrl\":\"https:\\\/\\\/www.sensorialsunsets.com\\\/wp-content\\\/uploads\\\/2024\\\/12\\\/Design-sans-titre.png\",\"width\":840,\"height\":450},{\"@type\":\"WebSite\",\"@id\":\"https:\\\/\\\/www.sensorialsunsets.com\\\/fr\\\/#website\",\"url\":\"https:\\\/\\\/www.sensorialsunsets.com\\\/fr\\\/\",\"name\":\"SensorialSunsets.com\",\"description\":\"D\u00e9couvrez la culture et la soci\u00e9t\u00e9 du Costa Rica sur notre blog. Explorez des articles captivants et partagez le contenu.\",\"publisher\":{\"@id\":\"https:\\\/\\\/www.sensorialsunsets.com\\\/fr\\\/#organization\"},\"alternateName\":\"Costa Rica Live Blog\",\"potentialAction\":[{\"@type\":\"SearchAction\",\"target\":{\"@type\":\"EntryPoint\",\"urlTemplate\":\"https:\\\/\\\/www.sensorialsunsets.com\\\/fr\\\/?s={search_term_string}\"},\"query-input\":{\"@type\":\"PropertyValueSpecification\",\"valueRequired\":true,\"valueName\":\"search_term_string\"}}],\"inLanguage\":\"fr-FR\"},{\"@type\":\"Organization\",\"@id\":\"https:\\\/\\\/www.sensorialsunsets.com\\\/fr\\\/#organization\",\"name\":\"SensorialSunsets\",\"url\":\"https:\\\/\\\/www.sensorialsunsets.com\\\/fr\\\/\",\"logo\":{\"@type\":\"ImageObject\",\"inLanguage\":\"fr-FR\",\"@id\":\"https:\\\/\\\/www.sensorialsunsets.com\\\/fr\\\/#\\\/schema\\\/logo\\\/image\\\/\",\"url\":\"https:\\\/\\\/www.sensorialsunsets.com\\\/wp-content\\\/uploads\\\/2023\\\/04\\\/Logo_base_line_fond_clair.svg\",\"contentUrl\":\"https:\\\/\\\/www.sensorialsunsets.com\\\/wp-content\\\/uploads\\\/2023\\\/04\\\/Logo_base_line_fond_clair.svg\",\"width\":\"1024\",\"height\":\"1024\",\"caption\":\"SensorialSunsets\"},\"image\":{\"@id\":\"https:\\\/\\\/www.sensorialsunsets.com\\\/fr\\\/#\\\/schema\\\/logo\\\/image\\\/\"},\"sameAs\":[\"https:\\\/\\\/www.facebook.com\\\/Sensorial-Sunsets-109180614715562\",\"https:\\\/\\\/www.instagram.com\\\/sensorialsunsets\\\/\"]},{\"@type\":\"Person\",\"@id\":\"https:\\\/\\\/www.sensorialsunsets.com\\\/fr\\\/#\\\/schema\\\/person\\\/77e2fa594135aa94024c47e281d8a94d\",\"name\":\"Sensorial Sunsets\",\"image\":{\"@type\":\"ImageObject\",\"inLanguage\":\"fr-FR\",\"@id\":\"https:\\\/\\\/secure.gravatar.com\\\/avatar\\\/5f2d62681b1dad94c28f1500d4fc75582acdfd32b55fd1acce0a36a3c487eabe?s=96&d=mm&r=g\",\"url\":\"https:\\\/\\\/secure.gravatar.com\\\/avatar\\\/5f2d62681b1dad94c28f1500d4fc75582acdfd32b55fd1acce0a36a3c487eabe?s=96&d=mm&r=g\",\"contentUrl\":\"https:\\\/\\\/secure.gravatar.com\\\/avatar\\\/5f2d62681b1dad94c28f1500d4fc75582acdfd32b55fd1acce0a36a3c487eabe?s=96&d=mm&r=g\",\"caption\":\"Sensorial Sunsets\"},\"url\":\"https:\\\/\\\/www.sensorialsunsets.com\\\/fr\\\/author\\\/asistentes-sensorial-sunsets\\\/\"}]}<\/script>\n<!-- \/ Yoast SEO plugin. -->","yoast_head_json":{"title":"Le Toucan blanc : ambassadeur de la biodiversit\u00e9 costaricienne - SensorialSunsets","description":"Le Toucan blanc, un joyau rare de la nature au Costa Rica, qui souligne l'importance de la pr\u00e9servation de la biodiversit\u00e9 du pays.","robots":{"index":"index","follow":"follow","max-snippet":"max-snippet:-1","max-image-preview":"max-image-preview:large","max-video-preview":"max-video-preview:-1"},"canonical":"https:\/\/www.sensorialsunsets.com\/fr\/le-toucan-blanc-ambassadeur-de-la-biodiversite-costaricienne\/","og_locale":"fr_FR","og_type":"article","og_title":"Le Toucan blanc : ambassadeur de la biodiversit\u00e9 costaricienne - SensorialSunsets","og_description":"Le Toucan blanc, un joyau rare de la nature au Costa Rica, qui souligne l'importance de la pr\u00e9servation de la biodiversit\u00e9 du pays.","og_url":"https:\/\/www.sensorialsunsets.com\/fr\/le-toucan-blanc-ambassadeur-de-la-biodiversite-costaricienne\/","og_site_name":"SensorialSunsets","article_publisher":"https:\/\/www.facebook.com\/Sensorial-Sunsets-109180614715562","article_published_time":"2024-12-13T20:34:29+00:00","og_image":[{"width":840,"height":450,"url":"https:\/\/www.sensorialsunsets.com\/wp-content\/uploads\/2024\/12\/Design-sans-titre.png","type":"image\/png"}],"author":"Sensorial Sunsets","twitter_card":"summary_large_image","twitter_misc":{"\u00c9crit par":"Sensorial Sunsets","Dur\u00e9e de lecture estim\u00e9e":"2 minutes"},"schema":{"@context":"https:\/\/schema.org","@graph":[{"@type":"Article","@id":"https:\/\/www.sensorialsunsets.com\/fr\/le-toucan-blanc-ambassadeur-de-la-biodiversite-costaricienne\/#article","isPartOf":{"@id":"https:\/\/www.sensorialsunsets.com\/fr\/le-toucan-blanc-ambassadeur-de-la-biodiversite-costaricienne\/"},"author":{"name":"Sensorial Sunsets","@id":"https:\/\/www.sensorialsunsets.com\/fr\/#\/schema\/person\/77e2fa594135aa94024c47e281d8a94d"},"headline":"Le Toucan blanc : ambassadeur de la biodiversit\u00e9 costaricienne","datePublished":"2024-12-13T20:34:29+00:00","mainEntityOfPage":{"@id":"https:\/\/www.sensorialsunsets.com\/fr\/le-toucan-blanc-ambassadeur-de-la-biodiversite-costaricienne\/"},"wordCount":471,"publisher":{"@id":"https:\/\/www.sensorialsunsets.com\/fr\/#organization"},"image":{"@id":"https:\/\/www.sensorialsunsets.com\/fr\/le-toucan-blanc-ambassadeur-de-la-biodiversite-costaricienne\/#primaryimage"},"thumbnailUrl":"https:\/\/www.sensorialsunsets.com\/wp-content\/uploads\/2024\/12\/Design-sans-titre.png","articleSection":["Non classifi\u00e9(e)"],"inLanguage":"fr-FR"},{"@type":"WebPage","@id":"https:\/\/www.sensorialsunsets.com\/fr\/le-toucan-blanc-ambassadeur-de-la-biodiversite-costaricienne\/","url":"https:\/\/www.sensorialsunsets.com\/fr\/le-toucan-blanc-ambassadeur-de-la-biodiversite-costaricienne\/","name":"Le Toucan blanc : ambassadeur de la biodiversit\u00e9 costaricienne - SensorialSunsets","isPartOf":{"@id":"https:\/\/www.sensorialsunsets.com\/fr\/#website"},"primaryImageOfPage":{"@id":"https:\/\/www.sensorialsunsets.com\/fr\/le-toucan-blanc-ambassadeur-de-la-biodiversite-costaricienne\/#primaryimage"},"image":{"@id":"https:\/\/www.sensorialsunsets.com\/fr\/le-toucan-blanc-ambassadeur-de-la-biodiversite-costaricienne\/#primaryimage"},"thumbnailUrl":"https:\/\/www.sensorialsunsets.com\/wp-content\/uploads\/2024\/12\/Design-sans-titre.png","datePublished":"2024-12-13T20:34:29+00:00","description":"Le Toucan blanc, un joyau rare de la nature au Costa Rica, qui souligne l'importance de la pr\u00e9servation de la biodiversit\u00e9 du pays.","inLanguage":"fr-FR","potentialAction":[{"@type":"ReadAction","target":["https:\/\/www.sensorialsunsets.com\/fr\/le-toucan-blanc-ambassadeur-de-la-biodiversite-costaricienne\/"]}]},{"@type":"ImageObject","inLanguage":"fr-FR","@id":"https:\/\/www.sensorialsunsets.com\/fr\/le-toucan-blanc-ambassadeur-de-la-biodiversite-costaricienne\/#primaryimage","url":"https:\/\/www.sensorialsunsets.com\/wp-content\/uploads\/2024\/12\/Design-sans-titre.png","contentUrl":"https:\/\/www.sensorialsunsets.com\/wp-content\/uploads\/2024\/12\/Design-sans-titre.png","width":840,"height":450},{"@type":"WebSite","@id":"https:\/\/www.sensorialsunsets.com\/fr\/#website","url":"https:\/\/www.sensorialsunsets.com\/fr\/","name":"SensorialSunsets.com","description":"D\u00e9couvrez la culture et la soci\u00e9t\u00e9 du Costa Rica sur notre blog. Explorez des articles captivants et partagez le contenu.","publisher":{"@id":"https:\/\/www.sensorialsunsets.com\/fr\/#organization"},"alternateName":"Costa Rica Live Blog","potentialAction":[{"@type":"SearchAction","target":{"@type":"EntryPoint","urlTemplate":"https:\/\/www.sensorialsunsets.com\/fr\/?s={search_term_string}"},"query-input":{"@type":"PropertyValueSpecification","valueRequired":true,"valueName":"search_term_string"}}],"inLanguage":"fr-FR"},{"@type":"Organization","@id":"https:\/\/www.sensorialsunsets.com\/fr\/#organization","name":"SensorialSunsets","url":"https:\/\/www.sensorialsunsets.com\/fr\/","logo":{"@type":"ImageObject","inLanguage":"fr-FR","@id":"https:\/\/www.sensorialsunsets.com\/fr\/#\/schema\/logo\/image\/","url":"https:\/\/www.sensorialsunsets.com\/wp-content\/uploads\/2023\/04\/Logo_base_line_fond_clair.svg","contentUrl":"https:\/\/www.sensorialsunsets.com\/wp-content\/uploads\/2023\/04\/Logo_base_line_fond_clair.svg","width":"1024","height":"1024","caption":"SensorialSunsets"},"image":{"@id":"https:\/\/www.sensorialsunsets.com\/fr\/#\/schema\/logo\/image\/"},"sameAs":["https:\/\/www.facebook.com\/Sensorial-Sunsets-109180614715562","https:\/\/www.instagram.com\/sensorialsunsets\/"]},{"@type":"Person","@id":"https:\/\/www.sensorialsunsets.com\/fr\/#\/schema\/person\/77e2fa594135aa94024c47e281d8a94d","name":"Sensorial Sunsets","image":{"@type":"ImageObject","inLanguage":"fr-FR","@id":"https:\/\/secure.gravatar.com\/avatar\/5f2d62681b1dad94c28f1500d4fc75582acdfd32b55fd1acce0a36a3c487eabe?s=96&d=mm&r=g","url":"https:\/\/secure.gravatar.com\/avatar\/5f2d62681b1dad94c28f1500d4fc75582acdfd32b55fd1acce0a36a3c487eabe?s=96&d=mm&r=g","contentUrl":"https:\/\/secure.gravatar.com\/avatar\/5f2d62681b1dad94c28f1500d4fc75582acdfd32b55fd1acce0a36a3c487eabe?s=96&d=mm&r=g","caption":"Sensorial Sunsets"},"url":"https:\/\/www.sensorialsunsets.com\/fr\/author\/asistentes-sensorial-sunsets\/"}]}},"_links":{"self":[{"href":"https:\/\/www.sensorialsunsets.com\/fr\/wp-json\/wp\/v2\/posts\/19943","targetHints":{"allow":["GET"]}}],"collection":[{"href":"https:\/\/www.sensorialsunsets.com\/fr\/wp-json\/wp\/v2\/posts"}],"about":[{"href":"https:\/\/www.sensorialsunsets.com\/fr\/wp-json\/wp\/v2\/types\/post"}],"author":[{"embeddable":true,"href":"https:\/\/www.sensorialsunsets.com\/fr\/wp-json\/wp\/v2\/users\/4"}],"replies":[{"embeddable":true,"href":"https:\/\/www.sensorialsunsets.com\/fr\/wp-json\/wp\/v2\/comments?post=19943"}],"version-history":[{"count":1,"href":"https:\/\/www.sensorialsunsets.com\/fr\/wp-json\/wp\/v2\/posts\/19943\/revisions"}],"predecessor-version":[{"id":19944,"href":"https:\/\/www.sensorialsunsets.com\/fr\/wp-json\/wp\/v2\/posts\/19943\/revisions\/19944"}],"wp:featuredmedia":[{"embeddable":true,"href":"https:\/\/www.sensorialsunsets.com\/fr\/wp-json\/wp\/v2\/media\/19937"}],"wp:attachment":[{"href":"https:\/\/www.sensorialsunsets.com\/fr\/wp-json\/wp\/v2\/media?parent=19943"}],"wp:term":[{"taxonomy":"category","embeddable":true,"href":"https:\/\/www.sensorialsunsets.com\/fr\/wp-json\/wp\/v2\/categories?post=19943"},{"taxonomy":"post_tag","embeddable":true,"href":"https:\/\/www.sensorialsunsets.com\/fr\/wp-json\/wp\/v2\/tags?post=19943"}],"curies":[{"name":"wp","href":"https:\/\/api.w.org\/{rel}","templated":true}]}}