{"id":21157,"date":"2025-03-26T11:46:11","date_gmt":"2025-03-26T17:46:11","guid":{"rendered":"https:\/\/www.sensorialsunsets.com\/?p=21157"},"modified":"2025-03-26T11:46:11","modified_gmt":"2025-03-26T17:46:11","slug":"transitarte-2025-art-musique-et-culture-au-coeur-de-la-capitale","status":"publish","type":"post","link":"https:\/\/www.sensorialsunsets.com\/fr\/transitarte-2025-art-musique-et-culture-au-coeur-de-la-capitale\/","title":{"rendered":"Transitarte 2025 : Art, musique et culture au c\u0153ur de la capitale"},"content":{"rendered":"\n<p>Le tr\u00e8s attendu Festival Transitarte revient dans la capitale costaricaine avec une \u00e9dition qui se d\u00e9roulera du 28 au 30 mars 2025. Pendant trois jours, San Jos\u00e9 se transformera en une grande sc\u00e8ne en plein air, offrant un programme vari\u00e9 d&rsquo;activit\u00e9s culturelles, artistiques et gastronomiques pour tous les \u00e2ges.<\/p>\n\n\n\n<h3 class=\"wp-block-heading\"><strong>Un festival riche d&rsquo;histoire et de diversit\u00e9<\/strong><\/h3>\n\n\n\n<p>Pour sa XVIIIe \u00e9dition, Transitarte s&rsquo;est impos\u00e9 comme l&rsquo;un des \u00e9v\u00e9nements culturels les plus importants du Costa Rica. Organis\u00e9 par la municipalit\u00e9 de San Jos\u00e9, le festival vise \u00e0 d\u00e9mocratiser l&rsquo;acc\u00e8s \u00e0 l&rsquo;art, en remplissant les parcs, les places et les boulevards d&rsquo;expressions du talent national et international.<\/p>\n\n\n\n<p>Pour cette \u00e9dition, Transitarte proposera six sc\u00e8nes r\u00e9parties dans diff\u00e9rents endroits de la ville, avec un programme musical vari\u00e9 comprenant du rock, du reggae, du hip-hop, de la musique \u00e9lectronique et du jazz. Des artistes nationaux et internationaux se produiront dans des lieux embl\u00e9matiques tels que le parc Moraz\u00e1n, le parc National et le parc Espa\u00f1a.<\/p>\n\n\n\n<p>Le grand final du festival aura lieu le dimanche 30 mars au Parque Metropolitano La Sabana avec un concert gratuit qui r\u00e9unira des groupes de renom tels que Marfil, Son\u00e1mbulo, Mentados, In Betwin et les argentins Los Aut\u00e9nticos Decadentes, qui promettent un spectacle inoubliable.<\/p>\n\n\n\n<div style=\"height:100px\" aria-hidden=\"true\" class=\"wp-block-spacer\"><\/div>\n\n\n\n<figure class=\"wp-block-gallery has-nested-images columns-default is-cropped wp-block-gallery-1 is-layout-flex wp-block-gallery-is-layout-flex\">\n<figure class=\"wp-block-image size-large\"><img loading=\"lazy\" decoding=\"async\" width=\"1024\" height=\"649\" data-id=\"21137\" src=\"https:\/\/www.sensorialsunsets.com\/wp-content\/uploads\/2025\/03\/image-14-1024x649.png\" alt=\"Transitarte 2025\" class=\"wp-image-21137\" srcset=\"https:\/\/www.sensorialsunsets.com\/wp-content\/uploads\/2025\/03\/image-14-1024x649.png 1024w, https:\/\/www.sensorialsunsets.com\/wp-content\/uploads\/2025\/03\/image-14-300x190.png 300w, https:\/\/www.sensorialsunsets.com\/wp-content\/uploads\/2025\/03\/image-14-768x486.png 768w, https:\/\/www.sensorialsunsets.com\/wp-content\/uploads\/2025\/03\/image-14-1320x836.png 1320w, https:\/\/www.sensorialsunsets.com\/wp-content\/uploads\/2025\/03\/image-14.png 1500w\" sizes=\"auto, (max-width: 1024px) 100vw, 1024px\" \/><\/figure>\n\n\n\n<figure class=\"wp-block-image size-large\"><img loading=\"lazy\" decoding=\"async\" width=\"1024\" height=\"682\" data-id=\"21131\" src=\"https:\/\/www.sensorialsunsets.com\/wp-content\/uploads\/2025\/03\/image-12-1024x682.png\" alt=\"\" class=\"wp-image-21131\" srcset=\"https:\/\/www.sensorialsunsets.com\/wp-content\/uploads\/2025\/03\/image-12-1024x682.png 1024w, https:\/\/www.sensorialsunsets.com\/wp-content\/uploads\/2025\/03\/image-12-300x200.png 300w, https:\/\/www.sensorialsunsets.com\/wp-content\/uploads\/2025\/03\/image-12-768x512.png 768w, https:\/\/www.sensorialsunsets.com\/wp-content\/uploads\/2025\/03\/image-12-1536x1024.png 1536w, https:\/\/www.sensorialsunsets.com\/wp-content\/uploads\/2025\/03\/image-12-334x222.png 334w, https:\/\/www.sensorialsunsets.com\/wp-content\/uploads\/2025\/03\/image-12-1320x880.png 1320w, https:\/\/www.sensorialsunsets.com\/wp-content\/uploads\/2025\/03\/image-12.png 2000w\" sizes=\"auto, (max-width: 1024px) 100vw, 1024px\" \/><\/figure>\n\n\n\n<figure class=\"wp-block-image size-large\"><img loading=\"lazy\" decoding=\"async\" width=\"1024\" height=\"768\" data-id=\"21134\" src=\"https:\/\/www.sensorialsunsets.com\/wp-content\/uploads\/2025\/03\/image-13-1024x768.png\" alt=\"Transitarte 2025\" class=\"wp-image-21134\" srcset=\"https:\/\/www.sensorialsunsets.com\/wp-content\/uploads\/2025\/03\/image-13-1024x768.png 1024w, https:\/\/www.sensorialsunsets.com\/wp-content\/uploads\/2025\/03\/image-13-300x225.png 300w, https:\/\/www.sensorialsunsets.com\/wp-content\/uploads\/2025\/03\/image-13-768x576.png 768w, https:\/\/www.sensorialsunsets.com\/wp-content\/uploads\/2025\/03\/image-13.png 1200w\" sizes=\"auto, (max-width: 1024px) 100vw, 1024px\" \/><\/figure>\n<\/figure>\n\n\n\n<div style=\"height:100px\" aria-hidden=\"true\" class=\"wp-block-spacer\"><\/div>\n\n\n\n<h3 class=\"wp-block-heading\"><strong>L&rsquo;art et la culture \u00e0 chaque tournant<\/strong><\/h3>\n\n\n\n<p>Les rues de San Jos\u00e9 se rempliront d&rsquo;expositions, d&rsquo;ateliers et de repr\u00e9sentations th\u00e9\u00e2trales. En outre, des espaces seront consacr\u00e9s \u00e0 la litt\u00e9rature avec des r\u00e9citals de po\u00e9sie et des salons du livre, ainsi que des expositions d&rsquo;art contemporain et des murales en direct. L&rsquo;une des nouveaut\u00e9s de cette ann\u00e9e est la sc\u00e8ne sp\u00e9ciale consacr\u00e9e au swing cr\u00e9ole et au bol\u00e9ro, o\u00f9 auront lieu des ateliers, des expositions et un concours de danse.<\/p>\n\n\n\n<div style=\"height:100px\" aria-hidden=\"true\" class=\"wp-block-spacer\"><\/div>\n\n\n\n<figure class=\"wp-block-gallery has-nested-images columns-default is-cropped wp-block-gallery-2 is-layout-flex wp-block-gallery-is-layout-flex\">\n<figure class=\"wp-block-image size-large\"><img loading=\"lazy\" decoding=\"async\" width=\"1024\" height=\"683\" data-id=\"21143\" src=\"https:\/\/www.sensorialsunsets.com\/wp-content\/uploads\/2025\/03\/image-16-1024x683.png\" alt=\"Transitarte 2025\" class=\"wp-image-21143\" srcset=\"https:\/\/www.sensorialsunsets.com\/wp-content\/uploads\/2025\/03\/image-16-1024x683.png 1024w, https:\/\/www.sensorialsunsets.com\/wp-content\/uploads\/2025\/03\/image-16-300x200.png 300w, https:\/\/www.sensorialsunsets.com\/wp-content\/uploads\/2025\/03\/image-16-768x512.png 768w, https:\/\/www.sensorialsunsets.com\/wp-content\/uploads\/2025\/03\/image-16-334x222.png 334w, https:\/\/www.sensorialsunsets.com\/wp-content\/uploads\/2025\/03\/image-16-1320x880.png 1320w, https:\/\/www.sensorialsunsets.com\/wp-content\/uploads\/2025\/03\/image-16.png 1440w\" sizes=\"auto, (max-width: 1024px) 100vw, 1024px\" \/><\/figure>\n\n\n\n<figure class=\"wp-block-image size-large\"><img loading=\"lazy\" decoding=\"async\" width=\"1024\" height=\"683\" data-id=\"21140\" src=\"https:\/\/www.sensorialsunsets.com\/wp-content\/uploads\/2025\/03\/image-15-1024x683.png\" alt=\"Transitarte 2025\" class=\"wp-image-21140\" srcset=\"https:\/\/www.sensorialsunsets.com\/wp-content\/uploads\/2025\/03\/image-15-1024x683.png 1024w, https:\/\/www.sensorialsunsets.com\/wp-content\/uploads\/2025\/03\/image-15-300x200.png 300w, https:\/\/www.sensorialsunsets.com\/wp-content\/uploads\/2025\/03\/image-15-768x512.png 768w, https:\/\/www.sensorialsunsets.com\/wp-content\/uploads\/2025\/03\/image-15-1536x1024.png 1536w, https:\/\/www.sensorialsunsets.com\/wp-content\/uploads\/2025\/03\/image-15-2048x1365.png 2048w, https:\/\/www.sensorialsunsets.com\/wp-content\/uploads\/2025\/03\/image-15-334x222.png 334w, https:\/\/www.sensorialsunsets.com\/wp-content\/uploads\/2025\/03\/image-15-1320x880.png 1320w\" sizes=\"auto, (max-width: 1024px) 100vw, 1024px\" \/><\/figure>\n\n\n\n<figure class=\"wp-block-image size-large\"><img loading=\"lazy\" decoding=\"async\" width=\"1024\" height=\"576\" data-id=\"21146\" src=\"https:\/\/www.sensorialsunsets.com\/wp-content\/uploads\/2025\/03\/Transitarte-2024-1024x576.jpg\" alt=\"\" class=\"wp-image-21146\" srcset=\"https:\/\/www.sensorialsunsets.com\/wp-content\/uploads\/2025\/03\/Transitarte-2024-1024x576.jpg 1024w, https:\/\/www.sensorialsunsets.com\/wp-content\/uploads\/2025\/03\/Transitarte-2024-300x169.jpg 300w, https:\/\/www.sensorialsunsets.com\/wp-content\/uploads\/2025\/03\/Transitarte-2024-768x432.jpg 768w, https:\/\/www.sensorialsunsets.com\/wp-content\/uploads\/2025\/03\/Transitarte-2024-1320x743.jpg 1320w, https:\/\/www.sensorialsunsets.com\/wp-content\/uploads\/2025\/03\/Transitarte-2024.jpg 1440w\" sizes=\"auto, (max-width: 1024px) 100vw, 1024px\" \/><\/figure>\n<\/figure>\n\n\n\n<div style=\"height:100px\" aria-hidden=\"true\" class=\"wp-block-spacer\"><\/div>\n\n\n\n<p>Pour compl\u00e9ter l&rsquo;exp\u00e9rience, Transitarte 2025 proposera une offre gastronomique vari\u00e9e sur des march\u00e9s en plein air. Des plats typiques du Costa Rica aux options v\u00e9g\u00e9taliennes et aux fusions internationales, les participants pourront profiter de saveurs uniques tout en parcourant les diff\u00e9rents espaces de l&rsquo;\u00e9v\u00e9nement. Il y aura \u00e9galement des foires d&rsquo;entrepreneurs proposant des produits locaux allant des v\u00eatements et accessoires \u00e0 l&rsquo;art et au design ind\u00e9pendant.<\/p>\n\n\n\n<h3 class=\"wp-block-heading\"><strong>Espace pour toute la famille<\/strong><\/h3>\n\n\n\n<p>Transitarte conserve son essence de festival inclusif, proposant des activit\u00e9s pour tous les \u00e2ges. Des ateliers et des jeux pour enfants, des pr\u00e9sentations de conteurs et des espaces de loisirs familiaux seront propos\u00e9s. En outre, l&rsquo;\u00e9v\u00e9nement comprendra des zones de repos et des points d&rsquo;hydratation pour garantir une exp\u00e9rience confortable pour tous.<\/p>\n\n\n\n<h3 class=\"wp-block-heading\"><strong>Fermeture de rues et logistique<\/strong><\/h3>\n\n\n\n<p>Afin de faciliter le d\u00e9roulement des activit\u00e9s, certaines rues de la capitale seront temporairement ferm\u00e9es, notamment :<\/p>\n\n\n\n<ul class=\"wp-block-list\">\n<li>Rues 21-23 (Burger King de Barrio La California)<\/li>\n\n\n\n<li>Rues 15-17 (en face de la Biblioth\u00e8que nationale)<\/li>\n\n\n\n<li>Rue 15 (en face du Tribunal supr\u00eame \u00e9lectoral)<\/li>\n\n\n\n<li>Rue 19 (c\u00f4t\u00e9 est du parc national)<\/li>\n\n\n\n<li>Rues 21 et 25 (au sud de l&rsquo;entr\u00e9e de la gare Atlantique)<\/li>\n\n\n\n<li>Rue 11 (en face du CENAC)<\/li>\n\n\n\n<li>Rue 9 (c\u00f4t\u00e9 ouest du parc Espa\u00f1a)<\/li>\n\n\n\n<li>Toutes les rues autour du Parc Moraz\u00e1n<\/li>\n<\/ul>\n\n\n\n<h3 class=\"wp-block-heading\"><strong>Transitarte 2025<\/strong><\/h3>\n\n\n\n<p>Vous trouverez de plus amples informations et pourrez t\u00e9l\u00e9charger le document \u00e0 l&rsquo;adresse suivante : <a href=\"https:\/\/drive.google.com\/file\/d\/1nvzkkoT8pXbOZ20eWXAfjL8IviMIHFZS\/view? fbclid=PAZXh0bgNhZW0CMTEAAaZpUchVplmXCusxeH5zXXriBwk_cu0s9NPSws4TsHqRIdyhCX92odKgWOQ_aem_qmAmxFhHWPPR6x0USE5RJw&amp;pli=1\">calendrier complet des activit\u00e9s <\/a>, visitez le site officiel de l&rsquo;\u00e9v\u00e9nement.<\/p>\n\n\n\n<p><strong>Sensorial Sunsets<\/strong><\/p>\n","protected":false},"excerpt":{"rendered":"<p>Le tr\u00e8s attendu Festival Transitarte revient dans la capitale costaricaine avec une \u00e9dition qui se d\u00e9roulera du 28 au 30 mars 2025. Pendant trois jours, San Jos\u00e9 se transformera en une grande sc\u00e8ne en plein air, offrant un programme vari\u00e9 d&rsquo;activit\u00e9s culturelles, artistiques et gastronomiques pour tous les \u00e2ges. Un festival riche d&rsquo;histoire et de [&hellip;]<\/p>\n","protected":false},"author":4,"featured_media":21153,"comment_status":"closed","ping_status":"closed","sticky":false,"template":"","format":"standard","meta":{"_acf_changed":false,"inline_featured_image":false,"_monsterinsights_skip_tracking":false,"_monsterinsights_sitenote_active":false,"_monsterinsights_sitenote_note":"","_monsterinsights_sitenote_category":0,"footnotes":""},"categories":[1],"tags":[],"class_list":["post-21157","post","type-post","status-publish","format-standard","has-post-thumbnail","hentry","category-non-classifiee"],"acf":[],"yoast_head":"<!-- This site is optimized with the Yoast SEO plugin v27.4 - https:\/\/yoast.com\/product\/yoast-seo-wordpress\/ -->\n<title>Transitarte 2025 : Art, musique et culture au c\u0153ur de la capitale - SensorialSunsets<\/title>\n<meta name=\"description\" content=\"Transitarte 2025 se tiendra du 28 au 30 mars. Pendant trois jours, San Jos\u00e9 se transformera en une grande sc\u00e8ne en plein air.\" \/>\n<meta name=\"robots\" content=\"index, follow, max-snippet:-1, max-image-preview:large, max-video-preview:-1\" \/>\n<link rel=\"canonical\" href=\"https:\/\/www.sensorialsunsets.com\/fr\/transitarte-2025-art-musique-et-culture-au-coeur-de-la-capitale\/\" \/>\n<meta property=\"og:locale\" content=\"fr_FR\" \/>\n<meta property=\"og:type\" content=\"article\" \/>\n<meta property=\"og:title\" content=\"Transitarte 2025 : Art, musique et culture au c\u0153ur de la capitale - SensorialSunsets\" \/>\n<meta property=\"og:description\" content=\"Transitarte 2025 se tiendra du 28 au 30 mars. Pendant trois jours, San Jos\u00e9 se transformera en une grande sc\u00e8ne en plein air.\" \/>\n<meta property=\"og:url\" content=\"https:\/\/www.sensorialsunsets.com\/fr\/transitarte-2025-art-musique-et-culture-au-coeur-de-la-capitale\/\" \/>\n<meta property=\"og:site_name\" content=\"SensorialSunsets\" \/>\n<meta property=\"article:publisher\" content=\"https:\/\/www.facebook.com\/Sensorial-Sunsets-109180614715562\" \/>\n<meta property=\"article:published_time\" content=\"2025-03-26T17:46:11+00:00\" \/>\n<meta property=\"og:image\" content=\"https:\/\/www.sensorialsunsets.com\/wp-content\/uploads\/2023\/07\/Sensorial.png\" \/>\n\t<meta property=\"og:image:width\" content=\"1200\" \/>\n\t<meta property=\"og:image:height\" content=\"675\" \/>\n\t<meta property=\"og:image:type\" content=\"image\/png\" \/>\n<meta name=\"author\" content=\"Sensorial Sunsets\" \/>\n<meta name=\"twitter:card\" content=\"summary_large_image\" \/>\n<meta name=\"twitter:label1\" content=\"\u00c9crit par\" \/>\n\t<meta name=\"twitter:data1\" content=\"Sensorial Sunsets\" \/>\n\t<meta name=\"twitter:label2\" content=\"Dur\u00e9e de lecture estim\u00e9e\" \/>\n\t<meta name=\"twitter:data2\" content=\"3 minutes\" \/>\n<script type=\"application\/ld+json\" class=\"yoast-schema-graph\">{\"@context\":\"https:\\\/\\\/schema.org\",\"@graph\":[{\"@type\":\"Article\",\"@id\":\"https:\\\/\\\/www.sensorialsunsets.com\\\/fr\\\/transitarte-2025-art-musique-et-culture-au-coeur-de-la-capitale\\\/#article\",\"isPartOf\":{\"@id\":\"https:\\\/\\\/www.sensorialsunsets.com\\\/fr\\\/transitarte-2025-art-musique-et-culture-au-coeur-de-la-capitale\\\/\"},\"author\":{\"name\":\"Sensorial Sunsets\",\"@id\":\"https:\\\/\\\/www.sensorialsunsets.com\\\/fr\\\/#\\\/schema\\\/person\\\/77e2fa594135aa94024c47e281d8a94d\"},\"headline\":\"Transitarte 2025 : Art, musique et culture au c\u0153ur de la capitale\",\"datePublished\":\"2025-03-26T17:46:11+00:00\",\"mainEntityOfPage\":{\"@id\":\"https:\\\/\\\/www.sensorialsunsets.com\\\/fr\\\/transitarte-2025-art-musique-et-culture-au-coeur-de-la-capitale\\\/\"},\"wordCount\":590,\"publisher\":{\"@id\":\"https:\\\/\\\/www.sensorialsunsets.com\\\/fr\\\/#organization\"},\"image\":{\"@id\":\"https:\\\/\\\/www.sensorialsunsets.com\\\/fr\\\/transitarte-2025-art-musique-et-culture-au-coeur-de-la-capitale\\\/#primaryimage\"},\"thumbnailUrl\":\"https:\\\/\\\/www.sensorialsunsets.com\\\/wp-content\\\/uploads\\\/2025\\\/03\\\/transitarte-2025.avif\",\"articleSection\":[\"Non classifi\u00e9(e)\"],\"inLanguage\":\"fr-FR\"},{\"@type\":\"WebPage\",\"@id\":\"https:\\\/\\\/www.sensorialsunsets.com\\\/fr\\\/transitarte-2025-art-musique-et-culture-au-coeur-de-la-capitale\\\/\",\"url\":\"https:\\\/\\\/www.sensorialsunsets.com\\\/fr\\\/transitarte-2025-art-musique-et-culture-au-coeur-de-la-capitale\\\/\",\"name\":\"Transitarte 2025 : Art, musique et culture au c\u0153ur de la capitale - SensorialSunsets\",\"isPartOf\":{\"@id\":\"https:\\\/\\\/www.sensorialsunsets.com\\\/fr\\\/#website\"},\"primaryImageOfPage\":{\"@id\":\"https:\\\/\\\/www.sensorialsunsets.com\\\/fr\\\/transitarte-2025-art-musique-et-culture-au-coeur-de-la-capitale\\\/#primaryimage\"},\"image\":{\"@id\":\"https:\\\/\\\/www.sensorialsunsets.com\\\/fr\\\/transitarte-2025-art-musique-et-culture-au-coeur-de-la-capitale\\\/#primaryimage\"},\"thumbnailUrl\":\"https:\\\/\\\/www.sensorialsunsets.com\\\/wp-content\\\/uploads\\\/2025\\\/03\\\/transitarte-2025.avif\",\"datePublished\":\"2025-03-26T17:46:11+00:00\",\"description\":\"Transitarte 2025 se tiendra du 28 au 30 mars. Pendant trois jours, San Jos\u00e9 se transformera en une grande sc\u00e8ne en plein air.\",\"inLanguage\":\"fr-FR\",\"potentialAction\":[{\"@type\":\"ReadAction\",\"target\":[\"https:\\\/\\\/www.sensorialsunsets.com\\\/fr\\\/transitarte-2025-art-musique-et-culture-au-coeur-de-la-capitale\\\/\"]}]},{\"@type\":\"ImageObject\",\"inLanguage\":\"fr-FR\",\"@id\":\"https:\\\/\\\/www.sensorialsunsets.com\\\/fr\\\/transitarte-2025-art-musique-et-culture-au-coeur-de-la-capitale\\\/#primaryimage\",\"url\":\"https:\\\/\\\/www.sensorialsunsets.com\\\/wp-content\\\/uploads\\\/2025\\\/03\\\/transitarte-2025.avif\",\"contentUrl\":\"https:\\\/\\\/www.sensorialsunsets.com\\\/wp-content\\\/uploads\\\/2025\\\/03\\\/transitarte-2025.avif\",\"width\":1440,\"height\":960},{\"@type\":\"WebSite\",\"@id\":\"https:\\\/\\\/www.sensorialsunsets.com\\\/fr\\\/#website\",\"url\":\"https:\\\/\\\/www.sensorialsunsets.com\\\/fr\\\/\",\"name\":\"SensorialSunsets.com\",\"description\":\"D\u00e9couvrez la culture et la soci\u00e9t\u00e9 du Costa Rica sur notre blog. Explorez des articles captivants et partagez le contenu.\",\"publisher\":{\"@id\":\"https:\\\/\\\/www.sensorialsunsets.com\\\/fr\\\/#organization\"},\"alternateName\":\"Costa Rica Live Blog\",\"potentialAction\":[{\"@type\":\"SearchAction\",\"target\":{\"@type\":\"EntryPoint\",\"urlTemplate\":\"https:\\\/\\\/www.sensorialsunsets.com\\\/fr\\\/?s={search_term_string}\"},\"query-input\":{\"@type\":\"PropertyValueSpecification\",\"valueRequired\":true,\"valueName\":\"search_term_string\"}}],\"inLanguage\":\"fr-FR\"},{\"@type\":\"Organization\",\"@id\":\"https:\\\/\\\/www.sensorialsunsets.com\\\/fr\\\/#organization\",\"name\":\"SensorialSunsets\",\"url\":\"https:\\\/\\\/www.sensorialsunsets.com\\\/fr\\\/\",\"logo\":{\"@type\":\"ImageObject\",\"inLanguage\":\"fr-FR\",\"@id\":\"https:\\\/\\\/www.sensorialsunsets.com\\\/fr\\\/#\\\/schema\\\/logo\\\/image\\\/\",\"url\":\"https:\\\/\\\/www.sensorialsunsets.com\\\/wp-content\\\/uploads\\\/2023\\\/04\\\/Logo_base_line_fond_clair.svg\",\"contentUrl\":\"https:\\\/\\\/www.sensorialsunsets.com\\\/wp-content\\\/uploads\\\/2023\\\/04\\\/Logo_base_line_fond_clair.svg\",\"width\":\"1024\",\"height\":\"1024\",\"caption\":\"SensorialSunsets\"},\"image\":{\"@id\":\"https:\\\/\\\/www.sensorialsunsets.com\\\/fr\\\/#\\\/schema\\\/logo\\\/image\\\/\"},\"sameAs\":[\"https:\\\/\\\/www.facebook.com\\\/Sensorial-Sunsets-109180614715562\",\"https:\\\/\\\/www.instagram.com\\\/sensorialsunsets\\\/\"]},{\"@type\":\"Person\",\"@id\":\"https:\\\/\\\/www.sensorialsunsets.com\\\/fr\\\/#\\\/schema\\\/person\\\/77e2fa594135aa94024c47e281d8a94d\",\"name\":\"Sensorial Sunsets\",\"image\":{\"@type\":\"ImageObject\",\"inLanguage\":\"fr-FR\",\"@id\":\"https:\\\/\\\/secure.gravatar.com\\\/avatar\\\/5f2d62681b1dad94c28f1500d4fc75582acdfd32b55fd1acce0a36a3c487eabe?s=96&d=mm&r=g\",\"url\":\"https:\\\/\\\/secure.gravatar.com\\\/avatar\\\/5f2d62681b1dad94c28f1500d4fc75582acdfd32b55fd1acce0a36a3c487eabe?s=96&d=mm&r=g\",\"contentUrl\":\"https:\\\/\\\/secure.gravatar.com\\\/avatar\\\/5f2d62681b1dad94c28f1500d4fc75582acdfd32b55fd1acce0a36a3c487eabe?s=96&d=mm&r=g\",\"caption\":\"Sensorial Sunsets\"},\"url\":\"https:\\\/\\\/www.sensorialsunsets.com\\\/fr\\\/author\\\/asistentes-sensorial-sunsets\\\/\"}]}<\/script>\n<!-- \/ Yoast SEO plugin. -->","yoast_head_json":{"title":"Transitarte 2025 : Art, musique et culture au c\u0153ur de la capitale - SensorialSunsets","description":"Transitarte 2025 se tiendra du 28 au 30 mars. Pendant trois jours, San Jos\u00e9 se transformera en une grande sc\u00e8ne en plein air.","robots":{"index":"index","follow":"follow","max-snippet":"max-snippet:-1","max-image-preview":"max-image-preview:large","max-video-preview":"max-video-preview:-1"},"canonical":"https:\/\/www.sensorialsunsets.com\/fr\/transitarte-2025-art-musique-et-culture-au-coeur-de-la-capitale\/","og_locale":"fr_FR","og_type":"article","og_title":"Transitarte 2025 : Art, musique et culture au c\u0153ur de la capitale - SensorialSunsets","og_description":"Transitarte 2025 se tiendra du 28 au 30 mars. Pendant trois jours, San Jos\u00e9 se transformera en une grande sc\u00e8ne en plein air.","og_url":"https:\/\/www.sensorialsunsets.com\/fr\/transitarte-2025-art-musique-et-culture-au-coeur-de-la-capitale\/","og_site_name":"SensorialSunsets","article_publisher":"https:\/\/www.facebook.com\/Sensorial-Sunsets-109180614715562","article_published_time":"2025-03-26T17:46:11+00:00","og_image":[{"width":1200,"height":675,"url":"https:\/\/www.sensorialsunsets.com\/wp-content\/uploads\/2023\/07\/Sensorial.png","type":"image\/png"}],"author":"Sensorial Sunsets","twitter_card":"summary_large_image","twitter_misc":{"\u00c9crit par":"Sensorial Sunsets","Dur\u00e9e de lecture estim\u00e9e":"3 minutes"},"schema":{"@context":"https:\/\/schema.org","@graph":[{"@type":"Article","@id":"https:\/\/www.sensorialsunsets.com\/fr\/transitarte-2025-art-musique-et-culture-au-coeur-de-la-capitale\/#article","isPartOf":{"@id":"https:\/\/www.sensorialsunsets.com\/fr\/transitarte-2025-art-musique-et-culture-au-coeur-de-la-capitale\/"},"author":{"name":"Sensorial Sunsets","@id":"https:\/\/www.sensorialsunsets.com\/fr\/#\/schema\/person\/77e2fa594135aa94024c47e281d8a94d"},"headline":"Transitarte 2025 : Art, musique et culture au c\u0153ur de la capitale","datePublished":"2025-03-26T17:46:11+00:00","mainEntityOfPage":{"@id":"https:\/\/www.sensorialsunsets.com\/fr\/transitarte-2025-art-musique-et-culture-au-coeur-de-la-capitale\/"},"wordCount":590,"publisher":{"@id":"https:\/\/www.sensorialsunsets.com\/fr\/#organization"},"image":{"@id":"https:\/\/www.sensorialsunsets.com\/fr\/transitarte-2025-art-musique-et-culture-au-coeur-de-la-capitale\/#primaryimage"},"thumbnailUrl":"https:\/\/www.sensorialsunsets.com\/wp-content\/uploads\/2025\/03\/transitarte-2025.avif","articleSection":["Non classifi\u00e9(e)"],"inLanguage":"fr-FR"},{"@type":"WebPage","@id":"https:\/\/www.sensorialsunsets.com\/fr\/transitarte-2025-art-musique-et-culture-au-coeur-de-la-capitale\/","url":"https:\/\/www.sensorialsunsets.com\/fr\/transitarte-2025-art-musique-et-culture-au-coeur-de-la-capitale\/","name":"Transitarte 2025 : Art, musique et culture au c\u0153ur de la capitale - SensorialSunsets","isPartOf":{"@id":"https:\/\/www.sensorialsunsets.com\/fr\/#website"},"primaryImageOfPage":{"@id":"https:\/\/www.sensorialsunsets.com\/fr\/transitarte-2025-art-musique-et-culture-au-coeur-de-la-capitale\/#primaryimage"},"image":{"@id":"https:\/\/www.sensorialsunsets.com\/fr\/transitarte-2025-art-musique-et-culture-au-coeur-de-la-capitale\/#primaryimage"},"thumbnailUrl":"https:\/\/www.sensorialsunsets.com\/wp-content\/uploads\/2025\/03\/transitarte-2025.avif","datePublished":"2025-03-26T17:46:11+00:00","description":"Transitarte 2025 se tiendra du 28 au 30 mars. Pendant trois jours, San Jos\u00e9 se transformera en une grande sc\u00e8ne en plein air.","inLanguage":"fr-FR","potentialAction":[{"@type":"ReadAction","target":["https:\/\/www.sensorialsunsets.com\/fr\/transitarte-2025-art-musique-et-culture-au-coeur-de-la-capitale\/"]}]},{"@type":"ImageObject","inLanguage":"fr-FR","@id":"https:\/\/www.sensorialsunsets.com\/fr\/transitarte-2025-art-musique-et-culture-au-coeur-de-la-capitale\/#primaryimage","url":"https:\/\/www.sensorialsunsets.com\/wp-content\/uploads\/2025\/03\/transitarte-2025.avif","contentUrl":"https:\/\/www.sensorialsunsets.com\/wp-content\/uploads\/2025\/03\/transitarte-2025.avif","width":1440,"height":960},{"@type":"WebSite","@id":"https:\/\/www.sensorialsunsets.com\/fr\/#website","url":"https:\/\/www.sensorialsunsets.com\/fr\/","name":"SensorialSunsets.com","description":"D\u00e9couvrez la culture et la soci\u00e9t\u00e9 du Costa Rica sur notre blog. Explorez des articles captivants et partagez le contenu.","publisher":{"@id":"https:\/\/www.sensorialsunsets.com\/fr\/#organization"},"alternateName":"Costa Rica Live Blog","potentialAction":[{"@type":"SearchAction","target":{"@type":"EntryPoint","urlTemplate":"https:\/\/www.sensorialsunsets.com\/fr\/?s={search_term_string}"},"query-input":{"@type":"PropertyValueSpecification","valueRequired":true,"valueName":"search_term_string"}}],"inLanguage":"fr-FR"},{"@type":"Organization","@id":"https:\/\/www.sensorialsunsets.com\/fr\/#organization","name":"SensorialSunsets","url":"https:\/\/www.sensorialsunsets.com\/fr\/","logo":{"@type":"ImageObject","inLanguage":"fr-FR","@id":"https:\/\/www.sensorialsunsets.com\/fr\/#\/schema\/logo\/image\/","url":"https:\/\/www.sensorialsunsets.com\/wp-content\/uploads\/2023\/04\/Logo_base_line_fond_clair.svg","contentUrl":"https:\/\/www.sensorialsunsets.com\/wp-content\/uploads\/2023\/04\/Logo_base_line_fond_clair.svg","width":"1024","height":"1024","caption":"SensorialSunsets"},"image":{"@id":"https:\/\/www.sensorialsunsets.com\/fr\/#\/schema\/logo\/image\/"},"sameAs":["https:\/\/www.facebook.com\/Sensorial-Sunsets-109180614715562","https:\/\/www.instagram.com\/sensorialsunsets\/"]},{"@type":"Person","@id":"https:\/\/www.sensorialsunsets.com\/fr\/#\/schema\/person\/77e2fa594135aa94024c47e281d8a94d","name":"Sensorial Sunsets","image":{"@type":"ImageObject","inLanguage":"fr-FR","@id":"https:\/\/secure.gravatar.com\/avatar\/5f2d62681b1dad94c28f1500d4fc75582acdfd32b55fd1acce0a36a3c487eabe?s=96&d=mm&r=g","url":"https:\/\/secure.gravatar.com\/avatar\/5f2d62681b1dad94c28f1500d4fc75582acdfd32b55fd1acce0a36a3c487eabe?s=96&d=mm&r=g","contentUrl":"https:\/\/secure.gravatar.com\/avatar\/5f2d62681b1dad94c28f1500d4fc75582acdfd32b55fd1acce0a36a3c487eabe?s=96&d=mm&r=g","caption":"Sensorial Sunsets"},"url":"https:\/\/www.sensorialsunsets.com\/fr\/author\/asistentes-sensorial-sunsets\/"}]}},"_links":{"self":[{"href":"https:\/\/www.sensorialsunsets.com\/fr\/wp-json\/wp\/v2\/posts\/21157","targetHints":{"allow":["GET"]}}],"collection":[{"href":"https:\/\/www.sensorialsunsets.com\/fr\/wp-json\/wp\/v2\/posts"}],"about":[{"href":"https:\/\/www.sensorialsunsets.com\/fr\/wp-json\/wp\/v2\/types\/post"}],"author":[{"embeddable":true,"href":"https:\/\/www.sensorialsunsets.com\/fr\/wp-json\/wp\/v2\/users\/4"}],"replies":[{"embeddable":true,"href":"https:\/\/www.sensorialsunsets.com\/fr\/wp-json\/wp\/v2\/comments?post=21157"}],"version-history":[{"count":2,"href":"https:\/\/www.sensorialsunsets.com\/fr\/wp-json\/wp\/v2\/posts\/21157\/revisions"}],"predecessor-version":[{"id":21159,"href":"https:\/\/www.sensorialsunsets.com\/fr\/wp-json\/wp\/v2\/posts\/21157\/revisions\/21159"}],"wp:featuredmedia":[{"embeddable":true,"href":"https:\/\/www.sensorialsunsets.com\/fr\/wp-json\/wp\/v2\/media\/21153"}],"wp:attachment":[{"href":"https:\/\/www.sensorialsunsets.com\/fr\/wp-json\/wp\/v2\/media?parent=21157"}],"wp:term":[{"taxonomy":"category","embeddable":true,"href":"https:\/\/www.sensorialsunsets.com\/fr\/wp-json\/wp\/v2\/categories?post=21157"},{"taxonomy":"post_tag","embeddable":true,"href":"https:\/\/www.sensorialsunsets.com\/fr\/wp-json\/wp\/v2\/tags?post=21157"}],"curies":[{"name":"wp","href":"https:\/\/api.w.org\/{rel}","templated":true}]}}