{"id":21243,"date":"2025-04-04T15:36:57","date_gmt":"2025-04-04T21:36:57","guid":{"rendered":"https:\/\/www.sensorialsunsets.com\/?p=21243"},"modified":"2025-04-04T15:36:57","modified_gmt":"2025-04-04T21:36:57","slug":"festival-hanami-au-costa-rica-une-rencontre-avec-la-culture-japonaise","status":"publish","type":"post","link":"https:\/\/www.sensorialsunsets.com\/fr\/festival-hanami-au-costa-rica-une-rencontre-avec-la-culture-japonaise\/","title":{"rendered":"Festival Hanami au Costa Rica : une rencontre avec la culture japonaise"},"content":{"rendered":"\n<p>Les amateurs de culture japonaise auront l&rsquo;occasion de profiter ce samedi 5 avril du Festival Hanami, un \u00e9v\u00e9nement qui apportera le meilleur de la culture et de la gastronomie japonaises au Parc National. L&rsquo;activit\u00e9 est organis\u00e9e en collaboration entre la Municipalit\u00e9 de San Jos\u00e9 et l&rsquo;Ambassade du Japon au Costa Ric. De plus, dans le cadre de la comm\u00e9moration des 90 ans d&rsquo;amiti\u00e9 entre les deux pays.<\/p>\n\n\n\n<h3 class=\"wp-block-heading\">Qu&rsquo;est-ce que l&rsquo;Hanami ?<\/h3>\n\n\n\n<p>Le <a href=\"\u00ab\" https:=\"\">festival Hanami<\/a> rend hommage \u00e0 la tradition japonaise de c\u00e9l\u00e9brer la floraison des cerisiers. Au Japon, le mot \u00ab hanami \u00bb signifie \u00ab voir les fleurs \u00bb, et c&rsquo;est une activit\u00e9 qui rassemble les gens pour profiter de la compagnie de leur famille et de leurs amis. Depuis la p\u00e9riode Nara (710-794), cette tradition symbolise l&rsquo;accueil du printemps et l&rsquo;admiration de la beaut\u00e9 naturelle.<\/p>\n\n\n\n<p>Dans les si\u00e8cles pass\u00e9s, on croyait que les divinit\u00e9s habitaient les arbres de sakura, et les agriculteurs priaient les fleurs de cerisier pour assurer de bonnes r\u00e9coltes. Au fil du temps, cette coutume a \u00e9volu\u00e9 vers l&rsquo;appr\u00e9ciation de la beaut\u00e9 \u00e9ph\u00e9m\u00e8re des fleurs de cerisier, inspirant les po\u00e8tes et les artistes \u00e0 cr\u00e9er des \u0153uvres d\u00e9di\u00e9es \u00e0 leur splendeur.<\/p>\n\n\n\n<h3 class=\"wp-block-heading\">Festival Hanami<\/h3>\n\n\n\n<p>Pour la premi\u00e8re fois au Costa Rica, le Festival Hanami, l&rsquo;une des traditions les plus appr\u00e9ci\u00e9es du Japon, est c\u00e9l\u00e9br\u00e9. Bien que le pays ne poss\u00e8de pas de cerisiers, il poss\u00e8de une grande vari\u00e9t\u00e9 d&rsquo;arbres \u00e0 fleurs tels que le ch\u00eane de la savane et le ch\u00eane jaune, qui fleurissent \u00e0 la m\u00eame \u00e9poque. La date choisie pour le festival vise \u00e0 unir ces fleurs locales \u00e0 la tradition ancestrale japonaise.<\/p>\n\n\n\n<div style=\"height:100px\" aria-hidden=\"true\" class=\"wp-block-spacer\"><\/div>\n\n\n\n<figure class=\"wp-block-gallery has-nested-images columns-default is-cropped wp-block-gallery-1 is-layout-flex wp-block-gallery-is-layout-flex\">\n<figure class=\"wp-block-image size-large\"><img loading=\"lazy\" decoding=\"async\" width=\"658\" height=\"990\" data-id=\"21236\" src=\"https:\/\/www.sensorialsunsets.com\/wp-content\/uploads\/2025\/04\/image-8.png\" alt=\"Festival Hanami\" class=\"wp-image-21236\" srcset=\"https:\/\/www.sensorialsunsets.com\/wp-content\/uploads\/2025\/04\/image-8.png 658w, https:\/\/www.sensorialsunsets.com\/wp-content\/uploads\/2025\/04\/image-8-199x300.png 199w\" sizes=\"auto, (max-width: 658px) 100vw, 658px\" \/><\/figure>\n\n\n\n<figure class=\"wp-block-image size-large\"><img loading=\"lazy\" decoding=\"async\" width=\"1024\" height=\"484\" data-id=\"21233\" src=\"https:\/\/www.sensorialsunsets.com\/wp-content\/uploads\/2025\/04\/image-7.png\" alt=\"Festival Hanami\" class=\"wp-image-21233\" srcset=\"https:\/\/www.sensorialsunsets.com\/wp-content\/uploads\/2025\/04\/image-7.png 1024w, https:\/\/www.sensorialsunsets.com\/wp-content\/uploads\/2025\/04\/image-7-300x142.png 300w, https:\/\/www.sensorialsunsets.com\/wp-content\/uploads\/2025\/04\/image-7-768x363.png 768w\" sizes=\"auto, (max-width: 1024px) 100vw, 1024px\" \/><\/figure>\n\n\n\n<figure class=\"wp-block-image size-large\"><img loading=\"lazy\" decoding=\"async\" width=\"1023\" height=\"682\" data-id=\"21230\" src=\"https:\/\/www.sensorialsunsets.com\/wp-content\/uploads\/2025\/04\/image-6.png\" alt=\"Festival Hanami\" class=\"wp-image-21230\" srcset=\"https:\/\/www.sensorialsunsets.com\/wp-content\/uploads\/2025\/04\/image-6.png 1023w, https:\/\/www.sensorialsunsets.com\/wp-content\/uploads\/2025\/04\/image-6-300x200.png 300w, https:\/\/www.sensorialsunsets.com\/wp-content\/uploads\/2025\/04\/image-6-768x512.png 768w, https:\/\/www.sensorialsunsets.com\/wp-content\/uploads\/2025\/04\/image-6-334x222.png 334w\" sizes=\"auto, (max-width: 1023px) 100vw, 1023px\" \/><\/figure>\n<\/figure>\n\n\n\n<div style=\"height:100px\" aria-hidden=\"true\" class=\"wp-block-spacer\"><\/div>\n\n\n\n<p>L&rsquo;\u00e9v\u00e9nement se d\u00e9roulera de 10h00 \u00e0 17h00 dans le parc national de San Jos\u00e9. Les visiteurs pourront assister \u00e0 des d\u00e9monstrations de arts martiaux, de musique traditionnelle, \u00e0 des conf\u00e9rences sur l&rsquo;origami et le bonsa\u00ef, entre autres activit\u00e9s.<\/p>\n\n\n\n<p>En plus des activit\u00e9s culturelles, il y aura un large \u00e9ventail de plats gastronomiques, notamment des sushis, des ramens, des desserts japonais et d&rsquo;autres d\u00e9lices traditionnels.<\/p>\n\n\n\n<h3 class=\"wp-block-heading\">Comment c\u00e9l\u00e8bre-t-on le festival du Hanami au Japon ?<\/h3>\n\n\n\n<p>Au Japon, le Hanami est c\u00e9l\u00e9br\u00e9 par des f\u00eates en plein air sous les cerisiers en fleurs. Les rassemblements peuvent avoir lieu pendant la journ\u00e9e ou \u00e0 la tomb\u00e9e de la nuit, lorsque le Yozakura ou \u00ab sakura nocturne \u00bb a lieu. Lors de ces c\u00e9l\u00e9brations nocturnes, des lanternes en papier sont suspendues entre les arbres, cr\u00e9ant une atmosph\u00e8re magique et sereine.<\/p>\n\n\n\n<p>Il est \u00e9galement d&rsquo;usage de boire du sak\u00e9 et du th\u00e9 traditionnel, accompagn\u00e9s de sucreries et d&rsquo;autres plats typiques de la saison. Ce rituel se d\u00e9roule dans les parcs, les temples et autres lieux o\u00f9 les cerisiers fleurissent abondamment.<\/p>\n\n\n\n<h3 class=\"wp-block-heading\">Invitation ouverte au festival<\/h3>\n\n\n\n<figure class=\"wp-block-pullquote\"><blockquote><p>Nous sommes ravis d&rsquo;organiser pour la premi\u00e8re fois le Festival Hanami dans le pays, une tradition qui repr\u00e9sente la beaut\u00e9, l&rsquo;union et le renouveau, a d\u00e9clar\u00e9<\/p><cite>Ariyoshi Katsuhide, ambassadeur du Japon au Costa Rica.<\/cite><\/blockquote><\/figure>\n\n\n\n<p>L&rsquo;activit\u00e9 est enti\u00e8rement gratuite et s&rsquo;adresse \u00e0 tous les \u00e2ges. Ce samedi 5 avril, le parc national deviendra un point de rencontre pour vivre une exp\u00e9rience diff\u00e9rente.<\/p>\n\n\n\n<p><strong>Sensorial Sunsets<\/strong><\/p>\n","protected":false},"excerpt":{"rendered":"<p>Les amateurs de culture japonaise auront l&rsquo;occasion de profiter ce samedi 5 avril du Festival Hanami, un \u00e9v\u00e9nement qui apportera le meilleur de la culture et de la gastronomie japonaises au Parc National. L&rsquo;activit\u00e9 est organis\u00e9e en collaboration entre la Municipalit\u00e9 de San Jos\u00e9 et l&rsquo;Ambassade du Japon au Costa Ric. De plus, dans le [&hellip;]<\/p>\n","protected":false},"author":4,"featured_media":21229,"comment_status":"closed","ping_status":"closed","sticky":false,"template":"","format":"standard","meta":{"_acf_changed":false,"inline_featured_image":false,"_monsterinsights_skip_tracking":false,"_monsterinsights_sitenote_active":false,"_monsterinsights_sitenote_note":"","_monsterinsights_sitenote_category":0,"footnotes":""},"categories":[1],"tags":[],"class_list":["post-21243","post","type-post","status-publish","format-standard","has-post-thumbnail","hentry","category-non-classifiee"],"acf":[],"yoast_head":"<!-- This site is optimized with the Yoast SEO plugin v27.4 - https:\/\/yoast.com\/product\/yoast-seo-wordpress\/ -->\n<title>Festival Hanami au Costa Rica : rencontre avec la culture japonaise<\/title>\n<meta name=\"description\" content=\"Festival Hanami, culture et gastronomie japonaise dans le parc national, en collaboration avec la municipalit\u00e9 de San Jos\u00e9 et l&#039;ambassade du Japon.\" \/>\n<meta name=\"robots\" content=\"index, follow, max-snippet:-1, max-image-preview:large, max-video-preview:-1\" \/>\n<link rel=\"canonical\" href=\"https:\/\/www.sensorialsunsets.com\/fr\/festival-hanami-au-costa-rica-une-rencontre-avec-la-culture-japonaise\/\" \/>\n<meta property=\"og:locale\" content=\"fr_FR\" \/>\n<meta property=\"og:type\" content=\"article\" \/>\n<meta property=\"og:title\" content=\"Festival Hanami au Costa Rica : rencontre avec la culture japonaise\" \/>\n<meta property=\"og:description\" content=\"Festival Hanami, culture et gastronomie japonaise dans le parc national, en collaboration avec la municipalit\u00e9 de San Jos\u00e9 et l&#039;ambassade du Japon.\" \/>\n<meta property=\"og:url\" content=\"https:\/\/www.sensorialsunsets.com\/fr\/festival-hanami-au-costa-rica-une-rencontre-avec-la-culture-japonaise\/\" \/>\n<meta property=\"og:site_name\" content=\"SensorialSunsets\" \/>\n<meta property=\"article:publisher\" content=\"https:\/\/www.facebook.com\/Sensorial-Sunsets-109180614715562\" \/>\n<meta property=\"article:published_time\" content=\"2025-04-04T21:36:57+00:00\" \/>\n<meta property=\"og:image\" content=\"https:\/\/www.sensorialsunsets.com\/wp-content\/uploads\/2023\/07\/Sensorial.png\" \/>\n\t<meta property=\"og:image:width\" content=\"1200\" \/>\n\t<meta property=\"og:image:height\" content=\"675\" \/>\n\t<meta property=\"og:image:type\" content=\"image\/png\" \/>\n<meta name=\"author\" content=\"Sensorial Sunsets\" \/>\n<meta name=\"twitter:card\" content=\"summary_large_image\" \/>\n<meta name=\"twitter:label1\" content=\"\u00c9crit par\" \/>\n\t<meta name=\"twitter:data1\" content=\"Sensorial Sunsets\" \/>\n\t<meta name=\"twitter:label2\" content=\"Dur\u00e9e de lecture estim\u00e9e\" \/>\n\t<meta name=\"twitter:data2\" content=\"3 minutes\" \/>\n<script type=\"application\/ld+json\" class=\"yoast-schema-graph\">{\"@context\":\"https:\\\/\\\/schema.org\",\"@graph\":[{\"@type\":\"Article\",\"@id\":\"https:\\\/\\\/www.sensorialsunsets.com\\\/fr\\\/festival-hanami-au-costa-rica-une-rencontre-avec-la-culture-japonaise\\\/#article\",\"isPartOf\":{\"@id\":\"https:\\\/\\\/www.sensorialsunsets.com\\\/fr\\\/festival-hanami-au-costa-rica-une-rencontre-avec-la-culture-japonaise\\\/\"},\"author\":{\"name\":\"Sensorial Sunsets\",\"@id\":\"https:\\\/\\\/www.sensorialsunsets.com\\\/fr\\\/#\\\/schema\\\/person\\\/77e2fa594135aa94024c47e281d8a94d\"},\"headline\":\"Festival Hanami au Costa Rica : une rencontre avec la culture japonaise\",\"datePublished\":\"2025-04-04T21:36:57+00:00\",\"mainEntityOfPage\":{\"@id\":\"https:\\\/\\\/www.sensorialsunsets.com\\\/fr\\\/festival-hanami-au-costa-rica-une-rencontre-avec-la-culture-japonaise\\\/\"},\"wordCount\":572,\"publisher\":{\"@id\":\"https:\\\/\\\/www.sensorialsunsets.com\\\/fr\\\/#organization\"},\"image\":{\"@id\":\"https:\\\/\\\/www.sensorialsunsets.com\\\/fr\\\/festival-hanami-au-costa-rica-une-rencontre-avec-la-culture-japonaise\\\/#primaryimage\"},\"thumbnailUrl\":\"https:\\\/\\\/www.sensorialsunsets.com\\\/wp-content\\\/uploads\\\/2025\\\/04\\\/festivaal-costarica-japon.avif\",\"articleSection\":[\"Non classifi\u00e9(e)\"],\"inLanguage\":\"fr-FR\"},{\"@type\":\"WebPage\",\"@id\":\"https:\\\/\\\/www.sensorialsunsets.com\\\/fr\\\/festival-hanami-au-costa-rica-une-rencontre-avec-la-culture-japonaise\\\/\",\"url\":\"https:\\\/\\\/www.sensorialsunsets.com\\\/fr\\\/festival-hanami-au-costa-rica-une-rencontre-avec-la-culture-japonaise\\\/\",\"name\":\"Festival Hanami au Costa Rica : rencontre avec la culture japonaise\",\"isPartOf\":{\"@id\":\"https:\\\/\\\/www.sensorialsunsets.com\\\/fr\\\/#website\"},\"primaryImageOfPage\":{\"@id\":\"https:\\\/\\\/www.sensorialsunsets.com\\\/fr\\\/festival-hanami-au-costa-rica-une-rencontre-avec-la-culture-japonaise\\\/#primaryimage\"},\"image\":{\"@id\":\"https:\\\/\\\/www.sensorialsunsets.com\\\/fr\\\/festival-hanami-au-costa-rica-une-rencontre-avec-la-culture-japonaise\\\/#primaryimage\"},\"thumbnailUrl\":\"https:\\\/\\\/www.sensorialsunsets.com\\\/wp-content\\\/uploads\\\/2025\\\/04\\\/festivaal-costarica-japon.avif\",\"datePublished\":\"2025-04-04T21:36:57+00:00\",\"description\":\"Festival Hanami, culture et gastronomie japonaise dans le parc national, en collaboration avec la municipalit\u00e9 de San Jos\u00e9 et l'ambassade du Japon.\",\"inLanguage\":\"fr-FR\",\"potentialAction\":[{\"@type\":\"ReadAction\",\"target\":[\"https:\\\/\\\/www.sensorialsunsets.com\\\/fr\\\/festival-hanami-au-costa-rica-une-rencontre-avec-la-culture-japonaise\\\/\"]}]},{\"@type\":\"ImageObject\",\"inLanguage\":\"fr-FR\",\"@id\":\"https:\\\/\\\/www.sensorialsunsets.com\\\/fr\\\/festival-hanami-au-costa-rica-une-rencontre-avec-la-culture-japonaise\\\/#primaryimage\",\"url\":\"https:\\\/\\\/www.sensorialsunsets.com\\\/wp-content\\\/uploads\\\/2025\\\/04\\\/festivaal-costarica-japon.avif\",\"contentUrl\":\"https:\\\/\\\/www.sensorialsunsets.com\\\/wp-content\\\/uploads\\\/2025\\\/04\\\/festivaal-costarica-japon.avif\",\"width\":1440,\"height\":960},{\"@type\":\"WebSite\",\"@id\":\"https:\\\/\\\/www.sensorialsunsets.com\\\/fr\\\/#website\",\"url\":\"https:\\\/\\\/www.sensorialsunsets.com\\\/fr\\\/\",\"name\":\"SensorialSunsets.com\",\"description\":\"D\u00e9couvrez la culture et la soci\u00e9t\u00e9 du Costa Rica sur notre blog. Explorez des articles captivants et partagez le contenu.\",\"publisher\":{\"@id\":\"https:\\\/\\\/www.sensorialsunsets.com\\\/fr\\\/#organization\"},\"alternateName\":\"Costa Rica Live Blog\",\"potentialAction\":[{\"@type\":\"SearchAction\",\"target\":{\"@type\":\"EntryPoint\",\"urlTemplate\":\"https:\\\/\\\/www.sensorialsunsets.com\\\/fr\\\/?s={search_term_string}\"},\"query-input\":{\"@type\":\"PropertyValueSpecification\",\"valueRequired\":true,\"valueName\":\"search_term_string\"}}],\"inLanguage\":\"fr-FR\"},{\"@type\":\"Organization\",\"@id\":\"https:\\\/\\\/www.sensorialsunsets.com\\\/fr\\\/#organization\",\"name\":\"SensorialSunsets\",\"url\":\"https:\\\/\\\/www.sensorialsunsets.com\\\/fr\\\/\",\"logo\":{\"@type\":\"ImageObject\",\"inLanguage\":\"fr-FR\",\"@id\":\"https:\\\/\\\/www.sensorialsunsets.com\\\/fr\\\/#\\\/schema\\\/logo\\\/image\\\/\",\"url\":\"https:\\\/\\\/www.sensorialsunsets.com\\\/wp-content\\\/uploads\\\/2023\\\/04\\\/Logo_base_line_fond_clair.svg\",\"contentUrl\":\"https:\\\/\\\/www.sensorialsunsets.com\\\/wp-content\\\/uploads\\\/2023\\\/04\\\/Logo_base_line_fond_clair.svg\",\"width\":\"1024\",\"height\":\"1024\",\"caption\":\"SensorialSunsets\"},\"image\":{\"@id\":\"https:\\\/\\\/www.sensorialsunsets.com\\\/fr\\\/#\\\/schema\\\/logo\\\/image\\\/\"},\"sameAs\":[\"https:\\\/\\\/www.facebook.com\\\/Sensorial-Sunsets-109180614715562\",\"https:\\\/\\\/www.instagram.com\\\/sensorialsunsets\\\/\"]},{\"@type\":\"Person\",\"@id\":\"https:\\\/\\\/www.sensorialsunsets.com\\\/fr\\\/#\\\/schema\\\/person\\\/77e2fa594135aa94024c47e281d8a94d\",\"name\":\"Sensorial Sunsets\",\"image\":{\"@type\":\"ImageObject\",\"inLanguage\":\"fr-FR\",\"@id\":\"https:\\\/\\\/secure.gravatar.com\\\/avatar\\\/5f2d62681b1dad94c28f1500d4fc75582acdfd32b55fd1acce0a36a3c487eabe?s=96&d=mm&r=g\",\"url\":\"https:\\\/\\\/secure.gravatar.com\\\/avatar\\\/5f2d62681b1dad94c28f1500d4fc75582acdfd32b55fd1acce0a36a3c487eabe?s=96&d=mm&r=g\",\"contentUrl\":\"https:\\\/\\\/secure.gravatar.com\\\/avatar\\\/5f2d62681b1dad94c28f1500d4fc75582acdfd32b55fd1acce0a36a3c487eabe?s=96&d=mm&r=g\",\"caption\":\"Sensorial Sunsets\"},\"url\":\"https:\\\/\\\/www.sensorialsunsets.com\\\/fr\\\/author\\\/asistentes-sensorial-sunsets\\\/\"}]}<\/script>\n<!-- \/ Yoast SEO plugin. -->","yoast_head_json":{"title":"Festival Hanami au Costa Rica : rencontre avec la culture japonaise","description":"Festival Hanami, culture et gastronomie japonaise dans le parc national, en collaboration avec la municipalit\u00e9 de San Jos\u00e9 et l'ambassade du Japon.","robots":{"index":"index","follow":"follow","max-snippet":"max-snippet:-1","max-image-preview":"max-image-preview:large","max-video-preview":"max-video-preview:-1"},"canonical":"https:\/\/www.sensorialsunsets.com\/fr\/festival-hanami-au-costa-rica-une-rencontre-avec-la-culture-japonaise\/","og_locale":"fr_FR","og_type":"article","og_title":"Festival Hanami au Costa Rica : rencontre avec la culture japonaise","og_description":"Festival Hanami, culture et gastronomie japonaise dans le parc national, en collaboration avec la municipalit\u00e9 de San Jos\u00e9 et l'ambassade du Japon.","og_url":"https:\/\/www.sensorialsunsets.com\/fr\/festival-hanami-au-costa-rica-une-rencontre-avec-la-culture-japonaise\/","og_site_name":"SensorialSunsets","article_publisher":"https:\/\/www.facebook.com\/Sensorial-Sunsets-109180614715562","article_published_time":"2025-04-04T21:36:57+00:00","og_image":[{"width":1200,"height":675,"url":"https:\/\/www.sensorialsunsets.com\/wp-content\/uploads\/2023\/07\/Sensorial.png","type":"image\/png"}],"author":"Sensorial Sunsets","twitter_card":"summary_large_image","twitter_misc":{"\u00c9crit par":"Sensorial Sunsets","Dur\u00e9e de lecture estim\u00e9e":"3 minutes"},"schema":{"@context":"https:\/\/schema.org","@graph":[{"@type":"Article","@id":"https:\/\/www.sensorialsunsets.com\/fr\/festival-hanami-au-costa-rica-une-rencontre-avec-la-culture-japonaise\/#article","isPartOf":{"@id":"https:\/\/www.sensorialsunsets.com\/fr\/festival-hanami-au-costa-rica-une-rencontre-avec-la-culture-japonaise\/"},"author":{"name":"Sensorial Sunsets","@id":"https:\/\/www.sensorialsunsets.com\/fr\/#\/schema\/person\/77e2fa594135aa94024c47e281d8a94d"},"headline":"Festival Hanami au Costa Rica : une rencontre avec la culture japonaise","datePublished":"2025-04-04T21:36:57+00:00","mainEntityOfPage":{"@id":"https:\/\/www.sensorialsunsets.com\/fr\/festival-hanami-au-costa-rica-une-rencontre-avec-la-culture-japonaise\/"},"wordCount":572,"publisher":{"@id":"https:\/\/www.sensorialsunsets.com\/fr\/#organization"},"image":{"@id":"https:\/\/www.sensorialsunsets.com\/fr\/festival-hanami-au-costa-rica-une-rencontre-avec-la-culture-japonaise\/#primaryimage"},"thumbnailUrl":"https:\/\/www.sensorialsunsets.com\/wp-content\/uploads\/2025\/04\/festivaal-costarica-japon.avif","articleSection":["Non classifi\u00e9(e)"],"inLanguage":"fr-FR"},{"@type":"WebPage","@id":"https:\/\/www.sensorialsunsets.com\/fr\/festival-hanami-au-costa-rica-une-rencontre-avec-la-culture-japonaise\/","url":"https:\/\/www.sensorialsunsets.com\/fr\/festival-hanami-au-costa-rica-une-rencontre-avec-la-culture-japonaise\/","name":"Festival Hanami au Costa Rica : rencontre avec la culture japonaise","isPartOf":{"@id":"https:\/\/www.sensorialsunsets.com\/fr\/#website"},"primaryImageOfPage":{"@id":"https:\/\/www.sensorialsunsets.com\/fr\/festival-hanami-au-costa-rica-une-rencontre-avec-la-culture-japonaise\/#primaryimage"},"image":{"@id":"https:\/\/www.sensorialsunsets.com\/fr\/festival-hanami-au-costa-rica-une-rencontre-avec-la-culture-japonaise\/#primaryimage"},"thumbnailUrl":"https:\/\/www.sensorialsunsets.com\/wp-content\/uploads\/2025\/04\/festivaal-costarica-japon.avif","datePublished":"2025-04-04T21:36:57+00:00","description":"Festival Hanami, culture et gastronomie japonaise dans le parc national, en collaboration avec la municipalit\u00e9 de San Jos\u00e9 et l'ambassade du Japon.","inLanguage":"fr-FR","potentialAction":[{"@type":"ReadAction","target":["https:\/\/www.sensorialsunsets.com\/fr\/festival-hanami-au-costa-rica-une-rencontre-avec-la-culture-japonaise\/"]}]},{"@type":"ImageObject","inLanguage":"fr-FR","@id":"https:\/\/www.sensorialsunsets.com\/fr\/festival-hanami-au-costa-rica-une-rencontre-avec-la-culture-japonaise\/#primaryimage","url":"https:\/\/www.sensorialsunsets.com\/wp-content\/uploads\/2025\/04\/festivaal-costarica-japon.avif","contentUrl":"https:\/\/www.sensorialsunsets.com\/wp-content\/uploads\/2025\/04\/festivaal-costarica-japon.avif","width":1440,"height":960},{"@type":"WebSite","@id":"https:\/\/www.sensorialsunsets.com\/fr\/#website","url":"https:\/\/www.sensorialsunsets.com\/fr\/","name":"SensorialSunsets.com","description":"D\u00e9couvrez la culture et la soci\u00e9t\u00e9 du Costa Rica sur notre blog. Explorez des articles captivants et partagez le contenu.","publisher":{"@id":"https:\/\/www.sensorialsunsets.com\/fr\/#organization"},"alternateName":"Costa Rica Live Blog","potentialAction":[{"@type":"SearchAction","target":{"@type":"EntryPoint","urlTemplate":"https:\/\/www.sensorialsunsets.com\/fr\/?s={search_term_string}"},"query-input":{"@type":"PropertyValueSpecification","valueRequired":true,"valueName":"search_term_string"}}],"inLanguage":"fr-FR"},{"@type":"Organization","@id":"https:\/\/www.sensorialsunsets.com\/fr\/#organization","name":"SensorialSunsets","url":"https:\/\/www.sensorialsunsets.com\/fr\/","logo":{"@type":"ImageObject","inLanguage":"fr-FR","@id":"https:\/\/www.sensorialsunsets.com\/fr\/#\/schema\/logo\/image\/","url":"https:\/\/www.sensorialsunsets.com\/wp-content\/uploads\/2023\/04\/Logo_base_line_fond_clair.svg","contentUrl":"https:\/\/www.sensorialsunsets.com\/wp-content\/uploads\/2023\/04\/Logo_base_line_fond_clair.svg","width":"1024","height":"1024","caption":"SensorialSunsets"},"image":{"@id":"https:\/\/www.sensorialsunsets.com\/fr\/#\/schema\/logo\/image\/"},"sameAs":["https:\/\/www.facebook.com\/Sensorial-Sunsets-109180614715562","https:\/\/www.instagram.com\/sensorialsunsets\/"]},{"@type":"Person","@id":"https:\/\/www.sensorialsunsets.com\/fr\/#\/schema\/person\/77e2fa594135aa94024c47e281d8a94d","name":"Sensorial Sunsets","image":{"@type":"ImageObject","inLanguage":"fr-FR","@id":"https:\/\/secure.gravatar.com\/avatar\/5f2d62681b1dad94c28f1500d4fc75582acdfd32b55fd1acce0a36a3c487eabe?s=96&d=mm&r=g","url":"https:\/\/secure.gravatar.com\/avatar\/5f2d62681b1dad94c28f1500d4fc75582acdfd32b55fd1acce0a36a3c487eabe?s=96&d=mm&r=g","contentUrl":"https:\/\/secure.gravatar.com\/avatar\/5f2d62681b1dad94c28f1500d4fc75582acdfd32b55fd1acce0a36a3c487eabe?s=96&d=mm&r=g","caption":"Sensorial Sunsets"},"url":"https:\/\/www.sensorialsunsets.com\/fr\/author\/asistentes-sensorial-sunsets\/"}]}},"_links":{"self":[{"href":"https:\/\/www.sensorialsunsets.com\/fr\/wp-json\/wp\/v2\/posts\/21243","targetHints":{"allow":["GET"]}}],"collection":[{"href":"https:\/\/www.sensorialsunsets.com\/fr\/wp-json\/wp\/v2\/posts"}],"about":[{"href":"https:\/\/www.sensorialsunsets.com\/fr\/wp-json\/wp\/v2\/types\/post"}],"author":[{"embeddable":true,"href":"https:\/\/www.sensorialsunsets.com\/fr\/wp-json\/wp\/v2\/users\/4"}],"replies":[{"embeddable":true,"href":"https:\/\/www.sensorialsunsets.com\/fr\/wp-json\/wp\/v2\/comments?post=21243"}],"version-history":[{"count":2,"href":"https:\/\/www.sensorialsunsets.com\/fr\/wp-json\/wp\/v2\/posts\/21243\/revisions"}],"predecessor-version":[{"id":21245,"href":"https:\/\/www.sensorialsunsets.com\/fr\/wp-json\/wp\/v2\/posts\/21243\/revisions\/21245"}],"wp:featuredmedia":[{"embeddable":true,"href":"https:\/\/www.sensorialsunsets.com\/fr\/wp-json\/wp\/v2\/media\/21229"}],"wp:attachment":[{"href":"https:\/\/www.sensorialsunsets.com\/fr\/wp-json\/wp\/v2\/media?parent=21243"}],"wp:term":[{"taxonomy":"category","embeddable":true,"href":"https:\/\/www.sensorialsunsets.com\/fr\/wp-json\/wp\/v2\/categories?post=21243"},{"taxonomy":"post_tag","embeddable":true,"href":"https:\/\/www.sensorialsunsets.com\/fr\/wp-json\/wp\/v2\/tags?post=21243"}],"curies":[{"name":"wp","href":"https:\/\/api.w.org\/{rel}","templated":true}]}}