{"id":21535,"date":"2025-05-02T15:29:40","date_gmt":"2025-05-02T21:29:40","guid":{"rendered":"https:\/\/www.sensorialsunsets.com\/?p=21535"},"modified":"2025-05-02T15:29:40","modified_gmt":"2025-05-02T21:29:40","slug":"ariela-feinzaig-lether-avant-le-temps","status":"publish","type":"post","link":"https:\/\/www.sensorialsunsets.com\/fr\/ariela-feinzaig-lether-avant-le-temps\/","title":{"rendered":"Ariela Feinzaig : L&rsquo;\u00e9ther avant le temps"},"content":{"rendered":"\n<p>Ariela Feinzaig explore la migration comme un processus cyclique de transformation, travers\u00e9 par le f\u00e9minin, l&rsquo;ancestral et le sensoriel.<\/p>\n\n\n\n<h5 class=\"wp-block-heading\"><a href=\" https:\/\/www.gamcultural.com\/cr\/p\/galeriatalentum \">Galerie Talentum<\/a> Rue 11, Avenue 9-11, Quartier Otoya &#8211; San Jos\u00e9.<\/h5>\n\n\n\n<p class=\"has-small-font-size\">Du 2 avril au 31 mai 2025<\/p>\n\n\n\n<p>L&rsquo;artiste Ariela Feinzaig pr\u00e9sente \u00ab L&rsquo;\u00e9ther avant le temps \u00bb, un projet qui aborde l&rsquo;identit\u00e9 migrante comme un processus de transformation constante. Alors, cette exposition offre un point de vue profond\u00e9ment f\u00e9minin, influenc\u00e9 par ses racines m\u00e9soam\u00e9ricaines et juives. Cette proposition examine non seulement la migration comme un d\u00e9placement g\u00e9ographique, mais aussi comme une exp\u00e9rience vitale qui entrem\u00eale le physique, le spirituel et le symbolique.<\/p>\n\n\n\n<h3 class=\"wp-block-heading\">La f\u00e9minit\u00e9 comme cycle transformateur<\/h3>\n\n\n\n<p>Loin de concevoir la migration comme un point de d\u00e9part et une destination d\u00e9finis, une vision cyclique inspir\u00e9e de la conscience f\u00e9minine. Dans son \u0153uvre, la f\u00e9minit\u00e9 se manifeste comme une force qui reconna\u00eet les rythmes internes et la nature changeante de l&rsquo;existence. Cette vision transforme l&rsquo;acte de migrer en un processus continu d&rsquo;exploration de soi, dans lequel le sentiment d&rsquo;appartenance et l&rsquo;identit\u00e9 personnelle sont constamment reconfigur\u00e9s.<\/p>\n\n\n\n<div style=\"height:100px\" aria-hidden=\"true\" class=\"wp-block-spacer\"><\/div>\n\n\n\n<figure class=\"wp-block-gallery has-nested-images columns-default is-cropped wp-block-gallery-1 is-layout-flex wp-block-gallery-is-layout-flex\">\n<figure class=\"wp-block-image size-large\"><img loading=\"lazy\" decoding=\"async\" width=\"300\" height=\"502\" data-id=\"21520\" src=\"https:\/\/www.sensorialsunsets.com\/wp-content\/uploads\/2025\/05\/El-Eter-Antes-del-Tiempo.-Ariela-Feinzaig3.jpg\" alt=\"Ariela Feinzaig : L'\u00e9ther avant le temps\" class=\"wp-image-21520\" srcset=\"https:\/\/www.sensorialsunsets.com\/wp-content\/uploads\/2025\/05\/El-Eter-Antes-del-Tiempo.-Ariela-Feinzaig3.jpg 300w, https:\/\/www.sensorialsunsets.com\/wp-content\/uploads\/2025\/05\/El-Eter-Antes-del-Tiempo.-Ariela-Feinzaig3-179x300.jpg 179w\" sizes=\"auto, (max-width: 300px) 100vw, 300px\" \/><\/figure>\n\n\n\n<figure class=\"wp-block-image size-large\"><img loading=\"lazy\" decoding=\"async\" width=\"900\" height=\"611\" data-id=\"21514\" src=\"https:\/\/www.sensorialsunsets.com\/wp-content\/uploads\/2025\/05\/El-Eter-Antes-del-Tiempo.-Ariela-Feinzaig.jpg\" alt=\"\" class=\"wp-image-21514\" srcset=\"https:\/\/www.sensorialsunsets.com\/wp-content\/uploads\/2025\/05\/El-Eter-Antes-del-Tiempo.-Ariela-Feinzaig.jpg 900w, https:\/\/www.sensorialsunsets.com\/wp-content\/uploads\/2025\/05\/El-Eter-Antes-del-Tiempo.-Ariela-Feinzaig-300x204.jpg 300w, https:\/\/www.sensorialsunsets.com\/wp-content\/uploads\/2025\/05\/El-Eter-Antes-del-Tiempo.-Ariela-Feinzaig-768x521.jpg 768w\" sizes=\"auto, (max-width: 900px) 100vw, 900px\" \/><\/figure>\n\n\n\n<figure class=\"wp-block-image size-full\"><img loading=\"lazy\" decoding=\"async\" width=\"536\" height=\"349\" data-id=\"21517\" src=\"https:\/\/www.sensorialsunsets.com\/wp-content\/uploads\/2025\/05\/El-Eter-Antes-del-Tiempo.-Ariela-Feinzaig1.jpg\" alt=\"Ariela Feinzaig : L'\u00e9ther avant le temps\" class=\"wp-image-21517\" srcset=\"https:\/\/www.sensorialsunsets.com\/wp-content\/uploads\/2025\/05\/El-Eter-Antes-del-Tiempo.-Ariela-Feinzaig1.jpg 536w, https:\/\/www.sensorialsunsets.com\/wp-content\/uploads\/2025\/05\/El-Eter-Antes-del-Tiempo.-Ariela-Feinzaig1-300x195.jpg 300w\" sizes=\"auto, (max-width: 536px) 100vw, 536px\" \/><\/figure>\n<\/figure>\n\n\n\n<div style=\"height:100px\" aria-hidden=\"true\" class=\"wp-block-spacer\"><\/div>\n\n\n\n<p>\u00ab L&rsquo;\u00e9ther avant le temps \u00bb devient ainsi une r\u00e9flexion sur les d\u00e9placements non seulement physiques, mais aussi g\u00e9n\u00e9rationnels et spirituels. <a href=\" https:\/\/arielafeinzaig.cargo.site\/banalidad-del-mal \"> Feinzaig<\/a> sugg\u00e8re que trouver sa place dans le monde, qu&rsquo;il soit r\u00e9el ou imaginaire, implique une qu\u00eate profonde de connaissance de soi et d&rsquo;\u00e9panouissement personnel. Ce \u00ab lieu \u00bb n&rsquo;existe peut-\u00eatre pas dans le pr\u00e9sent ni dans le monde mat\u00e9riel, mais dans le d\u00e9sir intime d&rsquo;appartenir, de se reconna\u00eetre au milieu du mouvement.<\/p>\n\n\n\n<p>L&rsquo;exposition se d\u00e9roule comme un parcours circulaire, o\u00f9 le temps et l&rsquo;espace se replient pour donner lieu \u00e0 des exp\u00e9riences sensorielles. L&rsquo;\u0153uvre int\u00e8gre des mat\u00e9riaux et des sons issus des cultures qui composent l&rsquo;identit\u00e9 de l&rsquo;artiste : l&rsquo;argile se transforme en sculptures et en plaques, tandis que des instruments tels que le shofar, l&rsquo;oud et le marimba \u00e9voquent des paysages sonores ancestraux qui dialoguent avec l&rsquo;environnement expositif.<\/p>\n\n\n\n<div style=\"height:100px\" aria-hidden=\"true\" class=\"wp-block-spacer\"><\/div>\n\n\n\n<figure class=\"wp-block-gallery has-nested-images columns-default is-cropped wp-block-gallery-2 is-layout-flex wp-block-gallery-is-layout-flex\">\n<figure class=\"wp-block-image size-large\"><img loading=\"lazy\" decoding=\"async\" width=\"499\" height=\"351\" data-id=\"21523\" src=\"https:\/\/www.sensorialsunsets.com\/wp-content\/uploads\/2025\/05\/El-Eter-Antes-del-Tiempo.-Ariela-Feinzaig5.jpg\" alt=\"Ariela Feinzaig : L'\u00e9ther avant le temps\" class=\"wp-image-21523\" srcset=\"https:\/\/www.sensorialsunsets.com\/wp-content\/uploads\/2025\/05\/El-Eter-Antes-del-Tiempo.-Ariela-Feinzaig5.jpg 499w, https:\/\/www.sensorialsunsets.com\/wp-content\/uploads\/2025\/05\/El-Eter-Antes-del-Tiempo.-Ariela-Feinzaig5-300x211.jpg 300w\" sizes=\"auto, (max-width: 499px) 100vw, 499px\" \/><\/figure>\n\n\n\n<figure class=\"wp-block-image size-large\"><img loading=\"lazy\" decoding=\"async\" width=\"466\" height=\"350\" data-id=\"21511\" src=\"https:\/\/www.sensorialsunsets.com\/wp-content\/uploads\/2025\/05\/El-Eter-Antes-del-Tiempo.-Ariela-Feinzaig4.jpg\" alt=\"\" class=\"wp-image-21511\" srcset=\"https:\/\/www.sensorialsunsets.com\/wp-content\/uploads\/2025\/05\/El-Eter-Antes-del-Tiempo.-Ariela-Feinzaig4.jpg 466w, https:\/\/www.sensorialsunsets.com\/wp-content\/uploads\/2025\/05\/El-Eter-Antes-del-Tiempo.-Ariela-Feinzaig4-300x225.jpg 300w\" sizes=\"auto, (max-width: 466px) 100vw, 466px\" \/><\/figure>\n\n\n\n<figure class=\"wp-block-image size-full\"><img loading=\"lazy\" decoding=\"async\" width=\"450\" height=\"360\" data-id=\"21526\" src=\"https:\/\/www.sensorialsunsets.com\/wp-content\/uploads\/2025\/05\/El-Eter-Antes-del-Tiempo.-Ariela-Feinzaig6.jpg\" alt=\"Ariela Feinzaig : L'\u00e9ther avant le temps\" class=\"wp-image-21526\" srcset=\"https:\/\/www.sensorialsunsets.com\/wp-content\/uploads\/2025\/05\/El-Eter-Antes-del-Tiempo.-Ariela-Feinzaig6.jpg 450w, https:\/\/www.sensorialsunsets.com\/wp-content\/uploads\/2025\/05\/El-Eter-Antes-del-Tiempo.-Ariela-Feinzaig6-300x240.jpg 300w\" sizes=\"auto, (max-width: 450px) 100vw, 450px\" \/><\/figure>\n<\/figure>\n\n\n\n<div style=\"height:100px\" aria-hidden=\"true\" class=\"wp-block-spacer\"><\/div>\n\n\n\n<p>\u00c0 travers cette proposition multisensorielle, Feinzaig invite le public dans un voyage collectif qui questionne les limites de l&rsquo;appartenance, de la m\u00e9moire et du foyer. \u00ab L&rsquo;\u00e9ther avant le temps \u00bb n&rsquo;est pas seulement une exposition : c&rsquo;est une exp\u00e9rience qui r\u00e9sonne avec l&rsquo;histoire de ceux qui ont migr\u00e9, mais aussi avec ceux qui cherchent, en eux-m\u00eames, un endroit o\u00f9 vivre.<\/p>\n\n\n\n<p><strong>Sensorial Sunsets<\/strong><\/p>\n","protected":false},"excerpt":{"rendered":"<p>Ariela Feinzaig explore la migration comme un processus cyclique de transformation, travers\u00e9 par le f\u00e9minin, l&rsquo;ancestral et le sensoriel. Galerie Talentum Rue 11, Avenue 9-11, Quartier Otoya &#8211; San Jos\u00e9. Du 2 avril au 31 mai 2025 L&rsquo;artiste Ariela Feinzaig pr\u00e9sente \u00ab L&rsquo;\u00e9ther avant le temps \u00bb, un projet qui aborde l&rsquo;identit\u00e9 migrante comme un [&hellip;]<\/p>\n","protected":false},"author":4,"featured_media":21516,"comment_status":"closed","ping_status":"closed","sticky":false,"template":"","format":"standard","meta":{"_acf_changed":false,"inline_featured_image":false,"_monsterinsights_skip_tracking":false,"_monsterinsights_sitenote_active":false,"_monsterinsights_sitenote_note":"","_monsterinsights_sitenote_category":0,"footnotes":""},"categories":[1],"tags":[],"class_list":["post-21535","post","type-post","status-publish","format-standard","has-post-thumbnail","hentry","category-non-classifiee"],"acf":[],"yoast_head":"<!-- This site is optimized with the Yoast SEO plugin v27.4 - https:\/\/yoast.com\/product\/yoast-seo-wordpress\/ -->\n<title>Ariela Feinzaig : L&#039;\u00e9ther avant le temps - SensorialSunsets<\/title>\n<meta name=\"description\" content=\"Ariela Feinzaig pr\u00e9sente \u00ab L&#039;\u00e9ther avant le temps \u00bb, une exposition qui explore la migration d&#039;un point de vue f\u00e9minin et cyclique.\" \/>\n<meta name=\"robots\" content=\"index, follow, max-snippet:-1, max-image-preview:large, max-video-preview:-1\" \/>\n<link rel=\"canonical\" href=\"https:\/\/www.sensorialsunsets.com\/fr\/ariela-feinzaig-lether-avant-le-temps\/\" \/>\n<meta property=\"og:locale\" content=\"fr_FR\" \/>\n<meta property=\"og:type\" content=\"article\" \/>\n<meta property=\"og:title\" content=\"Ariela Feinzaig : L&#039;\u00e9ther avant le temps - SensorialSunsets\" \/>\n<meta property=\"og:description\" content=\"Ariela Feinzaig pr\u00e9sente \u00ab L&#039;\u00e9ther avant le temps \u00bb, une exposition qui explore la migration d&#039;un point de vue f\u00e9minin et cyclique.\" \/>\n<meta property=\"og:url\" content=\"https:\/\/www.sensorialsunsets.com\/fr\/ariela-feinzaig-lether-avant-le-temps\/\" \/>\n<meta property=\"og:site_name\" content=\"SensorialSunsets\" \/>\n<meta property=\"article:publisher\" content=\"https:\/\/www.facebook.com\/Sensorial-Sunsets-109180614715562\" \/>\n<meta property=\"article:published_time\" content=\"2025-05-02T21:29:40+00:00\" \/>\n<meta property=\"og:image\" content=\"https:\/\/www.sensorialsunsets.com\/wp-content\/uploads\/2025\/05\/El-Eter-Antes-del-Tiempo.-Ariela-Feinzaig.jpg\" \/>\n\t<meta property=\"og:image:width\" content=\"900\" \/>\n\t<meta property=\"og:image:height\" content=\"611\" \/>\n\t<meta property=\"og:image:type\" content=\"image\/jpeg\" \/>\n<meta name=\"author\" content=\"Sensorial Sunsets\" \/>\n<meta name=\"twitter:card\" content=\"summary_large_image\" \/>\n<meta name=\"twitter:label1\" content=\"\u00c9crit par\" \/>\n\t<meta name=\"twitter:data1\" content=\"Sensorial Sunsets\" \/>\n\t<meta name=\"twitter:label2\" content=\"Dur\u00e9e de lecture estim\u00e9e\" \/>\n\t<meta name=\"twitter:data2\" content=\"2 minutes\" \/>\n<script type=\"application\/ld+json\" class=\"yoast-schema-graph\">{\"@context\":\"https:\\\/\\\/schema.org\",\"@graph\":[{\"@type\":\"Article\",\"@id\":\"https:\\\/\\\/www.sensorialsunsets.com\\\/fr\\\/ariela-feinzaig-lether-avant-le-temps\\\/#article\",\"isPartOf\":{\"@id\":\"https:\\\/\\\/www.sensorialsunsets.com\\\/fr\\\/ariela-feinzaig-lether-avant-le-temps\\\/\"},\"author\":{\"name\":\"Sensorial Sunsets\",\"@id\":\"https:\\\/\\\/www.sensorialsunsets.com\\\/fr\\\/#\\\/schema\\\/person\\\/77e2fa594135aa94024c47e281d8a94d\"},\"headline\":\"Ariela Feinzaig : L&rsquo;\u00e9ther avant le temps\",\"datePublished\":\"2025-05-02T21:29:40+00:00\",\"mainEntityOfPage\":{\"@id\":\"https:\\\/\\\/www.sensorialsunsets.com\\\/fr\\\/ariela-feinzaig-lether-avant-le-temps\\\/\"},\"wordCount\":434,\"publisher\":{\"@id\":\"https:\\\/\\\/www.sensorialsunsets.com\\\/fr\\\/#organization\"},\"image\":{\"@id\":\"https:\\\/\\\/www.sensorialsunsets.com\\\/fr\\\/ariela-feinzaig-lether-avant-le-temps\\\/#primaryimage\"},\"thumbnailUrl\":\"https:\\\/\\\/www.sensorialsunsets.com\\\/wp-content\\\/uploads\\\/2025\\\/05\\\/El-Eter-Antes-del-Tiempo.-Ariela-Feinzaig.jpg\",\"articleSection\":[\"Non classifi\u00e9(e)\"],\"inLanguage\":\"fr-FR\"},{\"@type\":\"WebPage\",\"@id\":\"https:\\\/\\\/www.sensorialsunsets.com\\\/fr\\\/ariela-feinzaig-lether-avant-le-temps\\\/\",\"url\":\"https:\\\/\\\/www.sensorialsunsets.com\\\/fr\\\/ariela-feinzaig-lether-avant-le-temps\\\/\",\"name\":\"Ariela Feinzaig : L'\u00e9ther avant le temps - SensorialSunsets\",\"isPartOf\":{\"@id\":\"https:\\\/\\\/www.sensorialsunsets.com\\\/fr\\\/#website\"},\"primaryImageOfPage\":{\"@id\":\"https:\\\/\\\/www.sensorialsunsets.com\\\/fr\\\/ariela-feinzaig-lether-avant-le-temps\\\/#primaryimage\"},\"image\":{\"@id\":\"https:\\\/\\\/www.sensorialsunsets.com\\\/fr\\\/ariela-feinzaig-lether-avant-le-temps\\\/#primaryimage\"},\"thumbnailUrl\":\"https:\\\/\\\/www.sensorialsunsets.com\\\/wp-content\\\/uploads\\\/2025\\\/05\\\/El-Eter-Antes-del-Tiempo.-Ariela-Feinzaig.jpg\",\"datePublished\":\"2025-05-02T21:29:40+00:00\",\"description\":\"Ariela Feinzaig pr\u00e9sente \u00ab L'\u00e9ther avant le temps \u00bb, une exposition qui explore la migration d'un point de vue f\u00e9minin et cyclique.\",\"inLanguage\":\"fr-FR\",\"potentialAction\":[{\"@type\":\"ReadAction\",\"target\":[\"https:\\\/\\\/www.sensorialsunsets.com\\\/fr\\\/ariela-feinzaig-lether-avant-le-temps\\\/\"]}]},{\"@type\":\"ImageObject\",\"inLanguage\":\"fr-FR\",\"@id\":\"https:\\\/\\\/www.sensorialsunsets.com\\\/fr\\\/ariela-feinzaig-lether-avant-le-temps\\\/#primaryimage\",\"url\":\"https:\\\/\\\/www.sensorialsunsets.com\\\/wp-content\\\/uploads\\\/2025\\\/05\\\/El-Eter-Antes-del-Tiempo.-Ariela-Feinzaig.jpg\",\"contentUrl\":\"https:\\\/\\\/www.sensorialsunsets.com\\\/wp-content\\\/uploads\\\/2025\\\/05\\\/El-Eter-Antes-del-Tiempo.-Ariela-Feinzaig.jpg\",\"width\":900,\"height\":611},{\"@type\":\"WebSite\",\"@id\":\"https:\\\/\\\/www.sensorialsunsets.com\\\/fr\\\/#website\",\"url\":\"https:\\\/\\\/www.sensorialsunsets.com\\\/fr\\\/\",\"name\":\"SensorialSunsets.com\",\"description\":\"D\u00e9couvrez la culture et la soci\u00e9t\u00e9 du Costa Rica sur notre blog. Explorez des articles captivants et partagez le contenu.\",\"publisher\":{\"@id\":\"https:\\\/\\\/www.sensorialsunsets.com\\\/fr\\\/#organization\"},\"alternateName\":\"Costa Rica Live Blog\",\"potentialAction\":[{\"@type\":\"SearchAction\",\"target\":{\"@type\":\"EntryPoint\",\"urlTemplate\":\"https:\\\/\\\/www.sensorialsunsets.com\\\/fr\\\/?s={search_term_string}\"},\"query-input\":{\"@type\":\"PropertyValueSpecification\",\"valueRequired\":true,\"valueName\":\"search_term_string\"}}],\"inLanguage\":\"fr-FR\"},{\"@type\":\"Organization\",\"@id\":\"https:\\\/\\\/www.sensorialsunsets.com\\\/fr\\\/#organization\",\"name\":\"SensorialSunsets\",\"url\":\"https:\\\/\\\/www.sensorialsunsets.com\\\/fr\\\/\",\"logo\":{\"@type\":\"ImageObject\",\"inLanguage\":\"fr-FR\",\"@id\":\"https:\\\/\\\/www.sensorialsunsets.com\\\/fr\\\/#\\\/schema\\\/logo\\\/image\\\/\",\"url\":\"https:\\\/\\\/www.sensorialsunsets.com\\\/wp-content\\\/uploads\\\/2023\\\/04\\\/Logo_base_line_fond_clair.svg\",\"contentUrl\":\"https:\\\/\\\/www.sensorialsunsets.com\\\/wp-content\\\/uploads\\\/2023\\\/04\\\/Logo_base_line_fond_clair.svg\",\"width\":\"1024\",\"height\":\"1024\",\"caption\":\"SensorialSunsets\"},\"image\":{\"@id\":\"https:\\\/\\\/www.sensorialsunsets.com\\\/fr\\\/#\\\/schema\\\/logo\\\/image\\\/\"},\"sameAs\":[\"https:\\\/\\\/www.facebook.com\\\/Sensorial-Sunsets-109180614715562\",\"https:\\\/\\\/www.instagram.com\\\/sensorialsunsets\\\/\"]},{\"@type\":\"Person\",\"@id\":\"https:\\\/\\\/www.sensorialsunsets.com\\\/fr\\\/#\\\/schema\\\/person\\\/77e2fa594135aa94024c47e281d8a94d\",\"name\":\"Sensorial Sunsets\",\"image\":{\"@type\":\"ImageObject\",\"inLanguage\":\"fr-FR\",\"@id\":\"https:\\\/\\\/secure.gravatar.com\\\/avatar\\\/5f2d62681b1dad94c28f1500d4fc75582acdfd32b55fd1acce0a36a3c487eabe?s=96&d=mm&r=g\",\"url\":\"https:\\\/\\\/secure.gravatar.com\\\/avatar\\\/5f2d62681b1dad94c28f1500d4fc75582acdfd32b55fd1acce0a36a3c487eabe?s=96&d=mm&r=g\",\"contentUrl\":\"https:\\\/\\\/secure.gravatar.com\\\/avatar\\\/5f2d62681b1dad94c28f1500d4fc75582acdfd32b55fd1acce0a36a3c487eabe?s=96&d=mm&r=g\",\"caption\":\"Sensorial Sunsets\"},\"url\":\"https:\\\/\\\/www.sensorialsunsets.com\\\/fr\\\/author\\\/asistentes-sensorial-sunsets\\\/\"}]}<\/script>\n<!-- \/ Yoast SEO plugin. -->","yoast_head_json":{"title":"Ariela Feinzaig : L'\u00e9ther avant le temps - SensorialSunsets","description":"Ariela Feinzaig pr\u00e9sente \u00ab L'\u00e9ther avant le temps \u00bb, une exposition qui explore la migration d'un point de vue f\u00e9minin et cyclique.","robots":{"index":"index","follow":"follow","max-snippet":"max-snippet:-1","max-image-preview":"max-image-preview:large","max-video-preview":"max-video-preview:-1"},"canonical":"https:\/\/www.sensorialsunsets.com\/fr\/ariela-feinzaig-lether-avant-le-temps\/","og_locale":"fr_FR","og_type":"article","og_title":"Ariela Feinzaig : L'\u00e9ther avant le temps - SensorialSunsets","og_description":"Ariela Feinzaig pr\u00e9sente \u00ab L'\u00e9ther avant le temps \u00bb, une exposition qui explore la migration d'un point de vue f\u00e9minin et cyclique.","og_url":"https:\/\/www.sensorialsunsets.com\/fr\/ariela-feinzaig-lether-avant-le-temps\/","og_site_name":"SensorialSunsets","article_publisher":"https:\/\/www.facebook.com\/Sensorial-Sunsets-109180614715562","article_published_time":"2025-05-02T21:29:40+00:00","og_image":[{"width":900,"height":611,"url":"https:\/\/www.sensorialsunsets.com\/wp-content\/uploads\/2025\/05\/El-Eter-Antes-del-Tiempo.-Ariela-Feinzaig.jpg","type":"image\/jpeg"}],"author":"Sensorial Sunsets","twitter_card":"summary_large_image","twitter_misc":{"\u00c9crit par":"Sensorial Sunsets","Dur\u00e9e de lecture estim\u00e9e":"2 minutes"},"schema":{"@context":"https:\/\/schema.org","@graph":[{"@type":"Article","@id":"https:\/\/www.sensorialsunsets.com\/fr\/ariela-feinzaig-lether-avant-le-temps\/#article","isPartOf":{"@id":"https:\/\/www.sensorialsunsets.com\/fr\/ariela-feinzaig-lether-avant-le-temps\/"},"author":{"name":"Sensorial Sunsets","@id":"https:\/\/www.sensorialsunsets.com\/fr\/#\/schema\/person\/77e2fa594135aa94024c47e281d8a94d"},"headline":"Ariela Feinzaig : L&rsquo;\u00e9ther avant le temps","datePublished":"2025-05-02T21:29:40+00:00","mainEntityOfPage":{"@id":"https:\/\/www.sensorialsunsets.com\/fr\/ariela-feinzaig-lether-avant-le-temps\/"},"wordCount":434,"publisher":{"@id":"https:\/\/www.sensorialsunsets.com\/fr\/#organization"},"image":{"@id":"https:\/\/www.sensorialsunsets.com\/fr\/ariela-feinzaig-lether-avant-le-temps\/#primaryimage"},"thumbnailUrl":"https:\/\/www.sensorialsunsets.com\/wp-content\/uploads\/2025\/05\/El-Eter-Antes-del-Tiempo.-Ariela-Feinzaig.jpg","articleSection":["Non classifi\u00e9(e)"],"inLanguage":"fr-FR"},{"@type":"WebPage","@id":"https:\/\/www.sensorialsunsets.com\/fr\/ariela-feinzaig-lether-avant-le-temps\/","url":"https:\/\/www.sensorialsunsets.com\/fr\/ariela-feinzaig-lether-avant-le-temps\/","name":"Ariela Feinzaig : L'\u00e9ther avant le temps - SensorialSunsets","isPartOf":{"@id":"https:\/\/www.sensorialsunsets.com\/fr\/#website"},"primaryImageOfPage":{"@id":"https:\/\/www.sensorialsunsets.com\/fr\/ariela-feinzaig-lether-avant-le-temps\/#primaryimage"},"image":{"@id":"https:\/\/www.sensorialsunsets.com\/fr\/ariela-feinzaig-lether-avant-le-temps\/#primaryimage"},"thumbnailUrl":"https:\/\/www.sensorialsunsets.com\/wp-content\/uploads\/2025\/05\/El-Eter-Antes-del-Tiempo.-Ariela-Feinzaig.jpg","datePublished":"2025-05-02T21:29:40+00:00","description":"Ariela Feinzaig pr\u00e9sente \u00ab L'\u00e9ther avant le temps \u00bb, une exposition qui explore la migration d'un point de vue f\u00e9minin et cyclique.","inLanguage":"fr-FR","potentialAction":[{"@type":"ReadAction","target":["https:\/\/www.sensorialsunsets.com\/fr\/ariela-feinzaig-lether-avant-le-temps\/"]}]},{"@type":"ImageObject","inLanguage":"fr-FR","@id":"https:\/\/www.sensorialsunsets.com\/fr\/ariela-feinzaig-lether-avant-le-temps\/#primaryimage","url":"https:\/\/www.sensorialsunsets.com\/wp-content\/uploads\/2025\/05\/El-Eter-Antes-del-Tiempo.-Ariela-Feinzaig.jpg","contentUrl":"https:\/\/www.sensorialsunsets.com\/wp-content\/uploads\/2025\/05\/El-Eter-Antes-del-Tiempo.-Ariela-Feinzaig.jpg","width":900,"height":611},{"@type":"WebSite","@id":"https:\/\/www.sensorialsunsets.com\/fr\/#website","url":"https:\/\/www.sensorialsunsets.com\/fr\/","name":"SensorialSunsets.com","description":"D\u00e9couvrez la culture et la soci\u00e9t\u00e9 du Costa Rica sur notre blog. Explorez des articles captivants et partagez le contenu.","publisher":{"@id":"https:\/\/www.sensorialsunsets.com\/fr\/#organization"},"alternateName":"Costa Rica Live Blog","potentialAction":[{"@type":"SearchAction","target":{"@type":"EntryPoint","urlTemplate":"https:\/\/www.sensorialsunsets.com\/fr\/?s={search_term_string}"},"query-input":{"@type":"PropertyValueSpecification","valueRequired":true,"valueName":"search_term_string"}}],"inLanguage":"fr-FR"},{"@type":"Organization","@id":"https:\/\/www.sensorialsunsets.com\/fr\/#organization","name":"SensorialSunsets","url":"https:\/\/www.sensorialsunsets.com\/fr\/","logo":{"@type":"ImageObject","inLanguage":"fr-FR","@id":"https:\/\/www.sensorialsunsets.com\/fr\/#\/schema\/logo\/image\/","url":"https:\/\/www.sensorialsunsets.com\/wp-content\/uploads\/2023\/04\/Logo_base_line_fond_clair.svg","contentUrl":"https:\/\/www.sensorialsunsets.com\/wp-content\/uploads\/2023\/04\/Logo_base_line_fond_clair.svg","width":"1024","height":"1024","caption":"SensorialSunsets"},"image":{"@id":"https:\/\/www.sensorialsunsets.com\/fr\/#\/schema\/logo\/image\/"},"sameAs":["https:\/\/www.facebook.com\/Sensorial-Sunsets-109180614715562","https:\/\/www.instagram.com\/sensorialsunsets\/"]},{"@type":"Person","@id":"https:\/\/www.sensorialsunsets.com\/fr\/#\/schema\/person\/77e2fa594135aa94024c47e281d8a94d","name":"Sensorial Sunsets","image":{"@type":"ImageObject","inLanguage":"fr-FR","@id":"https:\/\/secure.gravatar.com\/avatar\/5f2d62681b1dad94c28f1500d4fc75582acdfd32b55fd1acce0a36a3c487eabe?s=96&d=mm&r=g","url":"https:\/\/secure.gravatar.com\/avatar\/5f2d62681b1dad94c28f1500d4fc75582acdfd32b55fd1acce0a36a3c487eabe?s=96&d=mm&r=g","contentUrl":"https:\/\/secure.gravatar.com\/avatar\/5f2d62681b1dad94c28f1500d4fc75582acdfd32b55fd1acce0a36a3c487eabe?s=96&d=mm&r=g","caption":"Sensorial Sunsets"},"url":"https:\/\/www.sensorialsunsets.com\/fr\/author\/asistentes-sensorial-sunsets\/"}]}},"_links":{"self":[{"href":"https:\/\/www.sensorialsunsets.com\/fr\/wp-json\/wp\/v2\/posts\/21535","targetHints":{"allow":["GET"]}}],"collection":[{"href":"https:\/\/www.sensorialsunsets.com\/fr\/wp-json\/wp\/v2\/posts"}],"about":[{"href":"https:\/\/www.sensorialsunsets.com\/fr\/wp-json\/wp\/v2\/types\/post"}],"author":[{"embeddable":true,"href":"https:\/\/www.sensorialsunsets.com\/fr\/wp-json\/wp\/v2\/users\/4"}],"replies":[{"embeddable":true,"href":"https:\/\/www.sensorialsunsets.com\/fr\/wp-json\/wp\/v2\/comments?post=21535"}],"version-history":[{"count":2,"href":"https:\/\/www.sensorialsunsets.com\/fr\/wp-json\/wp\/v2\/posts\/21535\/revisions"}],"predecessor-version":[{"id":21537,"href":"https:\/\/www.sensorialsunsets.com\/fr\/wp-json\/wp\/v2\/posts\/21535\/revisions\/21537"}],"wp:featuredmedia":[{"embeddable":true,"href":"https:\/\/www.sensorialsunsets.com\/fr\/wp-json\/wp\/v2\/media\/21516"}],"wp:attachment":[{"href":"https:\/\/www.sensorialsunsets.com\/fr\/wp-json\/wp\/v2\/media?parent=21535"}],"wp:term":[{"taxonomy":"category","embeddable":true,"href":"https:\/\/www.sensorialsunsets.com\/fr\/wp-json\/wp\/v2\/categories?post=21535"},{"taxonomy":"post_tag","embeddable":true,"href":"https:\/\/www.sensorialsunsets.com\/fr\/wp-json\/wp\/v2\/tags?post=21535"}],"curies":[{"name":"wp","href":"https:\/\/api.w.org\/{rel}","templated":true}]}}