{"id":21591,"date":"2025-05-07T16:21:16","date_gmt":"2025-05-07T22:21:16","guid":{"rendered":"https:\/\/www.sensorialsunsets.com\/?p=21591"},"modified":"2025-05-07T16:21:16","modified_gmt":"2025-05-07T22:21:16","slug":"preambulo-presente-cinema-africain-et-de-la-diaspora","status":"publish","type":"post","link":"https:\/\/www.sensorialsunsets.com\/fr\/preambulo-presente-cinema-africain-et-de-la-diaspora\/","title":{"rendered":"Pre\u00e1mbulo pr\u00e9sente : Cin\u00e9ma africain et de la diaspora"},"content":{"rendered":"\n<p><strong>Pre\u00e1mbulo pr\u00e9sente : Des histoires qui transcendent les fronti\u00e8res<\/strong><\/p>\n\n\n\n<p>Ce mois-ci, <strong><a href=\"https:\/\/www.sensorialsunsets.com\/fr\/preambule-presente-le-cycle-formes-melodrame\/\">Pre\u00e1mbulo<\/a><\/strong> invite le public \u00e0 participer \u00e0 une \u00e9dition sp\u00e9ciale consacr\u00e9e au <strong><a href=\"https:\/\/www.centrodecine.go. cr\/agenda\/preambulo-presenta-festival-cine-africano-diaspora\">cin\u00e9ma<\/a> africain et de la diaspora<\/strong>, une fen\u00eatre puissante pour explorer des r\u00e9cits divers, forts et profond\u00e9ment humains. Du <strong>jeudi 8 au samedi 10<\/strong>, la salle se transforme en un espace de rencontre avec des histoires sur les identit\u00e9s et les \u00e9poques. La programmation comprend des courts et longs m\u00e9trages provenant d&rsquo;Afrique du Sud, du S\u00e9n\u00e9gal, de France, du B\u00e9nin, du Nigeria et du Costa Rica.<\/p>\n\n\n\n<h3 class=\"wp-block-heading\"><strong>Pre\u00e1mbulo: programmation<\/strong><\/h3>\n\n\n\n<h5 class=\"wp-block-heading\"><strong>Jeudi 8 \u2013 19 h<\/strong><br>L&rsquo;exposition commence par deux \u0153uvres qui m\u00ealent douleur, m\u00e9moire et r\u00e9paration.<\/h5>\n\n\n\n<ul class=\"wp-block-list\">\n<li><strong>Today I Kill God<\/strong> (Kofi Zwana, Afrique du Sud, 13 min, +18) est une fiction intense sur une m\u00e8re en deuil confront\u00e9e \u00e0 la violence structurelle.<\/li>\n\n\n\n<li>Ensuite, sera projet\u00e9 <strong>Dahomey<\/strong> (Mati Diop, S\u00e9n\u00e9gal, France, B\u00e9nin, Singapour, 68 min, TP), un documentaire prim\u00e9 qui aborde la question de la restitution des tr\u00e9sors pill\u00e9s par le colonialisme europ\u00e9en, dans une perspective critique et po\u00e9tique.<\/li>\n<\/ul>\n\n\n\n<div style=\"height:100px\" aria-hidden=\"true\" class=\"wp-block-spacer\"><\/div>\n\n\n\n<figure class=\"wp-block-gallery has-nested-images columns-default is-cropped wp-block-gallery-1 is-layout-flex wp-block-gallery-is-layout-flex\">\n<figure class=\"wp-block-image size-large\"><img loading=\"lazy\" decoding=\"async\" width=\"1024\" height=\"576\" data-id=\"21577\" src=\"https:\/\/www.sensorialsunsets.com\/wp-content\/uploads\/2025\/05\/Dahomey-Mati-Diop-1024x576.webp\" alt=\"Pr\u00e9ambulo pr\u00e9sente : Des histoires qui transcendent les fronti\u00e8res\" class=\"wp-image-21577\" srcset=\"https:\/\/www.sensorialsunsets.com\/wp-content\/uploads\/2025\/05\/Dahomey-Mati-Diop-1024x576.webp 1024w, https:\/\/www.sensorialsunsets.com\/wp-content\/uploads\/2025\/05\/Dahomey-Mati-Diop-300x169.webp 300w, https:\/\/www.sensorialsunsets.com\/wp-content\/uploads\/2025\/05\/Dahomey-Mati-Diop-768x432.webp 768w, https:\/\/www.sensorialsunsets.com\/wp-content\/uploads\/2025\/05\/Dahomey-Mati-Diop-1320x743.webp 1320w, https:\/\/www.sensorialsunsets.com\/wp-content\/uploads\/2025\/05\/Dahomey-Mati-Diop.webp 1500w\" sizes=\"auto, (max-width: 1024px) 100vw, 1024px\" \/><\/figure>\n\n\n\n<figure class=\"wp-block-image size-large\"><img loading=\"lazy\" decoding=\"async\" width=\"1024\" height=\"576\" data-id=\"21580\" src=\"https:\/\/www.sensorialsunsets.com\/wp-content\/uploads\/2025\/05\/Dahomey-Mati-Diop1-1024x576.webp\" alt=\"\" class=\"wp-image-21580\" srcset=\"https:\/\/www.sensorialsunsets.com\/wp-content\/uploads\/2025\/05\/Dahomey-Mati-Diop1-1024x576.webp 1024w, https:\/\/www.sensorialsunsets.com\/wp-content\/uploads\/2025\/05\/Dahomey-Mati-Diop1-300x169.webp 300w, https:\/\/www.sensorialsunsets.com\/wp-content\/uploads\/2025\/05\/Dahomey-Mati-Diop1-768x432.webp 768w, https:\/\/www.sensorialsunsets.com\/wp-content\/uploads\/2025\/05\/Dahomey-Mati-Diop1-1536x864.webp 1536w, https:\/\/www.sensorialsunsets.com\/wp-content\/uploads\/2025\/05\/Dahomey-Mati-Diop1-2048x1152.webp 2048w, https:\/\/www.sensorialsunsets.com\/wp-content\/uploads\/2025\/05\/Dahomey-Mati-Diop1-1320x743.webp 1320w\" sizes=\"auto, (max-width: 1024px) 100vw, 1024px\" \/><\/figure>\n\n\n\n<figure class=\"wp-block-image size-large\"><img loading=\"lazy\" decoding=\"async\" width=\"1024\" height=\"676\" data-id=\"21574\" src=\"https:\/\/www.sensorialsunsets.com\/wp-content\/uploads\/2025\/05\/Dahomey-Mati-Diop4-1024x676.webp\" alt=\"Pr\u00e9ambulo pr\u00e9sente : Des histoires qui transcendent les fronti\u00e8res\" class=\"wp-image-21574\" srcset=\"https:\/\/www.sensorialsunsets.com\/wp-content\/uploads\/2025\/05\/Dahomey-Mati-Diop4-1024x676.webp 1024w, https:\/\/www.sensorialsunsets.com\/wp-content\/uploads\/2025\/05\/Dahomey-Mati-Diop4-300x198.webp 300w, https:\/\/www.sensorialsunsets.com\/wp-content\/uploads\/2025\/05\/Dahomey-Mati-Diop4-768x507.webp 768w, https:\/\/www.sensorialsunsets.com\/wp-content\/uploads\/2025\/05\/Dahomey-Mati-Diop4-1536x1013.webp 1536w, https:\/\/www.sensorialsunsets.com\/wp-content\/uploads\/2025\/05\/Dahomey-Mati-Diop4-1320x871.webp 1320w, https:\/\/www.sensorialsunsets.com\/wp-content\/uploads\/2025\/05\/Dahomey-Mati-Diop4.webp 1940w\" sizes=\"auto, (max-width: 1024px) 100vw, 1024px\" \/><\/figure>\n<\/figure>\n\n\n\n<div style=\"height:100px\" aria-hidden=\"true\" class=\"wp-block-spacer\"><\/div>\n\n\n\n<h5 class=\"wp-block-heading\"><strong>Vendredi 9 \u2013 19 h<\/strong><br>Une soir\u00e9e consacr\u00e9e \u00e0 la fiction et \u00e0 l&rsquo;exploration des liens communautaires et familiaux.<\/h5>\n\n\n\n<ul class=\"wp-block-list\">\n<li><strong>B(l)ind the Sacrifice<\/strong> (Nakhane Tour\u00e9, Afrique du Sud, 22 min, +18) raconte la vie d&rsquo;une famille nomade dirig\u00e9e par un personnage aussi magn\u00e9tique qu&rsquo;\u00e9nigmatique.<\/li>\n\n\n\n<li>Puis, <strong>Old Righteous Blues<\/strong> (Muneera Sallies, Afrique du Sud, 99 min, TP) nous emm\u00e8ne dans une communaut\u00e9 qui trouve dans la musique chorale un refuge et un acte de r\u00e9sistance quotidienne.<\/li>\n<\/ul>\n\n\n\n<div style=\"height:100px\" aria-hidden=\"true\" class=\"wp-block-spacer\"><\/div>\n\n\n\n<figure class=\"wp-block-gallery has-nested-images columns-default is-cropped wp-block-gallery-2 is-layout-flex wp-block-gallery-is-layout-flex\">\n<figure class=\"wp-block-image size-large\"><img loading=\"lazy\" decoding=\"async\" width=\"800\" height=\"450\" data-id=\"21556\" src=\"https:\/\/www.sensorialsunsets.com\/wp-content\/uploads\/2025\/05\/Blind-the-Sacrifice.webp\" alt=\"Pr\u00e9ambulo pr\u00e9sente : Des histoires qui transcendent les fronti\u00e8res\" class=\"wp-image-21556\" srcset=\"https:\/\/www.sensorialsunsets.com\/wp-content\/uploads\/2025\/05\/Blind-the-Sacrifice.webp 800w, https:\/\/www.sensorialsunsets.com\/wp-content\/uploads\/2025\/05\/Blind-the-Sacrifice-300x169.webp 300w, https:\/\/www.sensorialsunsets.com\/wp-content\/uploads\/2025\/05\/Blind-the-Sacrifice-768x432.webp 768w\" sizes=\"auto, (max-width: 800px) 100vw, 800px\" \/><\/figure>\n\n\n\n<figure class=\"wp-block-image size-large\"><img loading=\"lazy\" decoding=\"async\" width=\"1024\" height=\"576\" data-id=\"21559\" src=\"https:\/\/www.sensorialsunsets.com\/wp-content\/uploads\/2025\/05\/Blind-the-Sacrifice_3\u00a9Urucu-1024x576-1.jpg\" alt=\"\" class=\"wp-image-21559\" srcset=\"https:\/\/www.sensorialsunsets.com\/wp-content\/uploads\/2025\/05\/Blind-the-Sacrifice_3\u00a9Urucu-1024x576-1.jpg 1024w, https:\/\/www.sensorialsunsets.com\/wp-content\/uploads\/2025\/05\/Blind-the-Sacrifice_3\u00a9Urucu-1024x576-1-300x169.jpg 300w, https:\/\/www.sensorialsunsets.com\/wp-content\/uploads\/2025\/05\/Blind-the-Sacrifice_3\u00a9Urucu-1024x576-1-768x432.jpg 768w\" sizes=\"auto, (max-width: 1024px) 100vw, 1024px\" \/><\/figure>\n\n\n\n<figure class=\"wp-block-image size-large\"><img loading=\"lazy\" decoding=\"async\" width=\"1024\" height=\"576\" data-id=\"21562\" src=\"https:\/\/www.sensorialsunsets.com\/wp-content\/uploads\/2025\/05\/Blind-the-Sacrifice-1024x576.jpg\" alt=\"Pr\u00e9ambulo pr\u00e9sente : Des histoires qui transcendent les fronti\u00e8res\" class=\"wp-image-21562\" srcset=\"https:\/\/www.sensorialsunsets.com\/wp-content\/uploads\/2025\/05\/Blind-the-Sacrifice-1024x576.jpg 1024w, https:\/\/www.sensorialsunsets.com\/wp-content\/uploads\/2025\/05\/Blind-the-Sacrifice-300x169.jpg 300w, https:\/\/www.sensorialsunsets.com\/wp-content\/uploads\/2025\/05\/Blind-the-Sacrifice-768x432.jpg 768w, https:\/\/www.sensorialsunsets.com\/wp-content\/uploads\/2025\/05\/Blind-the-Sacrifice-1536x865.jpg 1536w, https:\/\/www.sensorialsunsets.com\/wp-content\/uploads\/2025\/05\/Blind-the-Sacrifice-2048x1153.jpg 2048w, https:\/\/www.sensorialsunsets.com\/wp-content\/uploads\/2025\/05\/Blind-the-Sacrifice-1320x743.jpg 1320w\" sizes=\"auto, (max-width: 1024px) 100vw, 1024px\" \/><\/figure>\n<\/figure>\n\n\n\n<div style=\"height:100px\" aria-hidden=\"true\" class=\"wp-block-spacer\"><\/div>\n\n\n\n<h5 class=\"wp-block-heading\"><strong>Samedi 10 \u2013 17 h et 19 h<\/strong><br>La journ\u00e9e commence \u00e0 17 h avec un classique du cin\u00e9ma documentaire costaricien :<\/h5>\n\n\n\n<ul class=\"wp-block-list\">\n<li><strong>El negro en Costa Rica<\/strong> (Guillermo Mungu\u00eda Hern\u00e1ndez, 1977, 37 min, TP), un film pour comprendre l&rsquo;histoire de la population afro-descendante \u00e0 Lim\u00f3n.<\/li>\n<\/ul>\n\n\n\n<h5 class=\"wp-block-heading\">\u00c0 19 h, la journ\u00e9e se termine avec deux \u0153uvres qui explorent le temps, le d\u00e9sir et les blessures sociales :<\/h5>\n\n\n\n<ul class=\"wp-block-list\">\n<li><strong>Undo<\/strong> (Kofi Zwana, Afrique du Sud, 7 min, +18), une histoire courte sur les boucles temporelles et les relations prisonni\u00e8res du pass\u00e9.<\/li>\n\n\n\n<li><strong>Freedom Way<\/strong> (Afolabi Olalekan, Nigeria, 83 min, +18), un drame sur les frustrations et les espoirs d&rsquo;une g\u00e9n\u00e9ration confront\u00e9e aux promesses non tenues de l&rsquo;\u00c9tat.<\/li>\n<\/ul>\n\n\n\n<div style=\"height:100px\" aria-hidden=\"true\" class=\"wp-block-spacer\"><\/div>\n\n\n\n<figure class=\"wp-block-gallery has-nested-images columns-default is-cropped wp-block-gallery-3 is-layout-flex wp-block-gallery-is-layout-flex\">\n<figure class=\"wp-block-image size-large\"><img loading=\"lazy\" decoding=\"async\" width=\"1024\" height=\"576\" data-id=\"21568\" src=\"https:\/\/www.sensorialsunsets.com\/wp-content\/uploads\/2025\/05\/Freedom-Way-1024x576.jpg\" alt=\"Pr\u00e9ambulo pr\u00e9sente : Des histoires qui transcendent les fronti\u00e8res\" class=\"wp-image-21568\" srcset=\"https:\/\/www.sensorialsunsets.com\/wp-content\/uploads\/2025\/05\/Freedom-Way-1024x576.jpg 1024w, https:\/\/www.sensorialsunsets.com\/wp-content\/uploads\/2025\/05\/Freedom-Way-300x169.jpg 300w, https:\/\/www.sensorialsunsets.com\/wp-content\/uploads\/2025\/05\/Freedom-Way-768x432.jpg 768w, https:\/\/www.sensorialsunsets.com\/wp-content\/uploads\/2025\/05\/Freedom-Way.jpg 1280w\" sizes=\"auto, (max-width: 1024px) 100vw, 1024px\" \/><\/figure>\n\n\n\n<figure class=\"wp-block-image size-large\"><img loading=\"lazy\" decoding=\"async\" width=\"1000\" height=\"667\" data-id=\"21565\" src=\"https:\/\/www.sensorialsunsets.com\/wp-content\/uploads\/2025\/05\/Freedom-Way2.webp\" alt=\"\" class=\"wp-image-21565\" srcset=\"https:\/\/www.sensorialsunsets.com\/wp-content\/uploads\/2025\/05\/Freedom-Way2.webp 1000w, https:\/\/www.sensorialsunsets.com\/wp-content\/uploads\/2025\/05\/Freedom-Way2-300x200.webp 300w, https:\/\/www.sensorialsunsets.com\/wp-content\/uploads\/2025\/05\/Freedom-Way2-768x512.webp 768w, https:\/\/www.sensorialsunsets.com\/wp-content\/uploads\/2025\/05\/Freedom-Way2-334x222.webp 334w\" sizes=\"auto, (max-width: 1000px) 100vw, 1000px\" \/><\/figure>\n\n\n\n<figure class=\"wp-block-image size-large\"><img loading=\"lazy\" decoding=\"async\" width=\"1024\" height=\"576\" data-id=\"21571\" src=\"https:\/\/www.sensorialsunsets.com\/wp-content\/uploads\/2025\/05\/Freedom-Way4-1024x576.jpg\" alt=\"Pr\u00e9ambulo pr\u00e9sente : Des histoires qui transcendent les fronti\u00e8res\" class=\"wp-image-21571\" srcset=\"https:\/\/www.sensorialsunsets.com\/wp-content\/uploads\/2025\/05\/Freedom-Way4-1024x576.jpg 1024w, https:\/\/www.sensorialsunsets.com\/wp-content\/uploads\/2025\/05\/Freedom-Way4-300x169.jpg 300w, https:\/\/www.sensorialsunsets.com\/wp-content\/uploads\/2025\/05\/Freedom-Way4-768x432.jpg 768w, https:\/\/www.sensorialsunsets.com\/wp-content\/uploads\/2025\/05\/Freedom-Way4-1536x864.jpg 1536w, https:\/\/www.sensorialsunsets.com\/wp-content\/uploads\/2025\/05\/Freedom-Way4-1320x743.jpg 1320w, https:\/\/www.sensorialsunsets.com\/wp-content\/uploads\/2025\/05\/Freedom-Way4.jpg 1920w\" sizes=\"auto, (max-width: 1024px) 100vw, 1024px\" \/><\/figure>\n<\/figure>\n\n\n\n<div style=\"height:100px\" aria-hidden=\"true\" class=\"wp-block-spacer\"><\/div>\n\n\n\n<p><strong>Pre\u00e1mbulo c\u00e9l\u00e8bre la richesse du cin\u00e9ma africain et de la diaspora<\/strong>, en offrant une plateforme aux voix qui interpellent de nouveaux horizons de r\u00e9flexion.<\/p>\n\n\n\n<h5 class=\"wp-block-heading\"><strong>Toutes les fonctions sont gratuites.<\/strong><\/h5>\n\n\n\n<ul class=\"wp-block-list\">\n<li><strong>Les fonctions marqu\u00e9es TP (Tout Public) conviennent \u00e0 tous les \u00e2ges.<\/strong><\/li>\n\n\n\n<li><strong>Les fonctions marqu\u00e9es d&rsquo;un +18 sont r\u00e9serv\u00e9es aux personnes majeures.<\/strong><\/li>\n<\/ul>\n\n\n\n<p><strong>Sensorial Sunsets<\/strong><\/p>\n","protected":false},"excerpt":{"rendered":"<p>Pre\u00e1mbulo pr\u00e9sente : Des histoires qui transcendent les fronti\u00e8res Ce mois-ci, Pre\u00e1mbulo invite le public \u00e0 participer \u00e0 une \u00e9dition sp\u00e9ciale consacr\u00e9e au cin\u00e9ma africain et de la diaspora, une fen\u00eatre puissante pour explorer des r\u00e9cits divers, forts et profond\u00e9ment humains. Du jeudi 8 au samedi 10, la salle se transforme en un espace de [&hellip;]<\/p>\n","protected":false},"author":4,"featured_media":21582,"comment_status":"closed","ping_status":"closed","sticky":false,"template":"","format":"standard","meta":{"_acf_changed":false,"inline_featured_image":false,"_monsterinsights_skip_tracking":false,"_monsterinsights_sitenote_active":false,"_monsterinsights_sitenote_note":"","_monsterinsights_sitenote_category":0,"footnotes":""},"categories":[1],"tags":[],"class_list":["post-21591","post","type-post","status-publish","format-standard","has-post-thumbnail","hentry","category-non-classifiee"],"acf":[],"yoast_head":"<!-- This site is optimized with the Yoast SEO plugin v27.4 - https:\/\/yoast.com\/product\/yoast-seo-wordpress\/ -->\n<title>Pre\u00e1mbulo pr\u00e9sente : Cin\u00e9ma africain et de la diaspora - SensorialSunsets<\/title>\n<meta name=\"description\" content=\"Pre\u00e1mbulo pr\u00e9sente une \u00e9dition sp\u00e9ciale consacr\u00e9e au cin\u00e9ma africain et de la diaspora, qui c\u00e9l\u00e8bre des r\u00e9cits divers et humains.\" \/>\n<meta name=\"robots\" content=\"index, follow, max-snippet:-1, max-image-preview:large, max-video-preview:-1\" \/>\n<link rel=\"canonical\" href=\"https:\/\/www.sensorialsunsets.com\/fr\/preambulo-presente-cinema-africain-et-de-la-diaspora\/\" \/>\n<meta property=\"og:locale\" content=\"fr_FR\" \/>\n<meta property=\"og:type\" content=\"article\" \/>\n<meta property=\"og:title\" content=\"Pre\u00e1mbulo pr\u00e9sente : Cin\u00e9ma africain et de la diaspora - SensorialSunsets\" \/>\n<meta property=\"og:description\" content=\"Pre\u00e1mbulo pr\u00e9sente une \u00e9dition sp\u00e9ciale consacr\u00e9e au cin\u00e9ma africain et de la diaspora, qui c\u00e9l\u00e8bre des r\u00e9cits divers et humains.\" \/>\n<meta property=\"og:url\" content=\"https:\/\/www.sensorialsunsets.com\/fr\/preambulo-presente-cinema-africain-et-de-la-diaspora\/\" \/>\n<meta property=\"og:site_name\" content=\"SensorialSunsets\" \/>\n<meta property=\"article:publisher\" content=\"https:\/\/www.facebook.com\/Sensorial-Sunsets-109180614715562\" \/>\n<meta property=\"article:published_time\" content=\"2025-05-07T22:21:16+00:00\" \/>\n<meta property=\"og:image\" content=\"https:\/\/www.sensorialsunsets.com\/wp-content\/uploads\/2025\/05\/Dahomey-Mati-Diop1-scaled.webp\" \/>\n\t<meta property=\"og:image:width\" content=\"2560\" \/>\n\t<meta property=\"og:image:height\" content=\"1440\" \/>\n\t<meta property=\"og:image:type\" content=\"image\/webp\" \/>\n<meta name=\"author\" content=\"Sensorial Sunsets\" \/>\n<meta name=\"twitter:card\" content=\"summary_large_image\" \/>\n<meta name=\"twitter:label1\" content=\"\u00c9crit par\" \/>\n\t<meta name=\"twitter:data1\" content=\"Sensorial Sunsets\" \/>\n\t<meta name=\"twitter:label2\" content=\"Dur\u00e9e de lecture estim\u00e9e\" \/>\n\t<meta name=\"twitter:data2\" content=\"2 minutes\" \/>\n<script type=\"application\/ld+json\" class=\"yoast-schema-graph\">{\"@context\":\"https:\\\/\\\/schema.org\",\"@graph\":[{\"@type\":\"Article\",\"@id\":\"https:\\\/\\\/www.sensorialsunsets.com\\\/fr\\\/preambulo-presente-cinema-africain-et-de-la-diaspora\\\/#article\",\"isPartOf\":{\"@id\":\"https:\\\/\\\/www.sensorialsunsets.com\\\/fr\\\/preambulo-presente-cinema-africain-et-de-la-diaspora\\\/\"},\"author\":{\"name\":\"Sensorial Sunsets\",\"@id\":\"https:\\\/\\\/www.sensorialsunsets.com\\\/fr\\\/#\\\/schema\\\/person\\\/77e2fa594135aa94024c47e281d8a94d\"},\"headline\":\"Pre\u00e1mbulo pr\u00e9sente : Cin\u00e9ma africain et de la diaspora\",\"datePublished\":\"2025-05-07T22:21:16+00:00\",\"mainEntityOfPage\":{\"@id\":\"https:\\\/\\\/www.sensorialsunsets.com\\\/fr\\\/preambulo-presente-cinema-africain-et-de-la-diaspora\\\/\"},\"wordCount\":445,\"publisher\":{\"@id\":\"https:\\\/\\\/www.sensorialsunsets.com\\\/fr\\\/#organization\"},\"image\":{\"@id\":\"https:\\\/\\\/www.sensorialsunsets.com\\\/fr\\\/preambulo-presente-cinema-africain-et-de-la-diaspora\\\/#primaryimage\"},\"thumbnailUrl\":\"https:\\\/\\\/www.sensorialsunsets.com\\\/wp-content\\\/uploads\\\/2025\\\/05\\\/Dahomey-Mati-Diop1-scaled.webp\",\"articleSection\":[\"Non classifi\u00e9(e)\"],\"inLanguage\":\"fr-FR\"},{\"@type\":\"WebPage\",\"@id\":\"https:\\\/\\\/www.sensorialsunsets.com\\\/fr\\\/preambulo-presente-cinema-africain-et-de-la-diaspora\\\/\",\"url\":\"https:\\\/\\\/www.sensorialsunsets.com\\\/fr\\\/preambulo-presente-cinema-africain-et-de-la-diaspora\\\/\",\"name\":\"Pre\u00e1mbulo pr\u00e9sente : Cin\u00e9ma africain et de la diaspora - SensorialSunsets\",\"isPartOf\":{\"@id\":\"https:\\\/\\\/www.sensorialsunsets.com\\\/fr\\\/#website\"},\"primaryImageOfPage\":{\"@id\":\"https:\\\/\\\/www.sensorialsunsets.com\\\/fr\\\/preambulo-presente-cinema-africain-et-de-la-diaspora\\\/#primaryimage\"},\"image\":{\"@id\":\"https:\\\/\\\/www.sensorialsunsets.com\\\/fr\\\/preambulo-presente-cinema-africain-et-de-la-diaspora\\\/#primaryimage\"},\"thumbnailUrl\":\"https:\\\/\\\/www.sensorialsunsets.com\\\/wp-content\\\/uploads\\\/2025\\\/05\\\/Dahomey-Mati-Diop1-scaled.webp\",\"datePublished\":\"2025-05-07T22:21:16+00:00\",\"description\":\"Pre\u00e1mbulo pr\u00e9sente une \u00e9dition sp\u00e9ciale consacr\u00e9e au cin\u00e9ma africain et de la diaspora, qui c\u00e9l\u00e8bre des r\u00e9cits divers et humains.\",\"inLanguage\":\"fr-FR\",\"potentialAction\":[{\"@type\":\"ReadAction\",\"target\":[\"https:\\\/\\\/www.sensorialsunsets.com\\\/fr\\\/preambulo-presente-cinema-africain-et-de-la-diaspora\\\/\"]}]},{\"@type\":\"ImageObject\",\"inLanguage\":\"fr-FR\",\"@id\":\"https:\\\/\\\/www.sensorialsunsets.com\\\/fr\\\/preambulo-presente-cinema-africain-et-de-la-diaspora\\\/#primaryimage\",\"url\":\"https:\\\/\\\/www.sensorialsunsets.com\\\/wp-content\\\/uploads\\\/2025\\\/05\\\/Dahomey-Mati-Diop1-scaled.webp\",\"contentUrl\":\"https:\\\/\\\/www.sensorialsunsets.com\\\/wp-content\\\/uploads\\\/2025\\\/05\\\/Dahomey-Mati-Diop1-scaled.webp\",\"width\":2560,\"height\":1440},{\"@type\":\"WebSite\",\"@id\":\"https:\\\/\\\/www.sensorialsunsets.com\\\/fr\\\/#website\",\"url\":\"https:\\\/\\\/www.sensorialsunsets.com\\\/fr\\\/\",\"name\":\"SensorialSunsets.com\",\"description\":\"D\u00e9couvrez la culture et la soci\u00e9t\u00e9 du Costa Rica sur notre blog. Explorez des articles captivants et partagez le contenu.\",\"publisher\":{\"@id\":\"https:\\\/\\\/www.sensorialsunsets.com\\\/fr\\\/#organization\"},\"alternateName\":\"Costa Rica Live Blog\",\"potentialAction\":[{\"@type\":\"SearchAction\",\"target\":{\"@type\":\"EntryPoint\",\"urlTemplate\":\"https:\\\/\\\/www.sensorialsunsets.com\\\/fr\\\/?s={search_term_string}\"},\"query-input\":{\"@type\":\"PropertyValueSpecification\",\"valueRequired\":true,\"valueName\":\"search_term_string\"}}],\"inLanguage\":\"fr-FR\"},{\"@type\":\"Organization\",\"@id\":\"https:\\\/\\\/www.sensorialsunsets.com\\\/fr\\\/#organization\",\"name\":\"SensorialSunsets\",\"url\":\"https:\\\/\\\/www.sensorialsunsets.com\\\/fr\\\/\",\"logo\":{\"@type\":\"ImageObject\",\"inLanguage\":\"fr-FR\",\"@id\":\"https:\\\/\\\/www.sensorialsunsets.com\\\/fr\\\/#\\\/schema\\\/logo\\\/image\\\/\",\"url\":\"https:\\\/\\\/www.sensorialsunsets.com\\\/wp-content\\\/uploads\\\/2023\\\/04\\\/Logo_base_line_fond_clair.svg\",\"contentUrl\":\"https:\\\/\\\/www.sensorialsunsets.com\\\/wp-content\\\/uploads\\\/2023\\\/04\\\/Logo_base_line_fond_clair.svg\",\"width\":\"1024\",\"height\":\"1024\",\"caption\":\"SensorialSunsets\"},\"image\":{\"@id\":\"https:\\\/\\\/www.sensorialsunsets.com\\\/fr\\\/#\\\/schema\\\/logo\\\/image\\\/\"},\"sameAs\":[\"https:\\\/\\\/www.facebook.com\\\/Sensorial-Sunsets-109180614715562\",\"https:\\\/\\\/www.instagram.com\\\/sensorialsunsets\\\/\"]},{\"@type\":\"Person\",\"@id\":\"https:\\\/\\\/www.sensorialsunsets.com\\\/fr\\\/#\\\/schema\\\/person\\\/77e2fa594135aa94024c47e281d8a94d\",\"name\":\"Sensorial Sunsets\",\"image\":{\"@type\":\"ImageObject\",\"inLanguage\":\"fr-FR\",\"@id\":\"https:\\\/\\\/secure.gravatar.com\\\/avatar\\\/5f2d62681b1dad94c28f1500d4fc75582acdfd32b55fd1acce0a36a3c487eabe?s=96&d=mm&r=g\",\"url\":\"https:\\\/\\\/secure.gravatar.com\\\/avatar\\\/5f2d62681b1dad94c28f1500d4fc75582acdfd32b55fd1acce0a36a3c487eabe?s=96&d=mm&r=g\",\"contentUrl\":\"https:\\\/\\\/secure.gravatar.com\\\/avatar\\\/5f2d62681b1dad94c28f1500d4fc75582acdfd32b55fd1acce0a36a3c487eabe?s=96&d=mm&r=g\",\"caption\":\"Sensorial Sunsets\"},\"url\":\"https:\\\/\\\/www.sensorialsunsets.com\\\/fr\\\/author\\\/asistentes-sensorial-sunsets\\\/\"}]}<\/script>\n<!-- \/ Yoast SEO plugin. -->","yoast_head_json":{"title":"Pre\u00e1mbulo pr\u00e9sente : Cin\u00e9ma africain et de la diaspora - SensorialSunsets","description":"Pre\u00e1mbulo pr\u00e9sente une \u00e9dition sp\u00e9ciale consacr\u00e9e au cin\u00e9ma africain et de la diaspora, qui c\u00e9l\u00e8bre des r\u00e9cits divers et humains.","robots":{"index":"index","follow":"follow","max-snippet":"max-snippet:-1","max-image-preview":"max-image-preview:large","max-video-preview":"max-video-preview:-1"},"canonical":"https:\/\/www.sensorialsunsets.com\/fr\/preambulo-presente-cinema-africain-et-de-la-diaspora\/","og_locale":"fr_FR","og_type":"article","og_title":"Pre\u00e1mbulo pr\u00e9sente : Cin\u00e9ma africain et de la diaspora - SensorialSunsets","og_description":"Pre\u00e1mbulo pr\u00e9sente une \u00e9dition sp\u00e9ciale consacr\u00e9e au cin\u00e9ma africain et de la diaspora, qui c\u00e9l\u00e8bre des r\u00e9cits divers et humains.","og_url":"https:\/\/www.sensorialsunsets.com\/fr\/preambulo-presente-cinema-africain-et-de-la-diaspora\/","og_site_name":"SensorialSunsets","article_publisher":"https:\/\/www.facebook.com\/Sensorial-Sunsets-109180614715562","article_published_time":"2025-05-07T22:21:16+00:00","og_image":[{"width":2560,"height":1440,"url":"https:\/\/www.sensorialsunsets.com\/wp-content\/uploads\/2025\/05\/Dahomey-Mati-Diop1-scaled.webp","type":"image\/webp"}],"author":"Sensorial Sunsets","twitter_card":"summary_large_image","twitter_misc":{"\u00c9crit par":"Sensorial Sunsets","Dur\u00e9e de lecture estim\u00e9e":"2 minutes"},"schema":{"@context":"https:\/\/schema.org","@graph":[{"@type":"Article","@id":"https:\/\/www.sensorialsunsets.com\/fr\/preambulo-presente-cinema-africain-et-de-la-diaspora\/#article","isPartOf":{"@id":"https:\/\/www.sensorialsunsets.com\/fr\/preambulo-presente-cinema-africain-et-de-la-diaspora\/"},"author":{"name":"Sensorial Sunsets","@id":"https:\/\/www.sensorialsunsets.com\/fr\/#\/schema\/person\/77e2fa594135aa94024c47e281d8a94d"},"headline":"Pre\u00e1mbulo pr\u00e9sente : Cin\u00e9ma africain et de la diaspora","datePublished":"2025-05-07T22:21:16+00:00","mainEntityOfPage":{"@id":"https:\/\/www.sensorialsunsets.com\/fr\/preambulo-presente-cinema-africain-et-de-la-diaspora\/"},"wordCount":445,"publisher":{"@id":"https:\/\/www.sensorialsunsets.com\/fr\/#organization"},"image":{"@id":"https:\/\/www.sensorialsunsets.com\/fr\/preambulo-presente-cinema-africain-et-de-la-diaspora\/#primaryimage"},"thumbnailUrl":"https:\/\/www.sensorialsunsets.com\/wp-content\/uploads\/2025\/05\/Dahomey-Mati-Diop1-scaled.webp","articleSection":["Non classifi\u00e9(e)"],"inLanguage":"fr-FR"},{"@type":"WebPage","@id":"https:\/\/www.sensorialsunsets.com\/fr\/preambulo-presente-cinema-africain-et-de-la-diaspora\/","url":"https:\/\/www.sensorialsunsets.com\/fr\/preambulo-presente-cinema-africain-et-de-la-diaspora\/","name":"Pre\u00e1mbulo pr\u00e9sente : Cin\u00e9ma africain et de la diaspora - SensorialSunsets","isPartOf":{"@id":"https:\/\/www.sensorialsunsets.com\/fr\/#website"},"primaryImageOfPage":{"@id":"https:\/\/www.sensorialsunsets.com\/fr\/preambulo-presente-cinema-africain-et-de-la-diaspora\/#primaryimage"},"image":{"@id":"https:\/\/www.sensorialsunsets.com\/fr\/preambulo-presente-cinema-africain-et-de-la-diaspora\/#primaryimage"},"thumbnailUrl":"https:\/\/www.sensorialsunsets.com\/wp-content\/uploads\/2025\/05\/Dahomey-Mati-Diop1-scaled.webp","datePublished":"2025-05-07T22:21:16+00:00","description":"Pre\u00e1mbulo pr\u00e9sente une \u00e9dition sp\u00e9ciale consacr\u00e9e au cin\u00e9ma africain et de la diaspora, qui c\u00e9l\u00e8bre des r\u00e9cits divers et humains.","inLanguage":"fr-FR","potentialAction":[{"@type":"ReadAction","target":["https:\/\/www.sensorialsunsets.com\/fr\/preambulo-presente-cinema-africain-et-de-la-diaspora\/"]}]},{"@type":"ImageObject","inLanguage":"fr-FR","@id":"https:\/\/www.sensorialsunsets.com\/fr\/preambulo-presente-cinema-africain-et-de-la-diaspora\/#primaryimage","url":"https:\/\/www.sensorialsunsets.com\/wp-content\/uploads\/2025\/05\/Dahomey-Mati-Diop1-scaled.webp","contentUrl":"https:\/\/www.sensorialsunsets.com\/wp-content\/uploads\/2025\/05\/Dahomey-Mati-Diop1-scaled.webp","width":2560,"height":1440},{"@type":"WebSite","@id":"https:\/\/www.sensorialsunsets.com\/fr\/#website","url":"https:\/\/www.sensorialsunsets.com\/fr\/","name":"SensorialSunsets.com","description":"D\u00e9couvrez la culture et la soci\u00e9t\u00e9 du Costa Rica sur notre blog. Explorez des articles captivants et partagez le contenu.","publisher":{"@id":"https:\/\/www.sensorialsunsets.com\/fr\/#organization"},"alternateName":"Costa Rica Live Blog","potentialAction":[{"@type":"SearchAction","target":{"@type":"EntryPoint","urlTemplate":"https:\/\/www.sensorialsunsets.com\/fr\/?s={search_term_string}"},"query-input":{"@type":"PropertyValueSpecification","valueRequired":true,"valueName":"search_term_string"}}],"inLanguage":"fr-FR"},{"@type":"Organization","@id":"https:\/\/www.sensorialsunsets.com\/fr\/#organization","name":"SensorialSunsets","url":"https:\/\/www.sensorialsunsets.com\/fr\/","logo":{"@type":"ImageObject","inLanguage":"fr-FR","@id":"https:\/\/www.sensorialsunsets.com\/fr\/#\/schema\/logo\/image\/","url":"https:\/\/www.sensorialsunsets.com\/wp-content\/uploads\/2023\/04\/Logo_base_line_fond_clair.svg","contentUrl":"https:\/\/www.sensorialsunsets.com\/wp-content\/uploads\/2023\/04\/Logo_base_line_fond_clair.svg","width":"1024","height":"1024","caption":"SensorialSunsets"},"image":{"@id":"https:\/\/www.sensorialsunsets.com\/fr\/#\/schema\/logo\/image\/"},"sameAs":["https:\/\/www.facebook.com\/Sensorial-Sunsets-109180614715562","https:\/\/www.instagram.com\/sensorialsunsets\/"]},{"@type":"Person","@id":"https:\/\/www.sensorialsunsets.com\/fr\/#\/schema\/person\/77e2fa594135aa94024c47e281d8a94d","name":"Sensorial Sunsets","image":{"@type":"ImageObject","inLanguage":"fr-FR","@id":"https:\/\/secure.gravatar.com\/avatar\/5f2d62681b1dad94c28f1500d4fc75582acdfd32b55fd1acce0a36a3c487eabe?s=96&d=mm&r=g","url":"https:\/\/secure.gravatar.com\/avatar\/5f2d62681b1dad94c28f1500d4fc75582acdfd32b55fd1acce0a36a3c487eabe?s=96&d=mm&r=g","contentUrl":"https:\/\/secure.gravatar.com\/avatar\/5f2d62681b1dad94c28f1500d4fc75582acdfd32b55fd1acce0a36a3c487eabe?s=96&d=mm&r=g","caption":"Sensorial Sunsets"},"url":"https:\/\/www.sensorialsunsets.com\/fr\/author\/asistentes-sensorial-sunsets\/"}]}},"_links":{"self":[{"href":"https:\/\/www.sensorialsunsets.com\/fr\/wp-json\/wp\/v2\/posts\/21591","targetHints":{"allow":["GET"]}}],"collection":[{"href":"https:\/\/www.sensorialsunsets.com\/fr\/wp-json\/wp\/v2\/posts"}],"about":[{"href":"https:\/\/www.sensorialsunsets.com\/fr\/wp-json\/wp\/v2\/types\/post"}],"author":[{"embeddable":true,"href":"https:\/\/www.sensorialsunsets.com\/fr\/wp-json\/wp\/v2\/users\/4"}],"replies":[{"embeddable":true,"href":"https:\/\/www.sensorialsunsets.com\/fr\/wp-json\/wp\/v2\/comments?post=21591"}],"version-history":[{"count":2,"href":"https:\/\/www.sensorialsunsets.com\/fr\/wp-json\/wp\/v2\/posts\/21591\/revisions"}],"predecessor-version":[{"id":21593,"href":"https:\/\/www.sensorialsunsets.com\/fr\/wp-json\/wp\/v2\/posts\/21591\/revisions\/21593"}],"wp:featuredmedia":[{"embeddable":true,"href":"https:\/\/www.sensorialsunsets.com\/fr\/wp-json\/wp\/v2\/media\/21582"}],"wp:attachment":[{"href":"https:\/\/www.sensorialsunsets.com\/fr\/wp-json\/wp\/v2\/media?parent=21591"}],"wp:term":[{"taxonomy":"category","embeddable":true,"href":"https:\/\/www.sensorialsunsets.com\/fr\/wp-json\/wp\/v2\/categories?post=21591"},{"taxonomy":"post_tag","embeddable":true,"href":"https:\/\/www.sensorialsunsets.com\/fr\/wp-json\/wp\/v2\/tags?post=21591"}],"curies":[{"name":"wp","href":"https:\/\/api.w.org\/{rel}","templated":true}]}}