{"id":21645,"date":"2025-05-12T14:47:13","date_gmt":"2025-05-12T20:47:13","guid":{"rendered":"https:\/\/www.sensorialsunsets.com\/?p=21645"},"modified":"2025-05-12T14:47:13","modified_gmt":"2025-05-12T20:47:13","slug":"hanneton-commun-visiteurs-ailes-de-la-saison-des-pluies-au-costa-rica","status":"publish","type":"post","link":"https:\/\/www.sensorialsunsets.com\/fr\/hanneton-commun-visiteurs-ailes-de-la-saison-des-pluies-au-costa-rica\/","title":{"rendered":"Hanneton commun : Visiteurs ail\u00e9s de la saison des pluies au Costa Rica"},"content":{"rendered":"\n<p>Avec l&rsquo;arriv\u00e9e des premi\u00e8res pluies de l&rsquo;ann\u00e9e, de nombreux Costariciens attendent avec impatience l&rsquo;apparition des traditionnels hannetons communs, ces petits scarab\u00e9es qui tournoient autour des lumi\u00e8res la nuit. Malgr\u00e9 leur nom au singulier, il ne s&rsquo;agit pas d&rsquo;une seule esp\u00e8ce, mais d&rsquo;un groupe diversifi\u00e9 de col\u00e9opt\u00e8res, mesurant g\u00e9n\u00e9ralement moins de 3 cm, qui \u00e9mergent simultan\u00e9ment dans le cadre d&rsquo;un fascinant ph\u00e9nom\u00e8ne naturel.<\/p>\n\n\n\n<h3 class=\"wp-block-heading\">Un cycle de vie souterrain<\/h3>\n\n\n\n<p>Les hannetons communs pr\u00e9sentent diff\u00e9rentes tailles, formes et couleurs. Une observation attentive permet de constater qu&rsquo;ils appartiennent \u00e0 de nombreuses esp\u00e8ces. Selon l&rsquo;endroit, on peut en observer de deux \u00e0 plus de vingt esp\u00e8ces \u00e0 la fois. La plupart sont nocturnes, se cachant sous terre pendant la journ\u00e9e et devenant actives la nuit. Toutefois, certaines esp\u00e8ces plus petites et color\u00e9es sont actives pendant la journ\u00e9e. Ces derni\u00e8res sont souvent appel\u00e9es localement \u00ab\u00a0ahogapollos\u00a0\u00bb.<\/p>\n\n\n\n<div style=\"height:100px\" aria-hidden=\"true\" class=\"wp-block-spacer\"><\/div>\n\n\n\n<figure class=\"wp-block-gallery has-nested-images columns-default is-cropped wp-block-gallery-1 is-layout-flex wp-block-gallery-is-layout-flex\">\n<figure class=\"wp-block-image size-large\"><img loading=\"lazy\" decoding=\"async\" width=\"768\" height=\"994\" data-id=\"21619\" src=\"https:\/\/www.sensorialsunsets.com\/wp-content\/uploads\/2025\/05\/Grupo01-scaled-1.webp\" alt=\"Hanneton commun\" class=\"wp-image-21619\" srcset=\"https:\/\/www.sensorialsunsets.com\/wp-content\/uploads\/2025\/05\/Grupo01-scaled-1.webp 768w, https:\/\/www.sensorialsunsets.com\/wp-content\/uploads\/2025\/05\/Grupo01-scaled-1-232x300.webp 232w\" sizes=\"auto, (max-width: 768px) 100vw, 768px\" \/><\/figure>\n\n\n\n<figure class=\"wp-block-image size-large\"><img loading=\"lazy\" decoding=\"async\" width=\"768\" height=\"994\" data-id=\"21622\" src=\"https:\/\/www.sensorialsunsets.com\/wp-content\/uploads\/2025\/05\/Grupo02-scaled-1.webp\" alt=\"\" class=\"wp-image-21622\" srcset=\"https:\/\/www.sensorialsunsets.com\/wp-content\/uploads\/2025\/05\/Grupo02-scaled-1.webp 768w, https:\/\/www.sensorialsunsets.com\/wp-content\/uploads\/2025\/05\/Grupo02-scaled-1-232x300.webp 232w\" sizes=\"auto, (max-width: 768px) 100vw, 768px\" \/><\/figure>\n\n\n\n<figure class=\"wp-block-image size-large\"><img loading=\"lazy\" decoding=\"async\" width=\"768\" height=\"994\" data-id=\"21624\" src=\"https:\/\/www.sensorialsunsets.com\/wp-content\/uploads\/2025\/05\/Grupo03-scaled-1.webp\" alt=\"Hanneton commun\" class=\"wp-image-21624\" srcset=\"https:\/\/www.sensorialsunsets.com\/wp-content\/uploads\/2025\/05\/Grupo03-scaled-1.webp 768w, https:\/\/www.sensorialsunsets.com\/wp-content\/uploads\/2025\/05\/Grupo03-scaled-1-232x300.webp 232w\" sizes=\"auto, (max-width: 768px) 100vw, 768px\" \/><\/figure>\n<\/figure>\n\n\n\n<div style=\"height:100px\" aria-hidden=\"true\" class=\"wp-block-spacer\"><\/div>\n\n\n\n<p>Le cycle de vie des hannetons communs commence en avril ou mai, lorsque les femelles pondent leurs \u0153ufs dans le sol. Les larves qui en \u00e9mergent, appel\u00e9es localement jogotos ou chobotos, se d\u00e9veloppent pendant environ cinq mois, muant plusieurs fois. En septembre ou octobre, elles atteignent leur d\u00e9veloppement maximal et deviennent tr\u00e8s voraces. Elles se transforment ensuite en nymphe, une phase de m\u00e9tamorphose qui se termine vers d\u00e9cembre. Mais les hannetons adultes restent sous terre jusqu&rsquo;\u00e0 ce que les premi\u00e8res pluies abondantes les incitent \u00e0 sortir.<\/p>\n\n\n\n<h3 class=\"wp-block-heading\">Hanneton commun : Des ennemis naturels<\/h3>\n\n\n\n<p>Tout au long de leur vie, les hannetons communs doivent faire face \u00e0 de nombreux pr\u00e9dateurs. Les oiseaux sont leurs principaux ennemis \u00e0 l&rsquo;\u00e2ge adulte. Ils sont aussi la cible de mouches parasites, dont les femelles d\u00e9posent un \u0153uf sur leur abdomen; la larve p\u00e9n\u00e8tre ensuite dans le corps du col\u00e9opt\u00e8re pour s&rsquo;en nourrir. Quant aux larves, elles sont souvent d\u00e9terr\u00e9es et d\u00e9vor\u00e9es par des mammif\u00e8res comme les coatis ou les tatous.<\/p>\n\n\n\n<p>Pour beaucoup, l&rsquo;apparition des hannetons communs symbolise un moment nostalgique et joyeux li\u00e9 au d\u00e9but de la saison des pluies. D&rsquo;autres, par m\u00e9connaissance ou inconfort, les consid\u00e8rent comme des nuisibles.<\/p>\n\n\n\n<h3 class=\"wp-block-heading\">Dans la nature et dans les champs<\/h3>\n\n\n\n<p>Lors d&rsquo;une visite aux Cascadas del Toro, on a observ\u00e9 un hanneton commun de l&rsquo;esp\u00e8ce Callistethus vanpatteni se nourrissant de Piper aritum. Ailleurs dans le pays, une esp\u00e8ce de Phyllophaga a \u00e9t\u00e9 vue en train de manger du Guarumo (Cecropia spp.). Bien qu&rsquo;inoffensifs dans les milieux naturels, ces insectes peuvent poser de s\u00e9rieux probl\u00e8mes dans les zones agricoles, car leurs larves d\u00e9vorent les racines et les tubercules, causant des pertes \u00e9conomiques importantes.<\/p>\n\n\n\n<div style=\"height:100px\" aria-hidden=\"true\" class=\"wp-block-spacer\"><\/div>\n\n\n\n<figure class=\"wp-block-gallery has-nested-images columns-default is-cropped wp-block-gallery-2 is-layout-flex wp-block-gallery-is-layout-flex\">\n<figure class=\"wp-block-image size-large\"><img loading=\"lazy\" decoding=\"async\" width=\"768\" height=\"576\" data-id=\"21628\" src=\"https:\/\/www.sensorialsunsets.com\/wp-content\/uploads\/2025\/05\/Phyllophaga-prolixa-3.webp\" alt=\"Hanneton commun\" class=\"wp-image-21628\" srcset=\"https:\/\/www.sensorialsunsets.com\/wp-content\/uploads\/2025\/05\/Phyllophaga-prolixa-3.webp 768w, https:\/\/www.sensorialsunsets.com\/wp-content\/uploads\/2025\/05\/Phyllophaga-prolixa-3-300x225.webp 300w\" sizes=\"auto, (max-width: 768px) 100vw, 768px\" \/><\/figure>\n\n\n\n<figure class=\"wp-block-image size-large\"><img loading=\"lazy\" decoding=\"async\" width=\"1024\" height=\"576\" data-id=\"21634\" src=\"https:\/\/www.sensorialsunsets.com\/wp-content\/uploads\/2025\/05\/bumblebees-1024x576.jpg\" alt=\"Hanneton commun\" class=\"wp-image-21634\" srcset=\"https:\/\/www.sensorialsunsets.com\/wp-content\/uploads\/2025\/05\/bumblebees-1024x576.jpg 1024w, https:\/\/www.sensorialsunsets.com\/wp-content\/uploads\/2025\/05\/bumblebees-300x169.jpg 300w, https:\/\/www.sensorialsunsets.com\/wp-content\/uploads\/2025\/05\/bumblebees-768x432.jpg 768w, https:\/\/www.sensorialsunsets.com\/wp-content\/uploads\/2025\/05\/bumblebees.jpg 1280w\" sizes=\"auto, (max-width: 1024px) 100vw, 1024px\" \/><\/figure>\n\n\n\n<figure class=\"wp-block-image size-large\"><img loading=\"lazy\" decoding=\"async\" width=\"768\" height=\"576\" data-id=\"21631\" src=\"https:\/\/www.sensorialsunsets.com\/wp-content\/uploads\/2025\/05\/Phyllophaga-coronadis-1.webp\" alt=\"\" class=\"wp-image-21631\" srcset=\"https:\/\/www.sensorialsunsets.com\/wp-content\/uploads\/2025\/05\/Phyllophaga-coronadis-1.webp 768w, https:\/\/www.sensorialsunsets.com\/wp-content\/uploads\/2025\/05\/Phyllophaga-coronadis-1-300x225.webp 300w\" sizes=\"auto, (max-width: 768px) 100vw, 768px\" \/><\/figure>\n<\/figure>\n\n\n\n<div style=\"height:100px\" aria-hidden=\"true\" class=\"wp-block-spacer\"><\/div>\n\n\n\n<p>Le concept de \u00ab\u00a0nuisible\u00a0\u00bb est relatif et d\u00e9pend de l&rsquo;impact sur les activit\u00e9s humaines. Mieux conna\u00eetre leur biologie permettrait de g\u00e9rer leurs populations sans perturber inutilement l&rsquo;\u00e9cosyst\u00e8me.<\/p>\n\n\n\n<h3 class=\"wp-block-heading\">Une population en d\u00e9clin<\/h3>\n\n\n\n<p>Le Costa Rica abrite environ 430 esp\u00e8ces de hannetons communs. La plupart vivent dans des for\u00eats naturelles, et seulement 90 d&rsquo;entre elles se sont adapt\u00e9es aux zones modifi\u00e9es par l&rsquo;homme, telles que les jardins, les parcs ou les champs. Malheureusement, on estime que leur population a chut\u00e9 de 90 \u00e0 95 % au cours des 40 derni\u00e8res ann\u00e9es. <\/p>\n\n\n\n<p>Selon des recherches r\u00e9centes, cette <a href=\"https:\/\/www.sensorialsunsets.com\/fr\/quarrive-t-il-aux-scarabees-de-mai\/\">diminution<\/a> est li\u00e9e au changement d&rsquo;utilisation des sols dans la vall\u00e9e centrale. Ce qui \u00e9tait autrefois des plantations de caf\u00e9 et des cultures dans des endroits comme Moravia, Tib\u00e1s et Heredia est aujourd&rsquo;hui urbanis\u00e9. La perte d&rsquo;espaces verts a r\u00e9duit les habitats o\u00f9 ces insectes pouvaient se d\u00e9velopper.<\/p>\n\n\n\n<p><strong>Sensorial Sunsets<\/strong><\/p>\n\n\n\n<h3 class=\"wp-block-heading has-white-color has-text-color has-link-color has-small-font-size wp-elements-02b17da3626215c7ef259cf56d05787a\">Hanneton commun<\/h3>\n","protected":false},"excerpt":{"rendered":"<p>Avec l&rsquo;arriv\u00e9e des premi\u00e8res pluies de l&rsquo;ann\u00e9e, de nombreux Costariciens attendent avec impatience l&rsquo;apparition des traditionnels hannetons communs, ces petits scarab\u00e9es qui tournoient autour des lumi\u00e8res la nuit. Malgr\u00e9 leur nom au singulier, il ne s&rsquo;agit pas d&rsquo;une seule esp\u00e8ce, mais d&rsquo;un groupe diversifi\u00e9 de col\u00e9opt\u00e8res, mesurant g\u00e9n\u00e9ralement moins de 3 cm, qui \u00e9mergent simultan\u00e9ment [&hellip;]<\/p>\n","protected":false},"author":4,"featured_media":21640,"comment_status":"closed","ping_status":"closed","sticky":false,"template":"","format":"standard","meta":{"_acf_changed":false,"inline_featured_image":false,"_monsterinsights_skip_tracking":false,"_monsterinsights_sitenote_active":false,"_monsterinsights_sitenote_note":"","_monsterinsights_sitenote_category":0,"footnotes":""},"categories":[1],"tags":[],"class_list":["post-21645","post","type-post","status-publish","format-standard","has-post-thumbnail","hentry","category-non-classifiee"],"acf":[],"yoast_head":"<!-- This site is optimized with the Yoast SEO plugin v27.4 - https:\/\/yoast.com\/product\/yoast-seo-wordpress\/ -->\n<title>Hanneton commun : Visiteurs ail\u00e9s de la saison des pluies au Costa Rica - SensorialSunsets<\/title>\n<meta name=\"description\" content=\"Hanneton commun: diversit\u00e9, cycle de vie et r\u00f4le \u00e9cologique de ces col\u00e9opt\u00e8res qui apparaissent avec les premi\u00e8res pluies au Costa Rica.\" \/>\n<meta name=\"robots\" content=\"index, follow, max-snippet:-1, max-image-preview:large, max-video-preview:-1\" \/>\n<link rel=\"canonical\" href=\"https:\/\/www.sensorialsunsets.com\/fr\/hanneton-commun-visiteurs-ailes-de-la-saison-des-pluies-au-costa-rica\/\" \/>\n<meta property=\"og:locale\" content=\"fr_FR\" \/>\n<meta property=\"og:type\" content=\"article\" \/>\n<meta property=\"og:title\" content=\"Hanneton commun : Visiteurs ail\u00e9s de la saison des pluies au Costa Rica - SensorialSunsets\" \/>\n<meta property=\"og:description\" content=\"Hanneton commun: diversit\u00e9, cycle de vie et r\u00f4le \u00e9cologique de ces col\u00e9opt\u00e8res qui apparaissent avec les premi\u00e8res pluies au Costa Rica.\" \/>\n<meta property=\"og:url\" content=\"https:\/\/www.sensorialsunsets.com\/fr\/hanneton-commun-visiteurs-ailes-de-la-saison-des-pluies-au-costa-rica\/\" \/>\n<meta property=\"og:site_name\" content=\"SensorialSunsets\" \/>\n<meta property=\"article:publisher\" content=\"https:\/\/www.facebook.com\/Sensorial-Sunsets-109180614715562\" \/>\n<meta property=\"article:published_time\" content=\"2025-05-12T20:47:13+00:00\" \/>\n<meta property=\"og:image\" content=\"https:\/\/www.sensorialsunsets.com\/wp-content\/uploads\/2025\/05\/abejones_de_mayo_3-e1747080971835.jpg\" \/>\n\t<meta property=\"og:image:width\" content=\"914\" \/>\n\t<meta property=\"og:image:height\" content=\"788\" \/>\n\t<meta property=\"og:image:type\" content=\"image\/jpeg\" \/>\n<meta name=\"author\" content=\"Sensorial Sunsets\" \/>\n<meta name=\"twitter:card\" content=\"summary_large_image\" \/>\n<meta name=\"twitter:label1\" content=\"\u00c9crit par\" \/>\n\t<meta name=\"twitter:data1\" content=\"Sensorial Sunsets\" \/>\n\t<meta name=\"twitter:label2\" content=\"Dur\u00e9e de lecture estim\u00e9e\" \/>\n\t<meta name=\"twitter:data2\" content=\"3 minutes\" \/>\n<script type=\"application\/ld+json\" class=\"yoast-schema-graph\">{\"@context\":\"https:\\\/\\\/schema.org\",\"@graph\":[{\"@type\":\"Article\",\"@id\":\"https:\\\/\\\/www.sensorialsunsets.com\\\/fr\\\/hanneton-commun-visiteurs-ailes-de-la-saison-des-pluies-au-costa-rica\\\/#article\",\"isPartOf\":{\"@id\":\"https:\\\/\\\/www.sensorialsunsets.com\\\/fr\\\/hanneton-commun-visiteurs-ailes-de-la-saison-des-pluies-au-costa-rica\\\/\"},\"author\":{\"name\":\"Sensorial Sunsets\",\"@id\":\"https:\\\/\\\/www.sensorialsunsets.com\\\/fr\\\/#\\\/schema\\\/person\\\/77e2fa594135aa94024c47e281d8a94d\"},\"headline\":\"Hanneton commun : Visiteurs ail\u00e9s de la saison des pluies au Costa Rica\",\"datePublished\":\"2025-05-12T20:47:13+00:00\",\"mainEntityOfPage\":{\"@id\":\"https:\\\/\\\/www.sensorialsunsets.com\\\/fr\\\/hanneton-commun-visiteurs-ailes-de-la-saison-des-pluies-au-costa-rica\\\/\"},\"wordCount\":646,\"publisher\":{\"@id\":\"https:\\\/\\\/www.sensorialsunsets.com\\\/fr\\\/#organization\"},\"image\":{\"@id\":\"https:\\\/\\\/www.sensorialsunsets.com\\\/fr\\\/hanneton-commun-visiteurs-ailes-de-la-saison-des-pluies-au-costa-rica\\\/#primaryimage\"},\"thumbnailUrl\":\"https:\\\/\\\/www.sensorialsunsets.com\\\/wp-content\\\/uploads\\\/2025\\\/05\\\/abejones_de_mayo_3-e1747080971835.jpg\",\"articleSection\":[\"Non classifi\u00e9(e)\"],\"inLanguage\":\"fr-FR\"},{\"@type\":\"WebPage\",\"@id\":\"https:\\\/\\\/www.sensorialsunsets.com\\\/fr\\\/hanneton-commun-visiteurs-ailes-de-la-saison-des-pluies-au-costa-rica\\\/\",\"url\":\"https:\\\/\\\/www.sensorialsunsets.com\\\/fr\\\/hanneton-commun-visiteurs-ailes-de-la-saison-des-pluies-au-costa-rica\\\/\",\"name\":\"Hanneton commun : Visiteurs ail\u00e9s de la saison des pluies au Costa Rica - SensorialSunsets\",\"isPartOf\":{\"@id\":\"https:\\\/\\\/www.sensorialsunsets.com\\\/fr\\\/#website\"},\"primaryImageOfPage\":{\"@id\":\"https:\\\/\\\/www.sensorialsunsets.com\\\/fr\\\/hanneton-commun-visiteurs-ailes-de-la-saison-des-pluies-au-costa-rica\\\/#primaryimage\"},\"image\":{\"@id\":\"https:\\\/\\\/www.sensorialsunsets.com\\\/fr\\\/hanneton-commun-visiteurs-ailes-de-la-saison-des-pluies-au-costa-rica\\\/#primaryimage\"},\"thumbnailUrl\":\"https:\\\/\\\/www.sensorialsunsets.com\\\/wp-content\\\/uploads\\\/2025\\\/05\\\/abejones_de_mayo_3-e1747080971835.jpg\",\"datePublished\":\"2025-05-12T20:47:13+00:00\",\"description\":\"Hanneton commun: diversit\u00e9, cycle de vie et r\u00f4le \u00e9cologique de ces col\u00e9opt\u00e8res qui apparaissent avec les premi\u00e8res pluies au Costa Rica.\",\"inLanguage\":\"fr-FR\",\"potentialAction\":[{\"@type\":\"ReadAction\",\"target\":[\"https:\\\/\\\/www.sensorialsunsets.com\\\/fr\\\/hanneton-commun-visiteurs-ailes-de-la-saison-des-pluies-au-costa-rica\\\/\"]}]},{\"@type\":\"ImageObject\",\"inLanguage\":\"fr-FR\",\"@id\":\"https:\\\/\\\/www.sensorialsunsets.com\\\/fr\\\/hanneton-commun-visiteurs-ailes-de-la-saison-des-pluies-au-costa-rica\\\/#primaryimage\",\"url\":\"https:\\\/\\\/www.sensorialsunsets.com\\\/wp-content\\\/uploads\\\/2025\\\/05\\\/abejones_de_mayo_3-e1747080971835.jpg\",\"contentUrl\":\"https:\\\/\\\/www.sensorialsunsets.com\\\/wp-content\\\/uploads\\\/2025\\\/05\\\/abejones_de_mayo_3-e1747080971835.jpg\",\"width\":914,\"height\":788},{\"@type\":\"WebSite\",\"@id\":\"https:\\\/\\\/www.sensorialsunsets.com\\\/fr\\\/#website\",\"url\":\"https:\\\/\\\/www.sensorialsunsets.com\\\/fr\\\/\",\"name\":\"SensorialSunsets.com\",\"description\":\"D\u00e9couvrez la culture et la soci\u00e9t\u00e9 du Costa Rica sur notre blog. Explorez des articles captivants et partagez le contenu.\",\"publisher\":{\"@id\":\"https:\\\/\\\/www.sensorialsunsets.com\\\/fr\\\/#organization\"},\"alternateName\":\"Costa Rica Live Blog\",\"potentialAction\":[{\"@type\":\"SearchAction\",\"target\":{\"@type\":\"EntryPoint\",\"urlTemplate\":\"https:\\\/\\\/www.sensorialsunsets.com\\\/fr\\\/?s={search_term_string}\"},\"query-input\":{\"@type\":\"PropertyValueSpecification\",\"valueRequired\":true,\"valueName\":\"search_term_string\"}}],\"inLanguage\":\"fr-FR\"},{\"@type\":\"Organization\",\"@id\":\"https:\\\/\\\/www.sensorialsunsets.com\\\/fr\\\/#organization\",\"name\":\"SensorialSunsets\",\"url\":\"https:\\\/\\\/www.sensorialsunsets.com\\\/fr\\\/\",\"logo\":{\"@type\":\"ImageObject\",\"inLanguage\":\"fr-FR\",\"@id\":\"https:\\\/\\\/www.sensorialsunsets.com\\\/fr\\\/#\\\/schema\\\/logo\\\/image\\\/\",\"url\":\"https:\\\/\\\/www.sensorialsunsets.com\\\/wp-content\\\/uploads\\\/2023\\\/04\\\/Logo_base_line_fond_clair.svg\",\"contentUrl\":\"https:\\\/\\\/www.sensorialsunsets.com\\\/wp-content\\\/uploads\\\/2023\\\/04\\\/Logo_base_line_fond_clair.svg\",\"width\":\"1024\",\"height\":\"1024\",\"caption\":\"SensorialSunsets\"},\"image\":{\"@id\":\"https:\\\/\\\/www.sensorialsunsets.com\\\/fr\\\/#\\\/schema\\\/logo\\\/image\\\/\"},\"sameAs\":[\"https:\\\/\\\/www.facebook.com\\\/Sensorial-Sunsets-109180614715562\",\"https:\\\/\\\/www.instagram.com\\\/sensorialsunsets\\\/\"]},{\"@type\":\"Person\",\"@id\":\"https:\\\/\\\/www.sensorialsunsets.com\\\/fr\\\/#\\\/schema\\\/person\\\/77e2fa594135aa94024c47e281d8a94d\",\"name\":\"Sensorial Sunsets\",\"image\":{\"@type\":\"ImageObject\",\"inLanguage\":\"fr-FR\",\"@id\":\"https:\\\/\\\/secure.gravatar.com\\\/avatar\\\/5f2d62681b1dad94c28f1500d4fc75582acdfd32b55fd1acce0a36a3c487eabe?s=96&d=mm&r=g\",\"url\":\"https:\\\/\\\/secure.gravatar.com\\\/avatar\\\/5f2d62681b1dad94c28f1500d4fc75582acdfd32b55fd1acce0a36a3c487eabe?s=96&d=mm&r=g\",\"contentUrl\":\"https:\\\/\\\/secure.gravatar.com\\\/avatar\\\/5f2d62681b1dad94c28f1500d4fc75582acdfd32b55fd1acce0a36a3c487eabe?s=96&d=mm&r=g\",\"caption\":\"Sensorial Sunsets\"},\"url\":\"https:\\\/\\\/www.sensorialsunsets.com\\\/fr\\\/author\\\/asistentes-sensorial-sunsets\\\/\"}]}<\/script>\n<!-- \/ Yoast SEO plugin. -->","yoast_head_json":{"title":"Hanneton commun : Visiteurs ail\u00e9s de la saison des pluies au Costa Rica - SensorialSunsets","description":"Hanneton commun: diversit\u00e9, cycle de vie et r\u00f4le \u00e9cologique de ces col\u00e9opt\u00e8res qui apparaissent avec les premi\u00e8res pluies au Costa Rica.","robots":{"index":"index","follow":"follow","max-snippet":"max-snippet:-1","max-image-preview":"max-image-preview:large","max-video-preview":"max-video-preview:-1"},"canonical":"https:\/\/www.sensorialsunsets.com\/fr\/hanneton-commun-visiteurs-ailes-de-la-saison-des-pluies-au-costa-rica\/","og_locale":"fr_FR","og_type":"article","og_title":"Hanneton commun : Visiteurs ail\u00e9s de la saison des pluies au Costa Rica - SensorialSunsets","og_description":"Hanneton commun: diversit\u00e9, cycle de vie et r\u00f4le \u00e9cologique de ces col\u00e9opt\u00e8res qui apparaissent avec les premi\u00e8res pluies au Costa Rica.","og_url":"https:\/\/www.sensorialsunsets.com\/fr\/hanneton-commun-visiteurs-ailes-de-la-saison-des-pluies-au-costa-rica\/","og_site_name":"SensorialSunsets","article_publisher":"https:\/\/www.facebook.com\/Sensorial-Sunsets-109180614715562","article_published_time":"2025-05-12T20:47:13+00:00","og_image":[{"width":914,"height":788,"url":"https:\/\/www.sensorialsunsets.com\/wp-content\/uploads\/2025\/05\/abejones_de_mayo_3-e1747080971835.jpg","type":"image\/jpeg"}],"author":"Sensorial Sunsets","twitter_card":"summary_large_image","twitter_misc":{"\u00c9crit par":"Sensorial Sunsets","Dur\u00e9e de lecture estim\u00e9e":"3 minutes"},"schema":{"@context":"https:\/\/schema.org","@graph":[{"@type":"Article","@id":"https:\/\/www.sensorialsunsets.com\/fr\/hanneton-commun-visiteurs-ailes-de-la-saison-des-pluies-au-costa-rica\/#article","isPartOf":{"@id":"https:\/\/www.sensorialsunsets.com\/fr\/hanneton-commun-visiteurs-ailes-de-la-saison-des-pluies-au-costa-rica\/"},"author":{"name":"Sensorial Sunsets","@id":"https:\/\/www.sensorialsunsets.com\/fr\/#\/schema\/person\/77e2fa594135aa94024c47e281d8a94d"},"headline":"Hanneton commun : Visiteurs ail\u00e9s de la saison des pluies au Costa Rica","datePublished":"2025-05-12T20:47:13+00:00","mainEntityOfPage":{"@id":"https:\/\/www.sensorialsunsets.com\/fr\/hanneton-commun-visiteurs-ailes-de-la-saison-des-pluies-au-costa-rica\/"},"wordCount":646,"publisher":{"@id":"https:\/\/www.sensorialsunsets.com\/fr\/#organization"},"image":{"@id":"https:\/\/www.sensorialsunsets.com\/fr\/hanneton-commun-visiteurs-ailes-de-la-saison-des-pluies-au-costa-rica\/#primaryimage"},"thumbnailUrl":"https:\/\/www.sensorialsunsets.com\/wp-content\/uploads\/2025\/05\/abejones_de_mayo_3-e1747080971835.jpg","articleSection":["Non classifi\u00e9(e)"],"inLanguage":"fr-FR"},{"@type":"WebPage","@id":"https:\/\/www.sensorialsunsets.com\/fr\/hanneton-commun-visiteurs-ailes-de-la-saison-des-pluies-au-costa-rica\/","url":"https:\/\/www.sensorialsunsets.com\/fr\/hanneton-commun-visiteurs-ailes-de-la-saison-des-pluies-au-costa-rica\/","name":"Hanneton commun : Visiteurs ail\u00e9s de la saison des pluies au Costa Rica - SensorialSunsets","isPartOf":{"@id":"https:\/\/www.sensorialsunsets.com\/fr\/#website"},"primaryImageOfPage":{"@id":"https:\/\/www.sensorialsunsets.com\/fr\/hanneton-commun-visiteurs-ailes-de-la-saison-des-pluies-au-costa-rica\/#primaryimage"},"image":{"@id":"https:\/\/www.sensorialsunsets.com\/fr\/hanneton-commun-visiteurs-ailes-de-la-saison-des-pluies-au-costa-rica\/#primaryimage"},"thumbnailUrl":"https:\/\/www.sensorialsunsets.com\/wp-content\/uploads\/2025\/05\/abejones_de_mayo_3-e1747080971835.jpg","datePublished":"2025-05-12T20:47:13+00:00","description":"Hanneton commun: diversit\u00e9, cycle de vie et r\u00f4le \u00e9cologique de ces col\u00e9opt\u00e8res qui apparaissent avec les premi\u00e8res pluies au Costa Rica.","inLanguage":"fr-FR","potentialAction":[{"@type":"ReadAction","target":["https:\/\/www.sensorialsunsets.com\/fr\/hanneton-commun-visiteurs-ailes-de-la-saison-des-pluies-au-costa-rica\/"]}]},{"@type":"ImageObject","inLanguage":"fr-FR","@id":"https:\/\/www.sensorialsunsets.com\/fr\/hanneton-commun-visiteurs-ailes-de-la-saison-des-pluies-au-costa-rica\/#primaryimage","url":"https:\/\/www.sensorialsunsets.com\/wp-content\/uploads\/2025\/05\/abejones_de_mayo_3-e1747080971835.jpg","contentUrl":"https:\/\/www.sensorialsunsets.com\/wp-content\/uploads\/2025\/05\/abejones_de_mayo_3-e1747080971835.jpg","width":914,"height":788},{"@type":"WebSite","@id":"https:\/\/www.sensorialsunsets.com\/fr\/#website","url":"https:\/\/www.sensorialsunsets.com\/fr\/","name":"SensorialSunsets.com","description":"D\u00e9couvrez la culture et la soci\u00e9t\u00e9 du Costa Rica sur notre blog. Explorez des articles captivants et partagez le contenu.","publisher":{"@id":"https:\/\/www.sensorialsunsets.com\/fr\/#organization"},"alternateName":"Costa Rica Live Blog","potentialAction":[{"@type":"SearchAction","target":{"@type":"EntryPoint","urlTemplate":"https:\/\/www.sensorialsunsets.com\/fr\/?s={search_term_string}"},"query-input":{"@type":"PropertyValueSpecification","valueRequired":true,"valueName":"search_term_string"}}],"inLanguage":"fr-FR"},{"@type":"Organization","@id":"https:\/\/www.sensorialsunsets.com\/fr\/#organization","name":"SensorialSunsets","url":"https:\/\/www.sensorialsunsets.com\/fr\/","logo":{"@type":"ImageObject","inLanguage":"fr-FR","@id":"https:\/\/www.sensorialsunsets.com\/fr\/#\/schema\/logo\/image\/","url":"https:\/\/www.sensorialsunsets.com\/wp-content\/uploads\/2023\/04\/Logo_base_line_fond_clair.svg","contentUrl":"https:\/\/www.sensorialsunsets.com\/wp-content\/uploads\/2023\/04\/Logo_base_line_fond_clair.svg","width":"1024","height":"1024","caption":"SensorialSunsets"},"image":{"@id":"https:\/\/www.sensorialsunsets.com\/fr\/#\/schema\/logo\/image\/"},"sameAs":["https:\/\/www.facebook.com\/Sensorial-Sunsets-109180614715562","https:\/\/www.instagram.com\/sensorialsunsets\/"]},{"@type":"Person","@id":"https:\/\/www.sensorialsunsets.com\/fr\/#\/schema\/person\/77e2fa594135aa94024c47e281d8a94d","name":"Sensorial Sunsets","image":{"@type":"ImageObject","inLanguage":"fr-FR","@id":"https:\/\/secure.gravatar.com\/avatar\/5f2d62681b1dad94c28f1500d4fc75582acdfd32b55fd1acce0a36a3c487eabe?s=96&d=mm&r=g","url":"https:\/\/secure.gravatar.com\/avatar\/5f2d62681b1dad94c28f1500d4fc75582acdfd32b55fd1acce0a36a3c487eabe?s=96&d=mm&r=g","contentUrl":"https:\/\/secure.gravatar.com\/avatar\/5f2d62681b1dad94c28f1500d4fc75582acdfd32b55fd1acce0a36a3c487eabe?s=96&d=mm&r=g","caption":"Sensorial Sunsets"},"url":"https:\/\/www.sensorialsunsets.com\/fr\/author\/asistentes-sensorial-sunsets\/"}]}},"_links":{"self":[{"href":"https:\/\/www.sensorialsunsets.com\/fr\/wp-json\/wp\/v2\/posts\/21645","targetHints":{"allow":["GET"]}}],"collection":[{"href":"https:\/\/www.sensorialsunsets.com\/fr\/wp-json\/wp\/v2\/posts"}],"about":[{"href":"https:\/\/www.sensorialsunsets.com\/fr\/wp-json\/wp\/v2\/types\/post"}],"author":[{"embeddable":true,"href":"https:\/\/www.sensorialsunsets.com\/fr\/wp-json\/wp\/v2\/users\/4"}],"replies":[{"embeddable":true,"href":"https:\/\/www.sensorialsunsets.com\/fr\/wp-json\/wp\/v2\/comments?post=21645"}],"version-history":[{"count":2,"href":"https:\/\/www.sensorialsunsets.com\/fr\/wp-json\/wp\/v2\/posts\/21645\/revisions"}],"predecessor-version":[{"id":21648,"href":"https:\/\/www.sensorialsunsets.com\/fr\/wp-json\/wp\/v2\/posts\/21645\/revisions\/21648"}],"wp:featuredmedia":[{"embeddable":true,"href":"https:\/\/www.sensorialsunsets.com\/fr\/wp-json\/wp\/v2\/media\/21640"}],"wp:attachment":[{"href":"https:\/\/www.sensorialsunsets.com\/fr\/wp-json\/wp\/v2\/media?parent=21645"}],"wp:term":[{"taxonomy":"category","embeddable":true,"href":"https:\/\/www.sensorialsunsets.com\/fr\/wp-json\/wp\/v2\/categories?post=21645"},{"taxonomy":"post_tag","embeddable":true,"href":"https:\/\/www.sensorialsunsets.com\/fr\/wp-json\/wp\/v2\/tags?post=21645"}],"curies":[{"name":"wp","href":"https:\/\/api.w.org\/{rel}","templated":true}]}}