{"id":21769,"date":"2025-05-14T16:55:32","date_gmt":"2025-05-14T22:55:32","guid":{"rendered":"https:\/\/www.sensorialsunsets.com\/?p=21769"},"modified":"2025-05-14T16:55:32","modified_gmt":"2025-05-14T22:55:32","slug":"chepe-de-moda-deuxieme-art-city-tour-de-2025","status":"publish","type":"post","link":"https:\/\/www.sensorialsunsets.com\/fr\/chepe-de-moda-deuxieme-art-city-tour-de-2025\/","title":{"rendered":"Chepe de moda : deuxi\u00e8me Art City Tour de 2025"},"content":{"rendered":"\n<p>Chepe de moda: Art City Tour 2025<\/p>\n\n\n\n<p>Ce jeudi 15 mai, San Jos\u00e9 vivra une nouvelle \u00e9dition de l&rsquo;<a href=\"https:\/\/www.sensorialsunsets.com\/fr\/art-city-tour-et-chepecletas\/\">Art City Tour<\/a> sous le slogan <em>\u00ab Chepe de Moda \u00bb<\/em>, une nuit o\u00f9 l&rsquo;art, la mode, la musique et le design envahissent les rues. Plus de 12 espaces culturels ouvriront leurs portes avec une programmation sp\u00e9ciale, des ateliers, des expositions, de la musique live et des activit\u00e9s interactives. Le tout gratuitement et avec transport inclus.<\/p>\n\n\n\n<p>De 17 h \u00e0 minuit pass\u00e9, vous pourrez visiter des mus\u00e9es, des galeries, des centres culturels et des bars qui ont pr\u00e9par\u00e9 des exp\u00e9riences uniques pour c\u00e9l\u00e9brer l&rsquo;art sous toutes ses formes.<\/p>\n\n\n\n<h5 class=\"wp-block-heading\">Parmi les points forts de chepe de moda, on peut citer :<\/h5>\n\n\n\n<h3 class=\"wp-block-heading\"><strong>Mus\u00e9e du Jade et de la Culture Pr\u00e9colombienne<\/strong><\/h3>\n\n\n\n<p>(17 h \u2013 20 h 30)<br>Des \u0153uvres telles que <em>Cartograf\u00edas del Coraz\u00f3n<\/em> de Sussy Vargas et l&rsquo;\u00e9dition illustr\u00e9e de <em>La Divina Comedia<\/em> de Salvador Dal\u00ed partageront l&rsquo;espace avec la collection permanente de jade et de c\u00e9ramiques pr\u00e9colombiennes. Il y aura \u00e9galement des spectacles en direct \u00e0 18 h 15 et 19 h 15.<\/p>\n\n\n\n<figure class=\"wp-block-gallery has-nested-images columns-default is-cropped wp-block-gallery-1 is-layout-flex wp-block-gallery-is-layout-flex\">\n<figure class=\"wp-block-image size-large\"><img loading=\"lazy\" decoding=\"async\" width=\"1024\" height=\"310\" data-id=\"21653\" src=\"https:\/\/www.sensorialsunsets.com\/wp-content\/uploads\/2025\/05\/Museo-del-Jade-y-la-Cultura-Precolombina1-1024x310.webp\" alt=\"Chepe de moda\" class=\"wp-image-21653\" srcset=\"https:\/\/www.sensorialsunsets.com\/wp-content\/uploads\/2025\/05\/Museo-del-Jade-y-la-Cultura-Precolombina1-1024x310.webp 1024w, https:\/\/www.sensorialsunsets.com\/wp-content\/uploads\/2025\/05\/Museo-del-Jade-y-la-Cultura-Precolombina1-300x91.webp 300w, https:\/\/www.sensorialsunsets.com\/wp-content\/uploads\/2025\/05\/Museo-del-Jade-y-la-Cultura-Precolombina1-768x233.webp 768w, https:\/\/www.sensorialsunsets.com\/wp-content\/uploads\/2025\/05\/Museo-del-Jade-y-la-Cultura-Precolombina1-1536x465.webp 1536w, https:\/\/www.sensorialsunsets.com\/wp-content\/uploads\/2025\/05\/Museo-del-Jade-y-la-Cultura-Precolombina1-2048x620.webp 2048w, https:\/\/www.sensorialsunsets.com\/wp-content\/uploads\/2025\/05\/Museo-del-Jade-y-la-Cultura-Precolombina1-1320x400.webp 1320w\" sizes=\"auto, (max-width: 1024px) 100vw, 1024px\" \/><\/figure>\n\n\n\n<figure class=\"wp-block-image size-large\"><img loading=\"lazy\" decoding=\"async\" width=\"1024\" height=\"310\" data-id=\"21650\" src=\"https:\/\/www.sensorialsunsets.com\/wp-content\/uploads\/2025\/05\/Museo-del-Jade-y-la-Cultura-Precolombina-1024x310.webp\" alt=\"Chepe de moda\" class=\"wp-image-21650\" srcset=\"https:\/\/www.sensorialsunsets.com\/wp-content\/uploads\/2025\/05\/Museo-del-Jade-y-la-Cultura-Precolombina-1024x310.webp 1024w, https:\/\/www.sensorialsunsets.com\/wp-content\/uploads\/2025\/05\/Museo-del-Jade-y-la-Cultura-Precolombina-300x91.webp 300w, https:\/\/www.sensorialsunsets.com\/wp-content\/uploads\/2025\/05\/Museo-del-Jade-y-la-Cultura-Precolombina-768x233.webp 768w, https:\/\/www.sensorialsunsets.com\/wp-content\/uploads\/2025\/05\/Museo-del-Jade-y-la-Cultura-Precolombina-1536x465.webp 1536w, https:\/\/www.sensorialsunsets.com\/wp-content\/uploads\/2025\/05\/Museo-del-Jade-y-la-Cultura-Precolombina-2048x620.webp 2048w, https:\/\/www.sensorialsunsets.com\/wp-content\/uploads\/2025\/05\/Museo-del-Jade-y-la-Cultura-Precolombina-1320x400.webp 1320w\" sizes=\"auto, (max-width: 1024px) 100vw, 1024px\" \/><\/figure>\n<\/figure>\n\n\n\n<div style=\"height:100px\" aria-hidden=\"true\" class=\"wp-block-spacer\"><\/div>\n\n\n\n<h3 class=\"wp-block-heading\"><strong>Mus\u00e9e national du Costa Rica<\/strong><\/h3>\n\n\n\n<p>(17 h \u2013 20 h)<br>Un regard sur l&rsquo;histoire du pays et le cosmos avec l&rsquo;exposition <em>Voyageurs primitifs du syst\u00e8me solaire<\/em> et des sculptures pr\u00e9colombiennes en pierre.<\/p>\n\n\n\n<figure class=\"wp-block-gallery has-nested-images columns-default is-cropped wp-block-gallery-2 is-layout-flex wp-block-gallery-is-layout-flex\">\n<figure class=\"wp-block-image size-large\"><img loading=\"lazy\" decoding=\"async\" width=\"768\" height=\"1024\" data-id=\"21659\" src=\"https:\/\/www.sensorialsunsets.com\/wp-content\/uploads\/2025\/05\/expo-cuartel-10-800x1067-1-768x1024.jpg\" alt=\"\" class=\"wp-image-21659\" srcset=\"https:\/\/www.sensorialsunsets.com\/wp-content\/uploads\/2025\/05\/expo-cuartel-10-800x1067-1-768x1024.jpg 768w, https:\/\/www.sensorialsunsets.com\/wp-content\/uploads\/2025\/05\/expo-cuartel-10-800x1067-1-225x300.jpg 225w, https:\/\/www.sensorialsunsets.com\/wp-content\/uploads\/2025\/05\/expo-cuartel-10-800x1067-1.jpg 800w\" sizes=\"auto, (max-width: 768px) 100vw, 768px\" \/><\/figure>\n\n\n\n<figure class=\"wp-block-image size-large\"><img loading=\"lazy\" decoding=\"async\" width=\"800\" height=\"600\" data-id=\"21656\" src=\"https:\/\/www.sensorialsunsets.com\/wp-content\/uploads\/2025\/05\/eemazazo-pepe-figueres-800x600-1.jpg\" alt=\"Chepe de moda\" class=\"wp-image-21656\" srcset=\"https:\/\/www.sensorialsunsets.com\/wp-content\/uploads\/2025\/05\/eemazazo-pepe-figueres-800x600-1.jpg 800w, https:\/\/www.sensorialsunsets.com\/wp-content\/uploads\/2025\/05\/eemazazo-pepe-figueres-800x600-1-300x225.jpg 300w, https:\/\/www.sensorialsunsets.com\/wp-content\/uploads\/2025\/05\/eemazazo-pepe-figueres-800x600-1-768x576.jpg 768w\" sizes=\"auto, (max-width: 800px) 100vw, 800px\" \/><\/figure>\n\n\n\n<figure class=\"wp-block-image size-large\"><img loading=\"lazy\" decoding=\"async\" width=\"1024\" height=\"763\" data-id=\"21662\" src=\"https:\/\/www.sensorialsunsets.com\/wp-content\/uploads\/2025\/05\/expo-cuartel-5-1536x1144-1-1024x763.jpg\" alt=\"\" class=\"wp-image-21662\" srcset=\"https:\/\/www.sensorialsunsets.com\/wp-content\/uploads\/2025\/05\/expo-cuartel-5-1536x1144-1-1024x763.jpg 1024w, https:\/\/www.sensorialsunsets.com\/wp-content\/uploads\/2025\/05\/expo-cuartel-5-1536x1144-1-300x223.jpg 300w, https:\/\/www.sensorialsunsets.com\/wp-content\/uploads\/2025\/05\/expo-cuartel-5-1536x1144-1-768x572.jpg 768w, https:\/\/www.sensorialsunsets.com\/wp-content\/uploads\/2025\/05\/expo-cuartel-5-1536x1144-1-1320x983.jpg 1320w, https:\/\/www.sensorialsunsets.com\/wp-content\/uploads\/2025\/05\/expo-cuartel-5-1536x1144-1.jpg 1536w\" sizes=\"auto, (max-width: 1024px) 100vw, 1024px\" \/><\/figure>\n<\/figure>\n\n\n\n<div style=\"height:100px\" aria-hidden=\"true\" class=\"wp-block-spacer\"><\/div>\n\n\n\n<h3 class=\"wp-block-heading\"><strong>Mus\u00e9es de la Banque Centrale<\/strong><\/h3>\n\n\n\n<p>(17 h \u2013 20 h)<br>\u00c0 ne pas manquer : l&rsquo;exposition \u00ab Rutas Clandestinas \u00bb (Routes clandestines) d&rsquo;Ingrid Rudelman, ainsi que le mus\u00e9e de numismatique et le mus\u00e9e de l&rsquo;or pr\u00e9colombien.<\/p>\n\n\n\n<figure class=\"wp-block-gallery has-nested-images columns-default is-cropped wp-block-gallery-3 is-layout-flex wp-block-gallery-is-layout-flex\">\n<figure class=\"wp-block-image size-large\"><img loading=\"lazy\" decoding=\"async\" width=\"1024\" height=\"682\" data-id=\"21668\" src=\"https:\/\/www.sensorialsunsets.com\/wp-content\/uploads\/2025\/05\/Museos-del-Banco-Central-1024x682.jpg\" alt=\"\" class=\"wp-image-21668\" srcset=\"https:\/\/www.sensorialsunsets.com\/wp-content\/uploads\/2025\/05\/Museos-del-Banco-Central-1024x682.jpg 1024w, https:\/\/www.sensorialsunsets.com\/wp-content\/uploads\/2025\/05\/Museos-del-Banco-Central-300x200.jpg 300w, https:\/\/www.sensorialsunsets.com\/wp-content\/uploads\/2025\/05\/Museos-del-Banco-Central-768x512.jpg 768w, https:\/\/www.sensorialsunsets.com\/wp-content\/uploads\/2025\/05\/Museos-del-Banco-Central-1536x1024.jpg 1536w, https:\/\/www.sensorialsunsets.com\/wp-content\/uploads\/2025\/05\/Museos-del-Banco-Central-334x222.jpg 334w, https:\/\/www.sensorialsunsets.com\/wp-content\/uploads\/2025\/05\/Museos-del-Banco-Central-1320x880.jpg 1320w, https:\/\/www.sensorialsunsets.com\/wp-content\/uploads\/2025\/05\/Museos-del-Banco-Central.jpg 2000w\" sizes=\"auto, (max-width: 1024px) 100vw, 1024px\" \/><\/figure>\n\n\n\n<figure class=\"wp-block-image size-large\"><img loading=\"lazy\" decoding=\"async\" width=\"1024\" height=\"1024\" data-id=\"21665\" src=\"https:\/\/www.sensorialsunsets.com\/wp-content\/uploads\/2025\/05\/Museos-del-Banco-Central3-1024x1024.jpg\" alt=\"Chepe de moda\" class=\"wp-image-21665\" srcset=\"https:\/\/www.sensorialsunsets.com\/wp-content\/uploads\/2025\/05\/Museos-del-Banco-Central3-1024x1024.jpg 1024w, https:\/\/www.sensorialsunsets.com\/wp-content\/uploads\/2025\/05\/Museos-del-Banco-Central3-300x300.jpg 300w, https:\/\/www.sensorialsunsets.com\/wp-content\/uploads\/2025\/05\/Museos-del-Banco-Central3-150x150.jpg 150w, https:\/\/www.sensorialsunsets.com\/wp-content\/uploads\/2025\/05\/Museos-del-Banco-Central3-768x768.jpg 768w, https:\/\/www.sensorialsunsets.com\/wp-content\/uploads\/2025\/05\/Museos-del-Banco-Central3-50x50.jpg 50w, https:\/\/www.sensorialsunsets.com\/wp-content\/uploads\/2025\/05\/Museos-del-Banco-Central3-117x117.jpg 117w, https:\/\/www.sensorialsunsets.com\/wp-content\/uploads\/2025\/05\/Museos-del-Banco-Central3.jpg 1200w\" sizes=\"auto, (max-width: 1024px) 100vw, 1024px\" \/><\/figure>\n\n\n\n<figure class=\"wp-block-image size-large\"><img loading=\"lazy\" decoding=\"async\" width=\"639\" height=\"1024\" data-id=\"21671\" src=\"https:\/\/www.sensorialsunsets.com\/wp-content\/uploads\/2025\/05\/Museos-del-Banco-Central1-639x1024.jpg\" alt=\"\" class=\"wp-image-21671\" srcset=\"https:\/\/www.sensorialsunsets.com\/wp-content\/uploads\/2025\/05\/Museos-del-Banco-Central1-639x1024.jpg 639w, https:\/\/www.sensorialsunsets.com\/wp-content\/uploads\/2025\/05\/Museos-del-Banco-Central1-187x300.jpg 187w, https:\/\/www.sensorialsunsets.com\/wp-content\/uploads\/2025\/05\/Museos-del-Banco-Central1-768x1231.jpg 768w, https:\/\/www.sensorialsunsets.com\/wp-content\/uploads\/2025\/05\/Museos-del-Banco-Central1-958x1536.jpg 958w, https:\/\/www.sensorialsunsets.com\/wp-content\/uploads\/2025\/05\/Museos-del-Banco-Central1.jpg 1248w\" sizes=\"auto, (max-width: 639px) 100vw, 639px\" \/><\/figure>\n<\/figure>\n\n\n\n<div style=\"height:100px\" aria-hidden=\"true\" class=\"wp-block-spacer\"><\/div>\n\n\n\n<h3 class=\"wp-block-heading\"><strong>Alliance fran\u00e7aise<\/strong><\/h3>\n\n\n\n<p>(17 h \u2013 20 h 30)<br>Pr\u00e9sentation d&rsquo;une installation sonore avec des plantes r\u00e9alis\u00e9e par Charly Fariseo, accompagn\u00e9e d&rsquo;une exposition artistique d&rsquo;Anthony Robinson, de fresques murales collaboratives et d&rsquo;une table de collage.<\/p>\n\n\n\n<figure class=\"wp-block-gallery has-nested-images columns-default is-cropped wp-block-gallery-4 is-layout-flex wp-block-gallery-is-layout-flex\">\n<figure class=\"wp-block-image size-large\"><img loading=\"lazy\" decoding=\"async\" width=\"1024\" height=\"683\" data-id=\"21677\" src=\"https:\/\/www.sensorialsunsets.com\/wp-content\/uploads\/2025\/05\/Alianza-Francesa-1024x683.jpg\" alt=\"Chepe de moda\" class=\"wp-image-21677\" srcset=\"https:\/\/www.sensorialsunsets.com\/wp-content\/uploads\/2025\/05\/Alianza-Francesa-1024x683.jpg 1024w, https:\/\/www.sensorialsunsets.com\/wp-content\/uploads\/2025\/05\/Alianza-Francesa-300x200.jpg 300w, https:\/\/www.sensorialsunsets.com\/wp-content\/uploads\/2025\/05\/Alianza-Francesa-768x512.jpg 768w, https:\/\/www.sensorialsunsets.com\/wp-content\/uploads\/2025\/05\/Alianza-Francesa-334x222.jpg 334w, https:\/\/www.sensorialsunsets.com\/wp-content\/uploads\/2025\/05\/Alianza-Francesa.jpg 1200w\" sizes=\"auto, (max-width: 1024px) 100vw, 1024px\" \/><\/figure>\n\n\n\n<figure class=\"wp-block-image size-large\"><img loading=\"lazy\" decoding=\"async\" width=\"1024\" height=\"683\" data-id=\"21683\" src=\"https:\/\/www.sensorialsunsets.com\/wp-content\/uploads\/2025\/05\/Alianza-Francesa4-1024x683.jpg\" alt=\"\" class=\"wp-image-21683\" srcset=\"https:\/\/www.sensorialsunsets.com\/wp-content\/uploads\/2025\/05\/Alianza-Francesa4-1024x683.jpg 1024w, https:\/\/www.sensorialsunsets.com\/wp-content\/uploads\/2025\/05\/Alianza-Francesa4-300x200.jpg 300w, https:\/\/www.sensorialsunsets.com\/wp-content\/uploads\/2025\/05\/Alianza-Francesa4-768x512.jpg 768w, https:\/\/www.sensorialsunsets.com\/wp-content\/uploads\/2025\/05\/Alianza-Francesa4-334x222.jpg 334w, https:\/\/www.sensorialsunsets.com\/wp-content\/uploads\/2025\/05\/Alianza-Francesa4.jpg 1200w\" sizes=\"auto, (max-width: 1024px) 100vw, 1024px\" \/><\/figure>\n\n\n\n<figure class=\"wp-block-image size-large\"><img loading=\"lazy\" decoding=\"async\" width=\"1024\" height=\"683\" data-id=\"21674\" src=\"https:\/\/www.sensorialsunsets.com\/wp-content\/uploads\/2025\/05\/Alianza-Francesa5-1024x683.jpg\" alt=\"Chepe de moda\" class=\"wp-image-21674\" srcset=\"https:\/\/www.sensorialsunsets.com\/wp-content\/uploads\/2025\/05\/Alianza-Francesa5-1024x683.jpg 1024w, https:\/\/www.sensorialsunsets.com\/wp-content\/uploads\/2025\/05\/Alianza-Francesa5-300x200.jpg 300w, https:\/\/www.sensorialsunsets.com\/wp-content\/uploads\/2025\/05\/Alianza-Francesa5-768x512.jpg 768w, https:\/\/www.sensorialsunsets.com\/wp-content\/uploads\/2025\/05\/Alianza-Francesa5-334x222.jpg 334w, https:\/\/www.sensorialsunsets.com\/wp-content\/uploads\/2025\/05\/Alianza-Francesa5.jpg 1200w\" sizes=\"auto, (max-width: 1024px) 100vw, 1024px\" \/><\/figure>\n<\/figure>\n\n\n\n<div style=\"height:100px\" aria-hidden=\"true\" class=\"wp-block-spacer\"><\/div>\n\n\n\n<h3 class=\"wp-block-heading\"><strong>Boutique E\u00f1e<\/strong><\/h3>\n\n\n\n<p>(17 h \u2013 20 h 30)<br>Exposition collective \u00ab Mai expressif de l&rsquo;art \u00bb, avec des \u0153uvres d&rsquo;artistes tels qu&rsquo;Arturo Santana, Ileana Piszk et Lili Mart\u00ednez.<\/p>\n\n\n\n<figure class=\"wp-block-gallery has-nested-images columns-default is-cropped wp-block-gallery-5 is-layout-flex wp-block-gallery-is-layout-flex\">\n<figure class=\"wp-block-image size-large\"><img loading=\"lazy\" decoding=\"async\" width=\"1024\" height=\"680\" data-id=\"21692\" src=\"https:\/\/www.sensorialsunsets.com\/wp-content\/uploads\/2025\/05\/tiendaene-1024x680.webp\" alt=\"Chepe de moda\" class=\"wp-image-21692\" srcset=\"https:\/\/www.sensorialsunsets.com\/wp-content\/uploads\/2025\/05\/tiendaene-1024x680.webp 1024w, https:\/\/www.sensorialsunsets.com\/wp-content\/uploads\/2025\/05\/tiendaene-300x199.webp 300w, https:\/\/www.sensorialsunsets.com\/wp-content\/uploads\/2025\/05\/tiendaene-768x510.webp 768w, https:\/\/www.sensorialsunsets.com\/wp-content\/uploads\/2025\/05\/tiendaene-1536x1020.webp 1536w, https:\/\/www.sensorialsunsets.com\/wp-content\/uploads\/2025\/05\/tiendaene-334x222.webp 334w, https:\/\/www.sensorialsunsets.com\/wp-content\/uploads\/2025\/05\/tiendaene-1320x877.webp 1320w, https:\/\/www.sensorialsunsets.com\/wp-content\/uploads\/2025\/05\/tiendaene.webp 2048w\" sizes=\"auto, (max-width: 1024px) 100vw, 1024px\" \/><\/figure>\n\n\n\n<figure class=\"wp-block-image size-large\"><img loading=\"lazy\" decoding=\"async\" width=\"625\" height=\"417\" data-id=\"21686\" src=\"https:\/\/www.sensorialsunsets.com\/wp-content\/uploads\/2025\/05\/image.png\" alt=\"\" class=\"wp-image-21686\" srcset=\"https:\/\/www.sensorialsunsets.com\/wp-content\/uploads\/2025\/05\/image.png 625w, https:\/\/www.sensorialsunsets.com\/wp-content\/uploads\/2025\/05\/image-300x200.png 300w, https:\/\/www.sensorialsunsets.com\/wp-content\/uploads\/2025\/05\/image-334x222.png 334w\" sizes=\"auto, (max-width: 625px) 100vw, 625px\" \/><\/figure>\n\n\n\n<figure class=\"wp-block-image size-large\"><img loading=\"lazy\" decoding=\"async\" width=\"900\" height=\"500\" data-id=\"21689\" src=\"https:\/\/www.sensorialsunsets.com\/wp-content\/uploads\/2025\/05\/tienda-ene.jpg\" alt=\"\" class=\"wp-image-21689\" srcset=\"https:\/\/www.sensorialsunsets.com\/wp-content\/uploads\/2025\/05\/tienda-ene.jpg 900w, https:\/\/www.sensorialsunsets.com\/wp-content\/uploads\/2025\/05\/tienda-ene-300x167.jpg 300w, https:\/\/www.sensorialsunsets.com\/wp-content\/uploads\/2025\/05\/tienda-ene-768x427.jpg 768w\" sizes=\"auto, (max-width: 900px) 100vw, 900px\" \/><\/figure>\n<\/figure>\n\n\n\n<div style=\"height:100px\" aria-hidden=\"true\" class=\"wp-block-spacer\"><\/div>\n\n\n\n<h3 class=\"wp-block-heading\"><strong>El Muro Art Pub &amp; Comedy Club<\/strong><\/h3>\n\n\n\n<p>(17 h \u2013 minuit)<br>Au programme : salon de l&rsquo;entrepreneuriat, cours de salsa gratuit avec le Colectivo Manteca (18 h 30) et after party salsa.<\/p>\n\n\n\n<figure class=\"wp-block-gallery has-nested-images columns-default is-cropped wp-block-gallery-6 is-layout-flex wp-block-gallery-is-layout-flex\">\n<figure class=\"wp-block-image size-large\"><img loading=\"lazy\" decoding=\"async\" width=\"1024\" height=\"739\" data-id=\"21701\" src=\"https:\/\/www.sensorialsunsets.com\/wp-content\/uploads\/2025\/05\/El-Muro-Art-Pub-Comedy-Club3-1024x739.jpg\" alt=\"Chepe de moda\" class=\"wp-image-21701\" srcset=\"https:\/\/www.sensorialsunsets.com\/wp-content\/uploads\/2025\/05\/El-Muro-Art-Pub-Comedy-Club3-1024x739.jpg 1024w, https:\/\/www.sensorialsunsets.com\/wp-content\/uploads\/2025\/05\/El-Muro-Art-Pub-Comedy-Club3-300x216.jpg 300w, https:\/\/www.sensorialsunsets.com\/wp-content\/uploads\/2025\/05\/El-Muro-Art-Pub-Comedy-Club3-768x554.jpg 768w, https:\/\/www.sensorialsunsets.com\/wp-content\/uploads\/2025\/05\/El-Muro-Art-Pub-Comedy-Club3-1536x1108.jpg 1536w, https:\/\/www.sensorialsunsets.com\/wp-content\/uploads\/2025\/05\/El-Muro-Art-Pub-Comedy-Club3-2048x1478.jpg 2048w, https:\/\/www.sensorialsunsets.com\/wp-content\/uploads\/2025\/05\/El-Muro-Art-Pub-Comedy-Club3-1320x952.jpg 1320w\" sizes=\"auto, (max-width: 1024px) 100vw, 1024px\" \/><\/figure>\n\n\n\n<figure class=\"wp-block-image size-large\"><img loading=\"lazy\" decoding=\"async\" width=\"1024\" height=\"755\" data-id=\"21698\" src=\"https:\/\/www.sensorialsunsets.com\/wp-content\/uploads\/2025\/05\/El-Muro-Art-Pub-Comedy-Club2-1024x755.jpg\" alt=\"\" class=\"wp-image-21698\" srcset=\"https:\/\/www.sensorialsunsets.com\/wp-content\/uploads\/2025\/05\/El-Muro-Art-Pub-Comedy-Club2-1024x755.jpg 1024w, https:\/\/www.sensorialsunsets.com\/wp-content\/uploads\/2025\/05\/El-Muro-Art-Pub-Comedy-Club2-300x221.jpg 300w, https:\/\/www.sensorialsunsets.com\/wp-content\/uploads\/2025\/05\/El-Muro-Art-Pub-Comedy-Club2-768x566.jpg 768w, https:\/\/www.sensorialsunsets.com\/wp-content\/uploads\/2025\/05\/El-Muro-Art-Pub-Comedy-Club2-1536x1133.jpg 1536w, https:\/\/www.sensorialsunsets.com\/wp-content\/uploads\/2025\/05\/El-Muro-Art-Pub-Comedy-Club2-1320x974.jpg 1320w, https:\/\/www.sensorialsunsets.com\/wp-content\/uploads\/2025\/05\/El-Muro-Art-Pub-Comedy-Club2.jpg 1600w\" sizes=\"auto, (max-width: 1024px) 100vw, 1024px\" \/><\/figure>\n\n\n\n<figure class=\"wp-block-image size-large\"><img loading=\"lazy\" decoding=\"async\" width=\"1024\" height=\"768\" data-id=\"21695\" src=\"https:\/\/www.sensorialsunsets.com\/wp-content\/uploads\/2025\/05\/El-Muro-Art-Pub-Comedy-Club-1024x768.jpg\" alt=\"Chepe de moda\" class=\"wp-image-21695\" srcset=\"https:\/\/www.sensorialsunsets.com\/wp-content\/uploads\/2025\/05\/El-Muro-Art-Pub-Comedy-Club-1024x768.jpg 1024w, https:\/\/www.sensorialsunsets.com\/wp-content\/uploads\/2025\/05\/El-Muro-Art-Pub-Comedy-Club-300x225.jpg 300w, https:\/\/www.sensorialsunsets.com\/wp-content\/uploads\/2025\/05\/El-Muro-Art-Pub-Comedy-Club-768x576.jpg 768w, https:\/\/www.sensorialsunsets.com\/wp-content\/uploads\/2025\/05\/El-Muro-Art-Pub-Comedy-Club-1536x1152.jpg 1536w, https:\/\/www.sensorialsunsets.com\/wp-content\/uploads\/2025\/05\/El-Muro-Art-Pub-Comedy-Club-1320x990.jpg 1320w, https:\/\/www.sensorialsunsets.com\/wp-content\/uploads\/2025\/05\/El-Muro-Art-Pub-Comedy-Club.avif 1600w\" sizes=\"auto, (max-width: 1024px) 100vw, 1024px\" \/><\/figure>\n<\/figure>\n\n\n\n<div style=\"height:100px\" aria-hidden=\"true\" class=\"wp-block-spacer\"><\/div>\n\n\n\n<h3 class=\"wp-block-heading\"><strong>Galerie Talentum<\/strong><\/h3>\n\n\n\n<p>(17 h \u2013 20 h 30) Trois collections de la Galer\u00eda Plural sont pr\u00e9sent\u00e9es sous le titre \u00ab Objetos Singulares \u00bb (Objets singuliers), avec des noms aussi \u00e9vocateurs que \u00ab Aqu\u00ed el que no Corre&#8230; \u00a1Vuela! \u00bb (Ici, celui qui ne court pas&#8230; vole !) et \u00ab Emperifollada \u00bb.<\/p>\n\n\n\n<figure class=\"wp-block-gallery has-nested-images columns-default is-cropped wp-block-gallery-7 is-layout-flex wp-block-gallery-is-layout-flex\">\n<figure class=\"wp-block-image size-large\"><img loading=\"lazy\" decoding=\"async\" width=\"819\" height=\"1024\" data-id=\"21707\" src=\"https:\/\/www.sensorialsunsets.com\/wp-content\/uploads\/2025\/05\/SaveClip.App_387698516_347183117983552_8429979683429820289_n-819x1024.jpg\" alt=\"\" class=\"wp-image-21707\" srcset=\"https:\/\/www.sensorialsunsets.com\/wp-content\/uploads\/2025\/05\/SaveClip.App_387698516_347183117983552_8429979683429820289_n-819x1024.jpg 819w, https:\/\/www.sensorialsunsets.com\/wp-content\/uploads\/2025\/05\/SaveClip.App_387698516_347183117983552_8429979683429820289_n-240x300.jpg 240w, https:\/\/www.sensorialsunsets.com\/wp-content\/uploads\/2025\/05\/SaveClip.App_387698516_347183117983552_8429979683429820289_n-768x960.jpg 768w, https:\/\/www.sensorialsunsets.com\/wp-content\/uploads\/2025\/05\/SaveClip.App_387698516_347183117983552_8429979683429820289_n.jpg 1080w\" sizes=\"auto, (max-width: 819px) 100vw, 819px\" \/><\/figure>\n\n\n\n<figure class=\"wp-block-image size-large\"><img loading=\"lazy\" decoding=\"async\" width=\"1024\" height=\"1016\" data-id=\"21710\" src=\"https:\/\/www.sensorialsunsets.com\/wp-content\/uploads\/2025\/05\/Galeria-Talentum-1024x1016.webp\" alt=\"\" class=\"wp-image-21710\" srcset=\"https:\/\/www.sensorialsunsets.com\/wp-content\/uploads\/2025\/05\/Galeria-Talentum-1024x1016.webp 1024w, https:\/\/www.sensorialsunsets.com\/wp-content\/uploads\/2025\/05\/Galeria-Talentum-300x298.webp 300w, https:\/\/www.sensorialsunsets.com\/wp-content\/uploads\/2025\/05\/Galeria-Talentum-150x150.webp 150w, https:\/\/www.sensorialsunsets.com\/wp-content\/uploads\/2025\/05\/Galeria-Talentum-768x762.webp 768w, https:\/\/www.sensorialsunsets.com\/wp-content\/uploads\/2025\/05\/Galeria-Talentum-1536x1524.webp 1536w, https:\/\/www.sensorialsunsets.com\/wp-content\/uploads\/2025\/05\/Galeria-Talentum-50x50.webp 50w, https:\/\/www.sensorialsunsets.com\/wp-content\/uploads\/2025\/05\/Galeria-Talentum-117x117.webp 117w, https:\/\/www.sensorialsunsets.com\/wp-content\/uploads\/2025\/05\/Galeria-Talentum-1320x1310.webp 1320w, https:\/\/www.sensorialsunsets.com\/wp-content\/uploads\/2025\/05\/Galeria-Talentum.webp 1920w\" sizes=\"auto, (max-width: 1024px) 100vw, 1024px\" \/><\/figure>\n\n\n\n<figure class=\"wp-block-image size-large\"><img loading=\"lazy\" decoding=\"async\" width=\"819\" height=\"1024\" data-id=\"21704\" src=\"https:\/\/www.sensorialsunsets.com\/wp-content\/uploads\/2025\/05\/SaveClip.App_387270261_1498716504276234_4104964926155761562_n-1-819x1024.jpg\" alt=\"Chepe de moda\" class=\"wp-image-21704\" srcset=\"https:\/\/www.sensorialsunsets.com\/wp-content\/uploads\/2025\/05\/SaveClip.App_387270261_1498716504276234_4104964926155761562_n-1-819x1024.jpg 819w, https:\/\/www.sensorialsunsets.com\/wp-content\/uploads\/2025\/05\/SaveClip.App_387270261_1498716504276234_4104964926155761562_n-1-240x300.jpg 240w, https:\/\/www.sensorialsunsets.com\/wp-content\/uploads\/2025\/05\/SaveClip.App_387270261_1498716504276234_4104964926155761562_n-1-768x960.jpg 768w, https:\/\/www.sensorialsunsets.com\/wp-content\/uploads\/2025\/05\/SaveClip.App_387270261_1498716504276234_4104964926155761562_n-1.jpg 1080w\" sizes=\"auto, (max-width: 819px) 100vw, 819px\" \/><\/figure>\n<\/figure>\n\n\n\n<div style=\"height:100px\" aria-hidden=\"true\" class=\"wp-block-spacer\"><\/div>\n\n\n\n<h3 class=\"wp-block-heading\"><strong>Am\u00f3n Solar et El S\u00f3tano<\/strong><\/h3>\n\n\n\n<p>(17 h \u2013 2 h) Une soir\u00e9e aux sons vari\u00e9s avec un DJ set r\u00e9tro d\u00e8s le d\u00e9but de la soir\u00e9e, de la salsa live avec le Colectivo Manteca (2 000 \u20a1) et du jazz \u00e0 El S\u00f3tano \u00e0 partir de 21 h (5 000 \u20a1).<\/p>\n\n\n\n<figure class=\"wp-block-gallery has-nested-images columns-default is-cropped wp-block-gallery-8 is-layout-flex wp-block-gallery-is-layout-flex\">\n<figure class=\"wp-block-image size-large\"><img loading=\"lazy\" decoding=\"async\" width=\"800\" height=\"532\" data-id=\"21713\" src=\"https:\/\/www.sensorialsunsets.com\/wp-content\/uploads\/2025\/05\/Amon-Solar-y-El-Sotano.avif\" alt=\"Chepe de moda\" class=\"wp-image-21713\" srcset=\"https:\/\/www.sensorialsunsets.com\/wp-content\/uploads\/2025\/05\/Amon-Solar-y-El-Sotano.avif 800w, https:\/\/www.sensorialsunsets.com\/wp-content\/uploads\/2025\/05\/Amon-Solar-y-El-Sotano-300x200.jpg 300w, https:\/\/www.sensorialsunsets.com\/wp-content\/uploads\/2025\/05\/Amon-Solar-y-El-Sotano-768x511.jpg 768w, https:\/\/www.sensorialsunsets.com\/wp-content\/uploads\/2025\/05\/Amon-Solar-y-El-Sotano-334x222.jpg 334w\" sizes=\"auto, (max-width: 800px) 100vw, 800px\" \/><\/figure>\n\n\n\n<figure class=\"wp-block-image size-large\"><img loading=\"lazy\" decoding=\"async\" width=\"1024\" height=\"768\" data-id=\"21716\" src=\"https:\/\/www.sensorialsunsets.com\/wp-content\/uploads\/2025\/05\/Amon-Solar-y-El-Sotano1-1024x768.jpeg\" alt=\"\" class=\"wp-image-21716\" srcset=\"https:\/\/www.sensorialsunsets.com\/wp-content\/uploads\/2025\/05\/Amon-Solar-y-El-Sotano1-1024x768.jpeg 1024w, https:\/\/www.sensorialsunsets.com\/wp-content\/uploads\/2025\/05\/Amon-Solar-y-El-Sotano1-300x225.jpeg 300w, https:\/\/www.sensorialsunsets.com\/wp-content\/uploads\/2025\/05\/Amon-Solar-y-El-Sotano1-768x576.jpeg 768w, https:\/\/www.sensorialsunsets.com\/wp-content\/uploads\/2025\/05\/Amon-Solar-y-El-Sotano1.jpeg 1280w\" sizes=\"auto, (max-width: 1024px) 100vw, 1024px\" \/><\/figure>\n\n\n\n<figure class=\"wp-block-image size-large\"><img loading=\"lazy\" decoding=\"async\" width=\"800\" height=\"532\" data-id=\"21719\" src=\"https:\/\/www.sensorialsunsets.com\/wp-content\/uploads\/2025\/05\/Amon-Solar-y-El-Sotano3.jpg\" alt=\"\" class=\"wp-image-21719\" srcset=\"https:\/\/www.sensorialsunsets.com\/wp-content\/uploads\/2025\/05\/Amon-Solar-y-El-Sotano3.jpg 800w, https:\/\/www.sensorialsunsets.com\/wp-content\/uploads\/2025\/05\/Amon-Solar-y-El-Sotano3-300x200.jpg 300w, https:\/\/www.sensorialsunsets.com\/wp-content\/uploads\/2025\/05\/Amon-Solar-y-El-Sotano3-768x511.jpg 768w, https:\/\/www.sensorialsunsets.com\/wp-content\/uploads\/2025\/05\/Amon-Solar-y-El-Sotano3-334x222.jpg 334w\" sizes=\"auto, (max-width: 800px) 100vw, 800px\" \/><\/figure>\n<\/figure>\n\n\n\n<div style=\"height:100px\" aria-hidden=\"true\" class=\"wp-block-spacer\"><\/div>\n\n\n\n<h3 class=\"wp-block-heading\"><strong>Salle d&rsquo;art CCSS<\/strong><\/h3>\n\n\n\n<p>(17 h \u2013 19 h)<br>Pr\u00e9sentation d&rsquo;<em>Art Fusion<em>, une combinaison de po\u00e9sie de Debravo et d&rsquo;illustrations inspir\u00e9es de l&rsquo;art d&rsquo;Amighetti.<\/em><\/em><\/p>\n\n\n\n<figure class=\"wp-block-gallery has-nested-images columns-default is-cropped wp-block-gallery-9 is-layout-flex wp-block-gallery-is-layout-flex\">\n<figure class=\"wp-block-image size-large\"><img loading=\"lazy\" decoding=\"async\" width=\"800\" height=\"450\" data-id=\"21725\" src=\"https:\/\/www.sensorialsunsets.com\/wp-content\/uploads\/2025\/05\/Sala-de-Arte-CCSS.jpeg\" alt=\"Chepe de moda\" class=\"wp-image-21725\" srcset=\"https:\/\/www.sensorialsunsets.com\/wp-content\/uploads\/2025\/05\/Sala-de-Arte-CCSS.jpeg 800w, https:\/\/www.sensorialsunsets.com\/wp-content\/uploads\/2025\/05\/Sala-de-Arte-CCSS-300x169.jpeg 300w, https:\/\/www.sensorialsunsets.com\/wp-content\/uploads\/2025\/05\/Sala-de-Arte-CCSS-768x432.jpeg 768w\" sizes=\"auto, (max-width: 800px) 100vw, 800px\" \/><\/figure>\n\n\n\n<figure class=\"wp-block-image size-large\"><img loading=\"lazy\" decoding=\"async\" width=\"800\" height=\"450\" data-id=\"21722\" src=\"https:\/\/www.sensorialsunsets.com\/wp-content\/uploads\/2025\/05\/Sala-de-Arte-CCSS1.jpeg\" alt=\"\" class=\"wp-image-21722\" srcset=\"https:\/\/www.sensorialsunsets.com\/wp-content\/uploads\/2025\/05\/Sala-de-Arte-CCSS1.jpeg 800w, https:\/\/www.sensorialsunsets.com\/wp-content\/uploads\/2025\/05\/Sala-de-Arte-CCSS1-300x169.jpeg 300w, https:\/\/www.sensorialsunsets.com\/wp-content\/uploads\/2025\/05\/Sala-de-Arte-CCSS1-768x432.jpeg 768w\" sizes=\"auto, (max-width: 800px) 100vw, 800px\" \/><\/figure>\n\n\n\n<figure class=\"wp-block-image size-large\"><img loading=\"lazy\" decoding=\"async\" width=\"800\" height=\"450\" data-id=\"21727\" src=\"https:\/\/www.sensorialsunsets.com\/wp-content\/uploads\/2025\/05\/Sala-de-Arte-CCSS3.jpeg\" alt=\"\" class=\"wp-image-21727\" srcset=\"https:\/\/www.sensorialsunsets.com\/wp-content\/uploads\/2025\/05\/Sala-de-Arte-CCSS3.jpeg 800w, https:\/\/www.sensorialsunsets.com\/wp-content\/uploads\/2025\/05\/Sala-de-Arte-CCSS3-300x169.jpeg 300w, https:\/\/www.sensorialsunsets.com\/wp-content\/uploads\/2025\/05\/Sala-de-Arte-CCSS3-768x432.jpeg 768w\" sizes=\"auto, (max-width: 800px) 100vw, 800px\" \/><\/figure>\n<\/figure>\n\n\n\n<div style=\"height:100px\" aria-hidden=\"true\" class=\"wp-block-spacer\"><\/div>\n\n\n\n<h3 class=\"wp-block-heading\"><strong>Centre culturel San Jos\u00e9<\/strong><\/h3>\n\n\n\n<p>(17 h \u2013 20 h 30)<br>Exposition de dessins d&rsquo;apr\u00e8s nature, installation sur le nombre d&rsquo;or et atelier de dessin gestuel avec mod\u00e8les vivants.<\/p>\n\n\n\n<figure class=\"wp-block-gallery has-nested-images columns-default is-cropped wp-block-gallery-10 is-layout-flex wp-block-gallery-is-layout-flex\">\n<figure class=\"wp-block-image size-large\"><img loading=\"lazy\" decoding=\"async\" width=\"1024\" height=\"681\" data-id=\"21749\" src=\"https:\/\/www.sensorialsunsets.com\/wp-content\/uploads\/2025\/05\/Centro-Cultural-San-Jose-1024x681.jpg\" alt=\"Chepe de moda\" class=\"wp-image-21749\" srcset=\"https:\/\/www.sensorialsunsets.com\/wp-content\/uploads\/2025\/05\/Centro-Cultural-San-Jose-1024x681.jpg 1024w, https:\/\/www.sensorialsunsets.com\/wp-content\/uploads\/2025\/05\/Centro-Cultural-San-Jose-300x200.jpg 300w, https:\/\/www.sensorialsunsets.com\/wp-content\/uploads\/2025\/05\/Centro-Cultural-San-Jose-768x511.jpg 768w, https:\/\/www.sensorialsunsets.com\/wp-content\/uploads\/2025\/05\/Centro-Cultural-San-Jose-334x222.jpg 334w, https:\/\/www.sensorialsunsets.com\/wp-content\/uploads\/2025\/05\/Centro-Cultural-San-Jose.jpg 1200w\" sizes=\"auto, (max-width: 1024px) 100vw, 1024px\" \/><\/figure>\n\n\n\n<figure class=\"wp-block-image size-large\"><img loading=\"lazy\" decoding=\"async\" width=\"1024\" height=\"683\" data-id=\"21752\" src=\"https:\/\/www.sensorialsunsets.com\/wp-content\/uploads\/2025\/05\/Centro-Cultural-San-Jose5-1024x683.jpg\" alt=\"\" class=\"wp-image-21752\" srcset=\"https:\/\/www.sensorialsunsets.com\/wp-content\/uploads\/2025\/05\/Centro-Cultural-San-Jose5-1024x683.jpg 1024w, https:\/\/www.sensorialsunsets.com\/wp-content\/uploads\/2025\/05\/Centro-Cultural-San-Jose5-300x200.jpg 300w, https:\/\/www.sensorialsunsets.com\/wp-content\/uploads\/2025\/05\/Centro-Cultural-San-Jose5-768x512.jpg 768w, https:\/\/www.sensorialsunsets.com\/wp-content\/uploads\/2025\/05\/Centro-Cultural-San-Jose5-334x222.jpg 334w, https:\/\/www.sensorialsunsets.com\/wp-content\/uploads\/2025\/05\/Centro-Cultural-San-Jose5.jpg 1280w\" sizes=\"auto, (max-width: 1024px) 100vw, 1024px\" \/><\/figure>\n\n\n\n<figure class=\"wp-block-image size-large\"><img loading=\"lazy\" decoding=\"async\" width=\"1024\" height=\"683\" data-id=\"21755\" src=\"https:\/\/www.sensorialsunsets.com\/wp-content\/uploads\/2025\/05\/Centro-Cultural-San-Jose2-1024x683.jpg\" alt=\"Chepe de moda\" class=\"wp-image-21755\" srcset=\"https:\/\/www.sensorialsunsets.com\/wp-content\/uploads\/2025\/05\/Centro-Cultural-San-Jose2-1024x683.jpg 1024w, https:\/\/www.sensorialsunsets.com\/wp-content\/uploads\/2025\/05\/Centro-Cultural-San-Jose2-300x200.jpg 300w, https:\/\/www.sensorialsunsets.com\/wp-content\/uploads\/2025\/05\/Centro-Cultural-San-Jose2-768x512.jpg 768w, https:\/\/www.sensorialsunsets.com\/wp-content\/uploads\/2025\/05\/Centro-Cultural-San-Jose2-1536x1024.jpg 1536w, https:\/\/www.sensorialsunsets.com\/wp-content\/uploads\/2025\/05\/Centro-Cultural-San-Jose2-334x222.jpg 334w, https:\/\/www.sensorialsunsets.com\/wp-content\/uploads\/2025\/05\/Centro-Cultural-San-Jose2-1320x880.jpg 1320w, https:\/\/www.sensorialsunsets.com\/wp-content\/uploads\/2025\/05\/Centro-Cultural-San-Jose2.jpg 2048w\" sizes=\"auto, (max-width: 1024px) 100vw, 1024px\" \/><\/figure>\n<\/figure>\n\n\n\n<div style=\"height:100px\" aria-hidden=\"true\" class=\"wp-block-spacer\"><\/div>\n\n\n\n<h3 class=\"wp-block-heading\"><strong>Centre culturel d&rsquo;Espagne<strong><\/strong><\/strong><\/h3>\n\n\n\n<p>(17 h \u2013 20 h 30)<br>L&rsquo;exposition collective <em>Sumersi\u00f3n<\/em> rassemble des artistes qui explorent le th\u00e8me de l&rsquo;eau \u00e0 travers diff\u00e9rentes disciplines.<\/p>\n\n\n\n<figure class=\"wp-block-gallery has-nested-images columns-default is-cropped wp-block-gallery-11 is-layout-flex wp-block-gallery-is-layout-flex\">\n<figure class=\"wp-block-image size-large\"><img loading=\"lazy\" decoding=\"async\" width=\"1024\" height=\"768\" data-id=\"21734\" src=\"https:\/\/www.sensorialsunsets.com\/wp-content\/uploads\/2025\/05\/Centro-Cultural-de-Espana-1024x768.jpg\" alt=\"Chepe de moda\" class=\"wp-image-21734\" srcset=\"https:\/\/www.sensorialsunsets.com\/wp-content\/uploads\/2025\/05\/Centro-Cultural-de-Espana-1024x768.jpg 1024w, https:\/\/www.sensorialsunsets.com\/wp-content\/uploads\/2025\/05\/Centro-Cultural-de-Espana-300x225.jpg 300w, https:\/\/www.sensorialsunsets.com\/wp-content\/uploads\/2025\/05\/Centro-Cultural-de-Espana-768x576.jpg 768w, https:\/\/www.sensorialsunsets.com\/wp-content\/uploads\/2025\/05\/Centro-Cultural-de-Espana-1536x1152.jpg 1536w, https:\/\/www.sensorialsunsets.com\/wp-content\/uploads\/2025\/05\/Centro-Cultural-de-Espana-2048x1536.jpg 2048w, https:\/\/www.sensorialsunsets.com\/wp-content\/uploads\/2025\/05\/Centro-Cultural-de-Espana-1320x990.jpg 1320w\" sizes=\"auto, (max-width: 1024px) 100vw, 1024px\" \/><\/figure>\n\n\n\n<figure class=\"wp-block-image size-large\"><img loading=\"lazy\" decoding=\"async\" width=\"1024\" height=\"683\" data-id=\"21737\" src=\"https:\/\/www.sensorialsunsets.com\/wp-content\/uploads\/2025\/05\/Centro-Cultural-de-Espana2-1024x683.jpg\" alt=\"Chepe de moda\" class=\"wp-image-21737\" srcset=\"https:\/\/www.sensorialsunsets.com\/wp-content\/uploads\/2025\/05\/Centro-Cultural-de-Espana2-1024x683.jpg 1024w, https:\/\/www.sensorialsunsets.com\/wp-content\/uploads\/2025\/05\/Centro-Cultural-de-Espana2-300x200.jpg 300w, https:\/\/www.sensorialsunsets.com\/wp-content\/uploads\/2025\/05\/Centro-Cultural-de-Espana2-768x512.jpg 768w, https:\/\/www.sensorialsunsets.com\/wp-content\/uploads\/2025\/05\/Centro-Cultural-de-Espana2-1536x1024.jpg 1536w, https:\/\/www.sensorialsunsets.com\/wp-content\/uploads\/2025\/05\/Centro-Cultural-de-Espana2-2048x1365.jpg 2048w, https:\/\/www.sensorialsunsets.com\/wp-content\/uploads\/2025\/05\/Centro-Cultural-de-Espana2-334x222.jpg 334w, https:\/\/www.sensorialsunsets.com\/wp-content\/uploads\/2025\/05\/Centro-Cultural-de-Espana2-1320x880.jpg 1320w\" sizes=\"auto, (max-width: 1024px) 100vw, 1024px\" \/><\/figure>\n\n\n\n<figure class=\"wp-block-image size-large\"><img loading=\"lazy\" decoding=\"async\" width=\"640\" height=\"480\" data-id=\"21731\" src=\"https:\/\/www.sensorialsunsets.com\/wp-content\/uploads\/2025\/05\/Centro-Cultural-de-Espana5.jpg\" alt=\"\" class=\"wp-image-21731\" srcset=\"https:\/\/www.sensorialsunsets.com\/wp-content\/uploads\/2025\/05\/Centro-Cultural-de-Espana5.jpg 640w, https:\/\/www.sensorialsunsets.com\/wp-content\/uploads\/2025\/05\/Centro-Cultural-de-Espana5-300x225.jpg 300w\" sizes=\"auto, (max-width: 640px) 100vw, 640px\" \/><\/figure>\n<\/figure>\n\n\n\n<div style=\"height:100px\" aria-hidden=\"true\" class=\"wp-block-spacer\"><\/div>\n\n\n\n<h3 class=\"wp-block-heading\"><strong>House of Creators<\/strong><\/h3>\n\n\n\n<p>(17 h \u2013 20 h 30)<br><em>Takeover Entrop\u00eda<\/em>, une exposition de Majo Rodr\u00edguez inspir\u00e9e par la nature et le design, investit cet espace cr\u00e9atif.<\/p>\n\n\n\n<figure class=\"wp-block-gallery has-nested-images columns-default is-cropped wp-block-gallery-12 is-layout-flex wp-block-gallery-is-layout-flex\">\n<figure class=\"wp-block-image size-large\"><img loading=\"lazy\" decoding=\"async\" width=\"819\" height=\"1024\" data-id=\"21740\" src=\"https:\/\/www.sensorialsunsets.com\/wp-content\/uploads\/2025\/05\/SaveClip.App_479055685_17892521673177303_4180403216467511689_n-819x1024.jpg\" alt=\"Chepe de moda\" class=\"wp-image-21740\" srcset=\"https:\/\/www.sensorialsunsets.com\/wp-content\/uploads\/2025\/05\/SaveClip.App_479055685_17892521673177303_4180403216467511689_n-819x1024.jpg 819w, https:\/\/www.sensorialsunsets.com\/wp-content\/uploads\/2025\/05\/SaveClip.App_479055685_17892521673177303_4180403216467511689_n-240x300.jpg 240w, https:\/\/www.sensorialsunsets.com\/wp-content\/uploads\/2025\/05\/SaveClip.App_479055685_17892521673177303_4180403216467511689_n-768x960.jpg 768w, https:\/\/www.sensorialsunsets.com\/wp-content\/uploads\/2025\/05\/SaveClip.App_479055685_17892521673177303_4180403216467511689_n.jpg 1080w\" sizes=\"auto, (max-width: 819px) 100vw, 819px\" \/><\/figure>\n\n\n\n<figure class=\"wp-block-image size-large\"><img loading=\"lazy\" decoding=\"async\" width=\"819\" height=\"1024\" data-id=\"21742\" src=\"https:\/\/www.sensorialsunsets.com\/wp-content\/uploads\/2025\/05\/SaveClip.App_479569170_17892521691177303_4685474872397128378_n-819x1024.jpg\" alt=\"\" class=\"wp-image-21742\" srcset=\"https:\/\/www.sensorialsunsets.com\/wp-content\/uploads\/2025\/05\/SaveClip.App_479569170_17892521691177303_4685474872397128378_n-819x1024.jpg 819w, https:\/\/www.sensorialsunsets.com\/wp-content\/uploads\/2025\/05\/SaveClip.App_479569170_17892521691177303_4685474872397128378_n-240x300.jpg 240w, https:\/\/www.sensorialsunsets.com\/wp-content\/uploads\/2025\/05\/SaveClip.App_479569170_17892521691177303_4685474872397128378_n-768x960.jpg 768w, https:\/\/www.sensorialsunsets.com\/wp-content\/uploads\/2025\/05\/SaveClip.App_479569170_17892521691177303_4685474872397128378_n.jpg 1080w\" sizes=\"auto, (max-width: 819px) 100vw, 819px\" \/><\/figure>\n\n\n\n<figure class=\"wp-block-image size-large\"><img loading=\"lazy\" decoding=\"async\" width=\"819\" height=\"1024\" data-id=\"21746\" src=\"https:\/\/www.sensorialsunsets.com\/wp-content\/uploads\/2025\/05\/SaveClip.App_479662952_17892521655177303_1215796419630520873_n-819x1024.jpg\" alt=\"\" class=\"wp-image-21746\" srcset=\"https:\/\/www.sensorialsunsets.com\/wp-content\/uploads\/2025\/05\/SaveClip.App_479662952_17892521655177303_1215796419630520873_n-819x1024.jpg 819w, https:\/\/www.sensorialsunsets.com\/wp-content\/uploads\/2025\/05\/SaveClip.App_479662952_17892521655177303_1215796419630520873_n-240x300.jpg 240w, https:\/\/www.sensorialsunsets.com\/wp-content\/uploads\/2025\/05\/SaveClip.App_479662952_17892521655177303_1215796419630520873_n-768x960.jpg 768w, https:\/\/www.sensorialsunsets.com\/wp-content\/uploads\/2025\/05\/SaveClip.App_479662952_17892521655177303_1215796419630520873_n.jpg 1080w\" sizes=\"auto, (max-width: 819px) 100vw, 819px\" \/><\/figure>\n<\/figure>\n\n\n\n<div style=\"height:100px\" aria-hidden=\"true\" class=\"wp-block-spacer\"><\/div>\n\n\n\n<h3 class=\"wp-block-heading\">Comment participer ?<\/h3>\n\n\n\n<p>Vous devez simplement vous inscrire en ligne et vous rendre \u00e0 l&rsquo;un des points de d\u00e9part, comme le Mus\u00e9e du Jade ou les Mus\u00e9es de la Banque centrale. Vous pouvez parcourir les itin\u00e9raires \u00e0 pied, en minibus gratuit ou \u00e0 votre rythme.<\/p>\n\n\n\n<blockquote class=\"wp-block-quote is-layout-flow wp-block-quote-is-layout-flow\">\n<p><strong>Les inscriptions seront ouvertes le dimanche 11 mai \u00e0 midi sur<\/strong><br><a class=\"\" href=\"http:\/\/artcitytour.gamcultural.com\">artcitytour.gamcultural.com<\/a><\/p>\n<\/blockquote>\n\n\n\n<p>Si vous souhaitez d\u00e9couvrir d&rsquo;autres programmes culturels comme celui-ci, vous pouvez rejoindre \u00e0 l&rsquo;adresse <a href=\"https:\/\/whatsapp.com\/channel\/0029Vb4DU6v0G0Xa30vu0c1P\">WhatsApp<\/a>.<\/p>\n\n\n\n<p><strong>Sensorial Sunsets<\/strong><\/p>\n\n\n\n<h3 class=\"wp-block-heading has-white-color has-text-color has-link-color has-small-font-size wp-elements-9061a9ab5e3df121103d638c7dd0e38d\">Chepe de moda : Art City Tour 2025<\/h3>\n","protected":false},"excerpt":{"rendered":"<p>Chepe de moda: Art City Tour 2025 Ce jeudi 15 mai, San Jos\u00e9 vivra une nouvelle \u00e9dition de l&rsquo;Art City Tour sous le slogan \u00ab Chepe de Moda \u00bb, une nuit o\u00f9 l&rsquo;art, la mode, la musique et le design envahissent les rues. Plus de 12 espaces culturels ouvriront leurs portes avec une programmation sp\u00e9ciale, [&hellip;]<\/p>\n","protected":false},"author":4,"featured_media":21760,"comment_status":"closed","ping_status":"closed","sticky":false,"template":"","format":"standard","meta":{"_acf_changed":false,"inline_featured_image":false,"_monsterinsights_skip_tracking":false,"_monsterinsights_sitenote_active":false,"_monsterinsights_sitenote_note":"","_monsterinsights_sitenote_category":0,"footnotes":""},"categories":[1],"tags":[],"class_list":["post-21769","post","type-post","status-publish","format-standard","has-post-thumbnail","hentry","category-non-classifiee"],"acf":[],"yoast_head":"<!-- This site is optimized with the Yoast SEO plugin v27.4 - https:\/\/yoast.com\/product\/yoast-seo-wordpress\/ -->\n<title>Chepe de moda : deuxi\u00e8me Art City Tour de 2025 - SensorialSunsets<\/title>\n<meta name=\"description\" content=\"Chepe de moda : l&#039;Art City Tour 2025 arrive avec une nuit d\u00e9di\u00e9e \u00e0 l&#039;art, au design, \u00e0 la musique et \u00e0 la culture dans plus de 12 lieux de San Jos\u00e9.\" \/>\n<meta name=\"robots\" content=\"index, follow, max-snippet:-1, max-image-preview:large, max-video-preview:-1\" \/>\n<link rel=\"canonical\" href=\"https:\/\/www.sensorialsunsets.com\/fr\/chepe-de-moda-deuxieme-art-city-tour-de-2025\/\" \/>\n<meta property=\"og:locale\" content=\"fr_FR\" \/>\n<meta property=\"og:type\" content=\"article\" \/>\n<meta property=\"og:title\" content=\"Chepe de moda : deuxi\u00e8me Art City Tour de 2025 - SensorialSunsets\" \/>\n<meta property=\"og:description\" content=\"Chepe de moda : l&#039;Art City Tour 2025 arrive avec une nuit d\u00e9di\u00e9e \u00e0 l&#039;art, au design, \u00e0 la musique et \u00e0 la culture dans plus de 12 lieux de San Jos\u00e9.\" \/>\n<meta property=\"og:url\" content=\"https:\/\/www.sensorialsunsets.com\/fr\/chepe-de-moda-deuxieme-art-city-tour-de-2025\/\" \/>\n<meta property=\"og:site_name\" content=\"SensorialSunsets\" \/>\n<meta property=\"article:publisher\" content=\"https:\/\/www.facebook.com\/Sensorial-Sunsets-109180614715562\" \/>\n<meta property=\"article:published_time\" content=\"2025-05-14T22:55:32+00:00\" \/>\n<meta property=\"og:image\" content=\"https:\/\/www.sensorialsunsets.com\/wp-content\/uploads\/2025\/05\/poramorachepe.png\" \/>\n\t<meta property=\"og:image:width\" content=\"1930\" \/>\n\t<meta property=\"og:image:height\" content=\"798\" \/>\n\t<meta property=\"og:image:type\" content=\"image\/png\" \/>\n<meta name=\"author\" content=\"Sensorial Sunsets\" \/>\n<meta name=\"twitter:card\" content=\"summary_large_image\" \/>\n<meta name=\"twitter:label1\" content=\"\u00c9crit par\" \/>\n\t<meta name=\"twitter:data1\" content=\"Sensorial Sunsets\" \/>\n\t<meta name=\"twitter:label2\" content=\"Dur\u00e9e de lecture estim\u00e9e\" \/>\n\t<meta name=\"twitter:data2\" content=\"3 minutes\" \/>\n<script type=\"application\/ld+json\" class=\"yoast-schema-graph\">{\"@context\":\"https:\\\/\\\/schema.org\",\"@graph\":[{\"@type\":\"Article\",\"@id\":\"https:\\\/\\\/www.sensorialsunsets.com\\\/fr\\\/chepe-de-moda-deuxieme-art-city-tour-de-2025\\\/#article\",\"isPartOf\":{\"@id\":\"https:\\\/\\\/www.sensorialsunsets.com\\\/fr\\\/chepe-de-moda-deuxieme-art-city-tour-de-2025\\\/\"},\"author\":{\"name\":\"Sensorial Sunsets\",\"@id\":\"https:\\\/\\\/www.sensorialsunsets.com\\\/fr\\\/#\\\/schema\\\/person\\\/77e2fa594135aa94024c47e281d8a94d\"},\"headline\":\"Chepe de moda : deuxi\u00e8me Art City Tour de 2025\",\"datePublished\":\"2025-05-14T22:55:32+00:00\",\"mainEntityOfPage\":{\"@id\":\"https:\\\/\\\/www.sensorialsunsets.com\\\/fr\\\/chepe-de-moda-deuxieme-art-city-tour-de-2025\\\/\"},\"wordCount\":638,\"publisher\":{\"@id\":\"https:\\\/\\\/www.sensorialsunsets.com\\\/fr\\\/#organization\"},\"image\":{\"@id\":\"https:\\\/\\\/www.sensorialsunsets.com\\\/fr\\\/chepe-de-moda-deuxieme-art-city-tour-de-2025\\\/#primaryimage\"},\"thumbnailUrl\":\"https:\\\/\\\/www.sensorialsunsets.com\\\/wp-content\\\/uploads\\\/2025\\\/05\\\/poramorachepe.png\",\"articleSection\":[\"Non classifi\u00e9(e)\"],\"inLanguage\":\"fr-FR\"},{\"@type\":\"WebPage\",\"@id\":\"https:\\\/\\\/www.sensorialsunsets.com\\\/fr\\\/chepe-de-moda-deuxieme-art-city-tour-de-2025\\\/\",\"url\":\"https:\\\/\\\/www.sensorialsunsets.com\\\/fr\\\/chepe-de-moda-deuxieme-art-city-tour-de-2025\\\/\",\"name\":\"Chepe de moda : deuxi\u00e8me Art City Tour de 2025 - SensorialSunsets\",\"isPartOf\":{\"@id\":\"https:\\\/\\\/www.sensorialsunsets.com\\\/fr\\\/#website\"},\"primaryImageOfPage\":{\"@id\":\"https:\\\/\\\/www.sensorialsunsets.com\\\/fr\\\/chepe-de-moda-deuxieme-art-city-tour-de-2025\\\/#primaryimage\"},\"image\":{\"@id\":\"https:\\\/\\\/www.sensorialsunsets.com\\\/fr\\\/chepe-de-moda-deuxieme-art-city-tour-de-2025\\\/#primaryimage\"},\"thumbnailUrl\":\"https:\\\/\\\/www.sensorialsunsets.com\\\/wp-content\\\/uploads\\\/2025\\\/05\\\/poramorachepe.png\",\"datePublished\":\"2025-05-14T22:55:32+00:00\",\"description\":\"Chepe de moda : l'Art City Tour 2025 arrive avec une nuit d\u00e9di\u00e9e \u00e0 l'art, au design, \u00e0 la musique et \u00e0 la culture dans plus de 12 lieux de San Jos\u00e9.\",\"inLanguage\":\"fr-FR\",\"potentialAction\":[{\"@type\":\"ReadAction\",\"target\":[\"https:\\\/\\\/www.sensorialsunsets.com\\\/fr\\\/chepe-de-moda-deuxieme-art-city-tour-de-2025\\\/\"]}]},{\"@type\":\"ImageObject\",\"inLanguage\":\"fr-FR\",\"@id\":\"https:\\\/\\\/www.sensorialsunsets.com\\\/fr\\\/chepe-de-moda-deuxieme-art-city-tour-de-2025\\\/#primaryimage\",\"url\":\"https:\\\/\\\/www.sensorialsunsets.com\\\/wp-content\\\/uploads\\\/2025\\\/05\\\/poramorachepe.png\",\"contentUrl\":\"https:\\\/\\\/www.sensorialsunsets.com\\\/wp-content\\\/uploads\\\/2025\\\/05\\\/poramorachepe.png\",\"width\":1930,\"height\":798},{\"@type\":\"WebSite\",\"@id\":\"https:\\\/\\\/www.sensorialsunsets.com\\\/fr\\\/#website\",\"url\":\"https:\\\/\\\/www.sensorialsunsets.com\\\/fr\\\/\",\"name\":\"SensorialSunsets.com\",\"description\":\"D\u00e9couvrez la culture et la soci\u00e9t\u00e9 du Costa Rica sur notre blog. Explorez des articles captivants et partagez le contenu.\",\"publisher\":{\"@id\":\"https:\\\/\\\/www.sensorialsunsets.com\\\/fr\\\/#organization\"},\"alternateName\":\"Costa Rica Live Blog\",\"potentialAction\":[{\"@type\":\"SearchAction\",\"target\":{\"@type\":\"EntryPoint\",\"urlTemplate\":\"https:\\\/\\\/www.sensorialsunsets.com\\\/fr\\\/?s={search_term_string}\"},\"query-input\":{\"@type\":\"PropertyValueSpecification\",\"valueRequired\":true,\"valueName\":\"search_term_string\"}}],\"inLanguage\":\"fr-FR\"},{\"@type\":\"Organization\",\"@id\":\"https:\\\/\\\/www.sensorialsunsets.com\\\/fr\\\/#organization\",\"name\":\"SensorialSunsets\",\"url\":\"https:\\\/\\\/www.sensorialsunsets.com\\\/fr\\\/\",\"logo\":{\"@type\":\"ImageObject\",\"inLanguage\":\"fr-FR\",\"@id\":\"https:\\\/\\\/www.sensorialsunsets.com\\\/fr\\\/#\\\/schema\\\/logo\\\/image\\\/\",\"url\":\"https:\\\/\\\/www.sensorialsunsets.com\\\/wp-content\\\/uploads\\\/2023\\\/04\\\/Logo_base_line_fond_clair.svg\",\"contentUrl\":\"https:\\\/\\\/www.sensorialsunsets.com\\\/wp-content\\\/uploads\\\/2023\\\/04\\\/Logo_base_line_fond_clair.svg\",\"width\":\"1024\",\"height\":\"1024\",\"caption\":\"SensorialSunsets\"},\"image\":{\"@id\":\"https:\\\/\\\/www.sensorialsunsets.com\\\/fr\\\/#\\\/schema\\\/logo\\\/image\\\/\"},\"sameAs\":[\"https:\\\/\\\/www.facebook.com\\\/Sensorial-Sunsets-109180614715562\",\"https:\\\/\\\/www.instagram.com\\\/sensorialsunsets\\\/\"]},{\"@type\":\"Person\",\"@id\":\"https:\\\/\\\/www.sensorialsunsets.com\\\/fr\\\/#\\\/schema\\\/person\\\/77e2fa594135aa94024c47e281d8a94d\",\"name\":\"Sensorial Sunsets\",\"image\":{\"@type\":\"ImageObject\",\"inLanguage\":\"fr-FR\",\"@id\":\"https:\\\/\\\/secure.gravatar.com\\\/avatar\\\/5f2d62681b1dad94c28f1500d4fc75582acdfd32b55fd1acce0a36a3c487eabe?s=96&d=mm&r=g\",\"url\":\"https:\\\/\\\/secure.gravatar.com\\\/avatar\\\/5f2d62681b1dad94c28f1500d4fc75582acdfd32b55fd1acce0a36a3c487eabe?s=96&d=mm&r=g\",\"contentUrl\":\"https:\\\/\\\/secure.gravatar.com\\\/avatar\\\/5f2d62681b1dad94c28f1500d4fc75582acdfd32b55fd1acce0a36a3c487eabe?s=96&d=mm&r=g\",\"caption\":\"Sensorial Sunsets\"},\"url\":\"https:\\\/\\\/www.sensorialsunsets.com\\\/fr\\\/author\\\/asistentes-sensorial-sunsets\\\/\"}]}<\/script>\n<!-- \/ Yoast SEO plugin. -->","yoast_head_json":{"title":"Chepe de moda : deuxi\u00e8me Art City Tour de 2025 - SensorialSunsets","description":"Chepe de moda : l'Art City Tour 2025 arrive avec une nuit d\u00e9di\u00e9e \u00e0 l'art, au design, \u00e0 la musique et \u00e0 la culture dans plus de 12 lieux de San Jos\u00e9.","robots":{"index":"index","follow":"follow","max-snippet":"max-snippet:-1","max-image-preview":"max-image-preview:large","max-video-preview":"max-video-preview:-1"},"canonical":"https:\/\/www.sensorialsunsets.com\/fr\/chepe-de-moda-deuxieme-art-city-tour-de-2025\/","og_locale":"fr_FR","og_type":"article","og_title":"Chepe de moda : deuxi\u00e8me Art City Tour de 2025 - SensorialSunsets","og_description":"Chepe de moda : l'Art City Tour 2025 arrive avec une nuit d\u00e9di\u00e9e \u00e0 l'art, au design, \u00e0 la musique et \u00e0 la culture dans plus de 12 lieux de San Jos\u00e9.","og_url":"https:\/\/www.sensorialsunsets.com\/fr\/chepe-de-moda-deuxieme-art-city-tour-de-2025\/","og_site_name":"SensorialSunsets","article_publisher":"https:\/\/www.facebook.com\/Sensorial-Sunsets-109180614715562","article_published_time":"2025-05-14T22:55:32+00:00","og_image":[{"width":1930,"height":798,"url":"https:\/\/www.sensorialsunsets.com\/wp-content\/uploads\/2025\/05\/poramorachepe.png","type":"image\/png"}],"author":"Sensorial Sunsets","twitter_card":"summary_large_image","twitter_misc":{"\u00c9crit par":"Sensorial Sunsets","Dur\u00e9e de lecture estim\u00e9e":"3 minutes"},"schema":{"@context":"https:\/\/schema.org","@graph":[{"@type":"Article","@id":"https:\/\/www.sensorialsunsets.com\/fr\/chepe-de-moda-deuxieme-art-city-tour-de-2025\/#article","isPartOf":{"@id":"https:\/\/www.sensorialsunsets.com\/fr\/chepe-de-moda-deuxieme-art-city-tour-de-2025\/"},"author":{"name":"Sensorial Sunsets","@id":"https:\/\/www.sensorialsunsets.com\/fr\/#\/schema\/person\/77e2fa594135aa94024c47e281d8a94d"},"headline":"Chepe de moda : deuxi\u00e8me Art City Tour de 2025","datePublished":"2025-05-14T22:55:32+00:00","mainEntityOfPage":{"@id":"https:\/\/www.sensorialsunsets.com\/fr\/chepe-de-moda-deuxieme-art-city-tour-de-2025\/"},"wordCount":638,"publisher":{"@id":"https:\/\/www.sensorialsunsets.com\/fr\/#organization"},"image":{"@id":"https:\/\/www.sensorialsunsets.com\/fr\/chepe-de-moda-deuxieme-art-city-tour-de-2025\/#primaryimage"},"thumbnailUrl":"https:\/\/www.sensorialsunsets.com\/wp-content\/uploads\/2025\/05\/poramorachepe.png","articleSection":["Non classifi\u00e9(e)"],"inLanguage":"fr-FR"},{"@type":"WebPage","@id":"https:\/\/www.sensorialsunsets.com\/fr\/chepe-de-moda-deuxieme-art-city-tour-de-2025\/","url":"https:\/\/www.sensorialsunsets.com\/fr\/chepe-de-moda-deuxieme-art-city-tour-de-2025\/","name":"Chepe de moda : deuxi\u00e8me Art City Tour de 2025 - SensorialSunsets","isPartOf":{"@id":"https:\/\/www.sensorialsunsets.com\/fr\/#website"},"primaryImageOfPage":{"@id":"https:\/\/www.sensorialsunsets.com\/fr\/chepe-de-moda-deuxieme-art-city-tour-de-2025\/#primaryimage"},"image":{"@id":"https:\/\/www.sensorialsunsets.com\/fr\/chepe-de-moda-deuxieme-art-city-tour-de-2025\/#primaryimage"},"thumbnailUrl":"https:\/\/www.sensorialsunsets.com\/wp-content\/uploads\/2025\/05\/poramorachepe.png","datePublished":"2025-05-14T22:55:32+00:00","description":"Chepe de moda : l'Art City Tour 2025 arrive avec une nuit d\u00e9di\u00e9e \u00e0 l'art, au design, \u00e0 la musique et \u00e0 la culture dans plus de 12 lieux de San Jos\u00e9.","inLanguage":"fr-FR","potentialAction":[{"@type":"ReadAction","target":["https:\/\/www.sensorialsunsets.com\/fr\/chepe-de-moda-deuxieme-art-city-tour-de-2025\/"]}]},{"@type":"ImageObject","inLanguage":"fr-FR","@id":"https:\/\/www.sensorialsunsets.com\/fr\/chepe-de-moda-deuxieme-art-city-tour-de-2025\/#primaryimage","url":"https:\/\/www.sensorialsunsets.com\/wp-content\/uploads\/2025\/05\/poramorachepe.png","contentUrl":"https:\/\/www.sensorialsunsets.com\/wp-content\/uploads\/2025\/05\/poramorachepe.png","width":1930,"height":798},{"@type":"WebSite","@id":"https:\/\/www.sensorialsunsets.com\/fr\/#website","url":"https:\/\/www.sensorialsunsets.com\/fr\/","name":"SensorialSunsets.com","description":"D\u00e9couvrez la culture et la soci\u00e9t\u00e9 du Costa Rica sur notre blog. Explorez des articles captivants et partagez le contenu.","publisher":{"@id":"https:\/\/www.sensorialsunsets.com\/fr\/#organization"},"alternateName":"Costa Rica Live Blog","potentialAction":[{"@type":"SearchAction","target":{"@type":"EntryPoint","urlTemplate":"https:\/\/www.sensorialsunsets.com\/fr\/?s={search_term_string}"},"query-input":{"@type":"PropertyValueSpecification","valueRequired":true,"valueName":"search_term_string"}}],"inLanguage":"fr-FR"},{"@type":"Organization","@id":"https:\/\/www.sensorialsunsets.com\/fr\/#organization","name":"SensorialSunsets","url":"https:\/\/www.sensorialsunsets.com\/fr\/","logo":{"@type":"ImageObject","inLanguage":"fr-FR","@id":"https:\/\/www.sensorialsunsets.com\/fr\/#\/schema\/logo\/image\/","url":"https:\/\/www.sensorialsunsets.com\/wp-content\/uploads\/2023\/04\/Logo_base_line_fond_clair.svg","contentUrl":"https:\/\/www.sensorialsunsets.com\/wp-content\/uploads\/2023\/04\/Logo_base_line_fond_clair.svg","width":"1024","height":"1024","caption":"SensorialSunsets"},"image":{"@id":"https:\/\/www.sensorialsunsets.com\/fr\/#\/schema\/logo\/image\/"},"sameAs":["https:\/\/www.facebook.com\/Sensorial-Sunsets-109180614715562","https:\/\/www.instagram.com\/sensorialsunsets\/"]},{"@type":"Person","@id":"https:\/\/www.sensorialsunsets.com\/fr\/#\/schema\/person\/77e2fa594135aa94024c47e281d8a94d","name":"Sensorial Sunsets","image":{"@type":"ImageObject","inLanguage":"fr-FR","@id":"https:\/\/secure.gravatar.com\/avatar\/5f2d62681b1dad94c28f1500d4fc75582acdfd32b55fd1acce0a36a3c487eabe?s=96&d=mm&r=g","url":"https:\/\/secure.gravatar.com\/avatar\/5f2d62681b1dad94c28f1500d4fc75582acdfd32b55fd1acce0a36a3c487eabe?s=96&d=mm&r=g","contentUrl":"https:\/\/secure.gravatar.com\/avatar\/5f2d62681b1dad94c28f1500d4fc75582acdfd32b55fd1acce0a36a3c487eabe?s=96&d=mm&r=g","caption":"Sensorial Sunsets"},"url":"https:\/\/www.sensorialsunsets.com\/fr\/author\/asistentes-sensorial-sunsets\/"}]}},"_links":{"self":[{"href":"https:\/\/www.sensorialsunsets.com\/fr\/wp-json\/wp\/v2\/posts\/21769","targetHints":{"allow":["GET"]}}],"collection":[{"href":"https:\/\/www.sensorialsunsets.com\/fr\/wp-json\/wp\/v2\/posts"}],"about":[{"href":"https:\/\/www.sensorialsunsets.com\/fr\/wp-json\/wp\/v2\/types\/post"}],"author":[{"embeddable":true,"href":"https:\/\/www.sensorialsunsets.com\/fr\/wp-json\/wp\/v2\/users\/4"}],"replies":[{"embeddable":true,"href":"https:\/\/www.sensorialsunsets.com\/fr\/wp-json\/wp\/v2\/comments?post=21769"}],"version-history":[{"count":2,"href":"https:\/\/www.sensorialsunsets.com\/fr\/wp-json\/wp\/v2\/posts\/21769\/revisions"}],"predecessor-version":[{"id":21771,"href":"https:\/\/www.sensorialsunsets.com\/fr\/wp-json\/wp\/v2\/posts\/21769\/revisions\/21771"}],"wp:featuredmedia":[{"embeddable":true,"href":"https:\/\/www.sensorialsunsets.com\/fr\/wp-json\/wp\/v2\/media\/21760"}],"wp:attachment":[{"href":"https:\/\/www.sensorialsunsets.com\/fr\/wp-json\/wp\/v2\/media?parent=21769"}],"wp:term":[{"taxonomy":"category","embeddable":true,"href":"https:\/\/www.sensorialsunsets.com\/fr\/wp-json\/wp\/v2\/categories?post=21769"},{"taxonomy":"post_tag","embeddable":true,"href":"https:\/\/www.sensorialsunsets.com\/fr\/wp-json\/wp\/v2\/tags?post=21769"}],"curies":[{"name":"wp","href":"https:\/\/api.w.org\/{rel}","templated":true}]}}