{"id":21801,"date":"2025-05-19T15:59:52","date_gmt":"2025-05-19T21:59:52","guid":{"rendered":"https:\/\/www.sensorialsunsets.com\/?p=21801"},"modified":"2025-05-19T15:59:52","modified_gmt":"2025-05-19T21:59:52","slug":"observation-des-oiseaux-au-costa-rica-ecotourisme-dans-le-sud-du-pays","status":"publish","type":"post","link":"https:\/\/www.sensorialsunsets.com\/fr\/observation-des-oiseaux-au-costa-rica-ecotourisme-dans-le-sud-du-pays\/","title":{"rendered":"Observation des oiseaux au Costa Rica : \u00e9cotourisme dans le sud du pays"},"content":{"rendered":"\n<p><strong>Observation des oiseaux au Costa Rica<\/strong><\/p>\n\n\n\n<p>Le Costa Rica continue de s&rsquo;imposer comme l&rsquo;une des destinations phares pour l&rsquo;observation des oiseaux, une activit\u00e9 essentielle au d\u00e9veloppement \u00e9conomique de ses zones rurales. Avec plus de 900 esp\u00e8ces d&rsquo;oiseaux r\u00e9pertori\u00e9es, un chiffre qui d\u00e9passe le nombre total recens\u00e9 dans toute l&rsquo;Am\u00e9rique du Nord, le pays est devenu un lieu incontournable pour les amateurs de ce type d&rsquo;observation. Le pays est ainsi devenu un lieu incontournable pour les <a href=\"https:\/\/www.sensorialsunsets.com\/fr\/observation-des-oiseaux-au-costa-rica-le-grand-heron\/\">ornithologues amateurs<\/a> du monde entier.<\/p>\n\n\n\n<h3 class=\"wp-block-heading\">Nouvelles tours d&rsquo;observation dans les zones rurales<\/h3>\n\n\n\n<p>Dans le but de renforcer le tourisme \u00e9cologique, deux tours d&rsquo;observation ont \u00e9t\u00e9 inaugur\u00e9es dans le sud du pays : l&rsquo;une \u00e0 Santa Mar\u00eda de Pittier de Coto Brus et l&rsquo;autre \u00e0 Biolley de Buenos Aires. Ces structures ont \u00e9t\u00e9 construites gr\u00e2ce \u00e0 un investissement de plus de 227,2 millions de colones (environ 435 000 dollars) et b\u00e9n\u00e9ficieront directement ou indirectement \u00e0 plus de 84 000 personnes.<\/p>\n\n\n\n<p>Les tours sont situ\u00e9es dans le Parc international La Amistad (PILA), un site partag\u00e9 avec le Panama et class\u00e9 au patrimoine mondial de l&rsquo;UNESCO. Le PILA est l&rsquo;une des plus grandes zones prot\u00e9g\u00e9es d&rsquo;Am\u00e9rique centrale. Il abrite une biodiversit\u00e9 impressionnante, avec des esp\u00e8ces rares, end\u00e9miques et des mammif\u00e8res embl\u00e9matiques comme le tapir et le jaguar.<\/p>\n\n\n\n<div style=\"height:100px\" aria-hidden=\"true\" class=\"wp-block-spacer\"><\/div>\n\n\n\n<figure class=\"wp-block-gallery has-nested-images columns-default is-cropped wp-block-gallery-1 is-layout-flex wp-block-gallery-is-layout-flex\">\n<figure class=\"wp-block-image size-large\"><img loading=\"lazy\" decoding=\"async\" width=\"733\" height=\"550\" data-id=\"21777\" src=\"https:\/\/www.sensorialsunsets.com\/wp-content\/uploads\/2025\/05\/Amistad_schild-733x550-1.jpg\" alt=\"Observation des oiseaux au Costa Rica\" class=\"wp-image-21777\" srcset=\"https:\/\/www.sensorialsunsets.com\/wp-content\/uploads\/2025\/05\/Amistad_schild-733x550-1.jpg 733w, https:\/\/www.sensorialsunsets.com\/wp-content\/uploads\/2025\/05\/Amistad_schild-733x550-1-300x225.jpg 300w\" sizes=\"auto, (max-width: 733px) 100vw, 733px\" \/><\/figure>\n\n\n\n<figure class=\"wp-block-image size-large\"><img loading=\"lazy\" decoding=\"async\" width=\"1000\" height=\"600\" data-id=\"21778\" src=\"https:\/\/www.sensorialsunsets.com\/wp-content\/uploads\/2025\/05\/birdwatching-tower-1.jpg\" alt=\"Observation des oiseaux au Costa Rica\" class=\"wp-image-21778\" srcset=\"https:\/\/www.sensorialsunsets.com\/wp-content\/uploads\/2025\/05\/birdwatching-tower-1.jpg 1000w, https:\/\/www.sensorialsunsets.com\/wp-content\/uploads\/2025\/05\/birdwatching-tower-1-300x180.jpg 300w, https:\/\/www.sensorialsunsets.com\/wp-content\/uploads\/2025\/05\/birdwatching-tower-1-768x461.jpg 768w\" sizes=\"auto, (max-width: 1000px) 100vw, 1000px\" \/><\/figure>\n\n\n\n<figure class=\"wp-block-image size-large\"><img loading=\"lazy\" decoding=\"async\" width=\"1024\" height=\"576\" data-id=\"21783\" src=\"https:\/\/www.sensorialsunsets.com\/wp-content\/uploads\/2025\/05\/Costa-Rica-Boosts-Birdwatching-Tourism-1-1024x576.jpg\" alt=\"Observation des oiseaux au Costa Rica\" class=\"wp-image-21783\" srcset=\"https:\/\/www.sensorialsunsets.com\/wp-content\/uploads\/2025\/05\/Costa-Rica-Boosts-Birdwatching-Tourism-1-1024x576.jpg 1024w, https:\/\/www.sensorialsunsets.com\/wp-content\/uploads\/2025\/05\/Costa-Rica-Boosts-Birdwatching-Tourism-1-300x169.jpg 300w, https:\/\/www.sensorialsunsets.com\/wp-content\/uploads\/2025\/05\/Costa-Rica-Boosts-Birdwatching-Tourism-1-768x432.jpg 768w, https:\/\/www.sensorialsunsets.com\/wp-content\/uploads\/2025\/05\/Costa-Rica-Boosts-Birdwatching-Tourism-1.jpg 1170w\" sizes=\"auto, (max-width: 1024px) 100vw, 1024px\" \/><\/figure>\n<\/figure>\n\n\n\n<div style=\"height:100px\" aria-hidden=\"true\" class=\"wp-block-spacer\"><\/div>\n\n\n\n<p>Outre l\u2019observation des oiseaux, les tours remplissent plusieurs fonctions compl\u00e9mentaires. La promotion de l\u2019\u00e9ducation environnementale et le soutien \u00e0 la recherche scientifique en font partie. Ces structures servent aussi de points de surveillance pour d\u00e9tecter les incendies et pr\u00e9venir des activit\u00e9s ill\u00e9gales comme la d\u00e9forestation ou le braconnage.<\/p>\n\n\n\n<h3 class=\"wp-block-heading\"><strong>Plus que du tourisme : \u00e9ducation, conservation et surveillance<\/strong><\/h3>\n\n\n\n<p>Cette initiative s&rsquo;inscrit dans le cadre d&rsquo;une collaboration entre l&rsquo;Institut de d\u00e9veloppement rural (Inder) et le Syst\u00e8me national des zones de conservation (SINAC), et s&rsquo;inscrit dans un effort plus large visant \u00e0 renforcer les infrastructures touristiques dans les parcs nationaux du Costa Rica.<\/p>\n\n\n\n<div style=\"height:100px\" aria-hidden=\"true\" class=\"wp-block-spacer\"><\/div>\n\n\n\n<figure class=\"wp-block-gallery has-nested-images columns-default is-cropped wp-block-gallery-2 is-layout-flex wp-block-gallery-is-layout-flex\">\n<figure class=\"wp-block-image size-large\"><img loading=\"lazy\" decoding=\"async\" width=\"1024\" height=\"768\" data-id=\"21793\" src=\"https:\/\/www.sensorialsunsets.com\/wp-content\/uploads\/2025\/05\/avistamiento-aves-costarica-1024x768.jpg\" alt=\"Observation des oiseaux au Costa Rica\" class=\"wp-image-21793\" srcset=\"https:\/\/www.sensorialsunsets.com\/wp-content\/uploads\/2025\/05\/avistamiento-aves-costarica-1024x768.jpg 1024w, https:\/\/www.sensorialsunsets.com\/wp-content\/uploads\/2025\/05\/avistamiento-aves-costarica-300x225.jpg 300w, https:\/\/www.sensorialsunsets.com\/wp-content\/uploads\/2025\/05\/avistamiento-aves-costarica-768x576.jpg 768w, https:\/\/www.sensorialsunsets.com\/wp-content\/uploads\/2025\/05\/avistamiento-aves-costarica-1536x1152.jpg 1536w, https:\/\/www.sensorialsunsets.com\/wp-content\/uploads\/2025\/05\/avistamiento-aves-costarica-1320x990.jpg 1320w, https:\/\/www.sensorialsunsets.com\/wp-content\/uploads\/2025\/05\/avistamiento-aves-costarica.jpg 1728w\" sizes=\"auto, (max-width: 1024px) 100vw, 1024px\" \/><\/figure>\n\n\n\n<figure class=\"wp-block-image size-large\"><img loading=\"lazy\" decoding=\"async\" width=\"1024\" height=\"768\" data-id=\"21787\" src=\"https:\/\/www.sensorialsunsets.com\/wp-content\/uploads\/2025\/05\/avistamiento-01-1024x768.jpg\" alt=\"\" class=\"wp-image-21787\" srcset=\"https:\/\/www.sensorialsunsets.com\/wp-content\/uploads\/2025\/05\/avistamiento-01-1024x768.jpg 1024w, https:\/\/www.sensorialsunsets.com\/wp-content\/uploads\/2025\/05\/avistamiento-01-300x225.jpg 300w, https:\/\/www.sensorialsunsets.com\/wp-content\/uploads\/2025\/05\/avistamiento-01-768x576.jpg 768w, https:\/\/www.sensorialsunsets.com\/wp-content\/uploads\/2025\/05\/avistamiento-01.jpg 1200w\" sizes=\"auto, (max-width: 1024px) 100vw, 1024px\" \/><\/figure>\n\n\n\n<figure class=\"wp-block-image size-large\"><img loading=\"lazy\" decoding=\"async\" width=\"1024\" height=\"772\" data-id=\"21790\" src=\"https:\/\/www.sensorialsunsets.com\/wp-content\/uploads\/2025\/05\/aves-jacana-1024x772.jpg\" alt=\"Observation des oiseaux au Costa Rica\" class=\"wp-image-21790\" srcset=\"https:\/\/www.sensorialsunsets.com\/wp-content\/uploads\/2025\/05\/aves-jacana-1024x772.jpg 1024w, https:\/\/www.sensorialsunsets.com\/wp-content\/uploads\/2025\/05\/aves-jacana-300x226.jpg 300w, https:\/\/www.sensorialsunsets.com\/wp-content\/uploads\/2025\/05\/aves-jacana-768x579.jpg 768w, https:\/\/www.sensorialsunsets.com\/wp-content\/uploads\/2025\/05\/aves-jacana-1536x1158.jpg 1536w, https:\/\/www.sensorialsunsets.com\/wp-content\/uploads\/2025\/05\/aves-jacana-1320x995.jpg 1320w, https:\/\/www.sensorialsunsets.com\/wp-content\/uploads\/2025\/05\/aves-jacana.jpg 1920w\" sizes=\"auto, (max-width: 1024px) 100vw, 1024px\" \/><\/figure>\n<\/figure>\n\n\n\n<div style=\"height:100px\" aria-hidden=\"true\" class=\"wp-block-spacer\"><\/div>\n\n\n\n<p>Sur le plan \u00e9conomique, le projet repr\u00e9sente une opportunit\u00e9 importante pour les communaut\u00e9s locales. Il cr\u00e9e des emplois dans le domaine du tourisme, de l&rsquo;h\u00e9bergement et soutient les petites entreprises. En misant sur l\u2019\u00e9cotourisme, le Costa Rica attire des visiteurs et renforce son engagement pour la pr\u00e9servation de ses \u00e9cosyst\u00e8mes.<\/p>\n\n\n\n<p><strong>Sensorial Sunsets<\/strong><\/p>\n\n\n\n<h3 class=\"wp-block-heading has-white-color has-text-color has-link-color has-small-font-size wp-elements-c76d3ba8900f6b1ff1adb486e8d57f2f\"><strong>Observation des oiseaux au Costa Rica<\/strong><\/h3>\n","protected":false},"excerpt":{"rendered":"<p>Observation des oiseaux au Costa Rica Le Costa Rica continue de s&rsquo;imposer comme l&rsquo;une des destinations phares pour l&rsquo;observation des oiseaux, une activit\u00e9 essentielle au d\u00e9veloppement \u00e9conomique de ses zones rurales. Avec plus de 900 esp\u00e8ces d&rsquo;oiseaux r\u00e9pertori\u00e9es, un chiffre qui d\u00e9passe le nombre total recens\u00e9 dans toute l&rsquo;Am\u00e9rique du Nord, le pays est devenu [&hellip;]<\/p>\n","protected":false},"author":4,"featured_media":21776,"comment_status":"closed","ping_status":"closed","sticky":false,"template":"","format":"standard","meta":{"_acf_changed":false,"inline_featured_image":false,"_monsterinsights_skip_tracking":false,"_monsterinsights_sitenote_active":false,"_monsterinsights_sitenote_note":"","_monsterinsights_sitenote_category":0,"footnotes":""},"categories":[1],"tags":[],"class_list":["post-21801","post","type-post","status-publish","format-standard","has-post-thumbnail","hentry","category-non-classifiee"],"acf":[],"yoast_head":"<!-- This site is optimized with the Yoast SEO plugin v27.4 - https:\/\/yoast.com\/product\/yoast-seo-wordpress\/ -->\n<title>Observation des oiseaux au Costa Rica : \u00e9cotourisme dans le sud du pays - SensorialSunsets<\/title>\n<meta name=\"description\" content=\"Observation des oiseaux au Costa Rica : de nouvelles tours favorisent l&#039;\u00e9cotourisme et aident les communaut\u00e9s locales \u00e0 prot\u00e9ger la biodiversit\u00e9.\" \/>\n<meta name=\"robots\" content=\"index, follow, max-snippet:-1, max-image-preview:large, max-video-preview:-1\" \/>\n<link rel=\"canonical\" href=\"https:\/\/www.sensorialsunsets.com\/fr\/observation-des-oiseaux-au-costa-rica-ecotourisme-dans-le-sud-du-pays\/\" \/>\n<meta property=\"og:locale\" content=\"fr_FR\" \/>\n<meta property=\"og:type\" content=\"article\" \/>\n<meta property=\"og:title\" content=\"Observation des oiseaux au Costa Rica : \u00e9cotourisme dans le sud du pays - SensorialSunsets\" \/>\n<meta property=\"og:description\" content=\"Observation des oiseaux au Costa Rica : de nouvelles tours favorisent l&#039;\u00e9cotourisme et aident les communaut\u00e9s locales \u00e0 prot\u00e9ger la biodiversit\u00e9.\" \/>\n<meta property=\"og:url\" content=\"https:\/\/www.sensorialsunsets.com\/fr\/observation-des-oiseaux-au-costa-rica-ecotourisme-dans-le-sud-du-pays\/\" \/>\n<meta property=\"og:site_name\" content=\"SensorialSunsets\" \/>\n<meta property=\"article:publisher\" content=\"https:\/\/www.facebook.com\/Sensorial-Sunsets-109180614715562\" \/>\n<meta property=\"article:published_time\" content=\"2025-05-19T21:59:52+00:00\" \/>\n<meta property=\"og:image\" content=\"https:\/\/www.sensorialsunsets.com\/wp-content\/uploads\/2025\/05\/Costa-Rica-Boosts-Birdwatching-Tourism.jpg\" \/>\n\t<meta property=\"og:image:width\" content=\"1170\" \/>\n\t<meta property=\"og:image:height\" content=\"658\" \/>\n\t<meta property=\"og:image:type\" content=\"image\/jpeg\" \/>\n<meta name=\"author\" content=\"Sensorial Sunsets\" \/>\n<meta name=\"twitter:card\" content=\"summary_large_image\" \/>\n<meta name=\"twitter:label1\" content=\"\u00c9crit par\" \/>\n\t<meta name=\"twitter:data1\" content=\"Sensorial Sunsets\" \/>\n\t<meta name=\"twitter:label2\" content=\"Dur\u00e9e de lecture estim\u00e9e\" \/>\n\t<meta name=\"twitter:data2\" content=\"2 minutes\" \/>\n<script type=\"application\/ld+json\" class=\"yoast-schema-graph\">{\"@context\":\"https:\\\/\\\/schema.org\",\"@graph\":[{\"@type\":\"Article\",\"@id\":\"https:\\\/\\\/www.sensorialsunsets.com\\\/fr\\\/observation-des-oiseaux-au-costa-rica-ecotourisme-dans-le-sud-du-pays\\\/#article\",\"isPartOf\":{\"@id\":\"https:\\\/\\\/www.sensorialsunsets.com\\\/fr\\\/observation-des-oiseaux-au-costa-rica-ecotourisme-dans-le-sud-du-pays\\\/\"},\"author\":{\"name\":\"Sensorial Sunsets\",\"@id\":\"https:\\\/\\\/www.sensorialsunsets.com\\\/fr\\\/#\\\/schema\\\/person\\\/77e2fa594135aa94024c47e281d8a94d\"},\"headline\":\"Observation des oiseaux au Costa Rica : \u00e9cotourisme dans le sud du pays\",\"datePublished\":\"2025-05-19T21:59:52+00:00\",\"mainEntityOfPage\":{\"@id\":\"https:\\\/\\\/www.sensorialsunsets.com\\\/fr\\\/observation-des-oiseaux-au-costa-rica-ecotourisme-dans-le-sud-du-pays\\\/\"},\"wordCount\":419,\"publisher\":{\"@id\":\"https:\\\/\\\/www.sensorialsunsets.com\\\/fr\\\/#organization\"},\"image\":{\"@id\":\"https:\\\/\\\/www.sensorialsunsets.com\\\/fr\\\/observation-des-oiseaux-au-costa-rica-ecotourisme-dans-le-sud-du-pays\\\/#primaryimage\"},\"thumbnailUrl\":\"https:\\\/\\\/www.sensorialsunsets.com\\\/wp-content\\\/uploads\\\/2025\\\/05\\\/Costa-Rica-Boosts-Birdwatching-Tourism.jpg\",\"articleSection\":[\"Non classifi\u00e9(e)\"],\"inLanguage\":\"fr-FR\"},{\"@type\":\"WebPage\",\"@id\":\"https:\\\/\\\/www.sensorialsunsets.com\\\/fr\\\/observation-des-oiseaux-au-costa-rica-ecotourisme-dans-le-sud-du-pays\\\/\",\"url\":\"https:\\\/\\\/www.sensorialsunsets.com\\\/fr\\\/observation-des-oiseaux-au-costa-rica-ecotourisme-dans-le-sud-du-pays\\\/\",\"name\":\"Observation des oiseaux au Costa Rica : \u00e9cotourisme dans le sud du pays - SensorialSunsets\",\"isPartOf\":{\"@id\":\"https:\\\/\\\/www.sensorialsunsets.com\\\/fr\\\/#website\"},\"primaryImageOfPage\":{\"@id\":\"https:\\\/\\\/www.sensorialsunsets.com\\\/fr\\\/observation-des-oiseaux-au-costa-rica-ecotourisme-dans-le-sud-du-pays\\\/#primaryimage\"},\"image\":{\"@id\":\"https:\\\/\\\/www.sensorialsunsets.com\\\/fr\\\/observation-des-oiseaux-au-costa-rica-ecotourisme-dans-le-sud-du-pays\\\/#primaryimage\"},\"thumbnailUrl\":\"https:\\\/\\\/www.sensorialsunsets.com\\\/wp-content\\\/uploads\\\/2025\\\/05\\\/Costa-Rica-Boosts-Birdwatching-Tourism.jpg\",\"datePublished\":\"2025-05-19T21:59:52+00:00\",\"description\":\"Observation des oiseaux au Costa Rica : de nouvelles tours favorisent l'\u00e9cotourisme et aident les communaut\u00e9s locales \u00e0 prot\u00e9ger la biodiversit\u00e9.\",\"inLanguage\":\"fr-FR\",\"potentialAction\":[{\"@type\":\"ReadAction\",\"target\":[\"https:\\\/\\\/www.sensorialsunsets.com\\\/fr\\\/observation-des-oiseaux-au-costa-rica-ecotourisme-dans-le-sud-du-pays\\\/\"]}]},{\"@type\":\"ImageObject\",\"inLanguage\":\"fr-FR\",\"@id\":\"https:\\\/\\\/www.sensorialsunsets.com\\\/fr\\\/observation-des-oiseaux-au-costa-rica-ecotourisme-dans-le-sud-du-pays\\\/#primaryimage\",\"url\":\"https:\\\/\\\/www.sensorialsunsets.com\\\/wp-content\\\/uploads\\\/2025\\\/05\\\/Costa-Rica-Boosts-Birdwatching-Tourism.jpg\",\"contentUrl\":\"https:\\\/\\\/www.sensorialsunsets.com\\\/wp-content\\\/uploads\\\/2025\\\/05\\\/Costa-Rica-Boosts-Birdwatching-Tourism.jpg\",\"width\":1170,\"height\":658},{\"@type\":\"WebSite\",\"@id\":\"https:\\\/\\\/www.sensorialsunsets.com\\\/fr\\\/#website\",\"url\":\"https:\\\/\\\/www.sensorialsunsets.com\\\/fr\\\/\",\"name\":\"SensorialSunsets.com\",\"description\":\"D\u00e9couvrez la culture et la soci\u00e9t\u00e9 du Costa Rica sur notre blog. Explorez des articles captivants et partagez le contenu.\",\"publisher\":{\"@id\":\"https:\\\/\\\/www.sensorialsunsets.com\\\/fr\\\/#organization\"},\"alternateName\":\"Costa Rica Live Blog\",\"potentialAction\":[{\"@type\":\"SearchAction\",\"target\":{\"@type\":\"EntryPoint\",\"urlTemplate\":\"https:\\\/\\\/www.sensorialsunsets.com\\\/fr\\\/?s={search_term_string}\"},\"query-input\":{\"@type\":\"PropertyValueSpecification\",\"valueRequired\":true,\"valueName\":\"search_term_string\"}}],\"inLanguage\":\"fr-FR\"},{\"@type\":\"Organization\",\"@id\":\"https:\\\/\\\/www.sensorialsunsets.com\\\/fr\\\/#organization\",\"name\":\"SensorialSunsets\",\"url\":\"https:\\\/\\\/www.sensorialsunsets.com\\\/fr\\\/\",\"logo\":{\"@type\":\"ImageObject\",\"inLanguage\":\"fr-FR\",\"@id\":\"https:\\\/\\\/www.sensorialsunsets.com\\\/fr\\\/#\\\/schema\\\/logo\\\/image\\\/\",\"url\":\"https:\\\/\\\/www.sensorialsunsets.com\\\/wp-content\\\/uploads\\\/2023\\\/04\\\/Logo_base_line_fond_clair.svg\",\"contentUrl\":\"https:\\\/\\\/www.sensorialsunsets.com\\\/wp-content\\\/uploads\\\/2023\\\/04\\\/Logo_base_line_fond_clair.svg\",\"width\":\"1024\",\"height\":\"1024\",\"caption\":\"SensorialSunsets\"},\"image\":{\"@id\":\"https:\\\/\\\/www.sensorialsunsets.com\\\/fr\\\/#\\\/schema\\\/logo\\\/image\\\/\"},\"sameAs\":[\"https:\\\/\\\/www.facebook.com\\\/Sensorial-Sunsets-109180614715562\",\"https:\\\/\\\/www.instagram.com\\\/sensorialsunsets\\\/\"]},{\"@type\":\"Person\",\"@id\":\"https:\\\/\\\/www.sensorialsunsets.com\\\/fr\\\/#\\\/schema\\\/person\\\/77e2fa594135aa94024c47e281d8a94d\",\"name\":\"Sensorial Sunsets\",\"image\":{\"@type\":\"ImageObject\",\"inLanguage\":\"fr-FR\",\"@id\":\"https:\\\/\\\/secure.gravatar.com\\\/avatar\\\/5f2d62681b1dad94c28f1500d4fc75582acdfd32b55fd1acce0a36a3c487eabe?s=96&d=mm&r=g\",\"url\":\"https:\\\/\\\/secure.gravatar.com\\\/avatar\\\/5f2d62681b1dad94c28f1500d4fc75582acdfd32b55fd1acce0a36a3c487eabe?s=96&d=mm&r=g\",\"contentUrl\":\"https:\\\/\\\/secure.gravatar.com\\\/avatar\\\/5f2d62681b1dad94c28f1500d4fc75582acdfd32b55fd1acce0a36a3c487eabe?s=96&d=mm&r=g\",\"caption\":\"Sensorial Sunsets\"},\"url\":\"https:\\\/\\\/www.sensorialsunsets.com\\\/fr\\\/author\\\/asistentes-sensorial-sunsets\\\/\"}]}<\/script>\n<!-- \/ Yoast SEO plugin. -->","yoast_head_json":{"title":"Observation des oiseaux au Costa Rica : \u00e9cotourisme dans le sud du pays - SensorialSunsets","description":"Observation des oiseaux au Costa Rica : de nouvelles tours favorisent l'\u00e9cotourisme et aident les communaut\u00e9s locales \u00e0 prot\u00e9ger la biodiversit\u00e9.","robots":{"index":"index","follow":"follow","max-snippet":"max-snippet:-1","max-image-preview":"max-image-preview:large","max-video-preview":"max-video-preview:-1"},"canonical":"https:\/\/www.sensorialsunsets.com\/fr\/observation-des-oiseaux-au-costa-rica-ecotourisme-dans-le-sud-du-pays\/","og_locale":"fr_FR","og_type":"article","og_title":"Observation des oiseaux au Costa Rica : \u00e9cotourisme dans le sud du pays - SensorialSunsets","og_description":"Observation des oiseaux au Costa Rica : de nouvelles tours favorisent l'\u00e9cotourisme et aident les communaut\u00e9s locales \u00e0 prot\u00e9ger la biodiversit\u00e9.","og_url":"https:\/\/www.sensorialsunsets.com\/fr\/observation-des-oiseaux-au-costa-rica-ecotourisme-dans-le-sud-du-pays\/","og_site_name":"SensorialSunsets","article_publisher":"https:\/\/www.facebook.com\/Sensorial-Sunsets-109180614715562","article_published_time":"2025-05-19T21:59:52+00:00","og_image":[{"width":1170,"height":658,"url":"https:\/\/www.sensorialsunsets.com\/wp-content\/uploads\/2025\/05\/Costa-Rica-Boosts-Birdwatching-Tourism.jpg","type":"image\/jpeg"}],"author":"Sensorial Sunsets","twitter_card":"summary_large_image","twitter_misc":{"\u00c9crit par":"Sensorial Sunsets","Dur\u00e9e de lecture estim\u00e9e":"2 minutes"},"schema":{"@context":"https:\/\/schema.org","@graph":[{"@type":"Article","@id":"https:\/\/www.sensorialsunsets.com\/fr\/observation-des-oiseaux-au-costa-rica-ecotourisme-dans-le-sud-du-pays\/#article","isPartOf":{"@id":"https:\/\/www.sensorialsunsets.com\/fr\/observation-des-oiseaux-au-costa-rica-ecotourisme-dans-le-sud-du-pays\/"},"author":{"name":"Sensorial Sunsets","@id":"https:\/\/www.sensorialsunsets.com\/fr\/#\/schema\/person\/77e2fa594135aa94024c47e281d8a94d"},"headline":"Observation des oiseaux au Costa Rica : \u00e9cotourisme dans le sud du pays","datePublished":"2025-05-19T21:59:52+00:00","mainEntityOfPage":{"@id":"https:\/\/www.sensorialsunsets.com\/fr\/observation-des-oiseaux-au-costa-rica-ecotourisme-dans-le-sud-du-pays\/"},"wordCount":419,"publisher":{"@id":"https:\/\/www.sensorialsunsets.com\/fr\/#organization"},"image":{"@id":"https:\/\/www.sensorialsunsets.com\/fr\/observation-des-oiseaux-au-costa-rica-ecotourisme-dans-le-sud-du-pays\/#primaryimage"},"thumbnailUrl":"https:\/\/www.sensorialsunsets.com\/wp-content\/uploads\/2025\/05\/Costa-Rica-Boosts-Birdwatching-Tourism.jpg","articleSection":["Non classifi\u00e9(e)"],"inLanguage":"fr-FR"},{"@type":"WebPage","@id":"https:\/\/www.sensorialsunsets.com\/fr\/observation-des-oiseaux-au-costa-rica-ecotourisme-dans-le-sud-du-pays\/","url":"https:\/\/www.sensorialsunsets.com\/fr\/observation-des-oiseaux-au-costa-rica-ecotourisme-dans-le-sud-du-pays\/","name":"Observation des oiseaux au Costa Rica : \u00e9cotourisme dans le sud du pays - SensorialSunsets","isPartOf":{"@id":"https:\/\/www.sensorialsunsets.com\/fr\/#website"},"primaryImageOfPage":{"@id":"https:\/\/www.sensorialsunsets.com\/fr\/observation-des-oiseaux-au-costa-rica-ecotourisme-dans-le-sud-du-pays\/#primaryimage"},"image":{"@id":"https:\/\/www.sensorialsunsets.com\/fr\/observation-des-oiseaux-au-costa-rica-ecotourisme-dans-le-sud-du-pays\/#primaryimage"},"thumbnailUrl":"https:\/\/www.sensorialsunsets.com\/wp-content\/uploads\/2025\/05\/Costa-Rica-Boosts-Birdwatching-Tourism.jpg","datePublished":"2025-05-19T21:59:52+00:00","description":"Observation des oiseaux au Costa Rica : de nouvelles tours favorisent l'\u00e9cotourisme et aident les communaut\u00e9s locales \u00e0 prot\u00e9ger la biodiversit\u00e9.","inLanguage":"fr-FR","potentialAction":[{"@type":"ReadAction","target":["https:\/\/www.sensorialsunsets.com\/fr\/observation-des-oiseaux-au-costa-rica-ecotourisme-dans-le-sud-du-pays\/"]}]},{"@type":"ImageObject","inLanguage":"fr-FR","@id":"https:\/\/www.sensorialsunsets.com\/fr\/observation-des-oiseaux-au-costa-rica-ecotourisme-dans-le-sud-du-pays\/#primaryimage","url":"https:\/\/www.sensorialsunsets.com\/wp-content\/uploads\/2025\/05\/Costa-Rica-Boosts-Birdwatching-Tourism.jpg","contentUrl":"https:\/\/www.sensorialsunsets.com\/wp-content\/uploads\/2025\/05\/Costa-Rica-Boosts-Birdwatching-Tourism.jpg","width":1170,"height":658},{"@type":"WebSite","@id":"https:\/\/www.sensorialsunsets.com\/fr\/#website","url":"https:\/\/www.sensorialsunsets.com\/fr\/","name":"SensorialSunsets.com","description":"D\u00e9couvrez la culture et la soci\u00e9t\u00e9 du Costa Rica sur notre blog. Explorez des articles captivants et partagez le contenu.","publisher":{"@id":"https:\/\/www.sensorialsunsets.com\/fr\/#organization"},"alternateName":"Costa Rica Live Blog","potentialAction":[{"@type":"SearchAction","target":{"@type":"EntryPoint","urlTemplate":"https:\/\/www.sensorialsunsets.com\/fr\/?s={search_term_string}"},"query-input":{"@type":"PropertyValueSpecification","valueRequired":true,"valueName":"search_term_string"}}],"inLanguage":"fr-FR"},{"@type":"Organization","@id":"https:\/\/www.sensorialsunsets.com\/fr\/#organization","name":"SensorialSunsets","url":"https:\/\/www.sensorialsunsets.com\/fr\/","logo":{"@type":"ImageObject","inLanguage":"fr-FR","@id":"https:\/\/www.sensorialsunsets.com\/fr\/#\/schema\/logo\/image\/","url":"https:\/\/www.sensorialsunsets.com\/wp-content\/uploads\/2023\/04\/Logo_base_line_fond_clair.svg","contentUrl":"https:\/\/www.sensorialsunsets.com\/wp-content\/uploads\/2023\/04\/Logo_base_line_fond_clair.svg","width":"1024","height":"1024","caption":"SensorialSunsets"},"image":{"@id":"https:\/\/www.sensorialsunsets.com\/fr\/#\/schema\/logo\/image\/"},"sameAs":["https:\/\/www.facebook.com\/Sensorial-Sunsets-109180614715562","https:\/\/www.instagram.com\/sensorialsunsets\/"]},{"@type":"Person","@id":"https:\/\/www.sensorialsunsets.com\/fr\/#\/schema\/person\/77e2fa594135aa94024c47e281d8a94d","name":"Sensorial Sunsets","image":{"@type":"ImageObject","inLanguage":"fr-FR","@id":"https:\/\/secure.gravatar.com\/avatar\/5f2d62681b1dad94c28f1500d4fc75582acdfd32b55fd1acce0a36a3c487eabe?s=96&d=mm&r=g","url":"https:\/\/secure.gravatar.com\/avatar\/5f2d62681b1dad94c28f1500d4fc75582acdfd32b55fd1acce0a36a3c487eabe?s=96&d=mm&r=g","contentUrl":"https:\/\/secure.gravatar.com\/avatar\/5f2d62681b1dad94c28f1500d4fc75582acdfd32b55fd1acce0a36a3c487eabe?s=96&d=mm&r=g","caption":"Sensorial Sunsets"},"url":"https:\/\/www.sensorialsunsets.com\/fr\/author\/asistentes-sensorial-sunsets\/"}]}},"_links":{"self":[{"href":"https:\/\/www.sensorialsunsets.com\/fr\/wp-json\/wp\/v2\/posts\/21801","targetHints":{"allow":["GET"]}}],"collection":[{"href":"https:\/\/www.sensorialsunsets.com\/fr\/wp-json\/wp\/v2\/posts"}],"about":[{"href":"https:\/\/www.sensorialsunsets.com\/fr\/wp-json\/wp\/v2\/types\/post"}],"author":[{"embeddable":true,"href":"https:\/\/www.sensorialsunsets.com\/fr\/wp-json\/wp\/v2\/users\/4"}],"replies":[{"embeddable":true,"href":"https:\/\/www.sensorialsunsets.com\/fr\/wp-json\/wp\/v2\/comments?post=21801"}],"version-history":[{"count":2,"href":"https:\/\/www.sensorialsunsets.com\/fr\/wp-json\/wp\/v2\/posts\/21801\/revisions"}],"predecessor-version":[{"id":21803,"href":"https:\/\/www.sensorialsunsets.com\/fr\/wp-json\/wp\/v2\/posts\/21801\/revisions\/21803"}],"wp:featuredmedia":[{"embeddable":true,"href":"https:\/\/www.sensorialsunsets.com\/fr\/wp-json\/wp\/v2\/media\/21776"}],"wp:attachment":[{"href":"https:\/\/www.sensorialsunsets.com\/fr\/wp-json\/wp\/v2\/media?parent=21801"}],"wp:term":[{"taxonomy":"category","embeddable":true,"href":"https:\/\/www.sensorialsunsets.com\/fr\/wp-json\/wp\/v2\/categories?post=21801"},{"taxonomy":"post_tag","embeddable":true,"href":"https:\/\/www.sensorialsunsets.com\/fr\/wp-json\/wp\/v2\/tags?post=21801"}],"curies":[{"name":"wp","href":"https:\/\/api.w.org\/{rel}","templated":true}]}}