{"id":21832,"date":"2025-05-21T17:00:16","date_gmt":"2025-05-21T23:00:16","guid":{"rendered":"https:\/\/www.sensorialsunsets.com\/?p=21832"},"modified":"2025-05-21T17:00:16","modified_gmt":"2025-05-21T23:00:16","slug":"bee-lab-le-laboratoire-costaricien-qui-protege-les-abeilles-et-ameliore-la-production-de-cafe-et-dagrumes","status":"publish","type":"post","link":"https:\/\/www.sensorialsunsets.com\/fr\/bee-lab-le-laboratoire-costaricien-qui-protege-les-abeilles-et-ameliore-la-production-de-cafe-et-dagrumes\/","title":{"rendered":"Bee Lab : le laboratoire costaricien qui prot\u00e8ge les abeilles et am\u00e9liore la production de caf\u00e9 et d\u2019agrumes"},"content":{"rendered":"\n<p class=\"has-small-font-size\">Bee Lab : laboratoire costaricien qui prot\u00e8ge les abeilles et am\u00e9liore la production de caf\u00e9 et d&rsquo;agrumes<\/p>\n\n<p>Le Costa Rica fait un pas en avant dans la protection de ses populations d&rsquo;abeilles avec le lancement de <strong>Bee Lab<\/strong>, un laboratoire apicole situ\u00e9 \u00e0 Naranjo qui vise \u00e0 sauvegarder plus d&rsquo;un million d&rsquo;abeilles et \u00e0 augmenter jusqu&rsquo;\u00e0 25 % la productivit\u00e9 agricole dans des cultures cl\u00e9s telles que le caf\u00e9 et les agrumes. Alliant technologie de pointe et pratiques r\u00e9g\u00e9n\u00e9ratrices, cette initiative promet des avantages significatifs tant pour les agriculteurs que pour les \u00e9cosyst\u00e8mes.<\/p>\n\n<h3 class=\"wp-block-heading\">La technologie au service de la pollinisation<\/h3>\n\n<p>Apr\u00e8s des implantations r\u00e9ussies en Colombie et \u00e0 Cap Canaveral (Floride), le Bee Lab a install\u00e9 <strong>20 ruches \u00e0 Naranjo<\/strong>, chacune \u00e9quip\u00e9e de capteurs de derni\u00e8re g\u00e9n\u00e9ration d\u00e9velopp\u00e9s par la soci\u00e9t\u00e9 UBEES. Ces dispositifs, qui utilisent une technologie IoT non invasive, permettent de surveiller en temps r\u00e9el la sant\u00e9 des ruches, l&rsquo;activit\u00e9 des abeilles et l&rsquo;efficacit\u00e9 de la pollinisation, ce qui a un impact sur plus de <strong>300 hectares de terres agricoles<\/strong>.<\/p>\n\n<p>La technologie r\u00e9duit \u00e9galement de deux tiers les t\u00e2ches traditionnelles de l&rsquo;<a href=\"https:\/\/www.sensorialsunsets.com\/fr\/apiculture-le-monde-des-abeilles\/\">apiculture<\/a>, permettant ainsi aux agriculteurs de se concentrer sur des pratiques durables qui favorisent la biodiversit\u00e9 et am\u00e9liorent la qualit\u00e9 des cultures.<\/p>\n\n<h3 class=\"wp-block-heading\">Apiculture r\u00e9g\u00e9n\u00e9rative et autonomisation communautaire<\/h3>\n\n<p>La mission de Bee Lab va au-del\u00e0 de la pollinisation. Gr\u00e2ce \u00e0 une formation en <strong>apiculture r\u00e9g\u00e9n\u00e9rative<\/strong>, le laboratoire cherche \u00e0 cr\u00e9er des opportunit\u00e9s \u00e9conomiques pour les petits producteurs et les femmes des communaut\u00e9s rurales, en encourageant la production de miel et de cire d&rsquo;abeille.<\/p>\n\n<blockquote class=\"wp-block-quote is-layout-flow wp-block-quote-is-layout-flow\">\n<p>L&rsquo;apiculture r\u00e9g\u00e9n\u00e9rative prot\u00e8ge non seulement les abeilles et am\u00e9liore la productivit\u00e9 des cultures, mais elle renforce \u00e9galement les communaut\u00e9s locales en leur fournissant les outils n\u00e9cessaires pour un avenir plus durable et plus \u00e9quitable.<\/p>\n<cite>Diana Leal, directrice g\u00e9n\u00e9rale de Bee Lab pour la r\u00e9gion andine et l&rsquo;Am\u00e9rique centrale.<\/cite><\/blockquote>\n\n<div style=\"height:100px\" aria-hidden=\"true\" class=\"wp-block-spacer\"><\/div>\n\n<figure class=\"wp-block-gallery has-nested-images columns-default is-cropped wp-block-gallery-1 is-layout-flex wp-block-gallery-is-layout-flex\">\n<figure class=\"wp-block-image size-large\"><img loading=\"lazy\" decoding=\"async\" width=\"1024\" height=\"683\" data-id=\"21816\" src=\"https:\/\/www.sensorialsunsets.com\/wp-content\/uploads\/2025\/05\/image-1-1024x683.png\" alt=\"Bee Lab\" class=\"wp-image-21816\" srcset=\"https:\/\/www.sensorialsunsets.com\/wp-content\/uploads\/2025\/05\/image-1-1024x683.png 1024w, https:\/\/www.sensorialsunsets.com\/wp-content\/uploads\/2025\/05\/image-1-300x200.png 300w, https:\/\/www.sensorialsunsets.com\/wp-content\/uploads\/2025\/05\/image-1-768x512.png 768w, https:\/\/www.sensorialsunsets.com\/wp-content\/uploads\/2025\/05\/image-1-334x222.png 334w, https:\/\/www.sensorialsunsets.com\/wp-content\/uploads\/2025\/05\/image-1-1320x880.png 1320w, https:\/\/www.sensorialsunsets.com\/wp-content\/uploads\/2025\/05\/image-1.png 1440w\" sizes=\"auto, (max-width: 1024px) 100vw, 1024px\" \/><\/figure>\n\n\n\n<figure class=\"wp-block-image size-large\"><img loading=\"lazy\" decoding=\"async\" width=\"850\" height=\"636\" data-id=\"21810\" src=\"https:\/\/www.sensorialsunsets.com\/wp-content\/uploads\/2025\/05\/polinizacion-cafe1.jpg\" alt=\"Bee Lab\" class=\"wp-image-21810\" srcset=\"https:\/\/www.sensorialsunsets.com\/wp-content\/uploads\/2025\/05\/polinizacion-cafe1.jpg 850w, https:\/\/www.sensorialsunsets.com\/wp-content\/uploads\/2025\/05\/polinizacion-cafe1-300x224.jpg 300w, https:\/\/www.sensorialsunsets.com\/wp-content\/uploads\/2025\/05\/polinizacion-cafe1-768x575.jpg 768w\" sizes=\"auto, (max-width: 850px) 100vw, 850px\" \/><\/figure>\n\n\n\n<figure class=\"wp-block-image size-large\"><img loading=\"lazy\" decoding=\"async\" width=\"1024\" height=\"576\" data-id=\"21807\" src=\"https:\/\/www.sensorialsunsets.com\/wp-content\/uploads\/2025\/05\/Bee-Lab-protege-abejaas.jpg\" alt=\"Bee Lab\" class=\"wp-image-21807\" srcset=\"https:\/\/www.sensorialsunsets.com\/wp-content\/uploads\/2025\/05\/Bee-Lab-protege-abejaas.jpg 1024w, https:\/\/www.sensorialsunsets.com\/wp-content\/uploads\/2025\/05\/Bee-Lab-protege-abejaas-300x169.jpg 300w, https:\/\/www.sensorialsunsets.com\/wp-content\/uploads\/2025\/05\/Bee-Lab-protege-abejaas-768x432.jpg 768w\" sizes=\"auto, (max-width: 1024px) 100vw, 1024px\" \/><\/figure>\n<\/figure>\n\n<div style=\"height:100px\" aria-hidden=\"true\" class=\"wp-block-spacer\"><\/div>\n\n<h3 class=\"wp-block-heading\">Bienfaits prouv\u00e9s pour le caf\u00e9 et les agrumes<\/h3>\n\n<p>Les preuves scientifiques confirment l&rsquo;impact positif des abeilles sur l&rsquo;agriculture. Dans le cas du caf\u00e9 arabica, la pollinisation naturelle peut <strong>augmenter le rendement de 26 % et am\u00e9liorer la qualit\u00e9 des grains de 30 %<\/strong>, ce qui augmente la proportion de caf\u00e9 class\u00e9 comme premium. Les cultures d&rsquo;agrumes b\u00e9n\u00e9ficient \u00e9galement d&rsquo;une production plus r\u00e9guli\u00e8re et de meilleure qualit\u00e9, ce qui se traduit par de meilleurs prix sur le march\u00e9.<\/p>\n\n<p>Ces avanc\u00e9es sont fondamentales face aux d\u00e9fis pos\u00e9s par le <strong>changement climatique<\/strong>, tels que les pluies intenses et les s\u00e9cheresses prolong\u00e9es qui menacent la production caf\u00e9i\u00e8re. Le Bee Lab repr\u00e9sente une strat\u00e9gie efficace pour att\u00e9nuer ces effets et renforcer la <strong>r\u00e9silience du secteur agricole<\/strong> costaricien.<\/p>\n\n<h3 class=\"wp-block-heading\">Bee Lab : la technologie en harmonie<\/h3>\n\n<p>Pour Tom\u00e1s Guti\u00e9rrez, propri\u00e9taire de la plantation <strong>V&amp;G San Juanillo Coffee<\/strong>, o\u00f9 op\u00e8re le Bee Lab au Costa Rica, cette initiative fait une diff\u00e9rence tangible.<\/p>\n\n<blockquote class=\"wp-block-quote is-layout-flow wp-block-quote-is-layout-flow\">\n<p>L&rsquo;installation du Bee Lab est un moyen de concr\u00e9tiser l&rsquo;impact des abeilles sur les cultures et s&rsquo;inscrit dans notre vision d&rsquo;une exploitation innovante, dot\u00e9e de pratiques r\u00e9g\u00e9n\u00e9ratrices qui am\u00e9liorent la production de caf\u00e9.<\/p>\n<\/blockquote>\n\n<p>Le Costa Rica a c\u00e9l\u00e9br\u00e9 hier la <strong>Journ\u00e9e nationale des abeilles<\/strong>, reconnaissant le r\u00f4le essentiel de ces pollinisateurs dans la sant\u00e9 des \u00e9cosyst\u00e8mes et la s\u00e9curit\u00e9 alimentaire. Entre 2010 et 2020, le pays a perdu plus de <strong>2 200 ruches dans la r\u00e9gion de Los Santos<\/strong>, ce qui rend des initiatives telles que Bee Lab cruciales pour inverser cette tendance et pr\u00e9server l&rsquo;h\u00e9ritage agricole national.<\/p>\n\n<p>Avec une vision fond\u00e9e sur la science, la durabilit\u00e9 et l&rsquo;autonomisation des communaut\u00e9s, Bee Lab s&rsquo;impose comme un exemple inspirant de la mani\u00e8re dont la technologie et la nature peuvent travailler ensemble pour un avenir plus r\u00e9silient et plus prosp\u00e8re.<\/p>\n\n<p><strong>Sensorial Sunsets<\/strong><\/p>\n","protected":false},"excerpt":{"rendered":"<p>Bee Lab : laboratoire costaricien qui prot\u00e8ge les abeilles et am\u00e9liore la production de caf\u00e9 et d&rsquo;agrumes Le Costa Rica fait un pas en avant dans la protection de ses populations d&rsquo;abeilles avec le lancement de Bee Lab, un laboratoire apicole situ\u00e9 \u00e0 Naranjo qui vise \u00e0 sauvegarder plus d&rsquo;un million d&rsquo;abeilles et \u00e0 augmenter [&hellip;]<\/p>\n","protected":false},"author":4,"featured_media":21825,"comment_status":"closed","ping_status":"closed","sticky":false,"template":"","format":"standard","meta":{"_acf_changed":false,"inline_featured_image":false,"_monsterinsights_skip_tracking":false,"_monsterinsights_sitenote_active":false,"_monsterinsights_sitenote_note":"","_monsterinsights_sitenote_category":0,"footnotes":""},"categories":[1],"tags":[],"class_list":["post-21832","post","type-post","status-publish","format-standard","has-post-thumbnail","hentry","category-non-classifiee"],"acf":[],"yoast_head":"<!-- This site is optimized with the Yoast SEO plugin v27.4 - https:\/\/yoast.com\/product\/yoast-seo-wordpress\/ -->\n<title>Bee Lab : laboratoire costaricien qui prot\u00e8ge les abeilles<\/title>\n<meta name=\"description\" content=\"Bee Lab prot\u00e8ge les abeilles au Costa Rica et am\u00e9liore les r\u00e9coltes jusqu&#039;\u00e0 25 % gr\u00e2ce \u00e0 l&#039;apiculture r\u00e9g\u00e9n\u00e9rative et \u00e0 la technologie.\" \/>\n<meta name=\"robots\" content=\"index, follow, max-snippet:-1, max-image-preview:large, max-video-preview:-1\" \/>\n<link rel=\"canonical\" href=\"https:\/\/www.sensorialsunsets.com\/fr\/bee-lab-le-laboratoire-costaricien-qui-protege-les-abeilles-et-ameliore-la-production-de-cafe-et-dagrumes\/\" \/>\n<meta property=\"og:locale\" content=\"fr_FR\" \/>\n<meta property=\"og:type\" content=\"article\" \/>\n<meta property=\"og:title\" content=\"Bee Lab : laboratoire costaricien qui prot\u00e8ge les abeilles\" \/>\n<meta property=\"og:description\" content=\"Bee Lab prot\u00e8ge les abeilles au Costa Rica et am\u00e9liore les r\u00e9coltes jusqu&#039;\u00e0 25 % gr\u00e2ce \u00e0 l&#039;apiculture r\u00e9g\u00e9n\u00e9rative et \u00e0 la technologie.\" \/>\n<meta property=\"og:url\" content=\"https:\/\/www.sensorialsunsets.com\/fr\/bee-lab-le-laboratoire-costaricien-qui-protege-les-abeilles-et-ameliore-la-production-de-cafe-et-dagrumes\/\" \/>\n<meta property=\"og:site_name\" content=\"SensorialSunsets\" \/>\n<meta property=\"article:publisher\" content=\"https:\/\/www.facebook.com\/Sensorial-Sunsets-109180614715562\" \/>\n<meta property=\"article:published_time\" content=\"2025-05-21T23:00:16+00:00\" \/>\n<meta property=\"og:image\" content=\"https:\/\/www.sensorialsunsets.com\/wp-content\/uploads\/2025\/05\/5194440227_86dfe4af7c_b.jpg\" \/>\n\t<meta property=\"og:image:width\" content=\"1024\" \/>\n\t<meta property=\"og:image:height\" content=\"768\" \/>\n\t<meta property=\"og:image:type\" content=\"image\/jpeg\" \/>\n<meta name=\"author\" content=\"Sensorial Sunsets\" \/>\n<meta name=\"twitter:card\" content=\"summary_large_image\" \/>\n<meta name=\"twitter:label1\" content=\"\u00c9crit par\" \/>\n\t<meta name=\"twitter:data1\" content=\"Sensorial Sunsets\" \/>\n\t<meta name=\"twitter:label2\" content=\"Dur\u00e9e de lecture estim\u00e9e\" \/>\n\t<meta name=\"twitter:data2\" content=\"3 minutes\" \/>\n<script type=\"application\/ld+json\" class=\"yoast-schema-graph\">{\"@context\":\"https:\\\/\\\/schema.org\",\"@graph\":[{\"@type\":\"Article\",\"@id\":\"https:\\\/\\\/www.sensorialsunsets.com\\\/fr\\\/bee-lab-le-laboratoire-costaricien-qui-protege-les-abeilles-et-ameliore-la-production-de-cafe-et-dagrumes\\\/#article\",\"isPartOf\":{\"@id\":\"https:\\\/\\\/www.sensorialsunsets.com\\\/fr\\\/bee-lab-le-laboratoire-costaricien-qui-protege-les-abeilles-et-ameliore-la-production-de-cafe-et-dagrumes\\\/\"},\"author\":{\"name\":\"Sensorial Sunsets\",\"@id\":\"https:\\\/\\\/www.sensorialsunsets.com\\\/fr\\\/#\\\/schema\\\/person\\\/77e2fa594135aa94024c47e281d8a94d\"},\"headline\":\"Bee Lab : le laboratoire costaricien qui prot\u00e8ge les abeilles et am\u00e9liore la production de caf\u00e9 et d\u2019agrumes\",\"datePublished\":\"2025-05-21T23:00:16+00:00\",\"mainEntityOfPage\":{\"@id\":\"https:\\\/\\\/www.sensorialsunsets.com\\\/fr\\\/bee-lab-le-laboratoire-costaricien-qui-protege-les-abeilles-et-ameliore-la-production-de-cafe-et-dagrumes\\\/\"},\"wordCount\":702,\"publisher\":{\"@id\":\"https:\\\/\\\/www.sensorialsunsets.com\\\/fr\\\/#organization\"},\"image\":{\"@id\":\"https:\\\/\\\/www.sensorialsunsets.com\\\/fr\\\/bee-lab-le-laboratoire-costaricien-qui-protege-les-abeilles-et-ameliore-la-production-de-cafe-et-dagrumes\\\/#primaryimage\"},\"thumbnailUrl\":\"https:\\\/\\\/www.sensorialsunsets.com\\\/wp-content\\\/uploads\\\/2025\\\/05\\\/5194440227_86dfe4af7c_b.jpg\",\"articleSection\":[\"Non classifi\u00e9(e)\"],\"inLanguage\":\"fr-FR\"},{\"@type\":\"WebPage\",\"@id\":\"https:\\\/\\\/www.sensorialsunsets.com\\\/fr\\\/bee-lab-le-laboratoire-costaricien-qui-protege-les-abeilles-et-ameliore-la-production-de-cafe-et-dagrumes\\\/\",\"url\":\"https:\\\/\\\/www.sensorialsunsets.com\\\/fr\\\/bee-lab-le-laboratoire-costaricien-qui-protege-les-abeilles-et-ameliore-la-production-de-cafe-et-dagrumes\\\/\",\"name\":\"Bee Lab : laboratoire costaricien qui prot\u00e8ge les abeilles\",\"isPartOf\":{\"@id\":\"https:\\\/\\\/www.sensorialsunsets.com\\\/fr\\\/#website\"},\"primaryImageOfPage\":{\"@id\":\"https:\\\/\\\/www.sensorialsunsets.com\\\/fr\\\/bee-lab-le-laboratoire-costaricien-qui-protege-les-abeilles-et-ameliore-la-production-de-cafe-et-dagrumes\\\/#primaryimage\"},\"image\":{\"@id\":\"https:\\\/\\\/www.sensorialsunsets.com\\\/fr\\\/bee-lab-le-laboratoire-costaricien-qui-protege-les-abeilles-et-ameliore-la-production-de-cafe-et-dagrumes\\\/#primaryimage\"},\"thumbnailUrl\":\"https:\\\/\\\/www.sensorialsunsets.com\\\/wp-content\\\/uploads\\\/2025\\\/05\\\/5194440227_86dfe4af7c_b.jpg\",\"datePublished\":\"2025-05-21T23:00:16+00:00\",\"description\":\"Bee Lab prot\u00e8ge les abeilles au Costa Rica et am\u00e9liore les r\u00e9coltes jusqu'\u00e0 25 % gr\u00e2ce \u00e0 l'apiculture r\u00e9g\u00e9n\u00e9rative et \u00e0 la technologie.\",\"inLanguage\":\"fr-FR\",\"potentialAction\":[{\"@type\":\"ReadAction\",\"target\":[\"https:\\\/\\\/www.sensorialsunsets.com\\\/fr\\\/bee-lab-le-laboratoire-costaricien-qui-protege-les-abeilles-et-ameliore-la-production-de-cafe-et-dagrumes\\\/\"]}]},{\"@type\":\"ImageObject\",\"inLanguage\":\"fr-FR\",\"@id\":\"https:\\\/\\\/www.sensorialsunsets.com\\\/fr\\\/bee-lab-le-laboratoire-costaricien-qui-protege-les-abeilles-et-ameliore-la-production-de-cafe-et-dagrumes\\\/#primaryimage\",\"url\":\"https:\\\/\\\/www.sensorialsunsets.com\\\/wp-content\\\/uploads\\\/2025\\\/05\\\/5194440227_86dfe4af7c_b.jpg\",\"contentUrl\":\"https:\\\/\\\/www.sensorialsunsets.com\\\/wp-content\\\/uploads\\\/2025\\\/05\\\/5194440227_86dfe4af7c_b.jpg\",\"width\":1024,\"height\":768},{\"@type\":\"WebSite\",\"@id\":\"https:\\\/\\\/www.sensorialsunsets.com\\\/fr\\\/#website\",\"url\":\"https:\\\/\\\/www.sensorialsunsets.com\\\/fr\\\/\",\"name\":\"SensorialSunsets.com\",\"description\":\"D\u00e9couvrez la culture et la soci\u00e9t\u00e9 du Costa Rica sur notre blog. Explorez des articles captivants et partagez le contenu.\",\"publisher\":{\"@id\":\"https:\\\/\\\/www.sensorialsunsets.com\\\/fr\\\/#organization\"},\"alternateName\":\"Costa Rica Live Blog\",\"potentialAction\":[{\"@type\":\"SearchAction\",\"target\":{\"@type\":\"EntryPoint\",\"urlTemplate\":\"https:\\\/\\\/www.sensorialsunsets.com\\\/fr\\\/?s={search_term_string}\"},\"query-input\":{\"@type\":\"PropertyValueSpecification\",\"valueRequired\":true,\"valueName\":\"search_term_string\"}}],\"inLanguage\":\"fr-FR\"},{\"@type\":\"Organization\",\"@id\":\"https:\\\/\\\/www.sensorialsunsets.com\\\/fr\\\/#organization\",\"name\":\"SensorialSunsets\",\"url\":\"https:\\\/\\\/www.sensorialsunsets.com\\\/fr\\\/\",\"logo\":{\"@type\":\"ImageObject\",\"inLanguage\":\"fr-FR\",\"@id\":\"https:\\\/\\\/www.sensorialsunsets.com\\\/fr\\\/#\\\/schema\\\/logo\\\/image\\\/\",\"url\":\"https:\\\/\\\/www.sensorialsunsets.com\\\/wp-content\\\/uploads\\\/2023\\\/04\\\/Logo_base_line_fond_clair.svg\",\"contentUrl\":\"https:\\\/\\\/www.sensorialsunsets.com\\\/wp-content\\\/uploads\\\/2023\\\/04\\\/Logo_base_line_fond_clair.svg\",\"width\":\"1024\",\"height\":\"1024\",\"caption\":\"SensorialSunsets\"},\"image\":{\"@id\":\"https:\\\/\\\/www.sensorialsunsets.com\\\/fr\\\/#\\\/schema\\\/logo\\\/image\\\/\"},\"sameAs\":[\"https:\\\/\\\/www.facebook.com\\\/Sensorial-Sunsets-109180614715562\",\"https:\\\/\\\/www.instagram.com\\\/sensorialsunsets\\\/\"]},{\"@type\":\"Person\",\"@id\":\"https:\\\/\\\/www.sensorialsunsets.com\\\/fr\\\/#\\\/schema\\\/person\\\/77e2fa594135aa94024c47e281d8a94d\",\"name\":\"Sensorial Sunsets\",\"image\":{\"@type\":\"ImageObject\",\"inLanguage\":\"fr-FR\",\"@id\":\"https:\\\/\\\/secure.gravatar.com\\\/avatar\\\/5f2d62681b1dad94c28f1500d4fc75582acdfd32b55fd1acce0a36a3c487eabe?s=96&d=mm&r=g\",\"url\":\"https:\\\/\\\/secure.gravatar.com\\\/avatar\\\/5f2d62681b1dad94c28f1500d4fc75582acdfd32b55fd1acce0a36a3c487eabe?s=96&d=mm&r=g\",\"contentUrl\":\"https:\\\/\\\/secure.gravatar.com\\\/avatar\\\/5f2d62681b1dad94c28f1500d4fc75582acdfd32b55fd1acce0a36a3c487eabe?s=96&d=mm&r=g\",\"caption\":\"Sensorial Sunsets\"},\"url\":\"https:\\\/\\\/www.sensorialsunsets.com\\\/fr\\\/author\\\/asistentes-sensorial-sunsets\\\/\"}]}<\/script>\n<!-- \/ Yoast SEO plugin. -->","yoast_head_json":{"title":"Bee Lab : laboratoire costaricien qui prot\u00e8ge les abeilles","description":"Bee Lab prot\u00e8ge les abeilles au Costa Rica et am\u00e9liore les r\u00e9coltes jusqu'\u00e0 25 % gr\u00e2ce \u00e0 l'apiculture r\u00e9g\u00e9n\u00e9rative et \u00e0 la technologie.","robots":{"index":"index","follow":"follow","max-snippet":"max-snippet:-1","max-image-preview":"max-image-preview:large","max-video-preview":"max-video-preview:-1"},"canonical":"https:\/\/www.sensorialsunsets.com\/fr\/bee-lab-le-laboratoire-costaricien-qui-protege-les-abeilles-et-ameliore-la-production-de-cafe-et-dagrumes\/","og_locale":"fr_FR","og_type":"article","og_title":"Bee Lab : laboratoire costaricien qui prot\u00e8ge les abeilles","og_description":"Bee Lab prot\u00e8ge les abeilles au Costa Rica et am\u00e9liore les r\u00e9coltes jusqu'\u00e0 25 % gr\u00e2ce \u00e0 l'apiculture r\u00e9g\u00e9n\u00e9rative et \u00e0 la technologie.","og_url":"https:\/\/www.sensorialsunsets.com\/fr\/bee-lab-le-laboratoire-costaricien-qui-protege-les-abeilles-et-ameliore-la-production-de-cafe-et-dagrumes\/","og_site_name":"SensorialSunsets","article_publisher":"https:\/\/www.facebook.com\/Sensorial-Sunsets-109180614715562","article_published_time":"2025-05-21T23:00:16+00:00","og_image":[{"width":1024,"height":768,"url":"https:\/\/www.sensorialsunsets.com\/wp-content\/uploads\/2025\/05\/5194440227_86dfe4af7c_b.jpg","type":"image\/jpeg"}],"author":"Sensorial Sunsets","twitter_card":"summary_large_image","twitter_misc":{"\u00c9crit par":"Sensorial Sunsets","Dur\u00e9e de lecture estim\u00e9e":"3 minutes"},"schema":{"@context":"https:\/\/schema.org","@graph":[{"@type":"Article","@id":"https:\/\/www.sensorialsunsets.com\/fr\/bee-lab-le-laboratoire-costaricien-qui-protege-les-abeilles-et-ameliore-la-production-de-cafe-et-dagrumes\/#article","isPartOf":{"@id":"https:\/\/www.sensorialsunsets.com\/fr\/bee-lab-le-laboratoire-costaricien-qui-protege-les-abeilles-et-ameliore-la-production-de-cafe-et-dagrumes\/"},"author":{"name":"Sensorial Sunsets","@id":"https:\/\/www.sensorialsunsets.com\/fr\/#\/schema\/person\/77e2fa594135aa94024c47e281d8a94d"},"headline":"Bee Lab : le laboratoire costaricien qui prot\u00e8ge les abeilles et am\u00e9liore la production de caf\u00e9 et d\u2019agrumes","datePublished":"2025-05-21T23:00:16+00:00","mainEntityOfPage":{"@id":"https:\/\/www.sensorialsunsets.com\/fr\/bee-lab-le-laboratoire-costaricien-qui-protege-les-abeilles-et-ameliore-la-production-de-cafe-et-dagrumes\/"},"wordCount":702,"publisher":{"@id":"https:\/\/www.sensorialsunsets.com\/fr\/#organization"},"image":{"@id":"https:\/\/www.sensorialsunsets.com\/fr\/bee-lab-le-laboratoire-costaricien-qui-protege-les-abeilles-et-ameliore-la-production-de-cafe-et-dagrumes\/#primaryimage"},"thumbnailUrl":"https:\/\/www.sensorialsunsets.com\/wp-content\/uploads\/2025\/05\/5194440227_86dfe4af7c_b.jpg","articleSection":["Non classifi\u00e9(e)"],"inLanguage":"fr-FR"},{"@type":"WebPage","@id":"https:\/\/www.sensorialsunsets.com\/fr\/bee-lab-le-laboratoire-costaricien-qui-protege-les-abeilles-et-ameliore-la-production-de-cafe-et-dagrumes\/","url":"https:\/\/www.sensorialsunsets.com\/fr\/bee-lab-le-laboratoire-costaricien-qui-protege-les-abeilles-et-ameliore-la-production-de-cafe-et-dagrumes\/","name":"Bee Lab : laboratoire costaricien qui prot\u00e8ge les abeilles","isPartOf":{"@id":"https:\/\/www.sensorialsunsets.com\/fr\/#website"},"primaryImageOfPage":{"@id":"https:\/\/www.sensorialsunsets.com\/fr\/bee-lab-le-laboratoire-costaricien-qui-protege-les-abeilles-et-ameliore-la-production-de-cafe-et-dagrumes\/#primaryimage"},"image":{"@id":"https:\/\/www.sensorialsunsets.com\/fr\/bee-lab-le-laboratoire-costaricien-qui-protege-les-abeilles-et-ameliore-la-production-de-cafe-et-dagrumes\/#primaryimage"},"thumbnailUrl":"https:\/\/www.sensorialsunsets.com\/wp-content\/uploads\/2025\/05\/5194440227_86dfe4af7c_b.jpg","datePublished":"2025-05-21T23:00:16+00:00","description":"Bee Lab prot\u00e8ge les abeilles au Costa Rica et am\u00e9liore les r\u00e9coltes jusqu'\u00e0 25 % gr\u00e2ce \u00e0 l'apiculture r\u00e9g\u00e9n\u00e9rative et \u00e0 la technologie.","inLanguage":"fr-FR","potentialAction":[{"@type":"ReadAction","target":["https:\/\/www.sensorialsunsets.com\/fr\/bee-lab-le-laboratoire-costaricien-qui-protege-les-abeilles-et-ameliore-la-production-de-cafe-et-dagrumes\/"]}]},{"@type":"ImageObject","inLanguage":"fr-FR","@id":"https:\/\/www.sensorialsunsets.com\/fr\/bee-lab-le-laboratoire-costaricien-qui-protege-les-abeilles-et-ameliore-la-production-de-cafe-et-dagrumes\/#primaryimage","url":"https:\/\/www.sensorialsunsets.com\/wp-content\/uploads\/2025\/05\/5194440227_86dfe4af7c_b.jpg","contentUrl":"https:\/\/www.sensorialsunsets.com\/wp-content\/uploads\/2025\/05\/5194440227_86dfe4af7c_b.jpg","width":1024,"height":768},{"@type":"WebSite","@id":"https:\/\/www.sensorialsunsets.com\/fr\/#website","url":"https:\/\/www.sensorialsunsets.com\/fr\/","name":"SensorialSunsets.com","description":"D\u00e9couvrez la culture et la soci\u00e9t\u00e9 du Costa Rica sur notre blog. Explorez des articles captivants et partagez le contenu.","publisher":{"@id":"https:\/\/www.sensorialsunsets.com\/fr\/#organization"},"alternateName":"Costa Rica Live Blog","potentialAction":[{"@type":"SearchAction","target":{"@type":"EntryPoint","urlTemplate":"https:\/\/www.sensorialsunsets.com\/fr\/?s={search_term_string}"},"query-input":{"@type":"PropertyValueSpecification","valueRequired":true,"valueName":"search_term_string"}}],"inLanguage":"fr-FR"},{"@type":"Organization","@id":"https:\/\/www.sensorialsunsets.com\/fr\/#organization","name":"SensorialSunsets","url":"https:\/\/www.sensorialsunsets.com\/fr\/","logo":{"@type":"ImageObject","inLanguage":"fr-FR","@id":"https:\/\/www.sensorialsunsets.com\/fr\/#\/schema\/logo\/image\/","url":"https:\/\/www.sensorialsunsets.com\/wp-content\/uploads\/2023\/04\/Logo_base_line_fond_clair.svg","contentUrl":"https:\/\/www.sensorialsunsets.com\/wp-content\/uploads\/2023\/04\/Logo_base_line_fond_clair.svg","width":"1024","height":"1024","caption":"SensorialSunsets"},"image":{"@id":"https:\/\/www.sensorialsunsets.com\/fr\/#\/schema\/logo\/image\/"},"sameAs":["https:\/\/www.facebook.com\/Sensorial-Sunsets-109180614715562","https:\/\/www.instagram.com\/sensorialsunsets\/"]},{"@type":"Person","@id":"https:\/\/www.sensorialsunsets.com\/fr\/#\/schema\/person\/77e2fa594135aa94024c47e281d8a94d","name":"Sensorial Sunsets","image":{"@type":"ImageObject","inLanguage":"fr-FR","@id":"https:\/\/secure.gravatar.com\/avatar\/5f2d62681b1dad94c28f1500d4fc75582acdfd32b55fd1acce0a36a3c487eabe?s=96&d=mm&r=g","url":"https:\/\/secure.gravatar.com\/avatar\/5f2d62681b1dad94c28f1500d4fc75582acdfd32b55fd1acce0a36a3c487eabe?s=96&d=mm&r=g","contentUrl":"https:\/\/secure.gravatar.com\/avatar\/5f2d62681b1dad94c28f1500d4fc75582acdfd32b55fd1acce0a36a3c487eabe?s=96&d=mm&r=g","caption":"Sensorial Sunsets"},"url":"https:\/\/www.sensorialsunsets.com\/fr\/author\/asistentes-sensorial-sunsets\/"}]}},"_links":{"self":[{"href":"https:\/\/www.sensorialsunsets.com\/fr\/wp-json\/wp\/v2\/posts\/21832","targetHints":{"allow":["GET"]}}],"collection":[{"href":"https:\/\/www.sensorialsunsets.com\/fr\/wp-json\/wp\/v2\/posts"}],"about":[{"href":"https:\/\/www.sensorialsunsets.com\/fr\/wp-json\/wp\/v2\/types\/post"}],"author":[{"embeddable":true,"href":"https:\/\/www.sensorialsunsets.com\/fr\/wp-json\/wp\/v2\/users\/4"}],"replies":[{"embeddable":true,"href":"https:\/\/www.sensorialsunsets.com\/fr\/wp-json\/wp\/v2\/comments?post=21832"}],"version-history":[{"count":1,"href":"https:\/\/www.sensorialsunsets.com\/fr\/wp-json\/wp\/v2\/posts\/21832\/revisions"}],"predecessor-version":[{"id":21833,"href":"https:\/\/www.sensorialsunsets.com\/fr\/wp-json\/wp\/v2\/posts\/21832\/revisions\/21833"}],"wp:featuredmedia":[{"embeddable":true,"href":"https:\/\/www.sensorialsunsets.com\/fr\/wp-json\/wp\/v2\/media\/21825"}],"wp:attachment":[{"href":"https:\/\/www.sensorialsunsets.com\/fr\/wp-json\/wp\/v2\/media?parent=21832"}],"wp:term":[{"taxonomy":"category","embeddable":true,"href":"https:\/\/www.sensorialsunsets.com\/fr\/wp-json\/wp\/v2\/categories?post=21832"},{"taxonomy":"post_tag","embeddable":true,"href":"https:\/\/www.sensorialsunsets.com\/fr\/wp-json\/wp\/v2\/tags?post=21832"}],"curies":[{"name":"wp","href":"https:\/\/api.w.org\/{rel}","templated":true}]}}