{"id":21850,"date":"2025-05-23T16:25:18","date_gmt":"2025-05-23T22:25:18","guid":{"rendered":"https:\/\/www.sensorialsunsets.com\/?p=21850"},"modified":"2025-05-23T16:25:18","modified_gmt":"2025-05-23T22:25:18","slug":"les-cavernes-du-canyon-a-lamphitheatre-de-villa-histoire-et-art-au-costa-rica","status":"publish","type":"post","link":"https:\/\/www.sensorialsunsets.com\/fr\/les-cavernes-du-canyon-a-lamphitheatre-de-villa-histoire-et-art-au-costa-rica\/","title":{"rendered":"Les Cavernes du Canyon \u00e0 l\u2019Amphith\u00e9\u00e2tre de Villa : Histoire et Art au Costa Rica"},"content":{"rendered":"\n<p class=\"has-small-font-size\">Les Cavernes du Canyon \u00e0 l\u2019Amphith\u00e9\u00e2tre de Villa <\/p>\n\n\n\n<p>Dans une ancienne carri\u00e8re au bord du canyon de la rivi\u00e8re Virilla, \u00e0 Ciudad Col\u00f3n, se trouve l&rsquo;une des attractions touristiques les plus singuli\u00e8res du Costa Rica : l&rsquo;amphith\u00e9\u00e2tre de Villa et ses cavernes du canyon.<\/p>\n\n\n\n<p>L&rsquo;<a href=\"https:\/\/www.anfiteatrodevilla.com\/\">amphith\u00e9\u00e2tre de Villa<\/a> a \u00e9t\u00e9 transform\u00e9 en un r\u00e9seau de plus de 500 m\u00e8tres de couloirs souterrains, enti\u00e8rement creus\u00e9s \u00e0 la main. Les cavernes ont \u00e9t\u00e9 soigneusement am\u00e9nag\u00e9es pour offrir au visiteur un parcours th\u00e9matique qui va au-del\u00e0 du simple aspect visuel.<\/p>\n\n\n\n<h3 class=\"wp-block-heading\">Les Cavernes du Canyon : huit salles th\u00e9matiques<\/h3>\n\n\n\n<p>La visite, d&rsquo;une dur\u00e9e approximative de 40 minutes, permet de d\u00e9couvrir au moins huit salles principales, chacune avec son propre th\u00e8me inspir\u00e9 de diff\u00e9rentes cultures et p\u00e9riodes historiques. Parmi les espaces les plus remarquables, on trouve :<\/p>\n\n\n\n<ul class=\"wp-block-list\">\n<li><strong>L&rsquo;Enfer de Dante<\/strong>, inspir\u00e9 de \u00ab La Divine Com\u00e9die \u00bb, avec des personnages et des sc\u00e8nes qui \u00e9voquent la descente aux enfers litt\u00e9raires.<\/li>\n\n\n\n<li><strong>Catacombes et chapelle<\/strong>, qui reproduisent l&rsquo;atmosph\u00e8re des anciens cimeti\u00e8res souterrains et sanctuaires religieux.<\/li>\n\n\n\n<li><strong>La salle \u00e9gyptienne et l&rsquo;int\u00e9rieur de la pyramide maya de Palenque<\/strong>, avec des r\u00e9pliques de sculptures, des peintures murales comme celles de Bonampak et la tombe de Pakal.<\/li>\n\n\n\n<li><strong>La ville souterraine de Cappadoce<\/strong>, les <strong>Moais de l&rsquo;\u00eele de P\u00e2ques<\/strong>, la <strong>Salle de N\u00e9fertiti<\/strong> et des espaces consacr\u00e9s \u00e0 la <strong>torture m\u00e9di\u00e9vale<\/strong>, les <strong>Muses<\/strong> et l&rsquo;\u00e9nigmatique <strong>Oracle<\/strong>.<\/li>\n<\/ul>\n\n\n\n<div style=\"height:100px\" aria-hidden=\"true\" class=\"wp-block-spacer\"><\/div>\n\n\n\n<figure class=\"wp-block-gallery has-nested-images columns-default is-cropped wp-block-gallery-1 is-layout-flex wp-block-gallery-is-layout-flex\">\n<figure class=\"wp-block-image size-large\"><img loading=\"lazy\" decoding=\"async\" width=\"1024\" height=\"683\" data-id=\"21844\" src=\"https:\/\/www.sensorialsunsets.com\/wp-content\/uploads\/2025\/05\/Cavernas-del-Canon-en-el-Anfiteatro-de-Villa4-1024x683.jpg\" alt=\"Les Cavernes du Canyon \u00e0 l\u2019Amphith\u00e9\u00e2tre de Villa \" class=\"wp-image-21844\" srcset=\"https:\/\/www.sensorialsunsets.com\/wp-content\/uploads\/2025\/05\/Cavernas-del-Canon-en-el-Anfiteatro-de-Villa4-1024x683.jpg 1024w, https:\/\/www.sensorialsunsets.com\/wp-content\/uploads\/2025\/05\/Cavernas-del-Canon-en-el-Anfiteatro-de-Villa4-300x200.jpg 300w, https:\/\/www.sensorialsunsets.com\/wp-content\/uploads\/2025\/05\/Cavernas-del-Canon-en-el-Anfiteatro-de-Villa4-768x512.jpg 768w, https:\/\/www.sensorialsunsets.com\/wp-content\/uploads\/2025\/05\/Cavernas-del-Canon-en-el-Anfiteatro-de-Villa4-1536x1024.jpg 1536w, https:\/\/www.sensorialsunsets.com\/wp-content\/uploads\/2025\/05\/Cavernas-del-Canon-en-el-Anfiteatro-de-Villa4-2048x1366.jpg 2048w, https:\/\/www.sensorialsunsets.com\/wp-content\/uploads\/2025\/05\/Cavernas-del-Canon-en-el-Anfiteatro-de-Villa4-334x222.jpg 334w, https:\/\/www.sensorialsunsets.com\/wp-content\/uploads\/2025\/05\/Cavernas-del-Canon-en-el-Anfiteatro-de-Villa4-1320x880.jpg 1320w\" sizes=\"auto, (max-width: 1024px) 100vw, 1024px\" \/><\/figure>\n\n\n\n<figure class=\"wp-block-image size-large\"><img loading=\"lazy\" decoding=\"async\" width=\"1024\" height=\"768\" data-id=\"21835\" src=\"https:\/\/www.sensorialsunsets.com\/wp-content\/uploads\/2025\/05\/Cavernas-del-Canon-en-el-Anfiteatro-de-Villa2-1024x768.jpg\" alt=\"Les Cavernes du Canyon \u00e0 l\u2019Amphith\u00e9\u00e2tre de Villa \" class=\"wp-image-21835\" srcset=\"https:\/\/www.sensorialsunsets.com\/wp-content\/uploads\/2025\/05\/Cavernas-del-Canon-en-el-Anfiteatro-de-Villa2-1024x768.jpg 1024w, https:\/\/www.sensorialsunsets.com\/wp-content\/uploads\/2025\/05\/Cavernas-del-Canon-en-el-Anfiteatro-de-Villa2-300x225.jpg 300w, https:\/\/www.sensorialsunsets.com\/wp-content\/uploads\/2025\/05\/Cavernas-del-Canon-en-el-Anfiteatro-de-Villa2-768x576.jpg 768w, https:\/\/www.sensorialsunsets.com\/wp-content\/uploads\/2025\/05\/Cavernas-del-Canon-en-el-Anfiteatro-de-Villa2.jpg 1280w\" sizes=\"auto, (max-width: 1024px) 100vw, 1024px\" \/><\/figure>\n\n\n\n<figure class=\"wp-block-image size-large\"><img loading=\"lazy\" decoding=\"async\" width=\"1024\" height=\"683\" data-id=\"21838\" src=\"https:\/\/www.sensorialsunsets.com\/wp-content\/uploads\/2025\/05\/Cavernas-del-Canon-en-el-Anfiteatro-de-Villa3-1024x683.jpg\" alt=\"Les Cavernes du Canyon \u00e0 l\u2019Amphith\u00e9\u00e2tre de Villa \" class=\"wp-image-21838\" srcset=\"https:\/\/www.sensorialsunsets.com\/wp-content\/uploads\/2025\/05\/Cavernas-del-Canon-en-el-Anfiteatro-de-Villa3-1024x683.jpg 1024w, https:\/\/www.sensorialsunsets.com\/wp-content\/uploads\/2025\/05\/Cavernas-del-Canon-en-el-Anfiteatro-de-Villa3-300x200.jpg 300w, https:\/\/www.sensorialsunsets.com\/wp-content\/uploads\/2025\/05\/Cavernas-del-Canon-en-el-Anfiteatro-de-Villa3-768x512.jpg 768w, https:\/\/www.sensorialsunsets.com\/wp-content\/uploads\/2025\/05\/Cavernas-del-Canon-en-el-Anfiteatro-de-Villa3-1536x1024.jpg 1536w, https:\/\/www.sensorialsunsets.com\/wp-content\/uploads\/2025\/05\/Cavernas-del-Canon-en-el-Anfiteatro-de-Villa3-2048x1366.jpg 2048w, https:\/\/www.sensorialsunsets.com\/wp-content\/uploads\/2025\/05\/Cavernas-del-Canon-en-el-Anfiteatro-de-Villa3-334x222.jpg 334w, https:\/\/www.sensorialsunsets.com\/wp-content\/uploads\/2025\/05\/Cavernas-del-Canon-en-el-Anfiteatro-de-Villa3-1320x880.jpg 1320w\" sizes=\"auto, (max-width: 1024px) 100vw, 1024px\" \/><\/figure>\n<\/figure>\n\n\n\n<div style=\"height:100px\" aria-hidden=\"true\" class=\"wp-block-spacer\"><\/div>\n\n\n\n<p>Ces d\u00e9cors charg\u00e9s d&rsquo;art, d&rsquo;histoire et de mysticisme emm\u00e8nent le visiteur dans un voyage entre l&rsquo;ancestral et le contemporain.<\/p>\n\n\n\n<h3 class=\"wp-block-heading\">Accessibilit\u00e9, confort et vues panoramiques<\/h3>\n\n\n\n<p>L&rsquo;amphith\u00e9\u00e2tre de Villa a \u00e9t\u00e9 con\u00e7u pour \u00eatre accessible \u00e0 tous. Dot\u00e9 de rampes, de planchers plaqu\u00e9s, de balustrades, d&rsquo;un bon \u00e9clairage et d&rsquo;une bonne ventilation, il garantit confort et s\u00e9curit\u00e9 aux visiteurs de tous \u00e2ges et de toutes capacit\u00e9s. De plus, il offre des services tels que le Wi-Fi, la s\u00e9curit\u00e9 et des installations pour des \u00e9v\u00e9nements priv\u00e9s.<\/p>\n\n\n\n<p>L&rsquo;environnement ne se limite pas au sous-sol : en surface, le site dispose de jardins, de belv\u00e9d\u00e8res offrant une vue spectaculaire sur le canyon de la rivi\u00e8re Virilla et de deux restaurants id\u00e9aux pour profiter du coucher du soleil.<\/p>\n\n\n\n<p>M\u00eame si les th\u00e8mes abord\u00e9s dans les cavernes ne se concentrent pas exclusivement sur le folklore costaricien. Le parcours \u00e9voque n\u00e9anmoins le myst\u00e8re et le surnaturel. Ces \u00e9l\u00e9ments sont pr\u00e9sents dans les l\u00e9gendes locales, comme celles des \u00e2mes en peine ou des \u00eatres qui habitent les grottes et les rivi\u00e8res. Ainsi, l&rsquo;Amphith\u00e9\u00e2tre de Villa relie la richesse culturelle mondiale \u00e0 l&rsquo;esprit ancestral du Costa Rica.<\/p>\n\n\n\n<h3 class=\"wp-block-heading\">Comment s&rsquo;y rendre ?<\/h3>\n\n\n\n<p>L&rsquo;amphith\u00e9\u00e2tre de Villa est situ\u00e9 \u00e0 Ciudad Col\u00f3n, \u00e0 600 m\u00e8tres \u00e0 l&rsquo;ouest du Fresh Market de Brasil de Mora. Un lieu accessible, s\u00fbr et riche en histoires <a href=\"https:\/\/www.sensorialsunsets.com\/fr\/explorer-la-nature-au-costa-rica-5-destinations-incontournables\/\">\u00e0 d\u00e9couvrir<\/a> sous terre.<\/p>\n\n\n\n<p><strong>Sensorial Sunsets<\/strong><\/p>\n","protected":false},"excerpt":{"rendered":"<p>Les Cavernes du Canyon \u00e0 l\u2019Amphith\u00e9\u00e2tre de Villa Dans une ancienne carri\u00e8re au bord du canyon de la rivi\u00e8re Virilla, \u00e0 Ciudad Col\u00f3n, se trouve l&rsquo;une des attractions touristiques les plus singuli\u00e8res du Costa Rica : l&rsquo;amphith\u00e9\u00e2tre de Villa et ses cavernes du canyon. L&rsquo;amphith\u00e9\u00e2tre de Villa a \u00e9t\u00e9 transform\u00e9 en un r\u00e9seau de plus [&hellip;]<\/p>\n","protected":false},"author":4,"featured_media":21843,"comment_status":"closed","ping_status":"closed","sticky":false,"template":"","format":"standard","meta":{"_acf_changed":false,"inline_featured_image":false,"_monsterinsights_skip_tracking":false,"_monsterinsights_sitenote_active":false,"_monsterinsights_sitenote_note":"","_monsterinsights_sitenote_category":0,"footnotes":""},"categories":[1,168],"tags":[],"class_list":["post-21850","post","type-post","status-publish","format-standard","has-post-thumbnail","hentry","category-non-classifiee","category-actualites"],"acf":[],"yoast_head":"<!-- This site is optimized with the Yoast SEO plugin v27.4 - https:\/\/yoast.com\/product\/yoast-seo-wordpress\/ -->\n<title>Les Cavernes du Canyon \u00e0 l\u2019Amphith\u00e9\u00e2tre de Villa : Histoire et Art au Costa Rica - SensorialSunsets<\/title>\n<meta name=\"description\" content=\"Les Cavernes du Canyon \u00e0 l\u2019Amphith\u00e9\u00e2tre de Villa, Ciudad Col\u00f3n : parcours souterrain avec des salles inspir\u00e9es des cultures anciennes.\" \/>\n<meta name=\"robots\" content=\"index, follow, max-snippet:-1, max-image-preview:large, max-video-preview:-1\" \/>\n<link rel=\"canonical\" href=\"https:\/\/www.sensorialsunsets.com\/fr\/les-cavernes-du-canyon-a-lamphitheatre-de-villa-histoire-et-art-au-costa-rica\/\" \/>\n<meta property=\"og:locale\" content=\"fr_FR\" \/>\n<meta property=\"og:type\" content=\"article\" \/>\n<meta property=\"og:title\" content=\"Les Cavernes du Canyon \u00e0 l\u2019Amphith\u00e9\u00e2tre de Villa : Histoire et Art au Costa Rica - SensorialSunsets\" \/>\n<meta property=\"og:description\" content=\"Les Cavernes du Canyon \u00e0 l\u2019Amphith\u00e9\u00e2tre de Villa, Ciudad Col\u00f3n : parcours souterrain avec des salles inspir\u00e9es des cultures anciennes.\" \/>\n<meta property=\"og:url\" content=\"https:\/\/www.sensorialsunsets.com\/fr\/les-cavernes-du-canyon-a-lamphitheatre-de-villa-histoire-et-art-au-costa-rica\/\" \/>\n<meta property=\"og:site_name\" content=\"SensorialSunsets\" \/>\n<meta property=\"article:publisher\" content=\"https:\/\/www.facebook.com\/Sensorial-Sunsets-109180614715562\" \/>\n<meta property=\"article:published_time\" content=\"2025-05-23T22:25:18+00:00\" \/>\n<meta property=\"og:image\" content=\"https:\/\/www.sensorialsunsets.com\/wp-content\/uploads\/2025\/05\/Cavernas-del-Canon-en-el-Anfiteatro-de-Villa.jpeg\" \/>\n\t<meta property=\"og:image:width\" content=\"1616\" \/>\n\t<meta property=\"og:image:height\" content=\"1080\" \/>\n\t<meta property=\"og:image:type\" content=\"image\/jpeg\" \/>\n<meta name=\"author\" content=\"Sensorial Sunsets\" \/>\n<meta name=\"twitter:card\" content=\"summary_large_image\" \/>\n<meta name=\"twitter:label1\" content=\"\u00c9crit par\" \/>\n\t<meta name=\"twitter:data1\" content=\"Sensorial Sunsets\" \/>\n\t<meta name=\"twitter:label2\" content=\"Dur\u00e9e de lecture estim\u00e9e\" \/>\n\t<meta name=\"twitter:data2\" content=\"2 minutes\" \/>\n<script type=\"application\/ld+json\" class=\"yoast-schema-graph\">{\"@context\":\"https:\\\/\\\/schema.org\",\"@graph\":[{\"@type\":\"Article\",\"@id\":\"https:\\\/\\\/www.sensorialsunsets.com\\\/fr\\\/les-cavernes-du-canyon-a-lamphitheatre-de-villa-histoire-et-art-au-costa-rica\\\/#article\",\"isPartOf\":{\"@id\":\"https:\\\/\\\/www.sensorialsunsets.com\\\/fr\\\/les-cavernes-du-canyon-a-lamphitheatre-de-villa-histoire-et-art-au-costa-rica\\\/\"},\"author\":{\"name\":\"Sensorial Sunsets\",\"@id\":\"https:\\\/\\\/www.sensorialsunsets.com\\\/fr\\\/#\\\/schema\\\/person\\\/77e2fa594135aa94024c47e281d8a94d\"},\"headline\":\"Les Cavernes du Canyon \u00e0 l\u2019Amphith\u00e9\u00e2tre de Villa : Histoire et Art au Costa Rica\",\"datePublished\":\"2025-05-23T22:25:18+00:00\",\"mainEntityOfPage\":{\"@id\":\"https:\\\/\\\/www.sensorialsunsets.com\\\/fr\\\/les-cavernes-du-canyon-a-lamphitheatre-de-villa-histoire-et-art-au-costa-rica\\\/\"},\"wordCount\":527,\"publisher\":{\"@id\":\"https:\\\/\\\/www.sensorialsunsets.com\\\/fr\\\/#organization\"},\"image\":{\"@id\":\"https:\\\/\\\/www.sensorialsunsets.com\\\/fr\\\/les-cavernes-du-canyon-a-lamphitheatre-de-villa-histoire-et-art-au-costa-rica\\\/#primaryimage\"},\"thumbnailUrl\":\"https:\\\/\\\/www.sensorialsunsets.com\\\/wp-content\\\/uploads\\\/2025\\\/05\\\/Cavernas-del-Canon-en-el-Anfiteatro-de-Villa.jpeg\",\"articleSection\":[\"Non classifi\u00e9(e)\",\"Vivez le Costa Rica\"],\"inLanguage\":\"fr-FR\"},{\"@type\":\"WebPage\",\"@id\":\"https:\\\/\\\/www.sensorialsunsets.com\\\/fr\\\/les-cavernes-du-canyon-a-lamphitheatre-de-villa-histoire-et-art-au-costa-rica\\\/\",\"url\":\"https:\\\/\\\/www.sensorialsunsets.com\\\/fr\\\/les-cavernes-du-canyon-a-lamphitheatre-de-villa-histoire-et-art-au-costa-rica\\\/\",\"name\":\"Les Cavernes du Canyon \u00e0 l\u2019Amphith\u00e9\u00e2tre de Villa : Histoire et Art au Costa Rica - SensorialSunsets\",\"isPartOf\":{\"@id\":\"https:\\\/\\\/www.sensorialsunsets.com\\\/fr\\\/#website\"},\"primaryImageOfPage\":{\"@id\":\"https:\\\/\\\/www.sensorialsunsets.com\\\/fr\\\/les-cavernes-du-canyon-a-lamphitheatre-de-villa-histoire-et-art-au-costa-rica\\\/#primaryimage\"},\"image\":{\"@id\":\"https:\\\/\\\/www.sensorialsunsets.com\\\/fr\\\/les-cavernes-du-canyon-a-lamphitheatre-de-villa-histoire-et-art-au-costa-rica\\\/#primaryimage\"},\"thumbnailUrl\":\"https:\\\/\\\/www.sensorialsunsets.com\\\/wp-content\\\/uploads\\\/2025\\\/05\\\/Cavernas-del-Canon-en-el-Anfiteatro-de-Villa.jpeg\",\"datePublished\":\"2025-05-23T22:25:18+00:00\",\"description\":\"Les Cavernes du Canyon \u00e0 l\u2019Amphith\u00e9\u00e2tre de Villa, Ciudad Col\u00f3n : parcours souterrain avec des salles inspir\u00e9es des cultures anciennes.\",\"inLanguage\":\"fr-FR\",\"potentialAction\":[{\"@type\":\"ReadAction\",\"target\":[\"https:\\\/\\\/www.sensorialsunsets.com\\\/fr\\\/les-cavernes-du-canyon-a-lamphitheatre-de-villa-histoire-et-art-au-costa-rica\\\/\"]}]},{\"@type\":\"ImageObject\",\"inLanguage\":\"fr-FR\",\"@id\":\"https:\\\/\\\/www.sensorialsunsets.com\\\/fr\\\/les-cavernes-du-canyon-a-lamphitheatre-de-villa-histoire-et-art-au-costa-rica\\\/#primaryimage\",\"url\":\"https:\\\/\\\/www.sensorialsunsets.com\\\/wp-content\\\/uploads\\\/2025\\\/05\\\/Cavernas-del-Canon-en-el-Anfiteatro-de-Villa.jpeg\",\"contentUrl\":\"https:\\\/\\\/www.sensorialsunsets.com\\\/wp-content\\\/uploads\\\/2025\\\/05\\\/Cavernas-del-Canon-en-el-Anfiteatro-de-Villa.jpeg\",\"width\":1616,\"height\":1080},{\"@type\":\"WebSite\",\"@id\":\"https:\\\/\\\/www.sensorialsunsets.com\\\/fr\\\/#website\",\"url\":\"https:\\\/\\\/www.sensorialsunsets.com\\\/fr\\\/\",\"name\":\"SensorialSunsets.com\",\"description\":\"D\u00e9couvrez la culture et la soci\u00e9t\u00e9 du Costa Rica sur notre blog. Explorez des articles captivants et partagez le contenu.\",\"publisher\":{\"@id\":\"https:\\\/\\\/www.sensorialsunsets.com\\\/fr\\\/#organization\"},\"alternateName\":\"Costa Rica Live Blog\",\"potentialAction\":[{\"@type\":\"SearchAction\",\"target\":{\"@type\":\"EntryPoint\",\"urlTemplate\":\"https:\\\/\\\/www.sensorialsunsets.com\\\/fr\\\/?s={search_term_string}\"},\"query-input\":{\"@type\":\"PropertyValueSpecification\",\"valueRequired\":true,\"valueName\":\"search_term_string\"}}],\"inLanguage\":\"fr-FR\"},{\"@type\":\"Organization\",\"@id\":\"https:\\\/\\\/www.sensorialsunsets.com\\\/fr\\\/#organization\",\"name\":\"SensorialSunsets\",\"url\":\"https:\\\/\\\/www.sensorialsunsets.com\\\/fr\\\/\",\"logo\":{\"@type\":\"ImageObject\",\"inLanguage\":\"fr-FR\",\"@id\":\"https:\\\/\\\/www.sensorialsunsets.com\\\/fr\\\/#\\\/schema\\\/logo\\\/image\\\/\",\"url\":\"https:\\\/\\\/www.sensorialsunsets.com\\\/wp-content\\\/uploads\\\/2023\\\/04\\\/Logo_base_line_fond_clair.svg\",\"contentUrl\":\"https:\\\/\\\/www.sensorialsunsets.com\\\/wp-content\\\/uploads\\\/2023\\\/04\\\/Logo_base_line_fond_clair.svg\",\"width\":\"1024\",\"height\":\"1024\",\"caption\":\"SensorialSunsets\"},\"image\":{\"@id\":\"https:\\\/\\\/www.sensorialsunsets.com\\\/fr\\\/#\\\/schema\\\/logo\\\/image\\\/\"},\"sameAs\":[\"https:\\\/\\\/www.facebook.com\\\/Sensorial-Sunsets-109180614715562\",\"https:\\\/\\\/www.instagram.com\\\/sensorialsunsets\\\/\"]},{\"@type\":\"Person\",\"@id\":\"https:\\\/\\\/www.sensorialsunsets.com\\\/fr\\\/#\\\/schema\\\/person\\\/77e2fa594135aa94024c47e281d8a94d\",\"name\":\"Sensorial Sunsets\",\"image\":{\"@type\":\"ImageObject\",\"inLanguage\":\"fr-FR\",\"@id\":\"https:\\\/\\\/secure.gravatar.com\\\/avatar\\\/5f2d62681b1dad94c28f1500d4fc75582acdfd32b55fd1acce0a36a3c487eabe?s=96&d=mm&r=g\",\"url\":\"https:\\\/\\\/secure.gravatar.com\\\/avatar\\\/5f2d62681b1dad94c28f1500d4fc75582acdfd32b55fd1acce0a36a3c487eabe?s=96&d=mm&r=g\",\"contentUrl\":\"https:\\\/\\\/secure.gravatar.com\\\/avatar\\\/5f2d62681b1dad94c28f1500d4fc75582acdfd32b55fd1acce0a36a3c487eabe?s=96&d=mm&r=g\",\"caption\":\"Sensorial Sunsets\"},\"url\":\"https:\\\/\\\/www.sensorialsunsets.com\\\/fr\\\/author\\\/asistentes-sensorial-sunsets\\\/\"}]}<\/script>\n<!-- \/ Yoast SEO plugin. -->","yoast_head_json":{"title":"Les Cavernes du Canyon \u00e0 l\u2019Amphith\u00e9\u00e2tre de Villa : Histoire et Art au Costa Rica - SensorialSunsets","description":"Les Cavernes du Canyon \u00e0 l\u2019Amphith\u00e9\u00e2tre de Villa, Ciudad Col\u00f3n : parcours souterrain avec des salles inspir\u00e9es des cultures anciennes.","robots":{"index":"index","follow":"follow","max-snippet":"max-snippet:-1","max-image-preview":"max-image-preview:large","max-video-preview":"max-video-preview:-1"},"canonical":"https:\/\/www.sensorialsunsets.com\/fr\/les-cavernes-du-canyon-a-lamphitheatre-de-villa-histoire-et-art-au-costa-rica\/","og_locale":"fr_FR","og_type":"article","og_title":"Les Cavernes du Canyon \u00e0 l\u2019Amphith\u00e9\u00e2tre de Villa : Histoire et Art au Costa Rica - SensorialSunsets","og_description":"Les Cavernes du Canyon \u00e0 l\u2019Amphith\u00e9\u00e2tre de Villa, Ciudad Col\u00f3n : parcours souterrain avec des salles inspir\u00e9es des cultures anciennes.","og_url":"https:\/\/www.sensorialsunsets.com\/fr\/les-cavernes-du-canyon-a-lamphitheatre-de-villa-histoire-et-art-au-costa-rica\/","og_site_name":"SensorialSunsets","article_publisher":"https:\/\/www.facebook.com\/Sensorial-Sunsets-109180614715562","article_published_time":"2025-05-23T22:25:18+00:00","og_image":[{"width":1616,"height":1080,"url":"https:\/\/www.sensorialsunsets.com\/wp-content\/uploads\/2025\/05\/Cavernas-del-Canon-en-el-Anfiteatro-de-Villa.jpeg","type":"image\/jpeg"}],"author":"Sensorial Sunsets","twitter_card":"summary_large_image","twitter_misc":{"\u00c9crit par":"Sensorial Sunsets","Dur\u00e9e de lecture estim\u00e9e":"2 minutes"},"schema":{"@context":"https:\/\/schema.org","@graph":[{"@type":"Article","@id":"https:\/\/www.sensorialsunsets.com\/fr\/les-cavernes-du-canyon-a-lamphitheatre-de-villa-histoire-et-art-au-costa-rica\/#article","isPartOf":{"@id":"https:\/\/www.sensorialsunsets.com\/fr\/les-cavernes-du-canyon-a-lamphitheatre-de-villa-histoire-et-art-au-costa-rica\/"},"author":{"name":"Sensorial Sunsets","@id":"https:\/\/www.sensorialsunsets.com\/fr\/#\/schema\/person\/77e2fa594135aa94024c47e281d8a94d"},"headline":"Les Cavernes du Canyon \u00e0 l\u2019Amphith\u00e9\u00e2tre de Villa : Histoire et Art au Costa Rica","datePublished":"2025-05-23T22:25:18+00:00","mainEntityOfPage":{"@id":"https:\/\/www.sensorialsunsets.com\/fr\/les-cavernes-du-canyon-a-lamphitheatre-de-villa-histoire-et-art-au-costa-rica\/"},"wordCount":527,"publisher":{"@id":"https:\/\/www.sensorialsunsets.com\/fr\/#organization"},"image":{"@id":"https:\/\/www.sensorialsunsets.com\/fr\/les-cavernes-du-canyon-a-lamphitheatre-de-villa-histoire-et-art-au-costa-rica\/#primaryimage"},"thumbnailUrl":"https:\/\/www.sensorialsunsets.com\/wp-content\/uploads\/2025\/05\/Cavernas-del-Canon-en-el-Anfiteatro-de-Villa.jpeg","articleSection":["Non classifi\u00e9(e)","Vivez le Costa Rica"],"inLanguage":"fr-FR"},{"@type":"WebPage","@id":"https:\/\/www.sensorialsunsets.com\/fr\/les-cavernes-du-canyon-a-lamphitheatre-de-villa-histoire-et-art-au-costa-rica\/","url":"https:\/\/www.sensorialsunsets.com\/fr\/les-cavernes-du-canyon-a-lamphitheatre-de-villa-histoire-et-art-au-costa-rica\/","name":"Les Cavernes du Canyon \u00e0 l\u2019Amphith\u00e9\u00e2tre de Villa : Histoire et Art au Costa Rica - SensorialSunsets","isPartOf":{"@id":"https:\/\/www.sensorialsunsets.com\/fr\/#website"},"primaryImageOfPage":{"@id":"https:\/\/www.sensorialsunsets.com\/fr\/les-cavernes-du-canyon-a-lamphitheatre-de-villa-histoire-et-art-au-costa-rica\/#primaryimage"},"image":{"@id":"https:\/\/www.sensorialsunsets.com\/fr\/les-cavernes-du-canyon-a-lamphitheatre-de-villa-histoire-et-art-au-costa-rica\/#primaryimage"},"thumbnailUrl":"https:\/\/www.sensorialsunsets.com\/wp-content\/uploads\/2025\/05\/Cavernas-del-Canon-en-el-Anfiteatro-de-Villa.jpeg","datePublished":"2025-05-23T22:25:18+00:00","description":"Les Cavernes du Canyon \u00e0 l\u2019Amphith\u00e9\u00e2tre de Villa, Ciudad Col\u00f3n : parcours souterrain avec des salles inspir\u00e9es des cultures anciennes.","inLanguage":"fr-FR","potentialAction":[{"@type":"ReadAction","target":["https:\/\/www.sensorialsunsets.com\/fr\/les-cavernes-du-canyon-a-lamphitheatre-de-villa-histoire-et-art-au-costa-rica\/"]}]},{"@type":"ImageObject","inLanguage":"fr-FR","@id":"https:\/\/www.sensorialsunsets.com\/fr\/les-cavernes-du-canyon-a-lamphitheatre-de-villa-histoire-et-art-au-costa-rica\/#primaryimage","url":"https:\/\/www.sensorialsunsets.com\/wp-content\/uploads\/2025\/05\/Cavernas-del-Canon-en-el-Anfiteatro-de-Villa.jpeg","contentUrl":"https:\/\/www.sensorialsunsets.com\/wp-content\/uploads\/2025\/05\/Cavernas-del-Canon-en-el-Anfiteatro-de-Villa.jpeg","width":1616,"height":1080},{"@type":"WebSite","@id":"https:\/\/www.sensorialsunsets.com\/fr\/#website","url":"https:\/\/www.sensorialsunsets.com\/fr\/","name":"SensorialSunsets.com","description":"D\u00e9couvrez la culture et la soci\u00e9t\u00e9 du Costa Rica sur notre blog. Explorez des articles captivants et partagez le contenu.","publisher":{"@id":"https:\/\/www.sensorialsunsets.com\/fr\/#organization"},"alternateName":"Costa Rica Live Blog","potentialAction":[{"@type":"SearchAction","target":{"@type":"EntryPoint","urlTemplate":"https:\/\/www.sensorialsunsets.com\/fr\/?s={search_term_string}"},"query-input":{"@type":"PropertyValueSpecification","valueRequired":true,"valueName":"search_term_string"}}],"inLanguage":"fr-FR"},{"@type":"Organization","@id":"https:\/\/www.sensorialsunsets.com\/fr\/#organization","name":"SensorialSunsets","url":"https:\/\/www.sensorialsunsets.com\/fr\/","logo":{"@type":"ImageObject","inLanguage":"fr-FR","@id":"https:\/\/www.sensorialsunsets.com\/fr\/#\/schema\/logo\/image\/","url":"https:\/\/www.sensorialsunsets.com\/wp-content\/uploads\/2023\/04\/Logo_base_line_fond_clair.svg","contentUrl":"https:\/\/www.sensorialsunsets.com\/wp-content\/uploads\/2023\/04\/Logo_base_line_fond_clair.svg","width":"1024","height":"1024","caption":"SensorialSunsets"},"image":{"@id":"https:\/\/www.sensorialsunsets.com\/fr\/#\/schema\/logo\/image\/"},"sameAs":["https:\/\/www.facebook.com\/Sensorial-Sunsets-109180614715562","https:\/\/www.instagram.com\/sensorialsunsets\/"]},{"@type":"Person","@id":"https:\/\/www.sensorialsunsets.com\/fr\/#\/schema\/person\/77e2fa594135aa94024c47e281d8a94d","name":"Sensorial Sunsets","image":{"@type":"ImageObject","inLanguage":"fr-FR","@id":"https:\/\/secure.gravatar.com\/avatar\/5f2d62681b1dad94c28f1500d4fc75582acdfd32b55fd1acce0a36a3c487eabe?s=96&d=mm&r=g","url":"https:\/\/secure.gravatar.com\/avatar\/5f2d62681b1dad94c28f1500d4fc75582acdfd32b55fd1acce0a36a3c487eabe?s=96&d=mm&r=g","contentUrl":"https:\/\/secure.gravatar.com\/avatar\/5f2d62681b1dad94c28f1500d4fc75582acdfd32b55fd1acce0a36a3c487eabe?s=96&d=mm&r=g","caption":"Sensorial Sunsets"},"url":"https:\/\/www.sensorialsunsets.com\/fr\/author\/asistentes-sensorial-sunsets\/"}]}},"_links":{"self":[{"href":"https:\/\/www.sensorialsunsets.com\/fr\/wp-json\/wp\/v2\/posts\/21850","targetHints":{"allow":["GET"]}}],"collection":[{"href":"https:\/\/www.sensorialsunsets.com\/fr\/wp-json\/wp\/v2\/posts"}],"about":[{"href":"https:\/\/www.sensorialsunsets.com\/fr\/wp-json\/wp\/v2\/types\/post"}],"author":[{"embeddable":true,"href":"https:\/\/www.sensorialsunsets.com\/fr\/wp-json\/wp\/v2\/users\/4"}],"replies":[{"embeddable":true,"href":"https:\/\/www.sensorialsunsets.com\/fr\/wp-json\/wp\/v2\/comments?post=21850"}],"version-history":[{"count":2,"href":"https:\/\/www.sensorialsunsets.com\/fr\/wp-json\/wp\/v2\/posts\/21850\/revisions"}],"predecessor-version":[{"id":21853,"href":"https:\/\/www.sensorialsunsets.com\/fr\/wp-json\/wp\/v2\/posts\/21850\/revisions\/21853"}],"wp:featuredmedia":[{"embeddable":true,"href":"https:\/\/www.sensorialsunsets.com\/fr\/wp-json\/wp\/v2\/media\/21843"}],"wp:attachment":[{"href":"https:\/\/www.sensorialsunsets.com\/fr\/wp-json\/wp\/v2\/media?parent=21850"}],"wp:term":[{"taxonomy":"category","embeddable":true,"href":"https:\/\/www.sensorialsunsets.com\/fr\/wp-json\/wp\/v2\/categories?post=21850"},{"taxonomy":"post_tag","embeddable":true,"href":"https:\/\/www.sensorialsunsets.com\/fr\/wp-json\/wp\/v2\/tags?post=21850"}],"curies":[{"name":"wp","href":"https:\/\/api.w.org\/{rel}","templated":true}]}}