{"id":2198,"date":"2022-06-08T00:45:06","date_gmt":"2022-06-08T00:45:06","guid":{"rendered":"https:\/\/www.sensorialsunsets.com\/la-communaute-boruca-brun%cc%88cajc-une-tribu-autochtone-du-costa-rica\/"},"modified":"2022-06-08T00:49:12","modified_gmt":"2022-06-08T00:49:12","slug":"la-communaute-boruca-brun%cc%88cajc-une-tribu-autochtone-du-costa-rica","status":"publish","type":"post","link":"https:\/\/www.sensorialsunsets.com\/fr\/la-communaute-boruca-brun%cc%88cajc-une-tribu-autochtone-du-costa-rica\/","title":{"rendered":"La communaut\u00e9 Boruca (Br\u00fan\u0308cajc): une tribu autochtone du Costa Rica"},"content":{"rendered":"\n<p>La communaut\u00e9 Boruca : une tribu indig\u00e8ne du Costa Rica<\/p>\n\n<p>Image prise de: <a href=\"https:\/\/www.tec.ac.cr\/hoyeneltec\/2018\/02\/09\/estudiante-indigena-obtuvo-importante-distincion-juego-diablitos-boruca\"><strong>https:\/\/www.tec.ac.cr\/hoyeneltec\/2018\/02\/09\/estudiante-indigena-obtuvo-importante-distincion-juego-diablitos-boruca<\/strong><\/a><\/p>\n\n<h2 class=\"wp-block-heading\"><strong>Culture, histoire et pass\u00e9 de la communaut\u00e9 Boruca<\/strong><\/h2>\n\n<p>La communaut\u00e9 Boruca est l&rsquo;une des tribus indig\u00e8nes pr\u00e9sentes sur le territoire du Costa Rica. Cette tribu vit dans la r\u00e9gion de Brunca, situ\u00e9e au sud du Costa Rica et comprenant les cantons de Coto Brus, Buenos Aires et P\u00e9rez Zeled\u00f3n. Actuellement, environ 2 000 personnes appartiennent \u00e0 cette communaut\u00e9.\u00a0<\/p>\n\n<p>Leur culture est fond\u00e9e sur la foi et la sagesse transmises de g\u00e9n\u00e9ration en g\u00e9n\u00e9ration. De cette mani\u00e8re, le respect est maintenu pour les anc\u00eatres de leur communaut\u00e9, pour les histoires traditionnelles et pour la nature.<\/p>\n\n<p>Au XVIe si\u00e8cle, les conquistadors espagnols ont tent\u00e9 la colonisation. Apr\u00e8s une lutte \u00e9puisante, ils ont r\u00e9ussi \u00e0 garder leur village et leur identit\u00e9 presque intacts. Cependant, la pr\u00e9sence de l&rsquo;\u00c9glise catholique a influenc\u00e9 leurs traditions.\u00a0<\/p>\n\n<p>La communaut\u00e9 de Boruca a surv\u00e9cu gr\u00e2ce \u00e0 l&rsquo;agriculture jusqu&rsquo;\u00e0 la fin des ann\u00e9es 1960. Au cours de cette d\u00e9cennie, l&rsquo;agriculture ne fournissait pas les ressources n\u00e9cessaires au bien-\u00eatre de l&rsquo;ensemble de la tribu. Les familles sont tomb\u00e9es dans une extr\u00eame pauvret\u00e9 et le besoin de se r\u00e9inventer s&rsquo;est fait sentir.\u00a0<\/p>\n\n<p>En 1970, Margarita Morales a pris la t\u00eate d&rsquo;un groupe de femmes appel\u00e9 \u00ab\u00a0La Flor de Boruca\u00a0\u00bb qui encourageait le sauvetage de l&rsquo;artisanat et d&rsquo;autres traditions. L&rsquo;ouverture \u00e0 la vente d&rsquo;objets artisanaux et l&rsquo;accueil de personnes d\u00e9sireuses de d\u00e9couvrir la culture de Boruca ont relanc\u00e9 l&rsquo;\u00e9conomie locale. En 1985, le mus\u00e9e national du Costa Rica a accord\u00e9 une subvention \u00e0 la communaut\u00e9 pour cr\u00e9er un mus\u00e9e local afin d&rsquo;exposer l&rsquo;histoire des Boruca. Plus r\u00e9cemment, la communaut\u00e9 a mis l&rsquo;accent sur l&rsquo;\u00e9cotourisme et l&rsquo;ethnotourisme, s&rsquo;imposant comme une opportunit\u00e9 unique et sans pareil. Cette ouverture au tourisme national et international leur a permis de renforcer certains pans de leurs traditions tandis que d&rsquo;autres ont \u00e9volu\u00e9 pour satisfaire le march\u00e9.\u00a0<\/p>\n\n<figure class=\"wp-block-image size-full\"><img loading=\"lazy\" decoding=\"async\" width=\"638\" height=\"430\" src=\"https:\/\/www.sensorialsunsets.com\/wp-content\/uploads\/2022\/06\/foto_1_juego_diablitos.jpg\" alt=\"diablitos-boruca-costa-rica-sensorial-sunsets\" class=\"wp-image-2194\" srcset=\"https:\/\/www.sensorialsunsets.com\/wp-content\/uploads\/2022\/06\/foto_1_juego_diablitos.jpg 638w, https:\/\/www.sensorialsunsets.com\/wp-content\/uploads\/2022\/06\/foto_1_juego_diablitos-300x202.jpg 300w\" sizes=\"auto, (max-width: 638px) 100vw, 638px\" \/><figcaption>Los diablitos boruca &#8211; Image prise de:&#13;\n<a href=\"https:\/\/www.ucr.ac.cr\/noticias\/2014\/12\/29\/el-juego-de-los-diablitos.html\"><strong>https:\/\/www.ucr.ac.cr\/noticias\/2014\/12\/29\/el-juego-de-los-diablitos.html<\/strong><\/a><\/figcaption><\/figure>\n<h2 class=\"wp-block-heading\"><strong>Langue, art et culture de la communaut\u00e9 Boruca<\/strong><\/h2>\n\n<p>Aujourd&rsquo;hui, tr\u00e8s peu d&rsquo;habitants autochtones parlent la langue boruca. L&rsquo;espagnol est devenu la langue dominante en raison des processus de colonisation et la langue d&rsquo;enseignement au niveau de l&rsquo;\u00e9ducation dans le pays. La langue maternelle est pr\u00e9serv\u00e9e principalement chez les anciens de la communaut\u00e9. Cependant, ils ne l&rsquo;ont pas transmise aux autres g\u00e9n\u00e9rations.<\/p>\n\n<p>Aujourd&rsquo;hui, les Boruca luttent encore pour pr\u00e9server leur identit\u00e9, et les traditions, les f\u00eates et l&rsquo;artisanat continuent d&rsquo;\u00eatre des \u00e9l\u00e9ments de repr\u00e9sentation pour les autres peuples. L&rsquo;un de leurs festivals les plus connus est le festival annuel de 4 jours, \u00ab\u00a0el baile de los diablitos\u00a0\u00bb, o\u00f9 la tentative de colonisation par les Espagnols est recr\u00e9\u00e9e. Lors de cette f\u00eate, les Borucas, v\u00eatus de masques de diables, affrontent les Espagnols, repr\u00e9sent\u00e9s par la figure d&rsquo;un taureau. A la fin de la repr\u00e9sentation, les conquistadors pensent avoir gagn\u00e9 la bataille. Cependant, comme par magie, les Indiens reviennent \u00e0 la vie et battent les Espagnols, remportant finalement la bataille.<\/p>\n\n<p>D&rsquo;autre part, ils sont \u00e9galement connus pour pratiquer une agriculture durable, c&rsquo;est-\u00e0-dire qu&rsquo;ils cultivent les aliments dont ils ont besoin pour nourrir leurs familles. Leurs champs sont situ\u00e9s \u00e0 des endroits strat\u00e9giques dans les collines. \u00a0Les familles cultivent du riz, des haricots, du caf\u00e9, du cacao, des fruits, du ma\u00efs et des tomates, les principales denr\u00e9es alimentaires avec lesquelles elles pr\u00e9parent leurs repas quotidiens. Les familles \u00e9l\u00e8vent \u00e9galement des vaches, des poulets et des cochons.<\/p>\n\n<p>Quant \u00e0 la m\u00e9decine, elle a une approche plus naturopathique, car les habitants conservent leurs m\u00e9thodes traditionnelles. Bien qu&rsquo;il existe un centre m\u00e9dical, les rem\u00e8des naturels et \u00e0 base de plantes sont plus couramment utilis\u00e9s, notamment pour la sant\u00e9 des femmes.\u00a0<\/p>\n\n<h2 class=\"wp-block-heading\"><strong>Les masques boruca<\/strong><\/h2>\n\n<p>L&rsquo;artisanat le plus frappant et le plus connu de la communaut\u00e9 Boruca sont ses masques traditionnels. Ces masques sont sculpt\u00e9s dans du bois de balsa ou de c\u00e8dre avec des figures de personnes, de flore ou de faune. Les masques sont le reflet de la cosmovision de Boruca. En fonction du mat\u00e9riau de base, ils sont peints dans des couleurs vives. Chaque dessin est unique et ne peut \u00eatre reproduit.<\/p>\n\n<p>Traditionnellement, les masques \u00e9taient fabriqu\u00e9s pour les combats et certains rituels. Aujourd&rsquo;hui, elles ont un usage plus d\u00e9coratif, en dehors de leur utilisation dans le \u00ab\u00a0Baile de los Diablitos\u00a0\u00bb.\u00a0<\/p>\n\n<p><\/p>\n\n<h2 class=\"wp-block-heading\"><strong>Les l\u00e9gendes Boruca<\/strong><\/h2>\n\n<p>Les l\u00e9gendes sont parfois bas\u00e9es sur des faits. Par exemple, l&rsquo;histoire de Cuasr\u00e1n, une figure importante de la culture Boruca qui s&rsquo;est enfuie en r\u00e9sistant \u00e0 la domination espagnole et dont l&rsquo;esprit, selon les villageois, les observe et les garde depuis une montagne voisine. Un autre exemple mythique est \u00ab\u00a0La Serpiente\u00a0\u00bb, o\u00f9 une jeune femme tombe amoureuse d&rsquo;un serpent g\u00e9ant et, lorsqu&rsquo;elle tombe enceinte, les gens en col\u00e8re d\u00e9cident de les tuer, de sorte qu&rsquo;un seul enfant serpent survit, qui vivrait dans la montagne. La nature est la source d&rsquo;inspiration des Boruca. Leurs histoires contiennent des \u00e9l\u00e9ments magiques tels que des cadeaux de cr\u00e9atures mystiques et d&rsquo;immenses chutes d&rsquo;eau qui renferment des secrets. Les l\u00e9gendes cherchent \u00e9galement \u00e0 expliquer les cons\u00e9quences du manque d&rsquo;attention port\u00e9e \u00e0 la nature. Pour cette raison, les th\u00e8mes de grandes secousses, de pluies torrentielles et de blizzards violents qui provoquent des inondations dangereuses dans toute la vall\u00e9e, tuant personnes et animaux, sont fr\u00e9quents.<\/p>\n\n<h2 class=\"wp-block-heading\"><strong>En bref<\/strong><\/h2>\n\n<ol class=\"wp-block-list\"><li>La communaut\u00e9 Boruca est une communaut\u00e9 autochtone du Costa Rica situ\u00e9e dans les cantons de Coto Brus, Buenos Aires et Perez Zeled\u00f3n et comptant 2 000 membres.\u00a0<\/li><li>Leur culture est fond\u00e9e sur la foi et la sagesse transmises de g\u00e9n\u00e9ration en g\u00e9n\u00e9ration.\u00a0<\/li><li>L&rsquo;artisanat le plus connu du peuple Boruca sont ses masques traditionnels.<\/li><li>Ces l\u00e9gendes rev\u00eatent une grande importance pour le peuple Boruca, qui cherche \u00e0 maintenir son histoire et ses id\u00e9aux en vie.<\/li><\/ol>\n<p>\u00a0<\/p>\n\n<h2 class=\"wp-block-heading\"><strong>Bibliographie<\/strong><\/h2>\n\n<p><a href=\"http:\/\/www.boruca.org\/es\/cultura\/\">http:\/\/www.boruca.org\/es\/cultura\/<\/a><\/p>\n\n<p><a href=\"https:\/\/ranchobrugra.com\/mascaras-borucas\/#:~:text=Una%20m%C3%A1scara%20Boruca%20es%20una,caracter%C3%ADsticas%20tanto%20zoomorfas%20como%20antropomorfas\">https:\/\/ranchobrugra.com\/mascaras-borucas\/#:~:text=Una%20m%C3%A1scara%20Boruca%20es%20una,caracter%C3%ADsticas%20tanto%20zoomorfas%20como%20antropomorfas<\/a>.\u00a0<a href=\"https:\/\/conlamochilaylascholas.com\/mascaras-borucas-costa-rica\">https:\/\/conlamochilaylascholas.com\/mascaras-borucas-costa-rica<\/a><\/p>\n\n<p><strong>Autrices<\/strong><\/p>\n\n<p>Zelda Walters et Angie Loveday pour<\/p>\n\n<p><a href=\"http:\/\/www.sensorialsunsets.com\">www.sensorialsunsets.com<\/a><\/p>\n","protected":false},"excerpt":{"rendered":"<p>boruca-costa-rica-sensorial-sunsets<\/p>\n","protected":false},"author":5,"featured_media":2191,"comment_status":"closed","ping_status":"closed","sticky":false,"template":"","format":"standard","meta":{"_acf_changed":false,"inline_featured_image":false,"_monsterinsights_skip_tracking":false,"_monsterinsights_sitenote_active":false,"_monsterinsights_sitenote_note":"","_monsterinsights_sitenote_category":0,"footnotes":""},"categories":[100,104],"tags":[],"class_list":["post-2198","post","type-post","status-publish","format-standard","has-post-thumbnail","hentry","category-costa-rica-fr","category-culture-fr"],"acf":[],"yoast_head":"<!-- This site is optimized with the Yoast SEO plugin v27.4 - https:\/\/yoast.com\/product\/yoast-seo-wordpress\/ -->\n<title>La communaut\u00e9 Boruca (Br\u00fan\u0308cajc): une tribu autochtone du Costa Rica - SensorialSunsets<\/title>\n<meta name=\"description\" content=\"Boruca, un peuple indig\u00e8ne du territoire costaricien qui, \u00e0 travers ses masques, t\u00e9moigne de la fiert\u00e9 de sa culture.\" \/>\n<meta name=\"robots\" content=\"index, follow, max-snippet:-1, max-image-preview:large, max-video-preview:-1\" \/>\n<link rel=\"canonical\" href=\"https:\/\/www.sensorialsunsets.com\/fr\/la-communaute-boruca-brun%cc%88cajc-une-tribu-autochtone-du-costa-rica\/\" \/>\n<meta property=\"og:locale\" content=\"fr_FR\" \/>\n<meta property=\"og:type\" content=\"article\" \/>\n<meta property=\"og:title\" content=\"La communaut\u00e9 Boruca (Br\u00fan\u0308cajc): une tribu autochtone du Costa Rica - SensorialSunsets\" \/>\n<meta property=\"og:description\" content=\"Boruca, un peuple indig\u00e8ne du territoire costaricien qui, \u00e0 travers ses masques, t\u00e9moigne de la fiert\u00e9 de sa culture.\" \/>\n<meta property=\"og:url\" content=\"https:\/\/www.sensorialsunsets.com\/fr\/la-communaute-boruca-brun%cc%88cajc-une-tribu-autochtone-du-costa-rica\/\" \/>\n<meta property=\"og:site_name\" content=\"SensorialSunsets\" \/>\n<meta property=\"article:publisher\" content=\"https:\/\/www.facebook.com\/Sensorial-Sunsets-109180614715562\" \/>\n<meta property=\"article:published_time\" content=\"2022-06-08T00:45:06+00:00\" \/>\n<meta property=\"article:modified_time\" content=\"2022-06-08T00:49:12+00:00\" \/>\n<meta property=\"og:image\" content=\"https:\/\/www.sensorialsunsets.com\/wp-content\/uploads\/2022\/06\/diablitos.jpg\" \/>\n\t<meta property=\"og:image:width\" content=\"750\" \/>\n\t<meta property=\"og:image:height\" content=\"470\" \/>\n\t<meta property=\"og:image:type\" content=\"image\/jpeg\" \/>\n<meta name=\"author\" content=\"Marian Barrantes\" \/>\n<meta name=\"twitter:card\" content=\"summary_large_image\" \/>\n<meta name=\"twitter:label1\" content=\"\u00c9crit par\" \/>\n\t<meta name=\"twitter:data1\" content=\"Marian Barrantes\" \/>\n\t<meta name=\"twitter:label2\" content=\"Dur\u00e9e de lecture estim\u00e9e\" \/>\n\t<meta name=\"twitter:data2\" content=\"5 minutes\" \/>\n<script type=\"application\/ld+json\" class=\"yoast-schema-graph\">{\"@context\":\"https:\\\/\\\/schema.org\",\"@graph\":[{\"@type\":\"Article\",\"@id\":\"https:\\\/\\\/www.sensorialsunsets.com\\\/fr\\\/la-communaute-boruca-brun%cc%88cajc-une-tribu-autochtone-du-costa-rica\\\/#article\",\"isPartOf\":{\"@id\":\"https:\\\/\\\/www.sensorialsunsets.com\\\/fr\\\/la-communaute-boruca-brun%cc%88cajc-une-tribu-autochtone-du-costa-rica\\\/\"},\"author\":{\"name\":\"Marian Barrantes\",\"@id\":\"https:\\\/\\\/www.sensorialsunsets.com\\\/fr\\\/#\\\/schema\\\/person\\\/a8336a4dbeee633f087a194db2ca482f\"},\"headline\":\"La communaut\u00e9 Boruca (Br\u00fan\u0308cajc): une tribu autochtone du Costa Rica\",\"datePublished\":\"2022-06-08T00:45:06+00:00\",\"dateModified\":\"2022-06-08T00:49:12+00:00\",\"mainEntityOfPage\":{\"@id\":\"https:\\\/\\\/www.sensorialsunsets.com\\\/fr\\\/la-communaute-boruca-brun%cc%88cajc-une-tribu-autochtone-du-costa-rica\\\/\"},\"wordCount\":1126,\"publisher\":{\"@id\":\"https:\\\/\\\/www.sensorialsunsets.com\\\/fr\\\/#organization\"},\"image\":{\"@id\":\"https:\\\/\\\/www.sensorialsunsets.com\\\/fr\\\/la-communaute-boruca-brun%cc%88cajc-une-tribu-autochtone-du-costa-rica\\\/#primaryimage\"},\"thumbnailUrl\":\"https:\\\/\\\/www.sensorialsunsets.com\\\/wp-content\\\/uploads\\\/2022\\\/06\\\/diablitos.jpg\",\"articleSection\":[\"Costa Rica\",\"Culture\"],\"inLanguage\":\"fr-FR\"},{\"@type\":\"WebPage\",\"@id\":\"https:\\\/\\\/www.sensorialsunsets.com\\\/fr\\\/la-communaute-boruca-brun%cc%88cajc-une-tribu-autochtone-du-costa-rica\\\/\",\"url\":\"https:\\\/\\\/www.sensorialsunsets.com\\\/fr\\\/la-communaute-boruca-brun%cc%88cajc-une-tribu-autochtone-du-costa-rica\\\/\",\"name\":\"La communaut\u00e9 Boruca (Br\u00fan\u0308cajc): une tribu autochtone du Costa Rica - SensorialSunsets\",\"isPartOf\":{\"@id\":\"https:\\\/\\\/www.sensorialsunsets.com\\\/fr\\\/#website\"},\"primaryImageOfPage\":{\"@id\":\"https:\\\/\\\/www.sensorialsunsets.com\\\/fr\\\/la-communaute-boruca-brun%cc%88cajc-une-tribu-autochtone-du-costa-rica\\\/#primaryimage\"},\"image\":{\"@id\":\"https:\\\/\\\/www.sensorialsunsets.com\\\/fr\\\/la-communaute-boruca-brun%cc%88cajc-une-tribu-autochtone-du-costa-rica\\\/#primaryimage\"},\"thumbnailUrl\":\"https:\\\/\\\/www.sensorialsunsets.com\\\/wp-content\\\/uploads\\\/2022\\\/06\\\/diablitos.jpg\",\"datePublished\":\"2022-06-08T00:45:06+00:00\",\"dateModified\":\"2022-06-08T00:49:12+00:00\",\"description\":\"Boruca, un peuple indig\u00e8ne du territoire costaricien qui, \u00e0 travers ses masques, t\u00e9moigne de la fiert\u00e9 de sa culture.\",\"inLanguage\":\"fr-FR\",\"potentialAction\":[{\"@type\":\"ReadAction\",\"target\":[\"https:\\\/\\\/www.sensorialsunsets.com\\\/fr\\\/la-communaute-boruca-brun%cc%88cajc-une-tribu-autochtone-du-costa-rica\\\/\"]}]},{\"@type\":\"ImageObject\",\"inLanguage\":\"fr-FR\",\"@id\":\"https:\\\/\\\/www.sensorialsunsets.com\\\/fr\\\/la-communaute-boruca-brun%cc%88cajc-une-tribu-autochtone-du-costa-rica\\\/#primaryimage\",\"url\":\"https:\\\/\\\/www.sensorialsunsets.com\\\/wp-content\\\/uploads\\\/2022\\\/06\\\/diablitos.jpg\",\"contentUrl\":\"https:\\\/\\\/www.sensorialsunsets.com\\\/wp-content\\\/uploads\\\/2022\\\/06\\\/diablitos.jpg\",\"width\":750,\"height\":470},{\"@type\":\"WebSite\",\"@id\":\"https:\\\/\\\/www.sensorialsunsets.com\\\/fr\\\/#website\",\"url\":\"https:\\\/\\\/www.sensorialsunsets.com\\\/fr\\\/\",\"name\":\"SensorialSunsets.com\",\"description\":\"D\u00e9couvrez la culture et la soci\u00e9t\u00e9 du Costa Rica sur notre blog. Explorez des articles captivants et partagez le contenu.\",\"publisher\":{\"@id\":\"https:\\\/\\\/www.sensorialsunsets.com\\\/fr\\\/#organization\"},\"alternateName\":\"Costa Rica Live Blog\",\"potentialAction\":[{\"@type\":\"SearchAction\",\"target\":{\"@type\":\"EntryPoint\",\"urlTemplate\":\"https:\\\/\\\/www.sensorialsunsets.com\\\/fr\\\/?s={search_term_string}\"},\"query-input\":{\"@type\":\"PropertyValueSpecification\",\"valueRequired\":true,\"valueName\":\"search_term_string\"}}],\"inLanguage\":\"fr-FR\"},{\"@type\":\"Organization\",\"@id\":\"https:\\\/\\\/www.sensorialsunsets.com\\\/fr\\\/#organization\",\"name\":\"SensorialSunsets\",\"url\":\"https:\\\/\\\/www.sensorialsunsets.com\\\/fr\\\/\",\"logo\":{\"@type\":\"ImageObject\",\"inLanguage\":\"fr-FR\",\"@id\":\"https:\\\/\\\/www.sensorialsunsets.com\\\/fr\\\/#\\\/schema\\\/logo\\\/image\\\/\",\"url\":\"https:\\\/\\\/www.sensorialsunsets.com\\\/wp-content\\\/uploads\\\/2023\\\/04\\\/Logo_base_line_fond_clair.svg\",\"contentUrl\":\"https:\\\/\\\/www.sensorialsunsets.com\\\/wp-content\\\/uploads\\\/2023\\\/04\\\/Logo_base_line_fond_clair.svg\",\"width\":\"1024\",\"height\":\"1024\",\"caption\":\"SensorialSunsets\"},\"image\":{\"@id\":\"https:\\\/\\\/www.sensorialsunsets.com\\\/fr\\\/#\\\/schema\\\/logo\\\/image\\\/\"},\"sameAs\":[\"https:\\\/\\\/www.facebook.com\\\/Sensorial-Sunsets-109180614715562\",\"https:\\\/\\\/www.instagram.com\\\/sensorialsunsets\\\/\"]},{\"@type\":\"Person\",\"@id\":\"https:\\\/\\\/www.sensorialsunsets.com\\\/fr\\\/#\\\/schema\\\/person\\\/a8336a4dbeee633f087a194db2ca482f\",\"name\":\"Marian Barrantes\",\"image\":{\"@type\":\"ImageObject\",\"inLanguage\":\"fr-FR\",\"@id\":\"https:\\\/\\\/secure.gravatar.com\\\/avatar\\\/fafbfab67eb28029818d03f44e3037bd798e04434d8d5c0cfc2eea8ec2882a22?s=96&d=mm&r=g\",\"url\":\"https:\\\/\\\/secure.gravatar.com\\\/avatar\\\/fafbfab67eb28029818d03f44e3037bd798e04434d8d5c0cfc2eea8ec2882a22?s=96&d=mm&r=g\",\"contentUrl\":\"https:\\\/\\\/secure.gravatar.com\\\/avatar\\\/fafbfab67eb28029818d03f44e3037bd798e04434d8d5c0cfc2eea8ec2882a22?s=96&d=mm&r=g\",\"caption\":\"Marian Barrantes\"},\"sameAs\":[\"https:\\\/\\\/www.sensorialsunsets.com\"],\"url\":\"https:\\\/\\\/www.sensorialsunsets.com\\\/fr\\\/author\\\/mbarrantes\\\/\"}]}<\/script>\n<!-- \/ Yoast SEO plugin. -->","yoast_head_json":{"title":"La communaut\u00e9 Boruca (Br\u00fan\u0308cajc): une tribu autochtone du Costa Rica - SensorialSunsets","description":"Boruca, un peuple indig\u00e8ne du territoire costaricien qui, \u00e0 travers ses masques, t\u00e9moigne de la fiert\u00e9 de sa culture.","robots":{"index":"index","follow":"follow","max-snippet":"max-snippet:-1","max-image-preview":"max-image-preview:large","max-video-preview":"max-video-preview:-1"},"canonical":"https:\/\/www.sensorialsunsets.com\/fr\/la-communaute-boruca-brun%cc%88cajc-une-tribu-autochtone-du-costa-rica\/","og_locale":"fr_FR","og_type":"article","og_title":"La communaut\u00e9 Boruca (Br\u00fan\u0308cajc): une tribu autochtone du Costa Rica - SensorialSunsets","og_description":"Boruca, un peuple indig\u00e8ne du territoire costaricien qui, \u00e0 travers ses masques, t\u00e9moigne de la fiert\u00e9 de sa culture.","og_url":"https:\/\/www.sensorialsunsets.com\/fr\/la-communaute-boruca-brun%cc%88cajc-une-tribu-autochtone-du-costa-rica\/","og_site_name":"SensorialSunsets","article_publisher":"https:\/\/www.facebook.com\/Sensorial-Sunsets-109180614715562","article_published_time":"2022-06-08T00:45:06+00:00","article_modified_time":"2022-06-08T00:49:12+00:00","og_image":[{"width":750,"height":470,"url":"https:\/\/www.sensorialsunsets.com\/wp-content\/uploads\/2022\/06\/diablitos.jpg","type":"image\/jpeg"}],"author":"Marian Barrantes","twitter_card":"summary_large_image","twitter_misc":{"\u00c9crit par":"Marian Barrantes","Dur\u00e9e de lecture estim\u00e9e":"5 minutes"},"schema":{"@context":"https:\/\/schema.org","@graph":[{"@type":"Article","@id":"https:\/\/www.sensorialsunsets.com\/fr\/la-communaute-boruca-brun%cc%88cajc-une-tribu-autochtone-du-costa-rica\/#article","isPartOf":{"@id":"https:\/\/www.sensorialsunsets.com\/fr\/la-communaute-boruca-brun%cc%88cajc-une-tribu-autochtone-du-costa-rica\/"},"author":{"name":"Marian Barrantes","@id":"https:\/\/www.sensorialsunsets.com\/fr\/#\/schema\/person\/a8336a4dbeee633f087a194db2ca482f"},"headline":"La communaut\u00e9 Boruca (Br\u00fan\u0308cajc): une tribu autochtone du Costa Rica","datePublished":"2022-06-08T00:45:06+00:00","dateModified":"2022-06-08T00:49:12+00:00","mainEntityOfPage":{"@id":"https:\/\/www.sensorialsunsets.com\/fr\/la-communaute-boruca-brun%cc%88cajc-une-tribu-autochtone-du-costa-rica\/"},"wordCount":1126,"publisher":{"@id":"https:\/\/www.sensorialsunsets.com\/fr\/#organization"},"image":{"@id":"https:\/\/www.sensorialsunsets.com\/fr\/la-communaute-boruca-brun%cc%88cajc-une-tribu-autochtone-du-costa-rica\/#primaryimage"},"thumbnailUrl":"https:\/\/www.sensorialsunsets.com\/wp-content\/uploads\/2022\/06\/diablitos.jpg","articleSection":["Costa Rica","Culture"],"inLanguage":"fr-FR"},{"@type":"WebPage","@id":"https:\/\/www.sensorialsunsets.com\/fr\/la-communaute-boruca-brun%cc%88cajc-une-tribu-autochtone-du-costa-rica\/","url":"https:\/\/www.sensorialsunsets.com\/fr\/la-communaute-boruca-brun%cc%88cajc-une-tribu-autochtone-du-costa-rica\/","name":"La communaut\u00e9 Boruca (Br\u00fan\u0308cajc): une tribu autochtone du Costa Rica - SensorialSunsets","isPartOf":{"@id":"https:\/\/www.sensorialsunsets.com\/fr\/#website"},"primaryImageOfPage":{"@id":"https:\/\/www.sensorialsunsets.com\/fr\/la-communaute-boruca-brun%cc%88cajc-une-tribu-autochtone-du-costa-rica\/#primaryimage"},"image":{"@id":"https:\/\/www.sensorialsunsets.com\/fr\/la-communaute-boruca-brun%cc%88cajc-une-tribu-autochtone-du-costa-rica\/#primaryimage"},"thumbnailUrl":"https:\/\/www.sensorialsunsets.com\/wp-content\/uploads\/2022\/06\/diablitos.jpg","datePublished":"2022-06-08T00:45:06+00:00","dateModified":"2022-06-08T00:49:12+00:00","description":"Boruca, un peuple indig\u00e8ne du territoire costaricien qui, \u00e0 travers ses masques, t\u00e9moigne de la fiert\u00e9 de sa culture.","inLanguage":"fr-FR","potentialAction":[{"@type":"ReadAction","target":["https:\/\/www.sensorialsunsets.com\/fr\/la-communaute-boruca-brun%cc%88cajc-une-tribu-autochtone-du-costa-rica\/"]}]},{"@type":"ImageObject","inLanguage":"fr-FR","@id":"https:\/\/www.sensorialsunsets.com\/fr\/la-communaute-boruca-brun%cc%88cajc-une-tribu-autochtone-du-costa-rica\/#primaryimage","url":"https:\/\/www.sensorialsunsets.com\/wp-content\/uploads\/2022\/06\/diablitos.jpg","contentUrl":"https:\/\/www.sensorialsunsets.com\/wp-content\/uploads\/2022\/06\/diablitos.jpg","width":750,"height":470},{"@type":"WebSite","@id":"https:\/\/www.sensorialsunsets.com\/fr\/#website","url":"https:\/\/www.sensorialsunsets.com\/fr\/","name":"SensorialSunsets.com","description":"D\u00e9couvrez la culture et la soci\u00e9t\u00e9 du Costa Rica sur notre blog. Explorez des articles captivants et partagez le contenu.","publisher":{"@id":"https:\/\/www.sensorialsunsets.com\/fr\/#organization"},"alternateName":"Costa Rica Live Blog","potentialAction":[{"@type":"SearchAction","target":{"@type":"EntryPoint","urlTemplate":"https:\/\/www.sensorialsunsets.com\/fr\/?s={search_term_string}"},"query-input":{"@type":"PropertyValueSpecification","valueRequired":true,"valueName":"search_term_string"}}],"inLanguage":"fr-FR"},{"@type":"Organization","@id":"https:\/\/www.sensorialsunsets.com\/fr\/#organization","name":"SensorialSunsets","url":"https:\/\/www.sensorialsunsets.com\/fr\/","logo":{"@type":"ImageObject","inLanguage":"fr-FR","@id":"https:\/\/www.sensorialsunsets.com\/fr\/#\/schema\/logo\/image\/","url":"https:\/\/www.sensorialsunsets.com\/wp-content\/uploads\/2023\/04\/Logo_base_line_fond_clair.svg","contentUrl":"https:\/\/www.sensorialsunsets.com\/wp-content\/uploads\/2023\/04\/Logo_base_line_fond_clair.svg","width":"1024","height":"1024","caption":"SensorialSunsets"},"image":{"@id":"https:\/\/www.sensorialsunsets.com\/fr\/#\/schema\/logo\/image\/"},"sameAs":["https:\/\/www.facebook.com\/Sensorial-Sunsets-109180614715562","https:\/\/www.instagram.com\/sensorialsunsets\/"]},{"@type":"Person","@id":"https:\/\/www.sensorialsunsets.com\/fr\/#\/schema\/person\/a8336a4dbeee633f087a194db2ca482f","name":"Marian Barrantes","image":{"@type":"ImageObject","inLanguage":"fr-FR","@id":"https:\/\/secure.gravatar.com\/avatar\/fafbfab67eb28029818d03f44e3037bd798e04434d8d5c0cfc2eea8ec2882a22?s=96&d=mm&r=g","url":"https:\/\/secure.gravatar.com\/avatar\/fafbfab67eb28029818d03f44e3037bd798e04434d8d5c0cfc2eea8ec2882a22?s=96&d=mm&r=g","contentUrl":"https:\/\/secure.gravatar.com\/avatar\/fafbfab67eb28029818d03f44e3037bd798e04434d8d5c0cfc2eea8ec2882a22?s=96&d=mm&r=g","caption":"Marian Barrantes"},"sameAs":["https:\/\/www.sensorialsunsets.com"],"url":"https:\/\/www.sensorialsunsets.com\/fr\/author\/mbarrantes\/"}]}},"_links":{"self":[{"href":"https:\/\/www.sensorialsunsets.com\/fr\/wp-json\/wp\/v2\/posts\/2198","targetHints":{"allow":["GET"]}}],"collection":[{"href":"https:\/\/www.sensorialsunsets.com\/fr\/wp-json\/wp\/v2\/posts"}],"about":[{"href":"https:\/\/www.sensorialsunsets.com\/fr\/wp-json\/wp\/v2\/types\/post"}],"author":[{"embeddable":true,"href":"https:\/\/www.sensorialsunsets.com\/fr\/wp-json\/wp\/v2\/users\/5"}],"replies":[{"embeddable":true,"href":"https:\/\/www.sensorialsunsets.com\/fr\/wp-json\/wp\/v2\/comments?post=2198"}],"version-history":[{"count":0,"href":"https:\/\/www.sensorialsunsets.com\/fr\/wp-json\/wp\/v2\/posts\/2198\/revisions"}],"wp:featuredmedia":[{"embeddable":true,"href":"https:\/\/www.sensorialsunsets.com\/fr\/wp-json\/wp\/v2\/media\/2191"}],"wp:attachment":[{"href":"https:\/\/www.sensorialsunsets.com\/fr\/wp-json\/wp\/v2\/media?parent=2198"}],"wp:term":[{"taxonomy":"category","embeddable":true,"href":"https:\/\/www.sensorialsunsets.com\/fr\/wp-json\/wp\/v2\/categories?post=2198"},{"taxonomy":"post_tag","embeddable":true,"href":"https:\/\/www.sensorialsunsets.com\/fr\/wp-json\/wp\/v2\/tags?post=2198"}],"curies":[{"name":"wp","href":"https:\/\/api.w.org\/{rel}","templated":true}]}}