{"id":22103,"date":"2025-06-06T16:32:20","date_gmt":"2025-06-06T22:32:20","guid":{"rendered":"https:\/\/www.sensorialsunsets.com\/?p=22103"},"modified":"2025-06-06T16:32:20","modified_gmt":"2025-06-06T22:32:20","slug":"costa-rica-lance-un-systeme-de-previsions-oceaniques-sur-lile-cocos","status":"publish","type":"post","link":"https:\/\/www.sensorialsunsets.com\/fr\/costa-rica-lance-un-systeme-de-previsions-oceaniques-sur-lile-cocos\/","title":{"rendered":"Costa Rica lance un syst\u00e8me de pr\u00e9visions oc\u00e9aniques sur l&rsquo;\u00eele Cocos"},"content":{"rendered":"\n<p class=\"has-small-font-size\">Le Costa Rica lance un syst\u00e8me de pr\u00e9vision oc\u00e9anique <a href=\"https:\/\/www.sensorialsunsets.com\/fr\/la-isla-del-coco-et-son-univers-sous-marin\/\">sur l&rsquo;\u00eele Cocos <\/a>afin de renforcer la s\u00e9curit\u00e9 maritime et la conservation<\/p>\n\n<p>Le Costa Rica a mis en place un nouveau syst\u00e8me de pr\u00e9vision oc\u00e9anique sur l&rsquo;\u00eele de Cocos, dans le but d&rsquo;am\u00e9liorer la s\u00e9curit\u00e9 maritime, de soutenir la conservation de l&rsquo;environnement et de renforcer les capacit\u00e9s de surveillance num\u00e9rique du pays. Ce projet, baptis\u00e9 \u00ab Ocean Prediction for Costa Rica \u00bb (OP4CR), a d\u00e9marr\u00e9 d\u00e9but 2025 et est le fruit d&rsquo;un partenariat entre Mercator Ocean International, l&rsquo;Union europ\u00e9enne et plusieurs institutions costaricaines, dont le SINAC, l&rsquo;Universit\u00e9 du Costa Rica et la Fondation des amis de l&rsquo;\u00eele Cocos (FAICO).<\/p>\n\n<p>L&rsquo;OP4CR est con\u00e7u pour fournir des donn\u00e9es en temps r\u00e9el et des pr\u00e9visions sur les conditions oc\u00e9aniques telles que les courants, les vagues, les temp\u00e9ratures et d&rsquo;autres indicateurs cl\u00e9s. Ces informations sont particuli\u00e8rement pertinentes pour le parc national de l&rsquo;\u00eele Cocos, class\u00e9 au patrimoine mondial de l&rsquo;UNESCO et reconnu comme l&rsquo;une des zones marines les plus riches en biodiversit\u00e9 du Pacifique tropical oriental. Le projet couvre la zone \u00e9conomique exclusive du Costa Rica, qui s&rsquo;\u00e9tend sur plus de 574 000 kilom\u00e8tres carr\u00e9s d&rsquo;oc\u00e9an.<\/p>\n\n<h3 class=\"wp-block-heading\"><strong>Costa Rica renforce la gestion oc\u00e9anique avec une approche pr\u00e9ventive<\/strong><\/h3>\n\n<p>Ce syst\u00e8me a pour principal objectif de faciliter la prise de d\u00e9cisions \u00e9clair\u00e9es par les autorit\u00e9s, les chercheurs et les acteurs locaux. Par exemple, la plateforme peut pr\u00e9voir les courants marins jusqu&rsquo;\u00e0 dix jours \u00e0 l&rsquo;avance, ce qui permet aux voyagistes d&rsquo;\u00e9valuer la s\u00e9curit\u00e9 d&rsquo;activit\u00e9s telles que la plong\u00e9e ou la navigation. En cas de pr\u00e9visions de conditions dangereuses, les entreprises peuvent \u00e9viter les zones \u00e0 risque, r\u00e9duisant ainsi les accidents et les pertes mat\u00e9rielles.<\/p>\n\n<p>Outre l&rsquo;am\u00e9lioration de la s\u00e9curit\u00e9, le syst\u00e8me de pr\u00e9vision constitue un outil pr\u00e9cieux pour la conservation marine. Il permet de surveiller des variables environnementales telles que les niveaux de chlorophylle et la production primaire, essentielles pour \u00e9valuer la sant\u00e9 des \u00e9cosyst\u00e8mes. Les donn\u00e9es g\u00e9n\u00e9r\u00e9es peuvent aider \u00e0 identifier les r\u00e9gions sensibles, \u00e0 suivre les esp\u00e8ces p\u00e9lagiques telles que les thons, les tortues et les mammif\u00e8res marins, et \u00e0 analyser l&rsquo;impact des sc\u00e9narios de changement climatique sur le milieu marin.<\/p>\n\n<div style=\"height:100px\" aria-hidden=\"true\" class=\"wp-block-spacer\"><\/div>\n\n<figure class=\"wp-block-gallery has-nested-images columns-default is-cropped wp-block-gallery-1 is-layout-flex wp-block-gallery-is-layout-flex\">\n<figure class=\"wp-block-image size-large\"><img loading=\"lazy\" decoding=\"async\" width=\"1024\" height=\"576\" data-id=\"22088\" src=\"https:\/\/www.sensorialsunsets.com\/wp-content\/uploads\/2025\/06\/1-bahia-wafer-1024x576.jpg\" alt=\"Costa Rica lance un syst&#xE8;me de pr&#xE9;visions oc&#xE9;aniques sur l'&#xEE;le Cocos\" class=\"wp-image-22088\" srcset=\"https:\/\/www.sensorialsunsets.com\/wp-content\/uploads\/2025\/06\/1-bahia-wafer-1024x576.jpg 1024w, https:\/\/www.sensorialsunsets.com\/wp-content\/uploads\/2025\/06\/1-bahia-wafer-300x169.jpg 300w, https:\/\/www.sensorialsunsets.com\/wp-content\/uploads\/2025\/06\/1-bahia-wafer-768x432.jpg 768w, https:\/\/www.sensorialsunsets.com\/wp-content\/uploads\/2025\/06\/1-bahia-wafer-1536x864.jpg 1536w, https:\/\/www.sensorialsunsets.com\/wp-content\/uploads\/2025\/06\/1-bahia-wafer-1320x743.jpg 1320w, https:\/\/www.sensorialsunsets.com\/wp-content\/uploads\/2025\/06\/1-bahia-wafer.jpg 1777w\" sizes=\"auto, (max-width: 1024px) 100vw, 1024px\" \/><\/figure>\n\n\n\n<figure class=\"wp-block-image size-large\"><img loading=\"lazy\" decoding=\"async\" width=\"1024\" height=\"576\" data-id=\"22085\" src=\"https:\/\/www.sensorialsunsets.com\/wp-content\/uploads\/2025\/06\/Isla-del-coco1-1024x576-1.jpg\" alt=\"Costa Rica lance un syst&#xE8;me de pr&#xE9;visions oc&#xE9;aniques sur l'&#xEE;le Cocos\" class=\"wp-image-22085\" srcset=\"https:\/\/www.sensorialsunsets.com\/wp-content\/uploads\/2025\/06\/Isla-del-coco1-1024x576-1.jpg 1024w, https:\/\/www.sensorialsunsets.com\/wp-content\/uploads\/2025\/06\/Isla-del-coco1-1024x576-1-300x169.jpg 300w, https:\/\/www.sensorialsunsets.com\/wp-content\/uploads\/2025\/06\/Isla-del-coco1-1024x576-1-768x432.jpg 768w\" sizes=\"auto, (max-width: 1024px) 100vw, 1024px\" \/><\/figure>\n\n\n\n<figure class=\"wp-block-image size-large\"><img loading=\"lazy\" decoding=\"async\" width=\"1024\" height=\"768\" data-id=\"22082\" src=\"https:\/\/www.sensorialsunsets.com\/wp-content\/uploads\/2025\/06\/image-1024x768.png\" alt=\"\" class=\"wp-image-22082\" srcset=\"https:\/\/www.sensorialsunsets.com\/wp-content\/uploads\/2025\/06\/image-1024x768.png 1024w, https:\/\/www.sensorialsunsets.com\/wp-content\/uploads\/2025\/06\/image-300x225.png 300w, https:\/\/www.sensorialsunsets.com\/wp-content\/uploads\/2025\/06\/image-768x576.png 768w, https:\/\/www.sensorialsunsets.com\/wp-content\/uploads\/2025\/06\/image-1536x1152.png 1536w\" sizes=\"auto, (max-width: 1024px) 100vw, 1024px\" \/><\/figure>\n<\/figure>\n\n<div style=\"height:100px\" aria-hidden=\"true\" class=\"wp-block-spacer\"><\/div>\n\n<p>Le projet OP4CR s&rsquo;inscrit dans le cadre d&rsquo;un effort plus large visant \u00e0 moderniser la protection marine au Costa Rica. Il compl\u00e8te des am\u00e9liorations r\u00e9centes telles que l&rsquo;installation de syst\u00e8mes radar avanc\u00e9s sur l&rsquo;\u00eele Cocos, qui renforcent la surveillance et la lutte contre la p\u00eache ill\u00e9gale. L&rsquo;int\u00e9gration d&rsquo;outils num\u00e9riques et d&rsquo;analyses pr\u00e9dictives marque une transition d&rsquo;une gestion r\u00e9active vers une gestion proactive des ressources marines.<\/p>\n\n<h3 class=\"wp-block-heading\">Couverture \u00e9tendue et utilit\u00e9 pratique<\/h3>\n\n<p>Les autorit\u00e9s costaricaines et leurs partenaires internationaux consid\u00e8rent l&rsquo;OP4CR comme une \u00e9tape importante dans la gestion durable des ressources oc\u00e9aniques du pays. Selon David Chavarr\u00eda, directeur du SINAC, le projet fournira de nouveaux outils et une formation au personnel, am\u00e9liorant ainsi sa capacit\u00e9 \u00e0 utiliser la technologie dans les t\u00e2ches de conservation. Pour sa part, Esteban Herrera, directeur de la zone de conservation marine de Cocos, a soulign\u00e9 que le syst\u00e8me \u00e9largira les capacit\u00e9s de surveillance, en soutenant non seulement le contr\u00f4le et la surveillance, mais aussi des applications plus larges en mati\u00e8re de conservation.<\/p>\n\n<p>Gr\u00e2ce \u00e0 un financement d&rsquo;environ 300 000 euros de l&rsquo;Union europ\u00e9enne, l&rsquo;OP4CR se d\u00e9roulera jusqu&rsquo;en d\u00e9cembre 2026. Son approche collaborative, qui rassemble le gouvernement, le monde universitaire, des ONG et des experts internationaux, \u00e9tablit un pr\u00e9c\u00e9dent pour de futures initiatives de protection marine dans la r\u00e9gion.<\/p>\n\n<p>Ainsi, il serait possible de contr\u00f4ler les esp\u00e8ces p\u00e9lagiques, qui sont des organismes marins vivant aussi bien en eaux superficielles qu&rsquo;en eaux moyennes et limitant leur contact avec les fonds marins et le littoral, comme c&rsquo;est le cas du thon, des tortues, des mammif\u00e8res marins et m\u00eame du plancton, et d&rsquo;\u00e9tablir des projections selon diff\u00e9rents sc\u00e9narios climatiques.<\/p>\n\n<p><strong>Sensorial Sunsets<\/strong><\/p>\n","protected":false},"excerpt":{"rendered":"<p>Le Costa Rica lance un syst\u00e8me de pr\u00e9vision oc\u00e9anique sur l&rsquo;\u00eele Cocos afin de renforcer la s\u00e9curit\u00e9 maritime et la conservation Le Costa Rica a mis en place un nouveau syst\u00e8me de pr\u00e9vision oc\u00e9anique sur l&rsquo;\u00eele de Cocos, dans le but d&rsquo;am\u00e9liorer la s\u00e9curit\u00e9 maritime, de soutenir la conservation de l&rsquo;environnement et de renforcer les [&hellip;]<\/p>\n","protected":false},"author":4,"featured_media":22087,"comment_status":"closed","ping_status":"closed","sticky":false,"template":"","format":"standard","meta":{"_acf_changed":false,"inline_featured_image":false,"_monsterinsights_skip_tracking":false,"_monsterinsights_sitenote_active":false,"_monsterinsights_sitenote_note":"","_monsterinsights_sitenote_category":0,"footnotes":""},"categories":[111,1],"tags":[],"class_list":["post-22103","post","type-post","status-publish","format-standard","has-post-thumbnail","hentry","category-ecologie-fr","category-non-classifiee"],"acf":[],"yoast_head":"<!-- This site is optimized with the Yoast SEO plugin v27.4 - https:\/\/yoast.com\/product\/yoast-seo-wordpress\/ -->\n<title>Costa Rica lance un syst\u00e8me de pr\u00e9visions oc\u00e9aniques sur l&#039;\u00eele Cocos - SensorialSunsets<\/title>\n<meta name=\"description\" content=\"Costa Rica lance un syst\u00e8me de pr\u00e9vision oc\u00e9anique sur l&#039;\u00eele Cocos afin d&#039;am\u00e9liorer la s\u00e9curit\u00e9 maritime et de pr\u00e9server sa biodiversit\u00e9.\" \/>\n<meta name=\"robots\" content=\"index, follow, max-snippet:-1, max-image-preview:large, max-video-preview:-1\" \/>\n<link rel=\"canonical\" href=\"https:\/\/www.sensorialsunsets.com\/fr\/costa-rica-lance-un-systeme-de-previsions-oceaniques-sur-lile-cocos\/\" \/>\n<meta property=\"og:locale\" content=\"fr_FR\" \/>\n<meta property=\"og:type\" content=\"article\" \/>\n<meta property=\"og:title\" content=\"Costa Rica lance un syst\u00e8me de pr\u00e9visions oc\u00e9aniques sur l&#039;\u00eele Cocos - SensorialSunsets\" \/>\n<meta property=\"og:description\" content=\"Costa Rica lance un syst\u00e8me de pr\u00e9vision oc\u00e9anique sur l&#039;\u00eele Cocos afin d&#039;am\u00e9liorer la s\u00e9curit\u00e9 maritime et de pr\u00e9server sa biodiversit\u00e9.\" \/>\n<meta property=\"og:url\" content=\"https:\/\/www.sensorialsunsets.com\/fr\/costa-rica-lance-un-systeme-de-previsions-oceaniques-sur-lile-cocos\/\" \/>\n<meta property=\"og:site_name\" content=\"SensorialSunsets\" \/>\n<meta property=\"article:publisher\" content=\"https:\/\/www.facebook.com\/Sensorial-Sunsets-109180614715562\" \/>\n<meta property=\"article:published_time\" content=\"2025-06-06T22:32:20+00:00\" \/>\n<meta property=\"og:image\" content=\"https:\/\/www.sensorialsunsets.com\/wp-content\/uploads\/2025\/06\/Isla-del-coco1-1024x576-1.jpg\" \/>\n\t<meta property=\"og:image:width\" content=\"1024\" \/>\n\t<meta property=\"og:image:height\" content=\"576\" \/>\n\t<meta property=\"og:image:type\" content=\"image\/jpeg\" \/>\n<meta name=\"author\" content=\"Sensorial Sunsets\" \/>\n<meta name=\"twitter:card\" content=\"summary_large_image\" \/>\n<meta name=\"twitter:label1\" content=\"\u00c9crit par\" \/>\n\t<meta name=\"twitter:data1\" content=\"Sensorial Sunsets\" \/>\n\t<meta name=\"twitter:label2\" content=\"Dur\u00e9e de lecture estim\u00e9e\" \/>\n\t<meta name=\"twitter:data2\" content=\"4 minutes\" \/>\n<script type=\"application\/ld+json\" class=\"yoast-schema-graph\">{\"@context\":\"https:\\\/\\\/schema.org\",\"@graph\":[{\"@type\":\"Article\",\"@id\":\"https:\\\/\\\/www.sensorialsunsets.com\\\/fr\\\/costa-rica-lance-un-systeme-de-previsions-oceaniques-sur-lile-cocos\\\/#article\",\"isPartOf\":{\"@id\":\"https:\\\/\\\/www.sensorialsunsets.com\\\/fr\\\/costa-rica-lance-un-systeme-de-previsions-oceaniques-sur-lile-cocos\\\/\"},\"author\":{\"name\":\"Sensorial Sunsets\",\"@id\":\"https:\\\/\\\/www.sensorialsunsets.com\\\/fr\\\/#\\\/schema\\\/person\\\/77e2fa594135aa94024c47e281d8a94d\"},\"headline\":\"Costa Rica lance un syst\u00e8me de pr\u00e9visions oc\u00e9aniques sur l&rsquo;\u00eele Cocos\",\"datePublished\":\"2025-06-06T22:32:20+00:00\",\"mainEntityOfPage\":{\"@id\":\"https:\\\/\\\/www.sensorialsunsets.com\\\/fr\\\/costa-rica-lance-un-systeme-de-previsions-oceaniques-sur-lile-cocos\\\/\"},\"wordCount\":753,\"publisher\":{\"@id\":\"https:\\\/\\\/www.sensorialsunsets.com\\\/fr\\\/#organization\"},\"image\":{\"@id\":\"https:\\\/\\\/www.sensorialsunsets.com\\\/fr\\\/costa-rica-lance-un-systeme-de-previsions-oceaniques-sur-lile-cocos\\\/#primaryimage\"},\"thumbnailUrl\":\"https:\\\/\\\/www.sensorialsunsets.com\\\/wp-content\\\/uploads\\\/2025\\\/06\\\/Isla-del-coco1-1024x576-1.jpg\",\"articleSection\":[\"Ecologie\",\"Non classifi\u00e9(e)\"],\"inLanguage\":\"fr-FR\"},{\"@type\":\"WebPage\",\"@id\":\"https:\\\/\\\/www.sensorialsunsets.com\\\/fr\\\/costa-rica-lance-un-systeme-de-previsions-oceaniques-sur-lile-cocos\\\/\",\"url\":\"https:\\\/\\\/www.sensorialsunsets.com\\\/fr\\\/costa-rica-lance-un-systeme-de-previsions-oceaniques-sur-lile-cocos\\\/\",\"name\":\"Costa Rica lance un syst\u00e8me de pr\u00e9visions oc\u00e9aniques sur l'\u00eele Cocos - SensorialSunsets\",\"isPartOf\":{\"@id\":\"https:\\\/\\\/www.sensorialsunsets.com\\\/fr\\\/#website\"},\"primaryImageOfPage\":{\"@id\":\"https:\\\/\\\/www.sensorialsunsets.com\\\/fr\\\/costa-rica-lance-un-systeme-de-previsions-oceaniques-sur-lile-cocos\\\/#primaryimage\"},\"image\":{\"@id\":\"https:\\\/\\\/www.sensorialsunsets.com\\\/fr\\\/costa-rica-lance-un-systeme-de-previsions-oceaniques-sur-lile-cocos\\\/#primaryimage\"},\"thumbnailUrl\":\"https:\\\/\\\/www.sensorialsunsets.com\\\/wp-content\\\/uploads\\\/2025\\\/06\\\/Isla-del-coco1-1024x576-1.jpg\",\"datePublished\":\"2025-06-06T22:32:20+00:00\",\"description\":\"Costa Rica lance un syst\u00e8me de pr\u00e9vision oc\u00e9anique sur l'\u00eele Cocos afin d'am\u00e9liorer la s\u00e9curit\u00e9 maritime et de pr\u00e9server sa biodiversit\u00e9.\",\"inLanguage\":\"fr-FR\",\"potentialAction\":[{\"@type\":\"ReadAction\",\"target\":[\"https:\\\/\\\/www.sensorialsunsets.com\\\/fr\\\/costa-rica-lance-un-systeme-de-previsions-oceaniques-sur-lile-cocos\\\/\"]}]},{\"@type\":\"ImageObject\",\"inLanguage\":\"fr-FR\",\"@id\":\"https:\\\/\\\/www.sensorialsunsets.com\\\/fr\\\/costa-rica-lance-un-systeme-de-previsions-oceaniques-sur-lile-cocos\\\/#primaryimage\",\"url\":\"https:\\\/\\\/www.sensorialsunsets.com\\\/wp-content\\\/uploads\\\/2025\\\/06\\\/Isla-del-coco1-1024x576-1.jpg\",\"contentUrl\":\"https:\\\/\\\/www.sensorialsunsets.com\\\/wp-content\\\/uploads\\\/2025\\\/06\\\/Isla-del-coco1-1024x576-1.jpg\",\"width\":1024,\"height\":576},{\"@type\":\"WebSite\",\"@id\":\"https:\\\/\\\/www.sensorialsunsets.com\\\/fr\\\/#website\",\"url\":\"https:\\\/\\\/www.sensorialsunsets.com\\\/fr\\\/\",\"name\":\"SensorialSunsets.com\",\"description\":\"D\u00e9couvrez la culture et la soci\u00e9t\u00e9 du Costa Rica sur notre blog. Explorez des articles captivants et partagez le contenu.\",\"publisher\":{\"@id\":\"https:\\\/\\\/www.sensorialsunsets.com\\\/fr\\\/#organization\"},\"alternateName\":\"Costa Rica Live Blog\",\"potentialAction\":[{\"@type\":\"SearchAction\",\"target\":{\"@type\":\"EntryPoint\",\"urlTemplate\":\"https:\\\/\\\/www.sensorialsunsets.com\\\/fr\\\/?s={search_term_string}\"},\"query-input\":{\"@type\":\"PropertyValueSpecification\",\"valueRequired\":true,\"valueName\":\"search_term_string\"}}],\"inLanguage\":\"fr-FR\"},{\"@type\":\"Organization\",\"@id\":\"https:\\\/\\\/www.sensorialsunsets.com\\\/fr\\\/#organization\",\"name\":\"SensorialSunsets\",\"url\":\"https:\\\/\\\/www.sensorialsunsets.com\\\/fr\\\/\",\"logo\":{\"@type\":\"ImageObject\",\"inLanguage\":\"fr-FR\",\"@id\":\"https:\\\/\\\/www.sensorialsunsets.com\\\/fr\\\/#\\\/schema\\\/logo\\\/image\\\/\",\"url\":\"https:\\\/\\\/www.sensorialsunsets.com\\\/wp-content\\\/uploads\\\/2023\\\/04\\\/Logo_base_line_fond_clair.svg\",\"contentUrl\":\"https:\\\/\\\/www.sensorialsunsets.com\\\/wp-content\\\/uploads\\\/2023\\\/04\\\/Logo_base_line_fond_clair.svg\",\"width\":\"1024\",\"height\":\"1024\",\"caption\":\"SensorialSunsets\"},\"image\":{\"@id\":\"https:\\\/\\\/www.sensorialsunsets.com\\\/fr\\\/#\\\/schema\\\/logo\\\/image\\\/\"},\"sameAs\":[\"https:\\\/\\\/www.facebook.com\\\/Sensorial-Sunsets-109180614715562\",\"https:\\\/\\\/www.instagram.com\\\/sensorialsunsets\\\/\"]},{\"@type\":\"Person\",\"@id\":\"https:\\\/\\\/www.sensorialsunsets.com\\\/fr\\\/#\\\/schema\\\/person\\\/77e2fa594135aa94024c47e281d8a94d\",\"name\":\"Sensorial Sunsets\",\"image\":{\"@type\":\"ImageObject\",\"inLanguage\":\"fr-FR\",\"@id\":\"https:\\\/\\\/secure.gravatar.com\\\/avatar\\\/5f2d62681b1dad94c28f1500d4fc75582acdfd32b55fd1acce0a36a3c487eabe?s=96&d=mm&r=g\",\"url\":\"https:\\\/\\\/secure.gravatar.com\\\/avatar\\\/5f2d62681b1dad94c28f1500d4fc75582acdfd32b55fd1acce0a36a3c487eabe?s=96&d=mm&r=g\",\"contentUrl\":\"https:\\\/\\\/secure.gravatar.com\\\/avatar\\\/5f2d62681b1dad94c28f1500d4fc75582acdfd32b55fd1acce0a36a3c487eabe?s=96&d=mm&r=g\",\"caption\":\"Sensorial Sunsets\"},\"url\":\"https:\\\/\\\/www.sensorialsunsets.com\\\/fr\\\/author\\\/asistentes-sensorial-sunsets\\\/\"}]}<\/script>\n<!-- \/ Yoast SEO plugin. -->","yoast_head_json":{"title":"Costa Rica lance un syst\u00e8me de pr\u00e9visions oc\u00e9aniques sur l'\u00eele Cocos - SensorialSunsets","description":"Costa Rica lance un syst\u00e8me de pr\u00e9vision oc\u00e9anique sur l'\u00eele Cocos afin d'am\u00e9liorer la s\u00e9curit\u00e9 maritime et de pr\u00e9server sa biodiversit\u00e9.","robots":{"index":"index","follow":"follow","max-snippet":"max-snippet:-1","max-image-preview":"max-image-preview:large","max-video-preview":"max-video-preview:-1"},"canonical":"https:\/\/www.sensorialsunsets.com\/fr\/costa-rica-lance-un-systeme-de-previsions-oceaniques-sur-lile-cocos\/","og_locale":"fr_FR","og_type":"article","og_title":"Costa Rica lance un syst\u00e8me de pr\u00e9visions oc\u00e9aniques sur l'\u00eele Cocos - SensorialSunsets","og_description":"Costa Rica lance un syst\u00e8me de pr\u00e9vision oc\u00e9anique sur l'\u00eele Cocos afin d'am\u00e9liorer la s\u00e9curit\u00e9 maritime et de pr\u00e9server sa biodiversit\u00e9.","og_url":"https:\/\/www.sensorialsunsets.com\/fr\/costa-rica-lance-un-systeme-de-previsions-oceaniques-sur-lile-cocos\/","og_site_name":"SensorialSunsets","article_publisher":"https:\/\/www.facebook.com\/Sensorial-Sunsets-109180614715562","article_published_time":"2025-06-06T22:32:20+00:00","og_image":[{"width":1024,"height":576,"url":"https:\/\/www.sensorialsunsets.com\/wp-content\/uploads\/2025\/06\/Isla-del-coco1-1024x576-1.jpg","type":"image\/jpeg"}],"author":"Sensorial Sunsets","twitter_card":"summary_large_image","twitter_misc":{"\u00c9crit par":"Sensorial Sunsets","Dur\u00e9e de lecture estim\u00e9e":"4 minutes"},"schema":{"@context":"https:\/\/schema.org","@graph":[{"@type":"Article","@id":"https:\/\/www.sensorialsunsets.com\/fr\/costa-rica-lance-un-systeme-de-previsions-oceaniques-sur-lile-cocos\/#article","isPartOf":{"@id":"https:\/\/www.sensorialsunsets.com\/fr\/costa-rica-lance-un-systeme-de-previsions-oceaniques-sur-lile-cocos\/"},"author":{"name":"Sensorial Sunsets","@id":"https:\/\/www.sensorialsunsets.com\/fr\/#\/schema\/person\/77e2fa594135aa94024c47e281d8a94d"},"headline":"Costa Rica lance un syst\u00e8me de pr\u00e9visions oc\u00e9aniques sur l&rsquo;\u00eele Cocos","datePublished":"2025-06-06T22:32:20+00:00","mainEntityOfPage":{"@id":"https:\/\/www.sensorialsunsets.com\/fr\/costa-rica-lance-un-systeme-de-previsions-oceaniques-sur-lile-cocos\/"},"wordCount":753,"publisher":{"@id":"https:\/\/www.sensorialsunsets.com\/fr\/#organization"},"image":{"@id":"https:\/\/www.sensorialsunsets.com\/fr\/costa-rica-lance-un-systeme-de-previsions-oceaniques-sur-lile-cocos\/#primaryimage"},"thumbnailUrl":"https:\/\/www.sensorialsunsets.com\/wp-content\/uploads\/2025\/06\/Isla-del-coco1-1024x576-1.jpg","articleSection":["Ecologie","Non classifi\u00e9(e)"],"inLanguage":"fr-FR"},{"@type":"WebPage","@id":"https:\/\/www.sensorialsunsets.com\/fr\/costa-rica-lance-un-systeme-de-previsions-oceaniques-sur-lile-cocos\/","url":"https:\/\/www.sensorialsunsets.com\/fr\/costa-rica-lance-un-systeme-de-previsions-oceaniques-sur-lile-cocos\/","name":"Costa Rica lance un syst\u00e8me de pr\u00e9visions oc\u00e9aniques sur l'\u00eele Cocos - SensorialSunsets","isPartOf":{"@id":"https:\/\/www.sensorialsunsets.com\/fr\/#website"},"primaryImageOfPage":{"@id":"https:\/\/www.sensorialsunsets.com\/fr\/costa-rica-lance-un-systeme-de-previsions-oceaniques-sur-lile-cocos\/#primaryimage"},"image":{"@id":"https:\/\/www.sensorialsunsets.com\/fr\/costa-rica-lance-un-systeme-de-previsions-oceaniques-sur-lile-cocos\/#primaryimage"},"thumbnailUrl":"https:\/\/www.sensorialsunsets.com\/wp-content\/uploads\/2025\/06\/Isla-del-coco1-1024x576-1.jpg","datePublished":"2025-06-06T22:32:20+00:00","description":"Costa Rica lance un syst\u00e8me de pr\u00e9vision oc\u00e9anique sur l'\u00eele Cocos afin d'am\u00e9liorer la s\u00e9curit\u00e9 maritime et de pr\u00e9server sa biodiversit\u00e9.","inLanguage":"fr-FR","potentialAction":[{"@type":"ReadAction","target":["https:\/\/www.sensorialsunsets.com\/fr\/costa-rica-lance-un-systeme-de-previsions-oceaniques-sur-lile-cocos\/"]}]},{"@type":"ImageObject","inLanguage":"fr-FR","@id":"https:\/\/www.sensorialsunsets.com\/fr\/costa-rica-lance-un-systeme-de-previsions-oceaniques-sur-lile-cocos\/#primaryimage","url":"https:\/\/www.sensorialsunsets.com\/wp-content\/uploads\/2025\/06\/Isla-del-coco1-1024x576-1.jpg","contentUrl":"https:\/\/www.sensorialsunsets.com\/wp-content\/uploads\/2025\/06\/Isla-del-coco1-1024x576-1.jpg","width":1024,"height":576},{"@type":"WebSite","@id":"https:\/\/www.sensorialsunsets.com\/fr\/#website","url":"https:\/\/www.sensorialsunsets.com\/fr\/","name":"SensorialSunsets.com","description":"D\u00e9couvrez la culture et la soci\u00e9t\u00e9 du Costa Rica sur notre blog. Explorez des articles captivants et partagez le contenu.","publisher":{"@id":"https:\/\/www.sensorialsunsets.com\/fr\/#organization"},"alternateName":"Costa Rica Live Blog","potentialAction":[{"@type":"SearchAction","target":{"@type":"EntryPoint","urlTemplate":"https:\/\/www.sensorialsunsets.com\/fr\/?s={search_term_string}"},"query-input":{"@type":"PropertyValueSpecification","valueRequired":true,"valueName":"search_term_string"}}],"inLanguage":"fr-FR"},{"@type":"Organization","@id":"https:\/\/www.sensorialsunsets.com\/fr\/#organization","name":"SensorialSunsets","url":"https:\/\/www.sensorialsunsets.com\/fr\/","logo":{"@type":"ImageObject","inLanguage":"fr-FR","@id":"https:\/\/www.sensorialsunsets.com\/fr\/#\/schema\/logo\/image\/","url":"https:\/\/www.sensorialsunsets.com\/wp-content\/uploads\/2023\/04\/Logo_base_line_fond_clair.svg","contentUrl":"https:\/\/www.sensorialsunsets.com\/wp-content\/uploads\/2023\/04\/Logo_base_line_fond_clair.svg","width":"1024","height":"1024","caption":"SensorialSunsets"},"image":{"@id":"https:\/\/www.sensorialsunsets.com\/fr\/#\/schema\/logo\/image\/"},"sameAs":["https:\/\/www.facebook.com\/Sensorial-Sunsets-109180614715562","https:\/\/www.instagram.com\/sensorialsunsets\/"]},{"@type":"Person","@id":"https:\/\/www.sensorialsunsets.com\/fr\/#\/schema\/person\/77e2fa594135aa94024c47e281d8a94d","name":"Sensorial Sunsets","image":{"@type":"ImageObject","inLanguage":"fr-FR","@id":"https:\/\/secure.gravatar.com\/avatar\/5f2d62681b1dad94c28f1500d4fc75582acdfd32b55fd1acce0a36a3c487eabe?s=96&d=mm&r=g","url":"https:\/\/secure.gravatar.com\/avatar\/5f2d62681b1dad94c28f1500d4fc75582acdfd32b55fd1acce0a36a3c487eabe?s=96&d=mm&r=g","contentUrl":"https:\/\/secure.gravatar.com\/avatar\/5f2d62681b1dad94c28f1500d4fc75582acdfd32b55fd1acce0a36a3c487eabe?s=96&d=mm&r=g","caption":"Sensorial Sunsets"},"url":"https:\/\/www.sensorialsunsets.com\/fr\/author\/asistentes-sensorial-sunsets\/"}]}},"_links":{"self":[{"href":"https:\/\/www.sensorialsunsets.com\/fr\/wp-json\/wp\/v2\/posts\/22103","targetHints":{"allow":["GET"]}}],"collection":[{"href":"https:\/\/www.sensorialsunsets.com\/fr\/wp-json\/wp\/v2\/posts"}],"about":[{"href":"https:\/\/www.sensorialsunsets.com\/fr\/wp-json\/wp\/v2\/types\/post"}],"author":[{"embeddable":true,"href":"https:\/\/www.sensorialsunsets.com\/fr\/wp-json\/wp\/v2\/users\/4"}],"replies":[{"embeddable":true,"href":"https:\/\/www.sensorialsunsets.com\/fr\/wp-json\/wp\/v2\/comments?post=22103"}],"version-history":[{"count":1,"href":"https:\/\/www.sensorialsunsets.com\/fr\/wp-json\/wp\/v2\/posts\/22103\/revisions"}],"predecessor-version":[{"id":22104,"href":"https:\/\/www.sensorialsunsets.com\/fr\/wp-json\/wp\/v2\/posts\/22103\/revisions\/22104"}],"wp:featuredmedia":[{"embeddable":true,"href":"https:\/\/www.sensorialsunsets.com\/fr\/wp-json\/wp\/v2\/media\/22087"}],"wp:attachment":[{"href":"https:\/\/www.sensorialsunsets.com\/fr\/wp-json\/wp\/v2\/media?parent=22103"}],"wp:term":[{"taxonomy":"category","embeddable":true,"href":"https:\/\/www.sensorialsunsets.com\/fr\/wp-json\/wp\/v2\/categories?post=22103"},{"taxonomy":"post_tag","embeddable":true,"href":"https:\/\/www.sensorialsunsets.com\/fr\/wp-json\/wp\/v2\/tags?post=22103"}],"curies":[{"name":"wp","href":"https:\/\/api.w.org\/{rel}","templated":true}]}}