{"id":22123,"date":"2025-06-09T14:36:14","date_gmt":"2025-06-09T20:36:14","guid":{"rendered":"https:\/\/www.sensorialsunsets.com\/?p=22123"},"modified":"2025-06-09T14:36:14","modified_gmt":"2025-06-09T20:36:14","slug":"dialogues-sur-les-pratiques-artistiques-et-les-plans-deau","status":"publish","type":"post","link":"https:\/\/www.sensorialsunsets.com\/fr\/dialogues-sur-les-pratiques-artistiques-et-les-plans-deau\/","title":{"rendered":"Dialogues sur les pratiques artistiques et les plans d&rsquo;eau"},"content":{"rendered":"\n<p class=\"has-small-font-size\">Dialogues sur les pratiques artistiques et les plans d&rsquo;eau<\/p>\n\n<p><a href=\"https:\/\/www.gamcultural.com\/cr\/p\/ElFarolitoCCE\">Centro Cultural de Espa\u00f1a, CCE<\/a><\/p>\n\n<p class=\"has-small-font-size\">31, rue 11-13, quartier Escalante. &#8211; San Jos\u00e9<\/p>\n\n<p>Dans le cadre de l&rsquo;exposition \u00ab Sumersi\u00f3n : Dialogues artistiques sur l&rsquo;aquatique et l&rsquo;humain \u00bb, une table ronde sera organis\u00e9e afin d&rsquo;approfondir le travail des artistes participantes, avec l&rsquo;eau comme th\u00e8me central d&rsquo;une curation qui entrem\u00eale sensibilit\u00e9s, exp\u00e9riences et positions critiques.<\/p>\n\n<p>Cette rencontre vise \u00e0 \u00e9largir le regard sur les \u0153uvres, en abordant trois dimensions essentielles qui traversent l&rsquo;exposition : l&rsquo;intime, le sensoriel et la d\u00e9nonciation. \u00c0 travers l&rsquo;\u00e9change avec les cr\u00e9atrices, un espace de r\u00e9flexion s&rsquo;ouvrira sur la mani\u00e8re dont l&rsquo;eau n&rsquo;est pas seulement repr\u00e9sent\u00e9e, mais devient un moyen d&rsquo;exploration de l&rsquo;humain.<\/p>\n\n<h3 class=\"wp-block-heading\">Dialogues entre l&rsquo;art et l&rsquo;eau<\/h3>\n\n<p>La dimension <strong>intime et personnelle<\/strong> se manifeste dans des \u0153uvres qui r\u00e9v\u00e8lent des souvenirs, des \u00e9motions et des processus de transformation individuelle. Ici, l&rsquo;eau appara\u00eet comme un miroir symbolique o\u00f9 se projettent identit\u00e9s, fragilit\u00e9s et moments de changement profond. C&rsquo;est une ressource vitale, mais aussi un paysage int\u00e9rieur o\u00f9 se repr\u00e9sentent des exp\u00e9riences universelles \u00e0 partir de r\u00e9cits profond\u00e9ment personnels.<\/p>\n\n<p>Dans la dimension <strong>sensorielle<\/strong>, l&rsquo;accent est mis sur l&rsquo;exp\u00e9rience physique et perceptive. Les pi\u00e8ces invitent \u00e0 contempler la relation entre le corps et l&rsquo;eau, en mettant en \u00e9vidence des ph\u00e9nom\u00e8nes tels que l&rsquo;alt\u00e9ration de la gravit\u00e9, la fluidit\u00e9 du mouvement et les variations de la lumi\u00e8re sous l&rsquo;eau. Cette exploration permet de consid\u00e9rer l&rsquo;eau non seulement comme une substance, mais aussi comme un environnement qui modifie la perception et active une sensibilit\u00e9 diff\u00e9rente, plus proche de la vuln\u00e9rabilit\u00e9 et de la connexion avec l&rsquo;essentiel.<\/p>\n\n<div style=\"height:100px\" aria-hidden=\"true\" class=\"wp-block-spacer\"><\/div>\n\n<figure class=\"wp-block-gallery has-nested-images columns-default is-cropped wp-block-gallery-1 is-layout-flex wp-block-gallery-is-layout-flex\">\n<figure class=\"wp-block-image size-large\"><img loading=\"lazy\" decoding=\"async\" width=\"1024\" height=\"683\" data-id=\"22112\" src=\"https:\/\/www.sensorialsunsets.com\/wp-content\/uploads\/2025\/06\/DSC02786-scaled-1-1024x683.jpg\" alt=\"Dialogues sur les pratiques artistiques et les plans d'eau\" class=\"wp-image-22112\" srcset=\"https:\/\/www.sensorialsunsets.com\/wp-content\/uploads\/2025\/06\/DSC02786-scaled-1-1024x683.jpg 1024w, https:\/\/www.sensorialsunsets.com\/wp-content\/uploads\/2025\/06\/DSC02786-scaled-1-300x200.jpg 300w, https:\/\/www.sensorialsunsets.com\/wp-content\/uploads\/2025\/06\/DSC02786-scaled-1-768x512.jpg 768w, https:\/\/www.sensorialsunsets.com\/wp-content\/uploads\/2025\/06\/DSC02786-scaled-1-1536x1024.jpg 1536w, https:\/\/www.sensorialsunsets.com\/wp-content\/uploads\/2025\/06\/DSC02786-scaled-1-2048x1366.jpg 2048w, https:\/\/www.sensorialsunsets.com\/wp-content\/uploads\/2025\/06\/DSC02786-scaled-1-334x222.jpg 334w, https:\/\/www.sensorialsunsets.com\/wp-content\/uploads\/2025\/06\/DSC02786-scaled-1-1320x880.jpg 1320w\" sizes=\"auto, (max-width: 1024px) 100vw, 1024px\" \/><\/figure>\n\n\n\n<figure class=\"wp-block-image size-large\"><img loading=\"lazy\" decoding=\"async\" width=\"1024\" height=\"683\" data-id=\"22115\" src=\"https:\/\/www.sensorialsunsets.com\/wp-content\/uploads\/2025\/06\/DSC02795-scaled-1-1024x683.jpg\" alt=\"Dialogues sur les pratiques artistiques et les plans d'eau\" class=\"wp-image-22115\" srcset=\"https:\/\/www.sensorialsunsets.com\/wp-content\/uploads\/2025\/06\/DSC02795-scaled-1-1024x683.jpg 1024w, https:\/\/www.sensorialsunsets.com\/wp-content\/uploads\/2025\/06\/DSC02795-scaled-1-300x200.jpg 300w, https:\/\/www.sensorialsunsets.com\/wp-content\/uploads\/2025\/06\/DSC02795-scaled-1-768x512.jpg 768w, https:\/\/www.sensorialsunsets.com\/wp-content\/uploads\/2025\/06\/DSC02795-scaled-1-1536x1024.jpg 1536w, https:\/\/www.sensorialsunsets.com\/wp-content\/uploads\/2025\/06\/DSC02795-scaled-1-2048x1366.jpg 2048w, https:\/\/www.sensorialsunsets.com\/wp-content\/uploads\/2025\/06\/DSC02795-scaled-1-334x222.jpg 334w, https:\/\/www.sensorialsunsets.com\/wp-content\/uploads\/2025\/06\/DSC02795-scaled-1-1320x880.jpg 1320w\" sizes=\"auto, (max-width: 1024px) 100vw, 1024px\" \/><\/figure>\n\n\n\n<figure class=\"wp-block-image size-large\"><img loading=\"lazy\" decoding=\"async\" width=\"1024\" height=\"683\" data-id=\"22106\" src=\"https:\/\/www.sensorialsunsets.com\/wp-content\/uploads\/2025\/06\/IMG_5386-scaled-1-1024x683.jpg\" alt=\"Dialogues sur les pratiques artistiques et les plans d'eau\" class=\"wp-image-22106\" srcset=\"https:\/\/www.sensorialsunsets.com\/wp-content\/uploads\/2025\/06\/IMG_5386-scaled-1-1024x683.jpg 1024w, https:\/\/www.sensorialsunsets.com\/wp-content\/uploads\/2025\/06\/IMG_5386-scaled-1-300x200.jpg 300w, https:\/\/www.sensorialsunsets.com\/wp-content\/uploads\/2025\/06\/IMG_5386-scaled-1-768x512.jpg 768w, https:\/\/www.sensorialsunsets.com\/wp-content\/uploads\/2025\/06\/IMG_5386-scaled-1-1536x1024.jpg 1536w, https:\/\/www.sensorialsunsets.com\/wp-content\/uploads\/2025\/06\/IMG_5386-scaled-1-2048x1366.jpg 2048w, https:\/\/www.sensorialsunsets.com\/wp-content\/uploads\/2025\/06\/IMG_5386-scaled-1-334x222.jpg 334w, https:\/\/www.sensorialsunsets.com\/wp-content\/uploads\/2025\/06\/IMG_5386-scaled-1-1320x880.jpg 1320w\" sizes=\"auto, (max-width: 1024px) 100vw, 1024px\" \/><\/figure>\n<\/figure>\n\n<div style=\"height:100px\" aria-hidden=\"true\" class=\"wp-block-spacer\"><\/div>\n\n<p>Enfin, la dimension <strong>de d\u00e9nonciation \u00e9cologique<\/strong> prend de l&rsquo;ampleur \u00e0 travers des \u0153uvres qui confrontent la crise de l&rsquo;eau et la d\u00e9vastation des \u00e9cosyst\u00e8mes marins. Les artistes abordent, \u00e0 travers diff\u00e9rents langages visuels et conceptuels, la probl\u00e9matique de la consommation excessive, de la pollution et de la d\u00e9connexion avec la nature. En ce sens, leurs \u0153uvres ne se contentent pas d&rsquo;alerter, elles invitent \u00e0 repenser notre relation \u00e0 l&rsquo;environnement, \u00e0 travers une critique ouverte ou des gestes plus introspectifs qui interpellent la conscience environnementale.<\/p>\n\n<p>Ce d\u00e9bat est l&rsquo;occasion d&rsquo;\u00e9couter les artistes s&rsquo;exprimer, de comprendre les motivations qui sous-tendent leurs \u0153uvres et de discuter d&rsquo;un \u00e9l\u00e9ment qui, au-del\u00e0 de sa pr\u00e9sence physique, habite nos souvenirs, nos sens et nos responsabilit\u00e9s communes.<\/p>\n\n<p><strong>Sensorial Sunsets<\/strong><\/p>\n","protected":false},"excerpt":{"rendered":"<p>Dialogues sur les pratiques artistiques et les plans d&rsquo;eau Centro Cultural de Espa\u00f1a, CCE 31, rue 11-13, quartier Escalante. &#8211; San Jos\u00e9 Dans le cadre de l&rsquo;exposition \u00ab Sumersi\u00f3n : Dialogues artistiques sur l&rsquo;aquatique et l&rsquo;humain \u00bb, une table ronde sera organis\u00e9e afin d&rsquo;approfondir le travail des artistes participantes, avec l&rsquo;eau comme th\u00e8me central d&rsquo;une [&hellip;]<\/p>\n","protected":false},"author":4,"featured_media":22111,"comment_status":"closed","ping_status":"closed","sticky":false,"template":"","format":"standard","meta":{"_acf_changed":false,"inline_featured_image":false,"_monsterinsights_skip_tracking":false,"_monsterinsights_sitenote_active":false,"_monsterinsights_sitenote_note":"","_monsterinsights_sitenote_category":0,"footnotes":""},"categories":[1],"tags":[],"class_list":["post-22123","post","type-post","status-publish","format-standard","has-post-thumbnail","hentry","category-non-classifiee"],"acf":[],"yoast_head":"<!-- This site is optimized with the Yoast SEO plugin v27.4 - https:\/\/yoast.com\/product\/yoast-seo-wordpress\/ -->\n<title>Dialogues sur les pratiques artistiques et les plans d&#039;eau - SensorialSunsets<\/title>\n<meta name=\"description\" content=\"Dialogues entre l\u2019art et l\u2019univers aquatique, \u00e0 travers les \u0153uvres d\u2019artistes explorant l\u2019intimit\u00e9 et la d\u00e9nonciation \u00e9cologique.\" \/>\n<meta name=\"robots\" content=\"index, follow, max-snippet:-1, max-image-preview:large, max-video-preview:-1\" \/>\n<link rel=\"canonical\" href=\"https:\/\/www.sensorialsunsets.com\/fr\/dialogues-sur-les-pratiques-artistiques-et-les-plans-deau\/\" \/>\n<meta property=\"og:locale\" content=\"fr_FR\" \/>\n<meta property=\"og:type\" content=\"article\" \/>\n<meta property=\"og:title\" content=\"Dialogues sur les pratiques artistiques et les plans d&#039;eau - SensorialSunsets\" \/>\n<meta property=\"og:description\" content=\"Dialogues entre l\u2019art et l\u2019univers aquatique, \u00e0 travers les \u0153uvres d\u2019artistes explorant l\u2019intimit\u00e9 et la d\u00e9nonciation \u00e9cologique.\" \/>\n<meta property=\"og:url\" content=\"https:\/\/www.sensorialsunsets.com\/fr\/dialogues-sur-les-pratiques-artistiques-et-les-plans-deau\/\" \/>\n<meta property=\"og:site_name\" content=\"SensorialSunsets\" \/>\n<meta property=\"article:publisher\" content=\"https:\/\/www.facebook.com\/Sensorial-Sunsets-109180614715562\" \/>\n<meta property=\"article:published_time\" content=\"2025-06-09T20:36:14+00:00\" \/>\n<meta property=\"og:image\" content=\"https:\/\/www.sensorialsunsets.com\/wp-content\/uploads\/2025\/06\/IMG_5455-scaled-1.jpg\" \/>\n\t<meta property=\"og:image:width\" content=\"2560\" \/>\n\t<meta property=\"og:image:height\" content=\"1707\" \/>\n\t<meta property=\"og:image:type\" content=\"image\/jpeg\" \/>\n<meta name=\"author\" content=\"Sensorial Sunsets\" \/>\n<meta name=\"twitter:card\" content=\"summary_large_image\" \/>\n<meta name=\"twitter:label1\" content=\"\u00c9crit par\" \/>\n\t<meta name=\"twitter:data1\" content=\"Sensorial Sunsets\" \/>\n\t<meta name=\"twitter:label2\" content=\"Dur\u00e9e de lecture estim\u00e9e\" \/>\n\t<meta name=\"twitter:data2\" content=\"2 minutes\" \/>\n<script type=\"application\/ld+json\" class=\"yoast-schema-graph\">{\"@context\":\"https:\\\/\\\/schema.org\",\"@graph\":[{\"@type\":\"Article\",\"@id\":\"https:\\\/\\\/www.sensorialsunsets.com\\\/fr\\\/dialogues-sur-les-pratiques-artistiques-et-les-plans-deau\\\/#article\",\"isPartOf\":{\"@id\":\"https:\\\/\\\/www.sensorialsunsets.com\\\/fr\\\/dialogues-sur-les-pratiques-artistiques-et-les-plans-deau\\\/\"},\"author\":{\"name\":\"Sensorial Sunsets\",\"@id\":\"https:\\\/\\\/www.sensorialsunsets.com\\\/fr\\\/#\\\/schema\\\/person\\\/77e2fa594135aa94024c47e281d8a94d\"},\"headline\":\"Dialogues sur les pratiques artistiques et les plans d&rsquo;eau\",\"datePublished\":\"2025-06-09T20:36:14+00:00\",\"mainEntityOfPage\":{\"@id\":\"https:\\\/\\\/www.sensorialsunsets.com\\\/fr\\\/dialogues-sur-les-pratiques-artistiques-et-les-plans-deau\\\/\"},\"wordCount\":458,\"publisher\":{\"@id\":\"https:\\\/\\\/www.sensorialsunsets.com\\\/fr\\\/#organization\"},\"image\":{\"@id\":\"https:\\\/\\\/www.sensorialsunsets.com\\\/fr\\\/dialogues-sur-les-pratiques-artistiques-et-les-plans-deau\\\/#primaryimage\"},\"thumbnailUrl\":\"https:\\\/\\\/www.sensorialsunsets.com\\\/wp-content\\\/uploads\\\/2025\\\/06\\\/IMG_5455-scaled-1.jpg\",\"articleSection\":[\"Non classifi\u00e9(e)\"],\"inLanguage\":\"fr-FR\"},{\"@type\":\"WebPage\",\"@id\":\"https:\\\/\\\/www.sensorialsunsets.com\\\/fr\\\/dialogues-sur-les-pratiques-artistiques-et-les-plans-deau\\\/\",\"url\":\"https:\\\/\\\/www.sensorialsunsets.com\\\/fr\\\/dialogues-sur-les-pratiques-artistiques-et-les-plans-deau\\\/\",\"name\":\"Dialogues sur les pratiques artistiques et les plans d'eau - SensorialSunsets\",\"isPartOf\":{\"@id\":\"https:\\\/\\\/www.sensorialsunsets.com\\\/fr\\\/#website\"},\"primaryImageOfPage\":{\"@id\":\"https:\\\/\\\/www.sensorialsunsets.com\\\/fr\\\/dialogues-sur-les-pratiques-artistiques-et-les-plans-deau\\\/#primaryimage\"},\"image\":{\"@id\":\"https:\\\/\\\/www.sensorialsunsets.com\\\/fr\\\/dialogues-sur-les-pratiques-artistiques-et-les-plans-deau\\\/#primaryimage\"},\"thumbnailUrl\":\"https:\\\/\\\/www.sensorialsunsets.com\\\/wp-content\\\/uploads\\\/2025\\\/06\\\/IMG_5455-scaled-1.jpg\",\"datePublished\":\"2025-06-09T20:36:14+00:00\",\"description\":\"Dialogues entre l\u2019art et l\u2019univers aquatique, \u00e0 travers les \u0153uvres d\u2019artistes explorant l\u2019intimit\u00e9 et la d\u00e9nonciation \u00e9cologique.\",\"inLanguage\":\"fr-FR\",\"potentialAction\":[{\"@type\":\"ReadAction\",\"target\":[\"https:\\\/\\\/www.sensorialsunsets.com\\\/fr\\\/dialogues-sur-les-pratiques-artistiques-et-les-plans-deau\\\/\"]}]},{\"@type\":\"ImageObject\",\"inLanguage\":\"fr-FR\",\"@id\":\"https:\\\/\\\/www.sensorialsunsets.com\\\/fr\\\/dialogues-sur-les-pratiques-artistiques-et-les-plans-deau\\\/#primaryimage\",\"url\":\"https:\\\/\\\/www.sensorialsunsets.com\\\/wp-content\\\/uploads\\\/2025\\\/06\\\/IMG_5455-scaled-1.jpg\",\"contentUrl\":\"https:\\\/\\\/www.sensorialsunsets.com\\\/wp-content\\\/uploads\\\/2025\\\/06\\\/IMG_5455-scaled-1.jpg\",\"width\":2560,\"height\":1707},{\"@type\":\"WebSite\",\"@id\":\"https:\\\/\\\/www.sensorialsunsets.com\\\/fr\\\/#website\",\"url\":\"https:\\\/\\\/www.sensorialsunsets.com\\\/fr\\\/\",\"name\":\"SensorialSunsets.com\",\"description\":\"D\u00e9couvrez la culture et la soci\u00e9t\u00e9 du Costa Rica sur notre blog. Explorez des articles captivants et partagez le contenu.\",\"publisher\":{\"@id\":\"https:\\\/\\\/www.sensorialsunsets.com\\\/fr\\\/#organization\"},\"alternateName\":\"Costa Rica Live Blog\",\"potentialAction\":[{\"@type\":\"SearchAction\",\"target\":{\"@type\":\"EntryPoint\",\"urlTemplate\":\"https:\\\/\\\/www.sensorialsunsets.com\\\/fr\\\/?s={search_term_string}\"},\"query-input\":{\"@type\":\"PropertyValueSpecification\",\"valueRequired\":true,\"valueName\":\"search_term_string\"}}],\"inLanguage\":\"fr-FR\"},{\"@type\":\"Organization\",\"@id\":\"https:\\\/\\\/www.sensorialsunsets.com\\\/fr\\\/#organization\",\"name\":\"SensorialSunsets\",\"url\":\"https:\\\/\\\/www.sensorialsunsets.com\\\/fr\\\/\",\"logo\":{\"@type\":\"ImageObject\",\"inLanguage\":\"fr-FR\",\"@id\":\"https:\\\/\\\/www.sensorialsunsets.com\\\/fr\\\/#\\\/schema\\\/logo\\\/image\\\/\",\"url\":\"https:\\\/\\\/www.sensorialsunsets.com\\\/wp-content\\\/uploads\\\/2023\\\/04\\\/Logo_base_line_fond_clair.svg\",\"contentUrl\":\"https:\\\/\\\/www.sensorialsunsets.com\\\/wp-content\\\/uploads\\\/2023\\\/04\\\/Logo_base_line_fond_clair.svg\",\"width\":\"1024\",\"height\":\"1024\",\"caption\":\"SensorialSunsets\"},\"image\":{\"@id\":\"https:\\\/\\\/www.sensorialsunsets.com\\\/fr\\\/#\\\/schema\\\/logo\\\/image\\\/\"},\"sameAs\":[\"https:\\\/\\\/www.facebook.com\\\/Sensorial-Sunsets-109180614715562\",\"https:\\\/\\\/www.instagram.com\\\/sensorialsunsets\\\/\"]},{\"@type\":\"Person\",\"@id\":\"https:\\\/\\\/www.sensorialsunsets.com\\\/fr\\\/#\\\/schema\\\/person\\\/77e2fa594135aa94024c47e281d8a94d\",\"name\":\"Sensorial Sunsets\",\"image\":{\"@type\":\"ImageObject\",\"inLanguage\":\"fr-FR\",\"@id\":\"https:\\\/\\\/secure.gravatar.com\\\/avatar\\\/5f2d62681b1dad94c28f1500d4fc75582acdfd32b55fd1acce0a36a3c487eabe?s=96&d=mm&r=g\",\"url\":\"https:\\\/\\\/secure.gravatar.com\\\/avatar\\\/5f2d62681b1dad94c28f1500d4fc75582acdfd32b55fd1acce0a36a3c487eabe?s=96&d=mm&r=g\",\"contentUrl\":\"https:\\\/\\\/secure.gravatar.com\\\/avatar\\\/5f2d62681b1dad94c28f1500d4fc75582acdfd32b55fd1acce0a36a3c487eabe?s=96&d=mm&r=g\",\"caption\":\"Sensorial Sunsets\"},\"url\":\"https:\\\/\\\/www.sensorialsunsets.com\\\/fr\\\/author\\\/asistentes-sensorial-sunsets\\\/\"}]}<\/script>\n<!-- \/ Yoast SEO plugin. -->","yoast_head_json":{"title":"Dialogues sur les pratiques artistiques et les plans d'eau - SensorialSunsets","description":"Dialogues entre l\u2019art et l\u2019univers aquatique, \u00e0 travers les \u0153uvres d\u2019artistes explorant l\u2019intimit\u00e9 et la d\u00e9nonciation \u00e9cologique.","robots":{"index":"index","follow":"follow","max-snippet":"max-snippet:-1","max-image-preview":"max-image-preview:large","max-video-preview":"max-video-preview:-1"},"canonical":"https:\/\/www.sensorialsunsets.com\/fr\/dialogues-sur-les-pratiques-artistiques-et-les-plans-deau\/","og_locale":"fr_FR","og_type":"article","og_title":"Dialogues sur les pratiques artistiques et les plans d'eau - SensorialSunsets","og_description":"Dialogues entre l\u2019art et l\u2019univers aquatique, \u00e0 travers les \u0153uvres d\u2019artistes explorant l\u2019intimit\u00e9 et la d\u00e9nonciation \u00e9cologique.","og_url":"https:\/\/www.sensorialsunsets.com\/fr\/dialogues-sur-les-pratiques-artistiques-et-les-plans-deau\/","og_site_name":"SensorialSunsets","article_publisher":"https:\/\/www.facebook.com\/Sensorial-Sunsets-109180614715562","article_published_time":"2025-06-09T20:36:14+00:00","og_image":[{"width":2560,"height":1707,"url":"https:\/\/www.sensorialsunsets.com\/wp-content\/uploads\/2025\/06\/IMG_5455-scaled-1.jpg","type":"image\/jpeg"}],"author":"Sensorial Sunsets","twitter_card":"summary_large_image","twitter_misc":{"\u00c9crit par":"Sensorial Sunsets","Dur\u00e9e de lecture estim\u00e9e":"2 minutes"},"schema":{"@context":"https:\/\/schema.org","@graph":[{"@type":"Article","@id":"https:\/\/www.sensorialsunsets.com\/fr\/dialogues-sur-les-pratiques-artistiques-et-les-plans-deau\/#article","isPartOf":{"@id":"https:\/\/www.sensorialsunsets.com\/fr\/dialogues-sur-les-pratiques-artistiques-et-les-plans-deau\/"},"author":{"name":"Sensorial Sunsets","@id":"https:\/\/www.sensorialsunsets.com\/fr\/#\/schema\/person\/77e2fa594135aa94024c47e281d8a94d"},"headline":"Dialogues sur les pratiques artistiques et les plans d&rsquo;eau","datePublished":"2025-06-09T20:36:14+00:00","mainEntityOfPage":{"@id":"https:\/\/www.sensorialsunsets.com\/fr\/dialogues-sur-les-pratiques-artistiques-et-les-plans-deau\/"},"wordCount":458,"publisher":{"@id":"https:\/\/www.sensorialsunsets.com\/fr\/#organization"},"image":{"@id":"https:\/\/www.sensorialsunsets.com\/fr\/dialogues-sur-les-pratiques-artistiques-et-les-plans-deau\/#primaryimage"},"thumbnailUrl":"https:\/\/www.sensorialsunsets.com\/wp-content\/uploads\/2025\/06\/IMG_5455-scaled-1.jpg","articleSection":["Non classifi\u00e9(e)"],"inLanguage":"fr-FR"},{"@type":"WebPage","@id":"https:\/\/www.sensorialsunsets.com\/fr\/dialogues-sur-les-pratiques-artistiques-et-les-plans-deau\/","url":"https:\/\/www.sensorialsunsets.com\/fr\/dialogues-sur-les-pratiques-artistiques-et-les-plans-deau\/","name":"Dialogues sur les pratiques artistiques et les plans d'eau - SensorialSunsets","isPartOf":{"@id":"https:\/\/www.sensorialsunsets.com\/fr\/#website"},"primaryImageOfPage":{"@id":"https:\/\/www.sensorialsunsets.com\/fr\/dialogues-sur-les-pratiques-artistiques-et-les-plans-deau\/#primaryimage"},"image":{"@id":"https:\/\/www.sensorialsunsets.com\/fr\/dialogues-sur-les-pratiques-artistiques-et-les-plans-deau\/#primaryimage"},"thumbnailUrl":"https:\/\/www.sensorialsunsets.com\/wp-content\/uploads\/2025\/06\/IMG_5455-scaled-1.jpg","datePublished":"2025-06-09T20:36:14+00:00","description":"Dialogues entre l\u2019art et l\u2019univers aquatique, \u00e0 travers les \u0153uvres d\u2019artistes explorant l\u2019intimit\u00e9 et la d\u00e9nonciation \u00e9cologique.","inLanguage":"fr-FR","potentialAction":[{"@type":"ReadAction","target":["https:\/\/www.sensorialsunsets.com\/fr\/dialogues-sur-les-pratiques-artistiques-et-les-plans-deau\/"]}]},{"@type":"ImageObject","inLanguage":"fr-FR","@id":"https:\/\/www.sensorialsunsets.com\/fr\/dialogues-sur-les-pratiques-artistiques-et-les-plans-deau\/#primaryimage","url":"https:\/\/www.sensorialsunsets.com\/wp-content\/uploads\/2025\/06\/IMG_5455-scaled-1.jpg","contentUrl":"https:\/\/www.sensorialsunsets.com\/wp-content\/uploads\/2025\/06\/IMG_5455-scaled-1.jpg","width":2560,"height":1707},{"@type":"WebSite","@id":"https:\/\/www.sensorialsunsets.com\/fr\/#website","url":"https:\/\/www.sensorialsunsets.com\/fr\/","name":"SensorialSunsets.com","description":"D\u00e9couvrez la culture et la soci\u00e9t\u00e9 du Costa Rica sur notre blog. Explorez des articles captivants et partagez le contenu.","publisher":{"@id":"https:\/\/www.sensorialsunsets.com\/fr\/#organization"},"alternateName":"Costa Rica Live Blog","potentialAction":[{"@type":"SearchAction","target":{"@type":"EntryPoint","urlTemplate":"https:\/\/www.sensorialsunsets.com\/fr\/?s={search_term_string}"},"query-input":{"@type":"PropertyValueSpecification","valueRequired":true,"valueName":"search_term_string"}}],"inLanguage":"fr-FR"},{"@type":"Organization","@id":"https:\/\/www.sensorialsunsets.com\/fr\/#organization","name":"SensorialSunsets","url":"https:\/\/www.sensorialsunsets.com\/fr\/","logo":{"@type":"ImageObject","inLanguage":"fr-FR","@id":"https:\/\/www.sensorialsunsets.com\/fr\/#\/schema\/logo\/image\/","url":"https:\/\/www.sensorialsunsets.com\/wp-content\/uploads\/2023\/04\/Logo_base_line_fond_clair.svg","contentUrl":"https:\/\/www.sensorialsunsets.com\/wp-content\/uploads\/2023\/04\/Logo_base_line_fond_clair.svg","width":"1024","height":"1024","caption":"SensorialSunsets"},"image":{"@id":"https:\/\/www.sensorialsunsets.com\/fr\/#\/schema\/logo\/image\/"},"sameAs":["https:\/\/www.facebook.com\/Sensorial-Sunsets-109180614715562","https:\/\/www.instagram.com\/sensorialsunsets\/"]},{"@type":"Person","@id":"https:\/\/www.sensorialsunsets.com\/fr\/#\/schema\/person\/77e2fa594135aa94024c47e281d8a94d","name":"Sensorial Sunsets","image":{"@type":"ImageObject","inLanguage":"fr-FR","@id":"https:\/\/secure.gravatar.com\/avatar\/5f2d62681b1dad94c28f1500d4fc75582acdfd32b55fd1acce0a36a3c487eabe?s=96&d=mm&r=g","url":"https:\/\/secure.gravatar.com\/avatar\/5f2d62681b1dad94c28f1500d4fc75582acdfd32b55fd1acce0a36a3c487eabe?s=96&d=mm&r=g","contentUrl":"https:\/\/secure.gravatar.com\/avatar\/5f2d62681b1dad94c28f1500d4fc75582acdfd32b55fd1acce0a36a3c487eabe?s=96&d=mm&r=g","caption":"Sensorial Sunsets"},"url":"https:\/\/www.sensorialsunsets.com\/fr\/author\/asistentes-sensorial-sunsets\/"}]}},"_links":{"self":[{"href":"https:\/\/www.sensorialsunsets.com\/fr\/wp-json\/wp\/v2\/posts\/22123","targetHints":{"allow":["GET"]}}],"collection":[{"href":"https:\/\/www.sensorialsunsets.com\/fr\/wp-json\/wp\/v2\/posts"}],"about":[{"href":"https:\/\/www.sensorialsunsets.com\/fr\/wp-json\/wp\/v2\/types\/post"}],"author":[{"embeddable":true,"href":"https:\/\/www.sensorialsunsets.com\/fr\/wp-json\/wp\/v2\/users\/4"}],"replies":[{"embeddable":true,"href":"https:\/\/www.sensorialsunsets.com\/fr\/wp-json\/wp\/v2\/comments?post=22123"}],"version-history":[{"count":1,"href":"https:\/\/www.sensorialsunsets.com\/fr\/wp-json\/wp\/v2\/posts\/22123\/revisions"}],"predecessor-version":[{"id":22124,"href":"https:\/\/www.sensorialsunsets.com\/fr\/wp-json\/wp\/v2\/posts\/22123\/revisions\/22124"}],"wp:featuredmedia":[{"embeddable":true,"href":"https:\/\/www.sensorialsunsets.com\/fr\/wp-json\/wp\/v2\/media\/22111"}],"wp:attachment":[{"href":"https:\/\/www.sensorialsunsets.com\/fr\/wp-json\/wp\/v2\/media?parent=22123"}],"wp:term":[{"taxonomy":"category","embeddable":true,"href":"https:\/\/www.sensorialsunsets.com\/fr\/wp-json\/wp\/v2\/categories?post=22123"},{"taxonomy":"post_tag","embeddable":true,"href":"https:\/\/www.sensorialsunsets.com\/fr\/wp-json\/wp\/v2\/tags?post=22123"}],"curies":[{"name":"wp","href":"https:\/\/api.w.org\/{rel}","templated":true}]}}