{"id":22147,"date":"2025-06-13T02:27:48","date_gmt":"2025-06-13T08:27:48","guid":{"rendered":"https:\/\/www.sensorialsunsets.com\/?p=22147"},"modified":"2025-06-13T02:27:48","modified_gmt":"2025-06-13T08:27:48","slug":"solstice-de-juin-le-jour-le-plus-long-et-le-plus-court-de-lannee","status":"publish","type":"post","link":"https:\/\/www.sensorialsunsets.com\/fr\/solstice-de-juin-le-jour-le-plus-long-et-le-plus-court-de-lannee\/","title":{"rendered":"Solstice de juin : le jour le plus long (et le plus court) de l&rsquo;ann\u00e9e"},"content":{"rendered":"\n<p>Chaque ann\u00e9e, la plan\u00e8te Terre conna\u00eet deux solstices : l&rsquo;un en juin et l&rsquo;autre en d\u00e9cembre. Le <strong>solstice de juin<\/strong>, en particulier, marque un moment astronomique cl\u00e9, lorsque le Soleil atteint son point le plus septentrional dans le ciel. Cela donne lieu au <strong>jour le plus long de l&rsquo;ann\u00e9e dans l&rsquo;h\u00e9misph\u00e8re nord<\/strong> et, \u00e0 l&rsquo;inverse, au <strong>jour le plus court dans l&rsquo;h\u00e9misph\u00e8re sud<\/strong>.<\/p>\n\n<h3 class=\"wp-block-heading\">Que se passe-t-il pendant le solstice de juin ?<\/h3>\n\n<p>Le <strong>solstice de juin<\/strong> se produit lorsque le <strong>Soleil se trouve directement au-dessus du tropique du Cancer<\/strong>, une ligne imaginaire situ\u00e9e \u00e0 environ 23,4\u00b0 de latitude nord. C&rsquo;est la latitude la plus septentrionale atteinte par le Soleil au cours de l&rsquo;ann\u00e9e, avant de commencer son apparente descente vers le sud.<\/p>\n\n<p>Dans 2025, cet \u00e9v\u00e9nement astronomique aura lieu le <strong>vendredi 20 juin \u00e0 20 h 42 CST \u00e0 San Jos\u00e9, au Costa Rica<\/strong>, ce qui correspond au <strong>samedi 21 juin \u00e0 2 h 42 UTC<\/strong>.<\/p>\n\n<h3 class=\"wp-block-heading\">Lumi\u00e8re pour (presque) tous<\/h3>\n\n<p>Vers le solstice de juin, environ <strong>99 % de la population mondiale peut voir la lumi\u00e8re du soleil en m\u00eame temps<\/strong>, gr\u00e2ce \u00e0 l&rsquo;inclinaison de la Terre et \u00e0 sa position orbitale.<\/p>\n\n<p>Dans l&rsquo;h\u00e9misph\u00e8re nord, le solstice marque le jour o\u00f9 la dur\u00e9e d&rsquo;ensoleillement est la plus longue, ce qui est particuli\u00e8rement remarquable dans les r\u00e9gions \u00e9loign\u00e9es de l&rsquo;\u00e9quateur.\u00c0 l&rsquo;int\u00e9rieur du cercle polaire arctique, le soleil ne se couche pas du tout : ce ph\u00e9nom\u00e8ne est connu sous le nom de \u00ab soleil de minuit \u00bb.<\/p>\n\n<div style=\"height:100px\" aria-hidden=\"true\" class=\"wp-block-spacer\"><\/div>\n\n<figure class=\"wp-block-gallery has-nested-images columns-default is-cropped wp-block-gallery-1 is-layout-flex wp-block-gallery-is-layout-flex\">\n<figure class=\"wp-block-image size-large\"><img loading=\"lazy\" decoding=\"async\" width=\"1024\" height=\"683\" data-id=\"22134\" src=\"https:\/\/www.sensorialsunsets.com\/wp-content\/uploads\/2025\/06\/Solsticio-de-junio4-1024x683.jpg\" alt=\"Solstice de juin\" class=\"wp-image-22134\" srcset=\"https:\/\/www.sensorialsunsets.com\/wp-content\/uploads\/2025\/06\/Solsticio-de-junio4-1024x683.jpg 1024w, https:\/\/www.sensorialsunsets.com\/wp-content\/uploads\/2025\/06\/Solsticio-de-junio4-300x200.jpg 300w, https:\/\/www.sensorialsunsets.com\/wp-content\/uploads\/2025\/06\/Solsticio-de-junio4-768x512.jpg 768w, https:\/\/www.sensorialsunsets.com\/wp-content\/uploads\/2025\/06\/Solsticio-de-junio4-1536x1024.jpg 1536w, https:\/\/www.sensorialsunsets.com\/wp-content\/uploads\/2025\/06\/Solsticio-de-junio4-2048x1365.jpg 2048w, https:\/\/www.sensorialsunsets.com\/wp-content\/uploads\/2025\/06\/Solsticio-de-junio4-334x222.jpg 334w, https:\/\/www.sensorialsunsets.com\/wp-content\/uploads\/2025\/06\/Solsticio-de-junio4-1320x880.jpg 1320w\" sizes=\"auto, (max-width: 1024px) 100vw, 1024px\" \/><\/figure>\n\n\n\n<figure class=\"wp-block-image size-large\"><img loading=\"lazy\" decoding=\"async\" width=\"683\" height=\"1024\" data-id=\"22131\" src=\"https:\/\/www.sensorialsunsets.com\/wp-content\/uploads\/2025\/06\/Solsticio-de-junio3-683x1024.jpg\" alt=\"Solstice de juin\" class=\"wp-image-22131\" srcset=\"https:\/\/www.sensorialsunsets.com\/wp-content\/uploads\/2025\/06\/Solsticio-de-junio3-683x1024.jpg 683w, https:\/\/www.sensorialsunsets.com\/wp-content\/uploads\/2025\/06\/Solsticio-de-junio3-200x300.jpg 200w, https:\/\/www.sensorialsunsets.com\/wp-content\/uploads\/2025\/06\/Solsticio-de-junio3-768x1152.jpg 768w, https:\/\/www.sensorialsunsets.com\/wp-content\/uploads\/2025\/06\/Solsticio-de-junio3-1024x1536.jpg 1024w, https:\/\/www.sensorialsunsets.com\/wp-content\/uploads\/2025\/06\/Solsticio-de-junio3-1365x2048.jpg 1365w, https:\/\/www.sensorialsunsets.com\/wp-content\/uploads\/2025\/06\/Solsticio-de-junio3-1320x1980.jpg 1320w, https:\/\/www.sensorialsunsets.com\/wp-content\/uploads\/2025\/06\/Solsticio-de-junio3-scaled.jpg 1707w\" sizes=\"auto, (max-width: 683px) 100vw, 683px\" \/><\/figure>\n\n\n\n<figure class=\"wp-block-image size-large\"><img loading=\"lazy\" decoding=\"async\" width=\"1024\" height=\"683\" data-id=\"22140\" src=\"https:\/\/www.sensorialsunsets.com\/wp-content\/uploads\/2025\/06\/Solsticio-de-junio-1024x683.jpg\" alt=\"Solstice de juin\" class=\"wp-image-22140\" srcset=\"https:\/\/www.sensorialsunsets.com\/wp-content\/uploads\/2025\/06\/Solsticio-de-junio-1024x683.jpg 1024w, https:\/\/www.sensorialsunsets.com\/wp-content\/uploads\/2025\/06\/Solsticio-de-junio-300x200.jpg 300w, https:\/\/www.sensorialsunsets.com\/wp-content\/uploads\/2025\/06\/Solsticio-de-junio-768x512.jpg 768w, https:\/\/www.sensorialsunsets.com\/wp-content\/uploads\/2025\/06\/Solsticio-de-junio-1536x1024.jpg 1536w, https:\/\/www.sensorialsunsets.com\/wp-content\/uploads\/2025\/06\/Solsticio-de-junio-2048x1365.jpg 2048w, https:\/\/www.sensorialsunsets.com\/wp-content\/uploads\/2025\/06\/Solsticio-de-junio-334x222.jpg 334w, https:\/\/www.sensorialsunsets.com\/wp-content\/uploads\/2025\/06\/Solsticio-de-junio-1320x880.jpg 1320w\" sizes=\"auto, (max-width: 1024px) 100vw, 1024px\" \/><\/figure>\n<\/figure>\n\n<div style=\"height:100px\" aria-hidden=\"true\" class=\"wp-block-spacer\"><\/div>\n\n<p>\u00c0 l&rsquo;inverse, dans l&rsquo;h\u00e9misph\u00e8re sud, le solstice de juin repr\u00e9sente le jour le plus court de l&rsquo;ann\u00e9e, et dans les r\u00e9gions situ\u00e9es dans le cercle polaire antarctique, le soleil n&rsquo;appara\u00eet m\u00eame pas \u00e0 l&rsquo;horizon, provoquant ce que l&rsquo;on appelle la nuit polaire.<\/p>\n\n<h3 class=\"wp-block-heading\">Pourquoi s&rsquo;appelle-t-on \u00ab solstice \u00bb ?<\/h3>\n\n<p>Le mot \u00ab solstice \u00bb vient du latin sol (soleil) et sistere (s&rsquo;arr\u00eater). Ce nom vient du fait que, pendant le solstice, le point subsolaire \u2014 l&rsquo;endroit de la surface terrestre o\u00f9 le Soleil se trouve directement au-dessus de la t\u00eate \u2014 semble s&rsquo;arr\u00eater dans sa course vers le nord ou le sud avant de changer de direction.<\/p>\n\n<p>Au cours des jours pr\u00e9c\u00e9dant le solstice de juin, le <strong>lever et le coucher du soleil se d\u00e9placent vers le nord<\/strong>. Le jour du solstice, ils atteignent leur point culminant, puis commencent \u00e0 se d\u00e9placer progressivement vers le sud.<\/p>\n\n<h3 class=\"wp-block-heading\">La cause : l&rsquo;inclinaison de la Terre<\/h3>\n\n<p>La raison pour laquelle les solstices se produisent est l&rsquo;<strong>inclinaison de l&rsquo;axe terrestre<\/strong> : environ 23,4\u00b0 par rapport au plan de son orbite autour du Soleil. Cette inclinaison fait varier la quantit\u00e9 de lumi\u00e8re solaire re\u00e7ue par chaque h\u00e9misph\u00e8re au cours de l&rsquo;ann\u00e9e.<\/p>\n\n<p>En juin, l&rsquo;h\u00e9misph\u00e8re nord est inclin\u00e9 vers le Soleil, tandis que le sud s&rsquo;en \u00e9loigne. Cela explique non seulement la dur\u00e9e des jours, mais aussi le d\u00e9but des saisons : <strong>l&rsquo;\u00e9t\u00e9 au nord<\/strong> et <strong>l&rsquo;hiver au sud<\/strong>, selon certaines d\u00e9finitions astronomiques.<\/p>\n\n<p>Curieusement, le jour le plus long ne co\u00efncide pas toujours avec le <strong>lever le plus t\u00f4t<\/strong> ou le <strong>coucher le plus tardif<\/strong>. En g\u00e9n\u00e9ral, le lever le plus t\u00f4t a lieu quelques jours avant le solstice, et le coucher le plus tardif, quelques jours apr\u00e8s. Ce d\u00e9calage est d\u00fb \u00e0 des facteurs tels que la forme de l&rsquo;orbite terrestre et l&rsquo;inclinaison de l&rsquo;axe.<\/p>\n\n<h3 class=\"wp-block-heading\">Pourquoi la date du solstice varie-t-elle ?<\/h3>\n\n<p>Alors que beaucoup associent le solstice de juin au <strong>21 juin<\/strong>, celui-ci peut avoir lieu entre le <strong>20 et le 22 juin<\/strong>, selon l&rsquo;ann\u00e9e et le fuseau horaire.<\/p>\n\n<p>Cette variation est due au fait que le calendrier gr\u00e9gorien (qui compte 365 ou 366 jours) ne correspond pas parfaitement \u00e0 l&rsquo;ann\u00e9e tropique, qui est le temps r\u00e9el que met la Terre pour effectuer une orbite compl\u00e8te autour du Soleil, soit environ 365,242199 jours. Ce d\u00e9calage cumul\u00e9 est corrig\u00e9 par les <strong>ann\u00e9es bissextiles<\/strong>, ce qui explique pourquoi les solstices et les \u00e9quinoxes ne se produisent pas toujours \u00e0 la m\u00eame date.<\/p>\n\n<h3 class=\"wp-block-heading\">Un moment pour c\u00e9l\u00e9brer et r\u00e9fl\u00e9chir<\/h3>\n\n<p>Le solstice de juin n&rsquo;est pas seulement un ph\u00e9nom\u00e8ne astronomique : il a \u00e9galement toujours \u00e9t\u00e9 un \u00e9v\u00e9nement culturel important. Dans des lieux tels que <strong>Stonehenge<\/strong> en Angleterre, des milliers de personnes se rassemblent chaque ann\u00e9e pour assister au lever du soleil align\u00e9 avec les pierres anciennes, t\u00e9moignage du lien entre les \u00eatres humains et les cycles naturels.<\/p>\n\n<p>Qu&rsquo;il soit consid\u00e9r\u00e9 comme le <strong>d\u00e9but de l&rsquo;\u00e9t\u00e9<\/strong> ou simplement comme une curiosit\u00e9 cosmique, le solstice de juin nous rappelle que nous vivons sur une plan\u00e8te dynamique, en mouvement constant et merveilleusement inclin\u00e9e.<\/p>\n\n<p><strong>Sensorial Sunsets<\/strong><\/p>\n","protected":false},"excerpt":{"rendered":"<p>Chaque ann\u00e9e, la plan\u00e8te Terre conna\u00eet deux solstices : l&rsquo;un en juin et l&rsquo;autre en d\u00e9cembre. Le solstice de juin, en particulier, marque un moment astronomique cl\u00e9, lorsque le Soleil atteint son point le plus septentrional dans le ciel. Cela donne lieu au jour le plus long de l&rsquo;ann\u00e9e dans l&rsquo;h\u00e9misph\u00e8re nord et, \u00e0 l&rsquo;inverse, [&hellip;]<\/p>\n","protected":false},"author":4,"featured_media":22130,"comment_status":"closed","ping_status":"closed","sticky":false,"template":"","format":"standard","meta":{"_acf_changed":false,"inline_featured_image":false,"_monsterinsights_skip_tracking":false,"_monsterinsights_sitenote_active":false,"_monsterinsights_sitenote_note":"","_monsterinsights_sitenote_category":0,"footnotes":""},"categories":[1],"tags":[],"class_list":["post-22147","post","type-post","status-publish","format-standard","has-post-thumbnail","hentry","category-non-classifiee"],"acf":[],"yoast_head":"<!-- This site is optimized with the Yoast SEO plugin v27.4 - https:\/\/yoast.com\/product\/yoast-seo-wordpress\/ -->\n<title>Solstice de juin : le jour le plus long (et le plus court) de l&#039;ann\u00e9e - SensorialSunsets<\/title>\n<meta name=\"description\" content=\"Solstice de juin : d\u00e9couvrez comment ce ph\u00e9nom\u00e8ne marque le jour le plus long et son influence sur les saisons et la dur\u00e9e de l&#039;ensoleillement.\" \/>\n<meta name=\"robots\" content=\"index, follow, max-snippet:-1, max-image-preview:large, max-video-preview:-1\" \/>\n<link rel=\"canonical\" href=\"https:\/\/www.sensorialsunsets.com\/fr\/solstice-de-juin-le-jour-le-plus-long-et-le-plus-court-de-lannee\/\" \/>\n<meta property=\"og:locale\" content=\"fr_FR\" \/>\n<meta property=\"og:type\" content=\"article\" \/>\n<meta property=\"og:title\" content=\"Solstice de juin : le jour le plus long (et le plus court) de l&#039;ann\u00e9e - SensorialSunsets\" \/>\n<meta property=\"og:description\" content=\"Solstice de juin : d\u00e9couvrez comment ce ph\u00e9nom\u00e8ne marque le jour le plus long et son influence sur les saisons et la dur\u00e9e de l&#039;ensoleillement.\" \/>\n<meta property=\"og:url\" content=\"https:\/\/www.sensorialsunsets.com\/fr\/solstice-de-juin-le-jour-le-plus-long-et-le-plus-court-de-lannee\/\" \/>\n<meta property=\"og:site_name\" content=\"SensorialSunsets\" \/>\n<meta property=\"article:publisher\" content=\"https:\/\/www.facebook.com\/Sensorial-Sunsets-109180614715562\" \/>\n<meta property=\"article:published_time\" content=\"2025-06-13T08:27:48+00:00\" \/>\n<meta property=\"og:image\" content=\"https:\/\/www.sensorialsunsets.com\/wp-content\/uploads\/2025\/06\/Solsticio-de-junio1-scaled.jpg\" \/>\n\t<meta property=\"og:image:width\" content=\"2560\" \/>\n\t<meta property=\"og:image:height\" content=\"1440\" \/>\n\t<meta property=\"og:image:type\" content=\"image\/jpeg\" \/>\n<meta name=\"author\" content=\"Sensorial Sunsets\" \/>\n<meta name=\"twitter:card\" content=\"summary_large_image\" \/>\n<meta name=\"twitter:label1\" content=\"\u00c9crit par\" \/>\n\t<meta name=\"twitter:data1\" content=\"Sensorial Sunsets\" \/>\n\t<meta name=\"twitter:label2\" content=\"Dur\u00e9e de lecture estim\u00e9e\" \/>\n\t<meta name=\"twitter:data2\" content=\"4 minutes\" \/>\n<script type=\"application\/ld+json\" class=\"yoast-schema-graph\">{\"@context\":\"https:\\\/\\\/schema.org\",\"@graph\":[{\"@type\":\"Article\",\"@id\":\"https:\\\/\\\/www.sensorialsunsets.com\\\/fr\\\/solstice-de-juin-le-jour-le-plus-long-et-le-plus-court-de-lannee\\\/#article\",\"isPartOf\":{\"@id\":\"https:\\\/\\\/www.sensorialsunsets.com\\\/fr\\\/solstice-de-juin-le-jour-le-plus-long-et-le-plus-court-de-lannee\\\/\"},\"author\":{\"name\":\"Sensorial Sunsets\",\"@id\":\"https:\\\/\\\/www.sensorialsunsets.com\\\/fr\\\/#\\\/schema\\\/person\\\/77e2fa594135aa94024c47e281d8a94d\"},\"headline\":\"Solstice de juin : le jour le plus long (et le plus court) de l&rsquo;ann\u00e9e\",\"datePublished\":\"2025-06-13T08:27:48+00:00\",\"mainEntityOfPage\":{\"@id\":\"https:\\\/\\\/www.sensorialsunsets.com\\\/fr\\\/solstice-de-juin-le-jour-le-plus-long-et-le-plus-court-de-lannee\\\/\"},\"wordCount\":836,\"publisher\":{\"@id\":\"https:\\\/\\\/www.sensorialsunsets.com\\\/fr\\\/#organization\"},\"image\":{\"@id\":\"https:\\\/\\\/www.sensorialsunsets.com\\\/fr\\\/solstice-de-juin-le-jour-le-plus-long-et-le-plus-court-de-lannee\\\/#primaryimage\"},\"thumbnailUrl\":\"https:\\\/\\\/www.sensorialsunsets.com\\\/wp-content\\\/uploads\\\/2025\\\/06\\\/Solsticio-de-junio1-scaled.jpg\",\"articleSection\":[\"Non classifi\u00e9(e)\"],\"inLanguage\":\"fr-FR\"},{\"@type\":\"WebPage\",\"@id\":\"https:\\\/\\\/www.sensorialsunsets.com\\\/fr\\\/solstice-de-juin-le-jour-le-plus-long-et-le-plus-court-de-lannee\\\/\",\"url\":\"https:\\\/\\\/www.sensorialsunsets.com\\\/fr\\\/solstice-de-juin-le-jour-le-plus-long-et-le-plus-court-de-lannee\\\/\",\"name\":\"Solstice de juin : le jour le plus long (et le plus court) de l'ann\u00e9e - SensorialSunsets\",\"isPartOf\":{\"@id\":\"https:\\\/\\\/www.sensorialsunsets.com\\\/fr\\\/#website\"},\"primaryImageOfPage\":{\"@id\":\"https:\\\/\\\/www.sensorialsunsets.com\\\/fr\\\/solstice-de-juin-le-jour-le-plus-long-et-le-plus-court-de-lannee\\\/#primaryimage\"},\"image\":{\"@id\":\"https:\\\/\\\/www.sensorialsunsets.com\\\/fr\\\/solstice-de-juin-le-jour-le-plus-long-et-le-plus-court-de-lannee\\\/#primaryimage\"},\"thumbnailUrl\":\"https:\\\/\\\/www.sensorialsunsets.com\\\/wp-content\\\/uploads\\\/2025\\\/06\\\/Solsticio-de-junio1-scaled.jpg\",\"datePublished\":\"2025-06-13T08:27:48+00:00\",\"description\":\"Solstice de juin : d\u00e9couvrez comment ce ph\u00e9nom\u00e8ne marque le jour le plus long et son influence sur les saisons et la dur\u00e9e de l'ensoleillement.\",\"inLanguage\":\"fr-FR\",\"potentialAction\":[{\"@type\":\"ReadAction\",\"target\":[\"https:\\\/\\\/www.sensorialsunsets.com\\\/fr\\\/solstice-de-juin-le-jour-le-plus-long-et-le-plus-court-de-lannee\\\/\"]}]},{\"@type\":\"ImageObject\",\"inLanguage\":\"fr-FR\",\"@id\":\"https:\\\/\\\/www.sensorialsunsets.com\\\/fr\\\/solstice-de-juin-le-jour-le-plus-long-et-le-plus-court-de-lannee\\\/#primaryimage\",\"url\":\"https:\\\/\\\/www.sensorialsunsets.com\\\/wp-content\\\/uploads\\\/2025\\\/06\\\/Solsticio-de-junio1-scaled.jpg\",\"contentUrl\":\"https:\\\/\\\/www.sensorialsunsets.com\\\/wp-content\\\/uploads\\\/2025\\\/06\\\/Solsticio-de-junio1-scaled.jpg\",\"width\":2560,\"height\":1440},{\"@type\":\"WebSite\",\"@id\":\"https:\\\/\\\/www.sensorialsunsets.com\\\/fr\\\/#website\",\"url\":\"https:\\\/\\\/www.sensorialsunsets.com\\\/fr\\\/\",\"name\":\"SensorialSunsets.com\",\"description\":\"D\u00e9couvrez la culture et la soci\u00e9t\u00e9 du Costa Rica sur notre blog. Explorez des articles captivants et partagez le contenu.\",\"publisher\":{\"@id\":\"https:\\\/\\\/www.sensorialsunsets.com\\\/fr\\\/#organization\"},\"alternateName\":\"Costa Rica Live Blog\",\"potentialAction\":[{\"@type\":\"SearchAction\",\"target\":{\"@type\":\"EntryPoint\",\"urlTemplate\":\"https:\\\/\\\/www.sensorialsunsets.com\\\/fr\\\/?s={search_term_string}\"},\"query-input\":{\"@type\":\"PropertyValueSpecification\",\"valueRequired\":true,\"valueName\":\"search_term_string\"}}],\"inLanguage\":\"fr-FR\"},{\"@type\":\"Organization\",\"@id\":\"https:\\\/\\\/www.sensorialsunsets.com\\\/fr\\\/#organization\",\"name\":\"SensorialSunsets\",\"url\":\"https:\\\/\\\/www.sensorialsunsets.com\\\/fr\\\/\",\"logo\":{\"@type\":\"ImageObject\",\"inLanguage\":\"fr-FR\",\"@id\":\"https:\\\/\\\/www.sensorialsunsets.com\\\/fr\\\/#\\\/schema\\\/logo\\\/image\\\/\",\"url\":\"https:\\\/\\\/www.sensorialsunsets.com\\\/wp-content\\\/uploads\\\/2023\\\/04\\\/Logo_base_line_fond_clair.svg\",\"contentUrl\":\"https:\\\/\\\/www.sensorialsunsets.com\\\/wp-content\\\/uploads\\\/2023\\\/04\\\/Logo_base_line_fond_clair.svg\",\"width\":\"1024\",\"height\":\"1024\",\"caption\":\"SensorialSunsets\"},\"image\":{\"@id\":\"https:\\\/\\\/www.sensorialsunsets.com\\\/fr\\\/#\\\/schema\\\/logo\\\/image\\\/\"},\"sameAs\":[\"https:\\\/\\\/www.facebook.com\\\/Sensorial-Sunsets-109180614715562\",\"https:\\\/\\\/www.instagram.com\\\/sensorialsunsets\\\/\"]},{\"@type\":\"Person\",\"@id\":\"https:\\\/\\\/www.sensorialsunsets.com\\\/fr\\\/#\\\/schema\\\/person\\\/77e2fa594135aa94024c47e281d8a94d\",\"name\":\"Sensorial Sunsets\",\"image\":{\"@type\":\"ImageObject\",\"inLanguage\":\"fr-FR\",\"@id\":\"https:\\\/\\\/secure.gravatar.com\\\/avatar\\\/5f2d62681b1dad94c28f1500d4fc75582acdfd32b55fd1acce0a36a3c487eabe?s=96&d=mm&r=g\",\"url\":\"https:\\\/\\\/secure.gravatar.com\\\/avatar\\\/5f2d62681b1dad94c28f1500d4fc75582acdfd32b55fd1acce0a36a3c487eabe?s=96&d=mm&r=g\",\"contentUrl\":\"https:\\\/\\\/secure.gravatar.com\\\/avatar\\\/5f2d62681b1dad94c28f1500d4fc75582acdfd32b55fd1acce0a36a3c487eabe?s=96&d=mm&r=g\",\"caption\":\"Sensorial Sunsets\"},\"url\":\"https:\\\/\\\/www.sensorialsunsets.com\\\/fr\\\/author\\\/asistentes-sensorial-sunsets\\\/\"}]}<\/script>\n<!-- \/ Yoast SEO plugin. -->","yoast_head_json":{"title":"Solstice de juin : le jour le plus long (et le plus court) de l'ann\u00e9e - SensorialSunsets","description":"Solstice de juin : d\u00e9couvrez comment ce ph\u00e9nom\u00e8ne marque le jour le plus long et son influence sur les saisons et la dur\u00e9e de l'ensoleillement.","robots":{"index":"index","follow":"follow","max-snippet":"max-snippet:-1","max-image-preview":"max-image-preview:large","max-video-preview":"max-video-preview:-1"},"canonical":"https:\/\/www.sensorialsunsets.com\/fr\/solstice-de-juin-le-jour-le-plus-long-et-le-plus-court-de-lannee\/","og_locale":"fr_FR","og_type":"article","og_title":"Solstice de juin : le jour le plus long (et le plus court) de l'ann\u00e9e - SensorialSunsets","og_description":"Solstice de juin : d\u00e9couvrez comment ce ph\u00e9nom\u00e8ne marque le jour le plus long et son influence sur les saisons et la dur\u00e9e de l'ensoleillement.","og_url":"https:\/\/www.sensorialsunsets.com\/fr\/solstice-de-juin-le-jour-le-plus-long-et-le-plus-court-de-lannee\/","og_site_name":"SensorialSunsets","article_publisher":"https:\/\/www.facebook.com\/Sensorial-Sunsets-109180614715562","article_published_time":"2025-06-13T08:27:48+00:00","og_image":[{"width":2560,"height":1440,"url":"https:\/\/www.sensorialsunsets.com\/wp-content\/uploads\/2025\/06\/Solsticio-de-junio1-scaled.jpg","type":"image\/jpeg"}],"author":"Sensorial Sunsets","twitter_card":"summary_large_image","twitter_misc":{"\u00c9crit par":"Sensorial Sunsets","Dur\u00e9e de lecture estim\u00e9e":"4 minutes"},"schema":{"@context":"https:\/\/schema.org","@graph":[{"@type":"Article","@id":"https:\/\/www.sensorialsunsets.com\/fr\/solstice-de-juin-le-jour-le-plus-long-et-le-plus-court-de-lannee\/#article","isPartOf":{"@id":"https:\/\/www.sensorialsunsets.com\/fr\/solstice-de-juin-le-jour-le-plus-long-et-le-plus-court-de-lannee\/"},"author":{"name":"Sensorial Sunsets","@id":"https:\/\/www.sensorialsunsets.com\/fr\/#\/schema\/person\/77e2fa594135aa94024c47e281d8a94d"},"headline":"Solstice de juin : le jour le plus long (et le plus court) de l&rsquo;ann\u00e9e","datePublished":"2025-06-13T08:27:48+00:00","mainEntityOfPage":{"@id":"https:\/\/www.sensorialsunsets.com\/fr\/solstice-de-juin-le-jour-le-plus-long-et-le-plus-court-de-lannee\/"},"wordCount":836,"publisher":{"@id":"https:\/\/www.sensorialsunsets.com\/fr\/#organization"},"image":{"@id":"https:\/\/www.sensorialsunsets.com\/fr\/solstice-de-juin-le-jour-le-plus-long-et-le-plus-court-de-lannee\/#primaryimage"},"thumbnailUrl":"https:\/\/www.sensorialsunsets.com\/wp-content\/uploads\/2025\/06\/Solsticio-de-junio1-scaled.jpg","articleSection":["Non classifi\u00e9(e)"],"inLanguage":"fr-FR"},{"@type":"WebPage","@id":"https:\/\/www.sensorialsunsets.com\/fr\/solstice-de-juin-le-jour-le-plus-long-et-le-plus-court-de-lannee\/","url":"https:\/\/www.sensorialsunsets.com\/fr\/solstice-de-juin-le-jour-le-plus-long-et-le-plus-court-de-lannee\/","name":"Solstice de juin : le jour le plus long (et le plus court) de l'ann\u00e9e - SensorialSunsets","isPartOf":{"@id":"https:\/\/www.sensorialsunsets.com\/fr\/#website"},"primaryImageOfPage":{"@id":"https:\/\/www.sensorialsunsets.com\/fr\/solstice-de-juin-le-jour-le-plus-long-et-le-plus-court-de-lannee\/#primaryimage"},"image":{"@id":"https:\/\/www.sensorialsunsets.com\/fr\/solstice-de-juin-le-jour-le-plus-long-et-le-plus-court-de-lannee\/#primaryimage"},"thumbnailUrl":"https:\/\/www.sensorialsunsets.com\/wp-content\/uploads\/2025\/06\/Solsticio-de-junio1-scaled.jpg","datePublished":"2025-06-13T08:27:48+00:00","description":"Solstice de juin : d\u00e9couvrez comment ce ph\u00e9nom\u00e8ne marque le jour le plus long et son influence sur les saisons et la dur\u00e9e de l'ensoleillement.","inLanguage":"fr-FR","potentialAction":[{"@type":"ReadAction","target":["https:\/\/www.sensorialsunsets.com\/fr\/solstice-de-juin-le-jour-le-plus-long-et-le-plus-court-de-lannee\/"]}]},{"@type":"ImageObject","inLanguage":"fr-FR","@id":"https:\/\/www.sensorialsunsets.com\/fr\/solstice-de-juin-le-jour-le-plus-long-et-le-plus-court-de-lannee\/#primaryimage","url":"https:\/\/www.sensorialsunsets.com\/wp-content\/uploads\/2025\/06\/Solsticio-de-junio1-scaled.jpg","contentUrl":"https:\/\/www.sensorialsunsets.com\/wp-content\/uploads\/2025\/06\/Solsticio-de-junio1-scaled.jpg","width":2560,"height":1440},{"@type":"WebSite","@id":"https:\/\/www.sensorialsunsets.com\/fr\/#website","url":"https:\/\/www.sensorialsunsets.com\/fr\/","name":"SensorialSunsets.com","description":"D\u00e9couvrez la culture et la soci\u00e9t\u00e9 du Costa Rica sur notre blog. Explorez des articles captivants et partagez le contenu.","publisher":{"@id":"https:\/\/www.sensorialsunsets.com\/fr\/#organization"},"alternateName":"Costa Rica Live Blog","potentialAction":[{"@type":"SearchAction","target":{"@type":"EntryPoint","urlTemplate":"https:\/\/www.sensorialsunsets.com\/fr\/?s={search_term_string}"},"query-input":{"@type":"PropertyValueSpecification","valueRequired":true,"valueName":"search_term_string"}}],"inLanguage":"fr-FR"},{"@type":"Organization","@id":"https:\/\/www.sensorialsunsets.com\/fr\/#organization","name":"SensorialSunsets","url":"https:\/\/www.sensorialsunsets.com\/fr\/","logo":{"@type":"ImageObject","inLanguage":"fr-FR","@id":"https:\/\/www.sensorialsunsets.com\/fr\/#\/schema\/logo\/image\/","url":"https:\/\/www.sensorialsunsets.com\/wp-content\/uploads\/2023\/04\/Logo_base_line_fond_clair.svg","contentUrl":"https:\/\/www.sensorialsunsets.com\/wp-content\/uploads\/2023\/04\/Logo_base_line_fond_clair.svg","width":"1024","height":"1024","caption":"SensorialSunsets"},"image":{"@id":"https:\/\/www.sensorialsunsets.com\/fr\/#\/schema\/logo\/image\/"},"sameAs":["https:\/\/www.facebook.com\/Sensorial-Sunsets-109180614715562","https:\/\/www.instagram.com\/sensorialsunsets\/"]},{"@type":"Person","@id":"https:\/\/www.sensorialsunsets.com\/fr\/#\/schema\/person\/77e2fa594135aa94024c47e281d8a94d","name":"Sensorial Sunsets","image":{"@type":"ImageObject","inLanguage":"fr-FR","@id":"https:\/\/secure.gravatar.com\/avatar\/5f2d62681b1dad94c28f1500d4fc75582acdfd32b55fd1acce0a36a3c487eabe?s=96&d=mm&r=g","url":"https:\/\/secure.gravatar.com\/avatar\/5f2d62681b1dad94c28f1500d4fc75582acdfd32b55fd1acce0a36a3c487eabe?s=96&d=mm&r=g","contentUrl":"https:\/\/secure.gravatar.com\/avatar\/5f2d62681b1dad94c28f1500d4fc75582acdfd32b55fd1acce0a36a3c487eabe?s=96&d=mm&r=g","caption":"Sensorial Sunsets"},"url":"https:\/\/www.sensorialsunsets.com\/fr\/author\/asistentes-sensorial-sunsets\/"}]}},"_links":{"self":[{"href":"https:\/\/www.sensorialsunsets.com\/fr\/wp-json\/wp\/v2\/posts\/22147","targetHints":{"allow":["GET"]}}],"collection":[{"href":"https:\/\/www.sensorialsunsets.com\/fr\/wp-json\/wp\/v2\/posts"}],"about":[{"href":"https:\/\/www.sensorialsunsets.com\/fr\/wp-json\/wp\/v2\/types\/post"}],"author":[{"embeddable":true,"href":"https:\/\/www.sensorialsunsets.com\/fr\/wp-json\/wp\/v2\/users\/4"}],"replies":[{"embeddable":true,"href":"https:\/\/www.sensorialsunsets.com\/fr\/wp-json\/wp\/v2\/comments?post=22147"}],"version-history":[{"count":1,"href":"https:\/\/www.sensorialsunsets.com\/fr\/wp-json\/wp\/v2\/posts\/22147\/revisions"}],"predecessor-version":[{"id":22148,"href":"https:\/\/www.sensorialsunsets.com\/fr\/wp-json\/wp\/v2\/posts\/22147\/revisions\/22148"}],"wp:featuredmedia":[{"embeddable":true,"href":"https:\/\/www.sensorialsunsets.com\/fr\/wp-json\/wp\/v2\/media\/22130"}],"wp:attachment":[{"href":"https:\/\/www.sensorialsunsets.com\/fr\/wp-json\/wp\/v2\/media?parent=22147"}],"wp:term":[{"taxonomy":"category","embeddable":true,"href":"https:\/\/www.sensorialsunsets.com\/fr\/wp-json\/wp\/v2\/categories?post=22147"},{"taxonomy":"post_tag","embeddable":true,"href":"https:\/\/www.sensorialsunsets.com\/fr\/wp-json\/wp\/v2\/tags?post=22147"}],"curies":[{"name":"wp","href":"https:\/\/api.w.org\/{rel}","templated":true}]}}