{"id":22212,"date":"2025-06-18T16:09:39","date_gmt":"2025-06-18T22:09:39","guid":{"rendered":"https:\/\/www.sensorialsunsets.com\/?p=22212"},"modified":"2026-01-07T17:07:37","modified_gmt":"2026-01-07T23:07:37","slug":"crfic13-13e-festival-international-du-film-du-costa-rica","status":"publish","type":"post","link":"https:\/\/www.sensorialsunsets.com\/fr\/crfic13-13e-festival-international-du-film-du-costa-rica\/","title":{"rendered":"CRFIC13 : 13e Festival international du film du Costa Rica"},"content":{"rendered":"\n<p><strong>CRFIC13 c\u00e9l\u00e8bre la diversit\u00e9 du cin\u00e9ma avec une \u00e9dition marqu\u00e9e par l&rsquo;\u00e9galit\u00e9 et l&rsquo;exploration symbolique du chiffre 13<\/strong><\/p>\n\n\n\n<p>Du 19 au 29 juin, San Jos\u00e9 deviendra le centre du cin\u00e9ma avec la tenue du <strong>13e <a href=\"https:\/\/www.sensorialsunsets.com\/fr\/festival-international-du-film-de-costa-rica\/\">Festival international du film du Costa Rica<\/a> (CRFIC)<\/strong>. Cette \u00e9dition proposera une s\u00e9lection vari\u00e9e de 64 films, ainsi que des <strong>ateliers, des conf\u00e9rences et des d\u00e9bats<\/strong> ouverts \u00e0 tous.<\/p>\n\n\n\n<p>Les activit\u00e9s se d\u00e9rouleront dans quatre lieux principaux : <strong>la Sala G\u00f3mez Miralles du Centre du cin\u00e9ma, le cin\u00e9ma Magaly, le Centre Culturel d&rsquo;Espagne et l&rsquo;Amphith\u00e9\u00e2tre Fidel Gamboa au CENAC<\/strong>.<\/p>\n\n\n\n<h3 class=\"wp-block-heading\">Une \u00e9dition historique<\/h3>\n\n\n\n<p>Cette ann\u00e9e, le CRFIC marque un tournant en \u00e9tant pour la premi\u00e8re fois dirig\u00e9 par une femme. La cin\u00e9aste <strong>Patricia Vel\u00e1squez Guzm\u00e1n<\/strong> est \u00e0 la t\u00eate d&rsquo;une programmation qui r\u00e9affirme l&rsquo;engagement du festival en faveur de l&rsquo;<strong>\u00e9galit\u00e9 des sexes<\/strong> et d&rsquo;une programmation <strong>plus repr\u00e9sentative et pluraliste<\/strong>.<\/p>\n\n\n\n<p>Le chiffre 13, souvent associ\u00e9 \u00e0 des superstitions, devient ici l&rsquo;\u00e9picentre symbolique de cette \u00e9dition. Selon Vel\u00e1squez, ce chiffre inspire une exploration cr\u00e9ative du hasard, de la chance et du chaos \u00e0 travers le cin\u00e9ma :<\/p>\n\n\n\n<blockquote class=\"wp-block-quote is-layout-flow wp-block-quote-is-layout-flow\">\n<p>Le 13, aussi redout\u00e9 que v\u00e9n\u00e9r\u00e9, devient une invitation \u00e0 jouer avec la chance, \u00e0 d\u00e9fier les superstitions et \u00e0 c\u00e9l\u00e9brer la bonne fortune avec un regard cr\u00e9atif, curieux et ouvert \u00e0 l&rsquo;\u00e9merveillement&#8230; Le cin\u00e9ma, en tant qu&rsquo;art qui transforme et r\u00e9v\u00e8le, devient notre moyen d&rsquo;explorer ces voies.<\/p>\n<\/blockquote>\n\n\n\n<figure class=\"wp-block-embed is-type-video is-provider-youtube wp-block-embed-youtube wp-embed-aspect-16-9 wp-has-aspect-ratio\"><div class=\"wp-block-embed__wrapper\">\n<iframe loading=\"lazy\" title=\"#13CRFIC\" width=\"900\" height=\"506\" src=\"https:\/\/www.youtube.com\/embed\/JlybKpqaIek?feature=oembed\" frameborder=\"0\" allow=\"accelerometer; autoplay; clipboard-write; encrypted-media; gyroscope; picture-in-picture; web-share\" referrerpolicy=\"strict-origin-when-cross-origin\" allowfullscreen><\/iframe>\n<\/div><\/figure>\n\n\n\n<div style=\"height:100px\" aria-hidden=\"true\" class=\"wp-block-spacer\"><\/div>\n\n\n\n<h5 class=\"wp-block-heading\">Nouveaut\u00e9s et choix curatoriaux<\/h5>\n\n\n\n<p>Parmi les nouveaut\u00e9s les plus remarquables, citons l&rsquo;<strong>\u00e9largissement de la section des courts m\u00e9trages<\/strong>, qui comprend d\u00e9sormais des \u0153uvres provenant de toute l&rsquo;Am\u00e9rique centrale et des Cara\u00efbes hispanophones, consolidant ainsi une vision plus large et plus r\u00e9gionale.<\/p>\n\n\n\n<p>Tout comme chaque ann\u00e9e, le pays invit\u00e9 sera l&rsquo;Espagne, dont la participation comprendra une s\u00e9lection de films r\u00e9alis\u00e9s par des femmes, en collaboration avec le Festival de Cine por Mujeres de Madrid (Festival du cin\u00e9ma f\u00e9minin de Madrid) et le r\u00e9seau RAMPA.<\/p>\n\n\n\n<h3 class=\"wp-block-heading\">Huit sections pour observer le pr\u00e9sent<\/h3>\n\n\n\n<p>Le programme du CRFIC13 s&rsquo;articule autour de <strong>huit sections th\u00e9matiques<\/strong> :<\/p>\n\n\n\n<ul class=\"wp-block-list\">\n<li><strong>Femmes sous influence<\/strong> : films r\u00e9alis\u00e9s par des cin\u00e9astes espagnoles contemporaines, mettant l&rsquo;accent sur les mondes intimes, les luttes sociales et les processus de transformation personnelle.<\/li>\n\n\n\n<li><strong>G\u00e9n\u00e9ration alpha<\/strong> : \u0153uvres qui abordent l&rsquo;enfance et l&rsquo;adolescence, c\u00e9l\u00e9brant leur complexit\u00e9 et leur capacit\u00e9 \u00e0 transformer.<\/li>\n\n\n\n<li><strong>Ann\u00e9e 13<\/strong> : Cin\u00e9ma d&rsquo;horreur, fantastique et myst\u00e8re qui explore des r\u00e9cits audacieux et des genres hybrides, lors de s\u00e9ances nocturnes \u00e0 l&rsquo;ambiance immersive.<\/li>\n\n\n\n<li><strong>Bordes<\/strong> : Histoires issues des p\u00e9riph\u00e9ries sociales et culturelles, o\u00f9 sont d\u00e9peintes des r\u00e9alit\u00e9s telles que le machisme structurel ou les mariages forc\u00e9s. Cependant, la r\u00e9sistance et la gu\u00e9rison sont \u00e9galement mises en avant.<\/li>\n\n\n\n<li><strong>Dialogues atemporels<strong> : une s\u00e9lection qui revisite des \u0153uvres d&rsquo;autres \u00e9poques, toujours d&rsquo;actualit\u00e9.<\/strong><\/strong><\/li>\n\n\n\n<li><strong>Invasion Beat<\/strong> : un voyage sonore \u00e0 travers des films qui explorent des univers musicaux avec une force esth\u00e9tique et \u00e9motionnelle.<\/li>\n\n\n\n<li><strong>Comp\u00e9tition de longs et courts m\u00e9trages<\/strong> : espaces o\u00f9 convergent les nouvelles voix du cin\u00e9ma d&rsquo;Am\u00e9rique centrale et des Cara\u00efbes, avec des propositions diverses en termes de langage et de forme.<\/li>\n<\/ul>\n\n\n\n<h3 class=\"wp-block-heading\">Au-del\u00e0 de la capitale<\/h3>\n\n\n\n<p>Avant son arriv\u00e9e \u00e0 San Jos\u00e9, le <strong>CRFIC13<\/strong> a effectu\u00e9 une tourn\u00e9e qui a permis d&rsquo;offrir des projections gratuites et des ateliers d&rsquo;appr\u00e9ciation cin\u00e9matographique \u00e0 six communaut\u00e9s des r\u00e9gions <strong>Brunca, Huetar Caribe, Chorotega, Huetar Norte et Pac\u00edfico Central<\/strong>, r\u00e9affirmant ainsi sa vocation d&rsquo;acc\u00e8s et de d\u00e9centralisation culturelle.<\/p>\n\n\n\n<p>Toutes les informations sur les films, leurs synopsis, les bandes-annonces, les lieux et les horaires sont disponibles sur le site officiel du festival : <strong><a href=\"https:\/\/www.centrodecine.go.cr\/agenda\/costa-rica-festival-internacional-cine-13deg\">centrodecine.go.cr<\/a><\/strong><\/p>\n\n\n\n<p><strong>Sensorial Sunsets<\/strong><\/p>\n","protected":false},"excerpt":{"rendered":"<p>CRFIC13 c\u00e9l\u00e8bre la diversit\u00e9 du cin\u00e9ma avec une \u00e9dition marqu\u00e9e par l&rsquo;\u00e9galit\u00e9 et l&rsquo;exploration symbolique du chiffre 13 Du 19 au 29 juin, San Jos\u00e9 deviendra le centre du cin\u00e9ma avec la tenue du 13e Festival international du film du Costa Rica (CRFIC). Cette \u00e9dition proposera une s\u00e9lection vari\u00e9e de 64 films, ainsi que des [&hellip;]<\/p>\n","protected":false},"author":4,"featured_media":22207,"comment_status":"closed","ping_status":"closed","sticky":false,"template":"","format":"standard","meta":{"_acf_changed":false,"inline_featured_image":false,"_monsterinsights_skip_tracking":false,"_monsterinsights_sitenote_active":false,"_monsterinsights_sitenote_note":"","_monsterinsights_sitenote_category":0,"footnotes":""},"categories":[1],"tags":[],"class_list":["post-22212","post","type-post","status-publish","format-standard","has-post-thumbnail","hentry","category-non-classifiee"],"acf":[],"yoast_head":"<!-- This site is optimized with the Yoast SEO plugin v27.4 - https:\/\/yoast.com\/product\/yoast-seo-wordpress\/ -->\n<title>CRFIC13 : 13e Festival international du film du Costa Rica - SensorialSunsets<\/title>\n<meta name=\"description\" content=\"CRFIC13 avec 64 films et d\u00e9bats \u00e0 San Jos\u00e9, sous le signe de l&#039;\u00e9quit\u00e9, du cin\u00e9ma r\u00e9gional et de la symbolique du chiffre 13.\" \/>\n<meta name=\"robots\" content=\"index, follow, max-snippet:-1, max-image-preview:large, max-video-preview:-1\" \/>\n<link rel=\"canonical\" href=\"https:\/\/www.sensorialsunsets.com\/fr\/crfic13-13e-festival-international-du-film-du-costa-rica\/\" \/>\n<meta property=\"og:locale\" content=\"fr_FR\" \/>\n<meta property=\"og:type\" content=\"article\" \/>\n<meta property=\"og:title\" content=\"CRFIC13 : 13e Festival international du film du Costa Rica - SensorialSunsets\" \/>\n<meta property=\"og:description\" content=\"CRFIC13 avec 64 films et d\u00e9bats \u00e0 San Jos\u00e9, sous le signe de l&#039;\u00e9quit\u00e9, du cin\u00e9ma r\u00e9gional et de la symbolique du chiffre 13.\" \/>\n<meta property=\"og:url\" content=\"https:\/\/www.sensorialsunsets.com\/fr\/crfic13-13e-festival-international-du-film-du-costa-rica\/\" \/>\n<meta property=\"og:site_name\" content=\"SensorialSunsets\" \/>\n<meta property=\"article:publisher\" content=\"https:\/\/www.facebook.com\/Sensorial-Sunsets-109180614715562\" \/>\n<meta property=\"article:published_time\" content=\"2025-06-18T22:09:39+00:00\" \/>\n<meta property=\"article:modified_time\" content=\"2026-01-07T23:07:37+00:00\" \/>\n<meta property=\"og:image\" content=\"https:\/\/www.sensorialsunsets.com\/wp-content\/uploads\/2025\/06\/CRFIC13-1024x305-1.jpg\" \/>\n\t<meta property=\"og:image:width\" content=\"1024\" \/>\n\t<meta property=\"og:image:height\" content=\"305\" \/>\n\t<meta property=\"og:image:type\" content=\"image\/jpeg\" \/>\n<meta name=\"author\" content=\"Sensorial Sunsets\" \/>\n<meta name=\"twitter:card\" content=\"summary_large_image\" \/>\n<meta name=\"twitter:label1\" content=\"\u00c9crit par\" \/>\n\t<meta name=\"twitter:data1\" content=\"Sensorial Sunsets\" \/>\n\t<meta name=\"twitter:label2\" content=\"Dur\u00e9e de lecture estim\u00e9e\" \/>\n\t<meta name=\"twitter:data2\" content=\"3 minutes\" \/>\n<script type=\"application\/ld+json\" class=\"yoast-schema-graph\">{\"@context\":\"https:\\\/\\\/schema.org\",\"@graph\":[{\"@type\":\"Article\",\"@id\":\"https:\\\/\\\/www.sensorialsunsets.com\\\/fr\\\/crfic13-13e-festival-international-du-film-du-costa-rica\\\/#article\",\"isPartOf\":{\"@id\":\"https:\\\/\\\/www.sensorialsunsets.com\\\/fr\\\/crfic13-13e-festival-international-du-film-du-costa-rica\\\/\"},\"author\":{\"name\":\"Sensorial Sunsets\",\"@id\":\"https:\\\/\\\/www.sensorialsunsets.com\\\/fr\\\/#\\\/schema\\\/person\\\/77e2fa594135aa94024c47e281d8a94d\"},\"headline\":\"CRFIC13 : 13e Festival international du film du Costa Rica\",\"datePublished\":\"2025-06-18T22:09:39+00:00\",\"dateModified\":\"2026-01-07T23:07:37+00:00\",\"mainEntityOfPage\":{\"@id\":\"https:\\\/\\\/www.sensorialsunsets.com\\\/fr\\\/crfic13-13e-festival-international-du-film-du-costa-rica\\\/\"},\"wordCount\":673,\"publisher\":{\"@id\":\"https:\\\/\\\/www.sensorialsunsets.com\\\/fr\\\/#organization\"},\"image\":{\"@id\":\"https:\\\/\\\/www.sensorialsunsets.com\\\/fr\\\/crfic13-13e-festival-international-du-film-du-costa-rica\\\/#primaryimage\"},\"thumbnailUrl\":\"https:\\\/\\\/www.sensorialsunsets.com\\\/wp-content\\\/uploads\\\/2025\\\/06\\\/CRFIC13-1024x305-1.jpg\",\"articleSection\":[\"Non classifi\u00e9(e)\"],\"inLanguage\":\"fr-FR\"},{\"@type\":\"WebPage\",\"@id\":\"https:\\\/\\\/www.sensorialsunsets.com\\\/fr\\\/crfic13-13e-festival-international-du-film-du-costa-rica\\\/\",\"url\":\"https:\\\/\\\/www.sensorialsunsets.com\\\/fr\\\/crfic13-13e-festival-international-du-film-du-costa-rica\\\/\",\"name\":\"CRFIC13 : 13e Festival international du film du Costa Rica - SensorialSunsets\",\"isPartOf\":{\"@id\":\"https:\\\/\\\/www.sensorialsunsets.com\\\/fr\\\/#website\"},\"primaryImageOfPage\":{\"@id\":\"https:\\\/\\\/www.sensorialsunsets.com\\\/fr\\\/crfic13-13e-festival-international-du-film-du-costa-rica\\\/#primaryimage\"},\"image\":{\"@id\":\"https:\\\/\\\/www.sensorialsunsets.com\\\/fr\\\/crfic13-13e-festival-international-du-film-du-costa-rica\\\/#primaryimage\"},\"thumbnailUrl\":\"https:\\\/\\\/www.sensorialsunsets.com\\\/wp-content\\\/uploads\\\/2025\\\/06\\\/CRFIC13-1024x305-1.jpg\",\"datePublished\":\"2025-06-18T22:09:39+00:00\",\"dateModified\":\"2026-01-07T23:07:37+00:00\",\"description\":\"CRFIC13 avec 64 films et d\u00e9bats \u00e0 San Jos\u00e9, sous le signe de l'\u00e9quit\u00e9, du cin\u00e9ma r\u00e9gional et de la symbolique du chiffre 13.\",\"inLanguage\":\"fr-FR\",\"potentialAction\":[{\"@type\":\"ReadAction\",\"target\":[\"https:\\\/\\\/www.sensorialsunsets.com\\\/fr\\\/crfic13-13e-festival-international-du-film-du-costa-rica\\\/\"]}]},{\"@type\":\"ImageObject\",\"inLanguage\":\"fr-FR\",\"@id\":\"https:\\\/\\\/www.sensorialsunsets.com\\\/fr\\\/crfic13-13e-festival-international-du-film-du-costa-rica\\\/#primaryimage\",\"url\":\"https:\\\/\\\/www.sensorialsunsets.com\\\/wp-content\\\/uploads\\\/2025\\\/06\\\/CRFIC13-1024x305-1.jpg\",\"contentUrl\":\"https:\\\/\\\/www.sensorialsunsets.com\\\/wp-content\\\/uploads\\\/2025\\\/06\\\/CRFIC13-1024x305-1.jpg\",\"width\":1024,\"height\":305,\"caption\":\"Screenshot\"},{\"@type\":\"WebSite\",\"@id\":\"https:\\\/\\\/www.sensorialsunsets.com\\\/fr\\\/#website\",\"url\":\"https:\\\/\\\/www.sensorialsunsets.com\\\/fr\\\/\",\"name\":\"SensorialSunsets.com\",\"description\":\"D\u00e9couvrez la culture et la soci\u00e9t\u00e9 du Costa Rica sur notre blog. Explorez des articles captivants et partagez le contenu.\",\"publisher\":{\"@id\":\"https:\\\/\\\/www.sensorialsunsets.com\\\/fr\\\/#organization\"},\"alternateName\":\"Costa Rica Live Blog\",\"potentialAction\":[{\"@type\":\"SearchAction\",\"target\":{\"@type\":\"EntryPoint\",\"urlTemplate\":\"https:\\\/\\\/www.sensorialsunsets.com\\\/fr\\\/?s={search_term_string}\"},\"query-input\":{\"@type\":\"PropertyValueSpecification\",\"valueRequired\":true,\"valueName\":\"search_term_string\"}}],\"inLanguage\":\"fr-FR\"},{\"@type\":\"Organization\",\"@id\":\"https:\\\/\\\/www.sensorialsunsets.com\\\/fr\\\/#organization\",\"name\":\"SensorialSunsets\",\"url\":\"https:\\\/\\\/www.sensorialsunsets.com\\\/fr\\\/\",\"logo\":{\"@type\":\"ImageObject\",\"inLanguage\":\"fr-FR\",\"@id\":\"https:\\\/\\\/www.sensorialsunsets.com\\\/fr\\\/#\\\/schema\\\/logo\\\/image\\\/\",\"url\":\"https:\\\/\\\/www.sensorialsunsets.com\\\/wp-content\\\/uploads\\\/2023\\\/04\\\/Logo_base_line_fond_clair.svg\",\"contentUrl\":\"https:\\\/\\\/www.sensorialsunsets.com\\\/wp-content\\\/uploads\\\/2023\\\/04\\\/Logo_base_line_fond_clair.svg\",\"width\":\"1024\",\"height\":\"1024\",\"caption\":\"SensorialSunsets\"},\"image\":{\"@id\":\"https:\\\/\\\/www.sensorialsunsets.com\\\/fr\\\/#\\\/schema\\\/logo\\\/image\\\/\"},\"sameAs\":[\"https:\\\/\\\/www.facebook.com\\\/Sensorial-Sunsets-109180614715562\",\"https:\\\/\\\/www.instagram.com\\\/sensorialsunsets\\\/\"]},{\"@type\":\"Person\",\"@id\":\"https:\\\/\\\/www.sensorialsunsets.com\\\/fr\\\/#\\\/schema\\\/person\\\/77e2fa594135aa94024c47e281d8a94d\",\"name\":\"Sensorial Sunsets\",\"image\":{\"@type\":\"ImageObject\",\"inLanguage\":\"fr-FR\",\"@id\":\"https:\\\/\\\/secure.gravatar.com\\\/avatar\\\/5f2d62681b1dad94c28f1500d4fc75582acdfd32b55fd1acce0a36a3c487eabe?s=96&d=mm&r=g\",\"url\":\"https:\\\/\\\/secure.gravatar.com\\\/avatar\\\/5f2d62681b1dad94c28f1500d4fc75582acdfd32b55fd1acce0a36a3c487eabe?s=96&d=mm&r=g\",\"contentUrl\":\"https:\\\/\\\/secure.gravatar.com\\\/avatar\\\/5f2d62681b1dad94c28f1500d4fc75582acdfd32b55fd1acce0a36a3c487eabe?s=96&d=mm&r=g\",\"caption\":\"Sensorial Sunsets\"},\"url\":\"https:\\\/\\\/www.sensorialsunsets.com\\\/fr\\\/author\\\/asistentes-sensorial-sunsets\\\/\"}]}<\/script>\n<!-- \/ Yoast SEO plugin. -->","yoast_head_json":{"title":"CRFIC13 : 13e Festival international du film du Costa Rica - SensorialSunsets","description":"CRFIC13 avec 64 films et d\u00e9bats \u00e0 San Jos\u00e9, sous le signe de l'\u00e9quit\u00e9, du cin\u00e9ma r\u00e9gional et de la symbolique du chiffre 13.","robots":{"index":"index","follow":"follow","max-snippet":"max-snippet:-1","max-image-preview":"max-image-preview:large","max-video-preview":"max-video-preview:-1"},"canonical":"https:\/\/www.sensorialsunsets.com\/fr\/crfic13-13e-festival-international-du-film-du-costa-rica\/","og_locale":"fr_FR","og_type":"article","og_title":"CRFIC13 : 13e Festival international du film du Costa Rica - SensorialSunsets","og_description":"CRFIC13 avec 64 films et d\u00e9bats \u00e0 San Jos\u00e9, sous le signe de l'\u00e9quit\u00e9, du cin\u00e9ma r\u00e9gional et de la symbolique du chiffre 13.","og_url":"https:\/\/www.sensorialsunsets.com\/fr\/crfic13-13e-festival-international-du-film-du-costa-rica\/","og_site_name":"SensorialSunsets","article_publisher":"https:\/\/www.facebook.com\/Sensorial-Sunsets-109180614715562","article_published_time":"2025-06-18T22:09:39+00:00","article_modified_time":"2026-01-07T23:07:37+00:00","og_image":[{"width":1024,"height":305,"url":"https:\/\/www.sensorialsunsets.com\/wp-content\/uploads\/2025\/06\/CRFIC13-1024x305-1.jpg","type":"image\/jpeg"}],"author":"Sensorial Sunsets","twitter_card":"summary_large_image","twitter_misc":{"\u00c9crit par":"Sensorial Sunsets","Dur\u00e9e de lecture estim\u00e9e":"3 minutes"},"schema":{"@context":"https:\/\/schema.org","@graph":[{"@type":"Article","@id":"https:\/\/www.sensorialsunsets.com\/fr\/crfic13-13e-festival-international-du-film-du-costa-rica\/#article","isPartOf":{"@id":"https:\/\/www.sensorialsunsets.com\/fr\/crfic13-13e-festival-international-du-film-du-costa-rica\/"},"author":{"name":"Sensorial Sunsets","@id":"https:\/\/www.sensorialsunsets.com\/fr\/#\/schema\/person\/77e2fa594135aa94024c47e281d8a94d"},"headline":"CRFIC13 : 13e Festival international du film du Costa Rica","datePublished":"2025-06-18T22:09:39+00:00","dateModified":"2026-01-07T23:07:37+00:00","mainEntityOfPage":{"@id":"https:\/\/www.sensorialsunsets.com\/fr\/crfic13-13e-festival-international-du-film-du-costa-rica\/"},"wordCount":673,"publisher":{"@id":"https:\/\/www.sensorialsunsets.com\/fr\/#organization"},"image":{"@id":"https:\/\/www.sensorialsunsets.com\/fr\/crfic13-13e-festival-international-du-film-du-costa-rica\/#primaryimage"},"thumbnailUrl":"https:\/\/www.sensorialsunsets.com\/wp-content\/uploads\/2025\/06\/CRFIC13-1024x305-1.jpg","articleSection":["Non classifi\u00e9(e)"],"inLanguage":"fr-FR"},{"@type":"WebPage","@id":"https:\/\/www.sensorialsunsets.com\/fr\/crfic13-13e-festival-international-du-film-du-costa-rica\/","url":"https:\/\/www.sensorialsunsets.com\/fr\/crfic13-13e-festival-international-du-film-du-costa-rica\/","name":"CRFIC13 : 13e Festival international du film du Costa Rica - SensorialSunsets","isPartOf":{"@id":"https:\/\/www.sensorialsunsets.com\/fr\/#website"},"primaryImageOfPage":{"@id":"https:\/\/www.sensorialsunsets.com\/fr\/crfic13-13e-festival-international-du-film-du-costa-rica\/#primaryimage"},"image":{"@id":"https:\/\/www.sensorialsunsets.com\/fr\/crfic13-13e-festival-international-du-film-du-costa-rica\/#primaryimage"},"thumbnailUrl":"https:\/\/www.sensorialsunsets.com\/wp-content\/uploads\/2025\/06\/CRFIC13-1024x305-1.jpg","datePublished":"2025-06-18T22:09:39+00:00","dateModified":"2026-01-07T23:07:37+00:00","description":"CRFIC13 avec 64 films et d\u00e9bats \u00e0 San Jos\u00e9, sous le signe de l'\u00e9quit\u00e9, du cin\u00e9ma r\u00e9gional et de la symbolique du chiffre 13.","inLanguage":"fr-FR","potentialAction":[{"@type":"ReadAction","target":["https:\/\/www.sensorialsunsets.com\/fr\/crfic13-13e-festival-international-du-film-du-costa-rica\/"]}]},{"@type":"ImageObject","inLanguage":"fr-FR","@id":"https:\/\/www.sensorialsunsets.com\/fr\/crfic13-13e-festival-international-du-film-du-costa-rica\/#primaryimage","url":"https:\/\/www.sensorialsunsets.com\/wp-content\/uploads\/2025\/06\/CRFIC13-1024x305-1.jpg","contentUrl":"https:\/\/www.sensorialsunsets.com\/wp-content\/uploads\/2025\/06\/CRFIC13-1024x305-1.jpg","width":1024,"height":305,"caption":"Screenshot"},{"@type":"WebSite","@id":"https:\/\/www.sensorialsunsets.com\/fr\/#website","url":"https:\/\/www.sensorialsunsets.com\/fr\/","name":"SensorialSunsets.com","description":"D\u00e9couvrez la culture et la soci\u00e9t\u00e9 du Costa Rica sur notre blog. Explorez des articles captivants et partagez le contenu.","publisher":{"@id":"https:\/\/www.sensorialsunsets.com\/fr\/#organization"},"alternateName":"Costa Rica Live Blog","potentialAction":[{"@type":"SearchAction","target":{"@type":"EntryPoint","urlTemplate":"https:\/\/www.sensorialsunsets.com\/fr\/?s={search_term_string}"},"query-input":{"@type":"PropertyValueSpecification","valueRequired":true,"valueName":"search_term_string"}}],"inLanguage":"fr-FR"},{"@type":"Organization","@id":"https:\/\/www.sensorialsunsets.com\/fr\/#organization","name":"SensorialSunsets","url":"https:\/\/www.sensorialsunsets.com\/fr\/","logo":{"@type":"ImageObject","inLanguage":"fr-FR","@id":"https:\/\/www.sensorialsunsets.com\/fr\/#\/schema\/logo\/image\/","url":"https:\/\/www.sensorialsunsets.com\/wp-content\/uploads\/2023\/04\/Logo_base_line_fond_clair.svg","contentUrl":"https:\/\/www.sensorialsunsets.com\/wp-content\/uploads\/2023\/04\/Logo_base_line_fond_clair.svg","width":"1024","height":"1024","caption":"SensorialSunsets"},"image":{"@id":"https:\/\/www.sensorialsunsets.com\/fr\/#\/schema\/logo\/image\/"},"sameAs":["https:\/\/www.facebook.com\/Sensorial-Sunsets-109180614715562","https:\/\/www.instagram.com\/sensorialsunsets\/"]},{"@type":"Person","@id":"https:\/\/www.sensorialsunsets.com\/fr\/#\/schema\/person\/77e2fa594135aa94024c47e281d8a94d","name":"Sensorial Sunsets","image":{"@type":"ImageObject","inLanguage":"fr-FR","@id":"https:\/\/secure.gravatar.com\/avatar\/5f2d62681b1dad94c28f1500d4fc75582acdfd32b55fd1acce0a36a3c487eabe?s=96&d=mm&r=g","url":"https:\/\/secure.gravatar.com\/avatar\/5f2d62681b1dad94c28f1500d4fc75582acdfd32b55fd1acce0a36a3c487eabe?s=96&d=mm&r=g","contentUrl":"https:\/\/secure.gravatar.com\/avatar\/5f2d62681b1dad94c28f1500d4fc75582acdfd32b55fd1acce0a36a3c487eabe?s=96&d=mm&r=g","caption":"Sensorial Sunsets"},"url":"https:\/\/www.sensorialsunsets.com\/fr\/author\/asistentes-sensorial-sunsets\/"}]}},"_links":{"self":[{"href":"https:\/\/www.sensorialsunsets.com\/fr\/wp-json\/wp\/v2\/posts\/22212","targetHints":{"allow":["GET"]}}],"collection":[{"href":"https:\/\/www.sensorialsunsets.com\/fr\/wp-json\/wp\/v2\/posts"}],"about":[{"href":"https:\/\/www.sensorialsunsets.com\/fr\/wp-json\/wp\/v2\/types\/post"}],"author":[{"embeddable":true,"href":"https:\/\/www.sensorialsunsets.com\/fr\/wp-json\/wp\/v2\/users\/4"}],"replies":[{"embeddable":true,"href":"https:\/\/www.sensorialsunsets.com\/fr\/wp-json\/wp\/v2\/comments?post=22212"}],"version-history":[{"count":4,"href":"https:\/\/www.sensorialsunsets.com\/fr\/wp-json\/wp\/v2\/posts\/22212\/revisions"}],"predecessor-version":[{"id":22218,"href":"https:\/\/www.sensorialsunsets.com\/fr\/wp-json\/wp\/v2\/posts\/22212\/revisions\/22218"}],"wp:featuredmedia":[{"embeddable":true,"href":"https:\/\/www.sensorialsunsets.com\/fr\/wp-json\/wp\/v2\/media\/22207"}],"wp:attachment":[{"href":"https:\/\/www.sensorialsunsets.com\/fr\/wp-json\/wp\/v2\/media?parent=22212"}],"wp:term":[{"taxonomy":"category","embeddable":true,"href":"https:\/\/www.sensorialsunsets.com\/fr\/wp-json\/wp\/v2\/categories?post=22212"},{"taxonomy":"post_tag","embeddable":true,"href":"https:\/\/www.sensorialsunsets.com\/fr\/wp-json\/wp\/v2\/tags?post=22212"}],"curies":[{"name":"wp","href":"https:\/\/api.w.org\/{rel}","templated":true}]}}