{"id":22257,"date":"2025-06-23T16:49:48","date_gmt":"2025-06-23T22:49:48","guid":{"rendered":"https:\/\/www.sensorialsunsets.com\/?p=22257"},"modified":"2025-06-23T16:49:48","modified_gmt":"2025-06-23T22:49:48","slug":"un-passe-entre-les-lignes-manifestations-rupestres-dans-la-cordillere-volcanique-de-guanacaste","status":"publish","type":"post","link":"https:\/\/www.sensorialsunsets.com\/fr\/un-passe-entre-les-lignes-manifestations-rupestres-dans-la-cordillere-volcanique-de-guanacaste\/","title":{"rendered":"Un pass\u00e9 entre les lignes : manifestations rupestres dans la cordill\u00e8re volcanique de Guanacaste"},"content":{"rendered":"\n<p class=\"has-small-font-size\">Un pass\u00e9 entre les lignes<\/p>\n\n\n\n<p>L&rsquo;art rupestre n&rsquo;est pas l&rsquo;apanage de l&rsquo;Afrique, de l&rsquo;Asie ou de l&rsquo;Europe ; il fait \u00e9galement partie du patrimoine am\u00e9ricain et costaricien. La nouvelle exposition \u00ab Un pass\u00e9 entre les lignes : manifestations rupestres dans la cordill\u00e8re volcanique de Guanacaste \u00bb, organis\u00e9e par les Mus\u00e9es de la Banque centrale, le d\u00e9montre \u00e0 travers des d\u00e9couvertes faites sur les flancs des volcans Rinc\u00f3n de la Vieja, Tenorio, Oros\u00ed et Miravalles.<\/p>\n\n\n\n<p>L&rsquo;exposition r\u00e9v\u00e8le le pass\u00e9 pr\u00e9colombien \u00e0 travers des gravures et des peintures rupestres r\u00e9alis\u00e9es sur les rochers des volcans. Ces manifestations rupestres t\u00e9moignent de la relation spirituelle, symbolique et territoriale que les anciens habitants de la r\u00e9gion entretenaient avec leur environnement naturel.<\/p>\n\n\n\n<div style=\"height:100px\" aria-hidden=\"true\" class=\"wp-block-spacer\"><\/div>\n\n\n\n<figure class=\"wp-block-gallery has-nested-images columns-default is-cropped wp-block-gallery-1 is-layout-flex wp-block-gallery-is-layout-flex\">\n<figure class=\"wp-block-image size-large\"><img loading=\"lazy\" decoding=\"async\" width=\"1024\" height=\"683\" data-id=\"22230\" src=\"https:\/\/www.sensorialsunsets.com\/wp-content\/uploads\/2025\/06\/Un-pasado-entre-lineas1-1024x683.jpg\" alt=\"Un pass\u00e9 entre les lignes\" class=\"wp-image-22230\" srcset=\"https:\/\/www.sensorialsunsets.com\/wp-content\/uploads\/2025\/06\/Un-pasado-entre-lineas1-1024x683.jpg 1024w, https:\/\/www.sensorialsunsets.com\/wp-content\/uploads\/2025\/06\/Un-pasado-entre-lineas1-300x200.jpg 300w, https:\/\/www.sensorialsunsets.com\/wp-content\/uploads\/2025\/06\/Un-pasado-entre-lineas1-768x512.jpg 768w, https:\/\/www.sensorialsunsets.com\/wp-content\/uploads\/2025\/06\/Un-pasado-entre-lineas1-1536x1024.jpg 1536w, https:\/\/www.sensorialsunsets.com\/wp-content\/uploads\/2025\/06\/Un-pasado-entre-lineas1-2048x1366.jpg 2048w, https:\/\/www.sensorialsunsets.com\/wp-content\/uploads\/2025\/06\/Un-pasado-entre-lineas1-334x222.jpg 334w, https:\/\/www.sensorialsunsets.com\/wp-content\/uploads\/2025\/06\/Un-pasado-entre-lineas1-1320x880.jpg 1320w\" sizes=\"auto, (max-width: 1024px) 100vw, 1024px\" \/><\/figure>\n\n\n\n<figure class=\"wp-block-image size-large\"><img loading=\"lazy\" decoding=\"async\" width=\"1024\" height=\"683\" data-id=\"22236\" src=\"https:\/\/www.sensorialsunsets.com\/wp-content\/uploads\/2025\/06\/Un-pasado-entre-lineas2-1024x683.jpg\" alt=\"Un pass\u00e9 entre les lignes\" class=\"wp-image-22236\" srcset=\"https:\/\/www.sensorialsunsets.com\/wp-content\/uploads\/2025\/06\/Un-pasado-entre-lineas2-1024x683.jpg 1024w, https:\/\/www.sensorialsunsets.com\/wp-content\/uploads\/2025\/06\/Un-pasado-entre-lineas2-300x200.jpg 300w, https:\/\/www.sensorialsunsets.com\/wp-content\/uploads\/2025\/06\/Un-pasado-entre-lineas2-768x512.jpg 768w, https:\/\/www.sensorialsunsets.com\/wp-content\/uploads\/2025\/06\/Un-pasado-entre-lineas2-1536x1024.jpg 1536w, https:\/\/www.sensorialsunsets.com\/wp-content\/uploads\/2025\/06\/Un-pasado-entre-lineas2-2048x1366.jpg 2048w, https:\/\/www.sensorialsunsets.com\/wp-content\/uploads\/2025\/06\/Un-pasado-entre-lineas2-334x222.jpg 334w, https:\/\/www.sensorialsunsets.com\/wp-content\/uploads\/2025\/06\/Un-pasado-entre-lineas2-1320x880.jpg 1320w\" sizes=\"auto, (max-width: 1024px) 100vw, 1024px\" \/><\/figure>\n\n\n\n<figure class=\"wp-block-image size-large\"><img loading=\"lazy\" decoding=\"async\" width=\"1024\" height=\"684\" data-id=\"22239\" src=\"https:\/\/www.sensorialsunsets.com\/wp-content\/uploads\/2025\/06\/Un-pasado-entre-lineas3-1024x684.jpg\" alt=\"Un pass\u00e9 entre les lignes\" class=\"wp-image-22239\" srcset=\"https:\/\/www.sensorialsunsets.com\/wp-content\/uploads\/2025\/06\/Un-pasado-entre-lineas3-1024x684.jpg 1024w, https:\/\/www.sensorialsunsets.com\/wp-content\/uploads\/2025\/06\/Un-pasado-entre-lineas3-300x200.jpg 300w, https:\/\/www.sensorialsunsets.com\/wp-content\/uploads\/2025\/06\/Un-pasado-entre-lineas3-768x513.jpg 768w, https:\/\/www.sensorialsunsets.com\/wp-content\/uploads\/2025\/06\/Un-pasado-entre-lineas3-1536x1025.jpg 1536w, https:\/\/www.sensorialsunsets.com\/wp-content\/uploads\/2025\/06\/Un-pasado-entre-lineas3-2048x1367.jpg 2048w, https:\/\/www.sensorialsunsets.com\/wp-content\/uploads\/2025\/06\/Un-pasado-entre-lineas3-334x222.jpg 334w, https:\/\/www.sensorialsunsets.com\/wp-content\/uploads\/2025\/06\/Un-pasado-entre-lineas3-1320x881.jpg 1320w\" sizes=\"auto, (max-width: 1024px) 100vw, 1024px\" \/><\/figure>\n<\/figure>\n\n\n\n<div style=\"height:100px\" aria-hidden=\"true\" class=\"wp-block-spacer\"><\/div>\n\n\n\n<h3 class=\"wp-block-heading\">Un pass\u00e9 entre les lignes : d\u00e9couverte arch\u00e9ologique sans pr\u00e9c\u00e9dent<\/h3>\n\n\n\n<p>L&rsquo;exposition s&rsquo;appuie sur les d\u00e9couvertes du <strong>Projet arch\u00e9ologique de Guanacaste (PRAG)<\/strong>, une collaboration internationale entre des chercheurs fran\u00e7ais, allemands et costaricains qui, pendant trois ans, ont analys\u00e9 74 sites arch\u00e9ologiques, dont 27 ont \u00e9t\u00e9 document\u00e9s pour la premi\u00e8re fois dans la base de donn\u00e9es Or\u00edgenes du Mus\u00e9e national.<\/p>\n\n\n\n<p>L&rsquo;\u00e9quipe scientifique \u00e9tait compos\u00e9e des arch\u00e9ologues <strong>Philippe Costa<\/strong> et <strong>Eric Gelliot<\/strong> (France), <strong>Martin K\u00fcnne<\/strong> (Allemagne) et <strong>Priscilla Molina<\/strong> (Costa Rica), qui ont men\u00e9 un travail multidisciplinaire combinant technologie, analyse de terrain et approche culturelle afin d&rsquo;approfondir la connaissance de ces anciennes formes d&rsquo;expression.<\/p>\n\n\n\n<div style=\"height:100px\" aria-hidden=\"true\" class=\"wp-block-spacer\"><\/div>\n\n\n\n<figure class=\"wp-block-gallery has-nested-images columns-default is-cropped wp-block-gallery-2 is-layout-flex wp-block-gallery-is-layout-flex\">\n<figure class=\"wp-block-image size-large\"><img loading=\"lazy\" decoding=\"async\" width=\"1024\" height=\"683\" data-id=\"22242\" src=\"https:\/\/www.sensorialsunsets.com\/wp-content\/uploads\/2025\/06\/Un-pasado-entre-lineas-1024x683.jpg\" alt=\"Un pass\u00e9 entre les lignes\" class=\"wp-image-22242\" srcset=\"https:\/\/www.sensorialsunsets.com\/wp-content\/uploads\/2025\/06\/Un-pasado-entre-lineas-1024x683.jpg 1024w, https:\/\/www.sensorialsunsets.com\/wp-content\/uploads\/2025\/06\/Un-pasado-entre-lineas-300x200.jpg 300w, https:\/\/www.sensorialsunsets.com\/wp-content\/uploads\/2025\/06\/Un-pasado-entre-lineas-768x512.jpg 768w, https:\/\/www.sensorialsunsets.com\/wp-content\/uploads\/2025\/06\/Un-pasado-entre-lineas-1536x1024.jpg 1536w, https:\/\/www.sensorialsunsets.com\/wp-content\/uploads\/2025\/06\/Un-pasado-entre-lineas-2048x1366.jpg 2048w, https:\/\/www.sensorialsunsets.com\/wp-content\/uploads\/2025\/06\/Un-pasado-entre-lineas-334x222.jpg 334w, https:\/\/www.sensorialsunsets.com\/wp-content\/uploads\/2025\/06\/Un-pasado-entre-lineas-1320x880.jpg 1320w\" sizes=\"auto, (max-width: 1024px) 100vw, 1024px\" \/><\/figure>\n\n\n\n<figure class=\"wp-block-image size-large\"><img loading=\"lazy\" decoding=\"async\" width=\"1024\" height=\"683\" data-id=\"22233\" src=\"https:\/\/www.sensorialsunsets.com\/wp-content\/uploads\/2025\/06\/Un-pasado-entre-lineas4-1024x683.jpg\" alt=\"\" class=\"wp-image-22233\" srcset=\"https:\/\/www.sensorialsunsets.com\/wp-content\/uploads\/2025\/06\/Un-pasado-entre-lineas4-1024x683.jpg 1024w, https:\/\/www.sensorialsunsets.com\/wp-content\/uploads\/2025\/06\/Un-pasado-entre-lineas4-300x200.jpg 300w, https:\/\/www.sensorialsunsets.com\/wp-content\/uploads\/2025\/06\/Un-pasado-entre-lineas4-768x512.jpg 768w, https:\/\/www.sensorialsunsets.com\/wp-content\/uploads\/2025\/06\/Un-pasado-entre-lineas4-1536x1024.jpg 1536w, https:\/\/www.sensorialsunsets.com\/wp-content\/uploads\/2025\/06\/Un-pasado-entre-lineas4-2048x1366.jpg 2048w, https:\/\/www.sensorialsunsets.com\/wp-content\/uploads\/2025\/06\/Un-pasado-entre-lineas4-334x222.jpg 334w, https:\/\/www.sensorialsunsets.com\/wp-content\/uploads\/2025\/06\/Un-pasado-entre-lineas4-1320x880.jpg 1320w\" sizes=\"auto, (max-width: 1024px) 100vw, 1024px\" \/><\/figure>\n\n\n\n<figure class=\"wp-block-image size-large\"><img loading=\"lazy\" decoding=\"async\" width=\"1024\" height=\"683\" data-id=\"22245\" src=\"https:\/\/www.sensorialsunsets.com\/wp-content\/uploads\/2025\/06\/Un-pasado-entre-lineas5-1024x683.jpg\" alt=\"Un pass\u00e9 entre les lignes\" class=\"wp-image-22245\" srcset=\"https:\/\/www.sensorialsunsets.com\/wp-content\/uploads\/2025\/06\/Un-pasado-entre-lineas5-1024x683.jpg 1024w, https:\/\/www.sensorialsunsets.com\/wp-content\/uploads\/2025\/06\/Un-pasado-entre-lineas5-300x200.jpg 300w, https:\/\/www.sensorialsunsets.com\/wp-content\/uploads\/2025\/06\/Un-pasado-entre-lineas5-768x512.jpg 768w, https:\/\/www.sensorialsunsets.com\/wp-content\/uploads\/2025\/06\/Un-pasado-entre-lineas5-1536x1024.jpg 1536w, https:\/\/www.sensorialsunsets.com\/wp-content\/uploads\/2025\/06\/Un-pasado-entre-lineas5-2048x1366.jpg 2048w, https:\/\/www.sensorialsunsets.com\/wp-content\/uploads\/2025\/06\/Un-pasado-entre-lineas5-334x222.jpg 334w, https:\/\/www.sensorialsunsets.com\/wp-content\/uploads\/2025\/06\/Un-pasado-entre-lineas5-1320x880.jpg 1320w\" sizes=\"auto, (max-width: 1024px) 100vw, 1024px\" \/><\/figure>\n<\/figure>\n\n\n\n<div style=\"height:100px\" aria-hidden=\"true\" class=\"wp-block-spacer\"><\/div>\n\n\n\n<h3 class=\"wp-block-heading\">Exp\u00e9rience pour tous les \u00e2ges<\/h3>\n\n\n\n<p>L&rsquo;exposition relie l&rsquo;art, l&rsquo;histoire et l&rsquo;identit\u00e9 \u00e0 travers l&rsquo;h\u00e9ritage culturel des volcans du nord. Elle est ouverte tous les jours de 9h15 \u00e0 17h00.<\/p>\n\n\n\n<p>Mus\u00e9es de la Banque centrale, situ\u00e9s sous la Plaza de la Cultura, dans le centre de San Jos\u00e9.<\/p>\n\n\n\n<p><strong>Tarifs d&rsquo;entr\u00e9e :<\/strong><\/p>\n\n\n\n<ul class=\"wp-block-list\">\n<li><strong>\u00c9trangers :<\/strong> 15 $ (tarif normal) et 11 $ (\u00e9tudiants sur pr\u00e9sentation d&rsquo;une carte d&rsquo;\u00e9tudiant).<\/li>\n<\/ul>\n\n\n\n<p><strong>Billets disponibles en ligne :<\/strong> <a class=\"\" href=\"https:\/\/boleteria.museosdelbancocentral.org\/\">boleteria.museosdelbancocentral.org<\/a><\/p>\n\n\n\n<p><strong>Sensorial Sunsets<\/strong><\/p>\n","protected":false},"excerpt":{"rendered":"<p>Un pass\u00e9 entre les lignes L&rsquo;art rupestre n&rsquo;est pas l&rsquo;apanage de l&rsquo;Afrique, de l&rsquo;Asie ou de l&rsquo;Europe ; il fait \u00e9galement partie du patrimoine am\u00e9ricain et costaricien. La nouvelle exposition \u00ab Un pass\u00e9 entre les lignes : manifestations rupestres dans la cordill\u00e8re volcanique de Guanacaste \u00bb, organis\u00e9e par les Mus\u00e9es de la Banque centrale, le [&hellip;]<\/p>\n","protected":false},"author":4,"featured_media":22247,"comment_status":"closed","ping_status":"closed","sticky":false,"template":"","format":"standard","meta":{"_acf_changed":false,"inline_featured_image":false,"_monsterinsights_skip_tracking":false,"_monsterinsights_sitenote_active":false,"_monsterinsights_sitenote_note":"","_monsterinsights_sitenote_category":0,"footnotes":""},"categories":[1],"tags":[],"class_list":["post-22257","post","type-post","status-publish","format-standard","has-post-thumbnail","hentry","category-non-classifiee"],"acf":[],"yoast_head":"<!-- This site is optimized with the Yoast SEO plugin v27.4 - https:\/\/yoast.com\/product\/yoast-seo-wordpress\/ -->\n<title>Un pass\u00e9 entre les lignes : l&#039;art rupestre de Guanacaste<\/title>\n<meta name=\"description\" content=\"Un pass\u00e9 entre les lignes explore l&#039;art rupestre pr\u00e9colombien des volcans de Guanacaste. Une exposition aux Mus\u00e9es de la Banque centrale.\" \/>\n<meta name=\"robots\" content=\"index, follow, max-snippet:-1, max-image-preview:large, max-video-preview:-1\" \/>\n<link rel=\"canonical\" href=\"https:\/\/www.sensorialsunsets.com\/fr\/un-passe-entre-les-lignes-manifestations-rupestres-dans-la-cordillere-volcanique-de-guanacaste\/\" \/>\n<meta property=\"og:locale\" content=\"fr_FR\" \/>\n<meta property=\"og:type\" content=\"article\" \/>\n<meta property=\"og:title\" content=\"Un pass\u00e9 entre les lignes : l&#039;art rupestre de Guanacaste\" \/>\n<meta property=\"og:description\" content=\"Un pass\u00e9 entre les lignes explore l&#039;art rupestre pr\u00e9colombien des volcans de Guanacaste. Une exposition aux Mus\u00e9es de la Banque centrale.\" \/>\n<meta property=\"og:url\" content=\"https:\/\/www.sensorialsunsets.com\/fr\/un-passe-entre-les-lignes-manifestations-rupestres-dans-la-cordillere-volcanique-de-guanacaste\/\" \/>\n<meta property=\"og:site_name\" content=\"SensorialSunsets\" \/>\n<meta property=\"article:publisher\" content=\"https:\/\/www.facebook.com\/Sensorial-Sunsets-109180614715562\" \/>\n<meta property=\"article:published_time\" content=\"2025-06-23T22:49:48+00:00\" \/>\n<meta property=\"og:image\" content=\"https:\/\/www.sensorialsunsets.com\/wp-content\/uploads\/2025\/06\/Un-pasado-entre-lineas5.jpg\" \/>\n\t<meta property=\"og:image:width\" content=\"2500\" \/>\n\t<meta property=\"og:image:height\" content=\"1667\" \/>\n\t<meta property=\"og:image:type\" content=\"image\/jpeg\" \/>\n<meta name=\"author\" content=\"Sensorial Sunsets\" \/>\n<meta name=\"twitter:card\" content=\"summary_large_image\" \/>\n<meta name=\"twitter:label1\" content=\"\u00c9crit par\" \/>\n\t<meta name=\"twitter:data1\" content=\"Sensorial Sunsets\" \/>\n\t<meta name=\"twitter:label2\" content=\"Dur\u00e9e de lecture estim\u00e9e\" \/>\n\t<meta name=\"twitter:data2\" content=\"2 minutes\" \/>\n<script type=\"application\/ld+json\" class=\"yoast-schema-graph\">{\"@context\":\"https:\\\/\\\/schema.org\",\"@graph\":[{\"@type\":\"Article\",\"@id\":\"https:\\\/\\\/www.sensorialsunsets.com\\\/fr\\\/un-passe-entre-les-lignes-manifestations-rupestres-dans-la-cordillere-volcanique-de-guanacaste\\\/#article\",\"isPartOf\":{\"@id\":\"https:\\\/\\\/www.sensorialsunsets.com\\\/fr\\\/un-passe-entre-les-lignes-manifestations-rupestres-dans-la-cordillere-volcanique-de-guanacaste\\\/\"},\"author\":{\"name\":\"Sensorial Sunsets\",\"@id\":\"https:\\\/\\\/www.sensorialsunsets.com\\\/fr\\\/#\\\/schema\\\/person\\\/77e2fa594135aa94024c47e281d8a94d\"},\"headline\":\"Un pass\u00e9 entre les lignes : manifestations rupestres dans la cordill\u00e8re volcanique de Guanacaste\",\"datePublished\":\"2025-06-23T22:49:48+00:00\",\"mainEntityOfPage\":{\"@id\":\"https:\\\/\\\/www.sensorialsunsets.com\\\/fr\\\/un-passe-entre-les-lignes-manifestations-rupestres-dans-la-cordillere-volcanique-de-guanacaste\\\/\"},\"wordCount\":344,\"publisher\":{\"@id\":\"https:\\\/\\\/www.sensorialsunsets.com\\\/fr\\\/#organization\"},\"image\":{\"@id\":\"https:\\\/\\\/www.sensorialsunsets.com\\\/fr\\\/un-passe-entre-les-lignes-manifestations-rupestres-dans-la-cordillere-volcanique-de-guanacaste\\\/#primaryimage\"},\"thumbnailUrl\":\"https:\\\/\\\/www.sensorialsunsets.com\\\/wp-content\\\/uploads\\\/2025\\\/06\\\/Un-pasado-entre-lineas5.jpg\",\"articleSection\":[\"Non classifi\u00e9(e)\"],\"inLanguage\":\"fr-FR\"},{\"@type\":\"WebPage\",\"@id\":\"https:\\\/\\\/www.sensorialsunsets.com\\\/fr\\\/un-passe-entre-les-lignes-manifestations-rupestres-dans-la-cordillere-volcanique-de-guanacaste\\\/\",\"url\":\"https:\\\/\\\/www.sensorialsunsets.com\\\/fr\\\/un-passe-entre-les-lignes-manifestations-rupestres-dans-la-cordillere-volcanique-de-guanacaste\\\/\",\"name\":\"Un pass\u00e9 entre les lignes : l'art rupestre de Guanacaste\",\"isPartOf\":{\"@id\":\"https:\\\/\\\/www.sensorialsunsets.com\\\/fr\\\/#website\"},\"primaryImageOfPage\":{\"@id\":\"https:\\\/\\\/www.sensorialsunsets.com\\\/fr\\\/un-passe-entre-les-lignes-manifestations-rupestres-dans-la-cordillere-volcanique-de-guanacaste\\\/#primaryimage\"},\"image\":{\"@id\":\"https:\\\/\\\/www.sensorialsunsets.com\\\/fr\\\/un-passe-entre-les-lignes-manifestations-rupestres-dans-la-cordillere-volcanique-de-guanacaste\\\/#primaryimage\"},\"thumbnailUrl\":\"https:\\\/\\\/www.sensorialsunsets.com\\\/wp-content\\\/uploads\\\/2025\\\/06\\\/Un-pasado-entre-lineas5.jpg\",\"datePublished\":\"2025-06-23T22:49:48+00:00\",\"description\":\"Un pass\u00e9 entre les lignes explore l'art rupestre pr\u00e9colombien des volcans de Guanacaste. Une exposition aux Mus\u00e9es de la Banque centrale.\",\"inLanguage\":\"fr-FR\",\"potentialAction\":[{\"@type\":\"ReadAction\",\"target\":[\"https:\\\/\\\/www.sensorialsunsets.com\\\/fr\\\/un-passe-entre-les-lignes-manifestations-rupestres-dans-la-cordillere-volcanique-de-guanacaste\\\/\"]}]},{\"@type\":\"ImageObject\",\"inLanguage\":\"fr-FR\",\"@id\":\"https:\\\/\\\/www.sensorialsunsets.com\\\/fr\\\/un-passe-entre-les-lignes-manifestations-rupestres-dans-la-cordillere-volcanique-de-guanacaste\\\/#primaryimage\",\"url\":\"https:\\\/\\\/www.sensorialsunsets.com\\\/wp-content\\\/uploads\\\/2025\\\/06\\\/Un-pasado-entre-lineas5.jpg\",\"contentUrl\":\"https:\\\/\\\/www.sensorialsunsets.com\\\/wp-content\\\/uploads\\\/2025\\\/06\\\/Un-pasado-entre-lineas5.jpg\",\"width\":2500,\"height\":1667},{\"@type\":\"WebSite\",\"@id\":\"https:\\\/\\\/www.sensorialsunsets.com\\\/fr\\\/#website\",\"url\":\"https:\\\/\\\/www.sensorialsunsets.com\\\/fr\\\/\",\"name\":\"SensorialSunsets.com\",\"description\":\"D\u00e9couvrez la culture et la soci\u00e9t\u00e9 du Costa Rica sur notre blog. Explorez des articles captivants et partagez le contenu.\",\"publisher\":{\"@id\":\"https:\\\/\\\/www.sensorialsunsets.com\\\/fr\\\/#organization\"},\"alternateName\":\"Costa Rica Live Blog\",\"potentialAction\":[{\"@type\":\"SearchAction\",\"target\":{\"@type\":\"EntryPoint\",\"urlTemplate\":\"https:\\\/\\\/www.sensorialsunsets.com\\\/fr\\\/?s={search_term_string}\"},\"query-input\":{\"@type\":\"PropertyValueSpecification\",\"valueRequired\":true,\"valueName\":\"search_term_string\"}}],\"inLanguage\":\"fr-FR\"},{\"@type\":\"Organization\",\"@id\":\"https:\\\/\\\/www.sensorialsunsets.com\\\/fr\\\/#organization\",\"name\":\"SensorialSunsets\",\"url\":\"https:\\\/\\\/www.sensorialsunsets.com\\\/fr\\\/\",\"logo\":{\"@type\":\"ImageObject\",\"inLanguage\":\"fr-FR\",\"@id\":\"https:\\\/\\\/www.sensorialsunsets.com\\\/fr\\\/#\\\/schema\\\/logo\\\/image\\\/\",\"url\":\"https:\\\/\\\/www.sensorialsunsets.com\\\/wp-content\\\/uploads\\\/2023\\\/04\\\/Logo_base_line_fond_clair.svg\",\"contentUrl\":\"https:\\\/\\\/www.sensorialsunsets.com\\\/wp-content\\\/uploads\\\/2023\\\/04\\\/Logo_base_line_fond_clair.svg\",\"width\":\"1024\",\"height\":\"1024\",\"caption\":\"SensorialSunsets\"},\"image\":{\"@id\":\"https:\\\/\\\/www.sensorialsunsets.com\\\/fr\\\/#\\\/schema\\\/logo\\\/image\\\/\"},\"sameAs\":[\"https:\\\/\\\/www.facebook.com\\\/Sensorial-Sunsets-109180614715562\",\"https:\\\/\\\/www.instagram.com\\\/sensorialsunsets\\\/\"]},{\"@type\":\"Person\",\"@id\":\"https:\\\/\\\/www.sensorialsunsets.com\\\/fr\\\/#\\\/schema\\\/person\\\/77e2fa594135aa94024c47e281d8a94d\",\"name\":\"Sensorial Sunsets\",\"image\":{\"@type\":\"ImageObject\",\"inLanguage\":\"fr-FR\",\"@id\":\"https:\\\/\\\/secure.gravatar.com\\\/avatar\\\/5f2d62681b1dad94c28f1500d4fc75582acdfd32b55fd1acce0a36a3c487eabe?s=96&d=mm&r=g\",\"url\":\"https:\\\/\\\/secure.gravatar.com\\\/avatar\\\/5f2d62681b1dad94c28f1500d4fc75582acdfd32b55fd1acce0a36a3c487eabe?s=96&d=mm&r=g\",\"contentUrl\":\"https:\\\/\\\/secure.gravatar.com\\\/avatar\\\/5f2d62681b1dad94c28f1500d4fc75582acdfd32b55fd1acce0a36a3c487eabe?s=96&d=mm&r=g\",\"caption\":\"Sensorial Sunsets\"},\"url\":\"https:\\\/\\\/www.sensorialsunsets.com\\\/fr\\\/author\\\/asistentes-sensorial-sunsets\\\/\"}]}<\/script>\n<!-- \/ Yoast SEO plugin. -->","yoast_head_json":{"title":"Un pass\u00e9 entre les lignes : l'art rupestre de Guanacaste","description":"Un pass\u00e9 entre les lignes explore l'art rupestre pr\u00e9colombien des volcans de Guanacaste. Une exposition aux Mus\u00e9es de la Banque centrale.","robots":{"index":"index","follow":"follow","max-snippet":"max-snippet:-1","max-image-preview":"max-image-preview:large","max-video-preview":"max-video-preview:-1"},"canonical":"https:\/\/www.sensorialsunsets.com\/fr\/un-passe-entre-les-lignes-manifestations-rupestres-dans-la-cordillere-volcanique-de-guanacaste\/","og_locale":"fr_FR","og_type":"article","og_title":"Un pass\u00e9 entre les lignes : l'art rupestre de Guanacaste","og_description":"Un pass\u00e9 entre les lignes explore l'art rupestre pr\u00e9colombien des volcans de Guanacaste. Une exposition aux Mus\u00e9es de la Banque centrale.","og_url":"https:\/\/www.sensorialsunsets.com\/fr\/un-passe-entre-les-lignes-manifestations-rupestres-dans-la-cordillere-volcanique-de-guanacaste\/","og_site_name":"SensorialSunsets","article_publisher":"https:\/\/www.facebook.com\/Sensorial-Sunsets-109180614715562","article_published_time":"2025-06-23T22:49:48+00:00","og_image":[{"width":2500,"height":1667,"url":"https:\/\/www.sensorialsunsets.com\/wp-content\/uploads\/2025\/06\/Un-pasado-entre-lineas5.jpg","type":"image\/jpeg"}],"author":"Sensorial Sunsets","twitter_card":"summary_large_image","twitter_misc":{"\u00c9crit par":"Sensorial Sunsets","Dur\u00e9e de lecture estim\u00e9e":"2 minutes"},"schema":{"@context":"https:\/\/schema.org","@graph":[{"@type":"Article","@id":"https:\/\/www.sensorialsunsets.com\/fr\/un-passe-entre-les-lignes-manifestations-rupestres-dans-la-cordillere-volcanique-de-guanacaste\/#article","isPartOf":{"@id":"https:\/\/www.sensorialsunsets.com\/fr\/un-passe-entre-les-lignes-manifestations-rupestres-dans-la-cordillere-volcanique-de-guanacaste\/"},"author":{"name":"Sensorial Sunsets","@id":"https:\/\/www.sensorialsunsets.com\/fr\/#\/schema\/person\/77e2fa594135aa94024c47e281d8a94d"},"headline":"Un pass\u00e9 entre les lignes : manifestations rupestres dans la cordill\u00e8re volcanique de Guanacaste","datePublished":"2025-06-23T22:49:48+00:00","mainEntityOfPage":{"@id":"https:\/\/www.sensorialsunsets.com\/fr\/un-passe-entre-les-lignes-manifestations-rupestres-dans-la-cordillere-volcanique-de-guanacaste\/"},"wordCount":344,"publisher":{"@id":"https:\/\/www.sensorialsunsets.com\/fr\/#organization"},"image":{"@id":"https:\/\/www.sensorialsunsets.com\/fr\/un-passe-entre-les-lignes-manifestations-rupestres-dans-la-cordillere-volcanique-de-guanacaste\/#primaryimage"},"thumbnailUrl":"https:\/\/www.sensorialsunsets.com\/wp-content\/uploads\/2025\/06\/Un-pasado-entre-lineas5.jpg","articleSection":["Non classifi\u00e9(e)"],"inLanguage":"fr-FR"},{"@type":"WebPage","@id":"https:\/\/www.sensorialsunsets.com\/fr\/un-passe-entre-les-lignes-manifestations-rupestres-dans-la-cordillere-volcanique-de-guanacaste\/","url":"https:\/\/www.sensorialsunsets.com\/fr\/un-passe-entre-les-lignes-manifestations-rupestres-dans-la-cordillere-volcanique-de-guanacaste\/","name":"Un pass\u00e9 entre les lignes : l'art rupestre de Guanacaste","isPartOf":{"@id":"https:\/\/www.sensorialsunsets.com\/fr\/#website"},"primaryImageOfPage":{"@id":"https:\/\/www.sensorialsunsets.com\/fr\/un-passe-entre-les-lignes-manifestations-rupestres-dans-la-cordillere-volcanique-de-guanacaste\/#primaryimage"},"image":{"@id":"https:\/\/www.sensorialsunsets.com\/fr\/un-passe-entre-les-lignes-manifestations-rupestres-dans-la-cordillere-volcanique-de-guanacaste\/#primaryimage"},"thumbnailUrl":"https:\/\/www.sensorialsunsets.com\/wp-content\/uploads\/2025\/06\/Un-pasado-entre-lineas5.jpg","datePublished":"2025-06-23T22:49:48+00:00","description":"Un pass\u00e9 entre les lignes explore l'art rupestre pr\u00e9colombien des volcans de Guanacaste. Une exposition aux Mus\u00e9es de la Banque centrale.","inLanguage":"fr-FR","potentialAction":[{"@type":"ReadAction","target":["https:\/\/www.sensorialsunsets.com\/fr\/un-passe-entre-les-lignes-manifestations-rupestres-dans-la-cordillere-volcanique-de-guanacaste\/"]}]},{"@type":"ImageObject","inLanguage":"fr-FR","@id":"https:\/\/www.sensorialsunsets.com\/fr\/un-passe-entre-les-lignes-manifestations-rupestres-dans-la-cordillere-volcanique-de-guanacaste\/#primaryimage","url":"https:\/\/www.sensorialsunsets.com\/wp-content\/uploads\/2025\/06\/Un-pasado-entre-lineas5.jpg","contentUrl":"https:\/\/www.sensorialsunsets.com\/wp-content\/uploads\/2025\/06\/Un-pasado-entre-lineas5.jpg","width":2500,"height":1667},{"@type":"WebSite","@id":"https:\/\/www.sensorialsunsets.com\/fr\/#website","url":"https:\/\/www.sensorialsunsets.com\/fr\/","name":"SensorialSunsets.com","description":"D\u00e9couvrez la culture et la soci\u00e9t\u00e9 du Costa Rica sur notre blog. Explorez des articles captivants et partagez le contenu.","publisher":{"@id":"https:\/\/www.sensorialsunsets.com\/fr\/#organization"},"alternateName":"Costa Rica Live Blog","potentialAction":[{"@type":"SearchAction","target":{"@type":"EntryPoint","urlTemplate":"https:\/\/www.sensorialsunsets.com\/fr\/?s={search_term_string}"},"query-input":{"@type":"PropertyValueSpecification","valueRequired":true,"valueName":"search_term_string"}}],"inLanguage":"fr-FR"},{"@type":"Organization","@id":"https:\/\/www.sensorialsunsets.com\/fr\/#organization","name":"SensorialSunsets","url":"https:\/\/www.sensorialsunsets.com\/fr\/","logo":{"@type":"ImageObject","inLanguage":"fr-FR","@id":"https:\/\/www.sensorialsunsets.com\/fr\/#\/schema\/logo\/image\/","url":"https:\/\/www.sensorialsunsets.com\/wp-content\/uploads\/2023\/04\/Logo_base_line_fond_clair.svg","contentUrl":"https:\/\/www.sensorialsunsets.com\/wp-content\/uploads\/2023\/04\/Logo_base_line_fond_clair.svg","width":"1024","height":"1024","caption":"SensorialSunsets"},"image":{"@id":"https:\/\/www.sensorialsunsets.com\/fr\/#\/schema\/logo\/image\/"},"sameAs":["https:\/\/www.facebook.com\/Sensorial-Sunsets-109180614715562","https:\/\/www.instagram.com\/sensorialsunsets\/"]},{"@type":"Person","@id":"https:\/\/www.sensorialsunsets.com\/fr\/#\/schema\/person\/77e2fa594135aa94024c47e281d8a94d","name":"Sensorial Sunsets","image":{"@type":"ImageObject","inLanguage":"fr-FR","@id":"https:\/\/secure.gravatar.com\/avatar\/5f2d62681b1dad94c28f1500d4fc75582acdfd32b55fd1acce0a36a3c487eabe?s=96&d=mm&r=g","url":"https:\/\/secure.gravatar.com\/avatar\/5f2d62681b1dad94c28f1500d4fc75582acdfd32b55fd1acce0a36a3c487eabe?s=96&d=mm&r=g","contentUrl":"https:\/\/secure.gravatar.com\/avatar\/5f2d62681b1dad94c28f1500d4fc75582acdfd32b55fd1acce0a36a3c487eabe?s=96&d=mm&r=g","caption":"Sensorial Sunsets"},"url":"https:\/\/www.sensorialsunsets.com\/fr\/author\/asistentes-sensorial-sunsets\/"}]}},"_links":{"self":[{"href":"https:\/\/www.sensorialsunsets.com\/fr\/wp-json\/wp\/v2\/posts\/22257","targetHints":{"allow":["GET"]}}],"collection":[{"href":"https:\/\/www.sensorialsunsets.com\/fr\/wp-json\/wp\/v2\/posts"}],"about":[{"href":"https:\/\/www.sensorialsunsets.com\/fr\/wp-json\/wp\/v2\/types\/post"}],"author":[{"embeddable":true,"href":"https:\/\/www.sensorialsunsets.com\/fr\/wp-json\/wp\/v2\/users\/4"}],"replies":[{"embeddable":true,"href":"https:\/\/www.sensorialsunsets.com\/fr\/wp-json\/wp\/v2\/comments?post=22257"}],"version-history":[{"count":3,"href":"https:\/\/www.sensorialsunsets.com\/fr\/wp-json\/wp\/v2\/posts\/22257\/revisions"}],"predecessor-version":[{"id":22260,"href":"https:\/\/www.sensorialsunsets.com\/fr\/wp-json\/wp\/v2\/posts\/22257\/revisions\/22260"}],"wp:featuredmedia":[{"embeddable":true,"href":"https:\/\/www.sensorialsunsets.com\/fr\/wp-json\/wp\/v2\/media\/22247"}],"wp:attachment":[{"href":"https:\/\/www.sensorialsunsets.com\/fr\/wp-json\/wp\/v2\/media?parent=22257"}],"wp:term":[{"taxonomy":"category","embeddable":true,"href":"https:\/\/www.sensorialsunsets.com\/fr\/wp-json\/wp\/v2\/categories?post=22257"},{"taxonomy":"post_tag","embeddable":true,"href":"https:\/\/www.sensorialsunsets.com\/fr\/wp-json\/wp\/v2\/tags?post=22257"}],"curies":[{"name":"wp","href":"https:\/\/api.w.org\/{rel}","templated":true}]}}