{"id":22290,"date":"2025-06-27T17:06:58","date_gmt":"2025-06-27T23:06:58","guid":{"rendered":"https:\/\/www.sensorialsunsets.com\/?p=22290"},"modified":"2025-06-27T17:07:27","modified_gmt":"2025-06-27T23:07:27","slug":"san-lucas-lancienne-ile%e2%80%91prison-devenue-parc-national-et-attraction-touristique-au-costa-rica","status":"publish","type":"post","link":"https:\/\/www.sensorialsunsets.com\/fr\/san-lucas-lancienne-ile%e2%80%91prison-devenue-parc-national-et-attraction-touristique-au-costa-rica\/","title":{"rendered":"San\u202fLucas\u202f: l\u2019ancienne \u00eele\u2011prison devenue parc national et attraction touristique au Costa\u202fRica"},"content":{"rendered":"\n<p class=\"has-small-font-size\">San Lucas<\/p>\n\n<p>Situ\u00e9e \u00e0 huit\u202fkilom\u00e8tres de la ville de Puntarenas, dans le <a href=\"https:\/\/www.sensorialsunsets.com\/fr\/nicoya-avant-lannexion\/\">Golfe de Nicoya<\/a>, l\u2019\u00eele de San\u202fLucas a \u00e9t\u00e9, pendant plus d\u2019un si\u00e8cle, une prison marquante de l\u2019histoire p\u00e9nitentiaire du Costa\u202fRica. Aujourd\u2019hui, ce site est devenu le Parc national de l\u2019\u00eele San\u202fLucas, ouvert au public et offrant des sentiers balis\u00e9s, de belles plages et des espaces d\u2019observation de la faune.<\/p>\n\n<h3 class=\"wp-block-heading\">\u00cele San\u202fLucas\u202f: d\u2019ancienne prison \u00e0 parc national<\/h3>\n\n<p>Entre 1873 et 1991, l\u2019\u00eele a servi de centre p\u00e9nitentiaire. Durant ses premi\u00e8res ann\u00e9es, elle accueillait les opposants politiques sous le r\u00e9gime militaire de Tom\u00e1s\u202fGuardia. Par la suite, elle est devenue une prison de haute s\u00e9curit\u00e9, r\u00e9serv\u00e9e aux personnes jug\u00e9es particuli\u00e8rement dangereuses. Les conditions de d\u00e9tention y \u00e9taient extr\u00eames, comme l\u2019a racont\u00e9 l\u2019\u00e9crivain Jos\u00e9\u202fLe\u00f3n\u202fS\u00e1nchez dans son roman\u202fLa isla de los hombres solos, inspir\u00e9 de sa propre exp\u00e9rience de prisonnier sur place.<\/p>\n\n<p>L\u2019une des zones les plus marquantes de l\u2019ancien p\u00e9nitencier est la cellule de punition, am\u00e9nag\u00e9e dans une fosse souterraine au centre de la cour principale, o\u00f9 \u00e9taient enferm\u00e9s ceux qui tentaient de s\u2019\u00e9vader. Cet espace est toujours conserv\u00e9, aux c\u00f4t\u00e9s d\u2019autres secteurs tels que les pavillons, les cachots, la commanderie et le dispensaire. De nombreuses parois int\u00e9rieures portent encore les dessins et inscriptions grav\u00e9s par les d\u00e9tenus, t\u00e9moins silencieux de leur quotidien.<\/p>\n\n<div style=\"height:100px\" aria-hidden=\"true\" class=\"wp-block-spacer\"><\/div>\n\n<figure class=\"wp-block-gallery has-nested-images columns-default is-cropped wp-block-gallery-1 is-layout-flex wp-block-gallery-is-layout-flex\">\n<figure class=\"wp-block-image size-large\"><img loading=\"lazy\" decoding=\"async\" width=\"1024\" height=\"684\" data-id=\"22270\" src=\"https:\/\/www.sensorialsunsets.com\/wp-content\/uploads\/2025\/06\/cnne-951317-isla-san-lucas-2-1024x684.jpeg\" alt=\"San&#x202F;Lucas&#x202F;: l&#x2019;ancienne &#xEE;le&#x2011;prison devenue parc national et attraction touristique au Costa&#x202F;Rica\" class=\"wp-image-22270\" srcset=\"https:\/\/www.sensorialsunsets.com\/wp-content\/uploads\/2025\/06\/cnne-951317-isla-san-lucas-2-1024x684.jpeg 1024w, https:\/\/www.sensorialsunsets.com\/wp-content\/uploads\/2025\/06\/cnne-951317-isla-san-lucas-2-300x200.jpeg 300w, https:\/\/www.sensorialsunsets.com\/wp-content\/uploads\/2025\/06\/cnne-951317-isla-san-lucas-2-768x513.jpeg 768w, https:\/\/www.sensorialsunsets.com\/wp-content\/uploads\/2025\/06\/cnne-951317-isla-san-lucas-2-334x222.jpeg 334w, https:\/\/www.sensorialsunsets.com\/wp-content\/uploads\/2025\/06\/cnne-951317-isla-san-lucas-2.jpeg 1110w\" sizes=\"auto, (max-width: 1024px) 100vw, 1024px\" \/><\/figure>\n\n\n\n<figure class=\"wp-block-image size-large\"><img loading=\"lazy\" decoding=\"async\" width=\"1024\" height=\"682\" data-id=\"22282\" src=\"https:\/\/www.sensorialsunsets.com\/wp-content\/uploads\/2025\/06\/2021-08-Simbiosis-PNIslaSanLucas-003-1024x682.jpg\" alt=\"\" class=\"wp-image-22282\" srcset=\"https:\/\/www.sensorialsunsets.com\/wp-content\/uploads\/2025\/06\/2021-08-Simbiosis-PNIslaSanLucas-003-1024x682.jpg 1024w, https:\/\/www.sensorialsunsets.com\/wp-content\/uploads\/2025\/06\/2021-08-Simbiosis-PNIslaSanLucas-003-300x200.jpg 300w, https:\/\/www.sensorialsunsets.com\/wp-content\/uploads\/2025\/06\/2021-08-Simbiosis-PNIslaSanLucas-003-768x512.jpg 768w, https:\/\/www.sensorialsunsets.com\/wp-content\/uploads\/2025\/06\/2021-08-Simbiosis-PNIslaSanLucas-003-1536x1024.jpg 1536w, https:\/\/www.sensorialsunsets.com\/wp-content\/uploads\/2025\/06\/2021-08-Simbiosis-PNIslaSanLucas-003-334x222.jpg 334w, https:\/\/www.sensorialsunsets.com\/wp-content\/uploads\/2025\/06\/2021-08-Simbiosis-PNIslaSanLucas-003-1320x880.jpg 1320w, https:\/\/www.sensorialsunsets.com\/wp-content\/uploads\/2025\/06\/2021-08-Simbiosis-PNIslaSanLucas-003.jpg 2000w\" sizes=\"auto, (max-width: 1024px) 100vw, 1024px\" \/><\/figure>\n\n\n\n<figure class=\"wp-block-image size-large\"><img loading=\"lazy\" decoding=\"async\" width=\"1024\" height=\"681\" data-id=\"22275\" src=\"https:\/\/www.sensorialsunsets.com\/wp-content\/uploads\/2025\/06\/cnne-951323-isla-san-lucas-8-1024x681.webp\" alt=\"San&#x202F;Lucas&#x202F;: l&#x2019;ancienne &#xEE;le&#x2011;prison devenue parc national et attraction touristique au Costa&#x202F;Rica\" class=\"wp-image-22275\" srcset=\"https:\/\/www.sensorialsunsets.com\/wp-content\/uploads\/2025\/06\/cnne-951323-isla-san-lucas-8-1024x681.webp 1024w, https:\/\/www.sensorialsunsets.com\/wp-content\/uploads\/2025\/06\/cnne-951323-isla-san-lucas-8-300x200.webp 300w, https:\/\/www.sensorialsunsets.com\/wp-content\/uploads\/2025\/06\/cnne-951323-isla-san-lucas-8-768x511.webp 768w, https:\/\/www.sensorialsunsets.com\/wp-content\/uploads\/2025\/06\/cnne-951323-isla-san-lucas-8-334x222.webp 334w, https:\/\/www.sensorialsunsets.com\/wp-content\/uploads\/2025\/06\/cnne-951323-isla-san-lucas-8.webp 1160w\" sizes=\"auto, (max-width: 1024px) 100vw, 1024px\" \/><\/figure>\n<\/figure>\n\n<div style=\"height:100px\" aria-hidden=\"true\" class=\"wp-block-spacer\"><\/div>\n\n<h3 class=\"wp-block-heading\">Restauration et ouverture au public<\/h3>\n\n<p>Apr\u00e8s sa fermeture en 1991, l\u2019\u00eele a \u00e9t\u00e9 class\u00e9e d\u2019int\u00e9r\u00eat architectural en 1995, puis refuge de la faune en 2001. Ce n\u2019est qu\u2019en ao\u00fbt 2020 que le site a rouvert au public dans le cadre du projet gouvernemental \u00ab\u202fRuta de Reactivaci\u00f3n Isla San Lucas\u202f\u00bb. Le plan comprenait l\u2019am\u00e9nagement de sentiers, le renforcement des structures et la facilitation de l\u2019acc\u00e8s, tout en respectant les normes sanitaires li\u00e9es \u00e0 la pand\u00e9mie de Covid\u201119.<\/p>\n\n<p>Claudia\u202fDobles, architecte et promotrice de l\u2019initiative, a soulign\u00e9 que l\u2019\u00eele r\u00e9unit des \u00e9l\u00e9ments de valeur historique, naturelle et culturelle.<\/p>\n\n<h3 class=\"wp-block-heading\">Visite et infrastructures actuelles<\/h3>\n\n<p>Aujourd\u2019hui, le parc dispose d\u2019un r\u00e9seau de sentiers qui s\u2019\u00e9tend sur ses 500\u202fhectares. Les visiteurs peuvent y d\u00e9couvrir les vestiges des anciennes installations p\u00e9nitentiaires puis s\u2019aventurer dans des zones de for\u00eat tropicale abritant une grande diversit\u00e9 d\u2019esp\u00e8ces. Plus de 40\u202fesp\u00e8ces d\u2019oiseaux et 17\u202fesp\u00e8ces de reptiles y ont \u00e9t\u00e9 recens\u00e9es, ainsi que des mammif\u00e8res tels que le cerf \u00e0 queue blanche, les iguanes, les \u00e9cureuils, les agoutis et les pacas.<\/p>\n\n<p>Parmi les points am\u00e9nag\u00e9s pour la visite figurent\u202f:<\/p>\n\n<ul class=\"wp-block-list\">\n<li>El Atracadero\u202f(Le d\u00e9barcad\u00e8re)\u202f: structure en b\u00e9ton pour l\u2019acc\u00e8s par voie maritime.<\/li>\n\n\n\n<li>La Calzada de Piedra\u202f(La chauss\u00e9e de pierre)\u202f: ancien chemin qui relie plusieurs secteurs de l\u2019\u00eele.<\/li>\n\n\n\n<li>La Capilla\u202f(La chapelle)\u202f: \u00e9difice religieux \u00e0 valeur symbolique.<\/li>\n\n\n\n<li>La Comandancia\u202f(La commanderie)\u202f: partie du noyau administratif de l\u2019ancien p\u00e9nitencier.<\/li>\n\n\n\n<li>Los Pabellones\u202f(Les pavillons)\u202f: secteurs de r\u00e9clusion \u00e0 valeur historique.<\/li>\n\n\n\n<li>Los Calabozos de Acceso\u202f(Les cachots d\u2019acc\u00e8s)\u202f: zones de confinement.<\/li>\n\n\n\n<li>El Dispensario\u202f(Le dispensaire)\u202f: espace destin\u00e9 aux soins m\u00e9dicaux.<\/li>\n\n\n\n<li>Barrio Las Jachas\u202f(Quartier Las Jachas)\u202f: zone illustrant la diversit\u00e9 des modes de vie sur l\u2019\u00eele.<\/li>\n<\/ul>\n\n<div style=\"height:100px\" aria-hidden=\"true\" class=\"wp-block-spacer\"><\/div>\n\n<figure class=\"wp-block-gallery has-nested-images columns-default is-cropped wp-block-gallery-2 is-layout-flex wp-block-gallery-is-layout-flex\">\n<figure class=\"wp-block-image size-large\"><img loading=\"lazy\" decoding=\"async\" width=\"1024\" height=\"683\" data-id=\"22267\" src=\"https:\/\/www.sensorialsunsets.com\/wp-content\/uploads\/2025\/06\/Tour-San-Lucas-Isla-1024x683.jpg\" alt=\"San&#x202F;Lucas&#x202F;: l&#x2019;ancienne &#xEE;le&#x2011;prison devenue parc national et attraction touristique au Costa&#x202F;Rica\" class=\"wp-image-22267\" srcset=\"https:\/\/www.sensorialsunsets.com\/wp-content\/uploads\/2025\/06\/Tour-San-Lucas-Isla-1024x683.jpg 1024w, https:\/\/www.sensorialsunsets.com\/wp-content\/uploads\/2025\/06\/Tour-San-Lucas-Isla-300x200.jpg 300w, https:\/\/www.sensorialsunsets.com\/wp-content\/uploads\/2025\/06\/Tour-San-Lucas-Isla-768x512.jpg 768w, https:\/\/www.sensorialsunsets.com\/wp-content\/uploads\/2025\/06\/Tour-San-Lucas-Isla-334x222.jpg 334w, https:\/\/www.sensorialsunsets.com\/wp-content\/uploads\/2025\/06\/Tour-San-Lucas-Isla-1320x880.jpg 1320w, https:\/\/www.sensorialsunsets.com\/wp-content\/uploads\/2025\/06\/Tour-San-Lucas-Isla.jpg 1500w\" sizes=\"auto, (max-width: 1024px) 100vw, 1024px\" \/><\/figure>\n\n\n\n<figure class=\"wp-block-image size-large\"><img loading=\"lazy\" decoding=\"async\" width=\"1024\" height=\"683\" data-id=\"22273\" src=\"https:\/\/www.sensorialsunsets.com\/wp-content\/uploads\/2025\/06\/isla-san-lucas-1024x683.jpg\" alt=\"\" class=\"wp-image-22273\" srcset=\"https:\/\/www.sensorialsunsets.com\/wp-content\/uploads\/2025\/06\/isla-san-lucas-1024x683.jpg 1024w, https:\/\/www.sensorialsunsets.com\/wp-content\/uploads\/2025\/06\/isla-san-lucas-300x200.jpg 300w, https:\/\/www.sensorialsunsets.com\/wp-content\/uploads\/2025\/06\/isla-san-lucas-768x512.jpg 768w, https:\/\/www.sensorialsunsets.com\/wp-content\/uploads\/2025\/06\/isla-san-lucas-334x222.jpg 334w, https:\/\/www.sensorialsunsets.com\/wp-content\/uploads\/2025\/06\/isla-san-lucas-1320x880.jpg 1320w, https:\/\/www.sensorialsunsets.com\/wp-content\/uploads\/2025\/06\/isla-san-lucas.avif 1440w\" sizes=\"auto, (max-width: 1024px) 100vw, 1024px\" \/><\/figure>\n\n\n\n<figure class=\"wp-block-image size-large\"><img loading=\"lazy\" decoding=\"async\" width=\"1024\" height=\"683\" data-id=\"22279\" src=\"https:\/\/www.sensorialsunsets.com\/wp-content\/uploads\/2025\/06\/Visita_ParqueNacional_IslaSanLucas_18Febrero2022_rosanchezphoto_0189-1024x683-1.jpg\" alt=\"San&#x202F;Lucas&#x202F;: l&#x2019;ancienne &#xEE;le&#x2011;prison devenue parc national et attraction touristique au Costa&#x202F;Rica\" class=\"wp-image-22279\" srcset=\"https:\/\/www.sensorialsunsets.com\/wp-content\/uploads\/2025\/06\/Visita_ParqueNacional_IslaSanLucas_18Febrero2022_rosanchezphoto_0189-1024x683-1.jpg 1024w, https:\/\/www.sensorialsunsets.com\/wp-content\/uploads\/2025\/06\/Visita_ParqueNacional_IslaSanLucas_18Febrero2022_rosanchezphoto_0189-1024x683-1-300x200.jpg 300w, https:\/\/www.sensorialsunsets.com\/wp-content\/uploads\/2025\/06\/Visita_ParqueNacional_IslaSanLucas_18Febrero2022_rosanchezphoto_0189-1024x683-1-768x512.jpg 768w, https:\/\/www.sensorialsunsets.com\/wp-content\/uploads\/2025\/06\/Visita_ParqueNacional_IslaSanLucas_18Febrero2022_rosanchezphoto_0189-1024x683-1-334x222.jpg 334w\" sizes=\"auto, (max-width: 1024px) 100vw, 1024px\" \/><\/figure>\n<\/figure>\n\n<div style=\"height:100px\" aria-hidden=\"true\" class=\"wp-block-spacer\"><\/div>\n\n<p>La visite de San\u202fLucas combine des \u00e9l\u00e9ments d\u2019int\u00e9r\u00eat culturel et \u00e9cologique. Bien que le site conserve une partie de sa structure d\u2019origine, les am\u00e9nagements r\u00e9alis\u00e9s visent \u00e0 en faciliter l\u2019usage \u00e0 des fins \u00e9ducatives et touristiques, sans en alt\u00e9rer le caract\u00e8re.<\/p>\n\n<h3 class=\"wp-block-heading\">Une histoire qui demeure<\/h3>\n\n<p>L\u2019histoire de San\u202fLucas a \u00e9t\u00e9 compar\u00e9e \u00e0 celle d\u2019autres \u00eeles p\u00e9nitentiaires, comme Alcatraz, aux \u00c9tats-Unis. Son ouverture en tant que parc national permet de pr\u00e9server une partie de la m\u00e9moire du pays tout en favorisant la d\u00e9couverte de ses \u00e9cosyst\u00e8mes et de son pass\u00e9.<\/p>\n\n<p>San\u202fLucas n\u2019est plus un lieu d\u2019isolement. Aujourd\u2019hui, c\u2019est un site accessible au public, dot\u00e9 d\u2019infrastructures permettant la visite, o\u00f9 l\u2019environnement naturel coexiste avec les vestiges de son histoire.<\/p>\n\n<p><strong>Sensorial Sunsets<\/strong><\/p>\n","protected":false},"excerpt":{"rendered":"<p>San Lucas Situ\u00e9e \u00e0 huit\u202fkilom\u00e8tres de la ville de Puntarenas, dans le Golfe de Nicoya, l\u2019\u00eele de San\u202fLucas a \u00e9t\u00e9, pendant plus d\u2019un si\u00e8cle, une prison marquante de l\u2019histoire p\u00e9nitentiaire du Costa\u202fRica. Aujourd\u2019hui, ce site est devenu le Parc national de l\u2019\u00eele San\u202fLucas, ouvert au public et offrant des sentiers balis\u00e9s, de belles plages et [&hellip;]<\/p>\n","protected":false},"author":4,"featured_media":22266,"comment_status":"closed","ping_status":"closed","sticky":false,"template":"","format":"standard","meta":{"_acf_changed":false,"inline_featured_image":false,"_monsterinsights_skip_tracking":false,"_monsterinsights_sitenote_active":false,"_monsterinsights_sitenote_note":"","_monsterinsights_sitenote_category":0,"footnotes":""},"categories":[1],"tags":[],"class_list":["post-22290","post","type-post","status-publish","format-standard","has-post-thumbnail","hentry","category-non-classifiee"],"acf":[],"yoast_head":"<!-- This site is optimized with the Yoast SEO plugin v27.4 - https:\/\/yoast.com\/product\/yoast-seo-wordpress\/ -->\n<title>San Lucas, l&#039;\u00eele-prison et site touristique au Costa Rica<\/title>\n<meta name=\"description\" content=\"San\u202fLucas, ancienne \u00eele-prison du Costa Rica, est aujourd\u2019hui un parc national qui abrite une riche faune et des vestiges historiques.\" \/>\n<meta name=\"robots\" content=\"index, follow, max-snippet:-1, max-image-preview:large, max-video-preview:-1\" \/>\n<link rel=\"canonical\" href=\"https:\/\/www.sensorialsunsets.com\/fr\/san-lucas-lancienne-ile%e2%80%91prison-devenue-parc-national-et-attraction-touristique-au-costa-rica\/\" \/>\n<meta property=\"og:locale\" content=\"fr_FR\" \/>\n<meta property=\"og:type\" content=\"article\" \/>\n<meta property=\"og:title\" content=\"San Lucas, l&#039;\u00eele-prison et site touristique au Costa Rica\" \/>\n<meta property=\"og:description\" content=\"San\u202fLucas, ancienne \u00eele-prison du Costa Rica, est aujourd\u2019hui un parc national qui abrite une riche faune et des vestiges historiques.\" \/>\n<meta property=\"og:url\" content=\"https:\/\/www.sensorialsunsets.com\/fr\/san-lucas-lancienne-ile%e2%80%91prison-devenue-parc-national-et-attraction-touristique-au-costa-rica\/\" \/>\n<meta property=\"og:site_name\" content=\"SensorialSunsets\" \/>\n<meta property=\"article:publisher\" content=\"https:\/\/www.facebook.com\/Sensorial-Sunsets-109180614715562\" \/>\n<meta property=\"article:published_time\" content=\"2025-06-27T23:06:58+00:00\" \/>\n<meta property=\"article:modified_time\" content=\"2025-06-27T23:07:27+00:00\" \/>\n<meta property=\"og:image\" content=\"https:\/\/www.sensorialsunsets.com\/wp-content\/uploads\/2025\/06\/image-4-1024x682.png\" \/>\n\t<meta property=\"og:image:width\" content=\"1024\" \/>\n\t<meta property=\"og:image:height\" content=\"682\" \/>\n\t<meta property=\"og:image:type\" content=\"image\/png\" \/>\n<meta name=\"author\" content=\"Sensorial Sunsets\" \/>\n<meta name=\"twitter:card\" content=\"summary_large_image\" \/>\n<meta name=\"twitter:label1\" content=\"\u00c9crit par\" \/>\n\t<meta name=\"twitter:data1\" content=\"Sensorial Sunsets\" \/>\n\t<meta name=\"twitter:label2\" content=\"Dur\u00e9e de lecture estim\u00e9e\" \/>\n\t<meta name=\"twitter:data2\" content=\"4 minutes\" \/>\n<script type=\"application\/ld+json\" class=\"yoast-schema-graph\">{\"@context\":\"https:\\\/\\\/schema.org\",\"@graph\":[{\"@type\":\"Article\",\"@id\":\"https:\\\/\\\/www.sensorialsunsets.com\\\/fr\\\/san-lucas-lancienne-ile%e2%80%91prison-devenue-parc-national-et-attraction-touristique-au-costa-rica\\\/#article\",\"isPartOf\":{\"@id\":\"https:\\\/\\\/www.sensorialsunsets.com\\\/fr\\\/san-lucas-lancienne-ile%e2%80%91prison-devenue-parc-national-et-attraction-touristique-au-costa-rica\\\/\"},\"author\":{\"name\":\"Sensorial Sunsets\",\"@id\":\"https:\\\/\\\/www.sensorialsunsets.com\\\/fr\\\/#\\\/schema\\\/person\\\/77e2fa594135aa94024c47e281d8a94d\"},\"headline\":\"San\u202fLucas\u202f: l\u2019ancienne \u00eele\u2011prison devenue parc national et attraction touristique au Costa\u202fRica\",\"datePublished\":\"2025-06-27T23:06:58+00:00\",\"dateModified\":\"2025-06-27T23:07:27+00:00\",\"mainEntityOfPage\":{\"@id\":\"https:\\\/\\\/www.sensorialsunsets.com\\\/fr\\\/san-lucas-lancienne-ile%e2%80%91prison-devenue-parc-national-et-attraction-touristique-au-costa-rica\\\/\"},\"wordCount\":732,\"publisher\":{\"@id\":\"https:\\\/\\\/www.sensorialsunsets.com\\\/fr\\\/#organization\"},\"image\":{\"@id\":\"https:\\\/\\\/www.sensorialsunsets.com\\\/fr\\\/san-lucas-lancienne-ile%e2%80%91prison-devenue-parc-national-et-attraction-touristique-au-costa-rica\\\/#primaryimage\"},\"thumbnailUrl\":\"https:\\\/\\\/www.sensorialsunsets.com\\\/wp-content\\\/uploads\\\/2025\\\/06\\\/image-4.png\",\"articleSection\":[\"Non classifi\u00e9(e)\"],\"inLanguage\":\"fr-FR\"},{\"@type\":\"WebPage\",\"@id\":\"https:\\\/\\\/www.sensorialsunsets.com\\\/fr\\\/san-lucas-lancienne-ile%e2%80%91prison-devenue-parc-national-et-attraction-touristique-au-costa-rica\\\/\",\"url\":\"https:\\\/\\\/www.sensorialsunsets.com\\\/fr\\\/san-lucas-lancienne-ile%e2%80%91prison-devenue-parc-national-et-attraction-touristique-au-costa-rica\\\/\",\"name\":\"San Lucas, l'\u00eele-prison et site touristique au Costa Rica\",\"isPartOf\":{\"@id\":\"https:\\\/\\\/www.sensorialsunsets.com\\\/fr\\\/#website\"},\"primaryImageOfPage\":{\"@id\":\"https:\\\/\\\/www.sensorialsunsets.com\\\/fr\\\/san-lucas-lancienne-ile%e2%80%91prison-devenue-parc-national-et-attraction-touristique-au-costa-rica\\\/#primaryimage\"},\"image\":{\"@id\":\"https:\\\/\\\/www.sensorialsunsets.com\\\/fr\\\/san-lucas-lancienne-ile%e2%80%91prison-devenue-parc-national-et-attraction-touristique-au-costa-rica\\\/#primaryimage\"},\"thumbnailUrl\":\"https:\\\/\\\/www.sensorialsunsets.com\\\/wp-content\\\/uploads\\\/2025\\\/06\\\/image-4.png\",\"datePublished\":\"2025-06-27T23:06:58+00:00\",\"dateModified\":\"2025-06-27T23:07:27+00:00\",\"description\":\"San\u202fLucas, ancienne \u00eele-prison du Costa Rica, est aujourd\u2019hui un parc national qui abrite une riche faune et des vestiges historiques.\",\"inLanguage\":\"fr-FR\",\"potentialAction\":[{\"@type\":\"ReadAction\",\"target\":[\"https:\\\/\\\/www.sensorialsunsets.com\\\/fr\\\/san-lucas-lancienne-ile%e2%80%91prison-devenue-parc-national-et-attraction-touristique-au-costa-rica\\\/\"]}]},{\"@type\":\"ImageObject\",\"inLanguage\":\"fr-FR\",\"@id\":\"https:\\\/\\\/www.sensorialsunsets.com\\\/fr\\\/san-lucas-lancienne-ile%e2%80%91prison-devenue-parc-national-et-attraction-touristique-au-costa-rica\\\/#primaryimage\",\"url\":\"https:\\\/\\\/www.sensorialsunsets.com\\\/wp-content\\\/uploads\\\/2025\\\/06\\\/image-4.png\",\"contentUrl\":\"https:\\\/\\\/www.sensorialsunsets.com\\\/wp-content\\\/uploads\\\/2025\\\/06\\\/image-4.png\",\"width\":1280,\"height\":853},{\"@type\":\"WebSite\",\"@id\":\"https:\\\/\\\/www.sensorialsunsets.com\\\/fr\\\/#website\",\"url\":\"https:\\\/\\\/www.sensorialsunsets.com\\\/fr\\\/\",\"name\":\"SensorialSunsets.com\",\"description\":\"D\u00e9couvrez la culture et la soci\u00e9t\u00e9 du Costa Rica sur notre blog. Explorez des articles captivants et partagez le contenu.\",\"publisher\":{\"@id\":\"https:\\\/\\\/www.sensorialsunsets.com\\\/fr\\\/#organization\"},\"alternateName\":\"Costa Rica Live Blog\",\"potentialAction\":[{\"@type\":\"SearchAction\",\"target\":{\"@type\":\"EntryPoint\",\"urlTemplate\":\"https:\\\/\\\/www.sensorialsunsets.com\\\/fr\\\/?s={search_term_string}\"},\"query-input\":{\"@type\":\"PropertyValueSpecification\",\"valueRequired\":true,\"valueName\":\"search_term_string\"}}],\"inLanguage\":\"fr-FR\"},{\"@type\":\"Organization\",\"@id\":\"https:\\\/\\\/www.sensorialsunsets.com\\\/fr\\\/#organization\",\"name\":\"SensorialSunsets\",\"url\":\"https:\\\/\\\/www.sensorialsunsets.com\\\/fr\\\/\",\"logo\":{\"@type\":\"ImageObject\",\"inLanguage\":\"fr-FR\",\"@id\":\"https:\\\/\\\/www.sensorialsunsets.com\\\/fr\\\/#\\\/schema\\\/logo\\\/image\\\/\",\"url\":\"https:\\\/\\\/www.sensorialsunsets.com\\\/wp-content\\\/uploads\\\/2023\\\/04\\\/Logo_base_line_fond_clair.svg\",\"contentUrl\":\"https:\\\/\\\/www.sensorialsunsets.com\\\/wp-content\\\/uploads\\\/2023\\\/04\\\/Logo_base_line_fond_clair.svg\",\"width\":\"1024\",\"height\":\"1024\",\"caption\":\"SensorialSunsets\"},\"image\":{\"@id\":\"https:\\\/\\\/www.sensorialsunsets.com\\\/fr\\\/#\\\/schema\\\/logo\\\/image\\\/\"},\"sameAs\":[\"https:\\\/\\\/www.facebook.com\\\/Sensorial-Sunsets-109180614715562\",\"https:\\\/\\\/www.instagram.com\\\/sensorialsunsets\\\/\"]},{\"@type\":\"Person\",\"@id\":\"https:\\\/\\\/www.sensorialsunsets.com\\\/fr\\\/#\\\/schema\\\/person\\\/77e2fa594135aa94024c47e281d8a94d\",\"name\":\"Sensorial Sunsets\",\"image\":{\"@type\":\"ImageObject\",\"inLanguage\":\"fr-FR\",\"@id\":\"https:\\\/\\\/secure.gravatar.com\\\/avatar\\\/5f2d62681b1dad94c28f1500d4fc75582acdfd32b55fd1acce0a36a3c487eabe?s=96&d=mm&r=g\",\"url\":\"https:\\\/\\\/secure.gravatar.com\\\/avatar\\\/5f2d62681b1dad94c28f1500d4fc75582acdfd32b55fd1acce0a36a3c487eabe?s=96&d=mm&r=g\",\"contentUrl\":\"https:\\\/\\\/secure.gravatar.com\\\/avatar\\\/5f2d62681b1dad94c28f1500d4fc75582acdfd32b55fd1acce0a36a3c487eabe?s=96&d=mm&r=g\",\"caption\":\"Sensorial Sunsets\"},\"url\":\"https:\\\/\\\/www.sensorialsunsets.com\\\/fr\\\/author\\\/asistentes-sensorial-sunsets\\\/\"}]}<\/script>\n<!-- \/ Yoast SEO plugin. -->","yoast_head_json":{"title":"San Lucas, l'\u00eele-prison et site touristique au Costa Rica","description":"San\u202fLucas, ancienne \u00eele-prison du Costa Rica, est aujourd\u2019hui un parc national qui abrite une riche faune et des vestiges historiques.","robots":{"index":"index","follow":"follow","max-snippet":"max-snippet:-1","max-image-preview":"max-image-preview:large","max-video-preview":"max-video-preview:-1"},"canonical":"https:\/\/www.sensorialsunsets.com\/fr\/san-lucas-lancienne-ile%e2%80%91prison-devenue-parc-national-et-attraction-touristique-au-costa-rica\/","og_locale":"fr_FR","og_type":"article","og_title":"San Lucas, l'\u00eele-prison et site touristique au Costa Rica","og_description":"San\u202fLucas, ancienne \u00eele-prison du Costa Rica, est aujourd\u2019hui un parc national qui abrite une riche faune et des vestiges historiques.","og_url":"https:\/\/www.sensorialsunsets.com\/fr\/san-lucas-lancienne-ile%e2%80%91prison-devenue-parc-national-et-attraction-touristique-au-costa-rica\/","og_site_name":"SensorialSunsets","article_publisher":"https:\/\/www.facebook.com\/Sensorial-Sunsets-109180614715562","article_published_time":"2025-06-27T23:06:58+00:00","article_modified_time":"2025-06-27T23:07:27+00:00","og_image":[{"width":1024,"height":682,"url":"https:\/\/www.sensorialsunsets.com\/wp-content\/uploads\/2025\/06\/image-4-1024x682.png","type":"image\/png"}],"author":"Sensorial Sunsets","twitter_card":"summary_large_image","twitter_misc":{"\u00c9crit par":"Sensorial Sunsets","Dur\u00e9e de lecture estim\u00e9e":"4 minutes"},"schema":{"@context":"https:\/\/schema.org","@graph":[{"@type":"Article","@id":"https:\/\/www.sensorialsunsets.com\/fr\/san-lucas-lancienne-ile%e2%80%91prison-devenue-parc-national-et-attraction-touristique-au-costa-rica\/#article","isPartOf":{"@id":"https:\/\/www.sensorialsunsets.com\/fr\/san-lucas-lancienne-ile%e2%80%91prison-devenue-parc-national-et-attraction-touristique-au-costa-rica\/"},"author":{"name":"Sensorial Sunsets","@id":"https:\/\/www.sensorialsunsets.com\/fr\/#\/schema\/person\/77e2fa594135aa94024c47e281d8a94d"},"headline":"San\u202fLucas\u202f: l\u2019ancienne \u00eele\u2011prison devenue parc national et attraction touristique au Costa\u202fRica","datePublished":"2025-06-27T23:06:58+00:00","dateModified":"2025-06-27T23:07:27+00:00","mainEntityOfPage":{"@id":"https:\/\/www.sensorialsunsets.com\/fr\/san-lucas-lancienne-ile%e2%80%91prison-devenue-parc-national-et-attraction-touristique-au-costa-rica\/"},"wordCount":732,"publisher":{"@id":"https:\/\/www.sensorialsunsets.com\/fr\/#organization"},"image":{"@id":"https:\/\/www.sensorialsunsets.com\/fr\/san-lucas-lancienne-ile%e2%80%91prison-devenue-parc-national-et-attraction-touristique-au-costa-rica\/#primaryimage"},"thumbnailUrl":"https:\/\/www.sensorialsunsets.com\/wp-content\/uploads\/2025\/06\/image-4.png","articleSection":["Non classifi\u00e9(e)"],"inLanguage":"fr-FR"},{"@type":"WebPage","@id":"https:\/\/www.sensorialsunsets.com\/fr\/san-lucas-lancienne-ile%e2%80%91prison-devenue-parc-national-et-attraction-touristique-au-costa-rica\/","url":"https:\/\/www.sensorialsunsets.com\/fr\/san-lucas-lancienne-ile%e2%80%91prison-devenue-parc-national-et-attraction-touristique-au-costa-rica\/","name":"San Lucas, l'\u00eele-prison et site touristique au Costa Rica","isPartOf":{"@id":"https:\/\/www.sensorialsunsets.com\/fr\/#website"},"primaryImageOfPage":{"@id":"https:\/\/www.sensorialsunsets.com\/fr\/san-lucas-lancienne-ile%e2%80%91prison-devenue-parc-national-et-attraction-touristique-au-costa-rica\/#primaryimage"},"image":{"@id":"https:\/\/www.sensorialsunsets.com\/fr\/san-lucas-lancienne-ile%e2%80%91prison-devenue-parc-national-et-attraction-touristique-au-costa-rica\/#primaryimage"},"thumbnailUrl":"https:\/\/www.sensorialsunsets.com\/wp-content\/uploads\/2025\/06\/image-4.png","datePublished":"2025-06-27T23:06:58+00:00","dateModified":"2025-06-27T23:07:27+00:00","description":"San\u202fLucas, ancienne \u00eele-prison du Costa Rica, est aujourd\u2019hui un parc national qui abrite une riche faune et des vestiges historiques.","inLanguage":"fr-FR","potentialAction":[{"@type":"ReadAction","target":["https:\/\/www.sensorialsunsets.com\/fr\/san-lucas-lancienne-ile%e2%80%91prison-devenue-parc-national-et-attraction-touristique-au-costa-rica\/"]}]},{"@type":"ImageObject","inLanguage":"fr-FR","@id":"https:\/\/www.sensorialsunsets.com\/fr\/san-lucas-lancienne-ile%e2%80%91prison-devenue-parc-national-et-attraction-touristique-au-costa-rica\/#primaryimage","url":"https:\/\/www.sensorialsunsets.com\/wp-content\/uploads\/2025\/06\/image-4.png","contentUrl":"https:\/\/www.sensorialsunsets.com\/wp-content\/uploads\/2025\/06\/image-4.png","width":1280,"height":853},{"@type":"WebSite","@id":"https:\/\/www.sensorialsunsets.com\/fr\/#website","url":"https:\/\/www.sensorialsunsets.com\/fr\/","name":"SensorialSunsets.com","description":"D\u00e9couvrez la culture et la soci\u00e9t\u00e9 du Costa Rica sur notre blog. Explorez des articles captivants et partagez le contenu.","publisher":{"@id":"https:\/\/www.sensorialsunsets.com\/fr\/#organization"},"alternateName":"Costa Rica Live Blog","potentialAction":[{"@type":"SearchAction","target":{"@type":"EntryPoint","urlTemplate":"https:\/\/www.sensorialsunsets.com\/fr\/?s={search_term_string}"},"query-input":{"@type":"PropertyValueSpecification","valueRequired":true,"valueName":"search_term_string"}}],"inLanguage":"fr-FR"},{"@type":"Organization","@id":"https:\/\/www.sensorialsunsets.com\/fr\/#organization","name":"SensorialSunsets","url":"https:\/\/www.sensorialsunsets.com\/fr\/","logo":{"@type":"ImageObject","inLanguage":"fr-FR","@id":"https:\/\/www.sensorialsunsets.com\/fr\/#\/schema\/logo\/image\/","url":"https:\/\/www.sensorialsunsets.com\/wp-content\/uploads\/2023\/04\/Logo_base_line_fond_clair.svg","contentUrl":"https:\/\/www.sensorialsunsets.com\/wp-content\/uploads\/2023\/04\/Logo_base_line_fond_clair.svg","width":"1024","height":"1024","caption":"SensorialSunsets"},"image":{"@id":"https:\/\/www.sensorialsunsets.com\/fr\/#\/schema\/logo\/image\/"},"sameAs":["https:\/\/www.facebook.com\/Sensorial-Sunsets-109180614715562","https:\/\/www.instagram.com\/sensorialsunsets\/"]},{"@type":"Person","@id":"https:\/\/www.sensorialsunsets.com\/fr\/#\/schema\/person\/77e2fa594135aa94024c47e281d8a94d","name":"Sensorial Sunsets","image":{"@type":"ImageObject","inLanguage":"fr-FR","@id":"https:\/\/secure.gravatar.com\/avatar\/5f2d62681b1dad94c28f1500d4fc75582acdfd32b55fd1acce0a36a3c487eabe?s=96&d=mm&r=g","url":"https:\/\/secure.gravatar.com\/avatar\/5f2d62681b1dad94c28f1500d4fc75582acdfd32b55fd1acce0a36a3c487eabe?s=96&d=mm&r=g","contentUrl":"https:\/\/secure.gravatar.com\/avatar\/5f2d62681b1dad94c28f1500d4fc75582acdfd32b55fd1acce0a36a3c487eabe?s=96&d=mm&r=g","caption":"Sensorial Sunsets"},"url":"https:\/\/www.sensorialsunsets.com\/fr\/author\/asistentes-sensorial-sunsets\/"}]}},"_links":{"self":[{"href":"https:\/\/www.sensorialsunsets.com\/fr\/wp-json\/wp\/v2\/posts\/22290","targetHints":{"allow":["GET"]}}],"collection":[{"href":"https:\/\/www.sensorialsunsets.com\/fr\/wp-json\/wp\/v2\/posts"}],"about":[{"href":"https:\/\/www.sensorialsunsets.com\/fr\/wp-json\/wp\/v2\/types\/post"}],"author":[{"embeddable":true,"href":"https:\/\/www.sensorialsunsets.com\/fr\/wp-json\/wp\/v2\/users\/4"}],"replies":[{"embeddable":true,"href":"https:\/\/www.sensorialsunsets.com\/fr\/wp-json\/wp\/v2\/comments?post=22290"}],"version-history":[{"count":1,"href":"https:\/\/www.sensorialsunsets.com\/fr\/wp-json\/wp\/v2\/posts\/22290\/revisions"}],"predecessor-version":[{"id":22291,"href":"https:\/\/www.sensorialsunsets.com\/fr\/wp-json\/wp\/v2\/posts\/22290\/revisions\/22291"}],"wp:featuredmedia":[{"embeddable":true,"href":"https:\/\/www.sensorialsunsets.com\/fr\/wp-json\/wp\/v2\/media\/22266"}],"wp:attachment":[{"href":"https:\/\/www.sensorialsunsets.com\/fr\/wp-json\/wp\/v2\/media?parent=22290"}],"wp:term":[{"taxonomy":"category","embeddable":true,"href":"https:\/\/www.sensorialsunsets.com\/fr\/wp-json\/wp\/v2\/categories?post=22290"},{"taxonomy":"post_tag","embeddable":true,"href":"https:\/\/www.sensorialsunsets.com\/fr\/wp-json\/wp\/v2\/tags?post=22290"}],"curies":[{"name":"wp","href":"https:\/\/api.w.org\/{rel}","templated":true}]}}