{"id":2231,"date":"2022-06-13T18:51:39","date_gmt":"2022-06-13T18:51:39","guid":{"rendered":"https:\/\/www.sensorialsunsets.com\/la-fete-des-peres-au-costa-rica\/"},"modified":"2022-06-15T14:46:55","modified_gmt":"2022-06-15T14:46:55","slug":"la-fete-des-peres-au-costa-rica","status":"publish","type":"post","link":"https:\/\/www.sensorialsunsets.com\/fr\/la-fete-des-peres-au-costa-rica\/","title":{"rendered":"La f\u00eate des P\u00e8res au Costa Rica"},"content":{"rendered":"\n<p><em><strong>La f\u00eate des p\u00e8res au Costa Rica cette ann\u00e9e aura lieu le 19 juin.<\/strong><\/em><\/p>\n\n<p>Le 19 juin 2022, la f\u00eate des p\u00e8res sera c\u00e9l\u00e9br\u00e9e au Costa Rica comme chaque troisi\u00e8me dimanche de juin depuis les ann\u00e9es 1960. Comme dans de nombreux pays d&rsquo;Am\u00e9rique latine, cette f\u00eate a \u00e9t\u00e9 h\u00e9rit\u00e9e des \u00c9tats-Unis, pour compl\u00e9ter la c\u00e9l\u00e9bration de la f\u00eate des m\u00e8res.<\/p>\n\n<h2 class=\"wp-block-heading\">Histoire de la f\u00eate des P\u00e8res<\/h2>\n\n<p>En effet, cette f\u00eate a son origine historique le 19 juin 1909 dans la ville de Washington aux \u00c9tats-Unis, sous l&rsquo;initiative de Sonora Smart Dodd, qui voulait rendre hommage \u00e0 son p\u00e8re, un v\u00e9t\u00e9ran de la guerre civile, Henry Jackson Smart, qui s&rsquo;est occup\u00e9 de ses enfants lorsque sa femme est morte en couches. Sonora voulait mettre en lumi\u00e8re le r\u00f4le des hommes dans la soci\u00e9t\u00e9, en particulier ceux qui, comme son p\u00e8re, remplissaient le double r\u00f4le de p\u00e8re et de m\u00e8re. <\/p>\n\n<p>L&rsquo;id\u00e9e a mis 15 ans \u00e0 faire son chemin jusqu&rsquo;\u00e0 ce qu&rsquo;en 1924, le pr\u00e9sident Calvin Coolidge soutienne l&rsquo;id\u00e9e d&rsquo;instaurer une f\u00eate des p\u00e8res nationale. En 1966, le pr\u00e9sident Lyndon Johnson a proclam\u00e9 le troisi\u00e8me dimanche de juin comme f\u00eate des p\u00e8res aux \u00c9tats-Unis, influen\u00e7ant ainsi les pays d&rsquo;Am\u00e9rique latine, dont le Costa Rica.<\/p>\n\n<figure class=\"wp-block-image size-large\"><img loading=\"lazy\" decoding=\"async\" width=\"1024\" height=\"683\" src=\"https:\/\/www.sensorialsunsets.com\/wp-content\/uploads\/2022\/06\/kelly-sikkema-hS_eGxLjozs-unsplash-1024x683.jpg\" alt=\"\" class=\"wp-image-2229\" srcset=\"https:\/\/www.sensorialsunsets.com\/wp-content\/uploads\/2022\/06\/kelly-sikkema-hS_eGxLjozs-unsplash-1024x683.jpg 1024w, https:\/\/www.sensorialsunsets.com\/wp-content\/uploads\/2022\/06\/kelly-sikkema-hS_eGxLjozs-unsplash-300x200.jpg 300w, https:\/\/www.sensorialsunsets.com\/wp-content\/uploads\/2022\/06\/kelly-sikkema-hS_eGxLjozs-unsplash-768x512.jpg 768w, https:\/\/www.sensorialsunsets.com\/wp-content\/uploads\/2022\/06\/kelly-sikkema-hS_eGxLjozs-unsplash-1536x1024.jpg 1536w, https:\/\/www.sensorialsunsets.com\/wp-content\/uploads\/2022\/06\/kelly-sikkema-hS_eGxLjozs-unsplash-2048x1365.jpg 2048w, https:\/\/www.sensorialsunsets.com\/wp-content\/uploads\/2022\/06\/kelly-sikkema-hS_eGxLjozs-unsplash-334x222.jpg 334w, https:\/\/www.sensorialsunsets.com\/wp-content\/uploads\/2022\/06\/kelly-sikkema-hS_eGxLjozs-unsplash-1320x880.jpg 1320w\" sizes=\"auto, (max-width: 1024px) 100vw, 1024px\" \/><figcaption>F\u00eate des P\u00e8res au Costa Rica<\/figcaption><\/figure>\n<h2 class=\"wp-block-heading\">Pol\u00e9mique au Costa Rica<\/h2>\n\n<p>Au Costa Rica, nombreux sont ceux qui plaident pour que la f\u00eate des p\u00e8res soit un jour f\u00e9ri\u00e9 pay\u00e9 obligatoire tout comme la f\u00eate des m\u00e8res. Cependant, le projet de loi 19.985 a \u00e9t\u00e9 rejet\u00e9 par l&rsquo;Assembl\u00e9e l\u00e9gislative en 2021.&#13;\nCe projet de loi, promu par des entreprises \u00e0 but lucratif, voulait \u00e9tablir le 17 juin comme la seule date pour c\u00e9l\u00e9brer les p\u00e8res, en le faisant co\u00efncider avec les dates de paie et les promotions commerciales.<\/p>\n\n<h2 class=\"wp-block-heading\"><strong>Sources<\/strong>:<\/h2>\n\n<p><a href=\"https:\/\/www.crhoy.com\/nacionales\/nocaiga-no-han-declarado-feriado-el-dia-del-padre\/\">https:\/\/www.crhoy.com\/nacionales\/nocaiga-no-han-declarado-feriado-el-dia-del-padre\/<\/a><\/p>\n\n<p><a href=\"https:\/\/es.wikipedia.org\/wiki\/D%C3%ADa_del_Padre\">https:\/\/es.wikipedia.org\/wiki\/D%C3%ADa_del_Padre<\/a><\/p>\n\n<p><\/p>\n\n<p><\/p>\n\n<p><strong>Auteure<\/strong>: M. Barrantes pour Sensorial Sunsets<\/p>\n","protected":false},"excerpt":{"rendered":"<p>p\u00e8re-fils-sensorial-sunsets<\/p>\n","protected":false},"author":5,"featured_media":2226,"comment_status":"closed","ping_status":"closed","sticky":false,"template":"","format":"standard","meta":{"_acf_changed":false,"inline_featured_image":false,"_monsterinsights_skip_tracking":false,"_monsterinsights_sitenote_active":false,"_monsterinsights_sitenote_note":"","_monsterinsights_sitenote_category":0,"footnotes":""},"categories":[100,102],"tags":[],"class_list":["post-2231","post","type-post","status-publish","format-standard","has-post-thumbnail","hentry","category-costa-rica-fr","category-societe-fr"],"acf":[],"yoast_head":"<!-- This site is optimized with the Yoast SEO plugin v27.4 - https:\/\/yoast.com\/product\/yoast-seo-wordpress\/ -->\n<title>La f\u00eate des P\u00e8res au Costa Rica - SensorialSunsets<\/title>\n<meta name=\"description\" content=\"La f\u00eate des P\u00e8res au Costa Rica aura lieu le 19 juin 2022 et cela depuis les ann\u00e9es 60. Son origine vient des Etats-Unis.\" \/>\n<meta name=\"robots\" content=\"index, follow, max-snippet:-1, max-image-preview:large, max-video-preview:-1\" \/>\n<link rel=\"canonical\" href=\"https:\/\/www.sensorialsunsets.com\/fr\/la-fete-des-peres-au-costa-rica\/\" \/>\n<meta property=\"og:locale\" content=\"fr_FR\" \/>\n<meta property=\"og:type\" content=\"article\" \/>\n<meta property=\"og:title\" content=\"La f\u00eate des P\u00e8res au Costa Rica - SensorialSunsets\" \/>\n<meta property=\"og:description\" content=\"La f\u00eate des P\u00e8res au Costa Rica aura lieu le 19 juin 2022 et cela depuis les ann\u00e9es 60. Son origine vient des Etats-Unis.\" \/>\n<meta property=\"og:url\" content=\"https:\/\/www.sensorialsunsets.com\/fr\/la-fete-des-peres-au-costa-rica\/\" \/>\n<meta property=\"og:site_name\" content=\"SensorialSunsets\" \/>\n<meta property=\"article:publisher\" content=\"https:\/\/www.facebook.com\/Sensorial-Sunsets-109180614715562\" \/>\n<meta property=\"article:published_time\" content=\"2022-06-13T18:51:39+00:00\" \/>\n<meta property=\"article:modified_time\" content=\"2022-06-15T14:46:55+00:00\" \/>\n<meta property=\"og:image\" content=\"https:\/\/www.sensorialsunsets.com\/wp-content\/uploads\/2022\/06\/caroline-hernandez-TMpQ5R9mbOc-unsplash-scaled.jpg\" \/>\n\t<meta property=\"og:image:width\" content=\"2560\" \/>\n\t<meta property=\"og:image:height\" content=\"1706\" \/>\n\t<meta property=\"og:image:type\" content=\"image\/jpeg\" \/>\n<meta name=\"author\" content=\"Marian Barrantes\" \/>\n<meta name=\"twitter:card\" content=\"summary_large_image\" \/>\n<meta name=\"twitter:label1\" content=\"\u00c9crit par\" \/>\n\t<meta name=\"twitter:data1\" content=\"Marian Barrantes\" \/>\n\t<meta name=\"twitter:label2\" content=\"Dur\u00e9e de lecture estim\u00e9e\" \/>\n\t<meta name=\"twitter:data2\" content=\"2 minutes\" \/>\n<script type=\"application\/ld+json\" class=\"yoast-schema-graph\">{\"@context\":\"https:\\\/\\\/schema.org\",\"@graph\":[{\"@type\":\"Article\",\"@id\":\"https:\\\/\\\/www.sensorialsunsets.com\\\/fr\\\/la-fete-des-peres-au-costa-rica\\\/#article\",\"isPartOf\":{\"@id\":\"https:\\\/\\\/www.sensorialsunsets.com\\\/fr\\\/la-fete-des-peres-au-costa-rica\\\/\"},\"author\":{\"name\":\"Marian Barrantes\",\"@id\":\"https:\\\/\\\/www.sensorialsunsets.com\\\/fr\\\/#\\\/schema\\\/person\\\/a8336a4dbeee633f087a194db2ca482f\"},\"headline\":\"La f\u00eate des P\u00e8res au Costa Rica\",\"datePublished\":\"2022-06-13T18:51:39+00:00\",\"dateModified\":\"2022-06-15T14:46:55+00:00\",\"mainEntityOfPage\":{\"@id\":\"https:\\\/\\\/www.sensorialsunsets.com\\\/fr\\\/la-fete-des-peres-au-costa-rica\\\/\"},\"wordCount\":372,\"publisher\":{\"@id\":\"https:\\\/\\\/www.sensorialsunsets.com\\\/fr\\\/#organization\"},\"image\":{\"@id\":\"https:\\\/\\\/www.sensorialsunsets.com\\\/fr\\\/la-fete-des-peres-au-costa-rica\\\/#primaryimage\"},\"thumbnailUrl\":\"https:\\\/\\\/www.sensorialsunsets.com\\\/wp-content\\\/uploads\\\/2022\\\/06\\\/caroline-hernandez-TMpQ5R9mbOc-unsplash-scaled.jpg\",\"articleSection\":[\"Costa Rica\",\"Soci\u00e9t\u00e9\"],\"inLanguage\":\"fr-FR\"},{\"@type\":\"WebPage\",\"@id\":\"https:\\\/\\\/www.sensorialsunsets.com\\\/fr\\\/la-fete-des-peres-au-costa-rica\\\/\",\"url\":\"https:\\\/\\\/www.sensorialsunsets.com\\\/fr\\\/la-fete-des-peres-au-costa-rica\\\/\",\"name\":\"La f\u00eate des P\u00e8res au Costa Rica - SensorialSunsets\",\"isPartOf\":{\"@id\":\"https:\\\/\\\/www.sensorialsunsets.com\\\/fr\\\/#website\"},\"primaryImageOfPage\":{\"@id\":\"https:\\\/\\\/www.sensorialsunsets.com\\\/fr\\\/la-fete-des-peres-au-costa-rica\\\/#primaryimage\"},\"image\":{\"@id\":\"https:\\\/\\\/www.sensorialsunsets.com\\\/fr\\\/la-fete-des-peres-au-costa-rica\\\/#primaryimage\"},\"thumbnailUrl\":\"https:\\\/\\\/www.sensorialsunsets.com\\\/wp-content\\\/uploads\\\/2022\\\/06\\\/caroline-hernandez-TMpQ5R9mbOc-unsplash-scaled.jpg\",\"datePublished\":\"2022-06-13T18:51:39+00:00\",\"dateModified\":\"2022-06-15T14:46:55+00:00\",\"description\":\"La f\u00eate des P\u00e8res au Costa Rica aura lieu le 19 juin 2022 et cela depuis les ann\u00e9es 60. Son origine vient des Etats-Unis.\",\"inLanguage\":\"fr-FR\",\"potentialAction\":[{\"@type\":\"ReadAction\",\"target\":[\"https:\\\/\\\/www.sensorialsunsets.com\\\/fr\\\/la-fete-des-peres-au-costa-rica\\\/\"]}]},{\"@type\":\"ImageObject\",\"inLanguage\":\"fr-FR\",\"@id\":\"https:\\\/\\\/www.sensorialsunsets.com\\\/fr\\\/la-fete-des-peres-au-costa-rica\\\/#primaryimage\",\"url\":\"https:\\\/\\\/www.sensorialsunsets.com\\\/wp-content\\\/uploads\\\/2022\\\/06\\\/caroline-hernandez-TMpQ5R9mbOc-unsplash-scaled.jpg\",\"contentUrl\":\"https:\\\/\\\/www.sensorialsunsets.com\\\/wp-content\\\/uploads\\\/2022\\\/06\\\/caroline-hernandez-TMpQ5R9mbOc-unsplash-scaled.jpg\",\"width\":2560,\"height\":1706},{\"@type\":\"WebSite\",\"@id\":\"https:\\\/\\\/www.sensorialsunsets.com\\\/fr\\\/#website\",\"url\":\"https:\\\/\\\/www.sensorialsunsets.com\\\/fr\\\/\",\"name\":\"SensorialSunsets.com\",\"description\":\"D\u00e9couvrez la culture et la soci\u00e9t\u00e9 du Costa Rica sur notre blog. Explorez des articles captivants et partagez le contenu.\",\"publisher\":{\"@id\":\"https:\\\/\\\/www.sensorialsunsets.com\\\/fr\\\/#organization\"},\"alternateName\":\"Costa Rica Live Blog\",\"potentialAction\":[{\"@type\":\"SearchAction\",\"target\":{\"@type\":\"EntryPoint\",\"urlTemplate\":\"https:\\\/\\\/www.sensorialsunsets.com\\\/fr\\\/?s={search_term_string}\"},\"query-input\":{\"@type\":\"PropertyValueSpecification\",\"valueRequired\":true,\"valueName\":\"search_term_string\"}}],\"inLanguage\":\"fr-FR\"},{\"@type\":\"Organization\",\"@id\":\"https:\\\/\\\/www.sensorialsunsets.com\\\/fr\\\/#organization\",\"name\":\"SensorialSunsets\",\"url\":\"https:\\\/\\\/www.sensorialsunsets.com\\\/fr\\\/\",\"logo\":{\"@type\":\"ImageObject\",\"inLanguage\":\"fr-FR\",\"@id\":\"https:\\\/\\\/www.sensorialsunsets.com\\\/fr\\\/#\\\/schema\\\/logo\\\/image\\\/\",\"url\":\"https:\\\/\\\/www.sensorialsunsets.com\\\/wp-content\\\/uploads\\\/2023\\\/04\\\/Logo_base_line_fond_clair.svg\",\"contentUrl\":\"https:\\\/\\\/www.sensorialsunsets.com\\\/wp-content\\\/uploads\\\/2023\\\/04\\\/Logo_base_line_fond_clair.svg\",\"width\":\"1024\",\"height\":\"1024\",\"caption\":\"SensorialSunsets\"},\"image\":{\"@id\":\"https:\\\/\\\/www.sensorialsunsets.com\\\/fr\\\/#\\\/schema\\\/logo\\\/image\\\/\"},\"sameAs\":[\"https:\\\/\\\/www.facebook.com\\\/Sensorial-Sunsets-109180614715562\",\"https:\\\/\\\/www.instagram.com\\\/sensorialsunsets\\\/\"]},{\"@type\":\"Person\",\"@id\":\"https:\\\/\\\/www.sensorialsunsets.com\\\/fr\\\/#\\\/schema\\\/person\\\/a8336a4dbeee633f087a194db2ca482f\",\"name\":\"Marian Barrantes\",\"image\":{\"@type\":\"ImageObject\",\"inLanguage\":\"fr-FR\",\"@id\":\"https:\\\/\\\/secure.gravatar.com\\\/avatar\\\/fafbfab67eb28029818d03f44e3037bd798e04434d8d5c0cfc2eea8ec2882a22?s=96&d=mm&r=g\",\"url\":\"https:\\\/\\\/secure.gravatar.com\\\/avatar\\\/fafbfab67eb28029818d03f44e3037bd798e04434d8d5c0cfc2eea8ec2882a22?s=96&d=mm&r=g\",\"contentUrl\":\"https:\\\/\\\/secure.gravatar.com\\\/avatar\\\/fafbfab67eb28029818d03f44e3037bd798e04434d8d5c0cfc2eea8ec2882a22?s=96&d=mm&r=g\",\"caption\":\"Marian Barrantes\"},\"sameAs\":[\"https:\\\/\\\/www.sensorialsunsets.com\"],\"url\":\"https:\\\/\\\/www.sensorialsunsets.com\\\/fr\\\/author\\\/mbarrantes\\\/\"}]}<\/script>\n<!-- \/ Yoast SEO plugin. -->","yoast_head_json":{"title":"La f\u00eate des P\u00e8res au Costa Rica - SensorialSunsets","description":"La f\u00eate des P\u00e8res au Costa Rica aura lieu le 19 juin 2022 et cela depuis les ann\u00e9es 60. Son origine vient des Etats-Unis.","robots":{"index":"index","follow":"follow","max-snippet":"max-snippet:-1","max-image-preview":"max-image-preview:large","max-video-preview":"max-video-preview:-1"},"canonical":"https:\/\/www.sensorialsunsets.com\/fr\/la-fete-des-peres-au-costa-rica\/","og_locale":"fr_FR","og_type":"article","og_title":"La f\u00eate des P\u00e8res au Costa Rica - SensorialSunsets","og_description":"La f\u00eate des P\u00e8res au Costa Rica aura lieu le 19 juin 2022 et cela depuis les ann\u00e9es 60. Son origine vient des Etats-Unis.","og_url":"https:\/\/www.sensorialsunsets.com\/fr\/la-fete-des-peres-au-costa-rica\/","og_site_name":"SensorialSunsets","article_publisher":"https:\/\/www.facebook.com\/Sensorial-Sunsets-109180614715562","article_published_time":"2022-06-13T18:51:39+00:00","article_modified_time":"2022-06-15T14:46:55+00:00","og_image":[{"width":2560,"height":1706,"url":"https:\/\/www.sensorialsunsets.com\/wp-content\/uploads\/2022\/06\/caroline-hernandez-TMpQ5R9mbOc-unsplash-scaled.jpg","type":"image\/jpeg"}],"author":"Marian Barrantes","twitter_card":"summary_large_image","twitter_misc":{"\u00c9crit par":"Marian Barrantes","Dur\u00e9e de lecture estim\u00e9e":"2 minutes"},"schema":{"@context":"https:\/\/schema.org","@graph":[{"@type":"Article","@id":"https:\/\/www.sensorialsunsets.com\/fr\/la-fete-des-peres-au-costa-rica\/#article","isPartOf":{"@id":"https:\/\/www.sensorialsunsets.com\/fr\/la-fete-des-peres-au-costa-rica\/"},"author":{"name":"Marian Barrantes","@id":"https:\/\/www.sensorialsunsets.com\/fr\/#\/schema\/person\/a8336a4dbeee633f087a194db2ca482f"},"headline":"La f\u00eate des P\u00e8res au Costa Rica","datePublished":"2022-06-13T18:51:39+00:00","dateModified":"2022-06-15T14:46:55+00:00","mainEntityOfPage":{"@id":"https:\/\/www.sensorialsunsets.com\/fr\/la-fete-des-peres-au-costa-rica\/"},"wordCount":372,"publisher":{"@id":"https:\/\/www.sensorialsunsets.com\/fr\/#organization"},"image":{"@id":"https:\/\/www.sensorialsunsets.com\/fr\/la-fete-des-peres-au-costa-rica\/#primaryimage"},"thumbnailUrl":"https:\/\/www.sensorialsunsets.com\/wp-content\/uploads\/2022\/06\/caroline-hernandez-TMpQ5R9mbOc-unsplash-scaled.jpg","articleSection":["Costa Rica","Soci\u00e9t\u00e9"],"inLanguage":"fr-FR"},{"@type":"WebPage","@id":"https:\/\/www.sensorialsunsets.com\/fr\/la-fete-des-peres-au-costa-rica\/","url":"https:\/\/www.sensorialsunsets.com\/fr\/la-fete-des-peres-au-costa-rica\/","name":"La f\u00eate des P\u00e8res au Costa Rica - SensorialSunsets","isPartOf":{"@id":"https:\/\/www.sensorialsunsets.com\/fr\/#website"},"primaryImageOfPage":{"@id":"https:\/\/www.sensorialsunsets.com\/fr\/la-fete-des-peres-au-costa-rica\/#primaryimage"},"image":{"@id":"https:\/\/www.sensorialsunsets.com\/fr\/la-fete-des-peres-au-costa-rica\/#primaryimage"},"thumbnailUrl":"https:\/\/www.sensorialsunsets.com\/wp-content\/uploads\/2022\/06\/caroline-hernandez-TMpQ5R9mbOc-unsplash-scaled.jpg","datePublished":"2022-06-13T18:51:39+00:00","dateModified":"2022-06-15T14:46:55+00:00","description":"La f\u00eate des P\u00e8res au Costa Rica aura lieu le 19 juin 2022 et cela depuis les ann\u00e9es 60. Son origine vient des Etats-Unis.","inLanguage":"fr-FR","potentialAction":[{"@type":"ReadAction","target":["https:\/\/www.sensorialsunsets.com\/fr\/la-fete-des-peres-au-costa-rica\/"]}]},{"@type":"ImageObject","inLanguage":"fr-FR","@id":"https:\/\/www.sensorialsunsets.com\/fr\/la-fete-des-peres-au-costa-rica\/#primaryimage","url":"https:\/\/www.sensorialsunsets.com\/wp-content\/uploads\/2022\/06\/caroline-hernandez-TMpQ5R9mbOc-unsplash-scaled.jpg","contentUrl":"https:\/\/www.sensorialsunsets.com\/wp-content\/uploads\/2022\/06\/caroline-hernandez-TMpQ5R9mbOc-unsplash-scaled.jpg","width":2560,"height":1706},{"@type":"WebSite","@id":"https:\/\/www.sensorialsunsets.com\/fr\/#website","url":"https:\/\/www.sensorialsunsets.com\/fr\/","name":"SensorialSunsets.com","description":"D\u00e9couvrez la culture et la soci\u00e9t\u00e9 du Costa Rica sur notre blog. Explorez des articles captivants et partagez le contenu.","publisher":{"@id":"https:\/\/www.sensorialsunsets.com\/fr\/#organization"},"alternateName":"Costa Rica Live Blog","potentialAction":[{"@type":"SearchAction","target":{"@type":"EntryPoint","urlTemplate":"https:\/\/www.sensorialsunsets.com\/fr\/?s={search_term_string}"},"query-input":{"@type":"PropertyValueSpecification","valueRequired":true,"valueName":"search_term_string"}}],"inLanguage":"fr-FR"},{"@type":"Organization","@id":"https:\/\/www.sensorialsunsets.com\/fr\/#organization","name":"SensorialSunsets","url":"https:\/\/www.sensorialsunsets.com\/fr\/","logo":{"@type":"ImageObject","inLanguage":"fr-FR","@id":"https:\/\/www.sensorialsunsets.com\/fr\/#\/schema\/logo\/image\/","url":"https:\/\/www.sensorialsunsets.com\/wp-content\/uploads\/2023\/04\/Logo_base_line_fond_clair.svg","contentUrl":"https:\/\/www.sensorialsunsets.com\/wp-content\/uploads\/2023\/04\/Logo_base_line_fond_clair.svg","width":"1024","height":"1024","caption":"SensorialSunsets"},"image":{"@id":"https:\/\/www.sensorialsunsets.com\/fr\/#\/schema\/logo\/image\/"},"sameAs":["https:\/\/www.facebook.com\/Sensorial-Sunsets-109180614715562","https:\/\/www.instagram.com\/sensorialsunsets\/"]},{"@type":"Person","@id":"https:\/\/www.sensorialsunsets.com\/fr\/#\/schema\/person\/a8336a4dbeee633f087a194db2ca482f","name":"Marian Barrantes","image":{"@type":"ImageObject","inLanguage":"fr-FR","@id":"https:\/\/secure.gravatar.com\/avatar\/fafbfab67eb28029818d03f44e3037bd798e04434d8d5c0cfc2eea8ec2882a22?s=96&d=mm&r=g","url":"https:\/\/secure.gravatar.com\/avatar\/fafbfab67eb28029818d03f44e3037bd798e04434d8d5c0cfc2eea8ec2882a22?s=96&d=mm&r=g","contentUrl":"https:\/\/secure.gravatar.com\/avatar\/fafbfab67eb28029818d03f44e3037bd798e04434d8d5c0cfc2eea8ec2882a22?s=96&d=mm&r=g","caption":"Marian Barrantes"},"sameAs":["https:\/\/www.sensorialsunsets.com"],"url":"https:\/\/www.sensorialsunsets.com\/fr\/author\/mbarrantes\/"}]}},"_links":{"self":[{"href":"https:\/\/www.sensorialsunsets.com\/fr\/wp-json\/wp\/v2\/posts\/2231","targetHints":{"allow":["GET"]}}],"collection":[{"href":"https:\/\/www.sensorialsunsets.com\/fr\/wp-json\/wp\/v2\/posts"}],"about":[{"href":"https:\/\/www.sensorialsunsets.com\/fr\/wp-json\/wp\/v2\/types\/post"}],"author":[{"embeddable":true,"href":"https:\/\/www.sensorialsunsets.com\/fr\/wp-json\/wp\/v2\/users\/5"}],"replies":[{"embeddable":true,"href":"https:\/\/www.sensorialsunsets.com\/fr\/wp-json\/wp\/v2\/comments?post=2231"}],"version-history":[{"count":0,"href":"https:\/\/www.sensorialsunsets.com\/fr\/wp-json\/wp\/v2\/posts\/2231\/revisions"}],"wp:featuredmedia":[{"embeddable":true,"href":"https:\/\/www.sensorialsunsets.com\/fr\/wp-json\/wp\/v2\/media\/2226"}],"wp:attachment":[{"href":"https:\/\/www.sensorialsunsets.com\/fr\/wp-json\/wp\/v2\/media?parent=2231"}],"wp:term":[{"taxonomy":"category","embeddable":true,"href":"https:\/\/www.sensorialsunsets.com\/fr\/wp-json\/wp\/v2\/categories?post=2231"},{"taxonomy":"post_tag","embeddable":true,"href":"https:\/\/www.sensorialsunsets.com\/fr\/wp-json\/wp\/v2\/tags?post=2231"}],"curies":[{"name":"wp","href":"https:\/\/api.w.org\/{rel}","templated":true}]}}