{"id":22311,"date":"2025-06-30T17:51:08","date_gmt":"2025-06-30T23:51:08","guid":{"rendered":"https:\/\/www.sensorialsunsets.com\/?p=22311"},"modified":"2025-06-30T17:51:08","modified_gmt":"2025-06-30T23:51:08","slug":"bocaraca-la-vipere-palmiste-a-cils-des-forets-du-costa-rica","status":"publish","type":"post","link":"https:\/\/www.sensorialsunsets.com\/fr\/bocaraca-la-vipere-palmiste-a-cils-des-forets-du-costa-rica\/","title":{"rendered":"Bocarac\u00e1 : la vip\u00e8re palmiste \u00e0 cils des for\u00eats du Costa Rica"},"content":{"rendered":"\n<p class=\"has-small-font-size\">Bocarac\u00e1<\/p>\n\n\n\n<p>Le Costa Rica abrite au moins 141 esp\u00e8ces de serpents. Avec une telle diversit\u00e9 concentr\u00e9e dans un si petit territoire, on pourrait croire que croiser un <a href=\"https:\/\/www.sensorialsunsets.com\/fr\/serpents-venimeux-du-costa-rica\/\">serpent<\/a> est monnaie courante. Pourtant, de nombreuses esp\u00e8ces \u00e9vitent le contact humain et vivent dans des zones isol\u00e9es, ce qui rend les rencontres plus rares qu\u2019on ne l\u2019imagine. C\u2019est le cas de la <em>bocarac\u00e1<\/em>, \u00e9galement connue sous le nom scientifique <em>Bothriechis schlegelii<\/em>, ou plus commun\u00e9ment <em>vip\u00e8re palmiste \u00e0 cils<\/em>.<\/p>\n\n\n\n<h3 class=\"wp-block-heading\">Une vip\u00e8re aux mille couleurs<\/h3>\n\n\n\n<p>Cette esp\u00e8ce est connue sous divers noms, en anglais comme en espagnol : <em>eyelash viper<\/em>, <em>Schlegel\u2019s pitviper<\/em>, <em>bocarac\u00e1<\/em>, <em>toboba de pesta\u00f1as<\/em> ou encore <em>oropel<\/em> lorsqu\u2019elle arbore une teinte jaune dor\u00e9.<\/p>\n\n\n\n<p>Cette pluralit\u00e9 de noms refl\u00e8te sa grande diversit\u00e9 de couleurs. On peut l\u2019observer en vert, brun, orange, rose, blanc ou jaune, avec des motifs vari\u00e9s tels que des taches, des bandes ou des points. Cette richesse chromatique est telle qu\u2019on pourrait croire \u00e0 des esp\u00e8ces diff\u00e9rentes.<\/p>\n\n\n\n<div style=\"height:100px\" aria-hidden=\"true\" class=\"wp-block-spacer\"><\/div>\n\n\n\n<figure class=\"wp-block-gallery has-nested-images columns-default is-cropped wp-block-gallery-1 is-layout-flex wp-block-gallery-is-layout-flex\">\n<figure class=\"wp-block-image size-large\"><img loading=\"lazy\" decoding=\"async\" width=\"800\" height=\"500\" data-id=\"22301\" src=\"https:\/\/www.sensorialsunsets.com\/wp-content\/uploads\/2025\/06\/bothriechis-schlegelii.-Bocaraca.1_0.jpg\" alt=\"Bocarac\u00e1: la serpiente de Costa Rica\" class=\"wp-image-22301\" srcset=\"https:\/\/www.sensorialsunsets.com\/wp-content\/uploads\/2025\/06\/bothriechis-schlegelii.-Bocaraca.1_0.jpg 800w, https:\/\/www.sensorialsunsets.com\/wp-content\/uploads\/2025\/06\/bothriechis-schlegelii.-Bocaraca.1_0-300x188.jpg 300w, https:\/\/www.sensorialsunsets.com\/wp-content\/uploads\/2025\/06\/bothriechis-schlegelii.-Bocaraca.1_0-768x480.jpg 768w\" sizes=\"auto, (max-width: 800px) 100vw, 800px\" \/><\/figure>\n\n\n\n<figure class=\"wp-block-image size-large\"><img loading=\"lazy\" decoding=\"async\" width=\"1024\" height=\"683\" data-id=\"22304\" src=\"https:\/\/www.sensorialsunsets.com\/wp-content\/uploads\/2025\/06\/Bothriechis_nigroadspersus_La_Selva_Biological_Station-1024x683.jpg\" alt=\"Bocarac\u00e1: la serpiente de Costa Rica\" class=\"wp-image-22304\" srcset=\"https:\/\/www.sensorialsunsets.com\/wp-content\/uploads\/2025\/06\/Bothriechis_nigroadspersus_La_Selva_Biological_Station-1024x683.jpg 1024w, https:\/\/www.sensorialsunsets.com\/wp-content\/uploads\/2025\/06\/Bothriechis_nigroadspersus_La_Selva_Biological_Station-300x200.jpg 300w, https:\/\/www.sensorialsunsets.com\/wp-content\/uploads\/2025\/06\/Bothriechis_nigroadspersus_La_Selva_Biological_Station-768x512.jpg 768w, https:\/\/www.sensorialsunsets.com\/wp-content\/uploads\/2025\/06\/Bothriechis_nigroadspersus_La_Selva_Biological_Station-1536x1024.jpg 1536w, https:\/\/www.sensorialsunsets.com\/wp-content\/uploads\/2025\/06\/Bothriechis_nigroadspersus_La_Selva_Biological_Station-2048x1365.jpg 2048w, https:\/\/www.sensorialsunsets.com\/wp-content\/uploads\/2025\/06\/Bothriechis_nigroadspersus_La_Selva_Biological_Station-334x222.jpg 334w, https:\/\/www.sensorialsunsets.com\/wp-content\/uploads\/2025\/06\/Bothriechis_nigroadspersus_La_Selva_Biological_Station-1320x880.jpg 1320w\" sizes=\"auto, (max-width: 1024px) 100vw, 1024px\" \/><\/figure>\n\n\n\n<figure class=\"wp-block-image size-large\"><img loading=\"lazy\" decoding=\"async\" width=\"850\" height=\"607\" data-id=\"22295\" src=\"https:\/\/www.sensorialsunsets.com\/wp-content\/uploads\/2025\/06\/image-5.png\" alt=\"Bocarac\u00e1: la serpiente de Costa Rica\" class=\"wp-image-22295\" srcset=\"https:\/\/www.sensorialsunsets.com\/wp-content\/uploads\/2025\/06\/image-5.png 850w, https:\/\/www.sensorialsunsets.com\/wp-content\/uploads\/2025\/06\/image-5-300x214.png 300w, https:\/\/www.sensorialsunsets.com\/wp-content\/uploads\/2025\/06\/image-5-768x548.png 768w\" sizes=\"auto, (max-width: 850px) 100vw, 850px\" \/><\/figure>\n<\/figure>\n\n\n\n<div style=\"height:100px\" aria-hidden=\"true\" class=\"wp-block-spacer\"><\/div>\n\n\n\n<h3 class=\"wp-block-heading\">Parmi les racines et les brom\u00e9liac\u00e9es<\/h3>\n\n\n\n<p>Quelle que soit sa couleur, un trait distinctif demeure : des \u00e9cailles dress\u00e9es au-dessus des yeux, semblables \u00e0 des cils. Ces structures pourraient jouer un r\u00f4le dans le camouflage en brisant la silhouette de l\u2019animal, ou servir de protection dans son habitat compos\u00e9 de racines, de lianes et de brom\u00e9liac\u00e9es.<\/p>\n\n\n\n<p>La <em>bocarac\u00e1<\/em> vit dans les for\u00eats humides de plaine et de pi\u00e9mont. Elle est absente des zones les plus s\u00e8ches ainsi que des hauteurs du pays. On peut l\u2019observer enroul\u00e9e entre les racines au sol, pr\u00e8s des ruisseaux ou perch\u00e9e sur des branches au milieu de plantes \u00e9piphytes. Les jeunes pr\u00e9f\u00e8rent rester pr\u00e8s du sol et se nourrissent de petits amphibiens ou reptiles, tandis que les adultes chassent des oiseaux ou petits mammif\u00e8res dans la canop\u00e9e. Cette vip\u00e8re utilise un venin puissant, inject\u00e9 par des crochets creux, pour immobiliser ses proies.<\/p>\n\n\n\n<p>La <em>bocarac\u00e1<\/em> est une esp\u00e8ce embl\u00e9matique des for\u00eats costariciennes. M\u00eame si son observation reste difficile, chaque rencontre est une occasion unique d\u2019en apprendre davantage sur la biodiversit\u00e9 exceptionnelle du pays.<\/p>\n\n\n\n<p><strong>Sensorial Sunsets<\/strong><\/p>\n","protected":false},"excerpt":{"rendered":"<p>Bocarac\u00e1 Le Costa Rica abrite au moins 141 esp\u00e8ces de serpents. Avec une telle diversit\u00e9 concentr\u00e9e dans un si petit territoire, on pourrait croire que croiser un serpent est monnaie courante. Pourtant, de nombreuses esp\u00e8ces \u00e9vitent le contact humain et vivent dans des zones isol\u00e9es, ce qui rend les rencontres plus rares qu\u2019on ne l\u2019imagine. [&hellip;]<\/p>\n","protected":false},"author":4,"featured_media":22300,"comment_status":"closed","ping_status":"closed","sticky":false,"template":"","format":"standard","meta":{"_acf_changed":false,"inline_featured_image":false,"_monsterinsights_skip_tracking":false,"_monsterinsights_sitenote_active":false,"_monsterinsights_sitenote_note":"","_monsterinsights_sitenote_category":0,"footnotes":""},"categories":[1],"tags":[],"class_list":["post-22311","post","type-post","status-publish","format-standard","has-post-thumbnail","hentry","category-non-classifiee"],"acf":[],"yoast_head":"<!-- This site is optimized with the Yoast SEO plugin v27.4 - https:\/\/yoast.com\/product\/yoast-seo-wordpress\/ -->\n<title>Bocarac\u00e1 : la vip\u00e8re palmiste \u00e0 cils des for\u00eats du Costa Rica<\/title>\n<meta name=\"description\" content=\"La bocarac\u00e1 est un serpent arboricole du Costa Rica, reconnu pour sa grande vari\u00e9t\u00e9 de couleurs et sa adaptation aux for\u00eats humides du pays.\" \/>\n<meta name=\"robots\" content=\"index, follow, max-snippet:-1, max-image-preview:large, max-video-preview:-1\" \/>\n<link rel=\"canonical\" href=\"https:\/\/www.sensorialsunsets.com\/fr\/bocaraca-la-vipere-palmiste-a-cils-des-forets-du-costa-rica\/\" \/>\n<meta property=\"og:locale\" content=\"fr_FR\" \/>\n<meta property=\"og:type\" content=\"article\" \/>\n<meta property=\"og:title\" content=\"Bocarac\u00e1 : la vip\u00e8re palmiste \u00e0 cils des for\u00eats du Costa Rica\" \/>\n<meta property=\"og:description\" content=\"La bocarac\u00e1 est un serpent arboricole du Costa Rica, reconnu pour sa grande vari\u00e9t\u00e9 de couleurs et sa adaptation aux for\u00eats humides du pays.\" \/>\n<meta property=\"og:url\" content=\"https:\/\/www.sensorialsunsets.com\/fr\/bocaraca-la-vipere-palmiste-a-cils-des-forets-du-costa-rica\/\" \/>\n<meta property=\"og:site_name\" content=\"SensorialSunsets\" \/>\n<meta property=\"article:publisher\" content=\"https:\/\/www.facebook.com\/Sensorial-Sunsets-109180614715562\" \/>\n<meta property=\"article:published_time\" content=\"2025-06-30T23:51:08+00:00\" \/>\n<meta property=\"og:image\" content=\"https:\/\/www.sensorialsunsets.com\/wp-content\/uploads\/2025\/06\/1076px-Bothriechis_schlegelii_yellow_morph-wikip-wikip.jpg\" \/>\n\t<meta property=\"og:image:width\" content=\"1076\" \/>\n\t<meta property=\"og:image:height\" content=\"720\" \/>\n\t<meta property=\"og:image:type\" content=\"image\/jpeg\" \/>\n<meta name=\"author\" content=\"Sensorial Sunsets\" \/>\n<meta name=\"twitter:card\" content=\"summary_large_image\" \/>\n<meta name=\"twitter:label1\" content=\"\u00c9crit par\" \/>\n\t<meta name=\"twitter:data1\" content=\"Sensorial Sunsets\" \/>\n\t<meta name=\"twitter:label2\" content=\"Dur\u00e9e de lecture estim\u00e9e\" \/>\n\t<meta name=\"twitter:data2\" content=\"2 minutes\" \/>\n<script type=\"application\/ld+json\" class=\"yoast-schema-graph\">{\"@context\":\"https:\\\/\\\/schema.org\",\"@graph\":[{\"@type\":\"Article\",\"@id\":\"https:\\\/\\\/www.sensorialsunsets.com\\\/fr\\\/bocaraca-la-vipere-palmiste-a-cils-des-forets-du-costa-rica\\\/#article\",\"isPartOf\":{\"@id\":\"https:\\\/\\\/www.sensorialsunsets.com\\\/fr\\\/bocaraca-la-vipere-palmiste-a-cils-des-forets-du-costa-rica\\\/\"},\"author\":{\"name\":\"Sensorial Sunsets\",\"@id\":\"https:\\\/\\\/www.sensorialsunsets.com\\\/fr\\\/#\\\/schema\\\/person\\\/77e2fa594135aa94024c47e281d8a94d\"},\"headline\":\"Bocarac\u00e1 : la vip\u00e8re palmiste \u00e0 cils des for\u00eats du Costa Rica\",\"datePublished\":\"2025-06-30T23:51:08+00:00\",\"mainEntityOfPage\":{\"@id\":\"https:\\\/\\\/www.sensorialsunsets.com\\\/fr\\\/bocaraca-la-vipere-palmiste-a-cils-des-forets-du-costa-rica\\\/\"},\"wordCount\":387,\"publisher\":{\"@id\":\"https:\\\/\\\/www.sensorialsunsets.com\\\/fr\\\/#organization\"},\"image\":{\"@id\":\"https:\\\/\\\/www.sensorialsunsets.com\\\/fr\\\/bocaraca-la-vipere-palmiste-a-cils-des-forets-du-costa-rica\\\/#primaryimage\"},\"thumbnailUrl\":\"https:\\\/\\\/www.sensorialsunsets.com\\\/wp-content\\\/uploads\\\/2025\\\/06\\\/1076px-Bothriechis_schlegelii_yellow_morph-wikip-wikip.jpg\",\"articleSection\":[\"Non classifi\u00e9(e)\"],\"inLanguage\":\"fr-FR\"},{\"@type\":\"WebPage\",\"@id\":\"https:\\\/\\\/www.sensorialsunsets.com\\\/fr\\\/bocaraca-la-vipere-palmiste-a-cils-des-forets-du-costa-rica\\\/\",\"url\":\"https:\\\/\\\/www.sensorialsunsets.com\\\/fr\\\/bocaraca-la-vipere-palmiste-a-cils-des-forets-du-costa-rica\\\/\",\"name\":\"Bocarac\u00e1 : la vip\u00e8re palmiste \u00e0 cils des for\u00eats du Costa Rica\",\"isPartOf\":{\"@id\":\"https:\\\/\\\/www.sensorialsunsets.com\\\/fr\\\/#website\"},\"primaryImageOfPage\":{\"@id\":\"https:\\\/\\\/www.sensorialsunsets.com\\\/fr\\\/bocaraca-la-vipere-palmiste-a-cils-des-forets-du-costa-rica\\\/#primaryimage\"},\"image\":{\"@id\":\"https:\\\/\\\/www.sensorialsunsets.com\\\/fr\\\/bocaraca-la-vipere-palmiste-a-cils-des-forets-du-costa-rica\\\/#primaryimage\"},\"thumbnailUrl\":\"https:\\\/\\\/www.sensorialsunsets.com\\\/wp-content\\\/uploads\\\/2025\\\/06\\\/1076px-Bothriechis_schlegelii_yellow_morph-wikip-wikip.jpg\",\"datePublished\":\"2025-06-30T23:51:08+00:00\",\"description\":\"La bocarac\u00e1 est un serpent arboricole du Costa Rica, reconnu pour sa grande vari\u00e9t\u00e9 de couleurs et sa adaptation aux for\u00eats humides du pays.\",\"inLanguage\":\"fr-FR\",\"potentialAction\":[{\"@type\":\"ReadAction\",\"target\":[\"https:\\\/\\\/www.sensorialsunsets.com\\\/fr\\\/bocaraca-la-vipere-palmiste-a-cils-des-forets-du-costa-rica\\\/\"]}]},{\"@type\":\"ImageObject\",\"inLanguage\":\"fr-FR\",\"@id\":\"https:\\\/\\\/www.sensorialsunsets.com\\\/fr\\\/bocaraca-la-vipere-palmiste-a-cils-des-forets-du-costa-rica\\\/#primaryimage\",\"url\":\"https:\\\/\\\/www.sensorialsunsets.com\\\/wp-content\\\/uploads\\\/2025\\\/06\\\/1076px-Bothriechis_schlegelii_yellow_morph-wikip-wikip.jpg\",\"contentUrl\":\"https:\\\/\\\/www.sensorialsunsets.com\\\/wp-content\\\/uploads\\\/2025\\\/06\\\/1076px-Bothriechis_schlegelii_yellow_morph-wikip-wikip.jpg\",\"width\":1076,\"height\":720},{\"@type\":\"WebSite\",\"@id\":\"https:\\\/\\\/www.sensorialsunsets.com\\\/fr\\\/#website\",\"url\":\"https:\\\/\\\/www.sensorialsunsets.com\\\/fr\\\/\",\"name\":\"SensorialSunsets.com\",\"description\":\"D\u00e9couvrez la culture et la soci\u00e9t\u00e9 du Costa Rica sur notre blog. Explorez des articles captivants et partagez le contenu.\",\"publisher\":{\"@id\":\"https:\\\/\\\/www.sensorialsunsets.com\\\/fr\\\/#organization\"},\"alternateName\":\"Costa Rica Live Blog\",\"potentialAction\":[{\"@type\":\"SearchAction\",\"target\":{\"@type\":\"EntryPoint\",\"urlTemplate\":\"https:\\\/\\\/www.sensorialsunsets.com\\\/fr\\\/?s={search_term_string}\"},\"query-input\":{\"@type\":\"PropertyValueSpecification\",\"valueRequired\":true,\"valueName\":\"search_term_string\"}}],\"inLanguage\":\"fr-FR\"},{\"@type\":\"Organization\",\"@id\":\"https:\\\/\\\/www.sensorialsunsets.com\\\/fr\\\/#organization\",\"name\":\"SensorialSunsets\",\"url\":\"https:\\\/\\\/www.sensorialsunsets.com\\\/fr\\\/\",\"logo\":{\"@type\":\"ImageObject\",\"inLanguage\":\"fr-FR\",\"@id\":\"https:\\\/\\\/www.sensorialsunsets.com\\\/fr\\\/#\\\/schema\\\/logo\\\/image\\\/\",\"url\":\"https:\\\/\\\/www.sensorialsunsets.com\\\/wp-content\\\/uploads\\\/2023\\\/04\\\/Logo_base_line_fond_clair.svg\",\"contentUrl\":\"https:\\\/\\\/www.sensorialsunsets.com\\\/wp-content\\\/uploads\\\/2023\\\/04\\\/Logo_base_line_fond_clair.svg\",\"width\":\"1024\",\"height\":\"1024\",\"caption\":\"SensorialSunsets\"},\"image\":{\"@id\":\"https:\\\/\\\/www.sensorialsunsets.com\\\/fr\\\/#\\\/schema\\\/logo\\\/image\\\/\"},\"sameAs\":[\"https:\\\/\\\/www.facebook.com\\\/Sensorial-Sunsets-109180614715562\",\"https:\\\/\\\/www.instagram.com\\\/sensorialsunsets\\\/\"]},{\"@type\":\"Person\",\"@id\":\"https:\\\/\\\/www.sensorialsunsets.com\\\/fr\\\/#\\\/schema\\\/person\\\/77e2fa594135aa94024c47e281d8a94d\",\"name\":\"Sensorial Sunsets\",\"image\":{\"@type\":\"ImageObject\",\"inLanguage\":\"fr-FR\",\"@id\":\"https:\\\/\\\/secure.gravatar.com\\\/avatar\\\/5f2d62681b1dad94c28f1500d4fc75582acdfd32b55fd1acce0a36a3c487eabe?s=96&d=mm&r=g\",\"url\":\"https:\\\/\\\/secure.gravatar.com\\\/avatar\\\/5f2d62681b1dad94c28f1500d4fc75582acdfd32b55fd1acce0a36a3c487eabe?s=96&d=mm&r=g\",\"contentUrl\":\"https:\\\/\\\/secure.gravatar.com\\\/avatar\\\/5f2d62681b1dad94c28f1500d4fc75582acdfd32b55fd1acce0a36a3c487eabe?s=96&d=mm&r=g\",\"caption\":\"Sensorial Sunsets\"},\"url\":\"https:\\\/\\\/www.sensorialsunsets.com\\\/fr\\\/author\\\/asistentes-sensorial-sunsets\\\/\"}]}<\/script>\n<!-- \/ Yoast SEO plugin. -->","yoast_head_json":{"title":"Bocarac\u00e1 : la vip\u00e8re palmiste \u00e0 cils des for\u00eats du Costa Rica","description":"La bocarac\u00e1 est un serpent arboricole du Costa Rica, reconnu pour sa grande vari\u00e9t\u00e9 de couleurs et sa adaptation aux for\u00eats humides du pays.","robots":{"index":"index","follow":"follow","max-snippet":"max-snippet:-1","max-image-preview":"max-image-preview:large","max-video-preview":"max-video-preview:-1"},"canonical":"https:\/\/www.sensorialsunsets.com\/fr\/bocaraca-la-vipere-palmiste-a-cils-des-forets-du-costa-rica\/","og_locale":"fr_FR","og_type":"article","og_title":"Bocarac\u00e1 : la vip\u00e8re palmiste \u00e0 cils des for\u00eats du Costa Rica","og_description":"La bocarac\u00e1 est un serpent arboricole du Costa Rica, reconnu pour sa grande vari\u00e9t\u00e9 de couleurs et sa adaptation aux for\u00eats humides du pays.","og_url":"https:\/\/www.sensorialsunsets.com\/fr\/bocaraca-la-vipere-palmiste-a-cils-des-forets-du-costa-rica\/","og_site_name":"SensorialSunsets","article_publisher":"https:\/\/www.facebook.com\/Sensorial-Sunsets-109180614715562","article_published_time":"2025-06-30T23:51:08+00:00","og_image":[{"width":1076,"height":720,"url":"https:\/\/www.sensorialsunsets.com\/wp-content\/uploads\/2025\/06\/1076px-Bothriechis_schlegelii_yellow_morph-wikip-wikip.jpg","type":"image\/jpeg"}],"author":"Sensorial Sunsets","twitter_card":"summary_large_image","twitter_misc":{"\u00c9crit par":"Sensorial Sunsets","Dur\u00e9e de lecture estim\u00e9e":"2 minutes"},"schema":{"@context":"https:\/\/schema.org","@graph":[{"@type":"Article","@id":"https:\/\/www.sensorialsunsets.com\/fr\/bocaraca-la-vipere-palmiste-a-cils-des-forets-du-costa-rica\/#article","isPartOf":{"@id":"https:\/\/www.sensorialsunsets.com\/fr\/bocaraca-la-vipere-palmiste-a-cils-des-forets-du-costa-rica\/"},"author":{"name":"Sensorial Sunsets","@id":"https:\/\/www.sensorialsunsets.com\/fr\/#\/schema\/person\/77e2fa594135aa94024c47e281d8a94d"},"headline":"Bocarac\u00e1 : la vip\u00e8re palmiste \u00e0 cils des for\u00eats du Costa Rica","datePublished":"2025-06-30T23:51:08+00:00","mainEntityOfPage":{"@id":"https:\/\/www.sensorialsunsets.com\/fr\/bocaraca-la-vipere-palmiste-a-cils-des-forets-du-costa-rica\/"},"wordCount":387,"publisher":{"@id":"https:\/\/www.sensorialsunsets.com\/fr\/#organization"},"image":{"@id":"https:\/\/www.sensorialsunsets.com\/fr\/bocaraca-la-vipere-palmiste-a-cils-des-forets-du-costa-rica\/#primaryimage"},"thumbnailUrl":"https:\/\/www.sensorialsunsets.com\/wp-content\/uploads\/2025\/06\/1076px-Bothriechis_schlegelii_yellow_morph-wikip-wikip.jpg","articleSection":["Non classifi\u00e9(e)"],"inLanguage":"fr-FR"},{"@type":"WebPage","@id":"https:\/\/www.sensorialsunsets.com\/fr\/bocaraca-la-vipere-palmiste-a-cils-des-forets-du-costa-rica\/","url":"https:\/\/www.sensorialsunsets.com\/fr\/bocaraca-la-vipere-palmiste-a-cils-des-forets-du-costa-rica\/","name":"Bocarac\u00e1 : la vip\u00e8re palmiste \u00e0 cils des for\u00eats du Costa Rica","isPartOf":{"@id":"https:\/\/www.sensorialsunsets.com\/fr\/#website"},"primaryImageOfPage":{"@id":"https:\/\/www.sensorialsunsets.com\/fr\/bocaraca-la-vipere-palmiste-a-cils-des-forets-du-costa-rica\/#primaryimage"},"image":{"@id":"https:\/\/www.sensorialsunsets.com\/fr\/bocaraca-la-vipere-palmiste-a-cils-des-forets-du-costa-rica\/#primaryimage"},"thumbnailUrl":"https:\/\/www.sensorialsunsets.com\/wp-content\/uploads\/2025\/06\/1076px-Bothriechis_schlegelii_yellow_morph-wikip-wikip.jpg","datePublished":"2025-06-30T23:51:08+00:00","description":"La bocarac\u00e1 est un serpent arboricole du Costa Rica, reconnu pour sa grande vari\u00e9t\u00e9 de couleurs et sa adaptation aux for\u00eats humides du pays.","inLanguage":"fr-FR","potentialAction":[{"@type":"ReadAction","target":["https:\/\/www.sensorialsunsets.com\/fr\/bocaraca-la-vipere-palmiste-a-cils-des-forets-du-costa-rica\/"]}]},{"@type":"ImageObject","inLanguage":"fr-FR","@id":"https:\/\/www.sensorialsunsets.com\/fr\/bocaraca-la-vipere-palmiste-a-cils-des-forets-du-costa-rica\/#primaryimage","url":"https:\/\/www.sensorialsunsets.com\/wp-content\/uploads\/2025\/06\/1076px-Bothriechis_schlegelii_yellow_morph-wikip-wikip.jpg","contentUrl":"https:\/\/www.sensorialsunsets.com\/wp-content\/uploads\/2025\/06\/1076px-Bothriechis_schlegelii_yellow_morph-wikip-wikip.jpg","width":1076,"height":720},{"@type":"WebSite","@id":"https:\/\/www.sensorialsunsets.com\/fr\/#website","url":"https:\/\/www.sensorialsunsets.com\/fr\/","name":"SensorialSunsets.com","description":"D\u00e9couvrez la culture et la soci\u00e9t\u00e9 du Costa Rica sur notre blog. Explorez des articles captivants et partagez le contenu.","publisher":{"@id":"https:\/\/www.sensorialsunsets.com\/fr\/#organization"},"alternateName":"Costa Rica Live Blog","potentialAction":[{"@type":"SearchAction","target":{"@type":"EntryPoint","urlTemplate":"https:\/\/www.sensorialsunsets.com\/fr\/?s={search_term_string}"},"query-input":{"@type":"PropertyValueSpecification","valueRequired":true,"valueName":"search_term_string"}}],"inLanguage":"fr-FR"},{"@type":"Organization","@id":"https:\/\/www.sensorialsunsets.com\/fr\/#organization","name":"SensorialSunsets","url":"https:\/\/www.sensorialsunsets.com\/fr\/","logo":{"@type":"ImageObject","inLanguage":"fr-FR","@id":"https:\/\/www.sensorialsunsets.com\/fr\/#\/schema\/logo\/image\/","url":"https:\/\/www.sensorialsunsets.com\/wp-content\/uploads\/2023\/04\/Logo_base_line_fond_clair.svg","contentUrl":"https:\/\/www.sensorialsunsets.com\/wp-content\/uploads\/2023\/04\/Logo_base_line_fond_clair.svg","width":"1024","height":"1024","caption":"SensorialSunsets"},"image":{"@id":"https:\/\/www.sensorialsunsets.com\/fr\/#\/schema\/logo\/image\/"},"sameAs":["https:\/\/www.facebook.com\/Sensorial-Sunsets-109180614715562","https:\/\/www.instagram.com\/sensorialsunsets\/"]},{"@type":"Person","@id":"https:\/\/www.sensorialsunsets.com\/fr\/#\/schema\/person\/77e2fa594135aa94024c47e281d8a94d","name":"Sensorial Sunsets","image":{"@type":"ImageObject","inLanguage":"fr-FR","@id":"https:\/\/secure.gravatar.com\/avatar\/5f2d62681b1dad94c28f1500d4fc75582acdfd32b55fd1acce0a36a3c487eabe?s=96&d=mm&r=g","url":"https:\/\/secure.gravatar.com\/avatar\/5f2d62681b1dad94c28f1500d4fc75582acdfd32b55fd1acce0a36a3c487eabe?s=96&d=mm&r=g","contentUrl":"https:\/\/secure.gravatar.com\/avatar\/5f2d62681b1dad94c28f1500d4fc75582acdfd32b55fd1acce0a36a3c487eabe?s=96&d=mm&r=g","caption":"Sensorial Sunsets"},"url":"https:\/\/www.sensorialsunsets.com\/fr\/author\/asistentes-sensorial-sunsets\/"}]}},"_links":{"self":[{"href":"https:\/\/www.sensorialsunsets.com\/fr\/wp-json\/wp\/v2\/posts\/22311","targetHints":{"allow":["GET"]}}],"collection":[{"href":"https:\/\/www.sensorialsunsets.com\/fr\/wp-json\/wp\/v2\/posts"}],"about":[{"href":"https:\/\/www.sensorialsunsets.com\/fr\/wp-json\/wp\/v2\/types\/post"}],"author":[{"embeddable":true,"href":"https:\/\/www.sensorialsunsets.com\/fr\/wp-json\/wp\/v2\/users\/4"}],"replies":[{"embeddable":true,"href":"https:\/\/www.sensorialsunsets.com\/fr\/wp-json\/wp\/v2\/comments?post=22311"}],"version-history":[{"count":2,"href":"https:\/\/www.sensorialsunsets.com\/fr\/wp-json\/wp\/v2\/posts\/22311\/revisions"}],"predecessor-version":[{"id":22313,"href":"https:\/\/www.sensorialsunsets.com\/fr\/wp-json\/wp\/v2\/posts\/22311\/revisions\/22313"}],"wp:featuredmedia":[{"embeddable":true,"href":"https:\/\/www.sensorialsunsets.com\/fr\/wp-json\/wp\/v2\/media\/22300"}],"wp:attachment":[{"href":"https:\/\/www.sensorialsunsets.com\/fr\/wp-json\/wp\/v2\/media?parent=22311"}],"wp:term":[{"taxonomy":"category","embeddable":true,"href":"https:\/\/www.sensorialsunsets.com\/fr\/wp-json\/wp\/v2\/categories?post=22311"},{"taxonomy":"post_tag","embeddable":true,"href":"https:\/\/www.sensorialsunsets.com\/fr\/wp-json\/wp\/v2\/tags?post=22311"}],"curies":[{"name":"wp","href":"https:\/\/api.w.org\/{rel}","templated":true}]}}