{"id":22355,"date":"2025-07-04T18:03:33","date_gmt":"2025-07-05T00:03:33","guid":{"rendered":"https:\/\/www.sensorialsunsets.com\/?p=22355"},"modified":"2025-07-04T18:03:33","modified_gmt":"2025-07-05T00:03:33","slug":"volcan-poas-quand-le-parc-national-rouvrira-t-il-ses-portes","status":"publish","type":"post","link":"https:\/\/www.sensorialsunsets.com\/fr\/volcan-poas-quand-le-parc-national-rouvrira-t-il-ses-portes\/","title":{"rendered":"Volcan Po\u00e1s : quand le parc national rouvrira-t-il ses portes ?"},"content":{"rendered":"\n<p class=\"has-small-font-size\">Volcan Po\u00e1s<\/p>\n\n\n\n<p>Bien que le <a href=\"https:\/\/www.sensorialsunsets.com\/fr\/los-quemaderos-du-volcan-poas\/\">Volcan Po\u00e1s<\/a> soit entr\u00e9 dans une phase plus stable et que le niveau d\u2019alerte ait \u00e9t\u00e9 abaiss\u00e9 \u00e0 vert, <strong>le parc national reste ferm\u00e9<\/strong> pour le moment, selon le Syst\u00e8me National des Aires de Conservation (SINAC) du Costa Rica. Les autorit\u00e9s pr\u00e9cisent que ce site touristique tr\u00e8s fr\u00e9quent\u00e9 <strong>ne pourra rouvrir que lorsque toutes les conditions de s\u00e9curit\u00e9 seront garanties<\/strong>.<\/p>\n\n\n\n<p>Un plan de r\u00e9ouverture est d\u00e9j\u00e0 en cours, mais des \u00e9valuations techniques, des travaux de maintenance et des inspections de l\u2019infrastructure doivent d\u2019abord \u00eatre r\u00e9alis\u00e9s. Ces mesures respectent des protocoles de s\u00e9curit\u00e9 stricts pour les zones naturelles prot\u00e9g\u00e9es et les volcans actifs.<\/p>\n\n\n\n<figure class=\"wp-block-pullquote has-text-align-left\"><blockquote><p>La date officielle de r\u00e9ouverture sera annonc\u00e9e dans les prochains jours. Avant cela, plusieurs travaux d\u2019entretien doivent \u00eatre effectu\u00e9s sur les infrastructures<\/p><cite>Franz Tattenbach, ministre de l\u2019Environnement<\/cite><\/blockquote><\/figure>\n\n\n\n<p>La Commission Nationale d\u2019Urgence (CNE) a abaiss\u00e9 le niveau d\u2019alerte le 2 juillet, apr\u00e8s avoir constat\u00e9 une baisse soutenue de l\u2019activit\u00e9 volcanique. Les rapports du Comit\u00e9 technique consultatif en volcanologie et sismologie ont observ\u00e9 des secousses de faible amplitude, moins d\u2019\u00e9v\u00e9nements de longue dur\u00e9e, une \u00e9mission de gaz plus stable et une diminution de l\u2019intensit\u00e9 des \u00e9ruptions phr\u00e9atiques.<\/p>\n\n\n\n<div style=\"height:100px\" aria-hidden=\"true\" class=\"wp-block-spacer\"><\/div>\n\n\n\n<figure class=\"wp-block-gallery has-nested-images columns-default is-cropped wp-block-gallery-1 is-layout-flex wp-block-gallery-is-layout-flex\">\n<figure class=\"wp-block-image size-large\"><img loading=\"lazy\" decoding=\"async\" width=\"1024\" height=\"682\" data-id=\"22345\" src=\"https:\/\/www.sensorialsunsets.com\/wp-content\/uploads\/2025\/07\/volcan-poas-1024x682.jpg\" alt=\"Volcan Po\u00e1s\" class=\"wp-image-22345\" srcset=\"https:\/\/www.sensorialsunsets.com\/wp-content\/uploads\/2025\/07\/volcan-poas-1024x682.jpg 1024w, https:\/\/www.sensorialsunsets.com\/wp-content\/uploads\/2025\/07\/volcan-poas-300x200.jpg 300w, https:\/\/www.sensorialsunsets.com\/wp-content\/uploads\/2025\/07\/volcan-poas-768x512.jpg 768w, https:\/\/www.sensorialsunsets.com\/wp-content\/uploads\/2025\/07\/volcan-poas-1536x1023.jpg 1536w, https:\/\/www.sensorialsunsets.com\/wp-content\/uploads\/2025\/07\/volcan-poas-334x222.jpg 334w, https:\/\/www.sensorialsunsets.com\/wp-content\/uploads\/2025\/07\/volcan-poas-1320x880.jpg 1320w, https:\/\/www.sensorialsunsets.com\/wp-content\/uploads\/2025\/07\/volcan-poas.jpg 1822w\" sizes=\"auto, (max-width: 1024px) 100vw, 1024px\" \/><\/figure>\n\n\n\n<figure class=\"wp-block-image size-large\"><img loading=\"lazy\" decoding=\"async\" width=\"1024\" height=\"768\" data-id=\"22348\" src=\"https:\/\/www.sensorialsunsets.com\/wp-content\/uploads\/2025\/07\/volcan-poas-1-1024x768.webp\" alt=\"Volcan Po\u00e1s\" class=\"wp-image-22348\" srcset=\"https:\/\/www.sensorialsunsets.com\/wp-content\/uploads\/2025\/07\/volcan-poas-1-1024x768.webp 1024w, https:\/\/www.sensorialsunsets.com\/wp-content\/uploads\/2025\/07\/volcan-poas-1-300x225.webp 300w, https:\/\/www.sensorialsunsets.com\/wp-content\/uploads\/2025\/07\/volcan-poas-1-768x576.webp 768w, https:\/\/www.sensorialsunsets.com\/wp-content\/uploads\/2025\/07\/volcan-poas-1-1536x1152.webp 1536w, https:\/\/www.sensorialsunsets.com\/wp-content\/uploads\/2025\/07\/volcan-poas-1-2048x1536.webp 2048w, https:\/\/www.sensorialsunsets.com\/wp-content\/uploads\/2025\/07\/volcan-poas-1-1320x990.webp 1320w\" sizes=\"auto, (max-width: 1024px) 100vw, 1024px\" \/><\/figure>\n\n\n\n<figure class=\"wp-block-image size-large\"><img loading=\"lazy\" decoding=\"async\" width=\"640\" height=\"480\" data-id=\"22342\" src=\"https:\/\/www.sensorialsunsets.com\/wp-content\/uploads\/2025\/07\/poas.jpg\" alt=\"Volcan Po\u00e1s\" class=\"wp-image-22342\" srcset=\"https:\/\/www.sensorialsunsets.com\/wp-content\/uploads\/2025\/07\/poas.jpg 640w, https:\/\/www.sensorialsunsets.com\/wp-content\/uploads\/2025\/07\/poas-300x225.jpg 300w\" sizes=\"auto, (max-width: 640px) 100vw, 640px\" \/><\/figure>\n<\/figure>\n\n\n\n<div style=\"height:100px\" aria-hidden=\"true\" class=\"wp-block-spacer\"><\/div>\n\n\n\n<h3 class=\"wp-block-heading\"><strong><strong>Volcan Po\u00e1s : les autorit\u00e9s pr\u00e9parent un plan pour sa r\u00e9ouverture<\/strong><\/strong><\/h3>\n\n\n\n<p>Le suivi effectu\u00e9 par le Smithsonian\/USGS au 1er juillet confirme que le Po\u00e1s est toujours en \u00ab activit\u00e9 continue \u00bb, montrant un comportement volcanique intermittent sans \u00e9ruption majeure. Les donn\u00e9es sismiques du 2 juillet n\u2019ont r\u00e9v\u00e9l\u00e9 aucun s\u00e9isme significatif, soutenant l\u2019\u00e9valuation d\u2019une stabilit\u00e9 actuelle.<\/p>\n\n\n\n<p>Des survols par drone ont confirm\u00e9 que les d\u00e9p\u00f4ts de cendres \u00e0 l\u2019ouest du crat\u00e8re actif ont nettement diminu\u00e9. Les fortes pluies r\u00e9centes ont contribu\u00e9 \u00e0 entra\u00eener les cendres vers les bassins des rivi\u00e8res Desag\u00fce, Anonos, Gorri\u00f3n et Agrio.<\/p>\n\n\n\n<p>Malgr\u00e9 ces signes encourageants, les volcanologues appellent \u00e0 la prudence. L\u2019eau de pluie qui s\u2019accumule dans le crat\u00e8re pourrait encore provoquer de nouvelles explosions phr\u00e9atiques. De son c\u00f4t\u00e9, l\u2019aire de conservation centrale du SINAC continue d\u2019\u00e9valuer les sentiers et les infrastructures, de r\u00e9aliser un entretien pr\u00e9ventif, de collaborer avec les comit\u00e9s d\u2019urgence, et de mettre \u00e0 jour les protocoles de s\u00e9curit\u00e9.<\/p>\n\n\n\n<figure class=\"wp-block-pullquote has-text-align-left\"><blockquote><p>La r\u00e9ouverture n\u00e9cessite de nombreux d\u00e9tails afin d\u2019offrir une exp\u00e9rience agr\u00e9able et s\u00e9curis\u00e9e \u00e0 nos visiteurs<\/p><cite>Meryll Arias, directrice r\u00e9gionale de l\u2019Aire de Conservation Centrale.<\/cite><\/blockquote><\/figure>\n\n\n\n<p>Le parc national du volcan Po\u00e1s est ferm\u00e9 depuis le 23 mars, date \u00e0 laquelle le volcan est entr\u00e9 dans une phase \u00e9ruptive plus active. Cette fermeture a eu un fort impact \u00e9conomique sur les communaut\u00e9s voisines qui d\u00e9pendent du tourisme. Sa r\u00e9ouverture prochaine est attendue avec impatience et devrait redynamiser l\u2019\u00e9conomie locale.<\/p>\n\n\n\n<p><strong>Sensorial Sunsets<\/strong><\/p>\n","protected":false},"excerpt":{"rendered":"<p>Volcan Po\u00e1s Bien que le Volcan Po\u00e1s soit entr\u00e9 dans une phase plus stable et que le niveau d\u2019alerte ait \u00e9t\u00e9 abaiss\u00e9 \u00e0 vert, le parc national reste ferm\u00e9 pour le moment, selon le Syst\u00e8me National des Aires de Conservation (SINAC) du Costa Rica. Les autorit\u00e9s pr\u00e9cisent que ce site touristique tr\u00e8s fr\u00e9quent\u00e9 ne pourra [&hellip;]<\/p>\n","protected":false},"author":4,"featured_media":22340,"comment_status":"closed","ping_status":"closed","sticky":false,"template":"","format":"standard","meta":{"_acf_changed":false,"inline_featured_image":false,"_monsterinsights_skip_tracking":false,"_monsterinsights_sitenote_active":false,"_monsterinsights_sitenote_note":"","_monsterinsights_sitenote_category":0,"footnotes":""},"categories":[1],"tags":[],"class_list":["post-22355","post","type-post","status-publish","format-standard","has-post-thumbnail","hentry","category-non-classifiee"],"acf":[],"yoast_head":"<!-- This site is optimized with the Yoast SEO plugin v27.4 - https:\/\/yoast.com\/product\/yoast-seo-wordpress\/ -->\n<title>Volcan Po\u00e1s : quand le parc national rouvrira-t-il ses portes ?<\/title>\n<meta name=\"description\" content=\"Le Volcan Po\u00e1s s&#039;appr\u00eate \u00e0 rouvrir apr\u00e8s une phase \u00e9ruptive. D\u00e9couvrez quand vous pourrez revisiter ce parc national du Costa Rica.\" \/>\n<meta name=\"robots\" content=\"index, follow, max-snippet:-1, max-image-preview:large, max-video-preview:-1\" \/>\n<link rel=\"canonical\" href=\"https:\/\/www.sensorialsunsets.com\/fr\/volcan-poas-quand-le-parc-national-rouvrira-t-il-ses-portes\/\" \/>\n<meta property=\"og:locale\" content=\"fr_FR\" \/>\n<meta property=\"og:type\" content=\"article\" \/>\n<meta property=\"og:title\" content=\"Volcan Po\u00e1s : quand le parc national rouvrira-t-il ses portes ?\" \/>\n<meta property=\"og:description\" content=\"Le Volcan Po\u00e1s s&#039;appr\u00eate \u00e0 rouvrir apr\u00e8s une phase \u00e9ruptive. D\u00e9couvrez quand vous pourrez revisiter ce parc national du Costa Rica.\" \/>\n<meta property=\"og:url\" content=\"https:\/\/www.sensorialsunsets.com\/fr\/volcan-poas-quand-le-parc-national-rouvrira-t-il-ses-portes\/\" \/>\n<meta property=\"og:site_name\" content=\"SensorialSunsets\" \/>\n<meta property=\"article:publisher\" content=\"https:\/\/www.facebook.com\/Sensorial-Sunsets-109180614715562\" \/>\n<meta property=\"article:published_time\" content=\"2025-07-05T00:03:33+00:00\" \/>\n<meta property=\"og:image\" content=\"https:\/\/www.sensorialsunsets.com\/wp-content\/uploads\/2025\/07\/volcan-poas-scaled.webp\" \/>\n\t<meta property=\"og:image:width\" content=\"2560\" \/>\n\t<meta property=\"og:image:height\" content=\"1920\" \/>\n\t<meta property=\"og:image:type\" content=\"image\/webp\" \/>\n<meta name=\"author\" content=\"Sensorial Sunsets\" \/>\n<meta name=\"twitter:card\" content=\"summary_large_image\" \/>\n<meta name=\"twitter:label1\" content=\"\u00c9crit par\" \/>\n\t<meta name=\"twitter:data1\" content=\"Sensorial Sunsets\" \/>\n\t<meta name=\"twitter:label2\" content=\"Dur\u00e9e de lecture estim\u00e9e\" \/>\n\t<meta name=\"twitter:data2\" content=\"2 minutes\" \/>\n<script type=\"application\/ld+json\" class=\"yoast-schema-graph\">{\"@context\":\"https:\\\/\\\/schema.org\",\"@graph\":[{\"@type\":\"Article\",\"@id\":\"https:\\\/\\\/www.sensorialsunsets.com\\\/fr\\\/volcan-poas-quand-le-parc-national-rouvrira-t-il-ses-portes\\\/#article\",\"isPartOf\":{\"@id\":\"https:\\\/\\\/www.sensorialsunsets.com\\\/fr\\\/volcan-poas-quand-le-parc-national-rouvrira-t-il-ses-portes\\\/\"},\"author\":{\"name\":\"Sensorial Sunsets\",\"@id\":\"https:\\\/\\\/www.sensorialsunsets.com\\\/fr\\\/#\\\/schema\\\/person\\\/77e2fa594135aa94024c47e281d8a94d\"},\"headline\":\"Volcan Po\u00e1s : quand le parc national rouvrira-t-il ses portes ?\",\"datePublished\":\"2025-07-05T00:03:33+00:00\",\"mainEntityOfPage\":{\"@id\":\"https:\\\/\\\/www.sensorialsunsets.com\\\/fr\\\/volcan-poas-quand-le-parc-national-rouvrira-t-il-ses-portes\\\/\"},\"wordCount\":505,\"publisher\":{\"@id\":\"https:\\\/\\\/www.sensorialsunsets.com\\\/fr\\\/#organization\"},\"image\":{\"@id\":\"https:\\\/\\\/www.sensorialsunsets.com\\\/fr\\\/volcan-poas-quand-le-parc-national-rouvrira-t-il-ses-portes\\\/#primaryimage\"},\"thumbnailUrl\":\"https:\\\/\\\/www.sensorialsunsets.com\\\/wp-content\\\/uploads\\\/2025\\\/07\\\/volcan-poas-scaled.webp\",\"articleSection\":[\"Non classifi\u00e9(e)\"],\"inLanguage\":\"fr-FR\"},{\"@type\":\"WebPage\",\"@id\":\"https:\\\/\\\/www.sensorialsunsets.com\\\/fr\\\/volcan-poas-quand-le-parc-national-rouvrira-t-il-ses-portes\\\/\",\"url\":\"https:\\\/\\\/www.sensorialsunsets.com\\\/fr\\\/volcan-poas-quand-le-parc-national-rouvrira-t-il-ses-portes\\\/\",\"name\":\"Volcan Po\u00e1s : quand le parc national rouvrira-t-il ses portes ?\",\"isPartOf\":{\"@id\":\"https:\\\/\\\/www.sensorialsunsets.com\\\/fr\\\/#website\"},\"primaryImageOfPage\":{\"@id\":\"https:\\\/\\\/www.sensorialsunsets.com\\\/fr\\\/volcan-poas-quand-le-parc-national-rouvrira-t-il-ses-portes\\\/#primaryimage\"},\"image\":{\"@id\":\"https:\\\/\\\/www.sensorialsunsets.com\\\/fr\\\/volcan-poas-quand-le-parc-national-rouvrira-t-il-ses-portes\\\/#primaryimage\"},\"thumbnailUrl\":\"https:\\\/\\\/www.sensorialsunsets.com\\\/wp-content\\\/uploads\\\/2025\\\/07\\\/volcan-poas-scaled.webp\",\"datePublished\":\"2025-07-05T00:03:33+00:00\",\"description\":\"Le Volcan Po\u00e1s s'appr\u00eate \u00e0 rouvrir apr\u00e8s une phase \u00e9ruptive. D\u00e9couvrez quand vous pourrez revisiter ce parc national du Costa Rica.\",\"inLanguage\":\"fr-FR\",\"potentialAction\":[{\"@type\":\"ReadAction\",\"target\":[\"https:\\\/\\\/www.sensorialsunsets.com\\\/fr\\\/volcan-poas-quand-le-parc-national-rouvrira-t-il-ses-portes\\\/\"]}]},{\"@type\":\"ImageObject\",\"inLanguage\":\"fr-FR\",\"@id\":\"https:\\\/\\\/www.sensorialsunsets.com\\\/fr\\\/volcan-poas-quand-le-parc-national-rouvrira-t-il-ses-portes\\\/#primaryimage\",\"url\":\"https:\\\/\\\/www.sensorialsunsets.com\\\/wp-content\\\/uploads\\\/2025\\\/07\\\/volcan-poas-scaled.webp\",\"contentUrl\":\"https:\\\/\\\/www.sensorialsunsets.com\\\/wp-content\\\/uploads\\\/2025\\\/07\\\/volcan-poas-scaled.webp\",\"width\":2560,\"height\":1920},{\"@type\":\"WebSite\",\"@id\":\"https:\\\/\\\/www.sensorialsunsets.com\\\/fr\\\/#website\",\"url\":\"https:\\\/\\\/www.sensorialsunsets.com\\\/fr\\\/\",\"name\":\"SensorialSunsets.com\",\"description\":\"D\u00e9couvrez la culture et la soci\u00e9t\u00e9 du Costa Rica sur notre blog. Explorez des articles captivants et partagez le contenu.\",\"publisher\":{\"@id\":\"https:\\\/\\\/www.sensorialsunsets.com\\\/fr\\\/#organization\"},\"alternateName\":\"Costa Rica Live Blog\",\"potentialAction\":[{\"@type\":\"SearchAction\",\"target\":{\"@type\":\"EntryPoint\",\"urlTemplate\":\"https:\\\/\\\/www.sensorialsunsets.com\\\/fr\\\/?s={search_term_string}\"},\"query-input\":{\"@type\":\"PropertyValueSpecification\",\"valueRequired\":true,\"valueName\":\"search_term_string\"}}],\"inLanguage\":\"fr-FR\"},{\"@type\":\"Organization\",\"@id\":\"https:\\\/\\\/www.sensorialsunsets.com\\\/fr\\\/#organization\",\"name\":\"SensorialSunsets\",\"url\":\"https:\\\/\\\/www.sensorialsunsets.com\\\/fr\\\/\",\"logo\":{\"@type\":\"ImageObject\",\"inLanguage\":\"fr-FR\",\"@id\":\"https:\\\/\\\/www.sensorialsunsets.com\\\/fr\\\/#\\\/schema\\\/logo\\\/image\\\/\",\"url\":\"https:\\\/\\\/www.sensorialsunsets.com\\\/wp-content\\\/uploads\\\/2023\\\/04\\\/Logo_base_line_fond_clair.svg\",\"contentUrl\":\"https:\\\/\\\/www.sensorialsunsets.com\\\/wp-content\\\/uploads\\\/2023\\\/04\\\/Logo_base_line_fond_clair.svg\",\"width\":\"1024\",\"height\":\"1024\",\"caption\":\"SensorialSunsets\"},\"image\":{\"@id\":\"https:\\\/\\\/www.sensorialsunsets.com\\\/fr\\\/#\\\/schema\\\/logo\\\/image\\\/\"},\"sameAs\":[\"https:\\\/\\\/www.facebook.com\\\/Sensorial-Sunsets-109180614715562\",\"https:\\\/\\\/www.instagram.com\\\/sensorialsunsets\\\/\"]},{\"@type\":\"Person\",\"@id\":\"https:\\\/\\\/www.sensorialsunsets.com\\\/fr\\\/#\\\/schema\\\/person\\\/77e2fa594135aa94024c47e281d8a94d\",\"name\":\"Sensorial Sunsets\",\"image\":{\"@type\":\"ImageObject\",\"inLanguage\":\"fr-FR\",\"@id\":\"https:\\\/\\\/secure.gravatar.com\\\/avatar\\\/5f2d62681b1dad94c28f1500d4fc75582acdfd32b55fd1acce0a36a3c487eabe?s=96&d=mm&r=g\",\"url\":\"https:\\\/\\\/secure.gravatar.com\\\/avatar\\\/5f2d62681b1dad94c28f1500d4fc75582acdfd32b55fd1acce0a36a3c487eabe?s=96&d=mm&r=g\",\"contentUrl\":\"https:\\\/\\\/secure.gravatar.com\\\/avatar\\\/5f2d62681b1dad94c28f1500d4fc75582acdfd32b55fd1acce0a36a3c487eabe?s=96&d=mm&r=g\",\"caption\":\"Sensorial Sunsets\"},\"url\":\"https:\\\/\\\/www.sensorialsunsets.com\\\/fr\\\/author\\\/asistentes-sensorial-sunsets\\\/\"}]}<\/script>\n<!-- \/ Yoast SEO plugin. -->","yoast_head_json":{"title":"Volcan Po\u00e1s : quand le parc national rouvrira-t-il ses portes ?","description":"Le Volcan Po\u00e1s s'appr\u00eate \u00e0 rouvrir apr\u00e8s une phase \u00e9ruptive. D\u00e9couvrez quand vous pourrez revisiter ce parc national du Costa Rica.","robots":{"index":"index","follow":"follow","max-snippet":"max-snippet:-1","max-image-preview":"max-image-preview:large","max-video-preview":"max-video-preview:-1"},"canonical":"https:\/\/www.sensorialsunsets.com\/fr\/volcan-poas-quand-le-parc-national-rouvrira-t-il-ses-portes\/","og_locale":"fr_FR","og_type":"article","og_title":"Volcan Po\u00e1s : quand le parc national rouvrira-t-il ses portes ?","og_description":"Le Volcan Po\u00e1s s'appr\u00eate \u00e0 rouvrir apr\u00e8s une phase \u00e9ruptive. D\u00e9couvrez quand vous pourrez revisiter ce parc national du Costa Rica.","og_url":"https:\/\/www.sensorialsunsets.com\/fr\/volcan-poas-quand-le-parc-national-rouvrira-t-il-ses-portes\/","og_site_name":"SensorialSunsets","article_publisher":"https:\/\/www.facebook.com\/Sensorial-Sunsets-109180614715562","article_published_time":"2025-07-05T00:03:33+00:00","og_image":[{"width":2560,"height":1920,"url":"https:\/\/www.sensorialsunsets.com\/wp-content\/uploads\/2025\/07\/volcan-poas-scaled.webp","type":"image\/webp"}],"author":"Sensorial Sunsets","twitter_card":"summary_large_image","twitter_misc":{"\u00c9crit par":"Sensorial Sunsets","Dur\u00e9e de lecture estim\u00e9e":"2 minutes"},"schema":{"@context":"https:\/\/schema.org","@graph":[{"@type":"Article","@id":"https:\/\/www.sensorialsunsets.com\/fr\/volcan-poas-quand-le-parc-national-rouvrira-t-il-ses-portes\/#article","isPartOf":{"@id":"https:\/\/www.sensorialsunsets.com\/fr\/volcan-poas-quand-le-parc-national-rouvrira-t-il-ses-portes\/"},"author":{"name":"Sensorial Sunsets","@id":"https:\/\/www.sensorialsunsets.com\/fr\/#\/schema\/person\/77e2fa594135aa94024c47e281d8a94d"},"headline":"Volcan Po\u00e1s : quand le parc national rouvrira-t-il ses portes ?","datePublished":"2025-07-05T00:03:33+00:00","mainEntityOfPage":{"@id":"https:\/\/www.sensorialsunsets.com\/fr\/volcan-poas-quand-le-parc-national-rouvrira-t-il-ses-portes\/"},"wordCount":505,"publisher":{"@id":"https:\/\/www.sensorialsunsets.com\/fr\/#organization"},"image":{"@id":"https:\/\/www.sensorialsunsets.com\/fr\/volcan-poas-quand-le-parc-national-rouvrira-t-il-ses-portes\/#primaryimage"},"thumbnailUrl":"https:\/\/www.sensorialsunsets.com\/wp-content\/uploads\/2025\/07\/volcan-poas-scaled.webp","articleSection":["Non classifi\u00e9(e)"],"inLanguage":"fr-FR"},{"@type":"WebPage","@id":"https:\/\/www.sensorialsunsets.com\/fr\/volcan-poas-quand-le-parc-national-rouvrira-t-il-ses-portes\/","url":"https:\/\/www.sensorialsunsets.com\/fr\/volcan-poas-quand-le-parc-national-rouvrira-t-il-ses-portes\/","name":"Volcan Po\u00e1s : quand le parc national rouvrira-t-il ses portes ?","isPartOf":{"@id":"https:\/\/www.sensorialsunsets.com\/fr\/#website"},"primaryImageOfPage":{"@id":"https:\/\/www.sensorialsunsets.com\/fr\/volcan-poas-quand-le-parc-national-rouvrira-t-il-ses-portes\/#primaryimage"},"image":{"@id":"https:\/\/www.sensorialsunsets.com\/fr\/volcan-poas-quand-le-parc-national-rouvrira-t-il-ses-portes\/#primaryimage"},"thumbnailUrl":"https:\/\/www.sensorialsunsets.com\/wp-content\/uploads\/2025\/07\/volcan-poas-scaled.webp","datePublished":"2025-07-05T00:03:33+00:00","description":"Le Volcan Po\u00e1s s'appr\u00eate \u00e0 rouvrir apr\u00e8s une phase \u00e9ruptive. D\u00e9couvrez quand vous pourrez revisiter ce parc national du Costa Rica.","inLanguage":"fr-FR","potentialAction":[{"@type":"ReadAction","target":["https:\/\/www.sensorialsunsets.com\/fr\/volcan-poas-quand-le-parc-national-rouvrira-t-il-ses-portes\/"]}]},{"@type":"ImageObject","inLanguage":"fr-FR","@id":"https:\/\/www.sensorialsunsets.com\/fr\/volcan-poas-quand-le-parc-national-rouvrira-t-il-ses-portes\/#primaryimage","url":"https:\/\/www.sensorialsunsets.com\/wp-content\/uploads\/2025\/07\/volcan-poas-scaled.webp","contentUrl":"https:\/\/www.sensorialsunsets.com\/wp-content\/uploads\/2025\/07\/volcan-poas-scaled.webp","width":2560,"height":1920},{"@type":"WebSite","@id":"https:\/\/www.sensorialsunsets.com\/fr\/#website","url":"https:\/\/www.sensorialsunsets.com\/fr\/","name":"SensorialSunsets.com","description":"D\u00e9couvrez la culture et la soci\u00e9t\u00e9 du Costa Rica sur notre blog. Explorez des articles captivants et partagez le contenu.","publisher":{"@id":"https:\/\/www.sensorialsunsets.com\/fr\/#organization"},"alternateName":"Costa Rica Live Blog","potentialAction":[{"@type":"SearchAction","target":{"@type":"EntryPoint","urlTemplate":"https:\/\/www.sensorialsunsets.com\/fr\/?s={search_term_string}"},"query-input":{"@type":"PropertyValueSpecification","valueRequired":true,"valueName":"search_term_string"}}],"inLanguage":"fr-FR"},{"@type":"Organization","@id":"https:\/\/www.sensorialsunsets.com\/fr\/#organization","name":"SensorialSunsets","url":"https:\/\/www.sensorialsunsets.com\/fr\/","logo":{"@type":"ImageObject","inLanguage":"fr-FR","@id":"https:\/\/www.sensorialsunsets.com\/fr\/#\/schema\/logo\/image\/","url":"https:\/\/www.sensorialsunsets.com\/wp-content\/uploads\/2023\/04\/Logo_base_line_fond_clair.svg","contentUrl":"https:\/\/www.sensorialsunsets.com\/wp-content\/uploads\/2023\/04\/Logo_base_line_fond_clair.svg","width":"1024","height":"1024","caption":"SensorialSunsets"},"image":{"@id":"https:\/\/www.sensorialsunsets.com\/fr\/#\/schema\/logo\/image\/"},"sameAs":["https:\/\/www.facebook.com\/Sensorial-Sunsets-109180614715562","https:\/\/www.instagram.com\/sensorialsunsets\/"]},{"@type":"Person","@id":"https:\/\/www.sensorialsunsets.com\/fr\/#\/schema\/person\/77e2fa594135aa94024c47e281d8a94d","name":"Sensorial Sunsets","image":{"@type":"ImageObject","inLanguage":"fr-FR","@id":"https:\/\/secure.gravatar.com\/avatar\/5f2d62681b1dad94c28f1500d4fc75582acdfd32b55fd1acce0a36a3c487eabe?s=96&d=mm&r=g","url":"https:\/\/secure.gravatar.com\/avatar\/5f2d62681b1dad94c28f1500d4fc75582acdfd32b55fd1acce0a36a3c487eabe?s=96&d=mm&r=g","contentUrl":"https:\/\/secure.gravatar.com\/avatar\/5f2d62681b1dad94c28f1500d4fc75582acdfd32b55fd1acce0a36a3c487eabe?s=96&d=mm&r=g","caption":"Sensorial Sunsets"},"url":"https:\/\/www.sensorialsunsets.com\/fr\/author\/asistentes-sensorial-sunsets\/"}]}},"_links":{"self":[{"href":"https:\/\/www.sensorialsunsets.com\/fr\/wp-json\/wp\/v2\/posts\/22355","targetHints":{"allow":["GET"]}}],"collection":[{"href":"https:\/\/www.sensorialsunsets.com\/fr\/wp-json\/wp\/v2\/posts"}],"about":[{"href":"https:\/\/www.sensorialsunsets.com\/fr\/wp-json\/wp\/v2\/types\/post"}],"author":[{"embeddable":true,"href":"https:\/\/www.sensorialsunsets.com\/fr\/wp-json\/wp\/v2\/users\/4"}],"replies":[{"embeddable":true,"href":"https:\/\/www.sensorialsunsets.com\/fr\/wp-json\/wp\/v2\/comments?post=22355"}],"version-history":[{"count":2,"href":"https:\/\/www.sensorialsunsets.com\/fr\/wp-json\/wp\/v2\/posts\/22355\/revisions"}],"predecessor-version":[{"id":22357,"href":"https:\/\/www.sensorialsunsets.com\/fr\/wp-json\/wp\/v2\/posts\/22355\/revisions\/22357"}],"wp:featuredmedia":[{"embeddable":true,"href":"https:\/\/www.sensorialsunsets.com\/fr\/wp-json\/wp\/v2\/media\/22340"}],"wp:attachment":[{"href":"https:\/\/www.sensorialsunsets.com\/fr\/wp-json\/wp\/v2\/media?parent=22355"}],"wp:term":[{"taxonomy":"category","embeddable":true,"href":"https:\/\/www.sensorialsunsets.com\/fr\/wp-json\/wp\/v2\/categories?post=22355"},{"taxonomy":"post_tag","embeddable":true,"href":"https:\/\/www.sensorialsunsets.com\/fr\/wp-json\/wp\/v2\/tags?post=22355"}],"curies":[{"name":"wp","href":"https:\/\/api.w.org\/{rel}","templated":true}]}}