{"id":22376,"date":"2025-07-07T16:16:40","date_gmt":"2025-07-07T22:16:40","guid":{"rendered":"https:\/\/www.sensorialsunsets.com\/?p=22376"},"modified":"2025-07-07T16:16:40","modified_gmt":"2025-07-07T22:16:40","slug":"naufrages-au-costa-rica-ce-netaient-pas-des-bateaux-pirates-mais-des-navires-negriers-danois","status":"publish","type":"post","link":"https:\/\/www.sensorialsunsets.com\/fr\/naufrages-au-costa-rica-ce-netaient-pas-des-bateaux-pirates-mais-des-navires-negriers-danois\/","title":{"rendered":"Naufrages au Costa Rica : ce n&rsquo;\u00e9taient pas des bateaux pirates, mais des navires n\u00e9griers danois"},"content":{"rendered":"\n<p>Pendant longtemps, les vestiges de deux naufrages au large de la c\u00f4te cara\u00efbe du Costa Rica ont \u00e9t\u00e9 consid\u00e9r\u00e9s comme les restes de navires pirates. Une enqu\u00eate arch\u00e9ologique a r\u00e9v\u00e9l\u00e9 qu\u2019il s\u2019agissait de deux navires n\u00e9griers danois perdus en 1710 : le Fridericus Quartus et le Christianus Quintus.<\/p>\n\n\n\n<p>Cette d\u00e9couverte change l\u2019histoire maritime du Costa Rica et du Danemark, et \u00e9claire celle des communaut\u00e9s afrodescendantes de la r\u00e9gion.<\/p>\n\n\n\n<p><strong>La d\u00e9couverte<\/strong><\/p>\n\n\n\n<p><em>En 2023, des fouilles sous-marines \u00e0 Cahuita ont permis d\u2019analyser bois, briques et pipes, confirmant l\u2019origine danoise des \u00e9paves.<\/em> Des chercheurs du Mus\u00e9e national et de l\u2019Universit\u00e9 du Sud du Danemark ont ensuite analys\u00e9 les fragments de bois, les briques et les pipes en argile r\u00e9cup\u00e9r\u00e9s.<\/p>\n\n\n\n<p>L\u2019une des d\u00e9couvertes les plus r\u00e9v\u00e9latrices fut celle de briques jaunes typiques de la ville allemande de Flensburg aux XVIIIe et XIXe si\u00e8cles, fabriqu\u00e9es exclusivement pour le Danemark et ses colonies. Combin\u00e9e \u00e0 la datation dendrochronologique de bois de ch\u00eane \u2014 provenant de la mer Baltique occidentale et abattu entre 1690 et 1695 \u2014 cette preuve a permis d\u2019identifier formellement l\u2019origine danoise des navires.<\/p>\n\n\n\n<p>Les pipes en argile correspondaient \u00e9galement aux mod\u00e8les utilis\u00e9s au Danemark juste avant 1710. De plus, une partie du bois retrouv\u00e9 \u00e9tait calcin\u00e9e et couverte de suie, ce qui corrobore les archives indiquant que le <em>Fridericus Quartus<\/em> a \u00e9t\u00e9 incendi\u00e9.<\/p>\n\n\n\n<div style=\"height:100px\" aria-hidden=\"true\" class=\"wp-block-spacer\"><\/div>\n\n\n\n<figure class=\"wp-block-gallery has-nested-images columns-default is-cropped wp-block-gallery-1 is-layout-flex wp-block-gallery-is-layout-flex\">\n<figure class=\"wp-block-image size-large\"><img loading=\"lazy\" decoding=\"async\" width=\"1024\" height=\"525\" data-id=\"22369\" src=\"https:\/\/www.sensorialsunsets.com\/wp-content\/uploads\/2025\/07\/naufragio-costa-riaa.png\" alt=\"Naufrages au Costa Rica\" class=\"wp-image-22369\" srcset=\"https:\/\/www.sensorialsunsets.com\/wp-content\/uploads\/2025\/07\/naufragio-costa-riaa.png 1024w, https:\/\/www.sensorialsunsets.com\/wp-content\/uploads\/2025\/07\/naufragio-costa-riaa-300x154.png 300w, https:\/\/www.sensorialsunsets.com\/wp-content\/uploads\/2025\/07\/naufragio-costa-riaa-768x394.png 768w\" sizes=\"auto, (max-width: 1024px) 100vw, 1024px\" \/><\/figure>\n\n\n\n<figure class=\"wp-block-image size-large\"><img loading=\"lazy\" decoding=\"async\" width=\"576\" height=\"1024\" data-id=\"22366\" src=\"https:\/\/www.sensorialsunsets.com\/wp-content\/uploads\/2025\/07\/naufragiocostari.jpg\" alt=\"Naufrages au Costa Rica\" class=\"wp-image-22366\" srcset=\"https:\/\/www.sensorialsunsets.com\/wp-content\/uploads\/2025\/07\/naufragiocostari.jpg 576w, https:\/\/www.sensorialsunsets.com\/wp-content\/uploads\/2025\/07\/naufragiocostari-169x300.jpg 169w\" sizes=\"auto, (max-width: 576px) 100vw, 576px\" \/><\/figure>\n\n\n\n<figure class=\"wp-block-image size-large\"><img loading=\"lazy\" decoding=\"async\" width=\"576\" height=\"1024\" data-id=\"22363\" src=\"https:\/\/www.sensorialsunsets.com\/wp-content\/uploads\/2025\/07\/naufragios-costa-rica.jpg\" alt=\"Naufrages au Costa Rica\" class=\"wp-image-22363\" srcset=\"https:\/\/www.sensorialsunsets.com\/wp-content\/uploads\/2025\/07\/naufragios-costa-rica.jpg 576w, https:\/\/www.sensorialsunsets.com\/wp-content\/uploads\/2025\/07\/naufragios-costa-rica-169x300.jpg 169w\" sizes=\"auto, (max-width: 576px) 100vw, 576px\" \/><\/figure>\n<\/figure>\n\n\n\n<div style=\"height:100px\" aria-hidden=\"true\" class=\"wp-block-spacer\"><\/div>\n\n\n\n<h3 class=\"wp-block-heading\"><strong>Naufrages : r\u00e9bellion, mutinerie et trag\u00e9die<\/strong><\/h3>\n\n\n\n<p>Les archives danoises racontent une travers\u00e9e dramatique : de Copenhague \u00e0 l\u2019Afrique de l\u2019Ouest, puis vers les Am\u00e9riques. Lors du trajet entre le Ghana et la colonie danoise de Saint-Thomas, une r\u00e9bellion \u00e9clata \u00e0 bord du <em>Fridericus Quartus<\/em> parmi les personnes r\u00e9duites en esclavage. La guerre entre la France et l\u2019Angleterre aggrava la situation, poussant les Hollandais \u00e0 envoyer le navire avec le <em>Christianus Quintus<\/em> en renfort.<\/p>\n\n\n\n<h6 class=\"wp-block-heading has-white-color has-text-color has-link-color wp-elements-19fee6f5f0b3dc826166b55ff31bc4bb\" style=\"font-size:4px\"><strong>Naufrages : r\u00e9bellion, mutinerie et trag\u00e9die<\/strong><\/h6>\n\n\n\n<p>Une erreur de navigation, provoqu\u00e9e par le smog et des signaux lumineux mal interpr\u00e9t\u00e9s, d\u00e9tourna leur route. Au lieu de se diriger vers le nord \u2014 peut-\u00eatre vers la Barbade \u2014 les deux navires \u00e9chou\u00e8rent finalement au large de Cahuita, au Costa Rica, le 2 mars 1710.<\/p>\n\n\n\n<p>La peur d\u2019attaques de pirates ou de peuples autochtones mena \u00e0 deux jours de discussions entre les \u00e9quipages. Cette tension d\u00e9clencha une mutinerie parmi les marins et les captifs. Finalement, environ 650 survivants sur les 800 personnes \u00e0 bord furent abandonn\u00e9s sur la plage.<\/p>\n\n\n\n<p><strong>Un impact historique et culturel<\/strong><\/p>\n\n\n\n<p>L\u2019arch\u00e9ologue Andreas Kallmeyer Bloch, qui a codirig\u00e9 les fouilles, a qualifi\u00e9 l\u2019exp\u00e9rience de \u201cfouille arch\u00e9ologique la plus folle\u201d \u00e0 laquelle il ait particip\u00e9. Il a soulign\u00e9 son importance pour l\u2019histoire danoise, mais surtout pour la communaut\u00e9 locale de Cahuita.<\/p>\n\n\n\n<p>Cette d\u00e9couverte comble deux lacunes majeures dans l\u2019histoire maritime du Danemark et, plus encore, donne un sens nouveau \u00e0 l\u2019identit\u00e9 locale.<\/p>\n\n\n\n<p>Cette d\u00e9couverte r\u00e9\u00e9crit l\u2019histoire afro-costaricienne, prouvant une pr\u00e9sence africaine \u00e0 Lim\u00f3n bien avant les archives officielles. Elle r\u00e9sulte d\u2019ann\u00e9es de recherche locale engag\u00e9e. Parmi les t\u00e9moignages les plus \u00e9mouvants figure celui de Celia Ort\u00edz, originaire de Cartago, dont la m\u00e8re \u00e2g\u00e9e de 103 ans est descendante de Miguel Maroto, l\u2019un des captifs ayant surv\u00e9cu au naufrage.<\/p>\n\n\n\n<p><strong>Reconstruire la m\u00e9moire<\/strong><\/p>\n\n\n\n<p>Ce projet a eu un tel impact qu\u2019il a \u00e9t\u00e9 pr\u00e9sent\u00e9 dans la s\u00e9rie documentaire <em>Enslaved<\/em>, anim\u00e9e par l\u2019acteur Samuel L. Jackson en 2020. Gr\u00e2ce aux t\u00e9moignages, objets retrouv\u00e9s et r\u00e9cits historiques, cette enqu\u00eate a permis d\u2019identifier deux navires oubli\u00e9s et de faire \u00e9merger une m\u00e9moire collective rest\u00e9e enfouie pendant plus de 300 ans.<\/p>\n\n\n\n<p><em><strong>Sensorial Sunsets<\/strong><\/em><\/p>\n","protected":false},"excerpt":{"rendered":"<p>Pendant longtemps, les vestiges de deux naufrages au large de la c\u00f4te cara\u00efbe du Costa Rica ont \u00e9t\u00e9 consid\u00e9r\u00e9s comme les restes de navires pirates. Une enqu\u00eate arch\u00e9ologique a r\u00e9v\u00e9l\u00e9 qu\u2019il s\u2019agissait de deux navires n\u00e9griers danois perdus en 1710 : le Fridericus Quartus et le Christianus Quintus. Cette d\u00e9couverte change l\u2019histoire maritime du Costa [&hellip;]<\/p>\n","protected":false},"author":4,"featured_media":22362,"comment_status":"closed","ping_status":"closed","sticky":false,"template":"","format":"standard","meta":{"_acf_changed":false,"inline_featured_image":false,"_monsterinsights_skip_tracking":false,"_monsterinsights_sitenote_active":false,"_monsterinsights_sitenote_note":"","_monsterinsights_sitenote_category":0,"footnotes":""},"categories":[1],"tags":[],"class_list":["post-22376","post","type-post","status-publish","format-standard","has-post-thumbnail","hentry","category-non-classifiee"],"acf":[],"yoast_head":"<!-- This site is optimized with the Yoast SEO plugin v27.4 - https:\/\/yoast.com\/product\/yoast-seo-wordpress\/ -->\n<title>Naufrages au Costa Rica : navires n\u00e9griers danois<\/title>\n<meta name=\"description\" content=\"Naufrages au Costa Rica: navires danois transportant des esclaves au XVIIIe si\u00e8cle r\u00e9v\u00e8lent un chapitre de l&#039;histoire afro-costaricienne.\" \/>\n<meta name=\"robots\" content=\"index, follow, max-snippet:-1, max-image-preview:large, max-video-preview:-1\" \/>\n<link rel=\"canonical\" href=\"https:\/\/www.sensorialsunsets.com\/fr\/naufrages-au-costa-rica-ce-netaient-pas-des-bateaux-pirates-mais-des-navires-negriers-danois\/\" \/>\n<meta property=\"og:locale\" content=\"fr_FR\" \/>\n<meta property=\"og:type\" content=\"article\" \/>\n<meta property=\"og:title\" content=\"Naufrages au Costa Rica : navires n\u00e9griers danois\" \/>\n<meta property=\"og:description\" content=\"Naufrages au Costa Rica: navires danois transportant des esclaves au XVIIIe si\u00e8cle r\u00e9v\u00e8lent un chapitre de l&#039;histoire afro-costaricienne.\" \/>\n<meta property=\"og:url\" content=\"https:\/\/www.sensorialsunsets.com\/fr\/naufrages-au-costa-rica-ce-netaient-pas-des-bateaux-pirates-mais-des-navires-negriers-danois\/\" \/>\n<meta property=\"og:site_name\" content=\"SensorialSunsets\" \/>\n<meta property=\"article:publisher\" content=\"https:\/\/www.facebook.com\/Sensorial-Sunsets-109180614715562\" \/>\n<meta property=\"article:published_time\" content=\"2025-07-07T22:16:40+00:00\" \/>\n<meta property=\"og:image\" content=\"https:\/\/www.sensorialsunsets.com\/wp-content\/uploads\/2025\/07\/naufragio-costa-rica.webp\" \/>\n\t<meta property=\"og:image:width\" content=\"1160\" \/>\n\t<meta property=\"og:image:height\" content=\"838\" \/>\n\t<meta property=\"og:image:type\" content=\"image\/webp\" \/>\n<meta name=\"author\" content=\"Sensorial Sunsets\" \/>\n<meta name=\"twitter:card\" content=\"summary_large_image\" \/>\n<meta name=\"twitter:label1\" content=\"\u00c9crit par\" \/>\n\t<meta name=\"twitter:data1\" content=\"Sensorial Sunsets\" \/>\n\t<meta name=\"twitter:label2\" content=\"Dur\u00e9e de lecture estim\u00e9e\" \/>\n\t<meta name=\"twitter:data2\" content=\"3 minutes\" \/>\n<script type=\"application\/ld+json\" class=\"yoast-schema-graph\">{\"@context\":\"https:\\\/\\\/schema.org\",\"@graph\":[{\"@type\":\"Article\",\"@id\":\"https:\\\/\\\/www.sensorialsunsets.com\\\/fr\\\/naufrages-au-costa-rica-ce-netaient-pas-des-bateaux-pirates-mais-des-navires-negriers-danois\\\/#article\",\"isPartOf\":{\"@id\":\"https:\\\/\\\/www.sensorialsunsets.com\\\/fr\\\/naufrages-au-costa-rica-ce-netaient-pas-des-bateaux-pirates-mais-des-navires-negriers-danois\\\/\"},\"author\":{\"name\":\"Sensorial Sunsets\",\"@id\":\"https:\\\/\\\/www.sensorialsunsets.com\\\/fr\\\/#\\\/schema\\\/person\\\/77e2fa594135aa94024c47e281d8a94d\"},\"headline\":\"Naufrages au Costa Rica : ce n&rsquo;\u00e9taient pas des bateaux pirates, mais des navires n\u00e9griers danois\",\"datePublished\":\"2025-07-07T22:16:40+00:00\",\"mainEntityOfPage\":{\"@id\":\"https:\\\/\\\/www.sensorialsunsets.com\\\/fr\\\/naufrages-au-costa-rica-ce-netaient-pas-des-bateaux-pirates-mais-des-navires-negriers-danois\\\/\"},\"wordCount\":652,\"publisher\":{\"@id\":\"https:\\\/\\\/www.sensorialsunsets.com\\\/fr\\\/#organization\"},\"image\":{\"@id\":\"https:\\\/\\\/www.sensorialsunsets.com\\\/fr\\\/naufrages-au-costa-rica-ce-netaient-pas-des-bateaux-pirates-mais-des-navires-negriers-danois\\\/#primaryimage\"},\"thumbnailUrl\":\"https:\\\/\\\/www.sensorialsunsets.com\\\/wp-content\\\/uploads\\\/2025\\\/07\\\/naufragio-costa-rica.webp\",\"articleSection\":[\"Non classifi\u00e9(e)\"],\"inLanguage\":\"fr-FR\"},{\"@type\":\"WebPage\",\"@id\":\"https:\\\/\\\/www.sensorialsunsets.com\\\/fr\\\/naufrages-au-costa-rica-ce-netaient-pas-des-bateaux-pirates-mais-des-navires-negriers-danois\\\/\",\"url\":\"https:\\\/\\\/www.sensorialsunsets.com\\\/fr\\\/naufrages-au-costa-rica-ce-netaient-pas-des-bateaux-pirates-mais-des-navires-negriers-danois\\\/\",\"name\":\"Naufrages au Costa Rica : navires n\u00e9griers danois\",\"isPartOf\":{\"@id\":\"https:\\\/\\\/www.sensorialsunsets.com\\\/fr\\\/#website\"},\"primaryImageOfPage\":{\"@id\":\"https:\\\/\\\/www.sensorialsunsets.com\\\/fr\\\/naufrages-au-costa-rica-ce-netaient-pas-des-bateaux-pirates-mais-des-navires-negriers-danois\\\/#primaryimage\"},\"image\":{\"@id\":\"https:\\\/\\\/www.sensorialsunsets.com\\\/fr\\\/naufrages-au-costa-rica-ce-netaient-pas-des-bateaux-pirates-mais-des-navires-negriers-danois\\\/#primaryimage\"},\"thumbnailUrl\":\"https:\\\/\\\/www.sensorialsunsets.com\\\/wp-content\\\/uploads\\\/2025\\\/07\\\/naufragio-costa-rica.webp\",\"datePublished\":\"2025-07-07T22:16:40+00:00\",\"description\":\"Naufrages au Costa Rica: navires danois transportant des esclaves au XVIIIe si\u00e8cle r\u00e9v\u00e8lent un chapitre de l'histoire afro-costaricienne.\",\"inLanguage\":\"fr-FR\",\"potentialAction\":[{\"@type\":\"ReadAction\",\"target\":[\"https:\\\/\\\/www.sensorialsunsets.com\\\/fr\\\/naufrages-au-costa-rica-ce-netaient-pas-des-bateaux-pirates-mais-des-navires-negriers-danois\\\/\"]}]},{\"@type\":\"ImageObject\",\"inLanguage\":\"fr-FR\",\"@id\":\"https:\\\/\\\/www.sensorialsunsets.com\\\/fr\\\/naufrages-au-costa-rica-ce-netaient-pas-des-bateaux-pirates-mais-des-navires-negriers-danois\\\/#primaryimage\",\"url\":\"https:\\\/\\\/www.sensorialsunsets.com\\\/wp-content\\\/uploads\\\/2025\\\/07\\\/naufragio-costa-rica.webp\",\"contentUrl\":\"https:\\\/\\\/www.sensorialsunsets.com\\\/wp-content\\\/uploads\\\/2025\\\/07\\\/naufragio-costa-rica.webp\",\"width\":1160,\"height\":838},{\"@type\":\"WebSite\",\"@id\":\"https:\\\/\\\/www.sensorialsunsets.com\\\/fr\\\/#website\",\"url\":\"https:\\\/\\\/www.sensorialsunsets.com\\\/fr\\\/\",\"name\":\"SensorialSunsets.com\",\"description\":\"D\u00e9couvrez la culture et la soci\u00e9t\u00e9 du Costa Rica sur notre blog. Explorez des articles captivants et partagez le contenu.\",\"publisher\":{\"@id\":\"https:\\\/\\\/www.sensorialsunsets.com\\\/fr\\\/#organization\"},\"alternateName\":\"Costa Rica Live Blog\",\"potentialAction\":[{\"@type\":\"SearchAction\",\"target\":{\"@type\":\"EntryPoint\",\"urlTemplate\":\"https:\\\/\\\/www.sensorialsunsets.com\\\/fr\\\/?s={search_term_string}\"},\"query-input\":{\"@type\":\"PropertyValueSpecification\",\"valueRequired\":true,\"valueName\":\"search_term_string\"}}],\"inLanguage\":\"fr-FR\"},{\"@type\":\"Organization\",\"@id\":\"https:\\\/\\\/www.sensorialsunsets.com\\\/fr\\\/#organization\",\"name\":\"SensorialSunsets\",\"url\":\"https:\\\/\\\/www.sensorialsunsets.com\\\/fr\\\/\",\"logo\":{\"@type\":\"ImageObject\",\"inLanguage\":\"fr-FR\",\"@id\":\"https:\\\/\\\/www.sensorialsunsets.com\\\/fr\\\/#\\\/schema\\\/logo\\\/image\\\/\",\"url\":\"https:\\\/\\\/www.sensorialsunsets.com\\\/wp-content\\\/uploads\\\/2023\\\/04\\\/Logo_base_line_fond_clair.svg\",\"contentUrl\":\"https:\\\/\\\/www.sensorialsunsets.com\\\/wp-content\\\/uploads\\\/2023\\\/04\\\/Logo_base_line_fond_clair.svg\",\"width\":\"1024\",\"height\":\"1024\",\"caption\":\"SensorialSunsets\"},\"image\":{\"@id\":\"https:\\\/\\\/www.sensorialsunsets.com\\\/fr\\\/#\\\/schema\\\/logo\\\/image\\\/\"},\"sameAs\":[\"https:\\\/\\\/www.facebook.com\\\/Sensorial-Sunsets-109180614715562\",\"https:\\\/\\\/www.instagram.com\\\/sensorialsunsets\\\/\"]},{\"@type\":\"Person\",\"@id\":\"https:\\\/\\\/www.sensorialsunsets.com\\\/fr\\\/#\\\/schema\\\/person\\\/77e2fa594135aa94024c47e281d8a94d\",\"name\":\"Sensorial Sunsets\",\"image\":{\"@type\":\"ImageObject\",\"inLanguage\":\"fr-FR\",\"@id\":\"https:\\\/\\\/secure.gravatar.com\\\/avatar\\\/5f2d62681b1dad94c28f1500d4fc75582acdfd32b55fd1acce0a36a3c487eabe?s=96&d=mm&r=g\",\"url\":\"https:\\\/\\\/secure.gravatar.com\\\/avatar\\\/5f2d62681b1dad94c28f1500d4fc75582acdfd32b55fd1acce0a36a3c487eabe?s=96&d=mm&r=g\",\"contentUrl\":\"https:\\\/\\\/secure.gravatar.com\\\/avatar\\\/5f2d62681b1dad94c28f1500d4fc75582acdfd32b55fd1acce0a36a3c487eabe?s=96&d=mm&r=g\",\"caption\":\"Sensorial Sunsets\"},\"url\":\"https:\\\/\\\/www.sensorialsunsets.com\\\/fr\\\/author\\\/asistentes-sensorial-sunsets\\\/\"}]}<\/script>\n<!-- \/ Yoast SEO plugin. -->","yoast_head_json":{"title":"Naufrages au Costa Rica : navires n\u00e9griers danois","description":"Naufrages au Costa Rica: navires danois transportant des esclaves au XVIIIe si\u00e8cle r\u00e9v\u00e8lent un chapitre de l'histoire afro-costaricienne.","robots":{"index":"index","follow":"follow","max-snippet":"max-snippet:-1","max-image-preview":"max-image-preview:large","max-video-preview":"max-video-preview:-1"},"canonical":"https:\/\/www.sensorialsunsets.com\/fr\/naufrages-au-costa-rica-ce-netaient-pas-des-bateaux-pirates-mais-des-navires-negriers-danois\/","og_locale":"fr_FR","og_type":"article","og_title":"Naufrages au Costa Rica : navires n\u00e9griers danois","og_description":"Naufrages au Costa Rica: navires danois transportant des esclaves au XVIIIe si\u00e8cle r\u00e9v\u00e8lent un chapitre de l'histoire afro-costaricienne.","og_url":"https:\/\/www.sensorialsunsets.com\/fr\/naufrages-au-costa-rica-ce-netaient-pas-des-bateaux-pirates-mais-des-navires-negriers-danois\/","og_site_name":"SensorialSunsets","article_publisher":"https:\/\/www.facebook.com\/Sensorial-Sunsets-109180614715562","article_published_time":"2025-07-07T22:16:40+00:00","og_image":[{"width":1160,"height":838,"url":"https:\/\/www.sensorialsunsets.com\/wp-content\/uploads\/2025\/07\/naufragio-costa-rica.webp","type":"image\/webp"}],"author":"Sensorial Sunsets","twitter_card":"summary_large_image","twitter_misc":{"\u00c9crit par":"Sensorial Sunsets","Dur\u00e9e de lecture estim\u00e9e":"3 minutes"},"schema":{"@context":"https:\/\/schema.org","@graph":[{"@type":"Article","@id":"https:\/\/www.sensorialsunsets.com\/fr\/naufrages-au-costa-rica-ce-netaient-pas-des-bateaux-pirates-mais-des-navires-negriers-danois\/#article","isPartOf":{"@id":"https:\/\/www.sensorialsunsets.com\/fr\/naufrages-au-costa-rica-ce-netaient-pas-des-bateaux-pirates-mais-des-navires-negriers-danois\/"},"author":{"name":"Sensorial Sunsets","@id":"https:\/\/www.sensorialsunsets.com\/fr\/#\/schema\/person\/77e2fa594135aa94024c47e281d8a94d"},"headline":"Naufrages au Costa Rica : ce n&rsquo;\u00e9taient pas des bateaux pirates, mais des navires n\u00e9griers danois","datePublished":"2025-07-07T22:16:40+00:00","mainEntityOfPage":{"@id":"https:\/\/www.sensorialsunsets.com\/fr\/naufrages-au-costa-rica-ce-netaient-pas-des-bateaux-pirates-mais-des-navires-negriers-danois\/"},"wordCount":652,"publisher":{"@id":"https:\/\/www.sensorialsunsets.com\/fr\/#organization"},"image":{"@id":"https:\/\/www.sensorialsunsets.com\/fr\/naufrages-au-costa-rica-ce-netaient-pas-des-bateaux-pirates-mais-des-navires-negriers-danois\/#primaryimage"},"thumbnailUrl":"https:\/\/www.sensorialsunsets.com\/wp-content\/uploads\/2025\/07\/naufragio-costa-rica.webp","articleSection":["Non classifi\u00e9(e)"],"inLanguage":"fr-FR"},{"@type":"WebPage","@id":"https:\/\/www.sensorialsunsets.com\/fr\/naufrages-au-costa-rica-ce-netaient-pas-des-bateaux-pirates-mais-des-navires-negriers-danois\/","url":"https:\/\/www.sensorialsunsets.com\/fr\/naufrages-au-costa-rica-ce-netaient-pas-des-bateaux-pirates-mais-des-navires-negriers-danois\/","name":"Naufrages au Costa Rica : navires n\u00e9griers danois","isPartOf":{"@id":"https:\/\/www.sensorialsunsets.com\/fr\/#website"},"primaryImageOfPage":{"@id":"https:\/\/www.sensorialsunsets.com\/fr\/naufrages-au-costa-rica-ce-netaient-pas-des-bateaux-pirates-mais-des-navires-negriers-danois\/#primaryimage"},"image":{"@id":"https:\/\/www.sensorialsunsets.com\/fr\/naufrages-au-costa-rica-ce-netaient-pas-des-bateaux-pirates-mais-des-navires-negriers-danois\/#primaryimage"},"thumbnailUrl":"https:\/\/www.sensorialsunsets.com\/wp-content\/uploads\/2025\/07\/naufragio-costa-rica.webp","datePublished":"2025-07-07T22:16:40+00:00","description":"Naufrages au Costa Rica: navires danois transportant des esclaves au XVIIIe si\u00e8cle r\u00e9v\u00e8lent un chapitre de l'histoire afro-costaricienne.","inLanguage":"fr-FR","potentialAction":[{"@type":"ReadAction","target":["https:\/\/www.sensorialsunsets.com\/fr\/naufrages-au-costa-rica-ce-netaient-pas-des-bateaux-pirates-mais-des-navires-negriers-danois\/"]}]},{"@type":"ImageObject","inLanguage":"fr-FR","@id":"https:\/\/www.sensorialsunsets.com\/fr\/naufrages-au-costa-rica-ce-netaient-pas-des-bateaux-pirates-mais-des-navires-negriers-danois\/#primaryimage","url":"https:\/\/www.sensorialsunsets.com\/wp-content\/uploads\/2025\/07\/naufragio-costa-rica.webp","contentUrl":"https:\/\/www.sensorialsunsets.com\/wp-content\/uploads\/2025\/07\/naufragio-costa-rica.webp","width":1160,"height":838},{"@type":"WebSite","@id":"https:\/\/www.sensorialsunsets.com\/fr\/#website","url":"https:\/\/www.sensorialsunsets.com\/fr\/","name":"SensorialSunsets.com","description":"D\u00e9couvrez la culture et la soci\u00e9t\u00e9 du Costa Rica sur notre blog. Explorez des articles captivants et partagez le contenu.","publisher":{"@id":"https:\/\/www.sensorialsunsets.com\/fr\/#organization"},"alternateName":"Costa Rica Live Blog","potentialAction":[{"@type":"SearchAction","target":{"@type":"EntryPoint","urlTemplate":"https:\/\/www.sensorialsunsets.com\/fr\/?s={search_term_string}"},"query-input":{"@type":"PropertyValueSpecification","valueRequired":true,"valueName":"search_term_string"}}],"inLanguage":"fr-FR"},{"@type":"Organization","@id":"https:\/\/www.sensorialsunsets.com\/fr\/#organization","name":"SensorialSunsets","url":"https:\/\/www.sensorialsunsets.com\/fr\/","logo":{"@type":"ImageObject","inLanguage":"fr-FR","@id":"https:\/\/www.sensorialsunsets.com\/fr\/#\/schema\/logo\/image\/","url":"https:\/\/www.sensorialsunsets.com\/wp-content\/uploads\/2023\/04\/Logo_base_line_fond_clair.svg","contentUrl":"https:\/\/www.sensorialsunsets.com\/wp-content\/uploads\/2023\/04\/Logo_base_line_fond_clair.svg","width":"1024","height":"1024","caption":"SensorialSunsets"},"image":{"@id":"https:\/\/www.sensorialsunsets.com\/fr\/#\/schema\/logo\/image\/"},"sameAs":["https:\/\/www.facebook.com\/Sensorial-Sunsets-109180614715562","https:\/\/www.instagram.com\/sensorialsunsets\/"]},{"@type":"Person","@id":"https:\/\/www.sensorialsunsets.com\/fr\/#\/schema\/person\/77e2fa594135aa94024c47e281d8a94d","name":"Sensorial Sunsets","image":{"@type":"ImageObject","inLanguage":"fr-FR","@id":"https:\/\/secure.gravatar.com\/avatar\/5f2d62681b1dad94c28f1500d4fc75582acdfd32b55fd1acce0a36a3c487eabe?s=96&d=mm&r=g","url":"https:\/\/secure.gravatar.com\/avatar\/5f2d62681b1dad94c28f1500d4fc75582acdfd32b55fd1acce0a36a3c487eabe?s=96&d=mm&r=g","contentUrl":"https:\/\/secure.gravatar.com\/avatar\/5f2d62681b1dad94c28f1500d4fc75582acdfd32b55fd1acce0a36a3c487eabe?s=96&d=mm&r=g","caption":"Sensorial Sunsets"},"url":"https:\/\/www.sensorialsunsets.com\/fr\/author\/asistentes-sensorial-sunsets\/"}]}},"_links":{"self":[{"href":"https:\/\/www.sensorialsunsets.com\/fr\/wp-json\/wp\/v2\/posts\/22376","targetHints":{"allow":["GET"]}}],"collection":[{"href":"https:\/\/www.sensorialsunsets.com\/fr\/wp-json\/wp\/v2\/posts"}],"about":[{"href":"https:\/\/www.sensorialsunsets.com\/fr\/wp-json\/wp\/v2\/types\/post"}],"author":[{"embeddable":true,"href":"https:\/\/www.sensorialsunsets.com\/fr\/wp-json\/wp\/v2\/users\/4"}],"replies":[{"embeddable":true,"href":"https:\/\/www.sensorialsunsets.com\/fr\/wp-json\/wp\/v2\/comments?post=22376"}],"version-history":[{"count":2,"href":"https:\/\/www.sensorialsunsets.com\/fr\/wp-json\/wp\/v2\/posts\/22376\/revisions"}],"predecessor-version":[{"id":22378,"href":"https:\/\/www.sensorialsunsets.com\/fr\/wp-json\/wp\/v2\/posts\/22376\/revisions\/22378"}],"wp:featuredmedia":[{"embeddable":true,"href":"https:\/\/www.sensorialsunsets.com\/fr\/wp-json\/wp\/v2\/media\/22362"}],"wp:attachment":[{"href":"https:\/\/www.sensorialsunsets.com\/fr\/wp-json\/wp\/v2\/media?parent=22376"}],"wp:term":[{"taxonomy":"category","embeddable":true,"href":"https:\/\/www.sensorialsunsets.com\/fr\/wp-json\/wp\/v2\/categories?post=22376"},{"taxonomy":"post_tag","embeddable":true,"href":"https:\/\/www.sensorialsunsets.com\/fr\/wp-json\/wp\/v2\/tags?post=22376"}],"curies":[{"name":"wp","href":"https:\/\/api.w.org\/{rel}","templated":true}]}}