{"id":22398,"date":"2025-07-09T16:41:27","date_gmt":"2025-07-09T22:41:27","guid":{"rendered":"https:\/\/www.sensorialsunsets.com\/?p=22398"},"modified":"2025-07-09T16:41:27","modified_gmt":"2025-07-09T22:41:27","slug":"hugo-diaz-le-chroniqueur-graphique-honore-au-musee-dart-costaricien","status":"publish","type":"post","link":"https:\/\/www.sensorialsunsets.com\/fr\/hugo-diaz-le-chroniqueur-graphique-honore-au-musee-dart-costaricien\/","title":{"rendered":"Hugo D\u00edaz : Le chroniqueur graphique honor\u00e9 au Mus\u00e9e d\u2019Art Costaricien"},"content":{"rendered":"\n<p><em>Hugo D\u00edaz, chroniqueur graphique.<\/em><\/p>\n\n<p>Le Mus\u00e9e d&rsquo;art costaricien vous invite \u00e0 l&rsquo;inauguration de \u00ab Hugo D\u00edaz : Chroniques \u00e0 l&rsquo;encre \u00bb, une exposition qui c\u00e9l\u00e8bre l&rsquo;h\u00e9ritage visuel et critique de l&rsquo;artiste.<\/p>\n\n<p>Le vernissage aura lieu le jeudi 10 juillet \u00e0 19 h au MAC, situ\u00e9 dans le parc m\u00e9tropolitain La Sabana. L&rsquo;entr\u00e9e est gratuite, une occasion de red\u00e9couvrir l&rsquo;un des grands chroniqueurs visuels du Costa Rica du XXe si\u00e8cle.<\/p>\n\n<p>Cette exposition est le fruit d&rsquo;une collaboration entre le MAC et le <strong>Mus\u00e9e de l&rsquo;Universit\u00e9 du Costa Rica (Museo UCR)<\/strong>. \u00c0 travers une s\u00e9lection repr\u00e9sentative d&rsquo;\u0153uvres, l&rsquo;exposition retrace les diff\u00e9rentes \u00e9tapes de la production artistique de D\u00edaz, depuis ses d\u00e9buts marqu\u00e9s par l&rsquo;influence du cin\u00e9ma et de la bande dessin\u00e9e, jusqu&rsquo;\u00e0 sa cons\u00e9cration en tant que chroniqueur graphique des processus politiques, sociaux et \u00e9conomiques du pays.<\/p>\n\n<p>L&rsquo;\u0153uvre de Hugo D\u00edaz est un t\u00e9moignage visuel d&rsquo;une grande valeur pour comprendre l&rsquo;histoire. Cette exposition vise \u00e0 reconna\u00eetre son h\u00e9ritage en tant que chroniqueur graphique du pays et, en m\u00eame temps, \u00e0 offrir au public une proposition expositive qui associe art, m\u00e9moire et pens\u00e9e critique.<\/p>\n\n<div style=\"height:100px\" aria-hidden=\"true\" class=\"wp-block-spacer\"><\/div>\n\n<figure class=\"wp-block-gallery has-nested-images columns-default is-cropped wp-block-gallery-1 is-layout-flex wp-block-gallery-is-layout-flex\">\n<figure class=\"wp-block-image size-large\"><img loading=\"lazy\" decoding=\"async\" width=\"880\" height=\"1024\" data-id=\"22390\" src=\"https:\/\/www.sensorialsunsets.com\/wp-content\/uploads\/2025\/07\/1-scaled-1-880x1024.jpg\" alt=\"Hugo D&#xED;az , chroniqueur graphique.\" class=\"wp-image-22390\" srcset=\"https:\/\/www.sensorialsunsets.com\/wp-content\/uploads\/2025\/07\/1-scaled-1-880x1024.jpg 880w, https:\/\/www.sensorialsunsets.com\/wp-content\/uploads\/2025\/07\/1-scaled-1-258x300.jpg 258w, https:\/\/www.sensorialsunsets.com\/wp-content\/uploads\/2025\/07\/1-scaled-1-768x894.jpg 768w, https:\/\/www.sensorialsunsets.com\/wp-content\/uploads\/2025\/07\/1-scaled-1-1319x1536.jpg 1319w, https:\/\/www.sensorialsunsets.com\/wp-content\/uploads\/2025\/07\/1-scaled-1-1759x2048.jpg 1759w, https:\/\/www.sensorialsunsets.com\/wp-content\/uploads\/2025\/07\/1-scaled-1-1320x1537.jpg 1320w\" sizes=\"auto, (max-width: 880px) 100vw, 880px\" \/><\/figure>\n\n\n\n<figure class=\"wp-block-image size-large\"><img loading=\"lazy\" decoding=\"async\" width=\"1024\" height=\"816\" data-id=\"22384\" src=\"https:\/\/www.sensorialsunsets.com\/wp-content\/uploads\/2025\/07\/2-1-scaled-1-1024x816.jpg\" alt=\"Hugo D&#xED;az , chroniqueur graphique.\" class=\"wp-image-22384\" srcset=\"https:\/\/www.sensorialsunsets.com\/wp-content\/uploads\/2025\/07\/2-1-scaled-1-1024x816.jpg 1024w, https:\/\/www.sensorialsunsets.com\/wp-content\/uploads\/2025\/07\/2-1-scaled-1-300x239.jpg 300w, https:\/\/www.sensorialsunsets.com\/wp-content\/uploads\/2025\/07\/2-1-scaled-1-768x612.jpg 768w, https:\/\/www.sensorialsunsets.com\/wp-content\/uploads\/2025\/07\/2-1-scaled-1-1536x1223.jpg 1536w, https:\/\/www.sensorialsunsets.com\/wp-content\/uploads\/2025\/07\/2-1-scaled-1-2048x1631.jpg 2048w, https:\/\/www.sensorialsunsets.com\/wp-content\/uploads\/2025\/07\/2-1-scaled-1-1320x1051.jpg 1320w\" sizes=\"auto, (max-width: 1024px) 100vw, 1024px\" \/><\/figure>\n\n\n\n<figure class=\"wp-block-image size-large\"><img loading=\"lazy\" decoding=\"async\" width=\"1024\" height=\"769\" data-id=\"22387\" src=\"https:\/\/www.sensorialsunsets.com\/wp-content\/uploads\/2025\/07\/5-scaled-1-1024x769.jpg\" alt=\"Hugo D&#xED;az , chroniqueur graphique.\" class=\"wp-image-22387\" srcset=\"https:\/\/www.sensorialsunsets.com\/wp-content\/uploads\/2025\/07\/5-scaled-1-1024x769.jpg 1024w, https:\/\/www.sensorialsunsets.com\/wp-content\/uploads\/2025\/07\/5-scaled-1-300x225.jpg 300w, https:\/\/www.sensorialsunsets.com\/wp-content\/uploads\/2025\/07\/5-scaled-1-768x577.jpg 768w, https:\/\/www.sensorialsunsets.com\/wp-content\/uploads\/2025\/07\/5-scaled-1-1536x1154.jpg 1536w, https:\/\/www.sensorialsunsets.com\/wp-content\/uploads\/2025\/07\/5-scaled-1-2048x1538.jpg 2048w, https:\/\/www.sensorialsunsets.com\/wp-content\/uploads\/2025\/07\/5-scaled-1-1320x992.jpg 1320w\" sizes=\"auto, (max-width: 1024px) 100vw, 1024px\" \/><\/figure>\n<\/figure>\n\n<div style=\"height:100px\" aria-hidden=\"true\" class=\"wp-block-spacer\"><\/div>\n\n<h3 class=\"wp-block-heading\">Le Mus\u00e9e d&rsquo;art costaricien inaugure une exposition en hommage \u00e0 Hugo D\u00edaz<\/h3>\n\n<p>Pour sa part, la commissaire de l&rsquo;exposition, Laura M. Raabe Cercone, a soulign\u00e9 le contexte historique dans lequel D\u00edaz a d\u00e9velopp\u00e9 sa carri\u00e8re, qui a d\u00e9but\u00e9 en 1970, en pleine guerre froide :<\/p>\n\n<blockquote class=\"wp-block-quote is-layout-flow wp-block-quote-is-layout-flow\">\n<p>Ses caricatures r\u00e9v\u00e8lent la p\u00e9n\u00e9tration profonde de la culture de masse am\u00e9ricaine et les aspirations \u00e0 la modernisation \u00e9conomique au Costa Rica. Elles t\u00e9moignent \u00e9galement de l&rsquo;\u00e9mergence d&rsquo;une r\u00e9ponse critique anti-imp\u00e9rialiste face \u00e0 l&rsquo;ing\u00e9rence des \u00c9tats-Unis en Am\u00e9rique latine.<\/p>\n<\/blockquote>\n\n<p>Raabe Cercone, actuellement responsable de la section Enregistrement des collections du mus\u00e9e UCR, a soulign\u00e9 que l&rsquo;UNESCO a inscrit en 2023 les archives de Hugo D\u00edaz, compos\u00e9es de 5 978 pi\u00e8ces, au Registre national de la m\u00e9moire mondiale du Costa Rica.<\/p>\n\n<h3 class=\"wp-block-heading\">Au sujet de la p\u00e9riode suivante, a ajout\u00e9 :<\/h3>\n\n<blockquote class=\"wp-block-quote is-layout-flow wp-block-quote-is-layout-flow\">\n<p>Au cours des ann\u00e9es 1980, avec l&rsquo;adoption de politiques n\u00e9olib\u00e9rales en pleine crise \u00e9conomique, le d\u00e9mant\u00e8lement de l&rsquo;\u00c9tat providence commence. Une grande partie de son travail porte sur cette conjoncture. Ses traits \u00e0 l&rsquo;encre d\u00e9noncent les injustices et expriment son engagement envers les secteurs sociaux les plus vuln\u00e9rables. Vingt-quatre ans apr\u00e8s sa mort, Hugo surprend par son immense actualit\u00e9.<\/p>\n<\/blockquote>\n\n<p>L&rsquo;exposition sera ouverte au public jusqu&rsquo;au <strong>dimanche 9 novembre<\/strong>. Elle se tiendra aux <strong>horaires habituels du MAC<\/strong>, du <strong>mardi au dimanche, de 9 h \u00e0 16 h<\/strong>.<\/p>\n\n<p><strong>Sensorial Sunsets<\/strong><\/p>\n","protected":false},"excerpt":{"rendered":"<p>Hugo D\u00edaz, chroniqueur graphique. Le Mus\u00e9e d&rsquo;art costaricien vous invite \u00e0 l&rsquo;inauguration de \u00ab Hugo D\u00edaz : Chroniques \u00e0 l&rsquo;encre \u00bb, une exposition qui c\u00e9l\u00e8bre l&rsquo;h\u00e9ritage visuel et critique de l&rsquo;artiste. Le vernissage aura lieu le jeudi 10 juillet \u00e0 19 h au MAC, situ\u00e9 dans le parc m\u00e9tropolitain La Sabana. L&rsquo;entr\u00e9e est gratuite, une [&hellip;]<\/p>\n","protected":false},"author":4,"featured_media":22382,"comment_status":"closed","ping_status":"closed","sticky":false,"template":"","format":"standard","meta":{"_acf_changed":false,"inline_featured_image":false,"_monsterinsights_skip_tracking":false,"_monsterinsights_sitenote_active":false,"_monsterinsights_sitenote_note":"","_monsterinsights_sitenote_category":0,"footnotes":""},"categories":[1],"tags":[],"class_list":["post-22398","post","type-post","status-publish","format-standard","has-post-thumbnail","hentry","category-non-classifiee"],"acf":[],"yoast_head":"<!-- This site is optimized with the Yoast SEO plugin v27.4 - https:\/\/yoast.com\/product\/yoast-seo-wordpress\/ -->\n<title>Hugo D\u00edaz : chroniqueur graphique au Mus\u00e9e d&#039;art Costaricien<\/title>\n<meta name=\"description\" content=\"Hugo D\u00edaz est \u00e0 l&#039;honneur au MAC avec une exposition sur son h\u00e9ritage visuel et critique de chroniqueur graphique du XXe si\u00e8cle.\" \/>\n<meta name=\"robots\" content=\"index, follow, max-snippet:-1, max-image-preview:large, max-video-preview:-1\" \/>\n<link rel=\"canonical\" href=\"https:\/\/www.sensorialsunsets.com\/fr\/hugo-diaz-le-chroniqueur-graphique-honore-au-musee-dart-costaricien\/\" \/>\n<meta property=\"og:locale\" content=\"fr_FR\" \/>\n<meta property=\"og:type\" content=\"article\" \/>\n<meta property=\"og:title\" content=\"Hugo D\u00edaz : chroniqueur graphique au Mus\u00e9e d&#039;art Costaricien\" \/>\n<meta property=\"og:description\" content=\"Hugo D\u00edaz est \u00e0 l&#039;honneur au MAC avec une exposition sur son h\u00e9ritage visuel et critique de chroniqueur graphique du XXe si\u00e8cle.\" \/>\n<meta property=\"og:url\" content=\"https:\/\/www.sensorialsunsets.com\/fr\/hugo-diaz-le-chroniqueur-graphique-honore-au-musee-dart-costaricien\/\" \/>\n<meta property=\"og:site_name\" content=\"SensorialSunsets\" \/>\n<meta property=\"article:publisher\" content=\"https:\/\/www.facebook.com\/Sensorial-Sunsets-109180614715562\" \/>\n<meta property=\"article:published_time\" content=\"2025-07-09T22:41:27+00:00\" \/>\n<meta property=\"og:image\" content=\"https:\/\/www.sensorialsunsets.com\/wp-content\/uploads\/2025\/07\/HD-en-su-primera-exposicion.jpg\" \/>\n\t<meta property=\"og:image:width\" content=\"1783\" \/>\n\t<meta property=\"og:image:height\" content=\"1172\" \/>\n\t<meta property=\"og:image:type\" content=\"image\/jpeg\" \/>\n<meta name=\"author\" content=\"Sensorial Sunsets\" \/>\n<meta name=\"twitter:card\" content=\"summary_large_image\" \/>\n<meta name=\"twitter:label1\" content=\"\u00c9crit par\" \/>\n\t<meta name=\"twitter:data1\" content=\"Sensorial Sunsets\" \/>\n\t<meta name=\"twitter:label2\" content=\"Dur\u00e9e de lecture estim\u00e9e\" \/>\n\t<meta name=\"twitter:data2\" content=\"2 minutes\" \/>\n<script type=\"application\/ld+json\" class=\"yoast-schema-graph\">{\"@context\":\"https:\\\/\\\/schema.org\",\"@graph\":[{\"@type\":\"Article\",\"@id\":\"https:\\\/\\\/www.sensorialsunsets.com\\\/fr\\\/hugo-diaz-le-chroniqueur-graphique-honore-au-musee-dart-costaricien\\\/#article\",\"isPartOf\":{\"@id\":\"https:\\\/\\\/www.sensorialsunsets.com\\\/fr\\\/hugo-diaz-le-chroniqueur-graphique-honore-au-musee-dart-costaricien\\\/\"},\"author\":{\"name\":\"Sensorial Sunsets\",\"@id\":\"https:\\\/\\\/www.sensorialsunsets.com\\\/fr\\\/#\\\/schema\\\/person\\\/77e2fa594135aa94024c47e281d8a94d\"},\"headline\":\"Hugo D\u00edaz : Le chroniqueur graphique honor\u00e9 au Mus\u00e9e d\u2019Art Costaricien\",\"datePublished\":\"2025-07-09T22:41:27+00:00\",\"mainEntityOfPage\":{\"@id\":\"https:\\\/\\\/www.sensorialsunsets.com\\\/fr\\\/hugo-diaz-le-chroniqueur-graphique-honore-au-musee-dart-costaricien\\\/\"},\"wordCount\":473,\"publisher\":{\"@id\":\"https:\\\/\\\/www.sensorialsunsets.com\\\/fr\\\/#organization\"},\"image\":{\"@id\":\"https:\\\/\\\/www.sensorialsunsets.com\\\/fr\\\/hugo-diaz-le-chroniqueur-graphique-honore-au-musee-dart-costaricien\\\/#primaryimage\"},\"thumbnailUrl\":\"https:\\\/\\\/www.sensorialsunsets.com\\\/wp-content\\\/uploads\\\/2025\\\/07\\\/HD-en-su-primera-exposicion.jpg\",\"articleSection\":[\"Non classifi\u00e9(e)\"],\"inLanguage\":\"fr-FR\"},{\"@type\":\"WebPage\",\"@id\":\"https:\\\/\\\/www.sensorialsunsets.com\\\/fr\\\/hugo-diaz-le-chroniqueur-graphique-honore-au-musee-dart-costaricien\\\/\",\"url\":\"https:\\\/\\\/www.sensorialsunsets.com\\\/fr\\\/hugo-diaz-le-chroniqueur-graphique-honore-au-musee-dart-costaricien\\\/\",\"name\":\"Hugo D\u00edaz : chroniqueur graphique au Mus\u00e9e d'art Costaricien\",\"isPartOf\":{\"@id\":\"https:\\\/\\\/www.sensorialsunsets.com\\\/fr\\\/#website\"},\"primaryImageOfPage\":{\"@id\":\"https:\\\/\\\/www.sensorialsunsets.com\\\/fr\\\/hugo-diaz-le-chroniqueur-graphique-honore-au-musee-dart-costaricien\\\/#primaryimage\"},\"image\":{\"@id\":\"https:\\\/\\\/www.sensorialsunsets.com\\\/fr\\\/hugo-diaz-le-chroniqueur-graphique-honore-au-musee-dart-costaricien\\\/#primaryimage\"},\"thumbnailUrl\":\"https:\\\/\\\/www.sensorialsunsets.com\\\/wp-content\\\/uploads\\\/2025\\\/07\\\/HD-en-su-primera-exposicion.jpg\",\"datePublished\":\"2025-07-09T22:41:27+00:00\",\"description\":\"Hugo D\u00edaz est \u00e0 l'honneur au MAC avec une exposition sur son h\u00e9ritage visuel et critique de chroniqueur graphique du XXe si\u00e8cle.\",\"inLanguage\":\"fr-FR\",\"potentialAction\":[{\"@type\":\"ReadAction\",\"target\":[\"https:\\\/\\\/www.sensorialsunsets.com\\\/fr\\\/hugo-diaz-le-chroniqueur-graphique-honore-au-musee-dart-costaricien\\\/\"]}]},{\"@type\":\"ImageObject\",\"inLanguage\":\"fr-FR\",\"@id\":\"https:\\\/\\\/www.sensorialsunsets.com\\\/fr\\\/hugo-diaz-le-chroniqueur-graphique-honore-au-musee-dart-costaricien\\\/#primaryimage\",\"url\":\"https:\\\/\\\/www.sensorialsunsets.com\\\/wp-content\\\/uploads\\\/2025\\\/07\\\/HD-en-su-primera-exposicion.jpg\",\"contentUrl\":\"https:\\\/\\\/www.sensorialsunsets.com\\\/wp-content\\\/uploads\\\/2025\\\/07\\\/HD-en-su-primera-exposicion.jpg\",\"width\":1783,\"height\":1172},{\"@type\":\"WebSite\",\"@id\":\"https:\\\/\\\/www.sensorialsunsets.com\\\/fr\\\/#website\",\"url\":\"https:\\\/\\\/www.sensorialsunsets.com\\\/fr\\\/\",\"name\":\"SensorialSunsets.com\",\"description\":\"D\u00e9couvrez la culture et la soci\u00e9t\u00e9 du Costa Rica sur notre blog. Explorez des articles captivants et partagez le contenu.\",\"publisher\":{\"@id\":\"https:\\\/\\\/www.sensorialsunsets.com\\\/fr\\\/#organization\"},\"alternateName\":\"Costa Rica Live Blog\",\"potentialAction\":[{\"@type\":\"SearchAction\",\"target\":{\"@type\":\"EntryPoint\",\"urlTemplate\":\"https:\\\/\\\/www.sensorialsunsets.com\\\/fr\\\/?s={search_term_string}\"},\"query-input\":{\"@type\":\"PropertyValueSpecification\",\"valueRequired\":true,\"valueName\":\"search_term_string\"}}],\"inLanguage\":\"fr-FR\"},{\"@type\":\"Organization\",\"@id\":\"https:\\\/\\\/www.sensorialsunsets.com\\\/fr\\\/#organization\",\"name\":\"SensorialSunsets\",\"url\":\"https:\\\/\\\/www.sensorialsunsets.com\\\/fr\\\/\",\"logo\":{\"@type\":\"ImageObject\",\"inLanguage\":\"fr-FR\",\"@id\":\"https:\\\/\\\/www.sensorialsunsets.com\\\/fr\\\/#\\\/schema\\\/logo\\\/image\\\/\",\"url\":\"https:\\\/\\\/www.sensorialsunsets.com\\\/wp-content\\\/uploads\\\/2023\\\/04\\\/Logo_base_line_fond_clair.svg\",\"contentUrl\":\"https:\\\/\\\/www.sensorialsunsets.com\\\/wp-content\\\/uploads\\\/2023\\\/04\\\/Logo_base_line_fond_clair.svg\",\"width\":\"1024\",\"height\":\"1024\",\"caption\":\"SensorialSunsets\"},\"image\":{\"@id\":\"https:\\\/\\\/www.sensorialsunsets.com\\\/fr\\\/#\\\/schema\\\/logo\\\/image\\\/\"},\"sameAs\":[\"https:\\\/\\\/www.facebook.com\\\/Sensorial-Sunsets-109180614715562\",\"https:\\\/\\\/www.instagram.com\\\/sensorialsunsets\\\/\"]},{\"@type\":\"Person\",\"@id\":\"https:\\\/\\\/www.sensorialsunsets.com\\\/fr\\\/#\\\/schema\\\/person\\\/77e2fa594135aa94024c47e281d8a94d\",\"name\":\"Sensorial Sunsets\",\"image\":{\"@type\":\"ImageObject\",\"inLanguage\":\"fr-FR\",\"@id\":\"https:\\\/\\\/secure.gravatar.com\\\/avatar\\\/5f2d62681b1dad94c28f1500d4fc75582acdfd32b55fd1acce0a36a3c487eabe?s=96&d=mm&r=g\",\"url\":\"https:\\\/\\\/secure.gravatar.com\\\/avatar\\\/5f2d62681b1dad94c28f1500d4fc75582acdfd32b55fd1acce0a36a3c487eabe?s=96&d=mm&r=g\",\"contentUrl\":\"https:\\\/\\\/secure.gravatar.com\\\/avatar\\\/5f2d62681b1dad94c28f1500d4fc75582acdfd32b55fd1acce0a36a3c487eabe?s=96&d=mm&r=g\",\"caption\":\"Sensorial Sunsets\"},\"url\":\"https:\\\/\\\/www.sensorialsunsets.com\\\/fr\\\/author\\\/asistentes-sensorial-sunsets\\\/\"}]}<\/script>\n<!-- \/ Yoast SEO plugin. -->","yoast_head_json":{"title":"Hugo D\u00edaz : chroniqueur graphique au Mus\u00e9e d'art Costaricien","description":"Hugo D\u00edaz est \u00e0 l'honneur au MAC avec une exposition sur son h\u00e9ritage visuel et critique de chroniqueur graphique du XXe si\u00e8cle.","robots":{"index":"index","follow":"follow","max-snippet":"max-snippet:-1","max-image-preview":"max-image-preview:large","max-video-preview":"max-video-preview:-1"},"canonical":"https:\/\/www.sensorialsunsets.com\/fr\/hugo-diaz-le-chroniqueur-graphique-honore-au-musee-dart-costaricien\/","og_locale":"fr_FR","og_type":"article","og_title":"Hugo D\u00edaz : chroniqueur graphique au Mus\u00e9e d'art Costaricien","og_description":"Hugo D\u00edaz est \u00e0 l'honneur au MAC avec une exposition sur son h\u00e9ritage visuel et critique de chroniqueur graphique du XXe si\u00e8cle.","og_url":"https:\/\/www.sensorialsunsets.com\/fr\/hugo-diaz-le-chroniqueur-graphique-honore-au-musee-dart-costaricien\/","og_site_name":"SensorialSunsets","article_publisher":"https:\/\/www.facebook.com\/Sensorial-Sunsets-109180614715562","article_published_time":"2025-07-09T22:41:27+00:00","og_image":[{"width":1783,"height":1172,"url":"https:\/\/www.sensorialsunsets.com\/wp-content\/uploads\/2025\/07\/HD-en-su-primera-exposicion.jpg","type":"image\/jpeg"}],"author":"Sensorial Sunsets","twitter_card":"summary_large_image","twitter_misc":{"\u00c9crit par":"Sensorial Sunsets","Dur\u00e9e de lecture estim\u00e9e":"2 minutes"},"schema":{"@context":"https:\/\/schema.org","@graph":[{"@type":"Article","@id":"https:\/\/www.sensorialsunsets.com\/fr\/hugo-diaz-le-chroniqueur-graphique-honore-au-musee-dart-costaricien\/#article","isPartOf":{"@id":"https:\/\/www.sensorialsunsets.com\/fr\/hugo-diaz-le-chroniqueur-graphique-honore-au-musee-dart-costaricien\/"},"author":{"name":"Sensorial Sunsets","@id":"https:\/\/www.sensorialsunsets.com\/fr\/#\/schema\/person\/77e2fa594135aa94024c47e281d8a94d"},"headline":"Hugo D\u00edaz : Le chroniqueur graphique honor\u00e9 au Mus\u00e9e d\u2019Art Costaricien","datePublished":"2025-07-09T22:41:27+00:00","mainEntityOfPage":{"@id":"https:\/\/www.sensorialsunsets.com\/fr\/hugo-diaz-le-chroniqueur-graphique-honore-au-musee-dart-costaricien\/"},"wordCount":473,"publisher":{"@id":"https:\/\/www.sensorialsunsets.com\/fr\/#organization"},"image":{"@id":"https:\/\/www.sensorialsunsets.com\/fr\/hugo-diaz-le-chroniqueur-graphique-honore-au-musee-dart-costaricien\/#primaryimage"},"thumbnailUrl":"https:\/\/www.sensorialsunsets.com\/wp-content\/uploads\/2025\/07\/HD-en-su-primera-exposicion.jpg","articleSection":["Non classifi\u00e9(e)"],"inLanguage":"fr-FR"},{"@type":"WebPage","@id":"https:\/\/www.sensorialsunsets.com\/fr\/hugo-diaz-le-chroniqueur-graphique-honore-au-musee-dart-costaricien\/","url":"https:\/\/www.sensorialsunsets.com\/fr\/hugo-diaz-le-chroniqueur-graphique-honore-au-musee-dart-costaricien\/","name":"Hugo D\u00edaz : chroniqueur graphique au Mus\u00e9e d'art Costaricien","isPartOf":{"@id":"https:\/\/www.sensorialsunsets.com\/fr\/#website"},"primaryImageOfPage":{"@id":"https:\/\/www.sensorialsunsets.com\/fr\/hugo-diaz-le-chroniqueur-graphique-honore-au-musee-dart-costaricien\/#primaryimage"},"image":{"@id":"https:\/\/www.sensorialsunsets.com\/fr\/hugo-diaz-le-chroniqueur-graphique-honore-au-musee-dart-costaricien\/#primaryimage"},"thumbnailUrl":"https:\/\/www.sensorialsunsets.com\/wp-content\/uploads\/2025\/07\/HD-en-su-primera-exposicion.jpg","datePublished":"2025-07-09T22:41:27+00:00","description":"Hugo D\u00edaz est \u00e0 l'honneur au MAC avec une exposition sur son h\u00e9ritage visuel et critique de chroniqueur graphique du XXe si\u00e8cle.","inLanguage":"fr-FR","potentialAction":[{"@type":"ReadAction","target":["https:\/\/www.sensorialsunsets.com\/fr\/hugo-diaz-le-chroniqueur-graphique-honore-au-musee-dart-costaricien\/"]}]},{"@type":"ImageObject","inLanguage":"fr-FR","@id":"https:\/\/www.sensorialsunsets.com\/fr\/hugo-diaz-le-chroniqueur-graphique-honore-au-musee-dart-costaricien\/#primaryimage","url":"https:\/\/www.sensorialsunsets.com\/wp-content\/uploads\/2025\/07\/HD-en-su-primera-exposicion.jpg","contentUrl":"https:\/\/www.sensorialsunsets.com\/wp-content\/uploads\/2025\/07\/HD-en-su-primera-exposicion.jpg","width":1783,"height":1172},{"@type":"WebSite","@id":"https:\/\/www.sensorialsunsets.com\/fr\/#website","url":"https:\/\/www.sensorialsunsets.com\/fr\/","name":"SensorialSunsets.com","description":"D\u00e9couvrez la culture et la soci\u00e9t\u00e9 du Costa Rica sur notre blog. Explorez des articles captivants et partagez le contenu.","publisher":{"@id":"https:\/\/www.sensorialsunsets.com\/fr\/#organization"},"alternateName":"Costa Rica Live Blog","potentialAction":[{"@type":"SearchAction","target":{"@type":"EntryPoint","urlTemplate":"https:\/\/www.sensorialsunsets.com\/fr\/?s={search_term_string}"},"query-input":{"@type":"PropertyValueSpecification","valueRequired":true,"valueName":"search_term_string"}}],"inLanguage":"fr-FR"},{"@type":"Organization","@id":"https:\/\/www.sensorialsunsets.com\/fr\/#organization","name":"SensorialSunsets","url":"https:\/\/www.sensorialsunsets.com\/fr\/","logo":{"@type":"ImageObject","inLanguage":"fr-FR","@id":"https:\/\/www.sensorialsunsets.com\/fr\/#\/schema\/logo\/image\/","url":"https:\/\/www.sensorialsunsets.com\/wp-content\/uploads\/2023\/04\/Logo_base_line_fond_clair.svg","contentUrl":"https:\/\/www.sensorialsunsets.com\/wp-content\/uploads\/2023\/04\/Logo_base_line_fond_clair.svg","width":"1024","height":"1024","caption":"SensorialSunsets"},"image":{"@id":"https:\/\/www.sensorialsunsets.com\/fr\/#\/schema\/logo\/image\/"},"sameAs":["https:\/\/www.facebook.com\/Sensorial-Sunsets-109180614715562","https:\/\/www.instagram.com\/sensorialsunsets\/"]},{"@type":"Person","@id":"https:\/\/www.sensorialsunsets.com\/fr\/#\/schema\/person\/77e2fa594135aa94024c47e281d8a94d","name":"Sensorial Sunsets","image":{"@type":"ImageObject","inLanguage":"fr-FR","@id":"https:\/\/secure.gravatar.com\/avatar\/5f2d62681b1dad94c28f1500d4fc75582acdfd32b55fd1acce0a36a3c487eabe?s=96&d=mm&r=g","url":"https:\/\/secure.gravatar.com\/avatar\/5f2d62681b1dad94c28f1500d4fc75582acdfd32b55fd1acce0a36a3c487eabe?s=96&d=mm&r=g","contentUrl":"https:\/\/secure.gravatar.com\/avatar\/5f2d62681b1dad94c28f1500d4fc75582acdfd32b55fd1acce0a36a3c487eabe?s=96&d=mm&r=g","caption":"Sensorial Sunsets"},"url":"https:\/\/www.sensorialsunsets.com\/fr\/author\/asistentes-sensorial-sunsets\/"}]}},"_links":{"self":[{"href":"https:\/\/www.sensorialsunsets.com\/fr\/wp-json\/wp\/v2\/posts\/22398","targetHints":{"allow":["GET"]}}],"collection":[{"href":"https:\/\/www.sensorialsunsets.com\/fr\/wp-json\/wp\/v2\/posts"}],"about":[{"href":"https:\/\/www.sensorialsunsets.com\/fr\/wp-json\/wp\/v2\/types\/post"}],"author":[{"embeddable":true,"href":"https:\/\/www.sensorialsunsets.com\/fr\/wp-json\/wp\/v2\/users\/4"}],"replies":[{"embeddable":true,"href":"https:\/\/www.sensorialsunsets.com\/fr\/wp-json\/wp\/v2\/comments?post=22398"}],"version-history":[{"count":1,"href":"https:\/\/www.sensorialsunsets.com\/fr\/wp-json\/wp\/v2\/posts\/22398\/revisions"}],"predecessor-version":[{"id":22399,"href":"https:\/\/www.sensorialsunsets.com\/fr\/wp-json\/wp\/v2\/posts\/22398\/revisions\/22399"}],"wp:featuredmedia":[{"embeddable":true,"href":"https:\/\/www.sensorialsunsets.com\/fr\/wp-json\/wp\/v2\/media\/22382"}],"wp:attachment":[{"href":"https:\/\/www.sensorialsunsets.com\/fr\/wp-json\/wp\/v2\/media?parent=22398"}],"wp:term":[{"taxonomy":"category","embeddable":true,"href":"https:\/\/www.sensorialsunsets.com\/fr\/wp-json\/wp\/v2\/categories?post=22398"},{"taxonomy":"post_tag","embeddable":true,"href":"https:\/\/www.sensorialsunsets.com\/fr\/wp-json\/wp\/v2\/tags?post=22398"}],"curies":[{"name":"wp","href":"https:\/\/api.w.org\/{rel}","templated":true}]}}