{"id":22417,"date":"2025-07-11T15:36:15","date_gmt":"2025-07-11T21:36:15","guid":{"rendered":"https:\/\/www.sensorialsunsets.com\/?p=22417"},"modified":"2025-07-11T15:36:15","modified_gmt":"2025-07-11T21:36:15","slug":"barrio-amon-cinema-gratuit-histoire-et-regard-critique","status":"publish","type":"post","link":"https:\/\/www.sensorialsunsets.com\/fr\/barrio-amon-cinema-gratuit-histoire-et-regard-critique\/","title":{"rendered":"Barrio Am\u00f3n : cin\u00e9ma gratuit, histoire et regard critique"},"content":{"rendered":"\n<h3 class=\"wp-block-heading\">Pre\u00e1mbulo pr\u00e9sente \u00ab Miradas : Ni fiction, ni documentaire \u00bb, une exp\u00e9rience culturelle incontournable au c\u0153ur de San Jos\u00e9.<\/h3>\n\n\n\n<p>Si vous \u00eates \u00e0 San Jos\u00e9 \u00e0 la mi-juillet et que vous cherchez une option diff\u00e9rente pour profiter de la ville, le Centre du cin\u00e9ma vous ouvre ses portes avec une proposition qui allie art, r\u00e9flexion et un parcours \u00e0 travers le cin\u00e9ma contemporain le plus provocateur. Le cycle \u00ab Miradas : Ni fiction, ni documentaire \u00bb, qui fait partie du programme <em>Pre\u00e1mbulo<\/em>, une initiative qui a transform\u00e9 la salle G\u00f3mez Miralles, dans le quartier Barrio Am\u00f3n.<\/p>\n\n\n\n<blockquote class=\"wp-block-quote is-layout-flow wp-block-quote-is-layout-flow\">\n<p>Pendant trois jours, du <strong>17 au 19 juillet<\/strong>, le public pourra assister gratuitement \u00e0 des projections qui explorent des th\u00e8mes tels que la m\u00e9moire, le corps, la libert\u00e9 et la r\u00e9sistance, \u00e0 travers des \u0153uvres cin\u00e9matographiques oscillant entre fiction et documentaire. Mais au-del\u00e0 des films, cette exp\u00e9rience invite \u00e0 red\u00e9couvrir San Jos\u00e9 \u00e0 travers les sens, la critique et l&rsquo;humain.<\/p>\n<\/blockquote>\n\n\n\n<h3 class=\"wp-block-heading\">Miradas : Ni fiction, ni documentaire<\/h3>\n\n\n\n<p>Au cours de ce cycle, quatre longs m\u00e9trages provenant de diff\u00e9rents coins du monde \u2013 de l&rsquo;Iran au Costa Rica \u2013 seront pr\u00e9sent\u00e9s, invitant \u00e0 r\u00e9fl\u00e9chir, \u00e0 ressentir et \u00e0 dialoguer sur des th\u00e8mes d&rsquo;actualit\u00e9. Parmi eux, on trouve des histoires de survivants qui reconstruisent leur m\u00e9moire, de femmes qui brisent le silence, de familles travers\u00e9es par l&rsquo;absence et de cr\u00e9ateurs confront\u00e9s \u00e0 la censure. Tous ont un point commun : l&rsquo;utilisation d&rsquo;un langage cin\u00e9matographique qui d\u00e9fie les \u00e9tiquettes traditionnelles.<\/p>\n\n\n\n<div style=\"height:100px\" aria-hidden=\"true\" class=\"wp-block-spacer\"><\/div>\n\n\n\n<figure class=\"wp-block-gallery has-nested-images columns-default is-cropped wp-block-gallery-1 is-layout-flex wp-block-gallery-is-layout-flex\">\n<figure class=\"wp-block-image size-large\"><img loading=\"lazy\" decoding=\"async\" width=\"1024\" height=\"722\" data-id=\"22407\" src=\"https:\/\/www.sensorialsunsets.com\/wp-content\/uploads\/2025\/07\/2022-11-Memorias_bts-568-1024x722.jpg\" alt=\"Barrio Am\u00f3n et Pr\u00e9ambule \u00ab Miradas : Ni fiction, ni documentaire \u00bb\" class=\"wp-image-22407\" srcset=\"https:\/\/www.sensorialsunsets.com\/wp-content\/uploads\/2025\/07\/2022-11-Memorias_bts-568-1024x722.jpg 1024w, https:\/\/www.sensorialsunsets.com\/wp-content\/uploads\/2025\/07\/2022-11-Memorias_bts-568-300x211.jpg 300w, https:\/\/www.sensorialsunsets.com\/wp-content\/uploads\/2025\/07\/2022-11-Memorias_bts-568-768x541.jpg 768w, https:\/\/www.sensorialsunsets.com\/wp-content\/uploads\/2025\/07\/2022-11-Memorias_bts-568.jpg 1300w\" sizes=\"auto, (max-width: 1024px) 100vw, 1024px\" \/><\/figure>\n\n\n\n<figure class=\"wp-block-image size-large\"><img loading=\"lazy\" decoding=\"async\" width=\"700\" height=\"394\" data-id=\"22401\" src=\"https:\/\/www.sensorialsunsets.com\/wp-content\/uploads\/2025\/07\/Four-Daughters.webp\" alt=\"Barrio Am\u00f3n et Pr\u00e9ambule \u00ab Miradas : Ni fiction, ni documentaire \u00bb\" class=\"wp-image-22401\" srcset=\"https:\/\/www.sensorialsunsets.com\/wp-content\/uploads\/2025\/07\/Four-Daughters.webp 700w, https:\/\/www.sensorialsunsets.com\/wp-content\/uploads\/2025\/07\/Four-Daughters-300x169.webp 300w\" sizes=\"auto, (max-width: 700px) 100vw, 700px\" \/><\/figure>\n\n\n\n<figure class=\"wp-block-image size-large\"><img loading=\"lazy\" decoding=\"async\" width=\"1024\" height=\"426\" data-id=\"22404\" src=\"https:\/\/www.sensorialsunsets.com\/wp-content\/uploads\/2025\/07\/Reconstructing-Utoya-1024x426.jpg\" alt=\"Barrio Am\u00f3n et Pr\u00e9ambule \u00ab Miradas : Ni fiction, ni documentaire \u00bb\" class=\"wp-image-22404\" srcset=\"https:\/\/www.sensorialsunsets.com\/wp-content\/uploads\/2025\/07\/Reconstructing-Utoya-1024x426.jpg 1024w, https:\/\/www.sensorialsunsets.com\/wp-content\/uploads\/2025\/07\/Reconstructing-Utoya-300x125.jpg 300w, https:\/\/www.sensorialsunsets.com\/wp-content\/uploads\/2025\/07\/Reconstructing-Utoya-768x319.jpg 768w, https:\/\/www.sensorialsunsets.com\/wp-content\/uploads\/2025\/07\/Reconstructing-Utoya-1536x638.jpg 1536w, https:\/\/www.sensorialsunsets.com\/wp-content\/uploads\/2025\/07\/Reconstructing-Utoya-1320x549.jpg 1320w, https:\/\/www.sensorialsunsets.com\/wp-content\/uploads\/2025\/07\/Reconstructing-Utoya.jpg 1920w\" sizes=\"auto, (max-width: 1024px) 100vw, 1024px\" \/><\/figure>\n<\/figure>\n\n\n\n<div style=\"height:100px\" aria-hidden=\"true\" class=\"wp-block-spacer\"><\/div>\n\n\n\n<p>La programmation comprend des titres internationaux et nationaux qui invitent \u00e0 la r\u00e9flexion \u00e0 travers diff\u00e9rents regards et styles. Parmi eux, citons <em>Reconstructing Utoya<\/em>, un exercice \u00e9mouvant sur la m\u00e9moire collective ; <em>Four Daughters<\/em>, une exploration intime de la maternit\u00e9 et de la r\u00e9bellion ; Memorias de un cuerpo que arde, une production costaricienne qui donne la parole aux femmes et \u00e0 leurs d\u00e9sirs tus ; et No Bears, une \u0153uvre du c\u00e9l\u00e8bre cin\u00e9aste iranien Jafar Panahi qui questionne les limites de la libert\u00e9 cr\u00e9ative. Chaque film, avec son langage particulier, enrichit cette proposition qui va au-del\u00e0 du simple divertissement.<\/p>\n\n\n\n<h3 class=\"wp-block-heading\">\u00c0 noter dans votre agenda :<\/h3>\n\n\n\n<ul class=\"wp-block-list\">\n<li><strong>Lieu :<\/strong> Centro de Cine, Sala G\u00f3mez Miralles \u2013 Barrio Am\u00f3n, San Jos\u00e9<\/li>\n\n\n\n<li><strong>Dates :<\/strong> Du jeudi 17 au samedi 19 juillet<\/li>\n\n\n\n<li><strong>Heure :<\/strong> 19 h (le samedi, il y aura \u00e9galement une repr\u00e9sentation \u00e0 16 h).<\/li>\n\n\n\n<li><strong>Entr\u00e9e :<\/strong> gratuite, dans l&rsquo;ordre d&rsquo;arriv\u00e9e<\/li>\n<\/ul>\n\n\n\n<h3 class=\"wp-block-heading\">Pourquoi y aller ?<\/h3>\n\n\n\n<p>Parce que c&rsquo;est une fa\u00e7on diff\u00e9rente de d\u00e9couvrir le Costa Rica de l&rsquo;int\u00e9rieur. C&rsquo;est-\u00e0-dire \u00e0 travers ses espaces culturels, ses voix artistiques et sa participation active au dialogue international. De passage ou pour une soir\u00e9e cin\u00e9ma, vivez le rythme du pays.<\/p>\n\n\n\n<h3 class=\"wp-block-heading has-white-color has-text-color has-link-color has-small-font-size wp-elements-fea8fd7a8861584fbac51947aae7aadb\">Barrio Am\u00f3n et Pr\u00e9ambule \u00ab Miradas : Ni fiction, ni documentaire \u00bb<\/h3>\n\n\n\n<p>Plus d&rsquo;informations et programme sur : <a class=\"\" href=\"https:\/\/instagram.com\/preambulocr\">@preambulocr<\/a><\/p>\n\n\n\n<p><strong>Sensorial Sunsets<\/strong><\/p>\n","protected":false},"excerpt":{"rendered":"<p>Pre\u00e1mbulo pr\u00e9sente \u00ab Miradas : Ni fiction, ni documentaire \u00bb, une exp\u00e9rience culturelle incontournable au c\u0153ur de San Jos\u00e9. Si vous \u00eates \u00e0 San Jos\u00e9 \u00e0 la mi-juillet et que vous cherchez une option diff\u00e9rente pour profiter de la ville, le Centre du cin\u00e9ma vous ouvre ses portes avec une proposition qui allie art, r\u00e9flexion [&hellip;]<\/p>\n","protected":false},"author":4,"featured_media":22412,"comment_status":"closed","ping_status":"closed","sticky":false,"template":"","format":"standard","meta":{"_acf_changed":false,"inline_featured_image":false,"_monsterinsights_skip_tracking":false,"_monsterinsights_sitenote_active":false,"_monsterinsights_sitenote_note":"","_monsterinsights_sitenote_category":0,"footnotes":""},"categories":[1],"tags":[],"class_list":["post-22417","post","type-post","status-publish","format-standard","has-post-thumbnail","hentry","category-non-classifiee"],"acf":[],"yoast_head":"<!-- This site is optimized with the Yoast SEO plugin v27.4 - https:\/\/yoast.com\/product\/yoast-seo-wordpress\/ -->\n<title>Barrio Am\u00f3n : cin\u00e9ma gratuit, histoire et regard critique<\/title>\n<meta name=\"description\" content=\"Barrio Am\u00f3n devient un d\u00e9cor de cin\u00e9ma avec \u00ab Miradas : Ni fiction, ni documentaire \u00bb, un cycle gratuit au Centre du cin\u00e9ma.\" \/>\n<meta name=\"robots\" content=\"index, follow, max-snippet:-1, max-image-preview:large, max-video-preview:-1\" \/>\n<link rel=\"canonical\" href=\"https:\/\/www.sensorialsunsets.com\/fr\/barrio-amon-cinema-gratuit-histoire-et-regard-critique\/\" \/>\n<meta property=\"og:locale\" content=\"fr_FR\" \/>\n<meta property=\"og:type\" content=\"article\" \/>\n<meta property=\"og:title\" content=\"Barrio Am\u00f3n : cin\u00e9ma gratuit, histoire et regard critique\" \/>\n<meta property=\"og:description\" content=\"Barrio Am\u00f3n devient un d\u00e9cor de cin\u00e9ma avec \u00ab Miradas : Ni fiction, ni documentaire \u00bb, un cycle gratuit au Centre du cin\u00e9ma.\" \/>\n<meta property=\"og:url\" content=\"https:\/\/www.sensorialsunsets.com\/fr\/barrio-amon-cinema-gratuit-histoire-et-regard-critique\/\" \/>\n<meta property=\"og:site_name\" content=\"SensorialSunsets\" \/>\n<meta property=\"article:publisher\" content=\"https:\/\/www.facebook.com\/Sensorial-Sunsets-109180614715562\" \/>\n<meta property=\"article:published_time\" content=\"2025-07-11T21:36:15+00:00\" \/>\n<meta property=\"og:image\" content=\"https:\/\/www.sensorialsunsets.com\/wp-content\/uploads\/2025\/07\/centro-de-cine.png\" \/>\n\t<meta property=\"og:image:width\" content=\"1280\" \/>\n\t<meta property=\"og:image:height\" content=\"530\" \/>\n\t<meta property=\"og:image:type\" content=\"image\/png\" \/>\n<meta name=\"author\" content=\"Sensorial Sunsets\" \/>\n<meta name=\"twitter:card\" content=\"summary_large_image\" \/>\n<meta name=\"twitter:label1\" content=\"\u00c9crit par\" \/>\n\t<meta name=\"twitter:data1\" content=\"Sensorial Sunsets\" \/>\n\t<meta name=\"twitter:label2\" content=\"Dur\u00e9e de lecture estim\u00e9e\" \/>\n\t<meta name=\"twitter:data2\" content=\"2 minutes\" \/>\n<script type=\"application\/ld+json\" class=\"yoast-schema-graph\">{\"@context\":\"https:\\\/\\\/schema.org\",\"@graph\":[{\"@type\":\"Article\",\"@id\":\"https:\\\/\\\/www.sensorialsunsets.com\\\/fr\\\/barrio-amon-cinema-gratuit-histoire-et-regard-critique\\\/#article\",\"isPartOf\":{\"@id\":\"https:\\\/\\\/www.sensorialsunsets.com\\\/fr\\\/barrio-amon-cinema-gratuit-histoire-et-regard-critique\\\/\"},\"author\":{\"name\":\"Sensorial Sunsets\",\"@id\":\"https:\\\/\\\/www.sensorialsunsets.com\\\/fr\\\/#\\\/schema\\\/person\\\/77e2fa594135aa94024c47e281d8a94d\"},\"headline\":\"Barrio Am\u00f3n : cin\u00e9ma gratuit, histoire et regard critique\",\"datePublished\":\"2025-07-11T21:36:15+00:00\",\"mainEntityOfPage\":{\"@id\":\"https:\\\/\\\/www.sensorialsunsets.com\\\/fr\\\/barrio-amon-cinema-gratuit-histoire-et-regard-critique\\\/\"},\"wordCount\":485,\"publisher\":{\"@id\":\"https:\\\/\\\/www.sensorialsunsets.com\\\/fr\\\/#organization\"},\"image\":{\"@id\":\"https:\\\/\\\/www.sensorialsunsets.com\\\/fr\\\/barrio-amon-cinema-gratuit-histoire-et-regard-critique\\\/#primaryimage\"},\"thumbnailUrl\":\"https:\\\/\\\/www.sensorialsunsets.com\\\/wp-content\\\/uploads\\\/2025\\\/07\\\/centro-de-cine.png\",\"articleSection\":[\"Non classifi\u00e9(e)\"],\"inLanguage\":\"fr-FR\"},{\"@type\":\"WebPage\",\"@id\":\"https:\\\/\\\/www.sensorialsunsets.com\\\/fr\\\/barrio-amon-cinema-gratuit-histoire-et-regard-critique\\\/\",\"url\":\"https:\\\/\\\/www.sensorialsunsets.com\\\/fr\\\/barrio-amon-cinema-gratuit-histoire-et-regard-critique\\\/\",\"name\":\"Barrio Am\u00f3n : cin\u00e9ma gratuit, histoire et regard critique\",\"isPartOf\":{\"@id\":\"https:\\\/\\\/www.sensorialsunsets.com\\\/fr\\\/#website\"},\"primaryImageOfPage\":{\"@id\":\"https:\\\/\\\/www.sensorialsunsets.com\\\/fr\\\/barrio-amon-cinema-gratuit-histoire-et-regard-critique\\\/#primaryimage\"},\"image\":{\"@id\":\"https:\\\/\\\/www.sensorialsunsets.com\\\/fr\\\/barrio-amon-cinema-gratuit-histoire-et-regard-critique\\\/#primaryimage\"},\"thumbnailUrl\":\"https:\\\/\\\/www.sensorialsunsets.com\\\/wp-content\\\/uploads\\\/2025\\\/07\\\/centro-de-cine.png\",\"datePublished\":\"2025-07-11T21:36:15+00:00\",\"description\":\"Barrio Am\u00f3n devient un d\u00e9cor de cin\u00e9ma avec \u00ab Miradas : Ni fiction, ni documentaire \u00bb, un cycle gratuit au Centre du cin\u00e9ma.\",\"inLanguage\":\"fr-FR\",\"potentialAction\":[{\"@type\":\"ReadAction\",\"target\":[\"https:\\\/\\\/www.sensorialsunsets.com\\\/fr\\\/barrio-amon-cinema-gratuit-histoire-et-regard-critique\\\/\"]}]},{\"@type\":\"ImageObject\",\"inLanguage\":\"fr-FR\",\"@id\":\"https:\\\/\\\/www.sensorialsunsets.com\\\/fr\\\/barrio-amon-cinema-gratuit-histoire-et-regard-critique\\\/#primaryimage\",\"url\":\"https:\\\/\\\/www.sensorialsunsets.com\\\/wp-content\\\/uploads\\\/2025\\\/07\\\/centro-de-cine.png\",\"contentUrl\":\"https:\\\/\\\/www.sensorialsunsets.com\\\/wp-content\\\/uploads\\\/2025\\\/07\\\/centro-de-cine.png\",\"width\":1280,\"height\":530},{\"@type\":\"WebSite\",\"@id\":\"https:\\\/\\\/www.sensorialsunsets.com\\\/fr\\\/#website\",\"url\":\"https:\\\/\\\/www.sensorialsunsets.com\\\/fr\\\/\",\"name\":\"SensorialSunsets.com\",\"description\":\"D\u00e9couvrez la culture et la soci\u00e9t\u00e9 du Costa Rica sur notre blog. Explorez des articles captivants et partagez le contenu.\",\"publisher\":{\"@id\":\"https:\\\/\\\/www.sensorialsunsets.com\\\/fr\\\/#organization\"},\"alternateName\":\"Costa Rica Live Blog\",\"potentialAction\":[{\"@type\":\"SearchAction\",\"target\":{\"@type\":\"EntryPoint\",\"urlTemplate\":\"https:\\\/\\\/www.sensorialsunsets.com\\\/fr\\\/?s={search_term_string}\"},\"query-input\":{\"@type\":\"PropertyValueSpecification\",\"valueRequired\":true,\"valueName\":\"search_term_string\"}}],\"inLanguage\":\"fr-FR\"},{\"@type\":\"Organization\",\"@id\":\"https:\\\/\\\/www.sensorialsunsets.com\\\/fr\\\/#organization\",\"name\":\"SensorialSunsets\",\"url\":\"https:\\\/\\\/www.sensorialsunsets.com\\\/fr\\\/\",\"logo\":{\"@type\":\"ImageObject\",\"inLanguage\":\"fr-FR\",\"@id\":\"https:\\\/\\\/www.sensorialsunsets.com\\\/fr\\\/#\\\/schema\\\/logo\\\/image\\\/\",\"url\":\"https:\\\/\\\/www.sensorialsunsets.com\\\/wp-content\\\/uploads\\\/2023\\\/04\\\/Logo_base_line_fond_clair.svg\",\"contentUrl\":\"https:\\\/\\\/www.sensorialsunsets.com\\\/wp-content\\\/uploads\\\/2023\\\/04\\\/Logo_base_line_fond_clair.svg\",\"width\":\"1024\",\"height\":\"1024\",\"caption\":\"SensorialSunsets\"},\"image\":{\"@id\":\"https:\\\/\\\/www.sensorialsunsets.com\\\/fr\\\/#\\\/schema\\\/logo\\\/image\\\/\"},\"sameAs\":[\"https:\\\/\\\/www.facebook.com\\\/Sensorial-Sunsets-109180614715562\",\"https:\\\/\\\/www.instagram.com\\\/sensorialsunsets\\\/\"]},{\"@type\":\"Person\",\"@id\":\"https:\\\/\\\/www.sensorialsunsets.com\\\/fr\\\/#\\\/schema\\\/person\\\/77e2fa594135aa94024c47e281d8a94d\",\"name\":\"Sensorial Sunsets\",\"image\":{\"@type\":\"ImageObject\",\"inLanguage\":\"fr-FR\",\"@id\":\"https:\\\/\\\/secure.gravatar.com\\\/avatar\\\/5f2d62681b1dad94c28f1500d4fc75582acdfd32b55fd1acce0a36a3c487eabe?s=96&d=mm&r=g\",\"url\":\"https:\\\/\\\/secure.gravatar.com\\\/avatar\\\/5f2d62681b1dad94c28f1500d4fc75582acdfd32b55fd1acce0a36a3c487eabe?s=96&d=mm&r=g\",\"contentUrl\":\"https:\\\/\\\/secure.gravatar.com\\\/avatar\\\/5f2d62681b1dad94c28f1500d4fc75582acdfd32b55fd1acce0a36a3c487eabe?s=96&d=mm&r=g\",\"caption\":\"Sensorial Sunsets\"},\"url\":\"https:\\\/\\\/www.sensorialsunsets.com\\\/fr\\\/author\\\/asistentes-sensorial-sunsets\\\/\"}]}<\/script>\n<!-- \/ Yoast SEO plugin. -->","yoast_head_json":{"title":"Barrio Am\u00f3n : cin\u00e9ma gratuit, histoire et regard critique","description":"Barrio Am\u00f3n devient un d\u00e9cor de cin\u00e9ma avec \u00ab Miradas : Ni fiction, ni documentaire \u00bb, un cycle gratuit au Centre du cin\u00e9ma.","robots":{"index":"index","follow":"follow","max-snippet":"max-snippet:-1","max-image-preview":"max-image-preview:large","max-video-preview":"max-video-preview:-1"},"canonical":"https:\/\/www.sensorialsunsets.com\/fr\/barrio-amon-cinema-gratuit-histoire-et-regard-critique\/","og_locale":"fr_FR","og_type":"article","og_title":"Barrio Am\u00f3n : cin\u00e9ma gratuit, histoire et regard critique","og_description":"Barrio Am\u00f3n devient un d\u00e9cor de cin\u00e9ma avec \u00ab Miradas : Ni fiction, ni documentaire \u00bb, un cycle gratuit au Centre du cin\u00e9ma.","og_url":"https:\/\/www.sensorialsunsets.com\/fr\/barrio-amon-cinema-gratuit-histoire-et-regard-critique\/","og_site_name":"SensorialSunsets","article_publisher":"https:\/\/www.facebook.com\/Sensorial-Sunsets-109180614715562","article_published_time":"2025-07-11T21:36:15+00:00","og_image":[{"width":1280,"height":530,"url":"https:\/\/www.sensorialsunsets.com\/wp-content\/uploads\/2025\/07\/centro-de-cine.png","type":"image\/png"}],"author":"Sensorial Sunsets","twitter_card":"summary_large_image","twitter_misc":{"\u00c9crit par":"Sensorial Sunsets","Dur\u00e9e de lecture estim\u00e9e":"2 minutes"},"schema":{"@context":"https:\/\/schema.org","@graph":[{"@type":"Article","@id":"https:\/\/www.sensorialsunsets.com\/fr\/barrio-amon-cinema-gratuit-histoire-et-regard-critique\/#article","isPartOf":{"@id":"https:\/\/www.sensorialsunsets.com\/fr\/barrio-amon-cinema-gratuit-histoire-et-regard-critique\/"},"author":{"name":"Sensorial Sunsets","@id":"https:\/\/www.sensorialsunsets.com\/fr\/#\/schema\/person\/77e2fa594135aa94024c47e281d8a94d"},"headline":"Barrio Am\u00f3n : cin\u00e9ma gratuit, histoire et regard critique","datePublished":"2025-07-11T21:36:15+00:00","mainEntityOfPage":{"@id":"https:\/\/www.sensorialsunsets.com\/fr\/barrio-amon-cinema-gratuit-histoire-et-regard-critique\/"},"wordCount":485,"publisher":{"@id":"https:\/\/www.sensorialsunsets.com\/fr\/#organization"},"image":{"@id":"https:\/\/www.sensorialsunsets.com\/fr\/barrio-amon-cinema-gratuit-histoire-et-regard-critique\/#primaryimage"},"thumbnailUrl":"https:\/\/www.sensorialsunsets.com\/wp-content\/uploads\/2025\/07\/centro-de-cine.png","articleSection":["Non classifi\u00e9(e)"],"inLanguage":"fr-FR"},{"@type":"WebPage","@id":"https:\/\/www.sensorialsunsets.com\/fr\/barrio-amon-cinema-gratuit-histoire-et-regard-critique\/","url":"https:\/\/www.sensorialsunsets.com\/fr\/barrio-amon-cinema-gratuit-histoire-et-regard-critique\/","name":"Barrio Am\u00f3n : cin\u00e9ma gratuit, histoire et regard critique","isPartOf":{"@id":"https:\/\/www.sensorialsunsets.com\/fr\/#website"},"primaryImageOfPage":{"@id":"https:\/\/www.sensorialsunsets.com\/fr\/barrio-amon-cinema-gratuit-histoire-et-regard-critique\/#primaryimage"},"image":{"@id":"https:\/\/www.sensorialsunsets.com\/fr\/barrio-amon-cinema-gratuit-histoire-et-regard-critique\/#primaryimage"},"thumbnailUrl":"https:\/\/www.sensorialsunsets.com\/wp-content\/uploads\/2025\/07\/centro-de-cine.png","datePublished":"2025-07-11T21:36:15+00:00","description":"Barrio Am\u00f3n devient un d\u00e9cor de cin\u00e9ma avec \u00ab Miradas : Ni fiction, ni documentaire \u00bb, un cycle gratuit au Centre du cin\u00e9ma.","inLanguage":"fr-FR","potentialAction":[{"@type":"ReadAction","target":["https:\/\/www.sensorialsunsets.com\/fr\/barrio-amon-cinema-gratuit-histoire-et-regard-critique\/"]}]},{"@type":"ImageObject","inLanguage":"fr-FR","@id":"https:\/\/www.sensorialsunsets.com\/fr\/barrio-amon-cinema-gratuit-histoire-et-regard-critique\/#primaryimage","url":"https:\/\/www.sensorialsunsets.com\/wp-content\/uploads\/2025\/07\/centro-de-cine.png","contentUrl":"https:\/\/www.sensorialsunsets.com\/wp-content\/uploads\/2025\/07\/centro-de-cine.png","width":1280,"height":530},{"@type":"WebSite","@id":"https:\/\/www.sensorialsunsets.com\/fr\/#website","url":"https:\/\/www.sensorialsunsets.com\/fr\/","name":"SensorialSunsets.com","description":"D\u00e9couvrez la culture et la soci\u00e9t\u00e9 du Costa Rica sur notre blog. Explorez des articles captivants et partagez le contenu.","publisher":{"@id":"https:\/\/www.sensorialsunsets.com\/fr\/#organization"},"alternateName":"Costa Rica Live Blog","potentialAction":[{"@type":"SearchAction","target":{"@type":"EntryPoint","urlTemplate":"https:\/\/www.sensorialsunsets.com\/fr\/?s={search_term_string}"},"query-input":{"@type":"PropertyValueSpecification","valueRequired":true,"valueName":"search_term_string"}}],"inLanguage":"fr-FR"},{"@type":"Organization","@id":"https:\/\/www.sensorialsunsets.com\/fr\/#organization","name":"SensorialSunsets","url":"https:\/\/www.sensorialsunsets.com\/fr\/","logo":{"@type":"ImageObject","inLanguage":"fr-FR","@id":"https:\/\/www.sensorialsunsets.com\/fr\/#\/schema\/logo\/image\/","url":"https:\/\/www.sensorialsunsets.com\/wp-content\/uploads\/2023\/04\/Logo_base_line_fond_clair.svg","contentUrl":"https:\/\/www.sensorialsunsets.com\/wp-content\/uploads\/2023\/04\/Logo_base_line_fond_clair.svg","width":"1024","height":"1024","caption":"SensorialSunsets"},"image":{"@id":"https:\/\/www.sensorialsunsets.com\/fr\/#\/schema\/logo\/image\/"},"sameAs":["https:\/\/www.facebook.com\/Sensorial-Sunsets-109180614715562","https:\/\/www.instagram.com\/sensorialsunsets\/"]},{"@type":"Person","@id":"https:\/\/www.sensorialsunsets.com\/fr\/#\/schema\/person\/77e2fa594135aa94024c47e281d8a94d","name":"Sensorial Sunsets","image":{"@type":"ImageObject","inLanguage":"fr-FR","@id":"https:\/\/secure.gravatar.com\/avatar\/5f2d62681b1dad94c28f1500d4fc75582acdfd32b55fd1acce0a36a3c487eabe?s=96&d=mm&r=g","url":"https:\/\/secure.gravatar.com\/avatar\/5f2d62681b1dad94c28f1500d4fc75582acdfd32b55fd1acce0a36a3c487eabe?s=96&d=mm&r=g","contentUrl":"https:\/\/secure.gravatar.com\/avatar\/5f2d62681b1dad94c28f1500d4fc75582acdfd32b55fd1acce0a36a3c487eabe?s=96&d=mm&r=g","caption":"Sensorial Sunsets"},"url":"https:\/\/www.sensorialsunsets.com\/fr\/author\/asistentes-sensorial-sunsets\/"}]}},"_links":{"self":[{"href":"https:\/\/www.sensorialsunsets.com\/fr\/wp-json\/wp\/v2\/posts\/22417","targetHints":{"allow":["GET"]}}],"collection":[{"href":"https:\/\/www.sensorialsunsets.com\/fr\/wp-json\/wp\/v2\/posts"}],"about":[{"href":"https:\/\/www.sensorialsunsets.com\/fr\/wp-json\/wp\/v2\/types\/post"}],"author":[{"embeddable":true,"href":"https:\/\/www.sensorialsunsets.com\/fr\/wp-json\/wp\/v2\/users\/4"}],"replies":[{"embeddable":true,"href":"https:\/\/www.sensorialsunsets.com\/fr\/wp-json\/wp\/v2\/comments?post=22417"}],"version-history":[{"count":2,"href":"https:\/\/www.sensorialsunsets.com\/fr\/wp-json\/wp\/v2\/posts\/22417\/revisions"}],"predecessor-version":[{"id":22419,"href":"https:\/\/www.sensorialsunsets.com\/fr\/wp-json\/wp\/v2\/posts\/22417\/revisions\/22419"}],"wp:featuredmedia":[{"embeddable":true,"href":"https:\/\/www.sensorialsunsets.com\/fr\/wp-json\/wp\/v2\/media\/22412"}],"wp:attachment":[{"href":"https:\/\/www.sensorialsunsets.com\/fr\/wp-json\/wp\/v2\/media?parent=22417"}],"wp:term":[{"taxonomy":"category","embeddable":true,"href":"https:\/\/www.sensorialsunsets.com\/fr\/wp-json\/wp\/v2\/categories?post=22417"},{"taxonomy":"post_tag","embeddable":true,"href":"https:\/\/www.sensorialsunsets.com\/fr\/wp-json\/wp\/v2\/tags?post=22417"}],"curies":[{"name":"wp","href":"https:\/\/api.w.org\/{rel}","templated":true}]}}