{"id":2245,"date":"2022-06-13T23:36:53","date_gmt":"2022-06-13T23:36:53","guid":{"rendered":"https:\/\/www.sensorialsunsets.com\/journee-internationale-des-tortues-marines\/"},"modified":"2022-06-20T23:00:30","modified_gmt":"2022-06-20T23:00:30","slug":"journee-internationale-des-tortues-marines","status":"publish","type":"post","link":"https:\/\/www.sensorialsunsets.com\/fr\/journee-internationale-des-tortues-marines\/","title":{"rendered":"Journ\u00e9e internationale des tortues marines"},"content":{"rendered":"\n<p>Le 16 juin marque la Journ\u00e9e internationale de la tortue de mer, une esp\u00e8ce menac\u00e9e qui est pr\u00e9sente sur notre plan\u00e8te depuis plus de 200 millions d&rsquo;ann\u00e9es.<\/p>\n\n<h2 class=\"wp-block-heading\">Origine de la date<\/h2>\n\n<p>Archie Carr, un d\u00e9fenseur de l&rsquo;environnement originaire de l&rsquo;Alabama, aux \u00c9tats-Unis, a lutt\u00e9 toute sa vie pour la conservation des tortues de mer. Son anniversaire a \u00e9t\u00e9 choisi pour c\u00e9l\u00e9brer ces ch\u00e9loniens lors de la Journ\u00e9e internationale des tortues de mer.<\/p>\n\n<h2 class=\"wp-block-heading\">Une esp\u00e8ce en voie d&rsquo;extinction<\/h2>\n\n<p>L&rsquo;UICN a class\u00e9 7 esp\u00e8ces de tortues de mer dans le monde comme \u00e9tant en danger. Cinq de ces esp\u00e8ces se trouvent au Costa Rica. La c\u00e9l\u00e9bration de la Journ\u00e9e internationale des tortues de mer permet de sensibiliser \u00e0 la n\u00e9cessit\u00e9 de prot\u00e9ger ces animaux.&#13;\nLes principaux dangers auxquels les tortues sont confront\u00e9es sont : la pollution des oc\u00e9ans, les d\u00e9chets plastiques et les ordures ; les changements de temp\u00e9rature des mers et des oc\u00e9ans, l&rsquo;utilisation de filets pour la p\u00eache durable dans lesquels elles sont pi\u00e9g\u00e9es et le braconnage et la chasse aveugle des tortues de mer pour vendre leur viande, leur carapace et leurs \u0153ufs sur le march\u00e9 ill\u00e9gal.<\/p>\n\n<figure class=\"wp-block-image size-large\"><img loading=\"lazy\" decoding=\"async\" width=\"1024\" height=\"768\" src=\"https:\/\/www.sensorialsunsets.com\/wp-content\/uploads\/2022\/06\/jeremy-bishop-7g5juwG5jrQ-unsplash-1024x768.jpg\" alt=\"tortue-marine-sensorial-sunsets\" class=\"wp-image-2243\" srcset=\"https:\/\/www.sensorialsunsets.com\/wp-content\/uploads\/2022\/06\/jeremy-bishop-7g5juwG5jrQ-unsplash-1024x768.jpg 1024w, https:\/\/www.sensorialsunsets.com\/wp-content\/uploads\/2022\/06\/jeremy-bishop-7g5juwG5jrQ-unsplash-300x225.jpg 300w, https:\/\/www.sensorialsunsets.com\/wp-content\/uploads\/2022\/06\/jeremy-bishop-7g5juwG5jrQ-unsplash-768x576.jpg 768w, https:\/\/www.sensorialsunsets.com\/wp-content\/uploads\/2022\/06\/jeremy-bishop-7g5juwG5jrQ-unsplash-1536x1152.jpg 1536w, https:\/\/www.sensorialsunsets.com\/wp-content\/uploads\/2022\/06\/jeremy-bishop-7g5juwG5jrQ-unsplash-2048x1536.jpg 2048w, https:\/\/www.sensorialsunsets.com\/wp-content\/uploads\/2022\/06\/jeremy-bishop-7g5juwG5jrQ-unsplash-1320x990.jpg 1320w\" sizes=\"auto, (max-width: 1024px) 100vw, 1024px\" \/><figcaption>Tortues marines<\/figcaption><\/figure>\n<h2 class=\"wp-block-heading\">Les esp\u00e8ces de tortues au Costa Rica<\/h2>\n\n<ul class=\"wp-block-list\"><li>Les tortues oliv\u00e2tres (Lepidochelys olivacea) sont connues pour leur nidification massive (\u00ab\u00a0arribadas\u00a0\u00bb) qui a lieu principalement dans le refuge national de faune d&rsquo;Ostional et \u00e0 Playa Nancite, sur la c\u00f4te Pacifique Nord du Costa Rica, ainsi que dans le sud de la p\u00e9ninsule d&rsquo;Osa. \u00c0 Ostional, quelque 100 000 femelles peuvent venir sur la plage pour pondre leurs \u0153ufs et c&rsquo;est un \u00e9v\u00e9nement impressionnant.<\/li><li>Les tortues vertes (Chelonia mydas) sont r\u00e9pertori\u00e9es par l&rsquo;UICN comme \u00e9tant en danger, et nichent principalement dans le parc national de Tortuguero, du c\u00f4t\u00e9 des Cara\u00efbes.<\/li><li>Les tortues luths (Dermochelys coriacea) sont des tortues g\u00e9antes, pesant jusqu&rsquo;\u00e0 2 000 livres et mesurant jusqu&rsquo;\u00e0 2 m\u00e8tres de long. Ils sont de grands migrateurs et sont class\u00e9s parmi les esp\u00e8ces menac\u00e9es. Leurs principales plages de nidification au Costa Rica se trouvent le long des c\u00f4tes des Cara\u00efbes et du Pacifique nord.<\/li><li>La tortue caret (Eretmochelys imbricata) est la plus difficile \u00e0 rep\u00e9rer et niche seule. Ses principaux sites de nidification au Costa Rica sont le parc national de Cahuita et le refuge national de Gandoca-Manzanillo sur la c\u00f4te sud des Cara\u00efbes.<\/li><\/ul>\n<h2 class=\"wp-block-heading\">En bref<\/h2>\n\n<ul class=\"wp-block-list\"><li>La date correspond \u00e0 la date de naissance de l&rsquo;\u00e9cologiste Archie Carr<\/li><li>Les tortues marines sont en voie d&rsquo;extinction<\/li><li>Au Costa Rica il y a 5 esp\u00e8ces de tortues marines<\/li><\/ul>\n<p><\/p>\n\n<p><strong>Auteure<\/strong>: M. Barrantes pour Sensorial Sunsets<\/p>\n\n<p><\/p>\n\n<h2 class=\"wp-block-heading\">Sources:<\/h2>\n\n<h2 class=\"wp-block-heading\">.<\/h2>\n\n<p><a href=\"https:\/\/galardonambiental.ucr.ac.cr\/noticias\/dia-mundial-de-las-tortugas-marinas-2021-fuente-noticias-medio-ambiente#:~:text=La%20conmemoraci%C3%B3n%20del%20D%C3%ADa%20Mundial,estos%20reptiles%20y%20se%20crearon\">https:\/\/galardonambiental.ucr.ac.cr\/noticias\/dia-mundial-de-las-tortugas-marinas-2021-fuente-noticias-medio-ambiente#:~:text=La%20conmemoraci%C3%B3n%20del%20D%C3%ADa%20Mundial,estos%20reptiles%20y%20se%20crearon<\/a><\/p>\n","protected":false},"excerpt":{"rendered":"<p>tortue-marine-costa-rica-sensorial-sunsets<\/p>\n","protected":false},"author":5,"featured_media":2240,"comment_status":"closed","ping_status":"closed","sticky":false,"template":"","format":"standard","meta":{"_acf_changed":false,"inline_featured_image":false,"_monsterinsights_skip_tracking":false,"_monsterinsights_sitenote_active":false,"_monsterinsights_sitenote_note":"","_monsterinsights_sitenote_category":0,"footnotes":""},"categories":[100,111],"tags":[],"class_list":["post-2245","post","type-post","status-publish","format-standard","has-post-thumbnail","hentry","category-costa-rica-fr","category-ecologie-fr"],"acf":[],"yoast_head":"<!-- This site is optimized with the Yoast SEO plugin v27.4 - https:\/\/yoast.com\/product\/yoast-seo-wordpress\/ -->\n<title>Journ\u00e9e internationale des tortues marines - SensorialSunsets<\/title>\n<meta name=\"description\" content=\"Le 16 juin est la Journ\u00e9e internationale des tortues marines. C&#039;est une date pour rappeler l&#039;importance de la protection de l&#039;environnement.\" \/>\n<meta name=\"robots\" content=\"index, follow, max-snippet:-1, max-image-preview:large, max-video-preview:-1\" \/>\n<link rel=\"canonical\" href=\"https:\/\/www.sensorialsunsets.com\/fr\/journee-internationale-des-tortues-marines\/\" \/>\n<meta property=\"og:locale\" content=\"fr_FR\" \/>\n<meta property=\"og:type\" content=\"article\" \/>\n<meta property=\"og:title\" content=\"Journ\u00e9e internationale des tortues marines - SensorialSunsets\" \/>\n<meta property=\"og:description\" content=\"Le 16 juin est la Journ\u00e9e internationale des tortues marines. C&#039;est une date pour rappeler l&#039;importance de la protection de l&#039;environnement.\" \/>\n<meta property=\"og:url\" content=\"https:\/\/www.sensorialsunsets.com\/fr\/journee-internationale-des-tortues-marines\/\" \/>\n<meta property=\"og:site_name\" content=\"SensorialSunsets\" \/>\n<meta property=\"article:publisher\" content=\"https:\/\/www.facebook.com\/Sensorial-Sunsets-109180614715562\" \/>\n<meta property=\"article:published_time\" content=\"2022-06-13T23:36:53+00:00\" \/>\n<meta property=\"article:modified_time\" content=\"2022-06-20T23:00:30+00:00\" \/>\n<meta property=\"og:image\" content=\"https:\/\/www.sensorialsunsets.com\/wp-content\/uploads\/2022\/06\/marcos-paulo-prado-pYW7Qmvro7A-unsplash-scaled.jpg\" \/>\n\t<meta property=\"og:image:width\" content=\"2560\" \/>\n\t<meta property=\"og:image:height\" content=\"1706\" \/>\n\t<meta property=\"og:image:type\" content=\"image\/jpeg\" \/>\n<meta name=\"author\" content=\"Marian Barrantes\" \/>\n<meta name=\"twitter:card\" content=\"summary_large_image\" \/>\n<meta name=\"twitter:label1\" content=\"\u00c9crit par\" \/>\n\t<meta name=\"twitter:data1\" content=\"Marian Barrantes\" \/>\n\t<meta name=\"twitter:label2\" content=\"Dur\u00e9e de lecture estim\u00e9e\" \/>\n\t<meta name=\"twitter:data2\" content=\"2 minutes\" \/>\n<script type=\"application\/ld+json\" class=\"yoast-schema-graph\">{\"@context\":\"https:\\\/\\\/schema.org\",\"@graph\":[{\"@type\":\"Article\",\"@id\":\"https:\\\/\\\/www.sensorialsunsets.com\\\/fr\\\/journee-internationale-des-tortues-marines\\\/#article\",\"isPartOf\":{\"@id\":\"https:\\\/\\\/www.sensorialsunsets.com\\\/fr\\\/journee-internationale-des-tortues-marines\\\/\"},\"author\":{\"name\":\"Marian Barrantes\",\"@id\":\"https:\\\/\\\/www.sensorialsunsets.com\\\/fr\\\/#\\\/schema\\\/person\\\/a8336a4dbeee633f087a194db2ca482f\"},\"headline\":\"Journ\u00e9e internationale des tortues marines\",\"datePublished\":\"2022-06-13T23:36:53+00:00\",\"dateModified\":\"2022-06-20T23:00:30+00:00\",\"mainEntityOfPage\":{\"@id\":\"https:\\\/\\\/www.sensorialsunsets.com\\\/fr\\\/journee-internationale-des-tortues-marines\\\/\"},\"wordCount\":493,\"publisher\":{\"@id\":\"https:\\\/\\\/www.sensorialsunsets.com\\\/fr\\\/#organization\"},\"image\":{\"@id\":\"https:\\\/\\\/www.sensorialsunsets.com\\\/fr\\\/journee-internationale-des-tortues-marines\\\/#primaryimage\"},\"thumbnailUrl\":\"https:\\\/\\\/www.sensorialsunsets.com\\\/wp-content\\\/uploads\\\/2022\\\/06\\\/marcos-paulo-prado-pYW7Qmvro7A-unsplash-scaled.jpg\",\"articleSection\":[\"Costa Rica\",\"Ecologie\"],\"inLanguage\":\"fr-FR\"},{\"@type\":\"WebPage\",\"@id\":\"https:\\\/\\\/www.sensorialsunsets.com\\\/fr\\\/journee-internationale-des-tortues-marines\\\/\",\"url\":\"https:\\\/\\\/www.sensorialsunsets.com\\\/fr\\\/journee-internationale-des-tortues-marines\\\/\",\"name\":\"Journ\u00e9e internationale des tortues marines - SensorialSunsets\",\"isPartOf\":{\"@id\":\"https:\\\/\\\/www.sensorialsunsets.com\\\/fr\\\/#website\"},\"primaryImageOfPage\":{\"@id\":\"https:\\\/\\\/www.sensorialsunsets.com\\\/fr\\\/journee-internationale-des-tortues-marines\\\/#primaryimage\"},\"image\":{\"@id\":\"https:\\\/\\\/www.sensorialsunsets.com\\\/fr\\\/journee-internationale-des-tortues-marines\\\/#primaryimage\"},\"thumbnailUrl\":\"https:\\\/\\\/www.sensorialsunsets.com\\\/wp-content\\\/uploads\\\/2022\\\/06\\\/marcos-paulo-prado-pYW7Qmvro7A-unsplash-scaled.jpg\",\"datePublished\":\"2022-06-13T23:36:53+00:00\",\"dateModified\":\"2022-06-20T23:00:30+00:00\",\"description\":\"Le 16 juin est la Journ\u00e9e internationale des tortues marines. C'est une date pour rappeler l'importance de la protection de l'environnement.\",\"inLanguage\":\"fr-FR\",\"potentialAction\":[{\"@type\":\"ReadAction\",\"target\":[\"https:\\\/\\\/www.sensorialsunsets.com\\\/fr\\\/journee-internationale-des-tortues-marines\\\/\"]}]},{\"@type\":\"ImageObject\",\"inLanguage\":\"fr-FR\",\"@id\":\"https:\\\/\\\/www.sensorialsunsets.com\\\/fr\\\/journee-internationale-des-tortues-marines\\\/#primaryimage\",\"url\":\"https:\\\/\\\/www.sensorialsunsets.com\\\/wp-content\\\/uploads\\\/2022\\\/06\\\/marcos-paulo-prado-pYW7Qmvro7A-unsplash-scaled.jpg\",\"contentUrl\":\"https:\\\/\\\/www.sensorialsunsets.com\\\/wp-content\\\/uploads\\\/2022\\\/06\\\/marcos-paulo-prado-pYW7Qmvro7A-unsplash-scaled.jpg\",\"width\":2560,\"height\":1706},{\"@type\":\"WebSite\",\"@id\":\"https:\\\/\\\/www.sensorialsunsets.com\\\/fr\\\/#website\",\"url\":\"https:\\\/\\\/www.sensorialsunsets.com\\\/fr\\\/\",\"name\":\"SensorialSunsets.com\",\"description\":\"D\u00e9couvrez la culture et la soci\u00e9t\u00e9 du Costa Rica sur notre blog. Explorez des articles captivants et partagez le contenu.\",\"publisher\":{\"@id\":\"https:\\\/\\\/www.sensorialsunsets.com\\\/fr\\\/#organization\"},\"alternateName\":\"Costa Rica Live Blog\",\"potentialAction\":[{\"@type\":\"SearchAction\",\"target\":{\"@type\":\"EntryPoint\",\"urlTemplate\":\"https:\\\/\\\/www.sensorialsunsets.com\\\/fr\\\/?s={search_term_string}\"},\"query-input\":{\"@type\":\"PropertyValueSpecification\",\"valueRequired\":true,\"valueName\":\"search_term_string\"}}],\"inLanguage\":\"fr-FR\"},{\"@type\":\"Organization\",\"@id\":\"https:\\\/\\\/www.sensorialsunsets.com\\\/fr\\\/#organization\",\"name\":\"SensorialSunsets\",\"url\":\"https:\\\/\\\/www.sensorialsunsets.com\\\/fr\\\/\",\"logo\":{\"@type\":\"ImageObject\",\"inLanguage\":\"fr-FR\",\"@id\":\"https:\\\/\\\/www.sensorialsunsets.com\\\/fr\\\/#\\\/schema\\\/logo\\\/image\\\/\",\"url\":\"https:\\\/\\\/www.sensorialsunsets.com\\\/wp-content\\\/uploads\\\/2023\\\/04\\\/Logo_base_line_fond_clair.svg\",\"contentUrl\":\"https:\\\/\\\/www.sensorialsunsets.com\\\/wp-content\\\/uploads\\\/2023\\\/04\\\/Logo_base_line_fond_clair.svg\",\"width\":\"1024\",\"height\":\"1024\",\"caption\":\"SensorialSunsets\"},\"image\":{\"@id\":\"https:\\\/\\\/www.sensorialsunsets.com\\\/fr\\\/#\\\/schema\\\/logo\\\/image\\\/\"},\"sameAs\":[\"https:\\\/\\\/www.facebook.com\\\/Sensorial-Sunsets-109180614715562\",\"https:\\\/\\\/www.instagram.com\\\/sensorialsunsets\\\/\"]},{\"@type\":\"Person\",\"@id\":\"https:\\\/\\\/www.sensorialsunsets.com\\\/fr\\\/#\\\/schema\\\/person\\\/a8336a4dbeee633f087a194db2ca482f\",\"name\":\"Marian Barrantes\",\"image\":{\"@type\":\"ImageObject\",\"inLanguage\":\"fr-FR\",\"@id\":\"https:\\\/\\\/secure.gravatar.com\\\/avatar\\\/fafbfab67eb28029818d03f44e3037bd798e04434d8d5c0cfc2eea8ec2882a22?s=96&d=mm&r=g\",\"url\":\"https:\\\/\\\/secure.gravatar.com\\\/avatar\\\/fafbfab67eb28029818d03f44e3037bd798e04434d8d5c0cfc2eea8ec2882a22?s=96&d=mm&r=g\",\"contentUrl\":\"https:\\\/\\\/secure.gravatar.com\\\/avatar\\\/fafbfab67eb28029818d03f44e3037bd798e04434d8d5c0cfc2eea8ec2882a22?s=96&d=mm&r=g\",\"caption\":\"Marian Barrantes\"},\"sameAs\":[\"https:\\\/\\\/www.sensorialsunsets.com\"],\"url\":\"https:\\\/\\\/www.sensorialsunsets.com\\\/fr\\\/author\\\/mbarrantes\\\/\"}]}<\/script>\n<!-- \/ Yoast SEO plugin. -->","yoast_head_json":{"title":"Journ\u00e9e internationale des tortues marines - SensorialSunsets","description":"Le 16 juin est la Journ\u00e9e internationale des tortues marines. C'est une date pour rappeler l'importance de la protection de l'environnement.","robots":{"index":"index","follow":"follow","max-snippet":"max-snippet:-1","max-image-preview":"max-image-preview:large","max-video-preview":"max-video-preview:-1"},"canonical":"https:\/\/www.sensorialsunsets.com\/fr\/journee-internationale-des-tortues-marines\/","og_locale":"fr_FR","og_type":"article","og_title":"Journ\u00e9e internationale des tortues marines - SensorialSunsets","og_description":"Le 16 juin est la Journ\u00e9e internationale des tortues marines. C'est une date pour rappeler l'importance de la protection de l'environnement.","og_url":"https:\/\/www.sensorialsunsets.com\/fr\/journee-internationale-des-tortues-marines\/","og_site_name":"SensorialSunsets","article_publisher":"https:\/\/www.facebook.com\/Sensorial-Sunsets-109180614715562","article_published_time":"2022-06-13T23:36:53+00:00","article_modified_time":"2022-06-20T23:00:30+00:00","og_image":[{"width":2560,"height":1706,"url":"https:\/\/www.sensorialsunsets.com\/wp-content\/uploads\/2022\/06\/marcos-paulo-prado-pYW7Qmvro7A-unsplash-scaled.jpg","type":"image\/jpeg"}],"author":"Marian Barrantes","twitter_card":"summary_large_image","twitter_misc":{"\u00c9crit par":"Marian Barrantes","Dur\u00e9e de lecture estim\u00e9e":"2 minutes"},"schema":{"@context":"https:\/\/schema.org","@graph":[{"@type":"Article","@id":"https:\/\/www.sensorialsunsets.com\/fr\/journee-internationale-des-tortues-marines\/#article","isPartOf":{"@id":"https:\/\/www.sensorialsunsets.com\/fr\/journee-internationale-des-tortues-marines\/"},"author":{"name":"Marian Barrantes","@id":"https:\/\/www.sensorialsunsets.com\/fr\/#\/schema\/person\/a8336a4dbeee633f087a194db2ca482f"},"headline":"Journ\u00e9e internationale des tortues marines","datePublished":"2022-06-13T23:36:53+00:00","dateModified":"2022-06-20T23:00:30+00:00","mainEntityOfPage":{"@id":"https:\/\/www.sensorialsunsets.com\/fr\/journee-internationale-des-tortues-marines\/"},"wordCount":493,"publisher":{"@id":"https:\/\/www.sensorialsunsets.com\/fr\/#organization"},"image":{"@id":"https:\/\/www.sensorialsunsets.com\/fr\/journee-internationale-des-tortues-marines\/#primaryimage"},"thumbnailUrl":"https:\/\/www.sensorialsunsets.com\/wp-content\/uploads\/2022\/06\/marcos-paulo-prado-pYW7Qmvro7A-unsplash-scaled.jpg","articleSection":["Costa Rica","Ecologie"],"inLanguage":"fr-FR"},{"@type":"WebPage","@id":"https:\/\/www.sensorialsunsets.com\/fr\/journee-internationale-des-tortues-marines\/","url":"https:\/\/www.sensorialsunsets.com\/fr\/journee-internationale-des-tortues-marines\/","name":"Journ\u00e9e internationale des tortues marines - SensorialSunsets","isPartOf":{"@id":"https:\/\/www.sensorialsunsets.com\/fr\/#website"},"primaryImageOfPage":{"@id":"https:\/\/www.sensorialsunsets.com\/fr\/journee-internationale-des-tortues-marines\/#primaryimage"},"image":{"@id":"https:\/\/www.sensorialsunsets.com\/fr\/journee-internationale-des-tortues-marines\/#primaryimage"},"thumbnailUrl":"https:\/\/www.sensorialsunsets.com\/wp-content\/uploads\/2022\/06\/marcos-paulo-prado-pYW7Qmvro7A-unsplash-scaled.jpg","datePublished":"2022-06-13T23:36:53+00:00","dateModified":"2022-06-20T23:00:30+00:00","description":"Le 16 juin est la Journ\u00e9e internationale des tortues marines. C'est une date pour rappeler l'importance de la protection de l'environnement.","inLanguage":"fr-FR","potentialAction":[{"@type":"ReadAction","target":["https:\/\/www.sensorialsunsets.com\/fr\/journee-internationale-des-tortues-marines\/"]}]},{"@type":"ImageObject","inLanguage":"fr-FR","@id":"https:\/\/www.sensorialsunsets.com\/fr\/journee-internationale-des-tortues-marines\/#primaryimage","url":"https:\/\/www.sensorialsunsets.com\/wp-content\/uploads\/2022\/06\/marcos-paulo-prado-pYW7Qmvro7A-unsplash-scaled.jpg","contentUrl":"https:\/\/www.sensorialsunsets.com\/wp-content\/uploads\/2022\/06\/marcos-paulo-prado-pYW7Qmvro7A-unsplash-scaled.jpg","width":2560,"height":1706},{"@type":"WebSite","@id":"https:\/\/www.sensorialsunsets.com\/fr\/#website","url":"https:\/\/www.sensorialsunsets.com\/fr\/","name":"SensorialSunsets.com","description":"D\u00e9couvrez la culture et la soci\u00e9t\u00e9 du Costa Rica sur notre blog. Explorez des articles captivants et partagez le contenu.","publisher":{"@id":"https:\/\/www.sensorialsunsets.com\/fr\/#organization"},"alternateName":"Costa Rica Live Blog","potentialAction":[{"@type":"SearchAction","target":{"@type":"EntryPoint","urlTemplate":"https:\/\/www.sensorialsunsets.com\/fr\/?s={search_term_string}"},"query-input":{"@type":"PropertyValueSpecification","valueRequired":true,"valueName":"search_term_string"}}],"inLanguage":"fr-FR"},{"@type":"Organization","@id":"https:\/\/www.sensorialsunsets.com\/fr\/#organization","name":"SensorialSunsets","url":"https:\/\/www.sensorialsunsets.com\/fr\/","logo":{"@type":"ImageObject","inLanguage":"fr-FR","@id":"https:\/\/www.sensorialsunsets.com\/fr\/#\/schema\/logo\/image\/","url":"https:\/\/www.sensorialsunsets.com\/wp-content\/uploads\/2023\/04\/Logo_base_line_fond_clair.svg","contentUrl":"https:\/\/www.sensorialsunsets.com\/wp-content\/uploads\/2023\/04\/Logo_base_line_fond_clair.svg","width":"1024","height":"1024","caption":"SensorialSunsets"},"image":{"@id":"https:\/\/www.sensorialsunsets.com\/fr\/#\/schema\/logo\/image\/"},"sameAs":["https:\/\/www.facebook.com\/Sensorial-Sunsets-109180614715562","https:\/\/www.instagram.com\/sensorialsunsets\/"]},{"@type":"Person","@id":"https:\/\/www.sensorialsunsets.com\/fr\/#\/schema\/person\/a8336a4dbeee633f087a194db2ca482f","name":"Marian Barrantes","image":{"@type":"ImageObject","inLanguage":"fr-FR","@id":"https:\/\/secure.gravatar.com\/avatar\/fafbfab67eb28029818d03f44e3037bd798e04434d8d5c0cfc2eea8ec2882a22?s=96&d=mm&r=g","url":"https:\/\/secure.gravatar.com\/avatar\/fafbfab67eb28029818d03f44e3037bd798e04434d8d5c0cfc2eea8ec2882a22?s=96&d=mm&r=g","contentUrl":"https:\/\/secure.gravatar.com\/avatar\/fafbfab67eb28029818d03f44e3037bd798e04434d8d5c0cfc2eea8ec2882a22?s=96&d=mm&r=g","caption":"Marian Barrantes"},"sameAs":["https:\/\/www.sensorialsunsets.com"],"url":"https:\/\/www.sensorialsunsets.com\/fr\/author\/mbarrantes\/"}]}},"_links":{"self":[{"href":"https:\/\/www.sensorialsunsets.com\/fr\/wp-json\/wp\/v2\/posts\/2245","targetHints":{"allow":["GET"]}}],"collection":[{"href":"https:\/\/www.sensorialsunsets.com\/fr\/wp-json\/wp\/v2\/posts"}],"about":[{"href":"https:\/\/www.sensorialsunsets.com\/fr\/wp-json\/wp\/v2\/types\/post"}],"author":[{"embeddable":true,"href":"https:\/\/www.sensorialsunsets.com\/fr\/wp-json\/wp\/v2\/users\/5"}],"replies":[{"embeddable":true,"href":"https:\/\/www.sensorialsunsets.com\/fr\/wp-json\/wp\/v2\/comments?post=2245"}],"version-history":[{"count":0,"href":"https:\/\/www.sensorialsunsets.com\/fr\/wp-json\/wp\/v2\/posts\/2245\/revisions"}],"wp:featuredmedia":[{"embeddable":true,"href":"https:\/\/www.sensorialsunsets.com\/fr\/wp-json\/wp\/v2\/media\/2240"}],"wp:attachment":[{"href":"https:\/\/www.sensorialsunsets.com\/fr\/wp-json\/wp\/v2\/media?parent=2245"}],"wp:term":[{"taxonomy":"category","embeddable":true,"href":"https:\/\/www.sensorialsunsets.com\/fr\/wp-json\/wp\/v2\/categories?post=2245"},{"taxonomy":"post_tag","embeddable":true,"href":"https:\/\/www.sensorialsunsets.com\/fr\/wp-json\/wp\/v2\/tags?post=2245"}],"curies":[{"name":"wp","href":"https:\/\/api.w.org\/{rel}","templated":true}]}}