{"id":22606,"date":"2025-08-08T00:31:27","date_gmt":"2025-08-08T06:31:27","guid":{"rendered":"https:\/\/www.sensorialsunsets.com\/?p=22606"},"modified":"2025-08-08T00:31:27","modified_gmt":"2025-08-08T06:31:27","slug":"bahia-santa-elena-laboratoire-naturel-pour-la-recherche-marine","status":"publish","type":"post","link":"https:\/\/www.sensorialsunsets.com\/fr\/bahia-santa-elena-laboratoire-naturel-pour-la-recherche-marine\/","title":{"rendered":"Bah\u00eda Santa Elena : laboratoire naturel pour la recherche marine"},"content":{"rendered":"\n<p>Bah\u00eda Santa Elena est l&rsquo;une des zones marines les mieux pr\u00e9serv\u00e9es du Costa Rica, reconnue pour sa richesse biologique, sa beaut\u00e9 pittoresque et son importance \u00e9cologique majeure. Elle fait partie de la zone marine prot\u00e9g\u00e9e Bah\u00eda Santa Elena, un espace de conservation qui prot\u00e8ge des \u00e9cosyst\u00e8mes cl\u00e9s tels que les r\u00e9cifs rocheux, les mangroves et les zones d&rsquo;alimentation de diverses esp\u00e8ces marines, notamment les requins et les raies.<\/p>\n\n<p>Situ\u00e9e dans le Pacifique Nord, dans la zone de conservation de Guanacaste (ACG), la baie a r\u00e9cemment \u00e9t\u00e9 le point de d\u00e9part d&rsquo;une nouvelle exp\u00e9dition scientifique men\u00e9e par les chercheurs europ\u00e9ens Jonathan Goldenberg et Bastiaan Star, de l&rsquo;universit\u00e9 d&rsquo;Oslo (Norv\u00e8ge), en collaboration avec le Dr Mario Espinoza, du Centre de recherche en sciences marines et limnologie (CIMAR) de l&rsquo;Universit\u00e9 du Costa Rica (UCR).<\/p>\n\n<div style=\"height:100px\" aria-hidden=\"true\" class=\"wp-block-spacer\"><\/div>\n\n<figure class=\"wp-block-gallery has-nested-images columns-default is-cropped wp-block-gallery-1 is-layout-flex wp-block-gallery-is-layout-flex\">\n<figure class=\"wp-block-image size-large\"><img loading=\"lazy\" decoding=\"async\" width=\"1024\" height=\"576\" data-id=\"22594\" src=\"https:\/\/www.sensorialsunsets.com\/wp-content\/uploads\/2025\/08\/211020-tiburon-estudio-ucr-min-1024x576.png\" alt=\"Bah&#xED;a Santa Elena\" class=\"wp-image-22594\" srcset=\"https:\/\/www.sensorialsunsets.com\/wp-content\/uploads\/2025\/08\/211020-tiburon-estudio-ucr-min-1024x576.png 1024w, https:\/\/www.sensorialsunsets.com\/wp-content\/uploads\/2025\/08\/211020-tiburon-estudio-ucr-min-300x169.png 300w, https:\/\/www.sensorialsunsets.com\/wp-content\/uploads\/2025\/08\/211020-tiburon-estudio-ucr-min-768x432.png 768w, https:\/\/www.sensorialsunsets.com\/wp-content\/uploads\/2025\/08\/211020-tiburon-estudio-ucr-min-1536x864.png 1536w, https:\/\/www.sensorialsunsets.com\/wp-content\/uploads\/2025\/08\/211020-tiburon-estudio-ucr-min-1320x743.png 1320w, https:\/\/www.sensorialsunsets.com\/wp-content\/uploads\/2025\/08\/211020-tiburon-estudio-ucr-min.png 1920w\" sizes=\"auto, (max-width: 1024px) 100vw, 1024px\" \/><\/figure>\n\n\n\n<figure class=\"wp-block-image size-large\"><img loading=\"lazy\" decoding=\"async\" width=\"1024\" height=\"691\" data-id=\"22591\" src=\"https:\/\/www.sensorialsunsets.com\/wp-content\/uploads\/2025\/08\/tiburon-tigre45f8f4b60584a15f98392a45f9e-1024x691.jpg\" alt=\"Bah&#xED;a Santa Elena\" class=\"wp-image-22591\" srcset=\"https:\/\/www.sensorialsunsets.com\/wp-content\/uploads\/2025\/08\/tiburon-tigre45f8f4b60584a15f98392a45f9e-1024x691.jpg 1024w, https:\/\/www.sensorialsunsets.com\/wp-content\/uploads\/2025\/08\/tiburon-tigre45f8f4b60584a15f98392a45f9e-300x203.jpg 300w, https:\/\/www.sensorialsunsets.com\/wp-content\/uploads\/2025\/08\/tiburon-tigre45f8f4b60584a15f98392a45f9e-768x518.jpg 768w, https:\/\/www.sensorialsunsets.com\/wp-content\/uploads\/2025\/08\/tiburon-tigre45f8f4b60584a15f98392a45f9e-1536x1037.jpg 1536w, https:\/\/www.sensorialsunsets.com\/wp-content\/uploads\/2025\/08\/tiburon-tigre45f8f4b60584a15f98392a45f9e-1320x891.jpg 1320w, https:\/\/www.sensorialsunsets.com\/wp-content\/uploads\/2025\/08\/tiburon-tigre45f8f4b60584a15f98392a45f9e.jpg 1600w\" sizes=\"auto, (max-width: 1024px) 100vw, 1024px\" \/><\/figure>\n\n\n\n<figure class=\"wp-block-image size-large\"><img loading=\"lazy\" decoding=\"async\" width=\"1024\" height=\"576\" data-id=\"22597\" src=\"https:\/\/www.sensorialsunsets.com\/wp-content\/uploads\/2025\/08\/vlcsnap-2022-04-07-17h54m59s166-1024x576-1.png\" alt=\"Bah&#xED;a Santa Elena\" class=\"wp-image-22597\" srcset=\"https:\/\/www.sensorialsunsets.com\/wp-content\/uploads\/2025\/08\/vlcsnap-2022-04-07-17h54m59s166-1024x576-1.png 1024w, https:\/\/www.sensorialsunsets.com\/wp-content\/uploads\/2025\/08\/vlcsnap-2022-04-07-17h54m59s166-1024x576-1-300x169.png 300w, https:\/\/www.sensorialsunsets.com\/wp-content\/uploads\/2025\/08\/vlcsnap-2022-04-07-17h54m59s166-1024x576-1-768x432.png 768w\" sizes=\"auto, (max-width: 1024px) 100vw, 1024px\" \/><\/figure>\n<\/figure>\n\n<div style=\"height:100px\" aria-hidden=\"true\" class=\"wp-block-spacer\"><\/div>\n\n<p>L&rsquo;ACG s&rsquo;impose ainsi comme un v\u00e9ritable laboratoire vivant pour la science, accueillant des recherches \u00e0 fort impact qui cherchent \u00e0 r\u00e9pondre \u00e0 des questions cl\u00e9s sur la sant\u00e9 de la plan\u00e8te.<\/p>\n\n<h3 class=\"wp-block-heading\">Projet SHARKSense : la peau comme indicateur environnemental<\/h3>\n\n<p>Cette r\u00e9cente exp\u00e9dition s&rsquo;inscrit dans le cadre du projet international innovant <strong>SHARKSense<\/strong>, qui vise \u00e0 d\u00e9terminer si la coloration de la peau des requins et des raies pourrait servir de bioindicateur naturel de la pollution environnementale. L&rsquo;hypoth\u00e8se centrale est que la m\u00e9lanine, pigment responsable de la coloration fonc\u00e9e, peut se lier aux m\u00e9taux lourds pr\u00e9sents dans le milieu marin.<\/p>\n\n<p>En tant que pr\u00e9dateurs au sommet de la cha\u00eene alimentaire, les requins peuvent accumuler ces contaminants tout au long de leur vie. Les changements de pigmentation pourraient donc \u00eatre directement li\u00e9s \u00e0 leur exposition \u00e0 ces compos\u00e9s toxiques.<\/p>\n\n<figure class=\"wp-block-embed is-type-video is-provider-youtube wp-block-embed-youtube wp-embed-aspect-4-3 wp-has-aspect-ratio\"><div class=\"wp-block-embed__wrapper\">\r\n<iframe loading=\"lazy\" title=\"Expedici\u00f3n del proyecto internacional SHARKSense-CIMAR UCR\" width=\"900\" height=\"675\" src=\"https:\/\/www.youtube.com\/embed\/BP7mlsdBLAg?feature=oembed\" frameborder=\"0\" allow=\"accelerometer; autoplay; clipboard-write; encrypted-media; gyroscope; picture-in-picture; web-share\" referrerpolicy=\"strict-origin-when-cross-origin\" allowfullscreen><\/iframe>\r\n<\/div><\/figure><br>\n\n<p>SHARKSense cherche \u00e0 d\u00e9terminer si la pollution influence l&rsquo;\u00e9volution des individus \u00e0 la peau plus fonc\u00e9e, \u00e0 travers des \u00e9tudes comparatives men\u00e9es dans diff\u00e9rentes r\u00e9gions du monde, dont le Costa Rica.<\/p>\n\n<h3 class=\"wp-block-heading\">Expansion de la recherche dans les eaux nationales<\/h3>\n\n<p>Entre 2025 et 2026, la collecte de donn\u00e9es dans les eaux nationales sera \u00e9largie, ce qui permettra d&rsquo;approfondir les connaissances sur la biodiversit\u00e9 marine du pays et de fournir des informations pr\u00e9cieuses pour la conservation et la gestion des \u00e9cosyst\u00e8mes marins.<\/p>\n\n<p>L&rsquo;ACG est un laboratoire vivant pour des \u00e9tudes pionni\u00e8res sur la pollution et les requins dans la <a href=\"https:\/\/www.acguanacaste.ac.cr\/biodesarrollo\/programa-sectores\/area-marina-de-manejo-bahia-santa-elena\">zone marine prot\u00e9g\u00e9e de Bah\u00eda Santa Elena<\/a>.<\/p>\n\n<p>Chaque exp\u00e9dition r\u00e9affirme le r\u00f4le de l&rsquo;ACG en tant que plateforme naturelle pour la recherche scientifique, essentielle pour comprendre et prot\u00e9ger la biodiversit\u00e9 sur une plan\u00e8te de plus en plus menac\u00e9e. La collaboration entre les chercheurs internationaux et les scientifiques costariciens, comme l&rsquo;\u00e9quipe du CIMAR-UCR, est essentielle pour la conservation marine et pour garantir l&rsquo;avenir de ces \u00e9cosyst\u00e8mes uniques.<\/p>\n\n<p><strong>Sensorial Sunsets<\/strong><\/p>\n","protected":false},"excerpt":{"rendered":"<p>Bah\u00eda Santa Elena est l&rsquo;une des zones marines les mieux pr\u00e9serv\u00e9es du Costa Rica, reconnue pour sa richesse biologique, sa beaut\u00e9 pittoresque et son importance \u00e9cologique majeure. Elle fait partie de la zone marine prot\u00e9g\u00e9e Bah\u00eda Santa Elena, un espace de conservation qui prot\u00e8ge des \u00e9cosyst\u00e8mes cl\u00e9s tels que les r\u00e9cifs rocheux, les mangroves et [&hellip;]<\/p>\n","protected":false},"author":4,"featured_media":22602,"comment_status":"closed","ping_status":"closed","sticky":false,"template":"","format":"standard","meta":{"_acf_changed":false,"inline_featured_image":false,"_monsterinsights_skip_tracking":false,"_monsterinsights_sitenote_active":false,"_monsterinsights_sitenote_note":"","_monsterinsights_sitenote_category":0,"footnotes":""},"categories":[1],"tags":[],"class_list":["post-22606","post","type-post","status-publish","format-standard","has-post-thumbnail","hentry","category-non-classifiee"],"acf":[],"yoast_head":"<!-- This site is optimized with the Yoast SEO plugin v27.4 - https:\/\/yoast.com\/product\/yoast-seo-wordpress\/ -->\n<title>Bah\u00eda Santa Elena : laboratoire naturel pour la recherche marine - SensorialSunsets<\/title>\n<meta name=\"description\" content=\"Bah\u00eda Santa Elena, cadre du projet SHARKSense, qui \u00e9tudie les requins et les raies afin d&#039;\u00e9valuer la sant\u00e9 environnementale.\" \/>\n<meta name=\"robots\" content=\"index, follow, max-snippet:-1, max-image-preview:large, max-video-preview:-1\" \/>\n<link rel=\"canonical\" href=\"https:\/\/www.sensorialsunsets.com\/fr\/bahia-santa-elena-laboratoire-naturel-pour-la-recherche-marine\/\" \/>\n<meta property=\"og:locale\" content=\"fr_FR\" \/>\n<meta property=\"og:type\" content=\"article\" \/>\n<meta property=\"og:title\" content=\"Bah\u00eda Santa Elena : laboratoire naturel pour la recherche marine - SensorialSunsets\" \/>\n<meta property=\"og:description\" content=\"Bah\u00eda Santa Elena, cadre du projet SHARKSense, qui \u00e9tudie les requins et les raies afin d&#039;\u00e9valuer la sant\u00e9 environnementale.\" \/>\n<meta property=\"og:url\" content=\"https:\/\/www.sensorialsunsets.com\/fr\/bahia-santa-elena-laboratoire-naturel-pour-la-recherche-marine\/\" \/>\n<meta property=\"og:site_name\" content=\"SensorialSunsets\" \/>\n<meta property=\"article:publisher\" content=\"https:\/\/www.facebook.com\/Sensorial-Sunsets-109180614715562\" \/>\n<meta property=\"article:published_time\" content=\"2025-08-08T06:31:27+00:00\" \/>\n<meta property=\"og:image\" content=\"https:\/\/www.sensorialsunsets.com\/wp-content\/uploads\/2025\/08\/tiburon.jpeg\" \/>\n\t<meta property=\"og:image:width\" content=\"960\" \/>\n\t<meta property=\"og:image:height\" content=\"720\" \/>\n\t<meta property=\"og:image:type\" content=\"image\/jpeg\" \/>\n<meta name=\"author\" content=\"Sensorial Sunsets\" \/>\n<meta name=\"twitter:card\" content=\"summary_large_image\" \/>\n<meta name=\"twitter:label1\" content=\"\u00c9crit par\" \/>\n\t<meta name=\"twitter:data1\" content=\"Sensorial Sunsets\" \/>\n\t<meta name=\"twitter:label2\" content=\"Dur\u00e9e de lecture estim\u00e9e\" \/>\n\t<meta name=\"twitter:data2\" content=\"2 minutes\" \/>\n<script type=\"application\/ld+json\" class=\"yoast-schema-graph\">{\"@context\":\"https:\\\/\\\/schema.org\",\"@graph\":[{\"@type\":\"Article\",\"@id\":\"https:\\\/\\\/www.sensorialsunsets.com\\\/fr\\\/bahia-santa-elena-laboratoire-naturel-pour-la-recherche-marine\\\/#article\",\"isPartOf\":{\"@id\":\"https:\\\/\\\/www.sensorialsunsets.com\\\/fr\\\/bahia-santa-elena-laboratoire-naturel-pour-la-recherche-marine\\\/\"},\"author\":{\"name\":\"Sensorial Sunsets\",\"@id\":\"https:\\\/\\\/www.sensorialsunsets.com\\\/fr\\\/#\\\/schema\\\/person\\\/77e2fa594135aa94024c47e281d8a94d\"},\"headline\":\"Bah\u00eda Santa Elena : laboratoire naturel pour la recherche marine\",\"datePublished\":\"2025-08-08T06:31:27+00:00\",\"mainEntityOfPage\":{\"@id\":\"https:\\\/\\\/www.sensorialsunsets.com\\\/fr\\\/bahia-santa-elena-laboratoire-naturel-pour-la-recherche-marine\\\/\"},\"wordCount\":504,\"publisher\":{\"@id\":\"https:\\\/\\\/www.sensorialsunsets.com\\\/fr\\\/#organization\"},\"image\":{\"@id\":\"https:\\\/\\\/www.sensorialsunsets.com\\\/fr\\\/bahia-santa-elena-laboratoire-naturel-pour-la-recherche-marine\\\/#primaryimage\"},\"thumbnailUrl\":\"https:\\\/\\\/www.sensorialsunsets.com\\\/wp-content\\\/uploads\\\/2025\\\/08\\\/tiburon.jpeg\",\"articleSection\":[\"Non classifi\u00e9(e)\"],\"inLanguage\":\"fr-FR\"},{\"@type\":\"WebPage\",\"@id\":\"https:\\\/\\\/www.sensorialsunsets.com\\\/fr\\\/bahia-santa-elena-laboratoire-naturel-pour-la-recherche-marine\\\/\",\"url\":\"https:\\\/\\\/www.sensorialsunsets.com\\\/fr\\\/bahia-santa-elena-laboratoire-naturel-pour-la-recherche-marine\\\/\",\"name\":\"Bah\u00eda Santa Elena : laboratoire naturel pour la recherche marine - SensorialSunsets\",\"isPartOf\":{\"@id\":\"https:\\\/\\\/www.sensorialsunsets.com\\\/fr\\\/#website\"},\"primaryImageOfPage\":{\"@id\":\"https:\\\/\\\/www.sensorialsunsets.com\\\/fr\\\/bahia-santa-elena-laboratoire-naturel-pour-la-recherche-marine\\\/#primaryimage\"},\"image\":{\"@id\":\"https:\\\/\\\/www.sensorialsunsets.com\\\/fr\\\/bahia-santa-elena-laboratoire-naturel-pour-la-recherche-marine\\\/#primaryimage\"},\"thumbnailUrl\":\"https:\\\/\\\/www.sensorialsunsets.com\\\/wp-content\\\/uploads\\\/2025\\\/08\\\/tiburon.jpeg\",\"datePublished\":\"2025-08-08T06:31:27+00:00\",\"description\":\"Bah\u00eda Santa Elena, cadre du projet SHARKSense, qui \u00e9tudie les requins et les raies afin d'\u00e9valuer la sant\u00e9 environnementale.\",\"inLanguage\":\"fr-FR\",\"potentialAction\":[{\"@type\":\"ReadAction\",\"target\":[\"https:\\\/\\\/www.sensorialsunsets.com\\\/fr\\\/bahia-santa-elena-laboratoire-naturel-pour-la-recherche-marine\\\/\"]}]},{\"@type\":\"ImageObject\",\"inLanguage\":\"fr-FR\",\"@id\":\"https:\\\/\\\/www.sensorialsunsets.com\\\/fr\\\/bahia-santa-elena-laboratoire-naturel-pour-la-recherche-marine\\\/#primaryimage\",\"url\":\"https:\\\/\\\/www.sensorialsunsets.com\\\/wp-content\\\/uploads\\\/2025\\\/08\\\/tiburon.jpeg\",\"contentUrl\":\"https:\\\/\\\/www.sensorialsunsets.com\\\/wp-content\\\/uploads\\\/2025\\\/08\\\/tiburon.jpeg\",\"width\":960,\"height\":720},{\"@type\":\"WebSite\",\"@id\":\"https:\\\/\\\/www.sensorialsunsets.com\\\/fr\\\/#website\",\"url\":\"https:\\\/\\\/www.sensorialsunsets.com\\\/fr\\\/\",\"name\":\"SensorialSunsets.com\",\"description\":\"D\u00e9couvrez la culture et la soci\u00e9t\u00e9 du Costa Rica sur notre blog. Explorez des articles captivants et partagez le contenu.\",\"publisher\":{\"@id\":\"https:\\\/\\\/www.sensorialsunsets.com\\\/fr\\\/#organization\"},\"alternateName\":\"Costa Rica Live Blog\",\"potentialAction\":[{\"@type\":\"SearchAction\",\"target\":{\"@type\":\"EntryPoint\",\"urlTemplate\":\"https:\\\/\\\/www.sensorialsunsets.com\\\/fr\\\/?s={search_term_string}\"},\"query-input\":{\"@type\":\"PropertyValueSpecification\",\"valueRequired\":true,\"valueName\":\"search_term_string\"}}],\"inLanguage\":\"fr-FR\"},{\"@type\":\"Organization\",\"@id\":\"https:\\\/\\\/www.sensorialsunsets.com\\\/fr\\\/#organization\",\"name\":\"SensorialSunsets\",\"url\":\"https:\\\/\\\/www.sensorialsunsets.com\\\/fr\\\/\",\"logo\":{\"@type\":\"ImageObject\",\"inLanguage\":\"fr-FR\",\"@id\":\"https:\\\/\\\/www.sensorialsunsets.com\\\/fr\\\/#\\\/schema\\\/logo\\\/image\\\/\",\"url\":\"https:\\\/\\\/www.sensorialsunsets.com\\\/wp-content\\\/uploads\\\/2023\\\/04\\\/Logo_base_line_fond_clair.svg\",\"contentUrl\":\"https:\\\/\\\/www.sensorialsunsets.com\\\/wp-content\\\/uploads\\\/2023\\\/04\\\/Logo_base_line_fond_clair.svg\",\"width\":\"1024\",\"height\":\"1024\",\"caption\":\"SensorialSunsets\"},\"image\":{\"@id\":\"https:\\\/\\\/www.sensorialsunsets.com\\\/fr\\\/#\\\/schema\\\/logo\\\/image\\\/\"},\"sameAs\":[\"https:\\\/\\\/www.facebook.com\\\/Sensorial-Sunsets-109180614715562\",\"https:\\\/\\\/www.instagram.com\\\/sensorialsunsets\\\/\"]},{\"@type\":\"Person\",\"@id\":\"https:\\\/\\\/www.sensorialsunsets.com\\\/fr\\\/#\\\/schema\\\/person\\\/77e2fa594135aa94024c47e281d8a94d\",\"name\":\"Sensorial Sunsets\",\"image\":{\"@type\":\"ImageObject\",\"inLanguage\":\"fr-FR\",\"@id\":\"https:\\\/\\\/secure.gravatar.com\\\/avatar\\\/5f2d62681b1dad94c28f1500d4fc75582acdfd32b55fd1acce0a36a3c487eabe?s=96&d=mm&r=g\",\"url\":\"https:\\\/\\\/secure.gravatar.com\\\/avatar\\\/5f2d62681b1dad94c28f1500d4fc75582acdfd32b55fd1acce0a36a3c487eabe?s=96&d=mm&r=g\",\"contentUrl\":\"https:\\\/\\\/secure.gravatar.com\\\/avatar\\\/5f2d62681b1dad94c28f1500d4fc75582acdfd32b55fd1acce0a36a3c487eabe?s=96&d=mm&r=g\",\"caption\":\"Sensorial Sunsets\"},\"url\":\"https:\\\/\\\/www.sensorialsunsets.com\\\/fr\\\/author\\\/asistentes-sensorial-sunsets\\\/\"}]}<\/script>\n<!-- \/ Yoast SEO plugin. -->","yoast_head_json":{"title":"Bah\u00eda Santa Elena : laboratoire naturel pour la recherche marine - SensorialSunsets","description":"Bah\u00eda Santa Elena, cadre du projet SHARKSense, qui \u00e9tudie les requins et les raies afin d'\u00e9valuer la sant\u00e9 environnementale.","robots":{"index":"index","follow":"follow","max-snippet":"max-snippet:-1","max-image-preview":"max-image-preview:large","max-video-preview":"max-video-preview:-1"},"canonical":"https:\/\/www.sensorialsunsets.com\/fr\/bahia-santa-elena-laboratoire-naturel-pour-la-recherche-marine\/","og_locale":"fr_FR","og_type":"article","og_title":"Bah\u00eda Santa Elena : laboratoire naturel pour la recherche marine - SensorialSunsets","og_description":"Bah\u00eda Santa Elena, cadre du projet SHARKSense, qui \u00e9tudie les requins et les raies afin d'\u00e9valuer la sant\u00e9 environnementale.","og_url":"https:\/\/www.sensorialsunsets.com\/fr\/bahia-santa-elena-laboratoire-naturel-pour-la-recherche-marine\/","og_site_name":"SensorialSunsets","article_publisher":"https:\/\/www.facebook.com\/Sensorial-Sunsets-109180614715562","article_published_time":"2025-08-08T06:31:27+00:00","og_image":[{"width":960,"height":720,"url":"https:\/\/www.sensorialsunsets.com\/wp-content\/uploads\/2025\/08\/tiburon.jpeg","type":"image\/jpeg"}],"author":"Sensorial Sunsets","twitter_card":"summary_large_image","twitter_misc":{"\u00c9crit par":"Sensorial Sunsets","Dur\u00e9e de lecture estim\u00e9e":"2 minutes"},"schema":{"@context":"https:\/\/schema.org","@graph":[{"@type":"Article","@id":"https:\/\/www.sensorialsunsets.com\/fr\/bahia-santa-elena-laboratoire-naturel-pour-la-recherche-marine\/#article","isPartOf":{"@id":"https:\/\/www.sensorialsunsets.com\/fr\/bahia-santa-elena-laboratoire-naturel-pour-la-recherche-marine\/"},"author":{"name":"Sensorial Sunsets","@id":"https:\/\/www.sensorialsunsets.com\/fr\/#\/schema\/person\/77e2fa594135aa94024c47e281d8a94d"},"headline":"Bah\u00eda Santa Elena : laboratoire naturel pour la recherche marine","datePublished":"2025-08-08T06:31:27+00:00","mainEntityOfPage":{"@id":"https:\/\/www.sensorialsunsets.com\/fr\/bahia-santa-elena-laboratoire-naturel-pour-la-recherche-marine\/"},"wordCount":504,"publisher":{"@id":"https:\/\/www.sensorialsunsets.com\/fr\/#organization"},"image":{"@id":"https:\/\/www.sensorialsunsets.com\/fr\/bahia-santa-elena-laboratoire-naturel-pour-la-recherche-marine\/#primaryimage"},"thumbnailUrl":"https:\/\/www.sensorialsunsets.com\/wp-content\/uploads\/2025\/08\/tiburon.jpeg","articleSection":["Non classifi\u00e9(e)"],"inLanguage":"fr-FR"},{"@type":"WebPage","@id":"https:\/\/www.sensorialsunsets.com\/fr\/bahia-santa-elena-laboratoire-naturel-pour-la-recherche-marine\/","url":"https:\/\/www.sensorialsunsets.com\/fr\/bahia-santa-elena-laboratoire-naturel-pour-la-recherche-marine\/","name":"Bah\u00eda Santa Elena : laboratoire naturel pour la recherche marine - SensorialSunsets","isPartOf":{"@id":"https:\/\/www.sensorialsunsets.com\/fr\/#website"},"primaryImageOfPage":{"@id":"https:\/\/www.sensorialsunsets.com\/fr\/bahia-santa-elena-laboratoire-naturel-pour-la-recherche-marine\/#primaryimage"},"image":{"@id":"https:\/\/www.sensorialsunsets.com\/fr\/bahia-santa-elena-laboratoire-naturel-pour-la-recherche-marine\/#primaryimage"},"thumbnailUrl":"https:\/\/www.sensorialsunsets.com\/wp-content\/uploads\/2025\/08\/tiburon.jpeg","datePublished":"2025-08-08T06:31:27+00:00","description":"Bah\u00eda Santa Elena, cadre du projet SHARKSense, qui \u00e9tudie les requins et les raies afin d'\u00e9valuer la sant\u00e9 environnementale.","inLanguage":"fr-FR","potentialAction":[{"@type":"ReadAction","target":["https:\/\/www.sensorialsunsets.com\/fr\/bahia-santa-elena-laboratoire-naturel-pour-la-recherche-marine\/"]}]},{"@type":"ImageObject","inLanguage":"fr-FR","@id":"https:\/\/www.sensorialsunsets.com\/fr\/bahia-santa-elena-laboratoire-naturel-pour-la-recherche-marine\/#primaryimage","url":"https:\/\/www.sensorialsunsets.com\/wp-content\/uploads\/2025\/08\/tiburon.jpeg","contentUrl":"https:\/\/www.sensorialsunsets.com\/wp-content\/uploads\/2025\/08\/tiburon.jpeg","width":960,"height":720},{"@type":"WebSite","@id":"https:\/\/www.sensorialsunsets.com\/fr\/#website","url":"https:\/\/www.sensorialsunsets.com\/fr\/","name":"SensorialSunsets.com","description":"D\u00e9couvrez la culture et la soci\u00e9t\u00e9 du Costa Rica sur notre blog. Explorez des articles captivants et partagez le contenu.","publisher":{"@id":"https:\/\/www.sensorialsunsets.com\/fr\/#organization"},"alternateName":"Costa Rica Live Blog","potentialAction":[{"@type":"SearchAction","target":{"@type":"EntryPoint","urlTemplate":"https:\/\/www.sensorialsunsets.com\/fr\/?s={search_term_string}"},"query-input":{"@type":"PropertyValueSpecification","valueRequired":true,"valueName":"search_term_string"}}],"inLanguage":"fr-FR"},{"@type":"Organization","@id":"https:\/\/www.sensorialsunsets.com\/fr\/#organization","name":"SensorialSunsets","url":"https:\/\/www.sensorialsunsets.com\/fr\/","logo":{"@type":"ImageObject","inLanguage":"fr-FR","@id":"https:\/\/www.sensorialsunsets.com\/fr\/#\/schema\/logo\/image\/","url":"https:\/\/www.sensorialsunsets.com\/wp-content\/uploads\/2023\/04\/Logo_base_line_fond_clair.svg","contentUrl":"https:\/\/www.sensorialsunsets.com\/wp-content\/uploads\/2023\/04\/Logo_base_line_fond_clair.svg","width":"1024","height":"1024","caption":"SensorialSunsets"},"image":{"@id":"https:\/\/www.sensorialsunsets.com\/fr\/#\/schema\/logo\/image\/"},"sameAs":["https:\/\/www.facebook.com\/Sensorial-Sunsets-109180614715562","https:\/\/www.instagram.com\/sensorialsunsets\/"]},{"@type":"Person","@id":"https:\/\/www.sensorialsunsets.com\/fr\/#\/schema\/person\/77e2fa594135aa94024c47e281d8a94d","name":"Sensorial Sunsets","image":{"@type":"ImageObject","inLanguage":"fr-FR","@id":"https:\/\/secure.gravatar.com\/avatar\/5f2d62681b1dad94c28f1500d4fc75582acdfd32b55fd1acce0a36a3c487eabe?s=96&d=mm&r=g","url":"https:\/\/secure.gravatar.com\/avatar\/5f2d62681b1dad94c28f1500d4fc75582acdfd32b55fd1acce0a36a3c487eabe?s=96&d=mm&r=g","contentUrl":"https:\/\/secure.gravatar.com\/avatar\/5f2d62681b1dad94c28f1500d4fc75582acdfd32b55fd1acce0a36a3c487eabe?s=96&d=mm&r=g","caption":"Sensorial Sunsets"},"url":"https:\/\/www.sensorialsunsets.com\/fr\/author\/asistentes-sensorial-sunsets\/"}]}},"_links":{"self":[{"href":"https:\/\/www.sensorialsunsets.com\/fr\/wp-json\/wp\/v2\/posts\/22606","targetHints":{"allow":["GET"]}}],"collection":[{"href":"https:\/\/www.sensorialsunsets.com\/fr\/wp-json\/wp\/v2\/posts"}],"about":[{"href":"https:\/\/www.sensorialsunsets.com\/fr\/wp-json\/wp\/v2\/types\/post"}],"author":[{"embeddable":true,"href":"https:\/\/www.sensorialsunsets.com\/fr\/wp-json\/wp\/v2\/users\/4"}],"replies":[{"embeddable":true,"href":"https:\/\/www.sensorialsunsets.com\/fr\/wp-json\/wp\/v2\/comments?post=22606"}],"version-history":[{"count":1,"href":"https:\/\/www.sensorialsunsets.com\/fr\/wp-json\/wp\/v2\/posts\/22606\/revisions"}],"predecessor-version":[{"id":22607,"href":"https:\/\/www.sensorialsunsets.com\/fr\/wp-json\/wp\/v2\/posts\/22606\/revisions\/22607"}],"wp:featuredmedia":[{"embeddable":true,"href":"https:\/\/www.sensorialsunsets.com\/fr\/wp-json\/wp\/v2\/media\/22602"}],"wp:attachment":[{"href":"https:\/\/www.sensorialsunsets.com\/fr\/wp-json\/wp\/v2\/media?parent=22606"}],"wp:term":[{"taxonomy":"category","embeddable":true,"href":"https:\/\/www.sensorialsunsets.com\/fr\/wp-json\/wp\/v2\/categories?post=22606"},{"taxonomy":"post_tag","embeddable":true,"href":"https:\/\/www.sensorialsunsets.com\/fr\/wp-json\/wp\/v2\/tags?post=22606"}],"curies":[{"name":"wp","href":"https:\/\/api.w.org\/{rel}","templated":true}]}}