{"id":22633,"date":"2025-08-11T16:51:53","date_gmt":"2025-08-11T22:51:53","guid":{"rendered":"https:\/\/www.sensorialsunsets.com\/?p=22633"},"modified":"2025-08-11T16:51:53","modified_gmt":"2025-08-11T22:51:53","slug":"festival-du-cinema-europeen-2025-au-costa-rica","status":"publish","type":"post","link":"https:\/\/www.sensorialsunsets.com\/fr\/festival-du-cinema-europeen-2025-au-costa-rica\/","title":{"rendered":"Festival du cin\u00e9ma europ\u00e9en 2025 au Costa Rica"},"content":{"rendered":"\n<p>Le Festival du cin\u00e9ma europ\u00e9en revient au Costa Rica pour sa 24e \u00e9dition, avec des dizaines de productions cin\u00e9matographiques de diff\u00e9rents styles et genres, provenant du vieux continent. L&rsquo;Union europ\u00e9enne et ses pays membres, en partenariat avec le <a href=\"https:\/\/cinemagaly.com\/\">Cine Magaly<\/a>, organisent cet \u00e9v\u00e9nement qui est d\u00e9j\u00e0 devenu une tradition.<\/p>\n\n<p>Au programme : des films allemands, autrichiens, bulgares, espagnols, slovaques, fran\u00e7ais, italiens, n\u00e9erlandais, polonais et luxembourgeois. Le Royaume-Uni et la Suisse, qui ne font pas partie de l&rsquo;Union europ\u00e9enne, ont \u00e9t\u00e9 invit\u00e9s \u00e0 participer \u00e0 cette \u00e9dition. Toutes les productions seront pr\u00e9sent\u00e9es en version originale sous-titr\u00e9e en espagnol.<\/p>\n\n<h3 class=\"wp-block-heading\">L&rsquo;Espagne, pays h\u00f4te<\/h3>\n\n<p>Cette ann\u00e9e, l&rsquo;Espagne sera le pays h\u00f4te de la c\u00e9r\u00e9monie d&rsquo;ouverture. Le festival sera inaugur\u00e9 par la com\u00e9die Volver\u00e9is, r\u00e9alis\u00e9e par Jon\u00e1s Trueba et prim\u00e9e au Festival de Cannes.<\/p>\n\n<p>En outre, l&rsquo;\u00e9v\u00e9nement comprendra l&rsquo;<strong>Euro Cine Lab 2025<\/strong>, un espace qui encourage la production de documentaires et de courts m\u00e9trages dans la r\u00e9gion centram\u00e9ricaine. Dans ce cadre, deux projections sont pr\u00e9vues pour pr\u00e9senter les courts m\u00e9trages r\u00e9alis\u00e9s au Costa Rica, au Salvador, au Honduras, au Nicaragua et au Panama, avec le soutien de l&rsquo;Union europ\u00e9enne.<\/p>\n\n<p>La programmation promet une grande diversit\u00e9 de pays et de genres, avec des premi\u00e8res et des productions prim\u00e9es qui seront pr\u00e9sent\u00e9es pendant deux semaines. Le rendez-vous inaugural, le jeudi 14 ao\u00fbt, comprendra <em>Volver\u00e9is<\/em> et <em>En los m\u00e1rgenes<\/em>, tous deux espagnols.<\/p>\n\n<p>Au cours des jours suivants, le public pourra d\u00e9couvrir des films tels que le film allemand Este ni\u00f1o necesita aire fresco (Cet enfant a besoin d&rsquo;air frais), le drame italien Un mondo a parte (Un monde \u00e0 part), la production britannique Dracula: una historia de amor (Dracula : une histoire d&rsquo;amour) et le film franco-luxembourgeois Nina y el secreto del erizo (Nina et le secret de l&rsquo;ours). En outre, le festival consacrera des journ\u00e9es sp\u00e9ciales \u00e0 diff\u00e9rents pays, tels que l&rsquo;Allemagne, l&rsquo;Italie, la France, la Suisse, la Slovaquie et le Royaume-Uni, au cours desquelles seront projet\u00e9s des films embl\u00e9matiques de chaque cin\u00e9matographie.<\/p>\n\n<p>L&rsquo;affiche comprend \u00e9galement des titres phares tels que <em>Rosalie<\/em> (France), <em>Piargy<\/em> (Slovaquie), <em>Los Rose<\/em> (Royaume-Uni) et <em>Sue\u00f1os<\/em> (Norv\u00e8ge), ainsi que les productions centram\u00e9ricaines issues de l&rsquo;Euro Cine Lab, qui occuperont une place sp\u00e9ciale dans la programmation.<\/p>\n\n<div style=\"height:100px\" aria-hidden=\"true\" class=\"wp-block-spacer\"><\/div>\n\n<figure class=\"wp-block-gallery has-nested-images columns-default is-cropped wp-block-gallery-1 is-layout-flex wp-block-gallery-is-layout-flex\">\n<figure class=\"wp-block-image size-large\"><img loading=\"lazy\" decoding=\"async\" width=\"1024\" height=\"576\" data-id=\"22611\" src=\"https:\/\/www.sensorialsunsets.com\/wp-content\/uploads\/2025\/08\/Dracula-una-historia-de-amor-y-la-franco-luxemburguesa-Nina-y-el-secreto-del-erizo-1024x576.jpg\" alt=\"Festival du cin&#xE9;ma europ&#xE9;en\" class=\"wp-image-22611\" srcset=\"https:\/\/www.sensorialsunsets.com\/wp-content\/uploads\/2025\/08\/Dracula-una-historia-de-amor-y-la-franco-luxemburguesa-Nina-y-el-secreto-del-erizo-1024x576.jpg 1024w, https:\/\/www.sensorialsunsets.com\/wp-content\/uploads\/2025\/08\/Dracula-una-historia-de-amor-y-la-franco-luxemburguesa-Nina-y-el-secreto-del-erizo-300x169.jpg 300w, https:\/\/www.sensorialsunsets.com\/wp-content\/uploads\/2025\/08\/Dracula-una-historia-de-amor-y-la-franco-luxemburguesa-Nina-y-el-secreto-del-erizo-768x432.jpg 768w, https:\/\/www.sensorialsunsets.com\/wp-content\/uploads\/2025\/08\/Dracula-una-historia-de-amor-y-la-franco-luxemburguesa-Nina-y-el-secreto-del-erizo.jpg 1280w\" sizes=\"auto, (max-width: 1024px) 100vw, 1024px\" \/><\/figure>\n\n\n\n<figure class=\"wp-block-image size-large\"><img loading=\"lazy\" decoding=\"async\" width=\"1024\" height=\"576\" data-id=\"22614\" src=\"https:\/\/www.sensorialsunsets.com\/wp-content\/uploads\/2025\/08\/eyJidWNrZXQiOiJmZGMtc2l0ZXB1YmxpYy1tZWRpYS1wcm9kIiwia2V5IjoidXBsb2Fkc1wvMjAyM1wvMDVcLzE1NjkyNi1zY2FsZWQuanBnIiwiZWRpdHMiOnsicmVzaXplIjp7IndpZHRoIjoxMDI4LCJmaXQiOiJjb3ZlciJ9fX0-1024x576.webp\" alt=\"Festival du cin&#xE9;ma europ&#xE9;en\" class=\"wp-image-22614\" srcset=\"https:\/\/www.sensorialsunsets.com\/wp-content\/uploads\/2025\/08\/eyJidWNrZXQiOiJmZGMtc2l0ZXB1YmxpYy1tZWRpYS1wcm9kIiwia2V5IjoidXBsb2Fkc1wvMjAyM1wvMDVcLzE1NjkyNi1zY2FsZWQuanBnIiwiZWRpdHMiOnsicmVzaXplIjp7IndpZHRoIjoxMDI4LCJmaXQiOiJjb3ZlciJ9fX0-1024x576.webp 1024w, https:\/\/www.sensorialsunsets.com\/wp-content\/uploads\/2025\/08\/eyJidWNrZXQiOiJmZGMtc2l0ZXB1YmxpYy1tZWRpYS1wcm9kIiwia2V5IjoidXBsb2Fkc1wvMjAyM1wvMDVcLzE1NjkyNi1zY2FsZWQuanBnIiwiZWRpdHMiOnsicmVzaXplIjp7IndpZHRoIjoxMDI4LCJmaXQiOiJjb3ZlciJ9fX0-300x169.webp 300w, https:\/\/www.sensorialsunsets.com\/wp-content\/uploads\/2025\/08\/eyJidWNrZXQiOiJmZGMtc2l0ZXB1YmxpYy1tZWRpYS1wcm9kIiwia2V5IjoidXBsb2Fkc1wvMjAyM1wvMDVcLzE1NjkyNi1zY2FsZWQuanBnIiwiZWRpdHMiOnsicmVzaXplIjp7IndpZHRoIjoxMDI4LCJmaXQiOiJjb3ZlciJ9fX0-768x432.webp 768w, https:\/\/www.sensorialsunsets.com\/wp-content\/uploads\/2025\/08\/eyJidWNrZXQiOiJmZGMtc2l0ZXB1YmxpYy1tZWRpYS1wcm9kIiwia2V5IjoidXBsb2Fkc1wvMjAyM1wvMDVcLzE1NjkyNi1zY2FsZWQuanBnIiwiZWRpdHMiOnsicmVzaXplIjp7IndpZHRoIjoxMDI4LCJmaXQiOiJjb3ZlciJ9fX0.webp 1028w\" sizes=\"auto, (max-width: 1024px) 100vw, 1024px\" \/><\/figure>\n\n\n\n<figure class=\"wp-block-image size-large\"><img loading=\"lazy\" decoding=\"async\" width=\"1024\" height=\"576\" data-id=\"22626\" src=\"https:\/\/www.sensorialsunsets.com\/wp-content\/uploads\/2025\/08\/thestephsister-1-1024x576.jpg\" alt=\"Festival du cin&#xE9;ma europ&#xE9;en\" class=\"wp-image-22626\" srcset=\"https:\/\/www.sensorialsunsets.com\/wp-content\/uploads\/2025\/08\/thestephsister-1-1024x576.jpg 1024w, https:\/\/www.sensorialsunsets.com\/wp-content\/uploads\/2025\/08\/thestephsister-1-300x169.jpg 300w, https:\/\/www.sensorialsunsets.com\/wp-content\/uploads\/2025\/08\/thestephsister-1-768x432.jpg 768w, https:\/\/www.sensorialsunsets.com\/wp-content\/uploads\/2025\/08\/thestephsister-1-1536x864.jpg 1536w, https:\/\/www.sensorialsunsets.com\/wp-content\/uploads\/2025\/08\/thestephsister-1-2048x1152.jpg 2048w, https:\/\/www.sensorialsunsets.com\/wp-content\/uploads\/2025\/08\/thestephsister-1-1320x743.jpg 1320w\" sizes=\"auto, (max-width: 1024px) 100vw, 1024px\" \/><\/figure>\n<\/figure>\n\n<div style=\"height:100px\" aria-hidden=\"true\" class=\"wp-block-spacer\"><\/div>\n\n<h3 class=\"wp-block-heading\"><strong>Euro Cine Lab 2025<\/strong><\/h3>\n\n<p>L&rsquo;ambassadrice adjointe de l&rsquo;Union europ\u00e9enne au Costa Rica, Galina Karamalakova, a d\u00e9clar\u00e9 que le festival repr\u00e9sente l&rsquo;une des plus grandes occasions de c\u00e9l\u00e9brer la diversit\u00e9 culturelle et le talent cin\u00e9matographique europ\u00e9en, tout en encourageant les \u00e9changes artistiques et le dialogue entre les pays. Elle a \u00e9galement soulign\u00e9 que cette ann\u00e9e, des courts m\u00e9trages de l&rsquo;Euro Cine Lab, un projet europ\u00e9en visant \u00e0 promouvoir la production cin\u00e9matographique en Am\u00e9rique centrale, seront projet\u00e9s. Ce projet invite les cin\u00e9philes \u00e0 mettre en pratique leurs comp\u00e9tences en cr\u00e9ant et en produisant un court m\u00e9trage.<\/p>\n\n<p>Les billets seront disponibles \u00e0 la billetterie du cin\u00e9ma Magaly et en ligne, sur le site <a class=\"\" href=\"http:\/\/www.cinemagaly.com\">www.cinemagaly.com<\/a>, au prix de 3 300 \u00a2 pour le grand public et de 2 800 \u00a2 pour les seniors et les \u00e9tudiants munis d&rsquo;une carte valide.<\/p>\n\n<p><strong>Sensorial Sunsets<\/strong><\/p>\n","protected":false},"excerpt":{"rendered":"<p>Le Festival du cin\u00e9ma europ\u00e9en revient au Costa Rica pour sa 24e \u00e9dition, avec des dizaines de productions cin\u00e9matographiques de diff\u00e9rents styles et genres, provenant du vieux continent. L&rsquo;Union europ\u00e9enne et ses pays membres, en partenariat avec le Cine Magaly, organisent cet \u00e9v\u00e9nement qui est d\u00e9j\u00e0 devenu une tradition. Au programme : des films allemands, [&hellip;]<\/p>\n","protected":false},"author":4,"featured_media":22613,"comment_status":"closed","ping_status":"closed","sticky":false,"template":"","format":"standard","meta":{"_acf_changed":false,"inline_featured_image":false,"_monsterinsights_skip_tracking":false,"_monsterinsights_sitenote_active":false,"_monsterinsights_sitenote_note":"","_monsterinsights_sitenote_category":0,"footnotes":""},"categories":[1],"tags":[],"class_list":["post-22633","post","type-post","status-publish","format-standard","has-post-thumbnail","hentry","category-non-classifiee"],"acf":[],"yoast_head":"<!-- This site is optimized with the Yoast SEO plugin v27.4 - https:\/\/yoast.com\/product\/yoast-seo-wordpress\/ -->\n<title>Festival du cin\u00e9ma europ\u00e9en 2025 au Costa Rica - SensorialSunsets<\/title>\n<meta name=\"description\" content=\"Festival du cin\u00e9ma europ\u00e9en au cin\u00e9ma Magaly avec des films de 15 pays et des avant-premi\u00e8res du 14 au 29 ao\u00fbt.\" \/>\n<meta name=\"robots\" content=\"index, follow, max-snippet:-1, max-image-preview:large, max-video-preview:-1\" \/>\n<link rel=\"canonical\" href=\"https:\/\/www.sensorialsunsets.com\/fr\/festival-du-cinema-europeen-2025-au-costa-rica\/\" \/>\n<meta property=\"og:locale\" content=\"fr_FR\" \/>\n<meta property=\"og:type\" content=\"article\" \/>\n<meta property=\"og:title\" content=\"Festival du cin\u00e9ma europ\u00e9en 2025 au Costa Rica - SensorialSunsets\" \/>\n<meta property=\"og:description\" content=\"Festival du cin\u00e9ma europ\u00e9en au cin\u00e9ma Magaly avec des films de 15 pays et des avant-premi\u00e8res du 14 au 29 ao\u00fbt.\" \/>\n<meta property=\"og:url\" content=\"https:\/\/www.sensorialsunsets.com\/fr\/festival-du-cinema-europeen-2025-au-costa-rica\/\" \/>\n<meta property=\"og:site_name\" content=\"SensorialSunsets\" \/>\n<meta property=\"article:publisher\" content=\"https:\/\/www.facebook.com\/Sensorial-Sunsets-109180614715562\" \/>\n<meta property=\"article:published_time\" content=\"2025-08-11T22:51:53+00:00\" \/>\n<meta property=\"og:image\" content=\"https:\/\/www.sensorialsunsets.com\/wp-content\/uploads\/2025\/08\/Dracula-una-historia-de-amor-y-la-franco-luxemburguesa-Nina-y-el-secreto-del-erizo.jpg\" \/>\n\t<meta property=\"og:image:width\" content=\"1280\" \/>\n\t<meta property=\"og:image:height\" content=\"720\" \/>\n\t<meta property=\"og:image:type\" content=\"image\/jpeg\" \/>\n<meta name=\"author\" content=\"Sensorial Sunsets\" \/>\n<meta name=\"twitter:card\" content=\"summary_large_image\" \/>\n<meta name=\"twitter:label1\" content=\"\u00c9crit par\" \/>\n\t<meta name=\"twitter:data1\" content=\"Sensorial Sunsets\" \/>\n\t<meta name=\"twitter:label2\" content=\"Dur\u00e9e de lecture estim\u00e9e\" \/>\n\t<meta name=\"twitter:data2\" content=\"3 minutes\" \/>\n<script type=\"application\/ld+json\" class=\"yoast-schema-graph\">{\"@context\":\"https:\\\/\\\/schema.org\",\"@graph\":[{\"@type\":\"Article\",\"@id\":\"https:\\\/\\\/www.sensorialsunsets.com\\\/fr\\\/festival-du-cinema-europeen-2025-au-costa-rica\\\/#article\",\"isPartOf\":{\"@id\":\"https:\\\/\\\/www.sensorialsunsets.com\\\/fr\\\/festival-du-cinema-europeen-2025-au-costa-rica\\\/\"},\"author\":{\"name\":\"Sensorial Sunsets\",\"@id\":\"https:\\\/\\\/www.sensorialsunsets.com\\\/fr\\\/#\\\/schema\\\/person\\\/77e2fa594135aa94024c47e281d8a94d\"},\"headline\":\"Festival du cin\u00e9ma europ\u00e9en 2025 au Costa Rica\",\"datePublished\":\"2025-08-11T22:51:53+00:00\",\"mainEntityOfPage\":{\"@id\":\"https:\\\/\\\/www.sensorialsunsets.com\\\/fr\\\/festival-du-cinema-europeen-2025-au-costa-rica\\\/\"},\"wordCount\":585,\"publisher\":{\"@id\":\"https:\\\/\\\/www.sensorialsunsets.com\\\/fr\\\/#organization\"},\"image\":{\"@id\":\"https:\\\/\\\/www.sensorialsunsets.com\\\/fr\\\/festival-du-cinema-europeen-2025-au-costa-rica\\\/#primaryimage\"},\"thumbnailUrl\":\"https:\\\/\\\/www.sensorialsunsets.com\\\/wp-content\\\/uploads\\\/2025\\\/08\\\/Dracula-una-historia-de-amor-y-la-franco-luxemburguesa-Nina-y-el-secreto-del-erizo.jpg\",\"articleSection\":[\"Non classifi\u00e9(e)\"],\"inLanguage\":\"fr-FR\"},{\"@type\":\"WebPage\",\"@id\":\"https:\\\/\\\/www.sensorialsunsets.com\\\/fr\\\/festival-du-cinema-europeen-2025-au-costa-rica\\\/\",\"url\":\"https:\\\/\\\/www.sensorialsunsets.com\\\/fr\\\/festival-du-cinema-europeen-2025-au-costa-rica\\\/\",\"name\":\"Festival du cin\u00e9ma europ\u00e9en 2025 au Costa Rica - SensorialSunsets\",\"isPartOf\":{\"@id\":\"https:\\\/\\\/www.sensorialsunsets.com\\\/fr\\\/#website\"},\"primaryImageOfPage\":{\"@id\":\"https:\\\/\\\/www.sensorialsunsets.com\\\/fr\\\/festival-du-cinema-europeen-2025-au-costa-rica\\\/#primaryimage\"},\"image\":{\"@id\":\"https:\\\/\\\/www.sensorialsunsets.com\\\/fr\\\/festival-du-cinema-europeen-2025-au-costa-rica\\\/#primaryimage\"},\"thumbnailUrl\":\"https:\\\/\\\/www.sensorialsunsets.com\\\/wp-content\\\/uploads\\\/2025\\\/08\\\/Dracula-una-historia-de-amor-y-la-franco-luxemburguesa-Nina-y-el-secreto-del-erizo.jpg\",\"datePublished\":\"2025-08-11T22:51:53+00:00\",\"description\":\"Festival du cin\u00e9ma europ\u00e9en au cin\u00e9ma Magaly avec des films de 15 pays et des avant-premi\u00e8res du 14 au 29 ao\u00fbt.\",\"inLanguage\":\"fr-FR\",\"potentialAction\":[{\"@type\":\"ReadAction\",\"target\":[\"https:\\\/\\\/www.sensorialsunsets.com\\\/fr\\\/festival-du-cinema-europeen-2025-au-costa-rica\\\/\"]}]},{\"@type\":\"ImageObject\",\"inLanguage\":\"fr-FR\",\"@id\":\"https:\\\/\\\/www.sensorialsunsets.com\\\/fr\\\/festival-du-cinema-europeen-2025-au-costa-rica\\\/#primaryimage\",\"url\":\"https:\\\/\\\/www.sensorialsunsets.com\\\/wp-content\\\/uploads\\\/2025\\\/08\\\/Dracula-una-historia-de-amor-y-la-franco-luxemburguesa-Nina-y-el-secreto-del-erizo.jpg\",\"contentUrl\":\"https:\\\/\\\/www.sensorialsunsets.com\\\/wp-content\\\/uploads\\\/2025\\\/08\\\/Dracula-una-historia-de-amor-y-la-franco-luxemburguesa-Nina-y-el-secreto-del-erizo.jpg\",\"width\":1280,\"height\":720},{\"@type\":\"WebSite\",\"@id\":\"https:\\\/\\\/www.sensorialsunsets.com\\\/fr\\\/#website\",\"url\":\"https:\\\/\\\/www.sensorialsunsets.com\\\/fr\\\/\",\"name\":\"SensorialSunsets.com\",\"description\":\"D\u00e9couvrez la culture et la soci\u00e9t\u00e9 du Costa Rica sur notre blog. Explorez des articles captivants et partagez le contenu.\",\"publisher\":{\"@id\":\"https:\\\/\\\/www.sensorialsunsets.com\\\/fr\\\/#organization\"},\"alternateName\":\"Costa Rica Live Blog\",\"potentialAction\":[{\"@type\":\"SearchAction\",\"target\":{\"@type\":\"EntryPoint\",\"urlTemplate\":\"https:\\\/\\\/www.sensorialsunsets.com\\\/fr\\\/?s={search_term_string}\"},\"query-input\":{\"@type\":\"PropertyValueSpecification\",\"valueRequired\":true,\"valueName\":\"search_term_string\"}}],\"inLanguage\":\"fr-FR\"},{\"@type\":\"Organization\",\"@id\":\"https:\\\/\\\/www.sensorialsunsets.com\\\/fr\\\/#organization\",\"name\":\"SensorialSunsets\",\"url\":\"https:\\\/\\\/www.sensorialsunsets.com\\\/fr\\\/\",\"logo\":{\"@type\":\"ImageObject\",\"inLanguage\":\"fr-FR\",\"@id\":\"https:\\\/\\\/www.sensorialsunsets.com\\\/fr\\\/#\\\/schema\\\/logo\\\/image\\\/\",\"url\":\"https:\\\/\\\/www.sensorialsunsets.com\\\/wp-content\\\/uploads\\\/2023\\\/04\\\/Logo_base_line_fond_clair.svg\",\"contentUrl\":\"https:\\\/\\\/www.sensorialsunsets.com\\\/wp-content\\\/uploads\\\/2023\\\/04\\\/Logo_base_line_fond_clair.svg\",\"width\":\"1024\",\"height\":\"1024\",\"caption\":\"SensorialSunsets\"},\"image\":{\"@id\":\"https:\\\/\\\/www.sensorialsunsets.com\\\/fr\\\/#\\\/schema\\\/logo\\\/image\\\/\"},\"sameAs\":[\"https:\\\/\\\/www.facebook.com\\\/Sensorial-Sunsets-109180614715562\",\"https:\\\/\\\/www.instagram.com\\\/sensorialsunsets\\\/\"]},{\"@type\":\"Person\",\"@id\":\"https:\\\/\\\/www.sensorialsunsets.com\\\/fr\\\/#\\\/schema\\\/person\\\/77e2fa594135aa94024c47e281d8a94d\",\"name\":\"Sensorial Sunsets\",\"image\":{\"@type\":\"ImageObject\",\"inLanguage\":\"fr-FR\",\"@id\":\"https:\\\/\\\/secure.gravatar.com\\\/avatar\\\/5f2d62681b1dad94c28f1500d4fc75582acdfd32b55fd1acce0a36a3c487eabe?s=96&d=mm&r=g\",\"url\":\"https:\\\/\\\/secure.gravatar.com\\\/avatar\\\/5f2d62681b1dad94c28f1500d4fc75582acdfd32b55fd1acce0a36a3c487eabe?s=96&d=mm&r=g\",\"contentUrl\":\"https:\\\/\\\/secure.gravatar.com\\\/avatar\\\/5f2d62681b1dad94c28f1500d4fc75582acdfd32b55fd1acce0a36a3c487eabe?s=96&d=mm&r=g\",\"caption\":\"Sensorial Sunsets\"},\"url\":\"https:\\\/\\\/www.sensorialsunsets.com\\\/fr\\\/author\\\/asistentes-sensorial-sunsets\\\/\"}]}<\/script>\n<!-- \/ Yoast SEO plugin. -->","yoast_head_json":{"title":"Festival du cin\u00e9ma europ\u00e9en 2025 au Costa Rica - SensorialSunsets","description":"Festival du cin\u00e9ma europ\u00e9en au cin\u00e9ma Magaly avec des films de 15 pays et des avant-premi\u00e8res du 14 au 29 ao\u00fbt.","robots":{"index":"index","follow":"follow","max-snippet":"max-snippet:-1","max-image-preview":"max-image-preview:large","max-video-preview":"max-video-preview:-1"},"canonical":"https:\/\/www.sensorialsunsets.com\/fr\/festival-du-cinema-europeen-2025-au-costa-rica\/","og_locale":"fr_FR","og_type":"article","og_title":"Festival du cin\u00e9ma europ\u00e9en 2025 au Costa Rica - SensorialSunsets","og_description":"Festival du cin\u00e9ma europ\u00e9en au cin\u00e9ma Magaly avec des films de 15 pays et des avant-premi\u00e8res du 14 au 29 ao\u00fbt.","og_url":"https:\/\/www.sensorialsunsets.com\/fr\/festival-du-cinema-europeen-2025-au-costa-rica\/","og_site_name":"SensorialSunsets","article_publisher":"https:\/\/www.facebook.com\/Sensorial-Sunsets-109180614715562","article_published_time":"2025-08-11T22:51:53+00:00","og_image":[{"width":1280,"height":720,"url":"https:\/\/www.sensorialsunsets.com\/wp-content\/uploads\/2025\/08\/Dracula-una-historia-de-amor-y-la-franco-luxemburguesa-Nina-y-el-secreto-del-erizo.jpg","type":"image\/jpeg"}],"author":"Sensorial Sunsets","twitter_card":"summary_large_image","twitter_misc":{"\u00c9crit par":"Sensorial Sunsets","Dur\u00e9e de lecture estim\u00e9e":"3 minutes"},"schema":{"@context":"https:\/\/schema.org","@graph":[{"@type":"Article","@id":"https:\/\/www.sensorialsunsets.com\/fr\/festival-du-cinema-europeen-2025-au-costa-rica\/#article","isPartOf":{"@id":"https:\/\/www.sensorialsunsets.com\/fr\/festival-du-cinema-europeen-2025-au-costa-rica\/"},"author":{"name":"Sensorial Sunsets","@id":"https:\/\/www.sensorialsunsets.com\/fr\/#\/schema\/person\/77e2fa594135aa94024c47e281d8a94d"},"headline":"Festival du cin\u00e9ma europ\u00e9en 2025 au Costa Rica","datePublished":"2025-08-11T22:51:53+00:00","mainEntityOfPage":{"@id":"https:\/\/www.sensorialsunsets.com\/fr\/festival-du-cinema-europeen-2025-au-costa-rica\/"},"wordCount":585,"publisher":{"@id":"https:\/\/www.sensorialsunsets.com\/fr\/#organization"},"image":{"@id":"https:\/\/www.sensorialsunsets.com\/fr\/festival-du-cinema-europeen-2025-au-costa-rica\/#primaryimage"},"thumbnailUrl":"https:\/\/www.sensorialsunsets.com\/wp-content\/uploads\/2025\/08\/Dracula-una-historia-de-amor-y-la-franco-luxemburguesa-Nina-y-el-secreto-del-erizo.jpg","articleSection":["Non classifi\u00e9(e)"],"inLanguage":"fr-FR"},{"@type":"WebPage","@id":"https:\/\/www.sensorialsunsets.com\/fr\/festival-du-cinema-europeen-2025-au-costa-rica\/","url":"https:\/\/www.sensorialsunsets.com\/fr\/festival-du-cinema-europeen-2025-au-costa-rica\/","name":"Festival du cin\u00e9ma europ\u00e9en 2025 au Costa Rica - SensorialSunsets","isPartOf":{"@id":"https:\/\/www.sensorialsunsets.com\/fr\/#website"},"primaryImageOfPage":{"@id":"https:\/\/www.sensorialsunsets.com\/fr\/festival-du-cinema-europeen-2025-au-costa-rica\/#primaryimage"},"image":{"@id":"https:\/\/www.sensorialsunsets.com\/fr\/festival-du-cinema-europeen-2025-au-costa-rica\/#primaryimage"},"thumbnailUrl":"https:\/\/www.sensorialsunsets.com\/wp-content\/uploads\/2025\/08\/Dracula-una-historia-de-amor-y-la-franco-luxemburguesa-Nina-y-el-secreto-del-erizo.jpg","datePublished":"2025-08-11T22:51:53+00:00","description":"Festival du cin\u00e9ma europ\u00e9en au cin\u00e9ma Magaly avec des films de 15 pays et des avant-premi\u00e8res du 14 au 29 ao\u00fbt.","inLanguage":"fr-FR","potentialAction":[{"@type":"ReadAction","target":["https:\/\/www.sensorialsunsets.com\/fr\/festival-du-cinema-europeen-2025-au-costa-rica\/"]}]},{"@type":"ImageObject","inLanguage":"fr-FR","@id":"https:\/\/www.sensorialsunsets.com\/fr\/festival-du-cinema-europeen-2025-au-costa-rica\/#primaryimage","url":"https:\/\/www.sensorialsunsets.com\/wp-content\/uploads\/2025\/08\/Dracula-una-historia-de-amor-y-la-franco-luxemburguesa-Nina-y-el-secreto-del-erizo.jpg","contentUrl":"https:\/\/www.sensorialsunsets.com\/wp-content\/uploads\/2025\/08\/Dracula-una-historia-de-amor-y-la-franco-luxemburguesa-Nina-y-el-secreto-del-erizo.jpg","width":1280,"height":720},{"@type":"WebSite","@id":"https:\/\/www.sensorialsunsets.com\/fr\/#website","url":"https:\/\/www.sensorialsunsets.com\/fr\/","name":"SensorialSunsets.com","description":"D\u00e9couvrez la culture et la soci\u00e9t\u00e9 du Costa Rica sur notre blog. Explorez des articles captivants et partagez le contenu.","publisher":{"@id":"https:\/\/www.sensorialsunsets.com\/fr\/#organization"},"alternateName":"Costa Rica Live Blog","potentialAction":[{"@type":"SearchAction","target":{"@type":"EntryPoint","urlTemplate":"https:\/\/www.sensorialsunsets.com\/fr\/?s={search_term_string}"},"query-input":{"@type":"PropertyValueSpecification","valueRequired":true,"valueName":"search_term_string"}}],"inLanguage":"fr-FR"},{"@type":"Organization","@id":"https:\/\/www.sensorialsunsets.com\/fr\/#organization","name":"SensorialSunsets","url":"https:\/\/www.sensorialsunsets.com\/fr\/","logo":{"@type":"ImageObject","inLanguage":"fr-FR","@id":"https:\/\/www.sensorialsunsets.com\/fr\/#\/schema\/logo\/image\/","url":"https:\/\/www.sensorialsunsets.com\/wp-content\/uploads\/2023\/04\/Logo_base_line_fond_clair.svg","contentUrl":"https:\/\/www.sensorialsunsets.com\/wp-content\/uploads\/2023\/04\/Logo_base_line_fond_clair.svg","width":"1024","height":"1024","caption":"SensorialSunsets"},"image":{"@id":"https:\/\/www.sensorialsunsets.com\/fr\/#\/schema\/logo\/image\/"},"sameAs":["https:\/\/www.facebook.com\/Sensorial-Sunsets-109180614715562","https:\/\/www.instagram.com\/sensorialsunsets\/"]},{"@type":"Person","@id":"https:\/\/www.sensorialsunsets.com\/fr\/#\/schema\/person\/77e2fa594135aa94024c47e281d8a94d","name":"Sensorial Sunsets","image":{"@type":"ImageObject","inLanguage":"fr-FR","@id":"https:\/\/secure.gravatar.com\/avatar\/5f2d62681b1dad94c28f1500d4fc75582acdfd32b55fd1acce0a36a3c487eabe?s=96&d=mm&r=g","url":"https:\/\/secure.gravatar.com\/avatar\/5f2d62681b1dad94c28f1500d4fc75582acdfd32b55fd1acce0a36a3c487eabe?s=96&d=mm&r=g","contentUrl":"https:\/\/secure.gravatar.com\/avatar\/5f2d62681b1dad94c28f1500d4fc75582acdfd32b55fd1acce0a36a3c487eabe?s=96&d=mm&r=g","caption":"Sensorial Sunsets"},"url":"https:\/\/www.sensorialsunsets.com\/fr\/author\/asistentes-sensorial-sunsets\/"}]}},"_links":{"self":[{"href":"https:\/\/www.sensorialsunsets.com\/fr\/wp-json\/wp\/v2\/posts\/22633","targetHints":{"allow":["GET"]}}],"collection":[{"href":"https:\/\/www.sensorialsunsets.com\/fr\/wp-json\/wp\/v2\/posts"}],"about":[{"href":"https:\/\/www.sensorialsunsets.com\/fr\/wp-json\/wp\/v2\/types\/post"}],"author":[{"embeddable":true,"href":"https:\/\/www.sensorialsunsets.com\/fr\/wp-json\/wp\/v2\/users\/4"}],"replies":[{"embeddable":true,"href":"https:\/\/www.sensorialsunsets.com\/fr\/wp-json\/wp\/v2\/comments?post=22633"}],"version-history":[{"count":1,"href":"https:\/\/www.sensorialsunsets.com\/fr\/wp-json\/wp\/v2\/posts\/22633\/revisions"}],"predecessor-version":[{"id":22634,"href":"https:\/\/www.sensorialsunsets.com\/fr\/wp-json\/wp\/v2\/posts\/22633\/revisions\/22634"}],"wp:featuredmedia":[{"embeddable":true,"href":"https:\/\/www.sensorialsunsets.com\/fr\/wp-json\/wp\/v2\/media\/22613"}],"wp:attachment":[{"href":"https:\/\/www.sensorialsunsets.com\/fr\/wp-json\/wp\/v2\/media?parent=22633"}],"wp:term":[{"taxonomy":"category","embeddable":true,"href":"https:\/\/www.sensorialsunsets.com\/fr\/wp-json\/wp\/v2\/categories?post=22633"},{"taxonomy":"post_tag","embeddable":true,"href":"https:\/\/www.sensorialsunsets.com\/fr\/wp-json\/wp\/v2\/tags?post=22633"}],"curies":[{"name":"wp","href":"https:\/\/api.w.org\/{rel}","templated":true}]}}