{"id":22667,"date":"2025-08-18T15:59:34","date_gmt":"2025-08-18T21:59:34","guid":{"rendered":"https:\/\/www.sensorialsunsets.com\/?p=22667"},"modified":"2025-08-18T15:59:34","modified_gmt":"2025-08-18T21:59:34","slug":"parcs-nationaux-patrimoine-naturel-et-historique-du-costa-rica","status":"publish","type":"post","link":"https:\/\/www.sensorialsunsets.com\/fr\/parcs-nationaux-patrimoine-naturel-et-historique-du-costa-rica\/","title":{"rendered":"Parcs nationaux : patrimoine naturel et historique du Costa Rica"},"content":{"rendered":"\n<p>En 1970, le peuple costaricien a pris une d\u00e9cision visionnaire : prot\u00e9ger la richesse naturelle et culturelle de son territoire afin que toutes les g\u00e9n\u00e9rations futures puissent en profiter. C&rsquo;est cette m\u00eame ann\u00e9e qu&rsquo;est n\u00e9 le <strong>Syst\u00e8me de <a href=\"https:\/\/www.sensorialsunsets.com\/fr\/24-aout-journee-des-parcs-nationaux-du-costa-rica\/\">parcs nationaux du Costa Rica<\/a><\/strong>, une initiative pionni\u00e8re aujourd&rsquo;hui admir\u00e9e dans le monde entier.<\/p>\n\n\n\n<p>Gr\u00e2ce \u00e0 cette politique, le Costa Rica conserve l&rsquo;un des taux de protection du territoire les plus \u00e9lev\u00e9s au monde : <strong>10,27 % de sa superficie est constitu\u00e9e de parcs nationaux<\/strong> et <strong>17 % suppl\u00e9mentaires<\/strong> sont consacr\u00e9s \u00e0 des r\u00e9serves, des refuges fauniques et d&rsquo;autres zones prot\u00e9g\u00e9es. Ce r\u00e9seau de conservation prot\u00e8ge non seulement les for\u00eats et les plages, mais aussi des sites historiques et arch\u00e9ologiques, tels que des vestiges pr\u00e9colombiens et d&rsquo;anciens champs de bataille, pr\u00e9serv\u00e9s avec le m\u00eame soin que les for\u00eats tropicales.<\/p>\n\n\n\n<p>Cet effort rev\u00eat une importance capitale, car le Costa Rica abrite pr\u00e8s de <strong>75 % de la biodiversit\u00e9 de toute l&rsquo;Am\u00e9rique centrale<\/strong>, ce qui en fait une destination unique pour les scientifiques, les d\u00e9fenseurs de l&rsquo;environnement et les amoureux de la nature.<\/p>\n\n\n\n<h3 class=\"wp-block-heading\">Le Syst\u00e8me national des zones de conservation (SINAC)<\/h3>\n\n\n\n<p>En 1998, le <strong>Syst\u00e8me national des zones de conservation (SINAC)<\/strong> a \u00e9t\u00e9 cr\u00e9\u00e9. Il prot\u00e8ge actuellement pr\u00e8s de 200 zones r\u00e9parties dans tout le pays. Parmi celles-ci, on peut citer :<\/p>\n\n\n\n<ul class=\"wp-block-list\">\n<li>Plus de <strong>50 refuges pour la faune sauvage<\/strong>.<\/li>\n\n\n\n<li><strong>32 parcs nationaux<\/strong> de grande superficie.<\/li>\n\n\n\n<li>Une douzaine de <strong>r\u00e9serves foresti\u00e8res<\/strong>.<\/li>\n\n\n\n<li>Plusieurs <strong>r\u00e9serves biologiques<\/strong> et zones marines.<\/li>\n<\/ul>\n\n\n\n<p>L&rsquo;acc\u00e8s \u00e0 bon nombre de ces sites est facile et abordable, ce qui permet tant aux Costariciens qu&rsquo;aux visiteurs internationaux de profiter d&rsquo;un r\u00e9seau de conservation exemplaire.<\/p>\n\n\n\n<div style=\"height:100px\" aria-hidden=\"true\" class=\"wp-block-spacer\"><\/div>\n\n\n\n<figure class=\"wp-block-gallery has-nested-images columns-default is-cropped wp-block-gallery-1 is-layout-flex wp-block-gallery-is-layout-flex\">\n<figure class=\"wp-block-image size-large\"><img loading=\"lazy\" decoding=\"async\" width=\"1024\" height=\"576\" data-id=\"22650\" src=\"https:\/\/www.sensorialsunsets.com\/wp-content\/uploads\/2025\/08\/landscape-of-a-huge-waterfall-in-the-middle-of-the-jungle-of-Costa-Rica-surrounded-by-vegetation-in-the-Barbilla-National-Park--1024x576.jpeg\" alt=\"\" class=\"wp-image-22650\" srcset=\"https:\/\/www.sensorialsunsets.com\/wp-content\/uploads\/2025\/08\/landscape-of-a-huge-waterfall-in-the-middle-of-the-jungle-of-Costa-Rica-surrounded-by-vegetation-in-the-Barbilla-National-Park--1024x576.jpeg 1024w, https:\/\/www.sensorialsunsets.com\/wp-content\/uploads\/2025\/08\/landscape-of-a-huge-waterfall-in-the-middle-of-the-jungle-of-Costa-Rica-surrounded-by-vegetation-in-the-Barbilla-National-Park--300x169.jpeg 300w, https:\/\/www.sensorialsunsets.com\/wp-content\/uploads\/2025\/08\/landscape-of-a-huge-waterfall-in-the-middle-of-the-jungle-of-Costa-Rica-surrounded-by-vegetation-in-the-Barbilla-National-Park--768x432.jpeg 768w, https:\/\/www.sensorialsunsets.com\/wp-content\/uploads\/2025\/08\/landscape-of-a-huge-waterfall-in-the-middle-of-the-jungle-of-Costa-Rica-surrounded-by-vegetation-in-the-Barbilla-National-Park--1536x864.jpeg 1536w, https:\/\/www.sensorialsunsets.com\/wp-content\/uploads\/2025\/08\/landscape-of-a-huge-waterfall-in-the-middle-of-the-jungle-of-Costa-Rica-surrounded-by-vegetation-in-the-Barbilla-National-Park--2048x1152.jpeg 2048w, https:\/\/www.sensorialsunsets.com\/wp-content\/uploads\/2025\/08\/landscape-of-a-huge-waterfall-in-the-middle-of-the-jungle-of-Costa-Rica-surrounded-by-vegetation-in-the-Barbilla-National-Park--1320x743.jpeg 1320w\" sizes=\"auto, (max-width: 1024px) 100vw, 1024px\" \/><\/figure>\n\n\n\n<figure class=\"wp-block-image size-large\"><img loading=\"lazy\" decoding=\"async\" width=\"1000\" height=\"667\" data-id=\"22646\" src=\"https:\/\/www.sensorialsunsets.com\/wp-content\/uploads\/2025\/08\/Landscape-on-a-beautiful-morning-with-paramo-vegetation-in-Chirripo-National-Park.jpg\" alt=\"Parcs nationaux\" class=\"wp-image-22646\" srcset=\"https:\/\/www.sensorialsunsets.com\/wp-content\/uploads\/2025\/08\/Landscape-on-a-beautiful-morning-with-paramo-vegetation-in-Chirripo-National-Park.jpg 1000w, https:\/\/www.sensorialsunsets.com\/wp-content\/uploads\/2025\/08\/Landscape-on-a-beautiful-morning-with-paramo-vegetation-in-Chirripo-National-Park-300x200.jpg 300w, https:\/\/www.sensorialsunsets.com\/wp-content\/uploads\/2025\/08\/Landscape-on-a-beautiful-morning-with-paramo-vegetation-in-Chirripo-National-Park-768x512.jpg 768w, https:\/\/www.sensorialsunsets.com\/wp-content\/uploads\/2025\/08\/Landscape-on-a-beautiful-morning-with-paramo-vegetation-in-Chirripo-National-Park-334x222.jpg 334w\" sizes=\"auto, (max-width: 1000px) 100vw, 1000px\" \/><\/figure>\n\n\n\n<figure class=\"wp-block-image size-large\"><img loading=\"lazy\" decoding=\"async\" width=\"1024\" height=\"683\" data-id=\"22653\" src=\"https:\/\/www.sensorialsunsets.com\/wp-content\/uploads\/2025\/08\/Quetzales-1024x683.jpeg\" alt=\"\" class=\"wp-image-22653\" srcset=\"https:\/\/www.sensorialsunsets.com\/wp-content\/uploads\/2025\/08\/Quetzales-1024x683.jpeg 1024w, https:\/\/www.sensorialsunsets.com\/wp-content\/uploads\/2025\/08\/Quetzales-300x200.jpeg 300w, https:\/\/www.sensorialsunsets.com\/wp-content\/uploads\/2025\/08\/Quetzales-768x512.jpeg 768w, https:\/\/www.sensorialsunsets.com\/wp-content\/uploads\/2025\/08\/Quetzales-1536x1024.jpeg 1536w, https:\/\/www.sensorialsunsets.com\/wp-content\/uploads\/2025\/08\/Quetzales-2048x1365.jpeg 2048w, https:\/\/www.sensorialsunsets.com\/wp-content\/uploads\/2025\/08\/Quetzales-334x222.jpeg 334w, https:\/\/www.sensorialsunsets.com\/wp-content\/uploads\/2025\/08\/Quetzales-1320x880.jpeg 1320w\" sizes=\"auto, (max-width: 1024px) 100vw, 1024px\" \/><\/figure>\n<\/figure>\n\n\n\n<div style=\"height:100px\" aria-hidden=\"true\" class=\"wp-block-spacer\"><\/div>\n\n\n\n<h3 class=\"wp-block-heading\">Une visite des parcs les plus embl\u00e9matiques<\/h3>\n\n\n\n<p>Au Costa Rica, on compte <strong>26 parcs nationaux<\/strong> officiels, g\u00e9r\u00e9s par le SINAC sous l&rsquo;\u00e9gide du <strong>minist\u00e8re de l&rsquo;Environnement et de l&rsquo;\u00c9nergie (MINAE)<\/strong>. Ensemble, ils repr\u00e9sentent plus de <strong>25 % du territoire national<\/strong> prot\u00e9g\u00e9. Parmi les plus remarquables, on peut citer :<\/p>\n\n\n\n<ul class=\"wp-block-list\">\n<li><strong>Parc national du Corcovado (p\u00e9ninsule d&rsquo;Osa) :<\/strong> consid\u00e9r\u00e9 comme un tr\u00e9sor, il abrite la plus grande for\u00eat tropicale de basse altitude au monde et une biodiversit\u00e9 unique.<\/li>\n\n\n\n<li><strong>Parc national Manuel Antonio :<\/strong> reconnu par <em>Forbes<\/em> en 2011 comme l&rsquo;un des plus beaux parcs de la plan\u00e8te, il combine plages et for\u00eat tropicale.<\/li>\n\n\n\n<li><strong>Parc international La Amistad (Cordill\u00e8re de Talamanca) :<\/strong> partag\u00e9 avec le Panama, il t\u00e9moigne de l&rsquo;engagement r\u00e9gional en faveur de la conservation.<\/li>\n\n\n\n<li><strong>Parc national de l&rsquo;\u00eele de Cocos :<\/strong> class\u00e9 au patrimoine mondial de l&rsquo;UNESCO en 1997, il est connu comme les \u00ab Gal\u00e1pagos d&rsquo;Am\u00e9rique centrale \u00bb et l&rsquo;une des destinations de plong\u00e9e les plus pris\u00e9es, abritant des raies manta, des requins marteaux, des requins baleines et des dauphins.<\/li>\n\n\n\n<li><strong>Des volcans embl\u00e9matiques<\/strong> tels que l&rsquo;<strong>Arenal<\/strong>, le <strong>Po\u00e1s<\/strong>, l&rsquo;<strong>Iraz\u00fa<\/strong>, le <strong>Turrialba<\/strong> et le <strong>Rinc\u00f3n de la Vieja<\/strong> offrent des paysages et des \u00e9cosyst\u00e8mes uniques.<\/li>\n\n\n\n<li><strong>Monteverde et Santa Elena<\/strong>, for\u00eats nuageuses o\u00f9 vit le mythique quetzal.<\/li>\n\n\n\n<li><strong>Tortuguero<\/strong>, c\u00e9l\u00e8bre pour la ponte des tortues marines.<\/li>\n\n\n\n<li><strong>Cahuita, Gandoca-Manzanillo et Bah\u00eda Ballena<\/strong>, qui allient culture locale, biodiversit\u00e9 marine et plages.<\/li>\n<\/ul>\n\n\n\n<h3 class=\"wp-block-heading\">Un mod\u00e8le de conservation et d&rsquo;\u00e9cotourisme<\/h3>\n\n\n\n<p>Le Costa Rica est reconnu internationalement pour son <strong>mod\u00e8le de conservation proactif<\/strong>, sa gestion environnementale et son engagement en faveur de l&rsquo;<strong>\u00e9cotourisme durable<\/strong>. Ses parcs abritent une grande diversit\u00e9 d&rsquo;\u00e9cosyst\u00e8mes : for\u00eats tropicales, for\u00eats s\u00e8ches, mangroves, zones humides, r\u00e9serves marines et for\u00eats nuageuses.<\/p>\n\n\n\n<p>Outre la pr\u00e9servation de la nature, ce syst\u00e8me apporte des avantages scientifiques et \u00e9ducatifs tr\u00e8s, car il permet d&rsquo;\u00e9tudier les habitats et l&rsquo;importance de leur protection.<\/p>\n\n\n\n<p>Les parcs nationaux du Costa Rica ne repr\u00e9sentent pas seulement un <strong>patrimoine naturel inestimable<\/strong>, mais aussi un engagement social et culturel envers la plan\u00e8te. Ils sont sans aucun doute un exemple de la fa\u00e7on dont un petit pays peut faire une grande diff\u00e9rence dans la lutte pour la conservation et le d\u00e9veloppement durable.<\/p>\n\n\n\n<p><strong>Sensorial Sunsets<\/strong><\/p>\n","protected":false},"excerpt":{"rendered":"<p>En 1970, le peuple costaricien a pris une d\u00e9cision visionnaire : prot\u00e9ger la richesse naturelle et culturelle de son territoire afin que toutes les g\u00e9n\u00e9rations futures puissent en profiter. C&rsquo;est cette m\u00eame ann\u00e9e qu&rsquo;est n\u00e9 le Syst\u00e8me de parcs nationaux du Costa Rica, une initiative pionni\u00e8re aujourd&rsquo;hui admir\u00e9e dans le monde entier. Gr\u00e2ce \u00e0 cette [&hellip;]<\/p>\n","protected":false},"author":4,"featured_media":22662,"comment_status":"closed","ping_status":"closed","sticky":false,"template":"","format":"standard","meta":{"_acf_changed":false,"inline_featured_image":false,"_monsterinsights_skip_tracking":false,"_monsterinsights_sitenote_active":false,"_monsterinsights_sitenote_note":"","_monsterinsights_sitenote_category":0,"footnotes":""},"categories":[1],"tags":[],"class_list":["post-22667","post","type-post","status-publish","format-standard","has-post-thumbnail","hentry","category-non-classifiee"],"acf":[],"yoast_head":"<!-- This site is optimized with the Yoast SEO plugin v27.4 - https:\/\/yoast.com\/product\/yoast-seo-wordpress\/ -->\n<title>Parcs nationaux : patrimoine naturel et historique du Costa Rica - SensorialSunsets<\/title>\n<meta name=\"description\" content=\"Parcs nationaux du Costa Rica. repr\u00e9sentent l&#039;un des plus grands tr\u00e9sors naturels au monde, avec plus de 25 % du territoire prot\u00e9g\u00e9.\" \/>\n<meta name=\"robots\" content=\"index, follow, max-snippet:-1, max-image-preview:large, max-video-preview:-1\" \/>\n<link rel=\"canonical\" href=\"https:\/\/www.sensorialsunsets.com\/fr\/parcs-nationaux-patrimoine-naturel-et-historique-du-costa-rica\/\" \/>\n<meta property=\"og:locale\" content=\"fr_FR\" \/>\n<meta property=\"og:type\" content=\"article\" \/>\n<meta property=\"og:title\" content=\"Parcs nationaux : patrimoine naturel et historique du Costa Rica - SensorialSunsets\" \/>\n<meta property=\"og:description\" content=\"Parcs nationaux du Costa Rica. repr\u00e9sentent l&#039;un des plus grands tr\u00e9sors naturels au monde, avec plus de 25 % du territoire prot\u00e9g\u00e9.\" \/>\n<meta property=\"og:url\" content=\"https:\/\/www.sensorialsunsets.com\/fr\/parcs-nationaux-patrimoine-naturel-et-historique-du-costa-rica\/\" \/>\n<meta property=\"og:site_name\" content=\"SensorialSunsets\" \/>\n<meta property=\"article:publisher\" content=\"https:\/\/www.facebook.com\/Sensorial-Sunsets-109180614715562\" \/>\n<meta property=\"article:published_time\" content=\"2025-08-18T21:59:34+00:00\" \/>\n<meta property=\"og:image\" content=\"https:\/\/www.sensorialsunsets.com\/wp-content\/uploads\/2025\/08\/Empty-benches-at-the-Catarata-del-Toro-waterfall-in-Costa-Rica.-.jpg\" \/>\n\t<meta property=\"og:image:width\" content=\"1000\" \/>\n\t<meta property=\"og:image:height\" content=\"668\" \/>\n\t<meta property=\"og:image:type\" content=\"image\/jpeg\" \/>\n<meta name=\"author\" content=\"Sensorial Sunsets\" \/>\n<meta name=\"twitter:card\" content=\"summary_large_image\" \/>\n<meta name=\"twitter:label1\" content=\"\u00c9crit par\" \/>\n\t<meta name=\"twitter:data1\" content=\"Sensorial Sunsets\" \/>\n\t<meta name=\"twitter:label2\" content=\"Dur\u00e9e de lecture estim\u00e9e\" \/>\n\t<meta name=\"twitter:data2\" content=\"3 minutes\" \/>\n<script type=\"application\/ld+json\" class=\"yoast-schema-graph\">{\"@context\":\"https:\\\/\\\/schema.org\",\"@graph\":[{\"@type\":\"Article\",\"@id\":\"https:\\\/\\\/www.sensorialsunsets.com\\\/fr\\\/parcs-nationaux-patrimoine-naturel-et-historique-du-costa-rica\\\/#article\",\"isPartOf\":{\"@id\":\"https:\\\/\\\/www.sensorialsunsets.com\\\/fr\\\/parcs-nationaux-patrimoine-naturel-et-historique-du-costa-rica\\\/\"},\"author\":{\"name\":\"Sensorial Sunsets\",\"@id\":\"https:\\\/\\\/www.sensorialsunsets.com\\\/fr\\\/#\\\/schema\\\/person\\\/77e2fa594135aa94024c47e281d8a94d\"},\"headline\":\"Parcs nationaux : patrimoine naturel et historique du Costa Rica\",\"datePublished\":\"2025-08-18T21:59:34+00:00\",\"mainEntityOfPage\":{\"@id\":\"https:\\\/\\\/www.sensorialsunsets.com\\\/fr\\\/parcs-nationaux-patrimoine-naturel-et-historique-du-costa-rica\\\/\"},\"wordCount\":716,\"publisher\":{\"@id\":\"https:\\\/\\\/www.sensorialsunsets.com\\\/fr\\\/#organization\"},\"image\":{\"@id\":\"https:\\\/\\\/www.sensorialsunsets.com\\\/fr\\\/parcs-nationaux-patrimoine-naturel-et-historique-du-costa-rica\\\/#primaryimage\"},\"thumbnailUrl\":\"https:\\\/\\\/www.sensorialsunsets.com\\\/wp-content\\\/uploads\\\/2025\\\/08\\\/Empty-benches-at-the-Catarata-del-Toro-waterfall-in-Costa-Rica.-.jpg\",\"articleSection\":[\"Non classifi\u00e9(e)\"],\"inLanguage\":\"fr-FR\"},{\"@type\":\"WebPage\",\"@id\":\"https:\\\/\\\/www.sensorialsunsets.com\\\/fr\\\/parcs-nationaux-patrimoine-naturel-et-historique-du-costa-rica\\\/\",\"url\":\"https:\\\/\\\/www.sensorialsunsets.com\\\/fr\\\/parcs-nationaux-patrimoine-naturel-et-historique-du-costa-rica\\\/\",\"name\":\"Parcs nationaux : patrimoine naturel et historique du Costa Rica - SensorialSunsets\",\"isPartOf\":{\"@id\":\"https:\\\/\\\/www.sensorialsunsets.com\\\/fr\\\/#website\"},\"primaryImageOfPage\":{\"@id\":\"https:\\\/\\\/www.sensorialsunsets.com\\\/fr\\\/parcs-nationaux-patrimoine-naturel-et-historique-du-costa-rica\\\/#primaryimage\"},\"image\":{\"@id\":\"https:\\\/\\\/www.sensorialsunsets.com\\\/fr\\\/parcs-nationaux-patrimoine-naturel-et-historique-du-costa-rica\\\/#primaryimage\"},\"thumbnailUrl\":\"https:\\\/\\\/www.sensorialsunsets.com\\\/wp-content\\\/uploads\\\/2025\\\/08\\\/Empty-benches-at-the-Catarata-del-Toro-waterfall-in-Costa-Rica.-.jpg\",\"datePublished\":\"2025-08-18T21:59:34+00:00\",\"description\":\"Parcs nationaux du Costa Rica. repr\u00e9sentent l'un des plus grands tr\u00e9sors naturels au monde, avec plus de 25 % du territoire prot\u00e9g\u00e9.\",\"inLanguage\":\"fr-FR\",\"potentialAction\":[{\"@type\":\"ReadAction\",\"target\":[\"https:\\\/\\\/www.sensorialsunsets.com\\\/fr\\\/parcs-nationaux-patrimoine-naturel-et-historique-du-costa-rica\\\/\"]}]},{\"@type\":\"ImageObject\",\"inLanguage\":\"fr-FR\",\"@id\":\"https:\\\/\\\/www.sensorialsunsets.com\\\/fr\\\/parcs-nationaux-patrimoine-naturel-et-historique-du-costa-rica\\\/#primaryimage\",\"url\":\"https:\\\/\\\/www.sensorialsunsets.com\\\/wp-content\\\/uploads\\\/2025\\\/08\\\/Empty-benches-at-the-Catarata-del-Toro-waterfall-in-Costa-Rica.-.jpg\",\"contentUrl\":\"https:\\\/\\\/www.sensorialsunsets.com\\\/wp-content\\\/uploads\\\/2025\\\/08\\\/Empty-benches-at-the-Catarata-del-Toro-waterfall-in-Costa-Rica.-.jpg\",\"width\":1000,\"height\":668},{\"@type\":\"WebSite\",\"@id\":\"https:\\\/\\\/www.sensorialsunsets.com\\\/fr\\\/#website\",\"url\":\"https:\\\/\\\/www.sensorialsunsets.com\\\/fr\\\/\",\"name\":\"SensorialSunsets.com\",\"description\":\"D\u00e9couvrez la culture et la soci\u00e9t\u00e9 du Costa Rica sur notre blog. Explorez des articles captivants et partagez le contenu.\",\"publisher\":{\"@id\":\"https:\\\/\\\/www.sensorialsunsets.com\\\/fr\\\/#organization\"},\"alternateName\":\"Costa Rica Live Blog\",\"potentialAction\":[{\"@type\":\"SearchAction\",\"target\":{\"@type\":\"EntryPoint\",\"urlTemplate\":\"https:\\\/\\\/www.sensorialsunsets.com\\\/fr\\\/?s={search_term_string}\"},\"query-input\":{\"@type\":\"PropertyValueSpecification\",\"valueRequired\":true,\"valueName\":\"search_term_string\"}}],\"inLanguage\":\"fr-FR\"},{\"@type\":\"Organization\",\"@id\":\"https:\\\/\\\/www.sensorialsunsets.com\\\/fr\\\/#organization\",\"name\":\"SensorialSunsets\",\"url\":\"https:\\\/\\\/www.sensorialsunsets.com\\\/fr\\\/\",\"logo\":{\"@type\":\"ImageObject\",\"inLanguage\":\"fr-FR\",\"@id\":\"https:\\\/\\\/www.sensorialsunsets.com\\\/fr\\\/#\\\/schema\\\/logo\\\/image\\\/\",\"url\":\"https:\\\/\\\/www.sensorialsunsets.com\\\/wp-content\\\/uploads\\\/2023\\\/04\\\/Logo_base_line_fond_clair.svg\",\"contentUrl\":\"https:\\\/\\\/www.sensorialsunsets.com\\\/wp-content\\\/uploads\\\/2023\\\/04\\\/Logo_base_line_fond_clair.svg\",\"width\":\"1024\",\"height\":\"1024\",\"caption\":\"SensorialSunsets\"},\"image\":{\"@id\":\"https:\\\/\\\/www.sensorialsunsets.com\\\/fr\\\/#\\\/schema\\\/logo\\\/image\\\/\"},\"sameAs\":[\"https:\\\/\\\/www.facebook.com\\\/Sensorial-Sunsets-109180614715562\",\"https:\\\/\\\/www.instagram.com\\\/sensorialsunsets\\\/\"]},{\"@type\":\"Person\",\"@id\":\"https:\\\/\\\/www.sensorialsunsets.com\\\/fr\\\/#\\\/schema\\\/person\\\/77e2fa594135aa94024c47e281d8a94d\",\"name\":\"Sensorial Sunsets\",\"image\":{\"@type\":\"ImageObject\",\"inLanguage\":\"fr-FR\",\"@id\":\"https:\\\/\\\/secure.gravatar.com\\\/avatar\\\/5f2d62681b1dad94c28f1500d4fc75582acdfd32b55fd1acce0a36a3c487eabe?s=96&d=mm&r=g\",\"url\":\"https:\\\/\\\/secure.gravatar.com\\\/avatar\\\/5f2d62681b1dad94c28f1500d4fc75582acdfd32b55fd1acce0a36a3c487eabe?s=96&d=mm&r=g\",\"contentUrl\":\"https:\\\/\\\/secure.gravatar.com\\\/avatar\\\/5f2d62681b1dad94c28f1500d4fc75582acdfd32b55fd1acce0a36a3c487eabe?s=96&d=mm&r=g\",\"caption\":\"Sensorial Sunsets\"},\"url\":\"https:\\\/\\\/www.sensorialsunsets.com\\\/fr\\\/author\\\/asistentes-sensorial-sunsets\\\/\"}]}<\/script>\n<!-- \/ Yoast SEO plugin. -->","yoast_head_json":{"title":"Parcs nationaux : patrimoine naturel et historique du Costa Rica - SensorialSunsets","description":"Parcs nationaux du Costa Rica. repr\u00e9sentent l'un des plus grands tr\u00e9sors naturels au monde, avec plus de 25 % du territoire prot\u00e9g\u00e9.","robots":{"index":"index","follow":"follow","max-snippet":"max-snippet:-1","max-image-preview":"max-image-preview:large","max-video-preview":"max-video-preview:-1"},"canonical":"https:\/\/www.sensorialsunsets.com\/fr\/parcs-nationaux-patrimoine-naturel-et-historique-du-costa-rica\/","og_locale":"fr_FR","og_type":"article","og_title":"Parcs nationaux : patrimoine naturel et historique du Costa Rica - SensorialSunsets","og_description":"Parcs nationaux du Costa Rica. repr\u00e9sentent l'un des plus grands tr\u00e9sors naturels au monde, avec plus de 25 % du territoire prot\u00e9g\u00e9.","og_url":"https:\/\/www.sensorialsunsets.com\/fr\/parcs-nationaux-patrimoine-naturel-et-historique-du-costa-rica\/","og_site_name":"SensorialSunsets","article_publisher":"https:\/\/www.facebook.com\/Sensorial-Sunsets-109180614715562","article_published_time":"2025-08-18T21:59:34+00:00","og_image":[{"width":1000,"height":668,"url":"https:\/\/www.sensorialsunsets.com\/wp-content\/uploads\/2025\/08\/Empty-benches-at-the-Catarata-del-Toro-waterfall-in-Costa-Rica.-.jpg","type":"image\/jpeg"}],"author":"Sensorial Sunsets","twitter_card":"summary_large_image","twitter_misc":{"\u00c9crit par":"Sensorial Sunsets","Dur\u00e9e de lecture estim\u00e9e":"3 minutes"},"schema":{"@context":"https:\/\/schema.org","@graph":[{"@type":"Article","@id":"https:\/\/www.sensorialsunsets.com\/fr\/parcs-nationaux-patrimoine-naturel-et-historique-du-costa-rica\/#article","isPartOf":{"@id":"https:\/\/www.sensorialsunsets.com\/fr\/parcs-nationaux-patrimoine-naturel-et-historique-du-costa-rica\/"},"author":{"name":"Sensorial Sunsets","@id":"https:\/\/www.sensorialsunsets.com\/fr\/#\/schema\/person\/77e2fa594135aa94024c47e281d8a94d"},"headline":"Parcs nationaux : patrimoine naturel et historique du Costa Rica","datePublished":"2025-08-18T21:59:34+00:00","mainEntityOfPage":{"@id":"https:\/\/www.sensorialsunsets.com\/fr\/parcs-nationaux-patrimoine-naturel-et-historique-du-costa-rica\/"},"wordCount":716,"publisher":{"@id":"https:\/\/www.sensorialsunsets.com\/fr\/#organization"},"image":{"@id":"https:\/\/www.sensorialsunsets.com\/fr\/parcs-nationaux-patrimoine-naturel-et-historique-du-costa-rica\/#primaryimage"},"thumbnailUrl":"https:\/\/www.sensorialsunsets.com\/wp-content\/uploads\/2025\/08\/Empty-benches-at-the-Catarata-del-Toro-waterfall-in-Costa-Rica.-.jpg","articleSection":["Non classifi\u00e9(e)"],"inLanguage":"fr-FR"},{"@type":"WebPage","@id":"https:\/\/www.sensorialsunsets.com\/fr\/parcs-nationaux-patrimoine-naturel-et-historique-du-costa-rica\/","url":"https:\/\/www.sensorialsunsets.com\/fr\/parcs-nationaux-patrimoine-naturel-et-historique-du-costa-rica\/","name":"Parcs nationaux : patrimoine naturel et historique du Costa Rica - SensorialSunsets","isPartOf":{"@id":"https:\/\/www.sensorialsunsets.com\/fr\/#website"},"primaryImageOfPage":{"@id":"https:\/\/www.sensorialsunsets.com\/fr\/parcs-nationaux-patrimoine-naturel-et-historique-du-costa-rica\/#primaryimage"},"image":{"@id":"https:\/\/www.sensorialsunsets.com\/fr\/parcs-nationaux-patrimoine-naturel-et-historique-du-costa-rica\/#primaryimage"},"thumbnailUrl":"https:\/\/www.sensorialsunsets.com\/wp-content\/uploads\/2025\/08\/Empty-benches-at-the-Catarata-del-Toro-waterfall-in-Costa-Rica.-.jpg","datePublished":"2025-08-18T21:59:34+00:00","description":"Parcs nationaux du Costa Rica. repr\u00e9sentent l'un des plus grands tr\u00e9sors naturels au monde, avec plus de 25 % du territoire prot\u00e9g\u00e9.","inLanguage":"fr-FR","potentialAction":[{"@type":"ReadAction","target":["https:\/\/www.sensorialsunsets.com\/fr\/parcs-nationaux-patrimoine-naturel-et-historique-du-costa-rica\/"]}]},{"@type":"ImageObject","inLanguage":"fr-FR","@id":"https:\/\/www.sensorialsunsets.com\/fr\/parcs-nationaux-patrimoine-naturel-et-historique-du-costa-rica\/#primaryimage","url":"https:\/\/www.sensorialsunsets.com\/wp-content\/uploads\/2025\/08\/Empty-benches-at-the-Catarata-del-Toro-waterfall-in-Costa-Rica.-.jpg","contentUrl":"https:\/\/www.sensorialsunsets.com\/wp-content\/uploads\/2025\/08\/Empty-benches-at-the-Catarata-del-Toro-waterfall-in-Costa-Rica.-.jpg","width":1000,"height":668},{"@type":"WebSite","@id":"https:\/\/www.sensorialsunsets.com\/fr\/#website","url":"https:\/\/www.sensorialsunsets.com\/fr\/","name":"SensorialSunsets.com","description":"D\u00e9couvrez la culture et la soci\u00e9t\u00e9 du Costa Rica sur notre blog. Explorez des articles captivants et partagez le contenu.","publisher":{"@id":"https:\/\/www.sensorialsunsets.com\/fr\/#organization"},"alternateName":"Costa Rica Live Blog","potentialAction":[{"@type":"SearchAction","target":{"@type":"EntryPoint","urlTemplate":"https:\/\/www.sensorialsunsets.com\/fr\/?s={search_term_string}"},"query-input":{"@type":"PropertyValueSpecification","valueRequired":true,"valueName":"search_term_string"}}],"inLanguage":"fr-FR"},{"@type":"Organization","@id":"https:\/\/www.sensorialsunsets.com\/fr\/#organization","name":"SensorialSunsets","url":"https:\/\/www.sensorialsunsets.com\/fr\/","logo":{"@type":"ImageObject","inLanguage":"fr-FR","@id":"https:\/\/www.sensorialsunsets.com\/fr\/#\/schema\/logo\/image\/","url":"https:\/\/www.sensorialsunsets.com\/wp-content\/uploads\/2023\/04\/Logo_base_line_fond_clair.svg","contentUrl":"https:\/\/www.sensorialsunsets.com\/wp-content\/uploads\/2023\/04\/Logo_base_line_fond_clair.svg","width":"1024","height":"1024","caption":"SensorialSunsets"},"image":{"@id":"https:\/\/www.sensorialsunsets.com\/fr\/#\/schema\/logo\/image\/"},"sameAs":["https:\/\/www.facebook.com\/Sensorial-Sunsets-109180614715562","https:\/\/www.instagram.com\/sensorialsunsets\/"]},{"@type":"Person","@id":"https:\/\/www.sensorialsunsets.com\/fr\/#\/schema\/person\/77e2fa594135aa94024c47e281d8a94d","name":"Sensorial Sunsets","image":{"@type":"ImageObject","inLanguage":"fr-FR","@id":"https:\/\/secure.gravatar.com\/avatar\/5f2d62681b1dad94c28f1500d4fc75582acdfd32b55fd1acce0a36a3c487eabe?s=96&d=mm&r=g","url":"https:\/\/secure.gravatar.com\/avatar\/5f2d62681b1dad94c28f1500d4fc75582acdfd32b55fd1acce0a36a3c487eabe?s=96&d=mm&r=g","contentUrl":"https:\/\/secure.gravatar.com\/avatar\/5f2d62681b1dad94c28f1500d4fc75582acdfd32b55fd1acce0a36a3c487eabe?s=96&d=mm&r=g","caption":"Sensorial Sunsets"},"url":"https:\/\/www.sensorialsunsets.com\/fr\/author\/asistentes-sensorial-sunsets\/"}]}},"_links":{"self":[{"href":"https:\/\/www.sensorialsunsets.com\/fr\/wp-json\/wp\/v2\/posts\/22667","targetHints":{"allow":["GET"]}}],"collection":[{"href":"https:\/\/www.sensorialsunsets.com\/fr\/wp-json\/wp\/v2\/posts"}],"about":[{"href":"https:\/\/www.sensorialsunsets.com\/fr\/wp-json\/wp\/v2\/types\/post"}],"author":[{"embeddable":true,"href":"https:\/\/www.sensorialsunsets.com\/fr\/wp-json\/wp\/v2\/users\/4"}],"replies":[{"embeddable":true,"href":"https:\/\/www.sensorialsunsets.com\/fr\/wp-json\/wp\/v2\/comments?post=22667"}],"version-history":[{"count":2,"href":"https:\/\/www.sensorialsunsets.com\/fr\/wp-json\/wp\/v2\/posts\/22667\/revisions"}],"predecessor-version":[{"id":22669,"href":"https:\/\/www.sensorialsunsets.com\/fr\/wp-json\/wp\/v2\/posts\/22667\/revisions\/22669"}],"wp:featuredmedia":[{"embeddable":true,"href":"https:\/\/www.sensorialsunsets.com\/fr\/wp-json\/wp\/v2\/media\/22662"}],"wp:attachment":[{"href":"https:\/\/www.sensorialsunsets.com\/fr\/wp-json\/wp\/v2\/media?parent=22667"}],"wp:term":[{"taxonomy":"category","embeddable":true,"href":"https:\/\/www.sensorialsunsets.com\/fr\/wp-json\/wp\/v2\/categories?post=22667"},{"taxonomy":"post_tag","embeddable":true,"href":"https:\/\/www.sensorialsunsets.com\/fr\/wp-json\/wp\/v2\/tags?post=22667"}],"curies":[{"name":"wp","href":"https:\/\/api.w.org\/{rel}","templated":true}]}}