{"id":22708,"date":"2025-08-20T16:40:57","date_gmt":"2025-08-20T22:40:57","guid":{"rendered":"https:\/\/www.sensorialsunsets.com\/?p=22708"},"modified":"2025-08-20T16:41:15","modified_gmt":"2025-08-20T22:41:15","slug":"paresseux-au-costa-rica-especes-sanctuaires-et-ou-les-observer","status":"publish","type":"post","link":"https:\/\/www.sensorialsunsets.com\/fr\/paresseux-au-costa-rica-especes-sanctuaires-et-ou-les-observer\/","title":{"rendered":"Paresseux au Costa Rica : esp\u00e8ces, sanctuaires et o\u00f9 les observer"},"content":{"rendered":"\n<p>Le Costa Rica abrite deux des six esp\u00e8ces d&rsquo;ours paresseux existant dans le monde : le <strong>paresseux \u00e0 deux doigts<\/strong> et le <strong>paresseux \u00e0 trois doigts<\/strong>. Ce <a href=\"https:\/\/www.sensorialsunsets.com\/fr\/les-5-animaux-les-plus-sympathiques-du-costa-rica\/\">sympathique mammif\u00e8re<\/a> herbivore, qui passe la majeure partie de sa vie dans les arbres des for\u00eats humides d&rsquo;Am\u00e9rique centrale et d&rsquo;Am\u00e9rique du Sud, est consid\u00e9r\u00e9 comme l&rsquo;un des animaux les plus aim\u00e9s et les plus embl\u00e9matiques du pays.<\/p>\n\n\n\n<p>En este art\u00edculo le contamos m\u00e1s sobre estas especies, d\u00f3nde encontrarlas y c\u00f3mo disfrutar de una experiencia aut\u00e9ntica y responsable en su h\u00e1bitat natural.<\/p>\n\n\n\n<h3 class=\"wp-block-heading\">Types d&rsquo;ours paresseux au Costa Rica<\/h3>\n\n\n\n<h5 class=\"wp-block-heading\">Paresseux \u00e0 deux doigts de Hoffmann (<em>Choloepus hoffmanni<\/em>)<\/h5>\n\n\n\n<p>De m\u0153urs principalement nocturnes, ce paresseux a <strong>trois doigts aux pattes arri\u00e8re et deux aux pattes avant<\/strong>. Son pelage est g\u00e9n\u00e9ralement brun clair ou blond, et il poss\u00e8de un nez rose et large caract\u00e9ristique qui rappelle celui d&rsquo;un cochon.<\/p>\n\n\n\n<div style=\"height:100px\" aria-hidden=\"true\" class=\"wp-block-spacer\"><\/div>\n\n\n\n<figure class=\"wp-block-gallery has-nested-images columns-default is-cropped wp-block-gallery-1 is-layout-flex wp-block-gallery-is-layout-flex\">\n<figure class=\"wp-block-image size-large\"><img loading=\"lazy\" decoding=\"async\" width=\"500\" height=\"500\" data-id=\"22674\" src=\"https:\/\/www.sensorialsunsets.com\/wp-content\/uploads\/2025\/08\/hoffmanns-two-toed-sloth.webp\" alt=\"Paresseux au Costa Rica\" class=\"wp-image-22674\" srcset=\"https:\/\/www.sensorialsunsets.com\/wp-content\/uploads\/2025\/08\/hoffmanns-two-toed-sloth.webp 500w, https:\/\/www.sensorialsunsets.com\/wp-content\/uploads\/2025\/08\/hoffmanns-two-toed-sloth-300x300.webp 300w, https:\/\/www.sensorialsunsets.com\/wp-content\/uploads\/2025\/08\/hoffmanns-two-toed-sloth-150x150.webp 150w, https:\/\/www.sensorialsunsets.com\/wp-content\/uploads\/2025\/08\/hoffmanns-two-toed-sloth-50x50.webp 50w, https:\/\/www.sensorialsunsets.com\/wp-content\/uploads\/2025\/08\/hoffmanns-two-toed-sloth-117x117.webp 117w\" sizes=\"auto, (max-width: 500px) 100vw, 500px\" \/><\/figure>\n\n\n\n<figure class=\"wp-block-image size-large\"><img loading=\"lazy\" decoding=\"async\" width=\"500\" height=\"500\" data-id=\"22677\" src=\"https:\/\/www.sensorialsunsets.com\/wp-content\/uploads\/2025\/08\/sloth-photo-op-costa-rica.webp\" alt=\"\" class=\"wp-image-22677\" srcset=\"https:\/\/www.sensorialsunsets.com\/wp-content\/uploads\/2025\/08\/sloth-photo-op-costa-rica.webp 500w, https:\/\/www.sensorialsunsets.com\/wp-content\/uploads\/2025\/08\/sloth-photo-op-costa-rica-300x300.webp 300w, https:\/\/www.sensorialsunsets.com\/wp-content\/uploads\/2025\/08\/sloth-photo-op-costa-rica-150x150.webp 150w, https:\/\/www.sensorialsunsets.com\/wp-content\/uploads\/2025\/08\/sloth-photo-op-costa-rica-50x50.webp 50w, https:\/\/www.sensorialsunsets.com\/wp-content\/uploads\/2025\/08\/sloth-photo-op-costa-rica-117x117.webp 117w\" sizes=\"auto, (max-width: 500px) 100vw, 500px\" \/><\/figure>\n\n\n\n<figure class=\"wp-block-image size-large\"><img loading=\"lazy\" decoding=\"async\" width=\"500\" height=\"500\" data-id=\"22680\" src=\"https:\/\/www.sensorialsunsets.com\/wp-content\/uploads\/2025\/08\/sloth-travel-guide-costa-rica.webp\" alt=\"Paresseux au Costa Rica\" class=\"wp-image-22680\" srcset=\"https:\/\/www.sensorialsunsets.com\/wp-content\/uploads\/2025\/08\/sloth-travel-guide-costa-rica.webp 500w, https:\/\/www.sensorialsunsets.com\/wp-content\/uploads\/2025\/08\/sloth-travel-guide-costa-rica-300x300.webp 300w, https:\/\/www.sensorialsunsets.com\/wp-content\/uploads\/2025\/08\/sloth-travel-guide-costa-rica-150x150.webp 150w, https:\/\/www.sensorialsunsets.com\/wp-content\/uploads\/2025\/08\/sloth-travel-guide-costa-rica-50x50.webp 50w, https:\/\/www.sensorialsunsets.com\/wp-content\/uploads\/2025\/08\/sloth-travel-guide-costa-rica-117x117.webp 117w\" sizes=\"auto, (max-width: 500px) 100vw, 500px\" \/><\/figure>\n<\/figure>\n\n\n\n<div style=\"height:100px\" aria-hidden=\"true\" class=\"wp-block-spacer\"><\/div>\n\n\n\n<h5 class=\"wp-block-heading\">Paresseux \u00e0 trois doigts \u00e0 gorge brune (<em>Bradypus variegatus<\/em>)<\/h5>\n\n\n\n<p>Plus facile \u00e0 observer pendant la journ\u00e9e, ce paresseux a <strong>trois doigts \u00e0 toutes ses pattes<\/strong> et est facilement reconnaissable \u00e0 son \u00ab sourire de Mona Lisa \u00bb et aux <strong>bandes noires autour des yeux<\/strong>. Son pelage combine des tons gris, noirs et blancs, et est souvent recouvert d&rsquo;algues et d&rsquo;insectes, ce qui lui permet de se camoufler dans la v\u00e9g\u00e9tation.<\/p>\n\n\n\n<div style=\"height:100px\" aria-hidden=\"true\" class=\"wp-block-spacer\"><\/div>\n\n\n\n<figure class=\"wp-block-gallery has-nested-images columns-default is-cropped wp-block-gallery-2 is-layout-flex wp-block-gallery-is-layout-flex\">\n<figure class=\"wp-block-image size-large\"><img loading=\"lazy\" decoding=\"async\" width=\"1024\" height=\"683\" data-id=\"22695\" src=\"https:\/\/www.sensorialsunsets.com\/wp-content\/uploads\/2025\/08\/bradypus-variegatus_2ac-1024x683.jpg\" alt=\"Paresseux au Costa Rica\" class=\"wp-image-22695\" srcset=\"https:\/\/www.sensorialsunsets.com\/wp-content\/uploads\/2025\/08\/bradypus-variegatus_2ac-1024x683.jpg 1024w, https:\/\/www.sensorialsunsets.com\/wp-content\/uploads\/2025\/08\/bradypus-variegatus_2ac-300x200.jpg 300w, https:\/\/www.sensorialsunsets.com\/wp-content\/uploads\/2025\/08\/bradypus-variegatus_2ac-768x512.jpg 768w, https:\/\/www.sensorialsunsets.com\/wp-content\/uploads\/2025\/08\/bradypus-variegatus_2ac-334x222.jpg 334w, https:\/\/www.sensorialsunsets.com\/wp-content\/uploads\/2025\/08\/bradypus-variegatus_2ac-1320x880.jpg 1320w, https:\/\/www.sensorialsunsets.com\/wp-content\/uploads\/2025\/08\/bradypus-variegatus_2ac.jpg 1500w\" sizes=\"auto, (max-width: 1024px) 100vw, 1024px\" \/><\/figure>\n\n\n\n<figure class=\"wp-block-image size-large\"><img loading=\"lazy\" decoding=\"async\" width=\"1024\" height=\"576\" data-id=\"22687\" src=\"https:\/\/www.sensorialsunsets.com\/wp-content\/uploads\/2025\/08\/Cara-de-oso-perezoso-de-dos-dedos-en-Natuwa-al-25-1024x576.jpg\" alt=\"\" class=\"wp-image-22687\" srcset=\"https:\/\/www.sensorialsunsets.com\/wp-content\/uploads\/2025\/08\/Cara-de-oso-perezoso-de-dos-dedos-en-Natuwa-al-25-1024x576.jpg 1024w, https:\/\/www.sensorialsunsets.com\/wp-content\/uploads\/2025\/08\/Cara-de-oso-perezoso-de-dos-dedos-en-Natuwa-al-25-300x169.jpg 300w, https:\/\/www.sensorialsunsets.com\/wp-content\/uploads\/2025\/08\/Cara-de-oso-perezoso-de-dos-dedos-en-Natuwa-al-25-768x432.jpg 768w, https:\/\/www.sensorialsunsets.com\/wp-content\/uploads\/2025\/08\/Cara-de-oso-perezoso-de-dos-dedos-en-Natuwa-al-25-1320x743.jpg 1320w, https:\/\/www.sensorialsunsets.com\/wp-content\/uploads\/2025\/08\/Cara-de-oso-perezoso-de-dos-dedos-en-Natuwa-al-25.jpg 1500w\" sizes=\"auto, (max-width: 1024px) 100vw, 1024px\" \/><\/figure>\n\n\n\n<figure class=\"wp-block-image size-large\"><img loading=\"lazy\" decoding=\"async\" width=\"1024\" height=\"769\" data-id=\"22686\" src=\"https:\/\/www.sensorialsunsets.com\/wp-content\/uploads\/2025\/08\/Perezoso-de-tres-dedos-de-garganta-marron-1-1024x769.webp\" alt=\"Paresseux au Costa Rica\" class=\"wp-image-22686\" srcset=\"https:\/\/www.sensorialsunsets.com\/wp-content\/uploads\/2025\/08\/Perezoso-de-tres-dedos-de-garganta-marron-1-1024x769.webp 1024w, https:\/\/www.sensorialsunsets.com\/wp-content\/uploads\/2025\/08\/Perezoso-de-tres-dedos-de-garganta-marron-1-300x225.webp 300w, https:\/\/www.sensorialsunsets.com\/wp-content\/uploads\/2025\/08\/Perezoso-de-tres-dedos-de-garganta-marron-1-768x577.webp 768w, https:\/\/www.sensorialsunsets.com\/wp-content\/uploads\/2025\/08\/Perezoso-de-tres-dedos-de-garganta-marron-1-1320x991.webp 1320w, https:\/\/www.sensorialsunsets.com\/wp-content\/uploads\/2025\/08\/Perezoso-de-tres-dedos-de-garganta-marron-1.webp 1440w\" sizes=\"auto, (max-width: 1024px) 100vw, 1024px\" \/><\/figure>\n<\/figure>\n\n\n\n<div style=\"height:100px\" aria-hidden=\"true\" class=\"wp-block-spacer\"><\/div>\n\n\n\n<h3 class=\"wp-block-heading\">Sanctuaire pour ours paresseux<\/h3>\n\n\n\n<p>\u00c0 Cahuita, dans la province de Lim\u00f3n, se trouve le <strong>Sloth Sanctuary of Costa Rica<\/strong>, pionnier dans la conservation de ces animaux. Sa mission est le <strong>sauvetage, la r\u00e9habilitation et la recherche<\/strong> des paresseux dans la r\u00e9gion des Cara\u00efbes.<\/p>\n\n\n\n<p>Le sanctuaire fonctionne gr\u00e2ce au soutien de b\u00e9n\u00e9voles internationaux, d&rsquo;institutions et d&rsquo;entreprises priv\u00e9es, et accueille \u00e9galement des visiteurs d\u00e9sireux d&rsquo;en savoir plus sur ces esp\u00e8ces. Il propose diff\u00e9rentes visites guid\u00e9es au cours desquelles il est possible d&rsquo;observer des paresseux \u00e0 deux et trois doigts, toujours dans le respect d&rsquo;une politique stricte interdisant de toucher ou de manipuler les animaux, car ceux-ci restent sauvages.<\/p>\n\n\n\n<p>Les visiteurs peuvent \u00e9galement contribuer au projet gr\u00e2ce \u00e0 des programmes d&rsquo;adoption symbolique, des souvenirs et des exp\u00e9riences \u00e9ducatives, ce qui renforce le message de conservation et de soutien aux parcs nationaux, habitat naturel des paresseux.<\/p>\n\n\n\n<h3 class=\"wp-block-heading\">O\u00f9 voir des paresseux au Costa Rica ?<\/h3>\n\n\n\n<p>Ces animaux vivent principalement dans les for\u00eats tropicales humides, mais on les trouve \u00e9galement dans des zones plus exploit\u00e9es comme le <strong>campus central de l&rsquo;Universit\u00e9 du Costa Rica<\/strong>, o\u00f9 la r\u00e9serve biologique interne offre un refuge \u00e0 diverses esp\u00e8ces.<\/p>\n\n\n\n<p>Si vous souhaitez augmenter vos chances de les observer, nous vous recommandons de visiter ces destinations :<\/p>\n\n\n\n<ul class=\"wp-block-list\">\n<li><strong>La Fortuna \u2013 Arenal<\/strong><br>Les for\u00eats qui entourent le volcan Arenal sont le refuge id\u00e9al des paresseux. Nous vous recommandons particuli\u00e8rement la <strong>visite des ponts suspendus<\/strong>, au cours de laquelle des guides sp\u00e9cialis\u00e9s vous aideront \u00e0 les rep\u00e9rer parmi la v\u00e9g\u00e9tation.<\/li>\n\n\n\n<li><strong>Parc national Manuel Antonio<\/strong><br>C\u00e9l\u00e8bre pour sa biodiversit\u00e9, il propose des randonn\u00e9es d&rsquo;environ deux heures o\u00f9 vous pourrez observer des paresseux, des singes et des oiseaux. Le meilleur moment pour le visiter est t\u00f4t le matin.<\/li>\n\n\n\n<li><strong>Parc national du Corcovado<\/strong><br>Consid\u00e9r\u00e9 par National Geographic comme \u00ab le lieu le plus intense de la plan\u00e8te sur le plan biologique \u00bb, ce parc prot\u00e8ge des habitats o\u00f9 cohabitent jaguars, tapirs et, bien s\u00fbr, les deux esp\u00e8ces de paresseux. Pour profiter au maximum de votre visite, nous vous recommandons de participer \u00e0 une visite guid\u00e9e au d\u00e9part de la station Sirena.<\/li>\n<\/ul>\n\n\n\n<p>Pour un tourisme responsable, n&rsquo;oubliez jamais :<\/p>\n\n\n\n<ul class=\"wp-block-list\">\n<li>Observer les paresseux sans les toucher ni les d\u00e9ranger.<\/li>\n\n\n\n<li>Respecter les consignes des guides et des experts.<\/li>\n\n\n\n<li>Signaler tout cas de d\u00e9tention ill\u00e9gale d&rsquo;animaux sauvages.<\/li>\n<\/ul>\n\n\n\n<h3 class=\"wp-block-heading\">Questions fr\u00e9quentes sur les paresseux <\/h3>\n\n\n\n<p><strong>\u00c0 quelle heure est-on le plus susceptible d&rsquo;apercevoir des paresseux ?<\/strong><br>Ils dorment entre 14 et 16 heures par jour, il n&rsquo;y a donc pas d&rsquo;horaire pr\u00e9cis. Cependant, les visites guid\u00e9es ont g\u00e9n\u00e9ralement lieu pendant la journ\u00e9e, lorsqu&rsquo;il est un peu plus facile de les observer.<\/p>\n\n\n\n<p><strong>Est-il l\u00e9gal d&rsquo;avoir un paresseux comme animal de compagnie ?<\/strong><br>Non. Le <strong>MINAE<\/strong> (minist\u00e8re de l&rsquo;Environnement et de l&rsquo;\u00c9nergie) interdit strictement la d\u00e9tention et le commerce d&rsquo;animaux sauvages. Si vous constatez une telle situation, signalez-la aux autorit\u00e9s.<\/p>\n\n\n\n<h3 class=\"wp-block-heading\">Vivez l&rsquo;exp\u00e9rience de rencontrer des paresseux au Costa Rica<\/h3>\n\n\n\n<p>Voyager pour observer les paresseux est une occasion unique de se connecter \u00e0 la biodiversit\u00e9 du pays. Que ce soit dans un sanctuaire, un parc national ou une r\u00e9serve biologique, chaque rencontre renforce l&rsquo;importance de prot\u00e9ger ce symbole cher \u00e0 la nature costaricienne.<\/p>\n\n\n\n<p><strong>Sensorial Sunsets<\/strong><\/p>\n","protected":false},"excerpt":{"rendered":"<p>Le Costa Rica abrite deux des six esp\u00e8ces d&rsquo;ours paresseux existant dans le monde : le paresseux \u00e0 deux doigts et le paresseux \u00e0 trois doigts. Ce sympathique mammif\u00e8re herbivore, qui passe la majeure partie de sa vie dans les arbres des for\u00eats humides d&rsquo;Am\u00e9rique centrale et d&rsquo;Am\u00e9rique du Sud, est consid\u00e9r\u00e9 comme l&rsquo;un des [&hellip;]<\/p>\n","protected":false},"author":4,"featured_media":22704,"comment_status":"closed","ping_status":"closed","sticky":false,"template":"","format":"standard","meta":{"_acf_changed":false,"inline_featured_image":false,"_monsterinsights_skip_tracking":false,"_monsterinsights_sitenote_active":false,"_monsterinsights_sitenote_note":"","_monsterinsights_sitenote_category":0,"footnotes":""},"categories":[1],"tags":[],"class_list":["post-22708","post","type-post","status-publish","format-standard","has-post-thumbnail","hentry","category-non-classifiee"],"acf":[],"yoast_head":"<!-- This site is optimized with the Yoast SEO plugin v27.4 - https:\/\/yoast.com\/product\/yoast-seo-wordpress\/ -->\n<title>Paresseux au Costa Rica : esp\u00e8ces, sanctuaires et o\u00f9 les observer - SensorialSunsets<\/title>\n<meta name=\"description\" content=\"Paresseux du Costa Rica : d\u00e9couvrez leurs esp\u00e8ces, leurs sanctuaires et les endroits pour les observer dans leur habitat naturel.\" \/>\n<meta name=\"robots\" content=\"index, follow, max-snippet:-1, max-image-preview:large, max-video-preview:-1\" \/>\n<link rel=\"canonical\" href=\"https:\/\/www.sensorialsunsets.com\/fr\/paresseux-au-costa-rica-especes-sanctuaires-et-ou-les-observer\/\" \/>\n<meta property=\"og:locale\" content=\"fr_FR\" \/>\n<meta property=\"og:type\" content=\"article\" \/>\n<meta property=\"og:title\" content=\"Paresseux au Costa Rica : esp\u00e8ces, sanctuaires et o\u00f9 les observer - SensorialSunsets\" \/>\n<meta property=\"og:description\" content=\"Paresseux du Costa Rica : d\u00e9couvrez leurs esp\u00e8ces, leurs sanctuaires et les endroits pour les observer dans leur habitat naturel.\" \/>\n<meta property=\"og:url\" content=\"https:\/\/www.sensorialsunsets.com\/fr\/paresseux-au-costa-rica-especes-sanctuaires-et-ou-les-observer\/\" \/>\n<meta property=\"og:site_name\" content=\"SensorialSunsets\" \/>\n<meta property=\"article:publisher\" content=\"https:\/\/www.facebook.com\/Sensorial-Sunsets-109180614715562\" \/>\n<meta property=\"article:published_time\" content=\"2025-08-20T22:40:57+00:00\" \/>\n<meta property=\"article:modified_time\" content=\"2025-08-20T22:41:15+00:00\" \/>\n<meta property=\"og:image\" content=\"https:\/\/www.sensorialsunsets.com\/wp-content\/uploads\/2025\/08\/pexels-michael-linares-51671894-7699133-scaled.jpg\" \/>\n\t<meta property=\"og:image:width\" content=\"2560\" \/>\n\t<meta property=\"og:image:height\" content=\"1707\" \/>\n\t<meta property=\"og:image:type\" content=\"image\/jpeg\" \/>\n<meta name=\"author\" content=\"Sensorial Sunsets\" \/>\n<meta name=\"twitter:card\" content=\"summary_large_image\" \/>\n<meta name=\"twitter:label1\" content=\"\u00c9crit par\" \/>\n\t<meta name=\"twitter:data1\" content=\"Sensorial Sunsets\" \/>\n\t<meta name=\"twitter:label2\" content=\"Dur\u00e9e de lecture estim\u00e9e\" \/>\n\t<meta name=\"twitter:data2\" content=\"4 minutes\" \/>\n<script type=\"application\/ld+json\" class=\"yoast-schema-graph\">{\"@context\":\"https:\\\/\\\/schema.org\",\"@graph\":[{\"@type\":\"Article\",\"@id\":\"https:\\\/\\\/www.sensorialsunsets.com\\\/fr\\\/paresseux-au-costa-rica-especes-sanctuaires-et-ou-les-observer\\\/#article\",\"isPartOf\":{\"@id\":\"https:\\\/\\\/www.sensorialsunsets.com\\\/fr\\\/paresseux-au-costa-rica-especes-sanctuaires-et-ou-les-observer\\\/\"},\"author\":{\"name\":\"Sensorial Sunsets\",\"@id\":\"https:\\\/\\\/www.sensorialsunsets.com\\\/fr\\\/#\\\/schema\\\/person\\\/77e2fa594135aa94024c47e281d8a94d\"},\"headline\":\"Paresseux au Costa Rica : esp\u00e8ces, sanctuaires et o\u00f9 les observer\",\"datePublished\":\"2025-08-20T22:40:57+00:00\",\"dateModified\":\"2025-08-20T22:41:15+00:00\",\"mainEntityOfPage\":{\"@id\":\"https:\\\/\\\/www.sensorialsunsets.com\\\/fr\\\/paresseux-au-costa-rica-especes-sanctuaires-et-ou-les-observer\\\/\"},\"wordCount\":816,\"publisher\":{\"@id\":\"https:\\\/\\\/www.sensorialsunsets.com\\\/fr\\\/#organization\"},\"image\":{\"@id\":\"https:\\\/\\\/www.sensorialsunsets.com\\\/fr\\\/paresseux-au-costa-rica-especes-sanctuaires-et-ou-les-observer\\\/#primaryimage\"},\"thumbnailUrl\":\"https:\\\/\\\/www.sensorialsunsets.com\\\/wp-content\\\/uploads\\\/2025\\\/08\\\/pexels-michael-linares-51671894-7699133-scaled.jpg\",\"articleSection\":[\"Non classifi\u00e9(e)\"],\"inLanguage\":\"fr-FR\"},{\"@type\":\"WebPage\",\"@id\":\"https:\\\/\\\/www.sensorialsunsets.com\\\/fr\\\/paresseux-au-costa-rica-especes-sanctuaires-et-ou-les-observer\\\/\",\"url\":\"https:\\\/\\\/www.sensorialsunsets.com\\\/fr\\\/paresseux-au-costa-rica-especes-sanctuaires-et-ou-les-observer\\\/\",\"name\":\"Paresseux au Costa Rica : esp\u00e8ces, sanctuaires et o\u00f9 les observer - SensorialSunsets\",\"isPartOf\":{\"@id\":\"https:\\\/\\\/www.sensorialsunsets.com\\\/fr\\\/#website\"},\"primaryImageOfPage\":{\"@id\":\"https:\\\/\\\/www.sensorialsunsets.com\\\/fr\\\/paresseux-au-costa-rica-especes-sanctuaires-et-ou-les-observer\\\/#primaryimage\"},\"image\":{\"@id\":\"https:\\\/\\\/www.sensorialsunsets.com\\\/fr\\\/paresseux-au-costa-rica-especes-sanctuaires-et-ou-les-observer\\\/#primaryimage\"},\"thumbnailUrl\":\"https:\\\/\\\/www.sensorialsunsets.com\\\/wp-content\\\/uploads\\\/2025\\\/08\\\/pexels-michael-linares-51671894-7699133-scaled.jpg\",\"datePublished\":\"2025-08-20T22:40:57+00:00\",\"dateModified\":\"2025-08-20T22:41:15+00:00\",\"description\":\"Paresseux du Costa Rica : d\u00e9couvrez leurs esp\u00e8ces, leurs sanctuaires et les endroits pour les observer dans leur habitat naturel.\",\"inLanguage\":\"fr-FR\",\"potentialAction\":[{\"@type\":\"ReadAction\",\"target\":[\"https:\\\/\\\/www.sensorialsunsets.com\\\/fr\\\/paresseux-au-costa-rica-especes-sanctuaires-et-ou-les-observer\\\/\"]}]},{\"@type\":\"ImageObject\",\"inLanguage\":\"fr-FR\",\"@id\":\"https:\\\/\\\/www.sensorialsunsets.com\\\/fr\\\/paresseux-au-costa-rica-especes-sanctuaires-et-ou-les-observer\\\/#primaryimage\",\"url\":\"https:\\\/\\\/www.sensorialsunsets.com\\\/wp-content\\\/uploads\\\/2025\\\/08\\\/pexels-michael-linares-51671894-7699133-scaled.jpg\",\"contentUrl\":\"https:\\\/\\\/www.sensorialsunsets.com\\\/wp-content\\\/uploads\\\/2025\\\/08\\\/pexels-michael-linares-51671894-7699133-scaled.jpg\",\"width\":2560,\"height\":1707,\"caption\":\"Paresseux au Costa Rica\"},{\"@type\":\"WebSite\",\"@id\":\"https:\\\/\\\/www.sensorialsunsets.com\\\/fr\\\/#website\",\"url\":\"https:\\\/\\\/www.sensorialsunsets.com\\\/fr\\\/\",\"name\":\"SensorialSunsets.com\",\"description\":\"D\u00e9couvrez la culture et la soci\u00e9t\u00e9 du Costa Rica sur notre blog. Explorez des articles captivants et partagez le contenu.\",\"publisher\":{\"@id\":\"https:\\\/\\\/www.sensorialsunsets.com\\\/fr\\\/#organization\"},\"alternateName\":\"Costa Rica Live Blog\",\"potentialAction\":[{\"@type\":\"SearchAction\",\"target\":{\"@type\":\"EntryPoint\",\"urlTemplate\":\"https:\\\/\\\/www.sensorialsunsets.com\\\/fr\\\/?s={search_term_string}\"},\"query-input\":{\"@type\":\"PropertyValueSpecification\",\"valueRequired\":true,\"valueName\":\"search_term_string\"}}],\"inLanguage\":\"fr-FR\"},{\"@type\":\"Organization\",\"@id\":\"https:\\\/\\\/www.sensorialsunsets.com\\\/fr\\\/#organization\",\"name\":\"SensorialSunsets\",\"url\":\"https:\\\/\\\/www.sensorialsunsets.com\\\/fr\\\/\",\"logo\":{\"@type\":\"ImageObject\",\"inLanguage\":\"fr-FR\",\"@id\":\"https:\\\/\\\/www.sensorialsunsets.com\\\/fr\\\/#\\\/schema\\\/logo\\\/image\\\/\",\"url\":\"https:\\\/\\\/www.sensorialsunsets.com\\\/wp-content\\\/uploads\\\/2023\\\/04\\\/Logo_base_line_fond_clair.svg\",\"contentUrl\":\"https:\\\/\\\/www.sensorialsunsets.com\\\/wp-content\\\/uploads\\\/2023\\\/04\\\/Logo_base_line_fond_clair.svg\",\"width\":\"1024\",\"height\":\"1024\",\"caption\":\"SensorialSunsets\"},\"image\":{\"@id\":\"https:\\\/\\\/www.sensorialsunsets.com\\\/fr\\\/#\\\/schema\\\/logo\\\/image\\\/\"},\"sameAs\":[\"https:\\\/\\\/www.facebook.com\\\/Sensorial-Sunsets-109180614715562\",\"https:\\\/\\\/www.instagram.com\\\/sensorialsunsets\\\/\"]},{\"@type\":\"Person\",\"@id\":\"https:\\\/\\\/www.sensorialsunsets.com\\\/fr\\\/#\\\/schema\\\/person\\\/77e2fa594135aa94024c47e281d8a94d\",\"name\":\"Sensorial Sunsets\",\"image\":{\"@type\":\"ImageObject\",\"inLanguage\":\"fr-FR\",\"@id\":\"https:\\\/\\\/secure.gravatar.com\\\/avatar\\\/5f2d62681b1dad94c28f1500d4fc75582acdfd32b55fd1acce0a36a3c487eabe?s=96&d=mm&r=g\",\"url\":\"https:\\\/\\\/secure.gravatar.com\\\/avatar\\\/5f2d62681b1dad94c28f1500d4fc75582acdfd32b55fd1acce0a36a3c487eabe?s=96&d=mm&r=g\",\"contentUrl\":\"https:\\\/\\\/secure.gravatar.com\\\/avatar\\\/5f2d62681b1dad94c28f1500d4fc75582acdfd32b55fd1acce0a36a3c487eabe?s=96&d=mm&r=g\",\"caption\":\"Sensorial Sunsets\"},\"url\":\"https:\\\/\\\/www.sensorialsunsets.com\\\/fr\\\/author\\\/asistentes-sensorial-sunsets\\\/\"}]}<\/script>\n<!-- \/ Yoast SEO plugin. -->","yoast_head_json":{"title":"Paresseux au Costa Rica : esp\u00e8ces, sanctuaires et o\u00f9 les observer - SensorialSunsets","description":"Paresseux du Costa Rica : d\u00e9couvrez leurs esp\u00e8ces, leurs sanctuaires et les endroits pour les observer dans leur habitat naturel.","robots":{"index":"index","follow":"follow","max-snippet":"max-snippet:-1","max-image-preview":"max-image-preview:large","max-video-preview":"max-video-preview:-1"},"canonical":"https:\/\/www.sensorialsunsets.com\/fr\/paresseux-au-costa-rica-especes-sanctuaires-et-ou-les-observer\/","og_locale":"fr_FR","og_type":"article","og_title":"Paresseux au Costa Rica : esp\u00e8ces, sanctuaires et o\u00f9 les observer - SensorialSunsets","og_description":"Paresseux du Costa Rica : d\u00e9couvrez leurs esp\u00e8ces, leurs sanctuaires et les endroits pour les observer dans leur habitat naturel.","og_url":"https:\/\/www.sensorialsunsets.com\/fr\/paresseux-au-costa-rica-especes-sanctuaires-et-ou-les-observer\/","og_site_name":"SensorialSunsets","article_publisher":"https:\/\/www.facebook.com\/Sensorial-Sunsets-109180614715562","article_published_time":"2025-08-20T22:40:57+00:00","article_modified_time":"2025-08-20T22:41:15+00:00","og_image":[{"width":2560,"height":1707,"url":"https:\/\/www.sensorialsunsets.com\/wp-content\/uploads\/2025\/08\/pexels-michael-linares-51671894-7699133-scaled.jpg","type":"image\/jpeg"}],"author":"Sensorial Sunsets","twitter_card":"summary_large_image","twitter_misc":{"\u00c9crit par":"Sensorial Sunsets","Dur\u00e9e de lecture estim\u00e9e":"4 minutes"},"schema":{"@context":"https:\/\/schema.org","@graph":[{"@type":"Article","@id":"https:\/\/www.sensorialsunsets.com\/fr\/paresseux-au-costa-rica-especes-sanctuaires-et-ou-les-observer\/#article","isPartOf":{"@id":"https:\/\/www.sensorialsunsets.com\/fr\/paresseux-au-costa-rica-especes-sanctuaires-et-ou-les-observer\/"},"author":{"name":"Sensorial Sunsets","@id":"https:\/\/www.sensorialsunsets.com\/fr\/#\/schema\/person\/77e2fa594135aa94024c47e281d8a94d"},"headline":"Paresseux au Costa Rica : esp\u00e8ces, sanctuaires et o\u00f9 les observer","datePublished":"2025-08-20T22:40:57+00:00","dateModified":"2025-08-20T22:41:15+00:00","mainEntityOfPage":{"@id":"https:\/\/www.sensorialsunsets.com\/fr\/paresseux-au-costa-rica-especes-sanctuaires-et-ou-les-observer\/"},"wordCount":816,"publisher":{"@id":"https:\/\/www.sensorialsunsets.com\/fr\/#organization"},"image":{"@id":"https:\/\/www.sensorialsunsets.com\/fr\/paresseux-au-costa-rica-especes-sanctuaires-et-ou-les-observer\/#primaryimage"},"thumbnailUrl":"https:\/\/www.sensorialsunsets.com\/wp-content\/uploads\/2025\/08\/pexels-michael-linares-51671894-7699133-scaled.jpg","articleSection":["Non classifi\u00e9(e)"],"inLanguage":"fr-FR"},{"@type":"WebPage","@id":"https:\/\/www.sensorialsunsets.com\/fr\/paresseux-au-costa-rica-especes-sanctuaires-et-ou-les-observer\/","url":"https:\/\/www.sensorialsunsets.com\/fr\/paresseux-au-costa-rica-especes-sanctuaires-et-ou-les-observer\/","name":"Paresseux au Costa Rica : esp\u00e8ces, sanctuaires et o\u00f9 les observer - SensorialSunsets","isPartOf":{"@id":"https:\/\/www.sensorialsunsets.com\/fr\/#website"},"primaryImageOfPage":{"@id":"https:\/\/www.sensorialsunsets.com\/fr\/paresseux-au-costa-rica-especes-sanctuaires-et-ou-les-observer\/#primaryimage"},"image":{"@id":"https:\/\/www.sensorialsunsets.com\/fr\/paresseux-au-costa-rica-especes-sanctuaires-et-ou-les-observer\/#primaryimage"},"thumbnailUrl":"https:\/\/www.sensorialsunsets.com\/wp-content\/uploads\/2025\/08\/pexels-michael-linares-51671894-7699133-scaled.jpg","datePublished":"2025-08-20T22:40:57+00:00","dateModified":"2025-08-20T22:41:15+00:00","description":"Paresseux du Costa Rica : d\u00e9couvrez leurs esp\u00e8ces, leurs sanctuaires et les endroits pour les observer dans leur habitat naturel.","inLanguage":"fr-FR","potentialAction":[{"@type":"ReadAction","target":["https:\/\/www.sensorialsunsets.com\/fr\/paresseux-au-costa-rica-especes-sanctuaires-et-ou-les-observer\/"]}]},{"@type":"ImageObject","inLanguage":"fr-FR","@id":"https:\/\/www.sensorialsunsets.com\/fr\/paresseux-au-costa-rica-especes-sanctuaires-et-ou-les-observer\/#primaryimage","url":"https:\/\/www.sensorialsunsets.com\/wp-content\/uploads\/2025\/08\/pexels-michael-linares-51671894-7699133-scaled.jpg","contentUrl":"https:\/\/www.sensorialsunsets.com\/wp-content\/uploads\/2025\/08\/pexels-michael-linares-51671894-7699133-scaled.jpg","width":2560,"height":1707,"caption":"Paresseux au Costa Rica"},{"@type":"WebSite","@id":"https:\/\/www.sensorialsunsets.com\/fr\/#website","url":"https:\/\/www.sensorialsunsets.com\/fr\/","name":"SensorialSunsets.com","description":"D\u00e9couvrez la culture et la soci\u00e9t\u00e9 du Costa Rica sur notre blog. Explorez des articles captivants et partagez le contenu.","publisher":{"@id":"https:\/\/www.sensorialsunsets.com\/fr\/#organization"},"alternateName":"Costa Rica Live Blog","potentialAction":[{"@type":"SearchAction","target":{"@type":"EntryPoint","urlTemplate":"https:\/\/www.sensorialsunsets.com\/fr\/?s={search_term_string}"},"query-input":{"@type":"PropertyValueSpecification","valueRequired":true,"valueName":"search_term_string"}}],"inLanguage":"fr-FR"},{"@type":"Organization","@id":"https:\/\/www.sensorialsunsets.com\/fr\/#organization","name":"SensorialSunsets","url":"https:\/\/www.sensorialsunsets.com\/fr\/","logo":{"@type":"ImageObject","inLanguage":"fr-FR","@id":"https:\/\/www.sensorialsunsets.com\/fr\/#\/schema\/logo\/image\/","url":"https:\/\/www.sensorialsunsets.com\/wp-content\/uploads\/2023\/04\/Logo_base_line_fond_clair.svg","contentUrl":"https:\/\/www.sensorialsunsets.com\/wp-content\/uploads\/2023\/04\/Logo_base_line_fond_clair.svg","width":"1024","height":"1024","caption":"SensorialSunsets"},"image":{"@id":"https:\/\/www.sensorialsunsets.com\/fr\/#\/schema\/logo\/image\/"},"sameAs":["https:\/\/www.facebook.com\/Sensorial-Sunsets-109180614715562","https:\/\/www.instagram.com\/sensorialsunsets\/"]},{"@type":"Person","@id":"https:\/\/www.sensorialsunsets.com\/fr\/#\/schema\/person\/77e2fa594135aa94024c47e281d8a94d","name":"Sensorial Sunsets","image":{"@type":"ImageObject","inLanguage":"fr-FR","@id":"https:\/\/secure.gravatar.com\/avatar\/5f2d62681b1dad94c28f1500d4fc75582acdfd32b55fd1acce0a36a3c487eabe?s=96&d=mm&r=g","url":"https:\/\/secure.gravatar.com\/avatar\/5f2d62681b1dad94c28f1500d4fc75582acdfd32b55fd1acce0a36a3c487eabe?s=96&d=mm&r=g","contentUrl":"https:\/\/secure.gravatar.com\/avatar\/5f2d62681b1dad94c28f1500d4fc75582acdfd32b55fd1acce0a36a3c487eabe?s=96&d=mm&r=g","caption":"Sensorial Sunsets"},"url":"https:\/\/www.sensorialsunsets.com\/fr\/author\/asistentes-sensorial-sunsets\/"}]}},"_links":{"self":[{"href":"https:\/\/www.sensorialsunsets.com\/fr\/wp-json\/wp\/v2\/posts\/22708","targetHints":{"allow":["GET"]}}],"collection":[{"href":"https:\/\/www.sensorialsunsets.com\/fr\/wp-json\/wp\/v2\/posts"}],"about":[{"href":"https:\/\/www.sensorialsunsets.com\/fr\/wp-json\/wp\/v2\/types\/post"}],"author":[{"embeddable":true,"href":"https:\/\/www.sensorialsunsets.com\/fr\/wp-json\/wp\/v2\/users\/4"}],"replies":[{"embeddable":true,"href":"https:\/\/www.sensorialsunsets.com\/fr\/wp-json\/wp\/v2\/comments?post=22708"}],"version-history":[{"count":3,"href":"https:\/\/www.sensorialsunsets.com\/fr\/wp-json\/wp\/v2\/posts\/22708\/revisions"}],"predecessor-version":[{"id":22711,"href":"https:\/\/www.sensorialsunsets.com\/fr\/wp-json\/wp\/v2\/posts\/22708\/revisions\/22711"}],"wp:featuredmedia":[{"embeddable":true,"href":"https:\/\/www.sensorialsunsets.com\/fr\/wp-json\/wp\/v2\/media\/22704"}],"wp:attachment":[{"href":"https:\/\/www.sensorialsunsets.com\/fr\/wp-json\/wp\/v2\/media?parent=22708"}],"wp:term":[{"taxonomy":"category","embeddable":true,"href":"https:\/\/www.sensorialsunsets.com\/fr\/wp-json\/wp\/v2\/categories?post=22708"},{"taxonomy":"post_tag","embeddable":true,"href":"https:\/\/www.sensorialsunsets.com\/fr\/wp-json\/wp\/v2\/tags?post=22708"}],"curies":[{"name":"wp","href":"https:\/\/api.w.org\/{rel}","templated":true}]}}