{"id":22732,"date":"2025-08-22T15:52:52","date_gmt":"2025-08-22T21:52:52","guid":{"rendered":"https:\/\/www.sensorialsunsets.com\/?p=22732"},"modified":"2025-08-22T15:52:52","modified_gmt":"2025-08-22T21:52:52","slug":"parc-simon-bolivar-du-zoo-national-au-premier-parc-naturel-urbain-du-costa-rica","status":"publish","type":"post","link":"https:\/\/www.sensorialsunsets.com\/fr\/parc-simon-bolivar-du-zoo-national-au-premier-parc-naturel-urbain-du-costa-rica\/","title":{"rendered":"Parc Sim\u00f3n Bol\u00edvar : du zoo national au premier parc naturel urbain du Costa Rica"},"content":{"rendered":"\n<p>Le parc zoologique et jardin botanique national Sim\u00f3n Bol\u00edvar, l&rsquo;un des lieux les plus embl\u00e9matiques de San Jos\u00e9, entame une nouvelle \u00e9tape de sa longue histoire : il abandonnera sa fonction de zoo pour devenir le premier parc naturel urbain du Costa Rica. Ce projet ambitieux, men\u00e9 par l&rsquo;Association des amis de la nature du Pacifique central et sud, devrait \u00eatre achev\u00e9 d&rsquo;ici la fin de l&rsquo;ann\u00e9e 2026.<\/p>\n\n<h3 class=\"wp-block-heading\">De jardin botanique \u00e0 zoo national<\/h3>\n\n<p>L&rsquo;histoire du lieu remonte \u00e0 1884, lorsque le scientifique suisse <strong>Henry Pittier Promond<\/strong> fonda le <em>Jardin des plantes et des animaux<\/em> en tant qu&rsquo;institution rattach\u00e9e \u00e0 l&rsquo;Institut g\u00e9ographique du Costa Rica. \u00c0 l&rsquo;origine, il \u00e9tait situ\u00e9 pr\u00e8s du Lyc\u00e9e de Costa Rica, mais les plaintes des voisins concernant le bruit ont oblig\u00e9 \u00e0 le d\u00e9placer dans les environs du quartier d&rsquo;Otoya.<\/p>\n\n<p>Le 5 juillet 1916, par le d\u00e9cret ex\u00e9cutif n\u00b0 3, le <strong>Jardin botanique et zoologique national Sim\u00f3n Bol\u00edvar<\/strong> a \u00e9t\u00e9 officiellement cr\u00e9\u00e9, baptis\u00e9 en l&rsquo;honneur du lib\u00e9rateur sud-am\u00e9ricain. Son inauguration eut lieu le <strong>24 juillet 1921<\/strong>, \u00e0 l&rsquo;occasion de l&rsquo;anniversaire du h\u00e9ros national et de la c\u00e9l\u00e9bration du centenaire de l&rsquo;ind\u00e9pendance, avec pour mission de pr\u00e9server les esp\u00e8ces menac\u00e9es et d&rsquo;encourager l&rsquo;\u00e9ducation et la recherche scientifique.<\/p>\n\n<p>Au fil des d\u00e9cennies, le parc a connu diff\u00e9rentes administrations : il a d&rsquo;abord \u00e9t\u00e9 rattach\u00e9 au Mus\u00e9e national du Costa Rica, puis au minist\u00e8re de l&rsquo;Agriculture et \u00e0 ses diff\u00e9rentes agences, et enfin, \u00e0 partir de 1994, \u00e0 la <strong>Fondation Pro Zool\u00f3gicos (FUNDAZOO)<\/strong> dans le cadre d&rsquo;un contrat avec le minist\u00e8re de l&rsquo;Environnement, de l&rsquo;\u00c9nergie et des Mines.<\/p>\n\n<div style=\"height:100px\" aria-hidden=\"true\" class=\"wp-block-spacer\"><\/div>\n\n<figure class=\"wp-block-gallery has-nested-images columns-default is-cropped wp-block-gallery-1 is-layout-flex wp-block-gallery-is-layout-flex\">\n<figure class=\"wp-block-image size-large\"><img loading=\"lazy\" decoding=\"async\" width=\"1024\" height=\"768\" data-id=\"22720\" src=\"https:\/\/www.sensorialsunsets.com\/wp-content\/uploads\/2025\/08\/eaf59484a05f9b16e51ba23ba42de310-1024x768.jpg\" alt=\"Parc Sim&#xF3;n Bol&#xED;var Costa Rica\" class=\"wp-image-22720\" srcset=\"https:\/\/www.sensorialsunsets.com\/wp-content\/uploads\/2025\/08\/eaf59484a05f9b16e51ba23ba42de310-1024x768.jpg 1024w, https:\/\/www.sensorialsunsets.com\/wp-content\/uploads\/2025\/08\/eaf59484a05f9b16e51ba23ba42de310-300x225.jpg 300w, https:\/\/www.sensorialsunsets.com\/wp-content\/uploads\/2025\/08\/eaf59484a05f9b16e51ba23ba42de310-768x576.jpg 768w, https:\/\/www.sensorialsunsets.com\/wp-content\/uploads\/2025\/08\/eaf59484a05f9b16e51ba23ba42de310.jpg 1049w\" sizes=\"auto, (max-width: 1024px) 100vw, 1024px\" \/><\/figure>\n\n\n\n<figure class=\"wp-block-image size-large\"><img loading=\"lazy\" decoding=\"async\" width=\"600\" height=\"398\" data-id=\"22717\" src=\"https:\/\/www.sensorialsunsets.com\/wp-content\/uploads\/2025\/08\/Z44LKVECRZD4RFC47XFBSG62QY.avif\" alt=\"Parc Sim&#xF3;n Bol&#xED;var Costa Rica\" class=\"wp-image-22717\" srcset=\"https:\/\/www.sensorialsunsets.com\/wp-content\/uploads\/2025\/08\/Z44LKVECRZD4RFC47XFBSG62QY.avif 600w, https:\/\/www.sensorialsunsets.com\/wp-content\/uploads\/2025\/08\/Z44LKVECRZD4RFC47XFBSG62QY-300x199.jpg 300w, https:\/\/www.sensorialsunsets.com\/wp-content\/uploads\/2025\/08\/Z44LKVECRZD4RFC47XFBSG62QY-334x222.jpg 334w\" sizes=\"auto, (max-width: 600px) 100vw, 600px\" \/><\/figure>\n\n\n\n<figure class=\"wp-block-image size-large\"><img loading=\"lazy\" decoding=\"async\" width=\"1024\" height=\"683\" data-id=\"22721\" src=\"https:\/\/www.sensorialsunsets.com\/wp-content\/uploads\/2025\/08\/2467RO6PD5DPZDFSGBNTKIEIWE-1024x683.jpg\" alt=\"Parc Sim&#xF3;n Bol&#xED;var Costa Rica\" class=\"wp-image-22721\" srcset=\"https:\/\/www.sensorialsunsets.com\/wp-content\/uploads\/2025\/08\/2467RO6PD5DPZDFSGBNTKIEIWE-1024x683.jpg 1024w, https:\/\/www.sensorialsunsets.com\/wp-content\/uploads\/2025\/08\/2467RO6PD5DPZDFSGBNTKIEIWE-300x200.jpg 300w, https:\/\/www.sensorialsunsets.com\/wp-content\/uploads\/2025\/08\/2467RO6PD5DPZDFSGBNTKIEIWE-768x512.jpg 768w, https:\/\/www.sensorialsunsets.com\/wp-content\/uploads\/2025\/08\/2467RO6PD5DPZDFSGBNTKIEIWE-334x222.jpg 334w, https:\/\/www.sensorialsunsets.com\/wp-content\/uploads\/2025\/08\/2467RO6PD5DPZDFSGBNTKIEIWE-1320x880.jpg 1320w, https:\/\/www.sensorialsunsets.com\/wp-content\/uploads\/2025\/08\/2467RO6PD5DPZDFSGBNTKIEIWE.jpg 1440w\" sizes=\"auto, (max-width: 1024px) 100vw, 1024px\" \/><\/figure>\n<\/figure>\n\n<div style=\"height:100px\" aria-hidden=\"true\" class=\"wp-block-spacer\"><\/div>\n\n<h3 class=\"wp-block-heading\">Espace vert au c\u0153ur de San Jos\u00e9<\/h3>\n\n<p>D&rsquo;une superficie de <strong>2,63 hectares<\/strong>, le parc est situ\u00e9 dans le quartier du Carmen et fait partie du <strong>Corridor biologique interurbain R\u00edo Torres<\/strong>. Sa conception originale comprenait des sentiers, des enclos pour les animaux, un \u00e9tang, une clinique v\u00e9t\u00e9rinaire, un herp\u00e9tarium, des ateliers d&rsquo;\u00e9ducation environnementale et des aires de jeux pour les enfants, ainsi que des bureaux et des espaces administratifs.<\/p>\n\n<p>Pendant plus d&rsquo;un si\u00e8cle, il a \u00e9t\u00e9 l&rsquo;une des principales attractions urbaines de San Jos\u00e9, o\u00f9 des g\u00e9n\u00e9rations de Costariciens ont d\u00e9couvert la faune sauvage.<\/p>\n\n<h3 class=\"wp-block-heading\">La fermeture et la transformation<\/h3>\n\n<p>Apr\u00e8s un long d\u00e9bat sur le r\u00f4le des zoos dans la conservation et le bien-\u00eatre animal, le parc Sim\u00f3n Bol\u00edvar <strong><a href=\"https:\/\/www.sensorialsunsets.com\/fr\/le-costa-rica-ferme-les-zoos-publics-pour-favoriser-la-conservation-de-la-nature\/\">ferm\u00e9 ses portes en tant que zoo<\/a><\/strong>, marquant ainsi le d\u00e9but de sa transition vers un <strong>parc naturel urbain<\/strong>.<\/p>\n\n<p>Le projet de transformation vise \u00e0 cr\u00e9er un espace comprenant des for\u00eats, des \u00e9cosyst\u00e8mes aquatiques, un patrimoine architectural et culturel, ainsi que des zones r\u00e9cr\u00e9atives. Selon les autorit\u00e9s, les anciens enclos pour animaux seront transform\u00e9s en espaces \u00e9ducatifs, artistiques et communautaires, ouverts \u00e0 la cr\u00e9ativit\u00e9 et aux rencontres citoyennes.<\/p>\n\n<p>Le ministre de l&rsquo;Environnement et de l&rsquo;\u00c9nergie, <strong>Franz Tattenbach<\/strong>, a soulign\u00e9 l&rsquo;importance de cette reconversion :<\/p>\n\n<blockquote class=\"wp-block-quote is-layout-flow wp-block-quote-is-layout-flow\">\n<p>Cela d\u00e9montre non seulement l&rsquo;engagement de cette administration en faveur de la conservation de la faune sauvage, mais c&rsquo;est \u00e9galement le r\u00e9sultat d&rsquo;un effort conjoint entre le gouvernement central et local. De plus, cela comprend un circuit culturel et patrimonial unique au c\u0153ur de San Jos\u00e9, pour le plus grand plaisir des citoyens.<\/p>\n<\/blockquote>\n\n<p>Pour sa part, le ministre de la Culture et de la Jeunesse, Jorge Rodr\u00edguez Vives, a soulign\u00e9 que le slogan du projet est \u00ab R\u00e9interpr\u00e9ter notre patrimoine \u00bb et que les anciennes cages seront transform\u00e9es en espaces de loisirs, d&rsquo;\u00e9ducation et d&rsquo;art afin de soutenir la reprise culturelle et \u00e9conomique de la ville.<\/p>\n\n<h3 class=\"wp-block-heading\">Une nouvelle \u00e9tape pour une ic\u00f4ne de San Jos\u00e9<\/h3>\n\n<p>Le <strong>Plan g\u00e9n\u00e9ral de gestion<\/strong> pr\u00e9sent\u00e9 par le gouvernement \u00e9tablit les lignes directrices pour les dix prochaines ann\u00e9es de gestion et de d\u00e9veloppement du parc Sim\u00f3n Bol\u00edvar. La phase initiale de diagnostic et de planification est estim\u00e9e entre un et trois ans, apr\u00e8s quoi le site sera partiellement ouvert au public. Cependant, on estime que l&rsquo;infrastructure finale sera consolid\u00e9e dans un d\u00e9lai de cinq \u00e0 dix ans.<\/p>\n\n<p><strong>Sensorial Sunsets<\/strong><\/p>\n","protected":false},"excerpt":{"rendered":"<p>Le parc zoologique et jardin botanique national Sim\u00f3n Bol\u00edvar, l&rsquo;un des lieux les plus embl\u00e9matiques de San Jos\u00e9, entame une nouvelle \u00e9tape de sa longue histoire : il abandonnera sa fonction de zoo pour devenir le premier parc naturel urbain du Costa Rica. Ce projet ambitieux, men\u00e9 par l&rsquo;Association des amis de la nature du [&hellip;]<\/p>\n","protected":false},"author":4,"featured_media":22716,"comment_status":"closed","ping_status":"closed","sticky":false,"template":"","format":"standard","meta":{"_acf_changed":false,"inline_featured_image":false,"_monsterinsights_skip_tracking":false,"_monsterinsights_sitenote_active":false,"_monsterinsights_sitenote_note":"","_monsterinsights_sitenote_category":0,"footnotes":""},"categories":[1],"tags":[],"class_list":["post-22732","post","type-post","status-publish","format-standard","has-post-thumbnail","hentry","category-non-classifiee"],"acf":[],"yoast_head":"<!-- This site is optimized with the Yoast SEO plugin v27.4 - https:\/\/yoast.com\/product\/yoast-seo-wordpress\/ -->\n<title>Parc Sim\u00f3n Bol\u00edvar : du zoo au parc naturel urbain<\/title>\n<meta name=\"description\" content=\"Parc Sim\u00f3n Bol\u00edvar, ancien zoo de San Jos\u00e9, commence sa transformation pour devenir le premier parc naturel urbain du Costa Rica.\" \/>\n<meta name=\"robots\" content=\"index, follow, max-snippet:-1, max-image-preview:large, max-video-preview:-1\" \/>\n<link rel=\"canonical\" href=\"https:\/\/www.sensorialsunsets.com\/fr\/parc-simon-bolivar-du-zoo-national-au-premier-parc-naturel-urbain-du-costa-rica\/\" \/>\n<meta property=\"og:locale\" content=\"fr_FR\" \/>\n<meta property=\"og:type\" content=\"article\" \/>\n<meta property=\"og:title\" content=\"Parc Sim\u00f3n Bol\u00edvar : du zoo au parc naturel urbain\" \/>\n<meta property=\"og:description\" content=\"Parc Sim\u00f3n Bol\u00edvar, ancien zoo de San Jos\u00e9, commence sa transformation pour devenir le premier parc naturel urbain du Costa Rica.\" \/>\n<meta property=\"og:url\" content=\"https:\/\/www.sensorialsunsets.com\/fr\/parc-simon-bolivar-du-zoo-national-au-premier-parc-naturel-urbain-du-costa-rica\/\" \/>\n<meta property=\"og:site_name\" content=\"SensorialSunsets\" \/>\n<meta property=\"article:publisher\" content=\"https:\/\/www.facebook.com\/Sensorial-Sunsets-109180614715562\" \/>\n<meta property=\"article:published_time\" content=\"2025-08-22T21:52:52+00:00\" \/>\n<meta property=\"og:image\" content=\"https:\/\/www.sensorialsunsets.com\/wp-content\/uploads\/2025\/08\/simonbolivr-costarica.jpg\" \/>\n\t<meta property=\"og:image:width\" content=\"1440\" \/>\n\t<meta property=\"og:image:height\" content=\"960\" \/>\n\t<meta property=\"og:image:type\" content=\"image\/jpeg\" \/>\n<meta name=\"author\" content=\"Sensorial Sunsets\" \/>\n<meta name=\"twitter:card\" content=\"summary_large_image\" \/>\n<meta name=\"twitter:label1\" content=\"\u00c9crit par\" \/>\n\t<meta name=\"twitter:data1\" content=\"Sensorial Sunsets\" \/>\n\t<meta name=\"twitter:label2\" content=\"Dur\u00e9e de lecture estim\u00e9e\" \/>\n\t<meta name=\"twitter:data2\" content=\"3 minutes\" \/>\n<script type=\"application\/ld+json\" class=\"yoast-schema-graph\">{\"@context\":\"https:\\\/\\\/schema.org\",\"@graph\":[{\"@type\":\"Article\",\"@id\":\"https:\\\/\\\/www.sensorialsunsets.com\\\/fr\\\/parc-simon-bolivar-du-zoo-national-au-premier-parc-naturel-urbain-du-costa-rica\\\/#article\",\"isPartOf\":{\"@id\":\"https:\\\/\\\/www.sensorialsunsets.com\\\/fr\\\/parc-simon-bolivar-du-zoo-national-au-premier-parc-naturel-urbain-du-costa-rica\\\/\"},\"author\":{\"name\":\"Sensorial Sunsets\",\"@id\":\"https:\\\/\\\/www.sensorialsunsets.com\\\/fr\\\/#\\\/schema\\\/person\\\/77e2fa594135aa94024c47e281d8a94d\"},\"headline\":\"Parc Sim\u00f3n Bol\u00edvar : du zoo national au premier parc naturel urbain du Costa Rica\",\"datePublished\":\"2025-08-22T21:52:52+00:00\",\"mainEntityOfPage\":{\"@id\":\"https:\\\/\\\/www.sensorialsunsets.com\\\/fr\\\/parc-simon-bolivar-du-zoo-national-au-premier-parc-naturel-urbain-du-costa-rica\\\/\"},\"wordCount\":741,\"publisher\":{\"@id\":\"https:\\\/\\\/www.sensorialsunsets.com\\\/fr\\\/#organization\"},\"image\":{\"@id\":\"https:\\\/\\\/www.sensorialsunsets.com\\\/fr\\\/parc-simon-bolivar-du-zoo-national-au-premier-parc-naturel-urbain-du-costa-rica\\\/#primaryimage\"},\"thumbnailUrl\":\"https:\\\/\\\/www.sensorialsunsets.com\\\/wp-content\\\/uploads\\\/2025\\\/08\\\/simonbolivr-costarica.jpg\",\"articleSection\":[\"Non classifi\u00e9(e)\"],\"inLanguage\":\"fr-FR\"},{\"@type\":\"WebPage\",\"@id\":\"https:\\\/\\\/www.sensorialsunsets.com\\\/fr\\\/parc-simon-bolivar-du-zoo-national-au-premier-parc-naturel-urbain-du-costa-rica\\\/\",\"url\":\"https:\\\/\\\/www.sensorialsunsets.com\\\/fr\\\/parc-simon-bolivar-du-zoo-national-au-premier-parc-naturel-urbain-du-costa-rica\\\/\",\"name\":\"Parc Sim\u00f3n Bol\u00edvar : du zoo au parc naturel urbain\",\"isPartOf\":{\"@id\":\"https:\\\/\\\/www.sensorialsunsets.com\\\/fr\\\/#website\"},\"primaryImageOfPage\":{\"@id\":\"https:\\\/\\\/www.sensorialsunsets.com\\\/fr\\\/parc-simon-bolivar-du-zoo-national-au-premier-parc-naturel-urbain-du-costa-rica\\\/#primaryimage\"},\"image\":{\"@id\":\"https:\\\/\\\/www.sensorialsunsets.com\\\/fr\\\/parc-simon-bolivar-du-zoo-national-au-premier-parc-naturel-urbain-du-costa-rica\\\/#primaryimage\"},\"thumbnailUrl\":\"https:\\\/\\\/www.sensorialsunsets.com\\\/wp-content\\\/uploads\\\/2025\\\/08\\\/simonbolivr-costarica.jpg\",\"datePublished\":\"2025-08-22T21:52:52+00:00\",\"description\":\"Parc Sim\u00f3n Bol\u00edvar, ancien zoo de San Jos\u00e9, commence sa transformation pour devenir le premier parc naturel urbain du Costa Rica.\",\"inLanguage\":\"fr-FR\",\"potentialAction\":[{\"@type\":\"ReadAction\",\"target\":[\"https:\\\/\\\/www.sensorialsunsets.com\\\/fr\\\/parc-simon-bolivar-du-zoo-national-au-premier-parc-naturel-urbain-du-costa-rica\\\/\"]}]},{\"@type\":\"ImageObject\",\"inLanguage\":\"fr-FR\",\"@id\":\"https:\\\/\\\/www.sensorialsunsets.com\\\/fr\\\/parc-simon-bolivar-du-zoo-national-au-premier-parc-naturel-urbain-du-costa-rica\\\/#primaryimage\",\"url\":\"https:\\\/\\\/www.sensorialsunsets.com\\\/wp-content\\\/uploads\\\/2025\\\/08\\\/simonbolivr-costarica.jpg\",\"contentUrl\":\"https:\\\/\\\/www.sensorialsunsets.com\\\/wp-content\\\/uploads\\\/2025\\\/08\\\/simonbolivr-costarica.jpg\",\"width\":1440,\"height\":960},{\"@type\":\"WebSite\",\"@id\":\"https:\\\/\\\/www.sensorialsunsets.com\\\/fr\\\/#website\",\"url\":\"https:\\\/\\\/www.sensorialsunsets.com\\\/fr\\\/\",\"name\":\"SensorialSunsets.com\",\"description\":\"D\u00e9couvrez la culture et la soci\u00e9t\u00e9 du Costa Rica sur notre blog. Explorez des articles captivants et partagez le contenu.\",\"publisher\":{\"@id\":\"https:\\\/\\\/www.sensorialsunsets.com\\\/fr\\\/#organization\"},\"alternateName\":\"Costa Rica Live Blog\",\"potentialAction\":[{\"@type\":\"SearchAction\",\"target\":{\"@type\":\"EntryPoint\",\"urlTemplate\":\"https:\\\/\\\/www.sensorialsunsets.com\\\/fr\\\/?s={search_term_string}\"},\"query-input\":{\"@type\":\"PropertyValueSpecification\",\"valueRequired\":true,\"valueName\":\"search_term_string\"}}],\"inLanguage\":\"fr-FR\"},{\"@type\":\"Organization\",\"@id\":\"https:\\\/\\\/www.sensorialsunsets.com\\\/fr\\\/#organization\",\"name\":\"SensorialSunsets\",\"url\":\"https:\\\/\\\/www.sensorialsunsets.com\\\/fr\\\/\",\"logo\":{\"@type\":\"ImageObject\",\"inLanguage\":\"fr-FR\",\"@id\":\"https:\\\/\\\/www.sensorialsunsets.com\\\/fr\\\/#\\\/schema\\\/logo\\\/image\\\/\",\"url\":\"https:\\\/\\\/www.sensorialsunsets.com\\\/wp-content\\\/uploads\\\/2023\\\/04\\\/Logo_base_line_fond_clair.svg\",\"contentUrl\":\"https:\\\/\\\/www.sensorialsunsets.com\\\/wp-content\\\/uploads\\\/2023\\\/04\\\/Logo_base_line_fond_clair.svg\",\"width\":\"1024\",\"height\":\"1024\",\"caption\":\"SensorialSunsets\"},\"image\":{\"@id\":\"https:\\\/\\\/www.sensorialsunsets.com\\\/fr\\\/#\\\/schema\\\/logo\\\/image\\\/\"},\"sameAs\":[\"https:\\\/\\\/www.facebook.com\\\/Sensorial-Sunsets-109180614715562\",\"https:\\\/\\\/www.instagram.com\\\/sensorialsunsets\\\/\"]},{\"@type\":\"Person\",\"@id\":\"https:\\\/\\\/www.sensorialsunsets.com\\\/fr\\\/#\\\/schema\\\/person\\\/77e2fa594135aa94024c47e281d8a94d\",\"name\":\"Sensorial Sunsets\",\"image\":{\"@type\":\"ImageObject\",\"inLanguage\":\"fr-FR\",\"@id\":\"https:\\\/\\\/secure.gravatar.com\\\/avatar\\\/5f2d62681b1dad94c28f1500d4fc75582acdfd32b55fd1acce0a36a3c487eabe?s=96&d=mm&r=g\",\"url\":\"https:\\\/\\\/secure.gravatar.com\\\/avatar\\\/5f2d62681b1dad94c28f1500d4fc75582acdfd32b55fd1acce0a36a3c487eabe?s=96&d=mm&r=g\",\"contentUrl\":\"https:\\\/\\\/secure.gravatar.com\\\/avatar\\\/5f2d62681b1dad94c28f1500d4fc75582acdfd32b55fd1acce0a36a3c487eabe?s=96&d=mm&r=g\",\"caption\":\"Sensorial Sunsets\"},\"url\":\"https:\\\/\\\/www.sensorialsunsets.com\\\/fr\\\/author\\\/asistentes-sensorial-sunsets\\\/\"}]}<\/script>\n<!-- \/ Yoast SEO plugin. -->","yoast_head_json":{"title":"Parc Sim\u00f3n Bol\u00edvar : du zoo au parc naturel urbain","description":"Parc Sim\u00f3n Bol\u00edvar, ancien zoo de San Jos\u00e9, commence sa transformation pour devenir le premier parc naturel urbain du Costa Rica.","robots":{"index":"index","follow":"follow","max-snippet":"max-snippet:-1","max-image-preview":"max-image-preview:large","max-video-preview":"max-video-preview:-1"},"canonical":"https:\/\/www.sensorialsunsets.com\/fr\/parc-simon-bolivar-du-zoo-national-au-premier-parc-naturel-urbain-du-costa-rica\/","og_locale":"fr_FR","og_type":"article","og_title":"Parc Sim\u00f3n Bol\u00edvar : du zoo au parc naturel urbain","og_description":"Parc Sim\u00f3n Bol\u00edvar, ancien zoo de San Jos\u00e9, commence sa transformation pour devenir le premier parc naturel urbain du Costa Rica.","og_url":"https:\/\/www.sensorialsunsets.com\/fr\/parc-simon-bolivar-du-zoo-national-au-premier-parc-naturel-urbain-du-costa-rica\/","og_site_name":"SensorialSunsets","article_publisher":"https:\/\/www.facebook.com\/Sensorial-Sunsets-109180614715562","article_published_time":"2025-08-22T21:52:52+00:00","og_image":[{"width":1440,"height":960,"url":"https:\/\/www.sensorialsunsets.com\/wp-content\/uploads\/2025\/08\/simonbolivr-costarica.jpg","type":"image\/jpeg"}],"author":"Sensorial Sunsets","twitter_card":"summary_large_image","twitter_misc":{"\u00c9crit par":"Sensorial Sunsets","Dur\u00e9e de lecture estim\u00e9e":"3 minutes"},"schema":{"@context":"https:\/\/schema.org","@graph":[{"@type":"Article","@id":"https:\/\/www.sensorialsunsets.com\/fr\/parc-simon-bolivar-du-zoo-national-au-premier-parc-naturel-urbain-du-costa-rica\/#article","isPartOf":{"@id":"https:\/\/www.sensorialsunsets.com\/fr\/parc-simon-bolivar-du-zoo-national-au-premier-parc-naturel-urbain-du-costa-rica\/"},"author":{"name":"Sensorial Sunsets","@id":"https:\/\/www.sensorialsunsets.com\/fr\/#\/schema\/person\/77e2fa594135aa94024c47e281d8a94d"},"headline":"Parc Sim\u00f3n Bol\u00edvar : du zoo national au premier parc naturel urbain du Costa Rica","datePublished":"2025-08-22T21:52:52+00:00","mainEntityOfPage":{"@id":"https:\/\/www.sensorialsunsets.com\/fr\/parc-simon-bolivar-du-zoo-national-au-premier-parc-naturel-urbain-du-costa-rica\/"},"wordCount":741,"publisher":{"@id":"https:\/\/www.sensorialsunsets.com\/fr\/#organization"},"image":{"@id":"https:\/\/www.sensorialsunsets.com\/fr\/parc-simon-bolivar-du-zoo-national-au-premier-parc-naturel-urbain-du-costa-rica\/#primaryimage"},"thumbnailUrl":"https:\/\/www.sensorialsunsets.com\/wp-content\/uploads\/2025\/08\/simonbolivr-costarica.jpg","articleSection":["Non classifi\u00e9(e)"],"inLanguage":"fr-FR"},{"@type":"WebPage","@id":"https:\/\/www.sensorialsunsets.com\/fr\/parc-simon-bolivar-du-zoo-national-au-premier-parc-naturel-urbain-du-costa-rica\/","url":"https:\/\/www.sensorialsunsets.com\/fr\/parc-simon-bolivar-du-zoo-national-au-premier-parc-naturel-urbain-du-costa-rica\/","name":"Parc Sim\u00f3n Bol\u00edvar : du zoo au parc naturel urbain","isPartOf":{"@id":"https:\/\/www.sensorialsunsets.com\/fr\/#website"},"primaryImageOfPage":{"@id":"https:\/\/www.sensorialsunsets.com\/fr\/parc-simon-bolivar-du-zoo-national-au-premier-parc-naturel-urbain-du-costa-rica\/#primaryimage"},"image":{"@id":"https:\/\/www.sensorialsunsets.com\/fr\/parc-simon-bolivar-du-zoo-national-au-premier-parc-naturel-urbain-du-costa-rica\/#primaryimage"},"thumbnailUrl":"https:\/\/www.sensorialsunsets.com\/wp-content\/uploads\/2025\/08\/simonbolivr-costarica.jpg","datePublished":"2025-08-22T21:52:52+00:00","description":"Parc Sim\u00f3n Bol\u00edvar, ancien zoo de San Jos\u00e9, commence sa transformation pour devenir le premier parc naturel urbain du Costa Rica.","inLanguage":"fr-FR","potentialAction":[{"@type":"ReadAction","target":["https:\/\/www.sensorialsunsets.com\/fr\/parc-simon-bolivar-du-zoo-national-au-premier-parc-naturel-urbain-du-costa-rica\/"]}]},{"@type":"ImageObject","inLanguage":"fr-FR","@id":"https:\/\/www.sensorialsunsets.com\/fr\/parc-simon-bolivar-du-zoo-national-au-premier-parc-naturel-urbain-du-costa-rica\/#primaryimage","url":"https:\/\/www.sensorialsunsets.com\/wp-content\/uploads\/2025\/08\/simonbolivr-costarica.jpg","contentUrl":"https:\/\/www.sensorialsunsets.com\/wp-content\/uploads\/2025\/08\/simonbolivr-costarica.jpg","width":1440,"height":960},{"@type":"WebSite","@id":"https:\/\/www.sensorialsunsets.com\/fr\/#website","url":"https:\/\/www.sensorialsunsets.com\/fr\/","name":"SensorialSunsets.com","description":"D\u00e9couvrez la culture et la soci\u00e9t\u00e9 du Costa Rica sur notre blog. Explorez des articles captivants et partagez le contenu.","publisher":{"@id":"https:\/\/www.sensorialsunsets.com\/fr\/#organization"},"alternateName":"Costa Rica Live Blog","potentialAction":[{"@type":"SearchAction","target":{"@type":"EntryPoint","urlTemplate":"https:\/\/www.sensorialsunsets.com\/fr\/?s={search_term_string}"},"query-input":{"@type":"PropertyValueSpecification","valueRequired":true,"valueName":"search_term_string"}}],"inLanguage":"fr-FR"},{"@type":"Organization","@id":"https:\/\/www.sensorialsunsets.com\/fr\/#organization","name":"SensorialSunsets","url":"https:\/\/www.sensorialsunsets.com\/fr\/","logo":{"@type":"ImageObject","inLanguage":"fr-FR","@id":"https:\/\/www.sensorialsunsets.com\/fr\/#\/schema\/logo\/image\/","url":"https:\/\/www.sensorialsunsets.com\/wp-content\/uploads\/2023\/04\/Logo_base_line_fond_clair.svg","contentUrl":"https:\/\/www.sensorialsunsets.com\/wp-content\/uploads\/2023\/04\/Logo_base_line_fond_clair.svg","width":"1024","height":"1024","caption":"SensorialSunsets"},"image":{"@id":"https:\/\/www.sensorialsunsets.com\/fr\/#\/schema\/logo\/image\/"},"sameAs":["https:\/\/www.facebook.com\/Sensorial-Sunsets-109180614715562","https:\/\/www.instagram.com\/sensorialsunsets\/"]},{"@type":"Person","@id":"https:\/\/www.sensorialsunsets.com\/fr\/#\/schema\/person\/77e2fa594135aa94024c47e281d8a94d","name":"Sensorial Sunsets","image":{"@type":"ImageObject","inLanguage":"fr-FR","@id":"https:\/\/secure.gravatar.com\/avatar\/5f2d62681b1dad94c28f1500d4fc75582acdfd32b55fd1acce0a36a3c487eabe?s=96&d=mm&r=g","url":"https:\/\/secure.gravatar.com\/avatar\/5f2d62681b1dad94c28f1500d4fc75582acdfd32b55fd1acce0a36a3c487eabe?s=96&d=mm&r=g","contentUrl":"https:\/\/secure.gravatar.com\/avatar\/5f2d62681b1dad94c28f1500d4fc75582acdfd32b55fd1acce0a36a3c487eabe?s=96&d=mm&r=g","caption":"Sensorial Sunsets"},"url":"https:\/\/www.sensorialsunsets.com\/fr\/author\/asistentes-sensorial-sunsets\/"}]}},"_links":{"self":[{"href":"https:\/\/www.sensorialsunsets.com\/fr\/wp-json\/wp\/v2\/posts\/22732","targetHints":{"allow":["GET"]}}],"collection":[{"href":"https:\/\/www.sensorialsunsets.com\/fr\/wp-json\/wp\/v2\/posts"}],"about":[{"href":"https:\/\/www.sensorialsunsets.com\/fr\/wp-json\/wp\/v2\/types\/post"}],"author":[{"embeddable":true,"href":"https:\/\/www.sensorialsunsets.com\/fr\/wp-json\/wp\/v2\/users\/4"}],"replies":[{"embeddable":true,"href":"https:\/\/www.sensorialsunsets.com\/fr\/wp-json\/wp\/v2\/comments?post=22732"}],"version-history":[{"count":1,"href":"https:\/\/www.sensorialsunsets.com\/fr\/wp-json\/wp\/v2\/posts\/22732\/revisions"}],"predecessor-version":[{"id":22733,"href":"https:\/\/www.sensorialsunsets.com\/fr\/wp-json\/wp\/v2\/posts\/22732\/revisions\/22733"}],"wp:featuredmedia":[{"embeddable":true,"href":"https:\/\/www.sensorialsunsets.com\/fr\/wp-json\/wp\/v2\/media\/22716"}],"wp:attachment":[{"href":"https:\/\/www.sensorialsunsets.com\/fr\/wp-json\/wp\/v2\/media?parent=22732"}],"wp:term":[{"taxonomy":"category","embeddable":true,"href":"https:\/\/www.sensorialsunsets.com\/fr\/wp-json\/wp\/v2\/categories?post=22732"},{"taxonomy":"post_tag","embeddable":true,"href":"https:\/\/www.sensorialsunsets.com\/fr\/wp-json\/wp\/v2\/tags?post=22732"}],"curies":[{"name":"wp","href":"https:\/\/api.w.org\/{rel}","templated":true}]}}