{"id":22753,"date":"2025-08-25T16:51:21","date_gmt":"2025-08-25T22:51:21","guid":{"rendered":"https:\/\/www.sensorialsunsets.com\/tourisme-au-costa-rica-les-parcs-nationaux-mettent-en-place-un-systeme-numerique-pour-un-tourisme-durable\/"},"modified":"2025-08-25T16:51:23","modified_gmt":"2025-08-25T22:51:23","slug":"tourisme-au-costa-rica-les-parcs-nationaux-mettent-en-place-un-systeme-numerique-pour-un-tourisme-durable","status":"publish","type":"post","link":"https:\/\/www.sensorialsunsets.com\/fr\/tourisme-au-costa-rica-les-parcs-nationaux-mettent-en-place-un-systeme-numerique-pour-un-tourisme-durable\/","title":{"rendered":"Tourisme au Costa Rica : les parcs nationaux mettent en place un syst\u00e8me num\u00e9rique pour un tourisme durable"},"content":{"rendered":"\n<p>Le Costa Rica pourra mesurer plus pr\u00e9cis\u00e9ment l&rsquo;impact du tourisme sur ses parcs nationaux gr\u00e2ce \u00e0 la mise en \u0153uvre d&rsquo;une technologie environnementale de pointe, d\u00e9velopp\u00e9e par <strong>The NeverRest Project<\/strong>. Son objectif est de pr\u00e9server l&rsquo;\u00e9quilibre \u00e9cologique et de renforcer son leadership en mati\u00e8re de tourisme durable.<\/p>\n\n<p>Cette avanc\u00e9e est rendue possible gr\u00e2ce \u00e0 un accord sign\u00e9 entre la <strong>Fondation des parcs nationaux du Costa Rica (FPN)<\/strong> et <strong>The NeverRest Project<\/strong>, annonc\u00e9 lors de l&rsquo;ouverture de la conf\u00e9rence <strong>Expo Ambiente 2025<\/strong>. Ce partenariat permettra d&rsquo;int\u00e9grer la plateforme num\u00e9rique <strong>EverData<\/strong>, un outil cr\u00e9\u00e9 pour collecter, visualiser et analyser en temps r\u00e9el des donn\u00e9es environnementales et touristiques.<\/p>\n\n<h3 class=\"wp-block-heading\">Tourisme au Costa Rica : un outil innovant permettra de calculer l&rsquo;impact sur les parcs nationaux<\/h3>\n\n<p>Au cours de la derni\u00e8re d\u00e9cennie, la fr\u00e9quentation des parcs nationaux costariciens a augment\u00e9 de 33 %, ce qui repr\u00e9sente un d\u00e9fi important en termes de gestion et de conservation. Les nouvelles technologies fourniront des informations ouvertes et transparentes, telles que la quantit\u00e9 de d\u00e9chets g\u00e9n\u00e9r\u00e9s par visiteur, les \u00e9missions de CO\u2082 li\u00e9es \u00e0 leurs activit\u00e9s et le nombre d&rsquo;entr\u00e9es enregistr\u00e9es dans chaque parc. Elles comprendront \u00e9galement des cartes, des syst\u00e8mes de surveillance en temps r\u00e9el et des outils de gestion de projets qui permettront de transformer l&#8217;empreinte environnementale du tourisme en m\u00e9canismes \u00e9conomiques redistributifs qui b\u00e9n\u00e9ficieront directement aux communaut\u00e9s locales.<\/p>\n\n<p>Selon les repr\u00e9sentants des deux institutions, cet accord de collaboration vise non seulement \u00e0 pr\u00e9server et \u00e0 prot\u00e9ger les \u00e9cosyst\u00e8mes du pays, mais aussi \u00e0 g\u00e9n\u00e9rer des b\u00e9n\u00e9fices tangibles pour les communaut\u00e9s. Ainsi, des opportunit\u00e9s de redistribution des revenus et de cr\u00e9ation d&#8217;emplois li\u00e9s au tourisme durable seront cr\u00e9\u00e9es.<\/p>\n\n<div style=\"height:100px\" aria-hidden=\"true\" class=\"wp-block-spacer\"><\/div>\n\n<figure class=\"wp-block-gallery has-nested-images columns-default is-cropped wp-block-gallery-1 is-layout-flex wp-block-gallery-is-layout-flex\">\n<figure class=\"wp-block-image size-large\"><img loading=\"lazy\" decoding=\"async\" width=\"1000\" height=\"700\" data-id=\"22742\" src=\"https:\/\/www.sensorialsunsets.com\/wp-content\/uploads\/2025\/08\/La-Amistad-Epiphytes.jpg\" alt=\"Tourisme au Costa Rica\" class=\"wp-image-22742\" srcset=\"https:\/\/www.sensorialsunsets.com\/wp-content\/uploads\/2025\/08\/La-Amistad-Epiphytes.jpg 1000w, https:\/\/www.sensorialsunsets.com\/wp-content\/uploads\/2025\/08\/La-Amistad-Epiphytes-300x210.jpg 300w, https:\/\/www.sensorialsunsets.com\/wp-content\/uploads\/2025\/08\/La-Amistad-Epiphytes-768x538.jpg 768w\" sizes=\"auto, (max-width: 1000px) 100vw, 1000px\" \/><\/figure>\n\n\n\n<figure class=\"wp-block-image size-large\"><img loading=\"lazy\" decoding=\"async\" width=\"900\" height=\"588\" data-id=\"22736\" src=\"https:\/\/www.sensorialsunsets.com\/wp-content\/uploads\/2025\/08\/007-Caminos-de-Osa.webp\" alt=\"Tourisme au Costa Rica\" class=\"wp-image-22736\" srcset=\"https:\/\/www.sensorialsunsets.com\/wp-content\/uploads\/2025\/08\/007-Caminos-de-Osa.webp 900w, https:\/\/www.sensorialsunsets.com\/wp-content\/uploads\/2025\/08\/007-Caminos-de-Osa-300x196.webp 300w, https:\/\/www.sensorialsunsets.com\/wp-content\/uploads\/2025\/08\/007-Caminos-de-Osa-768x502.webp 768w\" sizes=\"auto, (max-width: 900px) 100vw, 900px\" \/><\/figure>\n\n\n\n<figure class=\"wp-block-image size-large\"><img loading=\"lazy\" decoding=\"async\" width=\"1000\" height=\"700\" data-id=\"22739\" src=\"https:\/\/www.sensorialsunsets.com\/wp-content\/uploads\/2025\/08\/La-Amistad-Tapir.jpg\" alt=\"Tourisme au Costa Rica\" class=\"wp-image-22739\" srcset=\"https:\/\/www.sensorialsunsets.com\/wp-content\/uploads\/2025\/08\/La-Amistad-Tapir.jpg 1000w, https:\/\/www.sensorialsunsets.com\/wp-content\/uploads\/2025\/08\/La-Amistad-Tapir-300x210.jpg 300w, https:\/\/www.sensorialsunsets.com\/wp-content\/uploads\/2025\/08\/La-Amistad-Tapir-768x538.jpg 768w\" sizes=\"auto, (max-width: 1000px) 100vw, 1000px\" \/><\/figure>\n<\/figure>\n\n<div style=\"height:100px\" aria-hidden=\"true\" class=\"wp-block-spacer\"><\/div>\n\n<h3 class=\"wp-block-heading\">Du tourisme au bien-\u00eatre communautaire<\/h3>\n\n<p>Lors de la signature, Fr\u00e9d\u00e9ric Kauffmann, directeur ex\u00e9cutif et fondateur du NeverRest Project, a soulign\u00e9 que l&rsquo;important n&rsquo;est plus seulement le nombre de touristes qui entrent au Costa Rica, mais la mani\u00e8re dont ils le font. Le tourisme doit contribuer positivement au pays et ceux qui ne le font pas doivent \u00eatre conscients que leur pr\u00e9sence g\u00e9n\u00e8re plus de probl\u00e8mes que d&rsquo;avantages. Selon lui, les revenus g\u00e9n\u00e9r\u00e9s par le tourisme ne devraient pas servir \u00e0 nettoyer les impacts n\u00e9gatifs, mais \u00e0 am\u00e9liorer la qualit\u00e9 de vie de la population et \u00e0 renforcer les \u00e9cosyst\u00e8mes.<\/p>\n\n<p>Pour sa part, <strong>Ricardo Meneses-Orellana<\/strong>, pr\u00e9sident de la FPN, a soulign\u00e9 que disposer de donn\u00e9es pr\u00e9cises n&rsquo;est pas un luxe, mais une n\u00e9cessit\u00e9. Il a insist\u00e9 sur le fait que les politiques publiques doivent garantir la transparence environnementale, s&rsquo;aligner sur les objectifs de d\u00e9veloppement durable des Nations unies et veiller \u00e0 ce que chaque visiteur laisse une empreinte positive plut\u00f4t qu&rsquo;un fardeau pour les parcs nationaux.<\/p>\n\n<h3 class=\"wp-block-heading\">Tourisme au Costa Rica<\/h3>\n\n<p>La Fondation des parcs nationaux, cr\u00e9\u00e9e en 1979 en tant qu&rsquo;organisation priv\u00e9e \u00e0 but non lucratif, a jou\u00e9 un r\u00f4le cl\u00e9 dans la consolidation du mod\u00e8le environnemental costaricien. Gr\u00e2ce \u00e0 son travail, plus de <strong>90 000 hectares<\/strong> ont \u00e9t\u00e9 int\u00e9gr\u00e9s au syst\u00e8me des <a href=\"&#xAB;\" https:=\"\"> parcs nationaux<\/a>, tout en promouvant des programmes de volontariat et des projets d&rsquo;\u00e9ducation environnementale et communautaire qui font aujourd&rsquo;hui r\u00e9f\u00e9rence en Am\u00e9rique latine.<\/p>\n\n<p>M. Meneses-Orellana a r\u00e9sum\u00e9 l&rsquo;engagement du pays en affirmant que le Costa Rica, bien que petit par sa taille, est immense par sa d\u00e9termination. Selon lui, l&rsquo;avenir du tourisme ne peut \u00eatre dissoci\u00e9 de la durabilit\u00e9, et la lutte contre le changement climatique ne peut ignorer le r\u00f4le du tourisme en tant qu&rsquo;opportunit\u00e9 et responsabilit\u00e9. En ses propres termes, le Costa Rica doit \u00eatre \u00ab un laboratoire vivant \u00bb pour le monde.<\/p>\n\n<p><strong>Sensorial Sunsets<\/strong><\/p>\n","protected":false},"excerpt":{"rendered":"<p>Le Costa Rica pourra mesurer plus pr\u00e9cis\u00e9ment l&rsquo;impact du tourisme sur ses parcs nationaux gr\u00e2ce \u00e0 la mise en \u0153uvre d&rsquo;une technologie environnementale de pointe, d\u00e9velopp\u00e9e par The NeverRest Project. Son objectif est de pr\u00e9server l&rsquo;\u00e9quilibre \u00e9cologique et de renforcer son leadership en mati\u00e8re de tourisme durable. Cette avanc\u00e9e est rendue possible gr\u00e2ce \u00e0 un [&hellip;]<\/p>\n","protected":false},"author":4,"featured_media":22747,"comment_status":"closed","ping_status":"closed","sticky":false,"template":"","format":"standard","meta":{"_acf_changed":false,"inline_featured_image":false,"_monsterinsights_skip_tracking":false,"_monsterinsights_sitenote_active":false,"_monsterinsights_sitenote_note":"","_monsterinsights_sitenote_category":0,"footnotes":""},"categories":[1],"tags":[],"class_list":["post-22753","post","type-post","status-publish","format-standard","has-post-thumbnail","hentry","category-non-classifiee"],"acf":[],"yoast_head":"<!-- This site is optimized with the Yoast SEO plugin v27.4 - https:\/\/yoast.com\/product\/yoast-seo-wordpress\/ -->\n<title>Tourisme au Costa Rica : parcs nationaux \u00e9quip\u00e9s d&#039;un syst\u00e8me num\u00e9rique<\/title>\n<meta name=\"description\" content=\"Tourisme au Costa Rica : les parcs nationaux mettent en \u0153uvre la technologie num\u00e9rique comme mod\u00e8le de tourisme durable.\" \/>\n<meta name=\"robots\" content=\"index, follow, max-snippet:-1, max-image-preview:large, max-video-preview:-1\" \/>\n<link rel=\"canonical\" href=\"https:\/\/www.sensorialsunsets.com\/fr\/tourisme-au-costa-rica-les-parcs-nationaux-mettent-en-place-un-systeme-numerique-pour-un-tourisme-durable\/\" \/>\n<meta property=\"og:locale\" content=\"fr_FR\" \/>\n<meta property=\"og:type\" content=\"article\" \/>\n<meta property=\"og:title\" content=\"Tourisme au Costa Rica : parcs nationaux \u00e9quip\u00e9s d&#039;un syst\u00e8me num\u00e9rique\" \/>\n<meta property=\"og:description\" content=\"Tourisme au Costa Rica : les parcs nationaux mettent en \u0153uvre la technologie num\u00e9rique comme mod\u00e8le de tourisme durable.\" \/>\n<meta property=\"og:url\" content=\"https:\/\/www.sensorialsunsets.com\/fr\/tourisme-au-costa-rica-les-parcs-nationaux-mettent-en-place-un-systeme-numerique-pour-un-tourisme-durable\/\" \/>\n<meta property=\"og:site_name\" content=\"SensorialSunsets\" \/>\n<meta property=\"article:publisher\" content=\"https:\/\/www.facebook.com\/Sensorial-Sunsets-109180614715562\" \/>\n<meta property=\"article:published_time\" content=\"2025-08-25T22:51:21+00:00\" \/>\n<meta property=\"article:modified_time\" content=\"2025-08-25T22:51:23+00:00\" \/>\n<meta property=\"og:image\" content=\"https:\/\/www.sensorialsunsets.com\/wp-content\/uploads\/2025\/08\/La-Amistad-Big-Tree.jpg\" \/>\n\t<meta property=\"og:image:width\" content=\"1000\" \/>\n\t<meta property=\"og:image:height\" content=\"700\" \/>\n\t<meta property=\"og:image:type\" content=\"image\/jpeg\" \/>\n<meta name=\"author\" content=\"Sensorial Sunsets\" \/>\n<meta name=\"twitter:card\" content=\"summary_large_image\" \/>\n<meta name=\"twitter:label1\" content=\"\u00c9crit par\" \/>\n\t<meta name=\"twitter:data1\" content=\"Sensorial Sunsets\" \/>\n\t<meta name=\"twitter:label2\" content=\"Dur\u00e9e de lecture estim\u00e9e\" \/>\n\t<meta name=\"twitter:data2\" content=\"3 minutes\" \/>\n<script type=\"application\/ld+json\" class=\"yoast-schema-graph\">{\"@context\":\"https:\\\/\\\/schema.org\",\"@graph\":[{\"@type\":\"Article\",\"@id\":\"https:\\\/\\\/www.sensorialsunsets.com\\\/fr\\\/tourisme-au-costa-rica-les-parcs-nationaux-mettent-en-place-un-systeme-numerique-pour-un-tourisme-durable\\\/#article\",\"isPartOf\":{\"@id\":\"https:\\\/\\\/www.sensorialsunsets.com\\\/fr\\\/tourisme-au-costa-rica-les-parcs-nationaux-mettent-en-place-un-systeme-numerique-pour-un-tourisme-durable\\\/\"},\"author\":{\"name\":\"Sensorial Sunsets\",\"@id\":\"https:\\\/\\\/www.sensorialsunsets.com\\\/fr\\\/#\\\/schema\\\/person\\\/77e2fa594135aa94024c47e281d8a94d\"},\"headline\":\"Tourisme au Costa Rica : les parcs nationaux mettent en place un syst\u00e8me num\u00e9rique pour un tourisme durable\",\"datePublished\":\"2025-08-25T22:51:21+00:00\",\"dateModified\":\"2025-08-25T22:51:23+00:00\",\"mainEntityOfPage\":{\"@id\":\"https:\\\/\\\/www.sensorialsunsets.com\\\/fr\\\/tourisme-au-costa-rica-les-parcs-nationaux-mettent-en-place-un-systeme-numerique-pour-un-tourisme-durable\\\/\"},\"wordCount\":680,\"publisher\":{\"@id\":\"https:\\\/\\\/www.sensorialsunsets.com\\\/fr\\\/#organization\"},\"image\":{\"@id\":\"https:\\\/\\\/www.sensorialsunsets.com\\\/fr\\\/tourisme-au-costa-rica-les-parcs-nationaux-mettent-en-place-un-systeme-numerique-pour-un-tourisme-durable\\\/#primaryimage\"},\"thumbnailUrl\":\"https:\\\/\\\/www.sensorialsunsets.com\\\/wp-content\\\/uploads\\\/2025\\\/08\\\/La-Amistad-Big-Tree.jpg\",\"articleSection\":[\"Non classifi\u00e9(e)\"],\"inLanguage\":\"fr-FR\"},{\"@type\":\"WebPage\",\"@id\":\"https:\\\/\\\/www.sensorialsunsets.com\\\/fr\\\/tourisme-au-costa-rica-les-parcs-nationaux-mettent-en-place-un-systeme-numerique-pour-un-tourisme-durable\\\/\",\"url\":\"https:\\\/\\\/www.sensorialsunsets.com\\\/fr\\\/tourisme-au-costa-rica-les-parcs-nationaux-mettent-en-place-un-systeme-numerique-pour-un-tourisme-durable\\\/\",\"name\":\"Tourisme au Costa Rica : parcs nationaux \u00e9quip\u00e9s d'un syst\u00e8me num\u00e9rique\",\"isPartOf\":{\"@id\":\"https:\\\/\\\/www.sensorialsunsets.com\\\/fr\\\/#website\"},\"primaryImageOfPage\":{\"@id\":\"https:\\\/\\\/www.sensorialsunsets.com\\\/fr\\\/tourisme-au-costa-rica-les-parcs-nationaux-mettent-en-place-un-systeme-numerique-pour-un-tourisme-durable\\\/#primaryimage\"},\"image\":{\"@id\":\"https:\\\/\\\/www.sensorialsunsets.com\\\/fr\\\/tourisme-au-costa-rica-les-parcs-nationaux-mettent-en-place-un-systeme-numerique-pour-un-tourisme-durable\\\/#primaryimage\"},\"thumbnailUrl\":\"https:\\\/\\\/www.sensorialsunsets.com\\\/wp-content\\\/uploads\\\/2025\\\/08\\\/La-Amistad-Big-Tree.jpg\",\"datePublished\":\"2025-08-25T22:51:21+00:00\",\"dateModified\":\"2025-08-25T22:51:23+00:00\",\"description\":\"Tourisme au Costa Rica : les parcs nationaux mettent en \u0153uvre la technologie num\u00e9rique comme mod\u00e8le de tourisme durable.\",\"inLanguage\":\"fr-FR\",\"potentialAction\":[{\"@type\":\"ReadAction\",\"target\":[\"https:\\\/\\\/www.sensorialsunsets.com\\\/fr\\\/tourisme-au-costa-rica-les-parcs-nationaux-mettent-en-place-un-systeme-numerique-pour-un-tourisme-durable\\\/\"]}]},{\"@type\":\"ImageObject\",\"inLanguage\":\"fr-FR\",\"@id\":\"https:\\\/\\\/www.sensorialsunsets.com\\\/fr\\\/tourisme-au-costa-rica-les-parcs-nationaux-mettent-en-place-un-systeme-numerique-pour-un-tourisme-durable\\\/#primaryimage\",\"url\":\"https:\\\/\\\/www.sensorialsunsets.com\\\/wp-content\\\/uploads\\\/2025\\\/08\\\/La-Amistad-Big-Tree.jpg\",\"contentUrl\":\"https:\\\/\\\/www.sensorialsunsets.com\\\/wp-content\\\/uploads\\\/2025\\\/08\\\/La-Amistad-Big-Tree.jpg\",\"width\":1000,\"height\":700},{\"@type\":\"WebSite\",\"@id\":\"https:\\\/\\\/www.sensorialsunsets.com\\\/fr\\\/#website\",\"url\":\"https:\\\/\\\/www.sensorialsunsets.com\\\/fr\\\/\",\"name\":\"SensorialSunsets.com\",\"description\":\"D\u00e9couvrez la culture et la soci\u00e9t\u00e9 du Costa Rica sur notre blog. Explorez des articles captivants et partagez le contenu.\",\"publisher\":{\"@id\":\"https:\\\/\\\/www.sensorialsunsets.com\\\/fr\\\/#organization\"},\"alternateName\":\"Costa Rica Live Blog\",\"potentialAction\":[{\"@type\":\"SearchAction\",\"target\":{\"@type\":\"EntryPoint\",\"urlTemplate\":\"https:\\\/\\\/www.sensorialsunsets.com\\\/fr\\\/?s={search_term_string}\"},\"query-input\":{\"@type\":\"PropertyValueSpecification\",\"valueRequired\":true,\"valueName\":\"search_term_string\"}}],\"inLanguage\":\"fr-FR\"},{\"@type\":\"Organization\",\"@id\":\"https:\\\/\\\/www.sensorialsunsets.com\\\/fr\\\/#organization\",\"name\":\"SensorialSunsets\",\"url\":\"https:\\\/\\\/www.sensorialsunsets.com\\\/fr\\\/\",\"logo\":{\"@type\":\"ImageObject\",\"inLanguage\":\"fr-FR\",\"@id\":\"https:\\\/\\\/www.sensorialsunsets.com\\\/fr\\\/#\\\/schema\\\/logo\\\/image\\\/\",\"url\":\"https:\\\/\\\/www.sensorialsunsets.com\\\/wp-content\\\/uploads\\\/2023\\\/04\\\/Logo_base_line_fond_clair.svg\",\"contentUrl\":\"https:\\\/\\\/www.sensorialsunsets.com\\\/wp-content\\\/uploads\\\/2023\\\/04\\\/Logo_base_line_fond_clair.svg\",\"width\":\"1024\",\"height\":\"1024\",\"caption\":\"SensorialSunsets\"},\"image\":{\"@id\":\"https:\\\/\\\/www.sensorialsunsets.com\\\/fr\\\/#\\\/schema\\\/logo\\\/image\\\/\"},\"sameAs\":[\"https:\\\/\\\/www.facebook.com\\\/Sensorial-Sunsets-109180614715562\",\"https:\\\/\\\/www.instagram.com\\\/sensorialsunsets\\\/\"]},{\"@type\":\"Person\",\"@id\":\"https:\\\/\\\/www.sensorialsunsets.com\\\/fr\\\/#\\\/schema\\\/person\\\/77e2fa594135aa94024c47e281d8a94d\",\"name\":\"Sensorial Sunsets\",\"image\":{\"@type\":\"ImageObject\",\"inLanguage\":\"fr-FR\",\"@id\":\"https:\\\/\\\/secure.gravatar.com\\\/avatar\\\/5f2d62681b1dad94c28f1500d4fc75582acdfd32b55fd1acce0a36a3c487eabe?s=96&d=mm&r=g\",\"url\":\"https:\\\/\\\/secure.gravatar.com\\\/avatar\\\/5f2d62681b1dad94c28f1500d4fc75582acdfd32b55fd1acce0a36a3c487eabe?s=96&d=mm&r=g\",\"contentUrl\":\"https:\\\/\\\/secure.gravatar.com\\\/avatar\\\/5f2d62681b1dad94c28f1500d4fc75582acdfd32b55fd1acce0a36a3c487eabe?s=96&d=mm&r=g\",\"caption\":\"Sensorial Sunsets\"},\"url\":\"https:\\\/\\\/www.sensorialsunsets.com\\\/fr\\\/author\\\/asistentes-sensorial-sunsets\\\/\"}]}<\/script>\n<!-- \/ Yoast SEO plugin. -->","yoast_head_json":{"title":"Tourisme au Costa Rica : parcs nationaux \u00e9quip\u00e9s d'un syst\u00e8me num\u00e9rique","description":"Tourisme au Costa Rica : les parcs nationaux mettent en \u0153uvre la technologie num\u00e9rique comme mod\u00e8le de tourisme durable.","robots":{"index":"index","follow":"follow","max-snippet":"max-snippet:-1","max-image-preview":"max-image-preview:large","max-video-preview":"max-video-preview:-1"},"canonical":"https:\/\/www.sensorialsunsets.com\/fr\/tourisme-au-costa-rica-les-parcs-nationaux-mettent-en-place-un-systeme-numerique-pour-un-tourisme-durable\/","og_locale":"fr_FR","og_type":"article","og_title":"Tourisme au Costa Rica : parcs nationaux \u00e9quip\u00e9s d'un syst\u00e8me num\u00e9rique","og_description":"Tourisme au Costa Rica : les parcs nationaux mettent en \u0153uvre la technologie num\u00e9rique comme mod\u00e8le de tourisme durable.","og_url":"https:\/\/www.sensorialsunsets.com\/fr\/tourisme-au-costa-rica-les-parcs-nationaux-mettent-en-place-un-systeme-numerique-pour-un-tourisme-durable\/","og_site_name":"SensorialSunsets","article_publisher":"https:\/\/www.facebook.com\/Sensorial-Sunsets-109180614715562","article_published_time":"2025-08-25T22:51:21+00:00","article_modified_time":"2025-08-25T22:51:23+00:00","og_image":[{"width":1000,"height":700,"url":"https:\/\/www.sensorialsunsets.com\/wp-content\/uploads\/2025\/08\/La-Amistad-Big-Tree.jpg","type":"image\/jpeg"}],"author":"Sensorial Sunsets","twitter_card":"summary_large_image","twitter_misc":{"\u00c9crit par":"Sensorial Sunsets","Dur\u00e9e de lecture estim\u00e9e":"3 minutes"},"schema":{"@context":"https:\/\/schema.org","@graph":[{"@type":"Article","@id":"https:\/\/www.sensorialsunsets.com\/fr\/tourisme-au-costa-rica-les-parcs-nationaux-mettent-en-place-un-systeme-numerique-pour-un-tourisme-durable\/#article","isPartOf":{"@id":"https:\/\/www.sensorialsunsets.com\/fr\/tourisme-au-costa-rica-les-parcs-nationaux-mettent-en-place-un-systeme-numerique-pour-un-tourisme-durable\/"},"author":{"name":"Sensorial Sunsets","@id":"https:\/\/www.sensorialsunsets.com\/fr\/#\/schema\/person\/77e2fa594135aa94024c47e281d8a94d"},"headline":"Tourisme au Costa Rica : les parcs nationaux mettent en place un syst\u00e8me num\u00e9rique pour un tourisme durable","datePublished":"2025-08-25T22:51:21+00:00","dateModified":"2025-08-25T22:51:23+00:00","mainEntityOfPage":{"@id":"https:\/\/www.sensorialsunsets.com\/fr\/tourisme-au-costa-rica-les-parcs-nationaux-mettent-en-place-un-systeme-numerique-pour-un-tourisme-durable\/"},"wordCount":680,"publisher":{"@id":"https:\/\/www.sensorialsunsets.com\/fr\/#organization"},"image":{"@id":"https:\/\/www.sensorialsunsets.com\/fr\/tourisme-au-costa-rica-les-parcs-nationaux-mettent-en-place-un-systeme-numerique-pour-un-tourisme-durable\/#primaryimage"},"thumbnailUrl":"https:\/\/www.sensorialsunsets.com\/wp-content\/uploads\/2025\/08\/La-Amistad-Big-Tree.jpg","articleSection":["Non classifi\u00e9(e)"],"inLanguage":"fr-FR"},{"@type":"WebPage","@id":"https:\/\/www.sensorialsunsets.com\/fr\/tourisme-au-costa-rica-les-parcs-nationaux-mettent-en-place-un-systeme-numerique-pour-un-tourisme-durable\/","url":"https:\/\/www.sensorialsunsets.com\/fr\/tourisme-au-costa-rica-les-parcs-nationaux-mettent-en-place-un-systeme-numerique-pour-un-tourisme-durable\/","name":"Tourisme au Costa Rica : parcs nationaux \u00e9quip\u00e9s d'un syst\u00e8me num\u00e9rique","isPartOf":{"@id":"https:\/\/www.sensorialsunsets.com\/fr\/#website"},"primaryImageOfPage":{"@id":"https:\/\/www.sensorialsunsets.com\/fr\/tourisme-au-costa-rica-les-parcs-nationaux-mettent-en-place-un-systeme-numerique-pour-un-tourisme-durable\/#primaryimage"},"image":{"@id":"https:\/\/www.sensorialsunsets.com\/fr\/tourisme-au-costa-rica-les-parcs-nationaux-mettent-en-place-un-systeme-numerique-pour-un-tourisme-durable\/#primaryimage"},"thumbnailUrl":"https:\/\/www.sensorialsunsets.com\/wp-content\/uploads\/2025\/08\/La-Amistad-Big-Tree.jpg","datePublished":"2025-08-25T22:51:21+00:00","dateModified":"2025-08-25T22:51:23+00:00","description":"Tourisme au Costa Rica : les parcs nationaux mettent en \u0153uvre la technologie num\u00e9rique comme mod\u00e8le de tourisme durable.","inLanguage":"fr-FR","potentialAction":[{"@type":"ReadAction","target":["https:\/\/www.sensorialsunsets.com\/fr\/tourisme-au-costa-rica-les-parcs-nationaux-mettent-en-place-un-systeme-numerique-pour-un-tourisme-durable\/"]}]},{"@type":"ImageObject","inLanguage":"fr-FR","@id":"https:\/\/www.sensorialsunsets.com\/fr\/tourisme-au-costa-rica-les-parcs-nationaux-mettent-en-place-un-systeme-numerique-pour-un-tourisme-durable\/#primaryimage","url":"https:\/\/www.sensorialsunsets.com\/wp-content\/uploads\/2025\/08\/La-Amistad-Big-Tree.jpg","contentUrl":"https:\/\/www.sensorialsunsets.com\/wp-content\/uploads\/2025\/08\/La-Amistad-Big-Tree.jpg","width":1000,"height":700},{"@type":"WebSite","@id":"https:\/\/www.sensorialsunsets.com\/fr\/#website","url":"https:\/\/www.sensorialsunsets.com\/fr\/","name":"SensorialSunsets.com","description":"D\u00e9couvrez la culture et la soci\u00e9t\u00e9 du Costa Rica sur notre blog. Explorez des articles captivants et partagez le contenu.","publisher":{"@id":"https:\/\/www.sensorialsunsets.com\/fr\/#organization"},"alternateName":"Costa Rica Live Blog","potentialAction":[{"@type":"SearchAction","target":{"@type":"EntryPoint","urlTemplate":"https:\/\/www.sensorialsunsets.com\/fr\/?s={search_term_string}"},"query-input":{"@type":"PropertyValueSpecification","valueRequired":true,"valueName":"search_term_string"}}],"inLanguage":"fr-FR"},{"@type":"Organization","@id":"https:\/\/www.sensorialsunsets.com\/fr\/#organization","name":"SensorialSunsets","url":"https:\/\/www.sensorialsunsets.com\/fr\/","logo":{"@type":"ImageObject","inLanguage":"fr-FR","@id":"https:\/\/www.sensorialsunsets.com\/fr\/#\/schema\/logo\/image\/","url":"https:\/\/www.sensorialsunsets.com\/wp-content\/uploads\/2023\/04\/Logo_base_line_fond_clair.svg","contentUrl":"https:\/\/www.sensorialsunsets.com\/wp-content\/uploads\/2023\/04\/Logo_base_line_fond_clair.svg","width":"1024","height":"1024","caption":"SensorialSunsets"},"image":{"@id":"https:\/\/www.sensorialsunsets.com\/fr\/#\/schema\/logo\/image\/"},"sameAs":["https:\/\/www.facebook.com\/Sensorial-Sunsets-109180614715562","https:\/\/www.instagram.com\/sensorialsunsets\/"]},{"@type":"Person","@id":"https:\/\/www.sensorialsunsets.com\/fr\/#\/schema\/person\/77e2fa594135aa94024c47e281d8a94d","name":"Sensorial Sunsets","image":{"@type":"ImageObject","inLanguage":"fr-FR","@id":"https:\/\/secure.gravatar.com\/avatar\/5f2d62681b1dad94c28f1500d4fc75582acdfd32b55fd1acce0a36a3c487eabe?s=96&d=mm&r=g","url":"https:\/\/secure.gravatar.com\/avatar\/5f2d62681b1dad94c28f1500d4fc75582acdfd32b55fd1acce0a36a3c487eabe?s=96&d=mm&r=g","contentUrl":"https:\/\/secure.gravatar.com\/avatar\/5f2d62681b1dad94c28f1500d4fc75582acdfd32b55fd1acce0a36a3c487eabe?s=96&d=mm&r=g","caption":"Sensorial Sunsets"},"url":"https:\/\/www.sensorialsunsets.com\/fr\/author\/asistentes-sensorial-sunsets\/"}]}},"_links":{"self":[{"href":"https:\/\/www.sensorialsunsets.com\/fr\/wp-json\/wp\/v2\/posts\/22753","targetHints":{"allow":["GET"]}}],"collection":[{"href":"https:\/\/www.sensorialsunsets.com\/fr\/wp-json\/wp\/v2\/posts"}],"about":[{"href":"https:\/\/www.sensorialsunsets.com\/fr\/wp-json\/wp\/v2\/types\/post"}],"author":[{"embeddable":true,"href":"https:\/\/www.sensorialsunsets.com\/fr\/wp-json\/wp\/v2\/users\/4"}],"replies":[{"embeddable":true,"href":"https:\/\/www.sensorialsunsets.com\/fr\/wp-json\/wp\/v2\/comments?post=22753"}],"version-history":[{"count":1,"href":"https:\/\/www.sensorialsunsets.com\/fr\/wp-json\/wp\/v2\/posts\/22753\/revisions"}],"predecessor-version":[{"id":22754,"href":"https:\/\/www.sensorialsunsets.com\/fr\/wp-json\/wp\/v2\/posts\/22753\/revisions\/22754"}],"wp:featuredmedia":[{"embeddable":true,"href":"https:\/\/www.sensorialsunsets.com\/fr\/wp-json\/wp\/v2\/media\/22747"}],"wp:attachment":[{"href":"https:\/\/www.sensorialsunsets.com\/fr\/wp-json\/wp\/v2\/media?parent=22753"}],"wp:term":[{"taxonomy":"category","embeddable":true,"href":"https:\/\/www.sensorialsunsets.com\/fr\/wp-json\/wp\/v2\/categories?post=22753"},{"taxonomy":"post_tag","embeddable":true,"href":"https:\/\/www.sensorialsunsets.com\/fr\/wp-json\/wp\/v2\/tags?post=22753"}],"curies":[{"name":"wp","href":"https:\/\/api.w.org\/{rel}","templated":true}]}}