{"id":2302,"date":"2022-06-20T22:49:15","date_gmt":"2022-06-20T22:49:15","guid":{"rendered":"https:\/\/www.sensorialsunsets.com\/journee-nationale-de-reconnaissance-des-droits-politiques-des-femmes-costariciennes\/"},"modified":"2022-09-05T20:06:10","modified_gmt":"2022-09-05T20:06:10","slug":"journee-nationale-de-reconnaissance-des-droits-politiques-des-femmes-costariciennes","status":"publish","type":"post","link":"https:\/\/www.sensorialsunsets.com\/fr\/journee-nationale-de-reconnaissance-des-droits-politiques-des-femmes-costariciennes\/","title":{"rendered":"Journ\u00e9e Nationale de Reconnaissance des Droits Politiques des Femmes Costariciennes"},"content":{"rendered":"\n<p><\/p>\n\n<p>Il y a soixante-cinq ans, le 20 juin 1949, l&rsquo;Assembl\u00e9e nationale constituante du Costa Rica approuvait le droit des femmes de voter et de participer \u00e0 des fonctions \u00e9lectives. Cette date historique est c\u00e9l\u00e9br\u00e9e depuis 2017, chaque 20 juin, comme la Journ\u00e9e nationale de reconnaissance des droits politiques des femmes costariciennes.&#13;\n&#13;\nCette ann\u00e9e, l&rsquo;Institut de la femme (INAMU) et la ministre de la Condition f\u00e9minine, Mme Cindy Quesada, ont c\u00e9l\u00e9br\u00e9 cette journ\u00e9e en se souvenant avec admiration des trois premi\u00e8res femmes qui ont r\u00e9ussi \u00e0 occuper un si\u00e8ge dans le pays : Ana Rosa Chac\u00f3n Gonz\u00e1lez, Estela Quesada Hern\u00e1ndez et Mar\u00eda Teresa Obreg\u00f3n Zamora. Elle c\u00e9l\u00e8bre \u00e9galement les r\u00e9alisations des suffragettes pour le droit de vote et d&rsquo;\u00e9ligibilit\u00e9, une lutte qui se poursuit toujours.<\/p>\n\n<figure class=\"wp-block-image size-large is-resized\"><img loading=\"lazy\" decoding=\"async\" src=\"https:\/\/www.sensorialsunsets.com\/wp-content\/uploads\/2022\/06\/article-768x1024.jpg\" alt=\"droit-vote-femmes-costa-rica-sensorial-sunsets\" class=\"wp-image-2300\" width=\"598\" height=\"797\" srcset=\"https:\/\/www.sensorialsunsets.com\/wp-content\/uploads\/2022\/06\/article-768x1024.jpg 768w, https:\/\/www.sensorialsunsets.com\/wp-content\/uploads\/2022\/06\/article-225x300.jpg 225w, https:\/\/www.sensorialsunsets.com\/wp-content\/uploads\/2022\/06\/article.jpg 864w\" sizes=\"auto, (max-width: 598px) 100vw, 598px\" \/><figcaption>Droit de vote des femmes costariciennes- photo prise de l&rsquo;INAMU<\/figcaption><\/figure>\n<p><strong>In\u00e9galit\u00e9 entre les hommes et les femmes en politique<\/strong>&#13;\n&#13;\nEn effet, \u00ab\u00a0les donn\u00e9es et la r\u00e9alit\u00e9 de la violence subie par les femmes en politique en raison de leur sexe, notamment au niveau local, restent pr\u00e9occupantes\u00a0\u00bb, d\u00e9clare l&rsquo;INAMU. Les statistiques sont \u00e9loquentes : lors de l&rsquo;\u00e9lection des pr\u00e9sidents des conseils municipaux en mai dernier, \u00ab\u00a0seulement 28,04% de femmes ont occup\u00e9 les pr\u00e9sidences (23 femmes sur 82 mairies). Pour les \u00e9lections municipales de 2020, seules 24,4% des femmes ont r\u00e9ussi \u00e0 occuper le poste de pr\u00e9sidentes de conseil municipal, soit 20 mairies sur 82\u00a0\u00bb.<\/p>\n\n<p>En d&rsquo;autres termes, le chemin \u00e0 parcourir pour parvenir \u00e0 l&rsquo;\u00e9galit\u00e9 entre hommes et femmes en politique au Costa Rica est encore long. C&rsquo;est pourquoi la Journ\u00e9e nationale pour la reconnaissance des droits politiques des femmes costariciennes continue d&rsquo;\u00eatre c\u00e9l\u00e9br\u00e9e.<\/p>\n\n<p><a href=\"https:\/\/www.sensorialsunsets.com\/fr\/le-costa-rica-un-pays-sur-pour-les-femmes-voyageant-seules\/\">Lire<\/a> l&rsquo;article sur un sujet similaire.<\/p>\n\n<p><\/p>\n\n<p><strong>Auteure<\/strong>: M. Barrantes pour Sensorial Sunsets<\/p>\n\n<p><\/p>\n\n<p><a href=\"https:\/\/www.inamu.go.cr\/las-mujeres-tienen-65-anos-de-ejercer-el-derecho-al-voto#:~:text=En%20el%20a%C3%B1o%202017%20la,Costa%20Rica%20en%20sesi%C3%B3n%20No.\">https:\/\/www.inamu.go.cr\/las-mujeres-tienen-65-anos-de-ejercer-el-derecho-al-voto#:~:text=En%20el%20a%C3%B1o%202017%20la,Costa%20Rica%20en%20sesi%C3%B3n%20No.<\/a><\/p>\n\n<p><\/p>\n","protected":false},"excerpt":{"rendered":"<p>femmes-politique-costa-rica<\/p>\n","protected":false},"author":5,"featured_media":2297,"comment_status":"closed","ping_status":"closed","sticky":false,"template":"","format":"standard","meta":{"_acf_changed":false,"inline_featured_image":false,"_monsterinsights_skip_tracking":false,"_monsterinsights_sitenote_active":false,"_monsterinsights_sitenote_note":"","_monsterinsights_sitenote_category":0,"footnotes":""},"categories":[100,107,102],"tags":[],"class_list":["post-2302","post","type-post","status-publish","format-standard","has-post-thumbnail","hentry","category-costa-rica-fr","category-politique-fr","category-societe-fr"],"acf":[],"yoast_head":"<!-- This site is optimized with the Yoast SEO plugin v27.4 - https:\/\/yoast.com\/product\/yoast-seo-wordpress\/ -->\n<title>Journ\u00e9e Nationale de Reconnaissance des Droits Politiques des Femmes Costariciennes<\/title>\n<meta name=\"description\" content=\"Le 20 juin on c\u00e9l\u00e8bre la Journ\u00e9e Nationale de Reconnaissance des Droits Politiques des Femmes Costariciennes\" \/>\n<meta name=\"robots\" content=\"index, follow, max-snippet:-1, max-image-preview:large, max-video-preview:-1\" \/>\n<link rel=\"canonical\" href=\"https:\/\/www.sensorialsunsets.com\/fr\/journee-nationale-de-reconnaissance-des-droits-politiques-des-femmes-costariciennes\/\" \/>\n<meta property=\"og:locale\" content=\"fr_FR\" \/>\n<meta property=\"og:type\" content=\"article\" \/>\n<meta property=\"og:title\" content=\"Journ\u00e9e Nationale de Reconnaissance des Droits Politiques des Femmes Costariciennes\" \/>\n<meta property=\"og:description\" content=\"Le 20 juin on c\u00e9l\u00e8bre la Journ\u00e9e Nationale de Reconnaissance des Droits Politiques des Femmes Costariciennes\" \/>\n<meta property=\"og:url\" content=\"https:\/\/www.sensorialsunsets.com\/fr\/journee-nationale-de-reconnaissance-des-droits-politiques-des-femmes-costariciennes\/\" \/>\n<meta property=\"og:site_name\" content=\"SensorialSunsets\" \/>\n<meta property=\"article:publisher\" content=\"https:\/\/www.facebook.com\/Sensorial-Sunsets-109180614715562\" \/>\n<meta property=\"article:published_time\" content=\"2022-06-20T22:49:15+00:00\" \/>\n<meta property=\"article:modified_time\" content=\"2022-09-05T20:06:10+00:00\" \/>\n<meta property=\"og:image\" content=\"https:\/\/www.sensorialsunsets.com\/wp-content\/uploads\/2022\/06\/pexels-august-de-richelieu-4427430-scaled.jpg\" \/>\n\t<meta property=\"og:image:width\" content=\"2560\" \/>\n\t<meta property=\"og:image:height\" content=\"1709\" \/>\n\t<meta property=\"og:image:type\" content=\"image\/jpeg\" \/>\n<meta name=\"author\" content=\"Marian Barrantes\" \/>\n<meta name=\"twitter:card\" content=\"summary_large_image\" \/>\n<meta name=\"twitter:label1\" content=\"\u00c9crit par\" \/>\n\t<meta name=\"twitter:data1\" content=\"Marian Barrantes\" \/>\n\t<meta name=\"twitter:label2\" content=\"Dur\u00e9e de lecture estim\u00e9e\" \/>\n\t<meta name=\"twitter:data2\" content=\"2 minutes\" \/>\n<script type=\"application\/ld+json\" class=\"yoast-schema-graph\">{\"@context\":\"https:\\\/\\\/schema.org\",\"@graph\":[{\"@type\":\"Article\",\"@id\":\"https:\\\/\\\/www.sensorialsunsets.com\\\/fr\\\/journee-nationale-de-reconnaissance-des-droits-politiques-des-femmes-costariciennes\\\/#article\",\"isPartOf\":{\"@id\":\"https:\\\/\\\/www.sensorialsunsets.com\\\/fr\\\/journee-nationale-de-reconnaissance-des-droits-politiques-des-femmes-costariciennes\\\/\"},\"author\":{\"name\":\"Marian Barrantes\",\"@id\":\"https:\\\/\\\/www.sensorialsunsets.com\\\/fr\\\/#\\\/schema\\\/person\\\/a8336a4dbeee633f087a194db2ca482f\"},\"headline\":\"Journ\u00e9e Nationale de Reconnaissance des Droits Politiques des Femmes Costariciennes\",\"datePublished\":\"2022-06-20T22:49:15+00:00\",\"dateModified\":\"2022-09-05T20:06:10+00:00\",\"mainEntityOfPage\":{\"@id\":\"https:\\\/\\\/www.sensorialsunsets.com\\\/fr\\\/journee-nationale-de-reconnaissance-des-droits-politiques-des-femmes-costariciennes\\\/\"},\"wordCount\":340,\"publisher\":{\"@id\":\"https:\\\/\\\/www.sensorialsunsets.com\\\/fr\\\/#organization\"},\"image\":{\"@id\":\"https:\\\/\\\/www.sensorialsunsets.com\\\/fr\\\/journee-nationale-de-reconnaissance-des-droits-politiques-des-femmes-costariciennes\\\/#primaryimage\"},\"thumbnailUrl\":\"https:\\\/\\\/www.sensorialsunsets.com\\\/wp-content\\\/uploads\\\/2022\\\/06\\\/pexels-august-de-richelieu-4427430-scaled.jpg\",\"articleSection\":[\"Costa Rica\",\"Politique\",\"Soci\u00e9t\u00e9\"],\"inLanguage\":\"fr-FR\"},{\"@type\":\"WebPage\",\"@id\":\"https:\\\/\\\/www.sensorialsunsets.com\\\/fr\\\/journee-nationale-de-reconnaissance-des-droits-politiques-des-femmes-costariciennes\\\/\",\"url\":\"https:\\\/\\\/www.sensorialsunsets.com\\\/fr\\\/journee-nationale-de-reconnaissance-des-droits-politiques-des-femmes-costariciennes\\\/\",\"name\":\"Journ\u00e9e Nationale de Reconnaissance des Droits Politiques des Femmes Costariciennes\",\"isPartOf\":{\"@id\":\"https:\\\/\\\/www.sensorialsunsets.com\\\/fr\\\/#website\"},\"primaryImageOfPage\":{\"@id\":\"https:\\\/\\\/www.sensorialsunsets.com\\\/fr\\\/journee-nationale-de-reconnaissance-des-droits-politiques-des-femmes-costariciennes\\\/#primaryimage\"},\"image\":{\"@id\":\"https:\\\/\\\/www.sensorialsunsets.com\\\/fr\\\/journee-nationale-de-reconnaissance-des-droits-politiques-des-femmes-costariciennes\\\/#primaryimage\"},\"thumbnailUrl\":\"https:\\\/\\\/www.sensorialsunsets.com\\\/wp-content\\\/uploads\\\/2022\\\/06\\\/pexels-august-de-richelieu-4427430-scaled.jpg\",\"datePublished\":\"2022-06-20T22:49:15+00:00\",\"dateModified\":\"2022-09-05T20:06:10+00:00\",\"description\":\"Le 20 juin on c\u00e9l\u00e8bre la Journ\u00e9e Nationale de Reconnaissance des Droits Politiques des Femmes Costariciennes\",\"inLanguage\":\"fr-FR\",\"potentialAction\":[{\"@type\":\"ReadAction\",\"target\":[\"https:\\\/\\\/www.sensorialsunsets.com\\\/fr\\\/journee-nationale-de-reconnaissance-des-droits-politiques-des-femmes-costariciennes\\\/\"]}]},{\"@type\":\"ImageObject\",\"inLanguage\":\"fr-FR\",\"@id\":\"https:\\\/\\\/www.sensorialsunsets.com\\\/fr\\\/journee-nationale-de-reconnaissance-des-droits-politiques-des-femmes-costariciennes\\\/#primaryimage\",\"url\":\"https:\\\/\\\/www.sensorialsunsets.com\\\/wp-content\\\/uploads\\\/2022\\\/06\\\/pexels-august-de-richelieu-4427430-scaled.jpg\",\"contentUrl\":\"https:\\\/\\\/www.sensorialsunsets.com\\\/wp-content\\\/uploads\\\/2022\\\/06\\\/pexels-august-de-richelieu-4427430-scaled.jpg\",\"width\":2560,\"height\":1709},{\"@type\":\"WebSite\",\"@id\":\"https:\\\/\\\/www.sensorialsunsets.com\\\/fr\\\/#website\",\"url\":\"https:\\\/\\\/www.sensorialsunsets.com\\\/fr\\\/\",\"name\":\"SensorialSunsets.com\",\"description\":\"D\u00e9couvrez la culture et la soci\u00e9t\u00e9 du Costa Rica sur notre blog. Explorez des articles captivants et partagez le contenu.\",\"publisher\":{\"@id\":\"https:\\\/\\\/www.sensorialsunsets.com\\\/fr\\\/#organization\"},\"alternateName\":\"Costa Rica Live Blog\",\"potentialAction\":[{\"@type\":\"SearchAction\",\"target\":{\"@type\":\"EntryPoint\",\"urlTemplate\":\"https:\\\/\\\/www.sensorialsunsets.com\\\/fr\\\/?s={search_term_string}\"},\"query-input\":{\"@type\":\"PropertyValueSpecification\",\"valueRequired\":true,\"valueName\":\"search_term_string\"}}],\"inLanguage\":\"fr-FR\"},{\"@type\":\"Organization\",\"@id\":\"https:\\\/\\\/www.sensorialsunsets.com\\\/fr\\\/#organization\",\"name\":\"SensorialSunsets\",\"url\":\"https:\\\/\\\/www.sensorialsunsets.com\\\/fr\\\/\",\"logo\":{\"@type\":\"ImageObject\",\"inLanguage\":\"fr-FR\",\"@id\":\"https:\\\/\\\/www.sensorialsunsets.com\\\/fr\\\/#\\\/schema\\\/logo\\\/image\\\/\",\"url\":\"https:\\\/\\\/www.sensorialsunsets.com\\\/wp-content\\\/uploads\\\/2023\\\/04\\\/Logo_base_line_fond_clair.svg\",\"contentUrl\":\"https:\\\/\\\/www.sensorialsunsets.com\\\/wp-content\\\/uploads\\\/2023\\\/04\\\/Logo_base_line_fond_clair.svg\",\"width\":\"1024\",\"height\":\"1024\",\"caption\":\"SensorialSunsets\"},\"image\":{\"@id\":\"https:\\\/\\\/www.sensorialsunsets.com\\\/fr\\\/#\\\/schema\\\/logo\\\/image\\\/\"},\"sameAs\":[\"https:\\\/\\\/www.facebook.com\\\/Sensorial-Sunsets-109180614715562\",\"https:\\\/\\\/www.instagram.com\\\/sensorialsunsets\\\/\"]},{\"@type\":\"Person\",\"@id\":\"https:\\\/\\\/www.sensorialsunsets.com\\\/fr\\\/#\\\/schema\\\/person\\\/a8336a4dbeee633f087a194db2ca482f\",\"name\":\"Marian Barrantes\",\"image\":{\"@type\":\"ImageObject\",\"inLanguage\":\"fr-FR\",\"@id\":\"https:\\\/\\\/secure.gravatar.com\\\/avatar\\\/fafbfab67eb28029818d03f44e3037bd798e04434d8d5c0cfc2eea8ec2882a22?s=96&d=mm&r=g\",\"url\":\"https:\\\/\\\/secure.gravatar.com\\\/avatar\\\/fafbfab67eb28029818d03f44e3037bd798e04434d8d5c0cfc2eea8ec2882a22?s=96&d=mm&r=g\",\"contentUrl\":\"https:\\\/\\\/secure.gravatar.com\\\/avatar\\\/fafbfab67eb28029818d03f44e3037bd798e04434d8d5c0cfc2eea8ec2882a22?s=96&d=mm&r=g\",\"caption\":\"Marian Barrantes\"},\"sameAs\":[\"https:\\\/\\\/www.sensorialsunsets.com\"],\"url\":\"https:\\\/\\\/www.sensorialsunsets.com\\\/fr\\\/author\\\/mbarrantes\\\/\"}]}<\/script>\n<!-- \/ Yoast SEO plugin. -->","yoast_head_json":{"title":"Journ\u00e9e Nationale de Reconnaissance des Droits Politiques des Femmes Costariciennes","description":"Le 20 juin on c\u00e9l\u00e8bre la Journ\u00e9e Nationale de Reconnaissance des Droits Politiques des Femmes Costariciennes","robots":{"index":"index","follow":"follow","max-snippet":"max-snippet:-1","max-image-preview":"max-image-preview:large","max-video-preview":"max-video-preview:-1"},"canonical":"https:\/\/www.sensorialsunsets.com\/fr\/journee-nationale-de-reconnaissance-des-droits-politiques-des-femmes-costariciennes\/","og_locale":"fr_FR","og_type":"article","og_title":"Journ\u00e9e Nationale de Reconnaissance des Droits Politiques des Femmes Costariciennes","og_description":"Le 20 juin on c\u00e9l\u00e8bre la Journ\u00e9e Nationale de Reconnaissance des Droits Politiques des Femmes Costariciennes","og_url":"https:\/\/www.sensorialsunsets.com\/fr\/journee-nationale-de-reconnaissance-des-droits-politiques-des-femmes-costariciennes\/","og_site_name":"SensorialSunsets","article_publisher":"https:\/\/www.facebook.com\/Sensorial-Sunsets-109180614715562","article_published_time":"2022-06-20T22:49:15+00:00","article_modified_time":"2022-09-05T20:06:10+00:00","og_image":[{"width":2560,"height":1709,"url":"https:\/\/www.sensorialsunsets.com\/wp-content\/uploads\/2022\/06\/pexels-august-de-richelieu-4427430-scaled.jpg","type":"image\/jpeg"}],"author":"Marian Barrantes","twitter_card":"summary_large_image","twitter_misc":{"\u00c9crit par":"Marian Barrantes","Dur\u00e9e de lecture estim\u00e9e":"2 minutes"},"schema":{"@context":"https:\/\/schema.org","@graph":[{"@type":"Article","@id":"https:\/\/www.sensorialsunsets.com\/fr\/journee-nationale-de-reconnaissance-des-droits-politiques-des-femmes-costariciennes\/#article","isPartOf":{"@id":"https:\/\/www.sensorialsunsets.com\/fr\/journee-nationale-de-reconnaissance-des-droits-politiques-des-femmes-costariciennes\/"},"author":{"name":"Marian Barrantes","@id":"https:\/\/www.sensorialsunsets.com\/fr\/#\/schema\/person\/a8336a4dbeee633f087a194db2ca482f"},"headline":"Journ\u00e9e Nationale de Reconnaissance des Droits Politiques des Femmes Costariciennes","datePublished":"2022-06-20T22:49:15+00:00","dateModified":"2022-09-05T20:06:10+00:00","mainEntityOfPage":{"@id":"https:\/\/www.sensorialsunsets.com\/fr\/journee-nationale-de-reconnaissance-des-droits-politiques-des-femmes-costariciennes\/"},"wordCount":340,"publisher":{"@id":"https:\/\/www.sensorialsunsets.com\/fr\/#organization"},"image":{"@id":"https:\/\/www.sensorialsunsets.com\/fr\/journee-nationale-de-reconnaissance-des-droits-politiques-des-femmes-costariciennes\/#primaryimage"},"thumbnailUrl":"https:\/\/www.sensorialsunsets.com\/wp-content\/uploads\/2022\/06\/pexels-august-de-richelieu-4427430-scaled.jpg","articleSection":["Costa Rica","Politique","Soci\u00e9t\u00e9"],"inLanguage":"fr-FR"},{"@type":"WebPage","@id":"https:\/\/www.sensorialsunsets.com\/fr\/journee-nationale-de-reconnaissance-des-droits-politiques-des-femmes-costariciennes\/","url":"https:\/\/www.sensorialsunsets.com\/fr\/journee-nationale-de-reconnaissance-des-droits-politiques-des-femmes-costariciennes\/","name":"Journ\u00e9e Nationale de Reconnaissance des Droits Politiques des Femmes Costariciennes","isPartOf":{"@id":"https:\/\/www.sensorialsunsets.com\/fr\/#website"},"primaryImageOfPage":{"@id":"https:\/\/www.sensorialsunsets.com\/fr\/journee-nationale-de-reconnaissance-des-droits-politiques-des-femmes-costariciennes\/#primaryimage"},"image":{"@id":"https:\/\/www.sensorialsunsets.com\/fr\/journee-nationale-de-reconnaissance-des-droits-politiques-des-femmes-costariciennes\/#primaryimage"},"thumbnailUrl":"https:\/\/www.sensorialsunsets.com\/wp-content\/uploads\/2022\/06\/pexels-august-de-richelieu-4427430-scaled.jpg","datePublished":"2022-06-20T22:49:15+00:00","dateModified":"2022-09-05T20:06:10+00:00","description":"Le 20 juin on c\u00e9l\u00e8bre la Journ\u00e9e Nationale de Reconnaissance des Droits Politiques des Femmes Costariciennes","inLanguage":"fr-FR","potentialAction":[{"@type":"ReadAction","target":["https:\/\/www.sensorialsunsets.com\/fr\/journee-nationale-de-reconnaissance-des-droits-politiques-des-femmes-costariciennes\/"]}]},{"@type":"ImageObject","inLanguage":"fr-FR","@id":"https:\/\/www.sensorialsunsets.com\/fr\/journee-nationale-de-reconnaissance-des-droits-politiques-des-femmes-costariciennes\/#primaryimage","url":"https:\/\/www.sensorialsunsets.com\/wp-content\/uploads\/2022\/06\/pexels-august-de-richelieu-4427430-scaled.jpg","contentUrl":"https:\/\/www.sensorialsunsets.com\/wp-content\/uploads\/2022\/06\/pexels-august-de-richelieu-4427430-scaled.jpg","width":2560,"height":1709},{"@type":"WebSite","@id":"https:\/\/www.sensorialsunsets.com\/fr\/#website","url":"https:\/\/www.sensorialsunsets.com\/fr\/","name":"SensorialSunsets.com","description":"D\u00e9couvrez la culture et la soci\u00e9t\u00e9 du Costa Rica sur notre blog. Explorez des articles captivants et partagez le contenu.","publisher":{"@id":"https:\/\/www.sensorialsunsets.com\/fr\/#organization"},"alternateName":"Costa Rica Live Blog","potentialAction":[{"@type":"SearchAction","target":{"@type":"EntryPoint","urlTemplate":"https:\/\/www.sensorialsunsets.com\/fr\/?s={search_term_string}"},"query-input":{"@type":"PropertyValueSpecification","valueRequired":true,"valueName":"search_term_string"}}],"inLanguage":"fr-FR"},{"@type":"Organization","@id":"https:\/\/www.sensorialsunsets.com\/fr\/#organization","name":"SensorialSunsets","url":"https:\/\/www.sensorialsunsets.com\/fr\/","logo":{"@type":"ImageObject","inLanguage":"fr-FR","@id":"https:\/\/www.sensorialsunsets.com\/fr\/#\/schema\/logo\/image\/","url":"https:\/\/www.sensorialsunsets.com\/wp-content\/uploads\/2023\/04\/Logo_base_line_fond_clair.svg","contentUrl":"https:\/\/www.sensorialsunsets.com\/wp-content\/uploads\/2023\/04\/Logo_base_line_fond_clair.svg","width":"1024","height":"1024","caption":"SensorialSunsets"},"image":{"@id":"https:\/\/www.sensorialsunsets.com\/fr\/#\/schema\/logo\/image\/"},"sameAs":["https:\/\/www.facebook.com\/Sensorial-Sunsets-109180614715562","https:\/\/www.instagram.com\/sensorialsunsets\/"]},{"@type":"Person","@id":"https:\/\/www.sensorialsunsets.com\/fr\/#\/schema\/person\/a8336a4dbeee633f087a194db2ca482f","name":"Marian Barrantes","image":{"@type":"ImageObject","inLanguage":"fr-FR","@id":"https:\/\/secure.gravatar.com\/avatar\/fafbfab67eb28029818d03f44e3037bd798e04434d8d5c0cfc2eea8ec2882a22?s=96&d=mm&r=g","url":"https:\/\/secure.gravatar.com\/avatar\/fafbfab67eb28029818d03f44e3037bd798e04434d8d5c0cfc2eea8ec2882a22?s=96&d=mm&r=g","contentUrl":"https:\/\/secure.gravatar.com\/avatar\/fafbfab67eb28029818d03f44e3037bd798e04434d8d5c0cfc2eea8ec2882a22?s=96&d=mm&r=g","caption":"Marian Barrantes"},"sameAs":["https:\/\/www.sensorialsunsets.com"],"url":"https:\/\/www.sensorialsunsets.com\/fr\/author\/mbarrantes\/"}]}},"_links":{"self":[{"href":"https:\/\/www.sensorialsunsets.com\/fr\/wp-json\/wp\/v2\/posts\/2302","targetHints":{"allow":["GET"]}}],"collection":[{"href":"https:\/\/www.sensorialsunsets.com\/fr\/wp-json\/wp\/v2\/posts"}],"about":[{"href":"https:\/\/www.sensorialsunsets.com\/fr\/wp-json\/wp\/v2\/types\/post"}],"author":[{"embeddable":true,"href":"https:\/\/www.sensorialsunsets.com\/fr\/wp-json\/wp\/v2\/users\/5"}],"replies":[{"embeddable":true,"href":"https:\/\/www.sensorialsunsets.com\/fr\/wp-json\/wp\/v2\/comments?post=2302"}],"version-history":[{"count":0,"href":"https:\/\/www.sensorialsunsets.com\/fr\/wp-json\/wp\/v2\/posts\/2302\/revisions"}],"wp:featuredmedia":[{"embeddable":true,"href":"https:\/\/www.sensorialsunsets.com\/fr\/wp-json\/wp\/v2\/media\/2297"}],"wp:attachment":[{"href":"https:\/\/www.sensorialsunsets.com\/fr\/wp-json\/wp\/v2\/media?parent=2302"}],"wp:term":[{"taxonomy":"category","embeddable":true,"href":"https:\/\/www.sensorialsunsets.com\/fr\/wp-json\/wp\/v2\/categories?post=2302"},{"taxonomy":"post_tag","embeddable":true,"href":"https:\/\/www.sensorialsunsets.com\/fr\/wp-json\/wp\/v2\/tags?post=2302"}],"curies":[{"name":"wp","href":"https:\/\/api.w.org\/{rel}","templated":true}]}}