{"id":2315,"date":"2022-06-21T21:21:18","date_gmt":"2022-06-21T21:21:18","guid":{"rendered":"https:\/\/www.sensorialsunsets.com\/la-musique-calypso-au-costa-rica\/"},"modified":"2022-06-21T21:21:19","modified_gmt":"2022-06-21T21:21:19","slug":"la-musique-calypso-au-costa-rica","status":"publish","type":"post","link":"https:\/\/www.sensorialsunsets.com\/fr\/la-musique-calypso-au-costa-rica\/","title":{"rendered":"La musique Calypso au Costa Rica"},"content":{"rendered":"\n<p><em><strong>C\u00e9l\u00e9bration de la Fiesta de la M\u00fasica le 21 juin : l&rsquo;histoire du Calypso au Costa Rica<\/strong><\/em><\/p>\n\n<p><\/p>\n\n<h2 class=\"wp-block-heading\">Origines<\/h2>\n\n<p>En ce jour de la F\u00eate de la Musique, nous nous souvenons de la r\u00e9gion cara\u00efbe du Costa Rica. L&rsquo;un des genres musicaux les plus populaires dans cette r\u00e9gion est le calypso.&#13;\n&#13;\nOriginaire des Antilles (Trinidad, Jama\u00efque, Barbade, Saint-Kitts), le calypso est arriv\u00e9 sur la c\u00f4te cara\u00efbe du Costa Rica en 1870, lors de l&rsquo;arriv\u00e9e d&rsquo;immigrants antillais au Costa Rica. Depuis lors, ce genre a \u00e9t\u00e9 m\u00e9lang\u00e9 avec du son cubain, du reggae, du ska, de la salsa et m\u00eame de la cumbia pour former ce que l&rsquo;on appelle le Calypso Limonense.&#13;\n&#13;\nIl a \u00e9t\u00e9 d\u00e9clar\u00e9 Expression Exceptionnelle du Patrimoine Immat\u00e9riel Afro-descendant du Costa Rica en d\u00e9cembre 2012 par le d\u00e9cret ex\u00e9cutif n. 37418-C.<\/p>\n\n<figure class=\"wp-block-image size-full is-resized\"><img loading=\"lazy\" decoding=\"async\" src=\"https:\/\/www.sensorialsunsets.com\/wp-content\/uploads\/2022\/06\/thumb_dibujo2_0.jpg\" alt=\"robert-kirlew-calypso-costa-rica-sensorial-sunsets\" class=\"wp-image-2313\" width=\"496\" height=\"381\"\/><figcaption>Robert Kirlew &#8211; photo prise de Si Cultura<\/figcaption><\/figure>\n<h2 class=\"wp-block-heading\">Grandes figures du Calypso du Costa Rica<\/h2>\n\n<p>Il traite des questions sociales locales de mani\u00e8re humoristique. Les grands repr\u00e9sentants de ce genre, l\u00e9gendes de la musique, sont Walter Ferguson et Roberto Kirlew.<\/p>\n\n<p>Kirlew est n\u00e9 en 1952 \u00e0 Lim\u00f3n et est le fondateur du groupe \u00ab\u00a0Buda y su Charanga\u00a0\u00bb. Avec son groupe, il a remport\u00e9 des concours du minist\u00e8re de la Culture du Costa Rica.<\/p>\n\n<p>Ferguson est consid\u00e9r\u00e9 comme le plus grand repr\u00e9sentant de cette musique et est appel\u00e9 le \u00ab\u00a0King calypsonian\u00a0\u00bb. Il est n\u00e9 en 1919 \u00e0 Cahuita et a compos\u00e9 de grands succ\u00e8s comme \u00ab\u00a0Cabin in the w\u00e1ter\u00a0\u00bb. L&rsquo;Assembl\u00e9e l\u00e9gislative du Costa Rica a d\u00e9sign\u00e9 la Journ\u00e9e nationale du calypso en l&rsquo;honneur de sa date de naissance.<\/p>\n\n<p>Auteure: M. Barrantes pour Sensorial Sunsets<\/p>\n\n<p><\/p>\n\n<h2 class=\"wp-block-heading\">Bibliographie<\/h2>\n\n<p><a href=\"https:\/\/si.cultura.cr\/es\/manifestaciones-culturales\/historia-del-calypso-limonense\">https:\/\/si.cultura.cr\/es\/manifestaciones-culturales\/historia-del-calypso-limonense<\/a><\/p>\n\n<p><a href=\"https:\/\/es.wikipedia.org\/wiki\/Walter_Ferguson\">https:\/\/es.wikipedia.org\/wiki\/Walter_Ferguson<\/a><\/p>\n\n<p><\/p>\n","protected":false},"excerpt":{"rendered":"<p>C\u00e9l\u00e9bration de la Fiesta de la M\u00fasica le 21 juin : l&rsquo;histoire du Calypso au Costa Rica Origines En ce jour de la F\u00eate de la Musique, nous nous souvenons de la r\u00e9gion cara\u00efbe du Costa Rica. L&rsquo;un des genres musicaux les plus populaires dans cette r\u00e9gion est le calypso.&#13; &#13; Originaire des Antilles (Trinidad, [&hellip;]<\/p>\n","protected":false},"author":5,"featured_media":2310,"comment_status":"closed","ping_status":"closed","sticky":false,"template":"","format":"standard","meta":{"_acf_changed":false,"inline_featured_image":false,"_monsterinsights_skip_tracking":false,"_monsterinsights_sitenote_active":false,"_monsterinsights_sitenote_note":"","_monsterinsights_sitenote_category":0,"footnotes":""},"categories":[100,104],"tags":[],"class_list":["post-2315","post","type-post","status-publish","format-standard","has-post-thumbnail","hentry","category-costa-rica-fr","category-culture-fr"],"acf":[],"yoast_head":"<!-- This site is optimized with the Yoast SEO plugin v27.4 - https:\/\/yoast.com\/product\/yoast-seo-wordpress\/ -->\n<title>La musique Calypso au Costa Rica - SensorialSunsets<\/title>\n<meta name=\"description\" content=\"Le calypso costaricien vient des Antilles et s&#039;est m\u00e9lang\u00e9 \u00e0 d&#039;autres genres pour cr\u00e9er le calypso limonense.\" \/>\n<meta name=\"robots\" content=\"index, follow, max-snippet:-1, max-image-preview:large, max-video-preview:-1\" \/>\n<link rel=\"canonical\" href=\"https:\/\/www.sensorialsunsets.com\/fr\/la-musique-calypso-au-costa-rica\/\" \/>\n<meta property=\"og:locale\" content=\"fr_FR\" \/>\n<meta property=\"og:type\" content=\"article\" \/>\n<meta property=\"og:title\" content=\"La musique Calypso au Costa Rica - SensorialSunsets\" \/>\n<meta property=\"og:description\" content=\"Le calypso costaricien vient des Antilles et s&#039;est m\u00e9lang\u00e9 \u00e0 d&#039;autres genres pour cr\u00e9er le calypso limonense.\" \/>\n<meta property=\"og:url\" content=\"https:\/\/www.sensorialsunsets.com\/fr\/la-musique-calypso-au-costa-rica\/\" \/>\n<meta property=\"og:site_name\" content=\"SensorialSunsets\" \/>\n<meta property=\"article:publisher\" content=\"https:\/\/www.facebook.com\/Sensorial-Sunsets-109180614715562\" \/>\n<meta property=\"article:published_time\" content=\"2022-06-21T21:21:18+00:00\" \/>\n<meta property=\"article:modified_time\" content=\"2022-06-21T21:21:19+00:00\" \/>\n<meta property=\"og:image\" content=\"https:\/\/www.sensorialsunsets.com\/wp-content\/uploads\/2022\/06\/567M36T72FGRRJCVCLV4MU3K5Y.jpg\" \/>\n\t<meta property=\"og:image:width\" content=\"767\" \/>\n\t<meta property=\"og:image:height\" content=\"800\" \/>\n\t<meta property=\"og:image:type\" content=\"image\/jpeg\" \/>\n<meta name=\"author\" content=\"Marian Barrantes\" \/>\n<meta name=\"twitter:card\" content=\"summary_large_image\" \/>\n<meta name=\"twitter:label1\" content=\"\u00c9crit par\" \/>\n\t<meta name=\"twitter:data1\" content=\"Marian Barrantes\" \/>\n\t<meta name=\"twitter:label2\" content=\"Dur\u00e9e de lecture estim\u00e9e\" \/>\n\t<meta name=\"twitter:data2\" content=\"2 minutes\" \/>\n<script type=\"application\/ld+json\" class=\"yoast-schema-graph\">{\"@context\":\"https:\\\/\\\/schema.org\",\"@graph\":[{\"@type\":\"Article\",\"@id\":\"https:\\\/\\\/www.sensorialsunsets.com\\\/fr\\\/la-musique-calypso-au-costa-rica\\\/#article\",\"isPartOf\":{\"@id\":\"https:\\\/\\\/www.sensorialsunsets.com\\\/fr\\\/la-musique-calypso-au-costa-rica\\\/\"},\"author\":{\"name\":\"Marian Barrantes\",\"@id\":\"https:\\\/\\\/www.sensorialsunsets.com\\\/fr\\\/#\\\/schema\\\/person\\\/a8336a4dbeee633f087a194db2ca482f\"},\"headline\":\"La musique Calypso au Costa Rica\",\"datePublished\":\"2022-06-21T21:21:18+00:00\",\"dateModified\":\"2022-06-21T21:21:19+00:00\",\"mainEntityOfPage\":{\"@id\":\"https:\\\/\\\/www.sensorialsunsets.com\\\/fr\\\/la-musique-calypso-au-costa-rica\\\/\"},\"wordCount\":316,\"publisher\":{\"@id\":\"https:\\\/\\\/www.sensorialsunsets.com\\\/fr\\\/#organization\"},\"image\":{\"@id\":\"https:\\\/\\\/www.sensorialsunsets.com\\\/fr\\\/la-musique-calypso-au-costa-rica\\\/#primaryimage\"},\"thumbnailUrl\":\"https:\\\/\\\/www.sensorialsunsets.com\\\/wp-content\\\/uploads\\\/2022\\\/06\\\/567M36T72FGRRJCVCLV4MU3K5Y.jpg\",\"articleSection\":[\"Costa Rica\",\"Culture\"],\"inLanguage\":\"fr-FR\"},{\"@type\":\"WebPage\",\"@id\":\"https:\\\/\\\/www.sensorialsunsets.com\\\/fr\\\/la-musique-calypso-au-costa-rica\\\/\",\"url\":\"https:\\\/\\\/www.sensorialsunsets.com\\\/fr\\\/la-musique-calypso-au-costa-rica\\\/\",\"name\":\"La musique Calypso au Costa Rica - SensorialSunsets\",\"isPartOf\":{\"@id\":\"https:\\\/\\\/www.sensorialsunsets.com\\\/fr\\\/#website\"},\"primaryImageOfPage\":{\"@id\":\"https:\\\/\\\/www.sensorialsunsets.com\\\/fr\\\/la-musique-calypso-au-costa-rica\\\/#primaryimage\"},\"image\":{\"@id\":\"https:\\\/\\\/www.sensorialsunsets.com\\\/fr\\\/la-musique-calypso-au-costa-rica\\\/#primaryimage\"},\"thumbnailUrl\":\"https:\\\/\\\/www.sensorialsunsets.com\\\/wp-content\\\/uploads\\\/2022\\\/06\\\/567M36T72FGRRJCVCLV4MU3K5Y.jpg\",\"datePublished\":\"2022-06-21T21:21:18+00:00\",\"dateModified\":\"2022-06-21T21:21:19+00:00\",\"description\":\"Le calypso costaricien vient des Antilles et s'est m\u00e9lang\u00e9 \u00e0 d'autres genres pour cr\u00e9er le calypso limonense.\",\"inLanguage\":\"fr-FR\",\"potentialAction\":[{\"@type\":\"ReadAction\",\"target\":[\"https:\\\/\\\/www.sensorialsunsets.com\\\/fr\\\/la-musique-calypso-au-costa-rica\\\/\"]}]},{\"@type\":\"ImageObject\",\"inLanguage\":\"fr-FR\",\"@id\":\"https:\\\/\\\/www.sensorialsunsets.com\\\/fr\\\/la-musique-calypso-au-costa-rica\\\/#primaryimage\",\"url\":\"https:\\\/\\\/www.sensorialsunsets.com\\\/wp-content\\\/uploads\\\/2022\\\/06\\\/567M36T72FGRRJCVCLV4MU3K5Y.jpg\",\"contentUrl\":\"https:\\\/\\\/www.sensorialsunsets.com\\\/wp-content\\\/uploads\\\/2022\\\/06\\\/567M36T72FGRRJCVCLV4MU3K5Y.jpg\",\"width\":767,\"height\":800},{\"@type\":\"WebSite\",\"@id\":\"https:\\\/\\\/www.sensorialsunsets.com\\\/fr\\\/#website\",\"url\":\"https:\\\/\\\/www.sensorialsunsets.com\\\/fr\\\/\",\"name\":\"SensorialSunsets.com\",\"description\":\"D\u00e9couvrez la culture et la soci\u00e9t\u00e9 du Costa Rica sur notre blog. Explorez des articles captivants et partagez le contenu.\",\"publisher\":{\"@id\":\"https:\\\/\\\/www.sensorialsunsets.com\\\/fr\\\/#organization\"},\"alternateName\":\"Costa Rica Live Blog\",\"potentialAction\":[{\"@type\":\"SearchAction\",\"target\":{\"@type\":\"EntryPoint\",\"urlTemplate\":\"https:\\\/\\\/www.sensorialsunsets.com\\\/fr\\\/?s={search_term_string}\"},\"query-input\":{\"@type\":\"PropertyValueSpecification\",\"valueRequired\":true,\"valueName\":\"search_term_string\"}}],\"inLanguage\":\"fr-FR\"},{\"@type\":\"Organization\",\"@id\":\"https:\\\/\\\/www.sensorialsunsets.com\\\/fr\\\/#organization\",\"name\":\"SensorialSunsets\",\"url\":\"https:\\\/\\\/www.sensorialsunsets.com\\\/fr\\\/\",\"logo\":{\"@type\":\"ImageObject\",\"inLanguage\":\"fr-FR\",\"@id\":\"https:\\\/\\\/www.sensorialsunsets.com\\\/fr\\\/#\\\/schema\\\/logo\\\/image\\\/\",\"url\":\"https:\\\/\\\/www.sensorialsunsets.com\\\/wp-content\\\/uploads\\\/2023\\\/04\\\/Logo_base_line_fond_clair.svg\",\"contentUrl\":\"https:\\\/\\\/www.sensorialsunsets.com\\\/wp-content\\\/uploads\\\/2023\\\/04\\\/Logo_base_line_fond_clair.svg\",\"width\":\"1024\",\"height\":\"1024\",\"caption\":\"SensorialSunsets\"},\"image\":{\"@id\":\"https:\\\/\\\/www.sensorialsunsets.com\\\/fr\\\/#\\\/schema\\\/logo\\\/image\\\/\"},\"sameAs\":[\"https:\\\/\\\/www.facebook.com\\\/Sensorial-Sunsets-109180614715562\",\"https:\\\/\\\/www.instagram.com\\\/sensorialsunsets\\\/\"]},{\"@type\":\"Person\",\"@id\":\"https:\\\/\\\/www.sensorialsunsets.com\\\/fr\\\/#\\\/schema\\\/person\\\/a8336a4dbeee633f087a194db2ca482f\",\"name\":\"Marian Barrantes\",\"image\":{\"@type\":\"ImageObject\",\"inLanguage\":\"fr-FR\",\"@id\":\"https:\\\/\\\/secure.gravatar.com\\\/avatar\\\/fafbfab67eb28029818d03f44e3037bd798e04434d8d5c0cfc2eea8ec2882a22?s=96&d=mm&r=g\",\"url\":\"https:\\\/\\\/secure.gravatar.com\\\/avatar\\\/fafbfab67eb28029818d03f44e3037bd798e04434d8d5c0cfc2eea8ec2882a22?s=96&d=mm&r=g\",\"contentUrl\":\"https:\\\/\\\/secure.gravatar.com\\\/avatar\\\/fafbfab67eb28029818d03f44e3037bd798e04434d8d5c0cfc2eea8ec2882a22?s=96&d=mm&r=g\",\"caption\":\"Marian Barrantes\"},\"sameAs\":[\"https:\\\/\\\/www.sensorialsunsets.com\"],\"url\":\"https:\\\/\\\/www.sensorialsunsets.com\\\/fr\\\/author\\\/mbarrantes\\\/\"}]}<\/script>\n<!-- \/ Yoast SEO plugin. -->","yoast_head_json":{"title":"La musique Calypso au Costa Rica - SensorialSunsets","description":"Le calypso costaricien vient des Antilles et s'est m\u00e9lang\u00e9 \u00e0 d'autres genres pour cr\u00e9er le calypso limonense.","robots":{"index":"index","follow":"follow","max-snippet":"max-snippet:-1","max-image-preview":"max-image-preview:large","max-video-preview":"max-video-preview:-1"},"canonical":"https:\/\/www.sensorialsunsets.com\/fr\/la-musique-calypso-au-costa-rica\/","og_locale":"fr_FR","og_type":"article","og_title":"La musique Calypso au Costa Rica - SensorialSunsets","og_description":"Le calypso costaricien vient des Antilles et s'est m\u00e9lang\u00e9 \u00e0 d'autres genres pour cr\u00e9er le calypso limonense.","og_url":"https:\/\/www.sensorialsunsets.com\/fr\/la-musique-calypso-au-costa-rica\/","og_site_name":"SensorialSunsets","article_publisher":"https:\/\/www.facebook.com\/Sensorial-Sunsets-109180614715562","article_published_time":"2022-06-21T21:21:18+00:00","article_modified_time":"2022-06-21T21:21:19+00:00","og_image":[{"width":767,"height":800,"url":"https:\/\/www.sensorialsunsets.com\/wp-content\/uploads\/2022\/06\/567M36T72FGRRJCVCLV4MU3K5Y.jpg","type":"image\/jpeg"}],"author":"Marian Barrantes","twitter_card":"summary_large_image","twitter_misc":{"\u00c9crit par":"Marian Barrantes","Dur\u00e9e de lecture estim\u00e9e":"2 minutes"},"schema":{"@context":"https:\/\/schema.org","@graph":[{"@type":"Article","@id":"https:\/\/www.sensorialsunsets.com\/fr\/la-musique-calypso-au-costa-rica\/#article","isPartOf":{"@id":"https:\/\/www.sensorialsunsets.com\/fr\/la-musique-calypso-au-costa-rica\/"},"author":{"name":"Marian Barrantes","@id":"https:\/\/www.sensorialsunsets.com\/fr\/#\/schema\/person\/a8336a4dbeee633f087a194db2ca482f"},"headline":"La musique Calypso au Costa Rica","datePublished":"2022-06-21T21:21:18+00:00","dateModified":"2022-06-21T21:21:19+00:00","mainEntityOfPage":{"@id":"https:\/\/www.sensorialsunsets.com\/fr\/la-musique-calypso-au-costa-rica\/"},"wordCount":316,"publisher":{"@id":"https:\/\/www.sensorialsunsets.com\/fr\/#organization"},"image":{"@id":"https:\/\/www.sensorialsunsets.com\/fr\/la-musique-calypso-au-costa-rica\/#primaryimage"},"thumbnailUrl":"https:\/\/www.sensorialsunsets.com\/wp-content\/uploads\/2022\/06\/567M36T72FGRRJCVCLV4MU3K5Y.jpg","articleSection":["Costa Rica","Culture"],"inLanguage":"fr-FR"},{"@type":"WebPage","@id":"https:\/\/www.sensorialsunsets.com\/fr\/la-musique-calypso-au-costa-rica\/","url":"https:\/\/www.sensorialsunsets.com\/fr\/la-musique-calypso-au-costa-rica\/","name":"La musique Calypso au Costa Rica - SensorialSunsets","isPartOf":{"@id":"https:\/\/www.sensorialsunsets.com\/fr\/#website"},"primaryImageOfPage":{"@id":"https:\/\/www.sensorialsunsets.com\/fr\/la-musique-calypso-au-costa-rica\/#primaryimage"},"image":{"@id":"https:\/\/www.sensorialsunsets.com\/fr\/la-musique-calypso-au-costa-rica\/#primaryimage"},"thumbnailUrl":"https:\/\/www.sensorialsunsets.com\/wp-content\/uploads\/2022\/06\/567M36T72FGRRJCVCLV4MU3K5Y.jpg","datePublished":"2022-06-21T21:21:18+00:00","dateModified":"2022-06-21T21:21:19+00:00","description":"Le calypso costaricien vient des Antilles et s'est m\u00e9lang\u00e9 \u00e0 d'autres genres pour cr\u00e9er le calypso limonense.","inLanguage":"fr-FR","potentialAction":[{"@type":"ReadAction","target":["https:\/\/www.sensorialsunsets.com\/fr\/la-musique-calypso-au-costa-rica\/"]}]},{"@type":"ImageObject","inLanguage":"fr-FR","@id":"https:\/\/www.sensorialsunsets.com\/fr\/la-musique-calypso-au-costa-rica\/#primaryimage","url":"https:\/\/www.sensorialsunsets.com\/wp-content\/uploads\/2022\/06\/567M36T72FGRRJCVCLV4MU3K5Y.jpg","contentUrl":"https:\/\/www.sensorialsunsets.com\/wp-content\/uploads\/2022\/06\/567M36T72FGRRJCVCLV4MU3K5Y.jpg","width":767,"height":800},{"@type":"WebSite","@id":"https:\/\/www.sensorialsunsets.com\/fr\/#website","url":"https:\/\/www.sensorialsunsets.com\/fr\/","name":"SensorialSunsets.com","description":"D\u00e9couvrez la culture et la soci\u00e9t\u00e9 du Costa Rica sur notre blog. Explorez des articles captivants et partagez le contenu.","publisher":{"@id":"https:\/\/www.sensorialsunsets.com\/fr\/#organization"},"alternateName":"Costa Rica Live Blog","potentialAction":[{"@type":"SearchAction","target":{"@type":"EntryPoint","urlTemplate":"https:\/\/www.sensorialsunsets.com\/fr\/?s={search_term_string}"},"query-input":{"@type":"PropertyValueSpecification","valueRequired":true,"valueName":"search_term_string"}}],"inLanguage":"fr-FR"},{"@type":"Organization","@id":"https:\/\/www.sensorialsunsets.com\/fr\/#organization","name":"SensorialSunsets","url":"https:\/\/www.sensorialsunsets.com\/fr\/","logo":{"@type":"ImageObject","inLanguage":"fr-FR","@id":"https:\/\/www.sensorialsunsets.com\/fr\/#\/schema\/logo\/image\/","url":"https:\/\/www.sensorialsunsets.com\/wp-content\/uploads\/2023\/04\/Logo_base_line_fond_clair.svg","contentUrl":"https:\/\/www.sensorialsunsets.com\/wp-content\/uploads\/2023\/04\/Logo_base_line_fond_clair.svg","width":"1024","height":"1024","caption":"SensorialSunsets"},"image":{"@id":"https:\/\/www.sensorialsunsets.com\/fr\/#\/schema\/logo\/image\/"},"sameAs":["https:\/\/www.facebook.com\/Sensorial-Sunsets-109180614715562","https:\/\/www.instagram.com\/sensorialsunsets\/"]},{"@type":"Person","@id":"https:\/\/www.sensorialsunsets.com\/fr\/#\/schema\/person\/a8336a4dbeee633f087a194db2ca482f","name":"Marian Barrantes","image":{"@type":"ImageObject","inLanguage":"fr-FR","@id":"https:\/\/secure.gravatar.com\/avatar\/fafbfab67eb28029818d03f44e3037bd798e04434d8d5c0cfc2eea8ec2882a22?s=96&d=mm&r=g","url":"https:\/\/secure.gravatar.com\/avatar\/fafbfab67eb28029818d03f44e3037bd798e04434d8d5c0cfc2eea8ec2882a22?s=96&d=mm&r=g","contentUrl":"https:\/\/secure.gravatar.com\/avatar\/fafbfab67eb28029818d03f44e3037bd798e04434d8d5c0cfc2eea8ec2882a22?s=96&d=mm&r=g","caption":"Marian Barrantes"},"sameAs":["https:\/\/www.sensorialsunsets.com"],"url":"https:\/\/www.sensorialsunsets.com\/fr\/author\/mbarrantes\/"}]}},"_links":{"self":[{"href":"https:\/\/www.sensorialsunsets.com\/fr\/wp-json\/wp\/v2\/posts\/2315","targetHints":{"allow":["GET"]}}],"collection":[{"href":"https:\/\/www.sensorialsunsets.com\/fr\/wp-json\/wp\/v2\/posts"}],"about":[{"href":"https:\/\/www.sensorialsunsets.com\/fr\/wp-json\/wp\/v2\/types\/post"}],"author":[{"embeddable":true,"href":"https:\/\/www.sensorialsunsets.com\/fr\/wp-json\/wp\/v2\/users\/5"}],"replies":[{"embeddable":true,"href":"https:\/\/www.sensorialsunsets.com\/fr\/wp-json\/wp\/v2\/comments?post=2315"}],"version-history":[{"count":0,"href":"https:\/\/www.sensorialsunsets.com\/fr\/wp-json\/wp\/v2\/posts\/2315\/revisions"}],"wp:featuredmedia":[{"embeddable":true,"href":"https:\/\/www.sensorialsunsets.com\/fr\/wp-json\/wp\/v2\/media\/2310"}],"wp:attachment":[{"href":"https:\/\/www.sensorialsunsets.com\/fr\/wp-json\/wp\/v2\/media?parent=2315"}],"wp:term":[{"taxonomy":"category","embeddable":true,"href":"https:\/\/www.sensorialsunsets.com\/fr\/wp-json\/wp\/v2\/categories?post=2315"},{"taxonomy":"post_tag","embeddable":true,"href":"https:\/\/www.sensorialsunsets.com\/fr\/wp-json\/wp\/v2\/tags?post=2315"}],"curies":[{"name":"wp","href":"https:\/\/api.w.org\/{rel}","templated":true}]}}